{"id":7696,"date":"2021-02-25T08:00:00","date_gmt":"2021-02-25T07:00:00","guid":{"rendered":"https:\/\/www.organisator.ch\/?p=7696"},"modified":"2021-02-25T08:00:00","modified_gmt":"2021-02-25T07:00:00","slug":"das-new-normal-in-familienunternehmen-teil-4-widerstandsfaehigkeit","status":"publish","type":"post","link":"https:\/\/www.organisator.ch\/de\/management\/2021-02-25\/das-new-normal-in-familienunternehmen-teil-4-widerstandsfaehigkeit\/","title":{"rendered":"Das \u00abNew Normal\u00bb in Familienunternehmen, Teil 4: Widerstandsf\u00e4higkeit"},"content":{"rendered":"<figure id=\"attachment_7697\" aria-describedby=\"caption-attachment-7697\" style=\"width: 680px\" class=\"wp-caption alignnone\"><img loading=\"lazy\" decoding=\"async\" class=\"size-medium wp-image-7697\" src=\"https:\/\/www.organisator.ch\/wp-content\/uploads\/2021\/02\/Das-New-Normal-in-Familienunternehmen-Teil-4-Widerstandsfaehigkeit_Organisator.jpg\" alt=\"\" width=\"680\" height=\"453\" srcset=\"https:\/\/www.organisator.ch\/wp-content\/uploads\/2021\/02\/Das-New-Normal-in-Familienunternehmen-Teil-4-Widerstandsfaehigkeit_Organisator.jpg 680w, https:\/\/www.organisator.ch\/wp-content\/uploads\/2021\/02\/Das-New-Normal-in-Familienunternehmen-Teil-4-Widerstandsfaehigkeit_Organisator-16x12.jpg 16w, https:\/\/www.organisator.ch\/wp-content\/uploads\/2021\/02\/Das-New-Normal-in-Familienunternehmen-Teil-4-Widerstandsfaehigkeit_Organisator-263x175.jpg 263w, https:\/\/www.organisator.ch\/wp-content\/uploads\/2021\/02\/Das-New-Normal-in-Familienunternehmen-Teil-4-Widerstandsfaehigkeit_Organisator-525x350.jpg 525w, https:\/\/www.organisator.ch\/wp-content\/uploads\/2021\/02\/Das-New-Normal-in-Familienunternehmen-Teil-4-Widerstandsfaehigkeit_Organisator-300x200.jpg 300w\" sizes=\"auto, (max-width: 680px) 100vw, 680px\" \/><figcaption id=\"caption-attachment-7697\" class=\"wp-caption-text\">Vorbei mit &#8222;Zettelwirtschaft&#8220;: Die agile, digitale Organisation wird zur Selbstverst\u00e4ndlichkeit &#8211; und schafft mehr Widerstandsf\u00e4higkeit. (Bild: Pixabay.com)<\/figcaption><\/figure>\n<p>Ein virtuelles Familienunternehmen wollten wir nie werden. Aber mit dem Shutdown waren wir es schneller und weitgehender, als es sich der Familien-, Gesellschafter- und Gesch\u00e4ftsf\u00fchrungskreis jemals hat vorstellen k\u00f6nnen. An die 98%-ige \u00abHome-Office\u00bb-Quote von Goldman Sachs im April 2020 sind wir jedoch nie herangekommen.<\/p>\n<p>Der gr\u00f6sste Teil unserer \u00abHomeworker\u00bb war positiv \u00fcberrascht. Immer wieder war in 2020 zu h\u00f6ren: \u00abEs funktioniert ja viel besser, als wir erwartet hatten\u00bb. Auch von Seiten der F\u00fchrungskr\u00e4fte. Ihr Vertrauensvorschuss, den sie ihren Mitarbeitenden entgegengebracht hatten, wurde nicht entt\u00e4uscht. Im Gegenteil. Von Zuhause oder einem anderen Ort aus produktiv, flexibel und agil mit den Kollegen oder unseren Partnern und Kunden zusammenzuarbeiten, ist heute \u2013 mehr als ein Jahr sp\u00e4ter \u2013 deshalb auch zu einer absoluten Selbstverst\u00e4ndlichkeit geworden. In den meisten Bereichen. Dies wollen und werden wir nicht wieder zur\u00fcckschrauben oder erneut in Frage stellen. Hier hat uns die Krise auch dabei geholfen, unsere traditionelle F\u00fchrungs- und Arbeitsweise auf den neuesten Stand zu bringen.<\/p>\n<h2><strong>Vorsicht \u00abSystem-Wirrwarr\u00bb<\/strong><\/h2>\n<p>Ganz oben auf unserer Top-3-Liste mit Herausforderungen steht allerdings noch die Bereinigung des \u00abSystem-Wirrwarrs\u00bb in unserer IT-Systemlandschaft, den wir letztes Jahr durch unsere Improvisationen auf den pl\u00f6tzlichen Home-Office Zwang selbst verursacht haben.<\/p>\n<p>Insbesondere ist es jetzt unser Ziel, alles in eine dezentrale, effiziente, sichere, widerstandsf\u00e4hige und zukunftsoffene IT-Infrastruktur zu \u00fcberf\u00fchren. Das sind viele Adjektive, von denen wir allerdings keines missen wollen. Von unseren hier deutlich h\u00f6heren und differenzierteren Anspr\u00fcchen profitieren vor allem die Digitalisierungs-Initiativen. Die hatten es vor der Krise bei uns noch deutlich schwerer, \u00fcberhaupt voranzukommen \u2013 was aus heutiger Sicht wirklich kaum mehr vorstellbar ist.<\/p>\n<p>Auch Familie, Gesellschafter und Aufsichtsgremien haben im Punkt Digitalisierung einen grossen Schritt gemacht. Heute haben wir eine \u00abGovernace-Collaboration-Plattform\u00bb, auf der alle relevanten Personen geregelten und sicheren Zugriff auf alle wichtigen Dokumente haben, abh\u00f6rsichere Telefon-Konferenzen organisieren, Unterschriften leisten und sich in verschl\u00fcsselten \u00abVR-Lounges\u00bb treffen k\u00f6nnen.<\/p>\n<p>Als wir Kontakt zu den ersten L\u00f6sungsanbietern aufnahmen, waren wir angetan vom technischen Leistungsstand, der Prozesskompetenz und Risikoexpertise. Die Implementierung hat unsere Gremienarbeit bez\u00fcglich Effizienz, Transparenz und Krisen-Resilienz auf ein neues Niveau gehoben. Mit unserer letzten Hauptversammlung konnten wir unser Pilotsystem in Betrieb nehmen \u2013 mit durchwegs positiven R\u00fcckmeldungen von Seiten der Anwender. Auch der \u00e4lteren Generationen.<\/p>\n<h2><strong>Investitionen und Finanzierungsquellen f\u00fcr mehr Widerstandsf\u00e4higkeit<\/strong><\/h2>\n<p>Die Investitionen hierf\u00fcr sind uns einfacher gefallen, weil wir zuvor eine stattliche Summe an Messe-, Event- und Reisebudgets freigeschaufelt hatten \u2013 die vor Social-Distancing, weltweiten Reisewarnungen und Versammlungsverboten noch fest im Budget einkalkuliert waren.<\/p>\n<p>Zus\u00e4tzliche Mittel erwarten wir in den kommenden Jahren aus der Transformation grosser Teile unserer Pr\u00e4senzarbeitsfl\u00e4chen in virtuelle Arbeitspl\u00e4tze. Die damit verbundenen Einsparungen bei Mieten und Pachten sind f\u00fcr uns eine wichtige Finanzierungsquelle f\u00fcr weitere Investitionen in die St\u00e4rkung unserer Widerstandsf\u00e4higkeit gegen Krisen. Wir halten es heute alle etwas mehr mit Andrew Grove und seinem Mantra: \u00abNur die Paranoiden \u00fcberleben\u00bb. F\u00fcr uns ist es heute nicht mehr die Frage, ob es nochmal zu einer weltweiten Krise kommt. Sondern nur: Wann so etwas in einer global vernetzten Welt wieder auftreten wird. Und dann werden wir vorbereitet sein!<\/p>\n<h2><strong>Kundenbed\u00fcrfnisse im Fokus<\/strong><\/h2>\n<p>Bei der Virtualisierung unserer globalen Standorte und den damit verbundenen Anpassungen der Strukturen und Prozesse lassen wir uns massgeblich von den deutlich gestiegenen Anforderungen und Bed\u00fcrfnissen unserer Kunden leiten.<\/p>\n<p>Sicherheit, Flexibilit\u00e4t und Partnerschaftlichkeit stehen hier weiterhin im Fokus. Dabei ist es f\u00fcr uns selbstverst\u00e4ndlich, dass viele unserer Kunden nach wie vor noch im Krisenmodus operieren m\u00fcssen und nicht immer so schnell, direkt und klar agieren k\u00f6nnen, wie wir es von ihnen gewohnt sind \u2013 sie aber von unserer Seite stets h\u00f6chste Leistungswerte und Servicelevel geboten bekommen.<\/p>\n<p>Wir haben festgestellt: Wer gemeinsam durch die Krise geht, den bringt so schnell nichts mehr auseinander! Und am Ende des Tages kommt es f\u00fcr uns vor allem auf die Widerstandsf\u00e4higkeit unserer Kundenbeziehungen an.<\/p>\n<p><em>(Fortsetzung folgt)<\/em><\/p>\n<p><a href=\"https:\/\/www.organisator.ch\/virtual-reality-ist-salonfaehig-und-durchdringt-alles-new-normal-in-familienunternehmen-in-2022\/\"><em>Hier geht es zu Teil 1<\/em><\/a><\/p>\n<p><a href=\"https:\/\/www.organisator.ch\/das-new-normal-in-familienunternehmen-teil-2-krise-als-chance\/\"><em>Hier geht es zu Teil 2<\/em><\/a><\/p>\n<p><a href=\"https:\/\/www.organisator.ch\/das-new-normal-in-familienunternehmen-teil-3-paradigmenwechsel\/\"><em>Hier geht es zu Teil 3<\/em><\/a><\/p>\n<p><a href=\"https:\/\/www.organisator.ch\/das-new-normal-in-familienunternehmen-teil-5-drive-und-spirit\/\"><em>Hier geht es zu Teil 5<\/em><\/a><\/p>\n<p>&nbsp;<\/p>\n<p><strong><em>Autoren:<\/em><\/strong><\/p>\n<p><strong><img loading=\"lazy\" decoding=\"async\" class=\"alignnone size-full wp-image-7562\" src=\"https:\/\/www.organisator.ch\/wp-content\/uploads\/2021\/01\/Christian-Schiede_Organisator.jpg\" alt=\"\" width=\"340\" height=\"421\" srcset=\"https:\/\/www.organisator.ch\/wp-content\/uploads\/2021\/01\/Christian-Schiede_Organisator.jpg 340w, https:\/\/www.organisator.ch\/wp-content\/uploads\/2021\/01\/Christian-Schiede_Organisator-10x12.jpg 10w, https:\/\/www.organisator.ch\/wp-content\/uploads\/2021\/01\/Christian-Schiede_Organisator-141x175.jpg 141w, https:\/\/www.organisator.ch\/wp-content\/uploads\/2021\/01\/Christian-Schiede_Organisator-283x350.jpg 283w, https:\/\/www.organisator.ch\/wp-content\/uploads\/2021\/01\/Christian-Schiede_Organisator-300x371.jpg 300w\" sizes=\"auto, (max-width: 340px) 100vw, 340px\" \/><\/strong><\/p>\n<p><strong>Christian Schiede\u00a0<\/strong>ber\u00e4t und begleitet seit dem Jahr 2003 Unternehmerfamilien und Familienunternehmen dabei, Zusammenhalt zu st\u00e4rken, Wettbewerbsf\u00e4higkeit zu steigern und Werte zu sichern. Kontakt:\u00a0<a href=\"http:\/\/www.schiede.com\/\">www.schiede.com<\/a>;\u00a0<a href=\"mailto:schiede@shpadvisors.com\">schiede@shpadvisors.com<\/a><\/p>\n<p><img loading=\"lazy\" decoding=\"async\" class=\"alignnone size-full wp-image-7564\" src=\"https:\/\/www.organisator.ch\/wp-content\/uploads\/2021\/01\/Bastian-Schneider_Organisator.jpg\" sizes=\"auto, (max-width: 340px) 100vw, 340px\" srcset=\"https:\/\/www.organisator.ch\/wp-content\/uploads\/2021\/01\/Bastian-Schneider_Organisator.jpg 340w, https:\/\/www.organisator.ch\/wp-content\/uploads\/2021\/01\/Bastian-Schneider_Organisator.jpg 220w\" alt=\"\" width=\"340\" height=\"340\" \/><\/p>\n<p><strong>Bastian Schneider\u00a0<\/strong>unterst\u00fctzt seit 2000 Unternehmer:innen und Management-Teams dabei, ihre Marken von innen zu st\u00e4rken und aus dieser Perspektive heraus ihre Organisationen und ihr Gesch\u00e4ft in die Zukunft zu f\u00fchren. In mehr als 30 Branchen. In Deutschland, \u00d6sterreich und der Schweiz. Kontakt:\u00a0<a href=\"http:\/\/www.brandleadership.ch\/\">www.brandleadership.ch<\/a>;\u00a0<a href=\"mailto:bastian.schneider@brandleadership.ch\">bastian.schneider@brandleadership.ch<\/a><\/p>\n","protected":false},"excerpt":{"rendered":"<p>Ein virtuelles Familienunternehmen wollten wir nie werden. Aber mit dem Shutdown waren wir es schneller und weitgehender, als es sich der Familien-, Gesellschafter- und Gesch\u00e4ftsf\u00fchrungskreis jemals hat vorstellen k\u00f6nnen. An die 98%-ige \u00abHome-Office\u00bb-Quote von Goldman Sachs im April 2020 sind wir jedoch nie herangekommen. Der gr\u00f6sste Teil unserer \u00abHomeworker\u00bb war positiv \u00fcberrascht. Immer wieder war [&hellip;]<\/p>\n","protected":false},"author":4,"featured_media":7697,"comment_status":"closed","ping_status":"closed","sticky":false,"template":"","format":"standard","meta":{"_acf_changed":false,"_yoast_wpseo_focuskw":"Widerstandsf\u00e4higkeit","_yoast_wpseo_metadesc":"Wie ver\u00e4ndert die Corona-Pandemie unsere Unternehmens- und Arbeitswelt? Es braucht mehr Widerstandsf\u00e4higkeit - erzeugt durch agile, digitale Organisation.","articlekey":"","footnotes":""},"categories":[28],"tags":[33,156,335,363],"class_list":["post-7696","post","type-post","status-publish","format-standard","has-post-thumbnail","hentry","category-management","tag-agilitaet","tag-digitalisierung","tag-management-und-unternehmensfuehrung","tag-new-work"],"acf":[],"yoast_head":"<!-- This site is optimized with the Yoast SEO plugin v27.5 - https:\/\/yoast.com\/product\/yoast-seo-wordpress\/ -->\n<title>Das \u00abNew Normal\u00bb in Familienunternehmen, Teil 4: Widerstandsf\u00e4higkeit - Organisator<\/title>\n<meta name=\"description\" content=\"Wie ver\u00e4ndert die Corona-Pandemie unsere Unternehmens- und Arbeitswelt? Es braucht mehr Widerstandsf\u00e4higkeit - erzeugt durch agile, digitale Organisation.\" \/>\n<meta name=\"robots\" content=\"index, follow, max-snippet:-1, max-image-preview:large, max-video-preview:-1\" \/>\n<link rel=\"canonical\" href=\"https:\/\/www.organisator.ch\/de\/management\/2021-02-25\/das-new-normal-in-familienunternehmen-teil-4-widerstandsfaehigkeit\/\" \/>\n<meta property=\"og:locale\" content=\"de_DE\" \/>\n<meta property=\"og:type\" content=\"article\" \/>\n<meta property=\"og:title\" content=\"Das \u00abNew Normal\u00bb in Familienunternehmen, Teil 4: Widerstandsf\u00e4higkeit\" \/>\n<meta property=\"og:description\" content=\"Wie ver\u00e4ndert die Corona-Pandemie unsere Unternehmens- und Arbeitswelt? Es braucht mehr Widerstandsf\u00e4higkeit - erzeugt durch agile, digitale Organisation.\" \/>\n<meta property=\"og:url\" content=\"https:\/\/www.organisator.ch\/de\/management\/2021-02-25\/das-new-normal-in-familienunternehmen-teil-4-widerstandsfaehigkeit\/\" \/>\n<meta property=\"og:site_name\" content=\"Organisator\" \/>\n<meta property=\"article:publisher\" content=\"https:\/\/www.facebook.com\/OrganisatorFachmagazin\" \/>\n<meta property=\"article:published_time\" content=\"2021-02-25T07:00:00+00:00\" \/>\n<meta property=\"og:image\" content=\"https:\/\/www.organisator.ch\/wp-content\/uploads\/2021\/02\/Das-New-Normal-in-Familienunternehmen-Teil-4-Widerstandsfaehigkeit_Organisator.jpg\" \/>\n\t<meta property=\"og:image:width\" content=\"680\" \/>\n\t<meta property=\"og:image:height\" content=\"453\" \/>\n\t<meta property=\"og:image:type\" content=\"image\/jpeg\" \/>\n<meta name=\"author\" content=\"thomas.berner\" \/>\n<meta name=\"twitter:card\" content=\"summary_large_image\" \/>\n<meta name=\"twitter:title\" content=\"Das \u00abNew Normal\u00bb in #Familienunternehmen, Teil 4: #Widerstandsf\u00e4higkeit\" \/>\n<meta name=\"twitter:description\" content=\"Wie ver\u00e4ndert die #Corona-Pandemie unsere Unternehmens- und Arbeitswelt? Es braucht mehr #Widerstandsf\u00e4higkeit - erzeugt durch agile, digitale Organisation.\" \/>\n<meta name=\"twitter:image\" content=\"https:\/\/www.organisator.ch\/wp-content\/uploads\/2021\/02\/Das-New-Normal-in-Familienunternehmen-Teil-4-Widerstandsfaehigkeit_Organisator.jpg\" \/>\n<script type=\"application\/ld+json\" class=\"yoast-schema-graph\">{\"@context\":\"https:\\\/\\\/schema.org\",\"@graph\":[{\"@type\":\"Article\",\"@id\":\"https:\\\/\\\/www.organisator.ch\\\/management\\\/2021-02-25\\\/das-new-normal-in-familienunternehmen-teil-4-widerstandsfaehigkeit\\\/#article\",\"isPartOf\":{\"@id\":\"https:\\\/\\\/www.organisator.ch\\\/management\\\/2021-02-25\\\/das-new-normal-in-familienunternehmen-teil-4-widerstandsfaehigkeit\\\/\"},\"author\":{\"name\":\"thomas.berner\",\"@id\":\"https:\\\/\\\/www.organisator.ch\\\/#\\\/schema\\\/person\\\/6f650f90b2842cd4c0cc334b4e36f67e\"},\"headline\":\"Das \u00abNew Normal\u00bb in Familienunternehmen, Teil 4: Widerstandsf\u00e4higkeit\",\"datePublished\":\"2021-02-25T07:00:00+00:00\",\"mainEntityOfPage\":{\"@id\":\"https:\\\/\\\/www.organisator.ch\\\/management\\\/2021-02-25\\\/das-new-normal-in-familienunternehmen-teil-4-widerstandsfaehigkeit\\\/\"},\"wordCount\":797,\"publisher\":{\"@id\":\"https:\\\/\\\/www.organisator.ch\\\/#organization\"},\"image\":{\"@id\":\"https:\\\/\\\/www.organisator.ch\\\/management\\\/2021-02-25\\\/das-new-normal-in-familienunternehmen-teil-4-widerstandsfaehigkeit\\\/#primaryimage\"},\"thumbnailUrl\":\"https:\\\/\\\/www.organisator.ch\\\/wp-content\\\/uploads\\\/2021\\\/02\\\/Das-New-Normal-in-Familienunternehmen-Teil-4-Widerstandsfaehigkeit_Organisator.jpg\",\"keywords\":[\"Agilit\u00e4t\",\"Digitalisierung\",\"Management und Unternehmensf\u00fchrung\",\"New Work\"],\"articleSection\":[\"MANAGEMENT\"],\"inLanguage\":\"de\"},{\"@type\":\"WebPage\",\"@id\":\"https:\\\/\\\/www.organisator.ch\\\/management\\\/2021-02-25\\\/das-new-normal-in-familienunternehmen-teil-4-widerstandsfaehigkeit\\\/\",\"url\":\"https:\\\/\\\/www.organisator.ch\\\/management\\\/2021-02-25\\\/das-new-normal-in-familienunternehmen-teil-4-widerstandsfaehigkeit\\\/\",\"name\":\"Das \u00abNew Normal\u00bb in Familienunternehmen, Teil 4: Widerstandsf\u00e4higkeit - Organisator\",\"isPartOf\":{\"@id\":\"https:\\\/\\\/www.organisator.ch\\\/#website\"},\"primaryImageOfPage\":{\"@id\":\"https:\\\/\\\/www.organisator.ch\\\/management\\\/2021-02-25\\\/das-new-normal-in-familienunternehmen-teil-4-widerstandsfaehigkeit\\\/#primaryimage\"},\"image\":{\"@id\":\"https:\\\/\\\/www.organisator.ch\\\/management\\\/2021-02-25\\\/das-new-normal-in-familienunternehmen-teil-4-widerstandsfaehigkeit\\\/#primaryimage\"},\"thumbnailUrl\":\"https:\\\/\\\/www.organisator.ch\\\/wp-content\\\/uploads\\\/2021\\\/02\\\/Das-New-Normal-in-Familienunternehmen-Teil-4-Widerstandsfaehigkeit_Organisator.jpg\",\"datePublished\":\"2021-02-25T07:00:00+00:00\",\"description\":\"Wie ver\u00e4ndert die Corona-Pandemie unsere Unternehmens- und Arbeitswelt? Es braucht mehr Widerstandsf\u00e4higkeit - erzeugt durch agile, digitale Organisation.\",\"breadcrumb\":{\"@id\":\"https:\\\/\\\/www.organisator.ch\\\/management\\\/2021-02-25\\\/das-new-normal-in-familienunternehmen-teil-4-widerstandsfaehigkeit\\\/#breadcrumb\"},\"inLanguage\":\"de\",\"potentialAction\":[{\"@type\":\"ReadAction\",\"target\":[\"https:\\\/\\\/www.organisator.ch\\\/management\\\/2021-02-25\\\/das-new-normal-in-familienunternehmen-teil-4-widerstandsfaehigkeit\\\/\"]}]},{\"@type\":\"ImageObject\",\"inLanguage\":\"de\",\"@id\":\"https:\\\/\\\/www.organisator.ch\\\/management\\\/2021-02-25\\\/das-new-normal-in-familienunternehmen-teil-4-widerstandsfaehigkeit\\\/#primaryimage\",\"url\":\"https:\\\/\\\/www.organisator.ch\\\/wp-content\\\/uploads\\\/2021\\\/02\\\/Das-New-Normal-in-Familienunternehmen-Teil-4-Widerstandsfaehigkeit_Organisator.jpg\",\"contentUrl\":\"https:\\\/\\\/www.organisator.ch\\\/wp-content\\\/uploads\\\/2021\\\/02\\\/Das-New-Normal-in-Familienunternehmen-Teil-4-Widerstandsfaehigkeit_Organisator.jpg\",\"width\":680,\"height\":453,\"caption\":\"Vorbei mit \\\"Zettelwirtschaft\\\": Die agile, digitale Organisation wird zur Selbstverst\u00e4ndlichkeit - und schafft mehr Widerstandsf\u00e4higkeit. (Bild: Pixabay.com)\"},{\"@type\":\"BreadcrumbList\",\"@id\":\"https:\\\/\\\/www.organisator.ch\\\/management\\\/2021-02-25\\\/das-new-normal-in-familienunternehmen-teil-4-widerstandsfaehigkeit\\\/#breadcrumb\",\"itemListElement\":[{\"@type\":\"ListItem\",\"position\":1,\"name\":\"Home\",\"item\":\"https:\\\/\\\/www.organisator.ch\\\/\"},{\"@type\":\"ListItem\",\"position\":2,\"name\":\"Das \u00abNew Normal\u00bb in Familienunternehmen, Teil 4: Widerstandsf\u00e4higkeit\"}]},{\"@type\":\"WebSite\",\"@id\":\"https:\\\/\\\/www.organisator.ch\\\/#website\",\"url\":\"https:\\\/\\\/www.organisator.ch\\\/\",\"name\":\"Organisator\",\"description\":\"Kompetent. Praxisnah. Der ORGANISATOR bereitet in 10 Ausgaben pro Jahr die wesentlichen Themen f\u00fcr F\u00fchrungskr\u00e4fte von KMU auf.\",\"publisher\":{\"@id\":\"https:\\\/\\\/www.organisator.ch\\\/#organization\"},\"potentialAction\":[{\"@type\":\"SearchAction\",\"target\":{\"@type\":\"EntryPoint\",\"urlTemplate\":\"https:\\\/\\\/www.organisator.ch\\\/?s={search_term_string}\"},\"query-input\":{\"@type\":\"PropertyValueSpecification\",\"valueRequired\":true,\"valueName\":\"search_term_string\"}}],\"inLanguage\":\"de\"},{\"@type\":\"Organization\",\"@id\":\"https:\\\/\\\/www.organisator.ch\\\/#organization\",\"name\":\"Organisator\",\"url\":\"https:\\\/\\\/www.organisator.ch\\\/\",\"logo\":{\"@type\":\"ImageObject\",\"inLanguage\":\"de\",\"@id\":\"https:\\\/\\\/www.organisator.ch\\\/#\\\/schema\\\/logo\\\/image\\\/\",\"url\":\"https:\\\/\\\/www.organisator.ch\\\/wp-content\\\/uploads\\\/2022\\\/01\\\/Logo_Organisator_Website.png\",\"contentUrl\":\"https:\\\/\\\/www.organisator.ch\\\/wp-content\\\/uploads\\\/2022\\\/01\\\/Logo_Organisator_Website.png\",\"width\":800,\"height\":77,\"caption\":\"Organisator\"},\"image\":{\"@id\":\"https:\\\/\\\/www.organisator.ch\\\/#\\\/schema\\\/logo\\\/image\\\/\"},\"sameAs\":[\"https:\\\/\\\/www.facebook.com\\\/OrganisatorFachmagazin\",\"https:\\\/\\\/www.linkedin.com\\\/showcase\\\/organisator-das-magazin-fr-kmu\",\"https:\\\/\\\/www.xing.com\\\/news\\\/pages\\\/organisator-ch-695\",\"https:\\\/\\\/www.youtube.com\\\/channel\\\/UCGP2Sq0iWaZwT3BdIAQFYpw\"]},{\"@type\":\"Person\",\"@id\":\"https:\\\/\\\/www.organisator.ch\\\/#\\\/schema\\\/person\\\/6f650f90b2842cd4c0cc334b4e36f67e\",\"name\":\"thomas.berner\",\"image\":{\"@type\":\"ImageObject\",\"inLanguage\":\"de\",\"@id\":\"https:\\\/\\\/secure.gravatar.com\\\/avatar\\\/ac5001d2a36cb6c6cd3e50789007ffca834b477b74a2144564522e944eabff61?s=96&d=mm&r=g\",\"url\":\"https:\\\/\\\/secure.gravatar.com\\\/avatar\\\/ac5001d2a36cb6c6cd3e50789007ffca834b477b74a2144564522e944eabff61?s=96&d=mm&r=g\",\"contentUrl\":\"https:\\\/\\\/secure.gravatar.com\\\/avatar\\\/ac5001d2a36cb6c6cd3e50789007ffca834b477b74a2144564522e944eabff61?s=96&d=mm&r=g\",\"caption\":\"thomas.berner\"},\"url\":\"https:\\\/\\\/www.organisator.ch\\\/de\\\/author\\\/thomas-berner\\\/\"}]}<\/script>\n<!-- \/ Yoast SEO plugin. -->","yoast_head_json":{"title":"Das \u00abNew Normal\u00bb in Familienunternehmen, Teil 4: Widerstandsf\u00e4higkeit - Organisator","description":"Wie ver\u00e4ndert die Corona-Pandemie unsere Unternehmens- und Arbeitswelt? Es braucht mehr Widerstandsf\u00e4higkeit - erzeugt durch agile, digitale Organisation.","robots":{"index":"index","follow":"follow","max-snippet":"max-snippet:-1","max-image-preview":"max-image-preview:large","max-video-preview":"max-video-preview:-1"},"canonical":"https:\/\/www.organisator.ch\/de\/management\/2021-02-25\/das-new-normal-in-familienunternehmen-teil-4-widerstandsfaehigkeit\/","og_locale":"de_DE","og_type":"article","og_title":"Das \u00abNew Normal\u00bb in Familienunternehmen, Teil 4: Widerstandsf\u00e4higkeit","og_description":"Wie ver\u00e4ndert die Corona-Pandemie unsere Unternehmens- und Arbeitswelt? Es braucht mehr Widerstandsf\u00e4higkeit - erzeugt durch agile, digitale Organisation.","og_url":"https:\/\/www.organisator.ch\/de\/management\/2021-02-25\/das-new-normal-in-familienunternehmen-teil-4-widerstandsfaehigkeit\/","og_site_name":"Organisator","article_publisher":"https:\/\/www.facebook.com\/OrganisatorFachmagazin","article_published_time":"2021-02-25T07:00:00+00:00","og_image":[{"width":680,"height":453,"url":"https:\/\/www.organisator.ch\/wp-content\/uploads\/2021\/02\/Das-New-Normal-in-Familienunternehmen-Teil-4-Widerstandsfaehigkeit_Organisator.jpg","type":"image\/jpeg"}],"author":"thomas.berner","twitter_card":"summary_large_image","twitter_title":"Das \u00abNew Normal\u00bb in #Familienunternehmen, Teil 4: #Widerstandsf\u00e4higkeit","twitter_description":"Wie ver\u00e4ndert die #Corona-Pandemie unsere Unternehmens- und Arbeitswelt? Es braucht mehr #Widerstandsf\u00e4higkeit - erzeugt durch agile, digitale Organisation.","twitter_image":"https:\/\/www.organisator.ch\/wp-content\/uploads\/2021\/02\/Das-New-Normal-in-Familienunternehmen-Teil-4-Widerstandsfaehigkeit_Organisator.jpg","schema":{"@context":"https:\/\/schema.org","@graph":[{"@type":"Article","@id":"https:\/\/www.organisator.ch\/management\/2021-02-25\/das-new-normal-in-familienunternehmen-teil-4-widerstandsfaehigkeit\/#article","isPartOf":{"@id":"https:\/\/www.organisator.ch\/management\/2021-02-25\/das-new-normal-in-familienunternehmen-teil-4-widerstandsfaehigkeit\/"},"author":{"name":"thomas.berner","@id":"https:\/\/www.organisator.ch\/#\/schema\/person\/6f650f90b2842cd4c0cc334b4e36f67e"},"headline":"Das \u00abNew Normal\u00bb in Familienunternehmen, Teil 4: Widerstandsf\u00e4higkeit","datePublished":"2021-02-25T07:00:00+00:00","mainEntityOfPage":{"@id":"https:\/\/www.organisator.ch\/management\/2021-02-25\/das-new-normal-in-familienunternehmen-teil-4-widerstandsfaehigkeit\/"},"wordCount":797,"publisher":{"@id":"https:\/\/www.organisator.ch\/#organization"},"image":{"@id":"https:\/\/www.organisator.ch\/management\/2021-02-25\/das-new-normal-in-familienunternehmen-teil-4-widerstandsfaehigkeit\/#primaryimage"},"thumbnailUrl":"https:\/\/www.organisator.ch\/wp-content\/uploads\/2021\/02\/Das-New-Normal-in-Familienunternehmen-Teil-4-Widerstandsfaehigkeit_Organisator.jpg","keywords":["Agilit\u00e4t","Digitalisierung","Management und Unternehmensf\u00fchrung","New Work"],"articleSection":["MANAGEMENT"],"inLanguage":"de"},{"@type":"WebPage","@id":"https:\/\/www.organisator.ch\/management\/2021-02-25\/das-new-normal-in-familienunternehmen-teil-4-widerstandsfaehigkeit\/","url":"https:\/\/www.organisator.ch\/management\/2021-02-25\/das-new-normal-in-familienunternehmen-teil-4-widerstandsfaehigkeit\/","name":"Das \u00abNew Normal\u00bb in Familienunternehmen, Teil 4: Widerstandsf\u00e4higkeit - Organisator","isPartOf":{"@id":"https:\/\/www.organisator.ch\/#website"},"primaryImageOfPage":{"@id":"https:\/\/www.organisator.ch\/management\/2021-02-25\/das-new-normal-in-familienunternehmen-teil-4-widerstandsfaehigkeit\/#primaryimage"},"image":{"@id":"https:\/\/www.organisator.ch\/management\/2021-02-25\/das-new-normal-in-familienunternehmen-teil-4-widerstandsfaehigkeit\/#primaryimage"},"thumbnailUrl":"https:\/\/www.organisator.ch\/wp-content\/uploads\/2021\/02\/Das-New-Normal-in-Familienunternehmen-Teil-4-Widerstandsfaehigkeit_Organisator.jpg","datePublished":"2021-02-25T07:00:00+00:00","description":"Wie ver\u00e4ndert die Corona-Pandemie unsere Unternehmens- und Arbeitswelt? Es braucht mehr Widerstandsf\u00e4higkeit - erzeugt durch agile, digitale Organisation.","breadcrumb":{"@id":"https:\/\/www.organisator.ch\/management\/2021-02-25\/das-new-normal-in-familienunternehmen-teil-4-widerstandsfaehigkeit\/#breadcrumb"},"inLanguage":"de","potentialAction":[{"@type":"ReadAction","target":["https:\/\/www.organisator.ch\/management\/2021-02-25\/das-new-normal-in-familienunternehmen-teil-4-widerstandsfaehigkeit\/"]}]},{"@type":"ImageObject","inLanguage":"de","@id":"https:\/\/www.organisator.ch\/management\/2021-02-25\/das-new-normal-in-familienunternehmen-teil-4-widerstandsfaehigkeit\/#primaryimage","url":"https:\/\/www.organisator.ch\/wp-content\/uploads\/2021\/02\/Das-New-Normal-in-Familienunternehmen-Teil-4-Widerstandsfaehigkeit_Organisator.jpg","contentUrl":"https:\/\/www.organisator.ch\/wp-content\/uploads\/2021\/02\/Das-New-Normal-in-Familienunternehmen-Teil-4-Widerstandsfaehigkeit_Organisator.jpg","width":680,"height":453,"caption":"Vorbei mit \"Zettelwirtschaft\": Die agile, digitale Organisation wird zur Selbstverst\u00e4ndlichkeit - und schafft mehr Widerstandsf\u00e4higkeit. (Bild: Pixabay.com)"},{"@type":"BreadcrumbList","@id":"https:\/\/www.organisator.ch\/management\/2021-02-25\/das-new-normal-in-familienunternehmen-teil-4-widerstandsfaehigkeit\/#breadcrumb","itemListElement":[{"@type":"ListItem","position":1,"name":"Home","item":"https:\/\/www.organisator.ch\/"},{"@type":"ListItem","position":2,"name":"Das \u00abNew Normal\u00bb in Familienunternehmen, Teil 4: Widerstandsf\u00e4higkeit"}]},{"@type":"WebSite","@id":"https:\/\/www.organisator.ch\/#website","url":"https:\/\/www.organisator.ch\/","name":"Organisator","description":"Kompetent. Praxisnah. Der ORGANISATOR bereitet in 10 Ausgaben pro Jahr die wesentlichen Themen f\u00fcr F\u00fchrungskr\u00e4fte von KMU auf.","publisher":{"@id":"https:\/\/www.organisator.ch\/#organization"},"potentialAction":[{"@type":"SearchAction","target":{"@type":"EntryPoint","urlTemplate":"https:\/\/www.organisator.ch\/?s={search_term_string}"},"query-input":{"@type":"PropertyValueSpecification","valueRequired":true,"valueName":"search_term_string"}}],"inLanguage":"de"},{"@type":"Organization","@id":"https:\/\/www.organisator.ch\/#organization","name":"Organisator","url":"https:\/\/www.organisator.ch\/","logo":{"@type":"ImageObject","inLanguage":"de","@id":"https:\/\/www.organisator.ch\/#\/schema\/logo\/image\/","url":"https:\/\/www.organisator.ch\/wp-content\/uploads\/2022\/01\/Logo_Organisator_Website.png","contentUrl":"https:\/\/www.organisator.ch\/wp-content\/uploads\/2022\/01\/Logo_Organisator_Website.png","width":800,"height":77,"caption":"Organisator"},"image":{"@id":"https:\/\/www.organisator.ch\/#\/schema\/logo\/image\/"},"sameAs":["https:\/\/www.facebook.com\/OrganisatorFachmagazin","https:\/\/www.linkedin.com\/showcase\/organisator-das-magazin-fr-kmu","https:\/\/www.xing.com\/news\/pages\/organisator-ch-695","https:\/\/www.youtube.com\/channel\/UCGP2Sq0iWaZwT3BdIAQFYpw"]},{"@type":"Person","@id":"https:\/\/www.organisator.ch\/#\/schema\/person\/6f650f90b2842cd4c0cc334b4e36f67e","name":"thomas.berner","image":{"@type":"ImageObject","inLanguage":"de","@id":"https:\/\/secure.gravatar.com\/avatar\/ac5001d2a36cb6c6cd3e50789007ffca834b477b74a2144564522e944eabff61?s=96&d=mm&r=g","url":"https:\/\/secure.gravatar.com\/avatar\/ac5001d2a36cb6c6cd3e50789007ffca834b477b74a2144564522e944eabff61?s=96&d=mm&r=g","contentUrl":"https:\/\/secure.gravatar.com\/avatar\/ac5001d2a36cb6c6cd3e50789007ffca834b477b74a2144564522e944eabff61?s=96&d=mm&r=g","caption":"thomas.berner"},"url":"https:\/\/www.organisator.ch\/de\/author\/thomas-berner\/"}]}},"_links":{"self":[{"href":"https:\/\/www.organisator.ch\/de\/wp-json\/wp\/v2\/posts\/7696","targetHints":{"allow":["GET"]}}],"collection":[{"href":"https:\/\/www.organisator.ch\/de\/wp-json\/wp\/v2\/posts"}],"about":[{"href":"https:\/\/www.organisator.ch\/de\/wp-json\/wp\/v2\/types\/post"}],"author":[{"embeddable":true,"href":"https:\/\/www.organisator.ch\/de\/wp-json\/wp\/v2\/users\/4"}],"replies":[{"embeddable":true,"href":"https:\/\/www.organisator.ch\/de\/wp-json\/wp\/v2\/comments?post=7696"}],"version-history":[{"count":0,"href":"https:\/\/www.organisator.ch\/de\/wp-json\/wp\/v2\/posts\/7696\/revisions"}],"wp:featuredmedia":[{"embeddable":true,"href":"https:\/\/www.organisator.ch\/de\/wp-json\/wp\/v2\/media\/7697"}],"wp:attachment":[{"href":"https:\/\/www.organisator.ch\/de\/wp-json\/wp\/v2\/media?parent=7696"}],"wp:term":[{"taxonomy":"category","embeddable":true,"href":"https:\/\/www.organisator.ch\/de\/wp-json\/wp\/v2\/categories?post=7696"},{"taxonomy":"post_tag","embeddable":true,"href":"https:\/\/www.organisator.ch\/de\/wp-json\/wp\/v2\/tags?post=7696"}],"curies":[{"name":"wp","href":"https:\/\/api.w.org\/{rel}","templated":true}]}}