{"id":7699,"date":"2021-03-04T08:37:46","date_gmt":"2021-03-04T07:37:46","guid":{"rendered":"https:\/\/www.organisator.ch\/?p=7699"},"modified":"2021-03-04T08:37:46","modified_gmt":"2021-03-04T07:37:46","slug":"das-new-normal-in-familienunternehmen-teil-5-drive-und-spirit","status":"publish","type":"post","link":"https:\/\/www.organisator.ch\/de\/management\/2021-03-04\/das-new-normal-in-familienunternehmen-teil-5-drive-und-spirit\/","title":{"rendered":"Das \u00abNew Normal\u00bb in Familienunternehmen, Teil 5: Drive und Spirit"},"content":{"rendered":"<figure id=\"attachment_7700\" aria-describedby=\"caption-attachment-7700\" style=\"width: 680px\" class=\"wp-caption alignnone\"><img loading=\"lazy\" decoding=\"async\" class=\"size-medium wp-image-7700\" src=\"https:\/\/www.organisator.ch\/wp-content\/uploads\/2021\/02\/Das-New-Normal-in-Familienunternehmen-Teil-5-Drive-und-Spirit_Organisator.jpg\" alt=\"\" width=\"680\" height=\"453\" srcset=\"https:\/\/www.organisator.ch\/wp-content\/uploads\/2021\/02\/Das-New-Normal-in-Familienunternehmen-Teil-5-Drive-und-Spirit_Organisator.jpg 680w, https:\/\/www.organisator.ch\/wp-content\/uploads\/2021\/02\/Das-New-Normal-in-Familienunternehmen-Teil-5-Drive-und-Spirit_Organisator-16x12.jpg 16w, https:\/\/www.organisator.ch\/wp-content\/uploads\/2021\/02\/Das-New-Normal-in-Familienunternehmen-Teil-5-Drive-und-Spirit_Organisator-263x175.jpg 263w, https:\/\/www.organisator.ch\/wp-content\/uploads\/2021\/02\/Das-New-Normal-in-Familienunternehmen-Teil-5-Drive-und-Spirit_Organisator-525x350.jpg 525w, https:\/\/www.organisator.ch\/wp-content\/uploads\/2021\/02\/Das-New-Normal-in-Familienunternehmen-Teil-5-Drive-und-Spirit_Organisator-300x200.jpg 300w\" sizes=\"auto, (max-width: 680px) 100vw, 680px\" \/><figcaption id=\"caption-attachment-7700\" class=\"wp-caption-text\">Mit Drive und Spirit weiter in eine nachhaltige Zukunft: &#8222;Corona-Aktivit\u00e4ten&#8220; sollen intern als &#8222;Rollenvorbilder&#8220; aufbereitet werden. (Bild: Pixabay.com)<\/figcaption><\/figure>\n<p>Wie ver\u00e4ndert die Corona-Pandemie unsere Unternehmens- und Arbeitswelt? In einer \u00abR\u00fcckw\u00e4rts-Prognose\u00bb suchen wir erste Antworten. Hier Teil 5 zum Thema: Glaubw\u00fcrdiges Familienunternehmen ist nachhaltig krisenresistent.<\/p>\n<h2>Mit Drive und Spirit durch die Krise<\/h2>\n<p>Wir waren begeistert, wie agil und mutig im M\u00e4rz 2020 das eher bodenst\u00e4ndige Familienunternehmen Trigema aus Burladingen in Deutschland unter F\u00fchrung des Patriarchen Wolfgang Grupp seine Textil-Produktion innerhalb k\u00fcrzester Zeit von T-Shirts auf Gesichtsmasken umstellte. Wie J\u00e4germeister Alkohol f\u00fcr die Herstellung von Desinfektionsmittel spendete. Hansgrohe ganze Duschtrucks f\u00fcr Obdachlose in Ballungszentren schickte. Und wie das New Yorker Familienunternehmen D\u2019Addario den klaren Film seiner EVANS Trommelfelle f\u00fcr Schlagzeuger in medizinische Gesichtsschutzmasken umfunktionierte \u2013 und in nur wenigen Tagen seine origin\u00e4ren St\u00e4rken nutzte, um neben dem Gesch\u00e4ft f\u00fcr Musikzubeh\u00f6r ein v\u00f6llig neues Gesch\u00e4ft f\u00fcr medizinische Notwendigkeiten aufzubauen.<\/p>\n<p>Ich frage mich, wie viel Gewinn die Grupp-Familie, als Eigent\u00fcmerin von Trigema, durch das neue Gesch\u00e4ft mit Gesichtsmasken mittlerweile erzielen konnte. Ich denke, er wird betr\u00e4chtlich sein \u2013 vor allem, weil das Gesch\u00e4ft mit Masken immer noch stark w\u00e4chst. Gesichtsmasken sind heute, im Sommer 2022, angesagte Modeaccessoires und aus dem allt\u00e4glichen Strassenbild nicht mehr wegzudenken. Wir alle haben uns an sie gew\u00f6hnt. Es gibt sie in den unterschiedlichsten Farben, Mustern und Formen. Viele \u2013 vor allem junge Menschen \u2013 nutzen sie, um ihre Pers\u00f6nlichkeit zum Ausdruck zu bringen.<\/p>\n<h2><strong>Den guten Namen im Sinn<\/strong><\/h2>\n<p>Unter dem Druck der Corona-Krise haben wir, wie viele andere Familienunternehmen auch, deutlich mehr soziale Verantwortung \u00fcbernommen und dabei ungeahnte F\u00e4higkeiten im Improvisieren an den Tag gelegt. Und damit sind wir r\u00fcckblickend sehr gut gefahren!<\/p>\n<p>Diesen auf das Hier und Jetzt ausgerichteten \u2013 aber auf Nachhaltigkeit angelegten \u2013 unternehmerischen Drive und Spirit m\u00f6chten wir nicht wieder verlieren. Wir wollen ihn in unseren Mitarbeitenden, F\u00fchrungskr\u00e4ften und unserer Gremienarbeit auf Dauer erhalten. Wenn m\u00f6glich sogar ausbauen, zum Beispiel indem wir unsere Corona-Aktivit\u00e4ten jetzt intern als \u00abRollenvorbilder\u00bb aufbereiten und sie auf andere Handlungsfelder bei uns im Unternehmen \u00fcbertragen.<\/p>\n<p>Vor diesem Hintergrund haben wir uns verwundert die Augen gerieben, wie ungeschickt und unsensibel f\u00fcr die \u00f6ffentliche Stimmungslage der Grosskonzern Adidas im April 2020 versuchte, sich vor den Mietzahlungen zu dr\u00fccken \u2013 und daf\u00fcr einen unglaublichen \u00abShitstorm\u00bb kassierte. Und wie trotz dieses warnenden Beispiels im weiteren Verlauf des Jahres immer wieder andere Unternehmen als \u00abKrisengewinnler\u00bb negativ aufgefallen sind und sich ihre Reputation geh\u00f6rig ramponiert haben. Unglaublich, wie schnell man seinen guten Ruf mit falschen Entscheidungen schw\u00e4chen kann. Und wie massiv das dann auch auf die Zahlen im Gesch\u00e4ft durchschl\u00e4gt.<\/p>\n<p>F\u00fcr uns war schon zu Beginn der Corona-Krise klar: Wenn sich die Sensibilit\u00e4t und Aufmerksamkeit im Publikum erh\u00f6ht, m\u00fcssen wir mit Argusaugen auf unsere Marke \u2013 verstanden als unser \u00abpositives Vorurteil\u00bb im Markt \u2013 achten. In Krisenzeiten kann sich jede unternehmerische Entscheidung schnell zu einem \u00abMarkengau\u00bb hochschaukeln und einen empfindlichen Teil des Vertrauenskapitals zerschlagen, welches wir als unerl\u00e4sslich und entscheidend f\u00fcr die Zukunftsf\u00e4higkeit unseres Familienunternehmens ansehen.<\/p>\n<h2><strong>Das Gesch\u00e4ftsmodell nachhaltig anlegen<\/strong><\/h2>\n<p>Zum Gl\u00fcck konnten wir durch tatkr\u00e4ftiges Handeln glaubhaft zeigen, dass uns als Familienunternehmer die soziale Verantwortung f\u00fcr die Gemeinschaft wichtig ist.<\/p>\n<p>Sicherlich hat uns dabei auch geholfen, dass wir unser Gesch\u00e4ftsmodell schon immer sauber, transparent und nachhaltig angelegt hatten. Basierend auf gelebten Werten. Und ausgerichtet auf das ehrliche Schaffen von substanziellem Mehrwert f\u00fcr unsere Kunden, unsere Mitarbeitenden, die Umwelt und uns als Eigent\u00fcmer. In unserem Haus existieren keine systematischen Missst\u00e4nde, bei denen wir bef\u00fcrchten m\u00fcssten, dass sie eines Tages einmal an das Licht der \u00d6ffentlichkeit gezerrt werden k\u00f6nnten. Vor einer pl\u00f6tzlichen, durch die Krise hervorgerufenen \u00abImage-Kernschmelze\u00bb \u2013 wie dies dem deutschen Fleischproduzenten T\u00f6nnies aus G\u00fctersloh im Juni 2020 widerfahren ist \u2013 sind wir bestm\u00f6glich gesch\u00fctzt.<\/p>\n<p>Dass wir heute gerade aufgrund unserer konservativen und auf Nachhaltigkeit ausgerichteten Gesch\u00e4ftsf\u00fchrungs-Kultur erheblich auch als Arbeitgebermarke profitieren und in den letzten Monaten vielversprechende neue Mitarbeitende mit progressivem \u00abMindset\u00bb einstellen konnten, war so nicht absehbar und auch nicht beabsichtigt. Es ist aber ein sch\u00f6ner Nebeneffekt, der uns darin best\u00e4rkt, in Zukunft weiterhin unseren Werten treu zu bleiben und unseren Weg konsequent weiterzugehen.<\/p>\n<p><a href=\"https:\/\/www.organisator.ch\/virtual-reality-ist-salonfaehig-und-durchdringt-alles-new-normal-in-familienunternehmen-in-2022\/\"><em>Hier geht es zu Teil 1<\/em><\/a><\/p>\n<p><a href=\"https:\/\/www.organisator.ch\/das-new-normal-in-familienunternehmen-teil-2-krise-als-chance\/\"><em>Hier geht es zu Teil 2<\/em><\/a><\/p>\n<p><a href=\"https:\/\/www.organisator.ch\/das-new-normal-in-familienunternehmen-teil-3-paradigmenwechsel\/\"><em>Hier geht es zu Teil 3<\/em><\/a><\/p>\n<p><a href=\"https:\/\/www.organisator.ch\/das-new-normal-in-familienunternehmen-teil-4-widerstandsfaehigkeit\/\"><em>Hier geht es zu Teil 4<\/em><\/a><\/p>\n<p>&nbsp;<\/p>\n<p><strong><em>Autoren:<\/em><\/strong><\/p>\n<p><strong><img loading=\"lazy\" decoding=\"async\" class=\"alignnone size-full wp-image-7562\" src=\"https:\/\/www.organisator.ch\/wp-content\/uploads\/2021\/01\/Christian-Schiede_Organisator.jpg\" alt=\"\" width=\"340\" height=\"421\" srcset=\"https:\/\/www.organisator.ch\/wp-content\/uploads\/2021\/01\/Christian-Schiede_Organisator.jpg 340w, https:\/\/www.organisator.ch\/wp-content\/uploads\/2021\/01\/Christian-Schiede_Organisator-10x12.jpg 10w, https:\/\/www.organisator.ch\/wp-content\/uploads\/2021\/01\/Christian-Schiede_Organisator-141x175.jpg 141w, https:\/\/www.organisator.ch\/wp-content\/uploads\/2021\/01\/Christian-Schiede_Organisator-283x350.jpg 283w, https:\/\/www.organisator.ch\/wp-content\/uploads\/2021\/01\/Christian-Schiede_Organisator-300x371.jpg 300w\" sizes=\"auto, (max-width: 340px) 100vw, 340px\" \/><\/strong><\/p>\n<p><strong>Christian Schiede\u00a0<\/strong>ber\u00e4t und begleitet seit dem Jahr 2003 Unternehmerfamilien und Familienunternehmen dabei, Zusammenhalt zu st\u00e4rken, Wettbewerbsf\u00e4higkeit zu steigern und Werte zu sichern. Kontakt:\u00a0<a href=\"http:\/\/www.schiede.com\/\">www.schiede.com<\/a>;\u00a0<a href=\"mailto:schiede@shpadvisors.com\">schiede@shpadvisors.com<\/a><\/p>\n<p><img loading=\"lazy\" decoding=\"async\" class=\"alignnone size-full wp-image-7564\" src=\"https:\/\/www.organisator.ch\/wp-content\/uploads\/2021\/01\/Bastian-Schneider_Organisator.jpg\" sizes=\"auto, (max-width: 340px) 100vw, 340px\" srcset=\"https:\/\/www.organisator.ch\/wp-content\/uploads\/2021\/01\/Bastian-Schneider_Organisator.jpg 340w, https:\/\/www.organisator.ch\/wp-content\/uploads\/2021\/01\/Bastian-Schneider_Organisator.jpg 220w\" alt=\"\" width=\"340\" height=\"340\" \/><\/p>\n<p><strong>Bastian Schneider\u00a0<\/strong>unterst\u00fctzt seit 2000 Unternehmer:innen und Management-Teams dabei, ihre Marken von innen zu st\u00e4rken und aus dieser Perspektive heraus ihre Organisationen und ihr Gesch\u00e4ft in die Zukunft zu f\u00fchren. In mehr als 30 Branchen. In Deutschland, \u00d6sterreich und der Schweiz. Kontakt:\u00a0<a href=\"http:\/\/www.brandleadership.ch\/\">www.brandleadership.ch<\/a>;\u00a0<a href=\"mailto:bastian.schneider@brandleadership.ch\">bastian.schneider@brandleadership.ch<\/a><\/p>\n","protected":false},"excerpt":{"rendered":"<p>Wie ver\u00e4ndert die Corona-Pandemie unsere Unternehmens- und Arbeitswelt? In einer \u00abR\u00fcckw\u00e4rts-Prognose\u00bb suchen wir erste Antworten. Hier Teil 5 zum Thema: Glaubw\u00fcrdiges Familienunternehmen ist nachhaltig krisenresistent. Mit Drive und Spirit durch die Krise Wir waren begeistert, wie agil und mutig im M\u00e4rz 2020 das eher bodenst\u00e4ndige Familienunternehmen Trigema aus Burladingen in Deutschland unter F\u00fchrung des Patriarchen [&hellip;]<\/p>\n","protected":false},"author":4,"featured_media":7700,"comment_status":"closed","ping_status":"closed","sticky":false,"template":"","format":"standard","meta":{"_acf_changed":false,"_yoast_wpseo_focuskw":"Drive und Spirit","_yoast_wpseo_metadesc":"\"New Normal\" in Familienunternehmen, Teil 5: Die Autoren zeigen, wie der in der Krise gezeigte Drive und Spirit f\u00fcr die Zukunft bewahrt werden kann.","articlekey":"","footnotes":""},"categories":[28],"tags":[320,335,363],"class_list":["post-7699","post","type-post","status-publish","format-standard","has-post-thumbnail","hentry","category-management","tag-leadership","tag-management-und-unternehmensfuehrung","tag-new-work"],"acf":[],"yoast_head":"<!-- This site is optimized with the Yoast SEO plugin v27.5 - https:\/\/yoast.com\/product\/yoast-seo-wordpress\/ -->\n<title>Das \u00abNew Normal\u00bb in Familienunternehmen, Teil 5: Drive und Spirit - Organisator<\/title>\n<meta name=\"description\" content=\"&quot;New Normal&quot; in Familienunternehmen, Teil 5: Die Autoren zeigen, wie der in der Krise gezeigte Drive und Spirit f\u00fcr die Zukunft bewahrt werden kann.\" \/>\n<meta name=\"robots\" content=\"index, follow, max-snippet:-1, max-image-preview:large, max-video-preview:-1\" \/>\n<link rel=\"canonical\" href=\"https:\/\/www.organisator.ch\/de\/management\/2021-03-04\/das-new-normal-in-familienunternehmen-teil-5-drive-und-spirit\/\" \/>\n<meta property=\"og:locale\" content=\"de_DE\" \/>\n<meta property=\"og:type\" content=\"article\" \/>\n<meta property=\"og:title\" content=\"Das \u00abNew Normal\u00bb in Familienunternehmen, Teil 5: Drive und Spirit\" \/>\n<meta property=\"og:description\" content=\"&quot;New Normal&quot; in Familienunternehmen, Teil 5: Die Autoren zeigen, wie der in der Krise gezeigte Drive und Spirit f\u00fcr die Zukunft bewahrt werden kann.\" \/>\n<meta property=\"og:url\" content=\"https:\/\/www.organisator.ch\/de\/management\/2021-03-04\/das-new-normal-in-familienunternehmen-teil-5-drive-und-spirit\/\" \/>\n<meta property=\"og:site_name\" content=\"Organisator\" \/>\n<meta property=\"article:publisher\" content=\"https:\/\/www.facebook.com\/OrganisatorFachmagazin\" \/>\n<meta property=\"article:published_time\" content=\"2021-03-04T07:37:46+00:00\" \/>\n<meta property=\"og:image\" content=\"https:\/\/www.organisator.ch\/wp-content\/uploads\/2021\/02\/Das-New-Normal-in-Familienunternehmen-Teil-5-Drive-und-Spirit_Organisator.jpg\" \/>\n\t<meta property=\"og:image:width\" content=\"680\" \/>\n\t<meta property=\"og:image:height\" content=\"453\" \/>\n\t<meta property=\"og:image:type\" content=\"image\/jpeg\" \/>\n<meta name=\"author\" content=\"thomas.berner\" \/>\n<meta name=\"twitter:card\" content=\"summary_large_image\" \/>\n<meta name=\"twitter:title\" content=\"Das \u00abNew Normal\u00bb in #Familienunternehmen, Teil 5: Drive und Spirit\" \/>\n<meta name=\"twitter:description\" content=\"&quot;New Normal&quot; in #Familienunternehmen, Teil 5: Die Autoren zeigen, wie der in der Krise gezeigte #Drive und #Spirit f\u00fcr die Zukunft bewahrt werden kann.\" \/>\n<meta name=\"twitter:image\" content=\"https:\/\/www.organisator.ch\/wp-content\/uploads\/2021\/02\/Das-New-Normal-in-Familienunternehmen-Teil-5-Drive-und-Spirit_Organisator.jpg\" \/>\n<script type=\"application\/ld+json\" class=\"yoast-schema-graph\">{\"@context\":\"https:\\\/\\\/schema.org\",\"@graph\":[{\"@type\":\"Article\",\"@id\":\"https:\\\/\\\/www.organisator.ch\\\/management\\\/2021-03-04\\\/das-new-normal-in-familienunternehmen-teil-5-drive-und-spirit\\\/#article\",\"isPartOf\":{\"@id\":\"https:\\\/\\\/www.organisator.ch\\\/management\\\/2021-03-04\\\/das-new-normal-in-familienunternehmen-teil-5-drive-und-spirit\\\/\"},\"author\":{\"name\":\"thomas.berner\",\"@id\":\"https:\\\/\\\/www.organisator.ch\\\/#\\\/schema\\\/person\\\/6f650f90b2842cd4c0cc334b4e36f67e\"},\"headline\":\"Das \u00abNew Normal\u00bb in Familienunternehmen, Teil 5: Drive und Spirit\",\"datePublished\":\"2021-03-04T07:37:46+00:00\",\"mainEntityOfPage\":{\"@id\":\"https:\\\/\\\/www.organisator.ch\\\/management\\\/2021-03-04\\\/das-new-normal-in-familienunternehmen-teil-5-drive-und-spirit\\\/\"},\"wordCount\":846,\"publisher\":{\"@id\":\"https:\\\/\\\/www.organisator.ch\\\/#organization\"},\"image\":{\"@id\":\"https:\\\/\\\/www.organisator.ch\\\/management\\\/2021-03-04\\\/das-new-normal-in-familienunternehmen-teil-5-drive-und-spirit\\\/#primaryimage\"},\"thumbnailUrl\":\"https:\\\/\\\/www.organisator.ch\\\/wp-content\\\/uploads\\\/2021\\\/02\\\/Das-New-Normal-in-Familienunternehmen-Teil-5-Drive-und-Spirit_Organisator.jpg\",\"keywords\":[\"Leadership\",\"Management und Unternehmensf\u00fchrung\",\"New Work\"],\"articleSection\":[\"MANAGEMENT\"],\"inLanguage\":\"de\"},{\"@type\":\"WebPage\",\"@id\":\"https:\\\/\\\/www.organisator.ch\\\/management\\\/2021-03-04\\\/das-new-normal-in-familienunternehmen-teil-5-drive-und-spirit\\\/\",\"url\":\"https:\\\/\\\/www.organisator.ch\\\/management\\\/2021-03-04\\\/das-new-normal-in-familienunternehmen-teil-5-drive-und-spirit\\\/\",\"name\":\"Das \u00abNew Normal\u00bb in Familienunternehmen, Teil 5: Drive und Spirit - Organisator\",\"isPartOf\":{\"@id\":\"https:\\\/\\\/www.organisator.ch\\\/#website\"},\"primaryImageOfPage\":{\"@id\":\"https:\\\/\\\/www.organisator.ch\\\/management\\\/2021-03-04\\\/das-new-normal-in-familienunternehmen-teil-5-drive-und-spirit\\\/#primaryimage\"},\"image\":{\"@id\":\"https:\\\/\\\/www.organisator.ch\\\/management\\\/2021-03-04\\\/das-new-normal-in-familienunternehmen-teil-5-drive-und-spirit\\\/#primaryimage\"},\"thumbnailUrl\":\"https:\\\/\\\/www.organisator.ch\\\/wp-content\\\/uploads\\\/2021\\\/02\\\/Das-New-Normal-in-Familienunternehmen-Teil-5-Drive-und-Spirit_Organisator.jpg\",\"datePublished\":\"2021-03-04T07:37:46+00:00\",\"description\":\"\\\"New Normal\\\" in Familienunternehmen, Teil 5: Die Autoren zeigen, wie der in der Krise gezeigte Drive und Spirit f\u00fcr die Zukunft bewahrt werden kann.\",\"breadcrumb\":{\"@id\":\"https:\\\/\\\/www.organisator.ch\\\/management\\\/2021-03-04\\\/das-new-normal-in-familienunternehmen-teil-5-drive-und-spirit\\\/#breadcrumb\"},\"inLanguage\":\"de\",\"potentialAction\":[{\"@type\":\"ReadAction\",\"target\":[\"https:\\\/\\\/www.organisator.ch\\\/management\\\/2021-03-04\\\/das-new-normal-in-familienunternehmen-teil-5-drive-und-spirit\\\/\"]}]},{\"@type\":\"ImageObject\",\"inLanguage\":\"de\",\"@id\":\"https:\\\/\\\/www.organisator.ch\\\/management\\\/2021-03-04\\\/das-new-normal-in-familienunternehmen-teil-5-drive-und-spirit\\\/#primaryimage\",\"url\":\"https:\\\/\\\/www.organisator.ch\\\/wp-content\\\/uploads\\\/2021\\\/02\\\/Das-New-Normal-in-Familienunternehmen-Teil-5-Drive-und-Spirit_Organisator.jpg\",\"contentUrl\":\"https:\\\/\\\/www.organisator.ch\\\/wp-content\\\/uploads\\\/2021\\\/02\\\/Das-New-Normal-in-Familienunternehmen-Teil-5-Drive-und-Spirit_Organisator.jpg\",\"width\":680,\"height\":453,\"caption\":\"Mit Drive und Spirit weiter in eine nachhaltige Zukunft: \\\"Corona-Aktivit\u00e4ten\\\" sollen intern als \\\"Rollenvorbilder\\\" aufbereitet werden. (Bild: Pixabay.com)\"},{\"@type\":\"BreadcrumbList\",\"@id\":\"https:\\\/\\\/www.organisator.ch\\\/management\\\/2021-03-04\\\/das-new-normal-in-familienunternehmen-teil-5-drive-und-spirit\\\/#breadcrumb\",\"itemListElement\":[{\"@type\":\"ListItem\",\"position\":1,\"name\":\"Home\",\"item\":\"https:\\\/\\\/www.organisator.ch\\\/\"},{\"@type\":\"ListItem\",\"position\":2,\"name\":\"Das \u00abNew Normal\u00bb in Familienunternehmen, Teil 5: Drive und Spirit\"}]},{\"@type\":\"WebSite\",\"@id\":\"https:\\\/\\\/www.organisator.ch\\\/#website\",\"url\":\"https:\\\/\\\/www.organisator.ch\\\/\",\"name\":\"Organisator\",\"description\":\"Kompetent. Praxisnah. Der ORGANISATOR bereitet in 10 Ausgaben pro Jahr die wesentlichen Themen f\u00fcr F\u00fchrungskr\u00e4fte von KMU auf.\",\"publisher\":{\"@id\":\"https:\\\/\\\/www.organisator.ch\\\/#organization\"},\"potentialAction\":[{\"@type\":\"SearchAction\",\"target\":{\"@type\":\"EntryPoint\",\"urlTemplate\":\"https:\\\/\\\/www.organisator.ch\\\/?s={search_term_string}\"},\"query-input\":{\"@type\":\"PropertyValueSpecification\",\"valueRequired\":true,\"valueName\":\"search_term_string\"}}],\"inLanguage\":\"de\"},{\"@type\":\"Organization\",\"@id\":\"https:\\\/\\\/www.organisator.ch\\\/#organization\",\"name\":\"Organisator\",\"url\":\"https:\\\/\\\/www.organisator.ch\\\/\",\"logo\":{\"@type\":\"ImageObject\",\"inLanguage\":\"de\",\"@id\":\"https:\\\/\\\/www.organisator.ch\\\/#\\\/schema\\\/logo\\\/image\\\/\",\"url\":\"https:\\\/\\\/www.organisator.ch\\\/wp-content\\\/uploads\\\/2022\\\/01\\\/Logo_Organisator_Website.png\",\"contentUrl\":\"https:\\\/\\\/www.organisator.ch\\\/wp-content\\\/uploads\\\/2022\\\/01\\\/Logo_Organisator_Website.png\",\"width\":800,\"height\":77,\"caption\":\"Organisator\"},\"image\":{\"@id\":\"https:\\\/\\\/www.organisator.ch\\\/#\\\/schema\\\/logo\\\/image\\\/\"},\"sameAs\":[\"https:\\\/\\\/www.facebook.com\\\/OrganisatorFachmagazin\",\"https:\\\/\\\/www.linkedin.com\\\/showcase\\\/organisator-das-magazin-fr-kmu\",\"https:\\\/\\\/www.xing.com\\\/news\\\/pages\\\/organisator-ch-695\",\"https:\\\/\\\/www.youtube.com\\\/channel\\\/UCGP2Sq0iWaZwT3BdIAQFYpw\"]},{\"@type\":\"Person\",\"@id\":\"https:\\\/\\\/www.organisator.ch\\\/#\\\/schema\\\/person\\\/6f650f90b2842cd4c0cc334b4e36f67e\",\"name\":\"thomas.berner\",\"image\":{\"@type\":\"ImageObject\",\"inLanguage\":\"de\",\"@id\":\"https:\\\/\\\/secure.gravatar.com\\\/avatar\\\/ac5001d2a36cb6c6cd3e50789007ffca834b477b74a2144564522e944eabff61?s=96&d=mm&r=g\",\"url\":\"https:\\\/\\\/secure.gravatar.com\\\/avatar\\\/ac5001d2a36cb6c6cd3e50789007ffca834b477b74a2144564522e944eabff61?s=96&d=mm&r=g\",\"contentUrl\":\"https:\\\/\\\/secure.gravatar.com\\\/avatar\\\/ac5001d2a36cb6c6cd3e50789007ffca834b477b74a2144564522e944eabff61?s=96&d=mm&r=g\",\"caption\":\"thomas.berner\"},\"url\":\"https:\\\/\\\/www.organisator.ch\\\/de\\\/author\\\/thomas-berner\\\/\"}]}<\/script>\n<!-- \/ Yoast SEO plugin. -->","yoast_head_json":{"title":"Das \u00abNew Normal\u00bb in Familienunternehmen, Teil 5: Drive und Spirit - Organisator","description":"\"New Normal\" in Familienunternehmen, Teil 5: Die Autoren zeigen, wie der in der Krise gezeigte Drive und Spirit f\u00fcr die Zukunft bewahrt werden kann.","robots":{"index":"index","follow":"follow","max-snippet":"max-snippet:-1","max-image-preview":"max-image-preview:large","max-video-preview":"max-video-preview:-1"},"canonical":"https:\/\/www.organisator.ch\/de\/management\/2021-03-04\/das-new-normal-in-familienunternehmen-teil-5-drive-und-spirit\/","og_locale":"de_DE","og_type":"article","og_title":"Das \u00abNew Normal\u00bb in Familienunternehmen, Teil 5: Drive und Spirit","og_description":"\"New Normal\" in Familienunternehmen, Teil 5: Die Autoren zeigen, wie der in der Krise gezeigte Drive und Spirit f\u00fcr die Zukunft bewahrt werden kann.","og_url":"https:\/\/www.organisator.ch\/de\/management\/2021-03-04\/das-new-normal-in-familienunternehmen-teil-5-drive-und-spirit\/","og_site_name":"Organisator","article_publisher":"https:\/\/www.facebook.com\/OrganisatorFachmagazin","article_published_time":"2021-03-04T07:37:46+00:00","og_image":[{"width":680,"height":453,"url":"https:\/\/www.organisator.ch\/wp-content\/uploads\/2021\/02\/Das-New-Normal-in-Familienunternehmen-Teil-5-Drive-und-Spirit_Organisator.jpg","type":"image\/jpeg"}],"author":"thomas.berner","twitter_card":"summary_large_image","twitter_title":"Das \u00abNew Normal\u00bb in #Familienunternehmen, Teil 5: Drive und Spirit","twitter_description":"\"New Normal\" in #Familienunternehmen, Teil 5: Die Autoren zeigen, wie der in der Krise gezeigte #Drive und #Spirit f\u00fcr die Zukunft bewahrt werden kann.","twitter_image":"https:\/\/www.organisator.ch\/wp-content\/uploads\/2021\/02\/Das-New-Normal-in-Familienunternehmen-Teil-5-Drive-und-Spirit_Organisator.jpg","schema":{"@context":"https:\/\/schema.org","@graph":[{"@type":"Article","@id":"https:\/\/www.organisator.ch\/management\/2021-03-04\/das-new-normal-in-familienunternehmen-teil-5-drive-und-spirit\/#article","isPartOf":{"@id":"https:\/\/www.organisator.ch\/management\/2021-03-04\/das-new-normal-in-familienunternehmen-teil-5-drive-und-spirit\/"},"author":{"name":"thomas.berner","@id":"https:\/\/www.organisator.ch\/#\/schema\/person\/6f650f90b2842cd4c0cc334b4e36f67e"},"headline":"Das \u00abNew Normal\u00bb in Familienunternehmen, Teil 5: Drive und Spirit","datePublished":"2021-03-04T07:37:46+00:00","mainEntityOfPage":{"@id":"https:\/\/www.organisator.ch\/management\/2021-03-04\/das-new-normal-in-familienunternehmen-teil-5-drive-und-spirit\/"},"wordCount":846,"publisher":{"@id":"https:\/\/www.organisator.ch\/#organization"},"image":{"@id":"https:\/\/www.organisator.ch\/management\/2021-03-04\/das-new-normal-in-familienunternehmen-teil-5-drive-und-spirit\/#primaryimage"},"thumbnailUrl":"https:\/\/www.organisator.ch\/wp-content\/uploads\/2021\/02\/Das-New-Normal-in-Familienunternehmen-Teil-5-Drive-und-Spirit_Organisator.jpg","keywords":["Leadership","Management und Unternehmensf\u00fchrung","New Work"],"articleSection":["MANAGEMENT"],"inLanguage":"de"},{"@type":"WebPage","@id":"https:\/\/www.organisator.ch\/management\/2021-03-04\/das-new-normal-in-familienunternehmen-teil-5-drive-und-spirit\/","url":"https:\/\/www.organisator.ch\/management\/2021-03-04\/das-new-normal-in-familienunternehmen-teil-5-drive-und-spirit\/","name":"Das \u00abNew Normal\u00bb in Familienunternehmen, Teil 5: Drive und Spirit - Organisator","isPartOf":{"@id":"https:\/\/www.organisator.ch\/#website"},"primaryImageOfPage":{"@id":"https:\/\/www.organisator.ch\/management\/2021-03-04\/das-new-normal-in-familienunternehmen-teil-5-drive-und-spirit\/#primaryimage"},"image":{"@id":"https:\/\/www.organisator.ch\/management\/2021-03-04\/das-new-normal-in-familienunternehmen-teil-5-drive-und-spirit\/#primaryimage"},"thumbnailUrl":"https:\/\/www.organisator.ch\/wp-content\/uploads\/2021\/02\/Das-New-Normal-in-Familienunternehmen-Teil-5-Drive-und-Spirit_Organisator.jpg","datePublished":"2021-03-04T07:37:46+00:00","description":"\"New Normal\" in Familienunternehmen, Teil 5: Die Autoren zeigen, wie der in der Krise gezeigte Drive und Spirit f\u00fcr die Zukunft bewahrt werden kann.","breadcrumb":{"@id":"https:\/\/www.organisator.ch\/management\/2021-03-04\/das-new-normal-in-familienunternehmen-teil-5-drive-und-spirit\/#breadcrumb"},"inLanguage":"de","potentialAction":[{"@type":"ReadAction","target":["https:\/\/www.organisator.ch\/management\/2021-03-04\/das-new-normal-in-familienunternehmen-teil-5-drive-und-spirit\/"]}]},{"@type":"ImageObject","inLanguage":"de","@id":"https:\/\/www.organisator.ch\/management\/2021-03-04\/das-new-normal-in-familienunternehmen-teil-5-drive-und-spirit\/#primaryimage","url":"https:\/\/www.organisator.ch\/wp-content\/uploads\/2021\/02\/Das-New-Normal-in-Familienunternehmen-Teil-5-Drive-und-Spirit_Organisator.jpg","contentUrl":"https:\/\/www.organisator.ch\/wp-content\/uploads\/2021\/02\/Das-New-Normal-in-Familienunternehmen-Teil-5-Drive-und-Spirit_Organisator.jpg","width":680,"height":453,"caption":"Mit Drive und Spirit weiter in eine nachhaltige Zukunft: \"Corona-Aktivit\u00e4ten\" sollen intern als \"Rollenvorbilder\" aufbereitet werden. (Bild: Pixabay.com)"},{"@type":"BreadcrumbList","@id":"https:\/\/www.organisator.ch\/management\/2021-03-04\/das-new-normal-in-familienunternehmen-teil-5-drive-und-spirit\/#breadcrumb","itemListElement":[{"@type":"ListItem","position":1,"name":"Home","item":"https:\/\/www.organisator.ch\/"},{"@type":"ListItem","position":2,"name":"Das \u00abNew Normal\u00bb in Familienunternehmen, Teil 5: Drive und Spirit"}]},{"@type":"WebSite","@id":"https:\/\/www.organisator.ch\/#website","url":"https:\/\/www.organisator.ch\/","name":"Organisator","description":"Kompetent. Praxisnah. Der ORGANISATOR bereitet in 10 Ausgaben pro Jahr die wesentlichen Themen f\u00fcr F\u00fchrungskr\u00e4fte von KMU auf.","publisher":{"@id":"https:\/\/www.organisator.ch\/#organization"},"potentialAction":[{"@type":"SearchAction","target":{"@type":"EntryPoint","urlTemplate":"https:\/\/www.organisator.ch\/?s={search_term_string}"},"query-input":{"@type":"PropertyValueSpecification","valueRequired":true,"valueName":"search_term_string"}}],"inLanguage":"de"},{"@type":"Organization","@id":"https:\/\/www.organisator.ch\/#organization","name":"Organisator","url":"https:\/\/www.organisator.ch\/","logo":{"@type":"ImageObject","inLanguage":"de","@id":"https:\/\/www.organisator.ch\/#\/schema\/logo\/image\/","url":"https:\/\/www.organisator.ch\/wp-content\/uploads\/2022\/01\/Logo_Organisator_Website.png","contentUrl":"https:\/\/www.organisator.ch\/wp-content\/uploads\/2022\/01\/Logo_Organisator_Website.png","width":800,"height":77,"caption":"Organisator"},"image":{"@id":"https:\/\/www.organisator.ch\/#\/schema\/logo\/image\/"},"sameAs":["https:\/\/www.facebook.com\/OrganisatorFachmagazin","https:\/\/www.linkedin.com\/showcase\/organisator-das-magazin-fr-kmu","https:\/\/www.xing.com\/news\/pages\/organisator-ch-695","https:\/\/www.youtube.com\/channel\/UCGP2Sq0iWaZwT3BdIAQFYpw"]},{"@type":"Person","@id":"https:\/\/www.organisator.ch\/#\/schema\/person\/6f650f90b2842cd4c0cc334b4e36f67e","name":"thomas.berner","image":{"@type":"ImageObject","inLanguage":"de","@id":"https:\/\/secure.gravatar.com\/avatar\/ac5001d2a36cb6c6cd3e50789007ffca834b477b74a2144564522e944eabff61?s=96&d=mm&r=g","url":"https:\/\/secure.gravatar.com\/avatar\/ac5001d2a36cb6c6cd3e50789007ffca834b477b74a2144564522e944eabff61?s=96&d=mm&r=g","contentUrl":"https:\/\/secure.gravatar.com\/avatar\/ac5001d2a36cb6c6cd3e50789007ffca834b477b74a2144564522e944eabff61?s=96&d=mm&r=g","caption":"thomas.berner"},"url":"https:\/\/www.organisator.ch\/de\/author\/thomas-berner\/"}]}},"_links":{"self":[{"href":"https:\/\/www.organisator.ch\/de\/wp-json\/wp\/v2\/posts\/7699","targetHints":{"allow":["GET"]}}],"collection":[{"href":"https:\/\/www.organisator.ch\/de\/wp-json\/wp\/v2\/posts"}],"about":[{"href":"https:\/\/www.organisator.ch\/de\/wp-json\/wp\/v2\/types\/post"}],"author":[{"embeddable":true,"href":"https:\/\/www.organisator.ch\/de\/wp-json\/wp\/v2\/users\/4"}],"replies":[{"embeddable":true,"href":"https:\/\/www.organisator.ch\/de\/wp-json\/wp\/v2\/comments?post=7699"}],"version-history":[{"count":0,"href":"https:\/\/www.organisator.ch\/de\/wp-json\/wp\/v2\/posts\/7699\/revisions"}],"wp:featuredmedia":[{"embeddable":true,"href":"https:\/\/www.organisator.ch\/de\/wp-json\/wp\/v2\/media\/7700"}],"wp:attachment":[{"href":"https:\/\/www.organisator.ch\/de\/wp-json\/wp\/v2\/media?parent=7699"}],"wp:term":[{"taxonomy":"category","embeddable":true,"href":"https:\/\/www.organisator.ch\/de\/wp-json\/wp\/v2\/categories?post=7699"},{"taxonomy":"post_tag","embeddable":true,"href":"https:\/\/www.organisator.ch\/de\/wp-json\/wp\/v2\/tags?post=7699"}],"curies":[{"name":"wp","href":"https:\/\/api.w.org\/{rel}","templated":true}]}}