{"id":7713,"date":"2021-02-24T09:29:37","date_gmt":"2021-02-24T08:29:37","guid":{"rendered":"https:\/\/www.organisator.ch\/?p=7713"},"modified":"2021-02-24T09:29:37","modified_gmt":"2021-02-24T08:29:37","slug":"schweizer-export-forecast-auf-hohem-niveau","status":"publish","type":"post","link":"https:\/\/www.organisator.ch\/de\/allgemein\/2021-02-24\/schweizer-export-forecast-auf-hohem-niveau\/","title":{"rendered":"Schweizer Export-Forecast auf hohem Niveau"},"content":{"rendered":"<figure id=\"attachment_7714\" aria-describedby=\"caption-attachment-7714\" style=\"width: 680px\" class=\"wp-caption alignnone\"><img loading=\"lazy\" decoding=\"async\" class=\"size-medium wp-image-7714\" src=\"https:\/\/www.organisator.ch\/wp-content\/uploads\/2021\/02\/Schweizer-Export-Forecast-auf-hohem-Niveau-1_Organisator.jpg\" alt=\"\" width=\"680\" height=\"522\" srcset=\"https:\/\/www.organisator.ch\/wp-content\/uploads\/2021\/02\/Schweizer-Export-Forecast-auf-hohem-Niveau-1_Organisator.jpg 680w, https:\/\/www.organisator.ch\/wp-content\/uploads\/2021\/02\/Schweizer-Export-Forecast-auf-hohem-Niveau-1_Organisator-16x12.jpg 16w, https:\/\/www.organisator.ch\/wp-content\/uploads\/2021\/02\/Schweizer-Export-Forecast-auf-hohem-Niveau-1_Organisator-228x175.jpg 228w, https:\/\/www.organisator.ch\/wp-content\/uploads\/2021\/02\/Schweizer-Export-Forecast-auf-hohem-Niveau-1_Organisator-456x350.jpg 456w, https:\/\/www.organisator.ch\/wp-content\/uploads\/2021\/02\/Schweizer-Export-Forecast-auf-hohem-Niveau-1_Organisator-300x230.jpg 300w\" sizes=\"auto, (max-width: 680px) 100vw, 680px\" \/><figcaption id=\"caption-attachment-7714\" class=\"wp-caption-text\">Viel wird per Luftfracht transportiert: Der Export-Forecast von Euler Hermes prognostiziert f\u00fcr die Schweiz eine deutliche Erholung ab dem 2. Quartal 2021. (Bild: zVg \/ Euler Hermes)<\/figcaption><\/figure>\n<p>Anfang 2021 notiert der Euler Hermes Export-Forecast auf 0.78 Punkten \u2013 demselben Wert, auf dem der revidierte Indikator bereits vor drei Monaten lag. Der Export-Forecast liegt \u00fcber der Null-Punkte-Grenze, die den langj\u00e4hrigen mittleren Wachstumskurs der Schweizer Exportindustrie anzeigt, und sagt damit eine deutliche Erholung der Schweizer Exporte im Verlauf des Jahres voraus. Gest\u00fctzt wird diese Entwicklung durch den statistischen Basiseffekt: Aufgrund des tiefen Einbruchs des Forecasts im Fr\u00fchjahr 2020 \u00fcberraschen hohe Jahresver\u00e4nderungsraten kaum.<\/p>\n<h2><strong>Gem\u00e4ss Export-Forecast: Wirtschaftliche Erholung im zweitem Quartal 2021<\/strong><\/h2>\n<p>Euler Hermes erwartet, dass das Welthandelsvolumen nach einem R\u00fcckgang um 10% im Vorjahr 2021 wieder um 5.8% w\u00e4chst. Auch f\u00fcr die Schweiz d\u00fcrfte 2021 ein Jahr der wirtschaftlichen Erholung werden. Auf kurze Sicht erwartet Euler Hermes jedoch, dass sich die Lage aufgrund der zweiten Pandemiewelle und deren Eind\u00e4mmungsmassnahmen erst einmal verschlechtern wird. \u00abMit einer wirtschaftlichen Auferstehung ist fr\u00fchestens ab Ostern zu rechnen,\u00bb so Katharina Uterm\u00f6hl, Europa-\u00d6konomin bei Euler Hermes. \u00abDann sollten Fortschritte an der Impffront und w\u00e4rmere Temperaturen eine graduelle Lockerung erm\u00f6glichen. Die Impfung der Risikogruppen zur Jahresmitte schafft die Voraussetzung f\u00fcr einen kr\u00e4ftigen Konsum-Boom in der zweiten Jahresh\u00e4lfte. Die zunehmend synchrone Belebung der Weltwirtschaft d\u00fcrfte auch den Schweizer Exporten R\u00fcckenwind verleihen.\u00bb Die R\u00fcckkehr in eine gewisse wirtschaftliche Normalit\u00e4t h\u00e4lt Uterm\u00f6hl erst 2022 f\u00fcr m\u00f6glich. Die wirtschaftlichen Aufr\u00e4umarbeiten seien dann aber noch lange nicht abgeschlossen \u2013 die Arbeitslosenquote d\u00fcrfte nach wie vor auf erh\u00f6htem Niveau rangieren und die Insolvenzwelle auch 2022 noch weiterrollen. Insgesamt rechnet Euler Hermes 2021 mit einem Schweizer Wirtschaftswachstum von 2.6% (2022: +3.2%).<\/p>\n<figure id=\"attachment_7715\" aria-describedby=\"caption-attachment-7715\" style=\"width: 680px\" class=\"wp-caption alignnone\"><img loading=\"lazy\" decoding=\"async\" class=\"wp-image-7715 size-medium\" src=\"https:\/\/www.organisator.ch\/wp-content\/uploads\/2021\/02\/Schweizer-Export-Forecast-auf-hohem-Niveau-2_Organisator.jpg\" alt=\"\" width=\"680\" height=\"460\" srcset=\"https:\/\/www.organisator.ch\/wp-content\/uploads\/2021\/02\/Schweizer-Export-Forecast-auf-hohem-Niveau-2_Organisator.jpg 680w, https:\/\/www.organisator.ch\/wp-content\/uploads\/2021\/02\/Schweizer-Export-Forecast-auf-hohem-Niveau-2_Organisator-16x12.jpg 16w, https:\/\/www.organisator.ch\/wp-content\/uploads\/2021\/02\/Schweizer-Export-Forecast-auf-hohem-Niveau-2_Organisator-259x175.jpg 259w, https:\/\/www.organisator.ch\/wp-content\/uploads\/2021\/02\/Schweizer-Export-Forecast-auf-hohem-Niveau-2_Organisator-517x350.jpg 517w, https:\/\/www.organisator.ch\/wp-content\/uploads\/2021\/02\/Schweizer-Export-Forecast-auf-hohem-Niveau-2_Organisator-300x203.jpg 300w\" sizes=\"auto, (max-width: 680px) 100vw, 680px\" \/><figcaption id=\"caption-attachment-7715\" class=\"wp-caption-text\">(Grafik: Euler Hermes)<\/figcaption><\/figure>\n<h2><strong>Trotz positiver Entwicklung der Industrie bleibt Konsumentenvertrauen tief<\/strong><\/h2>\n<p>Asien und die Schwellenm\u00e4rkte gelten derzeit als gr\u00f6sste Hoffnungstr\u00e4ger der Schweizer Industrie. Diese positiven Aussichten sind ein wichtiger Faktor f\u00fcr die steigenden Rohstoffpreise, ganz besonders Industriemetalle. Weiter sind die Frachtraten f\u00fcr den Transport von Schiffscontainern seit Dezember 2020 explodiert, wof\u00fcr ein R\u00fcckstau an asiatischen H\u00e4fen aufgrund der unerwartet schnellen Erholung der Weltwirtschaft verantwortlich ist. Ausserdem verkehren aufgrund der tiefen Passagierzahlen vermehrt reine Frachtflugzeuge, was die Attraktivit\u00e4t der Luftfracht f\u00fcr Exporteure und Importeure erh\u00f6ht. So lag das Volumen des weltweiten Luftfrachtverkehrs im Dezember 2020 wieder auf dem Niveau des Vorjahres. Im Gegensatz zur positiven Entwicklung dieser Indikatoren wird das Konsumentenvertrauen weiterhin schwer von der COVID-19-Pandemie belastet, was den Export Forecast negativ beeinflusst. L\u00e4sst eine Besserung l\u00e4nger auf sich warten, so d\u00fcrfte dies Folgen f\u00fcr den Industriesektor haben, weswegen die Pandemie ein gewichtiger Faktor bleibt.<\/p>\n<h2><strong>Aussenhandel mit China auf neuem H\u00f6chststand<\/strong><\/h2>\n<p>Nachdem die Schweizer Exporte im dritten Quartal 2020 real und saisonbereinigt gegen\u00fcber dem Vorquartal um 9.2% gestiegen waren, haben sie im vierten Quartal stagniert. Die Importe sanken um 1.9%. Dennoch ist das zweite Halbjahr insgesamt erheblich erfreulicher verlaufen als das erste. Gesamthaft sanken die Exporte 2020 um 7.1% auf 225.1 Milliarden Franken, w\u00e4hrend die Importe um 11.2% auf 182.1 Milliarden Franken zur\u00fcckgingen. Stefan Ruf, CEO Euler Hermes Schweiz, kommentiert: \u00abBemerkenswert ist, dass der Aussenhandel mit China in beiden Verkehrsrichtungen auf einen neuen Rekordstand notiert. Der Schweizer Exportwirtschaft ist es gelungen, den Handel mit China im Jahr 2020 trotz COVID-19 um satte 10% auf 14.7 Milliarden Franken auszubauen.\u00bb Trotz dieser Ausnahme hat die Schweizer Exportindustrie 2020 insgesamt in den drei bedeutenden Wirtschaftsr\u00e4umen Europa, Nordamerika und Asien weniger G\u00fcter abgesetzt.<\/p>\n<p><em>Quelle: <a href=\"http:\/\/www.eulerhermes.com\">Euler Hermes<\/a><\/em><\/p>\n","protected":false},"excerpt":{"rendered":"<p>Anfang 2021 notiert der Euler Hermes Export-Forecast auf 0.78 Punkten \u2013 demselben Wert, auf dem der revidierte Indikator bereits vor drei Monaten lag. Der Export-Forecast liegt \u00fcber der Null-Punkte-Grenze, die den langj\u00e4hrigen mittleren Wachstumskurs der Schweizer Exportindustrie anzeigt, und sagt damit eine deutliche Erholung der Schweizer Exporte im Verlauf des Jahres voraus. Gest\u00fctzt wird diese [&hellip;]<\/p>\n","protected":false},"author":4,"featured_media":7714,"comment_status":"closed","ping_status":"closed","sticky":false,"template":"","format":"standard","meta":{"_acf_changed":false,"_yoast_wpseo_focuskw":"Export-Forecast","_yoast_wpseo_metadesc":"Der Export-Forecast von Euler Hermes f\u00fcr die Schweiz stand im Januar 2021 auf 0.78 Punkten. Dies deutet auf eine Erholung der Schweizer Exportindustrie hin.","articlekey":"","footnotes":""},"categories":[1],"tags":[189,310,508,531],"class_list":["post-7713","post","type-post","status-publish","format-standard","has-post-thumbnail","hentry","category-allgemein","tag-export","tag-konjunktur","tag-vermischtes","tag-wirtschaftspolitik"],"acf":[],"yoast_head":"<!-- This site is optimized with the Yoast SEO plugin v27.5 - https:\/\/yoast.com\/product\/yoast-seo-wordpress\/ -->\n<title>Schweizer Export-Forecast auf hohem Niveau - Organisator<\/title>\n<meta name=\"description\" content=\"Der Export-Forecast von Euler Hermes f\u00fcr die Schweiz stand im Januar 2021 auf 0.78 Punkten. Dies deutet auf eine Erholung der Schweizer Exportindustrie hin.\" \/>\n<meta name=\"robots\" content=\"index, follow, max-snippet:-1, max-image-preview:large, max-video-preview:-1\" \/>\n<link rel=\"canonical\" href=\"https:\/\/www.organisator.ch\/de\/allgemein\/2021-02-24\/schweizer-export-forecast-auf-hohem-niveau\/\" \/>\n<meta property=\"og:locale\" content=\"de_DE\" \/>\n<meta property=\"og:type\" content=\"article\" \/>\n<meta property=\"og:title\" content=\"Schweizer Export-Forecast auf hohem Niveau\" \/>\n<meta property=\"og:description\" content=\"Der Export-Forecast von Euler Hermes f\u00fcr die Schweiz stand im Januar 2021 auf 0.78 Punkten. Dies deutet auf eine Erholung der Schweizer Exportindustrie hin.\" \/>\n<meta property=\"og:url\" content=\"https:\/\/www.organisator.ch\/de\/allgemein\/2021-02-24\/schweizer-export-forecast-auf-hohem-niveau\/\" \/>\n<meta property=\"og:site_name\" content=\"Organisator\" \/>\n<meta property=\"article:publisher\" content=\"https:\/\/www.facebook.com\/OrganisatorFachmagazin\" \/>\n<meta property=\"article:published_time\" content=\"2021-02-24T08:29:37+00:00\" \/>\n<meta property=\"og:image\" content=\"https:\/\/www.organisator.ch\/wp-content\/uploads\/2021\/02\/Schweizer-Export-Forecast-auf-hohem-Niveau-1_Organisator.jpg\" \/>\n\t<meta property=\"og:image:width\" content=\"680\" \/>\n\t<meta property=\"og:image:height\" content=\"522\" \/>\n\t<meta property=\"og:image:type\" content=\"image\/jpeg\" \/>\n<meta name=\"author\" content=\"thomas.berner\" \/>\n<meta name=\"twitter:card\" content=\"summary_large_image\" \/>\n<meta name=\"twitter:title\" content=\"Schweizer #Export-Forecast auf hohem Niveau\" \/>\n<meta name=\"twitter:description\" content=\"Der #Export-Forecast von Euler Hermes f\u00fcr die Schweiz stand im Januar 2021 auf 0.78 Punkten. Dies deutet auf eine Erholung der Schweizer #Exportindustrie hin.\" \/>\n<meta name=\"twitter:image\" content=\"https:\/\/www.organisator.ch\/wp-content\/uploads\/2021\/02\/Schweizer-Export-Forecast-auf-hohem-Niveau-2_Organisator.jpg\" \/>\n<script type=\"application\/ld+json\" class=\"yoast-schema-graph\">{\"@context\":\"https:\\\/\\\/schema.org\",\"@graph\":[{\"@type\":\"Article\",\"@id\":\"https:\\\/\\\/www.organisator.ch\\\/de\\\/allgemein\\\/2021-02-24\\\/schweizer-export-forecast-auf-hohem-niveau\\\/#article\",\"isPartOf\":{\"@id\":\"https:\\\/\\\/www.organisator.ch\\\/de\\\/allgemein\\\/2021-02-24\\\/schweizer-export-forecast-auf-hohem-niveau\\\/\"},\"author\":{\"name\":\"thomas.berner\",\"@id\":\"https:\\\/\\\/www.organisator.ch\\\/#\\\/schema\\\/person\\\/6f650f90b2842cd4c0cc334b4e36f67e\"},\"headline\":\"Schweizer Export-Forecast auf hohem Niveau\",\"datePublished\":\"2021-02-24T08:29:37+00:00\",\"mainEntityOfPage\":{\"@id\":\"https:\\\/\\\/www.organisator.ch\\\/de\\\/allgemein\\\/2021-02-24\\\/schweizer-export-forecast-auf-hohem-niveau\\\/\"},\"wordCount\":593,\"publisher\":{\"@id\":\"https:\\\/\\\/www.organisator.ch\\\/#organization\"},\"image\":{\"@id\":\"https:\\\/\\\/www.organisator.ch\\\/de\\\/allgemein\\\/2021-02-24\\\/schweizer-export-forecast-auf-hohem-niveau\\\/#primaryimage\"},\"thumbnailUrl\":\"https:\\\/\\\/www.organisator.ch\\\/wp-content\\\/uploads\\\/2021\\\/02\\\/Schweizer-Export-Forecast-auf-hohem-Niveau-1_Organisator.jpg\",\"keywords\":[\"Export\",\"Konjunktur\",\"Vermischtes\",\"Wirtschaftspolitik\"],\"inLanguage\":\"de\"},{\"@type\":\"WebPage\",\"@id\":\"https:\\\/\\\/www.organisator.ch\\\/de\\\/allgemein\\\/2021-02-24\\\/schweizer-export-forecast-auf-hohem-niveau\\\/\",\"url\":\"https:\\\/\\\/www.organisator.ch\\\/de\\\/allgemein\\\/2021-02-24\\\/schweizer-export-forecast-auf-hohem-niveau\\\/\",\"name\":\"Schweizer Export-Forecast auf hohem Niveau - Organisator\",\"isPartOf\":{\"@id\":\"https:\\\/\\\/www.organisator.ch\\\/#website\"},\"primaryImageOfPage\":{\"@id\":\"https:\\\/\\\/www.organisator.ch\\\/de\\\/allgemein\\\/2021-02-24\\\/schweizer-export-forecast-auf-hohem-niveau\\\/#primaryimage\"},\"image\":{\"@id\":\"https:\\\/\\\/www.organisator.ch\\\/de\\\/allgemein\\\/2021-02-24\\\/schweizer-export-forecast-auf-hohem-niveau\\\/#primaryimage\"},\"thumbnailUrl\":\"https:\\\/\\\/www.organisator.ch\\\/wp-content\\\/uploads\\\/2021\\\/02\\\/Schweizer-Export-Forecast-auf-hohem-Niveau-1_Organisator.jpg\",\"datePublished\":\"2021-02-24T08:29:37+00:00\",\"description\":\"Der Export-Forecast von Euler Hermes f\u00fcr die Schweiz stand im Januar 2021 auf 0.78 Punkten. Dies deutet auf eine Erholung der Schweizer Exportindustrie hin.\",\"breadcrumb\":{\"@id\":\"https:\\\/\\\/www.organisator.ch\\\/de\\\/allgemein\\\/2021-02-24\\\/schweizer-export-forecast-auf-hohem-niveau\\\/#breadcrumb\"},\"inLanguage\":\"de\",\"potentialAction\":[{\"@type\":\"ReadAction\",\"target\":[\"https:\\\/\\\/www.organisator.ch\\\/de\\\/allgemein\\\/2021-02-24\\\/schweizer-export-forecast-auf-hohem-niveau\\\/\"]}]},{\"@type\":\"ImageObject\",\"inLanguage\":\"de\",\"@id\":\"https:\\\/\\\/www.organisator.ch\\\/de\\\/allgemein\\\/2021-02-24\\\/schweizer-export-forecast-auf-hohem-niveau\\\/#primaryimage\",\"url\":\"https:\\\/\\\/www.organisator.ch\\\/wp-content\\\/uploads\\\/2021\\\/02\\\/Schweizer-Export-Forecast-auf-hohem-Niveau-1_Organisator.jpg\",\"contentUrl\":\"https:\\\/\\\/www.organisator.ch\\\/wp-content\\\/uploads\\\/2021\\\/02\\\/Schweizer-Export-Forecast-auf-hohem-Niveau-1_Organisator.jpg\",\"width\":680,\"height\":522,\"caption\":\"Viel wird per Luftfracht transportiert: Der Export-Forecast von Euler Hermes prognostiziert f\u00fcr die Schweiz eine deutliche Erholung ab dem 2. Quartal 2021. (Bild: zVg \\\/ Euler Hermes)\"},{\"@type\":\"BreadcrumbList\",\"@id\":\"https:\\\/\\\/www.organisator.ch\\\/de\\\/allgemein\\\/2021-02-24\\\/schweizer-export-forecast-auf-hohem-niveau\\\/#breadcrumb\",\"itemListElement\":[{\"@type\":\"ListItem\",\"position\":1,\"name\":\"Home\",\"item\":\"https:\\\/\\\/www.organisator.ch\\\/\"},{\"@type\":\"ListItem\",\"position\":2,\"name\":\"Schweizer Export-Forecast auf hohem Niveau\"}]},{\"@type\":\"WebSite\",\"@id\":\"https:\\\/\\\/www.organisator.ch\\\/#website\",\"url\":\"https:\\\/\\\/www.organisator.ch\\\/\",\"name\":\"Organisator\",\"description\":\"Kompetent. Praxisnah. Der ORGANISATOR bereitet in 10 Ausgaben pro Jahr die wesentlichen Themen f\u00fcr F\u00fchrungskr\u00e4fte von KMU auf.\",\"publisher\":{\"@id\":\"https:\\\/\\\/www.organisator.ch\\\/#organization\"},\"potentialAction\":[{\"@type\":\"SearchAction\",\"target\":{\"@type\":\"EntryPoint\",\"urlTemplate\":\"https:\\\/\\\/www.organisator.ch\\\/?s={search_term_string}\"},\"query-input\":{\"@type\":\"PropertyValueSpecification\",\"valueRequired\":true,\"valueName\":\"search_term_string\"}}],\"inLanguage\":\"de\"},{\"@type\":\"Organization\",\"@id\":\"https:\\\/\\\/www.organisator.ch\\\/#organization\",\"name\":\"Organisator\",\"url\":\"https:\\\/\\\/www.organisator.ch\\\/\",\"logo\":{\"@type\":\"ImageObject\",\"inLanguage\":\"de\",\"@id\":\"https:\\\/\\\/www.organisator.ch\\\/#\\\/schema\\\/logo\\\/image\\\/\",\"url\":\"https:\\\/\\\/www.organisator.ch\\\/wp-content\\\/uploads\\\/2022\\\/01\\\/Logo_Organisator_Website.png\",\"contentUrl\":\"https:\\\/\\\/www.organisator.ch\\\/wp-content\\\/uploads\\\/2022\\\/01\\\/Logo_Organisator_Website.png\",\"width\":800,\"height\":77,\"caption\":\"Organisator\"},\"image\":{\"@id\":\"https:\\\/\\\/www.organisator.ch\\\/#\\\/schema\\\/logo\\\/image\\\/\"},\"sameAs\":[\"https:\\\/\\\/www.facebook.com\\\/OrganisatorFachmagazin\",\"https:\\\/\\\/www.linkedin.com\\\/showcase\\\/organisator-das-magazin-fr-kmu\",\"https:\\\/\\\/www.xing.com\\\/news\\\/pages\\\/organisator-ch-695\",\"https:\\\/\\\/www.youtube.com\\\/channel\\\/UCGP2Sq0iWaZwT3BdIAQFYpw\"]},{\"@type\":\"Person\",\"@id\":\"https:\\\/\\\/www.organisator.ch\\\/#\\\/schema\\\/person\\\/6f650f90b2842cd4c0cc334b4e36f67e\",\"name\":\"thomas.berner\",\"image\":{\"@type\":\"ImageObject\",\"inLanguage\":\"de\",\"@id\":\"https:\\\/\\\/secure.gravatar.com\\\/avatar\\\/ac5001d2a36cb6c6cd3e50789007ffca834b477b74a2144564522e944eabff61?s=96&d=mm&r=g\",\"url\":\"https:\\\/\\\/secure.gravatar.com\\\/avatar\\\/ac5001d2a36cb6c6cd3e50789007ffca834b477b74a2144564522e944eabff61?s=96&d=mm&r=g\",\"contentUrl\":\"https:\\\/\\\/secure.gravatar.com\\\/avatar\\\/ac5001d2a36cb6c6cd3e50789007ffca834b477b74a2144564522e944eabff61?s=96&d=mm&r=g\",\"caption\":\"thomas.berner\"},\"url\":\"https:\\\/\\\/www.organisator.ch\\\/de\\\/author\\\/thomas-berner\\\/\"}]}<\/script>\n<!-- \/ Yoast SEO plugin. -->","yoast_head_json":{"title":"Schweizer Export-Forecast auf hohem Niveau - Organisator","description":"Der Export-Forecast von Euler Hermes f\u00fcr die Schweiz stand im Januar 2021 auf 0.78 Punkten. Dies deutet auf eine Erholung der Schweizer Exportindustrie hin.","robots":{"index":"index","follow":"follow","max-snippet":"max-snippet:-1","max-image-preview":"max-image-preview:large","max-video-preview":"max-video-preview:-1"},"canonical":"https:\/\/www.organisator.ch\/de\/allgemein\/2021-02-24\/schweizer-export-forecast-auf-hohem-niveau\/","og_locale":"de_DE","og_type":"article","og_title":"Schweizer Export-Forecast auf hohem Niveau","og_description":"Der Export-Forecast von Euler Hermes f\u00fcr die Schweiz stand im Januar 2021 auf 0.78 Punkten. Dies deutet auf eine Erholung der Schweizer Exportindustrie hin.","og_url":"https:\/\/www.organisator.ch\/de\/allgemein\/2021-02-24\/schweizer-export-forecast-auf-hohem-niveau\/","og_site_name":"Organisator","article_publisher":"https:\/\/www.facebook.com\/OrganisatorFachmagazin","article_published_time":"2021-02-24T08:29:37+00:00","og_image":[{"width":680,"height":522,"url":"https:\/\/www.organisator.ch\/wp-content\/uploads\/2021\/02\/Schweizer-Export-Forecast-auf-hohem-Niveau-1_Organisator.jpg","type":"image\/jpeg"}],"author":"thomas.berner","twitter_card":"summary_large_image","twitter_title":"Schweizer #Export-Forecast auf hohem Niveau","twitter_description":"Der #Export-Forecast von Euler Hermes f\u00fcr die Schweiz stand im Januar 2021 auf 0.78 Punkten. Dies deutet auf eine Erholung der Schweizer #Exportindustrie hin.","twitter_image":"https:\/\/www.organisator.ch\/wp-content\/uploads\/2021\/02\/Schweizer-Export-Forecast-auf-hohem-Niveau-2_Organisator.jpg","schema":{"@context":"https:\/\/schema.org","@graph":[{"@type":"Article","@id":"https:\/\/www.organisator.ch\/de\/allgemein\/2021-02-24\/schweizer-export-forecast-auf-hohem-niveau\/#article","isPartOf":{"@id":"https:\/\/www.organisator.ch\/de\/allgemein\/2021-02-24\/schweizer-export-forecast-auf-hohem-niveau\/"},"author":{"name":"thomas.berner","@id":"https:\/\/www.organisator.ch\/#\/schema\/person\/6f650f90b2842cd4c0cc334b4e36f67e"},"headline":"Schweizer Export-Forecast auf hohem Niveau","datePublished":"2021-02-24T08:29:37+00:00","mainEntityOfPage":{"@id":"https:\/\/www.organisator.ch\/de\/allgemein\/2021-02-24\/schweizer-export-forecast-auf-hohem-niveau\/"},"wordCount":593,"publisher":{"@id":"https:\/\/www.organisator.ch\/#organization"},"image":{"@id":"https:\/\/www.organisator.ch\/de\/allgemein\/2021-02-24\/schweizer-export-forecast-auf-hohem-niveau\/#primaryimage"},"thumbnailUrl":"https:\/\/www.organisator.ch\/wp-content\/uploads\/2021\/02\/Schweizer-Export-Forecast-auf-hohem-Niveau-1_Organisator.jpg","keywords":["Export","Konjunktur","Vermischtes","Wirtschaftspolitik"],"inLanguage":"de"},{"@type":"WebPage","@id":"https:\/\/www.organisator.ch\/de\/allgemein\/2021-02-24\/schweizer-export-forecast-auf-hohem-niveau\/","url":"https:\/\/www.organisator.ch\/de\/allgemein\/2021-02-24\/schweizer-export-forecast-auf-hohem-niveau\/","name":"Schweizer Export-Forecast auf hohem Niveau - Organisator","isPartOf":{"@id":"https:\/\/www.organisator.ch\/#website"},"primaryImageOfPage":{"@id":"https:\/\/www.organisator.ch\/de\/allgemein\/2021-02-24\/schweizer-export-forecast-auf-hohem-niveau\/#primaryimage"},"image":{"@id":"https:\/\/www.organisator.ch\/de\/allgemein\/2021-02-24\/schweizer-export-forecast-auf-hohem-niveau\/#primaryimage"},"thumbnailUrl":"https:\/\/www.organisator.ch\/wp-content\/uploads\/2021\/02\/Schweizer-Export-Forecast-auf-hohem-Niveau-1_Organisator.jpg","datePublished":"2021-02-24T08:29:37+00:00","description":"Der Export-Forecast von Euler Hermes f\u00fcr die Schweiz stand im Januar 2021 auf 0.78 Punkten. Dies deutet auf eine Erholung der Schweizer Exportindustrie hin.","breadcrumb":{"@id":"https:\/\/www.organisator.ch\/de\/allgemein\/2021-02-24\/schweizer-export-forecast-auf-hohem-niveau\/#breadcrumb"},"inLanguage":"de","potentialAction":[{"@type":"ReadAction","target":["https:\/\/www.organisator.ch\/de\/allgemein\/2021-02-24\/schweizer-export-forecast-auf-hohem-niveau\/"]}]},{"@type":"ImageObject","inLanguage":"de","@id":"https:\/\/www.organisator.ch\/de\/allgemein\/2021-02-24\/schweizer-export-forecast-auf-hohem-niveau\/#primaryimage","url":"https:\/\/www.organisator.ch\/wp-content\/uploads\/2021\/02\/Schweizer-Export-Forecast-auf-hohem-Niveau-1_Organisator.jpg","contentUrl":"https:\/\/www.organisator.ch\/wp-content\/uploads\/2021\/02\/Schweizer-Export-Forecast-auf-hohem-Niveau-1_Organisator.jpg","width":680,"height":522,"caption":"Viel wird per Luftfracht transportiert: Der Export-Forecast von Euler Hermes prognostiziert f\u00fcr die Schweiz eine deutliche Erholung ab dem 2. Quartal 2021. (Bild: zVg \/ Euler Hermes)"},{"@type":"BreadcrumbList","@id":"https:\/\/www.organisator.ch\/de\/allgemein\/2021-02-24\/schweizer-export-forecast-auf-hohem-niveau\/#breadcrumb","itemListElement":[{"@type":"ListItem","position":1,"name":"Home","item":"https:\/\/www.organisator.ch\/"},{"@type":"ListItem","position":2,"name":"Schweizer Export-Forecast auf hohem Niveau"}]},{"@type":"WebSite","@id":"https:\/\/www.organisator.ch\/#website","url":"https:\/\/www.organisator.ch\/","name":"Organisator","description":"Kompetent. Praxisnah. Der ORGANISATOR bereitet in 10 Ausgaben pro Jahr die wesentlichen Themen f\u00fcr F\u00fchrungskr\u00e4fte von KMU auf.","publisher":{"@id":"https:\/\/www.organisator.ch\/#organization"},"potentialAction":[{"@type":"SearchAction","target":{"@type":"EntryPoint","urlTemplate":"https:\/\/www.organisator.ch\/?s={search_term_string}"},"query-input":{"@type":"PropertyValueSpecification","valueRequired":true,"valueName":"search_term_string"}}],"inLanguage":"de"},{"@type":"Organization","@id":"https:\/\/www.organisator.ch\/#organization","name":"Organisator","url":"https:\/\/www.organisator.ch\/","logo":{"@type":"ImageObject","inLanguage":"de","@id":"https:\/\/www.organisator.ch\/#\/schema\/logo\/image\/","url":"https:\/\/www.organisator.ch\/wp-content\/uploads\/2022\/01\/Logo_Organisator_Website.png","contentUrl":"https:\/\/www.organisator.ch\/wp-content\/uploads\/2022\/01\/Logo_Organisator_Website.png","width":800,"height":77,"caption":"Organisator"},"image":{"@id":"https:\/\/www.organisator.ch\/#\/schema\/logo\/image\/"},"sameAs":["https:\/\/www.facebook.com\/OrganisatorFachmagazin","https:\/\/www.linkedin.com\/showcase\/organisator-das-magazin-fr-kmu","https:\/\/www.xing.com\/news\/pages\/organisator-ch-695","https:\/\/www.youtube.com\/channel\/UCGP2Sq0iWaZwT3BdIAQFYpw"]},{"@type":"Person","@id":"https:\/\/www.organisator.ch\/#\/schema\/person\/6f650f90b2842cd4c0cc334b4e36f67e","name":"thomas.berner","image":{"@type":"ImageObject","inLanguage":"de","@id":"https:\/\/secure.gravatar.com\/avatar\/ac5001d2a36cb6c6cd3e50789007ffca834b477b74a2144564522e944eabff61?s=96&d=mm&r=g","url":"https:\/\/secure.gravatar.com\/avatar\/ac5001d2a36cb6c6cd3e50789007ffca834b477b74a2144564522e944eabff61?s=96&d=mm&r=g","contentUrl":"https:\/\/secure.gravatar.com\/avatar\/ac5001d2a36cb6c6cd3e50789007ffca834b477b74a2144564522e944eabff61?s=96&d=mm&r=g","caption":"thomas.berner"},"url":"https:\/\/www.organisator.ch\/de\/author\/thomas-berner\/"}]}},"_links":{"self":[{"href":"https:\/\/www.organisator.ch\/de\/wp-json\/wp\/v2\/posts\/7713","targetHints":{"allow":["GET"]}}],"collection":[{"href":"https:\/\/www.organisator.ch\/de\/wp-json\/wp\/v2\/posts"}],"about":[{"href":"https:\/\/www.organisator.ch\/de\/wp-json\/wp\/v2\/types\/post"}],"author":[{"embeddable":true,"href":"https:\/\/www.organisator.ch\/de\/wp-json\/wp\/v2\/users\/4"}],"replies":[{"embeddable":true,"href":"https:\/\/www.organisator.ch\/de\/wp-json\/wp\/v2\/comments?post=7713"}],"version-history":[{"count":0,"href":"https:\/\/www.organisator.ch\/de\/wp-json\/wp\/v2\/posts\/7713\/revisions"}],"wp:featuredmedia":[{"embeddable":true,"href":"https:\/\/www.organisator.ch\/de\/wp-json\/wp\/v2\/media\/7714"}],"wp:attachment":[{"href":"https:\/\/www.organisator.ch\/de\/wp-json\/wp\/v2\/media?parent=7713"}],"wp:term":[{"taxonomy":"category","embeddable":true,"href":"https:\/\/www.organisator.ch\/de\/wp-json\/wp\/v2\/categories?post=7713"},{"taxonomy":"post_tag","embeddable":true,"href":"https:\/\/www.organisator.ch\/de\/wp-json\/wp\/v2\/tags?post=7713"}],"curies":[{"name":"wp","href":"https:\/\/api.w.org\/{rel}","templated":true}]}}