{"id":7740,"date":"2021-03-02T08:33:28","date_gmt":"2021-03-02T07:33:28","guid":{"rendered":"https:\/\/www.organisator.ch\/?p=7740"},"modified":"2021-03-02T08:33:28","modified_gmt":"2021-03-02T07:33:28","slug":"edward-snowden-nun-doch-nicht-an-den-scsd-2021","status":"publish","type":"post","link":"https:\/\/www.organisator.ch\/de\/management\/it\/2021-03-02\/edward-snowden-nun-doch-nicht-an-den-scsd-2021\/","title":{"rendered":"Edward Snowden nun doch nicht an den SCSD 2021"},"content":{"rendered":"<figure id=\"attachment_7711\" aria-describedby=\"caption-attachment-7711\" style=\"width: 680px\" class=\"wp-caption alignnone\"><img loading=\"lazy\" decoding=\"async\" class=\"size-medium wp-image-7711\" src=\"https:\/\/www.organisator.ch\/wp-content\/uploads\/2021\/02\/Edward-Snowden-an-den-Swiss-Cyber-Security-Days_Organisator.jpg\" alt=\"\" width=\"680\" height=\"383\" srcset=\"https:\/\/www.organisator.ch\/wp-content\/uploads\/2021\/02\/Edward-Snowden-an-den-Swiss-Cyber-Security-Days_Organisator.jpg 680w, https:\/\/www.organisator.ch\/wp-content\/uploads\/2021\/02\/Edward-Snowden-an-den-Swiss-Cyber-Security-Days_Organisator-16x9.jpg 16w, https:\/\/www.organisator.ch\/wp-content\/uploads\/2021\/02\/Edward-Snowden-an-den-Swiss-Cyber-Security-Days_Organisator-311x175.jpg 311w, https:\/\/www.organisator.ch\/wp-content\/uploads\/2021\/02\/Edward-Snowden-an-den-Swiss-Cyber-Security-Days_Organisator-621x350.jpg 621w, https:\/\/www.organisator.ch\/wp-content\/uploads\/2021\/02\/Edward-Snowden-an-den-Swiss-Cyber-Security-Days_Organisator-300x169.jpg 300w\" sizes=\"auto, (max-width: 680px) 100vw, 680px\" \/><figcaption id=\"caption-attachment-7711\" class=\"wp-caption-text\">Edward Snowden wird nun doch nicht an den Swiss Cyber Security Days 2021 auftreten. (Bild: Laura Poitras\/ACLU)<\/figcaption><\/figure>\n<p>Er kommt nun doch nicht: Edward Snowden, der wohl ber\u00fchmteste Whistleblower der Welt, wird nun doch nicht <a href=\"https:\/\/www.organisator.ch\/edward-snowden-an-den-swiss-cyber-security-days\/\">wie urspr\u00fcnglich angek\u00fcndigt<\/a> als Special Guest\u00a0an den Swiss Cyber Security Days (SCSD) teilnehmen. Das Organisationskomitee hat sich gegen den digitalen Auftritt des amerikanischen Whistleblowers entschieden, wie es am 26. Februar 2021 in einer Medienmitteilung hiess.\u00a0 Nachdem Edward Snowden im Januar 2020 bereits virtuell als Speaker an der ETH aufgetreten war, durften sich die Organisatoren der Swiss Cyber Security Days 2021 \u00fcber seine Zusage, virtuell als Referent aufzutreten, freuen. Nun folgt aber der R\u00fcckzieher: Die Teilnehmenden und das Umfeld der Swiss Cyber Security Days w\u00fcrden sich allerdings grundlegend von jenem der ETH unterscheiden. Dies habe bei einer zweiten kritischen Analyse dazu gef\u00fchrt, auf den zweifellos attraktiven Auftritt von Edward Snowden zu verzichten.<\/p>\n<p>Trotz allem k\u00f6nnen die Swiss Cyber Security Days mit einem reichhaltigen Programm aufwarten. Die Veranstaltung findet am 10. und 11. M\u00e4rz 2021 rein virtuell statt. Sie hat sich\u00a0zum Ziel gesetzt, als die Schweizer Plattform f\u00fcr Cyber Security wesentliche Themen zu pr\u00e4sentieren, welche die relevanten Herausforderungen im Bereich Cyber in unserer Gesellschaft bedeuten. Im Fokus stehen Politik, Wirt-schaft, Bildung und Forschung.<\/p>\n<p><a href=\"https:\/\/swisscybersecuritydays.ch\/?lang=de\"><em>Swiss Cyber Security Days<\/em><\/a><\/p>\n","protected":false},"excerpt":{"rendered":"<p>Er kommt nun doch nicht: Edward Snowden, der wohl ber\u00fchmteste Whistleblower der Welt, wird nun doch nicht wie urspr\u00fcnglich angek\u00fcndigt als Special Guest\u00a0an den Swiss Cyber Security Days (SCSD) teilnehmen. Das Organisationskomitee hat sich gegen den digitalen Auftritt des amerikanischen Whistleblowers entschieden, wie es am 26. Februar 2021 in einer Medienmitteilung hiess.\u00a0 Nachdem Edward Snowden [&hellip;]<\/p>\n","protected":false},"author":4,"featured_media":7711,"comment_status":"closed","ping_status":"closed","sticky":false,"template":"","format":"standard","meta":{"_acf_changed":false,"_yoast_wpseo_focuskw":"Edward Snowden","_yoast_wpseo_metadesc":"Die Swiss Cyber Security Days finden nun doch ohne Edward Snowden statt. Dies teilen die Veranstalter der SCSD 2021 in einem kurzen Communiqu\u00e9 mit.","articlekey":"","footnotes":""},"categories":[27],"tags":[193,260,286,502],"class_list":["post-7740","post","type-post","status-publish","format-standard","has-post-thumbnail","hentry","category-it","tag-fachkongressfachmesse","tag-ict-sicherheit","tag-it","tag-veranstaltungen"],"acf":[],"yoast_head":"<!-- This site is optimized with the Yoast SEO plugin v27.5 - https:\/\/yoast.com\/product\/yoast-seo-wordpress\/ -->\n<title>Edward Snowden nun doch nicht an den SCSD 2021 - Organisator<\/title>\n<meta name=\"description\" content=\"Die Swiss Cyber Security Days finden nun doch ohne Edward Snowden statt. Dies teilen die Veranstalter der SCSD 2021 in einem kurzen Communiqu\u00e9 mit.\" \/>\n<meta name=\"robots\" content=\"index, follow, max-snippet:-1, max-image-preview:large, max-video-preview:-1\" \/>\n<link rel=\"canonical\" href=\"https:\/\/www.organisator.ch\/de\/management\/it\/2021-03-02\/edward-snowden-nun-doch-nicht-an-den-scsd-2021\/\" \/>\n<meta property=\"og:locale\" content=\"de_DE\" \/>\n<meta property=\"og:type\" content=\"article\" \/>\n<meta property=\"og:title\" content=\"Edward Snowden nun doch nicht an den SCSD 2021\" \/>\n<meta property=\"og:description\" content=\"Die Swiss Cyber Security Days finden nun doch ohne Edward Snowden statt. Dies teilen die Veranstalter der SCSD 2021 in einem kurzen Communiqu\u00e9 mit.\" \/>\n<meta property=\"og:url\" content=\"https:\/\/www.organisator.ch\/de\/management\/it\/2021-03-02\/edward-snowden-nun-doch-nicht-an-den-scsd-2021\/\" \/>\n<meta property=\"og:site_name\" content=\"Organisator\" \/>\n<meta property=\"article:publisher\" content=\"https:\/\/www.facebook.com\/OrganisatorFachmagazin\" \/>\n<meta property=\"article:published_time\" content=\"2021-03-02T07:33:28+00:00\" \/>\n<meta property=\"og:image\" content=\"https:\/\/www.organisator.ch\/wp-content\/uploads\/2021\/02\/Edward-Snowden-an-den-Swiss-Cyber-Security-Days_Organisator.jpg\" \/>\n\t<meta property=\"og:image:width\" content=\"680\" \/>\n\t<meta property=\"og:image:height\" content=\"383\" \/>\n\t<meta property=\"og:image:type\" content=\"image\/jpeg\" \/>\n<meta name=\"author\" content=\"thomas.berner\" \/>\n<meta name=\"twitter:card\" content=\"summary_large_image\" \/>\n<meta name=\"twitter:title\" content=\"Edward #Snowden nun doch nicht an den #SCSD 2021\" \/>\n<meta name=\"twitter:description\" content=\"Die Swiss Cyber Security Days finden nun doch ohne Edward #Snowden statt. Dies teilen die Veranstalter der #SCSD 2021 in einem kurzen Communiqu\u00e9 mit.\" \/>\n<meta name=\"twitter:image\" content=\"https:\/\/www.organisator.ch\/wp-content\/uploads\/2021\/02\/Edward-Snowden-an-den-Swiss-Cyber-Security-Days_Organisator.jpg\" \/>\n<script type=\"application\/ld+json\" class=\"yoast-schema-graph\">{\"@context\":\"https:\\\/\\\/schema.org\",\"@graph\":[{\"@type\":\"Article\",\"@id\":\"https:\\\/\\\/www.organisator.ch\\\/management\\\/it\\\/2021-03-02\\\/edward-snowden-nun-doch-nicht-an-den-scsd-2021\\\/#article\",\"isPartOf\":{\"@id\":\"https:\\\/\\\/www.organisator.ch\\\/management\\\/it\\\/2021-03-02\\\/edward-snowden-nun-doch-nicht-an-den-scsd-2021\\\/\"},\"author\":{\"name\":\"thomas.berner\",\"@id\":\"https:\\\/\\\/www.organisator.ch\\\/#\\\/schema\\\/person\\\/6f650f90b2842cd4c0cc334b4e36f67e\"},\"headline\":\"Edward Snowden nun doch nicht an den SCSD 2021\",\"datePublished\":\"2021-03-02T07:33:28+00:00\",\"mainEntityOfPage\":{\"@id\":\"https:\\\/\\\/www.organisator.ch\\\/management\\\/it\\\/2021-03-02\\\/edward-snowden-nun-doch-nicht-an-den-scsd-2021\\\/\"},\"wordCount\":229,\"publisher\":{\"@id\":\"https:\\\/\\\/www.organisator.ch\\\/#organization\"},\"image\":{\"@id\":\"https:\\\/\\\/www.organisator.ch\\\/management\\\/it\\\/2021-03-02\\\/edward-snowden-nun-doch-nicht-an-den-scsd-2021\\\/#primaryimage\"},\"thumbnailUrl\":\"https:\\\/\\\/www.organisator.ch\\\/wp-content\\\/uploads\\\/2021\\\/02\\\/Edward-Snowden-an-den-Swiss-Cyber-Security-Days_Organisator.jpg\",\"keywords\":[\"Fachkongress\\\/Fachmesse\",\"ICT-Sicherheit\",\"IT\",\"Veranstaltungen\"],\"articleSection\":[\"IT\"],\"inLanguage\":\"de\"},{\"@type\":\"WebPage\",\"@id\":\"https:\\\/\\\/www.organisator.ch\\\/management\\\/it\\\/2021-03-02\\\/edward-snowden-nun-doch-nicht-an-den-scsd-2021\\\/\",\"url\":\"https:\\\/\\\/www.organisator.ch\\\/management\\\/it\\\/2021-03-02\\\/edward-snowden-nun-doch-nicht-an-den-scsd-2021\\\/\",\"name\":\"Edward Snowden nun doch nicht an den SCSD 2021 - Organisator\",\"isPartOf\":{\"@id\":\"https:\\\/\\\/www.organisator.ch\\\/#website\"},\"primaryImageOfPage\":{\"@id\":\"https:\\\/\\\/www.organisator.ch\\\/management\\\/it\\\/2021-03-02\\\/edward-snowden-nun-doch-nicht-an-den-scsd-2021\\\/#primaryimage\"},\"image\":{\"@id\":\"https:\\\/\\\/www.organisator.ch\\\/management\\\/it\\\/2021-03-02\\\/edward-snowden-nun-doch-nicht-an-den-scsd-2021\\\/#primaryimage\"},\"thumbnailUrl\":\"https:\\\/\\\/www.organisator.ch\\\/wp-content\\\/uploads\\\/2021\\\/02\\\/Edward-Snowden-an-den-Swiss-Cyber-Security-Days_Organisator.jpg\",\"datePublished\":\"2021-03-02T07:33:28+00:00\",\"description\":\"Die Swiss Cyber Security Days finden nun doch ohne Edward Snowden statt. Dies teilen die Veranstalter der SCSD 2021 in einem kurzen Communiqu\u00e9 mit.\",\"breadcrumb\":{\"@id\":\"https:\\\/\\\/www.organisator.ch\\\/management\\\/it\\\/2021-03-02\\\/edward-snowden-nun-doch-nicht-an-den-scsd-2021\\\/#breadcrumb\"},\"inLanguage\":\"de\",\"potentialAction\":[{\"@type\":\"ReadAction\",\"target\":[\"https:\\\/\\\/www.organisator.ch\\\/management\\\/it\\\/2021-03-02\\\/edward-snowden-nun-doch-nicht-an-den-scsd-2021\\\/\"]}]},{\"@type\":\"ImageObject\",\"inLanguage\":\"de\",\"@id\":\"https:\\\/\\\/www.organisator.ch\\\/management\\\/it\\\/2021-03-02\\\/edward-snowden-nun-doch-nicht-an-den-scsd-2021\\\/#primaryimage\",\"url\":\"https:\\\/\\\/www.organisator.ch\\\/wp-content\\\/uploads\\\/2021\\\/02\\\/Edward-Snowden-an-den-Swiss-Cyber-Security-Days_Organisator.jpg\",\"contentUrl\":\"https:\\\/\\\/www.organisator.ch\\\/wp-content\\\/uploads\\\/2021\\\/02\\\/Edward-Snowden-an-den-Swiss-Cyber-Security-Days_Organisator.jpg\",\"width\":680,\"height\":383,\"caption\":\"Edward Snowden wird an den Swiss Cyber Security Days 2021 live zugeschaltet. (Bild: Laura Poitras\\\/ACLU)\"},{\"@type\":\"BreadcrumbList\",\"@id\":\"https:\\\/\\\/www.organisator.ch\\\/management\\\/it\\\/2021-03-02\\\/edward-snowden-nun-doch-nicht-an-den-scsd-2021\\\/#breadcrumb\",\"itemListElement\":[{\"@type\":\"ListItem\",\"position\":1,\"name\":\"Home\",\"item\":\"https:\\\/\\\/www.organisator.ch\\\/\"},{\"@type\":\"ListItem\",\"position\":2,\"name\":\"Edward Snowden nun doch nicht an den SCSD 2021\"}]},{\"@type\":\"WebSite\",\"@id\":\"https:\\\/\\\/www.organisator.ch\\\/#website\",\"url\":\"https:\\\/\\\/www.organisator.ch\\\/\",\"name\":\"Organisator\",\"description\":\"Kompetent. Praxisnah. Der ORGANISATOR bereitet in 10 Ausgaben pro Jahr die wesentlichen Themen f\u00fcr F\u00fchrungskr\u00e4fte von KMU auf.\",\"publisher\":{\"@id\":\"https:\\\/\\\/www.organisator.ch\\\/#organization\"},\"potentialAction\":[{\"@type\":\"SearchAction\",\"target\":{\"@type\":\"EntryPoint\",\"urlTemplate\":\"https:\\\/\\\/www.organisator.ch\\\/?s={search_term_string}\"},\"query-input\":{\"@type\":\"PropertyValueSpecification\",\"valueRequired\":true,\"valueName\":\"search_term_string\"}}],\"inLanguage\":\"de\"},{\"@type\":\"Organization\",\"@id\":\"https:\\\/\\\/www.organisator.ch\\\/#organization\",\"name\":\"Organisator\",\"url\":\"https:\\\/\\\/www.organisator.ch\\\/\",\"logo\":{\"@type\":\"ImageObject\",\"inLanguage\":\"de\",\"@id\":\"https:\\\/\\\/www.organisator.ch\\\/#\\\/schema\\\/logo\\\/image\\\/\",\"url\":\"https:\\\/\\\/www.organisator.ch\\\/wp-content\\\/uploads\\\/2022\\\/01\\\/Logo_Organisator_Website.png\",\"contentUrl\":\"https:\\\/\\\/www.organisator.ch\\\/wp-content\\\/uploads\\\/2022\\\/01\\\/Logo_Organisator_Website.png\",\"width\":800,\"height\":77,\"caption\":\"Organisator\"},\"image\":{\"@id\":\"https:\\\/\\\/www.organisator.ch\\\/#\\\/schema\\\/logo\\\/image\\\/\"},\"sameAs\":[\"https:\\\/\\\/www.facebook.com\\\/OrganisatorFachmagazin\",\"https:\\\/\\\/www.linkedin.com\\\/showcase\\\/organisator-das-magazin-fr-kmu\",\"https:\\\/\\\/www.xing.com\\\/news\\\/pages\\\/organisator-ch-695\",\"https:\\\/\\\/www.youtube.com\\\/channel\\\/UCGP2Sq0iWaZwT3BdIAQFYpw\"]},{\"@type\":\"Person\",\"@id\":\"https:\\\/\\\/www.organisator.ch\\\/#\\\/schema\\\/person\\\/6f650f90b2842cd4c0cc334b4e36f67e\",\"name\":\"thomas.berner\",\"image\":{\"@type\":\"ImageObject\",\"inLanguage\":\"de\",\"@id\":\"https:\\\/\\\/secure.gravatar.com\\\/avatar\\\/ac5001d2a36cb6c6cd3e50789007ffca834b477b74a2144564522e944eabff61?s=96&d=mm&r=g\",\"url\":\"https:\\\/\\\/secure.gravatar.com\\\/avatar\\\/ac5001d2a36cb6c6cd3e50789007ffca834b477b74a2144564522e944eabff61?s=96&d=mm&r=g\",\"contentUrl\":\"https:\\\/\\\/secure.gravatar.com\\\/avatar\\\/ac5001d2a36cb6c6cd3e50789007ffca834b477b74a2144564522e944eabff61?s=96&d=mm&r=g\",\"caption\":\"thomas.berner\"},\"url\":\"https:\\\/\\\/www.organisator.ch\\\/de\\\/author\\\/thomas-berner\\\/\"}]}<\/script>\n<!-- \/ Yoast SEO plugin. -->","yoast_head_json":{"title":"Edward Snowden nun doch nicht an den SCSD 2021 - Organisator","description":"Die Swiss Cyber Security Days finden nun doch ohne Edward Snowden statt. Dies teilen die Veranstalter der SCSD 2021 in einem kurzen Communiqu\u00e9 mit.","robots":{"index":"index","follow":"follow","max-snippet":"max-snippet:-1","max-image-preview":"max-image-preview:large","max-video-preview":"max-video-preview:-1"},"canonical":"https:\/\/www.organisator.ch\/de\/management\/it\/2021-03-02\/edward-snowden-nun-doch-nicht-an-den-scsd-2021\/","og_locale":"de_DE","og_type":"article","og_title":"Edward Snowden nun doch nicht an den SCSD 2021","og_description":"Die Swiss Cyber Security Days finden nun doch ohne Edward Snowden statt. Dies teilen die Veranstalter der SCSD 2021 in einem kurzen Communiqu\u00e9 mit.","og_url":"https:\/\/www.organisator.ch\/de\/management\/it\/2021-03-02\/edward-snowden-nun-doch-nicht-an-den-scsd-2021\/","og_site_name":"Organisator","article_publisher":"https:\/\/www.facebook.com\/OrganisatorFachmagazin","article_published_time":"2021-03-02T07:33:28+00:00","og_image":[{"width":680,"height":383,"url":"https:\/\/www.organisator.ch\/wp-content\/uploads\/2021\/02\/Edward-Snowden-an-den-Swiss-Cyber-Security-Days_Organisator.jpg","type":"image\/jpeg"}],"author":"thomas.berner","twitter_card":"summary_large_image","twitter_title":"Edward #Snowden nun doch nicht an den #SCSD 2021","twitter_description":"Die Swiss Cyber Security Days finden nun doch ohne Edward #Snowden statt. Dies teilen die Veranstalter der #SCSD 2021 in einem kurzen Communiqu\u00e9 mit.","twitter_image":"https:\/\/www.organisator.ch\/wp-content\/uploads\/2021\/02\/Edward-Snowden-an-den-Swiss-Cyber-Security-Days_Organisator.jpg","schema":{"@context":"https:\/\/schema.org","@graph":[{"@type":"Article","@id":"https:\/\/www.organisator.ch\/management\/it\/2021-03-02\/edward-snowden-nun-doch-nicht-an-den-scsd-2021\/#article","isPartOf":{"@id":"https:\/\/www.organisator.ch\/management\/it\/2021-03-02\/edward-snowden-nun-doch-nicht-an-den-scsd-2021\/"},"author":{"name":"thomas.berner","@id":"https:\/\/www.organisator.ch\/#\/schema\/person\/6f650f90b2842cd4c0cc334b4e36f67e"},"headline":"Edward Snowden nun doch nicht an den SCSD 2021","datePublished":"2021-03-02T07:33:28+00:00","mainEntityOfPage":{"@id":"https:\/\/www.organisator.ch\/management\/it\/2021-03-02\/edward-snowden-nun-doch-nicht-an-den-scsd-2021\/"},"wordCount":229,"publisher":{"@id":"https:\/\/www.organisator.ch\/#organization"},"image":{"@id":"https:\/\/www.organisator.ch\/management\/it\/2021-03-02\/edward-snowden-nun-doch-nicht-an-den-scsd-2021\/#primaryimage"},"thumbnailUrl":"https:\/\/www.organisator.ch\/wp-content\/uploads\/2021\/02\/Edward-Snowden-an-den-Swiss-Cyber-Security-Days_Organisator.jpg","keywords":["Fachkongress\/Fachmesse","ICT-Sicherheit","IT","Veranstaltungen"],"articleSection":["IT"],"inLanguage":"de"},{"@type":"WebPage","@id":"https:\/\/www.organisator.ch\/management\/it\/2021-03-02\/edward-snowden-nun-doch-nicht-an-den-scsd-2021\/","url":"https:\/\/www.organisator.ch\/management\/it\/2021-03-02\/edward-snowden-nun-doch-nicht-an-den-scsd-2021\/","name":"Edward Snowden nun doch nicht an den SCSD 2021 - Organisator","isPartOf":{"@id":"https:\/\/www.organisator.ch\/#website"},"primaryImageOfPage":{"@id":"https:\/\/www.organisator.ch\/management\/it\/2021-03-02\/edward-snowden-nun-doch-nicht-an-den-scsd-2021\/#primaryimage"},"image":{"@id":"https:\/\/www.organisator.ch\/management\/it\/2021-03-02\/edward-snowden-nun-doch-nicht-an-den-scsd-2021\/#primaryimage"},"thumbnailUrl":"https:\/\/www.organisator.ch\/wp-content\/uploads\/2021\/02\/Edward-Snowden-an-den-Swiss-Cyber-Security-Days_Organisator.jpg","datePublished":"2021-03-02T07:33:28+00:00","description":"Die Swiss Cyber Security Days finden nun doch ohne Edward Snowden statt. Dies teilen die Veranstalter der SCSD 2021 in einem kurzen Communiqu\u00e9 mit.","breadcrumb":{"@id":"https:\/\/www.organisator.ch\/management\/it\/2021-03-02\/edward-snowden-nun-doch-nicht-an-den-scsd-2021\/#breadcrumb"},"inLanguage":"de","potentialAction":[{"@type":"ReadAction","target":["https:\/\/www.organisator.ch\/management\/it\/2021-03-02\/edward-snowden-nun-doch-nicht-an-den-scsd-2021\/"]}]},{"@type":"ImageObject","inLanguage":"de","@id":"https:\/\/www.organisator.ch\/management\/it\/2021-03-02\/edward-snowden-nun-doch-nicht-an-den-scsd-2021\/#primaryimage","url":"https:\/\/www.organisator.ch\/wp-content\/uploads\/2021\/02\/Edward-Snowden-an-den-Swiss-Cyber-Security-Days_Organisator.jpg","contentUrl":"https:\/\/www.organisator.ch\/wp-content\/uploads\/2021\/02\/Edward-Snowden-an-den-Swiss-Cyber-Security-Days_Organisator.jpg","width":680,"height":383,"caption":"Edward Snowden wird an den Swiss Cyber Security Days 2021 live zugeschaltet. (Bild: Laura Poitras\/ACLU)"},{"@type":"BreadcrumbList","@id":"https:\/\/www.organisator.ch\/management\/it\/2021-03-02\/edward-snowden-nun-doch-nicht-an-den-scsd-2021\/#breadcrumb","itemListElement":[{"@type":"ListItem","position":1,"name":"Home","item":"https:\/\/www.organisator.ch\/"},{"@type":"ListItem","position":2,"name":"Edward Snowden nun doch nicht an den SCSD 2021"}]},{"@type":"WebSite","@id":"https:\/\/www.organisator.ch\/#website","url":"https:\/\/www.organisator.ch\/","name":"Organisator","description":"Kompetent. Praxisnah. Der ORGANISATOR bereitet in 10 Ausgaben pro Jahr die wesentlichen Themen f\u00fcr F\u00fchrungskr\u00e4fte von KMU auf.","publisher":{"@id":"https:\/\/www.organisator.ch\/#organization"},"potentialAction":[{"@type":"SearchAction","target":{"@type":"EntryPoint","urlTemplate":"https:\/\/www.organisator.ch\/?s={search_term_string}"},"query-input":{"@type":"PropertyValueSpecification","valueRequired":true,"valueName":"search_term_string"}}],"inLanguage":"de"},{"@type":"Organization","@id":"https:\/\/www.organisator.ch\/#organization","name":"Organisator","url":"https:\/\/www.organisator.ch\/","logo":{"@type":"ImageObject","inLanguage":"de","@id":"https:\/\/www.organisator.ch\/#\/schema\/logo\/image\/","url":"https:\/\/www.organisator.ch\/wp-content\/uploads\/2022\/01\/Logo_Organisator_Website.png","contentUrl":"https:\/\/www.organisator.ch\/wp-content\/uploads\/2022\/01\/Logo_Organisator_Website.png","width":800,"height":77,"caption":"Organisator"},"image":{"@id":"https:\/\/www.organisator.ch\/#\/schema\/logo\/image\/"},"sameAs":["https:\/\/www.facebook.com\/OrganisatorFachmagazin","https:\/\/www.linkedin.com\/showcase\/organisator-das-magazin-fr-kmu","https:\/\/www.xing.com\/news\/pages\/organisator-ch-695","https:\/\/www.youtube.com\/channel\/UCGP2Sq0iWaZwT3BdIAQFYpw"]},{"@type":"Person","@id":"https:\/\/www.organisator.ch\/#\/schema\/person\/6f650f90b2842cd4c0cc334b4e36f67e","name":"thomas.berner","image":{"@type":"ImageObject","inLanguage":"de","@id":"https:\/\/secure.gravatar.com\/avatar\/ac5001d2a36cb6c6cd3e50789007ffca834b477b74a2144564522e944eabff61?s=96&d=mm&r=g","url":"https:\/\/secure.gravatar.com\/avatar\/ac5001d2a36cb6c6cd3e50789007ffca834b477b74a2144564522e944eabff61?s=96&d=mm&r=g","contentUrl":"https:\/\/secure.gravatar.com\/avatar\/ac5001d2a36cb6c6cd3e50789007ffca834b477b74a2144564522e944eabff61?s=96&d=mm&r=g","caption":"thomas.berner"},"url":"https:\/\/www.organisator.ch\/de\/author\/thomas-berner\/"}]}},"_links":{"self":[{"href":"https:\/\/www.organisator.ch\/de\/wp-json\/wp\/v2\/posts\/7740","targetHints":{"allow":["GET"]}}],"collection":[{"href":"https:\/\/www.organisator.ch\/de\/wp-json\/wp\/v2\/posts"}],"about":[{"href":"https:\/\/www.organisator.ch\/de\/wp-json\/wp\/v2\/types\/post"}],"author":[{"embeddable":true,"href":"https:\/\/www.organisator.ch\/de\/wp-json\/wp\/v2\/users\/4"}],"replies":[{"embeddable":true,"href":"https:\/\/www.organisator.ch\/de\/wp-json\/wp\/v2\/comments?post=7740"}],"version-history":[{"count":0,"href":"https:\/\/www.organisator.ch\/de\/wp-json\/wp\/v2\/posts\/7740\/revisions"}],"wp:featuredmedia":[{"embeddable":true,"href":"https:\/\/www.organisator.ch\/de\/wp-json\/wp\/v2\/media\/7711"}],"wp:attachment":[{"href":"https:\/\/www.organisator.ch\/de\/wp-json\/wp\/v2\/media?parent=7740"}],"wp:term":[{"taxonomy":"category","embeddable":true,"href":"https:\/\/www.organisator.ch\/de\/wp-json\/wp\/v2\/categories?post=7740"},{"taxonomy":"post_tag","embeddable":true,"href":"https:\/\/www.organisator.ch\/de\/wp-json\/wp\/v2\/tags?post=7740"}],"curies":[{"name":"wp","href":"https:\/\/api.w.org\/{rel}","templated":true}]}}