{"id":776,"date":"2017-02-27T11:34:28","date_gmt":"2017-02-27T10:34:28","guid":{"rendered":"https:\/\/www.umweltperspektiven.ch\/?p=776"},"modified":"2022-02-09T11:05:38","modified_gmt":"2022-02-09T10:05:38","slug":"vorgezogene-recyclinggebuehr-nicht-alle-machen-mit","status":"publish","type":"post","link":"https:\/\/www.organisator.ch\/de\/sustainability\/2017-02-27\/vorgezogene-recyclinggebuehr-nicht-alle-machen-mit\/","title":{"rendered":"Vorgezogene Recyclinggeb\u00fchr: Nicht alle machen mit"},"content":{"rendered":"<figure id=\"attachment_777\" aria-describedby=\"caption-attachment-777\" style=\"width: 680px\" class=\"wp-caption alignnone\"><img loading=\"lazy\" decoding=\"async\" class=\"size-medium wp-image-777\" src=\"\/\/www.umweltperspektiven.ch\/wp-content\/uploads\/2017\/02\/E-Recycling.jpg\" alt=\"\" width=\"680\" height=\"668\" \/><figcaption id=\"caption-attachment-777\" class=\"wp-caption-text\">Eine neue Kampagne will die Bev\u00f6lkerung f\u00fcr die vorgezogene Recyclinggeb\u00fchr sensibilisieren.<\/figcaption><\/figure>\n<p>Die vorgezogene Recyclinggeb\u00fchr (vRG)\u00a0wird von den meisten H\u00e4ndlern und Importeure auf den Verkaufspreis von elektrischen Ger\u00e4ten geschlagen, um den Recyclingkreislauf von ausgedienten Ger\u00e4ten und Leuchtmitteln zu finanzieren. Pflicht ist dies allerdings nicht &#8211; und nicht alle ziehen mit.<\/p>\n<p>Die Stiftung SENS E-Recycling kritisiert dies und startet die Kampagne <a href=\"\/\/www.schliesse-den-kreis.ch\">&#8222;Schliesse den Kreis&#8220;<\/a>. Damit will sie Schweizer Konsumenten und Konsumentinnen sensibilisieren und dazu auffordern,\u00a0Elektro- und Elektronik-Haushaltger\u00e4te, Leuchten und Leuchtmittel bei SENS- und SLRS-Partnern zu kaufen und sie am Ende der Nutzungsdauer bei einem dieser Partner oder einer SENS-Sammelstelle abzugeben.<\/p>\n<p>Denn auch Altger\u00e4te, f\u00fcr die keine Recyclinggeb\u00fchr erhoben wird, landen im E-Recyclingssystem und belasten dieses, kommen aber nicht f\u00fcr die Finanzierung auf.<\/p>\n<p><strong>Freiwillige Branchenl\u00f6sung<\/strong><\/p>\n<p>\u00dcber 600\u00a0Hersteller, H\u00e4ndler und Importeure in der Schweiz fordern beim Verkauf eines Ger\u00e4ts die vRG ein und f\u00fchren sie dem E-Recycling-Kreislauf zu. Damit finanzieren sie ein \u00fcberaus dichtes und f\u00fcr Konsumenten komfortables R\u00fccknahmesystem f\u00fcr ausgediente Elektro- und Elektronikger\u00e4te, Leuchtmittel und Leuchten. Organisiert und verwaltet wird dieses System durch die beiden Stiftungen <a href=\"\/\/www.erecycling.ch\/\">SENS <\/a>und <a href=\"\/\/www.slrs.ch\">SLRS<\/a>.<\/p>\n<p>Da es sich bei den R\u00fccknahmesystemen um freiwillige Branchenl\u00f6sungen handelt, steht es den Unternehmen frei, sich daran zu beteiligen. Etliche Importeure, die Elektro- und Elektronikger\u00e4te, Leuchtmittel und Leuchten in die Schweiz einf\u00fchren, verzichten darauf, die vRG zu erheben. \u00dcber Kan\u00e4le wie kommunale Sammelstellen und den Handel landen ihre ausgedienten Ger\u00e4te dennoch oft im R\u00fccknahmesystem von SENS \u2013 werden also zulasten der zahlenden Systemteilnehmer entsorgt.<\/p>\n<p>SENS bem\u00fcht sich seit einiger Zeit, die \u00abNicht-Systemteilnehmer\u00bb zum Anschluss zu bewegen. Einige der Angesprochenen haben sich bisher explizit dagegen ausgesprochen, ihren Beitrag zur nachhaltigen L\u00f6sung f\u00fcr ihre Altger\u00e4te zu leisten. SENS geht davon aus, dass ihrem eRecycling-Kreislauf dadurch ein Ausfall von rund 1 Million Franken entsteht. Durch den Kauf von Ger\u00e4ten im Ausland, wo ebenfalls keine vRG erhoben wird, entstehen weitere Ausf\u00e4lle in H\u00f6he von sch\u00e4tzungsweise 2 bis 3 Millionen Franken (Studie<a href=\"\/\/erecycling.us15.list-manage.com\/track\/click?u=6cd97c3514495140ab638d6fa&amp;id=b9ba0dfc91&amp;e=80d24007b0\"> \u00abEinkaufstourismus und Online-Handel\u00bb<\/a>). Deshalb ver\u00f6ffentlicht SENS eine <a href=\"\/\/www.erecycling.ch\/download\/file\/fid\/1090\">regelm\u00e4ssig upgedatete Liste<\/a> dieser bewussten Verweigerer.<\/p>\n<p><strong>Fl\u00e4chendeckendes Recyclingsystem<\/strong><\/p>\n<p>Mit der vRG wird in der Schweiz ein effizientes, fl\u00e4chendeckendes Entsorgungssystem erhalten.<\/p>\n<p>Rohstoffe aus Altger\u00e4ten k\u00f6nnen zur\u00fcckgewonnen werden (zwischen 1990 und 2015 wurden im SENS eRecycling-Kreislauf beispielsweise 17 000 Tonnen Aluminium, 530 000 Tonnen Eisen und Stahl, 28 000 Tonnen Kupfer und 103 Kilo Gold gesammelt).<\/p>\n<p>Elektroschrott wird gr\u00f6sstenteils in der Schweiz recycelt und nicht in L\u00e4nder exportiert, deren Qualit\u00e4ts- und Umweltrichtlinien bei der Verschrottung nicht jenen der Schweiz entsprechen.<\/p>\n","protected":false},"excerpt":{"rendered":"<p>Die vorgezogene Recyclinggeb\u00fchr (vRG)\u00a0wird von den meisten H\u00e4ndlern und Importeure auf den Verkaufspreis von elektrischen Ger\u00e4ten geschlagen, um den Recyclingkreislauf von ausgedienten Ger\u00e4ten und Leuchtmitteln zu finanzieren. Pflicht ist dies allerdings nicht &#8211; und nicht alle ziehen mit. Die Stiftung SENS E-Recycling kritisiert dies und startet die Kampagne &#8222;Schliesse den Kreis&#8220;. Damit will sie Schweizer [&hellip;]<\/p>\n","protected":false},"author":1,"featured_media":9471,"comment_status":"open","ping_status":"open","sticky":false,"template":"","format":"standard","meta":{"_acf_changed":false,"_yoast_wpseo_focuskw":"Recyclinggeb\u00fchr","_yoast_wpseo_metadesc":"Nicht alle Hersteller und Importeure tragen die vorgezogene Recyclinggeb\u00fchr mit, belasten aber das System mit ausgedienten Ger\u00e4ten.","articlekey":"","footnotes":""},"categories":[580],"tags":[1007,293,1987,2109],"class_list":["post-776","post","type-post","status-publish","format-standard","has-post-thumbnail","hentry","category-sustainability","tag-e-recycling","tag-kampagne","tag-recycling","tag-sens"],"acf":[],"yoast_head":"<!-- This site is optimized with the Yoast SEO plugin v27.4 - https:\/\/yoast.com\/product\/yoast-seo-wordpress\/ -->\n<title>Vorgezogene Recyclinggeb\u00fchr: Nicht alle machen mit - Organisator<\/title>\n<meta name=\"description\" content=\"Nicht alle Hersteller und Importeure tragen die vorgezogene Recyclinggeb\u00fchr mit, belasten aber das System mit ausgedienten Ger\u00e4ten.\" \/>\n<meta name=\"robots\" content=\"index, follow, max-snippet:-1, max-image-preview:large, max-video-preview:-1\" \/>\n<link rel=\"canonical\" href=\"https:\/\/www.organisator.ch\/de\/sustainability\/2017-02-27\/vorgezogene-recyclinggebuehr-nicht-alle-machen-mit\/\" \/>\n<meta property=\"og:locale\" content=\"de_DE\" \/>\n<meta property=\"og:type\" content=\"article\" \/>\n<meta property=\"og:title\" content=\"Vorgezogene Recyclinggeb\u00fchr: Nicht alle machen mit - Organisator\" \/>\n<meta property=\"og:description\" content=\"Nicht alle Hersteller und Importeure tragen die vorgezogene Recyclinggeb\u00fchr mit, belasten aber das System mit ausgedienten Ger\u00e4ten.\" \/>\n<meta property=\"og:url\" content=\"https:\/\/www.organisator.ch\/de\/sustainability\/2017-02-27\/vorgezogene-recyclinggebuehr-nicht-alle-machen-mit\/\" \/>\n<meta property=\"og:site_name\" content=\"Organisator\" \/>\n<meta property=\"article:publisher\" content=\"https:\/\/www.facebook.com\/OrganisatorFachmagazin\" \/>\n<meta property=\"article:published_time\" content=\"2017-02-27T10:34:28+00:00\" \/>\n<meta property=\"article:modified_time\" content=\"2022-02-09T10:05:38+00:00\" \/>\n<meta property=\"og:image\" content=\"https:\/\/www.organisator.ch\/wp-content\/uploads\/2017\/02\/E-Recycling.jpg\" \/>\n\t<meta property=\"og:image:width\" content=\"936\" \/>\n\t<meta property=\"og:image:height\" content=\"920\" \/>\n\t<meta property=\"og:image:type\" content=\"image\/jpeg\" \/>\n<meta name=\"author\" content=\"admin\" \/>\n<meta name=\"twitter:card\" content=\"summary_large_image\" \/>\n<script type=\"application\/ld+json\" class=\"yoast-schema-graph\">{\"@context\":\"https:\\\/\\\/schema.org\",\"@graph\":[{\"@type\":\"Article\",\"@id\":\"https:\\\/\\\/www.organisator.ch\\\/sustainability\\\/2017-02-27\\\/vorgezogene-recyclinggebuehr-nicht-alle-machen-mit\\\/#article\",\"isPartOf\":{\"@id\":\"https:\\\/\\\/www.organisator.ch\\\/sustainability\\\/2017-02-27\\\/vorgezogene-recyclinggebuehr-nicht-alle-machen-mit\\\/\"},\"author\":{\"name\":\"admin\",\"@id\":\"https:\\\/\\\/www.organisator.ch\\\/#\\\/schema\\\/person\\\/aa2bace6c5c5aad60102004a50c4eb1c\"},\"headline\":\"Vorgezogene Recyclinggeb\u00fchr: Nicht alle machen mit\",\"datePublished\":\"2017-02-27T10:34:28+00:00\",\"dateModified\":\"2022-02-09T10:05:38+00:00\",\"mainEntityOfPage\":{\"@id\":\"https:\\\/\\\/www.organisator.ch\\\/sustainability\\\/2017-02-27\\\/vorgezogene-recyclinggebuehr-nicht-alle-machen-mit\\\/\"},\"wordCount\":446,\"commentCount\":0,\"publisher\":{\"@id\":\"https:\\\/\\\/www.organisator.ch\\\/#organization\"},\"image\":{\"@id\":\"https:\\\/\\\/www.organisator.ch\\\/sustainability\\\/2017-02-27\\\/vorgezogene-recyclinggebuehr-nicht-alle-machen-mit\\\/#primaryimage\"},\"thumbnailUrl\":\"https:\\\/\\\/www.organisator.ch\\\/wp-content\\\/uploads\\\/2017\\\/02\\\/E-Recycling.jpg\",\"keywords\":[\"E-Recycling\",\"Kampagne\",\"Recycling\",\"SENS\"],\"articleSection\":[\"SUSTAINABILITY\"],\"inLanguage\":\"de\"},{\"@type\":\"WebPage\",\"@id\":\"https:\\\/\\\/www.organisator.ch\\\/sustainability\\\/2017-02-27\\\/vorgezogene-recyclinggebuehr-nicht-alle-machen-mit\\\/\",\"url\":\"https:\\\/\\\/www.organisator.ch\\\/sustainability\\\/2017-02-27\\\/vorgezogene-recyclinggebuehr-nicht-alle-machen-mit\\\/\",\"name\":\"Vorgezogene Recyclinggeb\u00fchr: Nicht alle machen mit - Organisator\",\"isPartOf\":{\"@id\":\"https:\\\/\\\/www.organisator.ch\\\/#website\"},\"primaryImageOfPage\":{\"@id\":\"https:\\\/\\\/www.organisator.ch\\\/sustainability\\\/2017-02-27\\\/vorgezogene-recyclinggebuehr-nicht-alle-machen-mit\\\/#primaryimage\"},\"image\":{\"@id\":\"https:\\\/\\\/www.organisator.ch\\\/sustainability\\\/2017-02-27\\\/vorgezogene-recyclinggebuehr-nicht-alle-machen-mit\\\/#primaryimage\"},\"thumbnailUrl\":\"https:\\\/\\\/www.organisator.ch\\\/wp-content\\\/uploads\\\/2017\\\/02\\\/E-Recycling.jpg\",\"datePublished\":\"2017-02-27T10:34:28+00:00\",\"dateModified\":\"2022-02-09T10:05:38+00:00\",\"description\":\"Nicht alle Hersteller und Importeure tragen die vorgezogene Recyclinggeb\u00fchr mit, belasten aber das System mit ausgedienten Ger\u00e4ten.\",\"breadcrumb\":{\"@id\":\"https:\\\/\\\/www.organisator.ch\\\/sustainability\\\/2017-02-27\\\/vorgezogene-recyclinggebuehr-nicht-alle-machen-mit\\\/#breadcrumb\"},\"inLanguage\":\"de\",\"potentialAction\":[{\"@type\":\"ReadAction\",\"target\":[\"https:\\\/\\\/www.organisator.ch\\\/sustainability\\\/2017-02-27\\\/vorgezogene-recyclinggebuehr-nicht-alle-machen-mit\\\/\"]}]},{\"@type\":\"ImageObject\",\"inLanguage\":\"de\",\"@id\":\"https:\\\/\\\/www.organisator.ch\\\/sustainability\\\/2017-02-27\\\/vorgezogene-recyclinggebuehr-nicht-alle-machen-mit\\\/#primaryimage\",\"url\":\"https:\\\/\\\/www.organisator.ch\\\/wp-content\\\/uploads\\\/2017\\\/02\\\/E-Recycling.jpg\",\"contentUrl\":\"https:\\\/\\\/www.organisator.ch\\\/wp-content\\\/uploads\\\/2017\\\/02\\\/E-Recycling.jpg\",\"width\":936,\"height\":920,\"caption\":\"Eine neue Kampagne will die Bev\u00f6lkerung f\u00fcr die vorgezogene Recyclinggeb\u00fchr sensibilisieren.\"},{\"@type\":\"BreadcrumbList\",\"@id\":\"https:\\\/\\\/www.organisator.ch\\\/sustainability\\\/2017-02-27\\\/vorgezogene-recyclinggebuehr-nicht-alle-machen-mit\\\/#breadcrumb\",\"itemListElement\":[{\"@type\":\"ListItem\",\"position\":1,\"name\":\"Home\",\"item\":\"https:\\\/\\\/www.organisator.ch\\\/\"},{\"@type\":\"ListItem\",\"position\":2,\"name\":\"Vorgezogene Recyclinggeb\u00fchr: Nicht alle machen mit\"}]},{\"@type\":\"WebSite\",\"@id\":\"https:\\\/\\\/www.organisator.ch\\\/#website\",\"url\":\"https:\\\/\\\/www.organisator.ch\\\/\",\"name\":\"Organisator\",\"description\":\"Kompetent. Praxisnah. Der ORGANISATOR bereitet in 10 Ausgaben pro Jahr die wesentlichen Themen f\u00fcr F\u00fchrungskr\u00e4fte von KMU auf.\",\"publisher\":{\"@id\":\"https:\\\/\\\/www.organisator.ch\\\/#organization\"},\"potentialAction\":[{\"@type\":\"SearchAction\",\"target\":{\"@type\":\"EntryPoint\",\"urlTemplate\":\"https:\\\/\\\/www.organisator.ch\\\/?s={search_term_string}\"},\"query-input\":{\"@type\":\"PropertyValueSpecification\",\"valueRequired\":true,\"valueName\":\"search_term_string\"}}],\"inLanguage\":\"de\"},{\"@type\":\"Organization\",\"@id\":\"https:\\\/\\\/www.organisator.ch\\\/#organization\",\"name\":\"Organisator\",\"url\":\"https:\\\/\\\/www.organisator.ch\\\/\",\"logo\":{\"@type\":\"ImageObject\",\"inLanguage\":\"de\",\"@id\":\"https:\\\/\\\/www.organisator.ch\\\/#\\\/schema\\\/logo\\\/image\\\/\",\"url\":\"https:\\\/\\\/www.organisator.ch\\\/wp-content\\\/uploads\\\/2022\\\/01\\\/Logo_Organisator_Website.png\",\"contentUrl\":\"https:\\\/\\\/www.organisator.ch\\\/wp-content\\\/uploads\\\/2022\\\/01\\\/Logo_Organisator_Website.png\",\"width\":800,\"height\":77,\"caption\":\"Organisator\"},\"image\":{\"@id\":\"https:\\\/\\\/www.organisator.ch\\\/#\\\/schema\\\/logo\\\/image\\\/\"},\"sameAs\":[\"https:\\\/\\\/www.facebook.com\\\/OrganisatorFachmagazin\",\"https:\\\/\\\/www.linkedin.com\\\/showcase\\\/organisator-das-magazin-fr-kmu\",\"https:\\\/\\\/www.xing.com\\\/news\\\/pages\\\/organisator-ch-695\",\"https:\\\/\\\/www.youtube.com\\\/channel\\\/UCGP2Sq0iWaZwT3BdIAQFYpw\"]},{\"@type\":\"Person\",\"@id\":\"https:\\\/\\\/www.organisator.ch\\\/#\\\/schema\\\/person\\\/aa2bace6c5c5aad60102004a50c4eb1c\",\"name\":\"admin\",\"image\":{\"@type\":\"ImageObject\",\"inLanguage\":\"de\",\"@id\":\"https:\\\/\\\/secure.gravatar.com\\\/avatar\\\/ae2f4d718e6c49043e314ce431e7e645d646302a24a5ef5a8bc8e3f5a032e319?s=96&d=mm&r=g\",\"url\":\"https:\\\/\\\/secure.gravatar.com\\\/avatar\\\/ae2f4d718e6c49043e314ce431e7e645d646302a24a5ef5a8bc8e3f5a032e319?s=96&d=mm&r=g\",\"contentUrl\":\"https:\\\/\\\/secure.gravatar.com\\\/avatar\\\/ae2f4d718e6c49043e314ce431e7e645d646302a24a5ef5a8bc8e3f5a032e319?s=96&d=mm&r=g\",\"caption\":\"admin\"},\"sameAs\":[\"https:\\\/\\\/www.organisator.ch\"],\"url\":\"https:\\\/\\\/www.organisator.ch\\\/de\\\/author\\\/admin\\\/\"}]}<\/script>\n<!-- \/ Yoast SEO plugin. -->","yoast_head_json":{"title":"Vorgezogene Recyclinggeb\u00fchr: Nicht alle machen mit - Organisator","description":"Nicht alle Hersteller und Importeure tragen die vorgezogene Recyclinggeb\u00fchr mit, belasten aber das System mit ausgedienten Ger\u00e4ten.","robots":{"index":"index","follow":"follow","max-snippet":"max-snippet:-1","max-image-preview":"max-image-preview:large","max-video-preview":"max-video-preview:-1"},"canonical":"https:\/\/www.organisator.ch\/de\/sustainability\/2017-02-27\/vorgezogene-recyclinggebuehr-nicht-alle-machen-mit\/","og_locale":"de_DE","og_type":"article","og_title":"Vorgezogene Recyclinggeb\u00fchr: Nicht alle machen mit - Organisator","og_description":"Nicht alle Hersteller und Importeure tragen die vorgezogene Recyclinggeb\u00fchr mit, belasten aber das System mit ausgedienten Ger\u00e4ten.","og_url":"https:\/\/www.organisator.ch\/de\/sustainability\/2017-02-27\/vorgezogene-recyclinggebuehr-nicht-alle-machen-mit\/","og_site_name":"Organisator","article_publisher":"https:\/\/www.facebook.com\/OrganisatorFachmagazin","article_published_time":"2017-02-27T10:34:28+00:00","article_modified_time":"2022-02-09T10:05:38+00:00","og_image":[{"width":936,"height":920,"url":"https:\/\/www.organisator.ch\/wp-content\/uploads\/2017\/02\/E-Recycling.jpg","type":"image\/jpeg"}],"author":"admin","twitter_card":"summary_large_image","schema":{"@context":"https:\/\/schema.org","@graph":[{"@type":"Article","@id":"https:\/\/www.organisator.ch\/sustainability\/2017-02-27\/vorgezogene-recyclinggebuehr-nicht-alle-machen-mit\/#article","isPartOf":{"@id":"https:\/\/www.organisator.ch\/sustainability\/2017-02-27\/vorgezogene-recyclinggebuehr-nicht-alle-machen-mit\/"},"author":{"name":"admin","@id":"https:\/\/www.organisator.ch\/#\/schema\/person\/aa2bace6c5c5aad60102004a50c4eb1c"},"headline":"Vorgezogene Recyclinggeb\u00fchr: Nicht alle machen mit","datePublished":"2017-02-27T10:34:28+00:00","dateModified":"2022-02-09T10:05:38+00:00","mainEntityOfPage":{"@id":"https:\/\/www.organisator.ch\/sustainability\/2017-02-27\/vorgezogene-recyclinggebuehr-nicht-alle-machen-mit\/"},"wordCount":446,"commentCount":0,"publisher":{"@id":"https:\/\/www.organisator.ch\/#organization"},"image":{"@id":"https:\/\/www.organisator.ch\/sustainability\/2017-02-27\/vorgezogene-recyclinggebuehr-nicht-alle-machen-mit\/#primaryimage"},"thumbnailUrl":"https:\/\/www.organisator.ch\/wp-content\/uploads\/2017\/02\/E-Recycling.jpg","keywords":["E-Recycling","Kampagne","Recycling","SENS"],"articleSection":["SUSTAINABILITY"],"inLanguage":"de"},{"@type":"WebPage","@id":"https:\/\/www.organisator.ch\/sustainability\/2017-02-27\/vorgezogene-recyclinggebuehr-nicht-alle-machen-mit\/","url":"https:\/\/www.organisator.ch\/sustainability\/2017-02-27\/vorgezogene-recyclinggebuehr-nicht-alle-machen-mit\/","name":"Vorgezogene Recyclinggeb\u00fchr: Nicht alle machen mit - Organisator","isPartOf":{"@id":"https:\/\/www.organisator.ch\/#website"},"primaryImageOfPage":{"@id":"https:\/\/www.organisator.ch\/sustainability\/2017-02-27\/vorgezogene-recyclinggebuehr-nicht-alle-machen-mit\/#primaryimage"},"image":{"@id":"https:\/\/www.organisator.ch\/sustainability\/2017-02-27\/vorgezogene-recyclinggebuehr-nicht-alle-machen-mit\/#primaryimage"},"thumbnailUrl":"https:\/\/www.organisator.ch\/wp-content\/uploads\/2017\/02\/E-Recycling.jpg","datePublished":"2017-02-27T10:34:28+00:00","dateModified":"2022-02-09T10:05:38+00:00","description":"Nicht alle Hersteller und Importeure tragen die vorgezogene Recyclinggeb\u00fchr mit, belasten aber das System mit ausgedienten Ger\u00e4ten.","breadcrumb":{"@id":"https:\/\/www.organisator.ch\/sustainability\/2017-02-27\/vorgezogene-recyclinggebuehr-nicht-alle-machen-mit\/#breadcrumb"},"inLanguage":"de","potentialAction":[{"@type":"ReadAction","target":["https:\/\/www.organisator.ch\/sustainability\/2017-02-27\/vorgezogene-recyclinggebuehr-nicht-alle-machen-mit\/"]}]},{"@type":"ImageObject","inLanguage":"de","@id":"https:\/\/www.organisator.ch\/sustainability\/2017-02-27\/vorgezogene-recyclinggebuehr-nicht-alle-machen-mit\/#primaryimage","url":"https:\/\/www.organisator.ch\/wp-content\/uploads\/2017\/02\/E-Recycling.jpg","contentUrl":"https:\/\/www.organisator.ch\/wp-content\/uploads\/2017\/02\/E-Recycling.jpg","width":936,"height":920,"caption":"Eine neue Kampagne will die Bev\u00f6lkerung f\u00fcr die vorgezogene Recyclinggeb\u00fchr sensibilisieren."},{"@type":"BreadcrumbList","@id":"https:\/\/www.organisator.ch\/sustainability\/2017-02-27\/vorgezogene-recyclinggebuehr-nicht-alle-machen-mit\/#breadcrumb","itemListElement":[{"@type":"ListItem","position":1,"name":"Home","item":"https:\/\/www.organisator.ch\/"},{"@type":"ListItem","position":2,"name":"Vorgezogene Recyclinggeb\u00fchr: Nicht alle machen mit"}]},{"@type":"WebSite","@id":"https:\/\/www.organisator.ch\/#website","url":"https:\/\/www.organisator.ch\/","name":"Organisator","description":"Kompetent. Praxisnah. Der ORGANISATOR bereitet in 10 Ausgaben pro Jahr die wesentlichen Themen f\u00fcr F\u00fchrungskr\u00e4fte von KMU auf.","publisher":{"@id":"https:\/\/www.organisator.ch\/#organization"},"potentialAction":[{"@type":"SearchAction","target":{"@type":"EntryPoint","urlTemplate":"https:\/\/www.organisator.ch\/?s={search_term_string}"},"query-input":{"@type":"PropertyValueSpecification","valueRequired":true,"valueName":"search_term_string"}}],"inLanguage":"de"},{"@type":"Organization","@id":"https:\/\/www.organisator.ch\/#organization","name":"Organisator","url":"https:\/\/www.organisator.ch\/","logo":{"@type":"ImageObject","inLanguage":"de","@id":"https:\/\/www.organisator.ch\/#\/schema\/logo\/image\/","url":"https:\/\/www.organisator.ch\/wp-content\/uploads\/2022\/01\/Logo_Organisator_Website.png","contentUrl":"https:\/\/www.organisator.ch\/wp-content\/uploads\/2022\/01\/Logo_Organisator_Website.png","width":800,"height":77,"caption":"Organisator"},"image":{"@id":"https:\/\/www.organisator.ch\/#\/schema\/logo\/image\/"},"sameAs":["https:\/\/www.facebook.com\/OrganisatorFachmagazin","https:\/\/www.linkedin.com\/showcase\/organisator-das-magazin-fr-kmu","https:\/\/www.xing.com\/news\/pages\/organisator-ch-695","https:\/\/www.youtube.com\/channel\/UCGP2Sq0iWaZwT3BdIAQFYpw"]},{"@type":"Person","@id":"https:\/\/www.organisator.ch\/#\/schema\/person\/aa2bace6c5c5aad60102004a50c4eb1c","name":"admin","image":{"@type":"ImageObject","inLanguage":"de","@id":"https:\/\/secure.gravatar.com\/avatar\/ae2f4d718e6c49043e314ce431e7e645d646302a24a5ef5a8bc8e3f5a032e319?s=96&d=mm&r=g","url":"https:\/\/secure.gravatar.com\/avatar\/ae2f4d718e6c49043e314ce431e7e645d646302a24a5ef5a8bc8e3f5a032e319?s=96&d=mm&r=g","contentUrl":"https:\/\/secure.gravatar.com\/avatar\/ae2f4d718e6c49043e314ce431e7e645d646302a24a5ef5a8bc8e3f5a032e319?s=96&d=mm&r=g","caption":"admin"},"sameAs":["https:\/\/www.organisator.ch"],"url":"https:\/\/www.organisator.ch\/de\/author\/admin\/"}]}},"_links":{"self":[{"href":"https:\/\/www.organisator.ch\/de\/wp-json\/wp\/v2\/posts\/776","targetHints":{"allow":["GET"]}}],"collection":[{"href":"https:\/\/www.organisator.ch\/de\/wp-json\/wp\/v2\/posts"}],"about":[{"href":"https:\/\/www.organisator.ch\/de\/wp-json\/wp\/v2\/types\/post"}],"author":[{"embeddable":true,"href":"https:\/\/www.organisator.ch\/de\/wp-json\/wp\/v2\/users\/1"}],"replies":[{"embeddable":true,"href":"https:\/\/www.organisator.ch\/de\/wp-json\/wp\/v2\/comments?post=776"}],"version-history":[{"count":1,"href":"https:\/\/www.organisator.ch\/de\/wp-json\/wp\/v2\/posts\/776\/revisions"}],"predecessor-version":[{"id":10432,"href":"https:\/\/www.organisator.ch\/de\/wp-json\/wp\/v2\/posts\/776\/revisions\/10432"}],"wp:featuredmedia":[{"embeddable":true,"href":"https:\/\/www.organisator.ch\/de\/wp-json\/wp\/v2\/media\/9471"}],"wp:attachment":[{"href":"https:\/\/www.organisator.ch\/de\/wp-json\/wp\/v2\/media?parent=776"}],"wp:term":[{"taxonomy":"category","embeddable":true,"href":"https:\/\/www.organisator.ch\/de\/wp-json\/wp\/v2\/categories?post=776"},{"taxonomy":"post_tag","embeddable":true,"href":"https:\/\/www.organisator.ch\/de\/wp-json\/wp\/v2\/tags?post=776"}],"curies":[{"name":"wp","href":"https:\/\/api.w.org\/{rel}","templated":true}]}}