{"id":7769,"date":"2021-03-08T11:37:18","date_gmt":"2021-03-08T10:37:18","guid":{"rendered":"https:\/\/www.organisator.ch\/?p=7769"},"modified":"2021-03-08T11:37:18","modified_gmt":"2021-03-08T10:37:18","slug":"veranstaltungsbranche-umsatz-mehr-als-halbiert-wegen-corona","status":"publish","type":"post","link":"https:\/\/www.organisator.ch\/de\/allgemein\/2021-03-08\/veranstaltungsbranche-umsatz-mehr-als-halbiert-wegen-corona\/","title":{"rendered":"Veranstaltungsbranche: Umsatz mehr als halbiert wegen Corona"},"content":{"rendered":"<figure id=\"attachment_7770\" aria-describedby=\"caption-attachment-7770\" style=\"width: 680px\" class=\"wp-caption alignnone\"><img loading=\"lazy\" decoding=\"async\" class=\"size-medium wp-image-7770\" src=\"https:\/\/www.organisator.ch\/wp-content\/uploads\/2021\/03\/Veranstaltungsbranche-Umsatz-mehr-als-halbiert-wegen-Corona-1_Organisator.jpg\" alt=\"\" width=\"680\" height=\"429\" srcset=\"https:\/\/www.organisator.ch\/wp-content\/uploads\/2021\/03\/Veranstaltungsbranche-Umsatz-mehr-als-halbiert-wegen-Corona-1_Organisator.jpg 680w, https:\/\/www.organisator.ch\/wp-content\/uploads\/2021\/03\/Veranstaltungsbranche-Umsatz-mehr-als-halbiert-wegen-Corona-1_Organisator-16x10.jpg 16w, https:\/\/www.organisator.ch\/wp-content\/uploads\/2021\/03\/Veranstaltungsbranche-Umsatz-mehr-als-halbiert-wegen-Corona-1_Organisator-277x175.jpg 277w, https:\/\/www.organisator.ch\/wp-content\/uploads\/2021\/03\/Veranstaltungsbranche-Umsatz-mehr-als-halbiert-wegen-Corona-1_Organisator-555x350.jpg 555w, https:\/\/www.organisator.ch\/wp-content\/uploads\/2021\/03\/Veranstaltungsbranche-Umsatz-mehr-als-halbiert-wegen-Corona-1_Organisator-300x189.jpg 300w\" sizes=\"auto, (max-width: 680px) 100vw, 680px\" \/><figcaption id=\"caption-attachment-7770\" class=\"wp-caption-text\">Leere Sitze allenthalben: Wegen Covid-19 wurde das Jahr 2020 f\u00fcr die Veranstaltungsbranche zu einem &#8222;annus horribilis&#8220;. (Bild: Expo Event)<\/figcaption><\/figure>\n<p>Der Branchenverband Swiss LiveCom Association Expo Event hat in Zusammenarbeit mit den Partnerverb\u00e4nden svtb und Tectum unter seinen Mitgliedern eine Umfrage durchgef\u00fchrt. Damit wollten die Verb\u00e4nde sich selbst und den Beh\u00f6rden einen repr\u00e4sentativen \u00dcberblick der Lage verschaffen. Dabei haben die Gesch\u00e4ftsinhaberinnen\/-inhaber und leitende Angestellte von 153 Unternehmen verbindliche Ausk\u00fcnfte gegeben, und zwar zu Umsatzzahlen, zur Mitarbeitenden-Situation, zu Projektaussichten, zum Bezug von Hilfsmassnahmen und zu zahlreichen weiteren relevanten Themen.<\/p>\n<h2>Veranstaltungsbranche mit grossem Verlust an Bruttowertsch\u00f6pfung<\/h2>\n<p>Die Zahlen sprechen eine deutliche Sprache: Im Krisenjahr 2020 sind es gem\u00e4ss der Umfrage \u00fcber 17&#8217;000 Projekte, die der Veranstaltungsbranche abgesagt wurden. Daraus resultierte ein Umsatzeinbruch von 57%, was 3,19 Mia. CHF entspricht. Rund 4&#8217;460 Arbeitspl\u00e4tze gingen im Jahr 2020 verloren. Verteilt \u00fcber die gesamte Veranstaltungsbranche, haben etliche Unternehmen ihren Betrieb eingestellt oder sich komplett neu orientiert. Durch den Wegfall von Messen, Events und Kongressen entsteht in der Bruttowertsch\u00f6pfung ein Loch von 10 Mia CHF.<\/p>\n<figure id=\"attachment_7771\" aria-describedby=\"caption-attachment-7771\" style=\"width: 680px\" class=\"wp-caption alignnone\"><img loading=\"lazy\" decoding=\"async\" class=\"size-medium wp-image-7771\" src=\"https:\/\/www.organisator.ch\/wp-content\/uploads\/2021\/03\/Veranstaltungsbranche-Umsatz-mehr-als-halbiert-wegen-Corona-2_Organisator.jpg\" alt=\"\" width=\"680\" height=\"394\" srcset=\"https:\/\/www.organisator.ch\/wp-content\/uploads\/2021\/03\/Veranstaltungsbranche-Umsatz-mehr-als-halbiert-wegen-Corona-2_Organisator.jpg 680w, https:\/\/www.organisator.ch\/wp-content\/uploads\/2021\/03\/Veranstaltungsbranche-Umsatz-mehr-als-halbiert-wegen-Corona-2_Organisator-16x9.jpg 16w, https:\/\/www.organisator.ch\/wp-content\/uploads\/2021\/03\/Veranstaltungsbranche-Umsatz-mehr-als-halbiert-wegen-Corona-2_Organisator-302x175.jpg 302w, https:\/\/www.organisator.ch\/wp-content\/uploads\/2021\/03\/Veranstaltungsbranche-Umsatz-mehr-als-halbiert-wegen-Corona-2_Organisator-604x350.jpg 604w, https:\/\/www.organisator.ch\/wp-content\/uploads\/2021\/03\/Veranstaltungsbranche-Umsatz-mehr-als-halbiert-wegen-Corona-2_Organisator-300x174.jpg 300w\" sizes=\"auto, (max-width: 680px) 100vw, 680px\" \/><figcaption id=\"caption-attachment-7771\" class=\"wp-caption-text\">Antworten der Umfrage-Teilnehmenden auf die Frage: Wie beurteilen Sie den Gesch\u00e4ftsgang Ihres Unternehmens im Schnitt in den Jahren 2019 und 2020? Und wie lautet Ihre Prognose f\u00fcr das Jahr 2021? 0 = schlecht \/ 10 = sehr gut (Grafik: Expo Event)<\/figcaption><\/figure>\n<h2>Weitere Absagen drohen<\/h2>\n<p>Alle Resultate der Umfrage w\u00fcrden aufzeigen, wie sehr das \u00dcberleben der meisten Unternehmen aus der Veranstaltungsbranche davon abh\u00e4ngt, ob im Covid-19-Gesetz ein Schutzschirm f\u00fcr Corona-bedingte Absagen verankert wird, wie es in der Medienmitteilung der beteiligten Verb\u00e4nde heisst. Denn auch mit einem Ende der Pandemie sei ein Ende des Notstands f\u00fcr viele Firmen noch lange nicht in Sicht. \u00dcber 70% der Umfrageteilnehmenden h\u00e4tten beispielsweise einen Covid-19-Kredit beantragt, dessen Abzahlung noch Jahre dauern werde. Hinzu komme, dass auch die potenziellen Auftraggeber \u00fcber k\u00fcnftige Aktivit\u00e4ten keine Sicherheit abgeben k\u00f6nnen und wollen, was die seit nun einem Jahr herrschende Planungsunsicherheit noch bestimmt bis weit ins Jahr 2022 verl\u00e4ngern wird.<\/p>\n<h2>Schutzschirm gefordert<\/h2>\n<p>Aufgrund der aktuellen epidemiologischen Situation und dem aktuellen Schweizer Impfplan gehen die Branchenverb\u00e4nde davon aus, dass es auch 2021 und 2022 zu vielen Absagen kommen wird. Damit stehen weiterhin Tausende von Arbeitspl\u00e4tzen auf dem Spiel, wenn nicht ein Schutzschirm Abhilfe schafft.<\/p>\n<p><em>Quelle: <a href=\"http:\/\/www.expo-event.ch\">Expo Event<\/a><\/em><\/p>\n","protected":false},"excerpt":{"rendered":"<p>Der Branchenverband Swiss LiveCom Association Expo Event hat in Zusammenarbeit mit den Partnerverb\u00e4nden svtb und Tectum unter seinen Mitgliedern eine Umfrage durchgef\u00fchrt. Damit wollten die Verb\u00e4nde sich selbst und den Beh\u00f6rden einen repr\u00e4sentativen \u00dcberblick der Lage verschaffen. Dabei haben die Gesch\u00e4ftsinhaberinnen\/-inhaber und leitende Angestellte von 153 Unternehmen verbindliche Ausk\u00fcnfte gegeben, und zwar zu Umsatzzahlen, zur [&hellip;]<\/p>\n","protected":false},"author":4,"featured_media":7770,"comment_status":"closed","ping_status":"closed","sticky":false,"template":"","format":"standard","meta":{"_acf_changed":false,"_yoast_wpseo_focuskw":"Veranstaltungsbranche","_yoast_wpseo_metadesc":"Ein Jahr, nachdem Covid-19 auch in der Schweiz das Leben auf den Kopf gestellt hat, steht die hiesige Event- und Veranstaltungsbranche am Abgrund.","articlekey":"","footnotes":""},"categories":[1],"tags":[90,132,502,503],"class_list":["post-7769","post","type-post","status-publish","format-standard","has-post-thumbnail","hentry","category-allgemein","tag-branchen","tag-coronavirus","tag-veranstaltungen","tag-verbaende"],"acf":[],"yoast_head":"<!-- This site is optimized with the Yoast SEO plugin v27.4 - https:\/\/yoast.com\/product\/yoast-seo-wordpress\/ -->\n<title>Veranstaltungsbranche: Umsatz mehr als halbiert wegen Corona - Organisator<\/title>\n<meta name=\"description\" content=\"Ein Jahr, nachdem Covid-19 auch in der Schweiz das Leben auf den Kopf gestellt hat, steht die hiesige Event- und Veranstaltungsbranche am Abgrund.\" \/>\n<meta name=\"robots\" content=\"index, follow, max-snippet:-1, max-image-preview:large, max-video-preview:-1\" \/>\n<link rel=\"canonical\" href=\"https:\/\/www.organisator.ch\/de\/allgemein\/2021-03-08\/veranstaltungsbranche-umsatz-mehr-als-halbiert-wegen-corona\/\" \/>\n<meta property=\"og:locale\" content=\"de_DE\" \/>\n<meta property=\"og:type\" content=\"article\" \/>\n<meta property=\"og:title\" content=\"Veranstaltungsbranche: Umsatz mehr als halbiert wegen Corona\" \/>\n<meta property=\"og:description\" content=\"Ein Jahr, nachdem Covid-19 auch in der Schweiz das Leben auf den Kopf gestellt hat, steht die hiesige Event- und Veranstaltungsbranche am Abgrund.\" \/>\n<meta property=\"og:url\" content=\"https:\/\/www.organisator.ch\/de\/allgemein\/2021-03-08\/veranstaltungsbranche-umsatz-mehr-als-halbiert-wegen-corona\/\" \/>\n<meta property=\"og:site_name\" content=\"Organisator\" \/>\n<meta property=\"article:publisher\" content=\"https:\/\/www.facebook.com\/OrganisatorFachmagazin\" \/>\n<meta property=\"article:published_time\" content=\"2021-03-08T10:37:18+00:00\" \/>\n<meta property=\"og:image\" content=\"https:\/\/www.organisator.ch\/wp-content\/uploads\/2021\/03\/Veranstaltungsbranche-Umsatz-mehr-als-halbiert-wegen-Corona-1_Organisator.jpg\" \/>\n\t<meta property=\"og:image:width\" content=\"680\" \/>\n\t<meta property=\"og:image:height\" content=\"429\" \/>\n\t<meta property=\"og:image:type\" content=\"image\/jpeg\" \/>\n<meta name=\"author\" content=\"thomas.berner\" \/>\n<meta name=\"twitter:card\" content=\"summary_large_image\" \/>\n<meta name=\"twitter:title\" content=\"#Veranstaltungsbranche: Umsatz mehr als halbiert wegen Corona\" \/>\n<meta name=\"twitter:description\" content=\"Ein Jahr, nachdem #Covid-19 auch in der Schweiz das Leben auf den Kopf gestellt hat, steht die hiesige #Event- und #Veranstaltungsbranche am Abgrund.\" \/>\n<meta name=\"twitter:image\" content=\"https:\/\/www.organisator.ch\/wp-content\/uploads\/2021\/03\/Veranstaltungsbranche-Umsatz-mehr-als-halbiert-wegen-Corona-1_Organisator.jpg\" \/>\n<script type=\"application\/ld+json\" class=\"yoast-schema-graph\">{\"@context\":\"https:\\\/\\\/schema.org\",\"@graph\":[{\"@type\":\"Article\",\"@id\":\"https:\\\/\\\/www.organisator.ch\\\/en\\\/general\\\/2021-03-08\\\/veranstaltungsbranche-umsatz-mehr-als-halbiert-wegen-corona\\\/#article\",\"isPartOf\":{\"@id\":\"https:\\\/\\\/www.organisator.ch\\\/en\\\/general\\\/2021-03-08\\\/veranstaltungsbranche-umsatz-mehr-als-halbiert-wegen-corona\\\/\"},\"author\":{\"name\":\"thomas.berner\",\"@id\":\"https:\\\/\\\/www.organisator.ch\\\/#\\\/schema\\\/person\\\/6f650f90b2842cd4c0cc334b4e36f67e\"},\"headline\":\"Veranstaltungsbranche: Umsatz mehr als halbiert wegen Corona\",\"datePublished\":\"2021-03-08T10:37:18+00:00\",\"mainEntityOfPage\":{\"@id\":\"https:\\\/\\\/www.organisator.ch\\\/en\\\/general\\\/2021-03-08\\\/veranstaltungsbranche-umsatz-mehr-als-halbiert-wegen-corona\\\/\"},\"wordCount\":392,\"publisher\":{\"@id\":\"https:\\\/\\\/www.organisator.ch\\\/#organization\"},\"image\":{\"@id\":\"https:\\\/\\\/www.organisator.ch\\\/en\\\/general\\\/2021-03-08\\\/veranstaltungsbranche-umsatz-mehr-als-halbiert-wegen-corona\\\/#primaryimage\"},\"thumbnailUrl\":\"https:\\\/\\\/www.organisator.ch\\\/wp-content\\\/uploads\\\/2021\\\/03\\\/Veranstaltungsbranche-Umsatz-mehr-als-halbiert-wegen-Corona-1_Organisator.jpg\",\"keywords\":[\"Branchen\",\"Coronavirus\",\"Veranstaltungen\",\"Verb\u00e4nde\"],\"inLanguage\":\"de\"},{\"@type\":\"WebPage\",\"@id\":\"https:\\\/\\\/www.organisator.ch\\\/en\\\/general\\\/2021-03-08\\\/veranstaltungsbranche-umsatz-mehr-als-halbiert-wegen-corona\\\/\",\"url\":\"https:\\\/\\\/www.organisator.ch\\\/en\\\/general\\\/2021-03-08\\\/veranstaltungsbranche-umsatz-mehr-als-halbiert-wegen-corona\\\/\",\"name\":\"Veranstaltungsbranche: Umsatz mehr als halbiert wegen Corona - Organisator\",\"isPartOf\":{\"@id\":\"https:\\\/\\\/www.organisator.ch\\\/#website\"},\"primaryImageOfPage\":{\"@id\":\"https:\\\/\\\/www.organisator.ch\\\/en\\\/general\\\/2021-03-08\\\/veranstaltungsbranche-umsatz-mehr-als-halbiert-wegen-corona\\\/#primaryimage\"},\"image\":{\"@id\":\"https:\\\/\\\/www.organisator.ch\\\/en\\\/general\\\/2021-03-08\\\/veranstaltungsbranche-umsatz-mehr-als-halbiert-wegen-corona\\\/#primaryimage\"},\"thumbnailUrl\":\"https:\\\/\\\/www.organisator.ch\\\/wp-content\\\/uploads\\\/2021\\\/03\\\/Veranstaltungsbranche-Umsatz-mehr-als-halbiert-wegen-Corona-1_Organisator.jpg\",\"datePublished\":\"2021-03-08T10:37:18+00:00\",\"description\":\"Ein Jahr, nachdem Covid-19 auch in der Schweiz das Leben auf den Kopf gestellt hat, steht die hiesige Event- und Veranstaltungsbranche am Abgrund.\",\"breadcrumb\":{\"@id\":\"https:\\\/\\\/www.organisator.ch\\\/en\\\/general\\\/2021-03-08\\\/veranstaltungsbranche-umsatz-mehr-als-halbiert-wegen-corona\\\/#breadcrumb\"},\"inLanguage\":\"de\",\"potentialAction\":[{\"@type\":\"ReadAction\",\"target\":[\"https:\\\/\\\/www.organisator.ch\\\/en\\\/general\\\/2021-03-08\\\/veranstaltungsbranche-umsatz-mehr-als-halbiert-wegen-corona\\\/\"]}]},{\"@type\":\"ImageObject\",\"inLanguage\":\"de\",\"@id\":\"https:\\\/\\\/www.organisator.ch\\\/en\\\/general\\\/2021-03-08\\\/veranstaltungsbranche-umsatz-mehr-als-halbiert-wegen-corona\\\/#primaryimage\",\"url\":\"https:\\\/\\\/www.organisator.ch\\\/wp-content\\\/uploads\\\/2021\\\/03\\\/Veranstaltungsbranche-Umsatz-mehr-als-halbiert-wegen-Corona-1_Organisator.jpg\",\"contentUrl\":\"https:\\\/\\\/www.organisator.ch\\\/wp-content\\\/uploads\\\/2021\\\/03\\\/Veranstaltungsbranche-Umsatz-mehr-als-halbiert-wegen-Corona-1_Organisator.jpg\",\"width\":680,\"height\":429,\"caption\":\"Leere Sitze allenthalben: Wegen Covid-19 wurde das Jahr 2020 f\u00fcr die Veranstaltungsbranche zu einem \\\"annus horibilis\\\". (Bild: Expo Event)\"},{\"@type\":\"BreadcrumbList\",\"@id\":\"https:\\\/\\\/www.organisator.ch\\\/en\\\/general\\\/2021-03-08\\\/veranstaltungsbranche-umsatz-mehr-als-halbiert-wegen-corona\\\/#breadcrumb\",\"itemListElement\":[{\"@type\":\"ListItem\",\"position\":1,\"name\":\"Home\",\"item\":\"https:\\\/\\\/www.organisator.ch\\\/\"},{\"@type\":\"ListItem\",\"position\":2,\"name\":\"Veranstaltungsbranche: Umsatz mehr als halbiert wegen Corona\"}]},{\"@type\":\"WebSite\",\"@id\":\"https:\\\/\\\/www.organisator.ch\\\/#website\",\"url\":\"https:\\\/\\\/www.organisator.ch\\\/\",\"name\":\"Organisator\",\"description\":\"Kompetent. Praxisnah. Der ORGANISATOR bereitet in 10 Ausgaben pro Jahr die wesentlichen Themen f\u00fcr F\u00fchrungskr\u00e4fte von KMU auf.\",\"publisher\":{\"@id\":\"https:\\\/\\\/www.organisator.ch\\\/#organization\"},\"potentialAction\":[{\"@type\":\"SearchAction\",\"target\":{\"@type\":\"EntryPoint\",\"urlTemplate\":\"https:\\\/\\\/www.organisator.ch\\\/?s={search_term_string}\"},\"query-input\":{\"@type\":\"PropertyValueSpecification\",\"valueRequired\":true,\"valueName\":\"search_term_string\"}}],\"inLanguage\":\"de\"},{\"@type\":\"Organization\",\"@id\":\"https:\\\/\\\/www.organisator.ch\\\/#organization\",\"name\":\"Organisator\",\"url\":\"https:\\\/\\\/www.organisator.ch\\\/\",\"logo\":{\"@type\":\"ImageObject\",\"inLanguage\":\"de\",\"@id\":\"https:\\\/\\\/www.organisator.ch\\\/#\\\/schema\\\/logo\\\/image\\\/\",\"url\":\"https:\\\/\\\/www.organisator.ch\\\/wp-content\\\/uploads\\\/2022\\\/01\\\/Logo_Organisator_Website.png\",\"contentUrl\":\"https:\\\/\\\/www.organisator.ch\\\/wp-content\\\/uploads\\\/2022\\\/01\\\/Logo_Organisator_Website.png\",\"width\":800,\"height\":77,\"caption\":\"Organisator\"},\"image\":{\"@id\":\"https:\\\/\\\/www.organisator.ch\\\/#\\\/schema\\\/logo\\\/image\\\/\"},\"sameAs\":[\"https:\\\/\\\/www.facebook.com\\\/OrganisatorFachmagazin\",\"https:\\\/\\\/www.linkedin.com\\\/showcase\\\/organisator-das-magazin-fr-kmu\",\"https:\\\/\\\/www.xing.com\\\/news\\\/pages\\\/organisator-ch-695\",\"https:\\\/\\\/www.youtube.com\\\/channel\\\/UCGP2Sq0iWaZwT3BdIAQFYpw\"]},{\"@type\":\"Person\",\"@id\":\"https:\\\/\\\/www.organisator.ch\\\/#\\\/schema\\\/person\\\/6f650f90b2842cd4c0cc334b4e36f67e\",\"name\":\"thomas.berner\",\"image\":{\"@type\":\"ImageObject\",\"inLanguage\":\"de\",\"@id\":\"https:\\\/\\\/secure.gravatar.com\\\/avatar\\\/ac5001d2a36cb6c6cd3e50789007ffca834b477b74a2144564522e944eabff61?s=96&d=mm&r=g\",\"url\":\"https:\\\/\\\/secure.gravatar.com\\\/avatar\\\/ac5001d2a36cb6c6cd3e50789007ffca834b477b74a2144564522e944eabff61?s=96&d=mm&r=g\",\"contentUrl\":\"https:\\\/\\\/secure.gravatar.com\\\/avatar\\\/ac5001d2a36cb6c6cd3e50789007ffca834b477b74a2144564522e944eabff61?s=96&d=mm&r=g\",\"caption\":\"thomas.berner\"},\"url\":\"https:\\\/\\\/www.organisator.ch\\\/de\\\/author\\\/thomas-berner\\\/\"}]}<\/script>\n<!-- \/ Yoast SEO plugin. -->","yoast_head_json":{"title":"Veranstaltungsbranche: Umsatz mehr als halbiert wegen Corona - Organisator","description":"Ein Jahr, nachdem Covid-19 auch in der Schweiz das Leben auf den Kopf gestellt hat, steht die hiesige Event- und Veranstaltungsbranche am Abgrund.","robots":{"index":"index","follow":"follow","max-snippet":"max-snippet:-1","max-image-preview":"max-image-preview:large","max-video-preview":"max-video-preview:-1"},"canonical":"https:\/\/www.organisator.ch\/de\/allgemein\/2021-03-08\/veranstaltungsbranche-umsatz-mehr-als-halbiert-wegen-corona\/","og_locale":"de_DE","og_type":"article","og_title":"Veranstaltungsbranche: Umsatz mehr als halbiert wegen Corona","og_description":"Ein Jahr, nachdem Covid-19 auch in der Schweiz das Leben auf den Kopf gestellt hat, steht die hiesige Event- und Veranstaltungsbranche am Abgrund.","og_url":"https:\/\/www.organisator.ch\/de\/allgemein\/2021-03-08\/veranstaltungsbranche-umsatz-mehr-als-halbiert-wegen-corona\/","og_site_name":"Organisator","article_publisher":"https:\/\/www.facebook.com\/OrganisatorFachmagazin","article_published_time":"2021-03-08T10:37:18+00:00","og_image":[{"width":680,"height":429,"url":"https:\/\/www.organisator.ch\/wp-content\/uploads\/2021\/03\/Veranstaltungsbranche-Umsatz-mehr-als-halbiert-wegen-Corona-1_Organisator.jpg","type":"image\/jpeg"}],"author":"thomas.berner","twitter_card":"summary_large_image","twitter_title":"#Veranstaltungsbranche: Umsatz mehr als halbiert wegen Corona","twitter_description":"Ein Jahr, nachdem #Covid-19 auch in der Schweiz das Leben auf den Kopf gestellt hat, steht die hiesige #Event- und #Veranstaltungsbranche am Abgrund.","twitter_image":"https:\/\/www.organisator.ch\/wp-content\/uploads\/2021\/03\/Veranstaltungsbranche-Umsatz-mehr-als-halbiert-wegen-Corona-1_Organisator.jpg","schema":{"@context":"https:\/\/schema.org","@graph":[{"@type":"Article","@id":"https:\/\/www.organisator.ch\/en\/general\/2021-03-08\/veranstaltungsbranche-umsatz-mehr-als-halbiert-wegen-corona\/#article","isPartOf":{"@id":"https:\/\/www.organisator.ch\/en\/general\/2021-03-08\/veranstaltungsbranche-umsatz-mehr-als-halbiert-wegen-corona\/"},"author":{"name":"thomas.berner","@id":"https:\/\/www.organisator.ch\/#\/schema\/person\/6f650f90b2842cd4c0cc334b4e36f67e"},"headline":"Veranstaltungsbranche: Umsatz mehr als halbiert wegen Corona","datePublished":"2021-03-08T10:37:18+00:00","mainEntityOfPage":{"@id":"https:\/\/www.organisator.ch\/en\/general\/2021-03-08\/veranstaltungsbranche-umsatz-mehr-als-halbiert-wegen-corona\/"},"wordCount":392,"publisher":{"@id":"https:\/\/www.organisator.ch\/#organization"},"image":{"@id":"https:\/\/www.organisator.ch\/en\/general\/2021-03-08\/veranstaltungsbranche-umsatz-mehr-als-halbiert-wegen-corona\/#primaryimage"},"thumbnailUrl":"https:\/\/www.organisator.ch\/wp-content\/uploads\/2021\/03\/Veranstaltungsbranche-Umsatz-mehr-als-halbiert-wegen-Corona-1_Organisator.jpg","keywords":["Branchen","Coronavirus","Veranstaltungen","Verb\u00e4nde"],"inLanguage":"de"},{"@type":"WebPage","@id":"https:\/\/www.organisator.ch\/en\/general\/2021-03-08\/veranstaltungsbranche-umsatz-mehr-als-halbiert-wegen-corona\/","url":"https:\/\/www.organisator.ch\/en\/general\/2021-03-08\/veranstaltungsbranche-umsatz-mehr-als-halbiert-wegen-corona\/","name":"Veranstaltungsbranche: Umsatz mehr als halbiert wegen Corona - Organisator","isPartOf":{"@id":"https:\/\/www.organisator.ch\/#website"},"primaryImageOfPage":{"@id":"https:\/\/www.organisator.ch\/en\/general\/2021-03-08\/veranstaltungsbranche-umsatz-mehr-als-halbiert-wegen-corona\/#primaryimage"},"image":{"@id":"https:\/\/www.organisator.ch\/en\/general\/2021-03-08\/veranstaltungsbranche-umsatz-mehr-als-halbiert-wegen-corona\/#primaryimage"},"thumbnailUrl":"https:\/\/www.organisator.ch\/wp-content\/uploads\/2021\/03\/Veranstaltungsbranche-Umsatz-mehr-als-halbiert-wegen-Corona-1_Organisator.jpg","datePublished":"2021-03-08T10:37:18+00:00","description":"Ein Jahr, nachdem Covid-19 auch in der Schweiz das Leben auf den Kopf gestellt hat, steht die hiesige Event- und Veranstaltungsbranche am Abgrund.","breadcrumb":{"@id":"https:\/\/www.organisator.ch\/en\/general\/2021-03-08\/veranstaltungsbranche-umsatz-mehr-als-halbiert-wegen-corona\/#breadcrumb"},"inLanguage":"de","potentialAction":[{"@type":"ReadAction","target":["https:\/\/www.organisator.ch\/en\/general\/2021-03-08\/veranstaltungsbranche-umsatz-mehr-als-halbiert-wegen-corona\/"]}]},{"@type":"ImageObject","inLanguage":"de","@id":"https:\/\/www.organisator.ch\/en\/general\/2021-03-08\/veranstaltungsbranche-umsatz-mehr-als-halbiert-wegen-corona\/#primaryimage","url":"https:\/\/www.organisator.ch\/wp-content\/uploads\/2021\/03\/Veranstaltungsbranche-Umsatz-mehr-als-halbiert-wegen-Corona-1_Organisator.jpg","contentUrl":"https:\/\/www.organisator.ch\/wp-content\/uploads\/2021\/03\/Veranstaltungsbranche-Umsatz-mehr-als-halbiert-wegen-Corona-1_Organisator.jpg","width":680,"height":429,"caption":"Leere Sitze allenthalben: Wegen Covid-19 wurde das Jahr 2020 f\u00fcr die Veranstaltungsbranche zu einem \"annus horibilis\". (Bild: Expo Event)"},{"@type":"BreadcrumbList","@id":"https:\/\/www.organisator.ch\/en\/general\/2021-03-08\/veranstaltungsbranche-umsatz-mehr-als-halbiert-wegen-corona\/#breadcrumb","itemListElement":[{"@type":"ListItem","position":1,"name":"Home","item":"https:\/\/www.organisator.ch\/"},{"@type":"ListItem","position":2,"name":"Veranstaltungsbranche: Umsatz mehr als halbiert wegen Corona"}]},{"@type":"WebSite","@id":"https:\/\/www.organisator.ch\/#website","url":"https:\/\/www.organisator.ch\/","name":"Organisator","description":"Kompetent. Praxisnah. Der ORGANISATOR bereitet in 10 Ausgaben pro Jahr die wesentlichen Themen f\u00fcr F\u00fchrungskr\u00e4fte von KMU auf.","publisher":{"@id":"https:\/\/www.organisator.ch\/#organization"},"potentialAction":[{"@type":"SearchAction","target":{"@type":"EntryPoint","urlTemplate":"https:\/\/www.organisator.ch\/?s={search_term_string}"},"query-input":{"@type":"PropertyValueSpecification","valueRequired":true,"valueName":"search_term_string"}}],"inLanguage":"de"},{"@type":"Organization","@id":"https:\/\/www.organisator.ch\/#organization","name":"Organisator","url":"https:\/\/www.organisator.ch\/","logo":{"@type":"ImageObject","inLanguage":"de","@id":"https:\/\/www.organisator.ch\/#\/schema\/logo\/image\/","url":"https:\/\/www.organisator.ch\/wp-content\/uploads\/2022\/01\/Logo_Organisator_Website.png","contentUrl":"https:\/\/www.organisator.ch\/wp-content\/uploads\/2022\/01\/Logo_Organisator_Website.png","width":800,"height":77,"caption":"Organisator"},"image":{"@id":"https:\/\/www.organisator.ch\/#\/schema\/logo\/image\/"},"sameAs":["https:\/\/www.facebook.com\/OrganisatorFachmagazin","https:\/\/www.linkedin.com\/showcase\/organisator-das-magazin-fr-kmu","https:\/\/www.xing.com\/news\/pages\/organisator-ch-695","https:\/\/www.youtube.com\/channel\/UCGP2Sq0iWaZwT3BdIAQFYpw"]},{"@type":"Person","@id":"https:\/\/www.organisator.ch\/#\/schema\/person\/6f650f90b2842cd4c0cc334b4e36f67e","name":"thomas.berner","image":{"@type":"ImageObject","inLanguage":"de","@id":"https:\/\/secure.gravatar.com\/avatar\/ac5001d2a36cb6c6cd3e50789007ffca834b477b74a2144564522e944eabff61?s=96&d=mm&r=g","url":"https:\/\/secure.gravatar.com\/avatar\/ac5001d2a36cb6c6cd3e50789007ffca834b477b74a2144564522e944eabff61?s=96&d=mm&r=g","contentUrl":"https:\/\/secure.gravatar.com\/avatar\/ac5001d2a36cb6c6cd3e50789007ffca834b477b74a2144564522e944eabff61?s=96&d=mm&r=g","caption":"thomas.berner"},"url":"https:\/\/www.organisator.ch\/de\/author\/thomas-berner\/"}]}},"_links":{"self":[{"href":"https:\/\/www.organisator.ch\/de\/wp-json\/wp\/v2\/posts\/7769","targetHints":{"allow":["GET"]}}],"collection":[{"href":"https:\/\/www.organisator.ch\/de\/wp-json\/wp\/v2\/posts"}],"about":[{"href":"https:\/\/www.organisator.ch\/de\/wp-json\/wp\/v2\/types\/post"}],"author":[{"embeddable":true,"href":"https:\/\/www.organisator.ch\/de\/wp-json\/wp\/v2\/users\/4"}],"replies":[{"embeddable":true,"href":"https:\/\/www.organisator.ch\/de\/wp-json\/wp\/v2\/comments?post=7769"}],"version-history":[{"count":0,"href":"https:\/\/www.organisator.ch\/de\/wp-json\/wp\/v2\/posts\/7769\/revisions"}],"wp:featuredmedia":[{"embeddable":true,"href":"https:\/\/www.organisator.ch\/de\/wp-json\/wp\/v2\/media\/7770"}],"wp:attachment":[{"href":"https:\/\/www.organisator.ch\/de\/wp-json\/wp\/v2\/media?parent=7769"}],"wp:term":[{"taxonomy":"category","embeddable":true,"href":"https:\/\/www.organisator.ch\/de\/wp-json\/wp\/v2\/categories?post=7769"},{"taxonomy":"post_tag","embeddable":true,"href":"https:\/\/www.organisator.ch\/de\/wp-json\/wp\/v2\/tags?post=7769"}],"curies":[{"name":"wp","href":"https:\/\/api.w.org\/{rel}","templated":true}]}}