{"id":7787,"date":"2021-03-11T07:59:29","date_gmt":"2021-03-11T06:59:29","guid":{"rendered":"https:\/\/www.organisator.ch\/?p=7787"},"modified":"2021-03-11T07:59:29","modified_gmt":"2021-03-11T06:59:29","slug":"umfrage-zeigt-jedes-dritte-haertefallgesuch-wird-abgelehnt","status":"publish","type":"post","link":"https:\/\/www.organisator.ch\/de\/management\/2021-03-11\/umfrage-zeigt-jedes-dritte-haertefallgesuch-wird-abgelehnt\/","title":{"rendered":"Umfrage zeigt: Jedes dritte H\u00e4rtefallgesuch wird abgelehnt"},"content":{"rendered":"<figure id=\"attachment_7788\" aria-describedby=\"caption-attachment-7788\" style=\"width: 680px\" class=\"wp-caption alignnone\"><img loading=\"lazy\" decoding=\"async\" class=\"size-medium wp-image-7788\" src=\"https:\/\/www.organisator.ch\/wp-content\/uploads\/2021\/03\/Umfrage-zeigt-Jedes-dritte-Haertefallgesuch-wird-abgelehnt_Organisator.jpg\" alt=\"\" width=\"680\" height=\"368\" srcset=\"https:\/\/www.organisator.ch\/wp-content\/uploads\/2021\/03\/Umfrage-zeigt-Jedes-dritte-Haertefallgesuch-wird-abgelehnt_Organisator.jpg 680w, https:\/\/www.organisator.ch\/wp-content\/uploads\/2021\/03\/Umfrage-zeigt-Jedes-dritte-Haertefallgesuch-wird-abgelehnt_Organisator-16x9.jpg 16w, https:\/\/www.organisator.ch\/wp-content\/uploads\/2021\/03\/Umfrage-zeigt-Jedes-dritte-Haertefallgesuch-wird-abgelehnt_Organisator-323x175.jpg 323w, https:\/\/www.organisator.ch\/wp-content\/uploads\/2021\/03\/Umfrage-zeigt-Jedes-dritte-Haertefallgesuch-wird-abgelehnt_Organisator-647x350.jpg 647w, https:\/\/www.organisator.ch\/wp-content\/uploads\/2021\/03\/Umfrage-zeigt-Jedes-dritte-Haertefallgesuch-wird-abgelehnt_Organisator-300x162.jpg 300w\" sizes=\"auto, (max-width: 680px) 100vw, 680px\" \/><figcaption id=\"caption-attachment-7788\" class=\"wp-caption-text\">Die Grafik zeigt: Jedes dritte H\u00e4rtefallgesuch wurde abgelehnt. (Bild: Gryps.ch)<\/figcaption><\/figure>\n<p>Nach einem Jahr der Lockdowns und Einschr\u00e4nkungen sind KMU noch immer besonders von den Auswirkungen betroffen. Das Offertenportal Gryps.ch, eine Beschaffungsplattform f\u00fcr KMU, hat nachgefragt: Welche Unterst\u00fctzungsleistungen haben KMU beantragt? Wie sieht es finanziell aus? Welche Entwicklungen erwarten sie im Jahr 2021? An der Umfrage teil nahmen 150 KMU. Sie wurde zwischen dem 4. und 11. M\u00e4rz 2021 durchgef\u00fchrt.<\/p>\n<h2>H\u00e4rtefallgesuch? Abgelehnt!<\/h2>\n<p>Besonders ein Befund der Umfrage l\u00e4sst aufhorchen:\u00a0Viele KMU fallen beim H\u00e4rtefallprogramm durchs Raster. Zwar hat \u00a0jedes dritte KMU Unterst\u00fctzung aus dem H\u00e4rtefallprogramm beantragt. Davon hat ein Drittel bereits eine Absage f\u00fcr ein H\u00e4rtefallgesuch erhalten, ein weiteres Drittel wartet auf den Entscheid. Das kommt f\u00fcr viele in ihrer Existenz bedrohten KMU zu sp\u00e4t. 45% der KMU verzeichnen gem\u00e4ss der Umfrage im Corona-Jahr einen Umsatzr\u00fcckgang von mehr als 25% und die Unterst\u00fctzung durch Bund und Kantone fliesst, wenn \u00fcberhaupt, zu langsam. Die pers\u00f6nlichen Statements der Teilnehmer zeigen eine deutliche Unzufriedenheit: 85% erachten die Abwicklung als zu aufwendig oder zu langsam. Viele KMU f\u00fchlen sich durch Bund und Kantone noch immer zu wenig unterst\u00fctzt.<\/p>\n<h2>Viele Entlassungen<\/h2>\n<p>Auch andere Resultate der Umfrage zeigen die mitunter schwierige Situation der KMU: So hat die H\u00e4lfte der Befragten in den letzten 12 Monaten einen Einstellungsstopp verf\u00fcgt. In 60 Prozent der F\u00e4lle gilt dieser immer noch. Jedes f\u00fcnfte KMU musste zudem bereits Mitarbeitende entlassen &#8211; das ist mehr, als man <a href=\"https:\/\/www.organisator.ch\/entlassungswelle-droht-bei-kmu\/\">noch vor einem Jahr<\/a> bef\u00fcrchten musste. Auch direkt von Corona-Infektionen betroffen sind viele KMU: Rund ein Drittel der befragten Unternehmen verzeichnen unter ihren Angestellten Corona-F\u00e4lle.<\/p>\n<h2>Folgen f\u00fcr die KMU-Landschaft<\/h2>\n<p>Indes: KMU vertrauen dem Homeoffice und sch\u00e4tzen die Effizienz ihrer Mitarbeitenden als gleichwertig oder sogar h\u00f6her ein, wie die Umfrage feststellt. Dies t\u00e4uscht aber nicht dar\u00fcber hinweg, dass die Prognosen f\u00fcr viele KMU d\u00fcster sind: Zu erwarten sind weitere Umsatzverluste und Konkurse. Andere rechnen aber mit einem Aufschwung nach der Krise.<\/p>\n<p>Die Schweizer KMU-Landschaft habe sich noch l\u00e4ngst nicht erholt, so das Fazit der Umfrage von Gryps.ch. Die Auswirkungen der grossen Umsatzr\u00fcckg\u00e4nge und der langen Einstellungsstopps auf den Arbeitsmarkt w\u00fcrden in den n\u00e4chsten Jahren zu sp\u00fcren sein.<\/p>\n<p><em>Quelle: <a href=\"https:\/\/www.gryps.ch\/\">Gryps.ch<\/a><\/em><\/p>\n","protected":false},"excerpt":{"rendered":"<p>Nach einem Jahr der Lockdowns und Einschr\u00e4nkungen sind KMU noch immer besonders von den Auswirkungen betroffen. Das Offertenportal Gryps.ch, eine Beschaffungsplattform f\u00fcr KMU, hat nachgefragt: Welche Unterst\u00fctzungsleistungen haben KMU beantragt? Wie sieht es finanziell aus? Welche Entwicklungen erwarten sie im Jahr 2021? An der Umfrage teil nahmen 150 KMU. Sie wurde zwischen dem 4. und [&hellip;]<\/p>\n","protected":false},"author":4,"featured_media":7788,"comment_status":"closed","ping_status":"closed","sticky":false,"template":"","format":"standard","meta":{"_acf_changed":false,"_yoast_wpseo_focuskw":"H\u00e4rtefallgesuch","_yoast_wpseo_metadesc":"Eine Umfrage des Offertenportals gryps.ch bei KMU zeigt: Jedes dritte H\u00e4rtefallgesuch wurde abgelehnt - oder ist noch pendent.","articlekey":"","footnotes":""},"categories":[28],"tags":[132,203,335,487,492],"class_list":["post-7787","post","type-post","status-publish","format-standard","has-post-thumbnail","hentry","category-management","tag-coronavirus","tag-finanzierung","tag-management-und-unternehmensfuehrung","tag-umfrage","tag-unternehmen"],"acf":[],"yoast_head":"<!-- This site is optimized with the Yoast SEO plugin v27.4 - https:\/\/yoast.com\/product\/yoast-seo-wordpress\/ -->\n<title>Umfrage zeigt: Jedes dritte H\u00e4rtefallgesuch wird abgelehnt - Organisator<\/title>\n<meta name=\"description\" content=\"Eine Umfrage des Offertenportals gryps.ch bei KMU zeigt: Jedes dritte H\u00e4rtefallgesuch wurde abgelehnt - oder ist noch pendent.\" \/>\n<meta name=\"robots\" content=\"index, follow, max-snippet:-1, max-image-preview:large, max-video-preview:-1\" \/>\n<link rel=\"canonical\" href=\"https:\/\/www.organisator.ch\/de\/management\/2021-03-11\/umfrage-zeigt-jedes-dritte-haertefallgesuch-wird-abgelehnt\/\" \/>\n<meta property=\"og:locale\" content=\"de_DE\" \/>\n<meta property=\"og:type\" content=\"article\" \/>\n<meta property=\"og:title\" content=\"Umfrage zeigt: Jedes dritte H\u00e4rtefallgesuch wird abgelehnt\" \/>\n<meta property=\"og:description\" content=\"Eine Umfrage des Offertenportals gryps.ch bei KMU zeigt: Jedes dritte H\u00e4rtefallgesuch wurde abgelehnt - oder ist noch pendent.\" \/>\n<meta property=\"og:url\" content=\"https:\/\/www.organisator.ch\/de\/management\/2021-03-11\/umfrage-zeigt-jedes-dritte-haertefallgesuch-wird-abgelehnt\/\" \/>\n<meta property=\"og:site_name\" content=\"Organisator\" \/>\n<meta property=\"article:publisher\" content=\"https:\/\/www.facebook.com\/OrganisatorFachmagazin\" \/>\n<meta property=\"article:published_time\" content=\"2021-03-11T06:59:29+00:00\" \/>\n<meta property=\"og:image\" content=\"https:\/\/www.organisator.ch\/wp-content\/uploads\/2021\/03\/Umfrage-zeigt-Jedes-dritte-Haertefallgesuch-wird-abgelehnt_Organisator.jpg\" \/>\n\t<meta property=\"og:image:width\" content=\"680\" \/>\n\t<meta property=\"og:image:height\" content=\"368\" \/>\n\t<meta property=\"og:image:type\" content=\"image\/jpeg\" \/>\n<meta name=\"author\" content=\"thomas.berner\" \/>\n<meta name=\"twitter:card\" content=\"summary_large_image\" \/>\n<meta name=\"twitter:title\" content=\"Umfrage zeigt: Jedes dritte #H\u00e4rtefallgesuch wird abgelehnt\" \/>\n<meta name=\"twitter:description\" content=\"Eine Umfrage des #Offertenportals #gryps.ch bei KMU zeigt: Jedes dritte #H\u00e4rtefallgesuch wurde abgelehnt - oder ist noch pendent.\" \/>\n<meta name=\"twitter:image\" content=\"https:\/\/www.organisator.ch\/wp-content\/uploads\/2021\/03\/Umfrage-zeigt-Jedes-dritte-Haertefallgesuch-wird-abgelehnt_Organisator.jpg\" \/>\n<script type=\"application\/ld+json\" class=\"yoast-schema-graph\">{\"@context\":\"https:\\\/\\\/schema.org\",\"@graph\":[{\"@type\":\"Article\",\"@id\":\"https:\\\/\\\/www.organisator.ch\\\/management\\\/2021-03-11\\\/umfrage-zeigt-jedes-dritte-haertefallgesuch-wird-abgelehnt\\\/#article\",\"isPartOf\":{\"@id\":\"https:\\\/\\\/www.organisator.ch\\\/management\\\/2021-03-11\\\/umfrage-zeigt-jedes-dritte-haertefallgesuch-wird-abgelehnt\\\/\"},\"author\":{\"name\":\"thomas.berner\",\"@id\":\"https:\\\/\\\/www.organisator.ch\\\/#\\\/schema\\\/person\\\/6f650f90b2842cd4c0cc334b4e36f67e\"},\"headline\":\"Umfrage zeigt: Jedes dritte H\u00e4rtefallgesuch wird abgelehnt\",\"datePublished\":\"2021-03-11T06:59:29+00:00\",\"mainEntityOfPage\":{\"@id\":\"https:\\\/\\\/www.organisator.ch\\\/management\\\/2021-03-11\\\/umfrage-zeigt-jedes-dritte-haertefallgesuch-wird-abgelehnt\\\/\"},\"wordCount\":401,\"publisher\":{\"@id\":\"https:\\\/\\\/www.organisator.ch\\\/#organization\"},\"image\":{\"@id\":\"https:\\\/\\\/www.organisator.ch\\\/management\\\/2021-03-11\\\/umfrage-zeigt-jedes-dritte-haertefallgesuch-wird-abgelehnt\\\/#primaryimage\"},\"thumbnailUrl\":\"https:\\\/\\\/www.organisator.ch\\\/wp-content\\\/uploads\\\/2021\\\/03\\\/Umfrage-zeigt-Jedes-dritte-Haertefallgesuch-wird-abgelehnt_Organisator.jpg\",\"keywords\":[\"Coronavirus\",\"Finanzierung\",\"Management und Unternehmensf\u00fchrung\",\"Umfrage\",\"Unternehmen\"],\"articleSection\":[\"MANAGEMENT\"],\"inLanguage\":\"de\"},{\"@type\":\"WebPage\",\"@id\":\"https:\\\/\\\/www.organisator.ch\\\/management\\\/2021-03-11\\\/umfrage-zeigt-jedes-dritte-haertefallgesuch-wird-abgelehnt\\\/\",\"url\":\"https:\\\/\\\/www.organisator.ch\\\/management\\\/2021-03-11\\\/umfrage-zeigt-jedes-dritte-haertefallgesuch-wird-abgelehnt\\\/\",\"name\":\"Umfrage zeigt: Jedes dritte H\u00e4rtefallgesuch wird abgelehnt - Organisator\",\"isPartOf\":{\"@id\":\"https:\\\/\\\/www.organisator.ch\\\/#website\"},\"primaryImageOfPage\":{\"@id\":\"https:\\\/\\\/www.organisator.ch\\\/management\\\/2021-03-11\\\/umfrage-zeigt-jedes-dritte-haertefallgesuch-wird-abgelehnt\\\/#primaryimage\"},\"image\":{\"@id\":\"https:\\\/\\\/www.organisator.ch\\\/management\\\/2021-03-11\\\/umfrage-zeigt-jedes-dritte-haertefallgesuch-wird-abgelehnt\\\/#primaryimage\"},\"thumbnailUrl\":\"https:\\\/\\\/www.organisator.ch\\\/wp-content\\\/uploads\\\/2021\\\/03\\\/Umfrage-zeigt-Jedes-dritte-Haertefallgesuch-wird-abgelehnt_Organisator.jpg\",\"datePublished\":\"2021-03-11T06:59:29+00:00\",\"description\":\"Eine Umfrage des Offertenportals gryps.ch bei KMU zeigt: Jedes dritte H\u00e4rtefallgesuch wurde abgelehnt - oder ist noch pendent.\",\"breadcrumb\":{\"@id\":\"https:\\\/\\\/www.organisator.ch\\\/management\\\/2021-03-11\\\/umfrage-zeigt-jedes-dritte-haertefallgesuch-wird-abgelehnt\\\/#breadcrumb\"},\"inLanguage\":\"de\",\"potentialAction\":[{\"@type\":\"ReadAction\",\"target\":[\"https:\\\/\\\/www.organisator.ch\\\/management\\\/2021-03-11\\\/umfrage-zeigt-jedes-dritte-haertefallgesuch-wird-abgelehnt\\\/\"]}]},{\"@type\":\"ImageObject\",\"inLanguage\":\"de\",\"@id\":\"https:\\\/\\\/www.organisator.ch\\\/management\\\/2021-03-11\\\/umfrage-zeigt-jedes-dritte-haertefallgesuch-wird-abgelehnt\\\/#primaryimage\",\"url\":\"https:\\\/\\\/www.organisator.ch\\\/wp-content\\\/uploads\\\/2021\\\/03\\\/Umfrage-zeigt-Jedes-dritte-Haertefallgesuch-wird-abgelehnt_Organisator.jpg\",\"contentUrl\":\"https:\\\/\\\/www.organisator.ch\\\/wp-content\\\/uploads\\\/2021\\\/03\\\/Umfrage-zeigt-Jedes-dritte-Haertefallgesuch-wird-abgelehnt_Organisator.jpg\",\"width\":680,\"height\":368,\"caption\":\"Die Grafik zeigt: Jedes dritte H\u00e4rtefallgesuch wurde abgelehnt. (Bild: Gryps.ch)\"},{\"@type\":\"BreadcrumbList\",\"@id\":\"https:\\\/\\\/www.organisator.ch\\\/management\\\/2021-03-11\\\/umfrage-zeigt-jedes-dritte-haertefallgesuch-wird-abgelehnt\\\/#breadcrumb\",\"itemListElement\":[{\"@type\":\"ListItem\",\"position\":1,\"name\":\"Home\",\"item\":\"https:\\\/\\\/www.organisator.ch\\\/\"},{\"@type\":\"ListItem\",\"position\":2,\"name\":\"Umfrage zeigt: Jedes dritte H\u00e4rtefallgesuch wird abgelehnt\"}]},{\"@type\":\"WebSite\",\"@id\":\"https:\\\/\\\/www.organisator.ch\\\/#website\",\"url\":\"https:\\\/\\\/www.organisator.ch\\\/\",\"name\":\"Organisator\",\"description\":\"Kompetent. Praxisnah. Der ORGANISATOR bereitet in 10 Ausgaben pro Jahr die wesentlichen Themen f\u00fcr F\u00fchrungskr\u00e4fte von KMU auf.\",\"publisher\":{\"@id\":\"https:\\\/\\\/www.organisator.ch\\\/#organization\"},\"potentialAction\":[{\"@type\":\"SearchAction\",\"target\":{\"@type\":\"EntryPoint\",\"urlTemplate\":\"https:\\\/\\\/www.organisator.ch\\\/?s={search_term_string}\"},\"query-input\":{\"@type\":\"PropertyValueSpecification\",\"valueRequired\":true,\"valueName\":\"search_term_string\"}}],\"inLanguage\":\"de\"},{\"@type\":\"Organization\",\"@id\":\"https:\\\/\\\/www.organisator.ch\\\/#organization\",\"name\":\"Organisator\",\"url\":\"https:\\\/\\\/www.organisator.ch\\\/\",\"logo\":{\"@type\":\"ImageObject\",\"inLanguage\":\"de\",\"@id\":\"https:\\\/\\\/www.organisator.ch\\\/#\\\/schema\\\/logo\\\/image\\\/\",\"url\":\"https:\\\/\\\/www.organisator.ch\\\/wp-content\\\/uploads\\\/2022\\\/01\\\/Logo_Organisator_Website.png\",\"contentUrl\":\"https:\\\/\\\/www.organisator.ch\\\/wp-content\\\/uploads\\\/2022\\\/01\\\/Logo_Organisator_Website.png\",\"width\":800,\"height\":77,\"caption\":\"Organisator\"},\"image\":{\"@id\":\"https:\\\/\\\/www.organisator.ch\\\/#\\\/schema\\\/logo\\\/image\\\/\"},\"sameAs\":[\"https:\\\/\\\/www.facebook.com\\\/OrganisatorFachmagazin\",\"https:\\\/\\\/www.linkedin.com\\\/showcase\\\/organisator-das-magazin-fr-kmu\",\"https:\\\/\\\/www.xing.com\\\/news\\\/pages\\\/organisator-ch-695\",\"https:\\\/\\\/www.youtube.com\\\/channel\\\/UCGP2Sq0iWaZwT3BdIAQFYpw\"]},{\"@type\":\"Person\",\"@id\":\"https:\\\/\\\/www.organisator.ch\\\/#\\\/schema\\\/person\\\/6f650f90b2842cd4c0cc334b4e36f67e\",\"name\":\"thomas.berner\",\"image\":{\"@type\":\"ImageObject\",\"inLanguage\":\"de\",\"@id\":\"https:\\\/\\\/secure.gravatar.com\\\/avatar\\\/ac5001d2a36cb6c6cd3e50789007ffca834b477b74a2144564522e944eabff61?s=96&d=mm&r=g\",\"url\":\"https:\\\/\\\/secure.gravatar.com\\\/avatar\\\/ac5001d2a36cb6c6cd3e50789007ffca834b477b74a2144564522e944eabff61?s=96&d=mm&r=g\",\"contentUrl\":\"https:\\\/\\\/secure.gravatar.com\\\/avatar\\\/ac5001d2a36cb6c6cd3e50789007ffca834b477b74a2144564522e944eabff61?s=96&d=mm&r=g\",\"caption\":\"thomas.berner\"},\"url\":\"https:\\\/\\\/www.organisator.ch\\\/de\\\/author\\\/thomas-berner\\\/\"}]}<\/script>\n<!-- \/ Yoast SEO plugin. -->","yoast_head_json":{"title":"Umfrage zeigt: Jedes dritte H\u00e4rtefallgesuch wird abgelehnt - Organisator","description":"Eine Umfrage des Offertenportals gryps.ch bei KMU zeigt: Jedes dritte H\u00e4rtefallgesuch wurde abgelehnt - oder ist noch pendent.","robots":{"index":"index","follow":"follow","max-snippet":"max-snippet:-1","max-image-preview":"max-image-preview:large","max-video-preview":"max-video-preview:-1"},"canonical":"https:\/\/www.organisator.ch\/de\/management\/2021-03-11\/umfrage-zeigt-jedes-dritte-haertefallgesuch-wird-abgelehnt\/","og_locale":"de_DE","og_type":"article","og_title":"Umfrage zeigt: Jedes dritte H\u00e4rtefallgesuch wird abgelehnt","og_description":"Eine Umfrage des Offertenportals gryps.ch bei KMU zeigt: Jedes dritte H\u00e4rtefallgesuch wurde abgelehnt - oder ist noch pendent.","og_url":"https:\/\/www.organisator.ch\/de\/management\/2021-03-11\/umfrage-zeigt-jedes-dritte-haertefallgesuch-wird-abgelehnt\/","og_site_name":"Organisator","article_publisher":"https:\/\/www.facebook.com\/OrganisatorFachmagazin","article_published_time":"2021-03-11T06:59:29+00:00","og_image":[{"width":680,"height":368,"url":"https:\/\/www.organisator.ch\/wp-content\/uploads\/2021\/03\/Umfrage-zeigt-Jedes-dritte-Haertefallgesuch-wird-abgelehnt_Organisator.jpg","type":"image\/jpeg"}],"author":"thomas.berner","twitter_card":"summary_large_image","twitter_title":"Umfrage zeigt: Jedes dritte #H\u00e4rtefallgesuch wird abgelehnt","twitter_description":"Eine Umfrage des #Offertenportals #gryps.ch bei KMU zeigt: Jedes dritte #H\u00e4rtefallgesuch wurde abgelehnt - oder ist noch pendent.","twitter_image":"https:\/\/www.organisator.ch\/wp-content\/uploads\/2021\/03\/Umfrage-zeigt-Jedes-dritte-Haertefallgesuch-wird-abgelehnt_Organisator.jpg","schema":{"@context":"https:\/\/schema.org","@graph":[{"@type":"Article","@id":"https:\/\/www.organisator.ch\/management\/2021-03-11\/umfrage-zeigt-jedes-dritte-haertefallgesuch-wird-abgelehnt\/#article","isPartOf":{"@id":"https:\/\/www.organisator.ch\/management\/2021-03-11\/umfrage-zeigt-jedes-dritte-haertefallgesuch-wird-abgelehnt\/"},"author":{"name":"thomas.berner","@id":"https:\/\/www.organisator.ch\/#\/schema\/person\/6f650f90b2842cd4c0cc334b4e36f67e"},"headline":"Umfrage zeigt: Jedes dritte H\u00e4rtefallgesuch wird abgelehnt","datePublished":"2021-03-11T06:59:29+00:00","mainEntityOfPage":{"@id":"https:\/\/www.organisator.ch\/management\/2021-03-11\/umfrage-zeigt-jedes-dritte-haertefallgesuch-wird-abgelehnt\/"},"wordCount":401,"publisher":{"@id":"https:\/\/www.organisator.ch\/#organization"},"image":{"@id":"https:\/\/www.organisator.ch\/management\/2021-03-11\/umfrage-zeigt-jedes-dritte-haertefallgesuch-wird-abgelehnt\/#primaryimage"},"thumbnailUrl":"https:\/\/www.organisator.ch\/wp-content\/uploads\/2021\/03\/Umfrage-zeigt-Jedes-dritte-Haertefallgesuch-wird-abgelehnt_Organisator.jpg","keywords":["Coronavirus","Finanzierung","Management und Unternehmensf\u00fchrung","Umfrage","Unternehmen"],"articleSection":["MANAGEMENT"],"inLanguage":"de"},{"@type":"WebPage","@id":"https:\/\/www.organisator.ch\/management\/2021-03-11\/umfrage-zeigt-jedes-dritte-haertefallgesuch-wird-abgelehnt\/","url":"https:\/\/www.organisator.ch\/management\/2021-03-11\/umfrage-zeigt-jedes-dritte-haertefallgesuch-wird-abgelehnt\/","name":"Umfrage zeigt: Jedes dritte H\u00e4rtefallgesuch wird abgelehnt - Organisator","isPartOf":{"@id":"https:\/\/www.organisator.ch\/#website"},"primaryImageOfPage":{"@id":"https:\/\/www.organisator.ch\/management\/2021-03-11\/umfrage-zeigt-jedes-dritte-haertefallgesuch-wird-abgelehnt\/#primaryimage"},"image":{"@id":"https:\/\/www.organisator.ch\/management\/2021-03-11\/umfrage-zeigt-jedes-dritte-haertefallgesuch-wird-abgelehnt\/#primaryimage"},"thumbnailUrl":"https:\/\/www.organisator.ch\/wp-content\/uploads\/2021\/03\/Umfrage-zeigt-Jedes-dritte-Haertefallgesuch-wird-abgelehnt_Organisator.jpg","datePublished":"2021-03-11T06:59:29+00:00","description":"Eine Umfrage des Offertenportals gryps.ch bei KMU zeigt: Jedes dritte H\u00e4rtefallgesuch wurde abgelehnt - oder ist noch pendent.","breadcrumb":{"@id":"https:\/\/www.organisator.ch\/management\/2021-03-11\/umfrage-zeigt-jedes-dritte-haertefallgesuch-wird-abgelehnt\/#breadcrumb"},"inLanguage":"de","potentialAction":[{"@type":"ReadAction","target":["https:\/\/www.organisator.ch\/management\/2021-03-11\/umfrage-zeigt-jedes-dritte-haertefallgesuch-wird-abgelehnt\/"]}]},{"@type":"ImageObject","inLanguage":"de","@id":"https:\/\/www.organisator.ch\/management\/2021-03-11\/umfrage-zeigt-jedes-dritte-haertefallgesuch-wird-abgelehnt\/#primaryimage","url":"https:\/\/www.organisator.ch\/wp-content\/uploads\/2021\/03\/Umfrage-zeigt-Jedes-dritte-Haertefallgesuch-wird-abgelehnt_Organisator.jpg","contentUrl":"https:\/\/www.organisator.ch\/wp-content\/uploads\/2021\/03\/Umfrage-zeigt-Jedes-dritte-Haertefallgesuch-wird-abgelehnt_Organisator.jpg","width":680,"height":368,"caption":"Die Grafik zeigt: Jedes dritte H\u00e4rtefallgesuch wurde abgelehnt. (Bild: Gryps.ch)"},{"@type":"BreadcrumbList","@id":"https:\/\/www.organisator.ch\/management\/2021-03-11\/umfrage-zeigt-jedes-dritte-haertefallgesuch-wird-abgelehnt\/#breadcrumb","itemListElement":[{"@type":"ListItem","position":1,"name":"Home","item":"https:\/\/www.organisator.ch\/"},{"@type":"ListItem","position":2,"name":"Umfrage zeigt: Jedes dritte H\u00e4rtefallgesuch wird abgelehnt"}]},{"@type":"WebSite","@id":"https:\/\/www.organisator.ch\/#website","url":"https:\/\/www.organisator.ch\/","name":"Organisator","description":"Kompetent. Praxisnah. Der ORGANISATOR bereitet in 10 Ausgaben pro Jahr die wesentlichen Themen f\u00fcr F\u00fchrungskr\u00e4fte von KMU auf.","publisher":{"@id":"https:\/\/www.organisator.ch\/#organization"},"potentialAction":[{"@type":"SearchAction","target":{"@type":"EntryPoint","urlTemplate":"https:\/\/www.organisator.ch\/?s={search_term_string}"},"query-input":{"@type":"PropertyValueSpecification","valueRequired":true,"valueName":"search_term_string"}}],"inLanguage":"de"},{"@type":"Organization","@id":"https:\/\/www.organisator.ch\/#organization","name":"Organisator","url":"https:\/\/www.organisator.ch\/","logo":{"@type":"ImageObject","inLanguage":"de","@id":"https:\/\/www.organisator.ch\/#\/schema\/logo\/image\/","url":"https:\/\/www.organisator.ch\/wp-content\/uploads\/2022\/01\/Logo_Organisator_Website.png","contentUrl":"https:\/\/www.organisator.ch\/wp-content\/uploads\/2022\/01\/Logo_Organisator_Website.png","width":800,"height":77,"caption":"Organisator"},"image":{"@id":"https:\/\/www.organisator.ch\/#\/schema\/logo\/image\/"},"sameAs":["https:\/\/www.facebook.com\/OrganisatorFachmagazin","https:\/\/www.linkedin.com\/showcase\/organisator-das-magazin-fr-kmu","https:\/\/www.xing.com\/news\/pages\/organisator-ch-695","https:\/\/www.youtube.com\/channel\/UCGP2Sq0iWaZwT3BdIAQFYpw"]},{"@type":"Person","@id":"https:\/\/www.organisator.ch\/#\/schema\/person\/6f650f90b2842cd4c0cc334b4e36f67e","name":"thomas.berner","image":{"@type":"ImageObject","inLanguage":"de","@id":"https:\/\/secure.gravatar.com\/avatar\/ac5001d2a36cb6c6cd3e50789007ffca834b477b74a2144564522e944eabff61?s=96&d=mm&r=g","url":"https:\/\/secure.gravatar.com\/avatar\/ac5001d2a36cb6c6cd3e50789007ffca834b477b74a2144564522e944eabff61?s=96&d=mm&r=g","contentUrl":"https:\/\/secure.gravatar.com\/avatar\/ac5001d2a36cb6c6cd3e50789007ffca834b477b74a2144564522e944eabff61?s=96&d=mm&r=g","caption":"thomas.berner"},"url":"https:\/\/www.organisator.ch\/de\/author\/thomas-berner\/"}]}},"_links":{"self":[{"href":"https:\/\/www.organisator.ch\/de\/wp-json\/wp\/v2\/posts\/7787","targetHints":{"allow":["GET"]}}],"collection":[{"href":"https:\/\/www.organisator.ch\/de\/wp-json\/wp\/v2\/posts"}],"about":[{"href":"https:\/\/www.organisator.ch\/de\/wp-json\/wp\/v2\/types\/post"}],"author":[{"embeddable":true,"href":"https:\/\/www.organisator.ch\/de\/wp-json\/wp\/v2\/users\/4"}],"replies":[{"embeddable":true,"href":"https:\/\/www.organisator.ch\/de\/wp-json\/wp\/v2\/comments?post=7787"}],"version-history":[{"count":0,"href":"https:\/\/www.organisator.ch\/de\/wp-json\/wp\/v2\/posts\/7787\/revisions"}],"wp:featuredmedia":[{"embeddable":true,"href":"https:\/\/www.organisator.ch\/de\/wp-json\/wp\/v2\/media\/7788"}],"wp:attachment":[{"href":"https:\/\/www.organisator.ch\/de\/wp-json\/wp\/v2\/media?parent=7787"}],"wp:term":[{"taxonomy":"category","embeddable":true,"href":"https:\/\/www.organisator.ch\/de\/wp-json\/wp\/v2\/categories?post=7787"},{"taxonomy":"post_tag","embeddable":true,"href":"https:\/\/www.organisator.ch\/de\/wp-json\/wp\/v2\/tags?post=7787"}],"curies":[{"name":"wp","href":"https:\/\/api.w.org\/{rel}","templated":true}]}}