{"id":7821,"date":"2021-03-18T11:18:57","date_gmt":"2021-03-18T10:18:57","guid":{"rendered":"https:\/\/www.organisator.ch\/?p=7821"},"modified":"2021-03-18T11:18:57","modified_gmt":"2021-03-18T10:18:57","slug":"schweizer-industrie-digitalisierung-wird-auf-strategischer-ebene-vernachlaessigt","status":"publish","type":"post","link":"https:\/\/www.organisator.ch\/de\/management\/2021-03-18\/schweizer-industrie-digitalisierung-wird-auf-strategischer-ebene-vernachlaessigt\/","title":{"rendered":"Schweizer Industrie: Digitalisierung wird auf strategischer Ebene vernachl\u00e4ssigt"},"content":{"rendered":"<figure id=\"attachment_7822\" aria-describedby=\"caption-attachment-7822\" style=\"width: 680px\" class=\"wp-caption alignnone\"><img loading=\"lazy\" decoding=\"async\" class=\"size-medium wp-image-7822\" src=\"https:\/\/www.organisator.ch\/wp-content\/uploads\/2021\/03\/Schweizer-Industrie-Digitalisierung-wird-auf-strategischer-Ebene-vernachlaessigt_Organisator.jpg\" alt=\"\" width=\"680\" height=\"454\" srcset=\"https:\/\/www.organisator.ch\/wp-content\/uploads\/2021\/03\/Schweizer-Industrie-Digitalisierung-wird-auf-strategischer-Ebene-vernachlaessigt_Organisator.jpg 680w, https:\/\/www.organisator.ch\/wp-content\/uploads\/2021\/03\/Schweizer-Industrie-Digitalisierung-wird-auf-strategischer-Ebene-vernachlaessigt_Organisator-16x12.jpg 16w, https:\/\/www.organisator.ch\/wp-content\/uploads\/2021\/03\/Schweizer-Industrie-Digitalisierung-wird-auf-strategischer-Ebene-vernachlaessigt_Organisator-262x175.jpg 262w, https:\/\/www.organisator.ch\/wp-content\/uploads\/2021\/03\/Schweizer-Industrie-Digitalisierung-wird-auf-strategischer-Ebene-vernachlaessigt_Organisator-524x350.jpg 524w, https:\/\/www.organisator.ch\/wp-content\/uploads\/2021\/03\/Schweizer-Industrie-Digitalisierung-wird-auf-strategischer-Ebene-vernachlaessigt_Organisator-300x200.jpg 300w\" sizes=\"auto, (max-width: 680px) 100vw, 680px\" \/><figcaption id=\"caption-attachment-7822\" class=\"wp-caption-text\">Automation und Optimierung von Prozessen sind in der Schweizer Industrie die wichtigsten Digitalisierungsmassnahmen. Doch auf strategischer Ebene fehlt es vielerorts noch an Konzepten. (Bild: depositphotos.com)<\/figcaption><\/figure>\n<p>Die Schweizer Industrie vernachl\u00e4ssigt die Digitalisierung auf strategischer Ebene. Doch es gibt sehr wohl positive Nachrichten: Ein Grossteil der produzierenden Unternehmen in der Schweiz hat bereits zahlreiche Digitalisierungsprojekte umgesetzt. Dabei handelt es sich oft um Optimierungen operativer Prozesse. Dies bildet in der Regel der Beginn aller Digitalisierungsbestrebungen. Entsprechend stufen 44 Prozent der Teilnehmer einer Umfrage, die von der Arbeitsgruppe \u00abDigitalstrategie\u00bb der Initiative \u00abIndustrie 2025\u00bb in der 2. Jahresh\u00e4lfte 2020 durchgef\u00fchrt wurde, den digitalen Reifegrad ihres Unternehmens als \u00abmittel\u00bb ein. Nur 13 Prozent leben Digitalisierung als integralen Bestandteil ihrer Unternehmenskultur, w\u00e4hrend immerhin 17 Prozent bereits eine digitale Roadmap und klar definierte Prozesse und Tools implementiert haben.<\/p>\n<h2>In der Schweizer Industrie fehlen ausformulierte Digitalstrategien<\/h2>\n<p>Wie operativ die Schweizer Industrie beim Thema Digitalisierung noch unterwegs ist, zeigt sich darin, dass fast zwei Drittel noch keine ausformulierte Digitalstrategie haben. Zwar ist Digitalisierung f\u00fcr mehr als die H\u00e4lfte (55%) der Unternehmen eines der Top 3 strategischen Themen und f\u00fcr 12 Prozent sogar strategisches Thema Nr. 1, doch dem gegen\u00fcber hat jedes f\u00fcnfte Unternehmen (22%) noch keine ausformulierte Unternehmensstrategie, oder Digitalisierung ist kein strategisches Thema darin.<\/p>\n<p>Die Umfrage, an der die AWK Group mit der Co-Leitung durch Dr. Boris Ricken, Head of Manufacturing, massgeblich mitgewirkt hat, zeigt, dass Industriefirmen immer noch stark auf die Digitalisierung ihrer internen Prozesse fokussieren. 70 Prozent bezeichnen die Automatisierung von Produktion und Prozessen als \u00abwichtige\u00bb oder \u00absehr wichtige\u00bb strategische Herausforderung. Dies widerspiegelt sich auch in den Investitionen: 40-50 Prozent t\u00e4tigen \u00abhohe\u00bb oder \u00absehr hohe\u00bb Investitionen in die Automatisierung ihrer Kernprozesse (Produktion, Verkauf und Marketing, Service und Kundendienst, Entwicklung). Ein weiteres wichtiges Investitionsthema sind neue digitale Produkte und Services. 46 Prozent gaben an, hier viel oder sehr viel zu investieren. In die Digitalisierung der Supportprozesse (Beschaffung, Logistik, HR \/ Admin) wird hingegen deutlich weniger Geld gesteckt.<\/p>\n<h2>Hohe Investitionen in Business Software<\/h2>\n<p>Aus technologischer Sicht investieren die befragten Unternehmen mit Abstand am meisten in Informationstechnologien (ERP, CRM, MES, PLM). 61 Prozent gaben an, hier \u00abhohe\u00bb oder sogar \u00absehr hohe\u00bb Investitionen aufzuwenden. Weitere wichtige Technologien sind das Internet of Things und Data Analytics. Demgegen\u00fcber investieren Industriefirmen wenig in Blockchain Technologie, Smart Contracts und Kommunikationstechnologien. Erstaunlich ist, dass trotz der zahlreichen Cyber-Attacken auf Industriefirmen im 2020 nur 20 Prozent aller Befragten \u00abhohe\u00bb oder \u00absehr hohe\u00bb Budgets f\u00fcr Sicherheitstechnologien sprachen.<\/p>\n<h2>Corona-Digitalisierungsschub nutzen<\/h2>\n<p>Corona \u00e4ndert diese Momentaufnahme betr\u00e4chtlich. Fast drei Viertel (70%) der Befragten stimmten der Aussage zu, dass die Digitalisierung durch die Corona-Krise noch bedeutender f\u00fcr sie geworden ist. Nur ein Bruchteil der Umfrageteilnehmer (6%) rechnet mit einem umfangreichen Stopp von Digitalisierungsprojekten im eigenen Unternehmen aufgrund von Corona. Dr. Boris Ricken, Co-Autor der Umfrage, gibt zu bedenken: \u00abDurch Corona hat die Digitalisierung f\u00fcr Industriefirmen weiter an Bedeutung gewonnen. Allerdings zeigt die Umfrage der Arbeitsgruppe auch, dass es f\u00fcr die Schweizer Industrie noch viel Handlungsbedarf gibt. So hat ein Grossteil der Unternehmen noch keine Strategie f\u00fcr Digitalisierung. Zudem liegt der Fokus immer noch stark auf der internen Prozessoptimierung. Wir empfehlen aber unbedingt auch die anderen Handlungsfelder von Digitalisierung zu ber\u00fccksichtigen: Wo sind Chancen f\u00fcr neue digitale Produkte und Services? Wie k\u00f6nnen wir unsere Kunden mit digitalen L\u00f6sungen noch mehr begeistern und ans Unternehmen binden?\u00bb<br \/>\nPhilip Hauri, Gesch\u00e4ftsleiter Industrie 2025, erg\u00e4nzt: \u00abUnsere Schweizer Industrie hat Nachholbedarf. Die Corona-Krise ist zudem ein Katalysator, der Gewinner und Verlierer anhand ihrer F\u00e4higkeit zu digitalisieren ausliest. Wir empfehlen bei knappen Ressourcen, das Portfolio strategisch neu zu priorisieren. Digitalisierung ist ein Top-Management-Thema, das auf Ebene Gesch\u00e4ftsleitung und Verwaltungsrat vorangetrieben werden muss.\u00bb<\/p>\n<h2>113 Unternehmen der Schweizer Industrie befragt<\/h2>\n<p>An der Umfrage, die im zweiten Halbjahr 2020 durch die Arbeitsgruppe \u00abDigitalstrategie\u00bb der Initiative \u00abIndustrie 2025\u00bb durchgef\u00fchrt wurde, nahmen 113 Schweizer Unternehmen des produzierenden Gewerbes teil. 82 Prozent der Teilnehmenden sind im oberen Kader angesiedelt, davon 50 Prozent als Mitglieder der Gesch\u00e4ftsleitung und 32 Prozent auf der Stufe Abteilungsleitung. Die H\u00e4lfte der Unternehmen sind im Maschinen- und Anlagebau (inkl. Zulieferer) t\u00e4tig und 17 Prozent bei Herstellern von elektronischen, optischen und elektrischen Erzeugnissen. 61 Prozent der befragten Unternehmen besch\u00e4ftigen 1 bis 249 Mitarbeitende, 12 Prozent 250 bis 999 Mitarbeitende und 27 Prozent mehr als 1000 Mitarbeitende.<\/p>\n<p><em>Quelle: <a href=\"http:\/\/www.awk.ch\">AWK Group<\/a> und <a href=\"http:\/\/www.industrie2025.ch\">Industrie 2025<\/a><\/em><\/p>\n","protected":false},"excerpt":{"rendered":"<p>Die Schweizer Industrie vernachl\u00e4ssigt die Digitalisierung auf strategischer Ebene. Doch es gibt sehr wohl positive Nachrichten: Ein Grossteil der produzierenden Unternehmen in der Schweiz hat bereits zahlreiche Digitalisierungsprojekte umgesetzt. Dabei handelt es sich oft um Optimierungen operativer Prozesse. Dies bildet in der Regel der Beginn aller Digitalisierungsbestrebungen. Entsprechend stufen 44 Prozent der Teilnehmer einer Umfrage, [&hellip;]<\/p>\n","protected":false},"author":4,"featured_media":7822,"comment_status":"closed","ping_status":"closed","sticky":false,"template":"","format":"standard","meta":{"_acf_changed":false,"_yoast_wpseo_focuskw":"Schweizer Industrie","_yoast_wpseo_metadesc":"Nur ein Drittel der Unternehmen der Schweizer Industrie h\u00e4lt den eigenen digitalen Reifegrad f\u00fcr gen\u00fcgend hoch. Corona erh\u00f6ht aber die Relevanz des Themas.","articlekey":"","footnotes":""},"categories":[28],"tags":[156,267,288,335,459],"class_list":["post-7821","post","type-post","status-publish","format-standard","has-post-thumbnail","hentry","category-management","tag-digitalisierung","tag-industrie-4-0","tag-it-business-software","tag-management-und-unternehmensfuehrung","tag-studie"],"acf":[],"yoast_head":"<!-- This site is optimized with the Yoast SEO plugin v27.5 - https:\/\/yoast.com\/product\/yoast-seo-wordpress\/ -->\n<title>Schweizer Industrie: Digitalisierung wird auf strategischer Ebene vernachl\u00e4ssigt - Organisator<\/title>\n<meta name=\"description\" content=\"Nur ein Drittel der Unternehmen der Schweizer Industrie h\u00e4lt den eigenen digitalen Reifegrad f\u00fcr gen\u00fcgend hoch. Corona erh\u00f6ht aber die Relevanz des Themas.\" \/>\n<meta name=\"robots\" content=\"index, follow, max-snippet:-1, max-image-preview:large, max-video-preview:-1\" \/>\n<link rel=\"canonical\" href=\"https:\/\/www.organisator.ch\/de\/management\/2021-03-18\/schweizer-industrie-digitalisierung-wird-auf-strategischer-ebene-vernachlaessigt\/\" \/>\n<meta property=\"og:locale\" content=\"de_DE\" \/>\n<meta property=\"og:type\" content=\"article\" \/>\n<meta property=\"og:title\" content=\"Schweizer Industrie: Digitalisierung wird auf strategischer Ebene vernachl\u00e4ssigt\" \/>\n<meta property=\"og:description\" content=\"Nur ein Drittel der Unternehmen der Schweizer Industrie h\u00e4lt den eigenen digitalen Reifegrad f\u00fcr gen\u00fcgend hoch. Corona erh\u00f6ht aber die Relevanz des Themas.\" \/>\n<meta property=\"og:url\" content=\"https:\/\/www.organisator.ch\/de\/management\/2021-03-18\/schweizer-industrie-digitalisierung-wird-auf-strategischer-ebene-vernachlaessigt\/\" \/>\n<meta property=\"og:site_name\" content=\"Organisator\" \/>\n<meta property=\"article:publisher\" content=\"https:\/\/www.facebook.com\/OrganisatorFachmagazin\" \/>\n<meta property=\"article:published_time\" content=\"2021-03-18T10:18:57+00:00\" \/>\n<meta property=\"og:image\" content=\"https:\/\/www.organisator.ch\/wp-content\/uploads\/2021\/03\/Schweizer-Industrie-Digitalisierung-wird-auf-strategischer-Ebene-vernachlaessigt_Organisator.jpg\" \/>\n\t<meta property=\"og:image:width\" content=\"680\" \/>\n\t<meta property=\"og:image:height\" content=\"454\" \/>\n\t<meta property=\"og:image:type\" content=\"image\/jpeg\" \/>\n<meta name=\"author\" content=\"thomas.berner\" \/>\n<meta name=\"twitter:card\" content=\"summary_large_image\" \/>\n<meta name=\"twitter:title\" content=\"Schweizer Industrie: #Digitalisierung wird auf #strategischer Ebene vernachl\u00e4ssigt\" \/>\n<meta name=\"twitter:description\" content=\"Nur ein Drittel der Unternehmen der Schweizer Industrie h\u00e4lt den eigenen digitalen Reifegrad f\u00fcr gen\u00fcgend hoch. Corona erh\u00f6ht aber die Relevanz des Themas.\" \/>\n<meta name=\"twitter:image\" content=\"https:\/\/www.organisator.ch\/wp-content\/uploads\/2021\/03\/Schweizer-Industrie-Digitalisierung-wird-auf-strategischer-Ebene-vernachlaessigt_Organisator.jpg\" \/>\n<script type=\"application\/ld+json\" class=\"yoast-schema-graph\">{\"@context\":\"https:\\\/\\\/schema.org\",\"@graph\":[{\"@type\":\"Article\",\"@id\":\"https:\\\/\\\/www.organisator.ch\\\/management\\\/2021-03-18\\\/schweizer-industrie-digitalisierung-wird-auf-strategischer-ebene-vernachlaessigt\\\/#article\",\"isPartOf\":{\"@id\":\"https:\\\/\\\/www.organisator.ch\\\/management\\\/2021-03-18\\\/schweizer-industrie-digitalisierung-wird-auf-strategischer-ebene-vernachlaessigt\\\/\"},\"author\":{\"name\":\"thomas.berner\",\"@id\":\"https:\\\/\\\/www.organisator.ch\\\/#\\\/schema\\\/person\\\/6f650f90b2842cd4c0cc334b4e36f67e\"},\"headline\":\"Schweizer Industrie: Digitalisierung wird auf strategischer Ebene vernachl\u00e4ssigt\",\"datePublished\":\"2021-03-18T10:18:57+00:00\",\"mainEntityOfPage\":{\"@id\":\"https:\\\/\\\/www.organisator.ch\\\/management\\\/2021-03-18\\\/schweizer-industrie-digitalisierung-wird-auf-strategischer-ebene-vernachlaessigt\\\/\"},\"wordCount\":710,\"publisher\":{\"@id\":\"https:\\\/\\\/www.organisator.ch\\\/#organization\"},\"image\":{\"@id\":\"https:\\\/\\\/www.organisator.ch\\\/management\\\/2021-03-18\\\/schweizer-industrie-digitalisierung-wird-auf-strategischer-ebene-vernachlaessigt\\\/#primaryimage\"},\"thumbnailUrl\":\"https:\\\/\\\/www.organisator.ch\\\/wp-content\\\/uploads\\\/2021\\\/03\\\/Schweizer-Industrie-Digitalisierung-wird-auf-strategischer-Ebene-vernachlaessigt_Organisator.jpg\",\"keywords\":[\"Digitalisierung\",\"Industrie 4.0\",\"IT &amp; Business Software\",\"Management und Unternehmensf\u00fchrung\",\"Studie\"],\"articleSection\":[\"MANAGEMENT\"],\"inLanguage\":\"de\"},{\"@type\":\"WebPage\",\"@id\":\"https:\\\/\\\/www.organisator.ch\\\/management\\\/2021-03-18\\\/schweizer-industrie-digitalisierung-wird-auf-strategischer-ebene-vernachlaessigt\\\/\",\"url\":\"https:\\\/\\\/www.organisator.ch\\\/management\\\/2021-03-18\\\/schweizer-industrie-digitalisierung-wird-auf-strategischer-ebene-vernachlaessigt\\\/\",\"name\":\"Schweizer Industrie: Digitalisierung wird auf strategischer Ebene vernachl\u00e4ssigt - Organisator\",\"isPartOf\":{\"@id\":\"https:\\\/\\\/www.organisator.ch\\\/#website\"},\"primaryImageOfPage\":{\"@id\":\"https:\\\/\\\/www.organisator.ch\\\/management\\\/2021-03-18\\\/schweizer-industrie-digitalisierung-wird-auf-strategischer-ebene-vernachlaessigt\\\/#primaryimage\"},\"image\":{\"@id\":\"https:\\\/\\\/www.organisator.ch\\\/management\\\/2021-03-18\\\/schweizer-industrie-digitalisierung-wird-auf-strategischer-ebene-vernachlaessigt\\\/#primaryimage\"},\"thumbnailUrl\":\"https:\\\/\\\/www.organisator.ch\\\/wp-content\\\/uploads\\\/2021\\\/03\\\/Schweizer-Industrie-Digitalisierung-wird-auf-strategischer-Ebene-vernachlaessigt_Organisator.jpg\",\"datePublished\":\"2021-03-18T10:18:57+00:00\",\"description\":\"Nur ein Drittel der Unternehmen der Schweizer Industrie h\u00e4lt den eigenen digitalen Reifegrad f\u00fcr gen\u00fcgend hoch. Corona erh\u00f6ht aber die Relevanz des Themas.\",\"breadcrumb\":{\"@id\":\"https:\\\/\\\/www.organisator.ch\\\/management\\\/2021-03-18\\\/schweizer-industrie-digitalisierung-wird-auf-strategischer-ebene-vernachlaessigt\\\/#breadcrumb\"},\"inLanguage\":\"de\",\"potentialAction\":[{\"@type\":\"ReadAction\",\"target\":[\"https:\\\/\\\/www.organisator.ch\\\/management\\\/2021-03-18\\\/schweizer-industrie-digitalisierung-wird-auf-strategischer-ebene-vernachlaessigt\\\/\"]}]},{\"@type\":\"ImageObject\",\"inLanguage\":\"de\",\"@id\":\"https:\\\/\\\/www.organisator.ch\\\/management\\\/2021-03-18\\\/schweizer-industrie-digitalisierung-wird-auf-strategischer-ebene-vernachlaessigt\\\/#primaryimage\",\"url\":\"https:\\\/\\\/www.organisator.ch\\\/wp-content\\\/uploads\\\/2021\\\/03\\\/Schweizer-Industrie-Digitalisierung-wird-auf-strategischer-Ebene-vernachlaessigt_Organisator.jpg\",\"contentUrl\":\"https:\\\/\\\/www.organisator.ch\\\/wp-content\\\/uploads\\\/2021\\\/03\\\/Schweizer-Industrie-Digitalisierung-wird-auf-strategischer-Ebene-vernachlaessigt_Organisator.jpg\",\"width\":680,\"height\":454,\"caption\":\"Automation und Optimierung von Prozessen sind in der Schweizer Industrie die wichtigsten Digitalisierungsmassnahmen. Doch auf strategischer Ebene fehlt es vielerorts noch an Konzepten. (Bild: depositphotos.com)\"},{\"@type\":\"BreadcrumbList\",\"@id\":\"https:\\\/\\\/www.organisator.ch\\\/management\\\/2021-03-18\\\/schweizer-industrie-digitalisierung-wird-auf-strategischer-ebene-vernachlaessigt\\\/#breadcrumb\",\"itemListElement\":[{\"@type\":\"ListItem\",\"position\":1,\"name\":\"Home\",\"item\":\"https:\\\/\\\/www.organisator.ch\\\/\"},{\"@type\":\"ListItem\",\"position\":2,\"name\":\"Schweizer Industrie: Digitalisierung wird auf strategischer Ebene vernachl\u00e4ssigt\"}]},{\"@type\":\"WebSite\",\"@id\":\"https:\\\/\\\/www.organisator.ch\\\/#website\",\"url\":\"https:\\\/\\\/www.organisator.ch\\\/\",\"name\":\"Organisator\",\"description\":\"Kompetent. Praxisnah. Der ORGANISATOR bereitet in 10 Ausgaben pro Jahr die wesentlichen Themen f\u00fcr F\u00fchrungskr\u00e4fte von KMU auf.\",\"publisher\":{\"@id\":\"https:\\\/\\\/www.organisator.ch\\\/#organization\"},\"potentialAction\":[{\"@type\":\"SearchAction\",\"target\":{\"@type\":\"EntryPoint\",\"urlTemplate\":\"https:\\\/\\\/www.organisator.ch\\\/?s={search_term_string}\"},\"query-input\":{\"@type\":\"PropertyValueSpecification\",\"valueRequired\":true,\"valueName\":\"search_term_string\"}}],\"inLanguage\":\"de\"},{\"@type\":\"Organization\",\"@id\":\"https:\\\/\\\/www.organisator.ch\\\/#organization\",\"name\":\"Organisator\",\"url\":\"https:\\\/\\\/www.organisator.ch\\\/\",\"logo\":{\"@type\":\"ImageObject\",\"inLanguage\":\"de\",\"@id\":\"https:\\\/\\\/www.organisator.ch\\\/#\\\/schema\\\/logo\\\/image\\\/\",\"url\":\"https:\\\/\\\/www.organisator.ch\\\/wp-content\\\/uploads\\\/2022\\\/01\\\/Logo_Organisator_Website.png\",\"contentUrl\":\"https:\\\/\\\/www.organisator.ch\\\/wp-content\\\/uploads\\\/2022\\\/01\\\/Logo_Organisator_Website.png\",\"width\":800,\"height\":77,\"caption\":\"Organisator\"},\"image\":{\"@id\":\"https:\\\/\\\/www.organisator.ch\\\/#\\\/schema\\\/logo\\\/image\\\/\"},\"sameAs\":[\"https:\\\/\\\/www.facebook.com\\\/OrganisatorFachmagazin\",\"https:\\\/\\\/www.linkedin.com\\\/showcase\\\/organisator-das-magazin-fr-kmu\",\"https:\\\/\\\/www.xing.com\\\/news\\\/pages\\\/organisator-ch-695\",\"https:\\\/\\\/www.youtube.com\\\/channel\\\/UCGP2Sq0iWaZwT3BdIAQFYpw\"]},{\"@type\":\"Person\",\"@id\":\"https:\\\/\\\/www.organisator.ch\\\/#\\\/schema\\\/person\\\/6f650f90b2842cd4c0cc334b4e36f67e\",\"name\":\"thomas.berner\",\"image\":{\"@type\":\"ImageObject\",\"inLanguage\":\"de\",\"@id\":\"https:\\\/\\\/secure.gravatar.com\\\/avatar\\\/ac5001d2a36cb6c6cd3e50789007ffca834b477b74a2144564522e944eabff61?s=96&d=mm&r=g\",\"url\":\"https:\\\/\\\/secure.gravatar.com\\\/avatar\\\/ac5001d2a36cb6c6cd3e50789007ffca834b477b74a2144564522e944eabff61?s=96&d=mm&r=g\",\"contentUrl\":\"https:\\\/\\\/secure.gravatar.com\\\/avatar\\\/ac5001d2a36cb6c6cd3e50789007ffca834b477b74a2144564522e944eabff61?s=96&d=mm&r=g\",\"caption\":\"thomas.berner\"},\"url\":\"https:\\\/\\\/www.organisator.ch\\\/de\\\/author\\\/thomas-berner\\\/\"}]}<\/script>\n<!-- \/ Yoast SEO plugin. -->","yoast_head_json":{"title":"Schweizer Industrie: Digitalisierung wird auf strategischer Ebene vernachl\u00e4ssigt - Organisator","description":"Nur ein Drittel der Unternehmen der Schweizer Industrie h\u00e4lt den eigenen digitalen Reifegrad f\u00fcr gen\u00fcgend hoch. Corona erh\u00f6ht aber die Relevanz des Themas.","robots":{"index":"index","follow":"follow","max-snippet":"max-snippet:-1","max-image-preview":"max-image-preview:large","max-video-preview":"max-video-preview:-1"},"canonical":"https:\/\/www.organisator.ch\/de\/management\/2021-03-18\/schweizer-industrie-digitalisierung-wird-auf-strategischer-ebene-vernachlaessigt\/","og_locale":"de_DE","og_type":"article","og_title":"Schweizer Industrie: Digitalisierung wird auf strategischer Ebene vernachl\u00e4ssigt","og_description":"Nur ein Drittel der Unternehmen der Schweizer Industrie h\u00e4lt den eigenen digitalen Reifegrad f\u00fcr gen\u00fcgend hoch. Corona erh\u00f6ht aber die Relevanz des Themas.","og_url":"https:\/\/www.organisator.ch\/de\/management\/2021-03-18\/schweizer-industrie-digitalisierung-wird-auf-strategischer-ebene-vernachlaessigt\/","og_site_name":"Organisator","article_publisher":"https:\/\/www.facebook.com\/OrganisatorFachmagazin","article_published_time":"2021-03-18T10:18:57+00:00","og_image":[{"width":680,"height":454,"url":"https:\/\/www.organisator.ch\/wp-content\/uploads\/2021\/03\/Schweizer-Industrie-Digitalisierung-wird-auf-strategischer-Ebene-vernachlaessigt_Organisator.jpg","type":"image\/jpeg"}],"author":"thomas.berner","twitter_card":"summary_large_image","twitter_title":"Schweizer Industrie: #Digitalisierung wird auf #strategischer Ebene vernachl\u00e4ssigt","twitter_description":"Nur ein Drittel der Unternehmen der Schweizer Industrie h\u00e4lt den eigenen digitalen Reifegrad f\u00fcr gen\u00fcgend hoch. Corona erh\u00f6ht aber die Relevanz des Themas.","twitter_image":"https:\/\/www.organisator.ch\/wp-content\/uploads\/2021\/03\/Schweizer-Industrie-Digitalisierung-wird-auf-strategischer-Ebene-vernachlaessigt_Organisator.jpg","schema":{"@context":"https:\/\/schema.org","@graph":[{"@type":"Article","@id":"https:\/\/www.organisator.ch\/management\/2021-03-18\/schweizer-industrie-digitalisierung-wird-auf-strategischer-ebene-vernachlaessigt\/#article","isPartOf":{"@id":"https:\/\/www.organisator.ch\/management\/2021-03-18\/schweizer-industrie-digitalisierung-wird-auf-strategischer-ebene-vernachlaessigt\/"},"author":{"name":"thomas.berner","@id":"https:\/\/www.organisator.ch\/#\/schema\/person\/6f650f90b2842cd4c0cc334b4e36f67e"},"headline":"Schweizer Industrie: Digitalisierung wird auf strategischer Ebene vernachl\u00e4ssigt","datePublished":"2021-03-18T10:18:57+00:00","mainEntityOfPage":{"@id":"https:\/\/www.organisator.ch\/management\/2021-03-18\/schweizer-industrie-digitalisierung-wird-auf-strategischer-ebene-vernachlaessigt\/"},"wordCount":710,"publisher":{"@id":"https:\/\/www.organisator.ch\/#organization"},"image":{"@id":"https:\/\/www.organisator.ch\/management\/2021-03-18\/schweizer-industrie-digitalisierung-wird-auf-strategischer-ebene-vernachlaessigt\/#primaryimage"},"thumbnailUrl":"https:\/\/www.organisator.ch\/wp-content\/uploads\/2021\/03\/Schweizer-Industrie-Digitalisierung-wird-auf-strategischer-Ebene-vernachlaessigt_Organisator.jpg","keywords":["Digitalisierung","Industrie 4.0","IT &amp; Business Software","Management und Unternehmensf\u00fchrung","Studie"],"articleSection":["MANAGEMENT"],"inLanguage":"de"},{"@type":"WebPage","@id":"https:\/\/www.organisator.ch\/management\/2021-03-18\/schweizer-industrie-digitalisierung-wird-auf-strategischer-ebene-vernachlaessigt\/","url":"https:\/\/www.organisator.ch\/management\/2021-03-18\/schweizer-industrie-digitalisierung-wird-auf-strategischer-ebene-vernachlaessigt\/","name":"Schweizer Industrie: Digitalisierung wird auf strategischer Ebene vernachl\u00e4ssigt - Organisator","isPartOf":{"@id":"https:\/\/www.organisator.ch\/#website"},"primaryImageOfPage":{"@id":"https:\/\/www.organisator.ch\/management\/2021-03-18\/schweizer-industrie-digitalisierung-wird-auf-strategischer-ebene-vernachlaessigt\/#primaryimage"},"image":{"@id":"https:\/\/www.organisator.ch\/management\/2021-03-18\/schweizer-industrie-digitalisierung-wird-auf-strategischer-ebene-vernachlaessigt\/#primaryimage"},"thumbnailUrl":"https:\/\/www.organisator.ch\/wp-content\/uploads\/2021\/03\/Schweizer-Industrie-Digitalisierung-wird-auf-strategischer-Ebene-vernachlaessigt_Organisator.jpg","datePublished":"2021-03-18T10:18:57+00:00","description":"Nur ein Drittel der Unternehmen der Schweizer Industrie h\u00e4lt den eigenen digitalen Reifegrad f\u00fcr gen\u00fcgend hoch. Corona erh\u00f6ht aber die Relevanz des Themas.","breadcrumb":{"@id":"https:\/\/www.organisator.ch\/management\/2021-03-18\/schweizer-industrie-digitalisierung-wird-auf-strategischer-ebene-vernachlaessigt\/#breadcrumb"},"inLanguage":"de","potentialAction":[{"@type":"ReadAction","target":["https:\/\/www.organisator.ch\/management\/2021-03-18\/schweizer-industrie-digitalisierung-wird-auf-strategischer-ebene-vernachlaessigt\/"]}]},{"@type":"ImageObject","inLanguage":"de","@id":"https:\/\/www.organisator.ch\/management\/2021-03-18\/schweizer-industrie-digitalisierung-wird-auf-strategischer-ebene-vernachlaessigt\/#primaryimage","url":"https:\/\/www.organisator.ch\/wp-content\/uploads\/2021\/03\/Schweizer-Industrie-Digitalisierung-wird-auf-strategischer-Ebene-vernachlaessigt_Organisator.jpg","contentUrl":"https:\/\/www.organisator.ch\/wp-content\/uploads\/2021\/03\/Schweizer-Industrie-Digitalisierung-wird-auf-strategischer-Ebene-vernachlaessigt_Organisator.jpg","width":680,"height":454,"caption":"Automation und Optimierung von Prozessen sind in der Schweizer Industrie die wichtigsten Digitalisierungsmassnahmen. Doch auf strategischer Ebene fehlt es vielerorts noch an Konzepten. (Bild: depositphotos.com)"},{"@type":"BreadcrumbList","@id":"https:\/\/www.organisator.ch\/management\/2021-03-18\/schweizer-industrie-digitalisierung-wird-auf-strategischer-ebene-vernachlaessigt\/#breadcrumb","itemListElement":[{"@type":"ListItem","position":1,"name":"Home","item":"https:\/\/www.organisator.ch\/"},{"@type":"ListItem","position":2,"name":"Schweizer Industrie: Digitalisierung wird auf strategischer Ebene vernachl\u00e4ssigt"}]},{"@type":"WebSite","@id":"https:\/\/www.organisator.ch\/#website","url":"https:\/\/www.organisator.ch\/","name":"Organisator","description":"Kompetent. Praxisnah. Der ORGANISATOR bereitet in 10 Ausgaben pro Jahr die wesentlichen Themen f\u00fcr F\u00fchrungskr\u00e4fte von KMU auf.","publisher":{"@id":"https:\/\/www.organisator.ch\/#organization"},"potentialAction":[{"@type":"SearchAction","target":{"@type":"EntryPoint","urlTemplate":"https:\/\/www.organisator.ch\/?s={search_term_string}"},"query-input":{"@type":"PropertyValueSpecification","valueRequired":true,"valueName":"search_term_string"}}],"inLanguage":"de"},{"@type":"Organization","@id":"https:\/\/www.organisator.ch\/#organization","name":"Organisator","url":"https:\/\/www.organisator.ch\/","logo":{"@type":"ImageObject","inLanguage":"de","@id":"https:\/\/www.organisator.ch\/#\/schema\/logo\/image\/","url":"https:\/\/www.organisator.ch\/wp-content\/uploads\/2022\/01\/Logo_Organisator_Website.png","contentUrl":"https:\/\/www.organisator.ch\/wp-content\/uploads\/2022\/01\/Logo_Organisator_Website.png","width":800,"height":77,"caption":"Organisator"},"image":{"@id":"https:\/\/www.organisator.ch\/#\/schema\/logo\/image\/"},"sameAs":["https:\/\/www.facebook.com\/OrganisatorFachmagazin","https:\/\/www.linkedin.com\/showcase\/organisator-das-magazin-fr-kmu","https:\/\/www.xing.com\/news\/pages\/organisator-ch-695","https:\/\/www.youtube.com\/channel\/UCGP2Sq0iWaZwT3BdIAQFYpw"]},{"@type":"Person","@id":"https:\/\/www.organisator.ch\/#\/schema\/person\/6f650f90b2842cd4c0cc334b4e36f67e","name":"thomas.berner","image":{"@type":"ImageObject","inLanguage":"de","@id":"https:\/\/secure.gravatar.com\/avatar\/ac5001d2a36cb6c6cd3e50789007ffca834b477b74a2144564522e944eabff61?s=96&d=mm&r=g","url":"https:\/\/secure.gravatar.com\/avatar\/ac5001d2a36cb6c6cd3e50789007ffca834b477b74a2144564522e944eabff61?s=96&d=mm&r=g","contentUrl":"https:\/\/secure.gravatar.com\/avatar\/ac5001d2a36cb6c6cd3e50789007ffca834b477b74a2144564522e944eabff61?s=96&d=mm&r=g","caption":"thomas.berner"},"url":"https:\/\/www.organisator.ch\/de\/author\/thomas-berner\/"}]}},"_links":{"self":[{"href":"https:\/\/www.organisator.ch\/de\/wp-json\/wp\/v2\/posts\/7821","targetHints":{"allow":["GET"]}}],"collection":[{"href":"https:\/\/www.organisator.ch\/de\/wp-json\/wp\/v2\/posts"}],"about":[{"href":"https:\/\/www.organisator.ch\/de\/wp-json\/wp\/v2\/types\/post"}],"author":[{"embeddable":true,"href":"https:\/\/www.organisator.ch\/de\/wp-json\/wp\/v2\/users\/4"}],"replies":[{"embeddable":true,"href":"https:\/\/www.organisator.ch\/de\/wp-json\/wp\/v2\/comments?post=7821"}],"version-history":[{"count":0,"href":"https:\/\/www.organisator.ch\/de\/wp-json\/wp\/v2\/posts\/7821\/revisions"}],"wp:featuredmedia":[{"embeddable":true,"href":"https:\/\/www.organisator.ch\/de\/wp-json\/wp\/v2\/media\/7822"}],"wp:attachment":[{"href":"https:\/\/www.organisator.ch\/de\/wp-json\/wp\/v2\/media?parent=7821"}],"wp:term":[{"taxonomy":"category","embeddable":true,"href":"https:\/\/www.organisator.ch\/de\/wp-json\/wp\/v2\/categories?post=7821"},{"taxonomy":"post_tag","embeddable":true,"href":"https:\/\/www.organisator.ch\/de\/wp-json\/wp\/v2\/tags?post=7821"}],"curies":[{"name":"wp","href":"https:\/\/api.w.org\/{rel}","templated":true}]}}