{"id":7827,"date":"2021-03-19T14:43:51","date_gmt":"2021-03-19T13:43:51","guid":{"rendered":"https:\/\/www.organisator.ch\/?p=7827"},"modified":"2021-03-19T14:43:51","modified_gmt":"2021-03-19T13:43:51","slug":"unternehmerinnen-in-einer-digitalen-welt-chancen-und-herausforderungen","status":"publish","type":"post","link":"https:\/\/www.organisator.ch\/de\/management\/2021-03-19\/unternehmerinnen-in-einer-digitalen-welt-chancen-und-herausforderungen\/","title":{"rendered":"Unternehmerinnen in einer digitalen Welt: Chancen und Herausforderungen"},"content":{"rendered":"<figure id=\"attachment_7828\" aria-describedby=\"caption-attachment-7828\" style=\"width: 680px\" class=\"wp-caption alignnone\"><img loading=\"lazy\" decoding=\"async\" class=\"size-medium wp-image-7828\" src=\"https:\/\/www.organisator.ch\/wp-content\/uploads\/2021\/03\/Unternehmerinnen-in-einer-digitalen-Welt-Chancen-und-Herausforderungen_Organisator.jpg\" alt=\"\" width=\"680\" height=\"453\" srcset=\"https:\/\/www.organisator.ch\/wp-content\/uploads\/2021\/03\/Unternehmerinnen-in-einer-digitalen-Welt-Chancen-und-Herausforderungen_Organisator.jpg 680w, https:\/\/www.organisator.ch\/wp-content\/uploads\/2021\/03\/Unternehmerinnen-in-einer-digitalen-Welt-Chancen-und-Herausforderungen_Organisator-16x12.jpg 16w, https:\/\/www.organisator.ch\/wp-content\/uploads\/2021\/03\/Unternehmerinnen-in-einer-digitalen-Welt-Chancen-und-Herausforderungen_Organisator-263x175.jpg 263w, https:\/\/www.organisator.ch\/wp-content\/uploads\/2021\/03\/Unternehmerinnen-in-einer-digitalen-Welt-Chancen-und-Herausforderungen_Organisator-525x350.jpg 525w, https:\/\/www.organisator.ch\/wp-content\/uploads\/2021\/03\/Unternehmerinnen-in-einer-digitalen-Welt-Chancen-und-Herausforderungen_Organisator-300x200.jpg 300w\" sizes=\"auto, (max-width: 680px) 100vw, 680px\" \/><figcaption id=\"caption-attachment-7828\" class=\"wp-caption-text\">Dynamisch, h\u00fcbsch: Junge Unternehmerinnen sind immer noch h\u00e4ufig &#8222;Opfer&#8220; von Klischeevorstellungen. (Bild: Unsplash.com)<\/figcaption><\/figure>\n<p>Frauen, die sich mit einem digitalen Gesch\u00e4ftsmodell selbstst\u00e4ndig machen, tun dies nicht prim\u00e4r, um zeitlich und \u00f6rtlich flexibel arbeiten zu k\u00f6nnen. Doch nutzen und sch\u00e4tzen sie diese Vorteile enorm, denn durch die Vielfalt an M\u00f6glichkeiten sowie den hohen Grad an Selbstbestimmung k\u00f6nnen die Unternehmerinnen ihre Ambitionen kreativ mit ihrem pers\u00f6nlichen Lebensentwurf in Einklang bringen.<\/p>\n<h2>Unternehmerinnen wollen Sinnhaftes tun<\/h2>\n<p>Als Grund, sich selbstst\u00e4ndig zu machen, nennen viele Frauen die Freiheit und die Sinnhaftigkeit, die sie mit dem eigenen Unternehmen verbinden. Und die sie auch motivieren dranzubleiben, wenn die Herausforderungen gr\u00f6sser werden. So waren sich alle befragten Frauen<br \/>\neinig: Der Schritt in die Selbst\u00e4ndigkeit hat sich gelohnt. Dies ergab die Studie \u00abDigital Female Founders\u00bb, die von einem interdisziplin\u00e4ren Forschungsteam aus den Departementen Wirtschaft, Soziale Arbeit und Technik &amp; Architektur der Hochschule Luzern durchgef\u00fchrt wurde. Die Forschenden haben untersucht, welche Beweggr\u00fcnde, Eigenschaften und Kompetenzen Digital Female Founders mitbringen, welchen Weg ihr Unternehmen von der Idee \u00fcber die Gr\u00fcndung bis zur Gegenwart genommen hat. Zudem wollten sie wissen, welchen Herausforderungen sie dabei begegnet sind, welche F\u00f6rder- und Unterst\u00fctzungsangebote sie genutzt haben und welche sie sich zus\u00e4tzlich gew\u00fcnscht h\u00e4tten.<\/p>\n<h2>Finanzierung bleibt immer ein Thema<\/h2>\n<p>Die Frage der Finanzierung besch\u00e4ftigte die Gr\u00fcnderinnen kontinuierlich, aber unterschiedlich stark. Auch wenn einige eine Eigenfinanzierung bevorzugen, gehen sie bei Bedarf auch die Fremdfinanzierung proaktiv an. Die Kombination aus vorsichtigem, risikobewusstem Agieren mit dem n\u00f6tigen Mut im richtigen Moment erwies sich in den untersuchten Start-ups als nachhaltig und erfolgreich.<\/p>\n<p>Neben diesen positiven Erkenntnissen beleuchtet das Forschungsprojekt aber auch kritische Aspekte bei Finanzierungs- und Investitionsfragen: Frauen werden nach wie vor h\u00e4ufig mit Gender-Stereotypen und strukturellen Ungleichheiten konfrontiert. Dadurch sind sie bei der Erschliessung von Investitionskapital deutlich benachteiligt, wie auch die internationale Forschung klar zeigt. Mit einem weiteren Projekt \u00abFunding Female Founders\u00bb entwickelt die Hochschule Luzern deshalb Massnahmen, die Gr\u00fcnderinnen den Zugang zu Investitionskapital erleichtern. Die Forschenden haben f\u00fcr ihre qualitative Studie zehn Gr\u00fcnderinnen befragt und die Interviews vor dem Hintergrund der internationalen Forschungsliteratur analysiert. Bei der Auswahl stand das Ziel im Zentrum, ein breites Spektrum von Digital Female Founders in der Schweiz abzubilden. So waren Einzelunternehmerinnen genauso vertreten wie Gr\u00fcnderinnen von hochtechnologischen Start-ups mit \u00fcber zehn Mitarbeitenden und von global agierenden Firmen; sehr junge Unternehmen genauso wie solche, die bereits seit \u00fcber zw\u00f6lf Jahren am Markt sind.<\/p>\n<h2>Monatliche Veranstaltungsreihe<\/h2>\n<p>In der Befragung zeigte sich, dass die Digital Female Founders den Erfahrungsaustausch mit Frauen, die \u00e4hnliche Projekte haben, sch\u00e4tzen w\u00fcrden, und sich auch w\u00fcnschen, dass inspirierende Vorbilder sichtbar werden. So entstand aus dem Forschungsprojekt eine monatliche Veranstaltungsreihe, die am 25. M\u00e4rz startet, die Female Founders Luncheons.<\/p>\n<p>Das Projekt Digital Female Founders wurde vom interdisziplin\u00e4ren Themencluster \u00abDigitale Transformation der Arbeitswelt\u00bb der Hochschule Luzern und Smart-Up, dem hochschuleigenen F\u00f6rderprogramm f\u00fcr Start-ups, finanziert.<\/p>\n<p><em>Quelle: <a href=\"http:\/\/www.hslu.ch\">Hochschule Luzern<\/a>. Weitere Informationen: <a href=\"http:\/\/www.fundingfemalefounders.ch\">www.fundingfemalefounders.ch<\/a>. In der Printausgabe 3\/2021 des ORGANISATOR wird in einem Fachartikel die Thematik &#8222;Female Founders&#8220; eingehend beleuchtet. Die Ausgabe ist <a href=\"https:\/\/www.organisator.ch\/abo-bestellung\/\">hier erh\u00e4ltlich<\/a>.\u00a0<\/em><\/p>\n","protected":false},"excerpt":{"rendered":"<p>Frauen, die sich mit einem digitalen Gesch\u00e4ftsmodell selbstst\u00e4ndig machen, tun dies nicht prim\u00e4r, um zeitlich und \u00f6rtlich flexibel arbeiten zu k\u00f6nnen. Doch nutzen und sch\u00e4tzen sie diese Vorteile enorm, denn durch die Vielfalt an M\u00f6glichkeiten sowie den hohen Grad an Selbstbestimmung k\u00f6nnen die Unternehmerinnen ihre Ambitionen kreativ mit ihrem pers\u00f6nlichen Lebensentwurf in Einklang bringen. Unternehmerinnen [&hellip;]<\/p>\n","protected":false},"author":4,"featured_media":7828,"comment_status":"closed","ping_status":"closed","sticky":false,"template":"","format":"standard","meta":{"_acf_changed":false,"_yoast_wpseo_focuskw":"Unternehmerinnen","_yoast_wpseo_metadesc":"Ein Forschungsteam der Hochschule Luzern hat die M\u00f6glichkeiten untersucht, die sich f\u00fcr Unternehmerinnen durch die Digitalisierung er\u00f6ffnen.","articlekey":"","footnotes":""},"categories":[28],"tags":[156,335,459,533],"class_list":["post-7827","post","type-post","status-publish","format-standard","has-post-thumbnail","hentry","category-management","tag-digitalisierung","tag-management-und-unternehmensfuehrung","tag-studie","tag-wissenschaft"],"acf":[],"yoast_head":"<!-- This site is optimized with the Yoast SEO plugin v27.5 - https:\/\/yoast.com\/product\/yoast-seo-wordpress\/ -->\n<title>Unternehmerinnen in einer digitalen Welt: Chancen und Herausforderungen - Organisator<\/title>\n<meta name=\"description\" content=\"Ein Forschungsteam der Hochschule Luzern hat die M\u00f6glichkeiten untersucht, die sich f\u00fcr Unternehmerinnen durch die Digitalisierung er\u00f6ffnen.\" \/>\n<meta name=\"robots\" content=\"index, follow, max-snippet:-1, max-image-preview:large, max-video-preview:-1\" \/>\n<link rel=\"canonical\" href=\"https:\/\/www.organisator.ch\/de\/management\/2021-03-19\/unternehmerinnen-in-einer-digitalen-welt-chancen-und-herausforderungen\/\" \/>\n<meta property=\"og:locale\" content=\"de_DE\" \/>\n<meta property=\"og:type\" content=\"article\" \/>\n<meta property=\"og:title\" content=\"Unternehmerinnen in einer digitalen Welt: Chancen und Herausforderungen\" \/>\n<meta property=\"og:description\" content=\"Ein Forschungsteam der Hochschule Luzern hat die M\u00f6glichkeiten untersucht, die sich f\u00fcr Unternehmerinnen durch die Digitalisierung er\u00f6ffnen.\" \/>\n<meta property=\"og:url\" content=\"https:\/\/www.organisator.ch\/de\/management\/2021-03-19\/unternehmerinnen-in-einer-digitalen-welt-chancen-und-herausforderungen\/\" \/>\n<meta property=\"og:site_name\" content=\"Organisator\" \/>\n<meta property=\"article:publisher\" content=\"https:\/\/www.facebook.com\/OrganisatorFachmagazin\" \/>\n<meta property=\"article:published_time\" content=\"2021-03-19T13:43:51+00:00\" \/>\n<meta property=\"og:image\" content=\"https:\/\/www.organisator.ch\/wp-content\/uploads\/2021\/03\/Unternehmerinnen-in-einer-digitalen-Welt-Chancen-und-Herausforderungen_Organisator.jpg\" \/>\n\t<meta property=\"og:image:width\" content=\"680\" \/>\n\t<meta property=\"og:image:height\" content=\"453\" \/>\n\t<meta property=\"og:image:type\" content=\"image\/jpeg\" \/>\n<meta name=\"author\" content=\"thomas.berner\" \/>\n<meta name=\"twitter:card\" content=\"summary_large_image\" \/>\n<meta name=\"twitter:title\" content=\"#Unternehmerinnen in einer digitalen Welt: Chancen und Herausforderungen\" \/>\n<meta name=\"twitter:description\" content=\"Ein #Forschungsteam der Hochschule Luzern hat die M\u00f6glichkeiten untersucht, die sich f\u00fcr #Unternehmerinnen durch die #Digitalisierung er\u00f6ffnen.\" \/>\n<meta name=\"twitter:image\" content=\"https:\/\/www.organisator.ch\/wp-content\/uploads\/2021\/03\/Unternehmerinnen-in-einer-digitalen-Welt-Chancen-und-Herausforderungen_Organisator.jpg\" \/>\n<script type=\"application\/ld+json\" class=\"yoast-schema-graph\">{\"@context\":\"https:\\\/\\\/schema.org\",\"@graph\":[{\"@type\":\"Article\",\"@id\":\"https:\\\/\\\/www.organisator.ch\\\/management\\\/2021-03-19\\\/unternehmerinnen-in-einer-digitalen-welt-chancen-und-herausforderungen\\\/#article\",\"isPartOf\":{\"@id\":\"https:\\\/\\\/www.organisator.ch\\\/management\\\/2021-03-19\\\/unternehmerinnen-in-einer-digitalen-welt-chancen-und-herausforderungen\\\/\"},\"author\":{\"name\":\"thomas.berner\",\"@id\":\"https:\\\/\\\/www.organisator.ch\\\/#\\\/schema\\\/person\\\/6f650f90b2842cd4c0cc334b4e36f67e\"},\"headline\":\"Unternehmerinnen in einer digitalen Welt: Chancen und Herausforderungen\",\"datePublished\":\"2021-03-19T13:43:51+00:00\",\"mainEntityOfPage\":{\"@id\":\"https:\\\/\\\/www.organisator.ch\\\/management\\\/2021-03-19\\\/unternehmerinnen-in-einer-digitalen-welt-chancen-und-herausforderungen\\\/\"},\"wordCount\":542,\"publisher\":{\"@id\":\"https:\\\/\\\/www.organisator.ch\\\/#organization\"},\"image\":{\"@id\":\"https:\\\/\\\/www.organisator.ch\\\/management\\\/2021-03-19\\\/unternehmerinnen-in-einer-digitalen-welt-chancen-und-herausforderungen\\\/#primaryimage\"},\"thumbnailUrl\":\"https:\\\/\\\/www.organisator.ch\\\/wp-content\\\/uploads\\\/2021\\\/03\\\/Unternehmerinnen-in-einer-digitalen-Welt-Chancen-und-Herausforderungen_Organisator.jpg\",\"keywords\":[\"Digitalisierung\",\"Management und Unternehmensf\u00fchrung\",\"Studie\",\"Wissenschaft\"],\"articleSection\":[\"MANAGEMENT\"],\"inLanguage\":\"de\"},{\"@type\":\"WebPage\",\"@id\":\"https:\\\/\\\/www.organisator.ch\\\/management\\\/2021-03-19\\\/unternehmerinnen-in-einer-digitalen-welt-chancen-und-herausforderungen\\\/\",\"url\":\"https:\\\/\\\/www.organisator.ch\\\/management\\\/2021-03-19\\\/unternehmerinnen-in-einer-digitalen-welt-chancen-und-herausforderungen\\\/\",\"name\":\"Unternehmerinnen in einer digitalen Welt: Chancen und Herausforderungen - Organisator\",\"isPartOf\":{\"@id\":\"https:\\\/\\\/www.organisator.ch\\\/#website\"},\"primaryImageOfPage\":{\"@id\":\"https:\\\/\\\/www.organisator.ch\\\/management\\\/2021-03-19\\\/unternehmerinnen-in-einer-digitalen-welt-chancen-und-herausforderungen\\\/#primaryimage\"},\"image\":{\"@id\":\"https:\\\/\\\/www.organisator.ch\\\/management\\\/2021-03-19\\\/unternehmerinnen-in-einer-digitalen-welt-chancen-und-herausforderungen\\\/#primaryimage\"},\"thumbnailUrl\":\"https:\\\/\\\/www.organisator.ch\\\/wp-content\\\/uploads\\\/2021\\\/03\\\/Unternehmerinnen-in-einer-digitalen-Welt-Chancen-und-Herausforderungen_Organisator.jpg\",\"datePublished\":\"2021-03-19T13:43:51+00:00\",\"description\":\"Ein Forschungsteam der Hochschule Luzern hat die M\u00f6glichkeiten untersucht, die sich f\u00fcr Unternehmerinnen durch die Digitalisierung er\u00f6ffnen.\",\"breadcrumb\":{\"@id\":\"https:\\\/\\\/www.organisator.ch\\\/management\\\/2021-03-19\\\/unternehmerinnen-in-einer-digitalen-welt-chancen-und-herausforderungen\\\/#breadcrumb\"},\"inLanguage\":\"de\",\"potentialAction\":[{\"@type\":\"ReadAction\",\"target\":[\"https:\\\/\\\/www.organisator.ch\\\/management\\\/2021-03-19\\\/unternehmerinnen-in-einer-digitalen-welt-chancen-und-herausforderungen\\\/\"]}]},{\"@type\":\"ImageObject\",\"inLanguage\":\"de\",\"@id\":\"https:\\\/\\\/www.organisator.ch\\\/management\\\/2021-03-19\\\/unternehmerinnen-in-einer-digitalen-welt-chancen-und-herausforderungen\\\/#primaryimage\",\"url\":\"https:\\\/\\\/www.organisator.ch\\\/wp-content\\\/uploads\\\/2021\\\/03\\\/Unternehmerinnen-in-einer-digitalen-Welt-Chancen-und-Herausforderungen_Organisator.jpg\",\"contentUrl\":\"https:\\\/\\\/www.organisator.ch\\\/wp-content\\\/uploads\\\/2021\\\/03\\\/Unternehmerinnen-in-einer-digitalen-Welt-Chancen-und-Herausforderungen_Organisator.jpg\",\"width\":680,\"height\":453,\"caption\":\"Dynamisch, h\u00fcbsch: Junge Unternehmerinnen sind immer noch h\u00e4ufig \\\"Opfer\\\" von Klischeevorstellungen. (Bild: Unsplash.com)\"},{\"@type\":\"BreadcrumbList\",\"@id\":\"https:\\\/\\\/www.organisator.ch\\\/management\\\/2021-03-19\\\/unternehmerinnen-in-einer-digitalen-welt-chancen-und-herausforderungen\\\/#breadcrumb\",\"itemListElement\":[{\"@type\":\"ListItem\",\"position\":1,\"name\":\"Home\",\"item\":\"https:\\\/\\\/www.organisator.ch\\\/\"},{\"@type\":\"ListItem\",\"position\":2,\"name\":\"Unternehmerinnen in einer digitalen Welt: Chancen und Herausforderungen\"}]},{\"@type\":\"WebSite\",\"@id\":\"https:\\\/\\\/www.organisator.ch\\\/#website\",\"url\":\"https:\\\/\\\/www.organisator.ch\\\/\",\"name\":\"Organisator\",\"description\":\"Kompetent. Praxisnah. Der ORGANISATOR bereitet in 10 Ausgaben pro Jahr die wesentlichen Themen f\u00fcr F\u00fchrungskr\u00e4fte von KMU auf.\",\"publisher\":{\"@id\":\"https:\\\/\\\/www.organisator.ch\\\/#organization\"},\"potentialAction\":[{\"@type\":\"SearchAction\",\"target\":{\"@type\":\"EntryPoint\",\"urlTemplate\":\"https:\\\/\\\/www.organisator.ch\\\/?s={search_term_string}\"},\"query-input\":{\"@type\":\"PropertyValueSpecification\",\"valueRequired\":true,\"valueName\":\"search_term_string\"}}],\"inLanguage\":\"de\"},{\"@type\":\"Organization\",\"@id\":\"https:\\\/\\\/www.organisator.ch\\\/#organization\",\"name\":\"Organisator\",\"url\":\"https:\\\/\\\/www.organisator.ch\\\/\",\"logo\":{\"@type\":\"ImageObject\",\"inLanguage\":\"de\",\"@id\":\"https:\\\/\\\/www.organisator.ch\\\/#\\\/schema\\\/logo\\\/image\\\/\",\"url\":\"https:\\\/\\\/www.organisator.ch\\\/wp-content\\\/uploads\\\/2022\\\/01\\\/Logo_Organisator_Website.png\",\"contentUrl\":\"https:\\\/\\\/www.organisator.ch\\\/wp-content\\\/uploads\\\/2022\\\/01\\\/Logo_Organisator_Website.png\",\"width\":800,\"height\":77,\"caption\":\"Organisator\"},\"image\":{\"@id\":\"https:\\\/\\\/www.organisator.ch\\\/#\\\/schema\\\/logo\\\/image\\\/\"},\"sameAs\":[\"https:\\\/\\\/www.facebook.com\\\/OrganisatorFachmagazin\",\"https:\\\/\\\/www.linkedin.com\\\/showcase\\\/organisator-das-magazin-fr-kmu\",\"https:\\\/\\\/www.xing.com\\\/news\\\/pages\\\/organisator-ch-695\",\"https:\\\/\\\/www.youtube.com\\\/channel\\\/UCGP2Sq0iWaZwT3BdIAQFYpw\"]},{\"@type\":\"Person\",\"@id\":\"https:\\\/\\\/www.organisator.ch\\\/#\\\/schema\\\/person\\\/6f650f90b2842cd4c0cc334b4e36f67e\",\"name\":\"thomas.berner\",\"image\":{\"@type\":\"ImageObject\",\"inLanguage\":\"de\",\"@id\":\"https:\\\/\\\/secure.gravatar.com\\\/avatar\\\/ac5001d2a36cb6c6cd3e50789007ffca834b477b74a2144564522e944eabff61?s=96&d=mm&r=g\",\"url\":\"https:\\\/\\\/secure.gravatar.com\\\/avatar\\\/ac5001d2a36cb6c6cd3e50789007ffca834b477b74a2144564522e944eabff61?s=96&d=mm&r=g\",\"contentUrl\":\"https:\\\/\\\/secure.gravatar.com\\\/avatar\\\/ac5001d2a36cb6c6cd3e50789007ffca834b477b74a2144564522e944eabff61?s=96&d=mm&r=g\",\"caption\":\"thomas.berner\"},\"url\":\"https:\\\/\\\/www.organisator.ch\\\/de\\\/author\\\/thomas-berner\\\/\"}]}<\/script>\n<!-- \/ Yoast SEO plugin. -->","yoast_head_json":{"title":"Unternehmerinnen in einer digitalen Welt: Chancen und Herausforderungen - Organisator","description":"Ein Forschungsteam der Hochschule Luzern hat die M\u00f6glichkeiten untersucht, die sich f\u00fcr Unternehmerinnen durch die Digitalisierung er\u00f6ffnen.","robots":{"index":"index","follow":"follow","max-snippet":"max-snippet:-1","max-image-preview":"max-image-preview:large","max-video-preview":"max-video-preview:-1"},"canonical":"https:\/\/www.organisator.ch\/de\/management\/2021-03-19\/unternehmerinnen-in-einer-digitalen-welt-chancen-und-herausforderungen\/","og_locale":"de_DE","og_type":"article","og_title":"Unternehmerinnen in einer digitalen Welt: Chancen und Herausforderungen","og_description":"Ein Forschungsteam der Hochschule Luzern hat die M\u00f6glichkeiten untersucht, die sich f\u00fcr Unternehmerinnen durch die Digitalisierung er\u00f6ffnen.","og_url":"https:\/\/www.organisator.ch\/de\/management\/2021-03-19\/unternehmerinnen-in-einer-digitalen-welt-chancen-und-herausforderungen\/","og_site_name":"Organisator","article_publisher":"https:\/\/www.facebook.com\/OrganisatorFachmagazin","article_published_time":"2021-03-19T13:43:51+00:00","og_image":[{"width":680,"height":453,"url":"https:\/\/www.organisator.ch\/wp-content\/uploads\/2021\/03\/Unternehmerinnen-in-einer-digitalen-Welt-Chancen-und-Herausforderungen_Organisator.jpg","type":"image\/jpeg"}],"author":"thomas.berner","twitter_card":"summary_large_image","twitter_title":"#Unternehmerinnen in einer digitalen Welt: Chancen und Herausforderungen","twitter_description":"Ein #Forschungsteam der Hochschule Luzern hat die M\u00f6glichkeiten untersucht, die sich f\u00fcr #Unternehmerinnen durch die #Digitalisierung er\u00f6ffnen.","twitter_image":"https:\/\/www.organisator.ch\/wp-content\/uploads\/2021\/03\/Unternehmerinnen-in-einer-digitalen-Welt-Chancen-und-Herausforderungen_Organisator.jpg","schema":{"@context":"https:\/\/schema.org","@graph":[{"@type":"Article","@id":"https:\/\/www.organisator.ch\/management\/2021-03-19\/unternehmerinnen-in-einer-digitalen-welt-chancen-und-herausforderungen\/#article","isPartOf":{"@id":"https:\/\/www.organisator.ch\/management\/2021-03-19\/unternehmerinnen-in-einer-digitalen-welt-chancen-und-herausforderungen\/"},"author":{"name":"thomas.berner","@id":"https:\/\/www.organisator.ch\/#\/schema\/person\/6f650f90b2842cd4c0cc334b4e36f67e"},"headline":"Unternehmerinnen in einer digitalen Welt: Chancen und Herausforderungen","datePublished":"2021-03-19T13:43:51+00:00","mainEntityOfPage":{"@id":"https:\/\/www.organisator.ch\/management\/2021-03-19\/unternehmerinnen-in-einer-digitalen-welt-chancen-und-herausforderungen\/"},"wordCount":542,"publisher":{"@id":"https:\/\/www.organisator.ch\/#organization"},"image":{"@id":"https:\/\/www.organisator.ch\/management\/2021-03-19\/unternehmerinnen-in-einer-digitalen-welt-chancen-und-herausforderungen\/#primaryimage"},"thumbnailUrl":"https:\/\/www.organisator.ch\/wp-content\/uploads\/2021\/03\/Unternehmerinnen-in-einer-digitalen-Welt-Chancen-und-Herausforderungen_Organisator.jpg","keywords":["Digitalisierung","Management und Unternehmensf\u00fchrung","Studie","Wissenschaft"],"articleSection":["MANAGEMENT"],"inLanguage":"de"},{"@type":"WebPage","@id":"https:\/\/www.organisator.ch\/management\/2021-03-19\/unternehmerinnen-in-einer-digitalen-welt-chancen-und-herausforderungen\/","url":"https:\/\/www.organisator.ch\/management\/2021-03-19\/unternehmerinnen-in-einer-digitalen-welt-chancen-und-herausforderungen\/","name":"Unternehmerinnen in einer digitalen Welt: Chancen und Herausforderungen - Organisator","isPartOf":{"@id":"https:\/\/www.organisator.ch\/#website"},"primaryImageOfPage":{"@id":"https:\/\/www.organisator.ch\/management\/2021-03-19\/unternehmerinnen-in-einer-digitalen-welt-chancen-und-herausforderungen\/#primaryimage"},"image":{"@id":"https:\/\/www.organisator.ch\/management\/2021-03-19\/unternehmerinnen-in-einer-digitalen-welt-chancen-und-herausforderungen\/#primaryimage"},"thumbnailUrl":"https:\/\/www.organisator.ch\/wp-content\/uploads\/2021\/03\/Unternehmerinnen-in-einer-digitalen-Welt-Chancen-und-Herausforderungen_Organisator.jpg","datePublished":"2021-03-19T13:43:51+00:00","description":"Ein Forschungsteam der Hochschule Luzern hat die M\u00f6glichkeiten untersucht, die sich f\u00fcr Unternehmerinnen durch die Digitalisierung er\u00f6ffnen.","breadcrumb":{"@id":"https:\/\/www.organisator.ch\/management\/2021-03-19\/unternehmerinnen-in-einer-digitalen-welt-chancen-und-herausforderungen\/#breadcrumb"},"inLanguage":"de","potentialAction":[{"@type":"ReadAction","target":["https:\/\/www.organisator.ch\/management\/2021-03-19\/unternehmerinnen-in-einer-digitalen-welt-chancen-und-herausforderungen\/"]}]},{"@type":"ImageObject","inLanguage":"de","@id":"https:\/\/www.organisator.ch\/management\/2021-03-19\/unternehmerinnen-in-einer-digitalen-welt-chancen-und-herausforderungen\/#primaryimage","url":"https:\/\/www.organisator.ch\/wp-content\/uploads\/2021\/03\/Unternehmerinnen-in-einer-digitalen-Welt-Chancen-und-Herausforderungen_Organisator.jpg","contentUrl":"https:\/\/www.organisator.ch\/wp-content\/uploads\/2021\/03\/Unternehmerinnen-in-einer-digitalen-Welt-Chancen-und-Herausforderungen_Organisator.jpg","width":680,"height":453,"caption":"Dynamisch, h\u00fcbsch: Junge Unternehmerinnen sind immer noch h\u00e4ufig \"Opfer\" von Klischeevorstellungen. (Bild: Unsplash.com)"},{"@type":"BreadcrumbList","@id":"https:\/\/www.organisator.ch\/management\/2021-03-19\/unternehmerinnen-in-einer-digitalen-welt-chancen-und-herausforderungen\/#breadcrumb","itemListElement":[{"@type":"ListItem","position":1,"name":"Home","item":"https:\/\/www.organisator.ch\/"},{"@type":"ListItem","position":2,"name":"Unternehmerinnen in einer digitalen Welt: Chancen und Herausforderungen"}]},{"@type":"WebSite","@id":"https:\/\/www.organisator.ch\/#website","url":"https:\/\/www.organisator.ch\/","name":"Organisator","description":"Kompetent. Praxisnah. Der ORGANISATOR bereitet in 10 Ausgaben pro Jahr die wesentlichen Themen f\u00fcr F\u00fchrungskr\u00e4fte von KMU auf.","publisher":{"@id":"https:\/\/www.organisator.ch\/#organization"},"potentialAction":[{"@type":"SearchAction","target":{"@type":"EntryPoint","urlTemplate":"https:\/\/www.organisator.ch\/?s={search_term_string}"},"query-input":{"@type":"PropertyValueSpecification","valueRequired":true,"valueName":"search_term_string"}}],"inLanguage":"de"},{"@type":"Organization","@id":"https:\/\/www.organisator.ch\/#organization","name":"Organisator","url":"https:\/\/www.organisator.ch\/","logo":{"@type":"ImageObject","inLanguage":"de","@id":"https:\/\/www.organisator.ch\/#\/schema\/logo\/image\/","url":"https:\/\/www.organisator.ch\/wp-content\/uploads\/2022\/01\/Logo_Organisator_Website.png","contentUrl":"https:\/\/www.organisator.ch\/wp-content\/uploads\/2022\/01\/Logo_Organisator_Website.png","width":800,"height":77,"caption":"Organisator"},"image":{"@id":"https:\/\/www.organisator.ch\/#\/schema\/logo\/image\/"},"sameAs":["https:\/\/www.facebook.com\/OrganisatorFachmagazin","https:\/\/www.linkedin.com\/showcase\/organisator-das-magazin-fr-kmu","https:\/\/www.xing.com\/news\/pages\/organisator-ch-695","https:\/\/www.youtube.com\/channel\/UCGP2Sq0iWaZwT3BdIAQFYpw"]},{"@type":"Person","@id":"https:\/\/www.organisator.ch\/#\/schema\/person\/6f650f90b2842cd4c0cc334b4e36f67e","name":"thomas.berner","image":{"@type":"ImageObject","inLanguage":"de","@id":"https:\/\/secure.gravatar.com\/avatar\/ac5001d2a36cb6c6cd3e50789007ffca834b477b74a2144564522e944eabff61?s=96&d=mm&r=g","url":"https:\/\/secure.gravatar.com\/avatar\/ac5001d2a36cb6c6cd3e50789007ffca834b477b74a2144564522e944eabff61?s=96&d=mm&r=g","contentUrl":"https:\/\/secure.gravatar.com\/avatar\/ac5001d2a36cb6c6cd3e50789007ffca834b477b74a2144564522e944eabff61?s=96&d=mm&r=g","caption":"thomas.berner"},"url":"https:\/\/www.organisator.ch\/de\/author\/thomas-berner\/"}]}},"_links":{"self":[{"href":"https:\/\/www.organisator.ch\/de\/wp-json\/wp\/v2\/posts\/7827","targetHints":{"allow":["GET"]}}],"collection":[{"href":"https:\/\/www.organisator.ch\/de\/wp-json\/wp\/v2\/posts"}],"about":[{"href":"https:\/\/www.organisator.ch\/de\/wp-json\/wp\/v2\/types\/post"}],"author":[{"embeddable":true,"href":"https:\/\/www.organisator.ch\/de\/wp-json\/wp\/v2\/users\/4"}],"replies":[{"embeddable":true,"href":"https:\/\/www.organisator.ch\/de\/wp-json\/wp\/v2\/comments?post=7827"}],"version-history":[{"count":0,"href":"https:\/\/www.organisator.ch\/de\/wp-json\/wp\/v2\/posts\/7827\/revisions"}],"wp:featuredmedia":[{"embeddable":true,"href":"https:\/\/www.organisator.ch\/de\/wp-json\/wp\/v2\/media\/7828"}],"wp:attachment":[{"href":"https:\/\/www.organisator.ch\/de\/wp-json\/wp\/v2\/media?parent=7827"}],"wp:term":[{"taxonomy":"category","embeddable":true,"href":"https:\/\/www.organisator.ch\/de\/wp-json\/wp\/v2\/categories?post=7827"},{"taxonomy":"post_tag","embeddable":true,"href":"https:\/\/www.organisator.ch\/de\/wp-json\/wp\/v2\/tags?post=7827"}],"curies":[{"name":"wp","href":"https:\/\/api.w.org\/{rel}","templated":true}]}}