{"id":7869,"date":"2021-03-30T07:33:48","date_gmt":"2021-03-30T05:33:48","guid":{"rendered":"https:\/\/www.organisator.ch\/?p=7869"},"modified":"2021-03-30T07:33:48","modified_gmt":"2021-03-30T05:33:48","slug":"daniel-junker-wird-neuer-ceo-von-medgate-schweiz","status":"publish","type":"post","link":"https:\/\/www.organisator.ch\/de\/management\/2021-03-30\/daniel-junker-wird-neuer-ceo-von-medgate-schweiz\/","title":{"rendered":"Daniel Junker wird neuer CEO von Medgate Schweiz"},"content":{"rendered":"<figure id=\"attachment_7870\" aria-describedby=\"caption-attachment-7870\" style=\"width: 680px\" class=\"wp-caption alignnone\"><img loading=\"lazy\" decoding=\"async\" class=\"size-medium wp-image-7870\" src=\"https:\/\/www.organisator.ch\/wp-content\/uploads\/2021\/03\/Daniel-Junker-wird-neuer-CEO-von-Medgate-Schweiz_Organisator.jpg\" alt=\"\" width=\"680\" height=\"454\" srcset=\"https:\/\/www.organisator.ch\/wp-content\/uploads\/2021\/03\/Daniel-Junker-wird-neuer-CEO-von-Medgate-Schweiz_Organisator.jpg 680w, https:\/\/www.organisator.ch\/wp-content\/uploads\/2021\/03\/Daniel-Junker-wird-neuer-CEO-von-Medgate-Schweiz_Organisator-16x12.jpg 16w, https:\/\/www.organisator.ch\/wp-content\/uploads\/2021\/03\/Daniel-Junker-wird-neuer-CEO-von-Medgate-Schweiz_Organisator-262x175.jpg 262w, https:\/\/www.organisator.ch\/wp-content\/uploads\/2021\/03\/Daniel-Junker-wird-neuer-CEO-von-Medgate-Schweiz_Organisator-524x350.jpg 524w, https:\/\/www.organisator.ch\/wp-content\/uploads\/2021\/03\/Daniel-Junker-wird-neuer-CEO-von-Medgate-Schweiz_Organisator-300x200.jpg 300w\" sizes=\"auto, (max-width: 680px) 100vw, 680px\" \/><figcaption id=\"caption-attachment-7870\" class=\"wp-caption-text\">Daniel Junker wird ab 1. August 2021 neuer CEO von Medgate. (Bild: Friedel Ammann &#8211; Basel)<\/figcaption><\/figure>\n<p>Das Gesundheits-Unternehmen Medgate wurde 1999 gegr\u00fcndet und besch\u00e4ftigt heute in der Schweiz \u00fcber 300 Mitarbeitende, davon 110 \u00c4rztinnen und \u00c4rzte, sowie weltweit \u00fcber 500 Mitarbeitende. Seit dem Jahr 2000 betreibt Medgate das gr\u00f6sste \u00e4rztliche telemedizinische Zentrum Europas und verf\u00fcgt dadurch \u00fcber eine ausserordentliche Erfahrung und grosses Wissen in der Telemedizin. F\u00fcr Konsultationen vor Ort stehen den Patienten die Medgate Mini Clinics sowie die \u00c4rzte und Kliniken des Medgate Partner Network zur Verf\u00fcgung.<\/p>\n<p>Bislang hat Dr. med. Andy Fischer als Mitgr\u00fcnder und Managing Partner von Medgate sowohl das Schweizer als auch das internationale Gesch\u00e4ft geleitet. Nun \u00fcbergibt er die Leitung von Medgate Schweiz per 1. August an Daniel Junker.<\/p>\n<h2>Daniel Junker: Viel Erfahrung im Gesundheitswesen<\/h2>\n<p>Daniel Junker verf\u00fcgt \u00fcber 18 Jahre Erfahrung in der Unternehmensf\u00fchrung und -entwicklung im Gesundheitswesen. Als Chief Operation Officer der Pallas-Kliniken AG sowie als Gesch\u00e4ftsleiter der Meconex AG und der sant\u00e9med Gesundheitszentren hat er massgeblich zum Erfolg einiger relevanter Player im Gesundheitswesen beigetragen. Nebst seiner T\u00e4tigkeit bei den verschiedenen Leistungserbringern, kann er dank seinem fr\u00fcheren Engagement bei der Swica auch auf Erfahrung auf Versicherer-Seite zur\u00fcckgreifen. Der Verwaltungsrat der Medgate AG freut sich sehr, Daniel Junker f\u00fcr das Amt des CEO gewonnen zu haben und ihm die Leitung von Medgate in der Schweiz zu \u00fcbertragen.<\/p>\n<h2><strong>Weiteres internationales Wachstum<\/strong><\/h2>\n<p>Dr. med. Andy Fischer, der das Schweizer Gesch\u00e4ft von Medgate seit der Gr\u00fcndung im Jahr 1999 geleitet hat, wird sich ab dem 1. August als Group CEO auf die Leitung der internationalen Medgate Gruppe konzentrieren. Nebst der Schweiz verf\u00fcgt Medgate \u00fcber Niederlassungen in Deutschland, den Philippinen, den Vereinigten Arabischen Emiraten und Indien. Medgate strebt ein kontinuierliches Wachstum im europ\u00e4ischen und asiatischen Markt an und verfolgt das Ziel, ein weltweit f\u00fchrender Digital Health Anbieter zu sein, indem sie allen Personen einen einfachen und schnellen Zugang zu einer kosteneffizienten und erstklassigen medizinischen Betreuung bietet.<\/p>\n<p>Durch seine Rolle als CEO der Medgate Gruppe wird Andy Fischer auch in engem Austausch mit dem neuen CEO des Schweizer Gesch\u00e4fts sein. Ausserdem bleibt er weiterhin Mitglied des Verwaltungsrats der Medgate Schweiz.<\/p>\n<p><em>Quelle: <a href=\"http:\/\/www.medgate.ch\">Medgate<\/a><\/em><\/p>\n","protected":false},"excerpt":{"rendered":"<p>Das Gesundheits-Unternehmen Medgate wurde 1999 gegr\u00fcndet und besch\u00e4ftigt heute in der Schweiz \u00fcber 300 Mitarbeitende, davon 110 \u00c4rztinnen und \u00c4rzte, sowie weltweit \u00fcber 500 Mitarbeitende. Seit dem Jahr 2000 betreibt Medgate das gr\u00f6sste \u00e4rztliche telemedizinische Zentrum Europas und verf\u00fcgt dadurch \u00fcber eine ausserordentliche Erfahrung und grosses Wissen in der Telemedizin. F\u00fcr Konsultationen vor Ort stehen [&hellip;]<\/p>\n","protected":false},"author":4,"featured_media":7870,"comment_status":"closed","ping_status":"closed","sticky":false,"template":"","format":"standard","meta":{"_acf_changed":false,"_yoast_wpseo_focuskw":"Daniel Junker","_yoast_wpseo_metadesc":"Mit Daniel Junker \u00fcbernimmt neu eine im Gesundheitswesen erfahrene F\u00fchrungspers\u00f6nlichkeit die Geschicke von Medgate in der Schweiz.","articlekey":"","footnotes":""},"categories":[28],"tags":[77,335,381],"class_list":["post-7869","post","type-post","status-publish","format-standard","has-post-thumbnail","hentry","category-management","tag-betriebliches-gesundheitsmanagement","tag-management-und-unternehmensfuehrung","tag-personalia"],"acf":[],"yoast_head":"<!-- This site is optimized with the Yoast SEO plugin v27.5 - https:\/\/yoast.com\/product\/yoast-seo-wordpress\/ -->\n<title>Daniel Junker wird neuer CEO von Medgate Schweiz - Organisator<\/title>\n<meta name=\"description\" content=\"Mit Daniel Junker \u00fcbernimmt neu eine im Gesundheitswesen erfahrene F\u00fchrungspers\u00f6nlichkeit die Geschicke von Medgate in der Schweiz.\" \/>\n<meta name=\"robots\" content=\"index, follow, max-snippet:-1, max-image-preview:large, max-video-preview:-1\" \/>\n<link rel=\"canonical\" href=\"https:\/\/www.organisator.ch\/de\/management\/2021-03-30\/daniel-junker-wird-neuer-ceo-von-medgate-schweiz\/\" \/>\n<meta property=\"og:locale\" content=\"de_DE\" \/>\n<meta property=\"og:type\" content=\"article\" \/>\n<meta property=\"og:title\" content=\"Daniel Junker wird neuer CEO von Medgate Schweiz\" \/>\n<meta property=\"og:description\" content=\"Mit Daniel Junker \u00fcbernimmt neu eine im Gesundheitswesen erfahrene F\u00fchrungspers\u00f6nlichkeit die Geschicke von Medgate in der Schweiz.\" \/>\n<meta property=\"og:url\" content=\"https:\/\/www.organisator.ch\/de\/management\/2021-03-30\/daniel-junker-wird-neuer-ceo-von-medgate-schweiz\/\" \/>\n<meta property=\"og:site_name\" content=\"Organisator\" \/>\n<meta property=\"article:publisher\" content=\"https:\/\/www.facebook.com\/OrganisatorFachmagazin\" \/>\n<meta property=\"article:published_time\" content=\"2021-03-30T05:33:48+00:00\" \/>\n<meta property=\"og:image\" content=\"https:\/\/www.organisator.ch\/wp-content\/uploads\/2021\/03\/Daniel-Junker-wird-neuer-CEO-von-Medgate-Schweiz_Organisator.jpg\" \/>\n\t<meta property=\"og:image:width\" content=\"680\" \/>\n\t<meta property=\"og:image:height\" content=\"454\" \/>\n\t<meta property=\"og:image:type\" content=\"image\/jpeg\" \/>\n<meta name=\"author\" content=\"thomas.berner\" \/>\n<meta name=\"twitter:card\" content=\"summary_large_image\" \/>\n<meta name=\"twitter:title\" content=\"Daniel Junker wird neuer CEO von #Medgate Schweiz\" \/>\n<meta name=\"twitter:description\" content=\"Mit Daniel Junker \u00fcbernimmt neu eine im Gesundheitswesen erfahrene F\u00fchrungspers\u00f6nlichkeit die Geschicke von #Medgate in der Schweiz.\" \/>\n<meta name=\"twitter:image\" content=\"https:\/\/www.organisator.ch\/wp-content\/uploads\/2021\/03\/Daniel-Junker-wird-neuer-CEO-von-Medgate-Schweiz_Organisator.jpg\" \/>\n<script type=\"application\/ld+json\" class=\"yoast-schema-graph\">{\"@context\":\"https:\\\/\\\/schema.org\",\"@graph\":[{\"@type\":\"Article\",\"@id\":\"https:\\\/\\\/www.organisator.ch\\\/management\\\/2021-03-30\\\/daniel-junker-wird-neuer-ceo-von-medgate-schweiz\\\/#article\",\"isPartOf\":{\"@id\":\"https:\\\/\\\/www.organisator.ch\\\/management\\\/2021-03-30\\\/daniel-junker-wird-neuer-ceo-von-medgate-schweiz\\\/\"},\"author\":{\"name\":\"thomas.berner\",\"@id\":\"https:\\\/\\\/www.organisator.ch\\\/#\\\/schema\\\/person\\\/6f650f90b2842cd4c0cc334b4e36f67e\"},\"headline\":\"Daniel Junker wird neuer CEO von Medgate Schweiz\",\"datePublished\":\"2021-03-30T05:33:48+00:00\",\"mainEntityOfPage\":{\"@id\":\"https:\\\/\\\/www.organisator.ch\\\/management\\\/2021-03-30\\\/daniel-junker-wird-neuer-ceo-von-medgate-schweiz\\\/\"},\"wordCount\":379,\"publisher\":{\"@id\":\"https:\\\/\\\/www.organisator.ch\\\/#organization\"},\"image\":{\"@id\":\"https:\\\/\\\/www.organisator.ch\\\/management\\\/2021-03-30\\\/daniel-junker-wird-neuer-ceo-von-medgate-schweiz\\\/#primaryimage\"},\"thumbnailUrl\":\"https:\\\/\\\/www.organisator.ch\\\/wp-content\\\/uploads\\\/2021\\\/03\\\/Daniel-Junker-wird-neuer-CEO-von-Medgate-Schweiz_Organisator.jpg\",\"keywords\":[\"Betriebliches Gesundheitsmanagement\",\"Management und Unternehmensf\u00fchrung\",\"Personalia\"],\"articleSection\":[\"MANAGEMENT\"],\"inLanguage\":\"de\"},{\"@type\":\"WebPage\",\"@id\":\"https:\\\/\\\/www.organisator.ch\\\/management\\\/2021-03-30\\\/daniel-junker-wird-neuer-ceo-von-medgate-schweiz\\\/\",\"url\":\"https:\\\/\\\/www.organisator.ch\\\/management\\\/2021-03-30\\\/daniel-junker-wird-neuer-ceo-von-medgate-schweiz\\\/\",\"name\":\"Daniel Junker wird neuer CEO von Medgate Schweiz - Organisator\",\"isPartOf\":{\"@id\":\"https:\\\/\\\/www.organisator.ch\\\/#website\"},\"primaryImageOfPage\":{\"@id\":\"https:\\\/\\\/www.organisator.ch\\\/management\\\/2021-03-30\\\/daniel-junker-wird-neuer-ceo-von-medgate-schweiz\\\/#primaryimage\"},\"image\":{\"@id\":\"https:\\\/\\\/www.organisator.ch\\\/management\\\/2021-03-30\\\/daniel-junker-wird-neuer-ceo-von-medgate-schweiz\\\/#primaryimage\"},\"thumbnailUrl\":\"https:\\\/\\\/www.organisator.ch\\\/wp-content\\\/uploads\\\/2021\\\/03\\\/Daniel-Junker-wird-neuer-CEO-von-Medgate-Schweiz_Organisator.jpg\",\"datePublished\":\"2021-03-30T05:33:48+00:00\",\"description\":\"Mit Daniel Junker \u00fcbernimmt neu eine im Gesundheitswesen erfahrene F\u00fchrungspers\u00f6nlichkeit die Geschicke von Medgate in der Schweiz.\",\"breadcrumb\":{\"@id\":\"https:\\\/\\\/www.organisator.ch\\\/management\\\/2021-03-30\\\/daniel-junker-wird-neuer-ceo-von-medgate-schweiz\\\/#breadcrumb\"},\"inLanguage\":\"de\",\"potentialAction\":[{\"@type\":\"ReadAction\",\"target\":[\"https:\\\/\\\/www.organisator.ch\\\/management\\\/2021-03-30\\\/daniel-junker-wird-neuer-ceo-von-medgate-schweiz\\\/\"]}]},{\"@type\":\"ImageObject\",\"inLanguage\":\"de\",\"@id\":\"https:\\\/\\\/www.organisator.ch\\\/management\\\/2021-03-30\\\/daniel-junker-wird-neuer-ceo-von-medgate-schweiz\\\/#primaryimage\",\"url\":\"https:\\\/\\\/www.organisator.ch\\\/wp-content\\\/uploads\\\/2021\\\/03\\\/Daniel-Junker-wird-neuer-CEO-von-Medgate-Schweiz_Organisator.jpg\",\"contentUrl\":\"https:\\\/\\\/www.organisator.ch\\\/wp-content\\\/uploads\\\/2021\\\/03\\\/Daniel-Junker-wird-neuer-CEO-von-Medgate-Schweiz_Organisator.jpg\",\"width\":680,\"height\":454,\"caption\":\"2013 -Daniel Junker \u00a9 Friedel Ammann - Basel\"},{\"@type\":\"BreadcrumbList\",\"@id\":\"https:\\\/\\\/www.organisator.ch\\\/management\\\/2021-03-30\\\/daniel-junker-wird-neuer-ceo-von-medgate-schweiz\\\/#breadcrumb\",\"itemListElement\":[{\"@type\":\"ListItem\",\"position\":1,\"name\":\"Home\",\"item\":\"https:\\\/\\\/www.organisator.ch\\\/\"},{\"@type\":\"ListItem\",\"position\":2,\"name\":\"Daniel Junker wird neuer CEO von Medgate Schweiz\"}]},{\"@type\":\"WebSite\",\"@id\":\"https:\\\/\\\/www.organisator.ch\\\/#website\",\"url\":\"https:\\\/\\\/www.organisator.ch\\\/\",\"name\":\"Organisator\",\"description\":\"Kompetent. Praxisnah. Der ORGANISATOR bereitet in 10 Ausgaben pro Jahr die wesentlichen Themen f\u00fcr F\u00fchrungskr\u00e4fte von KMU auf.\",\"publisher\":{\"@id\":\"https:\\\/\\\/www.organisator.ch\\\/#organization\"},\"potentialAction\":[{\"@type\":\"SearchAction\",\"target\":{\"@type\":\"EntryPoint\",\"urlTemplate\":\"https:\\\/\\\/www.organisator.ch\\\/?s={search_term_string}\"},\"query-input\":{\"@type\":\"PropertyValueSpecification\",\"valueRequired\":true,\"valueName\":\"search_term_string\"}}],\"inLanguage\":\"de\"},{\"@type\":\"Organization\",\"@id\":\"https:\\\/\\\/www.organisator.ch\\\/#organization\",\"name\":\"Organisator\",\"url\":\"https:\\\/\\\/www.organisator.ch\\\/\",\"logo\":{\"@type\":\"ImageObject\",\"inLanguage\":\"de\",\"@id\":\"https:\\\/\\\/www.organisator.ch\\\/#\\\/schema\\\/logo\\\/image\\\/\",\"url\":\"https:\\\/\\\/www.organisator.ch\\\/wp-content\\\/uploads\\\/2022\\\/01\\\/Logo_Organisator_Website.png\",\"contentUrl\":\"https:\\\/\\\/www.organisator.ch\\\/wp-content\\\/uploads\\\/2022\\\/01\\\/Logo_Organisator_Website.png\",\"width\":800,\"height\":77,\"caption\":\"Organisator\"},\"image\":{\"@id\":\"https:\\\/\\\/www.organisator.ch\\\/#\\\/schema\\\/logo\\\/image\\\/\"},\"sameAs\":[\"https:\\\/\\\/www.facebook.com\\\/OrganisatorFachmagazin\",\"https:\\\/\\\/www.linkedin.com\\\/showcase\\\/organisator-das-magazin-fr-kmu\",\"https:\\\/\\\/www.xing.com\\\/news\\\/pages\\\/organisator-ch-695\",\"https:\\\/\\\/www.youtube.com\\\/channel\\\/UCGP2Sq0iWaZwT3BdIAQFYpw\"]},{\"@type\":\"Person\",\"@id\":\"https:\\\/\\\/www.organisator.ch\\\/#\\\/schema\\\/person\\\/6f650f90b2842cd4c0cc334b4e36f67e\",\"name\":\"thomas.berner\",\"image\":{\"@type\":\"ImageObject\",\"inLanguage\":\"de\",\"@id\":\"https:\\\/\\\/secure.gravatar.com\\\/avatar\\\/ac5001d2a36cb6c6cd3e50789007ffca834b477b74a2144564522e944eabff61?s=96&d=mm&r=g\",\"url\":\"https:\\\/\\\/secure.gravatar.com\\\/avatar\\\/ac5001d2a36cb6c6cd3e50789007ffca834b477b74a2144564522e944eabff61?s=96&d=mm&r=g\",\"contentUrl\":\"https:\\\/\\\/secure.gravatar.com\\\/avatar\\\/ac5001d2a36cb6c6cd3e50789007ffca834b477b74a2144564522e944eabff61?s=96&d=mm&r=g\",\"caption\":\"thomas.berner\"},\"url\":\"https:\\\/\\\/www.organisator.ch\\\/de\\\/author\\\/thomas-berner\\\/\"}]}<\/script>\n<!-- \/ Yoast SEO plugin. -->","yoast_head_json":{"title":"Daniel Junker wird neuer CEO von Medgate Schweiz - Organisator","description":"Mit Daniel Junker \u00fcbernimmt neu eine im Gesundheitswesen erfahrene F\u00fchrungspers\u00f6nlichkeit die Geschicke von Medgate in der Schweiz.","robots":{"index":"index","follow":"follow","max-snippet":"max-snippet:-1","max-image-preview":"max-image-preview:large","max-video-preview":"max-video-preview:-1"},"canonical":"https:\/\/www.organisator.ch\/de\/management\/2021-03-30\/daniel-junker-wird-neuer-ceo-von-medgate-schweiz\/","og_locale":"de_DE","og_type":"article","og_title":"Daniel Junker wird neuer CEO von Medgate Schweiz","og_description":"Mit Daniel Junker \u00fcbernimmt neu eine im Gesundheitswesen erfahrene F\u00fchrungspers\u00f6nlichkeit die Geschicke von Medgate in der Schweiz.","og_url":"https:\/\/www.organisator.ch\/de\/management\/2021-03-30\/daniel-junker-wird-neuer-ceo-von-medgate-schweiz\/","og_site_name":"Organisator","article_publisher":"https:\/\/www.facebook.com\/OrganisatorFachmagazin","article_published_time":"2021-03-30T05:33:48+00:00","og_image":[{"width":680,"height":454,"url":"https:\/\/www.organisator.ch\/wp-content\/uploads\/2021\/03\/Daniel-Junker-wird-neuer-CEO-von-Medgate-Schweiz_Organisator.jpg","type":"image\/jpeg"}],"author":"thomas.berner","twitter_card":"summary_large_image","twitter_title":"Daniel Junker wird neuer CEO von #Medgate Schweiz","twitter_description":"Mit Daniel Junker \u00fcbernimmt neu eine im Gesundheitswesen erfahrene F\u00fchrungspers\u00f6nlichkeit die Geschicke von #Medgate in der Schweiz.","twitter_image":"https:\/\/www.organisator.ch\/wp-content\/uploads\/2021\/03\/Daniel-Junker-wird-neuer-CEO-von-Medgate-Schweiz_Organisator.jpg","schema":{"@context":"https:\/\/schema.org","@graph":[{"@type":"Article","@id":"https:\/\/www.organisator.ch\/management\/2021-03-30\/daniel-junker-wird-neuer-ceo-von-medgate-schweiz\/#article","isPartOf":{"@id":"https:\/\/www.organisator.ch\/management\/2021-03-30\/daniel-junker-wird-neuer-ceo-von-medgate-schweiz\/"},"author":{"name":"thomas.berner","@id":"https:\/\/www.organisator.ch\/#\/schema\/person\/6f650f90b2842cd4c0cc334b4e36f67e"},"headline":"Daniel Junker wird neuer CEO von Medgate Schweiz","datePublished":"2021-03-30T05:33:48+00:00","mainEntityOfPage":{"@id":"https:\/\/www.organisator.ch\/management\/2021-03-30\/daniel-junker-wird-neuer-ceo-von-medgate-schweiz\/"},"wordCount":379,"publisher":{"@id":"https:\/\/www.organisator.ch\/#organization"},"image":{"@id":"https:\/\/www.organisator.ch\/management\/2021-03-30\/daniel-junker-wird-neuer-ceo-von-medgate-schweiz\/#primaryimage"},"thumbnailUrl":"https:\/\/www.organisator.ch\/wp-content\/uploads\/2021\/03\/Daniel-Junker-wird-neuer-CEO-von-Medgate-Schweiz_Organisator.jpg","keywords":["Betriebliches Gesundheitsmanagement","Management und Unternehmensf\u00fchrung","Personalia"],"articleSection":["MANAGEMENT"],"inLanguage":"de"},{"@type":"WebPage","@id":"https:\/\/www.organisator.ch\/management\/2021-03-30\/daniel-junker-wird-neuer-ceo-von-medgate-schweiz\/","url":"https:\/\/www.organisator.ch\/management\/2021-03-30\/daniel-junker-wird-neuer-ceo-von-medgate-schweiz\/","name":"Daniel Junker wird neuer CEO von Medgate Schweiz - Organisator","isPartOf":{"@id":"https:\/\/www.organisator.ch\/#website"},"primaryImageOfPage":{"@id":"https:\/\/www.organisator.ch\/management\/2021-03-30\/daniel-junker-wird-neuer-ceo-von-medgate-schweiz\/#primaryimage"},"image":{"@id":"https:\/\/www.organisator.ch\/management\/2021-03-30\/daniel-junker-wird-neuer-ceo-von-medgate-schweiz\/#primaryimage"},"thumbnailUrl":"https:\/\/www.organisator.ch\/wp-content\/uploads\/2021\/03\/Daniel-Junker-wird-neuer-CEO-von-Medgate-Schweiz_Organisator.jpg","datePublished":"2021-03-30T05:33:48+00:00","description":"Mit Daniel Junker \u00fcbernimmt neu eine im Gesundheitswesen erfahrene F\u00fchrungspers\u00f6nlichkeit die Geschicke von Medgate in der Schweiz.","breadcrumb":{"@id":"https:\/\/www.organisator.ch\/management\/2021-03-30\/daniel-junker-wird-neuer-ceo-von-medgate-schweiz\/#breadcrumb"},"inLanguage":"de","potentialAction":[{"@type":"ReadAction","target":["https:\/\/www.organisator.ch\/management\/2021-03-30\/daniel-junker-wird-neuer-ceo-von-medgate-schweiz\/"]}]},{"@type":"ImageObject","inLanguage":"de","@id":"https:\/\/www.organisator.ch\/management\/2021-03-30\/daniel-junker-wird-neuer-ceo-von-medgate-schweiz\/#primaryimage","url":"https:\/\/www.organisator.ch\/wp-content\/uploads\/2021\/03\/Daniel-Junker-wird-neuer-CEO-von-Medgate-Schweiz_Organisator.jpg","contentUrl":"https:\/\/www.organisator.ch\/wp-content\/uploads\/2021\/03\/Daniel-Junker-wird-neuer-CEO-von-Medgate-Schweiz_Organisator.jpg","width":680,"height":454,"caption":"2013 -Daniel Junker \u00a9 Friedel Ammann - Basel"},{"@type":"BreadcrumbList","@id":"https:\/\/www.organisator.ch\/management\/2021-03-30\/daniel-junker-wird-neuer-ceo-von-medgate-schweiz\/#breadcrumb","itemListElement":[{"@type":"ListItem","position":1,"name":"Home","item":"https:\/\/www.organisator.ch\/"},{"@type":"ListItem","position":2,"name":"Daniel Junker wird neuer CEO von Medgate Schweiz"}]},{"@type":"WebSite","@id":"https:\/\/www.organisator.ch\/#website","url":"https:\/\/www.organisator.ch\/","name":"Organisator","description":"Kompetent. Praxisnah. Der ORGANISATOR bereitet in 10 Ausgaben pro Jahr die wesentlichen Themen f\u00fcr F\u00fchrungskr\u00e4fte von KMU auf.","publisher":{"@id":"https:\/\/www.organisator.ch\/#organization"},"potentialAction":[{"@type":"SearchAction","target":{"@type":"EntryPoint","urlTemplate":"https:\/\/www.organisator.ch\/?s={search_term_string}"},"query-input":{"@type":"PropertyValueSpecification","valueRequired":true,"valueName":"search_term_string"}}],"inLanguage":"de"},{"@type":"Organization","@id":"https:\/\/www.organisator.ch\/#organization","name":"Organisator","url":"https:\/\/www.organisator.ch\/","logo":{"@type":"ImageObject","inLanguage":"de","@id":"https:\/\/www.organisator.ch\/#\/schema\/logo\/image\/","url":"https:\/\/www.organisator.ch\/wp-content\/uploads\/2022\/01\/Logo_Organisator_Website.png","contentUrl":"https:\/\/www.organisator.ch\/wp-content\/uploads\/2022\/01\/Logo_Organisator_Website.png","width":800,"height":77,"caption":"Organisator"},"image":{"@id":"https:\/\/www.organisator.ch\/#\/schema\/logo\/image\/"},"sameAs":["https:\/\/www.facebook.com\/OrganisatorFachmagazin","https:\/\/www.linkedin.com\/showcase\/organisator-das-magazin-fr-kmu","https:\/\/www.xing.com\/news\/pages\/organisator-ch-695","https:\/\/www.youtube.com\/channel\/UCGP2Sq0iWaZwT3BdIAQFYpw"]},{"@type":"Person","@id":"https:\/\/www.organisator.ch\/#\/schema\/person\/6f650f90b2842cd4c0cc334b4e36f67e","name":"thomas.berner","image":{"@type":"ImageObject","inLanguage":"de","@id":"https:\/\/secure.gravatar.com\/avatar\/ac5001d2a36cb6c6cd3e50789007ffca834b477b74a2144564522e944eabff61?s=96&d=mm&r=g","url":"https:\/\/secure.gravatar.com\/avatar\/ac5001d2a36cb6c6cd3e50789007ffca834b477b74a2144564522e944eabff61?s=96&d=mm&r=g","contentUrl":"https:\/\/secure.gravatar.com\/avatar\/ac5001d2a36cb6c6cd3e50789007ffca834b477b74a2144564522e944eabff61?s=96&d=mm&r=g","caption":"thomas.berner"},"url":"https:\/\/www.organisator.ch\/de\/author\/thomas-berner\/"}]}},"_links":{"self":[{"href":"https:\/\/www.organisator.ch\/de\/wp-json\/wp\/v2\/posts\/7869","targetHints":{"allow":["GET"]}}],"collection":[{"href":"https:\/\/www.organisator.ch\/de\/wp-json\/wp\/v2\/posts"}],"about":[{"href":"https:\/\/www.organisator.ch\/de\/wp-json\/wp\/v2\/types\/post"}],"author":[{"embeddable":true,"href":"https:\/\/www.organisator.ch\/de\/wp-json\/wp\/v2\/users\/4"}],"replies":[{"embeddable":true,"href":"https:\/\/www.organisator.ch\/de\/wp-json\/wp\/v2\/comments?post=7869"}],"version-history":[{"count":0,"href":"https:\/\/www.organisator.ch\/de\/wp-json\/wp\/v2\/posts\/7869\/revisions"}],"wp:featuredmedia":[{"embeddable":true,"href":"https:\/\/www.organisator.ch\/de\/wp-json\/wp\/v2\/media\/7870"}],"wp:attachment":[{"href":"https:\/\/www.organisator.ch\/de\/wp-json\/wp\/v2\/media?parent=7869"}],"wp:term":[{"taxonomy":"category","embeddable":true,"href":"https:\/\/www.organisator.ch\/de\/wp-json\/wp\/v2\/categories?post=7869"},{"taxonomy":"post_tag","embeddable":true,"href":"https:\/\/www.organisator.ch\/de\/wp-json\/wp\/v2\/tags?post=7869"}],"curies":[{"name":"wp","href":"https:\/\/api.w.org\/{rel}","templated":true}]}}