{"id":7876,"date":"2021-03-31T16:34:49","date_gmt":"2021-03-31T14:34:49","guid":{"rendered":"https:\/\/www.organisator.ch\/?p=7876"},"modified":"2021-03-31T16:34:49","modified_gmt":"2021-03-31T14:34:49","slug":"post-corona-arbeitswelt-schweizer-coworking-spaces-sind-bereit","status":"publish","type":"post","link":"https:\/\/www.organisator.ch\/de\/allgemein\/2021-03-31\/post-corona-arbeitswelt-schweizer-coworking-spaces-sind-bereit\/","title":{"rendered":"Post-Corona Arbeitswelt: Schweizer Coworking Spaces sind bereit"},"content":{"rendered":"<figure id=\"attachment_7878\" aria-describedby=\"caption-attachment-7878\" style=\"width: 680px\" class=\"wp-caption alignnone\"><img loading=\"lazy\" decoding=\"async\" class=\"size-medium wp-image-7878\" src=\"https:\/\/www.organisator.ch\/wp-content\/uploads\/2021\/03\/Post-Corona-Arbeitswelt-Schweizer-Coworking-Spaces-sind-bereit-1_Organisator.jpg\" alt=\"\" width=\"680\" height=\"430\" srcset=\"https:\/\/www.organisator.ch\/wp-content\/uploads\/2021\/03\/Post-Corona-Arbeitswelt-Schweizer-Coworking-Spaces-sind-bereit-1_Organisator.jpg 680w, https:\/\/www.organisator.ch\/wp-content\/uploads\/2021\/03\/Post-Corona-Arbeitswelt-Schweizer-Coworking-Spaces-sind-bereit-1_Organisator-16x10.jpg 16w, https:\/\/www.organisator.ch\/wp-content\/uploads\/2021\/03\/Post-Corona-Arbeitswelt-Schweizer-Coworking-Spaces-sind-bereit-1_Organisator-277x175.jpg 277w, https:\/\/www.organisator.ch\/wp-content\/uploads\/2021\/03\/Post-Corona-Arbeitswelt-Schweizer-Coworking-Spaces-sind-bereit-1_Organisator-553x350.jpg 553w, https:\/\/www.organisator.ch\/wp-content\/uploads\/2021\/03\/Post-Corona-Arbeitswelt-Schweizer-Coworking-Spaces-sind-bereit-1_Organisator-300x190.jpg 300w\" sizes=\"auto, (max-width: 680px) 100vw, 680px\" \/><figcaption id=\"caption-attachment-7878\" class=\"wp-caption-text\">Leere Arbeitspl\u00e4tze wegen der Pandemie&#8230; Aber f\u00fcr die Post-Corona Arbeitswelt sehen sich die Schweizer Coworking Spaces ger\u00fcstet. (Bild: Pixabay.com)<\/figcaption><\/figure>\n<p>Am 11. M\u00e4rz fand die Generalversammlung des Verbands Coworking Switzerland statt \u2013 erstmals virtuell. Anl\u00e4sslich der Versammlung wurden auch der aktuelle Stand von Coworking in der Schweiz und die Auswirkungen der Pandemie diskutiert.<\/p>\n<h2>Die Pandemie trifft 2020 auch die Coworking Spaces<\/h2>\n<p>Anfang 2020 lautete die Schlagzeile noch, dass sich das Coworking von einem Randph\u00e4nomen hin zu einem Wachstumsmarkt entwickelt hatte. Diese Entwicklung wurde jedoch durch die Pandemie weitgehend gebremst, obwohl die verschiedenen Massnahmen zur Bek\u00e4mpfung der Pandemie nie zur zwangsweisen Schliessung von Coworking Spaces gef\u00fchrt haben. Im Fr\u00fchjahr 2020 waren dennoch die meisten Coworking Spaces zur Unt\u00e4tigkeit gezwungen, sowohl was die Vermietung der Arbeitspl\u00e4tze als auch der Konferenz- und Besprechungsr\u00e4ume anbelangte. Nachdem im Sommer die Beschr\u00e4nkungen aufgehoben wurden, war eine Erholung zu verzeichnen. Es kamen neue Kundinnen und Kunden, die sich f\u00fcr Einzelarbeitspl\u00e4tze im Open Space oder auch f\u00fcr private B\u00fcros interessierten.<\/p>\n<figure id=\"attachment_7877\" aria-describedby=\"caption-attachment-7877\" style=\"width: 680px\" class=\"wp-caption alignnone\"><img loading=\"lazy\" decoding=\"async\" class=\"wp-image-7877 size-medium\" src=\"https:\/\/www.organisator.ch\/wp-content\/uploads\/2021\/03\/Post-Corona-Arbeitswelt-Schweizer-Coworking-Spaces-sind-bereit-2_Organisator.jpg\" alt=\"\" width=\"680\" height=\"409\" srcset=\"https:\/\/www.organisator.ch\/wp-content\/uploads\/2021\/03\/Post-Corona-Arbeitswelt-Schweizer-Coworking-Spaces-sind-bereit-2_Organisator.jpg 680w, https:\/\/www.organisator.ch\/wp-content\/uploads\/2021\/03\/Post-Corona-Arbeitswelt-Schweizer-Coworking-Spaces-sind-bereit-2_Organisator-16x10.jpg 16w, https:\/\/www.organisator.ch\/wp-content\/uploads\/2021\/03\/Post-Corona-Arbeitswelt-Schweizer-Coworking-Spaces-sind-bereit-2_Organisator-291x175.jpg 291w, https:\/\/www.organisator.ch\/wp-content\/uploads\/2021\/03\/Post-Corona-Arbeitswelt-Schweizer-Coworking-Spaces-sind-bereit-2_Organisator-582x350.jpg 582w, https:\/\/www.organisator.ch\/wp-content\/uploads\/2021\/03\/Post-Corona-Arbeitswelt-Schweizer-Coworking-Spaces-sind-bereit-2_Organisator-300x180.jpg 300w\" sizes=\"auto, (max-width: 680px) 100vw, 680px\" \/><figcaption id=\"caption-attachment-7877\" class=\"wp-caption-text\">Entwicklung der Schweizer Coworking Spaces im Sommer 2020<\/figcaption><\/figure>\n<p>Dieser Aufschwung wurde allerdings im Oktober 2020 wieder unterbrochen, und angesichts der Einschr\u00e4nkungen und der Home-Office-Pflicht hat sich die Situation seither nicht wirklich entsch\u00e4rft. 2020 war also, wie auch f\u00fcr viele andere Branchen, ein schwieriges Jahr. In einer Umfrage berichteten 56% der Verbandsmitglieder von Einkommensverlusten. Spaces, die von der Vermietung von Veranstaltungs- und Konferenzr\u00e4umen abh\u00e4ngig sind, wurden h\u00e4rter getroffen als andere. Diese Einkommensverluste konnten in mehr als 40% der F\u00e4lle durch Kurzarbeit, Covid-19-Hilfsgelder und Mietzinsreduktionen seitens der Vermieter teilweise kompensiert werden.<\/p>\n<p>Im Jahr 2020 bestand eine weitere Herausforderung f\u00fcr die Coworking Spaces darin, eine bestehende Community \u2013 der eigentliche Grundgedanke von Coworking \u2013 trotz der Kontaktbeschr\u00e4nkungen am Leben zu erhalten. Einfallsreichtum war angesagt, und so wurden den jeweiligen Community-Mitgliedern diverse Aktionen angeboten. Diese Aktionen, bei denen die f\u00fcr den Menschen so wichtigen, sozialen Kontakte noch vorhanden waren, haben zur guten psychischen Gesundheit der Coworkerinnen und Coworker beigetragen.<\/p>\n<h2>Nachhaltige Ver\u00e4nderung der Arbeitswelt wird Coworking st\u00e4rken<\/h2>\n<p>Die Covid19-Pandemie hat die Arbeitsgewohnheiten in unserem Land auf den Kopf gestellt, und eine steigende Zahl von Arbeitnehmerinnen und Arbeitnehmern hat das Arbeiten von zu Hause \u2013 mit mehr oder weniger Freude \u2013 f\u00fcr sich entdeckt. Die Zeitersparnis in Bezug auf den Arbeitsweg dank Home Office erm\u00f6glicht eine Steigerung der Lebensqualit\u00e4t. Dennoch bleibt es schwierig, Privat- und Berufsleben zu trennen, vor allem, wenn die Arbeitsbedingungen zuhause nicht ideal sind. Diese Erfahrung wird die Arbeitswelt f\u00fcr die weitere Zukunft pr\u00e4gen: Gem\u00e4ss <a href=\"https:\/\/www.organisator.ch\/zurueck-ins-buero-aber-nicht-mehr-so-oft-wie-vor-der-pandemie\/\">einer letzte Woche ver\u00f6ffentlichten Studie<\/a> von Deloitte wollen nur 12% der Besch\u00e4ftigten nach dem Ende der Pandemie wieder voll zur\u00fcck ins \u00abnormale\u00bb B\u00fcro. 62% w\u00fcnschen sich mehr Flexibilit\u00e4t und m\u00f6chten ihre Arbeitszeit zwischen B\u00fcro und Home Office aufteilen. Wobei der Begriff Home Office dabei zu kurz greift: Fast die H\u00e4lfte (46%) der Befragten nutzt nicht nur den eigenen Wohnsitz als Home Office, sondern arbeitet auch zum Beispiel in Ferienwohnungen, bei Freunden, Familie oder in einem Coworking Space. F\u00fcr 44% der Befragten ist der fehlende pers\u00f6nliche Austausch bei der Arbeit eine der gr\u00f6ssten Herausforderungen im Home Office. Genau bei diesem Aspekt punkten die Coworking Spaces als Alternative zum Home Office. Auch die N\u00e4he zum Wohnort ist ein wichtiges Argument: Mit \u00fcber 150 Coworking Spaces in der ganzen Schweiz bildet der Verband Coworking Switzerland ein fl\u00e4chendeckendes Angebot ab.<\/p>\n<h2>Coworking Spaces wollen das Momentum f\u00fcr Post-Corona Arbeitswelt nutzen<\/h2>\n<p>Die Mehrheit der Schweizer Coworking- Akteure ist der \u00dcberzeugung, dass die gerade erlebte Situation den Paradigmenwechsel auf beruflicher Ebene beschleunigt hat und Coworking Spaces mittelfristig davon profitieren werden. Auch der Verband Coworking Switzerland reagiert auf die Chance, die sich nun f\u00fcr eine breitere Verankerung des Coworkings bietet. Er hat einen kompakten Clip produziert, der die Vorteile von Coworking als Alternative zum Home Office aufzeigt: Die N\u00e4he zum Wohnort, Trennung von Privat- und Berufsleben, ergonomische B\u00fcros, soziale Kontakte. Die Kampagne mit dem in f\u00fcnf Sprachen verf\u00fcgbaren Video beginnt in den kommenden Tagen.<\/p>\n<p>Das vergangene Jahr hat die Arbeitsweise der meisten B\u00fcro- Angestellten ver\u00e4ndert. Coworking Spaces, die im ganzen Land \u2013 und auch immer mehr in l\u00e4ndlichen Regionen \u2013 vertreten sind, werden in der Post-Corona Arbeitswelt eine Rolle spielen. Sie erm\u00f6glichen es allen, in der N\u00e4he ihres Zuhauses in einem professionellen Umfeld zu arbeiten und gleichzeitig die sozialen Kontakte aufrechtzuerhalten, die so wichtig f\u00fcr unsere psychische Gesundheit sind.<\/p>\n<p><em>Quelle: <a href=\"http:\/\/www.coworking.ch\">www.coworking.ch<\/a><\/em><\/p>\n","protected":false},"excerpt":{"rendered":"<p>Am 11. M\u00e4rz fand die Generalversammlung des Verbands Coworking Switzerland statt \u2013 erstmals virtuell. Anl\u00e4sslich der Versammlung wurden auch der aktuelle Stand von Coworking in der Schweiz und die Auswirkungen der Pandemie diskutiert. Die Pandemie trifft 2020 auch die Coworking Spaces Anfang 2020 lautete die Schlagzeile noch, dass sich das Coworking von einem Randph\u00e4nomen hin [&hellip;]<\/p>\n","protected":false},"author":4,"featured_media":7878,"comment_status":"closed","ping_status":"closed","sticky":false,"template":"","format":"standard","meta":{"_acf_changed":false,"_yoast_wpseo_focuskw":"Post-Corona Arbeitswelt","_yoast_wpseo_metadesc":"F\u00fcr die Post-Corona Arbeitswelt ist der Verband Coworking Switzerland positiv: Viele Besch\u00e4ftigte wollen nicht einfach zur\u00fcck ins \u00abnormale\u00bb B\u00fcro.","articlekey":"","footnotes":""},"categories":[1],"tags":[51,135,363,503],"class_list":["post-7876","post","type-post","status-publish","format-standard","has-post-thumbnail","hentry","category-allgemein","tag-arbeitsplatzgestaltung","tag-coworking","tag-new-work","tag-verbaende"],"acf":[],"yoast_head":"<!-- This site is optimized with the Yoast SEO plugin v27.5 - https:\/\/yoast.com\/product\/yoast-seo-wordpress\/ -->\n<title>Post-Corona Arbeitswelt: Schweizer Coworking Spaces sind bereit - Organisator<\/title>\n<meta name=\"description\" content=\"F\u00fcr die Post-Corona Arbeitswelt ist der Verband Coworking Switzerland positiv: Viele Besch\u00e4ftigte wollen nicht einfach zur\u00fcck ins \u00abnormale\u00bb B\u00fcro.\" \/>\n<meta name=\"robots\" content=\"index, follow, max-snippet:-1, max-image-preview:large, max-video-preview:-1\" \/>\n<link rel=\"canonical\" href=\"https:\/\/www.organisator.ch\/de\/allgemein\/2021-03-31\/post-corona-arbeitswelt-schweizer-coworking-spaces-sind-bereit\/\" \/>\n<meta property=\"og:locale\" content=\"de_DE\" \/>\n<meta property=\"og:type\" content=\"article\" \/>\n<meta property=\"og:title\" content=\"Post-Corona Arbeitswelt: Schweizer Coworking Spaces sind bereit\" \/>\n<meta property=\"og:description\" content=\"F\u00fcr die Post-Corona Arbeitswelt ist der Verband Coworking Switzerland positiv: Viele Besch\u00e4ftigte wollen nicht einfach zur\u00fcck ins \u00abnormale\u00bb B\u00fcro.\" \/>\n<meta property=\"og:url\" content=\"https:\/\/www.organisator.ch\/de\/allgemein\/2021-03-31\/post-corona-arbeitswelt-schweizer-coworking-spaces-sind-bereit\/\" \/>\n<meta property=\"og:site_name\" content=\"Organisator\" \/>\n<meta property=\"article:publisher\" content=\"https:\/\/www.facebook.com\/OrganisatorFachmagazin\" \/>\n<meta property=\"article:published_time\" content=\"2021-03-31T14:34:49+00:00\" \/>\n<meta property=\"og:image\" content=\"https:\/\/www.organisator.ch\/wp-content\/uploads\/2021\/03\/Post-Corona-Arbeitswelt-Schweizer-Coworking-Spaces-sind-bereit-1_Organisator.jpg\" \/>\n\t<meta property=\"og:image:width\" content=\"680\" \/>\n\t<meta property=\"og:image:height\" content=\"430\" \/>\n\t<meta property=\"og:image:type\" content=\"image\/jpeg\" \/>\n<meta name=\"author\" content=\"thomas.berner\" \/>\n<meta name=\"twitter:card\" content=\"summary_large_image\" \/>\n<meta name=\"twitter:title\" content=\"#Post-Corona Arbeitswelt: Schweizer #Coworking Spaces sind bereit\" \/>\n<meta name=\"twitter:description\" content=\"F\u00fcr die #Post-Corona Arbeitswelt ist der Verband #Coworking Switzerland positiv: Viele Besch\u00e4ftigte wollen nicht einfach zur\u00fcck ins \u00abnormale\u00bb B\u00fcro.\" \/>\n<meta name=\"twitter:image\" content=\"https:\/\/www.organisator.ch\/wp-content\/uploads\/2021\/03\/Post-Corona-Arbeitswelt-Schweizer-Coworking-Spaces-sind-bereit-1_Organisator.jpg\" \/>\n<script type=\"application\/ld+json\" class=\"yoast-schema-graph\">{\"@context\":\"https:\\\/\\\/schema.org\",\"@graph\":[{\"@type\":\"Article\",\"@id\":\"https:\\\/\\\/www.organisator.ch\\\/en\\\/general\\\/2021-03-31\\\/post-corona-arbeitswelt-schweizer-coworking-spaces-sind-bereit\\\/#article\",\"isPartOf\":{\"@id\":\"https:\\\/\\\/www.organisator.ch\\\/en\\\/general\\\/2021-03-31\\\/post-corona-arbeitswelt-schweizer-coworking-spaces-sind-bereit\\\/\"},\"author\":{\"name\":\"thomas.berner\",\"@id\":\"https:\\\/\\\/www.organisator.ch\\\/#\\\/schema\\\/person\\\/6f650f90b2842cd4c0cc334b4e36f67e\"},\"headline\":\"Post-Corona Arbeitswelt: Schweizer Coworking Spaces sind bereit\",\"datePublished\":\"2021-03-31T14:34:49+00:00\",\"mainEntityOfPage\":{\"@id\":\"https:\\\/\\\/www.organisator.ch\\\/en\\\/general\\\/2021-03-31\\\/post-corona-arbeitswelt-schweizer-coworking-spaces-sind-bereit\\\/\"},\"wordCount\":771,\"publisher\":{\"@id\":\"https:\\\/\\\/www.organisator.ch\\\/#organization\"},\"image\":{\"@id\":\"https:\\\/\\\/www.organisator.ch\\\/en\\\/general\\\/2021-03-31\\\/post-corona-arbeitswelt-schweizer-coworking-spaces-sind-bereit\\\/#primaryimage\"},\"thumbnailUrl\":\"https:\\\/\\\/www.organisator.ch\\\/wp-content\\\/uploads\\\/2021\\\/03\\\/Post-Corona-Arbeitswelt-Schweizer-Coworking-Spaces-sind-bereit-1_Organisator.jpg\",\"keywords\":[\"Arbeitsplatzgestaltung\",\"Coworking\",\"New Work\",\"Verb\u00e4nde\"],\"inLanguage\":\"de\"},{\"@type\":\"WebPage\",\"@id\":\"https:\\\/\\\/www.organisator.ch\\\/en\\\/general\\\/2021-03-31\\\/post-corona-arbeitswelt-schweizer-coworking-spaces-sind-bereit\\\/\",\"url\":\"https:\\\/\\\/www.organisator.ch\\\/en\\\/general\\\/2021-03-31\\\/post-corona-arbeitswelt-schweizer-coworking-spaces-sind-bereit\\\/\",\"name\":\"Post-Corona Arbeitswelt: Schweizer Coworking Spaces sind bereit - Organisator\",\"isPartOf\":{\"@id\":\"https:\\\/\\\/www.organisator.ch\\\/#website\"},\"primaryImageOfPage\":{\"@id\":\"https:\\\/\\\/www.organisator.ch\\\/en\\\/general\\\/2021-03-31\\\/post-corona-arbeitswelt-schweizer-coworking-spaces-sind-bereit\\\/#primaryimage\"},\"image\":{\"@id\":\"https:\\\/\\\/www.organisator.ch\\\/en\\\/general\\\/2021-03-31\\\/post-corona-arbeitswelt-schweizer-coworking-spaces-sind-bereit\\\/#primaryimage\"},\"thumbnailUrl\":\"https:\\\/\\\/www.organisator.ch\\\/wp-content\\\/uploads\\\/2021\\\/03\\\/Post-Corona-Arbeitswelt-Schweizer-Coworking-Spaces-sind-bereit-1_Organisator.jpg\",\"datePublished\":\"2021-03-31T14:34:49+00:00\",\"description\":\"F\u00fcr die Post-Corona Arbeitswelt ist der Verband Coworking Switzerland positiv: Viele Besch\u00e4ftigte wollen nicht einfach zur\u00fcck ins \u00abnormale\u00bb B\u00fcro.\",\"breadcrumb\":{\"@id\":\"https:\\\/\\\/www.organisator.ch\\\/en\\\/general\\\/2021-03-31\\\/post-corona-arbeitswelt-schweizer-coworking-spaces-sind-bereit\\\/#breadcrumb\"},\"inLanguage\":\"de\",\"potentialAction\":[{\"@type\":\"ReadAction\",\"target\":[\"https:\\\/\\\/www.organisator.ch\\\/en\\\/general\\\/2021-03-31\\\/post-corona-arbeitswelt-schweizer-coworking-spaces-sind-bereit\\\/\"]}]},{\"@type\":\"ImageObject\",\"inLanguage\":\"de\",\"@id\":\"https:\\\/\\\/www.organisator.ch\\\/en\\\/general\\\/2021-03-31\\\/post-corona-arbeitswelt-schweizer-coworking-spaces-sind-bereit\\\/#primaryimage\",\"url\":\"https:\\\/\\\/www.organisator.ch\\\/wp-content\\\/uploads\\\/2021\\\/03\\\/Post-Corona-Arbeitswelt-Schweizer-Coworking-Spaces-sind-bereit-1_Organisator.jpg\",\"contentUrl\":\"https:\\\/\\\/www.organisator.ch\\\/wp-content\\\/uploads\\\/2021\\\/03\\\/Post-Corona-Arbeitswelt-Schweizer-Coworking-Spaces-sind-bereit-1_Organisator.jpg\",\"width\":680,\"height\":430,\"caption\":\"Leere Coworking Spaces wegen der Pandemie... Aber f\u00fcr die Post-Corona Arbeitswelt sehen sich die Schweizer Coworking Spaces ger\u00fcstet. (Bild: Pixabay.com)\"},{\"@type\":\"BreadcrumbList\",\"@id\":\"https:\\\/\\\/www.organisator.ch\\\/en\\\/general\\\/2021-03-31\\\/post-corona-arbeitswelt-schweizer-coworking-spaces-sind-bereit\\\/#breadcrumb\",\"itemListElement\":[{\"@type\":\"ListItem\",\"position\":1,\"name\":\"Home\",\"item\":\"https:\\\/\\\/www.organisator.ch\\\/\"},{\"@type\":\"ListItem\",\"position\":2,\"name\":\"Post-Corona Arbeitswelt: Schweizer Coworking Spaces sind bereit\"}]},{\"@type\":\"WebSite\",\"@id\":\"https:\\\/\\\/www.organisator.ch\\\/#website\",\"url\":\"https:\\\/\\\/www.organisator.ch\\\/\",\"name\":\"Organisator\",\"description\":\"Kompetent. Praxisnah. Der ORGANISATOR bereitet in 10 Ausgaben pro Jahr die wesentlichen Themen f\u00fcr F\u00fchrungskr\u00e4fte von KMU auf.\",\"publisher\":{\"@id\":\"https:\\\/\\\/www.organisator.ch\\\/#organization\"},\"potentialAction\":[{\"@type\":\"SearchAction\",\"target\":{\"@type\":\"EntryPoint\",\"urlTemplate\":\"https:\\\/\\\/www.organisator.ch\\\/?s={search_term_string}\"},\"query-input\":{\"@type\":\"PropertyValueSpecification\",\"valueRequired\":true,\"valueName\":\"search_term_string\"}}],\"inLanguage\":\"de\"},{\"@type\":\"Organization\",\"@id\":\"https:\\\/\\\/www.organisator.ch\\\/#organization\",\"name\":\"Organisator\",\"url\":\"https:\\\/\\\/www.organisator.ch\\\/\",\"logo\":{\"@type\":\"ImageObject\",\"inLanguage\":\"de\",\"@id\":\"https:\\\/\\\/www.organisator.ch\\\/#\\\/schema\\\/logo\\\/image\\\/\",\"url\":\"https:\\\/\\\/www.organisator.ch\\\/wp-content\\\/uploads\\\/2022\\\/01\\\/Logo_Organisator_Website.png\",\"contentUrl\":\"https:\\\/\\\/www.organisator.ch\\\/wp-content\\\/uploads\\\/2022\\\/01\\\/Logo_Organisator_Website.png\",\"width\":800,\"height\":77,\"caption\":\"Organisator\"},\"image\":{\"@id\":\"https:\\\/\\\/www.organisator.ch\\\/#\\\/schema\\\/logo\\\/image\\\/\"},\"sameAs\":[\"https:\\\/\\\/www.facebook.com\\\/OrganisatorFachmagazin\",\"https:\\\/\\\/www.linkedin.com\\\/showcase\\\/organisator-das-magazin-fr-kmu\",\"https:\\\/\\\/www.xing.com\\\/news\\\/pages\\\/organisator-ch-695\",\"https:\\\/\\\/www.youtube.com\\\/channel\\\/UCGP2Sq0iWaZwT3BdIAQFYpw\"]},{\"@type\":\"Person\",\"@id\":\"https:\\\/\\\/www.organisator.ch\\\/#\\\/schema\\\/person\\\/6f650f90b2842cd4c0cc334b4e36f67e\",\"name\":\"thomas.berner\",\"image\":{\"@type\":\"ImageObject\",\"inLanguage\":\"de\",\"@id\":\"https:\\\/\\\/secure.gravatar.com\\\/avatar\\\/ac5001d2a36cb6c6cd3e50789007ffca834b477b74a2144564522e944eabff61?s=96&d=mm&r=g\",\"url\":\"https:\\\/\\\/secure.gravatar.com\\\/avatar\\\/ac5001d2a36cb6c6cd3e50789007ffca834b477b74a2144564522e944eabff61?s=96&d=mm&r=g\",\"contentUrl\":\"https:\\\/\\\/secure.gravatar.com\\\/avatar\\\/ac5001d2a36cb6c6cd3e50789007ffca834b477b74a2144564522e944eabff61?s=96&d=mm&r=g\",\"caption\":\"thomas.berner\"},\"url\":\"https:\\\/\\\/www.organisator.ch\\\/de\\\/author\\\/thomas-berner\\\/\"}]}<\/script>\n<!-- \/ Yoast SEO plugin. -->","yoast_head_json":{"title":"Post-Corona Arbeitswelt: Schweizer Coworking Spaces sind bereit - Organisator","description":"F\u00fcr die Post-Corona Arbeitswelt ist der Verband Coworking Switzerland positiv: Viele Besch\u00e4ftigte wollen nicht einfach zur\u00fcck ins \u00abnormale\u00bb B\u00fcro.","robots":{"index":"index","follow":"follow","max-snippet":"max-snippet:-1","max-image-preview":"max-image-preview:large","max-video-preview":"max-video-preview:-1"},"canonical":"https:\/\/www.organisator.ch\/de\/allgemein\/2021-03-31\/post-corona-arbeitswelt-schweizer-coworking-spaces-sind-bereit\/","og_locale":"de_DE","og_type":"article","og_title":"Post-Corona Arbeitswelt: Schweizer Coworking Spaces sind bereit","og_description":"F\u00fcr die Post-Corona Arbeitswelt ist der Verband Coworking Switzerland positiv: Viele Besch\u00e4ftigte wollen nicht einfach zur\u00fcck ins \u00abnormale\u00bb B\u00fcro.","og_url":"https:\/\/www.organisator.ch\/de\/allgemein\/2021-03-31\/post-corona-arbeitswelt-schweizer-coworking-spaces-sind-bereit\/","og_site_name":"Organisator","article_publisher":"https:\/\/www.facebook.com\/OrganisatorFachmagazin","article_published_time":"2021-03-31T14:34:49+00:00","og_image":[{"width":680,"height":430,"url":"https:\/\/www.organisator.ch\/wp-content\/uploads\/2021\/03\/Post-Corona-Arbeitswelt-Schweizer-Coworking-Spaces-sind-bereit-1_Organisator.jpg","type":"image\/jpeg"}],"author":"thomas.berner","twitter_card":"summary_large_image","twitter_title":"#Post-Corona Arbeitswelt: Schweizer #Coworking Spaces sind bereit","twitter_description":"F\u00fcr die #Post-Corona Arbeitswelt ist der Verband #Coworking Switzerland positiv: Viele Besch\u00e4ftigte wollen nicht einfach zur\u00fcck ins \u00abnormale\u00bb B\u00fcro.","twitter_image":"https:\/\/www.organisator.ch\/wp-content\/uploads\/2021\/03\/Post-Corona-Arbeitswelt-Schweizer-Coworking-Spaces-sind-bereit-1_Organisator.jpg","schema":{"@context":"https:\/\/schema.org","@graph":[{"@type":"Article","@id":"https:\/\/www.organisator.ch\/en\/general\/2021-03-31\/post-corona-arbeitswelt-schweizer-coworking-spaces-sind-bereit\/#article","isPartOf":{"@id":"https:\/\/www.organisator.ch\/en\/general\/2021-03-31\/post-corona-arbeitswelt-schweizer-coworking-spaces-sind-bereit\/"},"author":{"name":"thomas.berner","@id":"https:\/\/www.organisator.ch\/#\/schema\/person\/6f650f90b2842cd4c0cc334b4e36f67e"},"headline":"Post-Corona Arbeitswelt: Schweizer Coworking Spaces sind bereit","datePublished":"2021-03-31T14:34:49+00:00","mainEntityOfPage":{"@id":"https:\/\/www.organisator.ch\/en\/general\/2021-03-31\/post-corona-arbeitswelt-schweizer-coworking-spaces-sind-bereit\/"},"wordCount":771,"publisher":{"@id":"https:\/\/www.organisator.ch\/#organization"},"image":{"@id":"https:\/\/www.organisator.ch\/en\/general\/2021-03-31\/post-corona-arbeitswelt-schweizer-coworking-spaces-sind-bereit\/#primaryimage"},"thumbnailUrl":"https:\/\/www.organisator.ch\/wp-content\/uploads\/2021\/03\/Post-Corona-Arbeitswelt-Schweizer-Coworking-Spaces-sind-bereit-1_Organisator.jpg","keywords":["Arbeitsplatzgestaltung","Coworking","New Work","Verb\u00e4nde"],"inLanguage":"de"},{"@type":"WebPage","@id":"https:\/\/www.organisator.ch\/en\/general\/2021-03-31\/post-corona-arbeitswelt-schweizer-coworking-spaces-sind-bereit\/","url":"https:\/\/www.organisator.ch\/en\/general\/2021-03-31\/post-corona-arbeitswelt-schweizer-coworking-spaces-sind-bereit\/","name":"Post-Corona Arbeitswelt: Schweizer Coworking Spaces sind bereit - Organisator","isPartOf":{"@id":"https:\/\/www.organisator.ch\/#website"},"primaryImageOfPage":{"@id":"https:\/\/www.organisator.ch\/en\/general\/2021-03-31\/post-corona-arbeitswelt-schweizer-coworking-spaces-sind-bereit\/#primaryimage"},"image":{"@id":"https:\/\/www.organisator.ch\/en\/general\/2021-03-31\/post-corona-arbeitswelt-schweizer-coworking-spaces-sind-bereit\/#primaryimage"},"thumbnailUrl":"https:\/\/www.organisator.ch\/wp-content\/uploads\/2021\/03\/Post-Corona-Arbeitswelt-Schweizer-Coworking-Spaces-sind-bereit-1_Organisator.jpg","datePublished":"2021-03-31T14:34:49+00:00","description":"F\u00fcr die Post-Corona Arbeitswelt ist der Verband Coworking Switzerland positiv: Viele Besch\u00e4ftigte wollen nicht einfach zur\u00fcck ins \u00abnormale\u00bb B\u00fcro.","breadcrumb":{"@id":"https:\/\/www.organisator.ch\/en\/general\/2021-03-31\/post-corona-arbeitswelt-schweizer-coworking-spaces-sind-bereit\/#breadcrumb"},"inLanguage":"de","potentialAction":[{"@type":"ReadAction","target":["https:\/\/www.organisator.ch\/en\/general\/2021-03-31\/post-corona-arbeitswelt-schweizer-coworking-spaces-sind-bereit\/"]}]},{"@type":"ImageObject","inLanguage":"de","@id":"https:\/\/www.organisator.ch\/en\/general\/2021-03-31\/post-corona-arbeitswelt-schweizer-coworking-spaces-sind-bereit\/#primaryimage","url":"https:\/\/www.organisator.ch\/wp-content\/uploads\/2021\/03\/Post-Corona-Arbeitswelt-Schweizer-Coworking-Spaces-sind-bereit-1_Organisator.jpg","contentUrl":"https:\/\/www.organisator.ch\/wp-content\/uploads\/2021\/03\/Post-Corona-Arbeitswelt-Schweizer-Coworking-Spaces-sind-bereit-1_Organisator.jpg","width":680,"height":430,"caption":"Leere Coworking Spaces wegen der Pandemie... Aber f\u00fcr die Post-Corona Arbeitswelt sehen sich die Schweizer Coworking Spaces ger\u00fcstet. (Bild: Pixabay.com)"},{"@type":"BreadcrumbList","@id":"https:\/\/www.organisator.ch\/en\/general\/2021-03-31\/post-corona-arbeitswelt-schweizer-coworking-spaces-sind-bereit\/#breadcrumb","itemListElement":[{"@type":"ListItem","position":1,"name":"Home","item":"https:\/\/www.organisator.ch\/"},{"@type":"ListItem","position":2,"name":"Post-Corona Arbeitswelt: Schweizer Coworking Spaces sind bereit"}]},{"@type":"WebSite","@id":"https:\/\/www.organisator.ch\/#website","url":"https:\/\/www.organisator.ch\/","name":"Organisator","description":"Kompetent. Praxisnah. Der ORGANISATOR bereitet in 10 Ausgaben pro Jahr die wesentlichen Themen f\u00fcr F\u00fchrungskr\u00e4fte von KMU auf.","publisher":{"@id":"https:\/\/www.organisator.ch\/#organization"},"potentialAction":[{"@type":"SearchAction","target":{"@type":"EntryPoint","urlTemplate":"https:\/\/www.organisator.ch\/?s={search_term_string}"},"query-input":{"@type":"PropertyValueSpecification","valueRequired":true,"valueName":"search_term_string"}}],"inLanguage":"de"},{"@type":"Organization","@id":"https:\/\/www.organisator.ch\/#organization","name":"Organisator","url":"https:\/\/www.organisator.ch\/","logo":{"@type":"ImageObject","inLanguage":"de","@id":"https:\/\/www.organisator.ch\/#\/schema\/logo\/image\/","url":"https:\/\/www.organisator.ch\/wp-content\/uploads\/2022\/01\/Logo_Organisator_Website.png","contentUrl":"https:\/\/www.organisator.ch\/wp-content\/uploads\/2022\/01\/Logo_Organisator_Website.png","width":800,"height":77,"caption":"Organisator"},"image":{"@id":"https:\/\/www.organisator.ch\/#\/schema\/logo\/image\/"},"sameAs":["https:\/\/www.facebook.com\/OrganisatorFachmagazin","https:\/\/www.linkedin.com\/showcase\/organisator-das-magazin-fr-kmu","https:\/\/www.xing.com\/news\/pages\/organisator-ch-695","https:\/\/www.youtube.com\/channel\/UCGP2Sq0iWaZwT3BdIAQFYpw"]},{"@type":"Person","@id":"https:\/\/www.organisator.ch\/#\/schema\/person\/6f650f90b2842cd4c0cc334b4e36f67e","name":"thomas.berner","image":{"@type":"ImageObject","inLanguage":"de","@id":"https:\/\/secure.gravatar.com\/avatar\/ac5001d2a36cb6c6cd3e50789007ffca834b477b74a2144564522e944eabff61?s=96&d=mm&r=g","url":"https:\/\/secure.gravatar.com\/avatar\/ac5001d2a36cb6c6cd3e50789007ffca834b477b74a2144564522e944eabff61?s=96&d=mm&r=g","contentUrl":"https:\/\/secure.gravatar.com\/avatar\/ac5001d2a36cb6c6cd3e50789007ffca834b477b74a2144564522e944eabff61?s=96&d=mm&r=g","caption":"thomas.berner"},"url":"https:\/\/www.organisator.ch\/de\/author\/thomas-berner\/"}]}},"_links":{"self":[{"href":"https:\/\/www.organisator.ch\/de\/wp-json\/wp\/v2\/posts\/7876","targetHints":{"allow":["GET"]}}],"collection":[{"href":"https:\/\/www.organisator.ch\/de\/wp-json\/wp\/v2\/posts"}],"about":[{"href":"https:\/\/www.organisator.ch\/de\/wp-json\/wp\/v2\/types\/post"}],"author":[{"embeddable":true,"href":"https:\/\/www.organisator.ch\/de\/wp-json\/wp\/v2\/users\/4"}],"replies":[{"embeddable":true,"href":"https:\/\/www.organisator.ch\/de\/wp-json\/wp\/v2\/comments?post=7876"}],"version-history":[{"count":0,"href":"https:\/\/www.organisator.ch\/de\/wp-json\/wp\/v2\/posts\/7876\/revisions"}],"wp:featuredmedia":[{"embeddable":true,"href":"https:\/\/www.organisator.ch\/de\/wp-json\/wp\/v2\/media\/7878"}],"wp:attachment":[{"href":"https:\/\/www.organisator.ch\/de\/wp-json\/wp\/v2\/media?parent=7876"}],"wp:term":[{"taxonomy":"category","embeddable":true,"href":"https:\/\/www.organisator.ch\/de\/wp-json\/wp\/v2\/categories?post=7876"},{"taxonomy":"post_tag","embeddable":true,"href":"https:\/\/www.organisator.ch\/de\/wp-json\/wp\/v2\/tags?post=7876"}],"curies":[{"name":"wp","href":"https:\/\/api.w.org\/{rel}","templated":true}]}}