{"id":7907,"date":"2021-04-13T13:54:41","date_gmt":"2021-04-13T11:54:41","guid":{"rendered":"https:\/\/www.organisator.ch\/?p=7907"},"modified":"2021-04-13T13:54:41","modified_gmt":"2021-04-13T11:54:41","slug":"nutzfahrzeugmarkt-die-corona-krise-ist-ueberwunden","status":"publish","type":"post","link":"https:\/\/www.organisator.ch\/de\/allgemein\/2021-04-13\/nutzfahrzeugmarkt-die-corona-krise-ist-ueberwunden\/","title":{"rendered":"Nutzfahrzeugmarkt: Die Corona-Krise ist \u00fcberwunden"},"content":{"rendered":"<figure id=\"attachment_7908\" aria-describedby=\"caption-attachment-7908\" style=\"width: 680px\" class=\"wp-caption alignnone\"><img loading=\"lazy\" decoding=\"async\" class=\"size-medium wp-image-7908\" src=\"https:\/\/www.organisator.ch\/wp-content\/uploads\/2021\/04\/Nutzfahrzeugmarkt-Die-Corona-Krise-ist-ueberwunden_Organisator.jpg\" alt=\"\" width=\"680\" height=\"453\" srcset=\"https:\/\/www.organisator.ch\/wp-content\/uploads\/2021\/04\/Nutzfahrzeugmarkt-Die-Corona-Krise-ist-ueberwunden_Organisator.jpg 680w, https:\/\/www.organisator.ch\/wp-content\/uploads\/2021\/04\/Nutzfahrzeugmarkt-Die-Corona-Krise-ist-ueberwunden_Organisator-16x12.jpg 16w, https:\/\/www.organisator.ch\/wp-content\/uploads\/2021\/04\/Nutzfahrzeugmarkt-Die-Corona-Krise-ist-ueberwunden_Organisator-263x175.jpg 263w, https:\/\/www.organisator.ch\/wp-content\/uploads\/2021\/04\/Nutzfahrzeugmarkt-Die-Corona-Krise-ist-ueberwunden_Organisator-525x350.jpg 525w, https:\/\/www.organisator.ch\/wp-content\/uploads\/2021\/04\/Nutzfahrzeugmarkt-Die-Corona-Krise-ist-ueberwunden_Organisator-300x200.jpg 300w\" sizes=\"auto, (max-width: 680px) 100vw, 680px\" \/><figcaption id=\"caption-attachment-7908\" class=\"wp-caption-text\">Der Nutzfahrzeugmarkt l\u00e4sst Coronakrise weitgehend hinter sich. (Bild: Pixabay.com)<\/figcaption><\/figure>\n<p>Der Nutzfahrzeugmarkt der Schweiz und des F\u00fcrstentums Liechtenstein ist im ersten Quartal 2021 um 13,1 Prozent gewachsen. Nach 9&#8217;462 Neuimmatrikulationen im Vorjahreszeitraum, stehen per Ende M\u00e4rz 10&#8217;702 zu Buche &#8211; und damit sogar 228 mehr als in den ersten drei Monaten des Vor-Krisen-Jahres 2019. Dies zeigen die aktuellen Erhebungen des Branchenverbands auto-schweiz. Ebenfalls st\u00e4rker nachgefragt werden Wohnmobile; diese profitieren weiterhin vom Trend zu individuellen Ferien w\u00e4hrend der Covid-Pandemie und sorgen bei den Personentransportfahrzeugen f\u00fcr einen Sprung von 31,6 Prozent.<\/p>\n<h2>Nutzfahrzeugmarkt mit positiven Aussichten<\/h2>\n<p>Das wirtschaftliche Umfeld f\u00fcr eine steigende Nachfrage nach Transportfahrzeugen sei definitiv gegeben, heisst es seitens auto-schweiz. Die neuesten Konjunkturprognosen der Expertengruppe des Bundes und der Konjunkturforschungsstelle der ETH (KOF) sehen f\u00fcr 2021 ein Wachstum des Bruttoinlandproduktes zwischen 3,2 und 4,7 Prozent voraus. Nachdem es den Schweizer Nutzfahrzeugmarkt mit einem Minus von 13,5 Prozent im Corona-Jahr 2020 deutlich st\u00e4rker getroffen hat als die Gesamtwirtschaft, k\u00f6nnte jetzt auch die Erholung nach der Krise kr\u00e4ftiger ausfallen. Denn bei den Investitionen der Unternehmen in neue Fahrzeuge ist ein Nachholeffekt absehbar. Angesichts der von Showroom-Schliessungen beeintr\u00e4chtigten Vorjahreszahlen geht auto-schweiz davon aus, dass sich die Erholung am Schweizer Nutzfahrzeugmarkt in den kommenden Monaten also fortsetzen wird.<\/p>\n<p>Besonders leichte Nutzfahrzeuge werden wieder st\u00e4rker nachgefragt und k\u00f6nnen um 11,9 Prozent zulegen. Das heisst, im ersten Quartal sind 7&#8217;772 neue leichte Nutzfahrzeuge auf die Strasse gekommen, nach 6&#8217;944 im vergleichbaren Vorjahreszeitraum. Der Zuwachs von 11,9 Prozent entf\u00e4llt dabei besonders auf die schwereren Fahrzeuggruppen zwischen 2,6 und 3,5 Tonnen Gesamtgewicht. Lediglich die schweren Nutzfahrzeuge liegen mit 7,7 Prozent oder 75 Einheiten geringf\u00fcgig unter dem Niveau des ersten Quartals 2020.<\/p>\n<h2>Schwere Nutzfahrzeuge: Verz\u00f6gerter Effekt<\/h2>\n<p>Bei den Gewichtsklassen dar\u00fcber, den schweren Sachentransportfahrzeugen, konnte das Vorjahresniveau von 976 Inverkehrsetzungen hingegen nicht ganz erreicht werden. Der R\u00fcckgang um 7,7 Prozent auf 901 neue Lastwagen und Sattelschlepper ist im volatilen Truck-Markt jedoch \u00fcberschaubar und k\u00f6nnte sich im zweiten Quartal bereits in ein Plus verwandeln, so die Einsch\u00e4tzung von auto-schweiz. Die ersten drei Monate 2019 liefen mit 1&#8217;093 Neuzulassungen ausserordentlich gut, der R\u00fcckstand auf dieses Vor-Corona-Quartal ist mit 17,6 Prozent entsprechend hoch. Eine vierstellige Zahl an neuen schweren Nutzfahrzeugen in einem Quartal scheint aber im weiteren Jahresverlauf bereits wieder in Reichweite zu sein.<\/p>\n<h2>Allgemeine Zunahme von Fahrzeug-Inverkehrsetzungen<\/h2>\n<p>Zusammen mit den 56&#8217;497 Personenwagen sind im ersten Quartal 2021 in der Schweiz und im F\u00fcrstentum Liechtenstein insgesamt 67&#8217;199 neue Motorfahrzeuge in Verkehr gesetzt worden. Im Vergleich zur Vorjahreszahl von 64&#8217;914 stellt dies ein Plus von 2&#8217;285 Neuimmatrikulationen oder 3,5 Prozent dar.<\/p>\n<p><em>Quelle: <a href=\"https:\/\/www.auto.swiss\/\">auto-schweiz<\/a><\/em><\/p>\n","protected":false},"excerpt":{"rendered":"<p>Der Nutzfahrzeugmarkt der Schweiz und des F\u00fcrstentums Liechtenstein ist im ersten Quartal 2021 um 13,1 Prozent gewachsen. Nach 9&#8217;462 Neuimmatrikulationen im Vorjahreszeitraum, stehen per Ende M\u00e4rz 10&#8217;702 zu Buche &#8211; und damit sogar 228 mehr als in den ersten drei Monaten des Vor-Krisen-Jahres 2019. Dies zeigen die aktuellen Erhebungen des Branchenverbands auto-schweiz. Ebenfalls st\u00e4rker nachgefragt [&hellip;]<\/p>\n","protected":false},"author":4,"featured_media":7908,"comment_status":"closed","ping_status":"closed","sticky":false,"template":"","format":"standard","meta":{"_acf_changed":false,"_yoast_wpseo_focuskw":"Nutzfahrzeugmarkt","_yoast_wpseo_metadesc":"Die Corona-Krise betrifft nicht alle Wirtschaftszweige gleichermassen: Der Nutzfahrzeugmarkt etwa ist im ersten Quartal 2021 bereits wieder gewachsen.","articlekey":"","footnotes":""},"categories":[1],"tags":[90,310,508],"class_list":["post-7907","post","type-post","status-publish","format-standard","has-post-thumbnail","hentry","category-allgemein","tag-branchen","tag-konjunktur","tag-vermischtes"],"acf":[],"yoast_head":"<!-- This site is optimized with the Yoast SEO plugin v27.5 - https:\/\/yoast.com\/product\/yoast-seo-wordpress\/ -->\n<title>Nutzfahrzeugmarkt: Die Corona-Krise ist \u00fcberwunden - Organisator<\/title>\n<meta name=\"description\" content=\"Die Corona-Krise betrifft nicht alle Wirtschaftszweige gleichermassen: Der Nutzfahrzeugmarkt etwa ist im ersten Quartal 2021 bereits wieder gewachsen.\" \/>\n<meta name=\"robots\" content=\"index, follow, max-snippet:-1, max-image-preview:large, max-video-preview:-1\" \/>\n<link rel=\"canonical\" href=\"https:\/\/www.organisator.ch\/de\/allgemein\/2021-04-13\/nutzfahrzeugmarkt-die-corona-krise-ist-ueberwunden\/\" \/>\n<meta property=\"og:locale\" content=\"de_DE\" \/>\n<meta property=\"og:type\" content=\"article\" \/>\n<meta property=\"og:title\" content=\"Nutzfahrzeugmarkt: Die Corona-Krise ist \u00fcberwunden\" \/>\n<meta property=\"og:description\" content=\"Die Corona-Krise betrifft nicht alle Wirtschaftszweige gleichermassen: Der Nutzfahrzeugmarkt etwa ist im ersten Quartal 2021 bereits wieder gewachsen.\" \/>\n<meta property=\"og:url\" content=\"https:\/\/www.organisator.ch\/de\/allgemein\/2021-04-13\/nutzfahrzeugmarkt-die-corona-krise-ist-ueberwunden\/\" \/>\n<meta property=\"og:site_name\" content=\"Organisator\" \/>\n<meta property=\"article:publisher\" content=\"https:\/\/www.facebook.com\/OrganisatorFachmagazin\" \/>\n<meta property=\"article:published_time\" content=\"2021-04-13T11:54:41+00:00\" \/>\n<meta property=\"og:image\" content=\"https:\/\/www.organisator.ch\/wp-content\/uploads\/2021\/04\/Nutzfahrzeugmarkt-Die-Corona-Krise-ist-ueberwunden_Organisator.jpg\" \/>\n\t<meta property=\"og:image:width\" content=\"680\" \/>\n\t<meta property=\"og:image:height\" content=\"453\" \/>\n\t<meta property=\"og:image:type\" content=\"image\/jpeg\" \/>\n<meta name=\"author\" content=\"thomas.berner\" \/>\n<meta name=\"twitter:card\" content=\"summary_large_image\" \/>\n<meta name=\"twitter:title\" content=\"#Nutzfahrzeugmarkt: Die #Corona-Krise ist \u00fcberwunden\" \/>\n<meta name=\"twitter:description\" content=\"Die #Corona-Krise betrifft nicht alle Wirtschaftszweige gleichermassen: Der #Nutzfahrzeugmarkt etwa ist im ersten Quartal 2021 bereits wieder gewachsen.\" \/>\n<meta name=\"twitter:image\" content=\"https:\/\/www.organisator.ch\/wp-content\/uploads\/2021\/04\/Nutzfahrzeugmarkt-Die-Corona-Krise-ist-ueberwunden_Organisator.jpg\" \/>\n<script type=\"application\/ld+json\" class=\"yoast-schema-graph\">{\"@context\":\"https:\\\/\\\/schema.org\",\"@graph\":[{\"@type\":\"Article\",\"@id\":\"https:\\\/\\\/www.organisator.ch\\\/fr\\\/general\\\/2021-04-13\\\/nutzfahrzeugmarkt-die-corona-krise-ist-ueberwunden\\\/#article\",\"isPartOf\":{\"@id\":\"https:\\\/\\\/www.organisator.ch\\\/fr\\\/general\\\/2021-04-13\\\/nutzfahrzeugmarkt-die-corona-krise-ist-ueberwunden\\\/\"},\"author\":{\"name\":\"thomas.berner\",\"@id\":\"https:\\\/\\\/www.organisator.ch\\\/#\\\/schema\\\/person\\\/6f650f90b2842cd4c0cc334b4e36f67e\"},\"headline\":\"Nutzfahrzeugmarkt: Die Corona-Krise ist \u00fcberwunden\",\"datePublished\":\"2021-04-13T11:54:41+00:00\",\"mainEntityOfPage\":{\"@id\":\"https:\\\/\\\/www.organisator.ch\\\/fr\\\/general\\\/2021-04-13\\\/nutzfahrzeugmarkt-die-corona-krise-ist-ueberwunden\\\/\"},\"wordCount\":420,\"publisher\":{\"@id\":\"https:\\\/\\\/www.organisator.ch\\\/#organization\"},\"image\":{\"@id\":\"https:\\\/\\\/www.organisator.ch\\\/fr\\\/general\\\/2021-04-13\\\/nutzfahrzeugmarkt-die-corona-krise-ist-ueberwunden\\\/#primaryimage\"},\"thumbnailUrl\":\"https:\\\/\\\/www.organisator.ch\\\/wp-content\\\/uploads\\\/2021\\\/04\\\/Nutzfahrzeugmarkt-Die-Corona-Krise-ist-ueberwunden_Organisator.jpg\",\"keywords\":[\"Branchen\",\"Konjunktur\",\"Vermischtes\"],\"inLanguage\":\"de\"},{\"@type\":\"WebPage\",\"@id\":\"https:\\\/\\\/www.organisator.ch\\\/fr\\\/general\\\/2021-04-13\\\/nutzfahrzeugmarkt-die-corona-krise-ist-ueberwunden\\\/\",\"url\":\"https:\\\/\\\/www.organisator.ch\\\/fr\\\/general\\\/2021-04-13\\\/nutzfahrzeugmarkt-die-corona-krise-ist-ueberwunden\\\/\",\"name\":\"Nutzfahrzeugmarkt: Die Corona-Krise ist \u00fcberwunden - Organisator\",\"isPartOf\":{\"@id\":\"https:\\\/\\\/www.organisator.ch\\\/#website\"},\"primaryImageOfPage\":{\"@id\":\"https:\\\/\\\/www.organisator.ch\\\/fr\\\/general\\\/2021-04-13\\\/nutzfahrzeugmarkt-die-corona-krise-ist-ueberwunden\\\/#primaryimage\"},\"image\":{\"@id\":\"https:\\\/\\\/www.organisator.ch\\\/fr\\\/general\\\/2021-04-13\\\/nutzfahrzeugmarkt-die-corona-krise-ist-ueberwunden\\\/#primaryimage\"},\"thumbnailUrl\":\"https:\\\/\\\/www.organisator.ch\\\/wp-content\\\/uploads\\\/2021\\\/04\\\/Nutzfahrzeugmarkt-Die-Corona-Krise-ist-ueberwunden_Organisator.jpg\",\"datePublished\":\"2021-04-13T11:54:41+00:00\",\"description\":\"Die Corona-Krise betrifft nicht alle Wirtschaftszweige gleichermassen: Der Nutzfahrzeugmarkt etwa ist im ersten Quartal 2021 bereits wieder gewachsen.\",\"breadcrumb\":{\"@id\":\"https:\\\/\\\/www.organisator.ch\\\/fr\\\/general\\\/2021-04-13\\\/nutzfahrzeugmarkt-die-corona-krise-ist-ueberwunden\\\/#breadcrumb\"},\"inLanguage\":\"de\",\"potentialAction\":[{\"@type\":\"ReadAction\",\"target\":[\"https:\\\/\\\/www.organisator.ch\\\/fr\\\/general\\\/2021-04-13\\\/nutzfahrzeugmarkt-die-corona-krise-ist-ueberwunden\\\/\"]}]},{\"@type\":\"ImageObject\",\"inLanguage\":\"de\",\"@id\":\"https:\\\/\\\/www.organisator.ch\\\/fr\\\/general\\\/2021-04-13\\\/nutzfahrzeugmarkt-die-corona-krise-ist-ueberwunden\\\/#primaryimage\",\"url\":\"https:\\\/\\\/www.organisator.ch\\\/wp-content\\\/uploads\\\/2021\\\/04\\\/Nutzfahrzeugmarkt-Die-Corona-Krise-ist-ueberwunden_Organisator.jpg\",\"contentUrl\":\"https:\\\/\\\/www.organisator.ch\\\/wp-content\\\/uploads\\\/2021\\\/04\\\/Nutzfahrzeugmarkt-Die-Corona-Krise-ist-ueberwunden_Organisator.jpg\",\"width\":680,\"height\":453,\"caption\":\"Der Nutzfahrzeugmarkt l\u00e4sst Coronakrise weitgehend hinter sich. (Bild: Pixabay.com)\"},{\"@type\":\"BreadcrumbList\",\"@id\":\"https:\\\/\\\/www.organisator.ch\\\/fr\\\/general\\\/2021-04-13\\\/nutzfahrzeugmarkt-die-corona-krise-ist-ueberwunden\\\/#breadcrumb\",\"itemListElement\":[{\"@type\":\"ListItem\",\"position\":1,\"name\":\"Home\",\"item\":\"https:\\\/\\\/www.organisator.ch\\\/\"},{\"@type\":\"ListItem\",\"position\":2,\"name\":\"Nutzfahrzeugmarkt: Die Corona-Krise ist \u00fcberwunden\"}]},{\"@type\":\"WebSite\",\"@id\":\"https:\\\/\\\/www.organisator.ch\\\/#website\",\"url\":\"https:\\\/\\\/www.organisator.ch\\\/\",\"name\":\"Organisator\",\"description\":\"Kompetent. Praxisnah. Der ORGANISATOR bereitet in 10 Ausgaben pro Jahr die wesentlichen Themen f\u00fcr F\u00fchrungskr\u00e4fte von KMU auf.\",\"publisher\":{\"@id\":\"https:\\\/\\\/www.organisator.ch\\\/#organization\"},\"potentialAction\":[{\"@type\":\"SearchAction\",\"target\":{\"@type\":\"EntryPoint\",\"urlTemplate\":\"https:\\\/\\\/www.organisator.ch\\\/?s={search_term_string}\"},\"query-input\":{\"@type\":\"PropertyValueSpecification\",\"valueRequired\":true,\"valueName\":\"search_term_string\"}}],\"inLanguage\":\"de\"},{\"@type\":\"Organization\",\"@id\":\"https:\\\/\\\/www.organisator.ch\\\/#organization\",\"name\":\"Organisator\",\"url\":\"https:\\\/\\\/www.organisator.ch\\\/\",\"logo\":{\"@type\":\"ImageObject\",\"inLanguage\":\"de\",\"@id\":\"https:\\\/\\\/www.organisator.ch\\\/#\\\/schema\\\/logo\\\/image\\\/\",\"url\":\"https:\\\/\\\/www.organisator.ch\\\/wp-content\\\/uploads\\\/2022\\\/01\\\/Logo_Organisator_Website.png\",\"contentUrl\":\"https:\\\/\\\/www.organisator.ch\\\/wp-content\\\/uploads\\\/2022\\\/01\\\/Logo_Organisator_Website.png\",\"width\":800,\"height\":77,\"caption\":\"Organisator\"},\"image\":{\"@id\":\"https:\\\/\\\/www.organisator.ch\\\/#\\\/schema\\\/logo\\\/image\\\/\"},\"sameAs\":[\"https:\\\/\\\/www.facebook.com\\\/OrganisatorFachmagazin\",\"https:\\\/\\\/www.linkedin.com\\\/showcase\\\/organisator-das-magazin-fr-kmu\",\"https:\\\/\\\/www.xing.com\\\/news\\\/pages\\\/organisator-ch-695\",\"https:\\\/\\\/www.youtube.com\\\/channel\\\/UCGP2Sq0iWaZwT3BdIAQFYpw\"]},{\"@type\":\"Person\",\"@id\":\"https:\\\/\\\/www.organisator.ch\\\/#\\\/schema\\\/person\\\/6f650f90b2842cd4c0cc334b4e36f67e\",\"name\":\"thomas.berner\",\"image\":{\"@type\":\"ImageObject\",\"inLanguage\":\"de\",\"@id\":\"https:\\\/\\\/secure.gravatar.com\\\/avatar\\\/ac5001d2a36cb6c6cd3e50789007ffca834b477b74a2144564522e944eabff61?s=96&d=mm&r=g\",\"url\":\"https:\\\/\\\/secure.gravatar.com\\\/avatar\\\/ac5001d2a36cb6c6cd3e50789007ffca834b477b74a2144564522e944eabff61?s=96&d=mm&r=g\",\"contentUrl\":\"https:\\\/\\\/secure.gravatar.com\\\/avatar\\\/ac5001d2a36cb6c6cd3e50789007ffca834b477b74a2144564522e944eabff61?s=96&d=mm&r=g\",\"caption\":\"thomas.berner\"},\"url\":\"https:\\\/\\\/www.organisator.ch\\\/de\\\/author\\\/thomas-berner\\\/\"}]}<\/script>\n<!-- \/ Yoast SEO plugin. -->","yoast_head_json":{"title":"Nutzfahrzeugmarkt: Die Corona-Krise ist \u00fcberwunden - Organisator","description":"Die Corona-Krise betrifft nicht alle Wirtschaftszweige gleichermassen: Der Nutzfahrzeugmarkt etwa ist im ersten Quartal 2021 bereits wieder gewachsen.","robots":{"index":"index","follow":"follow","max-snippet":"max-snippet:-1","max-image-preview":"max-image-preview:large","max-video-preview":"max-video-preview:-1"},"canonical":"https:\/\/www.organisator.ch\/de\/allgemein\/2021-04-13\/nutzfahrzeugmarkt-die-corona-krise-ist-ueberwunden\/","og_locale":"de_DE","og_type":"article","og_title":"Nutzfahrzeugmarkt: Die Corona-Krise ist \u00fcberwunden","og_description":"Die Corona-Krise betrifft nicht alle Wirtschaftszweige gleichermassen: Der Nutzfahrzeugmarkt etwa ist im ersten Quartal 2021 bereits wieder gewachsen.","og_url":"https:\/\/www.organisator.ch\/de\/allgemein\/2021-04-13\/nutzfahrzeugmarkt-die-corona-krise-ist-ueberwunden\/","og_site_name":"Organisator","article_publisher":"https:\/\/www.facebook.com\/OrganisatorFachmagazin","article_published_time":"2021-04-13T11:54:41+00:00","og_image":[{"width":680,"height":453,"url":"https:\/\/www.organisator.ch\/wp-content\/uploads\/2021\/04\/Nutzfahrzeugmarkt-Die-Corona-Krise-ist-ueberwunden_Organisator.jpg","type":"image\/jpeg"}],"author":"thomas.berner","twitter_card":"summary_large_image","twitter_title":"#Nutzfahrzeugmarkt: Die #Corona-Krise ist \u00fcberwunden","twitter_description":"Die #Corona-Krise betrifft nicht alle Wirtschaftszweige gleichermassen: Der #Nutzfahrzeugmarkt etwa ist im ersten Quartal 2021 bereits wieder gewachsen.","twitter_image":"https:\/\/www.organisator.ch\/wp-content\/uploads\/2021\/04\/Nutzfahrzeugmarkt-Die-Corona-Krise-ist-ueberwunden_Organisator.jpg","schema":{"@context":"https:\/\/schema.org","@graph":[{"@type":"Article","@id":"https:\/\/www.organisator.ch\/fr\/general\/2021-04-13\/nutzfahrzeugmarkt-die-corona-krise-ist-ueberwunden\/#article","isPartOf":{"@id":"https:\/\/www.organisator.ch\/fr\/general\/2021-04-13\/nutzfahrzeugmarkt-die-corona-krise-ist-ueberwunden\/"},"author":{"name":"thomas.berner","@id":"https:\/\/www.organisator.ch\/#\/schema\/person\/6f650f90b2842cd4c0cc334b4e36f67e"},"headline":"Nutzfahrzeugmarkt: Die Corona-Krise ist \u00fcberwunden","datePublished":"2021-04-13T11:54:41+00:00","mainEntityOfPage":{"@id":"https:\/\/www.organisator.ch\/fr\/general\/2021-04-13\/nutzfahrzeugmarkt-die-corona-krise-ist-ueberwunden\/"},"wordCount":420,"publisher":{"@id":"https:\/\/www.organisator.ch\/#organization"},"image":{"@id":"https:\/\/www.organisator.ch\/fr\/general\/2021-04-13\/nutzfahrzeugmarkt-die-corona-krise-ist-ueberwunden\/#primaryimage"},"thumbnailUrl":"https:\/\/www.organisator.ch\/wp-content\/uploads\/2021\/04\/Nutzfahrzeugmarkt-Die-Corona-Krise-ist-ueberwunden_Organisator.jpg","keywords":["Branchen","Konjunktur","Vermischtes"],"inLanguage":"de"},{"@type":"WebPage","@id":"https:\/\/www.organisator.ch\/fr\/general\/2021-04-13\/nutzfahrzeugmarkt-die-corona-krise-ist-ueberwunden\/","url":"https:\/\/www.organisator.ch\/fr\/general\/2021-04-13\/nutzfahrzeugmarkt-die-corona-krise-ist-ueberwunden\/","name":"Nutzfahrzeugmarkt: Die Corona-Krise ist \u00fcberwunden - Organisator","isPartOf":{"@id":"https:\/\/www.organisator.ch\/#website"},"primaryImageOfPage":{"@id":"https:\/\/www.organisator.ch\/fr\/general\/2021-04-13\/nutzfahrzeugmarkt-die-corona-krise-ist-ueberwunden\/#primaryimage"},"image":{"@id":"https:\/\/www.organisator.ch\/fr\/general\/2021-04-13\/nutzfahrzeugmarkt-die-corona-krise-ist-ueberwunden\/#primaryimage"},"thumbnailUrl":"https:\/\/www.organisator.ch\/wp-content\/uploads\/2021\/04\/Nutzfahrzeugmarkt-Die-Corona-Krise-ist-ueberwunden_Organisator.jpg","datePublished":"2021-04-13T11:54:41+00:00","description":"Die Corona-Krise betrifft nicht alle Wirtschaftszweige gleichermassen: Der Nutzfahrzeugmarkt etwa ist im ersten Quartal 2021 bereits wieder gewachsen.","breadcrumb":{"@id":"https:\/\/www.organisator.ch\/fr\/general\/2021-04-13\/nutzfahrzeugmarkt-die-corona-krise-ist-ueberwunden\/#breadcrumb"},"inLanguage":"de","potentialAction":[{"@type":"ReadAction","target":["https:\/\/www.organisator.ch\/fr\/general\/2021-04-13\/nutzfahrzeugmarkt-die-corona-krise-ist-ueberwunden\/"]}]},{"@type":"ImageObject","inLanguage":"de","@id":"https:\/\/www.organisator.ch\/fr\/general\/2021-04-13\/nutzfahrzeugmarkt-die-corona-krise-ist-ueberwunden\/#primaryimage","url":"https:\/\/www.organisator.ch\/wp-content\/uploads\/2021\/04\/Nutzfahrzeugmarkt-Die-Corona-Krise-ist-ueberwunden_Organisator.jpg","contentUrl":"https:\/\/www.organisator.ch\/wp-content\/uploads\/2021\/04\/Nutzfahrzeugmarkt-Die-Corona-Krise-ist-ueberwunden_Organisator.jpg","width":680,"height":453,"caption":"Der Nutzfahrzeugmarkt l\u00e4sst Coronakrise weitgehend hinter sich. (Bild: Pixabay.com)"},{"@type":"BreadcrumbList","@id":"https:\/\/www.organisator.ch\/fr\/general\/2021-04-13\/nutzfahrzeugmarkt-die-corona-krise-ist-ueberwunden\/#breadcrumb","itemListElement":[{"@type":"ListItem","position":1,"name":"Home","item":"https:\/\/www.organisator.ch\/"},{"@type":"ListItem","position":2,"name":"Nutzfahrzeugmarkt: Die Corona-Krise ist \u00fcberwunden"}]},{"@type":"WebSite","@id":"https:\/\/www.organisator.ch\/#website","url":"https:\/\/www.organisator.ch\/","name":"Organisator","description":"Kompetent. Praxisnah. Der ORGANISATOR bereitet in 10 Ausgaben pro Jahr die wesentlichen Themen f\u00fcr F\u00fchrungskr\u00e4fte von KMU auf.","publisher":{"@id":"https:\/\/www.organisator.ch\/#organization"},"potentialAction":[{"@type":"SearchAction","target":{"@type":"EntryPoint","urlTemplate":"https:\/\/www.organisator.ch\/?s={search_term_string}"},"query-input":{"@type":"PropertyValueSpecification","valueRequired":true,"valueName":"search_term_string"}}],"inLanguage":"de"},{"@type":"Organization","@id":"https:\/\/www.organisator.ch\/#organization","name":"Organisator","url":"https:\/\/www.organisator.ch\/","logo":{"@type":"ImageObject","inLanguage":"de","@id":"https:\/\/www.organisator.ch\/#\/schema\/logo\/image\/","url":"https:\/\/www.organisator.ch\/wp-content\/uploads\/2022\/01\/Logo_Organisator_Website.png","contentUrl":"https:\/\/www.organisator.ch\/wp-content\/uploads\/2022\/01\/Logo_Organisator_Website.png","width":800,"height":77,"caption":"Organisator"},"image":{"@id":"https:\/\/www.organisator.ch\/#\/schema\/logo\/image\/"},"sameAs":["https:\/\/www.facebook.com\/OrganisatorFachmagazin","https:\/\/www.linkedin.com\/showcase\/organisator-das-magazin-fr-kmu","https:\/\/www.xing.com\/news\/pages\/organisator-ch-695","https:\/\/www.youtube.com\/channel\/UCGP2Sq0iWaZwT3BdIAQFYpw"]},{"@type":"Person","@id":"https:\/\/www.organisator.ch\/#\/schema\/person\/6f650f90b2842cd4c0cc334b4e36f67e","name":"thomas.berner","image":{"@type":"ImageObject","inLanguage":"de","@id":"https:\/\/secure.gravatar.com\/avatar\/ac5001d2a36cb6c6cd3e50789007ffca834b477b74a2144564522e944eabff61?s=96&d=mm&r=g","url":"https:\/\/secure.gravatar.com\/avatar\/ac5001d2a36cb6c6cd3e50789007ffca834b477b74a2144564522e944eabff61?s=96&d=mm&r=g","contentUrl":"https:\/\/secure.gravatar.com\/avatar\/ac5001d2a36cb6c6cd3e50789007ffca834b477b74a2144564522e944eabff61?s=96&d=mm&r=g","caption":"thomas.berner"},"url":"https:\/\/www.organisator.ch\/de\/author\/thomas-berner\/"}]}},"_links":{"self":[{"href":"https:\/\/www.organisator.ch\/de\/wp-json\/wp\/v2\/posts\/7907","targetHints":{"allow":["GET"]}}],"collection":[{"href":"https:\/\/www.organisator.ch\/de\/wp-json\/wp\/v2\/posts"}],"about":[{"href":"https:\/\/www.organisator.ch\/de\/wp-json\/wp\/v2\/types\/post"}],"author":[{"embeddable":true,"href":"https:\/\/www.organisator.ch\/de\/wp-json\/wp\/v2\/users\/4"}],"replies":[{"embeddable":true,"href":"https:\/\/www.organisator.ch\/de\/wp-json\/wp\/v2\/comments?post=7907"}],"version-history":[{"count":0,"href":"https:\/\/www.organisator.ch\/de\/wp-json\/wp\/v2\/posts\/7907\/revisions"}],"wp:featuredmedia":[{"embeddable":true,"href":"https:\/\/www.organisator.ch\/de\/wp-json\/wp\/v2\/media\/7908"}],"wp:attachment":[{"href":"https:\/\/www.organisator.ch\/de\/wp-json\/wp\/v2\/media?parent=7907"}],"wp:term":[{"taxonomy":"category","embeddable":true,"href":"https:\/\/www.organisator.ch\/de\/wp-json\/wp\/v2\/categories?post=7907"},{"taxonomy":"post_tag","embeddable":true,"href":"https:\/\/www.organisator.ch\/de\/wp-json\/wp\/v2\/tags?post=7907"}],"curies":[{"name":"wp","href":"https:\/\/api.w.org\/{rel}","templated":true}]}}