{"id":7918,"date":"2021-04-14T16:31:06","date_gmt":"2021-04-14T14:31:06","guid":{"rendered":"https:\/\/www.organisator.ch\/?p=7918"},"modified":"2021-04-14T16:31:06","modified_gmt":"2021-04-14T14:31:06","slug":"berufseinstieg-2020-lehrabgaenger-innen-beweisen-anpassungsfaehigkeit","status":"publish","type":"post","link":"https:\/\/www.organisator.ch\/de\/allgemein\/2021-04-14\/berufseinstieg-2020-lehrabgaenger-innen-beweisen-anpassungsfaehigkeit\/","title":{"rendered":"Berufseinstieg 2020: Lehrabg\u00e4nger\/innen beweisen Anpassungsf\u00e4higkeit"},"content":{"rendered":"<figure id=\"attachment_7920\" aria-describedby=\"caption-attachment-7920\" style=\"width: 680px\" class=\"wp-caption alignnone\"><img loading=\"lazy\" decoding=\"async\" class=\"size-medium wp-image-7920\" src=\"https:\/\/www.organisator.ch\/wp-content\/uploads\/2021\/04\/Berufseinstieg-2020-Lehrabgaengerinnen-beweisen-Anpassungsfaehigkeit-1_Organisator.jpg\" alt=\"\" width=\"680\" height=\"229\" srcset=\"https:\/\/www.organisator.ch\/wp-content\/uploads\/2021\/04\/Berufseinstieg-2020-Lehrabgaengerinnen-beweisen-Anpassungsfaehigkeit-1_Organisator.jpg 680w, https:\/\/www.organisator.ch\/wp-content\/uploads\/2021\/04\/Berufseinstieg-2020-Lehrabgaengerinnen-beweisen-Anpassungsfaehigkeit-1_Organisator-16x5.jpg 16w, https:\/\/www.organisator.ch\/wp-content\/uploads\/2021\/04\/Berufseinstieg-2020-Lehrabgaengerinnen-beweisen-Anpassungsfaehigkeit-1_Organisator-375x126.jpg 375w, https:\/\/www.organisator.ch\/wp-content\/uploads\/2021\/04\/Berufseinstieg-2020-Lehrabgaengerinnen-beweisen-Anpassungsfaehigkeit-1_Organisator-300x101.jpg 300w\" sizes=\"auto, (max-width: 680px) 100vw, 680px\" \/><figcaption id=\"caption-attachment-7920\" class=\"wp-caption-text\">Zu 100 Prozent f\u00fcr den Berufseinstieg ger\u00fcstet: Die kaufm\u00e4nnische Ausbildung erwies sich trotz Corona-Pandemie f\u00fcr die meisten Lehrabg\u00e4nger\/innen als richtige Wahl. (Bild: Pixabay.com)<\/figcaption><\/figure>\n<p>Seit mehr als vierzehn Jahren befragt der Kaufm\u00e4nnische Verband die KV-Abg\u00e4nger\/innen in der Schweiz zu den Arbeitsbedingungen in der Lehre, dem \u00dcbertritt ins Berufsleben und ihren Zukunftspl\u00e4nen. Die Befragung im Jahr 2020 hat den Fokus auf die Auswirkungen der Covid-19-Pandemie auf das Lernen und Arbeiten sowie auf die Stellensuche gelegt.<\/p>\n<h2>Erschwerter Berufseinstieg<\/h2>\n<p>Die Covid-19-Pandemie hat junge Berufsleute stark getroffen und ihren Einstieg in den Arbeitsmarkt erschwert. So befanden sich im November 2020 rund 9.1% der befragten KV-Lehrabg\u00e4nger\/innen auf Stellensuche. Nur noch 64.8% gaben an, erwerbst\u00e4tig zu sein. Im Vergleich zum Vorjahr entspricht das einem R\u00fcckgang von 5%, womit der positive Trend der letzten Jahre abrupt beendet wurde (vgl. Grafik 1). \u00abDie Abnahme der Erwerbsquoten l\u00e4sst sich auf die schwierige Arbeitsmarktlage im ersten Pandemie-Jahr zur\u00fcckf\u00fchren.\u00bb fasst Nina Meier, Projektmitarbeiterin Grundbildung &amp; Jugendberatung beim Kaufm\u00e4nnischen Verband, die Ergebnisse zusammen. Besorgniserregend ist ebenfalls die Zunahme von Lehrabg\u00e4nger\/innen in unsicheren Arbeitsverh\u00e4ltnissen. Im Jahr 2020 erh\u00f6hte sich der Anteil der Absolvent\/innen, die befristet angestellt waren um 5%. Dies muss kritisch betrachtet werden, da ein Viertel der Personen in einem solchen Anstellungsverh\u00e4ltnis angeben, dass sie ein unbefristetes bevorzugen w\u00fcrden, ein solches aber nicht angeboten erhielten. \u00c4hnlich verh\u00e4lt es sich mit Absolvent\/innen, die sich in einem Teilzeitpensum befinden: 27.7% geben an, eine Vollzeitanstellung zu pr\u00e4ferieren. Nina Meier warnt vor dieser Entwicklung: \u00abDer deutliche Anstieg von befristeten Arbeitsvertr\u00e4gen, reduzierten Pensen und Teilzeitstellen sind Indikatoren f\u00fcr den durch die wirtschaftlich schwierige Situation erschwerten Berufseinstieg. Langfristig kann dies negative Folgen mit sich bringen, wie beispielsweise niedrigere L\u00f6hne, aber auch eine Beeintr\u00e4chtigung der Karrierechancen.\u00bb<\/p>\n<figure id=\"attachment_7921\" aria-describedby=\"caption-attachment-7921\" style=\"width: 680px\" class=\"wp-caption alignnone\"><img loading=\"lazy\" decoding=\"async\" class=\"size-medium wp-image-7921\" src=\"https:\/\/www.organisator.ch\/wp-content\/uploads\/2021\/04\/Berufseinstieg-2020-Lehrabgaengerinnen-beweisen-Anpassungsfaehigkeit-2_Organisator.jpg\" alt=\"\" width=\"680\" height=\"761\" srcset=\"https:\/\/www.organisator.ch\/wp-content\/uploads\/2021\/04\/Berufseinstieg-2020-Lehrabgaengerinnen-beweisen-Anpassungsfaehigkeit-2_Organisator.jpg 680w, https:\/\/www.organisator.ch\/wp-content\/uploads\/2021\/04\/Berufseinstieg-2020-Lehrabgaengerinnen-beweisen-Anpassungsfaehigkeit-2_Organisator-11x12.jpg 11w, https:\/\/www.organisator.ch\/wp-content\/uploads\/2021\/04\/Berufseinstieg-2020-Lehrabgaengerinnen-beweisen-Anpassungsfaehigkeit-2_Organisator-156x175.jpg 156w, https:\/\/www.organisator.ch\/wp-content\/uploads\/2021\/04\/Berufseinstieg-2020-Lehrabgaengerinnen-beweisen-Anpassungsfaehigkeit-2_Organisator-313x350.jpg 313w, https:\/\/www.organisator.ch\/wp-content\/uploads\/2021\/04\/Berufseinstieg-2020-Lehrabgaengerinnen-beweisen-Anpassungsfaehigkeit-2_Organisator-300x336.jpg 300w\" sizes=\"auto, (max-width: 680px) 100vw, 680px\" \/><figcaption id=\"caption-attachment-7921\" class=\"wp-caption-text\">Der Grossteil der Lehrabg\u00e4nger\/innen im kaufm\u00e4nnischen Bereich ist mit dem Berufseinstieg zufrieden. (Grafik: Kaufm\u00e4nnischer Verband Schweiz)<\/figcaption><\/figure>\n<h2>Know-how-Aufbau durch Weiterbildungen<\/h2>\n<p>Mit dem KV verf\u00fcgen Jugendliche \u00fcber eine solide und generalistische Grundbildung f\u00fcr den Berufseinstieg. Sie k\u00f6nnen sich mit einer anschliessenden Weiterbildung rasch auf neue Berufsbilder spezialisieren und sich zu gesuchten Fachexpert\/innen entwickeln. So sind auch 85.9% der Lehrabg\u00e4nger\/innen davon \u00fcberzeugt, dass die kaufm\u00e4nnische Grundbildung eine gute Ausgangslage f\u00fcr ihren beruflichen Werdegang darstellt. Die w\u00e4hrend der Lehre erworbenen Kompetenzen k\u00f6nnen viele junge Kaufleute in ihre aktuelle Stelle einbringen (vgl. Grafik 2). \u00abDie fundierte Ausbildung und die dadurch erworbene Agilit\u00e4t f\u00fcr ihren Werdegang kommt ihnen in einem Krisenjahr besonders zugute. KV-Lehrabg\u00e4nger\/innen absolvieren bereitwillig Weiterbildungen, die unerl\u00e4sslich sind, um langfristig auf dem Arbeitsmarkt erfolgreich zu bestehen. So werden nun in der Krise proaktiv Zwischenl\u00f6sungen gesucht und genutzt, um Arbeitslosigkeit zu \u00fcberbr\u00fccken und gleichzeitig gezielt Know-how aufzubauen\u00bb. Ganz im Sinne des Mottos \u00ablifelong learning\u00bb wollen sich 9 von 10 Absolvent\/innen in naher Zukunft weiterbilden. Damit wird der Trend hin zu Weiterbildungen, mit welchem sich die LAU 2019 intensiv auseinandersetzte, best\u00e4tigt. Nach der ersten Ausbildung ist der Wille sich mehr Wissen anzueignen deutlich erkennbar. Bereits im November 2020 haben 32.3% der Befragten eine Weiterbildung begonnen. Weitere 27.7% wollen das Vorhaben in den n\u00e4chsten 12 Monaten angehen. Zu den beliebtesten Weiterbildungen direkt nach der Lehre z\u00e4hlt nach wie vor die BM2, gefolgt von einem Studium an einer Fachhochschule.<\/p>\n<h2>Homeoffice und die Berufslehre<\/h2>\n<p>Trotz zahlreicher Ver\u00e4nderungen auf dem Arbeitsmarkt liessen sich junge Kaufleute nicht von der angespannten Lage beirren und zeigten ein hohes Engagement w\u00e4hrend des Bewerbungsprozesses. Diese Beobachtung hat auch Nina Meier gemacht. Sie h\u00e4lt fest, dass \u00abdie Absolventen\/innen wie auch ihre Ausbildungsverantwortlichen eine hohe Anpassungsf\u00e4higkeit bewiesen und durch zus\u00e4tzlichen Effort die Endphase der Ausbildung der neuen Arbeitsnormalit\u00e4t und den erschwerten Bedingungen angepasst haben. Und dies ohne Qualit\u00e4t einzub\u00fcssen\u00bb. Die Zufriedenheit mit der Art der Arbeitsauftr\u00e4ge blieb auch im Homeoffice, das ab dem Fr\u00fchjahr f\u00fcr \u00fcber 50% der Lehrabg\u00e4ngerinnen zum neuen Arbeitsumfeld wurde, hoch. Rund 74% gaben an, dass die im Homeoffice erhaltenen Auftr\u00e4ge lehrreich und sinnstiftend waren (vgl. Grafik 3). Ebenso konnten sich die Lernenden weiterentwickeln und ihre digitalen Skills sowie das eigenverantwortliche Arbeiten ausbauen. So ist mehr als die H\u00e4lfte davon \u00fcberzeugt, im Homeoffice Neues gelernt zu haben. Die im Jahr 2020 abgeschlossene KV-Lehre steht den Abschl\u00fcssen der vorhergegangenen Jahre somit in nichts nach.<\/p>\n<p><em>Quelle: <a href=\"http:\/\/www.kfmv.ch\">Kaufm\u00e4nnischer Verband Schweiz<\/a><\/em><\/p>\n","protected":false},"excerpt":{"rendered":"<p>Seit mehr als vierzehn Jahren befragt der Kaufm\u00e4nnische Verband die KV-Abg\u00e4nger\/innen in der Schweiz zu den Arbeitsbedingungen in der Lehre, dem \u00dcbertritt ins Berufsleben und ihren Zukunftspl\u00e4nen. Die Befragung im Jahr 2020 hat den Fokus auf die Auswirkungen der Covid-19-Pandemie auf das Lernen und Arbeiten sowie auf die Stellensuche gelegt. Erschwerter Berufseinstieg Die Covid-19-Pandemie hat [&hellip;]<\/p>\n","protected":false},"author":4,"featured_media":7920,"comment_status":"closed","ping_status":"closed","sticky":false,"template":"","format":"standard","meta":{"_acf_changed":false,"_yoast_wpseo_focuskw":"Berufseinstieg","_yoast_wpseo_metadesc":"Eine Studie des Kaufm\u00e4nnischen Verbands zeigt, dass der Berufseinstieg 2020 recht schwierig war. Doch die Lehrabg\u00e4nger\/innen zeigten sich anpassungsf\u00e4hig.","articlekey":"","footnotes":""},"categories":[1,30],"tags":[62,73,75,254,459],"class_list":["post-7918","post","type-post","status-publish","format-standard","has-post-thumbnail","hentry","category-allgemein","category-weiterbildung","tag-aus-weiterbildung","tag-berufsbildung","tag-berufswahl","tag-hrm","tag-studie"],"acf":[],"yoast_head":"<!-- This site is optimized with the Yoast SEO plugin v27.5 - https:\/\/yoast.com\/product\/yoast-seo-wordpress\/ -->\n<title>Berufseinstieg 2020: Lehrabg\u00e4nger\/innen beweisen Anpassungsf\u00e4higkeit - Organisator<\/title>\n<meta name=\"description\" content=\"Eine Studie des Kaufm\u00e4nnischen Verbands zeigt, dass der Berufseinstieg 2020 recht schwierig war. Doch die Lehrabg\u00e4nger\/innen zeigten sich anpassungsf\u00e4hig.\" \/>\n<meta name=\"robots\" content=\"index, follow, max-snippet:-1, max-image-preview:large, max-video-preview:-1\" \/>\n<link rel=\"canonical\" href=\"https:\/\/www.organisator.ch\/de\/allgemein\/2021-04-14\/berufseinstieg-2020-lehrabgaenger-innen-beweisen-anpassungsfaehigkeit\/\" \/>\n<meta property=\"og:locale\" content=\"de_DE\" \/>\n<meta property=\"og:type\" content=\"article\" \/>\n<meta property=\"og:title\" content=\"Berufseinstieg 2020: Lehrabg\u00e4nger\/innen beweisen Anpassungsf\u00e4higkeit\" \/>\n<meta property=\"og:description\" content=\"Eine Studie des Kaufm\u00e4nnischen Verbands zeigt, dass der Berufseinstieg 2020 recht schwierig war. Doch die Lehrabg\u00e4nger\/innen zeigten sich anpassungsf\u00e4hig.\" \/>\n<meta property=\"og:url\" content=\"https:\/\/www.organisator.ch\/de\/allgemein\/2021-04-14\/berufseinstieg-2020-lehrabgaenger-innen-beweisen-anpassungsfaehigkeit\/\" \/>\n<meta property=\"og:site_name\" content=\"Organisator\" \/>\n<meta property=\"article:publisher\" content=\"https:\/\/www.facebook.com\/OrganisatorFachmagazin\" \/>\n<meta property=\"article:published_time\" content=\"2021-04-14T14:31:06+00:00\" \/>\n<meta property=\"og:image\" content=\"https:\/\/www.organisator.ch\/wp-content\/uploads\/2021\/04\/Berufseinstieg-2020-Lehrabgaengerinnen-beweisen-Anpassungsfaehigkeit-1_Organisator.jpg\" \/>\n\t<meta property=\"og:image:width\" content=\"680\" \/>\n\t<meta property=\"og:image:height\" content=\"229\" \/>\n\t<meta property=\"og:image:type\" content=\"image\/jpeg\" \/>\n<meta name=\"author\" content=\"thomas.berner\" \/>\n<meta name=\"twitter:card\" content=\"summary_large_image\" \/>\n<meta name=\"twitter:title\" content=\"#Berufseinstieg 2020: #Lehrabg\u00e4nger\/innen beweisen Anpassungsf\u00e4higkeit\" \/>\n<meta name=\"twitter:description\" content=\"Eine Studie des Kaufm\u00e4nnischen Verbands #KVSchweiz zeigt, dass der #Berufseinstieg 2020 recht schwierig war. Doch die #Lehrabg\u00e4nger\/innen zeigten sich anpassungsf\u00e4hig.\" \/>\n<meta name=\"twitter:image\" content=\"https:\/\/www.organisator.ch\/wp-content\/uploads\/2021\/04\/Berufseinstieg-2020-Lehrabgaengerinnen-beweisen-Anpassungsfaehigkeit-1_Organisator.jpg\" \/>\n<script type=\"application\/ld+json\" class=\"yoast-schema-graph\">{\"@context\":\"https:\\\/\\\/schema.org\",\"@graph\":[{\"@type\":\"Article\",\"@id\":\"https:\\\/\\\/www.organisator.ch\\\/allgemein\\\/2021-04-14\\\/berufseinstieg-2020-lehrabgaenger-innen-beweisen-anpassungsfaehigkeit\\\/#article\",\"isPartOf\":{\"@id\":\"https:\\\/\\\/www.organisator.ch\\\/allgemein\\\/2021-04-14\\\/berufseinstieg-2020-lehrabgaenger-innen-beweisen-anpassungsfaehigkeit\\\/\"},\"author\":{\"name\":\"thomas.berner\",\"@id\":\"https:\\\/\\\/www.organisator.ch\\\/#\\\/schema\\\/person\\\/6f650f90b2842cd4c0cc334b4e36f67e\"},\"headline\":\"Berufseinstieg 2020: Lehrabg\u00e4nger\\\/innen beweisen Anpassungsf\u00e4higkeit\",\"datePublished\":\"2021-04-14T14:31:06+00:00\",\"mainEntityOfPage\":{\"@id\":\"https:\\\/\\\/www.organisator.ch\\\/allgemein\\\/2021-04-14\\\/berufseinstieg-2020-lehrabgaenger-innen-beweisen-anpassungsfaehigkeit\\\/\"},\"wordCount\":744,\"publisher\":{\"@id\":\"https:\\\/\\\/www.organisator.ch\\\/#organization\"},\"image\":{\"@id\":\"https:\\\/\\\/www.organisator.ch\\\/allgemein\\\/2021-04-14\\\/berufseinstieg-2020-lehrabgaenger-innen-beweisen-anpassungsfaehigkeit\\\/#primaryimage\"},\"thumbnailUrl\":\"https:\\\/\\\/www.organisator.ch\\\/wp-content\\\/uploads\\\/2021\\\/04\\\/Berufseinstieg-2020-Lehrabgaengerinnen-beweisen-Anpassungsfaehigkeit-1_Organisator.jpg\",\"keywords\":[\"Aus-\\\/Weiterbildung\",\"Berufsbildung\",\"Berufswahl\",\"HRM\",\"Studie\"],\"articleSection\":{\"1\":\"WEITERBILDUNG\"},\"inLanguage\":\"de\"},{\"@type\":\"WebPage\",\"@id\":\"https:\\\/\\\/www.organisator.ch\\\/allgemein\\\/2021-04-14\\\/berufseinstieg-2020-lehrabgaenger-innen-beweisen-anpassungsfaehigkeit\\\/\",\"url\":\"https:\\\/\\\/www.organisator.ch\\\/allgemein\\\/2021-04-14\\\/berufseinstieg-2020-lehrabgaenger-innen-beweisen-anpassungsfaehigkeit\\\/\",\"name\":\"Berufseinstieg 2020: Lehrabg\u00e4nger\\\/innen beweisen Anpassungsf\u00e4higkeit - Organisator\",\"isPartOf\":{\"@id\":\"https:\\\/\\\/www.organisator.ch\\\/#website\"},\"primaryImageOfPage\":{\"@id\":\"https:\\\/\\\/www.organisator.ch\\\/allgemein\\\/2021-04-14\\\/berufseinstieg-2020-lehrabgaenger-innen-beweisen-anpassungsfaehigkeit\\\/#primaryimage\"},\"image\":{\"@id\":\"https:\\\/\\\/www.organisator.ch\\\/allgemein\\\/2021-04-14\\\/berufseinstieg-2020-lehrabgaenger-innen-beweisen-anpassungsfaehigkeit\\\/#primaryimage\"},\"thumbnailUrl\":\"https:\\\/\\\/www.organisator.ch\\\/wp-content\\\/uploads\\\/2021\\\/04\\\/Berufseinstieg-2020-Lehrabgaengerinnen-beweisen-Anpassungsfaehigkeit-1_Organisator.jpg\",\"datePublished\":\"2021-04-14T14:31:06+00:00\",\"description\":\"Eine Studie des Kaufm\u00e4nnischen Verbands zeigt, dass der Berufseinstieg 2020 recht schwierig war. Doch die Lehrabg\u00e4nger\\\/innen zeigten sich anpassungsf\u00e4hig.\",\"breadcrumb\":{\"@id\":\"https:\\\/\\\/www.organisator.ch\\\/allgemein\\\/2021-04-14\\\/berufseinstieg-2020-lehrabgaenger-innen-beweisen-anpassungsfaehigkeit\\\/#breadcrumb\"},\"inLanguage\":\"de\",\"potentialAction\":[{\"@type\":\"ReadAction\",\"target\":[\"https:\\\/\\\/www.organisator.ch\\\/allgemein\\\/2021-04-14\\\/berufseinstieg-2020-lehrabgaenger-innen-beweisen-anpassungsfaehigkeit\\\/\"]}]},{\"@type\":\"ImageObject\",\"inLanguage\":\"de\",\"@id\":\"https:\\\/\\\/www.organisator.ch\\\/allgemein\\\/2021-04-14\\\/berufseinstieg-2020-lehrabgaenger-innen-beweisen-anpassungsfaehigkeit\\\/#primaryimage\",\"url\":\"https:\\\/\\\/www.organisator.ch\\\/wp-content\\\/uploads\\\/2021\\\/04\\\/Berufseinstieg-2020-Lehrabgaengerinnen-beweisen-Anpassungsfaehigkeit-1_Organisator.jpg\",\"contentUrl\":\"https:\\\/\\\/www.organisator.ch\\\/wp-content\\\/uploads\\\/2021\\\/04\\\/Berufseinstieg-2020-Lehrabgaengerinnen-beweisen-Anpassungsfaehigkeit-1_Organisator.jpg\",\"width\":680,\"height\":229,\"caption\":\"Zu 100 Prozent f\u00fcr den Berufseinstieg ger\u00fcstet: Die kaufm\u00e4nnische Ausbildung erwies sich trotz Corona-Pandemie f\u00fcr die meisten Lehrabg\u00e4nger\\\/innen als richtige Wahl. (Bild: Pixabay.com)\"},{\"@type\":\"BreadcrumbList\",\"@id\":\"https:\\\/\\\/www.organisator.ch\\\/allgemein\\\/2021-04-14\\\/berufseinstieg-2020-lehrabgaenger-innen-beweisen-anpassungsfaehigkeit\\\/#breadcrumb\",\"itemListElement\":[{\"@type\":\"ListItem\",\"position\":1,\"name\":\"Home\",\"item\":\"https:\\\/\\\/www.organisator.ch\\\/\"},{\"@type\":\"ListItem\",\"position\":2,\"name\":\"Berufseinstieg 2020: Lehrabg\u00e4nger\\\/innen beweisen Anpassungsf\u00e4higkeit\"}]},{\"@type\":\"WebSite\",\"@id\":\"https:\\\/\\\/www.organisator.ch\\\/#website\",\"url\":\"https:\\\/\\\/www.organisator.ch\\\/\",\"name\":\"Organisator\",\"description\":\"Kompetent. Praxisnah. Der ORGANISATOR bereitet in 10 Ausgaben pro Jahr die wesentlichen Themen f\u00fcr F\u00fchrungskr\u00e4fte von KMU auf.\",\"publisher\":{\"@id\":\"https:\\\/\\\/www.organisator.ch\\\/#organization\"},\"potentialAction\":[{\"@type\":\"SearchAction\",\"target\":{\"@type\":\"EntryPoint\",\"urlTemplate\":\"https:\\\/\\\/www.organisator.ch\\\/?s={search_term_string}\"},\"query-input\":{\"@type\":\"PropertyValueSpecification\",\"valueRequired\":true,\"valueName\":\"search_term_string\"}}],\"inLanguage\":\"de\"},{\"@type\":\"Organization\",\"@id\":\"https:\\\/\\\/www.organisator.ch\\\/#organization\",\"name\":\"Organisator\",\"url\":\"https:\\\/\\\/www.organisator.ch\\\/\",\"logo\":{\"@type\":\"ImageObject\",\"inLanguage\":\"de\",\"@id\":\"https:\\\/\\\/www.organisator.ch\\\/#\\\/schema\\\/logo\\\/image\\\/\",\"url\":\"https:\\\/\\\/www.organisator.ch\\\/wp-content\\\/uploads\\\/2022\\\/01\\\/Logo_Organisator_Website.png\",\"contentUrl\":\"https:\\\/\\\/www.organisator.ch\\\/wp-content\\\/uploads\\\/2022\\\/01\\\/Logo_Organisator_Website.png\",\"width\":800,\"height\":77,\"caption\":\"Organisator\"},\"image\":{\"@id\":\"https:\\\/\\\/www.organisator.ch\\\/#\\\/schema\\\/logo\\\/image\\\/\"},\"sameAs\":[\"https:\\\/\\\/www.facebook.com\\\/OrganisatorFachmagazin\",\"https:\\\/\\\/www.linkedin.com\\\/showcase\\\/organisator-das-magazin-fr-kmu\",\"https:\\\/\\\/www.xing.com\\\/news\\\/pages\\\/organisator-ch-695\",\"https:\\\/\\\/www.youtube.com\\\/channel\\\/UCGP2Sq0iWaZwT3BdIAQFYpw\"]},{\"@type\":\"Person\",\"@id\":\"https:\\\/\\\/www.organisator.ch\\\/#\\\/schema\\\/person\\\/6f650f90b2842cd4c0cc334b4e36f67e\",\"name\":\"thomas.berner\",\"image\":{\"@type\":\"ImageObject\",\"inLanguage\":\"de\",\"@id\":\"https:\\\/\\\/secure.gravatar.com\\\/avatar\\\/ac5001d2a36cb6c6cd3e50789007ffca834b477b74a2144564522e944eabff61?s=96&d=mm&r=g\",\"url\":\"https:\\\/\\\/secure.gravatar.com\\\/avatar\\\/ac5001d2a36cb6c6cd3e50789007ffca834b477b74a2144564522e944eabff61?s=96&d=mm&r=g\",\"contentUrl\":\"https:\\\/\\\/secure.gravatar.com\\\/avatar\\\/ac5001d2a36cb6c6cd3e50789007ffca834b477b74a2144564522e944eabff61?s=96&d=mm&r=g\",\"caption\":\"thomas.berner\"},\"url\":\"https:\\\/\\\/www.organisator.ch\\\/de\\\/author\\\/thomas-berner\\\/\"}]}<\/script>\n<!-- \/ Yoast SEO plugin. -->","yoast_head_json":{"title":"Berufseinstieg 2020: Lehrabg\u00e4nger\/innen beweisen Anpassungsf\u00e4higkeit - Organisator","description":"Eine Studie des Kaufm\u00e4nnischen Verbands zeigt, dass der Berufseinstieg 2020 recht schwierig war. Doch die Lehrabg\u00e4nger\/innen zeigten sich anpassungsf\u00e4hig.","robots":{"index":"index","follow":"follow","max-snippet":"max-snippet:-1","max-image-preview":"max-image-preview:large","max-video-preview":"max-video-preview:-1"},"canonical":"https:\/\/www.organisator.ch\/de\/allgemein\/2021-04-14\/berufseinstieg-2020-lehrabgaenger-innen-beweisen-anpassungsfaehigkeit\/","og_locale":"de_DE","og_type":"article","og_title":"Berufseinstieg 2020: Lehrabg\u00e4nger\/innen beweisen Anpassungsf\u00e4higkeit","og_description":"Eine Studie des Kaufm\u00e4nnischen Verbands zeigt, dass der Berufseinstieg 2020 recht schwierig war. Doch die Lehrabg\u00e4nger\/innen zeigten sich anpassungsf\u00e4hig.","og_url":"https:\/\/www.organisator.ch\/de\/allgemein\/2021-04-14\/berufseinstieg-2020-lehrabgaenger-innen-beweisen-anpassungsfaehigkeit\/","og_site_name":"Organisator","article_publisher":"https:\/\/www.facebook.com\/OrganisatorFachmagazin","article_published_time":"2021-04-14T14:31:06+00:00","og_image":[{"width":680,"height":229,"url":"https:\/\/www.organisator.ch\/wp-content\/uploads\/2021\/04\/Berufseinstieg-2020-Lehrabgaengerinnen-beweisen-Anpassungsfaehigkeit-1_Organisator.jpg","type":"image\/jpeg"}],"author":"thomas.berner","twitter_card":"summary_large_image","twitter_title":"#Berufseinstieg 2020: #Lehrabg\u00e4nger\/innen beweisen Anpassungsf\u00e4higkeit","twitter_description":"Eine Studie des Kaufm\u00e4nnischen Verbands #KVSchweiz zeigt, dass der #Berufseinstieg 2020 recht schwierig war. Doch die #Lehrabg\u00e4nger\/innen zeigten sich anpassungsf\u00e4hig.","twitter_image":"https:\/\/www.organisator.ch\/wp-content\/uploads\/2021\/04\/Berufseinstieg-2020-Lehrabgaengerinnen-beweisen-Anpassungsfaehigkeit-1_Organisator.jpg","schema":{"@context":"https:\/\/schema.org","@graph":[{"@type":"Article","@id":"https:\/\/www.organisator.ch\/allgemein\/2021-04-14\/berufseinstieg-2020-lehrabgaenger-innen-beweisen-anpassungsfaehigkeit\/#article","isPartOf":{"@id":"https:\/\/www.organisator.ch\/allgemein\/2021-04-14\/berufseinstieg-2020-lehrabgaenger-innen-beweisen-anpassungsfaehigkeit\/"},"author":{"name":"thomas.berner","@id":"https:\/\/www.organisator.ch\/#\/schema\/person\/6f650f90b2842cd4c0cc334b4e36f67e"},"headline":"Berufseinstieg 2020: Lehrabg\u00e4nger\/innen beweisen Anpassungsf\u00e4higkeit","datePublished":"2021-04-14T14:31:06+00:00","mainEntityOfPage":{"@id":"https:\/\/www.organisator.ch\/allgemein\/2021-04-14\/berufseinstieg-2020-lehrabgaenger-innen-beweisen-anpassungsfaehigkeit\/"},"wordCount":744,"publisher":{"@id":"https:\/\/www.organisator.ch\/#organization"},"image":{"@id":"https:\/\/www.organisator.ch\/allgemein\/2021-04-14\/berufseinstieg-2020-lehrabgaenger-innen-beweisen-anpassungsfaehigkeit\/#primaryimage"},"thumbnailUrl":"https:\/\/www.organisator.ch\/wp-content\/uploads\/2021\/04\/Berufseinstieg-2020-Lehrabgaengerinnen-beweisen-Anpassungsfaehigkeit-1_Organisator.jpg","keywords":["Aus-\/Weiterbildung","Berufsbildung","Berufswahl","HRM","Studie"],"articleSection":{"1":"WEITERBILDUNG"},"inLanguage":"de"},{"@type":"WebPage","@id":"https:\/\/www.organisator.ch\/allgemein\/2021-04-14\/berufseinstieg-2020-lehrabgaenger-innen-beweisen-anpassungsfaehigkeit\/","url":"https:\/\/www.organisator.ch\/allgemein\/2021-04-14\/berufseinstieg-2020-lehrabgaenger-innen-beweisen-anpassungsfaehigkeit\/","name":"Berufseinstieg 2020: Lehrabg\u00e4nger\/innen beweisen Anpassungsf\u00e4higkeit - Organisator","isPartOf":{"@id":"https:\/\/www.organisator.ch\/#website"},"primaryImageOfPage":{"@id":"https:\/\/www.organisator.ch\/allgemein\/2021-04-14\/berufseinstieg-2020-lehrabgaenger-innen-beweisen-anpassungsfaehigkeit\/#primaryimage"},"image":{"@id":"https:\/\/www.organisator.ch\/allgemein\/2021-04-14\/berufseinstieg-2020-lehrabgaenger-innen-beweisen-anpassungsfaehigkeit\/#primaryimage"},"thumbnailUrl":"https:\/\/www.organisator.ch\/wp-content\/uploads\/2021\/04\/Berufseinstieg-2020-Lehrabgaengerinnen-beweisen-Anpassungsfaehigkeit-1_Organisator.jpg","datePublished":"2021-04-14T14:31:06+00:00","description":"Eine Studie des Kaufm\u00e4nnischen Verbands zeigt, dass der Berufseinstieg 2020 recht schwierig war. Doch die Lehrabg\u00e4nger\/innen zeigten sich anpassungsf\u00e4hig.","breadcrumb":{"@id":"https:\/\/www.organisator.ch\/allgemein\/2021-04-14\/berufseinstieg-2020-lehrabgaenger-innen-beweisen-anpassungsfaehigkeit\/#breadcrumb"},"inLanguage":"de","potentialAction":[{"@type":"ReadAction","target":["https:\/\/www.organisator.ch\/allgemein\/2021-04-14\/berufseinstieg-2020-lehrabgaenger-innen-beweisen-anpassungsfaehigkeit\/"]}]},{"@type":"ImageObject","inLanguage":"de","@id":"https:\/\/www.organisator.ch\/allgemein\/2021-04-14\/berufseinstieg-2020-lehrabgaenger-innen-beweisen-anpassungsfaehigkeit\/#primaryimage","url":"https:\/\/www.organisator.ch\/wp-content\/uploads\/2021\/04\/Berufseinstieg-2020-Lehrabgaengerinnen-beweisen-Anpassungsfaehigkeit-1_Organisator.jpg","contentUrl":"https:\/\/www.organisator.ch\/wp-content\/uploads\/2021\/04\/Berufseinstieg-2020-Lehrabgaengerinnen-beweisen-Anpassungsfaehigkeit-1_Organisator.jpg","width":680,"height":229,"caption":"Zu 100 Prozent f\u00fcr den Berufseinstieg ger\u00fcstet: Die kaufm\u00e4nnische Ausbildung erwies sich trotz Corona-Pandemie f\u00fcr die meisten Lehrabg\u00e4nger\/innen als richtige Wahl. (Bild: Pixabay.com)"},{"@type":"BreadcrumbList","@id":"https:\/\/www.organisator.ch\/allgemein\/2021-04-14\/berufseinstieg-2020-lehrabgaenger-innen-beweisen-anpassungsfaehigkeit\/#breadcrumb","itemListElement":[{"@type":"ListItem","position":1,"name":"Home","item":"https:\/\/www.organisator.ch\/"},{"@type":"ListItem","position":2,"name":"Berufseinstieg 2020: Lehrabg\u00e4nger\/innen beweisen Anpassungsf\u00e4higkeit"}]},{"@type":"WebSite","@id":"https:\/\/www.organisator.ch\/#website","url":"https:\/\/www.organisator.ch\/","name":"Organisator","description":"Kompetent. Praxisnah. Der ORGANISATOR bereitet in 10 Ausgaben pro Jahr die wesentlichen Themen f\u00fcr F\u00fchrungskr\u00e4fte von KMU auf.","publisher":{"@id":"https:\/\/www.organisator.ch\/#organization"},"potentialAction":[{"@type":"SearchAction","target":{"@type":"EntryPoint","urlTemplate":"https:\/\/www.organisator.ch\/?s={search_term_string}"},"query-input":{"@type":"PropertyValueSpecification","valueRequired":true,"valueName":"search_term_string"}}],"inLanguage":"de"},{"@type":"Organization","@id":"https:\/\/www.organisator.ch\/#organization","name":"Organisator","url":"https:\/\/www.organisator.ch\/","logo":{"@type":"ImageObject","inLanguage":"de","@id":"https:\/\/www.organisator.ch\/#\/schema\/logo\/image\/","url":"https:\/\/www.organisator.ch\/wp-content\/uploads\/2022\/01\/Logo_Organisator_Website.png","contentUrl":"https:\/\/www.organisator.ch\/wp-content\/uploads\/2022\/01\/Logo_Organisator_Website.png","width":800,"height":77,"caption":"Organisator"},"image":{"@id":"https:\/\/www.organisator.ch\/#\/schema\/logo\/image\/"},"sameAs":["https:\/\/www.facebook.com\/OrganisatorFachmagazin","https:\/\/www.linkedin.com\/showcase\/organisator-das-magazin-fr-kmu","https:\/\/www.xing.com\/news\/pages\/organisator-ch-695","https:\/\/www.youtube.com\/channel\/UCGP2Sq0iWaZwT3BdIAQFYpw"]},{"@type":"Person","@id":"https:\/\/www.organisator.ch\/#\/schema\/person\/6f650f90b2842cd4c0cc334b4e36f67e","name":"thomas.berner","image":{"@type":"ImageObject","inLanguage":"de","@id":"https:\/\/secure.gravatar.com\/avatar\/ac5001d2a36cb6c6cd3e50789007ffca834b477b74a2144564522e944eabff61?s=96&d=mm&r=g","url":"https:\/\/secure.gravatar.com\/avatar\/ac5001d2a36cb6c6cd3e50789007ffca834b477b74a2144564522e944eabff61?s=96&d=mm&r=g","contentUrl":"https:\/\/secure.gravatar.com\/avatar\/ac5001d2a36cb6c6cd3e50789007ffca834b477b74a2144564522e944eabff61?s=96&d=mm&r=g","caption":"thomas.berner"},"url":"https:\/\/www.organisator.ch\/de\/author\/thomas-berner\/"}]}},"_links":{"self":[{"href":"https:\/\/www.organisator.ch\/de\/wp-json\/wp\/v2\/posts\/7918","targetHints":{"allow":["GET"]}}],"collection":[{"href":"https:\/\/www.organisator.ch\/de\/wp-json\/wp\/v2\/posts"}],"about":[{"href":"https:\/\/www.organisator.ch\/de\/wp-json\/wp\/v2\/types\/post"}],"author":[{"embeddable":true,"href":"https:\/\/www.organisator.ch\/de\/wp-json\/wp\/v2\/users\/4"}],"replies":[{"embeddable":true,"href":"https:\/\/www.organisator.ch\/de\/wp-json\/wp\/v2\/comments?post=7918"}],"version-history":[{"count":0,"href":"https:\/\/www.organisator.ch\/de\/wp-json\/wp\/v2\/posts\/7918\/revisions"}],"wp:featuredmedia":[{"embeddable":true,"href":"https:\/\/www.organisator.ch\/de\/wp-json\/wp\/v2\/media\/7920"}],"wp:attachment":[{"href":"https:\/\/www.organisator.ch\/de\/wp-json\/wp\/v2\/media?parent=7918"}],"wp:term":[{"taxonomy":"category","embeddable":true,"href":"https:\/\/www.organisator.ch\/de\/wp-json\/wp\/v2\/categories?post=7918"},{"taxonomy":"post_tag","embeddable":true,"href":"https:\/\/www.organisator.ch\/de\/wp-json\/wp\/v2\/tags?post=7918"}],"curies":[{"name":"wp","href":"https:\/\/api.w.org\/{rel}","templated":true}]}}