{"id":7937,"date":"2021-04-21T11:38:03","date_gmt":"2021-04-21T09:38:03","guid":{"rendered":"https:\/\/www.organisator.ch\/?p=7937"},"modified":"2021-04-21T11:38:03","modified_gmt":"2021-04-21T09:38:03","slug":"klimaschutzprojekte-von-kmu-2020-war-ein-rekordjahr","status":"publish","type":"post","link":"https:\/\/www.organisator.ch\/de\/allgemein\/2021-04-21\/klimaschutzprojekte-von-kmu-2020-war-ein-rekordjahr\/","title":{"rendered":"Klimaschutzprojekte von KMU: 2020 war ein Rekordjahr"},"content":{"rendered":"<figure id=\"attachment_7938\" aria-describedby=\"caption-attachment-7938\" style=\"width: 680px\" class=\"wp-caption alignnone\"><img loading=\"lazy\" decoding=\"async\" class=\"size-medium wp-image-7938\" src=\"https:\/\/www.organisator.ch\/wp-content\/uploads\/2021\/04\/Klimaschutzprojekte-von-KMU-2020-war-ein-Rekordjahr_Organisator.jpg\" alt=\"\" width=\"680\" height=\"454\" srcset=\"https:\/\/www.organisator.ch\/wp-content\/uploads\/2021\/04\/Klimaschutzprojekte-von-KMU-2020-war-ein-Rekordjahr_Organisator.jpg 680w, https:\/\/www.organisator.ch\/wp-content\/uploads\/2021\/04\/Klimaschutzprojekte-von-KMU-2020-war-ein-Rekordjahr_Organisator-16x12.jpg 16w, https:\/\/www.organisator.ch\/wp-content\/uploads\/2021\/04\/Klimaschutzprojekte-von-KMU-2020-war-ein-Rekordjahr_Organisator-262x175.jpg 262w, https:\/\/www.organisator.ch\/wp-content\/uploads\/2021\/04\/Klimaschutzprojekte-von-KMU-2020-war-ein-Rekordjahr_Organisator-524x350.jpg 524w, https:\/\/www.organisator.ch\/wp-content\/uploads\/2021\/04\/Klimaschutzprojekte-von-KMU-2020-war-ein-Rekordjahr_Organisator-300x200.jpg 300w\" sizes=\"auto, (max-width: 680px) 100vw, 680px\" \/><figcaption id=\"caption-attachment-7938\" class=\"wp-caption-text\">Im Jahr 2020 hat die Klimastiftung Schweiz mit rekordverd\u00e4chtigen 5 Millionen Franken\u00a0 Klimaschutzprojekte in KMU gef\u00f6rdert. (Symbolbild \/ Quelle: Pixabay.com)<\/figcaption><\/figure>\n<p>Das B\u00fcrohaus wird zum Solarkraftwerk, der Recycling-Beton wird zum CO<sub>2<\/sub>-Speicher, aus Abfall werden Treibstoff und Parf\u00fcm: Die Kreativit\u00e4t der Schweizer und Liechtensteiner KMU zum Schutz des Klimas haben auch im anspruchsvollen 2020 nicht nachgelassen. Die Klimastiftung Schweiz hat erneut zahlreiche F\u00f6rderantr\u00e4ge erhalten. Rund 5 Millionen Franken F\u00f6rderung f\u00fcr Klimaschutzprojekte haben Stiftungs- und Beirat im Jahr 2020 gesprochen. Das sind 16 Prozent mehr als im Vorjahr.<\/p>\n<h2><strong>Innovative Technologien im Zentrum der F\u00f6rderung\u00a0<\/strong><\/h2>\n<p>Der gr\u00f6sste Teil der F\u00f6rdersumme\u00a0floss\u00a0auch 2020 in den Innovationsbereich: Insgesamt 23\u00a0Projekte k\u00f6nnen neu auf die Unterst\u00fctzung der\u00a0Stiftung\u00a0z\u00e4hlen, im Umfang von insgesamt 2.7\u00a0Millionen Franken. Unter den gef\u00f6rderten Innovationen finden sich etwa eine Technologie zur Speicherung von CO<sub>2<\/sub>\u00a0in Recyclingbeton (<a href=\"https:\/\/maxcomm.us12.list-manage.com\/track\/click?u=74090039ecde65db808b5baa9&amp;id=eb5f66b006&amp;e=4a105d0b7c\">neustark<\/a>), neuartige Verfahren zur Herstellung von nachhaltigem Isolationsmaterial aus Asche (<a href=\"https:\/\/maxcomm.us12.list-manage.com\/track\/click?u=74090039ecde65db808b5baa9&amp;id=dee6da2167&amp;e=4a105d0b7c\">FenX<\/a>) oder zur Umwandlung von Pflanzenabf\u00e4llen in hochwertige Chemikalien als Alternative zu Erd\u00f6l (<a href=\"https:\/\/maxcomm.us12.list-manage.com\/track\/click?u=74090039ecde65db808b5baa9&amp;id=2f1831e961&amp;e=4a105d0b7c\">Bloom\u00a0Biorenewables<\/a>)\u00a0sowie\u00a0eine CO<sub>2<\/sub>-neutrale Beheizung von Gew\u00e4chsh\u00e4usern mit organischen Fettabf\u00e4llen (Oekokraft).<\/p>\n<p>\u201cWollen wir die nationalen Klimaziele erreichen, sind wir auf solche zukunftsweisenden Technologien gerade im Geb\u00e4ude- und Landwirtschaftsbereich sowie der Kreislaufwirtschaft dringend angewiesen\u201d, sagt Thomas H\u00fcgli, Stiftungsratspr\u00e4sident der Klimastiftung Schweiz. \u201cEs wird nicht ausreichen, dass die Wirtschaft ihre CO2-Emissionen reduziert oder kompensiert. Wir b\u00fcndeln deshalb die Kr\u00e4fte der einzelnen Partnerunternehmen in der gemeinsamen Stiftung, um die F\u00f6rderung von Klima-Innovationen effizient und fokussiert weiter auszubauen\u201d.<\/p>\n<h2><strong>Mehr als doppelt so viele gef\u00f6rderte Klimaschutzprojekte als im Vorjahr\u00a0<\/strong><\/h2>\n<p>Auch\u00a0\u00fcber\u00a0350 Energieeffizienzprojekte erhalten k\u00fcnftig Unterst\u00fctzung der Klimastiftung Schweiz. Darunter finden sich neben zahlreichen Standardmassnahmen f\u00fcr eine bessere Energieeffizienz im Betrieb (Projekte wie die Umstellung auf Elektromobilit\u00e4t, die Nutzung von Abw\u00e4rme oder der Ersatz von Ger\u00e4ten) auch zw\u00f6lf Grossprojekte zur F\u00f6rderung und Aufbereitung von Biogas. Hinzu kommen\u00a0rund\u00a030 Projekte aus dem Waldpflegeprogramm, bei dem die Stiftung\u00a0die\u00a0Verj\u00fcngung \u00fcberalterter W\u00e4lder unterst\u00fctzt, um deren CO<sub>2<\/sub>-Aufnahmef\u00e4higkeit zu erhalten. Insgesamt bel\u00e4uft sich\u00a0die Zahl der gef\u00f6rderten Einzelprojekte im Jahr 2020 auf \u00fcber 400 und hat sich damit gegen\u00fcber dem Vorjahr mehr als verdoppelt.<\/p>\n<h2><strong>R\u00fcckverteilung aus CO<sub>2<\/sub>-Abgabe entfaltet gr\u00f6sstm\u00f6gliche Wirkung\u00a0<\/strong><\/h2>\n<p>M\u00f6glich wird die F\u00f6rderung durch \u00fcber 20 Schweizer und Liechtensteiner Unternehmen, die der Stiftung die ihnen zustehende R\u00fcckverteilung aus der CO2-Lenkungsabgabe spenden. Die Klimastiftung Schweiz ist offen f\u00fcr weitere Firmen, die dieses gemeinsame Engagement der Wirtschaft zum Erreichen der nationalen Klimaziele als k\u00fcnftige Partner mittragen m\u00f6chten.<\/p>\n<p><em>Quelle <a href=\"http:\/\/www.klimastiftung.ch\">Klimastiftung Schweiz<\/a><\/em><\/p>\n","protected":false},"excerpt":{"rendered":"<p>Das B\u00fcrohaus wird zum Solarkraftwerk, der Recycling-Beton wird zum CO2-Speicher, aus Abfall werden Treibstoff und Parf\u00fcm: Die Kreativit\u00e4t der Schweizer und Liechtensteiner KMU zum Schutz des Klimas haben auch im anspruchsvollen 2020 nicht nachgelassen. Die Klimastiftung Schweiz hat erneut zahlreiche F\u00f6rderantr\u00e4ge erhalten. Rund 5 Millionen Franken F\u00f6rderung f\u00fcr Klimaschutzprojekte haben Stiftungs- und Beirat im Jahr [&hellip;]<\/p>\n","protected":false},"author":4,"featured_media":7938,"comment_status":"closed","ping_status":"closed","sticky":false,"template":"","format":"standard","meta":{"_acf_changed":false,"_yoast_wpseo_focuskw":"Klimaschutzprojekte","_yoast_wpseo_metadesc":"Die Klimastiftung Schweiz hat 2020 5 Millionen Franken F\u00f6rdergelder gesprochen. Diese gehen an \u00fcber 400 Klimaschutzprojekte von KMU.","articlekey":"","footnotes":""},"categories":[1],"tags":[300,335,488,492],"class_list":["post-7937","post","type-post","status-publish","format-standard","has-post-thumbnail","hentry","category-allgemein","tag-klimaschutz","tag-management-und-unternehmensfuehrung","tag-umweltmanagement","tag-unternehmen"],"acf":[],"yoast_head":"<!-- This site is optimized with the Yoast SEO plugin v27.4 - https:\/\/yoast.com\/product\/yoast-seo-wordpress\/ -->\n<title>Klimaschutzprojekte von KMU: 2020 war ein Rekordjahr - Organisator<\/title>\n<meta name=\"description\" content=\"Die Klimastiftung Schweiz hat 2020 5 Millionen Franken F\u00f6rdergelder gesprochen. Diese gehen an \u00fcber 400 Klimaschutzprojekte von KMU.\" \/>\n<meta name=\"robots\" content=\"index, follow, max-snippet:-1, max-image-preview:large, max-video-preview:-1\" \/>\n<link rel=\"canonical\" href=\"https:\/\/www.organisator.ch\/de\/allgemein\/2021-04-21\/klimaschutzprojekte-von-kmu-2020-war-ein-rekordjahr\/\" \/>\n<meta property=\"og:locale\" content=\"de_DE\" \/>\n<meta property=\"og:type\" content=\"article\" \/>\n<meta property=\"og:title\" content=\"Klimaschutzprojekte von KMU: 2020 war ein Rekordjahr\" \/>\n<meta property=\"og:description\" content=\"Die Klimastiftung Schweiz hat 2020 5 Millionen Franken F\u00f6rdergelder gesprochen. Diese gehen an \u00fcber 400 Klimaschutzprojekte von KMU.\" \/>\n<meta property=\"og:url\" content=\"https:\/\/www.organisator.ch\/de\/allgemein\/2021-04-21\/klimaschutzprojekte-von-kmu-2020-war-ein-rekordjahr\/\" \/>\n<meta property=\"og:site_name\" content=\"Organisator\" \/>\n<meta property=\"article:publisher\" content=\"https:\/\/www.facebook.com\/OrganisatorFachmagazin\" \/>\n<meta property=\"article:published_time\" content=\"2021-04-21T09:38:03+00:00\" \/>\n<meta property=\"og:image\" content=\"https:\/\/www.organisator.ch\/wp-content\/uploads\/2021\/04\/Klimaschutzprojekte-von-KMU-2020-war-ein-Rekordjahr_Organisator.jpg\" \/>\n\t<meta property=\"og:image:width\" content=\"680\" \/>\n\t<meta property=\"og:image:height\" content=\"454\" \/>\n\t<meta property=\"og:image:type\" content=\"image\/jpeg\" \/>\n<meta name=\"author\" content=\"thomas.berner\" \/>\n<meta name=\"twitter:card\" content=\"summary_large_image\" \/>\n<meta name=\"twitter:title\" content=\"#Klimaschutzprojekte von KMU: 2020 war ein #Rekordjahr\" \/>\n<meta name=\"twitter:description\" content=\"Die #Klimastiftung Schweiz hat 2020 5 Millionen Franken #F\u00f6rdergelder gesprochen. Diese gehen an \u00fcber 400 #Klimaschutzprojekte von KMU.\" \/>\n<meta name=\"twitter:image\" content=\"https:\/\/www.organisator.ch\/wp-content\/uploads\/2021\/04\/Klimaschutzprojekte-von-KMU-2020-war-ein-Rekordjahr_Organisator.jpg\" \/>\n<script type=\"application\/ld+json\" class=\"yoast-schema-graph\">{\"@context\":\"https:\\\/\\\/schema.org\",\"@graph\":[{\"@type\":\"Article\",\"@id\":\"https:\\\/\\\/www.organisator.ch\\\/de\\\/allgemein\\\/2021-04-21\\\/klimaschutzprojekte-von-kmu-2020-war-ein-rekordjahr\\\/#article\",\"isPartOf\":{\"@id\":\"https:\\\/\\\/www.organisator.ch\\\/de\\\/allgemein\\\/2021-04-21\\\/klimaschutzprojekte-von-kmu-2020-war-ein-rekordjahr\\\/\"},\"author\":{\"name\":\"thomas.berner\",\"@id\":\"https:\\\/\\\/www.organisator.ch\\\/#\\\/schema\\\/person\\\/6f650f90b2842cd4c0cc334b4e36f67e\"},\"headline\":\"Klimaschutzprojekte von KMU: 2020 war ein Rekordjahr\",\"datePublished\":\"2021-04-21T09:38:03+00:00\",\"mainEntityOfPage\":{\"@id\":\"https:\\\/\\\/www.organisator.ch\\\/de\\\/allgemein\\\/2021-04-21\\\/klimaschutzprojekte-von-kmu-2020-war-ein-rekordjahr\\\/\"},\"wordCount\":447,\"publisher\":{\"@id\":\"https:\\\/\\\/www.organisator.ch\\\/#organization\"},\"image\":{\"@id\":\"https:\\\/\\\/www.organisator.ch\\\/de\\\/allgemein\\\/2021-04-21\\\/klimaschutzprojekte-von-kmu-2020-war-ein-rekordjahr\\\/#primaryimage\"},\"thumbnailUrl\":\"https:\\\/\\\/www.organisator.ch\\\/wp-content\\\/uploads\\\/2021\\\/04\\\/Klimaschutzprojekte-von-KMU-2020-war-ein-Rekordjahr_Organisator.jpg\",\"keywords\":[\"Klimaschutz\",\"Management und Unternehmensf\u00fchrung\",\"Umweltmanagement\",\"Unternehmen\"],\"inLanguage\":\"de\"},{\"@type\":\"WebPage\",\"@id\":\"https:\\\/\\\/www.organisator.ch\\\/de\\\/allgemein\\\/2021-04-21\\\/klimaschutzprojekte-von-kmu-2020-war-ein-rekordjahr\\\/\",\"url\":\"https:\\\/\\\/www.organisator.ch\\\/de\\\/allgemein\\\/2021-04-21\\\/klimaschutzprojekte-von-kmu-2020-war-ein-rekordjahr\\\/\",\"name\":\"Klimaschutzprojekte von KMU: 2020 war ein Rekordjahr - Organisator\",\"isPartOf\":{\"@id\":\"https:\\\/\\\/www.organisator.ch\\\/#website\"},\"primaryImageOfPage\":{\"@id\":\"https:\\\/\\\/www.organisator.ch\\\/de\\\/allgemein\\\/2021-04-21\\\/klimaschutzprojekte-von-kmu-2020-war-ein-rekordjahr\\\/#primaryimage\"},\"image\":{\"@id\":\"https:\\\/\\\/www.organisator.ch\\\/de\\\/allgemein\\\/2021-04-21\\\/klimaschutzprojekte-von-kmu-2020-war-ein-rekordjahr\\\/#primaryimage\"},\"thumbnailUrl\":\"https:\\\/\\\/www.organisator.ch\\\/wp-content\\\/uploads\\\/2021\\\/04\\\/Klimaschutzprojekte-von-KMU-2020-war-ein-Rekordjahr_Organisator.jpg\",\"datePublished\":\"2021-04-21T09:38:03+00:00\",\"description\":\"Die Klimastiftung Schweiz hat 2020 5 Millionen Franken F\u00f6rdergelder gesprochen. Diese gehen an \u00fcber 400 Klimaschutzprojekte von KMU.\",\"breadcrumb\":{\"@id\":\"https:\\\/\\\/www.organisator.ch\\\/de\\\/allgemein\\\/2021-04-21\\\/klimaschutzprojekte-von-kmu-2020-war-ein-rekordjahr\\\/#breadcrumb\"},\"inLanguage\":\"de\",\"potentialAction\":[{\"@type\":\"ReadAction\",\"target\":[\"https:\\\/\\\/www.organisator.ch\\\/de\\\/allgemein\\\/2021-04-21\\\/klimaschutzprojekte-von-kmu-2020-war-ein-rekordjahr\\\/\"]}]},{\"@type\":\"ImageObject\",\"inLanguage\":\"de\",\"@id\":\"https:\\\/\\\/www.organisator.ch\\\/de\\\/allgemein\\\/2021-04-21\\\/klimaschutzprojekte-von-kmu-2020-war-ein-rekordjahr\\\/#primaryimage\",\"url\":\"https:\\\/\\\/www.organisator.ch\\\/wp-content\\\/uploads\\\/2021\\\/04\\\/Klimaschutzprojekte-von-KMU-2020-war-ein-Rekordjahr_Organisator.jpg\",\"contentUrl\":\"https:\\\/\\\/www.organisator.ch\\\/wp-content\\\/uploads\\\/2021\\\/04\\\/Klimaschutzprojekte-von-KMU-2020-war-ein-Rekordjahr_Organisator.jpg\",\"width\":680,\"height\":454,\"caption\":\"Im Jahr 2020 hat die Klimastiftung Schweiz rekordverd\u00e4chtige 5 Millionen Franken f\u00fcr Klimaschutzprojekte in KMU ausgegeben.\"},{\"@type\":\"BreadcrumbList\",\"@id\":\"https:\\\/\\\/www.organisator.ch\\\/de\\\/allgemein\\\/2021-04-21\\\/klimaschutzprojekte-von-kmu-2020-war-ein-rekordjahr\\\/#breadcrumb\",\"itemListElement\":[{\"@type\":\"ListItem\",\"position\":1,\"name\":\"Home\",\"item\":\"https:\\\/\\\/www.organisator.ch\\\/\"},{\"@type\":\"ListItem\",\"position\":2,\"name\":\"Klimaschutzprojekte von KMU: 2020 war ein Rekordjahr\"}]},{\"@type\":\"WebSite\",\"@id\":\"https:\\\/\\\/www.organisator.ch\\\/#website\",\"url\":\"https:\\\/\\\/www.organisator.ch\\\/\",\"name\":\"Organisator\",\"description\":\"Kompetent. Praxisnah. Der ORGANISATOR bereitet in 10 Ausgaben pro Jahr die wesentlichen Themen f\u00fcr F\u00fchrungskr\u00e4fte von KMU auf.\",\"publisher\":{\"@id\":\"https:\\\/\\\/www.organisator.ch\\\/#organization\"},\"potentialAction\":[{\"@type\":\"SearchAction\",\"target\":{\"@type\":\"EntryPoint\",\"urlTemplate\":\"https:\\\/\\\/www.organisator.ch\\\/?s={search_term_string}\"},\"query-input\":{\"@type\":\"PropertyValueSpecification\",\"valueRequired\":true,\"valueName\":\"search_term_string\"}}],\"inLanguage\":\"de\"},{\"@type\":\"Organization\",\"@id\":\"https:\\\/\\\/www.organisator.ch\\\/#organization\",\"name\":\"Organisator\",\"url\":\"https:\\\/\\\/www.organisator.ch\\\/\",\"logo\":{\"@type\":\"ImageObject\",\"inLanguage\":\"de\",\"@id\":\"https:\\\/\\\/www.organisator.ch\\\/#\\\/schema\\\/logo\\\/image\\\/\",\"url\":\"https:\\\/\\\/www.organisator.ch\\\/wp-content\\\/uploads\\\/2022\\\/01\\\/Logo_Organisator_Website.png\",\"contentUrl\":\"https:\\\/\\\/www.organisator.ch\\\/wp-content\\\/uploads\\\/2022\\\/01\\\/Logo_Organisator_Website.png\",\"width\":800,\"height\":77,\"caption\":\"Organisator\"},\"image\":{\"@id\":\"https:\\\/\\\/www.organisator.ch\\\/#\\\/schema\\\/logo\\\/image\\\/\"},\"sameAs\":[\"https:\\\/\\\/www.facebook.com\\\/OrganisatorFachmagazin\",\"https:\\\/\\\/www.linkedin.com\\\/showcase\\\/organisator-das-magazin-fr-kmu\",\"https:\\\/\\\/www.xing.com\\\/news\\\/pages\\\/organisator-ch-695\",\"https:\\\/\\\/www.youtube.com\\\/channel\\\/UCGP2Sq0iWaZwT3BdIAQFYpw\"]},{\"@type\":\"Person\",\"@id\":\"https:\\\/\\\/www.organisator.ch\\\/#\\\/schema\\\/person\\\/6f650f90b2842cd4c0cc334b4e36f67e\",\"name\":\"thomas.berner\",\"image\":{\"@type\":\"ImageObject\",\"inLanguage\":\"de\",\"@id\":\"https:\\\/\\\/secure.gravatar.com\\\/avatar\\\/ac5001d2a36cb6c6cd3e50789007ffca834b477b74a2144564522e944eabff61?s=96&d=mm&r=g\",\"url\":\"https:\\\/\\\/secure.gravatar.com\\\/avatar\\\/ac5001d2a36cb6c6cd3e50789007ffca834b477b74a2144564522e944eabff61?s=96&d=mm&r=g\",\"contentUrl\":\"https:\\\/\\\/secure.gravatar.com\\\/avatar\\\/ac5001d2a36cb6c6cd3e50789007ffca834b477b74a2144564522e944eabff61?s=96&d=mm&r=g\",\"caption\":\"thomas.berner\"},\"url\":\"https:\\\/\\\/www.organisator.ch\\\/de\\\/author\\\/thomas-berner\\\/\"}]}<\/script>\n<!-- \/ Yoast SEO plugin. -->","yoast_head_json":{"title":"Klimaschutzprojekte von KMU: 2020 war ein Rekordjahr - Organisator","description":"Die Klimastiftung Schweiz hat 2020 5 Millionen Franken F\u00f6rdergelder gesprochen. Diese gehen an \u00fcber 400 Klimaschutzprojekte von KMU.","robots":{"index":"index","follow":"follow","max-snippet":"max-snippet:-1","max-image-preview":"max-image-preview:large","max-video-preview":"max-video-preview:-1"},"canonical":"https:\/\/www.organisator.ch\/de\/allgemein\/2021-04-21\/klimaschutzprojekte-von-kmu-2020-war-ein-rekordjahr\/","og_locale":"de_DE","og_type":"article","og_title":"Klimaschutzprojekte von KMU: 2020 war ein Rekordjahr","og_description":"Die Klimastiftung Schweiz hat 2020 5 Millionen Franken F\u00f6rdergelder gesprochen. Diese gehen an \u00fcber 400 Klimaschutzprojekte von KMU.","og_url":"https:\/\/www.organisator.ch\/de\/allgemein\/2021-04-21\/klimaschutzprojekte-von-kmu-2020-war-ein-rekordjahr\/","og_site_name":"Organisator","article_publisher":"https:\/\/www.facebook.com\/OrganisatorFachmagazin","article_published_time":"2021-04-21T09:38:03+00:00","og_image":[{"width":680,"height":454,"url":"https:\/\/www.organisator.ch\/wp-content\/uploads\/2021\/04\/Klimaschutzprojekte-von-KMU-2020-war-ein-Rekordjahr_Organisator.jpg","type":"image\/jpeg"}],"author":"thomas.berner","twitter_card":"summary_large_image","twitter_title":"#Klimaschutzprojekte von KMU: 2020 war ein #Rekordjahr","twitter_description":"Die #Klimastiftung Schweiz hat 2020 5 Millionen Franken #F\u00f6rdergelder gesprochen. Diese gehen an \u00fcber 400 #Klimaschutzprojekte von KMU.","twitter_image":"https:\/\/www.organisator.ch\/wp-content\/uploads\/2021\/04\/Klimaschutzprojekte-von-KMU-2020-war-ein-Rekordjahr_Organisator.jpg","schema":{"@context":"https:\/\/schema.org","@graph":[{"@type":"Article","@id":"https:\/\/www.organisator.ch\/de\/allgemein\/2021-04-21\/klimaschutzprojekte-von-kmu-2020-war-ein-rekordjahr\/#article","isPartOf":{"@id":"https:\/\/www.organisator.ch\/de\/allgemein\/2021-04-21\/klimaschutzprojekte-von-kmu-2020-war-ein-rekordjahr\/"},"author":{"name":"thomas.berner","@id":"https:\/\/www.organisator.ch\/#\/schema\/person\/6f650f90b2842cd4c0cc334b4e36f67e"},"headline":"Klimaschutzprojekte von KMU: 2020 war ein Rekordjahr","datePublished":"2021-04-21T09:38:03+00:00","mainEntityOfPage":{"@id":"https:\/\/www.organisator.ch\/de\/allgemein\/2021-04-21\/klimaschutzprojekte-von-kmu-2020-war-ein-rekordjahr\/"},"wordCount":447,"publisher":{"@id":"https:\/\/www.organisator.ch\/#organization"},"image":{"@id":"https:\/\/www.organisator.ch\/de\/allgemein\/2021-04-21\/klimaschutzprojekte-von-kmu-2020-war-ein-rekordjahr\/#primaryimage"},"thumbnailUrl":"https:\/\/www.organisator.ch\/wp-content\/uploads\/2021\/04\/Klimaschutzprojekte-von-KMU-2020-war-ein-Rekordjahr_Organisator.jpg","keywords":["Klimaschutz","Management und Unternehmensf\u00fchrung","Umweltmanagement","Unternehmen"],"inLanguage":"de"},{"@type":"WebPage","@id":"https:\/\/www.organisator.ch\/de\/allgemein\/2021-04-21\/klimaschutzprojekte-von-kmu-2020-war-ein-rekordjahr\/","url":"https:\/\/www.organisator.ch\/de\/allgemein\/2021-04-21\/klimaschutzprojekte-von-kmu-2020-war-ein-rekordjahr\/","name":"Klimaschutzprojekte von KMU: 2020 war ein Rekordjahr - Organisator","isPartOf":{"@id":"https:\/\/www.organisator.ch\/#website"},"primaryImageOfPage":{"@id":"https:\/\/www.organisator.ch\/de\/allgemein\/2021-04-21\/klimaschutzprojekte-von-kmu-2020-war-ein-rekordjahr\/#primaryimage"},"image":{"@id":"https:\/\/www.organisator.ch\/de\/allgemein\/2021-04-21\/klimaschutzprojekte-von-kmu-2020-war-ein-rekordjahr\/#primaryimage"},"thumbnailUrl":"https:\/\/www.organisator.ch\/wp-content\/uploads\/2021\/04\/Klimaschutzprojekte-von-KMU-2020-war-ein-Rekordjahr_Organisator.jpg","datePublished":"2021-04-21T09:38:03+00:00","description":"Die Klimastiftung Schweiz hat 2020 5 Millionen Franken F\u00f6rdergelder gesprochen. Diese gehen an \u00fcber 400 Klimaschutzprojekte von KMU.","breadcrumb":{"@id":"https:\/\/www.organisator.ch\/de\/allgemein\/2021-04-21\/klimaschutzprojekte-von-kmu-2020-war-ein-rekordjahr\/#breadcrumb"},"inLanguage":"de","potentialAction":[{"@type":"ReadAction","target":["https:\/\/www.organisator.ch\/de\/allgemein\/2021-04-21\/klimaschutzprojekte-von-kmu-2020-war-ein-rekordjahr\/"]}]},{"@type":"ImageObject","inLanguage":"de","@id":"https:\/\/www.organisator.ch\/de\/allgemein\/2021-04-21\/klimaschutzprojekte-von-kmu-2020-war-ein-rekordjahr\/#primaryimage","url":"https:\/\/www.organisator.ch\/wp-content\/uploads\/2021\/04\/Klimaschutzprojekte-von-KMU-2020-war-ein-Rekordjahr_Organisator.jpg","contentUrl":"https:\/\/www.organisator.ch\/wp-content\/uploads\/2021\/04\/Klimaschutzprojekte-von-KMU-2020-war-ein-Rekordjahr_Organisator.jpg","width":680,"height":454,"caption":"Im Jahr 2020 hat die Klimastiftung Schweiz rekordverd\u00e4chtige 5 Millionen Franken f\u00fcr Klimaschutzprojekte in KMU ausgegeben."},{"@type":"BreadcrumbList","@id":"https:\/\/www.organisator.ch\/de\/allgemein\/2021-04-21\/klimaschutzprojekte-von-kmu-2020-war-ein-rekordjahr\/#breadcrumb","itemListElement":[{"@type":"ListItem","position":1,"name":"Home","item":"https:\/\/www.organisator.ch\/"},{"@type":"ListItem","position":2,"name":"Klimaschutzprojekte von KMU: 2020 war ein Rekordjahr"}]},{"@type":"WebSite","@id":"https:\/\/www.organisator.ch\/#website","url":"https:\/\/www.organisator.ch\/","name":"Organisator","description":"Kompetent. Praxisnah. Der ORGANISATOR bereitet in 10 Ausgaben pro Jahr die wesentlichen Themen f\u00fcr F\u00fchrungskr\u00e4fte von KMU auf.","publisher":{"@id":"https:\/\/www.organisator.ch\/#organization"},"potentialAction":[{"@type":"SearchAction","target":{"@type":"EntryPoint","urlTemplate":"https:\/\/www.organisator.ch\/?s={search_term_string}"},"query-input":{"@type":"PropertyValueSpecification","valueRequired":true,"valueName":"search_term_string"}}],"inLanguage":"de"},{"@type":"Organization","@id":"https:\/\/www.organisator.ch\/#organization","name":"Organisator","url":"https:\/\/www.organisator.ch\/","logo":{"@type":"ImageObject","inLanguage":"de","@id":"https:\/\/www.organisator.ch\/#\/schema\/logo\/image\/","url":"https:\/\/www.organisator.ch\/wp-content\/uploads\/2022\/01\/Logo_Organisator_Website.png","contentUrl":"https:\/\/www.organisator.ch\/wp-content\/uploads\/2022\/01\/Logo_Organisator_Website.png","width":800,"height":77,"caption":"Organisator"},"image":{"@id":"https:\/\/www.organisator.ch\/#\/schema\/logo\/image\/"},"sameAs":["https:\/\/www.facebook.com\/OrganisatorFachmagazin","https:\/\/www.linkedin.com\/showcase\/organisator-das-magazin-fr-kmu","https:\/\/www.xing.com\/news\/pages\/organisator-ch-695","https:\/\/www.youtube.com\/channel\/UCGP2Sq0iWaZwT3BdIAQFYpw"]},{"@type":"Person","@id":"https:\/\/www.organisator.ch\/#\/schema\/person\/6f650f90b2842cd4c0cc334b4e36f67e","name":"thomas.berner","image":{"@type":"ImageObject","inLanguage":"de","@id":"https:\/\/secure.gravatar.com\/avatar\/ac5001d2a36cb6c6cd3e50789007ffca834b477b74a2144564522e944eabff61?s=96&d=mm&r=g","url":"https:\/\/secure.gravatar.com\/avatar\/ac5001d2a36cb6c6cd3e50789007ffca834b477b74a2144564522e944eabff61?s=96&d=mm&r=g","contentUrl":"https:\/\/secure.gravatar.com\/avatar\/ac5001d2a36cb6c6cd3e50789007ffca834b477b74a2144564522e944eabff61?s=96&d=mm&r=g","caption":"thomas.berner"},"url":"https:\/\/www.organisator.ch\/de\/author\/thomas-berner\/"}]}},"_links":{"self":[{"href":"https:\/\/www.organisator.ch\/de\/wp-json\/wp\/v2\/posts\/7937","targetHints":{"allow":["GET"]}}],"collection":[{"href":"https:\/\/www.organisator.ch\/de\/wp-json\/wp\/v2\/posts"}],"about":[{"href":"https:\/\/www.organisator.ch\/de\/wp-json\/wp\/v2\/types\/post"}],"author":[{"embeddable":true,"href":"https:\/\/www.organisator.ch\/de\/wp-json\/wp\/v2\/users\/4"}],"replies":[{"embeddable":true,"href":"https:\/\/www.organisator.ch\/de\/wp-json\/wp\/v2\/comments?post=7937"}],"version-history":[{"count":0,"href":"https:\/\/www.organisator.ch\/de\/wp-json\/wp\/v2\/posts\/7937\/revisions"}],"wp:featuredmedia":[{"embeddable":true,"href":"https:\/\/www.organisator.ch\/de\/wp-json\/wp\/v2\/media\/7938"}],"wp:attachment":[{"href":"https:\/\/www.organisator.ch\/de\/wp-json\/wp\/v2\/media?parent=7937"}],"wp:term":[{"taxonomy":"category","embeddable":true,"href":"https:\/\/www.organisator.ch\/de\/wp-json\/wp\/v2\/categories?post=7937"},{"taxonomy":"post_tag","embeddable":true,"href":"https:\/\/www.organisator.ch\/de\/wp-json\/wp\/v2\/tags?post=7937"}],"curies":[{"name":"wp","href":"https:\/\/api.w.org\/{rel}","templated":true}]}}