{"id":7941,"date":"2021-04-22T10:47:10","date_gmt":"2021-04-22T08:47:10","guid":{"rendered":"https:\/\/www.organisator.ch\/?p=7941"},"modified":"2021-04-22T10:47:10","modified_gmt":"2021-04-22T08:47:10","slug":"hunn-gartenmoebel-ag-mit-neuem-mitinhaber","status":"publish","type":"post","link":"https:\/\/www.organisator.ch\/de\/management\/2021-04-22\/hunn-gartenmoebel-ag-mit-neuem-mitinhaber\/","title":{"rendered":"Hunn Gartenm\u00f6bel AG mit neuem Mitinhaber"},"content":{"rendered":"<figure id=\"attachment_7942\" aria-describedby=\"caption-attachment-7942\" style=\"width: 680px\" class=\"wp-caption alignnone\"><img loading=\"lazy\" decoding=\"async\" class=\"size-medium wp-image-7942\" src=\"https:\/\/www.organisator.ch\/wp-content\/uploads\/2021\/04\/Hunn-Gartenmoebel-AG-mit-neuem-Mitinhaber_Organisator.jpg\" alt=\"\" width=\"680\" height=\"510\" srcset=\"https:\/\/www.organisator.ch\/wp-content\/uploads\/2021\/04\/Hunn-Gartenmoebel-AG-mit-neuem-Mitinhaber_Organisator.jpg 680w, https:\/\/www.organisator.ch\/wp-content\/uploads\/2021\/04\/Hunn-Gartenmoebel-AG-mit-neuem-Mitinhaber_Organisator-16x12.jpg 16w, https:\/\/www.organisator.ch\/wp-content\/uploads\/2021\/04\/Hunn-Gartenmoebel-AG-mit-neuem-Mitinhaber_Organisator-233x175.jpg 233w, https:\/\/www.organisator.ch\/wp-content\/uploads\/2021\/04\/Hunn-Gartenmoebel-AG-mit-neuem-Mitinhaber_Organisator-467x350.jpg 467w, https:\/\/www.organisator.ch\/wp-content\/uploads\/2021\/04\/Hunn-Gartenmoebel-AG-mit-neuem-Mitinhaber_Organisator-300x225.jpg 300w\" sizes=\"auto, (max-width: 680px) 100vw, 680px\" \/><figcaption id=\"caption-attachment-7942\" class=\"wp-caption-text\">Die Inhaberschaft von Hunn Gartenm\u00f6bel AG wurde um Jean-Pierre Iacopetta (ganz rechts) erweitert. (Bild: zVg)<\/figcaption><\/figure>\n<p>Die Nachfolgeregelung besch\u00e4ftigt Hunn seit vielen Jahren. Die Firma und die Marke Hunn Gartenm\u00f6bel wurden vom Ehepaar B\u00e4nninger w\u00e4hrend 33 Jahren mit viel Herzblut aufgebaut und besch\u00e4ftigt heute knapp 100 Mitarbeitende. Das Unternehmen bietet die gr\u00f6sste Gartenm\u00f6bel-Auswahl der Schweiz und ist nach eigener Darstellung Marktf\u00fchrer in der Branche. Wie Hunn weiter berichtet, habe man sich bei der Suche eines geeigneten K\u00e4ufers und Nachfolgers sich viel Zeit gelassen. \u00abWir suchten einen Nachfolger, welcher die Grundwerte und Firmenphilosophie von Hunn versteht und weiterlebt. Der Verkauf an einen Grossinvestor oder eine ausl\u00e4ndische Firma kam f\u00fcr uns nie in Frage\u00bb, erkl\u00e4rt J\u00fcrg B\u00e4nninger. Mit Jean-Pierre Iacopetta fanden die B\u00e4nningers nun einen neuen Mitinhaber, welcher die Firma im gleichen Sinne langfristig weiterf\u00fchrt und jeder einzelne Mitarbeitende im Unternehmen sch\u00e4tzt, wie es heisst.<\/p>\n<h2><strong>Warum Hunn Gartenm\u00f6bel?<\/strong><\/h2>\n<p>Jean-Pierre Iacopetta begeisterte sich von Anfang an f\u00fcr Hunn Gartenm\u00f6bel, weil sich Hunn auf den Kunden und das Produkt fokussiere und schaue, was wirklich zum Kunden passt. Hunn sei mit ihrem Engagement, ihrem Expertenwissen und den hohen Qualit\u00e4tsanspr\u00fcchen an Produkt und Service ein vorbildlicher Betrieb, erl\u00e4utert der neue Mitinhaber seine Motivation weiter. Der Umgang unter den Mitarbeitenden und Inhabern erlebe er sehr wertsch\u00e4tzend und kollegial. Weiter sei Hunn in den vergangenen 33 Jahren zum Marktf\u00fchrer herangewachsen, profitiere von einem hohen Bekanntheitsgrad, langj\u00e4hrigen Mitarbeitenden und einem sehr soliden und nachhaltigen Firmenaufbau.<\/p>\n<h2><strong>Wer ist Jean-Pierre Iacopetta?<\/strong><\/h2>\n<p>Jean-Pierre Iacopetta ist geb\u00fcrtiger Belgier und absolvierte sein Masterstudium in Ingenieurwissenschaften, Fachrichtung Business &amp; Administration, an der Solvay Business School in Br\u00fcssel. Er arbeitete vier Jahre als Senior Portfolio Manager bei der Bank BNP Paribas Fortis SA in Br\u00fcssel. Danach wechselte er zur Compagnie Nationale \u00e0 Portefeuille SA, der gr\u00f6ssten in Familienbesitz befindenden Investmentgruppe in Belgien, wo er als Senior Investment Manager Erfahrungen mit Firmeninvestitionen und \u00dcbernahmen von Familienunternehmen sammelte. Anschliessend zog er in die Schweiz um und arbeitete im Kanton Zug zuerst im \u00d6lhandel und sp\u00e4ter als Vorsitzender und Gesch\u00e4ftsf\u00fchrer von zwei weiteren Unternehmen. Seit Anfang 2017 ist er Vorstandsvorsitzender und Mitinhaber der GKM Gewerbek\u00fchlm\u00f6bel AG in Sarnen OW, einer der schweizweit f\u00fchrenden Zulieferer im Bereich der K\u00e4ltetechnik f\u00fcr die Gastronomie und die K\u00fchl- und Tiefk\u00fchlindustrie sowie der Tempco AG, welche sich auf die Vermietung von professionellen K\u00fchlm\u00f6beln spezialisiert. Die Firmen besch\u00e4ftigen zusammen aktuell ca. 45 Mitarbeitende.<\/p>\n<p>Jean-Pierre Iacopetta wuchs in einer Unternehmerfamilie in Belgien auf. Er ist verheiratet und Vater von vier Kindern \u2013 zweimal Zwillingsm\u00e4dchen.<\/p>\n<h2><strong>Wie geht es weiter?<\/strong><\/h2>\n<p>Die Hunn Gartenm\u00f6bel AG bleibt mit ihrem Firmennamen und in ihrer Gesch\u00e4ftsform wie bis anhin bestehen und bleibt auch k\u00fcnftig ein eigenst\u00e4ndiger, schweizerischer Familienbetrieb. Das Wohl der Mitarbeitenden ist allen Mitinhabern enorm wichtig. Nur mit zufriedenem und motiviertem Personal ist der Erfolg der Firma garantiert, weshalb die komplette Belegschaft weiterbesch\u00e4ftigt wird. \u00abDas Hunn-Team ist eine grosse Familie, weshalb uns jeder einzelne Mitarbeitende am Herzen liegt\u00bb, sagt dazu Barbara B\u00e4nninger<\/p>\n<p>Die Hunn Gartenm\u00f6bel AG konzentriert sich weiterhin auf ihr\u00a0Kerngesch\u00e4ft, den Verkauf von hochwertigen Gartenm\u00f6beln an Privat- und Gesch\u00e4ftskunden, und setzt alles daran Marktf\u00fchrer im Gartenm\u00f6bel-Fachhandel zu bleiben. Zusammen mit Jean-Pierre Iacopetta schreitet Hunn den Erfolgskurs weiter voran und m\u00f6chte sich fortlaufend verbessern und wachsen.<\/p>\n<p>Die Nachfolgeregelung der Firma Hunn Gartenm\u00f6bel AG bezeichnet einen weiteren Meilenstein in der Firmengeschichte. Der Verwaltungsrat schaut sehr positiv und mit viel Freude in die Zukunft und ist \u00fcberzeugt, dass sich Hunn auch in den n\u00e4chsten Jahren erfolgreich am Markt behauptet und sich von den Mitbewerbern abhebt.<\/p>\n<p><a href=\"http:\/\/www.hunn.ch\"><em>Quelle und weitere Informationen<\/em><\/a><\/p>\n","protected":false},"excerpt":{"rendered":"<p>Die Nachfolgeregelung besch\u00e4ftigt Hunn seit vielen Jahren. Die Firma und die Marke Hunn Gartenm\u00f6bel wurden vom Ehepaar B\u00e4nninger w\u00e4hrend 33 Jahren mit viel Herzblut aufgebaut und besch\u00e4ftigt heute knapp 100 Mitarbeitende. Das Unternehmen bietet die gr\u00f6sste Gartenm\u00f6bel-Auswahl der Schweiz und ist nach eigener Darstellung Marktf\u00fchrer in der Branche. Wie Hunn weiter berichtet, habe man sich [&hellip;]<\/p>\n","protected":false},"author":4,"featured_media":7942,"comment_status":"closed","ping_status":"closed","sticky":false,"template":"","format":"standard","meta":{"_acf_changed":false,"_yoast_wpseo_focuskw":"Hunn Gartenm\u00f6bel","_yoast_wpseo_metadesc":"Seit 1. April 2021 hat die Hunn Gartenm\u00f6bel AG mit Jean-Pierre Iacopetta einen neuen Mitinhaber und Hauptaktion\u00e4r und stellt die Weichen f\u00fcr die Nachfolge.","articlekey":"","footnotes":""},"categories":[28],"tags":[207,335,492],"class_list":["post-7941","post","type-post","status-publish","format-standard","has-post-thumbnail","hentry","category-management","tag-firmennachfolge","tag-management-und-unternehmensfuehrung","tag-unternehmen"],"acf":[],"yoast_head":"<!-- This site is optimized with the Yoast SEO plugin v27.5 - https:\/\/yoast.com\/product\/yoast-seo-wordpress\/ -->\n<title>Hunn Gartenm\u00f6bel AG mit neuem Mitinhaber - Organisator<\/title>\n<meta name=\"description\" content=\"Seit 1. April 2021 hat die Hunn Gartenm\u00f6bel AG mit Jean-Pierre Iacopetta einen neuen Mitinhaber und Hauptaktion\u00e4r und stellt die Weichen f\u00fcr die Nachfolge.\" \/>\n<meta name=\"robots\" content=\"index, follow, max-snippet:-1, max-image-preview:large, max-video-preview:-1\" \/>\n<link rel=\"canonical\" href=\"https:\/\/www.organisator.ch\/de\/management\/2021-04-22\/hunn-gartenmoebel-ag-mit-neuem-mitinhaber\/\" \/>\n<meta property=\"og:locale\" content=\"de_DE\" \/>\n<meta property=\"og:type\" content=\"article\" \/>\n<meta property=\"og:title\" content=\"Hunn Gartenm\u00f6bel AG mit neuem Mitinhaber\" \/>\n<meta property=\"og:description\" content=\"Seit 1. April 2021 hat die Hunn Gartenm\u00f6bel AG mit Jean-Pierre Iacopetta einen neuen Mitinhaber und Hauptaktion\u00e4r und stellt die Weichen f\u00fcr die Nachfolge.\" \/>\n<meta property=\"og:url\" content=\"https:\/\/www.organisator.ch\/de\/management\/2021-04-22\/hunn-gartenmoebel-ag-mit-neuem-mitinhaber\/\" \/>\n<meta property=\"og:site_name\" content=\"Organisator\" \/>\n<meta property=\"article:publisher\" content=\"https:\/\/www.facebook.com\/OrganisatorFachmagazin\" \/>\n<meta property=\"article:published_time\" content=\"2021-04-22T08:47:10+00:00\" \/>\n<meta property=\"og:image\" content=\"https:\/\/www.organisator.ch\/wp-content\/uploads\/2021\/04\/Hunn-Gartenmoebel-AG-mit-neuem-Mitinhaber_Organisator.jpg\" \/>\n\t<meta property=\"og:image:width\" content=\"680\" \/>\n\t<meta property=\"og:image:height\" content=\"510\" \/>\n\t<meta property=\"og:image:type\" content=\"image\/jpeg\" \/>\n<meta name=\"author\" content=\"thomas.berner\" \/>\n<meta name=\"twitter:card\" content=\"summary_large_image\" \/>\n<meta name=\"twitter:title\" content=\"#Hunn #Gartenm\u00f6bel AG mit neuem Mitinhaber\" \/>\n<meta name=\"twitter:description\" content=\"Seit 1. April 2021 hat die #Hunn Gartenm\u00f6bel AG mit Jean-Pierre #Iacopetta einen neuen #Mitinhaber und Hauptaktion\u00e4r und stellt die Weichen f\u00fcr die #Nachfolge.\" \/>\n<meta name=\"twitter:image\" content=\"https:\/\/www.organisator.ch\/wp-content\/uploads\/2021\/04\/Hunn-Gartenmoebel-AG-mit-neuem-Mitinhaber_Organisator.jpg\" \/>\n<script type=\"application\/ld+json\" class=\"yoast-schema-graph\">{\"@context\":\"https:\\\/\\\/schema.org\",\"@graph\":[{\"@type\":\"Article\",\"@id\":\"https:\\\/\\\/www.organisator.ch\\\/management\\\/2021-04-22\\\/hunn-gartenmoebel-ag-mit-neuem-mitinhaber\\\/#article\",\"isPartOf\":{\"@id\":\"https:\\\/\\\/www.organisator.ch\\\/management\\\/2021-04-22\\\/hunn-gartenmoebel-ag-mit-neuem-mitinhaber\\\/\"},\"author\":{\"name\":\"thomas.berner\",\"@id\":\"https:\\\/\\\/www.organisator.ch\\\/#\\\/schema\\\/person\\\/6f650f90b2842cd4c0cc334b4e36f67e\"},\"headline\":\"Hunn Gartenm\u00f6bel AG mit neuem Mitinhaber\",\"datePublished\":\"2021-04-22T08:47:10+00:00\",\"mainEntityOfPage\":{\"@id\":\"https:\\\/\\\/www.organisator.ch\\\/management\\\/2021-04-22\\\/hunn-gartenmoebel-ag-mit-neuem-mitinhaber\\\/\"},\"wordCount\":643,\"publisher\":{\"@id\":\"https:\\\/\\\/www.organisator.ch\\\/#organization\"},\"image\":{\"@id\":\"https:\\\/\\\/www.organisator.ch\\\/management\\\/2021-04-22\\\/hunn-gartenmoebel-ag-mit-neuem-mitinhaber\\\/#primaryimage\"},\"thumbnailUrl\":\"https:\\\/\\\/www.organisator.ch\\\/wp-content\\\/uploads\\\/2021\\\/04\\\/Hunn-Gartenmoebel-AG-mit-neuem-Mitinhaber_Organisator.jpg\",\"keywords\":[\"Firmennachfolge\",\"Management und Unternehmensf\u00fchrung\",\"Unternehmen\"],\"articleSection\":[\"MANAGEMENT\"],\"inLanguage\":\"de\"},{\"@type\":\"WebPage\",\"@id\":\"https:\\\/\\\/www.organisator.ch\\\/management\\\/2021-04-22\\\/hunn-gartenmoebel-ag-mit-neuem-mitinhaber\\\/\",\"url\":\"https:\\\/\\\/www.organisator.ch\\\/management\\\/2021-04-22\\\/hunn-gartenmoebel-ag-mit-neuem-mitinhaber\\\/\",\"name\":\"Hunn Gartenm\u00f6bel AG mit neuem Mitinhaber - Organisator\",\"isPartOf\":{\"@id\":\"https:\\\/\\\/www.organisator.ch\\\/#website\"},\"primaryImageOfPage\":{\"@id\":\"https:\\\/\\\/www.organisator.ch\\\/management\\\/2021-04-22\\\/hunn-gartenmoebel-ag-mit-neuem-mitinhaber\\\/#primaryimage\"},\"image\":{\"@id\":\"https:\\\/\\\/www.organisator.ch\\\/management\\\/2021-04-22\\\/hunn-gartenmoebel-ag-mit-neuem-mitinhaber\\\/#primaryimage\"},\"thumbnailUrl\":\"https:\\\/\\\/www.organisator.ch\\\/wp-content\\\/uploads\\\/2021\\\/04\\\/Hunn-Gartenmoebel-AG-mit-neuem-Mitinhaber_Organisator.jpg\",\"datePublished\":\"2021-04-22T08:47:10+00:00\",\"description\":\"Seit 1. April 2021 hat die Hunn Gartenm\u00f6bel AG mit Jean-Pierre Iacopetta einen neuen Mitinhaber und Hauptaktion\u00e4r und stellt die Weichen f\u00fcr die Nachfolge.\",\"breadcrumb\":{\"@id\":\"https:\\\/\\\/www.organisator.ch\\\/management\\\/2021-04-22\\\/hunn-gartenmoebel-ag-mit-neuem-mitinhaber\\\/#breadcrumb\"},\"inLanguage\":\"de\",\"potentialAction\":[{\"@type\":\"ReadAction\",\"target\":[\"https:\\\/\\\/www.organisator.ch\\\/management\\\/2021-04-22\\\/hunn-gartenmoebel-ag-mit-neuem-mitinhaber\\\/\"]}]},{\"@type\":\"ImageObject\",\"inLanguage\":\"de\",\"@id\":\"https:\\\/\\\/www.organisator.ch\\\/management\\\/2021-04-22\\\/hunn-gartenmoebel-ag-mit-neuem-mitinhaber\\\/#primaryimage\",\"url\":\"https:\\\/\\\/www.organisator.ch\\\/wp-content\\\/uploads\\\/2021\\\/04\\\/Hunn-Gartenmoebel-AG-mit-neuem-Mitinhaber_Organisator.jpg\",\"contentUrl\":\"https:\\\/\\\/www.organisator.ch\\\/wp-content\\\/uploads\\\/2021\\\/04\\\/Hunn-Gartenmoebel-AG-mit-neuem-Mitinhaber_Organisator.jpg\",\"width\":680,\"height\":510,\"caption\":\"Die Inhaberschaft von Hunn Gartenm\u00f6bel AG wurde um Jean-Pierre Iacopetta (ganz rechts) erweitert. (Bild: zVg)\"},{\"@type\":\"BreadcrumbList\",\"@id\":\"https:\\\/\\\/www.organisator.ch\\\/management\\\/2021-04-22\\\/hunn-gartenmoebel-ag-mit-neuem-mitinhaber\\\/#breadcrumb\",\"itemListElement\":[{\"@type\":\"ListItem\",\"position\":1,\"name\":\"Home\",\"item\":\"https:\\\/\\\/www.organisator.ch\\\/\"},{\"@type\":\"ListItem\",\"position\":2,\"name\":\"Hunn Gartenm\u00f6bel AG mit neuem Mitinhaber\"}]},{\"@type\":\"WebSite\",\"@id\":\"https:\\\/\\\/www.organisator.ch\\\/#website\",\"url\":\"https:\\\/\\\/www.organisator.ch\\\/\",\"name\":\"Organisator\",\"description\":\"Kompetent. Praxisnah. Der ORGANISATOR bereitet in 10 Ausgaben pro Jahr die wesentlichen Themen f\u00fcr F\u00fchrungskr\u00e4fte von KMU auf.\",\"publisher\":{\"@id\":\"https:\\\/\\\/www.organisator.ch\\\/#organization\"},\"potentialAction\":[{\"@type\":\"SearchAction\",\"target\":{\"@type\":\"EntryPoint\",\"urlTemplate\":\"https:\\\/\\\/www.organisator.ch\\\/?s={search_term_string}\"},\"query-input\":{\"@type\":\"PropertyValueSpecification\",\"valueRequired\":true,\"valueName\":\"search_term_string\"}}],\"inLanguage\":\"de\"},{\"@type\":\"Organization\",\"@id\":\"https:\\\/\\\/www.organisator.ch\\\/#organization\",\"name\":\"Organisator\",\"url\":\"https:\\\/\\\/www.organisator.ch\\\/\",\"logo\":{\"@type\":\"ImageObject\",\"inLanguage\":\"de\",\"@id\":\"https:\\\/\\\/www.organisator.ch\\\/#\\\/schema\\\/logo\\\/image\\\/\",\"url\":\"https:\\\/\\\/www.organisator.ch\\\/wp-content\\\/uploads\\\/2022\\\/01\\\/Logo_Organisator_Website.png\",\"contentUrl\":\"https:\\\/\\\/www.organisator.ch\\\/wp-content\\\/uploads\\\/2022\\\/01\\\/Logo_Organisator_Website.png\",\"width\":800,\"height\":77,\"caption\":\"Organisator\"},\"image\":{\"@id\":\"https:\\\/\\\/www.organisator.ch\\\/#\\\/schema\\\/logo\\\/image\\\/\"},\"sameAs\":[\"https:\\\/\\\/www.facebook.com\\\/OrganisatorFachmagazin\",\"https:\\\/\\\/www.linkedin.com\\\/showcase\\\/organisator-das-magazin-fr-kmu\",\"https:\\\/\\\/www.xing.com\\\/news\\\/pages\\\/organisator-ch-695\",\"https:\\\/\\\/www.youtube.com\\\/channel\\\/UCGP2Sq0iWaZwT3BdIAQFYpw\"]},{\"@type\":\"Person\",\"@id\":\"https:\\\/\\\/www.organisator.ch\\\/#\\\/schema\\\/person\\\/6f650f90b2842cd4c0cc334b4e36f67e\",\"name\":\"thomas.berner\",\"image\":{\"@type\":\"ImageObject\",\"inLanguage\":\"de\",\"@id\":\"https:\\\/\\\/secure.gravatar.com\\\/avatar\\\/ac5001d2a36cb6c6cd3e50789007ffca834b477b74a2144564522e944eabff61?s=96&d=mm&r=g\",\"url\":\"https:\\\/\\\/secure.gravatar.com\\\/avatar\\\/ac5001d2a36cb6c6cd3e50789007ffca834b477b74a2144564522e944eabff61?s=96&d=mm&r=g\",\"contentUrl\":\"https:\\\/\\\/secure.gravatar.com\\\/avatar\\\/ac5001d2a36cb6c6cd3e50789007ffca834b477b74a2144564522e944eabff61?s=96&d=mm&r=g\",\"caption\":\"thomas.berner\"},\"url\":\"https:\\\/\\\/www.organisator.ch\\\/de\\\/author\\\/thomas-berner\\\/\"}]}<\/script>\n<!-- \/ Yoast SEO plugin. -->","yoast_head_json":{"title":"Hunn Gartenm\u00f6bel AG mit neuem Mitinhaber - Organisator","description":"Seit 1. April 2021 hat die Hunn Gartenm\u00f6bel AG mit Jean-Pierre Iacopetta einen neuen Mitinhaber und Hauptaktion\u00e4r und stellt die Weichen f\u00fcr die Nachfolge.","robots":{"index":"index","follow":"follow","max-snippet":"max-snippet:-1","max-image-preview":"max-image-preview:large","max-video-preview":"max-video-preview:-1"},"canonical":"https:\/\/www.organisator.ch\/de\/management\/2021-04-22\/hunn-gartenmoebel-ag-mit-neuem-mitinhaber\/","og_locale":"de_DE","og_type":"article","og_title":"Hunn Gartenm\u00f6bel AG mit neuem Mitinhaber","og_description":"Seit 1. April 2021 hat die Hunn Gartenm\u00f6bel AG mit Jean-Pierre Iacopetta einen neuen Mitinhaber und Hauptaktion\u00e4r und stellt die Weichen f\u00fcr die Nachfolge.","og_url":"https:\/\/www.organisator.ch\/de\/management\/2021-04-22\/hunn-gartenmoebel-ag-mit-neuem-mitinhaber\/","og_site_name":"Organisator","article_publisher":"https:\/\/www.facebook.com\/OrganisatorFachmagazin","article_published_time":"2021-04-22T08:47:10+00:00","og_image":[{"width":680,"height":510,"url":"https:\/\/www.organisator.ch\/wp-content\/uploads\/2021\/04\/Hunn-Gartenmoebel-AG-mit-neuem-Mitinhaber_Organisator.jpg","type":"image\/jpeg"}],"author":"thomas.berner","twitter_card":"summary_large_image","twitter_title":"#Hunn #Gartenm\u00f6bel AG mit neuem Mitinhaber","twitter_description":"Seit 1. April 2021 hat die #Hunn Gartenm\u00f6bel AG mit Jean-Pierre #Iacopetta einen neuen #Mitinhaber und Hauptaktion\u00e4r und stellt die Weichen f\u00fcr die #Nachfolge.","twitter_image":"https:\/\/www.organisator.ch\/wp-content\/uploads\/2021\/04\/Hunn-Gartenmoebel-AG-mit-neuem-Mitinhaber_Organisator.jpg","schema":{"@context":"https:\/\/schema.org","@graph":[{"@type":"Article","@id":"https:\/\/www.organisator.ch\/management\/2021-04-22\/hunn-gartenmoebel-ag-mit-neuem-mitinhaber\/#article","isPartOf":{"@id":"https:\/\/www.organisator.ch\/management\/2021-04-22\/hunn-gartenmoebel-ag-mit-neuem-mitinhaber\/"},"author":{"name":"thomas.berner","@id":"https:\/\/www.organisator.ch\/#\/schema\/person\/6f650f90b2842cd4c0cc334b4e36f67e"},"headline":"Hunn Gartenm\u00f6bel AG mit neuem Mitinhaber","datePublished":"2021-04-22T08:47:10+00:00","mainEntityOfPage":{"@id":"https:\/\/www.organisator.ch\/management\/2021-04-22\/hunn-gartenmoebel-ag-mit-neuem-mitinhaber\/"},"wordCount":643,"publisher":{"@id":"https:\/\/www.organisator.ch\/#organization"},"image":{"@id":"https:\/\/www.organisator.ch\/management\/2021-04-22\/hunn-gartenmoebel-ag-mit-neuem-mitinhaber\/#primaryimage"},"thumbnailUrl":"https:\/\/www.organisator.ch\/wp-content\/uploads\/2021\/04\/Hunn-Gartenmoebel-AG-mit-neuem-Mitinhaber_Organisator.jpg","keywords":["Firmennachfolge","Management und Unternehmensf\u00fchrung","Unternehmen"],"articleSection":["MANAGEMENT"],"inLanguage":"de"},{"@type":"WebPage","@id":"https:\/\/www.organisator.ch\/management\/2021-04-22\/hunn-gartenmoebel-ag-mit-neuem-mitinhaber\/","url":"https:\/\/www.organisator.ch\/management\/2021-04-22\/hunn-gartenmoebel-ag-mit-neuem-mitinhaber\/","name":"Hunn Gartenm\u00f6bel AG mit neuem Mitinhaber - Organisator","isPartOf":{"@id":"https:\/\/www.organisator.ch\/#website"},"primaryImageOfPage":{"@id":"https:\/\/www.organisator.ch\/management\/2021-04-22\/hunn-gartenmoebel-ag-mit-neuem-mitinhaber\/#primaryimage"},"image":{"@id":"https:\/\/www.organisator.ch\/management\/2021-04-22\/hunn-gartenmoebel-ag-mit-neuem-mitinhaber\/#primaryimage"},"thumbnailUrl":"https:\/\/www.organisator.ch\/wp-content\/uploads\/2021\/04\/Hunn-Gartenmoebel-AG-mit-neuem-Mitinhaber_Organisator.jpg","datePublished":"2021-04-22T08:47:10+00:00","description":"Seit 1. April 2021 hat die Hunn Gartenm\u00f6bel AG mit Jean-Pierre Iacopetta einen neuen Mitinhaber und Hauptaktion\u00e4r und stellt die Weichen f\u00fcr die Nachfolge.","breadcrumb":{"@id":"https:\/\/www.organisator.ch\/management\/2021-04-22\/hunn-gartenmoebel-ag-mit-neuem-mitinhaber\/#breadcrumb"},"inLanguage":"de","potentialAction":[{"@type":"ReadAction","target":["https:\/\/www.organisator.ch\/management\/2021-04-22\/hunn-gartenmoebel-ag-mit-neuem-mitinhaber\/"]}]},{"@type":"ImageObject","inLanguage":"de","@id":"https:\/\/www.organisator.ch\/management\/2021-04-22\/hunn-gartenmoebel-ag-mit-neuem-mitinhaber\/#primaryimage","url":"https:\/\/www.organisator.ch\/wp-content\/uploads\/2021\/04\/Hunn-Gartenmoebel-AG-mit-neuem-Mitinhaber_Organisator.jpg","contentUrl":"https:\/\/www.organisator.ch\/wp-content\/uploads\/2021\/04\/Hunn-Gartenmoebel-AG-mit-neuem-Mitinhaber_Organisator.jpg","width":680,"height":510,"caption":"Die Inhaberschaft von Hunn Gartenm\u00f6bel AG wurde um Jean-Pierre Iacopetta (ganz rechts) erweitert. (Bild: zVg)"},{"@type":"BreadcrumbList","@id":"https:\/\/www.organisator.ch\/management\/2021-04-22\/hunn-gartenmoebel-ag-mit-neuem-mitinhaber\/#breadcrumb","itemListElement":[{"@type":"ListItem","position":1,"name":"Home","item":"https:\/\/www.organisator.ch\/"},{"@type":"ListItem","position":2,"name":"Hunn Gartenm\u00f6bel AG mit neuem Mitinhaber"}]},{"@type":"WebSite","@id":"https:\/\/www.organisator.ch\/#website","url":"https:\/\/www.organisator.ch\/","name":"Organisator","description":"Kompetent. Praxisnah. Der ORGANISATOR bereitet in 10 Ausgaben pro Jahr die wesentlichen Themen f\u00fcr F\u00fchrungskr\u00e4fte von KMU auf.","publisher":{"@id":"https:\/\/www.organisator.ch\/#organization"},"potentialAction":[{"@type":"SearchAction","target":{"@type":"EntryPoint","urlTemplate":"https:\/\/www.organisator.ch\/?s={search_term_string}"},"query-input":{"@type":"PropertyValueSpecification","valueRequired":true,"valueName":"search_term_string"}}],"inLanguage":"de"},{"@type":"Organization","@id":"https:\/\/www.organisator.ch\/#organization","name":"Organisator","url":"https:\/\/www.organisator.ch\/","logo":{"@type":"ImageObject","inLanguage":"de","@id":"https:\/\/www.organisator.ch\/#\/schema\/logo\/image\/","url":"https:\/\/www.organisator.ch\/wp-content\/uploads\/2022\/01\/Logo_Organisator_Website.png","contentUrl":"https:\/\/www.organisator.ch\/wp-content\/uploads\/2022\/01\/Logo_Organisator_Website.png","width":800,"height":77,"caption":"Organisator"},"image":{"@id":"https:\/\/www.organisator.ch\/#\/schema\/logo\/image\/"},"sameAs":["https:\/\/www.facebook.com\/OrganisatorFachmagazin","https:\/\/www.linkedin.com\/showcase\/organisator-das-magazin-fr-kmu","https:\/\/www.xing.com\/news\/pages\/organisator-ch-695","https:\/\/www.youtube.com\/channel\/UCGP2Sq0iWaZwT3BdIAQFYpw"]},{"@type":"Person","@id":"https:\/\/www.organisator.ch\/#\/schema\/person\/6f650f90b2842cd4c0cc334b4e36f67e","name":"thomas.berner","image":{"@type":"ImageObject","inLanguage":"de","@id":"https:\/\/secure.gravatar.com\/avatar\/ac5001d2a36cb6c6cd3e50789007ffca834b477b74a2144564522e944eabff61?s=96&d=mm&r=g","url":"https:\/\/secure.gravatar.com\/avatar\/ac5001d2a36cb6c6cd3e50789007ffca834b477b74a2144564522e944eabff61?s=96&d=mm&r=g","contentUrl":"https:\/\/secure.gravatar.com\/avatar\/ac5001d2a36cb6c6cd3e50789007ffca834b477b74a2144564522e944eabff61?s=96&d=mm&r=g","caption":"thomas.berner"},"url":"https:\/\/www.organisator.ch\/de\/author\/thomas-berner\/"}]}},"_links":{"self":[{"href":"https:\/\/www.organisator.ch\/de\/wp-json\/wp\/v2\/posts\/7941","targetHints":{"allow":["GET"]}}],"collection":[{"href":"https:\/\/www.organisator.ch\/de\/wp-json\/wp\/v2\/posts"}],"about":[{"href":"https:\/\/www.organisator.ch\/de\/wp-json\/wp\/v2\/types\/post"}],"author":[{"embeddable":true,"href":"https:\/\/www.organisator.ch\/de\/wp-json\/wp\/v2\/users\/4"}],"replies":[{"embeddable":true,"href":"https:\/\/www.organisator.ch\/de\/wp-json\/wp\/v2\/comments?post=7941"}],"version-history":[{"count":0,"href":"https:\/\/www.organisator.ch\/de\/wp-json\/wp\/v2\/posts\/7941\/revisions"}],"wp:featuredmedia":[{"embeddable":true,"href":"https:\/\/www.organisator.ch\/de\/wp-json\/wp\/v2\/media\/7942"}],"wp:attachment":[{"href":"https:\/\/www.organisator.ch\/de\/wp-json\/wp\/v2\/media?parent=7941"}],"wp:term":[{"taxonomy":"category","embeddable":true,"href":"https:\/\/www.organisator.ch\/de\/wp-json\/wp\/v2\/categories?post=7941"},{"taxonomy":"post_tag","embeddable":true,"href":"https:\/\/www.organisator.ch\/de\/wp-json\/wp\/v2\/tags?post=7941"}],"curies":[{"name":"wp","href":"https:\/\/api.w.org\/{rel}","templated":true}]}}