{"id":7949,"date":"2021-04-23T11:38:39","date_gmt":"2021-04-23T09:38:39","guid":{"rendered":"https:\/\/www.organisator.ch\/?p=7949"},"modified":"2021-04-23T11:38:39","modified_gmt":"2021-04-23T09:38:39","slug":"aussenwirtschaftsforum-2021-die-exportwirtschaft-in-der-neuen-normalitaet","status":"publish","type":"post","link":"https:\/\/www.organisator.ch\/de\/allgemein\/2021-04-23\/aussenwirtschaftsforum-2021-die-exportwirtschaft-in-der-neuen-normalitaet\/","title":{"rendered":"Aussenwirtschaftsforum 2021: Die Exportwirtschaft in der neuen Normalit\u00e4t"},"content":{"rendered":"<figure id=\"attachment_7950\" aria-describedby=\"caption-attachment-7950\" style=\"width: 680px\" class=\"wp-caption alignnone\"><img loading=\"lazy\" decoding=\"async\" class=\"size-medium wp-image-7950\" src=\"https:\/\/www.organisator.ch\/wp-content\/uploads\/2021\/04\/Aussenwirtschaftsforum-2021-Die-Exportwirtschaft-in-der-neuen-Normalitaet_Organisator.jpg\" alt=\"\" width=\"680\" height=\"341\" srcset=\"https:\/\/www.organisator.ch\/wp-content\/uploads\/2021\/04\/Aussenwirtschaftsforum-2021-Die-Exportwirtschaft-in-der-neuen-Normalitaet_Organisator.jpg 680w, https:\/\/www.organisator.ch\/wp-content\/uploads\/2021\/04\/Aussenwirtschaftsforum-2021-Die-Exportwirtschaft-in-der-neuen-Normalitaet_Organisator-16x8.jpg 16w, https:\/\/www.organisator.ch\/wp-content\/uploads\/2021\/04\/Aussenwirtschaftsforum-2021-Die-Exportwirtschaft-in-der-neuen-Normalitaet_Organisator-349x175.jpg 349w, https:\/\/www.organisator.ch\/wp-content\/uploads\/2021\/04\/Aussenwirtschaftsforum-2021-Die-Exportwirtschaft-in-der-neuen-Normalitaet_Organisator-300x150.jpg 300w\" sizes=\"auto, (max-width: 680px) 100vw, 680px\" \/><figcaption id=\"caption-attachment-7950\" class=\"wp-caption-text\">Gastgeberinnen am Aussenwirtschaftsforum 2021: Simone Wyss Fedele (CEO von S-GE, links) und Ruth Metzler. (Bild: Switzerland Global Enterprise)<\/figcaption><\/figure>\n<p>Die \u00abneue Normalit\u00e4t\u00bb, so wie sie f\u00fcr das Ende der Pandemie prophezeit wird, ist f\u00fcr die meisten exportorientierten Unternehmen der Schweiz bereits Realit\u00e4t. Dies wurde aus den verschiedensten Voten am diesj\u00e4hrigen Aussenwirtschaftsforum deutlich. Die Krise zeige auf, welche internationalen Gesch\u00e4ftsmodelle funktionieren und welche nicht, bilanzierte etwa Ruth Metzler, Verwaltungsratspr\u00e4sidentin von Switzerland Global Enterprise (S-GE) in ihrem Schlusswort zur Veranstaltung. Ein Ziel des diesj\u00e4hrigen Aussenwirtschaftsforums war es, Unternehmen Inspiration und praktisches R\u00fcstzeug zu vermitteln, um im Export wieder oder weiterhin durchstarten zu k\u00f6nnen.<\/p>\n<h2><strong>Bilateralen Weg mit der EU beibehalten<\/strong><\/h2>\n<p>Es ist nicht nur die Corona-Krise, welche den Aussenhandel beeinflusst, sondern auch wirtschaftspolitische Verschiebungen: Welche Auswirkungen haben etwa die Differenzen zwischen den USA und China auf die Schweizer Exportwirtschaft? Welche Rahmenbedingungen braucht es, dass der Aussenhandel mit der EU weiterhin klappt? Und wie entwickeln sich die Handelsbeziehungen zwischen der Schweiz und dem Vereinigten K\u00f6nigreich weiter nach dessen Austritt aus der EU? Diese Fragen, auf deren Beantwortung Unternehmen in der Regel nur wenig Einfluss haben, standen im Zentrum verschiedener Panel-Diskussionen. So fordert etwa Swissmem-Pr\u00e4sident Martin Hirzel mit Nachdruck, am bilateralen Weg mit der EU festzuhalten. Denn trotz aufstrebender M\u00e4rkte in Asien oder Afrika sind es immer noch die europ\u00e4ischen Staaten, allen voran Deutschland, in welche die meisten Schweizer Waren ausgef\u00fchrt werden. \u00abF\u00fcr die MEM-Industrie bietet der europ\u00e4ische Markt in den n\u00e4chsten zehn Jahren immer noch die h\u00f6chsten Wachstumsraten, so Martin Hirzel. Und was vielfach vergessen werde: \u00abDie Schweiz ist der viertwichtigste Handelspartner der EU\u00bb, wie SRF-Korrespondent Sebastian Ramspeck festhielt.<\/p>\n<h2><strong>N\u00e4chste Krisen werden folgen<\/strong><\/h2>\n<p>Die wichtigsten Erkenntnisse f\u00fcr die Export-Praxis fasste am Aussenwirtschaftsforum 2021 Simone Wyss Fedele, CEO von S-GE, wie folgt zusammen: Konzentration auf Nischen und dort die M\u00f6glichkeiten der Digitalisierung voll aussch\u00f6pfen, Diversifikation, Anpassung der Wertsch\u00f6pfungsketten und mit Unsicherheit umgehen k\u00f6nnen. Denn, wie auch Ruth Metzler in ihrer Schlussansprache betonte, die Regulierungen werden zunehmen und weitere unerwartete Krisen werden folgen. Aude Pugin, CEO von APCO Technologies SA und Pr\u00e4sidentin der Industrie- und Handelskammer Waadt, bedauerte etwa in ihrer Keynote, dass immer noch zu wenig beachtet werde, dass Krisen auch als Chancen genutzt werden sollten. Resilienz sei ein Gebot der Stunde, h\u00e4lt sie fest. \u00abWir m\u00fcssen lernen, <em>auf<\/em> der Welle zu surfen statt zu warten, bis die n\u00e4chste anrollt\u00bb, sagte sie mit Blick auf die Tatsache, dass wir derzeit sowohl von einer Gesundheits- als auch von einer Wirtschaftskrise betroffen sind.<\/p>\n<h2><strong>Lieferketten nicht abreissen lassen<\/strong><\/h2>\n<p>Gerade f\u00fcr KMU erweisen sich immer wieder unterbrochene Lieferketten als Problem. Davon betroffen war etwa auch die Firma Howag Kabel AG. Ihr CEO Eugen Peterhans schilderte, wie sein Unternehmen mit der Herausforderung umgegangen ist, innert K\u00fcrze die Lieferf\u00e4higkeit f\u00fcr einen Schl\u00fcsselkunden erh\u00f6hen zu m\u00fcssen. Als entscheidend in solchen Situationen erwies sich eine straffe F\u00fchrung mit dem Setzen von klaren Priorit\u00e4ten. Um langfristig lieferf\u00e4hig bleiben zu k\u00f6nnen, m\u00fcsse man einerseits unbedingt auch bei den Zulieferern auf mehrere Quellen setzen und anderseits auch die \u2013 im Niedrigzins-Umfeld wenig attraktiv scheinende \u2013 Lagerhaltung in Erw\u00e4gung ziehen. Das dies mit Mehrkosten verbunden ist, ist unbestritten. Doch Tomasz Gonsior von OptiBuy GmbH sagt dazu: \u00abEs kommt unter Umst\u00e4nden teurer, nichts zu tun.\u00bb Das Risiko m\u00fcsse deshalb auch von Kunden und Lieferanten mitgetragen werden.<\/p>\n<h2><strong>Ignazio Cassis am Aussenwirtschaftsforum 2021: Bundesrat setzt sich weiter f\u00fcr gute Rahmenbedingungen ein<\/strong><\/h2>\n<p>Nicht zu untersch\u00e4tzen bleibt trotz der Digitalisierung, welche inzwischen sehr viele Kontakte in die virtuelle Welt verlagert hat, der Wert pers\u00f6nlicher Beziehungen. Physische Kontakte gelte es deshalb noch effektiver einzusetzen, hielt etwa Andreas Gerber von Credit Suisse, die zusammen mit S-GE regelm\u00e4ssig die Exportperspektiven von Schweizer Unternehmen untersucht, fest. Es sei trotz der widrigen Umst\u00e4nde wichtig, auf Normalit\u00e4t zu setzen, \u00abauch finanziell\u00bb, wie Gerber mit Blick auf die irgendwann auslaufenden staatlichen Hilfsgelder betonte. \u00abUnternehmen m\u00fcssen wieder auf selbst verdientes Geld setzen\u00bb. Gefordert ist aber auch die Politik. Hier sicherte Aussenminister Ignazio Cassis den Unternehmen zu, dass sich der Bundesrat weiterhin f\u00fcr gute wirtschaftliche Rahmenbedingungen einsetzen wird. \u00abDie Diplomatie wird daran gemessen, wie sie sich f\u00fcr die Wirtschaft einsetzt.\u00bb Die Bev\u00f6lkerung scheine zuweilen zu vergessen, wie wichtig die Exportwirtschaft f\u00fcr unser Land ist, sagte Cassis \u2013 wohl auch gedacht als kleiner Seitenhieb auf die Diskussion rund um das Rahmenabkommen mit der EU.<\/p>\n<p><em>Weitere Informationen: <a href=\"http:\/\/www.s-ge.com\">Switzerland Global Enterprise<\/a><\/em><\/p>\n","protected":false},"excerpt":{"rendered":"<p>Die \u00abneue Normalit\u00e4t\u00bb, so wie sie f\u00fcr das Ende der Pandemie prophezeit wird, ist f\u00fcr die meisten exportorientierten Unternehmen der Schweiz bereits Realit\u00e4t. Dies wurde aus den verschiedensten Voten am diesj\u00e4hrigen Aussenwirtschaftsforum deutlich. Die Krise zeige auf, welche internationalen Gesch\u00e4ftsmodelle funktionieren und welche nicht, bilanzierte etwa Ruth Metzler, Verwaltungsratspr\u00e4sidentin von Switzerland Global Enterprise (S-GE) in [&hellip;]<\/p>\n","protected":false},"author":4,"featured_media":7950,"comment_status":"closed","ping_status":"closed","sticky":false,"template":"","format":"standard","meta":{"_acf_changed":false,"_yoast_wpseo_focuskw":"Aussenwirtschaftsforum 2021","_yoast_wpseo_metadesc":"Am 22. April wurde das Aussenwirtschaftsforum 2021 der Exportf\u00f6rderungs-Organisation Switzerland Global Enterprise als virtuelle Veranstaltung durchgef\u00fchrt.","articlekey":"","footnotes":""},"categories":[1],"tags":[63,189,193,531],"class_list":["post-7949","post","type-post","status-publish","format-standard","has-post-thumbnail","hentry","category-allgemein","tag-aussenwirtschaft","tag-export","tag-fachkongressfachmesse","tag-wirtschaftspolitik"],"acf":[],"yoast_head":"<!-- This site is optimized with the Yoast SEO plugin v27.5 - https:\/\/yoast.com\/product\/yoast-seo-wordpress\/ -->\n<title>Aussenwirtschaftsforum 2021: Die Exportwirtschaft in der neuen Normalit\u00e4t - Organisator<\/title>\n<meta name=\"description\" content=\"Am 22. April wurde das Aussenwirtschaftsforum 2021 der Exportf\u00f6rderungs-Organisation Switzerland Global Enterprise als virtuelle Veranstaltung durchgef\u00fchrt.\" \/>\n<meta name=\"robots\" content=\"index, follow, max-snippet:-1, max-image-preview:large, max-video-preview:-1\" \/>\n<link rel=\"canonical\" href=\"https:\/\/www.organisator.ch\/de\/allgemein\/2021-04-23\/aussenwirtschaftsforum-2021-die-exportwirtschaft-in-der-neuen-normalitaet\/\" \/>\n<meta property=\"og:locale\" content=\"de_DE\" \/>\n<meta property=\"og:type\" content=\"article\" \/>\n<meta property=\"og:title\" content=\"Aussenwirtschaftsforum 2021: Die Exportwirtschaft in der neuen Normalit\u00e4t\" \/>\n<meta property=\"og:description\" content=\"Am 22. April wurde das Aussenwirtschaftsforum 2021 der Exportf\u00f6rderungs-Organisation Switzerland Global Enterprise als virtuelle Veranstaltung durchgef\u00fchrt.\" \/>\n<meta property=\"og:url\" content=\"https:\/\/www.organisator.ch\/de\/allgemein\/2021-04-23\/aussenwirtschaftsforum-2021-die-exportwirtschaft-in-der-neuen-normalitaet\/\" \/>\n<meta property=\"og:site_name\" content=\"Organisator\" \/>\n<meta property=\"article:publisher\" content=\"https:\/\/www.facebook.com\/OrganisatorFachmagazin\" \/>\n<meta property=\"article:published_time\" content=\"2021-04-23T09:38:39+00:00\" \/>\n<meta property=\"og:image\" content=\"https:\/\/www.organisator.ch\/wp-content\/uploads\/2021\/04\/Aussenwirtschaftsforum-2021-Die-Exportwirtschaft-in-der-neuen-Normalitaet_Organisator.jpg\" \/>\n\t<meta property=\"og:image:width\" content=\"680\" \/>\n\t<meta property=\"og:image:height\" content=\"341\" \/>\n\t<meta property=\"og:image:type\" content=\"image\/jpeg\" \/>\n<meta name=\"author\" content=\"thomas.berner\" \/>\n<meta name=\"twitter:card\" content=\"summary_large_image\" \/>\n<meta name=\"twitter:title\" content=\"#Aussenwirtschaftsforum 2021: Die #Exportwirtschaft in der neuen Normalit\u00e4t\" \/>\n<meta name=\"twitter:description\" content=\"Am 22. April wurde das #Aussenwirtschaftsforum 2021 der #Exportf\u00f6rderungs-Organisation Switzerland Global Enterprise als virtuelle Veranstaltung durchgef\u00fchrt.\" \/>\n<meta name=\"twitter:image\" content=\"https:\/\/www.organisator.ch\/wp-content\/uploads\/2021\/04\/Aussenwirtschaftsforum-2021-Die-Exportwirtschaft-in-der-neuen-Normalitaet_Organisator.jpg\" \/>\n<script type=\"application\/ld+json\" class=\"yoast-schema-graph\">{\"@context\":\"https:\\\/\\\/schema.org\",\"@graph\":[{\"@type\":\"Article\",\"@id\":\"https:\\\/\\\/www.organisator.ch\\\/en\\\/general\\\/2021-04-23\\\/aussenwirtschaftsforum-2021-die-exportwirtschaft-in-der-neuen-normalitaet\\\/#article\",\"isPartOf\":{\"@id\":\"https:\\\/\\\/www.organisator.ch\\\/en\\\/general\\\/2021-04-23\\\/aussenwirtschaftsforum-2021-die-exportwirtschaft-in-der-neuen-normalitaet\\\/\"},\"author\":{\"name\":\"thomas.berner\",\"@id\":\"https:\\\/\\\/www.organisator.ch\\\/#\\\/schema\\\/person\\\/6f650f90b2842cd4c0cc334b4e36f67e\"},\"headline\":\"Aussenwirtschaftsforum 2021: Die Exportwirtschaft in der neuen Normalit\u00e4t\",\"datePublished\":\"2021-04-23T09:38:39+00:00\",\"mainEntityOfPage\":{\"@id\":\"https:\\\/\\\/www.organisator.ch\\\/en\\\/general\\\/2021-04-23\\\/aussenwirtschaftsforum-2021-die-exportwirtschaft-in-der-neuen-normalitaet\\\/\"},\"wordCount\":770,\"publisher\":{\"@id\":\"https:\\\/\\\/www.organisator.ch\\\/#organization\"},\"image\":{\"@id\":\"https:\\\/\\\/www.organisator.ch\\\/en\\\/general\\\/2021-04-23\\\/aussenwirtschaftsforum-2021-die-exportwirtschaft-in-der-neuen-normalitaet\\\/#primaryimage\"},\"thumbnailUrl\":\"https:\\\/\\\/www.organisator.ch\\\/wp-content\\\/uploads\\\/2021\\\/04\\\/Aussenwirtschaftsforum-2021-Die-Exportwirtschaft-in-der-neuen-Normalitaet_Organisator.jpg\",\"keywords\":[\"Aussenwirtschaft\",\"Export\",\"Fachkongress\\\/Fachmesse\",\"Wirtschaftspolitik\"],\"inLanguage\":\"de\"},{\"@type\":\"WebPage\",\"@id\":\"https:\\\/\\\/www.organisator.ch\\\/en\\\/general\\\/2021-04-23\\\/aussenwirtschaftsforum-2021-die-exportwirtschaft-in-der-neuen-normalitaet\\\/\",\"url\":\"https:\\\/\\\/www.organisator.ch\\\/en\\\/general\\\/2021-04-23\\\/aussenwirtschaftsforum-2021-die-exportwirtschaft-in-der-neuen-normalitaet\\\/\",\"name\":\"Aussenwirtschaftsforum 2021: Die Exportwirtschaft in der neuen Normalit\u00e4t - Organisator\",\"isPartOf\":{\"@id\":\"https:\\\/\\\/www.organisator.ch\\\/#website\"},\"primaryImageOfPage\":{\"@id\":\"https:\\\/\\\/www.organisator.ch\\\/en\\\/general\\\/2021-04-23\\\/aussenwirtschaftsforum-2021-die-exportwirtschaft-in-der-neuen-normalitaet\\\/#primaryimage\"},\"image\":{\"@id\":\"https:\\\/\\\/www.organisator.ch\\\/en\\\/general\\\/2021-04-23\\\/aussenwirtschaftsforum-2021-die-exportwirtschaft-in-der-neuen-normalitaet\\\/#primaryimage\"},\"thumbnailUrl\":\"https:\\\/\\\/www.organisator.ch\\\/wp-content\\\/uploads\\\/2021\\\/04\\\/Aussenwirtschaftsforum-2021-Die-Exportwirtschaft-in-der-neuen-Normalitaet_Organisator.jpg\",\"datePublished\":\"2021-04-23T09:38:39+00:00\",\"description\":\"Am 22. April wurde das Aussenwirtschaftsforum 2021 der Exportf\u00f6rderungs-Organisation Switzerland Global Enterprise als virtuelle Veranstaltung durchgef\u00fchrt.\",\"breadcrumb\":{\"@id\":\"https:\\\/\\\/www.organisator.ch\\\/en\\\/general\\\/2021-04-23\\\/aussenwirtschaftsforum-2021-die-exportwirtschaft-in-der-neuen-normalitaet\\\/#breadcrumb\"},\"inLanguage\":\"de\",\"potentialAction\":[{\"@type\":\"ReadAction\",\"target\":[\"https:\\\/\\\/www.organisator.ch\\\/en\\\/general\\\/2021-04-23\\\/aussenwirtschaftsforum-2021-die-exportwirtschaft-in-der-neuen-normalitaet\\\/\"]}]},{\"@type\":\"ImageObject\",\"inLanguage\":\"de\",\"@id\":\"https:\\\/\\\/www.organisator.ch\\\/en\\\/general\\\/2021-04-23\\\/aussenwirtschaftsforum-2021-die-exportwirtschaft-in-der-neuen-normalitaet\\\/#primaryimage\",\"url\":\"https:\\\/\\\/www.organisator.ch\\\/wp-content\\\/uploads\\\/2021\\\/04\\\/Aussenwirtschaftsforum-2021-Die-Exportwirtschaft-in-der-neuen-Normalitaet_Organisator.jpg\",\"contentUrl\":\"https:\\\/\\\/www.organisator.ch\\\/wp-content\\\/uploads\\\/2021\\\/04\\\/Aussenwirtschaftsforum-2021-Die-Exportwirtschaft-in-der-neuen-Normalitaet_Organisator.jpg\",\"width\":680,\"height\":341,\"caption\":\"Gastgeberinnen am Aussenwirtschaftsforum 2021: Simone Wyss Fedele (CEO von S-GE, links) und Ruth Metzler. (Bild: Switzerland Global Enterprise)\"},{\"@type\":\"BreadcrumbList\",\"@id\":\"https:\\\/\\\/www.organisator.ch\\\/en\\\/general\\\/2021-04-23\\\/aussenwirtschaftsforum-2021-die-exportwirtschaft-in-der-neuen-normalitaet\\\/#breadcrumb\",\"itemListElement\":[{\"@type\":\"ListItem\",\"position\":1,\"name\":\"Home\",\"item\":\"https:\\\/\\\/www.organisator.ch\\\/\"},{\"@type\":\"ListItem\",\"position\":2,\"name\":\"Aussenwirtschaftsforum 2021: Die Exportwirtschaft in der neuen Normalit\u00e4t\"}]},{\"@type\":\"WebSite\",\"@id\":\"https:\\\/\\\/www.organisator.ch\\\/#website\",\"url\":\"https:\\\/\\\/www.organisator.ch\\\/\",\"name\":\"Organisator\",\"description\":\"Kompetent. Praxisnah. Der ORGANISATOR bereitet in 10 Ausgaben pro Jahr die wesentlichen Themen f\u00fcr F\u00fchrungskr\u00e4fte von KMU auf.\",\"publisher\":{\"@id\":\"https:\\\/\\\/www.organisator.ch\\\/#organization\"},\"potentialAction\":[{\"@type\":\"SearchAction\",\"target\":{\"@type\":\"EntryPoint\",\"urlTemplate\":\"https:\\\/\\\/www.organisator.ch\\\/?s={search_term_string}\"},\"query-input\":{\"@type\":\"PropertyValueSpecification\",\"valueRequired\":true,\"valueName\":\"search_term_string\"}}],\"inLanguage\":\"de\"},{\"@type\":\"Organization\",\"@id\":\"https:\\\/\\\/www.organisator.ch\\\/#organization\",\"name\":\"Organisator\",\"url\":\"https:\\\/\\\/www.organisator.ch\\\/\",\"logo\":{\"@type\":\"ImageObject\",\"inLanguage\":\"de\",\"@id\":\"https:\\\/\\\/www.organisator.ch\\\/#\\\/schema\\\/logo\\\/image\\\/\",\"url\":\"https:\\\/\\\/www.organisator.ch\\\/wp-content\\\/uploads\\\/2022\\\/01\\\/Logo_Organisator_Website.png\",\"contentUrl\":\"https:\\\/\\\/www.organisator.ch\\\/wp-content\\\/uploads\\\/2022\\\/01\\\/Logo_Organisator_Website.png\",\"width\":800,\"height\":77,\"caption\":\"Organisator\"},\"image\":{\"@id\":\"https:\\\/\\\/www.organisator.ch\\\/#\\\/schema\\\/logo\\\/image\\\/\"},\"sameAs\":[\"https:\\\/\\\/www.facebook.com\\\/OrganisatorFachmagazin\",\"https:\\\/\\\/www.linkedin.com\\\/showcase\\\/organisator-das-magazin-fr-kmu\",\"https:\\\/\\\/www.xing.com\\\/news\\\/pages\\\/organisator-ch-695\",\"https:\\\/\\\/www.youtube.com\\\/channel\\\/UCGP2Sq0iWaZwT3BdIAQFYpw\"]},{\"@type\":\"Person\",\"@id\":\"https:\\\/\\\/www.organisator.ch\\\/#\\\/schema\\\/person\\\/6f650f90b2842cd4c0cc334b4e36f67e\",\"name\":\"thomas.berner\",\"image\":{\"@type\":\"ImageObject\",\"inLanguage\":\"de\",\"@id\":\"https:\\\/\\\/secure.gravatar.com\\\/avatar\\\/ac5001d2a36cb6c6cd3e50789007ffca834b477b74a2144564522e944eabff61?s=96&d=mm&r=g\",\"url\":\"https:\\\/\\\/secure.gravatar.com\\\/avatar\\\/ac5001d2a36cb6c6cd3e50789007ffca834b477b74a2144564522e944eabff61?s=96&d=mm&r=g\",\"contentUrl\":\"https:\\\/\\\/secure.gravatar.com\\\/avatar\\\/ac5001d2a36cb6c6cd3e50789007ffca834b477b74a2144564522e944eabff61?s=96&d=mm&r=g\",\"caption\":\"thomas.berner\"},\"url\":\"https:\\\/\\\/www.organisator.ch\\\/de\\\/author\\\/thomas-berner\\\/\"}]}<\/script>\n<!-- \/ Yoast SEO plugin. -->","yoast_head_json":{"title":"Aussenwirtschaftsforum 2021: Die Exportwirtschaft in der neuen Normalit\u00e4t - Organisator","description":"Am 22. April wurde das Aussenwirtschaftsforum 2021 der Exportf\u00f6rderungs-Organisation Switzerland Global Enterprise als virtuelle Veranstaltung durchgef\u00fchrt.","robots":{"index":"index","follow":"follow","max-snippet":"max-snippet:-1","max-image-preview":"max-image-preview:large","max-video-preview":"max-video-preview:-1"},"canonical":"https:\/\/www.organisator.ch\/de\/allgemein\/2021-04-23\/aussenwirtschaftsforum-2021-die-exportwirtschaft-in-der-neuen-normalitaet\/","og_locale":"de_DE","og_type":"article","og_title":"Aussenwirtschaftsforum 2021: Die Exportwirtschaft in der neuen Normalit\u00e4t","og_description":"Am 22. April wurde das Aussenwirtschaftsforum 2021 der Exportf\u00f6rderungs-Organisation Switzerland Global Enterprise als virtuelle Veranstaltung durchgef\u00fchrt.","og_url":"https:\/\/www.organisator.ch\/de\/allgemein\/2021-04-23\/aussenwirtschaftsforum-2021-die-exportwirtschaft-in-der-neuen-normalitaet\/","og_site_name":"Organisator","article_publisher":"https:\/\/www.facebook.com\/OrganisatorFachmagazin","article_published_time":"2021-04-23T09:38:39+00:00","og_image":[{"width":680,"height":341,"url":"https:\/\/www.organisator.ch\/wp-content\/uploads\/2021\/04\/Aussenwirtschaftsforum-2021-Die-Exportwirtschaft-in-der-neuen-Normalitaet_Organisator.jpg","type":"image\/jpeg"}],"author":"thomas.berner","twitter_card":"summary_large_image","twitter_title":"#Aussenwirtschaftsforum 2021: Die #Exportwirtschaft in der neuen Normalit\u00e4t","twitter_description":"Am 22. April wurde das #Aussenwirtschaftsforum 2021 der #Exportf\u00f6rderungs-Organisation Switzerland Global Enterprise als virtuelle Veranstaltung durchgef\u00fchrt.","twitter_image":"https:\/\/www.organisator.ch\/wp-content\/uploads\/2021\/04\/Aussenwirtschaftsforum-2021-Die-Exportwirtschaft-in-der-neuen-Normalitaet_Organisator.jpg","schema":{"@context":"https:\/\/schema.org","@graph":[{"@type":"Article","@id":"https:\/\/www.organisator.ch\/en\/general\/2021-04-23\/aussenwirtschaftsforum-2021-die-exportwirtschaft-in-der-neuen-normalitaet\/#article","isPartOf":{"@id":"https:\/\/www.organisator.ch\/en\/general\/2021-04-23\/aussenwirtschaftsforum-2021-die-exportwirtschaft-in-der-neuen-normalitaet\/"},"author":{"name":"thomas.berner","@id":"https:\/\/www.organisator.ch\/#\/schema\/person\/6f650f90b2842cd4c0cc334b4e36f67e"},"headline":"Aussenwirtschaftsforum 2021: Die Exportwirtschaft in der neuen Normalit\u00e4t","datePublished":"2021-04-23T09:38:39+00:00","mainEntityOfPage":{"@id":"https:\/\/www.organisator.ch\/en\/general\/2021-04-23\/aussenwirtschaftsforum-2021-die-exportwirtschaft-in-der-neuen-normalitaet\/"},"wordCount":770,"publisher":{"@id":"https:\/\/www.organisator.ch\/#organization"},"image":{"@id":"https:\/\/www.organisator.ch\/en\/general\/2021-04-23\/aussenwirtschaftsforum-2021-die-exportwirtschaft-in-der-neuen-normalitaet\/#primaryimage"},"thumbnailUrl":"https:\/\/www.organisator.ch\/wp-content\/uploads\/2021\/04\/Aussenwirtschaftsforum-2021-Die-Exportwirtschaft-in-der-neuen-Normalitaet_Organisator.jpg","keywords":["Aussenwirtschaft","Export","Fachkongress\/Fachmesse","Wirtschaftspolitik"],"inLanguage":"de"},{"@type":"WebPage","@id":"https:\/\/www.organisator.ch\/en\/general\/2021-04-23\/aussenwirtschaftsforum-2021-die-exportwirtschaft-in-der-neuen-normalitaet\/","url":"https:\/\/www.organisator.ch\/en\/general\/2021-04-23\/aussenwirtschaftsforum-2021-die-exportwirtschaft-in-der-neuen-normalitaet\/","name":"Aussenwirtschaftsforum 2021: Die Exportwirtschaft in der neuen Normalit\u00e4t - Organisator","isPartOf":{"@id":"https:\/\/www.organisator.ch\/#website"},"primaryImageOfPage":{"@id":"https:\/\/www.organisator.ch\/en\/general\/2021-04-23\/aussenwirtschaftsforum-2021-die-exportwirtschaft-in-der-neuen-normalitaet\/#primaryimage"},"image":{"@id":"https:\/\/www.organisator.ch\/en\/general\/2021-04-23\/aussenwirtschaftsforum-2021-die-exportwirtschaft-in-der-neuen-normalitaet\/#primaryimage"},"thumbnailUrl":"https:\/\/www.organisator.ch\/wp-content\/uploads\/2021\/04\/Aussenwirtschaftsforum-2021-Die-Exportwirtschaft-in-der-neuen-Normalitaet_Organisator.jpg","datePublished":"2021-04-23T09:38:39+00:00","description":"Am 22. April wurde das Aussenwirtschaftsforum 2021 der Exportf\u00f6rderungs-Organisation Switzerland Global Enterprise als virtuelle Veranstaltung durchgef\u00fchrt.","breadcrumb":{"@id":"https:\/\/www.organisator.ch\/en\/general\/2021-04-23\/aussenwirtschaftsforum-2021-die-exportwirtschaft-in-der-neuen-normalitaet\/#breadcrumb"},"inLanguage":"de","potentialAction":[{"@type":"ReadAction","target":["https:\/\/www.organisator.ch\/en\/general\/2021-04-23\/aussenwirtschaftsforum-2021-die-exportwirtschaft-in-der-neuen-normalitaet\/"]}]},{"@type":"ImageObject","inLanguage":"de","@id":"https:\/\/www.organisator.ch\/en\/general\/2021-04-23\/aussenwirtschaftsforum-2021-die-exportwirtschaft-in-der-neuen-normalitaet\/#primaryimage","url":"https:\/\/www.organisator.ch\/wp-content\/uploads\/2021\/04\/Aussenwirtschaftsforum-2021-Die-Exportwirtschaft-in-der-neuen-Normalitaet_Organisator.jpg","contentUrl":"https:\/\/www.organisator.ch\/wp-content\/uploads\/2021\/04\/Aussenwirtschaftsforum-2021-Die-Exportwirtschaft-in-der-neuen-Normalitaet_Organisator.jpg","width":680,"height":341,"caption":"Gastgeberinnen am Aussenwirtschaftsforum 2021: Simone Wyss Fedele (CEO von S-GE, links) und Ruth Metzler. (Bild: Switzerland Global Enterprise)"},{"@type":"BreadcrumbList","@id":"https:\/\/www.organisator.ch\/en\/general\/2021-04-23\/aussenwirtschaftsforum-2021-die-exportwirtschaft-in-der-neuen-normalitaet\/#breadcrumb","itemListElement":[{"@type":"ListItem","position":1,"name":"Home","item":"https:\/\/www.organisator.ch\/"},{"@type":"ListItem","position":2,"name":"Aussenwirtschaftsforum 2021: Die Exportwirtschaft in der neuen Normalit\u00e4t"}]},{"@type":"WebSite","@id":"https:\/\/www.organisator.ch\/#website","url":"https:\/\/www.organisator.ch\/","name":"Organisator","description":"Kompetent. Praxisnah. Der ORGANISATOR bereitet in 10 Ausgaben pro Jahr die wesentlichen Themen f\u00fcr F\u00fchrungskr\u00e4fte von KMU auf.","publisher":{"@id":"https:\/\/www.organisator.ch\/#organization"},"potentialAction":[{"@type":"SearchAction","target":{"@type":"EntryPoint","urlTemplate":"https:\/\/www.organisator.ch\/?s={search_term_string}"},"query-input":{"@type":"PropertyValueSpecification","valueRequired":true,"valueName":"search_term_string"}}],"inLanguage":"de"},{"@type":"Organization","@id":"https:\/\/www.organisator.ch\/#organization","name":"Organisator","url":"https:\/\/www.organisator.ch\/","logo":{"@type":"ImageObject","inLanguage":"de","@id":"https:\/\/www.organisator.ch\/#\/schema\/logo\/image\/","url":"https:\/\/www.organisator.ch\/wp-content\/uploads\/2022\/01\/Logo_Organisator_Website.png","contentUrl":"https:\/\/www.organisator.ch\/wp-content\/uploads\/2022\/01\/Logo_Organisator_Website.png","width":800,"height":77,"caption":"Organisator"},"image":{"@id":"https:\/\/www.organisator.ch\/#\/schema\/logo\/image\/"},"sameAs":["https:\/\/www.facebook.com\/OrganisatorFachmagazin","https:\/\/www.linkedin.com\/showcase\/organisator-das-magazin-fr-kmu","https:\/\/www.xing.com\/news\/pages\/organisator-ch-695","https:\/\/www.youtube.com\/channel\/UCGP2Sq0iWaZwT3BdIAQFYpw"]},{"@type":"Person","@id":"https:\/\/www.organisator.ch\/#\/schema\/person\/6f650f90b2842cd4c0cc334b4e36f67e","name":"thomas.berner","image":{"@type":"ImageObject","inLanguage":"de","@id":"https:\/\/secure.gravatar.com\/avatar\/ac5001d2a36cb6c6cd3e50789007ffca834b477b74a2144564522e944eabff61?s=96&d=mm&r=g","url":"https:\/\/secure.gravatar.com\/avatar\/ac5001d2a36cb6c6cd3e50789007ffca834b477b74a2144564522e944eabff61?s=96&d=mm&r=g","contentUrl":"https:\/\/secure.gravatar.com\/avatar\/ac5001d2a36cb6c6cd3e50789007ffca834b477b74a2144564522e944eabff61?s=96&d=mm&r=g","caption":"thomas.berner"},"url":"https:\/\/www.organisator.ch\/de\/author\/thomas-berner\/"}]}},"_links":{"self":[{"href":"https:\/\/www.organisator.ch\/de\/wp-json\/wp\/v2\/posts\/7949","targetHints":{"allow":["GET"]}}],"collection":[{"href":"https:\/\/www.organisator.ch\/de\/wp-json\/wp\/v2\/posts"}],"about":[{"href":"https:\/\/www.organisator.ch\/de\/wp-json\/wp\/v2\/types\/post"}],"author":[{"embeddable":true,"href":"https:\/\/www.organisator.ch\/de\/wp-json\/wp\/v2\/users\/4"}],"replies":[{"embeddable":true,"href":"https:\/\/www.organisator.ch\/de\/wp-json\/wp\/v2\/comments?post=7949"}],"version-history":[{"count":0,"href":"https:\/\/www.organisator.ch\/de\/wp-json\/wp\/v2\/posts\/7949\/revisions"}],"wp:featuredmedia":[{"embeddable":true,"href":"https:\/\/www.organisator.ch\/de\/wp-json\/wp\/v2\/media\/7950"}],"wp:attachment":[{"href":"https:\/\/www.organisator.ch\/de\/wp-json\/wp\/v2\/media?parent=7949"}],"wp:term":[{"taxonomy":"category","embeddable":true,"href":"https:\/\/www.organisator.ch\/de\/wp-json\/wp\/v2\/categories?post=7949"},{"taxonomy":"post_tag","embeddable":true,"href":"https:\/\/www.organisator.ch\/de\/wp-json\/wp\/v2\/tags?post=7949"}],"curies":[{"name":"wp","href":"https:\/\/api.w.org\/{rel}","templated":true}]}}