{"id":801,"date":"2017-03-01T10:54:31","date_gmt":"2017-03-01T09:54:31","guid":{"rendered":"https:\/\/www.umweltperspektiven.ch\/?p=801"},"modified":"2022-02-09T11:06:56","modified_gmt":"2022-02-09T10:06:56","slug":"schweiz-vom-klimawandel-stark-betroffen","status":"publish","type":"post","link":"https:\/\/www.organisator.ch\/de\/sustainability\/2017-03-01\/schweiz-vom-klimawandel-stark-betroffen\/","title":{"rendered":"Schweiz vom Klimawandel stark betroffen"},"content":{"rendered":"<figure id=\"attachment_802\" aria-describedby=\"caption-attachment-802\" style=\"width: 680px\" class=\"wp-caption alignnone\"><img loading=\"lazy\" decoding=\"async\" class=\"size-medium wp-image-802\" src=\"\/\/www.umweltperspektiven.ch\/wp-content\/uploads\/2017\/03\/Schneekanonen_Lachtal_20111029_2.jpg\" alt=\"\" width=\"680\" height=\"510\" \/><figcaption id=\"caption-attachment-802\" class=\"wp-caption-text\">Skipiste ohne Schnee: Die Auswirkungen der Klimaerw\u00e4rmung auf die Schweiz sind \u00fcberdurchschnittlich stark.<\/figcaption><\/figure>\n<p>Am 2. M\u00e4rz diskutierte der Nationalrat die Ratifikation des Pariser Klimaabkommens. Die Umsetzung hat f\u00fcr die Schweiz eine gr\u00f6ssere Bedeutung als f\u00fcr viele andere L\u00e4nder, denn die Auswirkungen der Klimaerw\u00e4rmung\u00a0sind hierzulande massiv.<\/p>\n<p>Dieses Abkommen der Vereinten\u00a0Nationen hat zum Ziel, den durchschnittlichen weltweiten Temperaturanstieg gegen\u00fcber der\u00a0vorindustriellen Zeit auf unter 2 Grad Celsius zu begrenzen. Nach M\u00f6glichkeit wird sogar ein maximaler\u00a0Anstieg von 1,5 Grad Celsius angestrebt. Dieses Ziel kann jedoch nur mit einem drastisch verringerten\u00a0CO2-Ausstoss erreicht werden.<\/p>\n<p><strong>Viel weniger Schnee, 10-mal mehr Tropenn\u00e4chte, 3-mal mehr Hitzetage<\/strong><br \/>\nDer Bericht \u00ab<a href=\"\/\/www.naturwissenschaften.ch\/organisations\/proclim\/activities\/brennpunkt\">Brennpunkt Klima Schweiz. Grundlagen Folgen und Perspektiven<\/a>\u00bb von ProClim der Akademie der Naturwissenschaften zeigt auf, dass die\u00a0Schweiz von der Klima\u00e4nderung \u00fcberdurchschnittlich stark betroffen ist. Im Vergleich zum globalen Mittel\u00a0stieg hier die Jahresdurchschnittstemperatur in den letzten 150 Jahren mit 1,8 Grad Celsius etwa doppelt\u00a0so stark an. Wird das \u00ab2-Grad-Ziel\u00bb des Pariser Abkommens erreicht, bedeutet dies f\u00fcr die Schweiz eine\u00a0Erw\u00e4rmung gegen\u00fcber vorindustrieller Zeit von insgesamt 3 bis 3.5 Grad bis Ende Jahrhundert. Werden\u00a0nicht genug Anstrengungen unternommen und steigt die globale Temperatur zum Beispiel um 3 Grad,\u00a0w\u00fcrden die Jahresmitteltemperaturen hierzulande bis Ende des Jahrhunderts um 4 bis 5 Grad ansteigen.<\/p>\n<p>Die Erw\u00e4rmung hat markante Folgen beispielsweise f\u00fcr die Gesundheit: Beim Erreichen des 2-Grad-Zieles (\u00ab2-Grad-Welt\u00bb) rechnen Klimaforschende im Mittelland bis 2085 mit durchschnittlich etwa 5\u00a0Tropenn\u00e4chten (heute 1-2) und 15-20 Hitzetagen (heute 10-15) pro Jahr. Bei einer globalen\u00a0Erw\u00e4rmung von 3 Grad (\u00ab3-Grad-Welt\u00bb) werden es dagegen 15 bis 20 Tropenn\u00e4chte und rund 30 bis 40\u00a0Hitzetage sein, bei gleichzeitig h\u00f6heren Maximaltemperaturen.<\/p>\n<p>Auch f\u00fcr den Schneetourismus hat eine st\u00e4rkere Erw\u00e4rmung sp\u00fcrbare Folgen: Die Schneefallgrenze\u00a0w\u00fcrde in der 3-Grad-Welt bis 2085 gegen\u00fcber heute um rund 500 H\u00f6henmeter steigen statt um 250\u00a0Meter wie in der 2-Grad-Welt und die mittlere Schneeh\u00f6he um rund 60% statt 30% abnehmen. Auch die\u00a0Schneesaison w\u00fcrde markant k\u00fcrzer.<\/p>\n<p>Dies sind nur einige Beispiele von zahlreichen Auswirkungen des Klimawandels in der Schweiz, wie sie\u00a0im Bericht \u00abBrennpunkt Klima Schweiz\u00bb ausf\u00fchrlich beschrieben sind.<\/p>\n<p><strong>Internationale Aktionen gefragt<\/strong><br \/>\nGerade weil die Schweiz im internationalen Vergleich besonders stark vom Klimawandel betroffen ist, ist\u00a0f\u00fcr sie global koordiniertes Handeln wichtig. Nur so kann der Klimawandel einged\u00e4mmt werden. Durch\u00a0eine Zusammenarbeit mit der Staatengemeinschaft kann die Schweiz mit ihrem international guten Ruf<br \/>\nund ihrer Innovationskraft mit gutem Beispiel vorangehen und zeigen, dass sich Wohlstand und\u00a0Klimaschutz vereinbaren lassen.<\/p>\n<p><strong>Nationalratskommission gibt \u00abgo\u00bb<\/strong><br \/>\nDas internationale \u00dcbereinkommen von Paris verpflichtet alle Staaten, national freiwillig festgelegte Ziele\u00a0zur Minderung des Treibhausgasausstosses einzureichen und im Inland Massnahmen zu ergreifen, um\u00a0diese Ziele auch zu erreichen. Die von den Staaten bisher eingereichten Ziele gen\u00fcgen allerdings noch\u00a0bei weitem nicht aus, um das 2-Grad-Ziel zu erreichen.<br \/>\nDas 2-Grad-Ziel bedeutet, dass die Treibhausgasemissionen in der 2. H\u00e4lfte des 21. Jahrhunderts auf\u00a0Null zur\u00fcckgehen m\u00fcssen. F\u00fcr die Schweiz hat der Bundesrat nun das Ziel einer Senkung bis 2030 um\u00a050 Prozent formuliert, im Vergleich zu 1990. Die Kommission f\u00fcr Umwelt, Raumplanung und Energie des\u00a0Nationalrates hat das \u00dcbereinkommen bereits am 31. Januar 2017 diskutiert und in dieser Form zur\u00a0Ratifikation freigegeben. Allerdings m\u00f6chten zwei Minderheiten das \u00dcbereinkommen zwar ratifizieren,\u00a0aber mit einem Minderungsziel von 40 respektive 60 Prozent. Eine weitere Minderheit beantragt, nicht\u00a0auf die Vorlage einzutreten. Klar ist: Je weniger die Schweiz ihren Treibhausgasausstoss bis 2030\u00a0reduziert, desto st\u00e4rker schiebt sie das Problem auf k\u00fcnftige Generationen.<\/p>\n<p>Text: Akademien Schweiz<\/p>\n","protected":false},"excerpt":{"rendered":"<p>Am 2. M\u00e4rz diskutierte der Nationalrat die Ratifikation des Pariser Klimaabkommens. Die Umsetzung hat f\u00fcr die Schweiz eine gr\u00f6ssere Bedeutung als f\u00fcr viele andere L\u00e4nder, denn die Auswirkungen der Klimaerw\u00e4rmung\u00a0sind hierzulande massiv. Dieses Abkommen der Vereinten\u00a0Nationen hat zum Ziel, den durchschnittlichen weltweiten Temperaturanstieg gegen\u00fcber der\u00a0vorindustriellen Zeit auf unter 2 Grad Celsius zu begrenzen. Nach M\u00f6glichkeit [&hellip;]<\/p>\n","protected":false},"author":1,"featured_media":802,"comment_status":"open","ping_status":"open","sticky":false,"template":"","format":"standard","meta":{"_acf_changed":false,"_yoast_wpseo_focuskw":"Klimawandel","_yoast_wpseo_metadesc":"Ob zwei oder drei Grad mehr: Diese anscheinend kleine Differenz hat auf die Schweiz massive Auswirkungen. Dies zeigen wissenschaftliche Studien.","articlekey":"","footnotes":""},"categories":[580],"tags":[1532,1806,1885],"class_list":["post-801","post","type-post","status-publish","format-standard","has-post-thumbnail","hentry","category-sustainability","tag-klimawandel","tag-nationalrat","tag-pariser-klimaabkommen"],"acf":[],"yoast_head":"<!-- This site is optimized with the Yoast SEO plugin v27.4 - https:\/\/yoast.com\/product\/yoast-seo-wordpress\/ -->\n<title>Schweiz vom Klimawandel stark betroffen - Organisator<\/title>\n<meta name=\"description\" content=\"Ob zwei oder drei Grad mehr: Diese anscheinend kleine Differenz hat auf die Schweiz massive Auswirkungen. Dies zeigen wissenschaftliche Studien.\" \/>\n<meta name=\"robots\" content=\"index, follow, max-snippet:-1, max-image-preview:large, max-video-preview:-1\" \/>\n<link rel=\"canonical\" href=\"https:\/\/www.organisator.ch\/de\/sustainability\/2017-03-01\/schweiz-vom-klimawandel-stark-betroffen\/\" \/>\n<meta property=\"og:locale\" content=\"de_DE\" \/>\n<meta property=\"og:type\" content=\"article\" \/>\n<meta property=\"og:title\" content=\"Schweiz vom Klimawandel stark betroffen - Organisator\" \/>\n<meta property=\"og:description\" content=\"Ob zwei oder drei Grad mehr: Diese anscheinend kleine Differenz hat auf die Schweiz massive Auswirkungen. Dies zeigen wissenschaftliche Studien.\" \/>\n<meta property=\"og:url\" content=\"https:\/\/www.organisator.ch\/de\/sustainability\/2017-03-01\/schweiz-vom-klimawandel-stark-betroffen\/\" \/>\n<meta property=\"og:site_name\" content=\"Organisator\" \/>\n<meta property=\"article:publisher\" content=\"https:\/\/www.facebook.com\/OrganisatorFachmagazin\" \/>\n<meta property=\"article:published_time\" content=\"2017-03-01T09:54:31+00:00\" \/>\n<meta property=\"article:modified_time\" content=\"2022-02-09T10:06:56+00:00\" \/>\n<meta property=\"og:image\" content=\"https:\/\/www.organisator.ch\/wp-content\/uploads\/2017\/03\/Schneekanonen_Lachtal_20111029_2-scaled.jpg\" \/>\n\t<meta property=\"og:image:width\" content=\"2560\" \/>\n\t<meta property=\"og:image:height\" content=\"1920\" \/>\n\t<meta property=\"og:image:type\" content=\"image\/jpeg\" \/>\n<meta name=\"author\" content=\"admin\" \/>\n<meta name=\"twitter:card\" content=\"summary_large_image\" \/>\n<script type=\"application\/ld+json\" class=\"yoast-schema-graph\">{\"@context\":\"https:\\\/\\\/schema.org\",\"@graph\":[{\"@type\":\"Article\",\"@id\":\"https:\\\/\\\/www.organisator.ch\\\/sustainability\\\/2017-03-01\\\/schweiz-vom-klimawandel-stark-betroffen\\\/#article\",\"isPartOf\":{\"@id\":\"https:\\\/\\\/www.organisator.ch\\\/sustainability\\\/2017-03-01\\\/schweiz-vom-klimawandel-stark-betroffen\\\/\"},\"author\":{\"name\":\"admin\",\"@id\":\"https:\\\/\\\/www.organisator.ch\\\/#\\\/schema\\\/person\\\/aa2bace6c5c5aad60102004a50c4eb1c\"},\"headline\":\"Schweiz vom Klimawandel stark betroffen\",\"datePublished\":\"2017-03-01T09:54:31+00:00\",\"dateModified\":\"2022-02-09T10:06:56+00:00\",\"mainEntityOfPage\":{\"@id\":\"https:\\\/\\\/www.organisator.ch\\\/sustainability\\\/2017-03-01\\\/schweiz-vom-klimawandel-stark-betroffen\\\/\"},\"wordCount\":586,\"commentCount\":0,\"publisher\":{\"@id\":\"https:\\\/\\\/www.organisator.ch\\\/#organization\"},\"image\":{\"@id\":\"https:\\\/\\\/www.organisator.ch\\\/sustainability\\\/2017-03-01\\\/schweiz-vom-klimawandel-stark-betroffen\\\/#primaryimage\"},\"thumbnailUrl\":\"https:\\\/\\\/www.organisator.ch\\\/wp-content\\\/uploads\\\/2017\\\/03\\\/Schneekanonen_Lachtal_20111029_2-scaled.jpg\",\"keywords\":[\"Klimawandel\",\"Nationalrat\",\"Pariser Klimaabkommen\"],\"articleSection\":[\"SUSTAINABILITY\"],\"inLanguage\":\"de\"},{\"@type\":\"WebPage\",\"@id\":\"https:\\\/\\\/www.organisator.ch\\\/sustainability\\\/2017-03-01\\\/schweiz-vom-klimawandel-stark-betroffen\\\/\",\"url\":\"https:\\\/\\\/www.organisator.ch\\\/sustainability\\\/2017-03-01\\\/schweiz-vom-klimawandel-stark-betroffen\\\/\",\"name\":\"Schweiz vom Klimawandel stark betroffen - Organisator\",\"isPartOf\":{\"@id\":\"https:\\\/\\\/www.organisator.ch\\\/#website\"},\"primaryImageOfPage\":{\"@id\":\"https:\\\/\\\/www.organisator.ch\\\/sustainability\\\/2017-03-01\\\/schweiz-vom-klimawandel-stark-betroffen\\\/#primaryimage\"},\"image\":{\"@id\":\"https:\\\/\\\/www.organisator.ch\\\/sustainability\\\/2017-03-01\\\/schweiz-vom-klimawandel-stark-betroffen\\\/#primaryimage\"},\"thumbnailUrl\":\"https:\\\/\\\/www.organisator.ch\\\/wp-content\\\/uploads\\\/2017\\\/03\\\/Schneekanonen_Lachtal_20111029_2-scaled.jpg\",\"datePublished\":\"2017-03-01T09:54:31+00:00\",\"dateModified\":\"2022-02-09T10:06:56+00:00\",\"description\":\"Ob zwei oder drei Grad mehr: Diese anscheinend kleine Differenz hat auf die Schweiz massive Auswirkungen. Dies zeigen wissenschaftliche Studien.\",\"breadcrumb\":{\"@id\":\"https:\\\/\\\/www.organisator.ch\\\/sustainability\\\/2017-03-01\\\/schweiz-vom-klimawandel-stark-betroffen\\\/#breadcrumb\"},\"inLanguage\":\"de\",\"potentialAction\":[{\"@type\":\"ReadAction\",\"target\":[\"https:\\\/\\\/www.organisator.ch\\\/sustainability\\\/2017-03-01\\\/schweiz-vom-klimawandel-stark-betroffen\\\/\"]}]},{\"@type\":\"ImageObject\",\"inLanguage\":\"de\",\"@id\":\"https:\\\/\\\/www.organisator.ch\\\/sustainability\\\/2017-03-01\\\/schweiz-vom-klimawandel-stark-betroffen\\\/#primaryimage\",\"url\":\"https:\\\/\\\/www.organisator.ch\\\/wp-content\\\/uploads\\\/2017\\\/03\\\/Schneekanonen_Lachtal_20111029_2-scaled.jpg\",\"contentUrl\":\"https:\\\/\\\/www.organisator.ch\\\/wp-content\\\/uploads\\\/2017\\\/03\\\/Schneekanonen_Lachtal_20111029_2-scaled.jpg\",\"width\":2560,\"height\":1920,\"caption\":\"Skipiste ohne Schnee: Die Auswirkungen der Klimaerw\u00e4rmung auf die Schweiz sind \u00fcberdurchschnittlich stark.\"},{\"@type\":\"BreadcrumbList\",\"@id\":\"https:\\\/\\\/www.organisator.ch\\\/sustainability\\\/2017-03-01\\\/schweiz-vom-klimawandel-stark-betroffen\\\/#breadcrumb\",\"itemListElement\":[{\"@type\":\"ListItem\",\"position\":1,\"name\":\"Home\",\"item\":\"https:\\\/\\\/www.organisator.ch\\\/\"},{\"@type\":\"ListItem\",\"position\":2,\"name\":\"Schweiz vom Klimawandel stark betroffen\"}]},{\"@type\":\"WebSite\",\"@id\":\"https:\\\/\\\/www.organisator.ch\\\/#website\",\"url\":\"https:\\\/\\\/www.organisator.ch\\\/\",\"name\":\"Organisator\",\"description\":\"Kompetent. Praxisnah. Der ORGANISATOR bereitet in 10 Ausgaben pro Jahr die wesentlichen Themen f\u00fcr F\u00fchrungskr\u00e4fte von KMU auf.\",\"publisher\":{\"@id\":\"https:\\\/\\\/www.organisator.ch\\\/#organization\"},\"potentialAction\":[{\"@type\":\"SearchAction\",\"target\":{\"@type\":\"EntryPoint\",\"urlTemplate\":\"https:\\\/\\\/www.organisator.ch\\\/?s={search_term_string}\"},\"query-input\":{\"@type\":\"PropertyValueSpecification\",\"valueRequired\":true,\"valueName\":\"search_term_string\"}}],\"inLanguage\":\"de\"},{\"@type\":\"Organization\",\"@id\":\"https:\\\/\\\/www.organisator.ch\\\/#organization\",\"name\":\"Organisator\",\"url\":\"https:\\\/\\\/www.organisator.ch\\\/\",\"logo\":{\"@type\":\"ImageObject\",\"inLanguage\":\"de\",\"@id\":\"https:\\\/\\\/www.organisator.ch\\\/#\\\/schema\\\/logo\\\/image\\\/\",\"url\":\"https:\\\/\\\/www.organisator.ch\\\/wp-content\\\/uploads\\\/2022\\\/01\\\/Logo_Organisator_Website.png\",\"contentUrl\":\"https:\\\/\\\/www.organisator.ch\\\/wp-content\\\/uploads\\\/2022\\\/01\\\/Logo_Organisator_Website.png\",\"width\":800,\"height\":77,\"caption\":\"Organisator\"},\"image\":{\"@id\":\"https:\\\/\\\/www.organisator.ch\\\/#\\\/schema\\\/logo\\\/image\\\/\"},\"sameAs\":[\"https:\\\/\\\/www.facebook.com\\\/OrganisatorFachmagazin\",\"https:\\\/\\\/www.linkedin.com\\\/showcase\\\/organisator-das-magazin-fr-kmu\",\"https:\\\/\\\/www.xing.com\\\/news\\\/pages\\\/organisator-ch-695\",\"https:\\\/\\\/www.youtube.com\\\/channel\\\/UCGP2Sq0iWaZwT3BdIAQFYpw\"]},{\"@type\":\"Person\",\"@id\":\"https:\\\/\\\/www.organisator.ch\\\/#\\\/schema\\\/person\\\/aa2bace6c5c5aad60102004a50c4eb1c\",\"name\":\"admin\",\"image\":{\"@type\":\"ImageObject\",\"inLanguage\":\"de\",\"@id\":\"https:\\\/\\\/secure.gravatar.com\\\/avatar\\\/ae2f4d718e6c49043e314ce431e7e645d646302a24a5ef5a8bc8e3f5a032e319?s=96&d=mm&r=g\",\"url\":\"https:\\\/\\\/secure.gravatar.com\\\/avatar\\\/ae2f4d718e6c49043e314ce431e7e645d646302a24a5ef5a8bc8e3f5a032e319?s=96&d=mm&r=g\",\"contentUrl\":\"https:\\\/\\\/secure.gravatar.com\\\/avatar\\\/ae2f4d718e6c49043e314ce431e7e645d646302a24a5ef5a8bc8e3f5a032e319?s=96&d=mm&r=g\",\"caption\":\"admin\"},\"sameAs\":[\"https:\\\/\\\/www.organisator.ch\"],\"url\":\"https:\\\/\\\/www.organisator.ch\\\/de\\\/author\\\/admin\\\/\"}]}<\/script>\n<!-- \/ Yoast SEO plugin. -->","yoast_head_json":{"title":"Schweiz vom Klimawandel stark betroffen - Organisator","description":"Ob zwei oder drei Grad mehr: Diese anscheinend kleine Differenz hat auf die Schweiz massive Auswirkungen. Dies zeigen wissenschaftliche Studien.","robots":{"index":"index","follow":"follow","max-snippet":"max-snippet:-1","max-image-preview":"max-image-preview:large","max-video-preview":"max-video-preview:-1"},"canonical":"https:\/\/www.organisator.ch\/de\/sustainability\/2017-03-01\/schweiz-vom-klimawandel-stark-betroffen\/","og_locale":"de_DE","og_type":"article","og_title":"Schweiz vom Klimawandel stark betroffen - Organisator","og_description":"Ob zwei oder drei Grad mehr: Diese anscheinend kleine Differenz hat auf die Schweiz massive Auswirkungen. Dies zeigen wissenschaftliche Studien.","og_url":"https:\/\/www.organisator.ch\/de\/sustainability\/2017-03-01\/schweiz-vom-klimawandel-stark-betroffen\/","og_site_name":"Organisator","article_publisher":"https:\/\/www.facebook.com\/OrganisatorFachmagazin","article_published_time":"2017-03-01T09:54:31+00:00","article_modified_time":"2022-02-09T10:06:56+00:00","og_image":[{"width":2560,"height":1920,"url":"https:\/\/www.organisator.ch\/wp-content\/uploads\/2017\/03\/Schneekanonen_Lachtal_20111029_2-scaled.jpg","type":"image\/jpeg"}],"author":"admin","twitter_card":"summary_large_image","schema":{"@context":"https:\/\/schema.org","@graph":[{"@type":"Article","@id":"https:\/\/www.organisator.ch\/sustainability\/2017-03-01\/schweiz-vom-klimawandel-stark-betroffen\/#article","isPartOf":{"@id":"https:\/\/www.organisator.ch\/sustainability\/2017-03-01\/schweiz-vom-klimawandel-stark-betroffen\/"},"author":{"name":"admin","@id":"https:\/\/www.organisator.ch\/#\/schema\/person\/aa2bace6c5c5aad60102004a50c4eb1c"},"headline":"Schweiz vom Klimawandel stark betroffen","datePublished":"2017-03-01T09:54:31+00:00","dateModified":"2022-02-09T10:06:56+00:00","mainEntityOfPage":{"@id":"https:\/\/www.organisator.ch\/sustainability\/2017-03-01\/schweiz-vom-klimawandel-stark-betroffen\/"},"wordCount":586,"commentCount":0,"publisher":{"@id":"https:\/\/www.organisator.ch\/#organization"},"image":{"@id":"https:\/\/www.organisator.ch\/sustainability\/2017-03-01\/schweiz-vom-klimawandel-stark-betroffen\/#primaryimage"},"thumbnailUrl":"https:\/\/www.organisator.ch\/wp-content\/uploads\/2017\/03\/Schneekanonen_Lachtal_20111029_2-scaled.jpg","keywords":["Klimawandel","Nationalrat","Pariser Klimaabkommen"],"articleSection":["SUSTAINABILITY"],"inLanguage":"de"},{"@type":"WebPage","@id":"https:\/\/www.organisator.ch\/sustainability\/2017-03-01\/schweiz-vom-klimawandel-stark-betroffen\/","url":"https:\/\/www.organisator.ch\/sustainability\/2017-03-01\/schweiz-vom-klimawandel-stark-betroffen\/","name":"Schweiz vom Klimawandel stark betroffen - Organisator","isPartOf":{"@id":"https:\/\/www.organisator.ch\/#website"},"primaryImageOfPage":{"@id":"https:\/\/www.organisator.ch\/sustainability\/2017-03-01\/schweiz-vom-klimawandel-stark-betroffen\/#primaryimage"},"image":{"@id":"https:\/\/www.organisator.ch\/sustainability\/2017-03-01\/schweiz-vom-klimawandel-stark-betroffen\/#primaryimage"},"thumbnailUrl":"https:\/\/www.organisator.ch\/wp-content\/uploads\/2017\/03\/Schneekanonen_Lachtal_20111029_2-scaled.jpg","datePublished":"2017-03-01T09:54:31+00:00","dateModified":"2022-02-09T10:06:56+00:00","description":"Ob zwei oder drei Grad mehr: Diese anscheinend kleine Differenz hat auf die Schweiz massive Auswirkungen. Dies zeigen wissenschaftliche Studien.","breadcrumb":{"@id":"https:\/\/www.organisator.ch\/sustainability\/2017-03-01\/schweiz-vom-klimawandel-stark-betroffen\/#breadcrumb"},"inLanguage":"de","potentialAction":[{"@type":"ReadAction","target":["https:\/\/www.organisator.ch\/sustainability\/2017-03-01\/schweiz-vom-klimawandel-stark-betroffen\/"]}]},{"@type":"ImageObject","inLanguage":"de","@id":"https:\/\/www.organisator.ch\/sustainability\/2017-03-01\/schweiz-vom-klimawandel-stark-betroffen\/#primaryimage","url":"https:\/\/www.organisator.ch\/wp-content\/uploads\/2017\/03\/Schneekanonen_Lachtal_20111029_2-scaled.jpg","contentUrl":"https:\/\/www.organisator.ch\/wp-content\/uploads\/2017\/03\/Schneekanonen_Lachtal_20111029_2-scaled.jpg","width":2560,"height":1920,"caption":"Skipiste ohne Schnee: Die Auswirkungen der Klimaerw\u00e4rmung auf die Schweiz sind \u00fcberdurchschnittlich stark."},{"@type":"BreadcrumbList","@id":"https:\/\/www.organisator.ch\/sustainability\/2017-03-01\/schweiz-vom-klimawandel-stark-betroffen\/#breadcrumb","itemListElement":[{"@type":"ListItem","position":1,"name":"Home","item":"https:\/\/www.organisator.ch\/"},{"@type":"ListItem","position":2,"name":"Schweiz vom Klimawandel stark betroffen"}]},{"@type":"WebSite","@id":"https:\/\/www.organisator.ch\/#website","url":"https:\/\/www.organisator.ch\/","name":"Organisator","description":"Kompetent. Praxisnah. Der ORGANISATOR bereitet in 10 Ausgaben pro Jahr die wesentlichen Themen f\u00fcr F\u00fchrungskr\u00e4fte von KMU auf.","publisher":{"@id":"https:\/\/www.organisator.ch\/#organization"},"potentialAction":[{"@type":"SearchAction","target":{"@type":"EntryPoint","urlTemplate":"https:\/\/www.organisator.ch\/?s={search_term_string}"},"query-input":{"@type":"PropertyValueSpecification","valueRequired":true,"valueName":"search_term_string"}}],"inLanguage":"de"},{"@type":"Organization","@id":"https:\/\/www.organisator.ch\/#organization","name":"Organisator","url":"https:\/\/www.organisator.ch\/","logo":{"@type":"ImageObject","inLanguage":"de","@id":"https:\/\/www.organisator.ch\/#\/schema\/logo\/image\/","url":"https:\/\/www.organisator.ch\/wp-content\/uploads\/2022\/01\/Logo_Organisator_Website.png","contentUrl":"https:\/\/www.organisator.ch\/wp-content\/uploads\/2022\/01\/Logo_Organisator_Website.png","width":800,"height":77,"caption":"Organisator"},"image":{"@id":"https:\/\/www.organisator.ch\/#\/schema\/logo\/image\/"},"sameAs":["https:\/\/www.facebook.com\/OrganisatorFachmagazin","https:\/\/www.linkedin.com\/showcase\/organisator-das-magazin-fr-kmu","https:\/\/www.xing.com\/news\/pages\/organisator-ch-695","https:\/\/www.youtube.com\/channel\/UCGP2Sq0iWaZwT3BdIAQFYpw"]},{"@type":"Person","@id":"https:\/\/www.organisator.ch\/#\/schema\/person\/aa2bace6c5c5aad60102004a50c4eb1c","name":"admin","image":{"@type":"ImageObject","inLanguage":"de","@id":"https:\/\/secure.gravatar.com\/avatar\/ae2f4d718e6c49043e314ce431e7e645d646302a24a5ef5a8bc8e3f5a032e319?s=96&d=mm&r=g","url":"https:\/\/secure.gravatar.com\/avatar\/ae2f4d718e6c49043e314ce431e7e645d646302a24a5ef5a8bc8e3f5a032e319?s=96&d=mm&r=g","contentUrl":"https:\/\/secure.gravatar.com\/avatar\/ae2f4d718e6c49043e314ce431e7e645d646302a24a5ef5a8bc8e3f5a032e319?s=96&d=mm&r=g","caption":"admin"},"sameAs":["https:\/\/www.organisator.ch"],"url":"https:\/\/www.organisator.ch\/de\/author\/admin\/"}]}},"_links":{"self":[{"href":"https:\/\/www.organisator.ch\/de\/wp-json\/wp\/v2\/posts\/801","targetHints":{"allow":["GET"]}}],"collection":[{"href":"https:\/\/www.organisator.ch\/de\/wp-json\/wp\/v2\/posts"}],"about":[{"href":"https:\/\/www.organisator.ch\/de\/wp-json\/wp\/v2\/types\/post"}],"author":[{"embeddable":true,"href":"https:\/\/www.organisator.ch\/de\/wp-json\/wp\/v2\/users\/1"}],"replies":[{"embeddable":true,"href":"https:\/\/www.organisator.ch\/de\/wp-json\/wp\/v2\/comments?post=801"}],"version-history":[{"count":1,"href":"https:\/\/www.organisator.ch\/de\/wp-json\/wp\/v2\/posts\/801\/revisions"}],"predecessor-version":[{"id":10737,"href":"https:\/\/www.organisator.ch\/de\/wp-json\/wp\/v2\/posts\/801\/revisions\/10737"}],"wp:featuredmedia":[{"embeddable":true,"href":"https:\/\/www.organisator.ch\/de\/wp-json\/wp\/v2\/media\/802"}],"wp:attachment":[{"href":"https:\/\/www.organisator.ch\/de\/wp-json\/wp\/v2\/media?parent=801"}],"wp:term":[{"taxonomy":"category","embeddable":true,"href":"https:\/\/www.organisator.ch\/de\/wp-json\/wp\/v2\/categories?post=801"},{"taxonomy":"post_tag","embeddable":true,"href":"https:\/\/www.organisator.ch\/de\/wp-json\/wp\/v2\/tags?post=801"}],"curies":[{"name":"wp","href":"https:\/\/api.w.org\/{rel}","templated":true}]}}