{"id":8027,"date":"2021-05-17T08:02:22","date_gmt":"2021-05-17T06:02:22","guid":{"rendered":"https:\/\/www.organisator.ch\/?p=8027"},"modified":"2021-05-17T08:02:22","modified_gmt":"2021-05-17T06:02:22","slug":"verband-frauenunternehmen-vfu-bestellt-neuen-vorstand","status":"publish","type":"post","link":"https:\/\/www.organisator.ch\/de\/management\/2021-05-17\/verband-frauenunternehmen-vfu-bestellt-neuen-vorstand\/","title":{"rendered":"Verband Frauenunternehmen (VFU) bestellt neuen Vorstand"},"content":{"rendered":"<figure id=\"attachment_8028\" aria-describedby=\"caption-attachment-8028\" style=\"width: 677px\" class=\"wp-caption alignnone\"><img loading=\"lazy\" decoding=\"async\" class=\"size-full wp-image-8028\" src=\"https:\/\/www.organisator.ch\/wp-content\/uploads\/2021\/05\/Verband-Frauenunternehmen-VFU-bestellt-neuen-Vorstand_Organisator.jpg\" alt=\"\" width=\"677\" height=\"616\" srcset=\"https:\/\/www.organisator.ch\/wp-content\/uploads\/2021\/05\/Verband-Frauenunternehmen-VFU-bestellt-neuen-Vorstand_Organisator.jpg 677w, https:\/\/www.organisator.ch\/wp-content\/uploads\/2021\/05\/Verband-Frauenunternehmen-VFU-bestellt-neuen-Vorstand_Organisator-13x12.jpg 13w, https:\/\/www.organisator.ch\/wp-content\/uploads\/2021\/05\/Verband-Frauenunternehmen-VFU-bestellt-neuen-Vorstand_Organisator-192x175.jpg 192w, https:\/\/www.organisator.ch\/wp-content\/uploads\/2021\/05\/Verband-Frauenunternehmen-VFU-bestellt-neuen-Vorstand_Organisator-385x350.jpg 385w, https:\/\/www.organisator.ch\/wp-content\/uploads\/2021\/05\/Verband-Frauenunternehmen-VFU-bestellt-neuen-Vorstand_Organisator-300x273.jpg 300w\" sizes=\"auto, (max-width: 677px) 100vw, 677px\" \/><figcaption id=\"caption-attachment-8028\" class=\"wp-caption-text\">Der Verband Frauenunternehmen und sein neuer Vorstand (im Uhrzeigersinn): Riccarda Mecklenburg (Pr\u00e4sidentin), Sandra Fl\u00fcckiger, Annemarie Sulzer, Sandra Gill, Judith Niederberger. (Bilder: VFU)<\/figcaption><\/figure>\n<p>Der Verband Frauenunternehmen hat sich neu konstituiert. An der ordentlichen Mitgliederversammlung vom 12. Mai 2021 wurde Riccarda Mecklenburg als Pr\u00e4sidentin gew\u00e4hlt. Sie ist seit 2017 im Vorstand und betreute bis anhin den Bereich Kommunikation und \u00d6ffentlichkeitsarbeit. Die Unternehmerinnen best\u00e4tigten ferner Sandra Fl\u00fcckiger als Finanzchefin und w\u00e4hlten neu in den Vorstand Annemarie Sulzer, Sponsoring und Kooperation. Ebenfalls neu wurden in den Vorstand Judith Niederberger und Sandra Gill gew\u00e4hlt. Sie teilen sich das umfangreiche Dossier Marketing und Kommunikation.<\/p>\n<h2>Verband Frauenunternehmen auf Wachstumskurs<\/h2>\n<p>\u00abUnser Verband Frauenunternehmen ist auf Wachstumskurs, denn immer mehr Frauen erkennen die Vorteile, sich selbst\u00e4ndig zu machen und ihren eigenen Weg zu gehen. Auch wenn die Pandemie unsere Unternehmerinnen zum Teil hart getroffen hat, gibt kaum eine auf. Das zeigt, wie befriedigend es ist, sein eigenes Unternehmen zu haben\u00bb, sagt Riccarda Mecklenburg. \u00abDiesen Spirit wollen wir st\u00e4rken und unsere Mitglieder in allen Phasen von ihrer unternehmerischen T\u00e4tigkeiten mit Wissensaustausch, Weiterbildung und einem starken Netzwerk unterst\u00fctzen.\u00bb<\/p>\n<h2>Die neuen und bisherigen Vorstandsmitglieder<\/h2>\n<p>Der neugew\u00e4hlte Vorstand dankte der scheidenden Pr\u00e4sidentin Chantal Schmelz sowie Irene Widmer und Sandra Grimmer f\u00fcr den Einsatz im Vorstand und w\u00fcnschte allen weiterhin viel Erfolg als Unternehmerinnen.<\/p>\n<p><strong>Riccarda Mecklenburg<\/strong> ist Inhaberin der Crowdfunding-Agentur CrowdConsul und Founder von What the Hack, das Female driven Hackathons organisiert. Sie ist Stiftungsr\u00e4tin des Z\u00fcrcher Journalistenpreis, ist Mitglied bei BoardFinder, schreibt regelm\u00e4ssig Kolumnen f\u00fcr die Handels-zeitung und ist seit einigen Wochen begeisterte Co-Moderatorin auf Clubhouse beim \u00ab1-Satz-Literaturclub\u00bb.<\/p>\n<p><strong>Annemarie Sulzer<\/strong> ist Inhaberin von PharmaSelect AG und seit vielen Jahren erfolgreich aktiv als Unternehmerin. Sie konnte sich einen Namen in der Schweizer Pharma- und HealthCare Branche erarbeiten und rekrutiert Professionals in Sales, Marketing und Medical f\u00fcr nationale und internationale Unternehmen. Gleichzeitig ist sie als Mentorin f\u00fcr gut qualifizierte Stellensuchende 50+ f\u00fcr das RAV Zug ehrenamtlich t\u00e4tig.<\/p>\n<p><strong>Sandra Fl<\/strong><strong>\u00fc<\/strong><strong>ckiger<\/strong> ist Inhaberin der FF Finanzberatung Fl\u00fcckiger. Sie erstellt Finanz- und Vorsorgepl\u00e4ne und beratet Kunden in Vorsorge- und Anlagefragen. Das Besondere ist, dass sie das lebt was schon lange gefordert wird: Eine Beratung soll honoriert werden und nicht durch verdeckte Kickbacks bezahlt werden, so bekommt der Kunde immer die beste L\u00f6sung.<\/p>\n<p><strong>Judith Niederberger<\/strong> bringt langj\u00e4hrige F\u00fchrungs- und Projektleitungserfahrung aus diversen Branchen mit: Bank\/Versicherung, IT, Textilindustrie, Kulturmanagement. Heute ist sie Inhaberin der Kommunikationsagentur Lakritza in Aarau sowie Initiatorin und Moderatorin des \u00ab1-Satz-Literaturclubs\u00bb.<\/p>\n<p><strong>Sandra Gill <\/strong>ist unter anderem selbst\u00e4ndig als Personal Branding Fotografin, wo sie f\u00fcr Selbst\u00e4ndige und KMUs visuelle Geschichten festh\u00e4lt. Im kreativen Bereich liebt sie das sch\u00f6ne Schreiben und bietet im Bereich Handlettering verschiedene Workshops an.\u00a0Ihre langj\u00e4hrige F\u00fchrungs-,\u00a0Projektleitungs- und Marketingerfahrung, kann sie im VFU optimal einsetzen.<\/p>\n<h2>Unternehmerinnentum f\u00f6rdern<\/h2>\n<p>Der Verband Frauenunternehmen engagiert sich seit 1998 f\u00fcr den Erfolg von Unternehmerinnen und st\u00e4rkt deren stetig wachsende Bedeutung f\u00fcr die Schweizer Wirtschaft. Er steht seinen Mitgliedern mit Rat und Tat aktiv zur Seite und geh\u00f6rt zu den f\u00fchrenden Frauenwirtschaftsverb\u00e4nden der Schweiz. Unter anderem verf\u00fcgt der Verband mit der Sammelstiftung Impavida \u00fcber eine attraktive, branchen\u00fcbergreifende L\u00f6sung f\u00fcr die berufliche Vorsorge von Einzelunternehmerinnen.<\/p>\n<p><em>Weitere Informationen: Verband Frauenunternehmen (<a href=\"http:\/\/www.frauenunternehmen.ch\">VFU<\/a>)<\/em><\/p>\n","protected":false},"excerpt":{"rendered":"<p>Der Verband Frauenunternehmen hat sich neu konstituiert. An der ordentlichen Mitgliederversammlung vom 12. Mai 2021 wurde Riccarda Mecklenburg als Pr\u00e4sidentin gew\u00e4hlt. Sie ist seit 2017 im Vorstand und betreute bis anhin den Bereich Kommunikation und \u00d6ffentlichkeitsarbeit. Die Unternehmerinnen best\u00e4tigten ferner Sandra Fl\u00fcckiger als Finanzchefin und w\u00e4hlten neu in den Vorstand Annemarie Sulzer, Sponsoring und Kooperation. [&hellip;]<\/p>\n","protected":false},"author":4,"featured_media":8028,"comment_status":"closed","ping_status":"closed","sticky":false,"template":"","format":"standard","meta":{"_acf_changed":false,"_yoast_wpseo_focuskw":"Verband Frauenunternehmen","_yoast_wpseo_metadesc":"Der Verband Frauenunternehmen (VFU) hat Riccarda Mecklenburg zur neuen Pr\u00e4sidentin gew\u00e4hlt. Auch weitere Positionen im Vorstand wurden neu besetzt.","articlekey":"","footnotes":""},"categories":[28],"tags":[335,492,503],"class_list":["post-8027","post","type-post","status-publish","format-standard","has-post-thumbnail","hentry","category-management","tag-management-und-unternehmensfuehrung","tag-unternehmen","tag-verbaende"],"acf":[],"yoast_head":"<!-- This site is optimized with the Yoast SEO plugin v27.5 - https:\/\/yoast.com\/product\/yoast-seo-wordpress\/ -->\n<title>Verband Frauenunternehmen (VFU) bestellt neuen Vorstand - Organisator<\/title>\n<meta name=\"description\" content=\"Der Verband Frauenunternehmen (VFU) hat Riccarda Mecklenburg zur neuen Pr\u00e4sidentin gew\u00e4hlt. Auch weitere Positionen im Vorstand wurden neu besetzt.\" \/>\n<meta name=\"robots\" content=\"index, follow, max-snippet:-1, max-image-preview:large, max-video-preview:-1\" \/>\n<link rel=\"canonical\" href=\"https:\/\/www.organisator.ch\/de\/management\/2021-05-17\/verband-frauenunternehmen-vfu-bestellt-neuen-vorstand\/\" \/>\n<meta property=\"og:locale\" content=\"de_DE\" \/>\n<meta property=\"og:type\" content=\"article\" \/>\n<meta property=\"og:title\" content=\"Verband Frauenunternehmen (VFU) bestellt neuen Vorstand\" \/>\n<meta property=\"og:description\" content=\"Der Verband Frauenunternehmen (VFU) hat Riccarda Mecklenburg zur neuen Pr\u00e4sidentin gew\u00e4hlt. Auch weitere Positionen im Vorstand wurden neu besetzt.\" \/>\n<meta property=\"og:url\" content=\"https:\/\/www.organisator.ch\/de\/management\/2021-05-17\/verband-frauenunternehmen-vfu-bestellt-neuen-vorstand\/\" \/>\n<meta property=\"og:site_name\" content=\"Organisator\" \/>\n<meta property=\"article:publisher\" content=\"https:\/\/www.facebook.com\/OrganisatorFachmagazin\" \/>\n<meta property=\"article:published_time\" content=\"2021-05-17T06:02:22+00:00\" \/>\n<meta property=\"og:image\" content=\"https:\/\/www.organisator.ch\/wp-content\/uploads\/2021\/05\/Verband-Frauenunternehmen-VFU-bestellt-neuen-Vorstand_Organisator.jpg\" \/>\n\t<meta property=\"og:image:width\" content=\"677\" \/>\n\t<meta property=\"og:image:height\" content=\"616\" \/>\n\t<meta property=\"og:image:type\" content=\"image\/jpeg\" \/>\n<meta name=\"author\" content=\"thomas.berner\" \/>\n<meta name=\"twitter:card\" content=\"summary_large_image\" \/>\n<meta name=\"twitter:title\" content=\"Verband Frauenunternehmen (#VFU) bestellt neuen Vorstand\" \/>\n<meta name=\"twitter:description\" content=\"Der Verband Frauenunternehmen (#VFU) hat Riccarda #Mecklenburg zur neuen Pr\u00e4sidentin gew\u00e4hlt. Auch weitere Positionen im Vorstand wurden neu besetzt.\" \/>\n<meta name=\"twitter:image\" content=\"https:\/\/www.organisator.ch\/wp-content\/uploads\/2021\/05\/Verband-Frauenunternehmen-VFU-bestellt-neuen-Vorstand_Organisator.jpg\" \/>\n<script type=\"application\/ld+json\" class=\"yoast-schema-graph\">{\"@context\":\"https:\\\/\\\/schema.org\",\"@graph\":[{\"@type\":\"Article\",\"@id\":\"https:\\\/\\\/www.organisator.ch\\\/management\\\/2021-05-17\\\/verband-frauenunternehmen-vfu-bestellt-neuen-vorstand\\\/#article\",\"isPartOf\":{\"@id\":\"https:\\\/\\\/www.organisator.ch\\\/management\\\/2021-05-17\\\/verband-frauenunternehmen-vfu-bestellt-neuen-vorstand\\\/\"},\"author\":{\"name\":\"thomas.berner\",\"@id\":\"https:\\\/\\\/www.organisator.ch\\\/#\\\/schema\\\/person\\\/6f650f90b2842cd4c0cc334b4e36f67e\"},\"headline\":\"Verband Frauenunternehmen (VFU) bestellt neuen Vorstand\",\"datePublished\":\"2021-05-17T06:02:22+00:00\",\"mainEntityOfPage\":{\"@id\":\"https:\\\/\\\/www.organisator.ch\\\/management\\\/2021-05-17\\\/verband-frauenunternehmen-vfu-bestellt-neuen-vorstand\\\/\"},\"wordCount\":566,\"publisher\":{\"@id\":\"https:\\\/\\\/www.organisator.ch\\\/#organization\"},\"image\":{\"@id\":\"https:\\\/\\\/www.organisator.ch\\\/management\\\/2021-05-17\\\/verband-frauenunternehmen-vfu-bestellt-neuen-vorstand\\\/#primaryimage\"},\"thumbnailUrl\":\"https:\\\/\\\/www.organisator.ch\\\/wp-content\\\/uploads\\\/2021\\\/05\\\/Verband-Frauenunternehmen-VFU-bestellt-neuen-Vorstand_Organisator.jpg\",\"keywords\":[\"Management und Unternehmensf\u00fchrung\",\"Unternehmen\",\"Verb\u00e4nde\"],\"articleSection\":[\"MANAGEMENT\"],\"inLanguage\":\"de\"},{\"@type\":\"WebPage\",\"@id\":\"https:\\\/\\\/www.organisator.ch\\\/management\\\/2021-05-17\\\/verband-frauenunternehmen-vfu-bestellt-neuen-vorstand\\\/\",\"url\":\"https:\\\/\\\/www.organisator.ch\\\/management\\\/2021-05-17\\\/verband-frauenunternehmen-vfu-bestellt-neuen-vorstand\\\/\",\"name\":\"Verband Frauenunternehmen (VFU) bestellt neuen Vorstand - Organisator\",\"isPartOf\":{\"@id\":\"https:\\\/\\\/www.organisator.ch\\\/#website\"},\"primaryImageOfPage\":{\"@id\":\"https:\\\/\\\/www.organisator.ch\\\/management\\\/2021-05-17\\\/verband-frauenunternehmen-vfu-bestellt-neuen-vorstand\\\/#primaryimage\"},\"image\":{\"@id\":\"https:\\\/\\\/www.organisator.ch\\\/management\\\/2021-05-17\\\/verband-frauenunternehmen-vfu-bestellt-neuen-vorstand\\\/#primaryimage\"},\"thumbnailUrl\":\"https:\\\/\\\/www.organisator.ch\\\/wp-content\\\/uploads\\\/2021\\\/05\\\/Verband-Frauenunternehmen-VFU-bestellt-neuen-Vorstand_Organisator.jpg\",\"datePublished\":\"2021-05-17T06:02:22+00:00\",\"description\":\"Der Verband Frauenunternehmen (VFU) hat Riccarda Mecklenburg zur neuen Pr\u00e4sidentin gew\u00e4hlt. Auch weitere Positionen im Vorstand wurden neu besetzt.\",\"breadcrumb\":{\"@id\":\"https:\\\/\\\/www.organisator.ch\\\/management\\\/2021-05-17\\\/verband-frauenunternehmen-vfu-bestellt-neuen-vorstand\\\/#breadcrumb\"},\"inLanguage\":\"de\",\"potentialAction\":[{\"@type\":\"ReadAction\",\"target\":[\"https:\\\/\\\/www.organisator.ch\\\/management\\\/2021-05-17\\\/verband-frauenunternehmen-vfu-bestellt-neuen-vorstand\\\/\"]}]},{\"@type\":\"ImageObject\",\"inLanguage\":\"de\",\"@id\":\"https:\\\/\\\/www.organisator.ch\\\/management\\\/2021-05-17\\\/verband-frauenunternehmen-vfu-bestellt-neuen-vorstand\\\/#primaryimage\",\"url\":\"https:\\\/\\\/www.organisator.ch\\\/wp-content\\\/uploads\\\/2021\\\/05\\\/Verband-Frauenunternehmen-VFU-bestellt-neuen-Vorstand_Organisator.jpg\",\"contentUrl\":\"https:\\\/\\\/www.organisator.ch\\\/wp-content\\\/uploads\\\/2021\\\/05\\\/Verband-Frauenunternehmen-VFU-bestellt-neuen-Vorstand_Organisator.jpg\",\"width\":677,\"height\":616,\"caption\":\"Der Verband Frauenunternehmen und sein neuer Vorstand (im Uhrzeigersinn): Riccarda Mecklenburg (Pr\u00e4sidentin), Sandra Fl\u00fcckiger, Annemarie Sulzer, Sandra Gill, Judith Niederberger. (Bilder: VFU)\"},{\"@type\":\"BreadcrumbList\",\"@id\":\"https:\\\/\\\/www.organisator.ch\\\/management\\\/2021-05-17\\\/verband-frauenunternehmen-vfu-bestellt-neuen-vorstand\\\/#breadcrumb\",\"itemListElement\":[{\"@type\":\"ListItem\",\"position\":1,\"name\":\"Home\",\"item\":\"https:\\\/\\\/www.organisator.ch\\\/\"},{\"@type\":\"ListItem\",\"position\":2,\"name\":\"Verband Frauenunternehmen (VFU) bestellt neuen Vorstand\"}]},{\"@type\":\"WebSite\",\"@id\":\"https:\\\/\\\/www.organisator.ch\\\/#website\",\"url\":\"https:\\\/\\\/www.organisator.ch\\\/\",\"name\":\"Organisator\",\"description\":\"Kompetent. Praxisnah. Der ORGANISATOR bereitet in 10 Ausgaben pro Jahr die wesentlichen Themen f\u00fcr F\u00fchrungskr\u00e4fte von KMU auf.\",\"publisher\":{\"@id\":\"https:\\\/\\\/www.organisator.ch\\\/#organization\"},\"potentialAction\":[{\"@type\":\"SearchAction\",\"target\":{\"@type\":\"EntryPoint\",\"urlTemplate\":\"https:\\\/\\\/www.organisator.ch\\\/?s={search_term_string}\"},\"query-input\":{\"@type\":\"PropertyValueSpecification\",\"valueRequired\":true,\"valueName\":\"search_term_string\"}}],\"inLanguage\":\"de\"},{\"@type\":\"Organization\",\"@id\":\"https:\\\/\\\/www.organisator.ch\\\/#organization\",\"name\":\"Organisator\",\"url\":\"https:\\\/\\\/www.organisator.ch\\\/\",\"logo\":{\"@type\":\"ImageObject\",\"inLanguage\":\"de\",\"@id\":\"https:\\\/\\\/www.organisator.ch\\\/#\\\/schema\\\/logo\\\/image\\\/\",\"url\":\"https:\\\/\\\/www.organisator.ch\\\/wp-content\\\/uploads\\\/2022\\\/01\\\/Logo_Organisator_Website.png\",\"contentUrl\":\"https:\\\/\\\/www.organisator.ch\\\/wp-content\\\/uploads\\\/2022\\\/01\\\/Logo_Organisator_Website.png\",\"width\":800,\"height\":77,\"caption\":\"Organisator\"},\"image\":{\"@id\":\"https:\\\/\\\/www.organisator.ch\\\/#\\\/schema\\\/logo\\\/image\\\/\"},\"sameAs\":[\"https:\\\/\\\/www.facebook.com\\\/OrganisatorFachmagazin\",\"https:\\\/\\\/www.linkedin.com\\\/showcase\\\/organisator-das-magazin-fr-kmu\",\"https:\\\/\\\/www.xing.com\\\/news\\\/pages\\\/organisator-ch-695\",\"https:\\\/\\\/www.youtube.com\\\/channel\\\/UCGP2Sq0iWaZwT3BdIAQFYpw\"]},{\"@type\":\"Person\",\"@id\":\"https:\\\/\\\/www.organisator.ch\\\/#\\\/schema\\\/person\\\/6f650f90b2842cd4c0cc334b4e36f67e\",\"name\":\"thomas.berner\",\"image\":{\"@type\":\"ImageObject\",\"inLanguage\":\"de\",\"@id\":\"https:\\\/\\\/secure.gravatar.com\\\/avatar\\\/ac5001d2a36cb6c6cd3e50789007ffca834b477b74a2144564522e944eabff61?s=96&d=mm&r=g\",\"url\":\"https:\\\/\\\/secure.gravatar.com\\\/avatar\\\/ac5001d2a36cb6c6cd3e50789007ffca834b477b74a2144564522e944eabff61?s=96&d=mm&r=g\",\"contentUrl\":\"https:\\\/\\\/secure.gravatar.com\\\/avatar\\\/ac5001d2a36cb6c6cd3e50789007ffca834b477b74a2144564522e944eabff61?s=96&d=mm&r=g\",\"caption\":\"thomas.berner\"},\"url\":\"https:\\\/\\\/www.organisator.ch\\\/de\\\/author\\\/thomas-berner\\\/\"}]}<\/script>\n<!-- \/ Yoast SEO plugin. -->","yoast_head_json":{"title":"Verband Frauenunternehmen (VFU) bestellt neuen Vorstand - Organisator","description":"Der Verband Frauenunternehmen (VFU) hat Riccarda Mecklenburg zur neuen Pr\u00e4sidentin gew\u00e4hlt. Auch weitere Positionen im Vorstand wurden neu besetzt.","robots":{"index":"index","follow":"follow","max-snippet":"max-snippet:-1","max-image-preview":"max-image-preview:large","max-video-preview":"max-video-preview:-1"},"canonical":"https:\/\/www.organisator.ch\/de\/management\/2021-05-17\/verband-frauenunternehmen-vfu-bestellt-neuen-vorstand\/","og_locale":"de_DE","og_type":"article","og_title":"Verband Frauenunternehmen (VFU) bestellt neuen Vorstand","og_description":"Der Verband Frauenunternehmen (VFU) hat Riccarda Mecklenburg zur neuen Pr\u00e4sidentin gew\u00e4hlt. Auch weitere Positionen im Vorstand wurden neu besetzt.","og_url":"https:\/\/www.organisator.ch\/de\/management\/2021-05-17\/verband-frauenunternehmen-vfu-bestellt-neuen-vorstand\/","og_site_name":"Organisator","article_publisher":"https:\/\/www.facebook.com\/OrganisatorFachmagazin","article_published_time":"2021-05-17T06:02:22+00:00","og_image":[{"width":677,"height":616,"url":"https:\/\/www.organisator.ch\/wp-content\/uploads\/2021\/05\/Verband-Frauenunternehmen-VFU-bestellt-neuen-Vorstand_Organisator.jpg","type":"image\/jpeg"}],"author":"thomas.berner","twitter_card":"summary_large_image","twitter_title":"Verband Frauenunternehmen (#VFU) bestellt neuen Vorstand","twitter_description":"Der Verband Frauenunternehmen (#VFU) hat Riccarda #Mecklenburg zur neuen Pr\u00e4sidentin gew\u00e4hlt. Auch weitere Positionen im Vorstand wurden neu besetzt.","twitter_image":"https:\/\/www.organisator.ch\/wp-content\/uploads\/2021\/05\/Verband-Frauenunternehmen-VFU-bestellt-neuen-Vorstand_Organisator.jpg","schema":{"@context":"https:\/\/schema.org","@graph":[{"@type":"Article","@id":"https:\/\/www.organisator.ch\/management\/2021-05-17\/verband-frauenunternehmen-vfu-bestellt-neuen-vorstand\/#article","isPartOf":{"@id":"https:\/\/www.organisator.ch\/management\/2021-05-17\/verband-frauenunternehmen-vfu-bestellt-neuen-vorstand\/"},"author":{"name":"thomas.berner","@id":"https:\/\/www.organisator.ch\/#\/schema\/person\/6f650f90b2842cd4c0cc334b4e36f67e"},"headline":"Verband Frauenunternehmen (VFU) bestellt neuen Vorstand","datePublished":"2021-05-17T06:02:22+00:00","mainEntityOfPage":{"@id":"https:\/\/www.organisator.ch\/management\/2021-05-17\/verband-frauenunternehmen-vfu-bestellt-neuen-vorstand\/"},"wordCount":566,"publisher":{"@id":"https:\/\/www.organisator.ch\/#organization"},"image":{"@id":"https:\/\/www.organisator.ch\/management\/2021-05-17\/verband-frauenunternehmen-vfu-bestellt-neuen-vorstand\/#primaryimage"},"thumbnailUrl":"https:\/\/www.organisator.ch\/wp-content\/uploads\/2021\/05\/Verband-Frauenunternehmen-VFU-bestellt-neuen-Vorstand_Organisator.jpg","keywords":["Management und Unternehmensf\u00fchrung","Unternehmen","Verb\u00e4nde"],"articleSection":["MANAGEMENT"],"inLanguage":"de"},{"@type":"WebPage","@id":"https:\/\/www.organisator.ch\/management\/2021-05-17\/verband-frauenunternehmen-vfu-bestellt-neuen-vorstand\/","url":"https:\/\/www.organisator.ch\/management\/2021-05-17\/verband-frauenunternehmen-vfu-bestellt-neuen-vorstand\/","name":"Verband Frauenunternehmen (VFU) bestellt neuen Vorstand - Organisator","isPartOf":{"@id":"https:\/\/www.organisator.ch\/#website"},"primaryImageOfPage":{"@id":"https:\/\/www.organisator.ch\/management\/2021-05-17\/verband-frauenunternehmen-vfu-bestellt-neuen-vorstand\/#primaryimage"},"image":{"@id":"https:\/\/www.organisator.ch\/management\/2021-05-17\/verband-frauenunternehmen-vfu-bestellt-neuen-vorstand\/#primaryimage"},"thumbnailUrl":"https:\/\/www.organisator.ch\/wp-content\/uploads\/2021\/05\/Verband-Frauenunternehmen-VFU-bestellt-neuen-Vorstand_Organisator.jpg","datePublished":"2021-05-17T06:02:22+00:00","description":"Der Verband Frauenunternehmen (VFU) hat Riccarda Mecklenburg zur neuen Pr\u00e4sidentin gew\u00e4hlt. Auch weitere Positionen im Vorstand wurden neu besetzt.","breadcrumb":{"@id":"https:\/\/www.organisator.ch\/management\/2021-05-17\/verband-frauenunternehmen-vfu-bestellt-neuen-vorstand\/#breadcrumb"},"inLanguage":"de","potentialAction":[{"@type":"ReadAction","target":["https:\/\/www.organisator.ch\/management\/2021-05-17\/verband-frauenunternehmen-vfu-bestellt-neuen-vorstand\/"]}]},{"@type":"ImageObject","inLanguage":"de","@id":"https:\/\/www.organisator.ch\/management\/2021-05-17\/verband-frauenunternehmen-vfu-bestellt-neuen-vorstand\/#primaryimage","url":"https:\/\/www.organisator.ch\/wp-content\/uploads\/2021\/05\/Verband-Frauenunternehmen-VFU-bestellt-neuen-Vorstand_Organisator.jpg","contentUrl":"https:\/\/www.organisator.ch\/wp-content\/uploads\/2021\/05\/Verband-Frauenunternehmen-VFU-bestellt-neuen-Vorstand_Organisator.jpg","width":677,"height":616,"caption":"Der Verband Frauenunternehmen und sein neuer Vorstand (im Uhrzeigersinn): Riccarda Mecklenburg (Pr\u00e4sidentin), Sandra Fl\u00fcckiger, Annemarie Sulzer, Sandra Gill, Judith Niederberger. (Bilder: VFU)"},{"@type":"BreadcrumbList","@id":"https:\/\/www.organisator.ch\/management\/2021-05-17\/verband-frauenunternehmen-vfu-bestellt-neuen-vorstand\/#breadcrumb","itemListElement":[{"@type":"ListItem","position":1,"name":"Home","item":"https:\/\/www.organisator.ch\/"},{"@type":"ListItem","position":2,"name":"Verband Frauenunternehmen (VFU) bestellt neuen Vorstand"}]},{"@type":"WebSite","@id":"https:\/\/www.organisator.ch\/#website","url":"https:\/\/www.organisator.ch\/","name":"Organisator","description":"Kompetent. Praxisnah. Der ORGANISATOR bereitet in 10 Ausgaben pro Jahr die wesentlichen Themen f\u00fcr F\u00fchrungskr\u00e4fte von KMU auf.","publisher":{"@id":"https:\/\/www.organisator.ch\/#organization"},"potentialAction":[{"@type":"SearchAction","target":{"@type":"EntryPoint","urlTemplate":"https:\/\/www.organisator.ch\/?s={search_term_string}"},"query-input":{"@type":"PropertyValueSpecification","valueRequired":true,"valueName":"search_term_string"}}],"inLanguage":"de"},{"@type":"Organization","@id":"https:\/\/www.organisator.ch\/#organization","name":"Organisator","url":"https:\/\/www.organisator.ch\/","logo":{"@type":"ImageObject","inLanguage":"de","@id":"https:\/\/www.organisator.ch\/#\/schema\/logo\/image\/","url":"https:\/\/www.organisator.ch\/wp-content\/uploads\/2022\/01\/Logo_Organisator_Website.png","contentUrl":"https:\/\/www.organisator.ch\/wp-content\/uploads\/2022\/01\/Logo_Organisator_Website.png","width":800,"height":77,"caption":"Organisator"},"image":{"@id":"https:\/\/www.organisator.ch\/#\/schema\/logo\/image\/"},"sameAs":["https:\/\/www.facebook.com\/OrganisatorFachmagazin","https:\/\/www.linkedin.com\/showcase\/organisator-das-magazin-fr-kmu","https:\/\/www.xing.com\/news\/pages\/organisator-ch-695","https:\/\/www.youtube.com\/channel\/UCGP2Sq0iWaZwT3BdIAQFYpw"]},{"@type":"Person","@id":"https:\/\/www.organisator.ch\/#\/schema\/person\/6f650f90b2842cd4c0cc334b4e36f67e","name":"thomas.berner","image":{"@type":"ImageObject","inLanguage":"de","@id":"https:\/\/secure.gravatar.com\/avatar\/ac5001d2a36cb6c6cd3e50789007ffca834b477b74a2144564522e944eabff61?s=96&d=mm&r=g","url":"https:\/\/secure.gravatar.com\/avatar\/ac5001d2a36cb6c6cd3e50789007ffca834b477b74a2144564522e944eabff61?s=96&d=mm&r=g","contentUrl":"https:\/\/secure.gravatar.com\/avatar\/ac5001d2a36cb6c6cd3e50789007ffca834b477b74a2144564522e944eabff61?s=96&d=mm&r=g","caption":"thomas.berner"},"url":"https:\/\/www.organisator.ch\/de\/author\/thomas-berner\/"}]}},"_links":{"self":[{"href":"https:\/\/www.organisator.ch\/de\/wp-json\/wp\/v2\/posts\/8027","targetHints":{"allow":["GET"]}}],"collection":[{"href":"https:\/\/www.organisator.ch\/de\/wp-json\/wp\/v2\/posts"}],"about":[{"href":"https:\/\/www.organisator.ch\/de\/wp-json\/wp\/v2\/types\/post"}],"author":[{"embeddable":true,"href":"https:\/\/www.organisator.ch\/de\/wp-json\/wp\/v2\/users\/4"}],"replies":[{"embeddable":true,"href":"https:\/\/www.organisator.ch\/de\/wp-json\/wp\/v2\/comments?post=8027"}],"version-history":[{"count":0,"href":"https:\/\/www.organisator.ch\/de\/wp-json\/wp\/v2\/posts\/8027\/revisions"}],"wp:featuredmedia":[{"embeddable":true,"href":"https:\/\/www.organisator.ch\/de\/wp-json\/wp\/v2\/media\/8028"}],"wp:attachment":[{"href":"https:\/\/www.organisator.ch\/de\/wp-json\/wp\/v2\/media?parent=8027"}],"wp:term":[{"taxonomy":"category","embeddable":true,"href":"https:\/\/www.organisator.ch\/de\/wp-json\/wp\/v2\/categories?post=8027"},{"taxonomy":"post_tag","embeddable":true,"href":"https:\/\/www.organisator.ch\/de\/wp-json\/wp\/v2\/tags?post=8027"}],"curies":[{"name":"wp","href":"https:\/\/api.w.org\/{rel}","templated":true}]}}