{"id":803,"date":"2016-06-28T16:58:44","date_gmt":"2016-06-28T14:58:44","guid":{"rendered":"http:\/\/dev.organisator.ch\/?p=803"},"modified":"2016-06-28T16:58:44","modified_gmt":"2016-06-28T14:58:44","slug":"industrie-4-0-chefs-sind-aus-mitarbeitersicht-inkompetent","status":"publish","type":"post","link":"https:\/\/www.organisator.ch\/de\/management\/2016-06-28\/industrie-4-0-chefs-sind-aus-mitarbeitersicht-inkompetent\/","title":{"rendered":"Industrie 4.0: Chefs sind aus Mitarbeitersicht inkompetent"},"content":{"rendered":"<figure id=\"attachment_804\" aria-describedby=\"caption-attachment-804\" style=\"width: 640px\" class=\"wp-caption alignnone\"><img loading=\"lazy\" decoding=\"async\" class=\"size-full wp-image-804\" src=\"https:\/\/www.organisator.ch\/wp-content\/uploads\/2016\/12\/Industrie-4.0-Chefs-sind-aus-Mitarbeitersicht-inkompetent-organisator.jpg\" alt=\"\" width=\"640\" height=\"429\" srcset=\"https:\/\/www.organisator.ch\/wp-content\/uploads\/2016\/12\/Industrie-4.0-Chefs-sind-aus-Mitarbeitersicht-inkompetent-organisator.jpg 640w, https:\/\/www.organisator.ch\/wp-content\/uploads\/2016\/12\/Industrie-4.0-Chefs-sind-aus-Mitarbeitersicht-inkompetent-organisator-16x12.jpg 16w, https:\/\/www.organisator.ch\/wp-content\/uploads\/2016\/12\/Industrie-4.0-Chefs-sind-aus-Mitarbeitersicht-inkompetent-organisator-261x175.jpg 261w, https:\/\/www.organisator.ch\/wp-content\/uploads\/2016\/12\/Industrie-4.0-Chefs-sind-aus-Mitarbeitersicht-inkompetent-organisator-522x350.jpg 522w, https:\/\/www.organisator.ch\/wp-content\/uploads\/2016\/12\/Industrie-4.0-Chefs-sind-aus-Mitarbeitersicht-inkompetent-organisator-300x201.jpg 300w\" sizes=\"auto, (max-width: 640px) 100vw, 640px\" \/><figcaption id=\"caption-attachment-804\" class=\"wp-caption-text\">Drehen am Rad von Industrie 4.0: Jeder dritte Mitarbeitende in Europa h\u00e4lt die Chefs diesbez\u00fcglich f\u00fcr inkompetent. (Foto: Fotolia.com)<\/figcaption><\/figure>\n<p>\u201eDie digitale Transformation ist in vollem Gange. Ein gelungener \u00dcbergang in Richtung Industrie 4.0 und Internet der Dinge ist aber nicht nur eine technische, sondern mindestens genauso eine F\u00fchrungsaufgabe\u201c, sagt Oliver Back, Global COO der ROC Group. \u201eIdealerweise sollte eine Spitzenkraft im Unternehmen die Arbeitswelt der Zukunft bereits heute so weit wie m\u00f6glich leben, um den Mitarbeitern mit gutem Beispiel voranzugehen. Das kann im B\u00fcro sein, in der Produktion oder in der Entwicklungsabteilung.\u201c<\/p>\n<p><strong>Schweizer Manager\u00a0sind kompetenter<\/strong><\/p>\n<p>Die ROC-Studie zeigt dabei durchaus regionale Unterschiede: So bekommen Schweizer und \u00f6sterreichische Manager mit 42 Prozent beziehungsweise 41 Prozent Kompetenz-Zustimmung ein klar besseres Zeugnis in Sachen Industrie 4.0 von ihren Mitarbeitern ausgestellt als die deutschen F\u00fchrungskr\u00e4fte (36 Prozent). Noch schlimmer trifft es die britischen Manager, die sogar nur von gut jedem vierten Arbeitnehmer brauchbares Digital-Know-how attestiert bekommen.<\/p>\n<p>Zumindest etwas h\u00f6her ist die Zuversicht der Besch\u00e4ftigten, dass ihre Vorgesetzten Firma und Mitarbeiter erfolgreich in die k\u00fcnftige Arbeitswelt f\u00fchren. In Deutschland, \u00d6sterreich und der Schweiz baut etwa jeder zweite Angestellte auf eine ansteigende Lernkurve, bei den Briten immerhin noch gut jeder dritte.<\/p>\n<p><strong>Vertrauen in Management nicht hoch genug<\/strong><\/p>\n<p>\u201eWie unsere Befragung zeigt, ist das Vertrauen vieler Mitarbeiter in ihre F\u00fchrungskr\u00e4fte nicht so hoch, wie es angesichts der vor uns stehenden, technologischen und organisatorischen Herausforderungen sein sollte. Das ist durchaus bedenklich \u2013 schlie\u00dflich kommt gerade dem Management die Schl\u00fcsselrolle bei der digitalen Transformation zu\u201c, mahnt Prof. Dr. Armin Trost, Studiendekan an der Hochschule Furtwangen (HFU), der die Studie wissenschaftlich begleitet hat.<\/p>\n<p>Vor diesem Hintergrund sind die HR-Abteilungen der Unternehmen massiv gefordert. \u201eEs ist an den Personalentwicklern, die Chefs und damit dann auch die gesamte Organisation fit f\u00fcr eine neue Unternehmenskultur in der digitalen Zukunft zu machen. Permanentes Lernen in Sachen Arbeitswelt 4.0 ist ein absolutes Muss. Das gilt f\u00fcr jeden Einzelnen im Unternehmen, speziell aber f\u00fcr die F\u00fchrungskr\u00e4fte als Multiplikatoren\u201c, fordert ROC-COO Back.<\/p>\n<p><em>Quelle: <a href=\"http:\/\/www.roc-group.de\" target=\"_blank\" data-cke-saved-href=\"http:\/\/www.roc-group.de\" rel=\"noopener\">www.roc-group.de<\/a><\/em><\/p>\n<p><img loading=\"lazy\" decoding=\"async\" class=\"alignnone size-full wp-image-805\" src=\"https:\/\/www.organisator.ch\/wp-content\/uploads\/2016\/12\/Industrie-4.0-Chefs-sind-aus-Mitarbeitersicht-inkompetent2-organisator.jpg\" alt=\"\" width=\"640\" height=\"480\" srcset=\"https:\/\/www.organisator.ch\/wp-content\/uploads\/2016\/12\/Industrie-4.0-Chefs-sind-aus-Mitarbeitersicht-inkompetent2-organisator.jpg 640w, https:\/\/www.organisator.ch\/wp-content\/uploads\/2016\/12\/Industrie-4.0-Chefs-sind-aus-Mitarbeitersicht-inkompetent2-organisator-16x12.jpg 16w, https:\/\/www.organisator.ch\/wp-content\/uploads\/2016\/12\/Industrie-4.0-Chefs-sind-aus-Mitarbeitersicht-inkompetent2-organisator-233x175.jpg 233w, https:\/\/www.organisator.ch\/wp-content\/uploads\/2016\/12\/Industrie-4.0-Chefs-sind-aus-Mitarbeitersicht-inkompetent2-organisator-467x350.jpg 467w, https:\/\/www.organisator.ch\/wp-content\/uploads\/2016\/12\/Industrie-4.0-Chefs-sind-aus-Mitarbeitersicht-inkompetent2-organisator-300x225.jpg 300w\" sizes=\"auto, (max-width: 640px) 100vw, 640px\" \/><\/p>\n","protected":false},"excerpt":{"rendered":"<p>\u201eDie digitale Transformation ist in vollem Gange. Ein gelungener \u00dcbergang in Richtung Industrie 4.0 und Internet der Dinge ist aber nicht nur eine technische, sondern mindestens genauso eine F\u00fchrungsaufgabe\u201c, sagt Oliver Back, Global COO der ROC Group. \u201eIdealerweise sollte eine Spitzenkraft im Unternehmen die Arbeitswelt der Zukunft bereits heute so weit wie m\u00f6glich leben, um [&hellip;]<\/p>\n","protected":false},"author":1,"featured_media":804,"comment_status":"open","ping_status":"open","sticky":false,"template":"","format":"standard","meta":{"_acf_changed":false,"_yoast_wpseo_focuskw":"Industrie 4.0","_yoast_wpseo_metadesc":"Industrie 4.0: Schlechte Noten f\u00fcr Manager: Nur 30 bis 40 Prozent der Arbeitnehmer bezeichnen die F\u00fchrungskr\u00e4fte in ihrem Unternehmen als absolut kompetent.","articlekey":"","footnotes":""},"categories":[28],"tags":[334,335],"class_list":["post-803","post","type-post","status-publish","format-standard","has-post-thumbnail","hentry","category-management","tag-management","tag-management-und-unternehmensfuehrung"],"acf":[],"yoast_head":"<!-- This site is optimized with the Yoast SEO plugin v27.4 - https:\/\/yoast.com\/product\/yoast-seo-wordpress\/ -->\n<title>Industrie 4.0: Chefs sind aus Mitarbeitersicht inkompetent - Organisator<\/title>\n<meta name=\"description\" content=\"Industrie 4.0: Schlechte Noten f\u00fcr Manager: Nur 30 bis 40 Prozent der Arbeitnehmer bezeichnen die F\u00fchrungskr\u00e4fte in ihrem Unternehmen als absolut kompetent.\" \/>\n<meta name=\"robots\" content=\"index, follow, max-snippet:-1, max-image-preview:large, max-video-preview:-1\" \/>\n<link rel=\"canonical\" href=\"https:\/\/www.organisator.ch\/de\/management\/2016-06-28\/industrie-4-0-chefs-sind-aus-mitarbeitersicht-inkompetent\/\" \/>\n<meta property=\"og:locale\" content=\"de_DE\" \/>\n<meta property=\"og:type\" content=\"article\" \/>\n<meta property=\"og:title\" content=\"Industrie 4.0: Chefs sind aus Mitarbeitersicht inkompetent\" \/>\n<meta property=\"og:description\" content=\"Schlechte Noten f\u00fcr Europas Manager: Nur 30 bis 40 Prozent der Arbeitnehmer bezeichnen die F\u00fchrungskr\u00e4fte in ihrem Unternehmen als absolut kompetent in Sachen \u201eIndustrie 4.0\u201c. Und h\u00f6chstens jeder Zweite traut den Chefs zu, Firma und Mitarbeiter erfolgreich in die Arbeitswelt von morgen zu f\u00fchren. Das sind Ergebnisse der internationalen Studie &quot;Arbeitswelt der Zukunft&quot; der Unternehmensberatung ROC. Daf\u00fcr wurden mehr als 2.500 Arbeitnehmer in Deutschland, Gro\u00dfbritannien, \u00d6sterreich und der Schweiz befragt.\" \/>\n<meta property=\"og:url\" content=\"https:\/\/www.organisator.ch\/de\/management\/2016-06-28\/industrie-4-0-chefs-sind-aus-mitarbeitersicht-inkompetent\/\" \/>\n<meta property=\"og:site_name\" content=\"Organisator\" \/>\n<meta property=\"article:publisher\" content=\"https:\/\/www.facebook.com\/OrganisatorFachmagazin\" \/>\n<meta property=\"article:published_time\" content=\"2016-06-28T14:58:44+00:00\" \/>\n<meta name=\"author\" content=\"admin\" \/>\n<meta name=\"twitter:card\" content=\"summary_large_image\" \/>\n<meta name=\"twitter:image\" content=\"https:\/\/www.organisator.ch\/wp-content\/uploads\/2016\/12\/Industrie-4.0-Chefs-sind-aus-Mitarbeitersicht-inkompetent-organisator.jpg\" \/>\n<script type=\"application\/ld+json\" class=\"yoast-schema-graph\">{\"@context\":\"https:\\\/\\\/schema.org\",\"@graph\":[{\"@type\":\"Article\",\"@id\":\"https:\\\/\\\/www.organisator.ch\\\/management\\\/2016-06-28\\\/industrie-4-0-chefs-sind-aus-mitarbeitersicht-inkompetent\\\/#article\",\"isPartOf\":{\"@id\":\"https:\\\/\\\/www.organisator.ch\\\/management\\\/2016-06-28\\\/industrie-4-0-chefs-sind-aus-mitarbeitersicht-inkompetent\\\/\"},\"author\":{\"name\":\"admin\",\"@id\":\"https:\\\/\\\/www.organisator.ch\\\/#\\\/schema\\\/person\\\/aa2bace6c5c5aad60102004a50c4eb1c\"},\"headline\":\"Industrie 4.0: Chefs sind aus Mitarbeitersicht inkompetent\",\"datePublished\":\"2016-06-28T14:58:44+00:00\",\"mainEntityOfPage\":{\"@id\":\"https:\\\/\\\/www.organisator.ch\\\/management\\\/2016-06-28\\\/industrie-4-0-chefs-sind-aus-mitarbeitersicht-inkompetent\\\/\"},\"wordCount\":357,\"commentCount\":0,\"publisher\":{\"@id\":\"https:\\\/\\\/www.organisator.ch\\\/#organization\"},\"image\":{\"@id\":\"https:\\\/\\\/www.organisator.ch\\\/management\\\/2016-06-28\\\/industrie-4-0-chefs-sind-aus-mitarbeitersicht-inkompetent\\\/#primaryimage\"},\"thumbnailUrl\":\"https:\\\/\\\/www.organisator.ch\\\/wp-content\\\/uploads\\\/2016\\\/12\\\/Industrie-4.0-Chefs-sind-aus-Mitarbeitersicht-inkompetent-organisator.jpg\",\"keywords\":[\"Management\",\"Management und Unternehmensf\u00fchrung\"],\"articleSection\":[\"MANAGEMENT\"],\"inLanguage\":\"de\"},{\"@type\":\"WebPage\",\"@id\":\"https:\\\/\\\/www.organisator.ch\\\/management\\\/2016-06-28\\\/industrie-4-0-chefs-sind-aus-mitarbeitersicht-inkompetent\\\/\",\"url\":\"https:\\\/\\\/www.organisator.ch\\\/management\\\/2016-06-28\\\/industrie-4-0-chefs-sind-aus-mitarbeitersicht-inkompetent\\\/\",\"name\":\"Industrie 4.0: Chefs sind aus Mitarbeitersicht inkompetent - Organisator\",\"isPartOf\":{\"@id\":\"https:\\\/\\\/www.organisator.ch\\\/#website\"},\"primaryImageOfPage\":{\"@id\":\"https:\\\/\\\/www.organisator.ch\\\/management\\\/2016-06-28\\\/industrie-4-0-chefs-sind-aus-mitarbeitersicht-inkompetent\\\/#primaryimage\"},\"image\":{\"@id\":\"https:\\\/\\\/www.organisator.ch\\\/management\\\/2016-06-28\\\/industrie-4-0-chefs-sind-aus-mitarbeitersicht-inkompetent\\\/#primaryimage\"},\"thumbnailUrl\":\"https:\\\/\\\/www.organisator.ch\\\/wp-content\\\/uploads\\\/2016\\\/12\\\/Industrie-4.0-Chefs-sind-aus-Mitarbeitersicht-inkompetent-organisator.jpg\",\"datePublished\":\"2016-06-28T14:58:44+00:00\",\"description\":\"Industrie 4.0: Schlechte Noten f\u00fcr Manager: Nur 30 bis 40 Prozent der Arbeitnehmer bezeichnen die F\u00fchrungskr\u00e4fte in ihrem Unternehmen als absolut kompetent.\",\"breadcrumb\":{\"@id\":\"https:\\\/\\\/www.organisator.ch\\\/management\\\/2016-06-28\\\/industrie-4-0-chefs-sind-aus-mitarbeitersicht-inkompetent\\\/#breadcrumb\"},\"inLanguage\":\"de\",\"potentialAction\":[{\"@type\":\"ReadAction\",\"target\":[\"https:\\\/\\\/www.organisator.ch\\\/management\\\/2016-06-28\\\/industrie-4-0-chefs-sind-aus-mitarbeitersicht-inkompetent\\\/\"]}]},{\"@type\":\"ImageObject\",\"inLanguage\":\"de\",\"@id\":\"https:\\\/\\\/www.organisator.ch\\\/management\\\/2016-06-28\\\/industrie-4-0-chefs-sind-aus-mitarbeitersicht-inkompetent\\\/#primaryimage\",\"url\":\"https:\\\/\\\/www.organisator.ch\\\/wp-content\\\/uploads\\\/2016\\\/12\\\/Industrie-4.0-Chefs-sind-aus-Mitarbeitersicht-inkompetent-organisator.jpg\",\"contentUrl\":\"https:\\\/\\\/www.organisator.ch\\\/wp-content\\\/uploads\\\/2016\\\/12\\\/Industrie-4.0-Chefs-sind-aus-Mitarbeitersicht-inkompetent-organisator.jpg\",\"width\":640,\"height\":429,\"caption\":\"Drehen am Rad von Industrie 4.0: Jeder dritte Mitarbeitende in Europa h\u00e4lt die Chefs diesbez\u00fcglich f\u00fcr inkompetent. (Foto: Fotolia.com)\"},{\"@type\":\"BreadcrumbList\",\"@id\":\"https:\\\/\\\/www.organisator.ch\\\/management\\\/2016-06-28\\\/industrie-4-0-chefs-sind-aus-mitarbeitersicht-inkompetent\\\/#breadcrumb\",\"itemListElement\":[{\"@type\":\"ListItem\",\"position\":1,\"name\":\"Home\",\"item\":\"https:\\\/\\\/www.organisator.ch\\\/\"},{\"@type\":\"ListItem\",\"position\":2,\"name\":\"Industrie 4.0: Chefs sind aus Mitarbeitersicht inkompetent\"}]},{\"@type\":\"WebSite\",\"@id\":\"https:\\\/\\\/www.organisator.ch\\\/#website\",\"url\":\"https:\\\/\\\/www.organisator.ch\\\/\",\"name\":\"Organisator\",\"description\":\"Kompetent. Praxisnah. Der ORGANISATOR bereitet in 10 Ausgaben pro Jahr die wesentlichen Themen f\u00fcr F\u00fchrungskr\u00e4fte von KMU auf.\",\"publisher\":{\"@id\":\"https:\\\/\\\/www.organisator.ch\\\/#organization\"},\"potentialAction\":[{\"@type\":\"SearchAction\",\"target\":{\"@type\":\"EntryPoint\",\"urlTemplate\":\"https:\\\/\\\/www.organisator.ch\\\/?s={search_term_string}\"},\"query-input\":{\"@type\":\"PropertyValueSpecification\",\"valueRequired\":true,\"valueName\":\"search_term_string\"}}],\"inLanguage\":\"de\"},{\"@type\":\"Organization\",\"@id\":\"https:\\\/\\\/www.organisator.ch\\\/#organization\",\"name\":\"Organisator\",\"url\":\"https:\\\/\\\/www.organisator.ch\\\/\",\"logo\":{\"@type\":\"ImageObject\",\"inLanguage\":\"de\",\"@id\":\"https:\\\/\\\/www.organisator.ch\\\/#\\\/schema\\\/logo\\\/image\\\/\",\"url\":\"https:\\\/\\\/www.organisator.ch\\\/wp-content\\\/uploads\\\/2022\\\/01\\\/Logo_Organisator_Website.png\",\"contentUrl\":\"https:\\\/\\\/www.organisator.ch\\\/wp-content\\\/uploads\\\/2022\\\/01\\\/Logo_Organisator_Website.png\",\"width\":800,\"height\":77,\"caption\":\"Organisator\"},\"image\":{\"@id\":\"https:\\\/\\\/www.organisator.ch\\\/#\\\/schema\\\/logo\\\/image\\\/\"},\"sameAs\":[\"https:\\\/\\\/www.facebook.com\\\/OrganisatorFachmagazin\",\"https:\\\/\\\/www.linkedin.com\\\/showcase\\\/organisator-das-magazin-fr-kmu\",\"https:\\\/\\\/www.xing.com\\\/news\\\/pages\\\/organisator-ch-695\",\"https:\\\/\\\/www.youtube.com\\\/channel\\\/UCGP2Sq0iWaZwT3BdIAQFYpw\"]},{\"@type\":\"Person\",\"@id\":\"https:\\\/\\\/www.organisator.ch\\\/#\\\/schema\\\/person\\\/aa2bace6c5c5aad60102004a50c4eb1c\",\"name\":\"admin\",\"image\":{\"@type\":\"ImageObject\",\"inLanguage\":\"de\",\"@id\":\"https:\\\/\\\/secure.gravatar.com\\\/avatar\\\/ae2f4d718e6c49043e314ce431e7e645d646302a24a5ef5a8bc8e3f5a032e319?s=96&d=mm&r=g\",\"url\":\"https:\\\/\\\/secure.gravatar.com\\\/avatar\\\/ae2f4d718e6c49043e314ce431e7e645d646302a24a5ef5a8bc8e3f5a032e319?s=96&d=mm&r=g\",\"contentUrl\":\"https:\\\/\\\/secure.gravatar.com\\\/avatar\\\/ae2f4d718e6c49043e314ce431e7e645d646302a24a5ef5a8bc8e3f5a032e319?s=96&d=mm&r=g\",\"caption\":\"admin\"},\"sameAs\":[\"https:\\\/\\\/www.organisator.ch\"],\"url\":\"https:\\\/\\\/www.organisator.ch\\\/de\\\/author\\\/admin\\\/\"}]}<\/script>\n<!-- \/ Yoast SEO plugin. -->","yoast_head_json":{"title":"Industrie 4.0: Chefs sind aus Mitarbeitersicht inkompetent - Organisator","description":"Industrie 4.0: Schlechte Noten f\u00fcr Manager: Nur 30 bis 40 Prozent der Arbeitnehmer bezeichnen die F\u00fchrungskr\u00e4fte in ihrem Unternehmen als absolut kompetent.","robots":{"index":"index","follow":"follow","max-snippet":"max-snippet:-1","max-image-preview":"max-image-preview:large","max-video-preview":"max-video-preview:-1"},"canonical":"https:\/\/www.organisator.ch\/de\/management\/2016-06-28\/industrie-4-0-chefs-sind-aus-mitarbeitersicht-inkompetent\/","og_locale":"de_DE","og_type":"article","og_title":"Industrie 4.0: Chefs sind aus Mitarbeitersicht inkompetent","og_description":"Schlechte Noten f\u00fcr Europas Manager: Nur 30 bis 40 Prozent der Arbeitnehmer bezeichnen die F\u00fchrungskr\u00e4fte in ihrem Unternehmen als absolut kompetent in Sachen \u201eIndustrie 4.0\u201c. Und h\u00f6chstens jeder Zweite traut den Chefs zu, Firma und Mitarbeiter erfolgreich in die Arbeitswelt von morgen zu f\u00fchren. Das sind Ergebnisse der internationalen Studie \"Arbeitswelt der Zukunft\" der Unternehmensberatung ROC. Daf\u00fcr wurden mehr als 2.500 Arbeitnehmer in Deutschland, Gro\u00dfbritannien, \u00d6sterreich und der Schweiz befragt.","og_url":"https:\/\/www.organisator.ch\/de\/management\/2016-06-28\/industrie-4-0-chefs-sind-aus-mitarbeitersicht-inkompetent\/","og_site_name":"Organisator","article_publisher":"https:\/\/www.facebook.com\/OrganisatorFachmagazin","article_published_time":"2016-06-28T14:58:44+00:00","author":"admin","twitter_card":"summary_large_image","twitter_image":"https:\/\/www.organisator.ch\/wp-content\/uploads\/2016\/12\/Industrie-4.0-Chefs-sind-aus-Mitarbeitersicht-inkompetent-organisator.jpg","schema":{"@context":"https:\/\/schema.org","@graph":[{"@type":"Article","@id":"https:\/\/www.organisator.ch\/management\/2016-06-28\/industrie-4-0-chefs-sind-aus-mitarbeitersicht-inkompetent\/#article","isPartOf":{"@id":"https:\/\/www.organisator.ch\/management\/2016-06-28\/industrie-4-0-chefs-sind-aus-mitarbeitersicht-inkompetent\/"},"author":{"name":"admin","@id":"https:\/\/www.organisator.ch\/#\/schema\/person\/aa2bace6c5c5aad60102004a50c4eb1c"},"headline":"Industrie 4.0: Chefs sind aus Mitarbeitersicht inkompetent","datePublished":"2016-06-28T14:58:44+00:00","mainEntityOfPage":{"@id":"https:\/\/www.organisator.ch\/management\/2016-06-28\/industrie-4-0-chefs-sind-aus-mitarbeitersicht-inkompetent\/"},"wordCount":357,"commentCount":0,"publisher":{"@id":"https:\/\/www.organisator.ch\/#organization"},"image":{"@id":"https:\/\/www.organisator.ch\/management\/2016-06-28\/industrie-4-0-chefs-sind-aus-mitarbeitersicht-inkompetent\/#primaryimage"},"thumbnailUrl":"https:\/\/www.organisator.ch\/wp-content\/uploads\/2016\/12\/Industrie-4.0-Chefs-sind-aus-Mitarbeitersicht-inkompetent-organisator.jpg","keywords":["Management","Management und Unternehmensf\u00fchrung"],"articleSection":["MANAGEMENT"],"inLanguage":"de"},{"@type":"WebPage","@id":"https:\/\/www.organisator.ch\/management\/2016-06-28\/industrie-4-0-chefs-sind-aus-mitarbeitersicht-inkompetent\/","url":"https:\/\/www.organisator.ch\/management\/2016-06-28\/industrie-4-0-chefs-sind-aus-mitarbeitersicht-inkompetent\/","name":"Industrie 4.0: Chefs sind aus Mitarbeitersicht inkompetent - Organisator","isPartOf":{"@id":"https:\/\/www.organisator.ch\/#website"},"primaryImageOfPage":{"@id":"https:\/\/www.organisator.ch\/management\/2016-06-28\/industrie-4-0-chefs-sind-aus-mitarbeitersicht-inkompetent\/#primaryimage"},"image":{"@id":"https:\/\/www.organisator.ch\/management\/2016-06-28\/industrie-4-0-chefs-sind-aus-mitarbeitersicht-inkompetent\/#primaryimage"},"thumbnailUrl":"https:\/\/www.organisator.ch\/wp-content\/uploads\/2016\/12\/Industrie-4.0-Chefs-sind-aus-Mitarbeitersicht-inkompetent-organisator.jpg","datePublished":"2016-06-28T14:58:44+00:00","description":"Industrie 4.0: Schlechte Noten f\u00fcr Manager: Nur 30 bis 40 Prozent der Arbeitnehmer bezeichnen die F\u00fchrungskr\u00e4fte in ihrem Unternehmen als absolut kompetent.","breadcrumb":{"@id":"https:\/\/www.organisator.ch\/management\/2016-06-28\/industrie-4-0-chefs-sind-aus-mitarbeitersicht-inkompetent\/#breadcrumb"},"inLanguage":"de","potentialAction":[{"@type":"ReadAction","target":["https:\/\/www.organisator.ch\/management\/2016-06-28\/industrie-4-0-chefs-sind-aus-mitarbeitersicht-inkompetent\/"]}]},{"@type":"ImageObject","inLanguage":"de","@id":"https:\/\/www.organisator.ch\/management\/2016-06-28\/industrie-4-0-chefs-sind-aus-mitarbeitersicht-inkompetent\/#primaryimage","url":"https:\/\/www.organisator.ch\/wp-content\/uploads\/2016\/12\/Industrie-4.0-Chefs-sind-aus-Mitarbeitersicht-inkompetent-organisator.jpg","contentUrl":"https:\/\/www.organisator.ch\/wp-content\/uploads\/2016\/12\/Industrie-4.0-Chefs-sind-aus-Mitarbeitersicht-inkompetent-organisator.jpg","width":640,"height":429,"caption":"Drehen am Rad von Industrie 4.0: Jeder dritte Mitarbeitende in Europa h\u00e4lt die Chefs diesbez\u00fcglich f\u00fcr inkompetent. (Foto: Fotolia.com)"},{"@type":"BreadcrumbList","@id":"https:\/\/www.organisator.ch\/management\/2016-06-28\/industrie-4-0-chefs-sind-aus-mitarbeitersicht-inkompetent\/#breadcrumb","itemListElement":[{"@type":"ListItem","position":1,"name":"Home","item":"https:\/\/www.organisator.ch\/"},{"@type":"ListItem","position":2,"name":"Industrie 4.0: Chefs sind aus Mitarbeitersicht inkompetent"}]},{"@type":"WebSite","@id":"https:\/\/www.organisator.ch\/#website","url":"https:\/\/www.organisator.ch\/","name":"Organisator","description":"Kompetent. Praxisnah. Der ORGANISATOR bereitet in 10 Ausgaben pro Jahr die wesentlichen Themen f\u00fcr F\u00fchrungskr\u00e4fte von KMU auf.","publisher":{"@id":"https:\/\/www.organisator.ch\/#organization"},"potentialAction":[{"@type":"SearchAction","target":{"@type":"EntryPoint","urlTemplate":"https:\/\/www.organisator.ch\/?s={search_term_string}"},"query-input":{"@type":"PropertyValueSpecification","valueRequired":true,"valueName":"search_term_string"}}],"inLanguage":"de"},{"@type":"Organization","@id":"https:\/\/www.organisator.ch\/#organization","name":"Organisator","url":"https:\/\/www.organisator.ch\/","logo":{"@type":"ImageObject","inLanguage":"de","@id":"https:\/\/www.organisator.ch\/#\/schema\/logo\/image\/","url":"https:\/\/www.organisator.ch\/wp-content\/uploads\/2022\/01\/Logo_Organisator_Website.png","contentUrl":"https:\/\/www.organisator.ch\/wp-content\/uploads\/2022\/01\/Logo_Organisator_Website.png","width":800,"height":77,"caption":"Organisator"},"image":{"@id":"https:\/\/www.organisator.ch\/#\/schema\/logo\/image\/"},"sameAs":["https:\/\/www.facebook.com\/OrganisatorFachmagazin","https:\/\/www.linkedin.com\/showcase\/organisator-das-magazin-fr-kmu","https:\/\/www.xing.com\/news\/pages\/organisator-ch-695","https:\/\/www.youtube.com\/channel\/UCGP2Sq0iWaZwT3BdIAQFYpw"]},{"@type":"Person","@id":"https:\/\/www.organisator.ch\/#\/schema\/person\/aa2bace6c5c5aad60102004a50c4eb1c","name":"admin","image":{"@type":"ImageObject","inLanguage":"de","@id":"https:\/\/secure.gravatar.com\/avatar\/ae2f4d718e6c49043e314ce431e7e645d646302a24a5ef5a8bc8e3f5a032e319?s=96&d=mm&r=g","url":"https:\/\/secure.gravatar.com\/avatar\/ae2f4d718e6c49043e314ce431e7e645d646302a24a5ef5a8bc8e3f5a032e319?s=96&d=mm&r=g","contentUrl":"https:\/\/secure.gravatar.com\/avatar\/ae2f4d718e6c49043e314ce431e7e645d646302a24a5ef5a8bc8e3f5a032e319?s=96&d=mm&r=g","caption":"admin"},"sameAs":["https:\/\/www.organisator.ch"],"url":"https:\/\/www.organisator.ch\/de\/author\/admin\/"}]}},"_links":{"self":[{"href":"https:\/\/www.organisator.ch\/de\/wp-json\/wp\/v2\/posts\/803","targetHints":{"allow":["GET"]}}],"collection":[{"href":"https:\/\/www.organisator.ch\/de\/wp-json\/wp\/v2\/posts"}],"about":[{"href":"https:\/\/www.organisator.ch\/de\/wp-json\/wp\/v2\/types\/post"}],"author":[{"embeddable":true,"href":"https:\/\/www.organisator.ch\/de\/wp-json\/wp\/v2\/users\/1"}],"replies":[{"embeddable":true,"href":"https:\/\/www.organisator.ch\/de\/wp-json\/wp\/v2\/comments?post=803"}],"version-history":[{"count":0,"href":"https:\/\/www.organisator.ch\/de\/wp-json\/wp\/v2\/posts\/803\/revisions"}],"wp:featuredmedia":[{"embeddable":true,"href":"https:\/\/www.organisator.ch\/de\/wp-json\/wp\/v2\/media\/804"}],"wp:attachment":[{"href":"https:\/\/www.organisator.ch\/de\/wp-json\/wp\/v2\/media?parent=803"}],"wp:term":[{"taxonomy":"category","embeddable":true,"href":"https:\/\/www.organisator.ch\/de\/wp-json\/wp\/v2\/categories?post=803"},{"taxonomy":"post_tag","embeddable":true,"href":"https:\/\/www.organisator.ch\/de\/wp-json\/wp\/v2\/tags?post=803"}],"curies":[{"name":"wp","href":"https:\/\/api.w.org\/{rel}","templated":true}]}}