{"id":8031,"date":"2021-05-18T10:51:20","date_gmt":"2021-05-18T08:51:20","guid":{"rendered":"https:\/\/www.organisator.ch\/?p=8031"},"modified":"2021-05-18T10:51:20","modified_gmt":"2021-05-18T08:51:20","slug":"neues-digitales-expertennetzwerk-fuer-verwaltungsraete","status":"publish","type":"post","link":"https:\/\/www.organisator.ch\/de\/management\/2021-05-18\/neues-digitales-expertennetzwerk-fuer-verwaltungsraete\/","title":{"rendered":"Neues digitales Expertennetzwerk f\u00fcr Verwaltungsr\u00e4te"},"content":{"rendered":"<figure id=\"attachment_8032\" aria-describedby=\"caption-attachment-8032\" style=\"width: 680px\" class=\"wp-caption alignnone\"><img loading=\"lazy\" decoding=\"async\" class=\"size-medium wp-image-8032\" src=\"https:\/\/www.organisator.ch\/wp-content\/uploads\/2021\/05\/Neues-digitales-Expertennetzwerk-fuer-Verwaltungsraete_Organisator.jpg\" alt=\"\" width=\"680\" height=\"453\" srcset=\"https:\/\/www.organisator.ch\/wp-content\/uploads\/2021\/05\/Neues-digitales-Expertennetzwerk-fuer-Verwaltungsraete_Organisator.jpg 680w, https:\/\/www.organisator.ch\/wp-content\/uploads\/2021\/05\/Neues-digitales-Expertennetzwerk-fuer-Verwaltungsraete_Organisator-16x12.jpg 16w, https:\/\/www.organisator.ch\/wp-content\/uploads\/2021\/05\/Neues-digitales-Expertennetzwerk-fuer-Verwaltungsraete_Organisator-263x175.jpg 263w, https:\/\/www.organisator.ch\/wp-content\/uploads\/2021\/05\/Neues-digitales-Expertennetzwerk-fuer-Verwaltungsraete_Organisator-525x350.jpg 525w, https:\/\/www.organisator.ch\/wp-content\/uploads\/2021\/05\/Neues-digitales-Expertennetzwerk-fuer-Verwaltungsraete_Organisator-300x200.jpg 300w\" sizes=\"auto, (max-width: 680px) 100vw, 680px\" \/><figcaption id=\"caption-attachment-8032\" class=\"wp-caption-text\">Das Team von Boardminds, dem neuen Expertennetzwerk f\u00fcr Verwaltungsr\u00e4te. (Bild: zVg)<\/figcaption><\/figure>\n<p>Mit Boardminds besteht seit Kurzem ein neues Expertennetzwerk f\u00fcr Verwaltungsr\u00e4te. Es wurde von Spiros Doukas und Manuel Evangelista gegr\u00fcndet und fokussiert sich ganz gezielt auf die Bed\u00fcrfnisse der Verwaltungsr\u00e4te in der anspruchsvollen Aufgabe der digitalen Transformation.<\/p>\n<p>\u00abWir sind davon \u00fcberzeugt, dass fehlende digitale Kompetenzen die \u00dcberlebensf\u00e4higkeit von Unternehmen massiv gef\u00e4hrden und dass digitale Transformation durch den Verwaltungsrat gest\u00fctzt, wenn nicht sogar vorangetrieben werden muss. Unser Ziel ist es, den VR-Mitgliedern im digitalen Dschungel als Sparringspartner zur Seite zu stehen. Wir kl\u00e4ren auf, beraten und begleiten, erl\u00e4utern Chancen ebenso wie Risiken, entwickeln gemeinsam Stossrichtungen und wollen dabei auch inspirieren\u00bb, so Doukas. Das neue Expertennetzwerk f\u00fcr Verwaltungsr\u00e4te umfasst neben den Gr\u00fcndern sechs Board Advisors mit unterschiedlichen Herk\u00fcnften. Digital-Expert*innen und Unternehmer*innen aus Marketing, Kommunikation, Bildungswesen, E-Commerce, FinTech und Rekrutierung.<\/p>\n<p>\u00abWas uns alle verbindet, ist die Erfahrung und Leidenschaft f\u00fcr digitale Transformation. Um einen solchen Wandel erfolgreich voranzutreiben, ben\u00f6tigt es eine ganzheitliche Sicht auf die Unternehmung und kein Silodenken. Diese Denkweise wollen wir bei unseren Mandanten f\u00f6rdern\u00bb, so Doukas.<\/p>\n<p>Das Angebot von Boardminds umfasst einen Digital-Check, individuelle Coachings f\u00fcr einzelne VR-Mitglieder sowie Workshops f\u00fcr das ganze Gremium.<\/p>\n<p><em>Weitere Informationen: <a href=\"http:\/\/www.boardminds.com\">www.boardminds.com<\/a><\/em><\/p>\n","protected":false},"excerpt":{"rendered":"<p>Mit Boardminds besteht seit Kurzem ein neues Expertennetzwerk f\u00fcr Verwaltungsr\u00e4te. Es wurde von Spiros Doukas und Manuel Evangelista gegr\u00fcndet und fokussiert sich ganz gezielt auf die Bed\u00fcrfnisse der Verwaltungsr\u00e4te in der anspruchsvollen Aufgabe der digitalen Transformation. \u00abWir sind davon \u00fcberzeugt, dass fehlende digitale Kompetenzen die \u00dcberlebensf\u00e4higkeit von Unternehmen massiv gef\u00e4hrden und dass digitale Transformation durch [&hellip;]<\/p>\n","protected":false},"author":4,"featured_media":8032,"comment_status":"closed","ping_status":"closed","sticky":false,"template":"","format":"standard","meta":{"_acf_changed":false,"_yoast_wpseo_focuskw":"Expertennetzwerk f\u00fcr Verwaltungsr\u00e4te","_yoast_wpseo_metadesc":"Boardminds, ein neues digitales Expertennetzwerk f\u00fcr Verwaltungsr\u00e4te, sieht sich als Sparringpartner gegen fehlende digitale Kompetenzen.","articlekey":"","footnotes":""},"categories":[28],"tags":[335,393,513],"class_list":["post-8031","post","type-post","status-publish","format-standard","has-post-thumbnail","hentry","category-management","tag-management-und-unternehmensfuehrung","tag-produkte","tag-verwaltungsraete"],"acf":[],"yoast_head":"<!-- This site is optimized with the Yoast SEO plugin v27.5 - https:\/\/yoast.com\/product\/yoast-seo-wordpress\/ -->\n<title>Neues digitales Expertennetzwerk f\u00fcr Verwaltungsr\u00e4te - Organisator<\/title>\n<meta name=\"description\" content=\"Boardminds, ein neues digitales Expertennetzwerk f\u00fcr Verwaltungsr\u00e4te, sieht sich als Sparringpartner gegen fehlende digitale Kompetenzen.\" \/>\n<meta name=\"robots\" content=\"index, follow, max-snippet:-1, max-image-preview:large, max-video-preview:-1\" \/>\n<link rel=\"canonical\" href=\"https:\/\/www.organisator.ch\/de\/management\/2021-05-18\/neues-digitales-expertennetzwerk-fuer-verwaltungsraete\/\" \/>\n<meta property=\"og:locale\" content=\"de_DE\" \/>\n<meta property=\"og:type\" content=\"article\" \/>\n<meta property=\"og:title\" content=\"Neues digitales Expertennetzwerk f\u00fcr Verwaltungsr\u00e4te\" \/>\n<meta property=\"og:description\" content=\"Boardminds, ein neues digitales Expertennetzwerk f\u00fcr Verwaltungsr\u00e4te, sieht sich als Sparringpartner gegen fehlende digitale Kompetenzen.\" \/>\n<meta property=\"og:url\" content=\"https:\/\/www.organisator.ch\/de\/management\/2021-05-18\/neues-digitales-expertennetzwerk-fuer-verwaltungsraete\/\" \/>\n<meta property=\"og:site_name\" content=\"Organisator\" \/>\n<meta property=\"article:publisher\" content=\"https:\/\/www.facebook.com\/OrganisatorFachmagazin\" \/>\n<meta property=\"article:published_time\" content=\"2021-05-18T08:51:20+00:00\" \/>\n<meta property=\"og:image\" content=\"https:\/\/www.organisator.ch\/wp-content\/uploads\/2021\/05\/Neues-digitales-Expertennetzwerk-fuer-Verwaltungsraete_Organisator.jpg\" \/>\n\t<meta property=\"og:image:width\" content=\"680\" \/>\n\t<meta property=\"og:image:height\" content=\"453\" \/>\n\t<meta property=\"og:image:type\" content=\"image\/jpeg\" \/>\n<meta name=\"author\" content=\"thomas.berner\" \/>\n<meta name=\"twitter:card\" content=\"summary_large_image\" \/>\n<meta name=\"twitter:title\" content=\"Neues digitales #Expertennetzwerk f\u00fcr #Verwaltungsr\u00e4te\" \/>\n<meta name=\"twitter:description\" content=\"Boardminds, ein neues digitales #Expertennetzwerk f\u00fcr #Verwaltungsr\u00e4te, sieht sich als Sparringpartner gegen fehlende digitale Kompetenzen.\" \/>\n<meta name=\"twitter:image\" content=\"https:\/\/www.organisator.ch\/wp-content\/uploads\/2021\/05\/Neues-digitales-Expertennetzwerk-fuer-Verwaltungsraete_Organisator.jpg\" \/>\n<script type=\"application\/ld+json\" class=\"yoast-schema-graph\">{\"@context\":\"https:\\\/\\\/schema.org\",\"@graph\":[{\"@type\":\"Article\",\"@id\":\"https:\\\/\\\/www.organisator.ch\\\/management\\\/2021-05-18\\\/neues-digitales-expertennetzwerk-fuer-verwaltungsraete\\\/#article\",\"isPartOf\":{\"@id\":\"https:\\\/\\\/www.organisator.ch\\\/management\\\/2021-05-18\\\/neues-digitales-expertennetzwerk-fuer-verwaltungsraete\\\/\"},\"author\":{\"name\":\"thomas.berner\",\"@id\":\"https:\\\/\\\/www.organisator.ch\\\/#\\\/schema\\\/person\\\/6f650f90b2842cd4c0cc334b4e36f67e\"},\"headline\":\"Neues digitales Expertennetzwerk f\u00fcr Verwaltungsr\u00e4te\",\"datePublished\":\"2021-05-18T08:51:20+00:00\",\"mainEntityOfPage\":{\"@id\":\"https:\\\/\\\/www.organisator.ch\\\/management\\\/2021-05-18\\\/neues-digitales-expertennetzwerk-fuer-verwaltungsraete\\\/\"},\"wordCount\":236,\"publisher\":{\"@id\":\"https:\\\/\\\/www.organisator.ch\\\/#organization\"},\"image\":{\"@id\":\"https:\\\/\\\/www.organisator.ch\\\/management\\\/2021-05-18\\\/neues-digitales-expertennetzwerk-fuer-verwaltungsraete\\\/#primaryimage\"},\"thumbnailUrl\":\"https:\\\/\\\/www.organisator.ch\\\/wp-content\\\/uploads\\\/2021\\\/05\\\/Neues-digitales-Expertennetzwerk-fuer-Verwaltungsraete_Organisator.jpg\",\"keywords\":[\"Management und Unternehmensf\u00fchrung\",\"Produkte\",\"Verwaltungsr\u00e4te\"],\"articleSection\":[\"MANAGEMENT\"],\"inLanguage\":\"de\"},{\"@type\":\"WebPage\",\"@id\":\"https:\\\/\\\/www.organisator.ch\\\/management\\\/2021-05-18\\\/neues-digitales-expertennetzwerk-fuer-verwaltungsraete\\\/\",\"url\":\"https:\\\/\\\/www.organisator.ch\\\/management\\\/2021-05-18\\\/neues-digitales-expertennetzwerk-fuer-verwaltungsraete\\\/\",\"name\":\"Neues digitales Expertennetzwerk f\u00fcr Verwaltungsr\u00e4te - Organisator\",\"isPartOf\":{\"@id\":\"https:\\\/\\\/www.organisator.ch\\\/#website\"},\"primaryImageOfPage\":{\"@id\":\"https:\\\/\\\/www.organisator.ch\\\/management\\\/2021-05-18\\\/neues-digitales-expertennetzwerk-fuer-verwaltungsraete\\\/#primaryimage\"},\"image\":{\"@id\":\"https:\\\/\\\/www.organisator.ch\\\/management\\\/2021-05-18\\\/neues-digitales-expertennetzwerk-fuer-verwaltungsraete\\\/#primaryimage\"},\"thumbnailUrl\":\"https:\\\/\\\/www.organisator.ch\\\/wp-content\\\/uploads\\\/2021\\\/05\\\/Neues-digitales-Expertennetzwerk-fuer-Verwaltungsraete_Organisator.jpg\",\"datePublished\":\"2021-05-18T08:51:20+00:00\",\"description\":\"Boardminds, ein neues digitales Expertennetzwerk f\u00fcr Verwaltungsr\u00e4te, sieht sich als Sparringpartner gegen fehlende digitale Kompetenzen.\",\"breadcrumb\":{\"@id\":\"https:\\\/\\\/www.organisator.ch\\\/management\\\/2021-05-18\\\/neues-digitales-expertennetzwerk-fuer-verwaltungsraete\\\/#breadcrumb\"},\"inLanguage\":\"de\",\"potentialAction\":[{\"@type\":\"ReadAction\",\"target\":[\"https:\\\/\\\/www.organisator.ch\\\/management\\\/2021-05-18\\\/neues-digitales-expertennetzwerk-fuer-verwaltungsraete\\\/\"]}]},{\"@type\":\"ImageObject\",\"inLanguage\":\"de\",\"@id\":\"https:\\\/\\\/www.organisator.ch\\\/management\\\/2021-05-18\\\/neues-digitales-expertennetzwerk-fuer-verwaltungsraete\\\/#primaryimage\",\"url\":\"https:\\\/\\\/www.organisator.ch\\\/wp-content\\\/uploads\\\/2021\\\/05\\\/Neues-digitales-Expertennetzwerk-fuer-Verwaltungsraete_Organisator.jpg\",\"contentUrl\":\"https:\\\/\\\/www.organisator.ch\\\/wp-content\\\/uploads\\\/2021\\\/05\\\/Neues-digitales-Expertennetzwerk-fuer-Verwaltungsraete_Organisator.jpg\",\"width\":680,\"height\":453,\"caption\":\"Das Team von Boardminds, dem neuen Expertennetzwerk f\u00fcr Verwaltungsr\u00e4te. (Bild: zVg)\"},{\"@type\":\"BreadcrumbList\",\"@id\":\"https:\\\/\\\/www.organisator.ch\\\/management\\\/2021-05-18\\\/neues-digitales-expertennetzwerk-fuer-verwaltungsraete\\\/#breadcrumb\",\"itemListElement\":[{\"@type\":\"ListItem\",\"position\":1,\"name\":\"Home\",\"item\":\"https:\\\/\\\/www.organisator.ch\\\/\"},{\"@type\":\"ListItem\",\"position\":2,\"name\":\"Neues digitales Expertennetzwerk f\u00fcr Verwaltungsr\u00e4te\"}]},{\"@type\":\"WebSite\",\"@id\":\"https:\\\/\\\/www.organisator.ch\\\/#website\",\"url\":\"https:\\\/\\\/www.organisator.ch\\\/\",\"name\":\"Organisator\",\"description\":\"Kompetent. Praxisnah. Der ORGANISATOR bereitet in 10 Ausgaben pro Jahr die wesentlichen Themen f\u00fcr F\u00fchrungskr\u00e4fte von KMU auf.\",\"publisher\":{\"@id\":\"https:\\\/\\\/www.organisator.ch\\\/#organization\"},\"potentialAction\":[{\"@type\":\"SearchAction\",\"target\":{\"@type\":\"EntryPoint\",\"urlTemplate\":\"https:\\\/\\\/www.organisator.ch\\\/?s={search_term_string}\"},\"query-input\":{\"@type\":\"PropertyValueSpecification\",\"valueRequired\":true,\"valueName\":\"search_term_string\"}}],\"inLanguage\":\"de\"},{\"@type\":\"Organization\",\"@id\":\"https:\\\/\\\/www.organisator.ch\\\/#organization\",\"name\":\"Organisator\",\"url\":\"https:\\\/\\\/www.organisator.ch\\\/\",\"logo\":{\"@type\":\"ImageObject\",\"inLanguage\":\"de\",\"@id\":\"https:\\\/\\\/www.organisator.ch\\\/#\\\/schema\\\/logo\\\/image\\\/\",\"url\":\"https:\\\/\\\/www.organisator.ch\\\/wp-content\\\/uploads\\\/2022\\\/01\\\/Logo_Organisator_Website.png\",\"contentUrl\":\"https:\\\/\\\/www.organisator.ch\\\/wp-content\\\/uploads\\\/2022\\\/01\\\/Logo_Organisator_Website.png\",\"width\":800,\"height\":77,\"caption\":\"Organisator\"},\"image\":{\"@id\":\"https:\\\/\\\/www.organisator.ch\\\/#\\\/schema\\\/logo\\\/image\\\/\"},\"sameAs\":[\"https:\\\/\\\/www.facebook.com\\\/OrganisatorFachmagazin\",\"https:\\\/\\\/www.linkedin.com\\\/showcase\\\/organisator-das-magazin-fr-kmu\",\"https:\\\/\\\/www.xing.com\\\/news\\\/pages\\\/organisator-ch-695\",\"https:\\\/\\\/www.youtube.com\\\/channel\\\/UCGP2Sq0iWaZwT3BdIAQFYpw\"]},{\"@type\":\"Person\",\"@id\":\"https:\\\/\\\/www.organisator.ch\\\/#\\\/schema\\\/person\\\/6f650f90b2842cd4c0cc334b4e36f67e\",\"name\":\"thomas.berner\",\"image\":{\"@type\":\"ImageObject\",\"inLanguage\":\"de\",\"@id\":\"https:\\\/\\\/secure.gravatar.com\\\/avatar\\\/ac5001d2a36cb6c6cd3e50789007ffca834b477b74a2144564522e944eabff61?s=96&d=mm&r=g\",\"url\":\"https:\\\/\\\/secure.gravatar.com\\\/avatar\\\/ac5001d2a36cb6c6cd3e50789007ffca834b477b74a2144564522e944eabff61?s=96&d=mm&r=g\",\"contentUrl\":\"https:\\\/\\\/secure.gravatar.com\\\/avatar\\\/ac5001d2a36cb6c6cd3e50789007ffca834b477b74a2144564522e944eabff61?s=96&d=mm&r=g\",\"caption\":\"thomas.berner\"},\"url\":\"https:\\\/\\\/www.organisator.ch\\\/de\\\/author\\\/thomas-berner\\\/\"}]}<\/script>\n<!-- \/ Yoast SEO plugin. -->","yoast_head_json":{"title":"Neues digitales Expertennetzwerk f\u00fcr Verwaltungsr\u00e4te - Organisator","description":"Boardminds, ein neues digitales Expertennetzwerk f\u00fcr Verwaltungsr\u00e4te, sieht sich als Sparringpartner gegen fehlende digitale Kompetenzen.","robots":{"index":"index","follow":"follow","max-snippet":"max-snippet:-1","max-image-preview":"max-image-preview:large","max-video-preview":"max-video-preview:-1"},"canonical":"https:\/\/www.organisator.ch\/de\/management\/2021-05-18\/neues-digitales-expertennetzwerk-fuer-verwaltungsraete\/","og_locale":"de_DE","og_type":"article","og_title":"Neues digitales Expertennetzwerk f\u00fcr Verwaltungsr\u00e4te","og_description":"Boardminds, ein neues digitales Expertennetzwerk f\u00fcr Verwaltungsr\u00e4te, sieht sich als Sparringpartner gegen fehlende digitale Kompetenzen.","og_url":"https:\/\/www.organisator.ch\/de\/management\/2021-05-18\/neues-digitales-expertennetzwerk-fuer-verwaltungsraete\/","og_site_name":"Organisator","article_publisher":"https:\/\/www.facebook.com\/OrganisatorFachmagazin","article_published_time":"2021-05-18T08:51:20+00:00","og_image":[{"width":680,"height":453,"url":"https:\/\/www.organisator.ch\/wp-content\/uploads\/2021\/05\/Neues-digitales-Expertennetzwerk-fuer-Verwaltungsraete_Organisator.jpg","type":"image\/jpeg"}],"author":"thomas.berner","twitter_card":"summary_large_image","twitter_title":"Neues digitales #Expertennetzwerk f\u00fcr #Verwaltungsr\u00e4te","twitter_description":"Boardminds, ein neues digitales #Expertennetzwerk f\u00fcr #Verwaltungsr\u00e4te, sieht sich als Sparringpartner gegen fehlende digitale Kompetenzen.","twitter_image":"https:\/\/www.organisator.ch\/wp-content\/uploads\/2021\/05\/Neues-digitales-Expertennetzwerk-fuer-Verwaltungsraete_Organisator.jpg","schema":{"@context":"https:\/\/schema.org","@graph":[{"@type":"Article","@id":"https:\/\/www.organisator.ch\/management\/2021-05-18\/neues-digitales-expertennetzwerk-fuer-verwaltungsraete\/#article","isPartOf":{"@id":"https:\/\/www.organisator.ch\/management\/2021-05-18\/neues-digitales-expertennetzwerk-fuer-verwaltungsraete\/"},"author":{"name":"thomas.berner","@id":"https:\/\/www.organisator.ch\/#\/schema\/person\/6f650f90b2842cd4c0cc334b4e36f67e"},"headline":"Neues digitales Expertennetzwerk f\u00fcr Verwaltungsr\u00e4te","datePublished":"2021-05-18T08:51:20+00:00","mainEntityOfPage":{"@id":"https:\/\/www.organisator.ch\/management\/2021-05-18\/neues-digitales-expertennetzwerk-fuer-verwaltungsraete\/"},"wordCount":236,"publisher":{"@id":"https:\/\/www.organisator.ch\/#organization"},"image":{"@id":"https:\/\/www.organisator.ch\/management\/2021-05-18\/neues-digitales-expertennetzwerk-fuer-verwaltungsraete\/#primaryimage"},"thumbnailUrl":"https:\/\/www.organisator.ch\/wp-content\/uploads\/2021\/05\/Neues-digitales-Expertennetzwerk-fuer-Verwaltungsraete_Organisator.jpg","keywords":["Management und Unternehmensf\u00fchrung","Produkte","Verwaltungsr\u00e4te"],"articleSection":["MANAGEMENT"],"inLanguage":"de"},{"@type":"WebPage","@id":"https:\/\/www.organisator.ch\/management\/2021-05-18\/neues-digitales-expertennetzwerk-fuer-verwaltungsraete\/","url":"https:\/\/www.organisator.ch\/management\/2021-05-18\/neues-digitales-expertennetzwerk-fuer-verwaltungsraete\/","name":"Neues digitales Expertennetzwerk f\u00fcr Verwaltungsr\u00e4te - Organisator","isPartOf":{"@id":"https:\/\/www.organisator.ch\/#website"},"primaryImageOfPage":{"@id":"https:\/\/www.organisator.ch\/management\/2021-05-18\/neues-digitales-expertennetzwerk-fuer-verwaltungsraete\/#primaryimage"},"image":{"@id":"https:\/\/www.organisator.ch\/management\/2021-05-18\/neues-digitales-expertennetzwerk-fuer-verwaltungsraete\/#primaryimage"},"thumbnailUrl":"https:\/\/www.organisator.ch\/wp-content\/uploads\/2021\/05\/Neues-digitales-Expertennetzwerk-fuer-Verwaltungsraete_Organisator.jpg","datePublished":"2021-05-18T08:51:20+00:00","description":"Boardminds, ein neues digitales Expertennetzwerk f\u00fcr Verwaltungsr\u00e4te, sieht sich als Sparringpartner gegen fehlende digitale Kompetenzen.","breadcrumb":{"@id":"https:\/\/www.organisator.ch\/management\/2021-05-18\/neues-digitales-expertennetzwerk-fuer-verwaltungsraete\/#breadcrumb"},"inLanguage":"de","potentialAction":[{"@type":"ReadAction","target":["https:\/\/www.organisator.ch\/management\/2021-05-18\/neues-digitales-expertennetzwerk-fuer-verwaltungsraete\/"]}]},{"@type":"ImageObject","inLanguage":"de","@id":"https:\/\/www.organisator.ch\/management\/2021-05-18\/neues-digitales-expertennetzwerk-fuer-verwaltungsraete\/#primaryimage","url":"https:\/\/www.organisator.ch\/wp-content\/uploads\/2021\/05\/Neues-digitales-Expertennetzwerk-fuer-Verwaltungsraete_Organisator.jpg","contentUrl":"https:\/\/www.organisator.ch\/wp-content\/uploads\/2021\/05\/Neues-digitales-Expertennetzwerk-fuer-Verwaltungsraete_Organisator.jpg","width":680,"height":453,"caption":"Das Team von Boardminds, dem neuen Expertennetzwerk f\u00fcr Verwaltungsr\u00e4te. (Bild: zVg)"},{"@type":"BreadcrumbList","@id":"https:\/\/www.organisator.ch\/management\/2021-05-18\/neues-digitales-expertennetzwerk-fuer-verwaltungsraete\/#breadcrumb","itemListElement":[{"@type":"ListItem","position":1,"name":"Home","item":"https:\/\/www.organisator.ch\/"},{"@type":"ListItem","position":2,"name":"Neues digitales Expertennetzwerk f\u00fcr Verwaltungsr\u00e4te"}]},{"@type":"WebSite","@id":"https:\/\/www.organisator.ch\/#website","url":"https:\/\/www.organisator.ch\/","name":"Organisator","description":"Kompetent. Praxisnah. Der ORGANISATOR bereitet in 10 Ausgaben pro Jahr die wesentlichen Themen f\u00fcr F\u00fchrungskr\u00e4fte von KMU auf.","publisher":{"@id":"https:\/\/www.organisator.ch\/#organization"},"potentialAction":[{"@type":"SearchAction","target":{"@type":"EntryPoint","urlTemplate":"https:\/\/www.organisator.ch\/?s={search_term_string}"},"query-input":{"@type":"PropertyValueSpecification","valueRequired":true,"valueName":"search_term_string"}}],"inLanguage":"de"},{"@type":"Organization","@id":"https:\/\/www.organisator.ch\/#organization","name":"Organisator","url":"https:\/\/www.organisator.ch\/","logo":{"@type":"ImageObject","inLanguage":"de","@id":"https:\/\/www.organisator.ch\/#\/schema\/logo\/image\/","url":"https:\/\/www.organisator.ch\/wp-content\/uploads\/2022\/01\/Logo_Organisator_Website.png","contentUrl":"https:\/\/www.organisator.ch\/wp-content\/uploads\/2022\/01\/Logo_Organisator_Website.png","width":800,"height":77,"caption":"Organisator"},"image":{"@id":"https:\/\/www.organisator.ch\/#\/schema\/logo\/image\/"},"sameAs":["https:\/\/www.facebook.com\/OrganisatorFachmagazin","https:\/\/www.linkedin.com\/showcase\/organisator-das-magazin-fr-kmu","https:\/\/www.xing.com\/news\/pages\/organisator-ch-695","https:\/\/www.youtube.com\/channel\/UCGP2Sq0iWaZwT3BdIAQFYpw"]},{"@type":"Person","@id":"https:\/\/www.organisator.ch\/#\/schema\/person\/6f650f90b2842cd4c0cc334b4e36f67e","name":"thomas.berner","image":{"@type":"ImageObject","inLanguage":"de","@id":"https:\/\/secure.gravatar.com\/avatar\/ac5001d2a36cb6c6cd3e50789007ffca834b477b74a2144564522e944eabff61?s=96&d=mm&r=g","url":"https:\/\/secure.gravatar.com\/avatar\/ac5001d2a36cb6c6cd3e50789007ffca834b477b74a2144564522e944eabff61?s=96&d=mm&r=g","contentUrl":"https:\/\/secure.gravatar.com\/avatar\/ac5001d2a36cb6c6cd3e50789007ffca834b477b74a2144564522e944eabff61?s=96&d=mm&r=g","caption":"thomas.berner"},"url":"https:\/\/www.organisator.ch\/de\/author\/thomas-berner\/"}]}},"_links":{"self":[{"href":"https:\/\/www.organisator.ch\/de\/wp-json\/wp\/v2\/posts\/8031","targetHints":{"allow":["GET"]}}],"collection":[{"href":"https:\/\/www.organisator.ch\/de\/wp-json\/wp\/v2\/posts"}],"about":[{"href":"https:\/\/www.organisator.ch\/de\/wp-json\/wp\/v2\/types\/post"}],"author":[{"embeddable":true,"href":"https:\/\/www.organisator.ch\/de\/wp-json\/wp\/v2\/users\/4"}],"replies":[{"embeddable":true,"href":"https:\/\/www.organisator.ch\/de\/wp-json\/wp\/v2\/comments?post=8031"}],"version-history":[{"count":0,"href":"https:\/\/www.organisator.ch\/de\/wp-json\/wp\/v2\/posts\/8031\/revisions"}],"wp:featuredmedia":[{"embeddable":true,"href":"https:\/\/www.organisator.ch\/de\/wp-json\/wp\/v2\/media\/8032"}],"wp:attachment":[{"href":"https:\/\/www.organisator.ch\/de\/wp-json\/wp\/v2\/media?parent=8031"}],"wp:term":[{"taxonomy":"category","embeddable":true,"href":"https:\/\/www.organisator.ch\/de\/wp-json\/wp\/v2\/categories?post=8031"},{"taxonomy":"post_tag","embeddable":true,"href":"https:\/\/www.organisator.ch\/de\/wp-json\/wp\/v2\/tags?post=8031"}],"curies":[{"name":"wp","href":"https:\/\/api.w.org\/{rel}","templated":true}]}}