{"id":8088,"date":"2021-06-01T08:12:54","date_gmt":"2021-06-01T06:12:54","guid":{"rendered":"https:\/\/www.organisator.ch\/?p=8088"},"modified":"2021-06-01T08:12:54","modified_gmt":"2021-06-01T06:12:54","slug":"hybrid-working-versaeumen-kmu-mitarbeitende-die-vorteile","status":"publish","type":"post","link":"https:\/\/www.organisator.ch\/de\/management\/2021-06-01\/hybrid-working-versaeumen-kmu-mitarbeitende-die-vorteile\/","title":{"rendered":"Hybrid Working: Vers\u00e4umen KMU-Mitarbeitende die Vorteile?"},"content":{"rendered":"<figure id=\"attachment_8089\" aria-describedby=\"caption-attachment-8089\" style=\"width: 680px\" class=\"wp-caption alignnone\"><img loading=\"lazy\" decoding=\"async\" class=\"size-medium wp-image-8089\" src=\"https:\/\/www.organisator.ch\/wp-content\/uploads\/2021\/06\/Hybrid-Working-Versaeumen-KMU-Mitarbeitende-die-Vorteile_Organisator.jpg\" alt=\"\" width=\"680\" height=\"453\" srcset=\"https:\/\/www.organisator.ch\/wp-content\/uploads\/2021\/06\/Hybrid-Working-Versaeumen-KMU-Mitarbeitende-die-Vorteile_Organisator.jpg 680w, https:\/\/www.organisator.ch\/wp-content\/uploads\/2021\/06\/Hybrid-Working-Versaeumen-KMU-Mitarbeitende-die-Vorteile_Organisator-16x12.jpg 16w, https:\/\/www.organisator.ch\/wp-content\/uploads\/2021\/06\/Hybrid-Working-Versaeumen-KMU-Mitarbeitende-die-Vorteile_Organisator-263x175.jpg 263w, https:\/\/www.organisator.ch\/wp-content\/uploads\/2021\/06\/Hybrid-Working-Versaeumen-KMU-Mitarbeitende-die-Vorteile_Organisator-525x350.jpg 525w, https:\/\/www.organisator.ch\/wp-content\/uploads\/2021\/06\/Hybrid-Working-Versaeumen-KMU-Mitarbeitende-die-Vorteile_Organisator-300x200.jpg 300w\" sizes=\"auto, (max-width: 680px) 100vw, 680px\" \/><figcaption id=\"caption-attachment-8089\" class=\"wp-caption-text\">Remote oder Hybrid Working: In vielen kleinen Unternehmen fehlen die Voraussetzungen dazu. (Bild: zVg \/ Ricoh Europe)<\/figcaption><\/figure>\n<p>Besch\u00e4ftigte kleiner Unternehmen in ganz Europa bef\u00fcrchten, dass sie notgedrungen ins B\u00fcro zur\u00fcckkehren m\u00fcssen, da sie sich bei Remote Working nicht ausreichend um die Kundenerfahrung und das Gesch\u00e4ftswachstum k\u00fcmmern k\u00f6nnen. Diesen Befund ver\u00f6ffentlichte Ricoh Europe nach einer Befragung von mehr als 1400 B\u00fcroangestellten zum Thema &#8222;Hybrid Working&#8220;.\u00a0Weit mehr als die H\u00e4lfte (58 %) der Befragten gehen davon aus, dass sie nach Aufheben der Covid-19-Beschr\u00e4nkungen vorwiegend im B\u00fcro arbeiten werden. Gleichzeitig bef\u00fcrchten sie Hindernisse und Engp\u00e4sse in Bezug auf dynamische Arbeitsmethoden, die durch st\u00e4ndige \u00c4nderungen in den Kundenanforderungen notwendig sind, so weitere Erkenntnisse aus der Befragung.<\/p>\n<h2>Viele veraltete Prozesse<\/h2>\n<p>Fast die H\u00e4lfte (45\u00a0%) der Befragten gibt an, dass sie bei einem geringeren Verwaltungsaufwand produktiver w\u00e4ren. Umst\u00e4ndliche, veraltete Arbeitsmethoden hindern kleine Unternehmen daran, bessere Gesch\u00e4ftsergebnisse zu erzielen, da die Kapazit\u00e4ten ihrer Teams f\u00fcr Upselling oder neue Gesch\u00e4ftsmodelle begrenzt sind. Neben diesen vers\u00e4umten Chancen werden auch Kreativit\u00e4t, Motivation und Arbeitszufriedenheit durch das unumg\u00e4ngliche Abarbeiten m\u00fchsamer Routineaufgaben beeintr\u00e4chtigt.<\/p>\n<p>Die Arbeitslast ist ein zentraler Faktor f\u00fcr die Einsch\u00e4tzung, dass die R\u00fcckkehr ins B\u00fcro unumg\u00e4nglich ist. Versch\u00e4rft wird dies durch einen Mangel an Remote-Working-Tools f\u00fcr wertsch\u00f6pfende T\u00e4tigkeiten sowie durch unzureichende Investitionen in automatisierte Prozesse. 40\u00a0% der Arbeitskr\u00e4fte haben Schwierigkeiten, beim Remote Working auf Daten und Informationen in Unternehmenssystemen zuzugreifen, die f\u00fcr eine bessere Kundenbetreuung ben\u00f6tigt w\u00fcrden. Dies f\u00fchrt zu Einschr\u00e4nkungen bei einem typischen Erkennungszeichen kleiner Unternehmen: dem schnellen, bequemen und pers\u00f6nlichen Service. Nutznie\u00dfer k\u00f6nnten gr\u00f6\u00dfere Wettbewerber sein, deren Teams in der Regel unkompliziert auf alle Daten zugreifen k\u00f6nnen, die zur Optimierung der Kundenerfahrung erforderlich sind.<\/p>\n<h2>Mit Remote oder Hybrid Working produktiver<\/h2>\n<p>Die H\u00e4lfte der Befragten (51\u00a0%) ist der Ansicht, dass automatisierte Prozesse tats\u00e4chlich einen Ausweg darstellen. Diese w\u00fcrden nicht nur die Arbeitserfahrung aufwerten \u2013 auch Vertriebskr\u00e4fte und andere Toptalente, die h\u00e4ufig das Unternehmen nach au\u00dfen repr\u00e4sentieren, k\u00f6nnten besser an das Unternehmen gebunden werden. Tats\u00e4chlich erw\u00e4gt ein Viertel (25\u00a0%) der Befragten einen Wechsel zu einem Arbeitgeber, der Remote Working besser unterst\u00fctzt. Durch die Automatisierung zentraler Prozesse w\u00fcrden auch Initiativen zur St\u00e4rkung der Kundenbindung profitieren, und kleine Unternehmen k\u00f6nnten dadurch ihr digitales Profil sch\u00e4rfen.<\/p>\n<p>David Mills, CEO von Ricoh Europe, erl\u00e4utert dazu: \u201eBei kleinen Unternehmen fehlt m\u00f6glicherweise das Budget oder auch die Notwendigkeit, ihre Technologien vollst\u00e4ndig zu erneuern. Aber auch moderate Investitionen k\u00f6nnen erhebliche und unmittelbare Auswirkungen haben \u2013 zum Beispiel die M\u00f6glichkeit, \u00fcber Remote-Verbindungen auf Dateien zuzugreifen. Verst\u00e4ndlicherweise verf\u00fcgen viele kleine Unternehmen nicht \u00fcber die erforderlichen Kompetenzen, um durch effiziente Prozessautomatisierung entscheidende Kosteneinsparungen zu erzielen. Eine verl\u00e4ssliche Unterst\u00fctzung in diesem Bereich k\u00f6nnte daher die entscheidende Basis f\u00fcr solides Wachstum im digitalen Zeitalter bilden.\u201c<\/p>\n<p><em>Quelle: <a href=\"http:\/\/www.ricoh.ch\">Ricoh<\/a><\/em><\/p>\n","protected":false},"excerpt":{"rendered":"<p>Besch\u00e4ftigte kleiner Unternehmen in ganz Europa bef\u00fcrchten, dass sie notgedrungen ins B\u00fcro zur\u00fcckkehren m\u00fcssen, da sie sich bei Remote Working nicht ausreichend um die Kundenerfahrung und das Gesch\u00e4ftswachstum k\u00fcmmern k\u00f6nnen. Diesen Befund ver\u00f6ffentlichte Ricoh Europe nach einer Befragung von mehr als 1400 B\u00fcroangestellten zum Thema &#8222;Hybrid Working&#8220;.\u00a0Weit mehr als die H\u00e4lfte (58 %) der Befragten [&hellip;]<\/p>\n","protected":false},"author":4,"featured_media":8089,"comment_status":"closed","ping_status":"closed","sticky":false,"template":"","format":"standard","meta":{"_acf_changed":false,"_yoast_wpseo_focuskw":"Hybrid Working","_yoast_wpseo_metadesc":"Nichts von \"Hybrid Working\": Drei von f\u00fcnf Angestellten in kleineren Unternehmen werden wohl weiterhin vorwiegend in B\u00fcros arbeiten.","articlekey":"","footnotes":""},"categories":[28],"tags":[156,335,363],"class_list":["post-8088","post","type-post","status-publish","format-standard","has-post-thumbnail","hentry","category-management","tag-digitalisierung","tag-management-und-unternehmensfuehrung","tag-new-work"],"acf":[],"yoast_head":"<!-- This site is optimized with the Yoast SEO plugin v27.4 - https:\/\/yoast.com\/product\/yoast-seo-wordpress\/ -->\n<title>Hybrid Working: Vers\u00e4umen KMU-Mitarbeitende die Vorteile? - Organisator<\/title>\n<meta name=\"description\" content=\"Nichts von &quot;Hybrid Working&quot;: Drei von f\u00fcnf Angestellten in kleineren Unternehmen werden wohl weiterhin vorwiegend in B\u00fcros arbeiten.\" \/>\n<meta name=\"robots\" content=\"index, follow, max-snippet:-1, max-image-preview:large, max-video-preview:-1\" \/>\n<link rel=\"canonical\" href=\"https:\/\/www.organisator.ch\/de\/management\/2021-06-01\/hybrid-working-versaeumen-kmu-mitarbeitende-die-vorteile\/\" \/>\n<meta property=\"og:locale\" content=\"de_DE\" \/>\n<meta property=\"og:type\" content=\"article\" \/>\n<meta property=\"og:title\" content=\"Hybrid Working: Vers\u00e4umen KMU-Mitarbeitende die Vorteile?\" \/>\n<meta property=\"og:description\" content=\"Nichts von &quot;Hybrid Working&quot;: Drei von f\u00fcnf Angestellten in kleineren Unternehmen werden wohl weiterhin vorwiegend in B\u00fcros arbeiten.\" \/>\n<meta property=\"og:url\" content=\"https:\/\/www.organisator.ch\/de\/management\/2021-06-01\/hybrid-working-versaeumen-kmu-mitarbeitende-die-vorteile\/\" \/>\n<meta property=\"og:site_name\" content=\"Organisator\" \/>\n<meta property=\"article:publisher\" content=\"https:\/\/www.facebook.com\/OrganisatorFachmagazin\" \/>\n<meta property=\"article:published_time\" content=\"2021-06-01T06:12:54+00:00\" \/>\n<meta property=\"og:image\" content=\"https:\/\/www.organisator.ch\/wp-content\/uploads\/2021\/06\/Hybrid-Working-Versaeumen-KMU-Mitarbeitende-die-Vorteile_Organisator.jpg\" \/>\n\t<meta property=\"og:image:width\" content=\"680\" \/>\n\t<meta property=\"og:image:height\" content=\"453\" \/>\n\t<meta property=\"og:image:type\" content=\"image\/jpeg\" \/>\n<meta name=\"author\" content=\"thomas.berner\" \/>\n<meta name=\"twitter:card\" content=\"summary_large_image\" \/>\n<meta name=\"twitter:title\" content=\"#HybridWorking: Vers\u00e4umen #KMU-Mitarbeitende die Vorteile?\" \/>\n<meta name=\"twitter:description\" content=\"Nichts von &quot;#HybridWorking&quot;: Drei von f\u00fcnf Angestellten in kleineren Unternehmen werden wohl weiterhin vorwiegend in B\u00fcros arbeiten.\" \/>\n<meta name=\"twitter:image\" content=\"https:\/\/www.organisator.ch\/wp-content\/uploads\/2021\/06\/Hybrid-Working-Versaeumen-KMU-Mitarbeitende-die-Vorteile_Organisator.jpg\" \/>\n<script type=\"application\/ld+json\" class=\"yoast-schema-graph\">{\"@context\":\"https:\\\/\\\/schema.org\",\"@graph\":[{\"@type\":\"Article\",\"@id\":\"https:\\\/\\\/www.organisator.ch\\\/management\\\/2021-06-01\\\/hybrid-working-versaeumen-kmu-mitarbeitende-die-vorteile\\\/#article\",\"isPartOf\":{\"@id\":\"https:\\\/\\\/www.organisator.ch\\\/management\\\/2021-06-01\\\/hybrid-working-versaeumen-kmu-mitarbeitende-die-vorteile\\\/\"},\"author\":{\"name\":\"thomas.berner\",\"@id\":\"https:\\\/\\\/www.organisator.ch\\\/#\\\/schema\\\/person\\\/6f650f90b2842cd4c0cc334b4e36f67e\"},\"headline\":\"Hybrid Working: Vers\u00e4umen KMU-Mitarbeitende die Vorteile?\",\"datePublished\":\"2021-06-01T06:12:54+00:00\",\"mainEntityOfPage\":{\"@id\":\"https:\\\/\\\/www.organisator.ch\\\/management\\\/2021-06-01\\\/hybrid-working-versaeumen-kmu-mitarbeitende-die-vorteile\\\/\"},\"wordCount\":515,\"publisher\":{\"@id\":\"https:\\\/\\\/www.organisator.ch\\\/#organization\"},\"image\":{\"@id\":\"https:\\\/\\\/www.organisator.ch\\\/management\\\/2021-06-01\\\/hybrid-working-versaeumen-kmu-mitarbeitende-die-vorteile\\\/#primaryimage\"},\"thumbnailUrl\":\"https:\\\/\\\/www.organisator.ch\\\/wp-content\\\/uploads\\\/2021\\\/06\\\/Hybrid-Working-Versaeumen-KMU-Mitarbeitende-die-Vorteile_Organisator.jpg\",\"keywords\":[\"Digitalisierung\",\"Management und Unternehmensf\u00fchrung\",\"New Work\"],\"articleSection\":[\"MANAGEMENT\"],\"inLanguage\":\"de\"},{\"@type\":\"WebPage\",\"@id\":\"https:\\\/\\\/www.organisator.ch\\\/management\\\/2021-06-01\\\/hybrid-working-versaeumen-kmu-mitarbeitende-die-vorteile\\\/\",\"url\":\"https:\\\/\\\/www.organisator.ch\\\/management\\\/2021-06-01\\\/hybrid-working-versaeumen-kmu-mitarbeitende-die-vorteile\\\/\",\"name\":\"Hybrid Working: Vers\u00e4umen KMU-Mitarbeitende die Vorteile? - Organisator\",\"isPartOf\":{\"@id\":\"https:\\\/\\\/www.organisator.ch\\\/#website\"},\"primaryImageOfPage\":{\"@id\":\"https:\\\/\\\/www.organisator.ch\\\/management\\\/2021-06-01\\\/hybrid-working-versaeumen-kmu-mitarbeitende-die-vorteile\\\/#primaryimage\"},\"image\":{\"@id\":\"https:\\\/\\\/www.organisator.ch\\\/management\\\/2021-06-01\\\/hybrid-working-versaeumen-kmu-mitarbeitende-die-vorteile\\\/#primaryimage\"},\"thumbnailUrl\":\"https:\\\/\\\/www.organisator.ch\\\/wp-content\\\/uploads\\\/2021\\\/06\\\/Hybrid-Working-Versaeumen-KMU-Mitarbeitende-die-Vorteile_Organisator.jpg\",\"datePublished\":\"2021-06-01T06:12:54+00:00\",\"description\":\"Nichts von \\\"Hybrid Working\\\": Drei von f\u00fcnf Angestellten in kleineren Unternehmen werden wohl weiterhin vorwiegend in B\u00fcros arbeiten.\",\"breadcrumb\":{\"@id\":\"https:\\\/\\\/www.organisator.ch\\\/management\\\/2021-06-01\\\/hybrid-working-versaeumen-kmu-mitarbeitende-die-vorteile\\\/#breadcrumb\"},\"inLanguage\":\"de\",\"potentialAction\":[{\"@type\":\"ReadAction\",\"target\":[\"https:\\\/\\\/www.organisator.ch\\\/management\\\/2021-06-01\\\/hybrid-working-versaeumen-kmu-mitarbeitende-die-vorteile\\\/\"]}]},{\"@type\":\"ImageObject\",\"inLanguage\":\"de\",\"@id\":\"https:\\\/\\\/www.organisator.ch\\\/management\\\/2021-06-01\\\/hybrid-working-versaeumen-kmu-mitarbeitende-die-vorteile\\\/#primaryimage\",\"url\":\"https:\\\/\\\/www.organisator.ch\\\/wp-content\\\/uploads\\\/2021\\\/06\\\/Hybrid-Working-Versaeumen-KMU-Mitarbeitende-die-Vorteile_Organisator.jpg\",\"contentUrl\":\"https:\\\/\\\/www.organisator.ch\\\/wp-content\\\/uploads\\\/2021\\\/06\\\/Hybrid-Working-Versaeumen-KMU-Mitarbeitende-die-Vorteile_Organisator.jpg\",\"width\":680,\"height\":453,\"caption\":\"Remote oder Hybrid Working: In vielen kleinen Unternehmen fehlen die Voraussetzungen dazu. (Bild: zVg \\\/ Ricoh Europe)\"},{\"@type\":\"BreadcrumbList\",\"@id\":\"https:\\\/\\\/www.organisator.ch\\\/management\\\/2021-06-01\\\/hybrid-working-versaeumen-kmu-mitarbeitende-die-vorteile\\\/#breadcrumb\",\"itemListElement\":[{\"@type\":\"ListItem\",\"position\":1,\"name\":\"Home\",\"item\":\"https:\\\/\\\/www.organisator.ch\\\/\"},{\"@type\":\"ListItem\",\"position\":2,\"name\":\"Hybrid Working: Vers\u00e4umen KMU-Mitarbeitende die Vorteile?\"}]},{\"@type\":\"WebSite\",\"@id\":\"https:\\\/\\\/www.organisator.ch\\\/#website\",\"url\":\"https:\\\/\\\/www.organisator.ch\\\/\",\"name\":\"Organisator\",\"description\":\"Kompetent. Praxisnah. Der ORGANISATOR bereitet in 10 Ausgaben pro Jahr die wesentlichen Themen f\u00fcr F\u00fchrungskr\u00e4fte von KMU auf.\",\"publisher\":{\"@id\":\"https:\\\/\\\/www.organisator.ch\\\/#organization\"},\"potentialAction\":[{\"@type\":\"SearchAction\",\"target\":{\"@type\":\"EntryPoint\",\"urlTemplate\":\"https:\\\/\\\/www.organisator.ch\\\/?s={search_term_string}\"},\"query-input\":{\"@type\":\"PropertyValueSpecification\",\"valueRequired\":true,\"valueName\":\"search_term_string\"}}],\"inLanguage\":\"de\"},{\"@type\":\"Organization\",\"@id\":\"https:\\\/\\\/www.organisator.ch\\\/#organization\",\"name\":\"Organisator\",\"url\":\"https:\\\/\\\/www.organisator.ch\\\/\",\"logo\":{\"@type\":\"ImageObject\",\"inLanguage\":\"de\",\"@id\":\"https:\\\/\\\/www.organisator.ch\\\/#\\\/schema\\\/logo\\\/image\\\/\",\"url\":\"https:\\\/\\\/www.organisator.ch\\\/wp-content\\\/uploads\\\/2022\\\/01\\\/Logo_Organisator_Website.png\",\"contentUrl\":\"https:\\\/\\\/www.organisator.ch\\\/wp-content\\\/uploads\\\/2022\\\/01\\\/Logo_Organisator_Website.png\",\"width\":800,\"height\":77,\"caption\":\"Organisator\"},\"image\":{\"@id\":\"https:\\\/\\\/www.organisator.ch\\\/#\\\/schema\\\/logo\\\/image\\\/\"},\"sameAs\":[\"https:\\\/\\\/www.facebook.com\\\/OrganisatorFachmagazin\",\"https:\\\/\\\/www.linkedin.com\\\/showcase\\\/organisator-das-magazin-fr-kmu\",\"https:\\\/\\\/www.xing.com\\\/news\\\/pages\\\/organisator-ch-695\",\"https:\\\/\\\/www.youtube.com\\\/channel\\\/UCGP2Sq0iWaZwT3BdIAQFYpw\"]},{\"@type\":\"Person\",\"@id\":\"https:\\\/\\\/www.organisator.ch\\\/#\\\/schema\\\/person\\\/6f650f90b2842cd4c0cc334b4e36f67e\",\"name\":\"thomas.berner\",\"image\":{\"@type\":\"ImageObject\",\"inLanguage\":\"de\",\"@id\":\"https:\\\/\\\/secure.gravatar.com\\\/avatar\\\/ac5001d2a36cb6c6cd3e50789007ffca834b477b74a2144564522e944eabff61?s=96&d=mm&r=g\",\"url\":\"https:\\\/\\\/secure.gravatar.com\\\/avatar\\\/ac5001d2a36cb6c6cd3e50789007ffca834b477b74a2144564522e944eabff61?s=96&d=mm&r=g\",\"contentUrl\":\"https:\\\/\\\/secure.gravatar.com\\\/avatar\\\/ac5001d2a36cb6c6cd3e50789007ffca834b477b74a2144564522e944eabff61?s=96&d=mm&r=g\",\"caption\":\"thomas.berner\"},\"url\":\"https:\\\/\\\/www.organisator.ch\\\/de\\\/author\\\/thomas-berner\\\/\"}]}<\/script>\n<!-- \/ Yoast SEO plugin. -->","yoast_head_json":{"title":"Hybrid Working: Vers\u00e4umen KMU-Mitarbeitende die Vorteile? - Organisator","description":"Nichts von \"Hybrid Working\": Drei von f\u00fcnf Angestellten in kleineren Unternehmen werden wohl weiterhin vorwiegend in B\u00fcros arbeiten.","robots":{"index":"index","follow":"follow","max-snippet":"max-snippet:-1","max-image-preview":"max-image-preview:large","max-video-preview":"max-video-preview:-1"},"canonical":"https:\/\/www.organisator.ch\/de\/management\/2021-06-01\/hybrid-working-versaeumen-kmu-mitarbeitende-die-vorteile\/","og_locale":"de_DE","og_type":"article","og_title":"Hybrid Working: Vers\u00e4umen KMU-Mitarbeitende die Vorteile?","og_description":"Nichts von \"Hybrid Working\": Drei von f\u00fcnf Angestellten in kleineren Unternehmen werden wohl weiterhin vorwiegend in B\u00fcros arbeiten.","og_url":"https:\/\/www.organisator.ch\/de\/management\/2021-06-01\/hybrid-working-versaeumen-kmu-mitarbeitende-die-vorteile\/","og_site_name":"Organisator","article_publisher":"https:\/\/www.facebook.com\/OrganisatorFachmagazin","article_published_time":"2021-06-01T06:12:54+00:00","og_image":[{"width":680,"height":453,"url":"https:\/\/www.organisator.ch\/wp-content\/uploads\/2021\/06\/Hybrid-Working-Versaeumen-KMU-Mitarbeitende-die-Vorteile_Organisator.jpg","type":"image\/jpeg"}],"author":"thomas.berner","twitter_card":"summary_large_image","twitter_title":"#HybridWorking: Vers\u00e4umen #KMU-Mitarbeitende die Vorteile?","twitter_description":"Nichts von \"#HybridWorking\": Drei von f\u00fcnf Angestellten in kleineren Unternehmen werden wohl weiterhin vorwiegend in B\u00fcros arbeiten.","twitter_image":"https:\/\/www.organisator.ch\/wp-content\/uploads\/2021\/06\/Hybrid-Working-Versaeumen-KMU-Mitarbeitende-die-Vorteile_Organisator.jpg","schema":{"@context":"https:\/\/schema.org","@graph":[{"@type":"Article","@id":"https:\/\/www.organisator.ch\/management\/2021-06-01\/hybrid-working-versaeumen-kmu-mitarbeitende-die-vorteile\/#article","isPartOf":{"@id":"https:\/\/www.organisator.ch\/management\/2021-06-01\/hybrid-working-versaeumen-kmu-mitarbeitende-die-vorteile\/"},"author":{"name":"thomas.berner","@id":"https:\/\/www.organisator.ch\/#\/schema\/person\/6f650f90b2842cd4c0cc334b4e36f67e"},"headline":"Hybrid Working: Vers\u00e4umen KMU-Mitarbeitende die Vorteile?","datePublished":"2021-06-01T06:12:54+00:00","mainEntityOfPage":{"@id":"https:\/\/www.organisator.ch\/management\/2021-06-01\/hybrid-working-versaeumen-kmu-mitarbeitende-die-vorteile\/"},"wordCount":515,"publisher":{"@id":"https:\/\/www.organisator.ch\/#organization"},"image":{"@id":"https:\/\/www.organisator.ch\/management\/2021-06-01\/hybrid-working-versaeumen-kmu-mitarbeitende-die-vorteile\/#primaryimage"},"thumbnailUrl":"https:\/\/www.organisator.ch\/wp-content\/uploads\/2021\/06\/Hybrid-Working-Versaeumen-KMU-Mitarbeitende-die-Vorteile_Organisator.jpg","keywords":["Digitalisierung","Management und Unternehmensf\u00fchrung","New Work"],"articleSection":["MANAGEMENT"],"inLanguage":"de"},{"@type":"WebPage","@id":"https:\/\/www.organisator.ch\/management\/2021-06-01\/hybrid-working-versaeumen-kmu-mitarbeitende-die-vorteile\/","url":"https:\/\/www.organisator.ch\/management\/2021-06-01\/hybrid-working-versaeumen-kmu-mitarbeitende-die-vorteile\/","name":"Hybrid Working: Vers\u00e4umen KMU-Mitarbeitende die Vorteile? - Organisator","isPartOf":{"@id":"https:\/\/www.organisator.ch\/#website"},"primaryImageOfPage":{"@id":"https:\/\/www.organisator.ch\/management\/2021-06-01\/hybrid-working-versaeumen-kmu-mitarbeitende-die-vorteile\/#primaryimage"},"image":{"@id":"https:\/\/www.organisator.ch\/management\/2021-06-01\/hybrid-working-versaeumen-kmu-mitarbeitende-die-vorteile\/#primaryimage"},"thumbnailUrl":"https:\/\/www.organisator.ch\/wp-content\/uploads\/2021\/06\/Hybrid-Working-Versaeumen-KMU-Mitarbeitende-die-Vorteile_Organisator.jpg","datePublished":"2021-06-01T06:12:54+00:00","description":"Nichts von \"Hybrid Working\": Drei von f\u00fcnf Angestellten in kleineren Unternehmen werden wohl weiterhin vorwiegend in B\u00fcros arbeiten.","breadcrumb":{"@id":"https:\/\/www.organisator.ch\/management\/2021-06-01\/hybrid-working-versaeumen-kmu-mitarbeitende-die-vorteile\/#breadcrumb"},"inLanguage":"de","potentialAction":[{"@type":"ReadAction","target":["https:\/\/www.organisator.ch\/management\/2021-06-01\/hybrid-working-versaeumen-kmu-mitarbeitende-die-vorteile\/"]}]},{"@type":"ImageObject","inLanguage":"de","@id":"https:\/\/www.organisator.ch\/management\/2021-06-01\/hybrid-working-versaeumen-kmu-mitarbeitende-die-vorteile\/#primaryimage","url":"https:\/\/www.organisator.ch\/wp-content\/uploads\/2021\/06\/Hybrid-Working-Versaeumen-KMU-Mitarbeitende-die-Vorteile_Organisator.jpg","contentUrl":"https:\/\/www.organisator.ch\/wp-content\/uploads\/2021\/06\/Hybrid-Working-Versaeumen-KMU-Mitarbeitende-die-Vorteile_Organisator.jpg","width":680,"height":453,"caption":"Remote oder Hybrid Working: In vielen kleinen Unternehmen fehlen die Voraussetzungen dazu. (Bild: zVg \/ Ricoh Europe)"},{"@type":"BreadcrumbList","@id":"https:\/\/www.organisator.ch\/management\/2021-06-01\/hybrid-working-versaeumen-kmu-mitarbeitende-die-vorteile\/#breadcrumb","itemListElement":[{"@type":"ListItem","position":1,"name":"Home","item":"https:\/\/www.organisator.ch\/"},{"@type":"ListItem","position":2,"name":"Hybrid Working: Vers\u00e4umen KMU-Mitarbeitende die Vorteile?"}]},{"@type":"WebSite","@id":"https:\/\/www.organisator.ch\/#website","url":"https:\/\/www.organisator.ch\/","name":"Organisator","description":"Kompetent. Praxisnah. Der ORGANISATOR bereitet in 10 Ausgaben pro Jahr die wesentlichen Themen f\u00fcr F\u00fchrungskr\u00e4fte von KMU auf.","publisher":{"@id":"https:\/\/www.organisator.ch\/#organization"},"potentialAction":[{"@type":"SearchAction","target":{"@type":"EntryPoint","urlTemplate":"https:\/\/www.organisator.ch\/?s={search_term_string}"},"query-input":{"@type":"PropertyValueSpecification","valueRequired":true,"valueName":"search_term_string"}}],"inLanguage":"de"},{"@type":"Organization","@id":"https:\/\/www.organisator.ch\/#organization","name":"Organisator","url":"https:\/\/www.organisator.ch\/","logo":{"@type":"ImageObject","inLanguage":"de","@id":"https:\/\/www.organisator.ch\/#\/schema\/logo\/image\/","url":"https:\/\/www.organisator.ch\/wp-content\/uploads\/2022\/01\/Logo_Organisator_Website.png","contentUrl":"https:\/\/www.organisator.ch\/wp-content\/uploads\/2022\/01\/Logo_Organisator_Website.png","width":800,"height":77,"caption":"Organisator"},"image":{"@id":"https:\/\/www.organisator.ch\/#\/schema\/logo\/image\/"},"sameAs":["https:\/\/www.facebook.com\/OrganisatorFachmagazin","https:\/\/www.linkedin.com\/showcase\/organisator-das-magazin-fr-kmu","https:\/\/www.xing.com\/news\/pages\/organisator-ch-695","https:\/\/www.youtube.com\/channel\/UCGP2Sq0iWaZwT3BdIAQFYpw"]},{"@type":"Person","@id":"https:\/\/www.organisator.ch\/#\/schema\/person\/6f650f90b2842cd4c0cc334b4e36f67e","name":"thomas.berner","image":{"@type":"ImageObject","inLanguage":"de","@id":"https:\/\/secure.gravatar.com\/avatar\/ac5001d2a36cb6c6cd3e50789007ffca834b477b74a2144564522e944eabff61?s=96&d=mm&r=g","url":"https:\/\/secure.gravatar.com\/avatar\/ac5001d2a36cb6c6cd3e50789007ffca834b477b74a2144564522e944eabff61?s=96&d=mm&r=g","contentUrl":"https:\/\/secure.gravatar.com\/avatar\/ac5001d2a36cb6c6cd3e50789007ffca834b477b74a2144564522e944eabff61?s=96&d=mm&r=g","caption":"thomas.berner"},"url":"https:\/\/www.organisator.ch\/de\/author\/thomas-berner\/"}]}},"_links":{"self":[{"href":"https:\/\/www.organisator.ch\/de\/wp-json\/wp\/v2\/posts\/8088","targetHints":{"allow":["GET"]}}],"collection":[{"href":"https:\/\/www.organisator.ch\/de\/wp-json\/wp\/v2\/posts"}],"about":[{"href":"https:\/\/www.organisator.ch\/de\/wp-json\/wp\/v2\/types\/post"}],"author":[{"embeddable":true,"href":"https:\/\/www.organisator.ch\/de\/wp-json\/wp\/v2\/users\/4"}],"replies":[{"embeddable":true,"href":"https:\/\/www.organisator.ch\/de\/wp-json\/wp\/v2\/comments?post=8088"}],"version-history":[{"count":0,"href":"https:\/\/www.organisator.ch\/de\/wp-json\/wp\/v2\/posts\/8088\/revisions"}],"wp:featuredmedia":[{"embeddable":true,"href":"https:\/\/www.organisator.ch\/de\/wp-json\/wp\/v2\/media\/8089"}],"wp:attachment":[{"href":"https:\/\/www.organisator.ch\/de\/wp-json\/wp\/v2\/media?parent=8088"}],"wp:term":[{"taxonomy":"category","embeddable":true,"href":"https:\/\/www.organisator.ch\/de\/wp-json\/wp\/v2\/categories?post=8088"},{"taxonomy":"post_tag","embeddable":true,"href":"https:\/\/www.organisator.ch\/de\/wp-json\/wp\/v2\/tags?post=8088"}],"curies":[{"name":"wp","href":"https:\/\/api.w.org\/{rel}","templated":true}]}}