{"id":8091,"date":"2021-06-02T13:27:00","date_gmt":"2021-06-02T11:27:00","guid":{"rendered":"https:\/\/www.organisator.ch\/?p=8091"},"modified":"2021-06-02T13:27:00","modified_gmt":"2021-06-02T11:27:00","slug":"rekordwachstum-bei-ausgeschriebenen-stellen","status":"publish","type":"post","link":"https:\/\/www.organisator.ch\/de\/human-resources\/hrm\/2021-06-02\/rekordwachstum-bei-ausgeschriebenen-stellen\/","title":{"rendered":"Rekordwachstum bei ausgeschriebenen Stellen"},"content":{"rendered":"<figure id=\"attachment_8096\" aria-describedby=\"caption-attachment-8096\" style=\"width: 680px\" class=\"wp-caption alignnone\"><img loading=\"lazy\" decoding=\"async\" class=\"size-medium wp-image-8096\" src=\"https:\/\/www.organisator.ch\/wp-content\/uploads\/2021\/06\/Rekordwachstum-bei-ausgeschriebenen-Stellen_Organisator.jpg\" alt=\"\" width=\"680\" height=\"516\" srcset=\"https:\/\/www.organisator.ch\/wp-content\/uploads\/2021\/06\/Rekordwachstum-bei-ausgeschriebenen-Stellen_Organisator.jpg 680w, https:\/\/www.organisator.ch\/wp-content\/uploads\/2021\/06\/Rekordwachstum-bei-ausgeschriebenen-Stellen_Organisator-16x12.jpg 16w, https:\/\/www.organisator.ch\/wp-content\/uploads\/2021\/06\/Rekordwachstum-bei-ausgeschriebenen-Stellen_Organisator-231x175.jpg 231w, https:\/\/www.organisator.ch\/wp-content\/uploads\/2021\/06\/Rekordwachstum-bei-ausgeschriebenen-Stellen_Organisator-461x350.jpg 461w, https:\/\/www.organisator.ch\/wp-content\/uploads\/2021\/06\/Rekordwachstum-bei-ausgeschriebenen-Stellen_Organisator-300x228.jpg 300w\" sizes=\"auto, (max-width: 680px) 100vw, 680px\" \/><figcaption id=\"caption-attachment-8096\" class=\"wp-caption-text\">Fachkr\u00e4fte gesucht: Die Zahl der ausgeschriebenen Stellen verzeichnet seit Anfang Jahr ein Rekordwachstum. (Bild: Pixabay.com)<\/figcaption><\/figure>\n<p>Ein untr\u00fcgliches Zeichen, dass die Wirtschaft wieder anzieht: Firmen suchen wieder Arbeitskr\u00e4fte. Gem\u00e4ss dem Michael Page Swiss Job Index ist die Zahl der ausgeschriebenen Stellen von April bis Mai 2021 um +7,9 % und seit Januar um +17,8 % gestiegen. Das ist das st\u00e4rkste monatliche Wachstum in diesem Jahr und \u00fcbersteigt die Wachstumsraten im gleichen Zeitraum vor der Corona-Krise. F\u00fcr dieses Rekordwachstum verantwortlich ist die besonders starke Nachfrage nach Fachspezialisten in den Bereichen Logistik, IT, Ingenieurwesen, Facility-Management und in der Pharmabranche.<\/p>\n<table width=\"613\">\n<tbody>\n<tr>\n<td width=\"302\"><strong>Bereiche mit Stellenzuwachs<\/strong><\/td>\n<td width=\"156\"><strong>Monatliches Wachstum<\/strong><br \/>\n(April 2021 \u2013 Mai 2021)<\/td>\n<td width=\"156\"><strong>Wachstum im laufenden Jahr<\/strong><br \/>\n(Januar 2021 \u2013 Mai 2021)<\/td>\n<\/tr>\n<tr>\n<td width=\"302\">Logistiker<\/td>\n<td width=\"156\">+16,6\u00a0%<\/td>\n<td width=\"156\">+14,9\u00a0%<\/td>\n<\/tr>\n<tr>\n<td width=\"302\">IT-Spezialisten (vor allem Spezialisten f\u00fcr Cybersicherheit &amp; Programmierer)<\/td>\n<td width=\"156\">+14,6\u00a0%<\/td>\n<td width=\"156\">+13.3\u00a0%<\/td>\n<\/tr>\n<tr>\n<td width=\"302\">Facility-Manager<\/td>\n<td width=\"156\">+11,9\u00a0%<\/td>\n<td width=\"156\">+13,2\u00a0%<\/td>\n<\/tr>\n<tr>\n<td width=\"302\">Ingenieure<\/td>\n<td width=\"156\">+10,3\u00a0%<\/td>\n<td width=\"156\">+8,6\u00a0%<\/td>\n<\/tr>\n<tr>\n<td width=\"302\">Pharma-Spezialisten<\/td>\n<td width=\"156\">+10,2\u00a0%<\/td>\n<td width=\"156\">+16,2\u00a0%<\/td>\n<\/tr>\n<\/tbody>\n<\/table>\n<p>&nbsp;<\/p>\n<p>&#8222;Dieses Wachstum ist besonders erfreulich. Laut unseren Daten sank die Zahl der ausgeschriebenen Stellen vor Corona h\u00e4ufig kurz vor den Sommerferien (zwischen April und Mai)&#8220;, erl\u00e4uterte Yannick Coulange, Managing Director bei PageGroup Schweiz. &#8222;Ausserdem erweist sich das Wachstum in der ganzen Schweiz als best\u00e4ndig&#8220;.<\/p>\n<p>Alle Regionen wiesen ein positives Wachstum aus. Mit +12,7 % beziehungsweise +26,4 % verzeichnete die Zentralschweiz (LU, NW, OW, SZ, UR, ZG) sowohl das st\u00e4rkste monatliche Wachstum wie auch ein Rekordwachstum im laufenden Jahr.<\/p>\n<table width=\"622\">\n<tbody>\n<tr>\n<td width=\"301\"><strong>Regionen<\/strong><\/td>\n<td width=\"165\"><strong>Monatliches Wachstum<br \/>\n<\/strong>(April 2021 \u2013 Mai 2021)<\/td>\n<td width=\"155\"><strong>Wachstum im laufenden Jahr<br \/>\n<\/strong>(Januar 2021 \u2013 Mai 2021)<\/td>\n<\/tr>\n<tr>\n<td width=\"301\">Zentralschweiz (LU, NW, OW, SZ, UR, ZG)<\/td>\n<td width=\"165\">+12,7\u00a0%<\/td>\n<td width=\"155\">+26,4\u00a0%<\/td>\n<\/tr>\n<tr>\n<td width=\"301\">Nordschweiz (AG, BL, BS)<\/td>\n<td width=\"165\">+8,2\u00a0%<\/td>\n<td width=\"155\">+16,8 %<\/td>\n<\/tr>\n<tr>\n<td width=\"301\">Mittelland (BE, FR, JU, NE, SO)<\/td>\n<td width=\"165\">+8,0\u00a0%<\/td>\n<td width=\"155\">+17,6\u00a0%<\/td>\n<\/tr>\n<tr>\n<td width=\"301\">Genfersee (GE, VD, VS)<\/td>\n<td width=\"165\">+7,9\u00a0%<\/td>\n<td width=\"155\">+22,8\u00a0%<\/td>\n<\/tr>\n<tr>\n<td width=\"301\">Z\u00fcrich (ZH)<\/td>\n<td width=\"165\">+6,7%<\/td>\n<td width=\"155\">+14.4%<\/td>\n<\/tr>\n<tr>\n<td width=\"301\">Ostschweiz (AI, AR, GL, GR, SG, SH, TG)<\/td>\n<td width=\"165\">+6,0\u00a0%<\/td>\n<td width=\"155\">+14.4%<\/td>\n<\/tr>\n<\/tbody>\n<\/table>\n<p>&nbsp;<\/p>\n<p><em>Quelle: <a href=\"http:\/\/www.michaelpage.ch\">Michael Page<\/a><\/em><\/p>\n","protected":false},"excerpt":{"rendered":"<p>Ein untr\u00fcgliches Zeichen, dass die Wirtschaft wieder anzieht: Firmen suchen wieder Arbeitskr\u00e4fte. Gem\u00e4ss dem Michael Page Swiss Job Index ist die Zahl der ausgeschriebenen Stellen von April bis Mai 2021 um +7,9 % und seit Januar um +17,8 % gestiegen. Das ist das st\u00e4rkste monatliche Wachstum in diesem Jahr und \u00fcbersteigt die Wachstumsraten im gleichen [&hellip;]<\/p>\n","protected":false},"author":4,"featured_media":8096,"comment_status":"closed","ping_status":"closed","sticky":false,"template":"","format":"standard","meta":{"_acf_changed":false,"_yoast_wpseo_focuskw":"Rekordwachstum","_yoast_wpseo_metadesc":"Die neueste Erhebung des Swiss Job Index durch den Personaldienstleister Michael Page verzeichnet ein monatliches Rekordwachstum.","articlekey":"","footnotes":""},"categories":[26],"tags":[254,349,453],"class_list":["post-8091","post","type-post","status-publish","format-standard","has-post-thumbnail","hentry","category-hrm","tag-hrm","tag-michael-page-swiss-job-index","tag-stellensuche"],"acf":[],"yoast_head":"<!-- This site is optimized with the Yoast SEO plugin v27.4 - https:\/\/yoast.com\/product\/yoast-seo-wordpress\/ -->\n<title>Rekordwachstum bei ausgeschriebenen Stellen - Organisator<\/title>\n<meta name=\"description\" content=\"Die neueste Erhebung des Swiss Job Index durch den Personaldienstleister Michael Page verzeichnet ein monatliches Rekordwachstum.\" \/>\n<meta name=\"robots\" content=\"index, follow, max-snippet:-1, max-image-preview:large, max-video-preview:-1\" \/>\n<link rel=\"canonical\" href=\"https:\/\/www.organisator.ch\/de\/human-resources\/hrm\/2021-06-02\/rekordwachstum-bei-ausgeschriebenen-stellen\/\" \/>\n<meta property=\"og:locale\" content=\"de_DE\" \/>\n<meta property=\"og:type\" content=\"article\" \/>\n<meta property=\"og:title\" content=\"Rekordwachstum bei ausgeschriebenen Stellen\" \/>\n<meta property=\"og:description\" content=\"Die neueste Erhebung des Swiss Job Index durch den Personaldienstleister Michael Page verzeichnet ein monatliches Rekordwachstum.\" \/>\n<meta property=\"og:url\" content=\"https:\/\/www.organisator.ch\/de\/human-resources\/hrm\/2021-06-02\/rekordwachstum-bei-ausgeschriebenen-stellen\/\" \/>\n<meta property=\"og:site_name\" content=\"Organisator\" \/>\n<meta property=\"article:publisher\" content=\"https:\/\/www.facebook.com\/OrganisatorFachmagazin\" \/>\n<meta property=\"article:published_time\" content=\"2021-06-02T11:27:00+00:00\" \/>\n<meta property=\"og:image\" content=\"https:\/\/www.organisator.ch\/wp-content\/uploads\/2021\/06\/Rekordwachstum-bei-ausgeschriebenen-Stellen_Organisator.jpg\" \/>\n\t<meta property=\"og:image:width\" content=\"680\" \/>\n\t<meta property=\"og:image:height\" content=\"516\" \/>\n\t<meta property=\"og:image:type\" content=\"image\/jpeg\" \/>\n<meta name=\"author\" content=\"thomas.berner\" \/>\n<meta name=\"twitter:card\" content=\"summary_large_image\" \/>\n<meta name=\"twitter:title\" content=\"#Rekordwachstum bei ausgeschriebenen Stellen\" \/>\n<meta name=\"twitter:description\" content=\"Die neueste Erhebung des Swiss Job Index durch den Personaldienstleister Michael Page verzeichnet ein monatliches #Rekordwachstum.\" \/>\n<meta name=\"twitter:image\" content=\"https:\/\/www.organisator.ch\/wp-content\/uploads\/2021\/06\/Rekordwachstum-bei-ausgeschriebenen-Stellen_Organisator.jpg\" \/>\n<script type=\"application\/ld+json\" class=\"yoast-schema-graph\">{\"@context\":\"https:\\\/\\\/schema.org\",\"@graph\":[{\"@type\":\"Article\",\"@id\":\"https:\\\/\\\/www.organisator.ch\\\/human-resources\\\/hrm\\\/2021-06-02\\\/rekordwachstum-bei-ausgeschriebenen-stellen\\\/#article\",\"isPartOf\":{\"@id\":\"https:\\\/\\\/www.organisator.ch\\\/human-resources\\\/hrm\\\/2021-06-02\\\/rekordwachstum-bei-ausgeschriebenen-stellen\\\/\"},\"author\":{\"name\":\"thomas.berner\",\"@id\":\"https:\\\/\\\/www.organisator.ch\\\/#\\\/schema\\\/person\\\/6f650f90b2842cd4c0cc334b4e36f67e\"},\"headline\":\"Rekordwachstum bei ausgeschriebenen Stellen\",\"datePublished\":\"2021-06-02T11:27:00+00:00\",\"mainEntityOfPage\":{\"@id\":\"https:\\\/\\\/www.organisator.ch\\\/human-resources\\\/hrm\\\/2021-06-02\\\/rekordwachstum-bei-ausgeschriebenen-stellen\\\/\"},\"wordCount\":261,\"publisher\":{\"@id\":\"https:\\\/\\\/www.organisator.ch\\\/#organization\"},\"image\":{\"@id\":\"https:\\\/\\\/www.organisator.ch\\\/human-resources\\\/hrm\\\/2021-06-02\\\/rekordwachstum-bei-ausgeschriebenen-stellen\\\/#primaryimage\"},\"thumbnailUrl\":\"https:\\\/\\\/www.organisator.ch\\\/wp-content\\\/uploads\\\/2021\\\/06\\\/Rekordwachstum-bei-ausgeschriebenen-Stellen_Organisator.jpg\",\"keywords\":[\"HRM\",\"Michael Page Swiss Job Index\",\"Stellensuche\"],\"articleSection\":[\"HRM\"],\"inLanguage\":\"de\"},{\"@type\":\"WebPage\",\"@id\":\"https:\\\/\\\/www.organisator.ch\\\/human-resources\\\/hrm\\\/2021-06-02\\\/rekordwachstum-bei-ausgeschriebenen-stellen\\\/\",\"url\":\"https:\\\/\\\/www.organisator.ch\\\/human-resources\\\/hrm\\\/2021-06-02\\\/rekordwachstum-bei-ausgeschriebenen-stellen\\\/\",\"name\":\"Rekordwachstum bei ausgeschriebenen Stellen - Organisator\",\"isPartOf\":{\"@id\":\"https:\\\/\\\/www.organisator.ch\\\/#website\"},\"primaryImageOfPage\":{\"@id\":\"https:\\\/\\\/www.organisator.ch\\\/human-resources\\\/hrm\\\/2021-06-02\\\/rekordwachstum-bei-ausgeschriebenen-stellen\\\/#primaryimage\"},\"image\":{\"@id\":\"https:\\\/\\\/www.organisator.ch\\\/human-resources\\\/hrm\\\/2021-06-02\\\/rekordwachstum-bei-ausgeschriebenen-stellen\\\/#primaryimage\"},\"thumbnailUrl\":\"https:\\\/\\\/www.organisator.ch\\\/wp-content\\\/uploads\\\/2021\\\/06\\\/Rekordwachstum-bei-ausgeschriebenen-Stellen_Organisator.jpg\",\"datePublished\":\"2021-06-02T11:27:00+00:00\",\"description\":\"Die neueste Erhebung des Swiss Job Index durch den Personaldienstleister Michael Page verzeichnet ein monatliches Rekordwachstum.\",\"breadcrumb\":{\"@id\":\"https:\\\/\\\/www.organisator.ch\\\/human-resources\\\/hrm\\\/2021-06-02\\\/rekordwachstum-bei-ausgeschriebenen-stellen\\\/#breadcrumb\"},\"inLanguage\":\"de\",\"potentialAction\":[{\"@type\":\"ReadAction\",\"target\":[\"https:\\\/\\\/www.organisator.ch\\\/human-resources\\\/hrm\\\/2021-06-02\\\/rekordwachstum-bei-ausgeschriebenen-stellen\\\/\"]}]},{\"@type\":\"ImageObject\",\"inLanguage\":\"de\",\"@id\":\"https:\\\/\\\/www.organisator.ch\\\/human-resources\\\/hrm\\\/2021-06-02\\\/rekordwachstum-bei-ausgeschriebenen-stellen\\\/#primaryimage\",\"url\":\"https:\\\/\\\/www.organisator.ch\\\/wp-content\\\/uploads\\\/2021\\\/06\\\/Rekordwachstum-bei-ausgeschriebenen-Stellen_Organisator.jpg\",\"contentUrl\":\"https:\\\/\\\/www.organisator.ch\\\/wp-content\\\/uploads\\\/2021\\\/06\\\/Rekordwachstum-bei-ausgeschriebenen-Stellen_Organisator.jpg\",\"width\":680,\"height\":516,\"caption\":\"Fachkr\u00e4fte gesucht: Die Zahl der ausgeschriebenen Stellen verzeichnet seit Anfang Jahr ein Rekordwachstum. (Bild: Pixabay.com)\"},{\"@type\":\"BreadcrumbList\",\"@id\":\"https:\\\/\\\/www.organisator.ch\\\/human-resources\\\/hrm\\\/2021-06-02\\\/rekordwachstum-bei-ausgeschriebenen-stellen\\\/#breadcrumb\",\"itemListElement\":[{\"@type\":\"ListItem\",\"position\":1,\"name\":\"Home\",\"item\":\"https:\\\/\\\/www.organisator.ch\\\/\"},{\"@type\":\"ListItem\",\"position\":2,\"name\":\"Rekordwachstum bei ausgeschriebenen Stellen\"}]},{\"@type\":\"WebSite\",\"@id\":\"https:\\\/\\\/www.organisator.ch\\\/#website\",\"url\":\"https:\\\/\\\/www.organisator.ch\\\/\",\"name\":\"Organisator\",\"description\":\"Kompetent. Praxisnah. Der ORGANISATOR bereitet in 10 Ausgaben pro Jahr die wesentlichen Themen f\u00fcr F\u00fchrungskr\u00e4fte von KMU auf.\",\"publisher\":{\"@id\":\"https:\\\/\\\/www.organisator.ch\\\/#organization\"},\"potentialAction\":[{\"@type\":\"SearchAction\",\"target\":{\"@type\":\"EntryPoint\",\"urlTemplate\":\"https:\\\/\\\/www.organisator.ch\\\/?s={search_term_string}\"},\"query-input\":{\"@type\":\"PropertyValueSpecification\",\"valueRequired\":true,\"valueName\":\"search_term_string\"}}],\"inLanguage\":\"de\"},{\"@type\":\"Organization\",\"@id\":\"https:\\\/\\\/www.organisator.ch\\\/#organization\",\"name\":\"Organisator\",\"url\":\"https:\\\/\\\/www.organisator.ch\\\/\",\"logo\":{\"@type\":\"ImageObject\",\"inLanguage\":\"de\",\"@id\":\"https:\\\/\\\/www.organisator.ch\\\/#\\\/schema\\\/logo\\\/image\\\/\",\"url\":\"https:\\\/\\\/www.organisator.ch\\\/wp-content\\\/uploads\\\/2022\\\/01\\\/Logo_Organisator_Website.png\",\"contentUrl\":\"https:\\\/\\\/www.organisator.ch\\\/wp-content\\\/uploads\\\/2022\\\/01\\\/Logo_Organisator_Website.png\",\"width\":800,\"height\":77,\"caption\":\"Organisator\"},\"image\":{\"@id\":\"https:\\\/\\\/www.organisator.ch\\\/#\\\/schema\\\/logo\\\/image\\\/\"},\"sameAs\":[\"https:\\\/\\\/www.facebook.com\\\/OrganisatorFachmagazin\",\"https:\\\/\\\/www.linkedin.com\\\/showcase\\\/organisator-das-magazin-fr-kmu\",\"https:\\\/\\\/www.xing.com\\\/news\\\/pages\\\/organisator-ch-695\",\"https:\\\/\\\/www.youtube.com\\\/channel\\\/UCGP2Sq0iWaZwT3BdIAQFYpw\"]},{\"@type\":\"Person\",\"@id\":\"https:\\\/\\\/www.organisator.ch\\\/#\\\/schema\\\/person\\\/6f650f90b2842cd4c0cc334b4e36f67e\",\"name\":\"thomas.berner\",\"image\":{\"@type\":\"ImageObject\",\"inLanguage\":\"de\",\"@id\":\"https:\\\/\\\/secure.gravatar.com\\\/avatar\\\/ac5001d2a36cb6c6cd3e50789007ffca834b477b74a2144564522e944eabff61?s=96&d=mm&r=g\",\"url\":\"https:\\\/\\\/secure.gravatar.com\\\/avatar\\\/ac5001d2a36cb6c6cd3e50789007ffca834b477b74a2144564522e944eabff61?s=96&d=mm&r=g\",\"contentUrl\":\"https:\\\/\\\/secure.gravatar.com\\\/avatar\\\/ac5001d2a36cb6c6cd3e50789007ffca834b477b74a2144564522e944eabff61?s=96&d=mm&r=g\",\"caption\":\"thomas.berner\"},\"url\":\"https:\\\/\\\/www.organisator.ch\\\/de\\\/author\\\/thomas-berner\\\/\"}]}<\/script>\n<!-- \/ Yoast SEO plugin. -->","yoast_head_json":{"title":"Rekordwachstum bei ausgeschriebenen Stellen - Organisator","description":"Die neueste Erhebung des Swiss Job Index durch den Personaldienstleister Michael Page verzeichnet ein monatliches Rekordwachstum.","robots":{"index":"index","follow":"follow","max-snippet":"max-snippet:-1","max-image-preview":"max-image-preview:large","max-video-preview":"max-video-preview:-1"},"canonical":"https:\/\/www.organisator.ch\/de\/human-resources\/hrm\/2021-06-02\/rekordwachstum-bei-ausgeschriebenen-stellen\/","og_locale":"de_DE","og_type":"article","og_title":"Rekordwachstum bei ausgeschriebenen Stellen","og_description":"Die neueste Erhebung des Swiss Job Index durch den Personaldienstleister Michael Page verzeichnet ein monatliches Rekordwachstum.","og_url":"https:\/\/www.organisator.ch\/de\/human-resources\/hrm\/2021-06-02\/rekordwachstum-bei-ausgeschriebenen-stellen\/","og_site_name":"Organisator","article_publisher":"https:\/\/www.facebook.com\/OrganisatorFachmagazin","article_published_time":"2021-06-02T11:27:00+00:00","og_image":[{"width":680,"height":516,"url":"https:\/\/www.organisator.ch\/wp-content\/uploads\/2021\/06\/Rekordwachstum-bei-ausgeschriebenen-Stellen_Organisator.jpg","type":"image\/jpeg"}],"author":"thomas.berner","twitter_card":"summary_large_image","twitter_title":"#Rekordwachstum bei ausgeschriebenen Stellen","twitter_description":"Die neueste Erhebung des Swiss Job Index durch den Personaldienstleister Michael Page verzeichnet ein monatliches #Rekordwachstum.","twitter_image":"https:\/\/www.organisator.ch\/wp-content\/uploads\/2021\/06\/Rekordwachstum-bei-ausgeschriebenen-Stellen_Organisator.jpg","schema":{"@context":"https:\/\/schema.org","@graph":[{"@type":"Article","@id":"https:\/\/www.organisator.ch\/human-resources\/hrm\/2021-06-02\/rekordwachstum-bei-ausgeschriebenen-stellen\/#article","isPartOf":{"@id":"https:\/\/www.organisator.ch\/human-resources\/hrm\/2021-06-02\/rekordwachstum-bei-ausgeschriebenen-stellen\/"},"author":{"name":"thomas.berner","@id":"https:\/\/www.organisator.ch\/#\/schema\/person\/6f650f90b2842cd4c0cc334b4e36f67e"},"headline":"Rekordwachstum bei ausgeschriebenen Stellen","datePublished":"2021-06-02T11:27:00+00:00","mainEntityOfPage":{"@id":"https:\/\/www.organisator.ch\/human-resources\/hrm\/2021-06-02\/rekordwachstum-bei-ausgeschriebenen-stellen\/"},"wordCount":261,"publisher":{"@id":"https:\/\/www.organisator.ch\/#organization"},"image":{"@id":"https:\/\/www.organisator.ch\/human-resources\/hrm\/2021-06-02\/rekordwachstum-bei-ausgeschriebenen-stellen\/#primaryimage"},"thumbnailUrl":"https:\/\/www.organisator.ch\/wp-content\/uploads\/2021\/06\/Rekordwachstum-bei-ausgeschriebenen-Stellen_Organisator.jpg","keywords":["HRM","Michael Page Swiss Job Index","Stellensuche"],"articleSection":["HRM"],"inLanguage":"de"},{"@type":"WebPage","@id":"https:\/\/www.organisator.ch\/human-resources\/hrm\/2021-06-02\/rekordwachstum-bei-ausgeschriebenen-stellen\/","url":"https:\/\/www.organisator.ch\/human-resources\/hrm\/2021-06-02\/rekordwachstum-bei-ausgeschriebenen-stellen\/","name":"Rekordwachstum bei ausgeschriebenen Stellen - Organisator","isPartOf":{"@id":"https:\/\/www.organisator.ch\/#website"},"primaryImageOfPage":{"@id":"https:\/\/www.organisator.ch\/human-resources\/hrm\/2021-06-02\/rekordwachstum-bei-ausgeschriebenen-stellen\/#primaryimage"},"image":{"@id":"https:\/\/www.organisator.ch\/human-resources\/hrm\/2021-06-02\/rekordwachstum-bei-ausgeschriebenen-stellen\/#primaryimage"},"thumbnailUrl":"https:\/\/www.organisator.ch\/wp-content\/uploads\/2021\/06\/Rekordwachstum-bei-ausgeschriebenen-Stellen_Organisator.jpg","datePublished":"2021-06-02T11:27:00+00:00","description":"Die neueste Erhebung des Swiss Job Index durch den Personaldienstleister Michael Page verzeichnet ein monatliches Rekordwachstum.","breadcrumb":{"@id":"https:\/\/www.organisator.ch\/human-resources\/hrm\/2021-06-02\/rekordwachstum-bei-ausgeschriebenen-stellen\/#breadcrumb"},"inLanguage":"de","potentialAction":[{"@type":"ReadAction","target":["https:\/\/www.organisator.ch\/human-resources\/hrm\/2021-06-02\/rekordwachstum-bei-ausgeschriebenen-stellen\/"]}]},{"@type":"ImageObject","inLanguage":"de","@id":"https:\/\/www.organisator.ch\/human-resources\/hrm\/2021-06-02\/rekordwachstum-bei-ausgeschriebenen-stellen\/#primaryimage","url":"https:\/\/www.organisator.ch\/wp-content\/uploads\/2021\/06\/Rekordwachstum-bei-ausgeschriebenen-Stellen_Organisator.jpg","contentUrl":"https:\/\/www.organisator.ch\/wp-content\/uploads\/2021\/06\/Rekordwachstum-bei-ausgeschriebenen-Stellen_Organisator.jpg","width":680,"height":516,"caption":"Fachkr\u00e4fte gesucht: Die Zahl der ausgeschriebenen Stellen verzeichnet seit Anfang Jahr ein Rekordwachstum. (Bild: Pixabay.com)"},{"@type":"BreadcrumbList","@id":"https:\/\/www.organisator.ch\/human-resources\/hrm\/2021-06-02\/rekordwachstum-bei-ausgeschriebenen-stellen\/#breadcrumb","itemListElement":[{"@type":"ListItem","position":1,"name":"Home","item":"https:\/\/www.organisator.ch\/"},{"@type":"ListItem","position":2,"name":"Rekordwachstum bei ausgeschriebenen Stellen"}]},{"@type":"WebSite","@id":"https:\/\/www.organisator.ch\/#website","url":"https:\/\/www.organisator.ch\/","name":"Organisator","description":"Kompetent. Praxisnah. Der ORGANISATOR bereitet in 10 Ausgaben pro Jahr die wesentlichen Themen f\u00fcr F\u00fchrungskr\u00e4fte von KMU auf.","publisher":{"@id":"https:\/\/www.organisator.ch\/#organization"},"potentialAction":[{"@type":"SearchAction","target":{"@type":"EntryPoint","urlTemplate":"https:\/\/www.organisator.ch\/?s={search_term_string}"},"query-input":{"@type":"PropertyValueSpecification","valueRequired":true,"valueName":"search_term_string"}}],"inLanguage":"de"},{"@type":"Organization","@id":"https:\/\/www.organisator.ch\/#organization","name":"Organisator","url":"https:\/\/www.organisator.ch\/","logo":{"@type":"ImageObject","inLanguage":"de","@id":"https:\/\/www.organisator.ch\/#\/schema\/logo\/image\/","url":"https:\/\/www.organisator.ch\/wp-content\/uploads\/2022\/01\/Logo_Organisator_Website.png","contentUrl":"https:\/\/www.organisator.ch\/wp-content\/uploads\/2022\/01\/Logo_Organisator_Website.png","width":800,"height":77,"caption":"Organisator"},"image":{"@id":"https:\/\/www.organisator.ch\/#\/schema\/logo\/image\/"},"sameAs":["https:\/\/www.facebook.com\/OrganisatorFachmagazin","https:\/\/www.linkedin.com\/showcase\/organisator-das-magazin-fr-kmu","https:\/\/www.xing.com\/news\/pages\/organisator-ch-695","https:\/\/www.youtube.com\/channel\/UCGP2Sq0iWaZwT3BdIAQFYpw"]},{"@type":"Person","@id":"https:\/\/www.organisator.ch\/#\/schema\/person\/6f650f90b2842cd4c0cc334b4e36f67e","name":"thomas.berner","image":{"@type":"ImageObject","inLanguage":"de","@id":"https:\/\/secure.gravatar.com\/avatar\/ac5001d2a36cb6c6cd3e50789007ffca834b477b74a2144564522e944eabff61?s=96&d=mm&r=g","url":"https:\/\/secure.gravatar.com\/avatar\/ac5001d2a36cb6c6cd3e50789007ffca834b477b74a2144564522e944eabff61?s=96&d=mm&r=g","contentUrl":"https:\/\/secure.gravatar.com\/avatar\/ac5001d2a36cb6c6cd3e50789007ffca834b477b74a2144564522e944eabff61?s=96&d=mm&r=g","caption":"thomas.berner"},"url":"https:\/\/www.organisator.ch\/de\/author\/thomas-berner\/"}]}},"_links":{"self":[{"href":"https:\/\/www.organisator.ch\/de\/wp-json\/wp\/v2\/posts\/8091","targetHints":{"allow":["GET"]}}],"collection":[{"href":"https:\/\/www.organisator.ch\/de\/wp-json\/wp\/v2\/posts"}],"about":[{"href":"https:\/\/www.organisator.ch\/de\/wp-json\/wp\/v2\/types\/post"}],"author":[{"embeddable":true,"href":"https:\/\/www.organisator.ch\/de\/wp-json\/wp\/v2\/users\/4"}],"replies":[{"embeddable":true,"href":"https:\/\/www.organisator.ch\/de\/wp-json\/wp\/v2\/comments?post=8091"}],"version-history":[{"count":0,"href":"https:\/\/www.organisator.ch\/de\/wp-json\/wp\/v2\/posts\/8091\/revisions"}],"wp:featuredmedia":[{"embeddable":true,"href":"https:\/\/www.organisator.ch\/de\/wp-json\/wp\/v2\/media\/8096"}],"wp:attachment":[{"href":"https:\/\/www.organisator.ch\/de\/wp-json\/wp\/v2\/media?parent=8091"}],"wp:term":[{"taxonomy":"category","embeddable":true,"href":"https:\/\/www.organisator.ch\/de\/wp-json\/wp\/v2\/categories?post=8091"},{"taxonomy":"post_tag","embeddable":true,"href":"https:\/\/www.organisator.ch\/de\/wp-json\/wp\/v2\/tags?post=8091"}],"curies":[{"name":"wp","href":"https:\/\/api.w.org\/{rel}","templated":true}]}}