{"id":8099,"date":"2021-06-03T08:17:46","date_gmt":"2021-06-03T06:17:46","guid":{"rendered":"https:\/\/www.organisator.ch\/?p=8099"},"modified":"2021-06-03T08:17:46","modified_gmt":"2021-06-03T06:17:46","slug":"geschlechterrichtwerte-in-aktiengesellschaften-wer-erfuellt-und-wer-noch-nicht","status":"publish","type":"post","link":"https:\/\/www.organisator.ch\/de\/management\/2021-06-03\/geschlechterrichtwerte-in-aktiengesellschaften-wer-erfuellt-und-wer-noch-nicht\/","title":{"rendered":"Geschlechterrichtwerte in Aktiengesellschaften: Wer erf\u00fcllt und wer (noch) nicht"},"content":{"rendered":"<figure id=\"attachment_8100\" aria-describedby=\"caption-attachment-8100\" style=\"width: 680px\" class=\"wp-caption alignnone\"><img loading=\"lazy\" decoding=\"async\" class=\"size-medium wp-image-8100\" src=\"https:\/\/www.organisator.ch\/wp-content\/uploads\/2021\/06\/Geschlechterrichtwerte-in-Aktiengesellschaften-Wer-erfuellt-und-wer-noch-nicht-1_Organisator.jpg\" alt=\"\" width=\"680\" height=\"336\" srcset=\"https:\/\/www.organisator.ch\/wp-content\/uploads\/2021\/06\/Geschlechterrichtwerte-in-Aktiengesellschaften-Wer-erfuellt-und-wer-noch-nicht-1_Organisator.jpg 680w, https:\/\/www.organisator.ch\/wp-content\/uploads\/2021\/06\/Geschlechterrichtwerte-in-Aktiengesellschaften-Wer-erfuellt-und-wer-noch-nicht-1_Organisator-16x8.jpg 16w, https:\/\/www.organisator.ch\/wp-content\/uploads\/2021\/06\/Geschlechterrichtwerte-in-Aktiengesellschaften-Wer-erfuellt-und-wer-noch-nicht-1_Organisator-354x175.jpg 354w, https:\/\/www.organisator.ch\/wp-content\/uploads\/2021\/06\/Geschlechterrichtwerte-in-Aktiengesellschaften-Wer-erfuellt-und-wer-noch-nicht-1_Organisator-300x148.jpg 300w\" sizes=\"auto, (max-width: 680px) 100vw, 680px\" \/><figcaption id=\"caption-attachment-8100\" class=\"wp-caption-text\">Viele Schweizer Verwaltungsr\u00e4te erf\u00fcllen die im Aktienrecht geforderten Geschlechterrichtwerte noch nicht.<\/figcaption><\/figure>\n<p>Das neue Aktienrecht ist seit Anfang 2021 in Kraft. Es verlangt unter anderem, dass in Verwaltungsr\u00e4ten von b\u00f6rsenkotierten Unternehmen beide Geschlechter zu mindestens 30 Prozent vertreten sein, in Gesch\u00e4ftsleitungen zu mindestens 20 Prozent. Betroffen sind in der Schweiz insgesamt etwa 200 Unternehmen. Werden die Geschlechterrichtwerte nicht erreicht, m\u00fcssen die betroffenen Unternehmen dazu im Verg\u00fctungsbericht begr\u00fcndend Stellung nehmen und erl\u00e4utern, welche Massnahmen sie zur Verbesserung treffen wollen. Sanktionen haben sie &#8211; und das wird insbesondere von feministischer Seite bem\u00e4ngelt &#8211; aber keine zu bef\u00fcrchten.<\/p>\n<h2>Zehn gr\u00f6sste Firmen mit Vorbildfunktion<\/h2>\n<p>Doch wie steht es nun tats\u00e4chlich um die Geschlechterrichtwerte in b\u00f6rsenkotierten Schweizer Unternehmen? Dies hat der zum zweiten Mal erschienene Diversity Report Schweiz untersucht. Die von GetDiversity GmbH mit Unterst\u00fctzung von EXPERTsuisse und der Zeitschrift Swiss Ladies Drive herausgegebene Vollerhebung hat die Zusammensetzung von 231 Gesch\u00e4ftsleitungen und 7656 Verwaltungsr\u00e4ten zusammengetragen.<\/p>\n<p>Ein besonderes Augenmerk galt dieses Mal den zehn gr\u00f6ssten Firmen der Schweiz, die mit ihren insgesamt \u00fcber eine Million Besch\u00e4ftigten auch eine Vorbildfunktion in der Personalpolitik haben. Mit einem Frauenanteil von \u00fcber 30 % im Verwaltungsrat, \u00fcber 20 % in der Gesch\u00e4ftsleitung und \u00fcber 30 % bei den Zeichnungsberechtigten f\u00fchrt die Zurich Insurance Group die Liste der Top Ten an. Weitere Unternehmen auf den vorderen R\u00e4ngen sind UBS und Nestl\u00e9 mit ebenfalls 30 % Frauen in den Verwaltungsr\u00e4ten sowie Lafarge Holcim, ABB und Roche mit \u00fcber 20 % Frauenanteil in den Gesch\u00e4ftsleitungen. Damit sind alle gemeinsam schon jetzt nahe an den gesetzlichen Vorgaben.<\/p>\n<h2>Wo die Geschlechterrichtwerte erf\u00fcllt werden<\/h2>\n<p>Ihnen gegen\u00fcber stehen 83 der insgesamt 231 an Schweizer B\u00f6rsen kotierten Unternehmen (36 %) mit rein m\u00e4nnlich besetzten Verwaltungsr\u00e4ten, 134 (58 %) ohne eine einzige Frau in der Gesch\u00e4ftsleitung und 51 (22%), die keinerlei Frauen als Zeichnungsberechtigte haben. Es bleibt also noch einiges zu tun f\u00fcr die 231 b\u00f6rsenkotierten Unternehmen bis zur Erf\u00fcllung der gesetzlichen Vorgaben. Gleiches gilt f\u00fcr die Gesamtheit der analysierten Firmen. Denn von den insgesamt 7&#8217;656 ausgewerteten Aktiengesellschaften haben 4&#8217;908 (64 %) keine Frau in ihrem Verwaltungsrat. Positiv hingegen ist, dass immerhin 1&#8217;495 (20 %) der Unternehmen bereits jetzt die Geschlechterrichtwerte f\u00fcr Verwaltungsr\u00e4te von b\u00f6rsenkotierten Firmen einhalten.<\/p>\n<figure id=\"attachment_8101\" aria-describedby=\"caption-attachment-8101\" style=\"width: 680px\" class=\"wp-caption alignnone\"><img loading=\"lazy\" decoding=\"async\" class=\"size-medium wp-image-8101\" src=\"https:\/\/www.organisator.ch\/wp-content\/uploads\/2021\/06\/Geschlechterrichtwerte-in-Aktiengesellschaften-Wer-erfuellt-und-wer-noch-nicht-2_Organisator.jpg\" alt=\"\" width=\"680\" height=\"328\" srcset=\"https:\/\/www.organisator.ch\/wp-content\/uploads\/2021\/06\/Geschlechterrichtwerte-in-Aktiengesellschaften-Wer-erfuellt-und-wer-noch-nicht-2_Organisator.jpg 680w, https:\/\/www.organisator.ch\/wp-content\/uploads\/2021\/06\/Geschlechterrichtwerte-in-Aktiengesellschaften-Wer-erfuellt-und-wer-noch-nicht-2_Organisator-16x8.jpg 16w, https:\/\/www.organisator.ch\/wp-content\/uploads\/2021\/06\/Geschlechterrichtwerte-in-Aktiengesellschaften-Wer-erfuellt-und-wer-noch-nicht-2_Organisator-363x175.jpg 363w, https:\/\/www.organisator.ch\/wp-content\/uploads\/2021\/06\/Geschlechterrichtwerte-in-Aktiengesellschaften-Wer-erfuellt-und-wer-noch-nicht-2_Organisator-300x145.jpg 300w\" sizes=\"auto, (max-width: 680px) 100vw, 680px\" \/><figcaption id=\"caption-attachment-8101\" class=\"wp-caption-text\">Besser als in den Verwaltungsr\u00e4ten sieht es bei den Zeichnungsberechtigten aus. Doch auch dort fehlt noch Einiges bis zur Erf\u00fcllung der Geschlechterrichtwerte.<\/figcaption><\/figure>\n<h2>Es geht nicht nur um Geschlechterrichtwerte allein<\/h2>\n<p>Allerdings: Die Geschlechterrichtwerte beziehen sich nicht nur auf den Frauenanteil in Gesch\u00e4ftsleitungen und Verwaltungsr\u00e4ten. Sie gelten gleichermassen auch f\u00fcr M\u00e4nner. Dies stellt etwa Dr. Marius Klauser, Gesch\u00e4ftsf\u00fchrer von EXPERTsuisse in einem Interview klar. Dem Missverst\u00e4ndnis, dass es immer nur um Frauenf\u00f6rderung gehe, entgegentreten wollen deshalb die Autorinnen des Diversity Reports Schweiz: Esther-Mirjam de Boer und Carla Kaufmann, Co-CEOs von GetDiversity, haben in diesem Jahr die Diversity!Association gegr\u00fcndet. Dieser Verband engagiert sich als Know-how-Ecosystem f\u00fcr die Chancengerechtigkeit und Gleichberechtigung aller erwerbswilligen Talente in der Arbeitswelt auf Basis ihrer F\u00e4higkeiten \u2013 unabh\u00e4ngig vom Geschlecht.<\/p>\n<h2><strong>Setzen auf Talente \u2013 die Schweizer \u00abDiversity Champions\u00bb<\/strong><\/h2>\n<p>Unter den ausgewerteten Aktiengesellschaften gibt es bereits heute 267 \u00abDiversity Champions\u00bb. Sie scheinen das Prinzip \u00abTalent vor Geschlecht\u00bb l\u00e4ngst verstanden zu haben. Gemeint sind damit Unternehmen, die eine Geschlechtervertretung von 50 % Frauen und 50 % Ma\u0308nnern im Verwaltungsrat und bei den Zeichnungsberechtigten vorweisen, weshalb der Diversity Report Schweiz 2021 sie als \u00abDiversity Champions\u00bb auszeichnet. Zu diesen Unternehmen geh\u00f6ren unter anderem<\/p>\n<p>als Firmen mit \u00fcber 500 Mitarbeitenden:<\/p>\n<ul>\n<li>Peter Steiner Holding AG, Z\u00fcrich,<\/li>\n<li>YX Magnetic SA, Sierre<\/li>\n<\/ul>\n<p>als a\u0308lteste Firmen, 1883 im HR eingetragen:<\/p>\n<ul>\n<li>Hotel Europe Davos AG, Davos,<\/li>\n<li>Effingermedien AG, Brugg<\/li>\n<\/ul>\n<p>als Firmen mit jeweils sechs Verwaltungsr\u00e4tinnen und den gr\u00f6ssten VR-Teams:<\/p>\n<ul>\n<li>Groupe Me\u0301dical de Versoix SA, Versoix<\/li>\n<li>Valmont Group Holding SA, Genf<\/li>\n<li>EF Education First AG, Z\u00fcrich<\/li>\n<li>Montanstahl SA, Stabio<\/li>\n<li>Informaticon AG, Frutigen<\/li>\n<li>Alters- und Pflegezentrum Au AG, Steinenn<\/li>\n<\/ul>\n<h2><strong>Diversit\u00e4t statt Inzucht <\/strong><\/h2>\n<p>Was ist das Gegenteil von Diversit\u00e4t? oder, anders gefragt: Warum diese \u00abKlimmz\u00fcge\u00bb f\u00fcr eine gute Durchmischung? Warum macht Vielfalt Unternehmen wettbewerbs- und widerstandsf\u00e4higer? \u00abIn der Natur f\u00e4llt die Antwort eindeutig aus. Hier ist fehlende Diversit\u00e4t gleichbedeutend mit Monokultur und Inzucht \u2013 und die ist kein nachhaltiger Zustand. Denn dass die Ausgrenzung von fremdem Erbgut mittel- bis langfristig schwach, kurzlebig und schwachsinnig macht, ist bekannt\u00bb, erl\u00e4utert Esther-Mirjam de Boer.<\/p>\n<p>Laut einer Harvard-Studie hat sich die noch in den 1960er Jahren prognostizierte Lebensdauer von 60 Jahren eines S&amp;P-500-Unternehmens auf zwischenzeitlich 18 Jahre verk\u00fcrzt. Ist das die Konsequenz mangelnder Diversit\u00e4t? Dazu de Boer: \u00abIn den vergangenen Jahrzehnten sind die Schablonen f\u00fcr vermeintlich gute Mitarbeitende extrem eng geworden, weil man auf Nummer sicher gehen will. Damit fallen viele Talente ausserhalb dieser Standards durchs Raster, was die Diversit\u00e4t reduziert und blinde Flecken f\u00f6rdert.\u00bb<\/p>\n<p><em>Quelle: <a href=\"http:\/\/www.getdiversity.ch\">GetDiversity GmbH<\/a><\/em><\/p>\n","protected":false},"excerpt":{"rendered":"<p>Das neue Aktienrecht ist seit Anfang 2021 in Kraft. Es verlangt unter anderem, dass in Verwaltungsr\u00e4ten von b\u00f6rsenkotierten Unternehmen beide Geschlechter zu mindestens 30 Prozent vertreten sein, in Gesch\u00e4ftsleitungen zu mindestens 20 Prozent. Betroffen sind in der Schweiz insgesamt etwa 200 Unternehmen. Werden die Geschlechterrichtwerte nicht erreicht, m\u00fcssen die betroffenen Unternehmen dazu im Verg\u00fctungsbericht begr\u00fcndend [&hellip;]<\/p>\n","protected":false},"author":4,"featured_media":8100,"comment_status":"closed","ping_status":"closed","sticky":false,"template":"","format":"standard","meta":{"_acf_changed":false,"_yoast_wpseo_focuskw":"Geschlechterrichtwerte","_yoast_wpseo_metadesc":"Wie steht es um die im neuen Aktienrecht geforderten Geschlechterrichtwerte? Der Diversity Report Schweiz 2021 hat dies in einer Vollerhebung analysiert.","articlekey":"","footnotes":""},"categories":[28],"tags":[159,335,459,513],"class_list":["post-8099","post","type-post","status-publish","format-standard","has-post-thumbnail","hentry","category-management","tag-diversity","tag-management-und-unternehmensfuehrung","tag-studie","tag-verwaltungsraete"],"acf":[],"yoast_head":"<!-- This site is optimized with the Yoast SEO plugin v27.5 - https:\/\/yoast.com\/product\/yoast-seo-wordpress\/ -->\n<title>Geschlechterrichtwerte in Aktiengesellschaften: Wer erf\u00fcllt und wer (noch) nicht - Organisator<\/title>\n<meta name=\"description\" content=\"Wie steht es um die im neuen Aktienrecht geforderten Geschlechterrichtwerte? Der Diversity Report Schweiz 2021 hat dies in einer Vollerhebung analysiert.\" \/>\n<meta name=\"robots\" content=\"index, follow, max-snippet:-1, max-image-preview:large, max-video-preview:-1\" \/>\n<link rel=\"canonical\" href=\"https:\/\/www.organisator.ch\/de\/management\/2021-06-03\/geschlechterrichtwerte-in-aktiengesellschaften-wer-erfuellt-und-wer-noch-nicht\/\" \/>\n<meta property=\"og:locale\" content=\"de_DE\" \/>\n<meta property=\"og:type\" content=\"article\" \/>\n<meta property=\"og:title\" content=\"Geschlechterrichtwerte in Aktiengesellschaften: Wer erf\u00fcllt und wer (noch) nicht\" \/>\n<meta property=\"og:description\" content=\"Wie steht es um die im neuen Aktienrecht geforderten Geschlechterrichtwerte? Der Diversity Report Schweiz 2021 hat dies in einer Vollerhebung analysiert.\" \/>\n<meta property=\"og:url\" content=\"https:\/\/www.organisator.ch\/de\/management\/2021-06-03\/geschlechterrichtwerte-in-aktiengesellschaften-wer-erfuellt-und-wer-noch-nicht\/\" \/>\n<meta property=\"og:site_name\" content=\"Organisator\" \/>\n<meta property=\"article:publisher\" content=\"https:\/\/www.facebook.com\/OrganisatorFachmagazin\" \/>\n<meta property=\"article:published_time\" content=\"2021-06-03T06:17:46+00:00\" \/>\n<meta property=\"og:image\" content=\"https:\/\/www.organisator.ch\/wp-content\/uploads\/2021\/06\/Geschlechterrichtwerte-in-Aktiengesellschaften-Wer-erfuellt-und-wer-noch-nicht-1_Organisator.jpg\" \/>\n\t<meta property=\"og:image:width\" content=\"680\" \/>\n\t<meta property=\"og:image:height\" content=\"336\" \/>\n\t<meta property=\"og:image:type\" content=\"image\/jpeg\" \/>\n<meta name=\"author\" content=\"thomas.berner\" \/>\n<meta name=\"twitter:card\" content=\"summary_large_image\" \/>\n<meta name=\"twitter:title\" content=\"#Geschlechterrichtwerte in #Aktiengesellschaften: Wer erf\u00fcllt und wer (noch) nicht\" \/>\n<meta name=\"twitter:description\" content=\"Wie steht es um die im neuen #Aktienrecht geforderten #Geschlechterrichtwerte? Der Diversity Report Schweiz 2021 hat dies in einer #Vollerhebung analysiert.\" \/>\n<meta name=\"twitter:image\" content=\"https:\/\/www.organisator.ch\/wp-content\/uploads\/2021\/06\/Geschlechterrichtwerte-in-Aktiengesellschaften-Wer-erfuellt-und-wer-noch-nicht-1_Organisator.jpg\" \/>\n<script type=\"application\/ld+json\" class=\"yoast-schema-graph\">{\"@context\":\"https:\\\/\\\/schema.org\",\"@graph\":[{\"@type\":\"Article\",\"@id\":\"https:\\\/\\\/www.organisator.ch\\\/management\\\/2021-06-03\\\/geschlechterrichtwerte-in-aktiengesellschaften-wer-erfuellt-und-wer-noch-nicht\\\/#article\",\"isPartOf\":{\"@id\":\"https:\\\/\\\/www.organisator.ch\\\/management\\\/2021-06-03\\\/geschlechterrichtwerte-in-aktiengesellschaften-wer-erfuellt-und-wer-noch-nicht\\\/\"},\"author\":{\"name\":\"thomas.berner\",\"@id\":\"https:\\\/\\\/www.organisator.ch\\\/#\\\/schema\\\/person\\\/6f650f90b2842cd4c0cc334b4e36f67e\"},\"headline\":\"Geschlechterrichtwerte in Aktiengesellschaften: Wer erf\u00fcllt und wer (noch) nicht\",\"datePublished\":\"2021-06-03T06:17:46+00:00\",\"mainEntityOfPage\":{\"@id\":\"https:\\\/\\\/www.organisator.ch\\\/management\\\/2021-06-03\\\/geschlechterrichtwerte-in-aktiengesellschaften-wer-erfuellt-und-wer-noch-nicht\\\/\"},\"wordCount\":814,\"publisher\":{\"@id\":\"https:\\\/\\\/www.organisator.ch\\\/#organization\"},\"image\":{\"@id\":\"https:\\\/\\\/www.organisator.ch\\\/management\\\/2021-06-03\\\/geschlechterrichtwerte-in-aktiengesellschaften-wer-erfuellt-und-wer-noch-nicht\\\/#primaryimage\"},\"thumbnailUrl\":\"https:\\\/\\\/www.organisator.ch\\\/wp-content\\\/uploads\\\/2021\\\/06\\\/Geschlechterrichtwerte-in-Aktiengesellschaften-Wer-erfuellt-und-wer-noch-nicht-1_Organisator.jpg\",\"keywords\":[\"Diversity\",\"Management und Unternehmensf\u00fchrung\",\"Studie\",\"Verwaltungsr\u00e4te\"],\"articleSection\":[\"MANAGEMENT\"],\"inLanguage\":\"de\"},{\"@type\":\"WebPage\",\"@id\":\"https:\\\/\\\/www.organisator.ch\\\/management\\\/2021-06-03\\\/geschlechterrichtwerte-in-aktiengesellschaften-wer-erfuellt-und-wer-noch-nicht\\\/\",\"url\":\"https:\\\/\\\/www.organisator.ch\\\/management\\\/2021-06-03\\\/geschlechterrichtwerte-in-aktiengesellschaften-wer-erfuellt-und-wer-noch-nicht\\\/\",\"name\":\"Geschlechterrichtwerte in Aktiengesellschaften: Wer erf\u00fcllt und wer (noch) nicht - Organisator\",\"isPartOf\":{\"@id\":\"https:\\\/\\\/www.organisator.ch\\\/#website\"},\"primaryImageOfPage\":{\"@id\":\"https:\\\/\\\/www.organisator.ch\\\/management\\\/2021-06-03\\\/geschlechterrichtwerte-in-aktiengesellschaften-wer-erfuellt-und-wer-noch-nicht\\\/#primaryimage\"},\"image\":{\"@id\":\"https:\\\/\\\/www.organisator.ch\\\/management\\\/2021-06-03\\\/geschlechterrichtwerte-in-aktiengesellschaften-wer-erfuellt-und-wer-noch-nicht\\\/#primaryimage\"},\"thumbnailUrl\":\"https:\\\/\\\/www.organisator.ch\\\/wp-content\\\/uploads\\\/2021\\\/06\\\/Geschlechterrichtwerte-in-Aktiengesellschaften-Wer-erfuellt-und-wer-noch-nicht-1_Organisator.jpg\",\"datePublished\":\"2021-06-03T06:17:46+00:00\",\"description\":\"Wie steht es um die im neuen Aktienrecht geforderten Geschlechterrichtwerte? Der Diversity Report Schweiz 2021 hat dies in einer Vollerhebung analysiert.\",\"breadcrumb\":{\"@id\":\"https:\\\/\\\/www.organisator.ch\\\/management\\\/2021-06-03\\\/geschlechterrichtwerte-in-aktiengesellschaften-wer-erfuellt-und-wer-noch-nicht\\\/#breadcrumb\"},\"inLanguage\":\"de\",\"potentialAction\":[{\"@type\":\"ReadAction\",\"target\":[\"https:\\\/\\\/www.organisator.ch\\\/management\\\/2021-06-03\\\/geschlechterrichtwerte-in-aktiengesellschaften-wer-erfuellt-und-wer-noch-nicht\\\/\"]}]},{\"@type\":\"ImageObject\",\"inLanguage\":\"de\",\"@id\":\"https:\\\/\\\/www.organisator.ch\\\/management\\\/2021-06-03\\\/geschlechterrichtwerte-in-aktiengesellschaften-wer-erfuellt-und-wer-noch-nicht\\\/#primaryimage\",\"url\":\"https:\\\/\\\/www.organisator.ch\\\/wp-content\\\/uploads\\\/2021\\\/06\\\/Geschlechterrichtwerte-in-Aktiengesellschaften-Wer-erfuellt-und-wer-noch-nicht-1_Organisator.jpg\",\"contentUrl\":\"https:\\\/\\\/www.organisator.ch\\\/wp-content\\\/uploads\\\/2021\\\/06\\\/Geschlechterrichtwerte-in-Aktiengesellschaften-Wer-erfuellt-und-wer-noch-nicht-1_Organisator.jpg\",\"width\":680,\"height\":336,\"caption\":\"Die Geschlechterrichtwerte in Verwaltungsr\u00e4ten: Noch viele \\\"Flops\\\"...\"},{\"@type\":\"BreadcrumbList\",\"@id\":\"https:\\\/\\\/www.organisator.ch\\\/management\\\/2021-06-03\\\/geschlechterrichtwerte-in-aktiengesellschaften-wer-erfuellt-und-wer-noch-nicht\\\/#breadcrumb\",\"itemListElement\":[{\"@type\":\"ListItem\",\"position\":1,\"name\":\"Home\",\"item\":\"https:\\\/\\\/www.organisator.ch\\\/\"},{\"@type\":\"ListItem\",\"position\":2,\"name\":\"Geschlechterrichtwerte in Aktiengesellschaften: Wer erf\u00fcllt und wer (noch) nicht\"}]},{\"@type\":\"WebSite\",\"@id\":\"https:\\\/\\\/www.organisator.ch\\\/#website\",\"url\":\"https:\\\/\\\/www.organisator.ch\\\/\",\"name\":\"Organisator\",\"description\":\"Kompetent. Praxisnah. Der ORGANISATOR bereitet in 10 Ausgaben pro Jahr die wesentlichen Themen f\u00fcr F\u00fchrungskr\u00e4fte von KMU auf.\",\"publisher\":{\"@id\":\"https:\\\/\\\/www.organisator.ch\\\/#organization\"},\"potentialAction\":[{\"@type\":\"SearchAction\",\"target\":{\"@type\":\"EntryPoint\",\"urlTemplate\":\"https:\\\/\\\/www.organisator.ch\\\/?s={search_term_string}\"},\"query-input\":{\"@type\":\"PropertyValueSpecification\",\"valueRequired\":true,\"valueName\":\"search_term_string\"}}],\"inLanguage\":\"de\"},{\"@type\":\"Organization\",\"@id\":\"https:\\\/\\\/www.organisator.ch\\\/#organization\",\"name\":\"Organisator\",\"url\":\"https:\\\/\\\/www.organisator.ch\\\/\",\"logo\":{\"@type\":\"ImageObject\",\"inLanguage\":\"de\",\"@id\":\"https:\\\/\\\/www.organisator.ch\\\/#\\\/schema\\\/logo\\\/image\\\/\",\"url\":\"https:\\\/\\\/www.organisator.ch\\\/wp-content\\\/uploads\\\/2022\\\/01\\\/Logo_Organisator_Website.png\",\"contentUrl\":\"https:\\\/\\\/www.organisator.ch\\\/wp-content\\\/uploads\\\/2022\\\/01\\\/Logo_Organisator_Website.png\",\"width\":800,\"height\":77,\"caption\":\"Organisator\"},\"image\":{\"@id\":\"https:\\\/\\\/www.organisator.ch\\\/#\\\/schema\\\/logo\\\/image\\\/\"},\"sameAs\":[\"https:\\\/\\\/www.facebook.com\\\/OrganisatorFachmagazin\",\"https:\\\/\\\/www.linkedin.com\\\/showcase\\\/organisator-das-magazin-fr-kmu\",\"https:\\\/\\\/www.xing.com\\\/news\\\/pages\\\/organisator-ch-695\",\"https:\\\/\\\/www.youtube.com\\\/channel\\\/UCGP2Sq0iWaZwT3BdIAQFYpw\"]},{\"@type\":\"Person\",\"@id\":\"https:\\\/\\\/www.organisator.ch\\\/#\\\/schema\\\/person\\\/6f650f90b2842cd4c0cc334b4e36f67e\",\"name\":\"thomas.berner\",\"image\":{\"@type\":\"ImageObject\",\"inLanguage\":\"de\",\"@id\":\"https:\\\/\\\/secure.gravatar.com\\\/avatar\\\/ac5001d2a36cb6c6cd3e50789007ffca834b477b74a2144564522e944eabff61?s=96&d=mm&r=g\",\"url\":\"https:\\\/\\\/secure.gravatar.com\\\/avatar\\\/ac5001d2a36cb6c6cd3e50789007ffca834b477b74a2144564522e944eabff61?s=96&d=mm&r=g\",\"contentUrl\":\"https:\\\/\\\/secure.gravatar.com\\\/avatar\\\/ac5001d2a36cb6c6cd3e50789007ffca834b477b74a2144564522e944eabff61?s=96&d=mm&r=g\",\"caption\":\"thomas.berner\"},\"url\":\"https:\\\/\\\/www.organisator.ch\\\/de\\\/author\\\/thomas-berner\\\/\"}]}<\/script>\n<!-- \/ Yoast SEO plugin. -->","yoast_head_json":{"title":"Geschlechterrichtwerte in Aktiengesellschaften: Wer erf\u00fcllt und wer (noch) nicht - Organisator","description":"Wie steht es um die im neuen Aktienrecht geforderten Geschlechterrichtwerte? Der Diversity Report Schweiz 2021 hat dies in einer Vollerhebung analysiert.","robots":{"index":"index","follow":"follow","max-snippet":"max-snippet:-1","max-image-preview":"max-image-preview:large","max-video-preview":"max-video-preview:-1"},"canonical":"https:\/\/www.organisator.ch\/de\/management\/2021-06-03\/geschlechterrichtwerte-in-aktiengesellschaften-wer-erfuellt-und-wer-noch-nicht\/","og_locale":"de_DE","og_type":"article","og_title":"Geschlechterrichtwerte in Aktiengesellschaften: Wer erf\u00fcllt und wer (noch) nicht","og_description":"Wie steht es um die im neuen Aktienrecht geforderten Geschlechterrichtwerte? Der Diversity Report Schweiz 2021 hat dies in einer Vollerhebung analysiert.","og_url":"https:\/\/www.organisator.ch\/de\/management\/2021-06-03\/geschlechterrichtwerte-in-aktiengesellschaften-wer-erfuellt-und-wer-noch-nicht\/","og_site_name":"Organisator","article_publisher":"https:\/\/www.facebook.com\/OrganisatorFachmagazin","article_published_time":"2021-06-03T06:17:46+00:00","og_image":[{"width":680,"height":336,"url":"https:\/\/www.organisator.ch\/wp-content\/uploads\/2021\/06\/Geschlechterrichtwerte-in-Aktiengesellschaften-Wer-erfuellt-und-wer-noch-nicht-1_Organisator.jpg","type":"image\/jpeg"}],"author":"thomas.berner","twitter_card":"summary_large_image","twitter_title":"#Geschlechterrichtwerte in #Aktiengesellschaften: Wer erf\u00fcllt und wer (noch) nicht","twitter_description":"Wie steht es um die im neuen #Aktienrecht geforderten #Geschlechterrichtwerte? Der Diversity Report Schweiz 2021 hat dies in einer #Vollerhebung analysiert.","twitter_image":"https:\/\/www.organisator.ch\/wp-content\/uploads\/2021\/06\/Geschlechterrichtwerte-in-Aktiengesellschaften-Wer-erfuellt-und-wer-noch-nicht-1_Organisator.jpg","schema":{"@context":"https:\/\/schema.org","@graph":[{"@type":"Article","@id":"https:\/\/www.organisator.ch\/management\/2021-06-03\/geschlechterrichtwerte-in-aktiengesellschaften-wer-erfuellt-und-wer-noch-nicht\/#article","isPartOf":{"@id":"https:\/\/www.organisator.ch\/management\/2021-06-03\/geschlechterrichtwerte-in-aktiengesellschaften-wer-erfuellt-und-wer-noch-nicht\/"},"author":{"name":"thomas.berner","@id":"https:\/\/www.organisator.ch\/#\/schema\/person\/6f650f90b2842cd4c0cc334b4e36f67e"},"headline":"Geschlechterrichtwerte in Aktiengesellschaften: Wer erf\u00fcllt und wer (noch) nicht","datePublished":"2021-06-03T06:17:46+00:00","mainEntityOfPage":{"@id":"https:\/\/www.organisator.ch\/management\/2021-06-03\/geschlechterrichtwerte-in-aktiengesellschaften-wer-erfuellt-und-wer-noch-nicht\/"},"wordCount":814,"publisher":{"@id":"https:\/\/www.organisator.ch\/#organization"},"image":{"@id":"https:\/\/www.organisator.ch\/management\/2021-06-03\/geschlechterrichtwerte-in-aktiengesellschaften-wer-erfuellt-und-wer-noch-nicht\/#primaryimage"},"thumbnailUrl":"https:\/\/www.organisator.ch\/wp-content\/uploads\/2021\/06\/Geschlechterrichtwerte-in-Aktiengesellschaften-Wer-erfuellt-und-wer-noch-nicht-1_Organisator.jpg","keywords":["Diversity","Management und Unternehmensf\u00fchrung","Studie","Verwaltungsr\u00e4te"],"articleSection":["MANAGEMENT"],"inLanguage":"de"},{"@type":"WebPage","@id":"https:\/\/www.organisator.ch\/management\/2021-06-03\/geschlechterrichtwerte-in-aktiengesellschaften-wer-erfuellt-und-wer-noch-nicht\/","url":"https:\/\/www.organisator.ch\/management\/2021-06-03\/geschlechterrichtwerte-in-aktiengesellschaften-wer-erfuellt-und-wer-noch-nicht\/","name":"Geschlechterrichtwerte in Aktiengesellschaften: Wer erf\u00fcllt und wer (noch) nicht - Organisator","isPartOf":{"@id":"https:\/\/www.organisator.ch\/#website"},"primaryImageOfPage":{"@id":"https:\/\/www.organisator.ch\/management\/2021-06-03\/geschlechterrichtwerte-in-aktiengesellschaften-wer-erfuellt-und-wer-noch-nicht\/#primaryimage"},"image":{"@id":"https:\/\/www.organisator.ch\/management\/2021-06-03\/geschlechterrichtwerte-in-aktiengesellschaften-wer-erfuellt-und-wer-noch-nicht\/#primaryimage"},"thumbnailUrl":"https:\/\/www.organisator.ch\/wp-content\/uploads\/2021\/06\/Geschlechterrichtwerte-in-Aktiengesellschaften-Wer-erfuellt-und-wer-noch-nicht-1_Organisator.jpg","datePublished":"2021-06-03T06:17:46+00:00","description":"Wie steht es um die im neuen Aktienrecht geforderten Geschlechterrichtwerte? Der Diversity Report Schweiz 2021 hat dies in einer Vollerhebung analysiert.","breadcrumb":{"@id":"https:\/\/www.organisator.ch\/management\/2021-06-03\/geschlechterrichtwerte-in-aktiengesellschaften-wer-erfuellt-und-wer-noch-nicht\/#breadcrumb"},"inLanguage":"de","potentialAction":[{"@type":"ReadAction","target":["https:\/\/www.organisator.ch\/management\/2021-06-03\/geschlechterrichtwerte-in-aktiengesellschaften-wer-erfuellt-und-wer-noch-nicht\/"]}]},{"@type":"ImageObject","inLanguage":"de","@id":"https:\/\/www.organisator.ch\/management\/2021-06-03\/geschlechterrichtwerte-in-aktiengesellschaften-wer-erfuellt-und-wer-noch-nicht\/#primaryimage","url":"https:\/\/www.organisator.ch\/wp-content\/uploads\/2021\/06\/Geschlechterrichtwerte-in-Aktiengesellschaften-Wer-erfuellt-und-wer-noch-nicht-1_Organisator.jpg","contentUrl":"https:\/\/www.organisator.ch\/wp-content\/uploads\/2021\/06\/Geschlechterrichtwerte-in-Aktiengesellschaften-Wer-erfuellt-und-wer-noch-nicht-1_Organisator.jpg","width":680,"height":336,"caption":"Die Geschlechterrichtwerte in Verwaltungsr\u00e4ten: Noch viele \"Flops\"..."},{"@type":"BreadcrumbList","@id":"https:\/\/www.organisator.ch\/management\/2021-06-03\/geschlechterrichtwerte-in-aktiengesellschaften-wer-erfuellt-und-wer-noch-nicht\/#breadcrumb","itemListElement":[{"@type":"ListItem","position":1,"name":"Home","item":"https:\/\/www.organisator.ch\/"},{"@type":"ListItem","position":2,"name":"Geschlechterrichtwerte in Aktiengesellschaften: Wer erf\u00fcllt und wer (noch) nicht"}]},{"@type":"WebSite","@id":"https:\/\/www.organisator.ch\/#website","url":"https:\/\/www.organisator.ch\/","name":"Organisator","description":"Kompetent. Praxisnah. Der ORGANISATOR bereitet in 10 Ausgaben pro Jahr die wesentlichen Themen f\u00fcr F\u00fchrungskr\u00e4fte von KMU auf.","publisher":{"@id":"https:\/\/www.organisator.ch\/#organization"},"potentialAction":[{"@type":"SearchAction","target":{"@type":"EntryPoint","urlTemplate":"https:\/\/www.organisator.ch\/?s={search_term_string}"},"query-input":{"@type":"PropertyValueSpecification","valueRequired":true,"valueName":"search_term_string"}}],"inLanguage":"de"},{"@type":"Organization","@id":"https:\/\/www.organisator.ch\/#organization","name":"Organisator","url":"https:\/\/www.organisator.ch\/","logo":{"@type":"ImageObject","inLanguage":"de","@id":"https:\/\/www.organisator.ch\/#\/schema\/logo\/image\/","url":"https:\/\/www.organisator.ch\/wp-content\/uploads\/2022\/01\/Logo_Organisator_Website.png","contentUrl":"https:\/\/www.organisator.ch\/wp-content\/uploads\/2022\/01\/Logo_Organisator_Website.png","width":800,"height":77,"caption":"Organisator"},"image":{"@id":"https:\/\/www.organisator.ch\/#\/schema\/logo\/image\/"},"sameAs":["https:\/\/www.facebook.com\/OrganisatorFachmagazin","https:\/\/www.linkedin.com\/showcase\/organisator-das-magazin-fr-kmu","https:\/\/www.xing.com\/news\/pages\/organisator-ch-695","https:\/\/www.youtube.com\/channel\/UCGP2Sq0iWaZwT3BdIAQFYpw"]},{"@type":"Person","@id":"https:\/\/www.organisator.ch\/#\/schema\/person\/6f650f90b2842cd4c0cc334b4e36f67e","name":"thomas.berner","image":{"@type":"ImageObject","inLanguage":"de","@id":"https:\/\/secure.gravatar.com\/avatar\/ac5001d2a36cb6c6cd3e50789007ffca834b477b74a2144564522e944eabff61?s=96&d=mm&r=g","url":"https:\/\/secure.gravatar.com\/avatar\/ac5001d2a36cb6c6cd3e50789007ffca834b477b74a2144564522e944eabff61?s=96&d=mm&r=g","contentUrl":"https:\/\/secure.gravatar.com\/avatar\/ac5001d2a36cb6c6cd3e50789007ffca834b477b74a2144564522e944eabff61?s=96&d=mm&r=g","caption":"thomas.berner"},"url":"https:\/\/www.organisator.ch\/de\/author\/thomas-berner\/"}]}},"_links":{"self":[{"href":"https:\/\/www.organisator.ch\/de\/wp-json\/wp\/v2\/posts\/8099","targetHints":{"allow":["GET"]}}],"collection":[{"href":"https:\/\/www.organisator.ch\/de\/wp-json\/wp\/v2\/posts"}],"about":[{"href":"https:\/\/www.organisator.ch\/de\/wp-json\/wp\/v2\/types\/post"}],"author":[{"embeddable":true,"href":"https:\/\/www.organisator.ch\/de\/wp-json\/wp\/v2\/users\/4"}],"replies":[{"embeddable":true,"href":"https:\/\/www.organisator.ch\/de\/wp-json\/wp\/v2\/comments?post=8099"}],"version-history":[{"count":0,"href":"https:\/\/www.organisator.ch\/de\/wp-json\/wp\/v2\/posts\/8099\/revisions"}],"wp:featuredmedia":[{"embeddable":true,"href":"https:\/\/www.organisator.ch\/de\/wp-json\/wp\/v2\/media\/8100"}],"wp:attachment":[{"href":"https:\/\/www.organisator.ch\/de\/wp-json\/wp\/v2\/media?parent=8099"}],"wp:term":[{"taxonomy":"category","embeddable":true,"href":"https:\/\/www.organisator.ch\/de\/wp-json\/wp\/v2\/categories?post=8099"},{"taxonomy":"post_tag","embeddable":true,"href":"https:\/\/www.organisator.ch\/de\/wp-json\/wp\/v2\/tags?post=8099"}],"curies":[{"name":"wp","href":"https:\/\/api.w.org\/{rel}","templated":true}]}}