{"id":8108,"date":"2021-06-04T12:00:34","date_gmt":"2021-06-04T10:00:34","guid":{"rendered":"https:\/\/www.organisator.ch\/?p=8108"},"modified":"2021-06-04T12:00:34","modified_gmt":"2021-06-04T10:00:34","slug":"future-work-barometer-unternehmen-zunehmend-reif-fuer-arbeitswelt-4-0","status":"publish","type":"post","link":"https:\/\/www.organisator.ch\/de\/management\/2021-06-04\/future-work-barometer-unternehmen-zunehmend-reif-fuer-arbeitswelt-4-0\/","title":{"rendered":"Future Work Barometer: Unternehmen zunehmend reif f\u00fcr Arbeitswelt 4.0"},"content":{"rendered":"<p>Vor knapp einem Jahr, im Juli 2020, lag die erste Benchmark-Messung des Future Work Barometer vor. Eine von der <a href=\"https:\/\/www.futureworkgroup.ch\/\">Future Work Group GmbH<\/a> in Zusammenarbeit mit der FHNW Hochschule f\u00fcr Wirtschaft und dem ORGANISATOR in regelm\u00e4ssigen Abst\u00e4nden durchgef\u00fchrten Kurzstudie. Dahinter steht die Absicht, die Entwicklung in Unternehmen hinsichtlich der Digitalisierung ihrer Arbeitswelt seit Beginn der Pandemie nachvollziehbar zu machen. Nun ist die im April 2021 durchgef\u00fchrte Messung ausgewertet, an der 272 Unternehmen teilnahmen. Der Future Work Barometer basiert auf der gemeinsam von der Future Work Group und der FHNW im Herbst 2019 publizierten grossen Schweizer Studie <a href=\"https:\/\/www.arbeitswelt-zukunft.ch\/\">\u00abArbeitswelt 4.0\u00bb<\/a>.<\/p>\n<h2><strong>Investitionen in die Arbeitswelt 4.0 erreichen H\u00f6chstwerte<\/strong><\/h2>\n<p>Mit prozentualen Steigerungen von 10 bis 20 % weisen die Investitionen in die drei Dimensionen im FW Barometer 2021-1 H\u00f6chstwerte aus. \u00dcber die Zeitreihe der drei seit Juli 2020 durchgef\u00fchrten Kurzstudien betrachtet, zeichnet sich ab, dass Unternehmen allm\u00e4hlich einen Reifegrad erreichen, der auf die nachhaltige Gestaltung einer modernen Arbeitswelt hinweist, in welcher das Home-Office resp. Blended Working eine zentrale Rolle spielt. \u00dcber die H\u00e4lfte der befragten Unternehmen gaben an, in Technologie (52 Prozent), Arbeitsort (59 Prozent) investieren zu wollen, allerdings nur 39 Prozent in den Bereich &#8222;People&#8220;. Allerdings ist dieser Wert h\u00f6her als noch vor Jahresfrist (Juli 2020: 32 Prozent).<\/p>\n<p><img loading=\"lazy\" decoding=\"async\" class=\"alignnone size-medium wp-image-8110\" src=\"https:\/\/www.organisator.ch\/wp-content\/uploads\/2021\/06\/Future-Work-Barometer-Unternehmen-zunehmend-reif-fuer-Arbeitswelt-4-0_Organisator.jpg\" alt=\"\" width=\"680\" height=\"623\" srcset=\"https:\/\/www.organisator.ch\/wp-content\/uploads\/2021\/06\/Future-Work-Barometer-Unternehmen-zunehmend-reif-fuer-Arbeitswelt-4-0_Organisator.jpg 680w, https:\/\/www.organisator.ch\/wp-content\/uploads\/2021\/06\/Future-Work-Barometer-Unternehmen-zunehmend-reif-fuer-Arbeitswelt-4-0_Organisator-13x12.jpg 13w, https:\/\/www.organisator.ch\/wp-content\/uploads\/2021\/06\/Future-Work-Barometer-Unternehmen-zunehmend-reif-fuer-Arbeitswelt-4-0_Organisator-191x175.jpg 191w, https:\/\/www.organisator.ch\/wp-content\/uploads\/2021\/06\/Future-Work-Barometer-Unternehmen-zunehmend-reif-fuer-Arbeitswelt-4-0_Organisator-382x350.jpg 382w, https:\/\/www.organisator.ch\/wp-content\/uploads\/2021\/06\/Future-Work-Barometer-Unternehmen-zunehmend-reif-fuer-Arbeitswelt-4-0_Organisator-300x275.jpg 300w\" sizes=\"auto, (max-width: 680px) 100vw, 680px\" \/><\/p>\n<p>Noch nicht ausgesch\u00f6pfte Potenziale werden speziell in den Bereichen ganzheitliche Arbeitswelt-Strategien, Arbeitsformen, Arbeitsprozessen, IT-Datensicherheit, F\u00fchrungsstil und pers\u00f6nlichen Kompetenzen eingeordnet.<\/p>\n<h2>Whitepaper und Webinar zum Future Work Barometer<\/h2>\n<p>Der Future Work Barometer zeigt, dass durch Covid-19 die Arbeitswelt 4.0 schnell und erfolgreich umgesetzt werden kann. Um den Unternehmen noch mehr praktische Unterst\u00fctzung darin zu geben, steht zum einen ein <a href=\"https:\/\/www.arbeitswelt-zukunft.ch\/store\/p6\/Future-Work-Barometer-2021-01.html\">White Paper<\/a> mit den zusammengefassten Ergebnissen ab sofort kostenlos zur Verf\u00fcgung. Zum anderen wird am Donnerstag, 24. Juni 2021 von 17:30 &#8211; 19:30 Uhr ein Webinar angeboten zum Thema &#8222;So planen Unternehmen f\u00fcr die Phase nach Covid-19&#8220;. Teilnehmende erfahren dort noch mehr \u00fcber die Erstellung und Umsetzung einer Arbeitswelt 4.0-Strategie. Informationen inkl. Anmeldung dazu gibt es hier:\u00a0<a href=\"https:\/\/www.eventbrite.ch\/e\/arbeitswelt-40-so-planen-unternehmen-fur-die-phase-nach-covid-19-tickets-157531947295\">Arbeitswelt 4.0: So planen Unternehmen f\u00fcr die Phase nach Covid-19 Tickets, Do, 24.06.2021 um 17:30 | Eventbrite<\/a>.<\/p>\n","protected":false},"excerpt":{"rendered":"<p>Vor knapp einem Jahr, im Juli 2020, lag die erste Benchmark-Messung des Future Work Barometer vor. Eine von der Future Work Group GmbH in Zusammenarbeit mit der FHNW Hochschule f\u00fcr Wirtschaft und dem ORGANISATOR in regelm\u00e4ssigen Abst\u00e4nden durchgef\u00fchrten Kurzstudie. Dahinter steht die Absicht, die Entwicklung in Unternehmen hinsichtlich der Digitalisierung ihrer Arbeitswelt seit Beginn der [&hellip;]<\/p>\n","protected":false},"author":4,"featured_media":8110,"comment_status":"closed","ping_status":"closed","sticky":false,"template":"","format":"standard","meta":{"_acf_changed":false,"_yoast_wpseo_focuskw":"Future Work Barometer","_yoast_wpseo_metadesc":"In einer dritten Umfrage-Runde hat der Future Work Barometer Schweizer Unternehmen zu Entwicklungen in Sachen Arbeitswelt 4.0 befragt.","articlekey":"","footnotes":""},"categories":[28],"tags":[51,156,363,459],"class_list":["post-8108","post","type-post","status-publish","format-standard","has-post-thumbnail","hentry","category-management","tag-arbeitsplatzgestaltung","tag-digitalisierung","tag-new-work","tag-studie"],"acf":[],"yoast_head":"<!-- This site is optimized with the Yoast SEO plugin v27.5 - https:\/\/yoast.com\/product\/yoast-seo-wordpress\/ -->\n<title>Future Work Barometer: Unternehmen zunehmend reif f\u00fcr Arbeitswelt 4.0 - Organisator<\/title>\n<meta name=\"description\" content=\"In einer dritten Umfrage-Runde hat der Future Work Barometer Schweizer Unternehmen zu Entwicklungen in Sachen Arbeitswelt 4.0 befragt.\" \/>\n<meta name=\"robots\" content=\"index, follow, max-snippet:-1, max-image-preview:large, max-video-preview:-1\" \/>\n<link rel=\"canonical\" href=\"https:\/\/www.organisator.ch\/de\/management\/2021-06-04\/future-work-barometer-unternehmen-zunehmend-reif-fuer-arbeitswelt-4-0\/\" \/>\n<meta property=\"og:locale\" content=\"de_DE\" \/>\n<meta property=\"og:type\" content=\"article\" \/>\n<meta property=\"og:title\" content=\"Future Work Barometer: Unternehmen zunehmend reif f\u00fcr Arbeitswelt 4.0\" \/>\n<meta property=\"og:description\" content=\"In einer dritten Umfrage-Runde hat der Future Work Barometer Schweizer Unternehmen zu Entwicklungen in Sachen Arbeitswelt 4.0 befragt.\" \/>\n<meta property=\"og:url\" content=\"https:\/\/www.organisator.ch\/de\/management\/2021-06-04\/future-work-barometer-unternehmen-zunehmend-reif-fuer-arbeitswelt-4-0\/\" \/>\n<meta property=\"og:site_name\" content=\"Organisator\" \/>\n<meta property=\"article:publisher\" content=\"https:\/\/www.facebook.com\/OrganisatorFachmagazin\" \/>\n<meta property=\"article:published_time\" content=\"2021-06-04T10:00:34+00:00\" \/>\n<meta property=\"og:image\" content=\"https:\/\/www.organisator.ch\/wp-content\/uploads\/2021\/06\/Future-Work-Barometer-Unternehmen-zunehmend-reif-fuer-Arbeitswelt-4-0_Organisator.jpg\" \/>\n\t<meta property=\"og:image:width\" content=\"680\" \/>\n\t<meta property=\"og:image:height\" content=\"623\" \/>\n\t<meta property=\"og:image:type\" content=\"image\/jpeg\" \/>\n<meta name=\"author\" content=\"thomas.berner\" \/>\n<meta name=\"twitter:card\" content=\"summary_large_image\" \/>\n<meta name=\"twitter:title\" content=\"#FutureWorkBarometer: Unternehmen zunehmend reif f\u00fcr Arbeitswelt 4.0\" \/>\n<meta name=\"twitter:description\" content=\"In einer dritten Umfrage-Runde hat der Future Work Barometer #FWBarometer Schweizer Unternehmen zu Entwicklungen in Sachen #Arbeitswelt 4.0 befragt.\" \/>\n<meta name=\"twitter:image\" content=\"https:\/\/www.organisator.ch\/wp-content\/uploads\/2021\/06\/Future-Work-Barometer-Unternehmen-zunehmend-reif-fuer-Arbeitswelt-4-0_Organisator.jpg\" \/>\n<script type=\"application\/ld+json\" class=\"yoast-schema-graph\">{\"@context\":\"https:\\\/\\\/schema.org\",\"@graph\":[{\"@type\":\"Article\",\"@id\":\"https:\\\/\\\/www.organisator.ch\\\/management\\\/2021-06-04\\\/future-work-barometer-unternehmen-zunehmend-reif-fuer-arbeitswelt-4-0\\\/#article\",\"isPartOf\":{\"@id\":\"https:\\\/\\\/www.organisator.ch\\\/management\\\/2021-06-04\\\/future-work-barometer-unternehmen-zunehmend-reif-fuer-arbeitswelt-4-0\\\/\"},\"author\":{\"name\":\"thomas.berner\",\"@id\":\"https:\\\/\\\/www.organisator.ch\\\/#\\\/schema\\\/person\\\/6f650f90b2842cd4c0cc334b4e36f67e\"},\"headline\":\"Future Work Barometer: Unternehmen zunehmend reif f\u00fcr Arbeitswelt 4.0\",\"datePublished\":\"2021-06-04T10:00:34+00:00\",\"mainEntityOfPage\":{\"@id\":\"https:\\\/\\\/www.organisator.ch\\\/management\\\/2021-06-04\\\/future-work-barometer-unternehmen-zunehmend-reif-fuer-arbeitswelt-4-0\\\/\"},\"wordCount\":339,\"publisher\":{\"@id\":\"https:\\\/\\\/www.organisator.ch\\\/#organization\"},\"image\":{\"@id\":\"https:\\\/\\\/www.organisator.ch\\\/management\\\/2021-06-04\\\/future-work-barometer-unternehmen-zunehmend-reif-fuer-arbeitswelt-4-0\\\/#primaryimage\"},\"thumbnailUrl\":\"https:\\\/\\\/www.organisator.ch\\\/wp-content\\\/uploads\\\/2021\\\/06\\\/Future-Work-Barometer-Unternehmen-zunehmend-reif-fuer-Arbeitswelt-4-0_Organisator.jpg\",\"keywords\":[\"Arbeitsplatzgestaltung\",\"Digitalisierung\",\"New Work\",\"Studie\"],\"articleSection\":[\"MANAGEMENT\"],\"inLanguage\":\"de\"},{\"@type\":\"WebPage\",\"@id\":\"https:\\\/\\\/www.organisator.ch\\\/management\\\/2021-06-04\\\/future-work-barometer-unternehmen-zunehmend-reif-fuer-arbeitswelt-4-0\\\/\",\"url\":\"https:\\\/\\\/www.organisator.ch\\\/management\\\/2021-06-04\\\/future-work-barometer-unternehmen-zunehmend-reif-fuer-arbeitswelt-4-0\\\/\",\"name\":\"Future Work Barometer: Unternehmen zunehmend reif f\u00fcr Arbeitswelt 4.0 - Organisator\",\"isPartOf\":{\"@id\":\"https:\\\/\\\/www.organisator.ch\\\/#website\"},\"primaryImageOfPage\":{\"@id\":\"https:\\\/\\\/www.organisator.ch\\\/management\\\/2021-06-04\\\/future-work-barometer-unternehmen-zunehmend-reif-fuer-arbeitswelt-4-0\\\/#primaryimage\"},\"image\":{\"@id\":\"https:\\\/\\\/www.organisator.ch\\\/management\\\/2021-06-04\\\/future-work-barometer-unternehmen-zunehmend-reif-fuer-arbeitswelt-4-0\\\/#primaryimage\"},\"thumbnailUrl\":\"https:\\\/\\\/www.organisator.ch\\\/wp-content\\\/uploads\\\/2021\\\/06\\\/Future-Work-Barometer-Unternehmen-zunehmend-reif-fuer-Arbeitswelt-4-0_Organisator.jpg\",\"datePublished\":\"2021-06-04T10:00:34+00:00\",\"description\":\"In einer dritten Umfrage-Runde hat der Future Work Barometer Schweizer Unternehmen zu Entwicklungen in Sachen Arbeitswelt 4.0 befragt.\",\"breadcrumb\":{\"@id\":\"https:\\\/\\\/www.organisator.ch\\\/management\\\/2021-06-04\\\/future-work-barometer-unternehmen-zunehmend-reif-fuer-arbeitswelt-4-0\\\/#breadcrumb\"},\"inLanguage\":\"de\",\"potentialAction\":[{\"@type\":\"ReadAction\",\"target\":[\"https:\\\/\\\/www.organisator.ch\\\/management\\\/2021-06-04\\\/future-work-barometer-unternehmen-zunehmend-reif-fuer-arbeitswelt-4-0\\\/\"]}]},{\"@type\":\"ImageObject\",\"inLanguage\":\"de\",\"@id\":\"https:\\\/\\\/www.organisator.ch\\\/management\\\/2021-06-04\\\/future-work-barometer-unternehmen-zunehmend-reif-fuer-arbeitswelt-4-0\\\/#primaryimage\",\"url\":\"https:\\\/\\\/www.organisator.ch\\\/wp-content\\\/uploads\\\/2021\\\/06\\\/Future-Work-Barometer-Unternehmen-zunehmend-reif-fuer-Arbeitswelt-4-0_Organisator.jpg\",\"contentUrl\":\"https:\\\/\\\/www.organisator.ch\\\/wp-content\\\/uploads\\\/2021\\\/06\\\/Future-Work-Barometer-Unternehmen-zunehmend-reif-fuer-Arbeitswelt-4-0_Organisator.jpg\",\"width\":680,\"height\":623},{\"@type\":\"BreadcrumbList\",\"@id\":\"https:\\\/\\\/www.organisator.ch\\\/management\\\/2021-06-04\\\/future-work-barometer-unternehmen-zunehmend-reif-fuer-arbeitswelt-4-0\\\/#breadcrumb\",\"itemListElement\":[{\"@type\":\"ListItem\",\"position\":1,\"name\":\"Home\",\"item\":\"https:\\\/\\\/www.organisator.ch\\\/\"},{\"@type\":\"ListItem\",\"position\":2,\"name\":\"Future Work Barometer: Unternehmen zunehmend reif f\u00fcr Arbeitswelt 4.0\"}]},{\"@type\":\"WebSite\",\"@id\":\"https:\\\/\\\/www.organisator.ch\\\/#website\",\"url\":\"https:\\\/\\\/www.organisator.ch\\\/\",\"name\":\"Organisator\",\"description\":\"Kompetent. Praxisnah. Der ORGANISATOR bereitet in 10 Ausgaben pro Jahr die wesentlichen Themen f\u00fcr F\u00fchrungskr\u00e4fte von KMU auf.\",\"publisher\":{\"@id\":\"https:\\\/\\\/www.organisator.ch\\\/#organization\"},\"potentialAction\":[{\"@type\":\"SearchAction\",\"target\":{\"@type\":\"EntryPoint\",\"urlTemplate\":\"https:\\\/\\\/www.organisator.ch\\\/?s={search_term_string}\"},\"query-input\":{\"@type\":\"PropertyValueSpecification\",\"valueRequired\":true,\"valueName\":\"search_term_string\"}}],\"inLanguage\":\"de\"},{\"@type\":\"Organization\",\"@id\":\"https:\\\/\\\/www.organisator.ch\\\/#organization\",\"name\":\"Organisator\",\"url\":\"https:\\\/\\\/www.organisator.ch\\\/\",\"logo\":{\"@type\":\"ImageObject\",\"inLanguage\":\"de\",\"@id\":\"https:\\\/\\\/www.organisator.ch\\\/#\\\/schema\\\/logo\\\/image\\\/\",\"url\":\"https:\\\/\\\/www.organisator.ch\\\/wp-content\\\/uploads\\\/2022\\\/01\\\/Logo_Organisator_Website.png\",\"contentUrl\":\"https:\\\/\\\/www.organisator.ch\\\/wp-content\\\/uploads\\\/2022\\\/01\\\/Logo_Organisator_Website.png\",\"width\":800,\"height\":77,\"caption\":\"Organisator\"},\"image\":{\"@id\":\"https:\\\/\\\/www.organisator.ch\\\/#\\\/schema\\\/logo\\\/image\\\/\"},\"sameAs\":[\"https:\\\/\\\/www.facebook.com\\\/OrganisatorFachmagazin\",\"https:\\\/\\\/www.linkedin.com\\\/showcase\\\/organisator-das-magazin-fr-kmu\",\"https:\\\/\\\/www.xing.com\\\/news\\\/pages\\\/organisator-ch-695\",\"https:\\\/\\\/www.youtube.com\\\/channel\\\/UCGP2Sq0iWaZwT3BdIAQFYpw\"]},{\"@type\":\"Person\",\"@id\":\"https:\\\/\\\/www.organisator.ch\\\/#\\\/schema\\\/person\\\/6f650f90b2842cd4c0cc334b4e36f67e\",\"name\":\"thomas.berner\",\"image\":{\"@type\":\"ImageObject\",\"inLanguage\":\"de\",\"@id\":\"https:\\\/\\\/secure.gravatar.com\\\/avatar\\\/ac5001d2a36cb6c6cd3e50789007ffca834b477b74a2144564522e944eabff61?s=96&d=mm&r=g\",\"url\":\"https:\\\/\\\/secure.gravatar.com\\\/avatar\\\/ac5001d2a36cb6c6cd3e50789007ffca834b477b74a2144564522e944eabff61?s=96&d=mm&r=g\",\"contentUrl\":\"https:\\\/\\\/secure.gravatar.com\\\/avatar\\\/ac5001d2a36cb6c6cd3e50789007ffca834b477b74a2144564522e944eabff61?s=96&d=mm&r=g\",\"caption\":\"thomas.berner\"},\"url\":\"https:\\\/\\\/www.organisator.ch\\\/de\\\/author\\\/thomas-berner\\\/\"}]}<\/script>\n<!-- \/ Yoast SEO plugin. -->","yoast_head_json":{"title":"Future Work Barometer: Unternehmen zunehmend reif f\u00fcr Arbeitswelt 4.0 - Organisator","description":"In einer dritten Umfrage-Runde hat der Future Work Barometer Schweizer Unternehmen zu Entwicklungen in Sachen Arbeitswelt 4.0 befragt.","robots":{"index":"index","follow":"follow","max-snippet":"max-snippet:-1","max-image-preview":"max-image-preview:large","max-video-preview":"max-video-preview:-1"},"canonical":"https:\/\/www.organisator.ch\/de\/management\/2021-06-04\/future-work-barometer-unternehmen-zunehmend-reif-fuer-arbeitswelt-4-0\/","og_locale":"de_DE","og_type":"article","og_title":"Future Work Barometer: Unternehmen zunehmend reif f\u00fcr Arbeitswelt 4.0","og_description":"In einer dritten Umfrage-Runde hat der Future Work Barometer Schweizer Unternehmen zu Entwicklungen in Sachen Arbeitswelt 4.0 befragt.","og_url":"https:\/\/www.organisator.ch\/de\/management\/2021-06-04\/future-work-barometer-unternehmen-zunehmend-reif-fuer-arbeitswelt-4-0\/","og_site_name":"Organisator","article_publisher":"https:\/\/www.facebook.com\/OrganisatorFachmagazin","article_published_time":"2021-06-04T10:00:34+00:00","og_image":[{"width":680,"height":623,"url":"https:\/\/www.organisator.ch\/wp-content\/uploads\/2021\/06\/Future-Work-Barometer-Unternehmen-zunehmend-reif-fuer-Arbeitswelt-4-0_Organisator.jpg","type":"image\/jpeg"}],"author":"thomas.berner","twitter_card":"summary_large_image","twitter_title":"#FutureWorkBarometer: Unternehmen zunehmend reif f\u00fcr Arbeitswelt 4.0","twitter_description":"In einer dritten Umfrage-Runde hat der Future Work Barometer #FWBarometer Schweizer Unternehmen zu Entwicklungen in Sachen #Arbeitswelt 4.0 befragt.","twitter_image":"https:\/\/www.organisator.ch\/wp-content\/uploads\/2021\/06\/Future-Work-Barometer-Unternehmen-zunehmend-reif-fuer-Arbeitswelt-4-0_Organisator.jpg","schema":{"@context":"https:\/\/schema.org","@graph":[{"@type":"Article","@id":"https:\/\/www.organisator.ch\/management\/2021-06-04\/future-work-barometer-unternehmen-zunehmend-reif-fuer-arbeitswelt-4-0\/#article","isPartOf":{"@id":"https:\/\/www.organisator.ch\/management\/2021-06-04\/future-work-barometer-unternehmen-zunehmend-reif-fuer-arbeitswelt-4-0\/"},"author":{"name":"thomas.berner","@id":"https:\/\/www.organisator.ch\/#\/schema\/person\/6f650f90b2842cd4c0cc334b4e36f67e"},"headline":"Future Work Barometer: Unternehmen zunehmend reif f\u00fcr Arbeitswelt 4.0","datePublished":"2021-06-04T10:00:34+00:00","mainEntityOfPage":{"@id":"https:\/\/www.organisator.ch\/management\/2021-06-04\/future-work-barometer-unternehmen-zunehmend-reif-fuer-arbeitswelt-4-0\/"},"wordCount":339,"publisher":{"@id":"https:\/\/www.organisator.ch\/#organization"},"image":{"@id":"https:\/\/www.organisator.ch\/management\/2021-06-04\/future-work-barometer-unternehmen-zunehmend-reif-fuer-arbeitswelt-4-0\/#primaryimage"},"thumbnailUrl":"https:\/\/www.organisator.ch\/wp-content\/uploads\/2021\/06\/Future-Work-Barometer-Unternehmen-zunehmend-reif-fuer-Arbeitswelt-4-0_Organisator.jpg","keywords":["Arbeitsplatzgestaltung","Digitalisierung","New Work","Studie"],"articleSection":["MANAGEMENT"],"inLanguage":"de"},{"@type":"WebPage","@id":"https:\/\/www.organisator.ch\/management\/2021-06-04\/future-work-barometer-unternehmen-zunehmend-reif-fuer-arbeitswelt-4-0\/","url":"https:\/\/www.organisator.ch\/management\/2021-06-04\/future-work-barometer-unternehmen-zunehmend-reif-fuer-arbeitswelt-4-0\/","name":"Future Work Barometer: Unternehmen zunehmend reif f\u00fcr Arbeitswelt 4.0 - Organisator","isPartOf":{"@id":"https:\/\/www.organisator.ch\/#website"},"primaryImageOfPage":{"@id":"https:\/\/www.organisator.ch\/management\/2021-06-04\/future-work-barometer-unternehmen-zunehmend-reif-fuer-arbeitswelt-4-0\/#primaryimage"},"image":{"@id":"https:\/\/www.organisator.ch\/management\/2021-06-04\/future-work-barometer-unternehmen-zunehmend-reif-fuer-arbeitswelt-4-0\/#primaryimage"},"thumbnailUrl":"https:\/\/www.organisator.ch\/wp-content\/uploads\/2021\/06\/Future-Work-Barometer-Unternehmen-zunehmend-reif-fuer-Arbeitswelt-4-0_Organisator.jpg","datePublished":"2021-06-04T10:00:34+00:00","description":"In einer dritten Umfrage-Runde hat der Future Work Barometer Schweizer Unternehmen zu Entwicklungen in Sachen Arbeitswelt 4.0 befragt.","breadcrumb":{"@id":"https:\/\/www.organisator.ch\/management\/2021-06-04\/future-work-barometer-unternehmen-zunehmend-reif-fuer-arbeitswelt-4-0\/#breadcrumb"},"inLanguage":"de","potentialAction":[{"@type":"ReadAction","target":["https:\/\/www.organisator.ch\/management\/2021-06-04\/future-work-barometer-unternehmen-zunehmend-reif-fuer-arbeitswelt-4-0\/"]}]},{"@type":"ImageObject","inLanguage":"de","@id":"https:\/\/www.organisator.ch\/management\/2021-06-04\/future-work-barometer-unternehmen-zunehmend-reif-fuer-arbeitswelt-4-0\/#primaryimage","url":"https:\/\/www.organisator.ch\/wp-content\/uploads\/2021\/06\/Future-Work-Barometer-Unternehmen-zunehmend-reif-fuer-Arbeitswelt-4-0_Organisator.jpg","contentUrl":"https:\/\/www.organisator.ch\/wp-content\/uploads\/2021\/06\/Future-Work-Barometer-Unternehmen-zunehmend-reif-fuer-Arbeitswelt-4-0_Organisator.jpg","width":680,"height":623},{"@type":"BreadcrumbList","@id":"https:\/\/www.organisator.ch\/management\/2021-06-04\/future-work-barometer-unternehmen-zunehmend-reif-fuer-arbeitswelt-4-0\/#breadcrumb","itemListElement":[{"@type":"ListItem","position":1,"name":"Home","item":"https:\/\/www.organisator.ch\/"},{"@type":"ListItem","position":2,"name":"Future Work Barometer: Unternehmen zunehmend reif f\u00fcr Arbeitswelt 4.0"}]},{"@type":"WebSite","@id":"https:\/\/www.organisator.ch\/#website","url":"https:\/\/www.organisator.ch\/","name":"Organisator","description":"Kompetent. Praxisnah. Der ORGANISATOR bereitet in 10 Ausgaben pro Jahr die wesentlichen Themen f\u00fcr F\u00fchrungskr\u00e4fte von KMU auf.","publisher":{"@id":"https:\/\/www.organisator.ch\/#organization"},"potentialAction":[{"@type":"SearchAction","target":{"@type":"EntryPoint","urlTemplate":"https:\/\/www.organisator.ch\/?s={search_term_string}"},"query-input":{"@type":"PropertyValueSpecification","valueRequired":true,"valueName":"search_term_string"}}],"inLanguage":"de"},{"@type":"Organization","@id":"https:\/\/www.organisator.ch\/#organization","name":"Organisator","url":"https:\/\/www.organisator.ch\/","logo":{"@type":"ImageObject","inLanguage":"de","@id":"https:\/\/www.organisator.ch\/#\/schema\/logo\/image\/","url":"https:\/\/www.organisator.ch\/wp-content\/uploads\/2022\/01\/Logo_Organisator_Website.png","contentUrl":"https:\/\/www.organisator.ch\/wp-content\/uploads\/2022\/01\/Logo_Organisator_Website.png","width":800,"height":77,"caption":"Organisator"},"image":{"@id":"https:\/\/www.organisator.ch\/#\/schema\/logo\/image\/"},"sameAs":["https:\/\/www.facebook.com\/OrganisatorFachmagazin","https:\/\/www.linkedin.com\/showcase\/organisator-das-magazin-fr-kmu","https:\/\/www.xing.com\/news\/pages\/organisator-ch-695","https:\/\/www.youtube.com\/channel\/UCGP2Sq0iWaZwT3BdIAQFYpw"]},{"@type":"Person","@id":"https:\/\/www.organisator.ch\/#\/schema\/person\/6f650f90b2842cd4c0cc334b4e36f67e","name":"thomas.berner","image":{"@type":"ImageObject","inLanguage":"de","@id":"https:\/\/secure.gravatar.com\/avatar\/ac5001d2a36cb6c6cd3e50789007ffca834b477b74a2144564522e944eabff61?s=96&d=mm&r=g","url":"https:\/\/secure.gravatar.com\/avatar\/ac5001d2a36cb6c6cd3e50789007ffca834b477b74a2144564522e944eabff61?s=96&d=mm&r=g","contentUrl":"https:\/\/secure.gravatar.com\/avatar\/ac5001d2a36cb6c6cd3e50789007ffca834b477b74a2144564522e944eabff61?s=96&d=mm&r=g","caption":"thomas.berner"},"url":"https:\/\/www.organisator.ch\/de\/author\/thomas-berner\/"}]}},"_links":{"self":[{"href":"https:\/\/www.organisator.ch\/de\/wp-json\/wp\/v2\/posts\/8108","targetHints":{"allow":["GET"]}}],"collection":[{"href":"https:\/\/www.organisator.ch\/de\/wp-json\/wp\/v2\/posts"}],"about":[{"href":"https:\/\/www.organisator.ch\/de\/wp-json\/wp\/v2\/types\/post"}],"author":[{"embeddable":true,"href":"https:\/\/www.organisator.ch\/de\/wp-json\/wp\/v2\/users\/4"}],"replies":[{"embeddable":true,"href":"https:\/\/www.organisator.ch\/de\/wp-json\/wp\/v2\/comments?post=8108"}],"version-history":[{"count":0,"href":"https:\/\/www.organisator.ch\/de\/wp-json\/wp\/v2\/posts\/8108\/revisions"}],"wp:featuredmedia":[{"embeddable":true,"href":"https:\/\/www.organisator.ch\/de\/wp-json\/wp\/v2\/media\/8110"}],"wp:attachment":[{"href":"https:\/\/www.organisator.ch\/de\/wp-json\/wp\/v2\/media?parent=8108"}],"wp:term":[{"taxonomy":"category","embeddable":true,"href":"https:\/\/www.organisator.ch\/de\/wp-json\/wp\/v2\/categories?post=8108"},{"taxonomy":"post_tag","embeddable":true,"href":"https:\/\/www.organisator.ch\/de\/wp-json\/wp\/v2\/tags?post=8108"}],"curies":[{"name":"wp","href":"https:\/\/api.w.org\/{rel}","templated":true}]}}