{"id":8115,"date":"2021-06-09T11:10:41","date_gmt":"2021-06-09T09:10:41","guid":{"rendered":"https:\/\/www.organisator.ch\/?p=8115"},"modified":"2021-06-09T11:10:41","modified_gmt":"2021-06-09T09:10:41","slug":"sfb-symposium-zur-zukunft-der-beruflichen-weiterbildung","status":"publish","type":"post","link":"https:\/\/www.organisator.ch\/de\/weiterbildung\/2021-06-09\/sfb-symposium-zur-zukunft-der-beruflichen-weiterbildung\/","title":{"rendered":"sfb Symposium zur Zukunft der beruflichen Weiterbildung"},"content":{"rendered":"<figure id=\"attachment_8118\" aria-describedby=\"caption-attachment-8118\" style=\"width: 680px\" class=\"wp-caption alignnone\"><img loading=\"lazy\" decoding=\"async\" class=\"size-medium wp-image-8118\" src=\"https:\/\/www.organisator.ch\/wp-content\/uploads\/2021\/06\/sfb-Symposium-zur-Zukunft-der-beruflichen-Weiterbildung_Organisator.jpg\" alt=\"\" width=\"680\" height=\"391\" srcset=\"https:\/\/www.organisator.ch\/wp-content\/uploads\/2021\/06\/sfb-Symposium-zur-Zukunft-der-beruflichen-Weiterbildung_Organisator.jpg 680w, https:\/\/www.organisator.ch\/wp-content\/uploads\/2021\/06\/sfb-Symposium-zur-Zukunft-der-beruflichen-Weiterbildung_Organisator-16x9.jpg 16w, https:\/\/www.organisator.ch\/wp-content\/uploads\/2021\/06\/sfb-Symposium-zur-Zukunft-der-beruflichen-Weiterbildung_Organisator-304x175.jpg 304w, https:\/\/www.organisator.ch\/wp-content\/uploads\/2021\/06\/sfb-Symposium-zur-Zukunft-der-beruflichen-Weiterbildung_Organisator-609x350.jpg 609w, https:\/\/www.organisator.ch\/wp-content\/uploads\/2021\/06\/sfb-Symposium-zur-Zukunft-der-beruflichen-Weiterbildung_Organisator-300x173.jpg 300w\" sizes=\"auto, (max-width: 680px) 100vw, 680px\" \/><figcaption id=\"caption-attachment-8118\" class=\"wp-caption-text\">Wohin geht die Reise der H\u00f6heren Fachschulen in der Schweizer Bildungslandschaft? Das sfb Symposium vom 15. September 2021 sucht nach Antworten. (Bild: sfb)<\/figcaption><\/figure>\n<p>H\u00f6here Fachschulen (HF) haben in der Schweiz aufgrund unseres Bildungssystems eine wichtige Schl\u00fcsselposition. Die h\u00f6here Berufspr\u00fcfung erfreut sich grosser Beliebtheit, die Zahlen sind deutlich angestiegen. Vergleicht man die Schweiz mit Europa, liegt unser Land hierbei klar im vorderen Bereich. Bis 2045 k\u00f6nnte der heutige Anteil von ca. 35 auf 60 Prozent steigen. Aber: die Teilnahme-Kosten f\u00fcr eine H\u00f6here Fachschule sind &#8211; etwa im Vergleich zum Bachelor relativ hoch, die Internationalit\u00e4t der Abschl\u00fcsse ist nicht anerkannt, der Eidg. Titel und das Visum bzw. das Logo vom Bund fehlt auf den Diplomen. Die einzelnen Lehrg\u00e4nge sind zwar anerkannt, jedoch nicht die HF als Institution. Der Brand \u00abHF\u00bb ist somit ungesch\u00fctzt \u2013 dies muss sich \u00e4ndern.<\/p>\n<h2>Wie sieht die Lehre der Zukunft aus?<\/h2>\n<p>Zu diesem Spannungsfeld wirtschaftlicher bzw. \u00f6konomischer Perspektiven\u00bb und der Frage nach der Zukunft der beruflichen Weiterbildung allgemein hinzu kommen neue Entwicklungen, die durch die Corona-Pandemie ausgel\u00f6st worden sind. Es hat sich deutlich gezeigt, dass \u00abInternet-Teaching\u00bb in der Bildung zukunftsweisend ist. Es macht sich besonders im Terti\u00e4rbereich bemerkbar und fordert vermehrt neue Kompetenzen f\u00fcr die Lehre. Die Lernenden werden dabei zunehmend flexibler und selbstst\u00e4ndiger. Sie entscheiden vermehrt, wo, wann und wie oft sie sich dem Lernstoff widmen. Das sfb Symposium am 15. September 2021 soll aktuelle, wirtschaftliche und bildungspolitische Voraussetzungen an die Lehre der Zukunft, im kompetitiven Umfeld der CH-Bildungslandschaft aufzeigen.<\/p>\n<h2>Renommierte Fachreferenten am sfb Symposium<\/h2>\n<p>Das sfb Symposium richtet sich Unternehmen (KMU\u2019s), Alumni und weitere Interessierte; an Bildungsinstitutionen und politische Gremien wie Berufsverb\u00e4nde, Schulen (Sek II\/Terti\u00e4r B), ODAS, das SBFI und Kooperationspartner der sfb. Tagungsort ist das Gottlieb Duttweiler Institute (GDI) in 8803 R\u00fcschlikon (ZH). Als Referenten auftreten werden u.a. Robert Heinzer, HR-Chef von Victorinox AG, Dr. David Bosshart, CEO des GDI, Prof. Dr. Andreas Frey, Rektor der HdBA &#8211; Hochschule der Bundesagentur f\u00fcr Arbeit Mannheim und Chantal Gallad\u00e9, Erziehungswissenschafterin und Politikerin. Moderiert wird der Anlass durch Hugo Bigi.<\/p>\n<p><em>Anmeldungen bis 31. Juli 2021 unter <a href=\"https:\/\/sfb.ch\/symposium\">sfb.ch\/symposium<\/a><\/em><\/p>\n","protected":false},"excerpt":{"rendered":"<p>H\u00f6here Fachschulen (HF) haben in der Schweiz aufgrund unseres Bildungssystems eine wichtige Schl\u00fcsselposition. Die h\u00f6here Berufspr\u00fcfung erfreut sich grosser Beliebtheit, die Zahlen sind deutlich angestiegen. Vergleicht man die Schweiz mit Europa, liegt unser Land hierbei klar im vorderen Bereich. Bis 2045 k\u00f6nnte der heutige Anteil von ca. 35 auf 60 Prozent steigen. Aber: die Teilnahme-Kosten [&hellip;]<\/p>\n","protected":false},"author":4,"featured_media":8118,"comment_status":"closed","ping_status":"closed","sticky":false,"template":"","format":"standard","meta":{"_acf_changed":false,"_yoast_wpseo_focuskw":"sfb Symposium","_yoast_wpseo_metadesc":"Das sfb Symposium 2021 befasst sich mit dem Themenzirkel: \u00abZukunftsszenario Bildung im Spannungsfeld wirtschaftlicher bzw. \u00f6konomischer Perspektiven\u00bb.","articlekey":"","footnotes":""},"categories":[30],"tags":[62,73,193],"class_list":["post-8115","post","type-post","status-publish","format-standard","has-post-thumbnail","hentry","category-weiterbildung","tag-aus-weiterbildung","tag-berufsbildung","tag-fachkongressfachmesse"],"acf":[],"yoast_head":"<!-- This site is optimized with the Yoast SEO plugin v27.4 - https:\/\/yoast.com\/product\/yoast-seo-wordpress\/ -->\n<title>sfb Symposium zur Zukunft der beruflichen Weiterbildung - Organisator<\/title>\n<meta name=\"description\" content=\"Das sfb Symposium 2021 befasst sich mit dem Themenzirkel: \u00abZukunftsszenario Bildung im Spannungsfeld wirtschaftlicher bzw. \u00f6konomischer Perspektiven\u00bb.\" \/>\n<meta name=\"robots\" content=\"index, follow, max-snippet:-1, max-image-preview:large, max-video-preview:-1\" \/>\n<link rel=\"canonical\" href=\"https:\/\/www.organisator.ch\/de\/weiterbildung\/2021-06-09\/sfb-symposium-zur-zukunft-der-beruflichen-weiterbildung\/\" \/>\n<meta property=\"og:locale\" content=\"de_DE\" \/>\n<meta property=\"og:type\" content=\"article\" \/>\n<meta property=\"og:title\" content=\"sfb Symposium zur Zukunft der beruflichen Weiterbildung\" \/>\n<meta property=\"og:description\" content=\"Das sfb Symposium 2021 befasst sich mit dem Themenzirkel: \u00abZukunftsszenario Bildung im Spannungsfeld wirtschaftlicher bzw. \u00f6konomischer Perspektiven\u00bb.\" \/>\n<meta property=\"og:url\" content=\"https:\/\/www.organisator.ch\/de\/weiterbildung\/2021-06-09\/sfb-symposium-zur-zukunft-der-beruflichen-weiterbildung\/\" \/>\n<meta property=\"og:site_name\" content=\"Organisator\" \/>\n<meta property=\"article:publisher\" content=\"https:\/\/www.facebook.com\/OrganisatorFachmagazin\" \/>\n<meta property=\"article:published_time\" content=\"2021-06-09T09:10:41+00:00\" \/>\n<meta property=\"og:image\" content=\"https:\/\/www.organisator.ch\/wp-content\/uploads\/2021\/06\/sfb-Symposium-zur-Zukunft-der-beruflichen-Weiterbildung_Organisator.jpg\" \/>\n\t<meta property=\"og:image:width\" content=\"680\" \/>\n\t<meta property=\"og:image:height\" content=\"391\" \/>\n\t<meta property=\"og:image:type\" content=\"image\/jpeg\" \/>\n<meta name=\"author\" content=\"thomas.berner\" \/>\n<meta name=\"twitter:card\" content=\"summary_large_image\" \/>\n<meta name=\"twitter:title\" content=\"sfb #Symposium zur Zukunft der beruflichen #Weiterbildung\" \/>\n<meta name=\"twitter:description\" content=\"Das sfb #Symposium 2021 befasst sich mit dem Themenzirkel: \u00abZukunftsszenario Bildung im Spannungsfeld wirtschaftlicher bzw. \u00f6konomischer Perspektiven\u00bb.\" \/>\n<meta name=\"twitter:image\" content=\"https:\/\/www.organisator.ch\/wp-content\/uploads\/2021\/06\/sfb-Symposium-zur-Zukunft-der-beruflichen-Weiterbildung_Organisator.jpg\" \/>\n<script type=\"application\/ld+json\" class=\"yoast-schema-graph\">{\"@context\":\"https:\\\/\\\/schema.org\",\"@graph\":[{\"@type\":\"Article\",\"@id\":\"https:\\\/\\\/www.organisator.ch\\\/weiterbildung\\\/2021-06-09\\\/sfb-symposium-zur-zukunft-der-beruflichen-weiterbildung\\\/#article\",\"isPartOf\":{\"@id\":\"https:\\\/\\\/www.organisator.ch\\\/weiterbildung\\\/2021-06-09\\\/sfb-symposium-zur-zukunft-der-beruflichen-weiterbildung\\\/\"},\"author\":{\"name\":\"thomas.berner\",\"@id\":\"https:\\\/\\\/www.organisator.ch\\\/#\\\/schema\\\/person\\\/6f650f90b2842cd4c0cc334b4e36f67e\"},\"headline\":\"sfb Symposium zur Zukunft der beruflichen Weiterbildung\",\"datePublished\":\"2021-06-09T09:10:41+00:00\",\"mainEntityOfPage\":{\"@id\":\"https:\\\/\\\/www.organisator.ch\\\/weiterbildung\\\/2021-06-09\\\/sfb-symposium-zur-zukunft-der-beruflichen-weiterbildung\\\/\"},\"wordCount\":367,\"publisher\":{\"@id\":\"https:\\\/\\\/www.organisator.ch\\\/#organization\"},\"image\":{\"@id\":\"https:\\\/\\\/www.organisator.ch\\\/weiterbildung\\\/2021-06-09\\\/sfb-symposium-zur-zukunft-der-beruflichen-weiterbildung\\\/#primaryimage\"},\"thumbnailUrl\":\"https:\\\/\\\/www.organisator.ch\\\/wp-content\\\/uploads\\\/2021\\\/06\\\/sfb-Symposium-zur-Zukunft-der-beruflichen-Weiterbildung_Organisator.jpg\",\"keywords\":[\"Aus-\\\/Weiterbildung\",\"Berufsbildung\",\"Fachkongress\\\/Fachmesse\"],\"articleSection\":[\"WEITERBILDUNG\"],\"inLanguage\":\"de\"},{\"@type\":\"WebPage\",\"@id\":\"https:\\\/\\\/www.organisator.ch\\\/weiterbildung\\\/2021-06-09\\\/sfb-symposium-zur-zukunft-der-beruflichen-weiterbildung\\\/\",\"url\":\"https:\\\/\\\/www.organisator.ch\\\/weiterbildung\\\/2021-06-09\\\/sfb-symposium-zur-zukunft-der-beruflichen-weiterbildung\\\/\",\"name\":\"sfb Symposium zur Zukunft der beruflichen Weiterbildung - Organisator\",\"isPartOf\":{\"@id\":\"https:\\\/\\\/www.organisator.ch\\\/#website\"},\"primaryImageOfPage\":{\"@id\":\"https:\\\/\\\/www.organisator.ch\\\/weiterbildung\\\/2021-06-09\\\/sfb-symposium-zur-zukunft-der-beruflichen-weiterbildung\\\/#primaryimage\"},\"image\":{\"@id\":\"https:\\\/\\\/www.organisator.ch\\\/weiterbildung\\\/2021-06-09\\\/sfb-symposium-zur-zukunft-der-beruflichen-weiterbildung\\\/#primaryimage\"},\"thumbnailUrl\":\"https:\\\/\\\/www.organisator.ch\\\/wp-content\\\/uploads\\\/2021\\\/06\\\/sfb-Symposium-zur-Zukunft-der-beruflichen-Weiterbildung_Organisator.jpg\",\"datePublished\":\"2021-06-09T09:10:41+00:00\",\"description\":\"Das sfb Symposium 2021 befasst sich mit dem Themenzirkel: \u00abZukunftsszenario Bildung im Spannungsfeld wirtschaftlicher bzw. \u00f6konomischer Perspektiven\u00bb.\",\"breadcrumb\":{\"@id\":\"https:\\\/\\\/www.organisator.ch\\\/weiterbildung\\\/2021-06-09\\\/sfb-symposium-zur-zukunft-der-beruflichen-weiterbildung\\\/#breadcrumb\"},\"inLanguage\":\"de\",\"potentialAction\":[{\"@type\":\"ReadAction\",\"target\":[\"https:\\\/\\\/www.organisator.ch\\\/weiterbildung\\\/2021-06-09\\\/sfb-symposium-zur-zukunft-der-beruflichen-weiterbildung\\\/\"]}]},{\"@type\":\"ImageObject\",\"inLanguage\":\"de\",\"@id\":\"https:\\\/\\\/www.organisator.ch\\\/weiterbildung\\\/2021-06-09\\\/sfb-symposium-zur-zukunft-der-beruflichen-weiterbildung\\\/#primaryimage\",\"url\":\"https:\\\/\\\/www.organisator.ch\\\/wp-content\\\/uploads\\\/2021\\\/06\\\/sfb-Symposium-zur-Zukunft-der-beruflichen-Weiterbildung_Organisator.jpg\",\"contentUrl\":\"https:\\\/\\\/www.organisator.ch\\\/wp-content\\\/uploads\\\/2021\\\/06\\\/sfb-Symposium-zur-Zukunft-der-beruflichen-Weiterbildung_Organisator.jpg\",\"width\":680,\"height\":391,\"caption\":\"Wohin geht die Reise in der Schweizer Bildungslandschaft? Das sfb Symposium vom 15. September 2021 sucht nach Antworten. (Bild sfb)\"},{\"@type\":\"BreadcrumbList\",\"@id\":\"https:\\\/\\\/www.organisator.ch\\\/weiterbildung\\\/2021-06-09\\\/sfb-symposium-zur-zukunft-der-beruflichen-weiterbildung\\\/#breadcrumb\",\"itemListElement\":[{\"@type\":\"ListItem\",\"position\":1,\"name\":\"Home\",\"item\":\"https:\\\/\\\/www.organisator.ch\\\/\"},{\"@type\":\"ListItem\",\"position\":2,\"name\":\"sfb Symposium zur Zukunft der beruflichen Weiterbildung\"}]},{\"@type\":\"WebSite\",\"@id\":\"https:\\\/\\\/www.organisator.ch\\\/#website\",\"url\":\"https:\\\/\\\/www.organisator.ch\\\/\",\"name\":\"Organisator\",\"description\":\"Kompetent. Praxisnah. Der ORGANISATOR bereitet in 10 Ausgaben pro Jahr die wesentlichen Themen f\u00fcr F\u00fchrungskr\u00e4fte von KMU auf.\",\"publisher\":{\"@id\":\"https:\\\/\\\/www.organisator.ch\\\/#organization\"},\"potentialAction\":[{\"@type\":\"SearchAction\",\"target\":{\"@type\":\"EntryPoint\",\"urlTemplate\":\"https:\\\/\\\/www.organisator.ch\\\/?s={search_term_string}\"},\"query-input\":{\"@type\":\"PropertyValueSpecification\",\"valueRequired\":true,\"valueName\":\"search_term_string\"}}],\"inLanguage\":\"de\"},{\"@type\":\"Organization\",\"@id\":\"https:\\\/\\\/www.organisator.ch\\\/#organization\",\"name\":\"Organisator\",\"url\":\"https:\\\/\\\/www.organisator.ch\\\/\",\"logo\":{\"@type\":\"ImageObject\",\"inLanguage\":\"de\",\"@id\":\"https:\\\/\\\/www.organisator.ch\\\/#\\\/schema\\\/logo\\\/image\\\/\",\"url\":\"https:\\\/\\\/www.organisator.ch\\\/wp-content\\\/uploads\\\/2022\\\/01\\\/Logo_Organisator_Website.png\",\"contentUrl\":\"https:\\\/\\\/www.organisator.ch\\\/wp-content\\\/uploads\\\/2022\\\/01\\\/Logo_Organisator_Website.png\",\"width\":800,\"height\":77,\"caption\":\"Organisator\"},\"image\":{\"@id\":\"https:\\\/\\\/www.organisator.ch\\\/#\\\/schema\\\/logo\\\/image\\\/\"},\"sameAs\":[\"https:\\\/\\\/www.facebook.com\\\/OrganisatorFachmagazin\",\"https:\\\/\\\/www.linkedin.com\\\/showcase\\\/organisator-das-magazin-fr-kmu\",\"https:\\\/\\\/www.xing.com\\\/news\\\/pages\\\/organisator-ch-695\",\"https:\\\/\\\/www.youtube.com\\\/channel\\\/UCGP2Sq0iWaZwT3BdIAQFYpw\"]},{\"@type\":\"Person\",\"@id\":\"https:\\\/\\\/www.organisator.ch\\\/#\\\/schema\\\/person\\\/6f650f90b2842cd4c0cc334b4e36f67e\",\"name\":\"thomas.berner\",\"image\":{\"@type\":\"ImageObject\",\"inLanguage\":\"de\",\"@id\":\"https:\\\/\\\/secure.gravatar.com\\\/avatar\\\/ac5001d2a36cb6c6cd3e50789007ffca834b477b74a2144564522e944eabff61?s=96&d=mm&r=g\",\"url\":\"https:\\\/\\\/secure.gravatar.com\\\/avatar\\\/ac5001d2a36cb6c6cd3e50789007ffca834b477b74a2144564522e944eabff61?s=96&d=mm&r=g\",\"contentUrl\":\"https:\\\/\\\/secure.gravatar.com\\\/avatar\\\/ac5001d2a36cb6c6cd3e50789007ffca834b477b74a2144564522e944eabff61?s=96&d=mm&r=g\",\"caption\":\"thomas.berner\"},\"url\":\"https:\\\/\\\/www.organisator.ch\\\/de\\\/author\\\/thomas-berner\\\/\"}]}<\/script>\n<!-- \/ Yoast SEO plugin. -->","yoast_head_json":{"title":"sfb Symposium zur Zukunft der beruflichen Weiterbildung - Organisator","description":"Das sfb Symposium 2021 befasst sich mit dem Themenzirkel: \u00abZukunftsszenario Bildung im Spannungsfeld wirtschaftlicher bzw. \u00f6konomischer Perspektiven\u00bb.","robots":{"index":"index","follow":"follow","max-snippet":"max-snippet:-1","max-image-preview":"max-image-preview:large","max-video-preview":"max-video-preview:-1"},"canonical":"https:\/\/www.organisator.ch\/de\/weiterbildung\/2021-06-09\/sfb-symposium-zur-zukunft-der-beruflichen-weiterbildung\/","og_locale":"de_DE","og_type":"article","og_title":"sfb Symposium zur Zukunft der beruflichen Weiterbildung","og_description":"Das sfb Symposium 2021 befasst sich mit dem Themenzirkel: \u00abZukunftsszenario Bildung im Spannungsfeld wirtschaftlicher bzw. \u00f6konomischer Perspektiven\u00bb.","og_url":"https:\/\/www.organisator.ch\/de\/weiterbildung\/2021-06-09\/sfb-symposium-zur-zukunft-der-beruflichen-weiterbildung\/","og_site_name":"Organisator","article_publisher":"https:\/\/www.facebook.com\/OrganisatorFachmagazin","article_published_time":"2021-06-09T09:10:41+00:00","og_image":[{"width":680,"height":391,"url":"https:\/\/www.organisator.ch\/wp-content\/uploads\/2021\/06\/sfb-Symposium-zur-Zukunft-der-beruflichen-Weiterbildung_Organisator.jpg","type":"image\/jpeg"}],"author":"thomas.berner","twitter_card":"summary_large_image","twitter_title":"sfb #Symposium zur Zukunft der beruflichen #Weiterbildung","twitter_description":"Das sfb #Symposium 2021 befasst sich mit dem Themenzirkel: \u00abZukunftsszenario Bildung im Spannungsfeld wirtschaftlicher bzw. \u00f6konomischer Perspektiven\u00bb.","twitter_image":"https:\/\/www.organisator.ch\/wp-content\/uploads\/2021\/06\/sfb-Symposium-zur-Zukunft-der-beruflichen-Weiterbildung_Organisator.jpg","schema":{"@context":"https:\/\/schema.org","@graph":[{"@type":"Article","@id":"https:\/\/www.organisator.ch\/weiterbildung\/2021-06-09\/sfb-symposium-zur-zukunft-der-beruflichen-weiterbildung\/#article","isPartOf":{"@id":"https:\/\/www.organisator.ch\/weiterbildung\/2021-06-09\/sfb-symposium-zur-zukunft-der-beruflichen-weiterbildung\/"},"author":{"name":"thomas.berner","@id":"https:\/\/www.organisator.ch\/#\/schema\/person\/6f650f90b2842cd4c0cc334b4e36f67e"},"headline":"sfb Symposium zur Zukunft der beruflichen Weiterbildung","datePublished":"2021-06-09T09:10:41+00:00","mainEntityOfPage":{"@id":"https:\/\/www.organisator.ch\/weiterbildung\/2021-06-09\/sfb-symposium-zur-zukunft-der-beruflichen-weiterbildung\/"},"wordCount":367,"publisher":{"@id":"https:\/\/www.organisator.ch\/#organization"},"image":{"@id":"https:\/\/www.organisator.ch\/weiterbildung\/2021-06-09\/sfb-symposium-zur-zukunft-der-beruflichen-weiterbildung\/#primaryimage"},"thumbnailUrl":"https:\/\/www.organisator.ch\/wp-content\/uploads\/2021\/06\/sfb-Symposium-zur-Zukunft-der-beruflichen-Weiterbildung_Organisator.jpg","keywords":["Aus-\/Weiterbildung","Berufsbildung","Fachkongress\/Fachmesse"],"articleSection":["WEITERBILDUNG"],"inLanguage":"de"},{"@type":"WebPage","@id":"https:\/\/www.organisator.ch\/weiterbildung\/2021-06-09\/sfb-symposium-zur-zukunft-der-beruflichen-weiterbildung\/","url":"https:\/\/www.organisator.ch\/weiterbildung\/2021-06-09\/sfb-symposium-zur-zukunft-der-beruflichen-weiterbildung\/","name":"sfb Symposium zur Zukunft der beruflichen Weiterbildung - Organisator","isPartOf":{"@id":"https:\/\/www.organisator.ch\/#website"},"primaryImageOfPage":{"@id":"https:\/\/www.organisator.ch\/weiterbildung\/2021-06-09\/sfb-symposium-zur-zukunft-der-beruflichen-weiterbildung\/#primaryimage"},"image":{"@id":"https:\/\/www.organisator.ch\/weiterbildung\/2021-06-09\/sfb-symposium-zur-zukunft-der-beruflichen-weiterbildung\/#primaryimage"},"thumbnailUrl":"https:\/\/www.organisator.ch\/wp-content\/uploads\/2021\/06\/sfb-Symposium-zur-Zukunft-der-beruflichen-Weiterbildung_Organisator.jpg","datePublished":"2021-06-09T09:10:41+00:00","description":"Das sfb Symposium 2021 befasst sich mit dem Themenzirkel: \u00abZukunftsszenario Bildung im Spannungsfeld wirtschaftlicher bzw. \u00f6konomischer Perspektiven\u00bb.","breadcrumb":{"@id":"https:\/\/www.organisator.ch\/weiterbildung\/2021-06-09\/sfb-symposium-zur-zukunft-der-beruflichen-weiterbildung\/#breadcrumb"},"inLanguage":"de","potentialAction":[{"@type":"ReadAction","target":["https:\/\/www.organisator.ch\/weiterbildung\/2021-06-09\/sfb-symposium-zur-zukunft-der-beruflichen-weiterbildung\/"]}]},{"@type":"ImageObject","inLanguage":"de","@id":"https:\/\/www.organisator.ch\/weiterbildung\/2021-06-09\/sfb-symposium-zur-zukunft-der-beruflichen-weiterbildung\/#primaryimage","url":"https:\/\/www.organisator.ch\/wp-content\/uploads\/2021\/06\/sfb-Symposium-zur-Zukunft-der-beruflichen-Weiterbildung_Organisator.jpg","contentUrl":"https:\/\/www.organisator.ch\/wp-content\/uploads\/2021\/06\/sfb-Symposium-zur-Zukunft-der-beruflichen-Weiterbildung_Organisator.jpg","width":680,"height":391,"caption":"Wohin geht die Reise in der Schweizer Bildungslandschaft? Das sfb Symposium vom 15. September 2021 sucht nach Antworten. (Bild sfb)"},{"@type":"BreadcrumbList","@id":"https:\/\/www.organisator.ch\/weiterbildung\/2021-06-09\/sfb-symposium-zur-zukunft-der-beruflichen-weiterbildung\/#breadcrumb","itemListElement":[{"@type":"ListItem","position":1,"name":"Home","item":"https:\/\/www.organisator.ch\/"},{"@type":"ListItem","position":2,"name":"sfb Symposium zur Zukunft der beruflichen Weiterbildung"}]},{"@type":"WebSite","@id":"https:\/\/www.organisator.ch\/#website","url":"https:\/\/www.organisator.ch\/","name":"Organisator","description":"Kompetent. Praxisnah. Der ORGANISATOR bereitet in 10 Ausgaben pro Jahr die wesentlichen Themen f\u00fcr F\u00fchrungskr\u00e4fte von KMU auf.","publisher":{"@id":"https:\/\/www.organisator.ch\/#organization"},"potentialAction":[{"@type":"SearchAction","target":{"@type":"EntryPoint","urlTemplate":"https:\/\/www.organisator.ch\/?s={search_term_string}"},"query-input":{"@type":"PropertyValueSpecification","valueRequired":true,"valueName":"search_term_string"}}],"inLanguage":"de"},{"@type":"Organization","@id":"https:\/\/www.organisator.ch\/#organization","name":"Organisator","url":"https:\/\/www.organisator.ch\/","logo":{"@type":"ImageObject","inLanguage":"de","@id":"https:\/\/www.organisator.ch\/#\/schema\/logo\/image\/","url":"https:\/\/www.organisator.ch\/wp-content\/uploads\/2022\/01\/Logo_Organisator_Website.png","contentUrl":"https:\/\/www.organisator.ch\/wp-content\/uploads\/2022\/01\/Logo_Organisator_Website.png","width":800,"height":77,"caption":"Organisator"},"image":{"@id":"https:\/\/www.organisator.ch\/#\/schema\/logo\/image\/"},"sameAs":["https:\/\/www.facebook.com\/OrganisatorFachmagazin","https:\/\/www.linkedin.com\/showcase\/organisator-das-magazin-fr-kmu","https:\/\/www.xing.com\/news\/pages\/organisator-ch-695","https:\/\/www.youtube.com\/channel\/UCGP2Sq0iWaZwT3BdIAQFYpw"]},{"@type":"Person","@id":"https:\/\/www.organisator.ch\/#\/schema\/person\/6f650f90b2842cd4c0cc334b4e36f67e","name":"thomas.berner","image":{"@type":"ImageObject","inLanguage":"de","@id":"https:\/\/secure.gravatar.com\/avatar\/ac5001d2a36cb6c6cd3e50789007ffca834b477b74a2144564522e944eabff61?s=96&d=mm&r=g","url":"https:\/\/secure.gravatar.com\/avatar\/ac5001d2a36cb6c6cd3e50789007ffca834b477b74a2144564522e944eabff61?s=96&d=mm&r=g","contentUrl":"https:\/\/secure.gravatar.com\/avatar\/ac5001d2a36cb6c6cd3e50789007ffca834b477b74a2144564522e944eabff61?s=96&d=mm&r=g","caption":"thomas.berner"},"url":"https:\/\/www.organisator.ch\/de\/author\/thomas-berner\/"}]}},"_links":{"self":[{"href":"https:\/\/www.organisator.ch\/de\/wp-json\/wp\/v2\/posts\/8115","targetHints":{"allow":["GET"]}}],"collection":[{"href":"https:\/\/www.organisator.ch\/de\/wp-json\/wp\/v2\/posts"}],"about":[{"href":"https:\/\/www.organisator.ch\/de\/wp-json\/wp\/v2\/types\/post"}],"author":[{"embeddable":true,"href":"https:\/\/www.organisator.ch\/de\/wp-json\/wp\/v2\/users\/4"}],"replies":[{"embeddable":true,"href":"https:\/\/www.organisator.ch\/de\/wp-json\/wp\/v2\/comments?post=8115"}],"version-history":[{"count":0,"href":"https:\/\/www.organisator.ch\/de\/wp-json\/wp\/v2\/posts\/8115\/revisions"}],"wp:featuredmedia":[{"embeddable":true,"href":"https:\/\/www.organisator.ch\/de\/wp-json\/wp\/v2\/media\/8118"}],"wp:attachment":[{"href":"https:\/\/www.organisator.ch\/de\/wp-json\/wp\/v2\/media?parent=8115"}],"wp:term":[{"taxonomy":"category","embeddable":true,"href":"https:\/\/www.organisator.ch\/de\/wp-json\/wp\/v2\/categories?post=8115"},{"taxonomy":"post_tag","embeddable":true,"href":"https:\/\/www.organisator.ch\/de\/wp-json\/wp\/v2\/tags?post=8115"}],"curies":[{"name":"wp","href":"https:\/\/api.w.org\/{rel}","templated":true}]}}