{"id":8128,"date":"2021-06-10T07:45:45","date_gmt":"2021-06-10T05:45:45","guid":{"rendered":"https:\/\/www.organisator.ch\/?p=8128"},"modified":"2021-06-10T07:45:45","modified_gmt":"2021-06-10T05:45:45","slug":"kursaal-bern-geht-an-die-boerse","status":"publish","type":"post","link":"https:\/\/www.organisator.ch\/de\/management\/2021-06-10\/kursaal-bern-geht-an-die-boerse\/","title":{"rendered":"Kursaal Bern geht an die B\u00f6rse"},"content":{"rendered":"<figure id=\"attachment_8129\" aria-describedby=\"caption-attachment-8129\" style=\"width: 680px\" class=\"wp-caption alignnone\"><img loading=\"lazy\" decoding=\"async\" class=\"size-medium wp-image-8129\" src=\"https:\/\/www.organisator.ch\/wp-content\/uploads\/2021\/06\/Kursaal-Bern-geht-an-die-Boerse_Organisator.jpg\" alt=\"\" width=\"680\" height=\"453\" srcset=\"https:\/\/www.organisator.ch\/wp-content\/uploads\/2021\/06\/Kursaal-Bern-geht-an-die-Boerse_Organisator.jpg 680w, https:\/\/www.organisator.ch\/wp-content\/uploads\/2021\/06\/Kursaal-Bern-geht-an-die-Boerse_Organisator-16x12.jpg 16w, https:\/\/www.organisator.ch\/wp-content\/uploads\/2021\/06\/Kursaal-Bern-geht-an-die-Boerse_Organisator-263x175.jpg 263w, https:\/\/www.organisator.ch\/wp-content\/uploads\/2021\/06\/Kursaal-Bern-geht-an-die-Boerse_Organisator-525x350.jpg 525w, https:\/\/www.organisator.ch\/wp-content\/uploads\/2021\/06\/Kursaal-Bern-geht-an-die-Boerse_Organisator-300x200.jpg 300w\" sizes=\"auto, (max-width: 680px) 100vw, 680px\" \/><figcaption id=\"caption-attachment-8129\" class=\"wp-caption-text\">Die Kursaal Bern Gruppe lanciert den Gang an die B\u00f6rse und will sich so rund 13,8 Mio. Franken zus\u00e4tzliches Kapital beschaffen. (Bild: Kursaal Bern)<\/figcaption><\/figure>\n<p>Die Kursaal Bern Gruppe ist ein Schweizer Traditionsunternehmen mit den drei Gesch\u00e4ftsfeldern Kongresszentrum, Hotel &amp; Gastronomie sowie Casino. Das vielseitige Angebot besteht aus professionellen Kongressdienstleistungen mit modernster Digitaltechnik inkl. Streaming Studio und 28 flexibel nutzbaren R\u00e4umen f\u00fcr Pr\u00e4senzanl\u00e4sse bis 1&#8217;500 Personen sowie Online-Events. Weiter verf\u00fcgt die Gruppe \u00fcber das in die internationale Accor-Gruppe eingebundene neu gestaltete Swiss\u00f4tel Kursaal Bern (4-Sterne-Superior) mit 171 Zimmern und Suiten.<\/p>\n<h2>Generalversammlung beschliesst B\u00f6rsengang<\/h2>\n<p>Die ordentliche Generalversammlung der Kursaal Bern AG vom 7. Juni 2021 hat s\u00e4mtlichen Antr\u00e4gen des Verwaltungsrats zugestimmt. Insbesondere wurde die Totalrevision der Statuten und die Schaffung von genehmigtem Kapital beschlossen. Im Anschluss an die Generalversammlung hat der Verwaltungsrat der Kursaal Bern AG entschieden, die genehmigte Kapitalerh\u00f6hung durchzuf\u00fchren und maximal 40&#8217;781 Namenaktien der Kursaal Bern AG mit einem Nennwert von CHF 50.00 auszugeben. Die neuen Aktien sind ab dem Gesch\u00e4ftsjahr 2021 voll stimm- und dividendenberechtigt und den bisherigen Namenaktien in jeder Hinsicht gleichgestellt.<\/p>\n<h2>40 781 Namenaktien im Angebot<\/h2>\n<p>Das Angebot besteht aus einem Bezugsrecht f\u00fcr bestehende Aktion\u00e4re sowie einem \u00f6ffentlichen Angebot in der Schweiz. Es umfasst insgesamt maximal 40&#8217;781 neue Namenaktien. Die Preisspanne wurde bei CHF 350 bis CHF 380 je Namenaktie festgelegt. Unter der Annahme eines Angebotspreises in der Mitte der Angebotspreisspanne erwartet die Gesellschaft aus der Emission der neuen Namenaktien einen Nettoerl\u00f6s von rund CHF 13,8 Mio. Dieser Betrag basiert auf der Annahme, dass die Aktion\u00e4re ihre Bezugsrechte entweder vollst\u00e4ndig aus\u00fcben oder dass alle angebotenen neuen Namenaktien, f\u00fcr welche die Bezugsrechte nicht ausge\u00fcbt wurden, bei Aktion\u00e4ren und\/oder Investoren platziert werden. Der sog. Bookbuilding-Prozess beginnt am 11. Juni 2021 und endet am 25. Juni 2021 um 12.00 Uhr MESZ. Der endg\u00fcltige Angebotspreis wird voraussichtlich am 28. Juni 2021 ver\u00f6ffentlicht. Die Kotierung der Namenaktien der Kursaal Bern AG an der BX Swiss und der erste Handelstag sind f\u00fcr den 29. Juni 2021 geplant.<\/p>\n<h2>Kursaal Bern AG will weiter wachsen<\/h2>\n<p>Der Nettoerl\u00f6s aus dem Verkauf der neuen Namenaktien soll dazu verwendet werden, die Marktposition der Kursaal Bern Gruppe zu st\u00e4rken und den Ausbau zu einer bedeutenden Schweizer Kongress-, Hotel- &amp; Gastronomie- und Casino-Gruppe voranzutreiben sowie l\u00e4ngerfristig allenfalls weitere organische und externe Entwicklungsm\u00f6glichkeiten zu realisieren. Der Verwaltungsrat, die Gesch\u00e4ftsleitung sowie die Ankeraktion\u00e4re der Gesellschaft begr\u00fcssen die Transaktion und sind grossmehrheitlich bereit, ihre Bezugsrechte auszu\u00fcben sowie teilweise<br \/>\ndar\u00fcber hinaus weitere neue Namenaktien zu zeichnen, welche nicht von bestehenden Aktion\u00e4ren bezogen werden. Zudem haben weitere namhafte Investoren ihre Bereitschaft erkl\u00e4rt, in bedeutendem Umfang nicht bezogene angebotene neue Namenaktien zu erwerben. Im Zusammenhang mit dem B\u00f6rsengang wurde eine Verkaufssperre (Lock-up) f\u00fcr einen Zeitraum von zw\u00f6lf Monaten nach dem ersten Handelstag f\u00fcr die Gesellschaft sowie Mitglieder des Verwaltungsrats und der Gesch\u00e4ftsleitung bzw. von sechs Monaten nach dem ersten<br \/>\nHandelstag f\u00fcr bestimmte Ankeraktion\u00e4re vereinbart.<\/p>\n<p><em><a href=\"http:\/\/www.kursaal-bern.ch\">Quelle<\/a> und weitere <a href=\"https:\/\/kursaal-bern.ch\/investoren\">Informationen<\/a><\/em><\/p>\n","protected":false},"excerpt":{"rendered":"<p>Die Kursaal Bern Gruppe ist ein Schweizer Traditionsunternehmen mit den drei Gesch\u00e4ftsfeldern Kongresszentrum, Hotel &amp; Gastronomie sowie Casino. Das vielseitige Angebot besteht aus professionellen Kongressdienstleistungen mit modernster Digitaltechnik inkl. Streaming Studio und 28 flexibel nutzbaren R\u00e4umen f\u00fcr Pr\u00e4senzanl\u00e4sse bis 1&#8217;500 Personen sowie Online-Events. Weiter verf\u00fcgt die Gruppe \u00fcber das in die internationale Accor-Gruppe eingebundene neu [&hellip;]<\/p>\n","protected":false},"author":4,"featured_media":8129,"comment_status":"closed","ping_status":"closed","sticky":false,"template":"","format":"standard","meta":{"_acf_changed":false,"_yoast_wpseo_focuskw":"Kursaal Bern","_yoast_wpseo_metadesc":"Die Kursaal Bern AG mit ihren Gesch\u00e4ftsfeldern Kongresszentrum, Hotel & Gastronomie sowie Casino hat ihr IPO an der BX Swiss bekanntgegeben.","articlekey":"","footnotes":""},"categories":[28],"tags":[89,335,492],"class_list":["post-8128","post","type-post","status-publish","format-standard","has-post-thumbnail","hentry","category-management","tag-boersengang","tag-management-und-unternehmensfuehrung","tag-unternehmen"],"acf":[],"yoast_head":"<!-- This site is optimized with the Yoast SEO plugin v27.5 - https:\/\/yoast.com\/product\/yoast-seo-wordpress\/ -->\n<title>Kursaal Bern geht an die B\u00f6rse - Organisator<\/title>\n<meta name=\"description\" content=\"Die Kursaal Bern AG mit ihren Gesch\u00e4ftsfeldern Kongresszentrum, Hotel &amp; Gastronomie sowie Casino hat ihr IPO an der BX Swiss bekanntgegeben.\" \/>\n<meta name=\"robots\" content=\"index, follow, max-snippet:-1, max-image-preview:large, max-video-preview:-1\" \/>\n<link rel=\"canonical\" href=\"https:\/\/www.organisator.ch\/de\/management\/2021-06-10\/kursaal-bern-geht-an-die-boerse\/\" \/>\n<meta property=\"og:locale\" content=\"de_DE\" \/>\n<meta property=\"og:type\" content=\"article\" \/>\n<meta property=\"og:title\" content=\"Kursaal Bern geht an die B\u00f6rse\" \/>\n<meta property=\"og:description\" content=\"Die Kursaal Bern AG mit ihren Gesch\u00e4ftsfeldern Kongresszentrum, Hotel &amp; Gastronomie sowie Casino hat ihr IPO an der BX Swiss bekanntgegeben.\" \/>\n<meta property=\"og:url\" content=\"https:\/\/www.organisator.ch\/de\/management\/2021-06-10\/kursaal-bern-geht-an-die-boerse\/\" \/>\n<meta property=\"og:site_name\" content=\"Organisator\" \/>\n<meta property=\"article:publisher\" content=\"https:\/\/www.facebook.com\/OrganisatorFachmagazin\" \/>\n<meta property=\"article:published_time\" content=\"2021-06-10T05:45:45+00:00\" \/>\n<meta property=\"og:image\" content=\"https:\/\/www.organisator.ch\/wp-content\/uploads\/2021\/06\/Kursaal-Bern-geht-an-die-Boerse_Organisator.jpg\" \/>\n\t<meta property=\"og:image:width\" content=\"680\" \/>\n\t<meta property=\"og:image:height\" content=\"453\" \/>\n\t<meta property=\"og:image:type\" content=\"image\/jpeg\" \/>\n<meta name=\"author\" content=\"thomas.berner\" \/>\n<meta name=\"twitter:card\" content=\"summary_large_image\" \/>\n<meta name=\"twitter:title\" content=\"#Kursaal Bern geht an die #B\u00f6rse\" \/>\n<meta name=\"twitter:description\" content=\"Die #Kursaal Bern AG mit ihren Gesch\u00e4ftsfeldern Kongresszentrum, Hotel &amp; Gastronomie sowie Casino hat ihr #IPO an der BX Swiss bekanntgegeben.\" \/>\n<meta name=\"twitter:image\" content=\"https:\/\/www.organisator.ch\/wp-content\/uploads\/2021\/06\/Kursaal-Bern-geht-an-die-Boerse_Organisator.jpg\" \/>\n<script type=\"application\/ld+json\" class=\"yoast-schema-graph\">{\"@context\":\"https:\\\/\\\/schema.org\",\"@graph\":[{\"@type\":\"Article\",\"@id\":\"https:\\\/\\\/www.organisator.ch\\\/management\\\/2021-06-10\\\/kursaal-bern-geht-an-die-boerse\\\/#article\",\"isPartOf\":{\"@id\":\"https:\\\/\\\/www.organisator.ch\\\/management\\\/2021-06-10\\\/kursaal-bern-geht-an-die-boerse\\\/\"},\"author\":{\"name\":\"thomas.berner\",\"@id\":\"https:\\\/\\\/www.organisator.ch\\\/#\\\/schema\\\/person\\\/6f650f90b2842cd4c0cc334b4e36f67e\"},\"headline\":\"Kursaal Bern geht an die B\u00f6rse\",\"datePublished\":\"2021-06-10T05:45:45+00:00\",\"mainEntityOfPage\":{\"@id\":\"https:\\\/\\\/www.organisator.ch\\\/management\\\/2021-06-10\\\/kursaal-bern-geht-an-die-boerse\\\/\"},\"wordCount\":508,\"publisher\":{\"@id\":\"https:\\\/\\\/www.organisator.ch\\\/#organization\"},\"image\":{\"@id\":\"https:\\\/\\\/www.organisator.ch\\\/management\\\/2021-06-10\\\/kursaal-bern-geht-an-die-boerse\\\/#primaryimage\"},\"thumbnailUrl\":\"https:\\\/\\\/www.organisator.ch\\\/wp-content\\\/uploads\\\/2021\\\/06\\\/Kursaal-Bern-geht-an-die-Boerse_Organisator.jpg\",\"keywords\":[\"B\u00f6rsengang\",\"Management und Unternehmensf\u00fchrung\",\"Unternehmen\"],\"articleSection\":[\"MANAGEMENT\"],\"inLanguage\":\"de\"},{\"@type\":\"WebPage\",\"@id\":\"https:\\\/\\\/www.organisator.ch\\\/management\\\/2021-06-10\\\/kursaal-bern-geht-an-die-boerse\\\/\",\"url\":\"https:\\\/\\\/www.organisator.ch\\\/management\\\/2021-06-10\\\/kursaal-bern-geht-an-die-boerse\\\/\",\"name\":\"Kursaal Bern geht an die B\u00f6rse - Organisator\",\"isPartOf\":{\"@id\":\"https:\\\/\\\/www.organisator.ch\\\/#website\"},\"primaryImageOfPage\":{\"@id\":\"https:\\\/\\\/www.organisator.ch\\\/management\\\/2021-06-10\\\/kursaal-bern-geht-an-die-boerse\\\/#primaryimage\"},\"image\":{\"@id\":\"https:\\\/\\\/www.organisator.ch\\\/management\\\/2021-06-10\\\/kursaal-bern-geht-an-die-boerse\\\/#primaryimage\"},\"thumbnailUrl\":\"https:\\\/\\\/www.organisator.ch\\\/wp-content\\\/uploads\\\/2021\\\/06\\\/Kursaal-Bern-geht-an-die-Boerse_Organisator.jpg\",\"datePublished\":\"2021-06-10T05:45:45+00:00\",\"description\":\"Die Kursaal Bern AG mit ihren Gesch\u00e4ftsfeldern Kongresszentrum, Hotel & Gastronomie sowie Casino hat ihr IPO an der BX Swiss bekanntgegeben.\",\"breadcrumb\":{\"@id\":\"https:\\\/\\\/www.organisator.ch\\\/management\\\/2021-06-10\\\/kursaal-bern-geht-an-die-boerse\\\/#breadcrumb\"},\"inLanguage\":\"de\",\"potentialAction\":[{\"@type\":\"ReadAction\",\"target\":[\"https:\\\/\\\/www.organisator.ch\\\/management\\\/2021-06-10\\\/kursaal-bern-geht-an-die-boerse\\\/\"]}]},{\"@type\":\"ImageObject\",\"inLanguage\":\"de\",\"@id\":\"https:\\\/\\\/www.organisator.ch\\\/management\\\/2021-06-10\\\/kursaal-bern-geht-an-die-boerse\\\/#primaryimage\",\"url\":\"https:\\\/\\\/www.organisator.ch\\\/wp-content\\\/uploads\\\/2021\\\/06\\\/Kursaal-Bern-geht-an-die-Boerse_Organisator.jpg\",\"contentUrl\":\"https:\\\/\\\/www.organisator.ch\\\/wp-content\\\/uploads\\\/2021\\\/06\\\/Kursaal-Bern-geht-an-die-Boerse_Organisator.jpg\",\"width\":680,\"height\":453,\"caption\":\"Die Kursaal Bern Gruppe lanciert den Gang an die B\u00f6rse und will sich so rund 13,5 Mio. Franken zus\u00e4tzliches Kapital beschaffen. (Bild: Kursaal Bern)\"},{\"@type\":\"BreadcrumbList\",\"@id\":\"https:\\\/\\\/www.organisator.ch\\\/management\\\/2021-06-10\\\/kursaal-bern-geht-an-die-boerse\\\/#breadcrumb\",\"itemListElement\":[{\"@type\":\"ListItem\",\"position\":1,\"name\":\"Home\",\"item\":\"https:\\\/\\\/www.organisator.ch\\\/\"},{\"@type\":\"ListItem\",\"position\":2,\"name\":\"Kursaal Bern geht an die B\u00f6rse\"}]},{\"@type\":\"WebSite\",\"@id\":\"https:\\\/\\\/www.organisator.ch\\\/#website\",\"url\":\"https:\\\/\\\/www.organisator.ch\\\/\",\"name\":\"Organisator\",\"description\":\"Kompetent. Praxisnah. Der ORGANISATOR bereitet in 10 Ausgaben pro Jahr die wesentlichen Themen f\u00fcr F\u00fchrungskr\u00e4fte von KMU auf.\",\"publisher\":{\"@id\":\"https:\\\/\\\/www.organisator.ch\\\/#organization\"},\"potentialAction\":[{\"@type\":\"SearchAction\",\"target\":{\"@type\":\"EntryPoint\",\"urlTemplate\":\"https:\\\/\\\/www.organisator.ch\\\/?s={search_term_string}\"},\"query-input\":{\"@type\":\"PropertyValueSpecification\",\"valueRequired\":true,\"valueName\":\"search_term_string\"}}],\"inLanguage\":\"de\"},{\"@type\":\"Organization\",\"@id\":\"https:\\\/\\\/www.organisator.ch\\\/#organization\",\"name\":\"Organisator\",\"url\":\"https:\\\/\\\/www.organisator.ch\\\/\",\"logo\":{\"@type\":\"ImageObject\",\"inLanguage\":\"de\",\"@id\":\"https:\\\/\\\/www.organisator.ch\\\/#\\\/schema\\\/logo\\\/image\\\/\",\"url\":\"https:\\\/\\\/www.organisator.ch\\\/wp-content\\\/uploads\\\/2022\\\/01\\\/Logo_Organisator_Website.png\",\"contentUrl\":\"https:\\\/\\\/www.organisator.ch\\\/wp-content\\\/uploads\\\/2022\\\/01\\\/Logo_Organisator_Website.png\",\"width\":800,\"height\":77,\"caption\":\"Organisator\"},\"image\":{\"@id\":\"https:\\\/\\\/www.organisator.ch\\\/#\\\/schema\\\/logo\\\/image\\\/\"},\"sameAs\":[\"https:\\\/\\\/www.facebook.com\\\/OrganisatorFachmagazin\",\"https:\\\/\\\/www.linkedin.com\\\/showcase\\\/organisator-das-magazin-fr-kmu\",\"https:\\\/\\\/www.xing.com\\\/news\\\/pages\\\/organisator-ch-695\",\"https:\\\/\\\/www.youtube.com\\\/channel\\\/UCGP2Sq0iWaZwT3BdIAQFYpw\"]},{\"@type\":\"Person\",\"@id\":\"https:\\\/\\\/www.organisator.ch\\\/#\\\/schema\\\/person\\\/6f650f90b2842cd4c0cc334b4e36f67e\",\"name\":\"thomas.berner\",\"image\":{\"@type\":\"ImageObject\",\"inLanguage\":\"de\",\"@id\":\"https:\\\/\\\/secure.gravatar.com\\\/avatar\\\/ac5001d2a36cb6c6cd3e50789007ffca834b477b74a2144564522e944eabff61?s=96&d=mm&r=g\",\"url\":\"https:\\\/\\\/secure.gravatar.com\\\/avatar\\\/ac5001d2a36cb6c6cd3e50789007ffca834b477b74a2144564522e944eabff61?s=96&d=mm&r=g\",\"contentUrl\":\"https:\\\/\\\/secure.gravatar.com\\\/avatar\\\/ac5001d2a36cb6c6cd3e50789007ffca834b477b74a2144564522e944eabff61?s=96&d=mm&r=g\",\"caption\":\"thomas.berner\"},\"url\":\"https:\\\/\\\/www.organisator.ch\\\/de\\\/author\\\/thomas-berner\\\/\"}]}<\/script>\n<!-- \/ Yoast SEO plugin. -->","yoast_head_json":{"title":"Kursaal Bern geht an die B\u00f6rse - Organisator","description":"Die Kursaal Bern AG mit ihren Gesch\u00e4ftsfeldern Kongresszentrum, Hotel & Gastronomie sowie Casino hat ihr IPO an der BX Swiss bekanntgegeben.","robots":{"index":"index","follow":"follow","max-snippet":"max-snippet:-1","max-image-preview":"max-image-preview:large","max-video-preview":"max-video-preview:-1"},"canonical":"https:\/\/www.organisator.ch\/de\/management\/2021-06-10\/kursaal-bern-geht-an-die-boerse\/","og_locale":"de_DE","og_type":"article","og_title":"Kursaal Bern geht an die B\u00f6rse","og_description":"Die Kursaal Bern AG mit ihren Gesch\u00e4ftsfeldern Kongresszentrum, Hotel & Gastronomie sowie Casino hat ihr IPO an der BX Swiss bekanntgegeben.","og_url":"https:\/\/www.organisator.ch\/de\/management\/2021-06-10\/kursaal-bern-geht-an-die-boerse\/","og_site_name":"Organisator","article_publisher":"https:\/\/www.facebook.com\/OrganisatorFachmagazin","article_published_time":"2021-06-10T05:45:45+00:00","og_image":[{"width":680,"height":453,"url":"https:\/\/www.organisator.ch\/wp-content\/uploads\/2021\/06\/Kursaal-Bern-geht-an-die-Boerse_Organisator.jpg","type":"image\/jpeg"}],"author":"thomas.berner","twitter_card":"summary_large_image","twitter_title":"#Kursaal Bern geht an die #B\u00f6rse","twitter_description":"Die #Kursaal Bern AG mit ihren Gesch\u00e4ftsfeldern Kongresszentrum, Hotel & Gastronomie sowie Casino hat ihr #IPO an der BX Swiss bekanntgegeben.","twitter_image":"https:\/\/www.organisator.ch\/wp-content\/uploads\/2021\/06\/Kursaal-Bern-geht-an-die-Boerse_Organisator.jpg","schema":{"@context":"https:\/\/schema.org","@graph":[{"@type":"Article","@id":"https:\/\/www.organisator.ch\/management\/2021-06-10\/kursaal-bern-geht-an-die-boerse\/#article","isPartOf":{"@id":"https:\/\/www.organisator.ch\/management\/2021-06-10\/kursaal-bern-geht-an-die-boerse\/"},"author":{"name":"thomas.berner","@id":"https:\/\/www.organisator.ch\/#\/schema\/person\/6f650f90b2842cd4c0cc334b4e36f67e"},"headline":"Kursaal Bern geht an die B\u00f6rse","datePublished":"2021-06-10T05:45:45+00:00","mainEntityOfPage":{"@id":"https:\/\/www.organisator.ch\/management\/2021-06-10\/kursaal-bern-geht-an-die-boerse\/"},"wordCount":508,"publisher":{"@id":"https:\/\/www.organisator.ch\/#organization"},"image":{"@id":"https:\/\/www.organisator.ch\/management\/2021-06-10\/kursaal-bern-geht-an-die-boerse\/#primaryimage"},"thumbnailUrl":"https:\/\/www.organisator.ch\/wp-content\/uploads\/2021\/06\/Kursaal-Bern-geht-an-die-Boerse_Organisator.jpg","keywords":["B\u00f6rsengang","Management und Unternehmensf\u00fchrung","Unternehmen"],"articleSection":["MANAGEMENT"],"inLanguage":"de"},{"@type":"WebPage","@id":"https:\/\/www.organisator.ch\/management\/2021-06-10\/kursaal-bern-geht-an-die-boerse\/","url":"https:\/\/www.organisator.ch\/management\/2021-06-10\/kursaal-bern-geht-an-die-boerse\/","name":"Kursaal Bern geht an die B\u00f6rse - Organisator","isPartOf":{"@id":"https:\/\/www.organisator.ch\/#website"},"primaryImageOfPage":{"@id":"https:\/\/www.organisator.ch\/management\/2021-06-10\/kursaal-bern-geht-an-die-boerse\/#primaryimage"},"image":{"@id":"https:\/\/www.organisator.ch\/management\/2021-06-10\/kursaal-bern-geht-an-die-boerse\/#primaryimage"},"thumbnailUrl":"https:\/\/www.organisator.ch\/wp-content\/uploads\/2021\/06\/Kursaal-Bern-geht-an-die-Boerse_Organisator.jpg","datePublished":"2021-06-10T05:45:45+00:00","description":"Die Kursaal Bern AG mit ihren Gesch\u00e4ftsfeldern Kongresszentrum, Hotel & Gastronomie sowie Casino hat ihr IPO an der BX Swiss bekanntgegeben.","breadcrumb":{"@id":"https:\/\/www.organisator.ch\/management\/2021-06-10\/kursaal-bern-geht-an-die-boerse\/#breadcrumb"},"inLanguage":"de","potentialAction":[{"@type":"ReadAction","target":["https:\/\/www.organisator.ch\/management\/2021-06-10\/kursaal-bern-geht-an-die-boerse\/"]}]},{"@type":"ImageObject","inLanguage":"de","@id":"https:\/\/www.organisator.ch\/management\/2021-06-10\/kursaal-bern-geht-an-die-boerse\/#primaryimage","url":"https:\/\/www.organisator.ch\/wp-content\/uploads\/2021\/06\/Kursaal-Bern-geht-an-die-Boerse_Organisator.jpg","contentUrl":"https:\/\/www.organisator.ch\/wp-content\/uploads\/2021\/06\/Kursaal-Bern-geht-an-die-Boerse_Organisator.jpg","width":680,"height":453,"caption":"Die Kursaal Bern Gruppe lanciert den Gang an die B\u00f6rse und will sich so rund 13,5 Mio. Franken zus\u00e4tzliches Kapital beschaffen. (Bild: Kursaal Bern)"},{"@type":"BreadcrumbList","@id":"https:\/\/www.organisator.ch\/management\/2021-06-10\/kursaal-bern-geht-an-die-boerse\/#breadcrumb","itemListElement":[{"@type":"ListItem","position":1,"name":"Home","item":"https:\/\/www.organisator.ch\/"},{"@type":"ListItem","position":2,"name":"Kursaal Bern geht an die B\u00f6rse"}]},{"@type":"WebSite","@id":"https:\/\/www.organisator.ch\/#website","url":"https:\/\/www.organisator.ch\/","name":"Organisator","description":"Kompetent. Praxisnah. Der ORGANISATOR bereitet in 10 Ausgaben pro Jahr die wesentlichen Themen f\u00fcr F\u00fchrungskr\u00e4fte von KMU auf.","publisher":{"@id":"https:\/\/www.organisator.ch\/#organization"},"potentialAction":[{"@type":"SearchAction","target":{"@type":"EntryPoint","urlTemplate":"https:\/\/www.organisator.ch\/?s={search_term_string}"},"query-input":{"@type":"PropertyValueSpecification","valueRequired":true,"valueName":"search_term_string"}}],"inLanguage":"de"},{"@type":"Organization","@id":"https:\/\/www.organisator.ch\/#organization","name":"Organisator","url":"https:\/\/www.organisator.ch\/","logo":{"@type":"ImageObject","inLanguage":"de","@id":"https:\/\/www.organisator.ch\/#\/schema\/logo\/image\/","url":"https:\/\/www.organisator.ch\/wp-content\/uploads\/2022\/01\/Logo_Organisator_Website.png","contentUrl":"https:\/\/www.organisator.ch\/wp-content\/uploads\/2022\/01\/Logo_Organisator_Website.png","width":800,"height":77,"caption":"Organisator"},"image":{"@id":"https:\/\/www.organisator.ch\/#\/schema\/logo\/image\/"},"sameAs":["https:\/\/www.facebook.com\/OrganisatorFachmagazin","https:\/\/www.linkedin.com\/showcase\/organisator-das-magazin-fr-kmu","https:\/\/www.xing.com\/news\/pages\/organisator-ch-695","https:\/\/www.youtube.com\/channel\/UCGP2Sq0iWaZwT3BdIAQFYpw"]},{"@type":"Person","@id":"https:\/\/www.organisator.ch\/#\/schema\/person\/6f650f90b2842cd4c0cc334b4e36f67e","name":"thomas.berner","image":{"@type":"ImageObject","inLanguage":"de","@id":"https:\/\/secure.gravatar.com\/avatar\/ac5001d2a36cb6c6cd3e50789007ffca834b477b74a2144564522e944eabff61?s=96&d=mm&r=g","url":"https:\/\/secure.gravatar.com\/avatar\/ac5001d2a36cb6c6cd3e50789007ffca834b477b74a2144564522e944eabff61?s=96&d=mm&r=g","contentUrl":"https:\/\/secure.gravatar.com\/avatar\/ac5001d2a36cb6c6cd3e50789007ffca834b477b74a2144564522e944eabff61?s=96&d=mm&r=g","caption":"thomas.berner"},"url":"https:\/\/www.organisator.ch\/de\/author\/thomas-berner\/"}]}},"_links":{"self":[{"href":"https:\/\/www.organisator.ch\/de\/wp-json\/wp\/v2\/posts\/8128","targetHints":{"allow":["GET"]}}],"collection":[{"href":"https:\/\/www.organisator.ch\/de\/wp-json\/wp\/v2\/posts"}],"about":[{"href":"https:\/\/www.organisator.ch\/de\/wp-json\/wp\/v2\/types\/post"}],"author":[{"embeddable":true,"href":"https:\/\/www.organisator.ch\/de\/wp-json\/wp\/v2\/users\/4"}],"replies":[{"embeddable":true,"href":"https:\/\/www.organisator.ch\/de\/wp-json\/wp\/v2\/comments?post=8128"}],"version-history":[{"count":0,"href":"https:\/\/www.organisator.ch\/de\/wp-json\/wp\/v2\/posts\/8128\/revisions"}],"wp:featuredmedia":[{"embeddable":true,"href":"https:\/\/www.organisator.ch\/de\/wp-json\/wp\/v2\/media\/8129"}],"wp:attachment":[{"href":"https:\/\/www.organisator.ch\/de\/wp-json\/wp\/v2\/media?parent=8128"}],"wp:term":[{"taxonomy":"category","embeddable":true,"href":"https:\/\/www.organisator.ch\/de\/wp-json\/wp\/v2\/categories?post=8128"},{"taxonomy":"post_tag","embeddable":true,"href":"https:\/\/www.organisator.ch\/de\/wp-json\/wp\/v2\/tags?post=8128"}],"curies":[{"name":"wp","href":"https:\/\/api.w.org\/{rel}","templated":true}]}}