{"id":8140,"date":"2021-06-11T08:19:38","date_gmt":"2021-06-11T06:19:38","guid":{"rendered":"https:\/\/www.organisator.ch\/?p=8140"},"modified":"2021-06-11T08:19:38","modified_gmt":"2021-06-11T06:19:38","slug":"hoehere-fachschule-fuer-tourismus-ist-stellt-sich-neu-auf","status":"publish","type":"post","link":"https:\/\/www.organisator.ch\/de\/weiterbildung\/2021-06-11\/hoehere-fachschule-fuer-tourismus-ist-stellt-sich-neu-auf\/","title":{"rendered":"H\u00f6here Fachschule f\u00fcr Tourismus IST stellt sich neu auf"},"content":{"rendered":"<figure id=\"attachment_8141\" aria-describedby=\"caption-attachment-8141\" style=\"width: 680px\" class=\"wp-caption alignnone\"><img loading=\"lazy\" decoding=\"async\" class=\"size-medium wp-image-8141\" src=\"https:\/\/www.organisator.ch\/wp-content\/uploads\/2021\/06\/Hoehere-Fachschule-fuer-Tourismus-IST-stellt-sich-neu-auf_Organisator.jpg\" alt=\"\" width=\"680\" height=\"424\" srcset=\"https:\/\/www.organisator.ch\/wp-content\/uploads\/2021\/06\/Hoehere-Fachschule-fuer-Tourismus-IST-stellt-sich-neu-auf_Organisator.jpg 680w, https:\/\/www.organisator.ch\/wp-content\/uploads\/2021\/06\/Hoehere-Fachschule-fuer-Tourismus-IST-stellt-sich-neu-auf_Organisator-16x10.jpg 16w, https:\/\/www.organisator.ch\/wp-content\/uploads\/2021\/06\/Hoehere-Fachschule-fuer-Tourismus-IST-stellt-sich-neu-auf_Organisator-281x175.jpg 281w, https:\/\/www.organisator.ch\/wp-content\/uploads\/2021\/06\/Hoehere-Fachschule-fuer-Tourismus-IST-stellt-sich-neu-auf_Organisator-561x350.jpg 561w, https:\/\/www.organisator.ch\/wp-content\/uploads\/2021\/06\/Hoehere-Fachschule-fuer-Tourismus-IST-stellt-sich-neu-auf_Organisator-300x187.jpg 300w\" sizes=\"auto, (max-width: 680px) 100vw, 680px\" \/><figcaption id=\"caption-attachment-8141\" class=\"wp-caption-text\">Das Leitungsteam freut sich \u00fcber die neu aufgestellte IST &#8211; H\u00f6here Fachschule f\u00fcr Tourismus (v.l.n.r.): Heinz Sommer, Sandra Murer, Nicole Diermeier, Hanna Rychener Kistler. (Bild: zVg)<\/figcaption><\/figure>\n<p>Die IST, H\u00f6here Fachschule f\u00fcr Tourismus wurde umfassend renoviert und unter dem \u00fcbergeordneten Motto \u00abIST reloaded\u00bb neu er\u00f6ffnet. Alle R\u00e4ume wirken nun offen, hell und grossz\u00fcgig. Die modern und flexibel eingerichteten Schulzimmer werden den hybriden Lehr- und Lernstandards von morgen gerecht. Multifunktionale Arbeitspl\u00e4tze und Begegnungszonen bieten Mitarbeitenden, Dozierenden und Studierenden Platz f\u00fcr Austausch und ebenso f\u00fcr konzentriertes Arbeiten. In den G\u00e4ngen zeigen grosse Screens \u00abon time\u00bb- Informationen aus der Welt des Tourismus.<\/p>\n<h2>Namhafte Investition der H\u00f6heren Fachschule f\u00fcr Tourismus<\/h2>\n<p>In den Umbau wurde ein gr\u00f6sserer sechsstelliger Betrag investiert. \u00abDurch die zeitgem\u00e4sse Infrastruktur werden die Bed\u00fcrfnisse der Studierenden bestm\u00f6glich aufgenommen\u00bb, sagt Heinz Sommer, Group CEO der Vantage Education Group, zu welcher die IST geh\u00f6rt. \u00abF\u00fcr all jene, die eine Weiterbildung im Tourismus absolvieren wollen, sind der Umbau und die damit verbundene Investition ein starkes Zeichen. Wir glauben an die Zukunft des Tourismus in der Schweiz und an die Notwendigkeit, als Bildungsanbieter durch kompetente und gut ausgebildete Menschen einen Beitrag f\u00fcr die Branche zu leisten\u00bb, so Sommer.<\/p>\n<h2>Charme-Offensive f\u00fcr die #Tourismuszukunft<\/h2>\n<p>Parallel zur Neuer\u00f6ffnung ist die Social-Media-Kampagne #Tourismuszukunft gestartet. Acht bekannte Pers\u00f6nlichkeiten aus Tourismus, Wirtschaft und Politik sowie drei Alumni der IST teilen per Video ihre Begeisterung f\u00fcr den Tourismus und senden ihre Tipps und Empfehlungen f\u00fcr den Tourismusberuf in die ganze Schweiz. Mit dabei sind u.a. Nik Hartmann (TV Moderator &amp; Produzent), Martin Nydegger (CEO Schweiz Tourismus), Andrea Gm\u00fcr (St\u00e4nder\u00e4tin), Andr\u00e9 L\u00fcthi (VRP Globetrotter Group), Berno Stoffel (CEO Seilbahnen Schweiz), St\u00e9phanie Portmann (Inhaberin Fred Tschanz Gruppe) und Fr\u00e9d\u00e9ric F\u00fcssenich (CEO Rigi Bahnen AG). \u00abWir sp\u00fcren im Moment eine leichte Verunsicherung bei den jungen Leuten bez\u00fcglich der Berufswahl in der Tourismusbranche. Dem wollen wir entgegenwirken, damit es in der Branche mittelfristig nicht zu einem Vakuum an qualifizierten Tourismusfachkr\u00e4ften kommt\u00bb, erl\u00e4utert Nicole Diermeier, Gesch\u00e4ftsf\u00fchrerin und Gesamtschulleiterin der IST, den Hintergrund der Charme-Offensive. www.ist-edu.ch<\/p>\n<h2>Neues Alumni-Programm st\u00e4rkt das Netzwerk<\/h2>\n<p>Mehr denn je ist das Networking in der Branche entscheidend f\u00fcr die berufliche Zukunft. Darum hat die IST \u2013 an der bis anhin 1730 Studierende ihren Abschluss als \u00abTourismus-Fachfrau\/mann HF\u00bb gemacht haben \u2013 nun ihren eigenen Alumni-Verein gegr\u00fcndet. Er soll eine Plattform bieten f\u00fcr Networking, Exkursionen und Afterwork-Anl\u00e4sse von Studierenden, ehemaligen Studierenden und den Ausbildenden aus der Deutsch- und Westschweiz. Santino Fischli, IST-Absolvent, Lead Operations Sales bei V\u00f6gele Reisen AG und Vereinspr\u00e4sident: \u00abEin Netzwerk aufzubauen, zu kn\u00fcpfen und zu pflegen ist ein absolutes Privileg. Unser Alumni-Verein bietet genau diese M\u00f6glichkeit und wir werden viele unvergessliche Momente gemeinsam erleben. Ich bin froh als Teil dieser Gemeinschaft mein Wissen und mein Netzwerk st\u00e4ndig ausbauen zu d\u00fcrfen.\u00bb<\/p>\n<p><em>Quelle und weitere Informationen: <a href=\"http:\/\/www.ist-edu.ch\">www.ist-edu.ch<\/a><\/em><\/p>\n","protected":false},"excerpt":{"rendered":"<p>Die IST, H\u00f6here Fachschule f\u00fcr Tourismus wurde umfassend renoviert und unter dem \u00fcbergeordneten Motto \u00abIST reloaded\u00bb neu er\u00f6ffnet. Alle R\u00e4ume wirken nun offen, hell und grossz\u00fcgig. Die modern und flexibel eingerichteten Schulzimmer werden den hybriden Lehr- und Lernstandards von morgen gerecht. Multifunktionale Arbeitspl\u00e4tze und Begegnungszonen bieten Mitarbeitenden, Dozierenden und Studierenden Platz f\u00fcr Austausch und ebenso [&hellip;]<\/p>\n","protected":false},"author":4,"featured_media":8141,"comment_status":"closed","ping_status":"closed","sticky":false,"template":"","format":"standard","meta":{"_acf_changed":false,"_yoast_wpseo_focuskw":"Fachschule f\u00fcr Tourismus","_yoast_wpseo_metadesc":"Die IST, H\u00f6here Fachschule f\u00fcr Tourismus in Z\u00fcrich, hat nach einer umfassenden Renovation wieder f\u00fcr den Pr\u00e4senzunterricht ge\u00f6ffnet.","articlekey":"","footnotes":""},"categories":[30],"tags":[62,250,492],"class_list":["post-8140","post","type-post","status-publish","format-standard","has-post-thumbnail","hentry","category-weiterbildung","tag-aus-weiterbildung","tag-hoehere-fachschulen","tag-unternehmen"],"acf":[],"yoast_head":"<!-- This site is optimized with the Yoast SEO plugin v27.5 - https:\/\/yoast.com\/product\/yoast-seo-wordpress\/ -->\n<title>H\u00f6here Fachschule f\u00fcr Tourismus IST stellt sich neu auf - Organisator<\/title>\n<meta name=\"description\" content=\"Die IST, H\u00f6here Fachschule f\u00fcr Tourismus in Z\u00fcrich, hat nach einer umfassenden Renovation wieder f\u00fcr den Pr\u00e4senzunterricht ge\u00f6ffnet.\" \/>\n<meta name=\"robots\" content=\"index, follow, max-snippet:-1, max-image-preview:large, max-video-preview:-1\" \/>\n<link rel=\"canonical\" href=\"https:\/\/www.organisator.ch\/de\/weiterbildung\/2021-06-11\/hoehere-fachschule-fuer-tourismus-ist-stellt-sich-neu-auf\/\" \/>\n<meta property=\"og:locale\" content=\"de_DE\" \/>\n<meta property=\"og:type\" content=\"article\" \/>\n<meta property=\"og:title\" content=\"H\u00f6here Fachschule f\u00fcr Tourismus IST stellt sich neu auf\" \/>\n<meta property=\"og:description\" content=\"Die IST, H\u00f6here Fachschule f\u00fcr Tourismus in Z\u00fcrich, hat nach einer umfassenden Renovation wieder f\u00fcr den Pr\u00e4senzunterricht ge\u00f6ffnet.\" \/>\n<meta property=\"og:url\" content=\"https:\/\/www.organisator.ch\/de\/weiterbildung\/2021-06-11\/hoehere-fachschule-fuer-tourismus-ist-stellt-sich-neu-auf\/\" \/>\n<meta property=\"og:site_name\" content=\"Organisator\" \/>\n<meta property=\"article:publisher\" content=\"https:\/\/www.facebook.com\/OrganisatorFachmagazin\" \/>\n<meta property=\"article:published_time\" content=\"2021-06-11T06:19:38+00:00\" \/>\n<meta property=\"og:image\" content=\"https:\/\/www.organisator.ch\/wp-content\/uploads\/2021\/06\/Hoehere-Fachschule-fuer-Tourismus-IST-stellt-sich-neu-auf_Organisator.jpg\" \/>\n\t<meta property=\"og:image:width\" content=\"680\" \/>\n\t<meta property=\"og:image:height\" content=\"424\" \/>\n\t<meta property=\"og:image:type\" content=\"image\/jpeg\" \/>\n<meta name=\"author\" content=\"thomas.berner\" \/>\n<meta name=\"twitter:card\" content=\"summary_large_image\" \/>\n<meta name=\"twitter:title\" content=\"H\u00f6here #Fachschule f\u00fcr Tourismus #IST stellt sich neu auf\" \/>\n<meta name=\"twitter:description\" content=\"Die #IST, H\u00f6here #Fachschule f\u00fcr Tourismus in Z\u00fcrich, hat nach einer umfassenden Renovation wieder f\u00fcr den Pr\u00e4senzunterricht ge\u00f6ffnet.\" \/>\n<meta name=\"twitter:image\" content=\"https:\/\/www.organisator.ch\/wp-content\/uploads\/2021\/06\/Hoehere-Fachschule-fuer-Tourismus-IST-stellt-sich-neu-auf_Organisator.jpg\" \/>\n<script type=\"application\/ld+json\" class=\"yoast-schema-graph\">{\"@context\":\"https:\\\/\\\/schema.org\",\"@graph\":[{\"@type\":\"Article\",\"@id\":\"https:\\\/\\\/www.organisator.ch\\\/weiterbildung\\\/2021-06-11\\\/hoehere-fachschule-fuer-tourismus-ist-stellt-sich-neu-auf\\\/#article\",\"isPartOf\":{\"@id\":\"https:\\\/\\\/www.organisator.ch\\\/weiterbildung\\\/2021-06-11\\\/hoehere-fachschule-fuer-tourismus-ist-stellt-sich-neu-auf\\\/\"},\"author\":{\"name\":\"thomas.berner\",\"@id\":\"https:\\\/\\\/www.organisator.ch\\\/#\\\/schema\\\/person\\\/6f650f90b2842cd4c0cc334b4e36f67e\"},\"headline\":\"H\u00f6here Fachschule f\u00fcr Tourismus IST stellt sich neu auf\",\"datePublished\":\"2021-06-11T06:19:38+00:00\",\"mainEntityOfPage\":{\"@id\":\"https:\\\/\\\/www.organisator.ch\\\/weiterbildung\\\/2021-06-11\\\/hoehere-fachschule-fuer-tourismus-ist-stellt-sich-neu-auf\\\/\"},\"wordCount\":525,\"publisher\":{\"@id\":\"https:\\\/\\\/www.organisator.ch\\\/#organization\"},\"image\":{\"@id\":\"https:\\\/\\\/www.organisator.ch\\\/weiterbildung\\\/2021-06-11\\\/hoehere-fachschule-fuer-tourismus-ist-stellt-sich-neu-auf\\\/#primaryimage\"},\"thumbnailUrl\":\"https:\\\/\\\/www.organisator.ch\\\/wp-content\\\/uploads\\\/2021\\\/06\\\/Hoehere-Fachschule-fuer-Tourismus-IST-stellt-sich-neu-auf_Organisator.jpg\",\"keywords\":[\"Aus-\\\/Weiterbildung\",\"H\u00f6here Fachschulen\",\"Unternehmen\"],\"articleSection\":[\"WEITERBILDUNG\"],\"inLanguage\":\"de\"},{\"@type\":\"WebPage\",\"@id\":\"https:\\\/\\\/www.organisator.ch\\\/weiterbildung\\\/2021-06-11\\\/hoehere-fachschule-fuer-tourismus-ist-stellt-sich-neu-auf\\\/\",\"url\":\"https:\\\/\\\/www.organisator.ch\\\/weiterbildung\\\/2021-06-11\\\/hoehere-fachschule-fuer-tourismus-ist-stellt-sich-neu-auf\\\/\",\"name\":\"H\u00f6here Fachschule f\u00fcr Tourismus IST stellt sich neu auf - Organisator\",\"isPartOf\":{\"@id\":\"https:\\\/\\\/www.organisator.ch\\\/#website\"},\"primaryImageOfPage\":{\"@id\":\"https:\\\/\\\/www.organisator.ch\\\/weiterbildung\\\/2021-06-11\\\/hoehere-fachschule-fuer-tourismus-ist-stellt-sich-neu-auf\\\/#primaryimage\"},\"image\":{\"@id\":\"https:\\\/\\\/www.organisator.ch\\\/weiterbildung\\\/2021-06-11\\\/hoehere-fachschule-fuer-tourismus-ist-stellt-sich-neu-auf\\\/#primaryimage\"},\"thumbnailUrl\":\"https:\\\/\\\/www.organisator.ch\\\/wp-content\\\/uploads\\\/2021\\\/06\\\/Hoehere-Fachschule-fuer-Tourismus-IST-stellt-sich-neu-auf_Organisator.jpg\",\"datePublished\":\"2021-06-11T06:19:38+00:00\",\"description\":\"Die IST, H\u00f6here Fachschule f\u00fcr Tourismus in Z\u00fcrich, hat nach einer umfassenden Renovation wieder f\u00fcr den Pr\u00e4senzunterricht ge\u00f6ffnet.\",\"breadcrumb\":{\"@id\":\"https:\\\/\\\/www.organisator.ch\\\/weiterbildung\\\/2021-06-11\\\/hoehere-fachschule-fuer-tourismus-ist-stellt-sich-neu-auf\\\/#breadcrumb\"},\"inLanguage\":\"de\",\"potentialAction\":[{\"@type\":\"ReadAction\",\"target\":[\"https:\\\/\\\/www.organisator.ch\\\/weiterbildung\\\/2021-06-11\\\/hoehere-fachschule-fuer-tourismus-ist-stellt-sich-neu-auf\\\/\"]}]},{\"@type\":\"ImageObject\",\"inLanguage\":\"de\",\"@id\":\"https:\\\/\\\/www.organisator.ch\\\/weiterbildung\\\/2021-06-11\\\/hoehere-fachschule-fuer-tourismus-ist-stellt-sich-neu-auf\\\/#primaryimage\",\"url\":\"https:\\\/\\\/www.organisator.ch\\\/wp-content\\\/uploads\\\/2021\\\/06\\\/Hoehere-Fachschule-fuer-Tourismus-IST-stellt-sich-neu-auf_Organisator.jpg\",\"contentUrl\":\"https:\\\/\\\/www.organisator.ch\\\/wp-content\\\/uploads\\\/2021\\\/06\\\/Hoehere-Fachschule-fuer-Tourismus-IST-stellt-sich-neu-auf_Organisator.jpg\",\"width\":680,\"height\":424,\"caption\":\"Das Leitungsteam freut sich \u00fcber die neu aufgestellt IST - H\u00f6here Fachschule f\u00fcr Tourismus: Heinz Sommer_Sandra Murer_Nicole Diermeier_Hanna Rychener Kistler. (Bild: zVg)\"},{\"@type\":\"BreadcrumbList\",\"@id\":\"https:\\\/\\\/www.organisator.ch\\\/weiterbildung\\\/2021-06-11\\\/hoehere-fachschule-fuer-tourismus-ist-stellt-sich-neu-auf\\\/#breadcrumb\",\"itemListElement\":[{\"@type\":\"ListItem\",\"position\":1,\"name\":\"Home\",\"item\":\"https:\\\/\\\/www.organisator.ch\\\/\"},{\"@type\":\"ListItem\",\"position\":2,\"name\":\"H\u00f6here Fachschule f\u00fcr Tourismus IST stellt sich neu auf\"}]},{\"@type\":\"WebSite\",\"@id\":\"https:\\\/\\\/www.organisator.ch\\\/#website\",\"url\":\"https:\\\/\\\/www.organisator.ch\\\/\",\"name\":\"Organisator\",\"description\":\"Kompetent. Praxisnah. Der ORGANISATOR bereitet in 10 Ausgaben pro Jahr die wesentlichen Themen f\u00fcr F\u00fchrungskr\u00e4fte von KMU auf.\",\"publisher\":{\"@id\":\"https:\\\/\\\/www.organisator.ch\\\/#organization\"},\"potentialAction\":[{\"@type\":\"SearchAction\",\"target\":{\"@type\":\"EntryPoint\",\"urlTemplate\":\"https:\\\/\\\/www.organisator.ch\\\/?s={search_term_string}\"},\"query-input\":{\"@type\":\"PropertyValueSpecification\",\"valueRequired\":true,\"valueName\":\"search_term_string\"}}],\"inLanguage\":\"de\"},{\"@type\":\"Organization\",\"@id\":\"https:\\\/\\\/www.organisator.ch\\\/#organization\",\"name\":\"Organisator\",\"url\":\"https:\\\/\\\/www.organisator.ch\\\/\",\"logo\":{\"@type\":\"ImageObject\",\"inLanguage\":\"de\",\"@id\":\"https:\\\/\\\/www.organisator.ch\\\/#\\\/schema\\\/logo\\\/image\\\/\",\"url\":\"https:\\\/\\\/www.organisator.ch\\\/wp-content\\\/uploads\\\/2022\\\/01\\\/Logo_Organisator_Website.png\",\"contentUrl\":\"https:\\\/\\\/www.organisator.ch\\\/wp-content\\\/uploads\\\/2022\\\/01\\\/Logo_Organisator_Website.png\",\"width\":800,\"height\":77,\"caption\":\"Organisator\"},\"image\":{\"@id\":\"https:\\\/\\\/www.organisator.ch\\\/#\\\/schema\\\/logo\\\/image\\\/\"},\"sameAs\":[\"https:\\\/\\\/www.facebook.com\\\/OrganisatorFachmagazin\",\"https:\\\/\\\/www.linkedin.com\\\/showcase\\\/organisator-das-magazin-fr-kmu\",\"https:\\\/\\\/www.xing.com\\\/news\\\/pages\\\/organisator-ch-695\",\"https:\\\/\\\/www.youtube.com\\\/channel\\\/UCGP2Sq0iWaZwT3BdIAQFYpw\"]},{\"@type\":\"Person\",\"@id\":\"https:\\\/\\\/www.organisator.ch\\\/#\\\/schema\\\/person\\\/6f650f90b2842cd4c0cc334b4e36f67e\",\"name\":\"thomas.berner\",\"image\":{\"@type\":\"ImageObject\",\"inLanguage\":\"de\",\"@id\":\"https:\\\/\\\/secure.gravatar.com\\\/avatar\\\/ac5001d2a36cb6c6cd3e50789007ffca834b477b74a2144564522e944eabff61?s=96&d=mm&r=g\",\"url\":\"https:\\\/\\\/secure.gravatar.com\\\/avatar\\\/ac5001d2a36cb6c6cd3e50789007ffca834b477b74a2144564522e944eabff61?s=96&d=mm&r=g\",\"contentUrl\":\"https:\\\/\\\/secure.gravatar.com\\\/avatar\\\/ac5001d2a36cb6c6cd3e50789007ffca834b477b74a2144564522e944eabff61?s=96&d=mm&r=g\",\"caption\":\"thomas.berner\"},\"url\":\"https:\\\/\\\/www.organisator.ch\\\/de\\\/author\\\/thomas-berner\\\/\"}]}<\/script>\n<!-- \/ Yoast SEO plugin. -->","yoast_head_json":{"title":"H\u00f6here Fachschule f\u00fcr Tourismus IST stellt sich neu auf - Organisator","description":"Die IST, H\u00f6here Fachschule f\u00fcr Tourismus in Z\u00fcrich, hat nach einer umfassenden Renovation wieder f\u00fcr den Pr\u00e4senzunterricht ge\u00f6ffnet.","robots":{"index":"index","follow":"follow","max-snippet":"max-snippet:-1","max-image-preview":"max-image-preview:large","max-video-preview":"max-video-preview:-1"},"canonical":"https:\/\/www.organisator.ch\/de\/weiterbildung\/2021-06-11\/hoehere-fachschule-fuer-tourismus-ist-stellt-sich-neu-auf\/","og_locale":"de_DE","og_type":"article","og_title":"H\u00f6here Fachschule f\u00fcr Tourismus IST stellt sich neu auf","og_description":"Die IST, H\u00f6here Fachschule f\u00fcr Tourismus in Z\u00fcrich, hat nach einer umfassenden Renovation wieder f\u00fcr den Pr\u00e4senzunterricht ge\u00f6ffnet.","og_url":"https:\/\/www.organisator.ch\/de\/weiterbildung\/2021-06-11\/hoehere-fachschule-fuer-tourismus-ist-stellt-sich-neu-auf\/","og_site_name":"Organisator","article_publisher":"https:\/\/www.facebook.com\/OrganisatorFachmagazin","article_published_time":"2021-06-11T06:19:38+00:00","og_image":[{"width":680,"height":424,"url":"https:\/\/www.organisator.ch\/wp-content\/uploads\/2021\/06\/Hoehere-Fachschule-fuer-Tourismus-IST-stellt-sich-neu-auf_Organisator.jpg","type":"image\/jpeg"}],"author":"thomas.berner","twitter_card":"summary_large_image","twitter_title":"H\u00f6here #Fachschule f\u00fcr Tourismus #IST stellt sich neu auf","twitter_description":"Die #IST, H\u00f6here #Fachschule f\u00fcr Tourismus in Z\u00fcrich, hat nach einer umfassenden Renovation wieder f\u00fcr den Pr\u00e4senzunterricht ge\u00f6ffnet.","twitter_image":"https:\/\/www.organisator.ch\/wp-content\/uploads\/2021\/06\/Hoehere-Fachschule-fuer-Tourismus-IST-stellt-sich-neu-auf_Organisator.jpg","schema":{"@context":"https:\/\/schema.org","@graph":[{"@type":"Article","@id":"https:\/\/www.organisator.ch\/weiterbildung\/2021-06-11\/hoehere-fachschule-fuer-tourismus-ist-stellt-sich-neu-auf\/#article","isPartOf":{"@id":"https:\/\/www.organisator.ch\/weiterbildung\/2021-06-11\/hoehere-fachschule-fuer-tourismus-ist-stellt-sich-neu-auf\/"},"author":{"name":"thomas.berner","@id":"https:\/\/www.organisator.ch\/#\/schema\/person\/6f650f90b2842cd4c0cc334b4e36f67e"},"headline":"H\u00f6here Fachschule f\u00fcr Tourismus IST stellt sich neu auf","datePublished":"2021-06-11T06:19:38+00:00","mainEntityOfPage":{"@id":"https:\/\/www.organisator.ch\/weiterbildung\/2021-06-11\/hoehere-fachschule-fuer-tourismus-ist-stellt-sich-neu-auf\/"},"wordCount":525,"publisher":{"@id":"https:\/\/www.organisator.ch\/#organization"},"image":{"@id":"https:\/\/www.organisator.ch\/weiterbildung\/2021-06-11\/hoehere-fachschule-fuer-tourismus-ist-stellt-sich-neu-auf\/#primaryimage"},"thumbnailUrl":"https:\/\/www.organisator.ch\/wp-content\/uploads\/2021\/06\/Hoehere-Fachschule-fuer-Tourismus-IST-stellt-sich-neu-auf_Organisator.jpg","keywords":["Aus-\/Weiterbildung","H\u00f6here Fachschulen","Unternehmen"],"articleSection":["WEITERBILDUNG"],"inLanguage":"de"},{"@type":"WebPage","@id":"https:\/\/www.organisator.ch\/weiterbildung\/2021-06-11\/hoehere-fachschule-fuer-tourismus-ist-stellt-sich-neu-auf\/","url":"https:\/\/www.organisator.ch\/weiterbildung\/2021-06-11\/hoehere-fachschule-fuer-tourismus-ist-stellt-sich-neu-auf\/","name":"H\u00f6here Fachschule f\u00fcr Tourismus IST stellt sich neu auf - Organisator","isPartOf":{"@id":"https:\/\/www.organisator.ch\/#website"},"primaryImageOfPage":{"@id":"https:\/\/www.organisator.ch\/weiterbildung\/2021-06-11\/hoehere-fachschule-fuer-tourismus-ist-stellt-sich-neu-auf\/#primaryimage"},"image":{"@id":"https:\/\/www.organisator.ch\/weiterbildung\/2021-06-11\/hoehere-fachschule-fuer-tourismus-ist-stellt-sich-neu-auf\/#primaryimage"},"thumbnailUrl":"https:\/\/www.organisator.ch\/wp-content\/uploads\/2021\/06\/Hoehere-Fachschule-fuer-Tourismus-IST-stellt-sich-neu-auf_Organisator.jpg","datePublished":"2021-06-11T06:19:38+00:00","description":"Die IST, H\u00f6here Fachschule f\u00fcr Tourismus in Z\u00fcrich, hat nach einer umfassenden Renovation wieder f\u00fcr den Pr\u00e4senzunterricht ge\u00f6ffnet.","breadcrumb":{"@id":"https:\/\/www.organisator.ch\/weiterbildung\/2021-06-11\/hoehere-fachschule-fuer-tourismus-ist-stellt-sich-neu-auf\/#breadcrumb"},"inLanguage":"de","potentialAction":[{"@type":"ReadAction","target":["https:\/\/www.organisator.ch\/weiterbildung\/2021-06-11\/hoehere-fachschule-fuer-tourismus-ist-stellt-sich-neu-auf\/"]}]},{"@type":"ImageObject","inLanguage":"de","@id":"https:\/\/www.organisator.ch\/weiterbildung\/2021-06-11\/hoehere-fachschule-fuer-tourismus-ist-stellt-sich-neu-auf\/#primaryimage","url":"https:\/\/www.organisator.ch\/wp-content\/uploads\/2021\/06\/Hoehere-Fachschule-fuer-Tourismus-IST-stellt-sich-neu-auf_Organisator.jpg","contentUrl":"https:\/\/www.organisator.ch\/wp-content\/uploads\/2021\/06\/Hoehere-Fachschule-fuer-Tourismus-IST-stellt-sich-neu-auf_Organisator.jpg","width":680,"height":424,"caption":"Das Leitungsteam freut sich \u00fcber die neu aufgestellt IST - H\u00f6here Fachschule f\u00fcr Tourismus: Heinz Sommer_Sandra Murer_Nicole Diermeier_Hanna Rychener Kistler. (Bild: zVg)"},{"@type":"BreadcrumbList","@id":"https:\/\/www.organisator.ch\/weiterbildung\/2021-06-11\/hoehere-fachschule-fuer-tourismus-ist-stellt-sich-neu-auf\/#breadcrumb","itemListElement":[{"@type":"ListItem","position":1,"name":"Home","item":"https:\/\/www.organisator.ch\/"},{"@type":"ListItem","position":2,"name":"H\u00f6here Fachschule f\u00fcr Tourismus IST stellt sich neu auf"}]},{"@type":"WebSite","@id":"https:\/\/www.organisator.ch\/#website","url":"https:\/\/www.organisator.ch\/","name":"Organisator","description":"Kompetent. Praxisnah. Der ORGANISATOR bereitet in 10 Ausgaben pro Jahr die wesentlichen Themen f\u00fcr F\u00fchrungskr\u00e4fte von KMU auf.","publisher":{"@id":"https:\/\/www.organisator.ch\/#organization"},"potentialAction":[{"@type":"SearchAction","target":{"@type":"EntryPoint","urlTemplate":"https:\/\/www.organisator.ch\/?s={search_term_string}"},"query-input":{"@type":"PropertyValueSpecification","valueRequired":true,"valueName":"search_term_string"}}],"inLanguage":"de"},{"@type":"Organization","@id":"https:\/\/www.organisator.ch\/#organization","name":"Organisator","url":"https:\/\/www.organisator.ch\/","logo":{"@type":"ImageObject","inLanguage":"de","@id":"https:\/\/www.organisator.ch\/#\/schema\/logo\/image\/","url":"https:\/\/www.organisator.ch\/wp-content\/uploads\/2022\/01\/Logo_Organisator_Website.png","contentUrl":"https:\/\/www.organisator.ch\/wp-content\/uploads\/2022\/01\/Logo_Organisator_Website.png","width":800,"height":77,"caption":"Organisator"},"image":{"@id":"https:\/\/www.organisator.ch\/#\/schema\/logo\/image\/"},"sameAs":["https:\/\/www.facebook.com\/OrganisatorFachmagazin","https:\/\/www.linkedin.com\/showcase\/organisator-das-magazin-fr-kmu","https:\/\/www.xing.com\/news\/pages\/organisator-ch-695","https:\/\/www.youtube.com\/channel\/UCGP2Sq0iWaZwT3BdIAQFYpw"]},{"@type":"Person","@id":"https:\/\/www.organisator.ch\/#\/schema\/person\/6f650f90b2842cd4c0cc334b4e36f67e","name":"thomas.berner","image":{"@type":"ImageObject","inLanguage":"de","@id":"https:\/\/secure.gravatar.com\/avatar\/ac5001d2a36cb6c6cd3e50789007ffca834b477b74a2144564522e944eabff61?s=96&d=mm&r=g","url":"https:\/\/secure.gravatar.com\/avatar\/ac5001d2a36cb6c6cd3e50789007ffca834b477b74a2144564522e944eabff61?s=96&d=mm&r=g","contentUrl":"https:\/\/secure.gravatar.com\/avatar\/ac5001d2a36cb6c6cd3e50789007ffca834b477b74a2144564522e944eabff61?s=96&d=mm&r=g","caption":"thomas.berner"},"url":"https:\/\/www.organisator.ch\/de\/author\/thomas-berner\/"}]}},"_links":{"self":[{"href":"https:\/\/www.organisator.ch\/de\/wp-json\/wp\/v2\/posts\/8140","targetHints":{"allow":["GET"]}}],"collection":[{"href":"https:\/\/www.organisator.ch\/de\/wp-json\/wp\/v2\/posts"}],"about":[{"href":"https:\/\/www.organisator.ch\/de\/wp-json\/wp\/v2\/types\/post"}],"author":[{"embeddable":true,"href":"https:\/\/www.organisator.ch\/de\/wp-json\/wp\/v2\/users\/4"}],"replies":[{"embeddable":true,"href":"https:\/\/www.organisator.ch\/de\/wp-json\/wp\/v2\/comments?post=8140"}],"version-history":[{"count":0,"href":"https:\/\/www.organisator.ch\/de\/wp-json\/wp\/v2\/posts\/8140\/revisions"}],"wp:featuredmedia":[{"embeddable":true,"href":"https:\/\/www.organisator.ch\/de\/wp-json\/wp\/v2\/media\/8141"}],"wp:attachment":[{"href":"https:\/\/www.organisator.ch\/de\/wp-json\/wp\/v2\/media?parent=8140"}],"wp:term":[{"taxonomy":"category","embeddable":true,"href":"https:\/\/www.organisator.ch\/de\/wp-json\/wp\/v2\/categories?post=8140"},{"taxonomy":"post_tag","embeddable":true,"href":"https:\/\/www.organisator.ch\/de\/wp-json\/wp\/v2\/tags?post=8140"}],"curies":[{"name":"wp","href":"https:\/\/api.w.org\/{rel}","templated":true}]}}