{"id":8151,"date":"2021-06-15T13:28:11","date_gmt":"2021-06-15T11:28:11","guid":{"rendered":"https:\/\/www.organisator.ch\/?p=8151"},"modified":"2021-06-15T13:28:11","modified_gmt":"2021-06-15T11:28:11","slug":"prix-svc-suisse-romande-2020-der-preis-geht-in-den-kanton-jura","status":"publish","type":"post","link":"https:\/\/www.organisator.ch\/de\/management\/2021-06-15\/prix-svc-suisse-romande-2020-der-preis-geht-in-den-kanton-jura\/","title":{"rendered":"Prix SVC Suisse Romande 2020: Der Preis geht in den Kanton Jura"},"content":{"rendered":"<figure id=\"attachment_8152\" aria-describedby=\"caption-attachment-8152\" style=\"width: 680px\" class=\"wp-caption alignnone\"><img loading=\"lazy\" decoding=\"async\" class=\"size-medium wp-image-8152\" src=\"https:\/\/www.organisator.ch\/wp-content\/uploads\/2021\/06\/Prix-SVC-Suisse-Romande-2020-Der-Preis-geht-in-den-Kanton-Jura_Organisator.jpg\" alt=\"\" width=\"680\" height=\"453\" srcset=\"https:\/\/www.organisator.ch\/wp-content\/uploads\/2021\/06\/Prix-SVC-Suisse-Romande-2020-Der-Preis-geht-in-den-Kanton-Jura_Organisator.jpg 680w, https:\/\/www.organisator.ch\/wp-content\/uploads\/2021\/06\/Prix-SVC-Suisse-Romande-2020-Der-Preis-geht-in-den-Kanton-Jura_Organisator-16x12.jpg 16w, https:\/\/www.organisator.ch\/wp-content\/uploads\/2021\/06\/Prix-SVC-Suisse-Romande-2020-Der-Preis-geht-in-den-Kanton-Jura_Organisator-263x175.jpg 263w, https:\/\/www.organisator.ch\/wp-content\/uploads\/2021\/06\/Prix-SVC-Suisse-Romande-2020-Der-Preis-geht-in-den-Kanton-Jura_Organisator-525x350.jpg 525w, https:\/\/www.organisator.ch\/wp-content\/uploads\/2021\/06\/Prix-SVC-Suisse-Romande-2020-Der-Preis-geht-in-den-Kanton-Jura_Organisator-300x200.jpg 300w\" sizes=\"auto, (max-width: 680px) 100vw, 680px\" \/><figcaption id=\"caption-attachment-8152\" class=\"wp-caption-text\">Olivier und Patrick Haegeli, stellvertretende Gesch\u00e4ftsf\u00fchrer der Willemin-Macodel SA, feiern den ersten Platz beim Prix SVC Suisse Romande 2020, der am 7. Juni 2021 im Swiss Tech Convention Center in Lausanne verliehen wurde. (Bild: SVC\/KEYSTONE\/Manuel Lopez)<\/figcaption><\/figure>\n<p>Nur wenige Wochen nach der <a href=\"https:\/\/www.organisator.ch\/gewinner-des-prix-svc-zentralschweiz-2020-renggli-ag-aus-sursee\/\">Verleihung der Prix SVC Zentralschweiz 2020<\/a> fand am 7. Juni die Preisverleihung und die Pr\u00e4sentation der Finalisten des Prix SVC Suisse Romande statt, organisiert vom Swiss Venture Club SVC. Durchgef\u00fchrt wurde der Anlass im Swiss Tech Convention Center der EPFL und als Live Streaming.<\/p>\n<h2>Willemin-Macodel aus Delsberg gewinnt den Prix SVC Suisse Romande 2020<\/h2>\n<p>Das siegreiche Unternehmen stammt dieses Jahr aus dem Kanton Jura. Dank seines technologischen Know-hows bietet Willemin-Macodel modernste kundenspezifische Bearbeitungsl\u00f6sungen f\u00fcr komplexe Teile mit hoher Wertsch\u00f6pfung sowie innovative Dienstleistungen. Das 1974 gegr\u00fcndete und immer noch in Del\u00e9mont ans\u00e4ssige Familienunternehmen ist in der Schweiz, in Europa, in den USA und in Asien pr\u00e4sent. Es ist in der Uhren-, Schmuck-, Medizin- und Dentalbranche, in der Luft- und Raumfahrtindustrie, in der Mikromechanik und in der industriellen Formenbauindustrie t\u00e4tig. Die Pr\u00e4sidentin der Jury, Isabelle Harsch, stellte erfreut fest: &#8222;Die wirkliche St\u00e4rke dieses Unternehmens ist die F\u00e4higkeit, modernste schl\u00fcsselfertige Produktionsl\u00f6sungen zu entwickeln und den Endverbrauchern anzubieten, konfiguriert und angepasst an ihre Anforderungen.&#8220;<\/p>\n<h2>Richard Mille Group und Infomaniak ebenfalls auf dem Podium<\/h2>\n<p>Der zweite Preis ging an die Richard Mille Watch Group, die 2001 von Richard Mille und Dominique Guenat, Inhaber der Valgine-Uhren in Les Breuleux, gegr\u00fcndet wurde. Dank ihrer innovativen, hochtechnischen und exklusiven Modelle hat sich diese neue Marke sehr schnell in der Welt der Uhrmacherei etabliert.<\/p>\n<p>Der dritte Preistr\u00e4ger ist Infomaniak, gegr\u00fcndet 1994 in Genf. Im Laufe der Jahre hat sich das Unternehmen auf die Registrierung von Domainnamen und das Hosting von Websites spezialisiert und ist zur Nummer eins in der franz\u00f6sischsprachigen Schweiz geworden. Mit ihrem Know-how und ihrer technologischen Unabh\u00e4ngigkeit m\u00f6chte das Unternehmen eine echte Schweizer Alternative zu GAFA sein, indem es bereits heute eigene Speicher- und Datentransferdienste anbietet.<\/p>\n<h2>Diplomr\u00e4nge f\u00fcr Groupe Boschung und IMTF<\/h2>\n<p>Zwei weitere Nominierte f\u00fcr den Prix SVC Suisse Romande belegten den vierten Platz: die 1947 gegr\u00fcndete Boschung-Gruppe in Payerne. Das Unternehmen ist weltweit f\u00fchrend bei Reinigungs- und Schneer\u00e4umungssystemen f\u00fcr Flugh\u00e4fen und bei elektrischen Kehrmaschinen. Dar\u00fcber hinaus ist das Unternehmen spezialisiert auf den Bau von Schneepfl\u00fcgen, Streuern, Enteisungsger\u00e4ten, Mehrzweckfahrzeugen sowie Eisfr\u00fchwarnsystemen und automatischen Spr\u00fchanlagen. IMFT aus Givisiez schliesslich, gegr\u00fcndet 1987, entwickelt, vertreibt und implementiert weltweit Software f\u00fcr den Finanzsektor. Der Fokus liegt auf Compliance-L\u00f6sungen, Anti-Geldw\u00e4sche und dem automatisierten Management von Prozessen und Dokumenten.<\/p>\n<h2>Beispiele f\u00fcr die innovative Westschweizer KMU-Welt<\/h2>\n<p>&#8222;Die f\u00fcnf Finalisten dieser 9. Ausgabe waren einmal mehr ein Beispiel f\u00fcr das fantastische Know-how der Unternehmen in der Westschweiz und deren Vielfalt. Oftmals f\u00fchrend auf ihrem Gebiet, sich st\u00e4ndig an neue Marktanforderungen anpassend, sind diese Unternehmen die Speerspitze unserer Wirtschaft. Sie verdienen unsere Anerkennung und Bewunderung&#8220;, so Jean-Marie Salina und Michael Willimann, SVC-Manager f\u00fcr die Westschweiz.<\/p>\n<p><em>Quelle: <a href=\"http:\/\/www.svc.swiss\">Swiss Venture Club<\/a><\/em><\/p>\n","protected":false},"excerpt":{"rendered":"<p>Nur wenige Wochen nach der Verleihung der Prix SVC Zentralschweiz 2020 fand am 7. Juni die Preisverleihung und die Pr\u00e4sentation der Finalisten des Prix SVC Suisse Romande statt, organisiert vom Swiss Venture Club SVC. Durchgef\u00fchrt wurde der Anlass im Swiss Tech Convention Center der EPFL und als Live Streaming. Willemin-Macodel aus Delsberg gewinnt den Prix [&hellip;]<\/p>\n","protected":false},"author":4,"featured_media":8152,"comment_status":"closed","ping_status":"closed","sticky":false,"template":"","format":"standard","meta":{"_acf_changed":false,"_yoast_wpseo_focuskw":"Prix SVC Suisse Romande","_yoast_wpseo_metadesc":"Das Delsberger Familienunternehmen Willemin-Macodel, das in der Entwicklung von Werkzeugmaschinen t\u00e4tig ist, gewinnt den Prix SVC Suisse Romande 2020.","articlekey":"","footnotes":""},"categories":[28],"tags":[66,466,492],"class_list":["post-8151","post","type-post","status-publish","format-standard","has-post-thumbnail","hentry","category-management","tag-awards","tag-swiss-venture-club","tag-unternehmen"],"acf":[],"yoast_head":"<!-- This site is optimized with the Yoast SEO plugin v27.5 - https:\/\/yoast.com\/product\/yoast-seo-wordpress\/ -->\n<title>Prix SVC Suisse Romande 2020: Der Preis geht in den Kanton Jura - Organisator<\/title>\n<meta name=\"description\" content=\"Das Delsberger Familienunternehmen Willemin-Macodel, das in der Entwicklung von Werkzeugmaschinen t\u00e4tig ist, gewinnt den Prix SVC Suisse Romande 2020.\" \/>\n<meta name=\"robots\" content=\"index, follow, max-snippet:-1, max-image-preview:large, max-video-preview:-1\" \/>\n<link rel=\"canonical\" href=\"https:\/\/www.organisator.ch\/de\/management\/2021-06-15\/prix-svc-suisse-romande-2020-der-preis-geht-in-den-kanton-jura\/\" \/>\n<meta property=\"og:locale\" content=\"de_DE\" \/>\n<meta property=\"og:type\" content=\"article\" \/>\n<meta property=\"og:title\" content=\"Prix SVC Suisse Romande 2020: Der Preis geht in den Kanton Jura\" \/>\n<meta property=\"og:description\" content=\"Das Delsberger Familienunternehmen Willemin-Macodel, das in der Entwicklung von Werkzeugmaschinen t\u00e4tig ist, gewinnt den Prix SVC Suisse Romande 2020.\" \/>\n<meta property=\"og:url\" content=\"https:\/\/www.organisator.ch\/de\/management\/2021-06-15\/prix-svc-suisse-romande-2020-der-preis-geht-in-den-kanton-jura\/\" \/>\n<meta property=\"og:site_name\" content=\"Organisator\" \/>\n<meta property=\"article:publisher\" content=\"https:\/\/www.facebook.com\/OrganisatorFachmagazin\" \/>\n<meta property=\"article:published_time\" content=\"2021-06-15T11:28:11+00:00\" \/>\n<meta property=\"og:image\" content=\"https:\/\/www.organisator.ch\/wp-content\/uploads\/2021\/06\/Prix-SVC-Suisse-Romande-2020-Der-Preis-geht-in-den-Kanton-Jura_Organisator.jpg\" \/>\n\t<meta property=\"og:image:width\" content=\"680\" \/>\n\t<meta property=\"og:image:height\" content=\"453\" \/>\n\t<meta property=\"og:image:type\" content=\"image\/jpeg\" \/>\n<meta name=\"author\" content=\"thomas.berner\" \/>\n<meta name=\"twitter:card\" content=\"summary_large_image\" \/>\n<meta name=\"twitter:title\" content=\"Prix SVC Suisse Romande 2020: Der Preis geht in den Kanton #Jura\" \/>\n<meta name=\"twitter:description\" content=\"Das #Delsberger Familienunternehmen #Willemin-Macodel, das in der Entwicklung von Werkzeugmaschinen t\u00e4tig ist, gewinnt den Prix SVC Suisse Romande 2020.\" \/>\n<meta name=\"twitter:image\" content=\"https:\/\/www.organisator.ch\/wp-content\/uploads\/2021\/06\/Prix-SVC-Suisse-Romande-2020-Der-Preis-geht-in-den-Kanton-Jura_Organisator.jpg\" \/>\n<script type=\"application\/ld+json\" class=\"yoast-schema-graph\">{\"@context\":\"https:\\\/\\\/schema.org\",\"@graph\":[{\"@type\":\"Article\",\"@id\":\"https:\\\/\\\/www.organisator.ch\\\/management\\\/2021-06-15\\\/prix-svc-suisse-romande-2020-der-preis-geht-in-den-kanton-jura\\\/#article\",\"isPartOf\":{\"@id\":\"https:\\\/\\\/www.organisator.ch\\\/management\\\/2021-06-15\\\/prix-svc-suisse-romande-2020-der-preis-geht-in-den-kanton-jura\\\/\"},\"author\":{\"name\":\"thomas.berner\",\"@id\":\"https:\\\/\\\/www.organisator.ch\\\/#\\\/schema\\\/person\\\/6f650f90b2842cd4c0cc334b4e36f67e\"},\"headline\":\"Prix SVC Suisse Romande 2020: Der Preis geht in den Kanton Jura\",\"datePublished\":\"2021-06-15T11:28:11+00:00\",\"mainEntityOfPage\":{\"@id\":\"https:\\\/\\\/www.organisator.ch\\\/management\\\/2021-06-15\\\/prix-svc-suisse-romande-2020-der-preis-geht-in-den-kanton-jura\\\/\"},\"wordCount\":529,\"publisher\":{\"@id\":\"https:\\\/\\\/www.organisator.ch\\\/#organization\"},\"image\":{\"@id\":\"https:\\\/\\\/www.organisator.ch\\\/management\\\/2021-06-15\\\/prix-svc-suisse-romande-2020-der-preis-geht-in-den-kanton-jura\\\/#primaryimage\"},\"thumbnailUrl\":\"https:\\\/\\\/www.organisator.ch\\\/wp-content\\\/uploads\\\/2021\\\/06\\\/Prix-SVC-Suisse-Romande-2020-Der-Preis-geht-in-den-Kanton-Jura_Organisator.jpg\",\"keywords\":[\"Awards\",\"Swiss Venture Club\",\"Unternehmen\"],\"articleSection\":[\"MANAGEMENT\"],\"inLanguage\":\"de\"},{\"@type\":\"WebPage\",\"@id\":\"https:\\\/\\\/www.organisator.ch\\\/management\\\/2021-06-15\\\/prix-svc-suisse-romande-2020-der-preis-geht-in-den-kanton-jura\\\/\",\"url\":\"https:\\\/\\\/www.organisator.ch\\\/management\\\/2021-06-15\\\/prix-svc-suisse-romande-2020-der-preis-geht-in-den-kanton-jura\\\/\",\"name\":\"Prix SVC Suisse Romande 2020: Der Preis geht in den Kanton Jura - Organisator\",\"isPartOf\":{\"@id\":\"https:\\\/\\\/www.organisator.ch\\\/#website\"},\"primaryImageOfPage\":{\"@id\":\"https:\\\/\\\/www.organisator.ch\\\/management\\\/2021-06-15\\\/prix-svc-suisse-romande-2020-der-preis-geht-in-den-kanton-jura\\\/#primaryimage\"},\"image\":{\"@id\":\"https:\\\/\\\/www.organisator.ch\\\/management\\\/2021-06-15\\\/prix-svc-suisse-romande-2020-der-preis-geht-in-den-kanton-jura\\\/#primaryimage\"},\"thumbnailUrl\":\"https:\\\/\\\/www.organisator.ch\\\/wp-content\\\/uploads\\\/2021\\\/06\\\/Prix-SVC-Suisse-Romande-2020-Der-Preis-geht-in-den-Kanton-Jura_Organisator.jpg\",\"datePublished\":\"2021-06-15T11:28:11+00:00\",\"description\":\"Das Delsberger Familienunternehmen Willemin-Macodel, das in der Entwicklung von Werkzeugmaschinen t\u00e4tig ist, gewinnt den Prix SVC Suisse Romande 2020.\",\"breadcrumb\":{\"@id\":\"https:\\\/\\\/www.organisator.ch\\\/management\\\/2021-06-15\\\/prix-svc-suisse-romande-2020-der-preis-geht-in-den-kanton-jura\\\/#breadcrumb\"},\"inLanguage\":\"de\",\"potentialAction\":[{\"@type\":\"ReadAction\",\"target\":[\"https:\\\/\\\/www.organisator.ch\\\/management\\\/2021-06-15\\\/prix-svc-suisse-romande-2020-der-preis-geht-in-den-kanton-jura\\\/\"]}]},{\"@type\":\"ImageObject\",\"inLanguage\":\"de\",\"@id\":\"https:\\\/\\\/www.organisator.ch\\\/management\\\/2021-06-15\\\/prix-svc-suisse-romande-2020-der-preis-geht-in-den-kanton-jura\\\/#primaryimage\",\"url\":\"https:\\\/\\\/www.organisator.ch\\\/wp-content\\\/uploads\\\/2021\\\/06\\\/Prix-SVC-Suisse-Romande-2020-Der-Preis-geht-in-den-Kanton-Jura_Organisator.jpg\",\"contentUrl\":\"https:\\\/\\\/www.organisator.ch\\\/wp-content\\\/uploads\\\/2021\\\/06\\\/Prix-SVC-Suisse-Romande-2020-Der-Preis-geht-in-den-Kanton-Jura_Organisator.jpg\",\"width\":680,\"height\":453,\"caption\":\"Olivier und Patrick Haegeli, stellvertretende Gesch\u00e4ftsf\u00fchrer der Willemin-Macodel SA, feiern den ersten Platz beim SVC Suisse Romande 2020 Award, diesen Montag, 07.06.2021 im Swiss Tech Convention Center in Lausanne. (SVC\\\/KEYSTONE\\\/Manuel Lopez)\"},{\"@type\":\"BreadcrumbList\",\"@id\":\"https:\\\/\\\/www.organisator.ch\\\/management\\\/2021-06-15\\\/prix-svc-suisse-romande-2020-der-preis-geht-in-den-kanton-jura\\\/#breadcrumb\",\"itemListElement\":[{\"@type\":\"ListItem\",\"position\":1,\"name\":\"Home\",\"item\":\"https:\\\/\\\/www.organisator.ch\\\/\"},{\"@type\":\"ListItem\",\"position\":2,\"name\":\"Prix SVC Suisse Romande 2020: Der Preis geht in den Kanton Jura\"}]},{\"@type\":\"WebSite\",\"@id\":\"https:\\\/\\\/www.organisator.ch\\\/#website\",\"url\":\"https:\\\/\\\/www.organisator.ch\\\/\",\"name\":\"Organisator\",\"description\":\"Kompetent. Praxisnah. Der ORGANISATOR bereitet in 10 Ausgaben pro Jahr die wesentlichen Themen f\u00fcr F\u00fchrungskr\u00e4fte von KMU auf.\",\"publisher\":{\"@id\":\"https:\\\/\\\/www.organisator.ch\\\/#organization\"},\"potentialAction\":[{\"@type\":\"SearchAction\",\"target\":{\"@type\":\"EntryPoint\",\"urlTemplate\":\"https:\\\/\\\/www.organisator.ch\\\/?s={search_term_string}\"},\"query-input\":{\"@type\":\"PropertyValueSpecification\",\"valueRequired\":true,\"valueName\":\"search_term_string\"}}],\"inLanguage\":\"de\"},{\"@type\":\"Organization\",\"@id\":\"https:\\\/\\\/www.organisator.ch\\\/#organization\",\"name\":\"Organisator\",\"url\":\"https:\\\/\\\/www.organisator.ch\\\/\",\"logo\":{\"@type\":\"ImageObject\",\"inLanguage\":\"de\",\"@id\":\"https:\\\/\\\/www.organisator.ch\\\/#\\\/schema\\\/logo\\\/image\\\/\",\"url\":\"https:\\\/\\\/www.organisator.ch\\\/wp-content\\\/uploads\\\/2022\\\/01\\\/Logo_Organisator_Website.png\",\"contentUrl\":\"https:\\\/\\\/www.organisator.ch\\\/wp-content\\\/uploads\\\/2022\\\/01\\\/Logo_Organisator_Website.png\",\"width\":800,\"height\":77,\"caption\":\"Organisator\"},\"image\":{\"@id\":\"https:\\\/\\\/www.organisator.ch\\\/#\\\/schema\\\/logo\\\/image\\\/\"},\"sameAs\":[\"https:\\\/\\\/www.facebook.com\\\/OrganisatorFachmagazin\",\"https:\\\/\\\/www.linkedin.com\\\/showcase\\\/organisator-das-magazin-fr-kmu\",\"https:\\\/\\\/www.xing.com\\\/news\\\/pages\\\/organisator-ch-695\",\"https:\\\/\\\/www.youtube.com\\\/channel\\\/UCGP2Sq0iWaZwT3BdIAQFYpw\"]},{\"@type\":\"Person\",\"@id\":\"https:\\\/\\\/www.organisator.ch\\\/#\\\/schema\\\/person\\\/6f650f90b2842cd4c0cc334b4e36f67e\",\"name\":\"thomas.berner\",\"image\":{\"@type\":\"ImageObject\",\"inLanguage\":\"de\",\"@id\":\"https:\\\/\\\/secure.gravatar.com\\\/avatar\\\/ac5001d2a36cb6c6cd3e50789007ffca834b477b74a2144564522e944eabff61?s=96&d=mm&r=g\",\"url\":\"https:\\\/\\\/secure.gravatar.com\\\/avatar\\\/ac5001d2a36cb6c6cd3e50789007ffca834b477b74a2144564522e944eabff61?s=96&d=mm&r=g\",\"contentUrl\":\"https:\\\/\\\/secure.gravatar.com\\\/avatar\\\/ac5001d2a36cb6c6cd3e50789007ffca834b477b74a2144564522e944eabff61?s=96&d=mm&r=g\",\"caption\":\"thomas.berner\"},\"url\":\"https:\\\/\\\/www.organisator.ch\\\/de\\\/author\\\/thomas-berner\\\/\"}]}<\/script>\n<!-- \/ Yoast SEO plugin. -->","yoast_head_json":{"title":"Prix SVC Suisse Romande 2020: Der Preis geht in den Kanton Jura - Organisator","description":"Das Delsberger Familienunternehmen Willemin-Macodel, das in der Entwicklung von Werkzeugmaschinen t\u00e4tig ist, gewinnt den Prix SVC Suisse Romande 2020.","robots":{"index":"index","follow":"follow","max-snippet":"max-snippet:-1","max-image-preview":"max-image-preview:large","max-video-preview":"max-video-preview:-1"},"canonical":"https:\/\/www.organisator.ch\/de\/management\/2021-06-15\/prix-svc-suisse-romande-2020-der-preis-geht-in-den-kanton-jura\/","og_locale":"de_DE","og_type":"article","og_title":"Prix SVC Suisse Romande 2020: Der Preis geht in den Kanton Jura","og_description":"Das Delsberger Familienunternehmen Willemin-Macodel, das in der Entwicklung von Werkzeugmaschinen t\u00e4tig ist, gewinnt den Prix SVC Suisse Romande 2020.","og_url":"https:\/\/www.organisator.ch\/de\/management\/2021-06-15\/prix-svc-suisse-romande-2020-der-preis-geht-in-den-kanton-jura\/","og_site_name":"Organisator","article_publisher":"https:\/\/www.facebook.com\/OrganisatorFachmagazin","article_published_time":"2021-06-15T11:28:11+00:00","og_image":[{"width":680,"height":453,"url":"https:\/\/www.organisator.ch\/wp-content\/uploads\/2021\/06\/Prix-SVC-Suisse-Romande-2020-Der-Preis-geht-in-den-Kanton-Jura_Organisator.jpg","type":"image\/jpeg"}],"author":"thomas.berner","twitter_card":"summary_large_image","twitter_title":"Prix SVC Suisse Romande 2020: Der Preis geht in den Kanton #Jura","twitter_description":"Das #Delsberger Familienunternehmen #Willemin-Macodel, das in der Entwicklung von Werkzeugmaschinen t\u00e4tig ist, gewinnt den Prix SVC Suisse Romande 2020.","twitter_image":"https:\/\/www.organisator.ch\/wp-content\/uploads\/2021\/06\/Prix-SVC-Suisse-Romande-2020-Der-Preis-geht-in-den-Kanton-Jura_Organisator.jpg","schema":{"@context":"https:\/\/schema.org","@graph":[{"@type":"Article","@id":"https:\/\/www.organisator.ch\/management\/2021-06-15\/prix-svc-suisse-romande-2020-der-preis-geht-in-den-kanton-jura\/#article","isPartOf":{"@id":"https:\/\/www.organisator.ch\/management\/2021-06-15\/prix-svc-suisse-romande-2020-der-preis-geht-in-den-kanton-jura\/"},"author":{"name":"thomas.berner","@id":"https:\/\/www.organisator.ch\/#\/schema\/person\/6f650f90b2842cd4c0cc334b4e36f67e"},"headline":"Prix SVC Suisse Romande 2020: Der Preis geht in den Kanton Jura","datePublished":"2021-06-15T11:28:11+00:00","mainEntityOfPage":{"@id":"https:\/\/www.organisator.ch\/management\/2021-06-15\/prix-svc-suisse-romande-2020-der-preis-geht-in-den-kanton-jura\/"},"wordCount":529,"publisher":{"@id":"https:\/\/www.organisator.ch\/#organization"},"image":{"@id":"https:\/\/www.organisator.ch\/management\/2021-06-15\/prix-svc-suisse-romande-2020-der-preis-geht-in-den-kanton-jura\/#primaryimage"},"thumbnailUrl":"https:\/\/www.organisator.ch\/wp-content\/uploads\/2021\/06\/Prix-SVC-Suisse-Romande-2020-Der-Preis-geht-in-den-Kanton-Jura_Organisator.jpg","keywords":["Awards","Swiss Venture Club","Unternehmen"],"articleSection":["MANAGEMENT"],"inLanguage":"de"},{"@type":"WebPage","@id":"https:\/\/www.organisator.ch\/management\/2021-06-15\/prix-svc-suisse-romande-2020-der-preis-geht-in-den-kanton-jura\/","url":"https:\/\/www.organisator.ch\/management\/2021-06-15\/prix-svc-suisse-romande-2020-der-preis-geht-in-den-kanton-jura\/","name":"Prix SVC Suisse Romande 2020: Der Preis geht in den Kanton Jura - Organisator","isPartOf":{"@id":"https:\/\/www.organisator.ch\/#website"},"primaryImageOfPage":{"@id":"https:\/\/www.organisator.ch\/management\/2021-06-15\/prix-svc-suisse-romande-2020-der-preis-geht-in-den-kanton-jura\/#primaryimage"},"image":{"@id":"https:\/\/www.organisator.ch\/management\/2021-06-15\/prix-svc-suisse-romande-2020-der-preis-geht-in-den-kanton-jura\/#primaryimage"},"thumbnailUrl":"https:\/\/www.organisator.ch\/wp-content\/uploads\/2021\/06\/Prix-SVC-Suisse-Romande-2020-Der-Preis-geht-in-den-Kanton-Jura_Organisator.jpg","datePublished":"2021-06-15T11:28:11+00:00","description":"Das Delsberger Familienunternehmen Willemin-Macodel, das in der Entwicklung von Werkzeugmaschinen t\u00e4tig ist, gewinnt den Prix SVC Suisse Romande 2020.","breadcrumb":{"@id":"https:\/\/www.organisator.ch\/management\/2021-06-15\/prix-svc-suisse-romande-2020-der-preis-geht-in-den-kanton-jura\/#breadcrumb"},"inLanguage":"de","potentialAction":[{"@type":"ReadAction","target":["https:\/\/www.organisator.ch\/management\/2021-06-15\/prix-svc-suisse-romande-2020-der-preis-geht-in-den-kanton-jura\/"]}]},{"@type":"ImageObject","inLanguage":"de","@id":"https:\/\/www.organisator.ch\/management\/2021-06-15\/prix-svc-suisse-romande-2020-der-preis-geht-in-den-kanton-jura\/#primaryimage","url":"https:\/\/www.organisator.ch\/wp-content\/uploads\/2021\/06\/Prix-SVC-Suisse-Romande-2020-Der-Preis-geht-in-den-Kanton-Jura_Organisator.jpg","contentUrl":"https:\/\/www.organisator.ch\/wp-content\/uploads\/2021\/06\/Prix-SVC-Suisse-Romande-2020-Der-Preis-geht-in-den-Kanton-Jura_Organisator.jpg","width":680,"height":453,"caption":"Olivier und Patrick Haegeli, stellvertretende Gesch\u00e4ftsf\u00fchrer der Willemin-Macodel SA, feiern den ersten Platz beim SVC Suisse Romande 2020 Award, diesen Montag, 07.06.2021 im Swiss Tech Convention Center in Lausanne. (SVC\/KEYSTONE\/Manuel Lopez)"},{"@type":"BreadcrumbList","@id":"https:\/\/www.organisator.ch\/management\/2021-06-15\/prix-svc-suisse-romande-2020-der-preis-geht-in-den-kanton-jura\/#breadcrumb","itemListElement":[{"@type":"ListItem","position":1,"name":"Home","item":"https:\/\/www.organisator.ch\/"},{"@type":"ListItem","position":2,"name":"Prix SVC Suisse Romande 2020: Der Preis geht in den Kanton Jura"}]},{"@type":"WebSite","@id":"https:\/\/www.organisator.ch\/#website","url":"https:\/\/www.organisator.ch\/","name":"Organisator","description":"Kompetent. Praxisnah. Der ORGANISATOR bereitet in 10 Ausgaben pro Jahr die wesentlichen Themen f\u00fcr F\u00fchrungskr\u00e4fte von KMU auf.","publisher":{"@id":"https:\/\/www.organisator.ch\/#organization"},"potentialAction":[{"@type":"SearchAction","target":{"@type":"EntryPoint","urlTemplate":"https:\/\/www.organisator.ch\/?s={search_term_string}"},"query-input":{"@type":"PropertyValueSpecification","valueRequired":true,"valueName":"search_term_string"}}],"inLanguage":"de"},{"@type":"Organization","@id":"https:\/\/www.organisator.ch\/#organization","name":"Organisator","url":"https:\/\/www.organisator.ch\/","logo":{"@type":"ImageObject","inLanguage":"de","@id":"https:\/\/www.organisator.ch\/#\/schema\/logo\/image\/","url":"https:\/\/www.organisator.ch\/wp-content\/uploads\/2022\/01\/Logo_Organisator_Website.png","contentUrl":"https:\/\/www.organisator.ch\/wp-content\/uploads\/2022\/01\/Logo_Organisator_Website.png","width":800,"height":77,"caption":"Organisator"},"image":{"@id":"https:\/\/www.organisator.ch\/#\/schema\/logo\/image\/"},"sameAs":["https:\/\/www.facebook.com\/OrganisatorFachmagazin","https:\/\/www.linkedin.com\/showcase\/organisator-das-magazin-fr-kmu","https:\/\/www.xing.com\/news\/pages\/organisator-ch-695","https:\/\/www.youtube.com\/channel\/UCGP2Sq0iWaZwT3BdIAQFYpw"]},{"@type":"Person","@id":"https:\/\/www.organisator.ch\/#\/schema\/person\/6f650f90b2842cd4c0cc334b4e36f67e","name":"thomas.berner","image":{"@type":"ImageObject","inLanguage":"de","@id":"https:\/\/secure.gravatar.com\/avatar\/ac5001d2a36cb6c6cd3e50789007ffca834b477b74a2144564522e944eabff61?s=96&d=mm&r=g","url":"https:\/\/secure.gravatar.com\/avatar\/ac5001d2a36cb6c6cd3e50789007ffca834b477b74a2144564522e944eabff61?s=96&d=mm&r=g","contentUrl":"https:\/\/secure.gravatar.com\/avatar\/ac5001d2a36cb6c6cd3e50789007ffca834b477b74a2144564522e944eabff61?s=96&d=mm&r=g","caption":"thomas.berner"},"url":"https:\/\/www.organisator.ch\/de\/author\/thomas-berner\/"}]}},"_links":{"self":[{"href":"https:\/\/www.organisator.ch\/de\/wp-json\/wp\/v2\/posts\/8151","targetHints":{"allow":["GET"]}}],"collection":[{"href":"https:\/\/www.organisator.ch\/de\/wp-json\/wp\/v2\/posts"}],"about":[{"href":"https:\/\/www.organisator.ch\/de\/wp-json\/wp\/v2\/types\/post"}],"author":[{"embeddable":true,"href":"https:\/\/www.organisator.ch\/de\/wp-json\/wp\/v2\/users\/4"}],"replies":[{"embeddable":true,"href":"https:\/\/www.organisator.ch\/de\/wp-json\/wp\/v2\/comments?post=8151"}],"version-history":[{"count":0,"href":"https:\/\/www.organisator.ch\/de\/wp-json\/wp\/v2\/posts\/8151\/revisions"}],"wp:featuredmedia":[{"embeddable":true,"href":"https:\/\/www.organisator.ch\/de\/wp-json\/wp\/v2\/media\/8152"}],"wp:attachment":[{"href":"https:\/\/www.organisator.ch\/de\/wp-json\/wp\/v2\/media?parent=8151"}],"wp:term":[{"taxonomy":"category","embeddable":true,"href":"https:\/\/www.organisator.ch\/de\/wp-json\/wp\/v2\/categories?post=8151"},{"taxonomy":"post_tag","embeddable":true,"href":"https:\/\/www.organisator.ch\/de\/wp-json\/wp\/v2\/tags?post=8151"}],"curies":[{"name":"wp","href":"https:\/\/api.w.org\/{rel}","templated":true}]}}