{"id":8154,"date":"2021-06-15T13:51:51","date_gmt":"2021-06-15T11:51:51","guid":{"rendered":"https:\/\/www.organisator.ch\/?p=8154"},"modified":"2021-06-15T13:51:51","modified_gmt":"2021-06-15T11:51:51","slug":"leadership-trendbarometer-verlust-des-teamspirits-befuerchtet","status":"publish","type":"post","link":"https:\/\/www.organisator.ch\/de\/management\/2021-06-15\/leadership-trendbarometer-verlust-des-teamspirits-befuerchtet\/","title":{"rendered":"Leadership-Trendbarometer: Verlust des Teamspirits bef\u00fcrchtet"},"content":{"rendered":"<figure id=\"attachment_8155\" aria-describedby=\"caption-attachment-8155\" style=\"width: 680px\" class=\"wp-caption alignnone\"><img loading=\"lazy\" decoding=\"async\" class=\"size-medium wp-image-8155\" src=\"https:\/\/www.organisator.ch\/wp-content\/uploads\/2021\/06\/Leadership-Trendbarometer-Verlust-des-Teamspirits-befuerchtet-1_Organisator.jpg\" alt=\"\" width=\"680\" height=\"453\" srcset=\"https:\/\/www.organisator.ch\/wp-content\/uploads\/2021\/06\/Leadership-Trendbarometer-Verlust-des-Teamspirits-befuerchtet-1_Organisator.jpg 680w, https:\/\/www.organisator.ch\/wp-content\/uploads\/2021\/06\/Leadership-Trendbarometer-Verlust-des-Teamspirits-befuerchtet-1_Organisator-16x12.jpg 16w, https:\/\/www.organisator.ch\/wp-content\/uploads\/2021\/06\/Leadership-Trendbarometer-Verlust-des-Teamspirits-befuerchtet-1_Organisator-263x175.jpg 263w, https:\/\/www.organisator.ch\/wp-content\/uploads\/2021\/06\/Leadership-Trendbarometer-Verlust-des-Teamspirits-befuerchtet-1_Organisator-525x350.jpg 525w, https:\/\/www.organisator.ch\/wp-content\/uploads\/2021\/06\/Leadership-Trendbarometer-Verlust-des-Teamspirits-befuerchtet-1_Organisator-300x200.jpg 300w\" sizes=\"auto, (max-width: 680px) 100vw, 680px\" \/><figcaption id=\"caption-attachment-8155\" class=\"wp-caption-text\">Geht bei hybriden Arbeitsformen der Teamspirit verloren? F\u00fcr Barbara Liebermeister, Leiterin des IFIDZ, ist dies ein zentrales Ergebnis aus dem j\u00fcngsten Leadership-Trendbarometer. (Bild: zVg \/ IFIDZ)<\/figcaption><\/figure>\n<p>Viele Unternehmen sehen sich zur Zeit mit dem Wunsch eines Teils ihrer Mitarbeitenden konfrontiert, auch nach dem corona-bedingten \u201eLockdown\u201c im Homeoffice zu arbeiten und versuchen diesem zu entsprechen. Deshalb stehen ihre F\u00fchrungskr\u00e4fte vermehrt vor der Herausforderung, sogenannte hybride Teams zu f\u00fchren \u2013 also Teams, bei denen ein Teil der Mitarbeiter weiterhin im Betrieb arbeitet, w\u00e4hrend ein anderer Teil im Homeoffice oder an einem anderen von ihnen gew\u00e4hlten Ort arbeitet. Deshalb beschloss das Institut f\u00fcr F\u00fchrungskr\u00e4fte im digitalen Zeitalter (IFIDZ), Frankfurt, sein aktuelles Leadership-Trendbarometer der Frage zu widmen: \u201eWas sind aus Ihrer Warte die gr\u00f6\u00dften Herausforderungen beim F\u00fchren hybrider Teams?\u201c An der Online-Befragung nahmen 159 F\u00fchrungskr\u00e4fte teil. Schon vor einem halben Jahr wurde vom IFIDZ eine <a href=\"https:\/\/www.organisator.ch\/leadership-trendbarometer-fuehrung-erlebt-in-der-corona-krise-eine-renaissance\/\">\u00e4hnliche Studie<\/a> ver\u00f6ffentlicht, die im Zuge der Corona-Pandemei Ver\u00e4nderungen in der F\u00fchrungskultur aufzeigte.<\/p>\n<h2>Nur 16 Prozent der F\u00fchrungskr\u00e4fte f\u00fcrchten Kontrollverlust<\/h2>\n<p>Auffallend bei den Befragungsergebnissen ist zun\u00e4chst: Das Gros der F\u00fchrungskr\u00e4fte bef\u00fcrchtet offensichtlich nicht, dass unter einer Arbeit in hybriden Teams die Team-Performance leidet. So sehen zum Beispiel nur 15 Prozent die Gefahr, dass die Motivation der Mitarbeitenden hierdurch sinkt, und nur 13 Prozent die Gefahr, dass die Zielorientierung bei der Arbeit hierunter leidet. Und gar nur 9 Prozent bef\u00fcrchten oder haben die Erfahrung gesammelt, dass dies sich negativ auf die Qualit\u00e4t der Arbeit auswirkt. Entsprechend relaxt scheinen die meisten F\u00fchrungskr\u00e4fte, laut Aussagen der Leiterin des IFIDZ Barbara Liebermeister, der endg\u00fcltigen Entscheidung entgegen zu sehen, inwieweit ihre Mitarbeiter k\u00fcnftig im Unternehmen oder Homeoffice arbeiten \u2013 zumindest wenn es um die Leistungsf\u00e4higkeit ihres Bereichs geht. Diese Einsch\u00e4tzung wird unter anderem dadurch gest\u00fctzt, dass nur 16 Prozent der F\u00fchrungskr\u00e4fte bei einer Arbeit in hybriden Teams einen Kontrollverlust bef\u00fcrchten.<\/p>\n<figure id=\"attachment_8156\" aria-describedby=\"caption-attachment-8156\" style=\"width: 680px\" class=\"wp-caption alignnone\"><img loading=\"lazy\" decoding=\"async\" class=\"size-medium wp-image-8156\" src=\"https:\/\/www.organisator.ch\/wp-content\/uploads\/2021\/06\/Leadership-Trendbarometer-Verlust-des-Teamspirits-befuerchtet-2_Organisator.jpg\" alt=\"\" width=\"680\" height=\"335\" srcset=\"https:\/\/www.organisator.ch\/wp-content\/uploads\/2021\/06\/Leadership-Trendbarometer-Verlust-des-Teamspirits-befuerchtet-2_Organisator.jpg 680w, https:\/\/www.organisator.ch\/wp-content\/uploads\/2021\/06\/Leadership-Trendbarometer-Verlust-des-Teamspirits-befuerchtet-2_Organisator-16x8.jpg 16w, https:\/\/www.organisator.ch\/wp-content\/uploads\/2021\/06\/Leadership-Trendbarometer-Verlust-des-Teamspirits-befuerchtet-2_Organisator-355x175.jpg 355w, https:\/\/www.organisator.ch\/wp-content\/uploads\/2021\/06\/Leadership-Trendbarometer-Verlust-des-Teamspirits-befuerchtet-2_Organisator-300x148.jpg 300w\" sizes=\"auto, (max-width: 680px) 100vw, 680px\" \/><figcaption id=\"caption-attachment-8156\" class=\"wp-caption-text\">Ergebnisse aus dem j\u00fcngsten Leadership-Trendbarometer. (Bild: zVg \/ IFIDZ)<\/figcaption><\/figure>\n<h2>Leadership-Trendbarometer zeigt Herausforderungen hybrider Arbeit auf<\/h2>\n<p>Zugleich f\u00e4llt jedoch auf, dass \u2013 vermutlich auch aufgrund der Erfahrungen im zur\u00fcckliegenden Jahr \u2013 das Gros der F\u00fchrungskr\u00e4fte das Arbeiten in hybriden Teams keinesfalls durch eine \u201erosa-rote Brille\u201c sieht. Sie sehen vielmehr, so Liebermeister, die zwei Seiten der Medaille. So stimmen denn auch nur 9 Prozent der Aussage zu \u201eIch sehe keine Gefahren, nur Chancen\u201c beim Arbeiten im hybriden Teams. F\u00fcr fast zwei Drittel der befragten F\u00fchrungskr\u00e4fte besteht bei dieser Form der Zusammenarbeit zum Beispiel die Gefahr, dass sich einzelne Mitarbeiter isoliert f\u00fchlen. Au\u00dferdem sehen 54 Prozent die Gefahr, dass die Identifikation mit dem Team sinkt. Auch kann sich ein Drittel der Befragten vorstellen, dass in ihrem Team eine gewisse Frontenbildung zwischen den B\u00fcro- und Homeoffice-Mitarbeitern entsteht. Diesen Risiken gilt es nach Auffassung der F\u00fchrungskr\u00e4fte entgegenzuwirken. Dabei spielt die Kommunikation und wechselseitige Information offensichtlich eine zentrale Rolle, da laut \u00dcberzeugung jeweils circa der H\u00e4lfte der Befragten bei einer Arbeit in hybriden Teams durchaus die Gefahr einer \u201eungen\u00fcgenden Kommunikation\u201c (53 Prozent) und eines \u201enicht ausreichenden Informationsflusses\u201c (47 Prozent) drohen. In diesem Bereich sehen sie denn auch den gr\u00f6\u00dften Changebedarf.<\/p>\n<p><em>N\u00e4here Infos \u00fcber die Ergebnisse des j\u00fcngsten IFIDZ-Leadership-Trendbarometers finden Interessierte auf der IFIDZ-Webseite (<a href=\"http:\/\/www.ifidz.de\">www.ifidz.de<\/a>) in der Rubrik Studien.<\/em><\/p>\n","protected":false},"excerpt":{"rendered":"<p>Viele Unternehmen sehen sich zur Zeit mit dem Wunsch eines Teils ihrer Mitarbeitenden konfrontiert, auch nach dem corona-bedingten \u201eLockdown\u201c im Homeoffice zu arbeiten und versuchen diesem zu entsprechen. Deshalb stehen ihre F\u00fchrungskr\u00e4fte vermehrt vor der Herausforderung, sogenannte hybride Teams zu f\u00fchren \u2013 also Teams, bei denen ein Teil der Mitarbeiter weiterhin im Betrieb arbeitet, w\u00e4hrend [&hellip;]<\/p>\n","protected":false},"author":4,"featured_media":8155,"comment_status":"closed","ping_status":"closed","sticky":false,"template":"","format":"standard","meta":{"_acf_changed":false,"_yoast_wpseo_focuskw":"Leadership-Trendbarometer","_yoast_wpseo_metadesc":"Leadership-Trendbarometer zeigt: Das F\u00fchren hybrider Teams insbesondere im Bereich Kommunikation bringt teils neue Herausforderungen.","articlekey":"","footnotes":""},"categories":[28],"tags":[320,335,459,474],"class_list":["post-8154","post","type-post","status-publish","format-standard","has-post-thumbnail","hentry","category-management","tag-leadership","tag-management-und-unternehmensfuehrung","tag-studie","tag-teamspirit"],"acf":[],"yoast_head":"<!-- This site is optimized with the Yoast SEO plugin v27.5 - https:\/\/yoast.com\/product\/yoast-seo-wordpress\/ -->\n<title>Leadership-Trendbarometer: Verlust des Teamspirits bef\u00fcrchtet - Organisator<\/title>\n<meta name=\"description\" content=\"Leadership-Trendbarometer zeigt: Das F\u00fchren hybrider Teams insbesondere im Bereich Kommunikation bringt teils neue Herausforderungen.\" \/>\n<meta name=\"robots\" content=\"index, follow, max-snippet:-1, max-image-preview:large, max-video-preview:-1\" \/>\n<link rel=\"canonical\" href=\"https:\/\/www.organisator.ch\/de\/management\/2021-06-15\/leadership-trendbarometer-verlust-des-teamspirits-befuerchtet\/\" \/>\n<meta property=\"og:locale\" content=\"de_DE\" \/>\n<meta property=\"og:type\" content=\"article\" \/>\n<meta property=\"og:title\" content=\"Leadership-Trendbarometer: Verlust des Teamspirits bef\u00fcrchtet\" \/>\n<meta property=\"og:description\" content=\"Leadership-Trendbarometer zeigt: Das F\u00fchren hybrider Teams insbesondere im Bereich Kommunikation bringt teils neue Herausforderungen.\" \/>\n<meta property=\"og:url\" content=\"https:\/\/www.organisator.ch\/de\/management\/2021-06-15\/leadership-trendbarometer-verlust-des-teamspirits-befuerchtet\/\" \/>\n<meta property=\"og:site_name\" content=\"Organisator\" \/>\n<meta property=\"article:publisher\" content=\"https:\/\/www.facebook.com\/OrganisatorFachmagazin\" \/>\n<meta property=\"article:published_time\" content=\"2021-06-15T11:51:51+00:00\" \/>\n<meta property=\"og:image\" content=\"https:\/\/www.organisator.ch\/wp-content\/uploads\/2021\/06\/Leadership-Trendbarometer-Verlust-des-Teamspirits-befuerchtet-1_Organisator.jpg\" \/>\n\t<meta property=\"og:image:width\" content=\"680\" \/>\n\t<meta property=\"og:image:height\" content=\"453\" \/>\n\t<meta property=\"og:image:type\" content=\"image\/jpeg\" \/>\n<meta name=\"author\" content=\"thomas.berner\" \/>\n<meta name=\"twitter:card\" content=\"summary_large_image\" \/>\n<meta name=\"twitter:title\" content=\"#Leadership-Trendbarometer: Verlust des #Teamspirits bef\u00fcrchtet\" \/>\n<meta name=\"twitter:description\" content=\"#Leadership-Trendbarometer zeigt: Das F\u00fchren #hybrider Teams insbesondere im Bereich #Kommunikation bringt teils neue Herausforderungen.\" \/>\n<meta name=\"twitter:image\" content=\"https:\/\/www.organisator.ch\/wp-content\/uploads\/2021\/06\/Leadership-Trendbarometer-Verlust-des-Teamspirits-befuerchtet-1_Organisator.jpg\" \/>\n<script type=\"application\/ld+json\" class=\"yoast-schema-graph\">{\"@context\":\"https:\\\/\\\/schema.org\",\"@graph\":[{\"@type\":\"Article\",\"@id\":\"https:\\\/\\\/www.organisator.ch\\\/management\\\/2021-06-15\\\/leadership-trendbarometer-verlust-des-teamspirits-befuerchtet\\\/#article\",\"isPartOf\":{\"@id\":\"https:\\\/\\\/www.organisator.ch\\\/management\\\/2021-06-15\\\/leadership-trendbarometer-verlust-des-teamspirits-befuerchtet\\\/\"},\"author\":{\"name\":\"thomas.berner\",\"@id\":\"https:\\\/\\\/www.organisator.ch\\\/#\\\/schema\\\/person\\\/6f650f90b2842cd4c0cc334b4e36f67e\"},\"headline\":\"Leadership-Trendbarometer: Verlust des Teamspirits bef\u00fcrchtet\",\"datePublished\":\"2021-06-15T11:51:51+00:00\",\"mainEntityOfPage\":{\"@id\":\"https:\\\/\\\/www.organisator.ch\\\/management\\\/2021-06-15\\\/leadership-trendbarometer-verlust-des-teamspirits-befuerchtet\\\/\"},\"wordCount\":568,\"publisher\":{\"@id\":\"https:\\\/\\\/www.organisator.ch\\\/#organization\"},\"image\":{\"@id\":\"https:\\\/\\\/www.organisator.ch\\\/management\\\/2021-06-15\\\/leadership-trendbarometer-verlust-des-teamspirits-befuerchtet\\\/#primaryimage\"},\"thumbnailUrl\":\"https:\\\/\\\/www.organisator.ch\\\/wp-content\\\/uploads\\\/2021\\\/06\\\/Leadership-Trendbarometer-Verlust-des-Teamspirits-befuerchtet-1_Organisator.jpg\",\"keywords\":[\"Leadership\",\"Management und Unternehmensf\u00fchrung\",\"Studie\",\"Teamspirit\"],\"articleSection\":[\"MANAGEMENT\"],\"inLanguage\":\"de\"},{\"@type\":\"WebPage\",\"@id\":\"https:\\\/\\\/www.organisator.ch\\\/management\\\/2021-06-15\\\/leadership-trendbarometer-verlust-des-teamspirits-befuerchtet\\\/\",\"url\":\"https:\\\/\\\/www.organisator.ch\\\/management\\\/2021-06-15\\\/leadership-trendbarometer-verlust-des-teamspirits-befuerchtet\\\/\",\"name\":\"Leadership-Trendbarometer: Verlust des Teamspirits bef\u00fcrchtet - Organisator\",\"isPartOf\":{\"@id\":\"https:\\\/\\\/www.organisator.ch\\\/#website\"},\"primaryImageOfPage\":{\"@id\":\"https:\\\/\\\/www.organisator.ch\\\/management\\\/2021-06-15\\\/leadership-trendbarometer-verlust-des-teamspirits-befuerchtet\\\/#primaryimage\"},\"image\":{\"@id\":\"https:\\\/\\\/www.organisator.ch\\\/management\\\/2021-06-15\\\/leadership-trendbarometer-verlust-des-teamspirits-befuerchtet\\\/#primaryimage\"},\"thumbnailUrl\":\"https:\\\/\\\/www.organisator.ch\\\/wp-content\\\/uploads\\\/2021\\\/06\\\/Leadership-Trendbarometer-Verlust-des-Teamspirits-befuerchtet-1_Organisator.jpg\",\"datePublished\":\"2021-06-15T11:51:51+00:00\",\"description\":\"Leadership-Trendbarometer zeigt: Das F\u00fchren hybrider Teams insbesondere im Bereich Kommunikation bringt teils neue Herausforderungen.\",\"breadcrumb\":{\"@id\":\"https:\\\/\\\/www.organisator.ch\\\/management\\\/2021-06-15\\\/leadership-trendbarometer-verlust-des-teamspirits-befuerchtet\\\/#breadcrumb\"},\"inLanguage\":\"de\",\"potentialAction\":[{\"@type\":\"ReadAction\",\"target\":[\"https:\\\/\\\/www.organisator.ch\\\/management\\\/2021-06-15\\\/leadership-trendbarometer-verlust-des-teamspirits-befuerchtet\\\/\"]}]},{\"@type\":\"ImageObject\",\"inLanguage\":\"de\",\"@id\":\"https:\\\/\\\/www.organisator.ch\\\/management\\\/2021-06-15\\\/leadership-trendbarometer-verlust-des-teamspirits-befuerchtet\\\/#primaryimage\",\"url\":\"https:\\\/\\\/www.organisator.ch\\\/wp-content\\\/uploads\\\/2021\\\/06\\\/Leadership-Trendbarometer-Verlust-des-Teamspirits-befuerchtet-1_Organisator.jpg\",\"contentUrl\":\"https:\\\/\\\/www.organisator.ch\\\/wp-content\\\/uploads\\\/2021\\\/06\\\/Leadership-Trendbarometer-Verlust-des-Teamspirits-befuerchtet-1_Organisator.jpg\",\"width\":680,\"height\":453,\"caption\":\"Geht bei hybriden Arbeitsformen der Teamspirit verloren? Barbara Liebermeister, Leiterin des IFIDZ, pr\u00e4sentiert die Ergebnisse des j\u00fcngsten Leadership-Trendbarometers. (Bild: zVg \\\/ IFIDZ)\"},{\"@type\":\"BreadcrumbList\",\"@id\":\"https:\\\/\\\/www.organisator.ch\\\/management\\\/2021-06-15\\\/leadership-trendbarometer-verlust-des-teamspirits-befuerchtet\\\/#breadcrumb\",\"itemListElement\":[{\"@type\":\"ListItem\",\"position\":1,\"name\":\"Home\",\"item\":\"https:\\\/\\\/www.organisator.ch\\\/\"},{\"@type\":\"ListItem\",\"position\":2,\"name\":\"Leadership-Trendbarometer: Verlust des Teamspirits bef\u00fcrchtet\"}]},{\"@type\":\"WebSite\",\"@id\":\"https:\\\/\\\/www.organisator.ch\\\/#website\",\"url\":\"https:\\\/\\\/www.organisator.ch\\\/\",\"name\":\"Organisator\",\"description\":\"Kompetent. Praxisnah. Der ORGANISATOR bereitet in 10 Ausgaben pro Jahr die wesentlichen Themen f\u00fcr F\u00fchrungskr\u00e4fte von KMU auf.\",\"publisher\":{\"@id\":\"https:\\\/\\\/www.organisator.ch\\\/#organization\"},\"potentialAction\":[{\"@type\":\"SearchAction\",\"target\":{\"@type\":\"EntryPoint\",\"urlTemplate\":\"https:\\\/\\\/www.organisator.ch\\\/?s={search_term_string}\"},\"query-input\":{\"@type\":\"PropertyValueSpecification\",\"valueRequired\":true,\"valueName\":\"search_term_string\"}}],\"inLanguage\":\"de\"},{\"@type\":\"Organization\",\"@id\":\"https:\\\/\\\/www.organisator.ch\\\/#organization\",\"name\":\"Organisator\",\"url\":\"https:\\\/\\\/www.organisator.ch\\\/\",\"logo\":{\"@type\":\"ImageObject\",\"inLanguage\":\"de\",\"@id\":\"https:\\\/\\\/www.organisator.ch\\\/#\\\/schema\\\/logo\\\/image\\\/\",\"url\":\"https:\\\/\\\/www.organisator.ch\\\/wp-content\\\/uploads\\\/2022\\\/01\\\/Logo_Organisator_Website.png\",\"contentUrl\":\"https:\\\/\\\/www.organisator.ch\\\/wp-content\\\/uploads\\\/2022\\\/01\\\/Logo_Organisator_Website.png\",\"width\":800,\"height\":77,\"caption\":\"Organisator\"},\"image\":{\"@id\":\"https:\\\/\\\/www.organisator.ch\\\/#\\\/schema\\\/logo\\\/image\\\/\"},\"sameAs\":[\"https:\\\/\\\/www.facebook.com\\\/OrganisatorFachmagazin\",\"https:\\\/\\\/www.linkedin.com\\\/showcase\\\/organisator-das-magazin-fr-kmu\",\"https:\\\/\\\/www.xing.com\\\/news\\\/pages\\\/organisator-ch-695\",\"https:\\\/\\\/www.youtube.com\\\/channel\\\/UCGP2Sq0iWaZwT3BdIAQFYpw\"]},{\"@type\":\"Person\",\"@id\":\"https:\\\/\\\/www.organisator.ch\\\/#\\\/schema\\\/person\\\/6f650f90b2842cd4c0cc334b4e36f67e\",\"name\":\"thomas.berner\",\"image\":{\"@type\":\"ImageObject\",\"inLanguage\":\"de\",\"@id\":\"https:\\\/\\\/secure.gravatar.com\\\/avatar\\\/ac5001d2a36cb6c6cd3e50789007ffca834b477b74a2144564522e944eabff61?s=96&d=mm&r=g\",\"url\":\"https:\\\/\\\/secure.gravatar.com\\\/avatar\\\/ac5001d2a36cb6c6cd3e50789007ffca834b477b74a2144564522e944eabff61?s=96&d=mm&r=g\",\"contentUrl\":\"https:\\\/\\\/secure.gravatar.com\\\/avatar\\\/ac5001d2a36cb6c6cd3e50789007ffca834b477b74a2144564522e944eabff61?s=96&d=mm&r=g\",\"caption\":\"thomas.berner\"},\"url\":\"https:\\\/\\\/www.organisator.ch\\\/de\\\/author\\\/thomas-berner\\\/\"}]}<\/script>\n<!-- \/ Yoast SEO plugin. -->","yoast_head_json":{"title":"Leadership-Trendbarometer: Verlust des Teamspirits bef\u00fcrchtet - Organisator","description":"Leadership-Trendbarometer zeigt: Das F\u00fchren hybrider Teams insbesondere im Bereich Kommunikation bringt teils neue Herausforderungen.","robots":{"index":"index","follow":"follow","max-snippet":"max-snippet:-1","max-image-preview":"max-image-preview:large","max-video-preview":"max-video-preview:-1"},"canonical":"https:\/\/www.organisator.ch\/de\/management\/2021-06-15\/leadership-trendbarometer-verlust-des-teamspirits-befuerchtet\/","og_locale":"de_DE","og_type":"article","og_title":"Leadership-Trendbarometer: Verlust des Teamspirits bef\u00fcrchtet","og_description":"Leadership-Trendbarometer zeigt: Das F\u00fchren hybrider Teams insbesondere im Bereich Kommunikation bringt teils neue Herausforderungen.","og_url":"https:\/\/www.organisator.ch\/de\/management\/2021-06-15\/leadership-trendbarometer-verlust-des-teamspirits-befuerchtet\/","og_site_name":"Organisator","article_publisher":"https:\/\/www.facebook.com\/OrganisatorFachmagazin","article_published_time":"2021-06-15T11:51:51+00:00","og_image":[{"width":680,"height":453,"url":"https:\/\/www.organisator.ch\/wp-content\/uploads\/2021\/06\/Leadership-Trendbarometer-Verlust-des-Teamspirits-befuerchtet-1_Organisator.jpg","type":"image\/jpeg"}],"author":"thomas.berner","twitter_card":"summary_large_image","twitter_title":"#Leadership-Trendbarometer: Verlust des #Teamspirits bef\u00fcrchtet","twitter_description":"#Leadership-Trendbarometer zeigt: Das F\u00fchren #hybrider Teams insbesondere im Bereich #Kommunikation bringt teils neue Herausforderungen.","twitter_image":"https:\/\/www.organisator.ch\/wp-content\/uploads\/2021\/06\/Leadership-Trendbarometer-Verlust-des-Teamspirits-befuerchtet-1_Organisator.jpg","schema":{"@context":"https:\/\/schema.org","@graph":[{"@type":"Article","@id":"https:\/\/www.organisator.ch\/management\/2021-06-15\/leadership-trendbarometer-verlust-des-teamspirits-befuerchtet\/#article","isPartOf":{"@id":"https:\/\/www.organisator.ch\/management\/2021-06-15\/leadership-trendbarometer-verlust-des-teamspirits-befuerchtet\/"},"author":{"name":"thomas.berner","@id":"https:\/\/www.organisator.ch\/#\/schema\/person\/6f650f90b2842cd4c0cc334b4e36f67e"},"headline":"Leadership-Trendbarometer: Verlust des Teamspirits bef\u00fcrchtet","datePublished":"2021-06-15T11:51:51+00:00","mainEntityOfPage":{"@id":"https:\/\/www.organisator.ch\/management\/2021-06-15\/leadership-trendbarometer-verlust-des-teamspirits-befuerchtet\/"},"wordCount":568,"publisher":{"@id":"https:\/\/www.organisator.ch\/#organization"},"image":{"@id":"https:\/\/www.organisator.ch\/management\/2021-06-15\/leadership-trendbarometer-verlust-des-teamspirits-befuerchtet\/#primaryimage"},"thumbnailUrl":"https:\/\/www.organisator.ch\/wp-content\/uploads\/2021\/06\/Leadership-Trendbarometer-Verlust-des-Teamspirits-befuerchtet-1_Organisator.jpg","keywords":["Leadership","Management und Unternehmensf\u00fchrung","Studie","Teamspirit"],"articleSection":["MANAGEMENT"],"inLanguage":"de"},{"@type":"WebPage","@id":"https:\/\/www.organisator.ch\/management\/2021-06-15\/leadership-trendbarometer-verlust-des-teamspirits-befuerchtet\/","url":"https:\/\/www.organisator.ch\/management\/2021-06-15\/leadership-trendbarometer-verlust-des-teamspirits-befuerchtet\/","name":"Leadership-Trendbarometer: Verlust des Teamspirits bef\u00fcrchtet - Organisator","isPartOf":{"@id":"https:\/\/www.organisator.ch\/#website"},"primaryImageOfPage":{"@id":"https:\/\/www.organisator.ch\/management\/2021-06-15\/leadership-trendbarometer-verlust-des-teamspirits-befuerchtet\/#primaryimage"},"image":{"@id":"https:\/\/www.organisator.ch\/management\/2021-06-15\/leadership-trendbarometer-verlust-des-teamspirits-befuerchtet\/#primaryimage"},"thumbnailUrl":"https:\/\/www.organisator.ch\/wp-content\/uploads\/2021\/06\/Leadership-Trendbarometer-Verlust-des-Teamspirits-befuerchtet-1_Organisator.jpg","datePublished":"2021-06-15T11:51:51+00:00","description":"Leadership-Trendbarometer zeigt: Das F\u00fchren hybrider Teams insbesondere im Bereich Kommunikation bringt teils neue Herausforderungen.","breadcrumb":{"@id":"https:\/\/www.organisator.ch\/management\/2021-06-15\/leadership-trendbarometer-verlust-des-teamspirits-befuerchtet\/#breadcrumb"},"inLanguage":"de","potentialAction":[{"@type":"ReadAction","target":["https:\/\/www.organisator.ch\/management\/2021-06-15\/leadership-trendbarometer-verlust-des-teamspirits-befuerchtet\/"]}]},{"@type":"ImageObject","inLanguage":"de","@id":"https:\/\/www.organisator.ch\/management\/2021-06-15\/leadership-trendbarometer-verlust-des-teamspirits-befuerchtet\/#primaryimage","url":"https:\/\/www.organisator.ch\/wp-content\/uploads\/2021\/06\/Leadership-Trendbarometer-Verlust-des-Teamspirits-befuerchtet-1_Organisator.jpg","contentUrl":"https:\/\/www.organisator.ch\/wp-content\/uploads\/2021\/06\/Leadership-Trendbarometer-Verlust-des-Teamspirits-befuerchtet-1_Organisator.jpg","width":680,"height":453,"caption":"Geht bei hybriden Arbeitsformen der Teamspirit verloren? Barbara Liebermeister, Leiterin des IFIDZ, pr\u00e4sentiert die Ergebnisse des j\u00fcngsten Leadership-Trendbarometers. (Bild: zVg \/ IFIDZ)"},{"@type":"BreadcrumbList","@id":"https:\/\/www.organisator.ch\/management\/2021-06-15\/leadership-trendbarometer-verlust-des-teamspirits-befuerchtet\/#breadcrumb","itemListElement":[{"@type":"ListItem","position":1,"name":"Home","item":"https:\/\/www.organisator.ch\/"},{"@type":"ListItem","position":2,"name":"Leadership-Trendbarometer: Verlust des Teamspirits bef\u00fcrchtet"}]},{"@type":"WebSite","@id":"https:\/\/www.organisator.ch\/#website","url":"https:\/\/www.organisator.ch\/","name":"Organisator","description":"Kompetent. Praxisnah. Der ORGANISATOR bereitet in 10 Ausgaben pro Jahr die wesentlichen Themen f\u00fcr F\u00fchrungskr\u00e4fte von KMU auf.","publisher":{"@id":"https:\/\/www.organisator.ch\/#organization"},"potentialAction":[{"@type":"SearchAction","target":{"@type":"EntryPoint","urlTemplate":"https:\/\/www.organisator.ch\/?s={search_term_string}"},"query-input":{"@type":"PropertyValueSpecification","valueRequired":true,"valueName":"search_term_string"}}],"inLanguage":"de"},{"@type":"Organization","@id":"https:\/\/www.organisator.ch\/#organization","name":"Organisator","url":"https:\/\/www.organisator.ch\/","logo":{"@type":"ImageObject","inLanguage":"de","@id":"https:\/\/www.organisator.ch\/#\/schema\/logo\/image\/","url":"https:\/\/www.organisator.ch\/wp-content\/uploads\/2022\/01\/Logo_Organisator_Website.png","contentUrl":"https:\/\/www.organisator.ch\/wp-content\/uploads\/2022\/01\/Logo_Organisator_Website.png","width":800,"height":77,"caption":"Organisator"},"image":{"@id":"https:\/\/www.organisator.ch\/#\/schema\/logo\/image\/"},"sameAs":["https:\/\/www.facebook.com\/OrganisatorFachmagazin","https:\/\/www.linkedin.com\/showcase\/organisator-das-magazin-fr-kmu","https:\/\/www.xing.com\/news\/pages\/organisator-ch-695","https:\/\/www.youtube.com\/channel\/UCGP2Sq0iWaZwT3BdIAQFYpw"]},{"@type":"Person","@id":"https:\/\/www.organisator.ch\/#\/schema\/person\/6f650f90b2842cd4c0cc334b4e36f67e","name":"thomas.berner","image":{"@type":"ImageObject","inLanguage":"de","@id":"https:\/\/secure.gravatar.com\/avatar\/ac5001d2a36cb6c6cd3e50789007ffca834b477b74a2144564522e944eabff61?s=96&d=mm&r=g","url":"https:\/\/secure.gravatar.com\/avatar\/ac5001d2a36cb6c6cd3e50789007ffca834b477b74a2144564522e944eabff61?s=96&d=mm&r=g","contentUrl":"https:\/\/secure.gravatar.com\/avatar\/ac5001d2a36cb6c6cd3e50789007ffca834b477b74a2144564522e944eabff61?s=96&d=mm&r=g","caption":"thomas.berner"},"url":"https:\/\/www.organisator.ch\/de\/author\/thomas-berner\/"}]}},"_links":{"self":[{"href":"https:\/\/www.organisator.ch\/de\/wp-json\/wp\/v2\/posts\/8154","targetHints":{"allow":["GET"]}}],"collection":[{"href":"https:\/\/www.organisator.ch\/de\/wp-json\/wp\/v2\/posts"}],"about":[{"href":"https:\/\/www.organisator.ch\/de\/wp-json\/wp\/v2\/types\/post"}],"author":[{"embeddable":true,"href":"https:\/\/www.organisator.ch\/de\/wp-json\/wp\/v2\/users\/4"}],"replies":[{"embeddable":true,"href":"https:\/\/www.organisator.ch\/de\/wp-json\/wp\/v2\/comments?post=8154"}],"version-history":[{"count":0,"href":"https:\/\/www.organisator.ch\/de\/wp-json\/wp\/v2\/posts\/8154\/revisions"}],"wp:featuredmedia":[{"embeddable":true,"href":"https:\/\/www.organisator.ch\/de\/wp-json\/wp\/v2\/media\/8155"}],"wp:attachment":[{"href":"https:\/\/www.organisator.ch\/de\/wp-json\/wp\/v2\/media?parent=8154"}],"wp:term":[{"taxonomy":"category","embeddable":true,"href":"https:\/\/www.organisator.ch\/de\/wp-json\/wp\/v2\/categories?post=8154"},{"taxonomy":"post_tag","embeddable":true,"href":"https:\/\/www.organisator.ch\/de\/wp-json\/wp\/v2\/tags?post=8154"}],"curies":[{"name":"wp","href":"https:\/\/api.w.org\/{rel}","templated":true}]}}