{"id":8170,"date":"2021-06-18T08:52:59","date_gmt":"2021-06-18T06:52:59","guid":{"rendered":"https:\/\/www.organisator.ch\/?p=8170"},"modified":"2021-06-18T08:52:59","modified_gmt":"2021-06-18T06:52:59","slug":"the-circle-conference-die-erste-nationale-live-grossveranstaltung-nach-corona","status":"publish","type":"post","link":"https:\/\/www.organisator.ch\/de\/marketing\/2021-06-18\/the-circle-conference-die-erste-nationale-live-grossveranstaltung-nach-corona\/","title":{"rendered":"The Circle Conference: Die erste nationale Live-Grossveranstaltung nach Corona"},"content":{"rendered":"<figure id=\"attachment_8171\" aria-describedby=\"caption-attachment-8171\" style=\"width: 680px\" class=\"wp-caption alignnone\"><a href=\"https:\/\/www.organisator.ch\/wp-content\/uploads\/2021\/06\/The-Circle-Conference-Die-erste-nationale-Live-Grossveranstaltung-nach-Corona-2_Organisator.jpg\"><img loading=\"lazy\" decoding=\"async\" class=\"size-medium wp-image-8171\" src=\"https:\/\/www.organisator.ch\/wp-content\/uploads\/2021\/06\/The-Circle-Conference-Die-erste-nationale-Live-Grossveranstaltung-nach-Corona-2_Organisator.jpg\" alt=\"\" width=\"680\" height=\"449\" srcset=\"https:\/\/www.organisator.ch\/wp-content\/uploads\/2021\/06\/The-Circle-Conference-Die-erste-nationale-Live-Grossveranstaltung-nach-Corona-2_Organisator.jpg 680w, https:\/\/www.organisator.ch\/wp-content\/uploads\/2021\/06\/The-Circle-Conference-Die-erste-nationale-Live-Grossveranstaltung-nach-Corona-2_Organisator-16x12.jpg 16w, https:\/\/www.organisator.ch\/wp-content\/uploads\/2021\/06\/The-Circle-Conference-Die-erste-nationale-Live-Grossveranstaltung-nach-Corona-2_Organisator-265x175.jpg 265w, https:\/\/www.organisator.ch\/wp-content\/uploads\/2021\/06\/The-Circle-Conference-Die-erste-nationale-Live-Grossveranstaltung-nach-Corona-2_Organisator-530x350.jpg 530w, https:\/\/www.organisator.ch\/wp-content\/uploads\/2021\/06\/The-Circle-Conference-Die-erste-nationale-Live-Grossveranstaltung-nach-Corona-2_Organisator-300x198.jpg 300w\" sizes=\"auto, (max-width: 680px) 100vw, 680px\" \/><\/a><figcaption id=\"caption-attachment-8171\" class=\"wp-caption-text\">Schluss mit der Leere im \u00abThe Circle Convention Center\u00bb am Z\u00fcrcher Flughafen: Mit The Circle Conference wird am 1. Juli 2021 die erste nationale Live-Konferenz nach Corona mit bis zu 1&#8217;000 Teilnehmenden durchgef\u00fchrt. (Bild: Unsplash.com)<\/figcaption><\/figure>\n<p>Nun soll es endlich wieder losgehen, das corona-bedingte Verbot von Grossveranstaltungen wird sukzessive aufgehoben. Und man sp\u00fcrt es nicht nur in der MICE-Branche: Das Publikum lechzt nach Live-Events mit pers\u00f6nlichen Kontakten vor Ort und ist \u00fcbers\u00e4ttigt von virtuellen Webinaren und Konferenzen. Oliver Stoldt von der MICE Service Group Schweiz blieb w\u00e4hrend der \u00abEiszeit\u00bb f\u00fcr Events aber nicht unt\u00e4tig. Sein Anspruch war es, zu den ersten zu geh\u00f6ren, die wieder mit nationalen Grossveranstaltungen aufwarten k\u00f6nnen, sobald es die Verh\u00e4ltnisse wieder erlauben. Zusammen mit Janine Heukamp nahm er entsprechend die Planungen f\u00fcr \u00abThe Circle Conference\u00bb in Angriff. Wobei: einen \u00abPlan B\u00bb gibt es nicht und gab es f\u00fcr Oliver Stoldt auch nie, wie er neulich gegen\u00fcber der \u00ab<a href=\"https:\/\/www.werbewoche.ch\/de\/events-mk-go\/2021-03-24\/es-gibt-keinen-plan-b-fuer-die-circle-conference\/\">Werbewoche\u00bb<\/a> erl\u00e4uterte. Er und Janine Heukamp glauben an den Neustart der Branche.<\/p>\n<h2>The Circle Conference macht sich zum Thema<\/h2>\n<p>Am 1. Juli 2021 wird es nun soweit sein: Die erste grosse Messe nach Ausbruch der Covid-Pandemie vor eineinhalb Jahren mit Publikum findet im neu er\u00f6ffneten \u00abThe Circle Convention Center\u00bb am Flughafen Z\u00fcrich statt und macht sich unter dem Titel \u00abThe Circle Conference\u00bb gleich selbst zum Thema. Neben namhaften Referentinnen und Referenten zu aktuellen Themen diskutieren erfahrene Repr\u00e4sentanten aus den Bereichen Meetings, Incentives, Conventions &amp; Events, kurz: MICE, \u00fcber die k\u00fcnftige Ausrichtung des Kongress- und Eventbusiness, das durch die Krise v\u00f6llig aufgemischt wurde. Dazu geh\u00f6ren Eventprofi Schoscho Rufener, Jazzfestival-Organisator und St. Moritzer Gemeindepr\u00e4sident Christian Jott Jenny und Claudio Kaul, Vice President Group Operations &amp; Team Lead Event Management Swiss Re.<\/p>\n<h2>Aussergew\u00f6hnliches Programm, Networking und Ausstellung<\/h2>\n<p>Dar\u00fcber hinaus bietet \u00abThe Circle Conference\u00bb am 1. Juli ein aussergew\u00f6hnlich breit besetztes Programm mit ausgew\u00e4hlten Rednerinnen und Rednern, innovativen Workshops, Fachgespr\u00e4chen und B\u00fchnentalks. In einem neuartigen, interaktiven Messekonzept treten Destinationen, Tagungshotels, Incentive-Anbieter, Eventlocations &amp; Meetingplaces in direkten Kontakt mit den Besucherinnen und Besuchern. \u00abDas Networking ist ein bedeutender Bestandteil unserer Fachmesse\u00bb, erkl\u00e4rt Oliver Stoldt. \u00abDer direkte Austausch mit Branchenvertretern hat im Corona-Jahr gefehlt. Das merken wir deutlich an den bereits abgesetzten Tickets und Anmeldungen der Aussteller. Das Interesse ist riesig am Restart der Branche, den Zukunftsaussichten und zeigt uns eindr\u00fccklich, wie gross das Bed\u00fcrfnis ist.\u00bb<\/p>\n<h2>Spannende Referate<\/h2>\n<p>Das Programm der \u00abCircle Conference\u00bb ist gespickt mit spannenden Pers\u00f6nlichkeiten und Themen. Unter anderen erwartet das Publikum den Solar-Forscher Bertrand Piccard, Ex-Mr.-Corona Daniel Koch und den Ehrenpr\u00e4sidenten des FC Basels, Bernhard Heusler. Zu den Bereichen Digitalisierung, Innovation, Social Selling und Change Management sprechen die internationalen Experten Sita Mazumder, German Ramirez und Reto Wampfler. Zu akuten Themen wie New Work, neue Arbeitswelten, Kommunikation, F\u00fchrung und Mobilit\u00e4t erf\u00e4hrt das Auditorium neueste Erkenntnisse der Expertin Leonie M\u00fcller, des Ex-FIFA-Schiedsrichters Urs Meier, der Pilotinnengruppe #clearedtoland, dem Berufspiloten Philip Keil und dem Cirque du Soleil \u00abK\u00f6nig der Taschendiebe\u00bb Superstar Christian Lindemann. Moderiert wird die \u00abCircle Conference\u00bb von der Business-Journalistin und China-Expertin Martina Fuchs und dem SRF-Moderator Florian Inhauser.<\/p>\n<h2>The Circle Conference lebt von echtem Austausch<\/h2>\n<p>Die Organisatoren Janin Heukamp und Oliver Stoldt arbeiteten bei der Event-Planung mit den Hosting Partnern Flughafen Z\u00fcrich AG, The Circle Convention Center, Hyatt Regency Zurich Airport The Circle und Hyatt Place Zurich Airport The Circle zusammen. F\u00fcr Janin Heukamp war von Anfang an klar: \u00abDie Messe lebt von einem echten Austausch und echten Begegnungen. Entweder kann die Messe physisch stattfinden oder sie wird abgesagt.\u00bb Aufgrund der aktuellen Lage und der gewissenhaften Vorbereitung erteilten die Beh\u00f6rden denn auch die Bewilligung f\u00fcr die die Messe unter Einhaltung eines strengen Schutzkonzeptes und mit begrenzter Besucherzahl. Erwartet werden 800 bis 1\u2019000 Besucherinnen und Besucher. Der Eintritt ist kostenlos.<\/p>\n<p><em>Weitere Informationen: <a href=\"http:\/\/www.circle-conference.com\">www.circle-conference.com<\/a><\/em><\/p>\n","protected":false},"excerpt":{"rendered":"<p>Nun soll es endlich wieder losgehen, das corona-bedingte Verbot von Grossveranstaltungen wird sukzessive aufgehoben. Und man sp\u00fcrt es nicht nur in der MICE-Branche: Das Publikum lechzt nach Live-Events mit pers\u00f6nlichen Kontakten vor Ort und ist \u00fcbers\u00e4ttigt von virtuellen Webinaren und Konferenzen. Oliver Stoldt von der MICE Service Group Schweiz blieb w\u00e4hrend der \u00abEiszeit\u00bb f\u00fcr Events [&hellip;]<\/p>\n","protected":false},"author":4,"featured_media":8171,"comment_status":"closed","ping_status":"closed","sticky":false,"template":"","format":"standard","meta":{"_acf_changed":false,"_yoast_wpseo_focuskw":"The Circle Conference","_yoast_wpseo_metadesc":"Neue Location, neues Konzept, neue Messe: Die Organisatoren der \u00abThe Circle Conference\u00bb gehen am 1. Juli im \u00abThe Circle Convention Center\u00bb an den Start.","articlekey":"","footnotes":""},"categories":[29],"tags":[186,193,339,502],"class_list":["post-8170","post","type-post","status-publish","format-standard","has-post-thumbnail","hentry","category-marketing","tag-event","tag-fachkongressfachmesse","tag-marketing","tag-veranstaltungen"],"acf":[],"yoast_head":"<!-- This site is optimized with the Yoast SEO plugin v27.4 - https:\/\/yoast.com\/product\/yoast-seo-wordpress\/ -->\n<title>The Circle Conference: Die erste nationale Live-Grossveranstaltung nach Corona - Organisator<\/title>\n<meta name=\"description\" content=\"Neue Location, neues Konzept, neue Messe: Die Organisatoren der \u00abThe Circle Conference\u00bb gehen am 1. Juli im \u00abThe Circle Convention Center\u00bb an den Start.\" \/>\n<meta name=\"robots\" content=\"index, follow, max-snippet:-1, max-image-preview:large, max-video-preview:-1\" \/>\n<link rel=\"canonical\" href=\"https:\/\/www.organisator.ch\/de\/marketing\/2021-06-18\/the-circle-conference-die-erste-nationale-live-grossveranstaltung-nach-corona\/\" \/>\n<meta property=\"og:locale\" content=\"de_DE\" \/>\n<meta property=\"og:type\" content=\"article\" \/>\n<meta property=\"og:title\" content=\"The Circle Conference: Die erste nationale Live-Grossveranstaltung nach Corona\" \/>\n<meta property=\"og:description\" content=\"Neue Location, neues Konzept, neue Messe: Die Organisatoren der \u00abThe Circle Conference\u00bb gehen am 1. Juli im \u00abThe Circle Convention Center\u00bb an den Start.\" \/>\n<meta property=\"og:url\" content=\"https:\/\/www.organisator.ch\/de\/marketing\/2021-06-18\/the-circle-conference-die-erste-nationale-live-grossveranstaltung-nach-corona\/\" \/>\n<meta property=\"og:site_name\" content=\"Organisator\" \/>\n<meta property=\"article:publisher\" content=\"https:\/\/www.facebook.com\/OrganisatorFachmagazin\" \/>\n<meta property=\"article:published_time\" content=\"2021-06-18T06:52:59+00:00\" \/>\n<meta property=\"og:image\" content=\"https:\/\/www.organisator.ch\/wp-content\/uploads\/2021\/06\/The-Circle-Conference-Die-erste-nationale-Live-Grossveranstaltung-nach-Corona-2_Organisator.jpg\" \/>\n\t<meta property=\"og:image:width\" content=\"680\" \/>\n\t<meta property=\"og:image:height\" content=\"449\" \/>\n\t<meta property=\"og:image:type\" content=\"image\/jpeg\" \/>\n<meta name=\"author\" content=\"thomas.berner\" \/>\n<meta name=\"twitter:card\" content=\"summary_large_image\" \/>\n<meta name=\"twitter:title\" content=\"The #Circle Conference: Die erste nationale #Live-Grossveranstaltung nach Corona\" \/>\n<meta name=\"twitter:description\" content=\"Neue Location, neues Konzept, neue Messe: Die Organisatoren der #TheCircleConference gehen am 1. Juli im \u00abThe Circle Convention Center\u00bb an den Start.\" \/>\n<meta name=\"twitter:image\" content=\"https:\/\/www.organisator.ch\/wp-content\/uploads\/2021\/06\/The-Circle-Conference-Die-erste-nationale-Live-Grossveranstaltung-nach-Corona-2_Organisator.jpg\" \/>\n<script type=\"application\/ld+json\" class=\"yoast-schema-graph\">{\"@context\":\"https:\\\/\\\/schema.org\",\"@graph\":[{\"@type\":\"Article\",\"@id\":\"https:\\\/\\\/www.organisator.ch\\\/marketing\\\/2021-06-18\\\/the-circle-conference-die-erste-nationale-live-grossveranstaltung-nach-corona\\\/#article\",\"isPartOf\":{\"@id\":\"https:\\\/\\\/www.organisator.ch\\\/marketing\\\/2021-06-18\\\/the-circle-conference-die-erste-nationale-live-grossveranstaltung-nach-corona\\\/\"},\"author\":{\"name\":\"thomas.berner\",\"@id\":\"https:\\\/\\\/www.organisator.ch\\\/#\\\/schema\\\/person\\\/6f650f90b2842cd4c0cc334b4e36f67e\"},\"headline\":\"The Circle Conference: Die erste nationale Live-Grossveranstaltung nach Corona\",\"datePublished\":\"2021-06-18T06:52:59+00:00\",\"mainEntityOfPage\":{\"@id\":\"https:\\\/\\\/www.organisator.ch\\\/marketing\\\/2021-06-18\\\/the-circle-conference-die-erste-nationale-live-grossveranstaltung-nach-corona\\\/\"},\"wordCount\":663,\"publisher\":{\"@id\":\"https:\\\/\\\/www.organisator.ch\\\/#organization\"},\"image\":{\"@id\":\"https:\\\/\\\/www.organisator.ch\\\/marketing\\\/2021-06-18\\\/the-circle-conference-die-erste-nationale-live-grossveranstaltung-nach-corona\\\/#primaryimage\"},\"thumbnailUrl\":\"https:\\\/\\\/www.organisator.ch\\\/wp-content\\\/uploads\\\/2021\\\/06\\\/The-Circle-Conference-Die-erste-nationale-Live-Grossveranstaltung-nach-Corona-2_Organisator.jpg\",\"keywords\":[\"Event\",\"Fachkongress\\\/Fachmesse\",\"Marketing\",\"Veranstaltungen\"],\"articleSection\":[\"MARKETING\"],\"inLanguage\":\"de\"},{\"@type\":\"WebPage\",\"@id\":\"https:\\\/\\\/www.organisator.ch\\\/marketing\\\/2021-06-18\\\/the-circle-conference-die-erste-nationale-live-grossveranstaltung-nach-corona\\\/\",\"url\":\"https:\\\/\\\/www.organisator.ch\\\/marketing\\\/2021-06-18\\\/the-circle-conference-die-erste-nationale-live-grossveranstaltung-nach-corona\\\/\",\"name\":\"The Circle Conference: Die erste nationale Live-Grossveranstaltung nach Corona - Organisator\",\"isPartOf\":{\"@id\":\"https:\\\/\\\/www.organisator.ch\\\/#website\"},\"primaryImageOfPage\":{\"@id\":\"https:\\\/\\\/www.organisator.ch\\\/marketing\\\/2021-06-18\\\/the-circle-conference-die-erste-nationale-live-grossveranstaltung-nach-corona\\\/#primaryimage\"},\"image\":{\"@id\":\"https:\\\/\\\/www.organisator.ch\\\/marketing\\\/2021-06-18\\\/the-circle-conference-die-erste-nationale-live-grossveranstaltung-nach-corona\\\/#primaryimage\"},\"thumbnailUrl\":\"https:\\\/\\\/www.organisator.ch\\\/wp-content\\\/uploads\\\/2021\\\/06\\\/The-Circle-Conference-Die-erste-nationale-Live-Grossveranstaltung-nach-Corona-2_Organisator.jpg\",\"datePublished\":\"2021-06-18T06:52:59+00:00\",\"description\":\"Neue Location, neues Konzept, neue Messe: Die Organisatoren der \u00abThe Circle Conference\u00bb gehen am 1. Juli im \u00abThe Circle Convention Center\u00bb an den Start.\",\"breadcrumb\":{\"@id\":\"https:\\\/\\\/www.organisator.ch\\\/marketing\\\/2021-06-18\\\/the-circle-conference-die-erste-nationale-live-grossveranstaltung-nach-corona\\\/#breadcrumb\"},\"inLanguage\":\"de\",\"potentialAction\":[{\"@type\":\"ReadAction\",\"target\":[\"https:\\\/\\\/www.organisator.ch\\\/marketing\\\/2021-06-18\\\/the-circle-conference-die-erste-nationale-live-grossveranstaltung-nach-corona\\\/\"]}]},{\"@type\":\"ImageObject\",\"inLanguage\":\"de\",\"@id\":\"https:\\\/\\\/www.organisator.ch\\\/marketing\\\/2021-06-18\\\/the-circle-conference-die-erste-nationale-live-grossveranstaltung-nach-corona\\\/#primaryimage\",\"url\":\"https:\\\/\\\/www.organisator.ch\\\/wp-content\\\/uploads\\\/2021\\\/06\\\/The-Circle-Conference-Die-erste-nationale-Live-Grossveranstaltung-nach-Corona-2_Organisator.jpg\",\"contentUrl\":\"https:\\\/\\\/www.organisator.ch\\\/wp-content\\\/uploads\\\/2021\\\/06\\\/The-Circle-Conference-Die-erste-nationale-Live-Grossveranstaltung-nach-Corona-2_Organisator.jpg\",\"width\":680,\"height\":449,\"caption\":\"Schluss mit der Leere im \u00abThe Circle Convention Center\u00bb am Z\u00fcrcher Flughafen: Mit The Circle Conference wird am 1. Juli 2021 die erste nationale Live-Konferenz nach Corona mit bis zu 1'000 Teilnehmenden durchgef\u00fchrt. (Bild: Unsplash.com)\"},{\"@type\":\"BreadcrumbList\",\"@id\":\"https:\\\/\\\/www.organisator.ch\\\/marketing\\\/2021-06-18\\\/the-circle-conference-die-erste-nationale-live-grossveranstaltung-nach-corona\\\/#breadcrumb\",\"itemListElement\":[{\"@type\":\"ListItem\",\"position\":1,\"name\":\"Home\",\"item\":\"https:\\\/\\\/www.organisator.ch\\\/\"},{\"@type\":\"ListItem\",\"position\":2,\"name\":\"The Circle Conference: Die erste nationale Live-Grossveranstaltung nach Corona\"}]},{\"@type\":\"WebSite\",\"@id\":\"https:\\\/\\\/www.organisator.ch\\\/#website\",\"url\":\"https:\\\/\\\/www.organisator.ch\\\/\",\"name\":\"Organisator\",\"description\":\"Kompetent. Praxisnah. Der ORGANISATOR bereitet in 10 Ausgaben pro Jahr die wesentlichen Themen f\u00fcr F\u00fchrungskr\u00e4fte von KMU auf.\",\"publisher\":{\"@id\":\"https:\\\/\\\/www.organisator.ch\\\/#organization\"},\"potentialAction\":[{\"@type\":\"SearchAction\",\"target\":{\"@type\":\"EntryPoint\",\"urlTemplate\":\"https:\\\/\\\/www.organisator.ch\\\/?s={search_term_string}\"},\"query-input\":{\"@type\":\"PropertyValueSpecification\",\"valueRequired\":true,\"valueName\":\"search_term_string\"}}],\"inLanguage\":\"de\"},{\"@type\":\"Organization\",\"@id\":\"https:\\\/\\\/www.organisator.ch\\\/#organization\",\"name\":\"Organisator\",\"url\":\"https:\\\/\\\/www.organisator.ch\\\/\",\"logo\":{\"@type\":\"ImageObject\",\"inLanguage\":\"de\",\"@id\":\"https:\\\/\\\/www.organisator.ch\\\/#\\\/schema\\\/logo\\\/image\\\/\",\"url\":\"https:\\\/\\\/www.organisator.ch\\\/wp-content\\\/uploads\\\/2022\\\/01\\\/Logo_Organisator_Website.png\",\"contentUrl\":\"https:\\\/\\\/www.organisator.ch\\\/wp-content\\\/uploads\\\/2022\\\/01\\\/Logo_Organisator_Website.png\",\"width\":800,\"height\":77,\"caption\":\"Organisator\"},\"image\":{\"@id\":\"https:\\\/\\\/www.organisator.ch\\\/#\\\/schema\\\/logo\\\/image\\\/\"},\"sameAs\":[\"https:\\\/\\\/www.facebook.com\\\/OrganisatorFachmagazin\",\"https:\\\/\\\/www.linkedin.com\\\/showcase\\\/organisator-das-magazin-fr-kmu\",\"https:\\\/\\\/www.xing.com\\\/news\\\/pages\\\/organisator-ch-695\",\"https:\\\/\\\/www.youtube.com\\\/channel\\\/UCGP2Sq0iWaZwT3BdIAQFYpw\"]},{\"@type\":\"Person\",\"@id\":\"https:\\\/\\\/www.organisator.ch\\\/#\\\/schema\\\/person\\\/6f650f90b2842cd4c0cc334b4e36f67e\",\"name\":\"thomas.berner\",\"image\":{\"@type\":\"ImageObject\",\"inLanguage\":\"de\",\"@id\":\"https:\\\/\\\/secure.gravatar.com\\\/avatar\\\/ac5001d2a36cb6c6cd3e50789007ffca834b477b74a2144564522e944eabff61?s=96&d=mm&r=g\",\"url\":\"https:\\\/\\\/secure.gravatar.com\\\/avatar\\\/ac5001d2a36cb6c6cd3e50789007ffca834b477b74a2144564522e944eabff61?s=96&d=mm&r=g\",\"contentUrl\":\"https:\\\/\\\/secure.gravatar.com\\\/avatar\\\/ac5001d2a36cb6c6cd3e50789007ffca834b477b74a2144564522e944eabff61?s=96&d=mm&r=g\",\"caption\":\"thomas.berner\"},\"url\":\"https:\\\/\\\/www.organisator.ch\\\/de\\\/author\\\/thomas-berner\\\/\"}]}<\/script>\n<!-- \/ Yoast SEO plugin. -->","yoast_head_json":{"title":"The Circle Conference: Die erste nationale Live-Grossveranstaltung nach Corona - Organisator","description":"Neue Location, neues Konzept, neue Messe: Die Organisatoren der \u00abThe Circle Conference\u00bb gehen am 1. Juli im \u00abThe Circle Convention Center\u00bb an den Start.","robots":{"index":"index","follow":"follow","max-snippet":"max-snippet:-1","max-image-preview":"max-image-preview:large","max-video-preview":"max-video-preview:-1"},"canonical":"https:\/\/www.organisator.ch\/de\/marketing\/2021-06-18\/the-circle-conference-die-erste-nationale-live-grossveranstaltung-nach-corona\/","og_locale":"de_DE","og_type":"article","og_title":"The Circle Conference: Die erste nationale Live-Grossveranstaltung nach Corona","og_description":"Neue Location, neues Konzept, neue Messe: Die Organisatoren der \u00abThe Circle Conference\u00bb gehen am 1. Juli im \u00abThe Circle Convention Center\u00bb an den Start.","og_url":"https:\/\/www.organisator.ch\/de\/marketing\/2021-06-18\/the-circle-conference-die-erste-nationale-live-grossveranstaltung-nach-corona\/","og_site_name":"Organisator","article_publisher":"https:\/\/www.facebook.com\/OrganisatorFachmagazin","article_published_time":"2021-06-18T06:52:59+00:00","og_image":[{"width":680,"height":449,"url":"https:\/\/www.organisator.ch\/wp-content\/uploads\/2021\/06\/The-Circle-Conference-Die-erste-nationale-Live-Grossveranstaltung-nach-Corona-2_Organisator.jpg","type":"image\/jpeg"}],"author":"thomas.berner","twitter_card":"summary_large_image","twitter_title":"The #Circle Conference: Die erste nationale #Live-Grossveranstaltung nach Corona","twitter_description":"Neue Location, neues Konzept, neue Messe: Die Organisatoren der #TheCircleConference gehen am 1. Juli im \u00abThe Circle Convention Center\u00bb an den Start.","twitter_image":"https:\/\/www.organisator.ch\/wp-content\/uploads\/2021\/06\/The-Circle-Conference-Die-erste-nationale-Live-Grossveranstaltung-nach-Corona-2_Organisator.jpg","schema":{"@context":"https:\/\/schema.org","@graph":[{"@type":"Article","@id":"https:\/\/www.organisator.ch\/marketing\/2021-06-18\/the-circle-conference-die-erste-nationale-live-grossveranstaltung-nach-corona\/#article","isPartOf":{"@id":"https:\/\/www.organisator.ch\/marketing\/2021-06-18\/the-circle-conference-die-erste-nationale-live-grossveranstaltung-nach-corona\/"},"author":{"name":"thomas.berner","@id":"https:\/\/www.organisator.ch\/#\/schema\/person\/6f650f90b2842cd4c0cc334b4e36f67e"},"headline":"The Circle Conference: Die erste nationale Live-Grossveranstaltung nach Corona","datePublished":"2021-06-18T06:52:59+00:00","mainEntityOfPage":{"@id":"https:\/\/www.organisator.ch\/marketing\/2021-06-18\/the-circle-conference-die-erste-nationale-live-grossveranstaltung-nach-corona\/"},"wordCount":663,"publisher":{"@id":"https:\/\/www.organisator.ch\/#organization"},"image":{"@id":"https:\/\/www.organisator.ch\/marketing\/2021-06-18\/the-circle-conference-die-erste-nationale-live-grossveranstaltung-nach-corona\/#primaryimage"},"thumbnailUrl":"https:\/\/www.organisator.ch\/wp-content\/uploads\/2021\/06\/The-Circle-Conference-Die-erste-nationale-Live-Grossveranstaltung-nach-Corona-2_Organisator.jpg","keywords":["Event","Fachkongress\/Fachmesse","Marketing","Veranstaltungen"],"articleSection":["MARKETING"],"inLanguage":"de"},{"@type":"WebPage","@id":"https:\/\/www.organisator.ch\/marketing\/2021-06-18\/the-circle-conference-die-erste-nationale-live-grossveranstaltung-nach-corona\/","url":"https:\/\/www.organisator.ch\/marketing\/2021-06-18\/the-circle-conference-die-erste-nationale-live-grossveranstaltung-nach-corona\/","name":"The Circle Conference: Die erste nationale Live-Grossveranstaltung nach Corona - Organisator","isPartOf":{"@id":"https:\/\/www.organisator.ch\/#website"},"primaryImageOfPage":{"@id":"https:\/\/www.organisator.ch\/marketing\/2021-06-18\/the-circle-conference-die-erste-nationale-live-grossveranstaltung-nach-corona\/#primaryimage"},"image":{"@id":"https:\/\/www.organisator.ch\/marketing\/2021-06-18\/the-circle-conference-die-erste-nationale-live-grossveranstaltung-nach-corona\/#primaryimage"},"thumbnailUrl":"https:\/\/www.organisator.ch\/wp-content\/uploads\/2021\/06\/The-Circle-Conference-Die-erste-nationale-Live-Grossveranstaltung-nach-Corona-2_Organisator.jpg","datePublished":"2021-06-18T06:52:59+00:00","description":"Neue Location, neues Konzept, neue Messe: Die Organisatoren der \u00abThe Circle Conference\u00bb gehen am 1. Juli im \u00abThe Circle Convention Center\u00bb an den Start.","breadcrumb":{"@id":"https:\/\/www.organisator.ch\/marketing\/2021-06-18\/the-circle-conference-die-erste-nationale-live-grossveranstaltung-nach-corona\/#breadcrumb"},"inLanguage":"de","potentialAction":[{"@type":"ReadAction","target":["https:\/\/www.organisator.ch\/marketing\/2021-06-18\/the-circle-conference-die-erste-nationale-live-grossveranstaltung-nach-corona\/"]}]},{"@type":"ImageObject","inLanguage":"de","@id":"https:\/\/www.organisator.ch\/marketing\/2021-06-18\/the-circle-conference-die-erste-nationale-live-grossveranstaltung-nach-corona\/#primaryimage","url":"https:\/\/www.organisator.ch\/wp-content\/uploads\/2021\/06\/The-Circle-Conference-Die-erste-nationale-Live-Grossveranstaltung-nach-Corona-2_Organisator.jpg","contentUrl":"https:\/\/www.organisator.ch\/wp-content\/uploads\/2021\/06\/The-Circle-Conference-Die-erste-nationale-Live-Grossveranstaltung-nach-Corona-2_Organisator.jpg","width":680,"height":449,"caption":"Schluss mit der Leere im \u00abThe Circle Convention Center\u00bb am Z\u00fcrcher Flughafen: Mit The Circle Conference wird am 1. Juli 2021 die erste nationale Live-Konferenz nach Corona mit bis zu 1'000 Teilnehmenden durchgef\u00fchrt. (Bild: Unsplash.com)"},{"@type":"BreadcrumbList","@id":"https:\/\/www.organisator.ch\/marketing\/2021-06-18\/the-circle-conference-die-erste-nationale-live-grossveranstaltung-nach-corona\/#breadcrumb","itemListElement":[{"@type":"ListItem","position":1,"name":"Home","item":"https:\/\/www.organisator.ch\/"},{"@type":"ListItem","position":2,"name":"The Circle Conference: Die erste nationale Live-Grossveranstaltung nach Corona"}]},{"@type":"WebSite","@id":"https:\/\/www.organisator.ch\/#website","url":"https:\/\/www.organisator.ch\/","name":"Organisator","description":"Kompetent. Praxisnah. Der ORGANISATOR bereitet in 10 Ausgaben pro Jahr die wesentlichen Themen f\u00fcr F\u00fchrungskr\u00e4fte von KMU auf.","publisher":{"@id":"https:\/\/www.organisator.ch\/#organization"},"potentialAction":[{"@type":"SearchAction","target":{"@type":"EntryPoint","urlTemplate":"https:\/\/www.organisator.ch\/?s={search_term_string}"},"query-input":{"@type":"PropertyValueSpecification","valueRequired":true,"valueName":"search_term_string"}}],"inLanguage":"de"},{"@type":"Organization","@id":"https:\/\/www.organisator.ch\/#organization","name":"Organisator","url":"https:\/\/www.organisator.ch\/","logo":{"@type":"ImageObject","inLanguage":"de","@id":"https:\/\/www.organisator.ch\/#\/schema\/logo\/image\/","url":"https:\/\/www.organisator.ch\/wp-content\/uploads\/2022\/01\/Logo_Organisator_Website.png","contentUrl":"https:\/\/www.organisator.ch\/wp-content\/uploads\/2022\/01\/Logo_Organisator_Website.png","width":800,"height":77,"caption":"Organisator"},"image":{"@id":"https:\/\/www.organisator.ch\/#\/schema\/logo\/image\/"},"sameAs":["https:\/\/www.facebook.com\/OrganisatorFachmagazin","https:\/\/www.linkedin.com\/showcase\/organisator-das-magazin-fr-kmu","https:\/\/www.xing.com\/news\/pages\/organisator-ch-695","https:\/\/www.youtube.com\/channel\/UCGP2Sq0iWaZwT3BdIAQFYpw"]},{"@type":"Person","@id":"https:\/\/www.organisator.ch\/#\/schema\/person\/6f650f90b2842cd4c0cc334b4e36f67e","name":"thomas.berner","image":{"@type":"ImageObject","inLanguage":"de","@id":"https:\/\/secure.gravatar.com\/avatar\/ac5001d2a36cb6c6cd3e50789007ffca834b477b74a2144564522e944eabff61?s=96&d=mm&r=g","url":"https:\/\/secure.gravatar.com\/avatar\/ac5001d2a36cb6c6cd3e50789007ffca834b477b74a2144564522e944eabff61?s=96&d=mm&r=g","contentUrl":"https:\/\/secure.gravatar.com\/avatar\/ac5001d2a36cb6c6cd3e50789007ffca834b477b74a2144564522e944eabff61?s=96&d=mm&r=g","caption":"thomas.berner"},"url":"https:\/\/www.organisator.ch\/de\/author\/thomas-berner\/"}]}},"_links":{"self":[{"href":"https:\/\/www.organisator.ch\/de\/wp-json\/wp\/v2\/posts\/8170","targetHints":{"allow":["GET"]}}],"collection":[{"href":"https:\/\/www.organisator.ch\/de\/wp-json\/wp\/v2\/posts"}],"about":[{"href":"https:\/\/www.organisator.ch\/de\/wp-json\/wp\/v2\/types\/post"}],"author":[{"embeddable":true,"href":"https:\/\/www.organisator.ch\/de\/wp-json\/wp\/v2\/users\/4"}],"replies":[{"embeddable":true,"href":"https:\/\/www.organisator.ch\/de\/wp-json\/wp\/v2\/comments?post=8170"}],"version-history":[{"count":0,"href":"https:\/\/www.organisator.ch\/de\/wp-json\/wp\/v2\/posts\/8170\/revisions"}],"wp:featuredmedia":[{"embeddable":true,"href":"https:\/\/www.organisator.ch\/de\/wp-json\/wp\/v2\/media\/8171"}],"wp:attachment":[{"href":"https:\/\/www.organisator.ch\/de\/wp-json\/wp\/v2\/media?parent=8170"}],"wp:term":[{"taxonomy":"category","embeddable":true,"href":"https:\/\/www.organisator.ch\/de\/wp-json\/wp\/v2\/categories?post=8170"},{"taxonomy":"post_tag","embeddable":true,"href":"https:\/\/www.organisator.ch\/de\/wp-json\/wp\/v2\/tags?post=8170"}],"curies":[{"name":"wp","href":"https:\/\/api.w.org\/{rel}","templated":true}]}}