{"id":8191,"date":"2021-06-28T15:00:58","date_gmt":"2021-06-28T13:00:58","guid":{"rendered":"https:\/\/www.organisator.ch\/?p=8191"},"modified":"2021-06-28T15:00:58","modified_gmt":"2021-06-28T13:00:58","slug":"mit-achtsamkeit-durch-stuermische-zeiten","status":"publish","type":"post","link":"https:\/\/www.organisator.ch\/de\/human-resources\/fit_im_job\/2021-06-28\/mit-achtsamkeit-durch-stuermische-zeiten\/","title":{"rendered":"Mit Achtsamkeit durch st\u00fcrmische Zeiten"},"content":{"rendered":"<figure id=\"attachment_8200\" aria-describedby=\"caption-attachment-8200\" style=\"width: 680px\" class=\"wp-caption alignnone\"><a href=\"https:\/\/www.organisator.ch\/wp-content\/uploads\/2021\/06\/Mit-Achtsamkeit-durch-stuermische-Zeiten_Organisator.jpg\"><img loading=\"lazy\" decoding=\"async\" class=\"size-medium wp-image-8200\" src=\"https:\/\/www.organisator.ch\/wp-content\/uploads\/2021\/06\/Mit-Achtsamkeit-durch-stuermische-Zeiten_Organisator.jpg\" alt=\"\" width=\"680\" height=\"542\" srcset=\"https:\/\/www.organisator.ch\/wp-content\/uploads\/2021\/06\/Mit-Achtsamkeit-durch-stuermische-Zeiten_Organisator.jpg 680w, https:\/\/www.organisator.ch\/wp-content\/uploads\/2021\/06\/Mit-Achtsamkeit-durch-stuermische-Zeiten_Organisator-16x12.jpg 16w, https:\/\/www.organisator.ch\/wp-content\/uploads\/2021\/06\/Mit-Achtsamkeit-durch-stuermische-Zeiten_Organisator-220x175.jpg 220w, https:\/\/www.organisator.ch\/wp-content\/uploads\/2021\/06\/Mit-Achtsamkeit-durch-stuermische-Zeiten_Organisator-439x350.jpg 439w, https:\/\/www.organisator.ch\/wp-content\/uploads\/2021\/06\/Mit-Achtsamkeit-durch-stuermische-Zeiten_Organisator-300x239.jpg 300w\" sizes=\"auto, (max-width: 680px) 100vw, 680px\" \/><\/a><figcaption id=\"caption-attachment-8200\" class=\"wp-caption-text\">Sich auf das Hier und Jetzt zu konzentrieren \u2013 ein zentrales Element der Achtsamkeit.<\/figcaption><\/figure>\n<p>Unsere Arbeitswelt ver\u00e4ndert sich rasant, und sp\u00e4testens seit Beginn der Pandemie steht eines fest: Viele Aspekte des neuen Arbeitens wie das Flex office, F\u00fchren \u00fcber Distanz und die Zusammenarbeit im virtuellen Team werden bleiben. Sie unterst\u00fctzen den Wandel in der Arbeitswelt und die Digitalisierung. Dennoch stellen diese Ver\u00e4nderungen die Menschen im Unternehmen vor Herausforderungen. Der Mensch mag Routinen, denn sein Gehirn bevorzugt es prim\u00e4r, die gewohnten Bahnen im neuronalen Netzwerk zu nutzen. Schnelle Ver\u00e4nderungen fordern das menschliche Gehirn heraus, denn neues Denken und Handeln kostet viel Energie.<\/p>\n<p>Achtsamkeit ist eine M\u00f6glichkeit, das Gehirn dabei zu unterst\u00fctzen, Ver\u00e4nderungen zu begegnen und Raum f\u00fcr neues Denken und Handeln zu kultivieren. So kann Achtsamkeit auch die Menschen unterst\u00fctzen, die sich in Hochgeschwindigkeit auf neue Arbeitsweisen einstellen m\u00fcssen.<\/p>\n<h2>Achtsamkeit \u2013 ganz im Hier und Jetzt<\/h2>\n<p>Was verstehen wir eigentlich unter Achtsamkeit? Achtsamkeit ist die Pr\u00e4senz im aktuellen Augenblick, urteilsfrei und mit Mitgef\u00fchl. Es ist ein Zustand der Wachheit, des Da-Seins.<\/p>\n<p>Das klingt ganz einfach. Doch schauen wir auf den modernen Alltag: Wie viel Zeit sind wir ganz da? Die meiste Zeit verbringen wir doch damit, die Vergangenheit zu analysieren, um daraus Schl\u00fcsse f\u00fcr die Zukunft zu ziehen. Oder wir schmieden Pl\u00e4ne f\u00fcr den n\u00e4chsten Tag und richten unser Handeln an Strategien aus.<\/p>\n<p>Unser Gehirn denkt bis zu 70 000 Gedanken am Tag. 70% davon sind sich wiederholende Gedanken, 27% sind \u00e4ngstliche und negative Gedanken und circa 3% sind neue Gedanken. Die wiederholte gedankliche Analyse der Vergangenheit in Verbindung mit Sorgen dar\u00fcber, dass sich bestimmte Szenarien wiederholen, ist folglich ganz nat\u00fcrlich. Die Gefahr ist jedoch, dass wir uns in den wirbelnden Gedanken verlieren und vergessen, wie es sich anf\u00fchlt, im aktuellen Augenblick zu sein.<\/p>\n<p>Achtsamkeitsmethoden wie Meditation, Yoga oder Qigong helfen uns, Pr\u00e4senz zu schaffen. Insbesondere in herausfordernden Zeiten wie der aktuellen Krise, in welcher das Gehirn st\u00e4ndig Impulse zur Sorge durch Medien und das pers\u00f6nliche Umfeld erh\u00e4lt, k\u00f6nnen Achtsamkeitsmethoden das mentale Wohlbefinden f\u00f6rdern.<\/p>\n<h2>Dem Gedankenwirbel im Homeoffice begegnen<\/h2>\n<p>Viele Angestellte befinden sich seit fast einem Jahr im Homeoffice. Manche m\u00fcssen dort neben den beruflichen Aufgaben auch andere B\u00e4lle in der Luft halten wie Homeschooling oder die Versorgung \u00e4lterer Familienmitglieder. Noch dazu kommen die erheblich angestiegenen Digitalzeiten vor dem Bildschirm und in Videokonferenzen. W\u00e4hrend der Ausgleich durch Bewegung sinkt, steigen Stress und Druck. Doch das ist vielen oft gar nicht bewusst.<\/p>\n<p>Sich \u00fcber die vorherrschenden Gef\u00fchle und k\u00f6rperlichen Empfindungen klar zu werden, kann auch im Homeoffice helfen, Anspannungen zu begegnen und sie nicht zu sehr anstauen zu lassen. Hier helfen folgende \u00dcbungen:<\/p>\n<ol>\n<li><strong>Blick an den Horizont:<\/strong> Nutzen Sie Pausen, um Ihren Blick am Horizont bzw. in der Ferne ruhen zu lassen. Fokussieren Sie dabei die Augen nicht, sondern lassen Sie den Blick sanft werden. Diese \u00dcbung beruhigt das vegetative Nervensystem und schafft so Pr\u00e4senz und Ruhe. Gleichzeitig entspannen sich die digital beanspruchten Augen.<\/li>\n<li><strong>Atem-Anker<\/strong>: Atmen Sie dreimal tief ein und wieder aus. Z\u00e4hlen Sie bei der Einatmung bis 4 und bei der Ausatmung bis 6 oder 8. Der Atem ist ein wunderbarer Weg, in den aktuellen Augenblick zu kommen und einen Fokus zu schaffen.<\/li>\n<\/ol>\n<h2>Achtsame F\u00fchrung funktioniert auch \u00fcber Distanz<\/h2>\n<p>F\u00fchrung wurde lange als ein hierarchischer Auftrag angesehen, der von oben nach unten durchgesetzt werden musste. Auch wenn diese Zeiten l\u00e4ngst vorbei sind, erfahren doch viele F\u00fchrungskr\u00e4fte eine Art von Machtlosigkeit, wenn sie ihre Mitarbeiter pl\u00f6tzlich nicht mehr im B\u00fcro sehen. Sie verlieren scheinbar an Kontrolle. Neues Arbeiten bedeutet auch, Mitarbeiter und Mitarbeiterinnen zu bef\u00e4higen und Vertrauen auszudr\u00fccken. In einer hoch komplexen Arbeitswelt, in der stetig neues Wissen generiert wird, kann eine einzelne F\u00fchrungskraft weder alle Zusammenh\u00e4nge \u00fcberblicken noch von sich erwarten, stets allein die beste Entscheidung zu treffen.<\/p>\n<p>Achtsamkeit kann der F\u00fchrung helfen, Kontrolle abzugeben und mehr ins Vertrauen zu gehen:<\/p>\n<ol>\n<li><strong>Die Kraft der Dankbarkeit:<\/strong> Starten Sie das Teammeeting mit einer Runde, in der alle teilen, wof\u00fcr sie dankbar sind. Machen Sie als F\u00fchrungskraft den Anfang. Das hebt die Stimmung im Team und dr\u00fcckt Wertsch\u00e4tzung aus.<\/li>\n<li><strong>Retrospektive:<\/strong> Reflektieren Sie am Ende eines Meetings (digital und real) gemeinsam mit der Gruppe, wer welche Redeanteile hatte. Schaffen Sie so Raum f\u00fcr aktive Gespr\u00e4chsanteile aller. Das ist Enablement!<\/li>\n<li><strong>Blauer Himmel:<\/strong> G\u00f6nnen Sie sich als F\u00fchrungskraft kurze Meditationspausen. Stellen Sie sich 5 Minuten lang vor, dass Ihre Gedanken wie Wolken am Himmel vor\u00fcberziehen. Das macht bewusst: Nicht auf jeden Stimulus muss eine Reaktion folgen.<\/li>\n<\/ol>\n<h2>Achtsamkeit im Team schafft Zusammenhalt<\/h2>\n<p>Immer \u00f6fter h\u00f6ren wir heute von psychologischer Sicherheit. Das Konzept hebt u.a. heraus, wie wichtig es ist, dass wir uns im Team sicher f\u00fchlen, um \u00fcber Fehler zu sprechen, Emotionen zu adressieren und uns so individuell und gemeinsam weiterzuentwickeln. Teams, welche diese F\u00e4higkeiten entwickelt haben, sind leistungsf\u00e4higer, kollaborativer und motivierter.<\/p>\n<p>Achtsamkeit schafft eine Grundlage f\u00fcr das Kultivieren dieser Art von Sicherheit im Team. Die gute Nachricht ist: Sie kann sowohl im echten als auch im virtuellen Raum gemeinsam praktiziert werden:<\/p>\n<ol>\n<li><strong>Morgenmeditationen mit Reflexion:<\/strong> Gemeinsame Starts in den Tag \u2013 beispielsweise einmal pro Woche \u2013 mit einer gemeinsamen Meditation erh\u00f6hen das mentale Wohlbefinden, den Fokus und die Konzentrationsf\u00e4higkeit. Das klappt auch digital!<\/li>\n<li><strong>Die virtuelle Schnitzeljagd:<\/strong> Nehmen Sie sich im Team einmal im Monat Zeit f\u00fcr ein Teambuilding. Die virtuelle Schnitzeljagd macht Spass und l\u00e4dt zum Gespr\u00e4ch ein. Hier sammeln alle in zwei Minuten z.B. \u00abetwas Rotes\u00bb, \u00abetwas Inspirierendes\u00bb, \u00abetwas Lustiges\u00bb und teilen danach, was es mit den Dingen auf sich hat.<\/li>\n<\/ol>\n<h2>Zukunftsf\u00e4higkeiten entwickeln heisst achtsam arbeiten und handeln<\/h2>\n<p>Der Artikel zeigt: Achtsamkeit ist mehr als Esoterik und R\u00e4ucherst\u00e4bchen. Wenn wir heute von einer neuen Arbeitswelt sprechen, bedeutet das auch: Wir brauchen neue F\u00e4higkeiten, um den digitalen Wandel aktiv mitzugestalten. Diese F\u00e4higkeiten sind u.a. Resilienz und mentales Wohlbefinden, Empathie, Ver\u00e4nderungsf\u00e4higkeit und digitale F\u00e4higkeiten. Achtsamkeit kann ein Weg sein, diese F\u00e4higkeiten als Mitarbeiter und Mitarbeiterin, als F\u00fchrungskraft, als Team und als Organisation zu entwickeln. So entstehen neue M\u00f6glichkeiten der aktiven Mitgestaltung aller im Unternehmen \u2013 zukunftsorientiert und nachhaltig. Im Zuge dessen darf sich auch F\u00fchrung nat\u00fcrlich ver\u00e4ndern und zu einem geteilten Prozess werden, der letztlich dem ganzen Unternehmen in seinem Wachstumsprozess dient.<\/p>\n<blockquote>\n<h2>Achtsamkeit<\/h2>\n<p>Die Methode der Achtsamkeit geht auf eine fern\u00f6stliche Meditationspraxis zur\u00fcck. Diese zielt darauf ab, sich mit allen Sinnen auf den Moment zu konzentrieren und im Hier und Jetzt zu verbleiben. Inzwischen bieten verschiedene Dienstleister wie z.B. <a href=\"https:\/\/myndway.com\">myndway<\/a> Achtsamkeitstrainings f\u00fcr Unternehmen an, auch digital.<\/p><\/blockquote>\n<p>&nbsp;<\/p>\n<p><strong><em>Autorin<\/em><\/strong><\/p>\n<p><a href=\"https:\/\/www.organisator.ch\/wp-content\/uploads\/2021\/06\/Mit-Achtsamkeit-durch-stuermische-Zeiten-2_Organisator.jpg\"><img loading=\"lazy\" decoding=\"async\" class=\"alignnone size-full wp-image-8202\" src=\"https:\/\/www.organisator.ch\/wp-content\/uploads\/2021\/06\/Mit-Achtsamkeit-durch-stuermische-Zeiten-2_Organisator.jpg\" alt=\"\" width=\"340\" height=\"412\" srcset=\"https:\/\/www.organisator.ch\/wp-content\/uploads\/2021\/06\/Mit-Achtsamkeit-durch-stuermische-Zeiten-2_Organisator.jpg 340w, https:\/\/www.organisator.ch\/wp-content\/uploads\/2021\/06\/Mit-Achtsamkeit-durch-stuermische-Zeiten-2_Organisator-10x12.jpg 10w, https:\/\/www.organisator.ch\/wp-content\/uploads\/2021\/06\/Mit-Achtsamkeit-durch-stuermische-Zeiten-2_Organisator-144x175.jpg 144w, https:\/\/www.organisator.ch\/wp-content\/uploads\/2021\/06\/Mit-Achtsamkeit-durch-stuermische-Zeiten-2_Organisator-289x350.jpg 289w, https:\/\/www.organisator.ch\/wp-content\/uploads\/2021\/06\/Mit-Achtsamkeit-durch-stuermische-Zeiten-2_Organisator-300x364.jpg 300w\" sizes=\"auto, (max-width: 340px) 100vw, 340px\" \/><\/a><\/p>\n<p><em>Dr. Martina Weifenbach ist Vorreiterin in der Verkn\u00fcpfung von digitaler Innovation, New Work und Achtsamkeit. Sie ist Autorin von \u00abAchtsamkeit und Innovation in integrierten Organisationen\u00bb, Executive Coach und Gr\u00fcnderin von myndway. Ziel von myndway.com ist es, Achtsamkeit und Agilit\u00e4t in Unternehmen zu bringen.<\/em><br \/>\n<em>Weitere Informationen: <a href=\"https:\/\/myndway.com\">https:\/\/myndway.com<\/a><\/em><\/p>\n","protected":false},"excerpt":{"rendered":"<p>Unsere Arbeitswelt ver\u00e4ndert sich rasant, und sp\u00e4testens seit Beginn der Pandemie steht eines fest: Viele Aspekte des neuen Arbeitens wie das Flex office, F\u00fchren \u00fcber Distanz und die Zusammenarbeit im virtuellen Team werden bleiben. Sie unterst\u00fctzen den Wandel in der Arbeitswelt und die Digitalisierung. Dennoch stellen diese Ver\u00e4nderungen die Menschen im Unternehmen vor Herausforderungen. Der [&hellip;]<\/p>\n","protected":false},"author":4,"featured_media":8200,"comment_status":"closed","ping_status":"closed","sticky":false,"template":"","format":"standard","meta":{"_acf_changed":false,"_yoast_wpseo_focuskw":"Achtsamkeit","_yoast_wpseo_metadesc":"Achtsamkeit scheint das neue Modewort zu sein. Wie kann uns Achtsamkeit helfen, herausfordernde Situationen im beruflichen und privaten Alltag zu meistern?","articlekey":"","footnotes":""},"categories":[25],"tags":[208,320,400,429],"class_list":["post-8191","post","type-post","status-publish","format-standard","has-post-thumbnail","hentry","category-fit_im_job","tag-fit-im-job","tag-leadership","tag-psychische-gesundheit","tag-selbstmanagement"],"acf":[],"yoast_head":"<!-- This site is optimized with the Yoast SEO plugin v27.5 - https:\/\/yoast.com\/product\/yoast-seo-wordpress\/ -->\n<title>Mit Achtsamkeit durch st\u00fcrmische Zeiten - Organisator<\/title>\n<meta name=\"description\" content=\"Achtsamkeit scheint das neue Modewort zu sein. Wie kann uns Achtsamkeit helfen, herausfordernde Situationen im beruflichen und privaten Alltag zu meistern?\" \/>\n<meta name=\"robots\" content=\"index, follow, max-snippet:-1, max-image-preview:large, max-video-preview:-1\" \/>\n<link rel=\"canonical\" href=\"https:\/\/www.organisator.ch\/de\/human-resources\/fit_im_job\/2021-06-28\/mit-achtsamkeit-durch-stuermische-zeiten\/\" \/>\n<meta property=\"og:locale\" content=\"de_DE\" \/>\n<meta property=\"og:type\" content=\"article\" \/>\n<meta property=\"og:title\" content=\"Mit Achtsamkeit durch st\u00fcrmische Zeiten\" \/>\n<meta property=\"og:description\" content=\"Achtsamkeit scheint das neue Modewort zu sein. Wie kann uns Achtsamkeit helfen, herausfordernde Situationen im beruflichen und privaten Alltag zu meistern?\" \/>\n<meta property=\"og:url\" content=\"https:\/\/www.organisator.ch\/de\/human-resources\/fit_im_job\/2021-06-28\/mit-achtsamkeit-durch-stuermische-zeiten\/\" \/>\n<meta property=\"og:site_name\" content=\"Organisator\" \/>\n<meta property=\"article:publisher\" content=\"https:\/\/www.facebook.com\/OrganisatorFachmagazin\" \/>\n<meta property=\"article:published_time\" content=\"2021-06-28T13:00:58+00:00\" \/>\n<meta property=\"og:image\" content=\"https:\/\/www.organisator.ch\/wp-content\/uploads\/2021\/06\/Mit-Achtsamkeit-durch-stuermische-Zeiten_Organisator.jpg\" \/>\n\t<meta property=\"og:image:width\" content=\"680\" \/>\n\t<meta property=\"og:image:height\" content=\"542\" \/>\n\t<meta property=\"og:image:type\" content=\"image\/jpeg\" \/>\n<meta name=\"author\" content=\"thomas.berner\" \/>\n<meta name=\"twitter:card\" content=\"summary_large_image\" \/>\n<meta name=\"twitter:title\" content=\"Mit #Achtsamkeit durch st\u00fcrmische Zeiten\" \/>\n<meta name=\"twitter:description\" content=\"#Achtsamkeit scheint das neue #Modewort zu sein. Wie kann uns Achtsamkeit helfen, herausfordernde Situationen im beruflichen und privaten Alltag zu meistern?\" \/>\n<meta name=\"twitter:image\" content=\"https:\/\/www.organisator.ch\/wp-content\/uploads\/2021\/06\/Mit-Achtsamkeit-durch-stuermische-Zeiten_Organisator.jpg\" \/>\n<script type=\"application\/ld+json\" class=\"yoast-schema-graph\">{\"@context\":\"https:\\\/\\\/schema.org\",\"@graph\":[{\"@type\":\"Article\",\"@id\":\"https:\\\/\\\/www.organisator.ch\\\/human-resources\\\/fit_im_job\\\/2021-06-28\\\/mit-achtsamkeit-durch-stuermische-zeiten\\\/#article\",\"isPartOf\":{\"@id\":\"https:\\\/\\\/www.organisator.ch\\\/human-resources\\\/fit_im_job\\\/2021-06-28\\\/mit-achtsamkeit-durch-stuermische-zeiten\\\/\"},\"author\":{\"name\":\"thomas.berner\",\"@id\":\"https:\\\/\\\/www.organisator.ch\\\/#\\\/schema\\\/person\\\/6f650f90b2842cd4c0cc334b4e36f67e\"},\"headline\":\"Mit Achtsamkeit durch st\u00fcrmische Zeiten\",\"datePublished\":\"2021-06-28T13:00:58+00:00\",\"mainEntityOfPage\":{\"@id\":\"https:\\\/\\\/www.organisator.ch\\\/human-resources\\\/fit_im_job\\\/2021-06-28\\\/mit-achtsamkeit-durch-stuermische-zeiten\\\/\"},\"wordCount\":1189,\"publisher\":{\"@id\":\"https:\\\/\\\/www.organisator.ch\\\/#organization\"},\"image\":{\"@id\":\"https:\\\/\\\/www.organisator.ch\\\/human-resources\\\/fit_im_job\\\/2021-06-28\\\/mit-achtsamkeit-durch-stuermische-zeiten\\\/#primaryimage\"},\"thumbnailUrl\":\"https:\\\/\\\/www.organisator.ch\\\/wp-content\\\/uploads\\\/2021\\\/06\\\/Mit-Achtsamkeit-durch-stuermische-Zeiten_Organisator.jpg\",\"keywords\":[\"Fit im Job\",\"Leadership\",\"Psychische Gesundheit\",\"Selbstmanagement\"],\"articleSection\":[\"FIT IM JOB\"],\"inLanguage\":\"de\"},{\"@type\":\"WebPage\",\"@id\":\"https:\\\/\\\/www.organisator.ch\\\/human-resources\\\/fit_im_job\\\/2021-06-28\\\/mit-achtsamkeit-durch-stuermische-zeiten\\\/\",\"url\":\"https:\\\/\\\/www.organisator.ch\\\/human-resources\\\/fit_im_job\\\/2021-06-28\\\/mit-achtsamkeit-durch-stuermische-zeiten\\\/\",\"name\":\"Mit Achtsamkeit durch st\u00fcrmische Zeiten - Organisator\",\"isPartOf\":{\"@id\":\"https:\\\/\\\/www.organisator.ch\\\/#website\"},\"primaryImageOfPage\":{\"@id\":\"https:\\\/\\\/www.organisator.ch\\\/human-resources\\\/fit_im_job\\\/2021-06-28\\\/mit-achtsamkeit-durch-stuermische-zeiten\\\/#primaryimage\"},\"image\":{\"@id\":\"https:\\\/\\\/www.organisator.ch\\\/human-resources\\\/fit_im_job\\\/2021-06-28\\\/mit-achtsamkeit-durch-stuermische-zeiten\\\/#primaryimage\"},\"thumbnailUrl\":\"https:\\\/\\\/www.organisator.ch\\\/wp-content\\\/uploads\\\/2021\\\/06\\\/Mit-Achtsamkeit-durch-stuermische-Zeiten_Organisator.jpg\",\"datePublished\":\"2021-06-28T13:00:58+00:00\",\"description\":\"Achtsamkeit scheint das neue Modewort zu sein. Wie kann uns Achtsamkeit helfen, herausfordernde Situationen im beruflichen und privaten Alltag zu meistern?\",\"breadcrumb\":{\"@id\":\"https:\\\/\\\/www.organisator.ch\\\/human-resources\\\/fit_im_job\\\/2021-06-28\\\/mit-achtsamkeit-durch-stuermische-zeiten\\\/#breadcrumb\"},\"inLanguage\":\"de\",\"potentialAction\":[{\"@type\":\"ReadAction\",\"target\":[\"https:\\\/\\\/www.organisator.ch\\\/human-resources\\\/fit_im_job\\\/2021-06-28\\\/mit-achtsamkeit-durch-stuermische-zeiten\\\/\"]}]},{\"@type\":\"ImageObject\",\"inLanguage\":\"de\",\"@id\":\"https:\\\/\\\/www.organisator.ch\\\/human-resources\\\/fit_im_job\\\/2021-06-28\\\/mit-achtsamkeit-durch-stuermische-zeiten\\\/#primaryimage\",\"url\":\"https:\\\/\\\/www.organisator.ch\\\/wp-content\\\/uploads\\\/2021\\\/06\\\/Mit-Achtsamkeit-durch-stuermische-Zeiten_Organisator.jpg\",\"contentUrl\":\"https:\\\/\\\/www.organisator.ch\\\/wp-content\\\/uploads\\\/2021\\\/06\\\/Mit-Achtsamkeit-durch-stuermische-Zeiten_Organisator.jpg\",\"width\":680,\"height\":542,\"caption\":\"Sich auf das Hier und Jetzt zu konzentrieren \u2013 ein zentrales Element der Achtsamkeit.\"},{\"@type\":\"BreadcrumbList\",\"@id\":\"https:\\\/\\\/www.organisator.ch\\\/human-resources\\\/fit_im_job\\\/2021-06-28\\\/mit-achtsamkeit-durch-stuermische-zeiten\\\/#breadcrumb\",\"itemListElement\":[{\"@type\":\"ListItem\",\"position\":1,\"name\":\"Home\",\"item\":\"https:\\\/\\\/www.organisator.ch\\\/\"},{\"@type\":\"ListItem\",\"position\":2,\"name\":\"Mit Achtsamkeit durch st\u00fcrmische Zeiten\"}]},{\"@type\":\"WebSite\",\"@id\":\"https:\\\/\\\/www.organisator.ch\\\/#website\",\"url\":\"https:\\\/\\\/www.organisator.ch\\\/\",\"name\":\"Organisator\",\"description\":\"Kompetent. Praxisnah. Der ORGANISATOR bereitet in 10 Ausgaben pro Jahr die wesentlichen Themen f\u00fcr F\u00fchrungskr\u00e4fte von KMU auf.\",\"publisher\":{\"@id\":\"https:\\\/\\\/www.organisator.ch\\\/#organization\"},\"potentialAction\":[{\"@type\":\"SearchAction\",\"target\":{\"@type\":\"EntryPoint\",\"urlTemplate\":\"https:\\\/\\\/www.organisator.ch\\\/?s={search_term_string}\"},\"query-input\":{\"@type\":\"PropertyValueSpecification\",\"valueRequired\":true,\"valueName\":\"search_term_string\"}}],\"inLanguage\":\"de\"},{\"@type\":\"Organization\",\"@id\":\"https:\\\/\\\/www.organisator.ch\\\/#organization\",\"name\":\"Organisator\",\"url\":\"https:\\\/\\\/www.organisator.ch\\\/\",\"logo\":{\"@type\":\"ImageObject\",\"inLanguage\":\"de\",\"@id\":\"https:\\\/\\\/www.organisator.ch\\\/#\\\/schema\\\/logo\\\/image\\\/\",\"url\":\"https:\\\/\\\/www.organisator.ch\\\/wp-content\\\/uploads\\\/2022\\\/01\\\/Logo_Organisator_Website.png\",\"contentUrl\":\"https:\\\/\\\/www.organisator.ch\\\/wp-content\\\/uploads\\\/2022\\\/01\\\/Logo_Organisator_Website.png\",\"width\":800,\"height\":77,\"caption\":\"Organisator\"},\"image\":{\"@id\":\"https:\\\/\\\/www.organisator.ch\\\/#\\\/schema\\\/logo\\\/image\\\/\"},\"sameAs\":[\"https:\\\/\\\/www.facebook.com\\\/OrganisatorFachmagazin\",\"https:\\\/\\\/www.linkedin.com\\\/showcase\\\/organisator-das-magazin-fr-kmu\",\"https:\\\/\\\/www.xing.com\\\/news\\\/pages\\\/organisator-ch-695\",\"https:\\\/\\\/www.youtube.com\\\/channel\\\/UCGP2Sq0iWaZwT3BdIAQFYpw\"]},{\"@type\":\"Person\",\"@id\":\"https:\\\/\\\/www.organisator.ch\\\/#\\\/schema\\\/person\\\/6f650f90b2842cd4c0cc334b4e36f67e\",\"name\":\"thomas.berner\",\"image\":{\"@type\":\"ImageObject\",\"inLanguage\":\"de\",\"@id\":\"https:\\\/\\\/secure.gravatar.com\\\/avatar\\\/ac5001d2a36cb6c6cd3e50789007ffca834b477b74a2144564522e944eabff61?s=96&d=mm&r=g\",\"url\":\"https:\\\/\\\/secure.gravatar.com\\\/avatar\\\/ac5001d2a36cb6c6cd3e50789007ffca834b477b74a2144564522e944eabff61?s=96&d=mm&r=g\",\"contentUrl\":\"https:\\\/\\\/secure.gravatar.com\\\/avatar\\\/ac5001d2a36cb6c6cd3e50789007ffca834b477b74a2144564522e944eabff61?s=96&d=mm&r=g\",\"caption\":\"thomas.berner\"},\"url\":\"https:\\\/\\\/www.organisator.ch\\\/de\\\/author\\\/thomas-berner\\\/\"}]}<\/script>\n<!-- \/ Yoast SEO plugin. -->","yoast_head_json":{"title":"Mit Achtsamkeit durch st\u00fcrmische Zeiten - Organisator","description":"Achtsamkeit scheint das neue Modewort zu sein. Wie kann uns Achtsamkeit helfen, herausfordernde Situationen im beruflichen und privaten Alltag zu meistern?","robots":{"index":"index","follow":"follow","max-snippet":"max-snippet:-1","max-image-preview":"max-image-preview:large","max-video-preview":"max-video-preview:-1"},"canonical":"https:\/\/www.organisator.ch\/de\/human-resources\/fit_im_job\/2021-06-28\/mit-achtsamkeit-durch-stuermische-zeiten\/","og_locale":"de_DE","og_type":"article","og_title":"Mit Achtsamkeit durch st\u00fcrmische Zeiten","og_description":"Achtsamkeit scheint das neue Modewort zu sein. Wie kann uns Achtsamkeit helfen, herausfordernde Situationen im beruflichen und privaten Alltag zu meistern?","og_url":"https:\/\/www.organisator.ch\/de\/human-resources\/fit_im_job\/2021-06-28\/mit-achtsamkeit-durch-stuermische-zeiten\/","og_site_name":"Organisator","article_publisher":"https:\/\/www.facebook.com\/OrganisatorFachmagazin","article_published_time":"2021-06-28T13:00:58+00:00","og_image":[{"width":680,"height":542,"url":"https:\/\/www.organisator.ch\/wp-content\/uploads\/2021\/06\/Mit-Achtsamkeit-durch-stuermische-Zeiten_Organisator.jpg","type":"image\/jpeg"}],"author":"thomas.berner","twitter_card":"summary_large_image","twitter_title":"Mit #Achtsamkeit durch st\u00fcrmische Zeiten","twitter_description":"#Achtsamkeit scheint das neue #Modewort zu sein. Wie kann uns Achtsamkeit helfen, herausfordernde Situationen im beruflichen und privaten Alltag zu meistern?","twitter_image":"https:\/\/www.organisator.ch\/wp-content\/uploads\/2021\/06\/Mit-Achtsamkeit-durch-stuermische-Zeiten_Organisator.jpg","schema":{"@context":"https:\/\/schema.org","@graph":[{"@type":"Article","@id":"https:\/\/www.organisator.ch\/human-resources\/fit_im_job\/2021-06-28\/mit-achtsamkeit-durch-stuermische-zeiten\/#article","isPartOf":{"@id":"https:\/\/www.organisator.ch\/human-resources\/fit_im_job\/2021-06-28\/mit-achtsamkeit-durch-stuermische-zeiten\/"},"author":{"name":"thomas.berner","@id":"https:\/\/www.organisator.ch\/#\/schema\/person\/6f650f90b2842cd4c0cc334b4e36f67e"},"headline":"Mit Achtsamkeit durch st\u00fcrmische Zeiten","datePublished":"2021-06-28T13:00:58+00:00","mainEntityOfPage":{"@id":"https:\/\/www.organisator.ch\/human-resources\/fit_im_job\/2021-06-28\/mit-achtsamkeit-durch-stuermische-zeiten\/"},"wordCount":1189,"publisher":{"@id":"https:\/\/www.organisator.ch\/#organization"},"image":{"@id":"https:\/\/www.organisator.ch\/human-resources\/fit_im_job\/2021-06-28\/mit-achtsamkeit-durch-stuermische-zeiten\/#primaryimage"},"thumbnailUrl":"https:\/\/www.organisator.ch\/wp-content\/uploads\/2021\/06\/Mit-Achtsamkeit-durch-stuermische-Zeiten_Organisator.jpg","keywords":["Fit im Job","Leadership","Psychische Gesundheit","Selbstmanagement"],"articleSection":["FIT IM JOB"],"inLanguage":"de"},{"@type":"WebPage","@id":"https:\/\/www.organisator.ch\/human-resources\/fit_im_job\/2021-06-28\/mit-achtsamkeit-durch-stuermische-zeiten\/","url":"https:\/\/www.organisator.ch\/human-resources\/fit_im_job\/2021-06-28\/mit-achtsamkeit-durch-stuermische-zeiten\/","name":"Mit Achtsamkeit durch st\u00fcrmische Zeiten - Organisator","isPartOf":{"@id":"https:\/\/www.organisator.ch\/#website"},"primaryImageOfPage":{"@id":"https:\/\/www.organisator.ch\/human-resources\/fit_im_job\/2021-06-28\/mit-achtsamkeit-durch-stuermische-zeiten\/#primaryimage"},"image":{"@id":"https:\/\/www.organisator.ch\/human-resources\/fit_im_job\/2021-06-28\/mit-achtsamkeit-durch-stuermische-zeiten\/#primaryimage"},"thumbnailUrl":"https:\/\/www.organisator.ch\/wp-content\/uploads\/2021\/06\/Mit-Achtsamkeit-durch-stuermische-Zeiten_Organisator.jpg","datePublished":"2021-06-28T13:00:58+00:00","description":"Achtsamkeit scheint das neue Modewort zu sein. Wie kann uns Achtsamkeit helfen, herausfordernde Situationen im beruflichen und privaten Alltag zu meistern?","breadcrumb":{"@id":"https:\/\/www.organisator.ch\/human-resources\/fit_im_job\/2021-06-28\/mit-achtsamkeit-durch-stuermische-zeiten\/#breadcrumb"},"inLanguage":"de","potentialAction":[{"@type":"ReadAction","target":["https:\/\/www.organisator.ch\/human-resources\/fit_im_job\/2021-06-28\/mit-achtsamkeit-durch-stuermische-zeiten\/"]}]},{"@type":"ImageObject","inLanguage":"de","@id":"https:\/\/www.organisator.ch\/human-resources\/fit_im_job\/2021-06-28\/mit-achtsamkeit-durch-stuermische-zeiten\/#primaryimage","url":"https:\/\/www.organisator.ch\/wp-content\/uploads\/2021\/06\/Mit-Achtsamkeit-durch-stuermische-Zeiten_Organisator.jpg","contentUrl":"https:\/\/www.organisator.ch\/wp-content\/uploads\/2021\/06\/Mit-Achtsamkeit-durch-stuermische-Zeiten_Organisator.jpg","width":680,"height":542,"caption":"Sich auf das Hier und Jetzt zu konzentrieren \u2013 ein zentrales Element der Achtsamkeit."},{"@type":"BreadcrumbList","@id":"https:\/\/www.organisator.ch\/human-resources\/fit_im_job\/2021-06-28\/mit-achtsamkeit-durch-stuermische-zeiten\/#breadcrumb","itemListElement":[{"@type":"ListItem","position":1,"name":"Home","item":"https:\/\/www.organisator.ch\/"},{"@type":"ListItem","position":2,"name":"Mit Achtsamkeit durch st\u00fcrmische Zeiten"}]},{"@type":"WebSite","@id":"https:\/\/www.organisator.ch\/#website","url":"https:\/\/www.organisator.ch\/","name":"Organisator","description":"Kompetent. Praxisnah. Der ORGANISATOR bereitet in 10 Ausgaben pro Jahr die wesentlichen Themen f\u00fcr F\u00fchrungskr\u00e4fte von KMU auf.","publisher":{"@id":"https:\/\/www.organisator.ch\/#organization"},"potentialAction":[{"@type":"SearchAction","target":{"@type":"EntryPoint","urlTemplate":"https:\/\/www.organisator.ch\/?s={search_term_string}"},"query-input":{"@type":"PropertyValueSpecification","valueRequired":true,"valueName":"search_term_string"}}],"inLanguage":"de"},{"@type":"Organization","@id":"https:\/\/www.organisator.ch\/#organization","name":"Organisator","url":"https:\/\/www.organisator.ch\/","logo":{"@type":"ImageObject","inLanguage":"de","@id":"https:\/\/www.organisator.ch\/#\/schema\/logo\/image\/","url":"https:\/\/www.organisator.ch\/wp-content\/uploads\/2022\/01\/Logo_Organisator_Website.png","contentUrl":"https:\/\/www.organisator.ch\/wp-content\/uploads\/2022\/01\/Logo_Organisator_Website.png","width":800,"height":77,"caption":"Organisator"},"image":{"@id":"https:\/\/www.organisator.ch\/#\/schema\/logo\/image\/"},"sameAs":["https:\/\/www.facebook.com\/OrganisatorFachmagazin","https:\/\/www.linkedin.com\/showcase\/organisator-das-magazin-fr-kmu","https:\/\/www.xing.com\/news\/pages\/organisator-ch-695","https:\/\/www.youtube.com\/channel\/UCGP2Sq0iWaZwT3BdIAQFYpw"]},{"@type":"Person","@id":"https:\/\/www.organisator.ch\/#\/schema\/person\/6f650f90b2842cd4c0cc334b4e36f67e","name":"thomas.berner","image":{"@type":"ImageObject","inLanguage":"de","@id":"https:\/\/secure.gravatar.com\/avatar\/ac5001d2a36cb6c6cd3e50789007ffca834b477b74a2144564522e944eabff61?s=96&d=mm&r=g","url":"https:\/\/secure.gravatar.com\/avatar\/ac5001d2a36cb6c6cd3e50789007ffca834b477b74a2144564522e944eabff61?s=96&d=mm&r=g","contentUrl":"https:\/\/secure.gravatar.com\/avatar\/ac5001d2a36cb6c6cd3e50789007ffca834b477b74a2144564522e944eabff61?s=96&d=mm&r=g","caption":"thomas.berner"},"url":"https:\/\/www.organisator.ch\/de\/author\/thomas-berner\/"}]}},"_links":{"self":[{"href":"https:\/\/www.organisator.ch\/de\/wp-json\/wp\/v2\/posts\/8191","targetHints":{"allow":["GET"]}}],"collection":[{"href":"https:\/\/www.organisator.ch\/de\/wp-json\/wp\/v2\/posts"}],"about":[{"href":"https:\/\/www.organisator.ch\/de\/wp-json\/wp\/v2\/types\/post"}],"author":[{"embeddable":true,"href":"https:\/\/www.organisator.ch\/de\/wp-json\/wp\/v2\/users\/4"}],"replies":[{"embeddable":true,"href":"https:\/\/www.organisator.ch\/de\/wp-json\/wp\/v2\/comments?post=8191"}],"version-history":[{"count":0,"href":"https:\/\/www.organisator.ch\/de\/wp-json\/wp\/v2\/posts\/8191\/revisions"}],"wp:featuredmedia":[{"embeddable":true,"href":"https:\/\/www.organisator.ch\/de\/wp-json\/wp\/v2\/media\/8200"}],"wp:attachment":[{"href":"https:\/\/www.organisator.ch\/de\/wp-json\/wp\/v2\/media?parent=8191"}],"wp:term":[{"taxonomy":"category","embeddable":true,"href":"https:\/\/www.organisator.ch\/de\/wp-json\/wp\/v2\/categories?post=8191"},{"taxonomy":"post_tag","embeddable":true,"href":"https:\/\/www.organisator.ch\/de\/wp-json\/wp\/v2\/tags?post=8191"}],"curies":[{"name":"wp","href":"https:\/\/api.w.org\/{rel}","templated":true}]}}