{"id":8193,"date":"2021-06-25T15:50:03","date_gmt":"2021-06-25T13:50:03","guid":{"rendered":"https:\/\/www.organisator.ch\/?p=8193"},"modified":"2021-06-25T15:50:03","modified_gmt":"2021-06-25T13:50:03","slug":"senior-entrepreneurs-auf-dem-vormarsch","status":"publish","type":"post","link":"https:\/\/www.organisator.ch\/de\/management\/2021-06-25\/senior-entrepreneurs-auf-dem-vormarsch\/","title":{"rendered":"Senior Entrepreneurs auf dem Vormarsch"},"content":{"rendered":"<figure id=\"attachment_8194\" aria-describedby=\"caption-attachment-8194\" style=\"width: 680px\" class=\"wp-caption alignnone\"><a href=\"https:\/\/www.organisator.ch\/wp-content\/uploads\/2021\/06\/Senior-Entrepreneurs-auf-dem-Vormarsch_Organisator.jpg\"><img loading=\"lazy\" decoding=\"async\" class=\"size-medium wp-image-8194\" src=\"https:\/\/www.organisator.ch\/wp-content\/uploads\/2021\/06\/Senior-Entrepreneurs-auf-dem-Vormarsch_Organisator.jpg\" alt=\"\" width=\"680\" height=\"358\" srcset=\"https:\/\/www.organisator.ch\/wp-content\/uploads\/2021\/06\/Senior-Entrepreneurs-auf-dem-Vormarsch_Organisator.jpg 680w, https:\/\/www.organisator.ch\/wp-content\/uploads\/2021\/06\/Senior-Entrepreneurs-auf-dem-Vormarsch_Organisator-16x8.jpg 16w, https:\/\/www.organisator.ch\/wp-content\/uploads\/2021\/06\/Senior-Entrepreneurs-auf-dem-Vormarsch_Organisator-332x175.jpg 332w, https:\/\/www.organisator.ch\/wp-content\/uploads\/2021\/06\/Senior-Entrepreneurs-auf-dem-Vormarsch_Organisator-665x350.jpg 665w, https:\/\/www.organisator.ch\/wp-content\/uploads\/2021\/06\/Senior-Entrepreneurs-auf-dem-Vormarsch_Organisator-300x158.jpg 300w\" sizes=\"auto, (max-width: 680px) 100vw, 680px\" \/><\/a><figcaption id=\"caption-attachment-8194\" class=\"wp-caption-text\">Einzeln und vor allem beratend t\u00e4tig: Senior Entrepreneurs bzw. Firmengr\u00fcnder \u00fcber 50. (Bild: Unsplash.com)<\/figcaption><\/figure>\n<p>Der Gang in die Selbst\u00e4ndigkeit ist in der Schweiz beliebt &#8211; aber l\u00e4ngst nicht nur bei jungen Leuten. Auch in der Altersgruppe 50+ nimmt die Zahl von Neugr\u00fcndungen zu. Die Fachhochschule Nordwestschweiz FHNW wollte nun wissen, wer diese neuen Senior Entrepreneurs sind und f\u00fchrte eine Umfrage unter Unternehmen durch, die zwischen 2014 und 2019 gegr\u00fcndet worden sind.\u00a0Eine zentrale Erkenntnis der Untersuchung: In den letzten 20 Jahren hat der Anteil der Gr\u00fcndungspersonen, die beim Schritt in die Selbst\u00e4ndigkeit bereits 50 Jahre oder \u00e4lter waren, stetig zugenommen. Heute ist jede vierte Gr\u00fcndungsperson zum Zeitpunkt des Schritts in die Selbst\u00e4ndigkeit bereits 50 Jahre oder \u00e4lter \u2013 vor zwanzig Jahren war es nur jede sechste Gr\u00fcndungsperson.<\/p>\n<div class=\"content__element\">\n<h2>Senior Entrepreneurs: Erfahrung als Vorteil<\/h2>\n<p>Gibt es Unterschiede zwischen &#8222;echten&#8220; Jungunternehmerinnen&#8220; und den sog. Senior Entrepreneurs? Und wenn ja, worin bestehen diese? Die schriftliche Befragung von gut 300 Gr\u00fcndungspersonen hat in der Tat einige deutliche Unterschiede zwischen den j\u00fcngeren und \u00e4lteren Selbst\u00e4ndigen aufgezeigt. Auf der einen Seite schl\u00e4gt sich das h\u00f6here Alter in den bisherigen Erfahrungen und dem vorhandenen Netzwerk nieder. Die Senior Entrepreneurs verf\u00fcgen \u00fcber deutlich mehr Berufs-, F\u00fchrungs- und Branchenerfahrung. Zudem waren deutlich mehr Senior als Junior Entrepreneurs zuvor bereits einmal selbst\u00e4ndig. Insgesamt stufen die Gr\u00fcndungspersonen 50+ ihr Wissen in fast allen Bereichen als h\u00f6her ein als die j\u00fcngeren Kolleginnen und Kollegen. Auf der anderen Seite haben j\u00fcngere Gr\u00fcnder den Senior Entrepreneurs im Bereich Marketing und Kundenakquisition etwas voraus, insbesondere bei den Stichworten Verkauf und Social Media. Hier stufen sich die \u00e4lteren Gr\u00fcndungspersonen als weniger fit ein.<\/p>\n<\/div>\n<h2>Viele Beratungsunternehmen<\/h2>\n<p>Die gr\u00f6ssere Erfahrung von Senior Entrepreneurs zeigt sich auch darin, dass sie viel weniger h\u00e4ufig Unterst\u00fctzung in ihrem Umfeld, etwa Bekannte, Verwandte oder Bezugspersonen aus Schule und Studium, beanspruchen. Im Gegenteil: Die langj\u00e4hrigen Erfahrungen und Beziehungen erkl\u00e4ren viele Senior Entrepreneurs gleich zum Gesch\u00e4ftsmodell. Entsprechend hoch ist der Anteil an von Beratungsunternehmen, die von Personen 50+ gegr\u00fcndet werden, n\u00e4mlich rund ein Drittel. Sie machen dies in der Regel allein, ohne Mitarbeitende. Die Unternehmen der Gruppe 50+ sind von Beginn an etwas kleiner und wachsen weniger stark in Bezug auf die Angestellten als ihre j\u00fcngeren Kolleginnen und Kollegen. So sind 50% auch nach 3.5 Jahren noch Ein-Personen-Unternehmen ohne Angestellte, verglichen mit 40% bei den j\u00fcngeren Gr\u00fcnderinnen und Gr\u00fcndern.<\/p>\n<h2>Volkswirtschaftlich begr\u00fcssenswerter Trend<\/h2>\n<p>Ein wichtiges Motiv zum Schritt in die Selbst\u00e4ndigkeit f\u00fcr die Generation 50+ ist die eingetretene oder drohende Arbeitslosigkeit. Es ist gem\u00e4ss der FHNW-Studie denn auch nicht verwunderlich, dass nur 25 % der Senior Entrepreneurs glauben, dass sie gut wieder einen Job finden, verglichen mit 64% bei der j\u00fcngeren Altersgruppe.<\/p>\n<div class=\"content__element\">\n<p>Nach Ansicht der Studienautoren ist der Trend zur sp\u00e4ten Selbst\u00e4ndigkeit positiv f\u00fcr die Volkswirtschaft. Denn es mache Sinn, dass das Wissen, die Kompetenzen und die Erfahrungen der gut ausgebildeten Personen mit einem Leistungsausweis (langj\u00e4hrige Branchen-, Berufs- und F\u00fchrungserfahrung) nicht nur einem Unternehmen, sondern verschiedenen Unternehmen zugutekommen w\u00fcrden. Die Gesellschaft und auch die Hochschulen sollten entsprechend auf diesen Trend reagieren und vermehrt auch Unterst\u00fctzungsangebote f\u00fcr diese Gruppe anbieten, so eine Handlungsempfehlung der Studie.<\/p>\n<p><em>Quelle: <a href=\"http:\/\/www.fhnw.ch\">Fachhochschule Nordwestschweiz<\/a><\/em><\/p>\n<\/div>\n","protected":false},"excerpt":{"rendered":"<p>Der Gang in die Selbst\u00e4ndigkeit ist in der Schweiz beliebt &#8211; aber l\u00e4ngst nicht nur bei jungen Leuten. Auch in der Altersgruppe 50+ nimmt die Zahl von Neugr\u00fcndungen zu. Die Fachhochschule Nordwestschweiz FHNW wollte nun wissen, wer diese neuen Senior Entrepreneurs sind und f\u00fchrte eine Umfrage unter Unternehmen durch, die zwischen 2014 und 2019 gegr\u00fcndet [&hellip;]<\/p>\n","protected":false},"author":4,"featured_media":8194,"comment_status":"closed","ping_status":"closed","sticky":false,"template":"","format":"standard","meta":{"_acf_changed":false,"_yoast_wpseo_focuskw":"Senior Entrepreneurs","_yoast_wpseo_metadesc":"Wer heute ein Jungunternehmen gr\u00fcndet, ist selbst nicht immer jung: Eine Studie der FHNW zeigt n\u00e4mlich, dass der Anteil an Senior Entrepreneurs steigt.","articlekey":"","footnotes":""},"categories":[28],"tags":[205,335,459],"class_list":["post-8193","post","type-post","status-publish","format-standard","has-post-thumbnail","hentry","category-management","tag-firmengruendungen","tag-management-und-unternehmensfuehrung","tag-studie"],"acf":[],"yoast_head":"<!-- This site is optimized with the Yoast SEO plugin v27.4 - https:\/\/yoast.com\/product\/yoast-seo-wordpress\/ -->\n<title>Senior Entrepreneurs auf dem Vormarsch - Organisator<\/title>\n<meta name=\"description\" content=\"Wer heute ein Jungunternehmen gr\u00fcndet, ist selbst nicht immer jung: Eine Studie der FHNW zeigt n\u00e4mlich, dass der Anteil an Senior Entrepreneurs steigt.\" \/>\n<meta name=\"robots\" content=\"index, follow, max-snippet:-1, max-image-preview:large, max-video-preview:-1\" \/>\n<link rel=\"canonical\" href=\"https:\/\/www.organisator.ch\/de\/management\/2021-06-25\/senior-entrepreneurs-auf-dem-vormarsch\/\" \/>\n<meta property=\"og:locale\" content=\"de_DE\" \/>\n<meta property=\"og:type\" content=\"article\" \/>\n<meta property=\"og:title\" content=\"Senior Entrepreneurs auf dem Vormarsch\" \/>\n<meta property=\"og:description\" content=\"Wer heute ein Jungunternehmen gr\u00fcndet, ist selbst nicht immer jung: Eine Studie der FHNW zeigt n\u00e4mlich, dass der Anteil an Senior Entrepreneurs steigt.\" \/>\n<meta property=\"og:url\" content=\"https:\/\/www.organisator.ch\/de\/management\/2021-06-25\/senior-entrepreneurs-auf-dem-vormarsch\/\" \/>\n<meta property=\"og:site_name\" content=\"Organisator\" \/>\n<meta property=\"article:publisher\" content=\"https:\/\/www.facebook.com\/OrganisatorFachmagazin\" \/>\n<meta property=\"article:published_time\" content=\"2021-06-25T13:50:03+00:00\" \/>\n<meta property=\"og:image\" content=\"https:\/\/www.organisator.ch\/wp-content\/uploads\/2021\/06\/Senior-Entrepreneurs-auf-dem-Vormarsch_Organisator.jpg\" \/>\n\t<meta property=\"og:image:width\" content=\"680\" \/>\n\t<meta property=\"og:image:height\" content=\"358\" \/>\n\t<meta property=\"og:image:type\" content=\"image\/jpeg\" \/>\n<meta name=\"author\" content=\"thomas.berner\" \/>\n<meta name=\"twitter:card\" content=\"summary_large_image\" \/>\n<meta name=\"twitter:title\" content=\"#SeniorEntrepreneurs auf dem Vormarsch\" \/>\n<meta name=\"twitter:description\" content=\"Wer heute ein #Jungunternehmen gr\u00fcndet, ist selbst nicht immer jung: Eine Studie der #FHNW zeigt n\u00e4mlich, dass der Anteil an #SeniorEntrepreneurs steigt.\" \/>\n<meta name=\"twitter:image\" content=\"https:\/\/www.organisator.ch\/wp-content\/uploads\/2021\/06\/Senior-Entrepreneurs-auf-dem-Vormarsch_Organisator.jpg\" \/>\n<script type=\"application\/ld+json\" class=\"yoast-schema-graph\">{\"@context\":\"https:\\\/\\\/schema.org\",\"@graph\":[{\"@type\":\"Article\",\"@id\":\"https:\\\/\\\/www.organisator.ch\\\/management\\\/2021-06-25\\\/senior-entrepreneurs-auf-dem-vormarsch\\\/#article\",\"isPartOf\":{\"@id\":\"https:\\\/\\\/www.organisator.ch\\\/management\\\/2021-06-25\\\/senior-entrepreneurs-auf-dem-vormarsch\\\/\"},\"author\":{\"name\":\"thomas.berner\",\"@id\":\"https:\\\/\\\/www.organisator.ch\\\/#\\\/schema\\\/person\\\/6f650f90b2842cd4c0cc334b4e36f67e\"},\"headline\":\"Senior Entrepreneurs auf dem Vormarsch\",\"datePublished\":\"2021-06-25T13:50:03+00:00\",\"mainEntityOfPage\":{\"@id\":\"https:\\\/\\\/www.organisator.ch\\\/management\\\/2021-06-25\\\/senior-entrepreneurs-auf-dem-vormarsch\\\/\"},\"wordCount\":556,\"publisher\":{\"@id\":\"https:\\\/\\\/www.organisator.ch\\\/#organization\"},\"image\":{\"@id\":\"https:\\\/\\\/www.organisator.ch\\\/management\\\/2021-06-25\\\/senior-entrepreneurs-auf-dem-vormarsch\\\/#primaryimage\"},\"thumbnailUrl\":\"https:\\\/\\\/www.organisator.ch\\\/wp-content\\\/uploads\\\/2021\\\/06\\\/Senior-Entrepreneurs-auf-dem-Vormarsch_Organisator.jpg\",\"keywords\":[\"Firmengr\u00fcndungen\",\"Management und Unternehmensf\u00fchrung\",\"Studie\"],\"articleSection\":[\"MANAGEMENT\"],\"inLanguage\":\"de\"},{\"@type\":\"WebPage\",\"@id\":\"https:\\\/\\\/www.organisator.ch\\\/management\\\/2021-06-25\\\/senior-entrepreneurs-auf-dem-vormarsch\\\/\",\"url\":\"https:\\\/\\\/www.organisator.ch\\\/management\\\/2021-06-25\\\/senior-entrepreneurs-auf-dem-vormarsch\\\/\",\"name\":\"Senior Entrepreneurs auf dem Vormarsch - Organisator\",\"isPartOf\":{\"@id\":\"https:\\\/\\\/www.organisator.ch\\\/#website\"},\"primaryImageOfPage\":{\"@id\":\"https:\\\/\\\/www.organisator.ch\\\/management\\\/2021-06-25\\\/senior-entrepreneurs-auf-dem-vormarsch\\\/#primaryimage\"},\"image\":{\"@id\":\"https:\\\/\\\/www.organisator.ch\\\/management\\\/2021-06-25\\\/senior-entrepreneurs-auf-dem-vormarsch\\\/#primaryimage\"},\"thumbnailUrl\":\"https:\\\/\\\/www.organisator.ch\\\/wp-content\\\/uploads\\\/2021\\\/06\\\/Senior-Entrepreneurs-auf-dem-Vormarsch_Organisator.jpg\",\"datePublished\":\"2021-06-25T13:50:03+00:00\",\"description\":\"Wer heute ein Jungunternehmen gr\u00fcndet, ist selbst nicht immer jung: Eine Studie der FHNW zeigt n\u00e4mlich, dass der Anteil an Senior Entrepreneurs steigt.\",\"breadcrumb\":{\"@id\":\"https:\\\/\\\/www.organisator.ch\\\/management\\\/2021-06-25\\\/senior-entrepreneurs-auf-dem-vormarsch\\\/#breadcrumb\"},\"inLanguage\":\"de\",\"potentialAction\":[{\"@type\":\"ReadAction\",\"target\":[\"https:\\\/\\\/www.organisator.ch\\\/management\\\/2021-06-25\\\/senior-entrepreneurs-auf-dem-vormarsch\\\/\"]}]},{\"@type\":\"ImageObject\",\"inLanguage\":\"de\",\"@id\":\"https:\\\/\\\/www.organisator.ch\\\/management\\\/2021-06-25\\\/senior-entrepreneurs-auf-dem-vormarsch\\\/#primaryimage\",\"url\":\"https:\\\/\\\/www.organisator.ch\\\/wp-content\\\/uploads\\\/2021\\\/06\\\/Senior-Entrepreneurs-auf-dem-Vormarsch_Organisator.jpg\",\"contentUrl\":\"https:\\\/\\\/www.organisator.ch\\\/wp-content\\\/uploads\\\/2021\\\/06\\\/Senior-Entrepreneurs-auf-dem-Vormarsch_Organisator.jpg\",\"width\":680,\"height\":358,\"caption\":\"Einzeln und vor allem beratend t\u00e4tig: Senior Entrepreneurs bzw. Firmengr\u00fcnder \u00fcber 50. (Bild: Unsplash.com)\"},{\"@type\":\"BreadcrumbList\",\"@id\":\"https:\\\/\\\/www.organisator.ch\\\/management\\\/2021-06-25\\\/senior-entrepreneurs-auf-dem-vormarsch\\\/#breadcrumb\",\"itemListElement\":[{\"@type\":\"ListItem\",\"position\":1,\"name\":\"Home\",\"item\":\"https:\\\/\\\/www.organisator.ch\\\/\"},{\"@type\":\"ListItem\",\"position\":2,\"name\":\"Senior Entrepreneurs auf dem Vormarsch\"}]},{\"@type\":\"WebSite\",\"@id\":\"https:\\\/\\\/www.organisator.ch\\\/#website\",\"url\":\"https:\\\/\\\/www.organisator.ch\\\/\",\"name\":\"Organisator\",\"description\":\"Kompetent. Praxisnah. Der ORGANISATOR bereitet in 10 Ausgaben pro Jahr die wesentlichen Themen f\u00fcr F\u00fchrungskr\u00e4fte von KMU auf.\",\"publisher\":{\"@id\":\"https:\\\/\\\/www.organisator.ch\\\/#organization\"},\"potentialAction\":[{\"@type\":\"SearchAction\",\"target\":{\"@type\":\"EntryPoint\",\"urlTemplate\":\"https:\\\/\\\/www.organisator.ch\\\/?s={search_term_string}\"},\"query-input\":{\"@type\":\"PropertyValueSpecification\",\"valueRequired\":true,\"valueName\":\"search_term_string\"}}],\"inLanguage\":\"de\"},{\"@type\":\"Organization\",\"@id\":\"https:\\\/\\\/www.organisator.ch\\\/#organization\",\"name\":\"Organisator\",\"url\":\"https:\\\/\\\/www.organisator.ch\\\/\",\"logo\":{\"@type\":\"ImageObject\",\"inLanguage\":\"de\",\"@id\":\"https:\\\/\\\/www.organisator.ch\\\/#\\\/schema\\\/logo\\\/image\\\/\",\"url\":\"https:\\\/\\\/www.organisator.ch\\\/wp-content\\\/uploads\\\/2022\\\/01\\\/Logo_Organisator_Website.png\",\"contentUrl\":\"https:\\\/\\\/www.organisator.ch\\\/wp-content\\\/uploads\\\/2022\\\/01\\\/Logo_Organisator_Website.png\",\"width\":800,\"height\":77,\"caption\":\"Organisator\"},\"image\":{\"@id\":\"https:\\\/\\\/www.organisator.ch\\\/#\\\/schema\\\/logo\\\/image\\\/\"},\"sameAs\":[\"https:\\\/\\\/www.facebook.com\\\/OrganisatorFachmagazin\",\"https:\\\/\\\/www.linkedin.com\\\/showcase\\\/organisator-das-magazin-fr-kmu\",\"https:\\\/\\\/www.xing.com\\\/news\\\/pages\\\/organisator-ch-695\",\"https:\\\/\\\/www.youtube.com\\\/channel\\\/UCGP2Sq0iWaZwT3BdIAQFYpw\"]},{\"@type\":\"Person\",\"@id\":\"https:\\\/\\\/www.organisator.ch\\\/#\\\/schema\\\/person\\\/6f650f90b2842cd4c0cc334b4e36f67e\",\"name\":\"thomas.berner\",\"image\":{\"@type\":\"ImageObject\",\"inLanguage\":\"de\",\"@id\":\"https:\\\/\\\/secure.gravatar.com\\\/avatar\\\/ac5001d2a36cb6c6cd3e50789007ffca834b477b74a2144564522e944eabff61?s=96&d=mm&r=g\",\"url\":\"https:\\\/\\\/secure.gravatar.com\\\/avatar\\\/ac5001d2a36cb6c6cd3e50789007ffca834b477b74a2144564522e944eabff61?s=96&d=mm&r=g\",\"contentUrl\":\"https:\\\/\\\/secure.gravatar.com\\\/avatar\\\/ac5001d2a36cb6c6cd3e50789007ffca834b477b74a2144564522e944eabff61?s=96&d=mm&r=g\",\"caption\":\"thomas.berner\"},\"url\":\"https:\\\/\\\/www.organisator.ch\\\/de\\\/author\\\/thomas-berner\\\/\"}]}<\/script>\n<!-- \/ Yoast SEO plugin. -->","yoast_head_json":{"title":"Senior Entrepreneurs auf dem Vormarsch - Organisator","description":"Wer heute ein Jungunternehmen gr\u00fcndet, ist selbst nicht immer jung: Eine Studie der FHNW zeigt n\u00e4mlich, dass der Anteil an Senior Entrepreneurs steigt.","robots":{"index":"index","follow":"follow","max-snippet":"max-snippet:-1","max-image-preview":"max-image-preview:large","max-video-preview":"max-video-preview:-1"},"canonical":"https:\/\/www.organisator.ch\/de\/management\/2021-06-25\/senior-entrepreneurs-auf-dem-vormarsch\/","og_locale":"de_DE","og_type":"article","og_title":"Senior Entrepreneurs auf dem Vormarsch","og_description":"Wer heute ein Jungunternehmen gr\u00fcndet, ist selbst nicht immer jung: Eine Studie der FHNW zeigt n\u00e4mlich, dass der Anteil an Senior Entrepreneurs steigt.","og_url":"https:\/\/www.organisator.ch\/de\/management\/2021-06-25\/senior-entrepreneurs-auf-dem-vormarsch\/","og_site_name":"Organisator","article_publisher":"https:\/\/www.facebook.com\/OrganisatorFachmagazin","article_published_time":"2021-06-25T13:50:03+00:00","og_image":[{"width":680,"height":358,"url":"https:\/\/www.organisator.ch\/wp-content\/uploads\/2021\/06\/Senior-Entrepreneurs-auf-dem-Vormarsch_Organisator.jpg","type":"image\/jpeg"}],"author":"thomas.berner","twitter_card":"summary_large_image","twitter_title":"#SeniorEntrepreneurs auf dem Vormarsch","twitter_description":"Wer heute ein #Jungunternehmen gr\u00fcndet, ist selbst nicht immer jung: Eine Studie der #FHNW zeigt n\u00e4mlich, dass der Anteil an #SeniorEntrepreneurs steigt.","twitter_image":"https:\/\/www.organisator.ch\/wp-content\/uploads\/2021\/06\/Senior-Entrepreneurs-auf-dem-Vormarsch_Organisator.jpg","schema":{"@context":"https:\/\/schema.org","@graph":[{"@type":"Article","@id":"https:\/\/www.organisator.ch\/management\/2021-06-25\/senior-entrepreneurs-auf-dem-vormarsch\/#article","isPartOf":{"@id":"https:\/\/www.organisator.ch\/management\/2021-06-25\/senior-entrepreneurs-auf-dem-vormarsch\/"},"author":{"name":"thomas.berner","@id":"https:\/\/www.organisator.ch\/#\/schema\/person\/6f650f90b2842cd4c0cc334b4e36f67e"},"headline":"Senior Entrepreneurs auf dem Vormarsch","datePublished":"2021-06-25T13:50:03+00:00","mainEntityOfPage":{"@id":"https:\/\/www.organisator.ch\/management\/2021-06-25\/senior-entrepreneurs-auf-dem-vormarsch\/"},"wordCount":556,"publisher":{"@id":"https:\/\/www.organisator.ch\/#organization"},"image":{"@id":"https:\/\/www.organisator.ch\/management\/2021-06-25\/senior-entrepreneurs-auf-dem-vormarsch\/#primaryimage"},"thumbnailUrl":"https:\/\/www.organisator.ch\/wp-content\/uploads\/2021\/06\/Senior-Entrepreneurs-auf-dem-Vormarsch_Organisator.jpg","keywords":["Firmengr\u00fcndungen","Management und Unternehmensf\u00fchrung","Studie"],"articleSection":["MANAGEMENT"],"inLanguage":"de"},{"@type":"WebPage","@id":"https:\/\/www.organisator.ch\/management\/2021-06-25\/senior-entrepreneurs-auf-dem-vormarsch\/","url":"https:\/\/www.organisator.ch\/management\/2021-06-25\/senior-entrepreneurs-auf-dem-vormarsch\/","name":"Senior Entrepreneurs auf dem Vormarsch - Organisator","isPartOf":{"@id":"https:\/\/www.organisator.ch\/#website"},"primaryImageOfPage":{"@id":"https:\/\/www.organisator.ch\/management\/2021-06-25\/senior-entrepreneurs-auf-dem-vormarsch\/#primaryimage"},"image":{"@id":"https:\/\/www.organisator.ch\/management\/2021-06-25\/senior-entrepreneurs-auf-dem-vormarsch\/#primaryimage"},"thumbnailUrl":"https:\/\/www.organisator.ch\/wp-content\/uploads\/2021\/06\/Senior-Entrepreneurs-auf-dem-Vormarsch_Organisator.jpg","datePublished":"2021-06-25T13:50:03+00:00","description":"Wer heute ein Jungunternehmen gr\u00fcndet, ist selbst nicht immer jung: Eine Studie der FHNW zeigt n\u00e4mlich, dass der Anteil an Senior Entrepreneurs steigt.","breadcrumb":{"@id":"https:\/\/www.organisator.ch\/management\/2021-06-25\/senior-entrepreneurs-auf-dem-vormarsch\/#breadcrumb"},"inLanguage":"de","potentialAction":[{"@type":"ReadAction","target":["https:\/\/www.organisator.ch\/management\/2021-06-25\/senior-entrepreneurs-auf-dem-vormarsch\/"]}]},{"@type":"ImageObject","inLanguage":"de","@id":"https:\/\/www.organisator.ch\/management\/2021-06-25\/senior-entrepreneurs-auf-dem-vormarsch\/#primaryimage","url":"https:\/\/www.organisator.ch\/wp-content\/uploads\/2021\/06\/Senior-Entrepreneurs-auf-dem-Vormarsch_Organisator.jpg","contentUrl":"https:\/\/www.organisator.ch\/wp-content\/uploads\/2021\/06\/Senior-Entrepreneurs-auf-dem-Vormarsch_Organisator.jpg","width":680,"height":358,"caption":"Einzeln und vor allem beratend t\u00e4tig: Senior Entrepreneurs bzw. Firmengr\u00fcnder \u00fcber 50. (Bild: Unsplash.com)"},{"@type":"BreadcrumbList","@id":"https:\/\/www.organisator.ch\/management\/2021-06-25\/senior-entrepreneurs-auf-dem-vormarsch\/#breadcrumb","itemListElement":[{"@type":"ListItem","position":1,"name":"Home","item":"https:\/\/www.organisator.ch\/"},{"@type":"ListItem","position":2,"name":"Senior Entrepreneurs auf dem Vormarsch"}]},{"@type":"WebSite","@id":"https:\/\/www.organisator.ch\/#website","url":"https:\/\/www.organisator.ch\/","name":"Organisator","description":"Kompetent. Praxisnah. Der ORGANISATOR bereitet in 10 Ausgaben pro Jahr die wesentlichen Themen f\u00fcr F\u00fchrungskr\u00e4fte von KMU auf.","publisher":{"@id":"https:\/\/www.organisator.ch\/#organization"},"potentialAction":[{"@type":"SearchAction","target":{"@type":"EntryPoint","urlTemplate":"https:\/\/www.organisator.ch\/?s={search_term_string}"},"query-input":{"@type":"PropertyValueSpecification","valueRequired":true,"valueName":"search_term_string"}}],"inLanguage":"de"},{"@type":"Organization","@id":"https:\/\/www.organisator.ch\/#organization","name":"Organisator","url":"https:\/\/www.organisator.ch\/","logo":{"@type":"ImageObject","inLanguage":"de","@id":"https:\/\/www.organisator.ch\/#\/schema\/logo\/image\/","url":"https:\/\/www.organisator.ch\/wp-content\/uploads\/2022\/01\/Logo_Organisator_Website.png","contentUrl":"https:\/\/www.organisator.ch\/wp-content\/uploads\/2022\/01\/Logo_Organisator_Website.png","width":800,"height":77,"caption":"Organisator"},"image":{"@id":"https:\/\/www.organisator.ch\/#\/schema\/logo\/image\/"},"sameAs":["https:\/\/www.facebook.com\/OrganisatorFachmagazin","https:\/\/www.linkedin.com\/showcase\/organisator-das-magazin-fr-kmu","https:\/\/www.xing.com\/news\/pages\/organisator-ch-695","https:\/\/www.youtube.com\/channel\/UCGP2Sq0iWaZwT3BdIAQFYpw"]},{"@type":"Person","@id":"https:\/\/www.organisator.ch\/#\/schema\/person\/6f650f90b2842cd4c0cc334b4e36f67e","name":"thomas.berner","image":{"@type":"ImageObject","inLanguage":"de","@id":"https:\/\/secure.gravatar.com\/avatar\/ac5001d2a36cb6c6cd3e50789007ffca834b477b74a2144564522e944eabff61?s=96&d=mm&r=g","url":"https:\/\/secure.gravatar.com\/avatar\/ac5001d2a36cb6c6cd3e50789007ffca834b477b74a2144564522e944eabff61?s=96&d=mm&r=g","contentUrl":"https:\/\/secure.gravatar.com\/avatar\/ac5001d2a36cb6c6cd3e50789007ffca834b477b74a2144564522e944eabff61?s=96&d=mm&r=g","caption":"thomas.berner"},"url":"https:\/\/www.organisator.ch\/de\/author\/thomas-berner\/"}]}},"_links":{"self":[{"href":"https:\/\/www.organisator.ch\/de\/wp-json\/wp\/v2\/posts\/8193","targetHints":{"allow":["GET"]}}],"collection":[{"href":"https:\/\/www.organisator.ch\/de\/wp-json\/wp\/v2\/posts"}],"about":[{"href":"https:\/\/www.organisator.ch\/de\/wp-json\/wp\/v2\/types\/post"}],"author":[{"embeddable":true,"href":"https:\/\/www.organisator.ch\/de\/wp-json\/wp\/v2\/users\/4"}],"replies":[{"embeddable":true,"href":"https:\/\/www.organisator.ch\/de\/wp-json\/wp\/v2\/comments?post=8193"}],"version-history":[{"count":0,"href":"https:\/\/www.organisator.ch\/de\/wp-json\/wp\/v2\/posts\/8193\/revisions"}],"wp:featuredmedia":[{"embeddable":true,"href":"https:\/\/www.organisator.ch\/de\/wp-json\/wp\/v2\/media\/8194"}],"wp:attachment":[{"href":"https:\/\/www.organisator.ch\/de\/wp-json\/wp\/v2\/media?parent=8193"}],"wp:term":[{"taxonomy":"category","embeddable":true,"href":"https:\/\/www.organisator.ch\/de\/wp-json\/wp\/v2\/categories?post=8193"},{"taxonomy":"post_tag","embeddable":true,"href":"https:\/\/www.organisator.ch\/de\/wp-json\/wp\/v2\/tags?post=8193"}],"curies":[{"name":"wp","href":"https:\/\/api.w.org\/{rel}","templated":true}]}}