{"id":821,"date":"2016-06-30T17:04:43","date_gmt":"2016-06-30T15:04:43","guid":{"rendered":"http:\/\/dev.organisator.ch\/?p=821"},"modified":"2016-06-30T17:04:43","modified_gmt":"2016-06-30T15:04:43","slug":"pfyffer-schmid-gewinnen-asco-award","status":"publish","type":"post","link":"https:\/\/www.organisator.ch\/de\/management\/2016-06-30\/pfyffer-schmid-gewinnen-asco-award\/","title":{"rendered":"Pfyffer Schmid gewinnen ASCO-Award"},"content":{"rendered":"<figure id=\"attachment_823\" aria-describedby=\"caption-attachment-823\" style=\"width: 420px\" class=\"wp-caption alignnone\"><img loading=\"lazy\" decoding=\"async\" class=\"size-full wp-image-823\" src=\"https:\/\/www.organisator.ch\/wp-content\/uploads\/2016\/12\/Pfyffer-Schmid-gewinnen-ASCO-Award-organisator.png\" alt=\"\" width=\"420\" height=\"208\" srcset=\"https:\/\/www.organisator.ch\/wp-content\/uploads\/2016\/12\/Pfyffer-Schmid-gewinnen-ASCO-Award-organisator.png 420w, https:\/\/www.organisator.ch\/wp-content\/uploads\/2016\/12\/Pfyffer-Schmid-gewinnen-ASCO-Award-organisator-16x8.png 16w, https:\/\/www.organisator.ch\/wp-content\/uploads\/2016\/12\/Pfyffer-Schmid-gewinnen-ASCO-Award-organisator-353x175.png 353w, https:\/\/www.organisator.ch\/wp-content\/uploads\/2016\/12\/Pfyffer-Schmid-gewinnen-ASCO-Award-organisator-300x149.png 300w\" sizes=\"auto, (max-width: 420px) 100vw, 420px\" \/><figcaption id=\"caption-attachment-823\" class=\"wp-caption-text\">Dr. Dieter Schmid und Marc Pfyffer (Bild: www.trisystemics.ch)<\/figcaption><\/figure>\n<p>Der Dachverband der Schweizer Beratungsbranche ASCO (Association of Swiss Consultants) zeichnet j\u00e4hrlich die besten und nachhaltigsten Unternehmenstransformationen in der Schweiz aus. Bei der diesj\u00e4hrigen Verleihung der \u00abOscars der Unternehmensberater\u00bb am 28. Juni in Z\u00fcrich wurde Pfyffer Schmid Organisationsentwicklung GmbH in der Kategorie Beratungsboutiquen (1\u20139 Mitarbeitende) als Sieger gek\u00fcrt. Ausgezeichnet wurde das Projekt zur Zusammenf\u00fchrung der beiden Tiefbau\u00e4mter von Kanton und Stadt Schaffhausen zu einem gemeinsamen Kompetenzzentrum.<\/p>\n<p><strong>Breite politische und interne Unterst\u00fctzung<\/strong><\/p>\n<p>Mit fast 70 Prozent \u00a0Ja-Stimmen wurde das Projekt im November 2015 vom Volk angenommen. Auch bei F\u00fchrungskr\u00e4ften und Mitarbeitenden genoss es hohe interne Akzeptanz \u2013 obwohl es auch zu Personalabbau f\u00fchrte. Im Juli 2016 findet der Spatenstich f\u00fcr das neue gemeinsame Werkhofgeb\u00e4ude statt. In der neuen Organisation am neuen Standort k\u00f6nnen die bisherigen Leistungen bei reduziertem Ressourceneinsatz beibehalten und teilweise sogar verbessert werden. Durch Synergienutzung entstehen durch das Projekt j\u00e4hrlich wiederkehrende Einsparungen von CHF 1.3 Mio. Mit der Verlagerung des st\u00e4dtischen Werkhofareals in die Peripherie wird zudem Land an zentraler Lage f\u00fcr h\u00f6herwertige Wohnnutzung frei.<\/p>\n<p><strong>Kooperative F\u00fchrung als Schl\u00fcssel zum Erfolg<\/strong><\/p>\n<p>Pfyffer Schmid w\u00e4hlten einen kooperativen Ansatz \u2013\u00a0und entwickelten das Drehbuch der Transformation gemeinsam mit dem Kunden. In der Planungs- und Umsetzungsphase moderierten sie die kritischen Workshops und Sitzungen. Die Inhalte wurden jeweils in einem schlanken Kernteam vorbereitet und dann in breiten Workshops mit allen F\u00fchrungskr\u00e4ften diskutiert und finalisiert. Aus Sicht von Mandatsleiter Dieter Schmid f\u00fchrte dies zum Erfolg: \u00abDurch die fr\u00fche Involvierung\u00a0aller Beteiligten\u00a0und die kooperative Bearbeitung der Themen konnten wir tragf\u00e4hige L\u00f6sungen finden. Das w\u00e4re in einem klassischen Topdown-Prozess nicht m\u00f6glich gewesen\u00bb. Die kooperative F\u00fchrungsmethodik unter dem Motto \u00ab\u00fcber sich hinauswachsen\u00bb wurde von Marc Pfyffer und Dieter Schmid entwickelt; heute wird sie auch an der Hochschule f\u00fcr Wirtschaft Z\u00fcrich HWZ gelehrt.<\/p>\n<p><strong>Ein schweizweit wegweisendes Projekt<\/strong><\/p>\n<p>Die Jury beurteilt das Projekt \u00abKompetenzzentrum Tiefbau Schaffhausen\u00bb in seiner Laudatio als \u00abein schweizerisches Musterprojekt, das aufzeigt, wie \u00fcber die hoheitlichen Grenzen zwischen Kanton und Gemeinden hinweg Synergien in der \u00f6ffentlichen Verwaltung konstruktiv genutzt werden k\u00f6nnen.\u00bb<\/p>\n<p><em>Weitere Informationen:<\/em><\/p>\n<p><em>ASCO: Dachverband der Schweizer Unternehmensberater: <a href=\"http:\/\/www.asco.ch\" target=\"_blank\" data-cke-saved-href=\"http:\/\/www.asco.ch\" rel=\"noopener\">www.asco.ch<\/a><\/em><\/p>\n<p><em>ASCO-Award: <a href=\"http:\/\/www.asco.ch\/award\/asco-award-2016\" target=\"_blank\" data-cke-saved-href=\"http:\/\/www.asco.ch\/award\/asco-award-2016\" rel=\"noopener\">www.asco.ch\/award\/asco-award-2016<\/a><\/em><\/p>\n<p><em>Pfyffer Schmid Organisationsentwicklung GmbH: <a href=\"http:\/\/www.pfyfferschmid.ch\" target=\"_blank\" data-cke-saved-href=\"http:\/\/www.pfyfferschmid.ch\" rel=\"noopener\">www.pfyfferschmid.ch<\/a><\/em><\/p>\n<p><em>Kooperative F\u00fchrung nach Pfyffer Schmid: <a href=\"http:\/\/www.uebersichhinauswachsen.ch\" target=\"_blank\" data-cke-saved-href=\"http:\/\/www.uebersichhinauswachsen.ch\" rel=\"noopener\">www.uebersichhinauswachsen.ch<\/a><\/em><\/p>\n","protected":false},"excerpt":{"rendered":"<p>Der Dachverband der Schweizer Beratungsbranche ASCO (Association of Swiss Consultants) zeichnet j\u00e4hrlich die besten und nachhaltigsten Unternehmenstransformationen in der Schweiz aus. Bei der diesj\u00e4hrigen Verleihung der \u00abOscars der Unternehmensberater\u00bb am 28. Juni in Z\u00fcrich wurde Pfyffer Schmid Organisationsentwicklung GmbH in der Kategorie Beratungsboutiquen (1\u20139 Mitarbeitende) als Sieger gek\u00fcrt. Ausgezeichnet wurde das Projekt zur Zusammenf\u00fchrung der [&hellip;]<\/p>\n","protected":false},"author":1,"featured_media":823,"comment_status":"open","ping_status":"open","sticky":false,"template":"","format":"standard","meta":{"_acf_changed":false,"_yoast_wpseo_focuskw":"ASCO Award","_yoast_wpseo_metadesc":"Das Projekt zur Nutzung von Synergien in der Verwaltung gewinnt den ASCO-Award \u00abBest Business Transformation 2016\u00bb.","articlekey":"","footnotes":""},"categories":[28],"tags":[275,335,492,503,504],"class_list":["post-821","post","type-post","status-publish","format-standard","has-post-thumbnail","hentry","category-management","tag-institutionen","tag-management-und-unternehmensfuehrung","tag-unternehmen","tag-verbaende","tag-vereine"],"acf":[],"yoast_head":"<!-- This site is optimized with the Yoast SEO plugin v27.4 - https:\/\/yoast.com\/product\/yoast-seo-wordpress\/ -->\n<title>Pfyffer Schmid gewinnen ASCO-Award - Organisator<\/title>\n<meta name=\"description\" content=\"Das Projekt zur Nutzung von Synergien in der Verwaltung gewinnt den ASCO-Award \u00abBest Business Transformation 2016\u00bb.\" \/>\n<meta name=\"robots\" content=\"index, follow, max-snippet:-1, max-image-preview:large, max-video-preview:-1\" \/>\n<link rel=\"canonical\" href=\"https:\/\/www.organisator.ch\/de\/management\/2016-06-30\/pfyffer-schmid-gewinnen-asco-award\/\" \/>\n<meta property=\"og:locale\" content=\"de_DE\" \/>\n<meta property=\"og:type\" content=\"article\" \/>\n<meta property=\"og:title\" content=\"Pfyffer Schmid gewinnen ASCO-Award\" \/>\n<meta property=\"og:description\" content=\"Die Organisationsentwickler Marc Pfyffer und Dieter Schmid gewinnen den ASCO-Award \u00abBest Business Transformation 2016\u00bb. Ausgezeichnet werden sie f\u00fcr ein Projekt zur Nutzung von Synergien in der Verwaltung.\" \/>\n<meta property=\"og:url\" content=\"https:\/\/www.organisator.ch\/de\/management\/2016-06-30\/pfyffer-schmid-gewinnen-asco-award\/\" \/>\n<meta property=\"og:site_name\" content=\"Organisator\" \/>\n<meta property=\"article:publisher\" content=\"https:\/\/www.facebook.com\/OrganisatorFachmagazin\" \/>\n<meta property=\"article:published_time\" content=\"2016-06-30T15:04:43+00:00\" \/>\n<meta name=\"author\" content=\"admin\" \/>\n<meta name=\"twitter:card\" content=\"summary_large_image\" \/>\n<meta name=\"twitter:image\" content=\"https:\/\/www.organisator.ch\/wp-content\/uploads\/2016\/12\/Pfyffer-Schmid-gewinnen-ASCO-Award-organisator.png\" \/>\n<script type=\"application\/ld+json\" class=\"yoast-schema-graph\">{\"@context\":\"https:\\\/\\\/schema.org\",\"@graph\":[{\"@type\":\"Article\",\"@id\":\"https:\\\/\\\/www.organisator.ch\\\/management\\\/2016-06-30\\\/pfyffer-schmid-gewinnen-asco-award\\\/#article\",\"isPartOf\":{\"@id\":\"https:\\\/\\\/www.organisator.ch\\\/management\\\/2016-06-30\\\/pfyffer-schmid-gewinnen-asco-award\\\/\"},\"author\":{\"name\":\"admin\",\"@id\":\"https:\\\/\\\/www.organisator.ch\\\/#\\\/schema\\\/person\\\/aa2bace6c5c5aad60102004a50c4eb1c\"},\"headline\":\"Pfyffer Schmid gewinnen ASCO-Award\",\"datePublished\":\"2016-06-30T15:04:43+00:00\",\"mainEntityOfPage\":{\"@id\":\"https:\\\/\\\/www.organisator.ch\\\/management\\\/2016-06-30\\\/pfyffer-schmid-gewinnen-asco-award\\\/\"},\"wordCount\":403,\"commentCount\":0,\"publisher\":{\"@id\":\"https:\\\/\\\/www.organisator.ch\\\/#organization\"},\"image\":{\"@id\":\"https:\\\/\\\/www.organisator.ch\\\/management\\\/2016-06-30\\\/pfyffer-schmid-gewinnen-asco-award\\\/#primaryimage\"},\"thumbnailUrl\":\"https:\\\/\\\/www.organisator.ch\\\/wp-content\\\/uploads\\\/2016\\\/12\\\/Pfyffer-Schmid-gewinnen-ASCO-Award-organisator.png\",\"keywords\":[\"Institutionen\",\"Management und Unternehmensf\u00fchrung\",\"Unternehmen\",\"Verb\u00e4nde\",\"Vereine\"],\"articleSection\":[\"MANAGEMENT\"],\"inLanguage\":\"de\"},{\"@type\":\"WebPage\",\"@id\":\"https:\\\/\\\/www.organisator.ch\\\/management\\\/2016-06-30\\\/pfyffer-schmid-gewinnen-asco-award\\\/\",\"url\":\"https:\\\/\\\/www.organisator.ch\\\/management\\\/2016-06-30\\\/pfyffer-schmid-gewinnen-asco-award\\\/\",\"name\":\"Pfyffer Schmid gewinnen ASCO-Award - Organisator\",\"isPartOf\":{\"@id\":\"https:\\\/\\\/www.organisator.ch\\\/#website\"},\"primaryImageOfPage\":{\"@id\":\"https:\\\/\\\/www.organisator.ch\\\/management\\\/2016-06-30\\\/pfyffer-schmid-gewinnen-asco-award\\\/#primaryimage\"},\"image\":{\"@id\":\"https:\\\/\\\/www.organisator.ch\\\/management\\\/2016-06-30\\\/pfyffer-schmid-gewinnen-asco-award\\\/#primaryimage\"},\"thumbnailUrl\":\"https:\\\/\\\/www.organisator.ch\\\/wp-content\\\/uploads\\\/2016\\\/12\\\/Pfyffer-Schmid-gewinnen-ASCO-Award-organisator.png\",\"datePublished\":\"2016-06-30T15:04:43+00:00\",\"description\":\"Das Projekt zur Nutzung von Synergien in der Verwaltung gewinnt den ASCO-Award \u00abBest Business Transformation 2016\u00bb.\",\"breadcrumb\":{\"@id\":\"https:\\\/\\\/www.organisator.ch\\\/management\\\/2016-06-30\\\/pfyffer-schmid-gewinnen-asco-award\\\/#breadcrumb\"},\"inLanguage\":\"de\",\"potentialAction\":[{\"@type\":\"ReadAction\",\"target\":[\"https:\\\/\\\/www.organisator.ch\\\/management\\\/2016-06-30\\\/pfyffer-schmid-gewinnen-asco-award\\\/\"]}]},{\"@type\":\"ImageObject\",\"inLanguage\":\"de\",\"@id\":\"https:\\\/\\\/www.organisator.ch\\\/management\\\/2016-06-30\\\/pfyffer-schmid-gewinnen-asco-award\\\/#primaryimage\",\"url\":\"https:\\\/\\\/www.organisator.ch\\\/wp-content\\\/uploads\\\/2016\\\/12\\\/Pfyffer-Schmid-gewinnen-ASCO-Award-organisator.png\",\"contentUrl\":\"https:\\\/\\\/www.organisator.ch\\\/wp-content\\\/uploads\\\/2016\\\/12\\\/Pfyffer-Schmid-gewinnen-ASCO-Award-organisator.png\",\"width\":420,\"height\":208,\"caption\":\"Dr. Dieter Schmid und Marc Pfyffer (Bild: www.trisystemics.ch)\"},{\"@type\":\"BreadcrumbList\",\"@id\":\"https:\\\/\\\/www.organisator.ch\\\/management\\\/2016-06-30\\\/pfyffer-schmid-gewinnen-asco-award\\\/#breadcrumb\",\"itemListElement\":[{\"@type\":\"ListItem\",\"position\":1,\"name\":\"Home\",\"item\":\"https:\\\/\\\/www.organisator.ch\\\/\"},{\"@type\":\"ListItem\",\"position\":2,\"name\":\"Pfyffer Schmid gewinnen ASCO-Award\"}]},{\"@type\":\"WebSite\",\"@id\":\"https:\\\/\\\/www.organisator.ch\\\/#website\",\"url\":\"https:\\\/\\\/www.organisator.ch\\\/\",\"name\":\"Organisator\",\"description\":\"Kompetent. Praxisnah. Der ORGANISATOR bereitet in 10 Ausgaben pro Jahr die wesentlichen Themen f\u00fcr F\u00fchrungskr\u00e4fte von KMU auf.\",\"publisher\":{\"@id\":\"https:\\\/\\\/www.organisator.ch\\\/#organization\"},\"potentialAction\":[{\"@type\":\"SearchAction\",\"target\":{\"@type\":\"EntryPoint\",\"urlTemplate\":\"https:\\\/\\\/www.organisator.ch\\\/?s={search_term_string}\"},\"query-input\":{\"@type\":\"PropertyValueSpecification\",\"valueRequired\":true,\"valueName\":\"search_term_string\"}}],\"inLanguage\":\"de\"},{\"@type\":\"Organization\",\"@id\":\"https:\\\/\\\/www.organisator.ch\\\/#organization\",\"name\":\"Organisator\",\"url\":\"https:\\\/\\\/www.organisator.ch\\\/\",\"logo\":{\"@type\":\"ImageObject\",\"inLanguage\":\"de\",\"@id\":\"https:\\\/\\\/www.organisator.ch\\\/#\\\/schema\\\/logo\\\/image\\\/\",\"url\":\"https:\\\/\\\/www.organisator.ch\\\/wp-content\\\/uploads\\\/2022\\\/01\\\/Logo_Organisator_Website.png\",\"contentUrl\":\"https:\\\/\\\/www.organisator.ch\\\/wp-content\\\/uploads\\\/2022\\\/01\\\/Logo_Organisator_Website.png\",\"width\":800,\"height\":77,\"caption\":\"Organisator\"},\"image\":{\"@id\":\"https:\\\/\\\/www.organisator.ch\\\/#\\\/schema\\\/logo\\\/image\\\/\"},\"sameAs\":[\"https:\\\/\\\/www.facebook.com\\\/OrganisatorFachmagazin\",\"https:\\\/\\\/www.linkedin.com\\\/showcase\\\/organisator-das-magazin-fr-kmu\",\"https:\\\/\\\/www.xing.com\\\/news\\\/pages\\\/organisator-ch-695\",\"https:\\\/\\\/www.youtube.com\\\/channel\\\/UCGP2Sq0iWaZwT3BdIAQFYpw\"]},{\"@type\":\"Person\",\"@id\":\"https:\\\/\\\/www.organisator.ch\\\/#\\\/schema\\\/person\\\/aa2bace6c5c5aad60102004a50c4eb1c\",\"name\":\"admin\",\"image\":{\"@type\":\"ImageObject\",\"inLanguage\":\"de\",\"@id\":\"https:\\\/\\\/secure.gravatar.com\\\/avatar\\\/ae2f4d718e6c49043e314ce431e7e645d646302a24a5ef5a8bc8e3f5a032e319?s=96&d=mm&r=g\",\"url\":\"https:\\\/\\\/secure.gravatar.com\\\/avatar\\\/ae2f4d718e6c49043e314ce431e7e645d646302a24a5ef5a8bc8e3f5a032e319?s=96&d=mm&r=g\",\"contentUrl\":\"https:\\\/\\\/secure.gravatar.com\\\/avatar\\\/ae2f4d718e6c49043e314ce431e7e645d646302a24a5ef5a8bc8e3f5a032e319?s=96&d=mm&r=g\",\"caption\":\"admin\"},\"sameAs\":[\"https:\\\/\\\/www.organisator.ch\"],\"url\":\"https:\\\/\\\/www.organisator.ch\\\/de\\\/author\\\/admin\\\/\"}]}<\/script>\n<!-- \/ Yoast SEO plugin. -->","yoast_head_json":{"title":"Pfyffer Schmid gewinnen ASCO-Award - Organisator","description":"Das Projekt zur Nutzung von Synergien in der Verwaltung gewinnt den ASCO-Award \u00abBest Business Transformation 2016\u00bb.","robots":{"index":"index","follow":"follow","max-snippet":"max-snippet:-1","max-image-preview":"max-image-preview:large","max-video-preview":"max-video-preview:-1"},"canonical":"https:\/\/www.organisator.ch\/de\/management\/2016-06-30\/pfyffer-schmid-gewinnen-asco-award\/","og_locale":"de_DE","og_type":"article","og_title":"Pfyffer Schmid gewinnen ASCO-Award","og_description":"Die Organisationsentwickler Marc Pfyffer und Dieter Schmid gewinnen den ASCO-Award \u00abBest Business Transformation 2016\u00bb. Ausgezeichnet werden sie f\u00fcr ein Projekt zur Nutzung von Synergien in der Verwaltung.","og_url":"https:\/\/www.organisator.ch\/de\/management\/2016-06-30\/pfyffer-schmid-gewinnen-asco-award\/","og_site_name":"Organisator","article_publisher":"https:\/\/www.facebook.com\/OrganisatorFachmagazin","article_published_time":"2016-06-30T15:04:43+00:00","author":"admin","twitter_card":"summary_large_image","twitter_image":"https:\/\/www.organisator.ch\/wp-content\/uploads\/2016\/12\/Pfyffer-Schmid-gewinnen-ASCO-Award-organisator.png","schema":{"@context":"https:\/\/schema.org","@graph":[{"@type":"Article","@id":"https:\/\/www.organisator.ch\/management\/2016-06-30\/pfyffer-schmid-gewinnen-asco-award\/#article","isPartOf":{"@id":"https:\/\/www.organisator.ch\/management\/2016-06-30\/pfyffer-schmid-gewinnen-asco-award\/"},"author":{"name":"admin","@id":"https:\/\/www.organisator.ch\/#\/schema\/person\/aa2bace6c5c5aad60102004a50c4eb1c"},"headline":"Pfyffer Schmid gewinnen ASCO-Award","datePublished":"2016-06-30T15:04:43+00:00","mainEntityOfPage":{"@id":"https:\/\/www.organisator.ch\/management\/2016-06-30\/pfyffer-schmid-gewinnen-asco-award\/"},"wordCount":403,"commentCount":0,"publisher":{"@id":"https:\/\/www.organisator.ch\/#organization"},"image":{"@id":"https:\/\/www.organisator.ch\/management\/2016-06-30\/pfyffer-schmid-gewinnen-asco-award\/#primaryimage"},"thumbnailUrl":"https:\/\/www.organisator.ch\/wp-content\/uploads\/2016\/12\/Pfyffer-Schmid-gewinnen-ASCO-Award-organisator.png","keywords":["Institutionen","Management und Unternehmensf\u00fchrung","Unternehmen","Verb\u00e4nde","Vereine"],"articleSection":["MANAGEMENT"],"inLanguage":"de"},{"@type":"WebPage","@id":"https:\/\/www.organisator.ch\/management\/2016-06-30\/pfyffer-schmid-gewinnen-asco-award\/","url":"https:\/\/www.organisator.ch\/management\/2016-06-30\/pfyffer-schmid-gewinnen-asco-award\/","name":"Pfyffer Schmid gewinnen ASCO-Award - Organisator","isPartOf":{"@id":"https:\/\/www.organisator.ch\/#website"},"primaryImageOfPage":{"@id":"https:\/\/www.organisator.ch\/management\/2016-06-30\/pfyffer-schmid-gewinnen-asco-award\/#primaryimage"},"image":{"@id":"https:\/\/www.organisator.ch\/management\/2016-06-30\/pfyffer-schmid-gewinnen-asco-award\/#primaryimage"},"thumbnailUrl":"https:\/\/www.organisator.ch\/wp-content\/uploads\/2016\/12\/Pfyffer-Schmid-gewinnen-ASCO-Award-organisator.png","datePublished":"2016-06-30T15:04:43+00:00","description":"Das Projekt zur Nutzung von Synergien in der Verwaltung gewinnt den ASCO-Award \u00abBest Business Transformation 2016\u00bb.","breadcrumb":{"@id":"https:\/\/www.organisator.ch\/management\/2016-06-30\/pfyffer-schmid-gewinnen-asco-award\/#breadcrumb"},"inLanguage":"de","potentialAction":[{"@type":"ReadAction","target":["https:\/\/www.organisator.ch\/management\/2016-06-30\/pfyffer-schmid-gewinnen-asco-award\/"]}]},{"@type":"ImageObject","inLanguage":"de","@id":"https:\/\/www.organisator.ch\/management\/2016-06-30\/pfyffer-schmid-gewinnen-asco-award\/#primaryimage","url":"https:\/\/www.organisator.ch\/wp-content\/uploads\/2016\/12\/Pfyffer-Schmid-gewinnen-ASCO-Award-organisator.png","contentUrl":"https:\/\/www.organisator.ch\/wp-content\/uploads\/2016\/12\/Pfyffer-Schmid-gewinnen-ASCO-Award-organisator.png","width":420,"height":208,"caption":"Dr. Dieter Schmid und Marc Pfyffer (Bild: www.trisystemics.ch)"},{"@type":"BreadcrumbList","@id":"https:\/\/www.organisator.ch\/management\/2016-06-30\/pfyffer-schmid-gewinnen-asco-award\/#breadcrumb","itemListElement":[{"@type":"ListItem","position":1,"name":"Home","item":"https:\/\/www.organisator.ch\/"},{"@type":"ListItem","position":2,"name":"Pfyffer Schmid gewinnen ASCO-Award"}]},{"@type":"WebSite","@id":"https:\/\/www.organisator.ch\/#website","url":"https:\/\/www.organisator.ch\/","name":"Organisator","description":"Kompetent. Praxisnah. Der ORGANISATOR bereitet in 10 Ausgaben pro Jahr die wesentlichen Themen f\u00fcr F\u00fchrungskr\u00e4fte von KMU auf.","publisher":{"@id":"https:\/\/www.organisator.ch\/#organization"},"potentialAction":[{"@type":"SearchAction","target":{"@type":"EntryPoint","urlTemplate":"https:\/\/www.organisator.ch\/?s={search_term_string}"},"query-input":{"@type":"PropertyValueSpecification","valueRequired":true,"valueName":"search_term_string"}}],"inLanguage":"de"},{"@type":"Organization","@id":"https:\/\/www.organisator.ch\/#organization","name":"Organisator","url":"https:\/\/www.organisator.ch\/","logo":{"@type":"ImageObject","inLanguage":"de","@id":"https:\/\/www.organisator.ch\/#\/schema\/logo\/image\/","url":"https:\/\/www.organisator.ch\/wp-content\/uploads\/2022\/01\/Logo_Organisator_Website.png","contentUrl":"https:\/\/www.organisator.ch\/wp-content\/uploads\/2022\/01\/Logo_Organisator_Website.png","width":800,"height":77,"caption":"Organisator"},"image":{"@id":"https:\/\/www.organisator.ch\/#\/schema\/logo\/image\/"},"sameAs":["https:\/\/www.facebook.com\/OrganisatorFachmagazin","https:\/\/www.linkedin.com\/showcase\/organisator-das-magazin-fr-kmu","https:\/\/www.xing.com\/news\/pages\/organisator-ch-695","https:\/\/www.youtube.com\/channel\/UCGP2Sq0iWaZwT3BdIAQFYpw"]},{"@type":"Person","@id":"https:\/\/www.organisator.ch\/#\/schema\/person\/aa2bace6c5c5aad60102004a50c4eb1c","name":"admin","image":{"@type":"ImageObject","inLanguage":"de","@id":"https:\/\/secure.gravatar.com\/avatar\/ae2f4d718e6c49043e314ce431e7e645d646302a24a5ef5a8bc8e3f5a032e319?s=96&d=mm&r=g","url":"https:\/\/secure.gravatar.com\/avatar\/ae2f4d718e6c49043e314ce431e7e645d646302a24a5ef5a8bc8e3f5a032e319?s=96&d=mm&r=g","contentUrl":"https:\/\/secure.gravatar.com\/avatar\/ae2f4d718e6c49043e314ce431e7e645d646302a24a5ef5a8bc8e3f5a032e319?s=96&d=mm&r=g","caption":"admin"},"sameAs":["https:\/\/www.organisator.ch"],"url":"https:\/\/www.organisator.ch\/de\/author\/admin\/"}]}},"_links":{"self":[{"href":"https:\/\/www.organisator.ch\/de\/wp-json\/wp\/v2\/posts\/821","targetHints":{"allow":["GET"]}}],"collection":[{"href":"https:\/\/www.organisator.ch\/de\/wp-json\/wp\/v2\/posts"}],"about":[{"href":"https:\/\/www.organisator.ch\/de\/wp-json\/wp\/v2\/types\/post"}],"author":[{"embeddable":true,"href":"https:\/\/www.organisator.ch\/de\/wp-json\/wp\/v2\/users\/1"}],"replies":[{"embeddable":true,"href":"https:\/\/www.organisator.ch\/de\/wp-json\/wp\/v2\/comments?post=821"}],"version-history":[{"count":0,"href":"https:\/\/www.organisator.ch\/de\/wp-json\/wp\/v2\/posts\/821\/revisions"}],"wp:featuredmedia":[{"embeddable":true,"href":"https:\/\/www.organisator.ch\/de\/wp-json\/wp\/v2\/media\/823"}],"wp:attachment":[{"href":"https:\/\/www.organisator.ch\/de\/wp-json\/wp\/v2\/media?parent=821"}],"wp:term":[{"taxonomy":"category","embeddable":true,"href":"https:\/\/www.organisator.ch\/de\/wp-json\/wp\/v2\/categories?post=821"},{"taxonomy":"post_tag","embeddable":true,"href":"https:\/\/www.organisator.ch\/de\/wp-json\/wp\/v2\/tags?post=821"}],"curies":[{"name":"wp","href":"https:\/\/api.w.org\/{rel}","templated":true}]}}