{"id":832,"date":"2016-06-30T17:09:23","date_gmt":"2016-06-30T15:09:23","guid":{"rendered":"http:\/\/dev.organisator.ch\/?p=832"},"modified":"2016-06-30T17:09:23","modified_gmt":"2016-06-30T15:09:23","slug":"in-der-baubranche-fehlen-immer-noch-3000-lernende","status":"publish","type":"post","link":"https:\/\/www.organisator.ch\/de\/human-resources\/hrm\/2016-06-30\/in-der-baubranche-fehlen-immer-noch-3000-lernende\/","title":{"rendered":"In der Baubranche fehlen immer noch 3000 Lernende"},"content":{"rendered":"<figure id=\"attachment_835\" aria-describedby=\"caption-attachment-835\" style=\"width: 640px\" class=\"wp-caption alignnone\"><img loading=\"lazy\" decoding=\"async\" class=\"size-full wp-image-835\" src=\"https:\/\/www.organisator.ch\/wp-content\/uploads\/2016\/12\/In-der-Baubranche-fehlen-immer-noch-3000-Lernende-organisator.jpg\" alt=\"\" width=\"640\" height=\"425\" srcset=\"https:\/\/www.organisator.ch\/wp-content\/uploads\/2016\/12\/In-der-Baubranche-fehlen-immer-noch-3000-Lernende-organisator.jpg 640w, https:\/\/www.organisator.ch\/wp-content\/uploads\/2016\/12\/In-der-Baubranche-fehlen-immer-noch-3000-Lernende-organisator-16x12.jpg 16w, https:\/\/www.organisator.ch\/wp-content\/uploads\/2016\/12\/In-der-Baubranche-fehlen-immer-noch-3000-Lernende-organisator-264x175.jpg 264w, https:\/\/www.organisator.ch\/wp-content\/uploads\/2016\/12\/In-der-Baubranche-fehlen-immer-noch-3000-Lernende-organisator-527x350.jpg 527w, https:\/\/www.organisator.ch\/wp-content\/uploads\/2016\/12\/In-der-Baubranche-fehlen-immer-noch-3000-Lernende-organisator-300x199.jpg 300w\" sizes=\"auto, (max-width: 640px) 100vw, 640px\" \/><figcaption id=\"caption-attachment-835\" class=\"wp-caption-text\">Sechs Lernende von Bauberufen mit ihren Lehrmeistern anl\u00e4sslich einer Medienkonferenz. (Bild: thb)<\/figcaption><\/figure>\n<p>Noch vor ein paar Jahren war es umgekehrt: Zu viele Schulabg\u00e4nger bewarben sich um zu wenige Lehrstellen. Der Trend ist nun aber umgekehrt, und auch 2016 \u00e4ndert sich dieser Trend nicht, besonders in der Baubranche. Die zuletzt publizierten Zahlen des SBFI signalisieren sogar eine Zunahme der nicht besetzten Lehrstellen gegen\u00fcber 2015. Die Kantone mit den meisten offenen Lehrstellen im Bau sind gem\u00e4ss berufsberatung.ch St. Gallen (470), Z\u00fcrich (402), Bern (304). Das SBFI erfasst die offenen Lehrstellen nicht nach Branchen und Kantonen. Die Lehrstellenlage in der Baubranche hat sich insgesamt also versch\u00e4rft. Das hat Auswirkungen auf die gesamte Wirtschaft. Denn der Bau tr\u00e4gt nicht nur rund 6% zum BIP bei \u2013 vor den Banken; er hat auch eine Schl\u00fcsselposition bei der Konjunktur und bei der Umsetzung der Energiestrategie des Bundes. Denn in den Geb\u00e4uden steckt ein Energiesparpotenzial von bis zu 50%. Jedoch werden bis jetzt nur 1% der sanierungsbed\u00fcrftigen Geb\u00e4ude pro Jahr renoviert.<\/p>\n<p><strong>Attraktive Berufsbilder mit grossen Karrierechancen<\/strong><\/p>\n<p>Rund 50 Berufe gibt es im Bau, oft werden Spitzenl\u00f6hne bezahlt. Rasche Karrieren sind keine Seltenheit. Wer heute eine Lehre im Bau beginnt, leitet in sp\u00e4testens f\u00fcnf Jahren schon Baustellen und \u00fcbt Kaderpositionen in Bauunternehmen aus. Das duale Berufsbildungssystem der Schweiz erleichtert zudem den Anschluss an den akademischen Bildungsweg. Wie anspruchsvoll und spannend T\u00e4tigkeiten im Bau sind, zeigten am 29. Juni 2016\u00a0an einem\u00a0Mediengespr\u00e4ch von bausinn.ch 6 Lernende aus 6 Baubranchen. Alle Branchen und auch die Medien reden seit Jahren \u00fcber die Lernenden. Beim heutigen Mediengespr\u00e4ch von bausinn.ch im Landesmuseum redeten die Lernenden Auge in Auge mit den Journalisten; zum ersten Mal \u00fcberhaupt waren die Lernenden die Hauptpersonen an einem Medienanlass. Die sechs jungen M\u00e4nner sind Ger\u00fcstbauer, Maler, Maurer, Schweisser, Metallbauer und Polybauer. Sie alle k\u00f6nnen nicht nur in jungen Jahren schon gut planen, zupacken und Pl\u00e4ne umsetzen. Sie lernen vor allem auch Teamarbeit und den Umgang mit Termindruck und ver\u00e4nderten Abl\u00e4ufen. Damit sind sie f\u00fcr eine Karriere jederzeit gut ger\u00fcstet.<\/p>\n<ul>\n<li><strong>Ger\u00fcstbauer Andrea Baltensperger aus Winterthur, 3. Lehrjahr:<\/strong> \u00abGer\u00fcste sorgen f\u00fcr Arbeitssicherheit im Bau. Alle kennen Ger\u00fcste bei Geb\u00e4uden. Auch bei Br\u00fccken sind sie wichtig wie z.B. der Sanierung der Quaibr\u00fccke in Z\u00fcrich. F\u00fcr den Bau von Br\u00fcckenger\u00fcsten muss jemand viel Erfahrung in Mathe mitbringen. Denn hier muss die Statik berechnet werden.\u00bb Nach der Lehre plant er seine Ausbildung zum Gruppenleiter und will sich sp\u00e4ter zum Objektleiter weiterbilden \u2013 dieser zeichnet Pl\u00e4ne und kontrolliert Baustellen.<\/li>\n<li><strong>Maurer Robby Hinnen aus Seuzach (ZH):<\/strong> Wie rasch und weit es talentierte Junge im Bau bringen k\u00f6nnen, beweist Robby Hinnen. Er hat die dreij\u00e4hrige Lehre als Maurer 2015 abgeschlossen. \u00abIch weiss nun sehr viel \u00fcber Materialien wie Beton und Stein. Ich kenne die Baustellenabl\u00e4ufe und habe gelernt, im Team und auch unter Stress zu arbeiten. Besonders spannend finde ich, dass man sieht, was man gemacht hat. Der Beruf ist sehr abwechslungsreich. Mein Lieblingsgeb\u00e4ude ist der Wohnblock meines Chefs.\u00bb Am Mediengespr\u00e4ch erkl\u00e4rte er die zahlreichen Schritte f\u00fcr den mehrt\u00e4gigen Bau einer vermeintlich einfachen St\u00fctzmauer.<\/li>\n<li><strong>Metallbauer Alex Tr\u00fcb aus Lausen (BL):<\/strong> Ob er Aluminiumt\u00fcren, Stahlt\u00fcren oder Winterg\u00e4rten in der Werkstatt baut und sp\u00e4ter auf der Baustelle montiert \u2013 das rasche Erfolgserlebnis geniesst er: \u00abSch\u00f6n finde ich auch, dass man sieht, was man alles geleistet hat. Wenn der Kunde Freude hat, dann gef\u00e4llt es einem selber doppelt so gut.\u00bb Die vierj\u00e4hrige Lehre empfiehlt er allen, die individuelles Arbeiten sch\u00e4tzen und sehr schnell L\u00f6sungen aust\u00fcfteln k\u00f6nnen.<\/li>\n<li><strong>Schweisser Sven Schl\u00fcchter aus Bowil (BE), 1. Lehrjahr:<\/strong> Der 16-j\u00e4hrige Sven Schl\u00fcchter absolviert bei der Ferdinand Steck Maschinenfabrik AG in Bowil (BE) eine Lehre als Anlagen- und Apparatebauer. Schl\u00fcchter vertrat am Mediengespr\u00e4ch einen Beruf, den es nicht gibt, f\u00fcr den aber Berufsmeisterschaften durchgef\u00fchrt werden: Den Schweisser. Die Bedeutung des Schweissens im Bau nimmt zu. Mit den neuen europ\u00e4ischen Normen, die seit 2015 auch in der Schweiz im Bau gelten, erfordern gewisse Arbeiten eine zertifizierte Weiterbildung im Schweissen. So k\u00f6nnen sich mit der Norm EN 1090 Metallbaufirmen f\u00fcr gewisse Projekte nur noch bewerben, wenn sie einen zertifizierten Schweisser besch\u00e4ftigen.<\/li>\n<li><strong>Polybauer, Jan-Eric Allenbach aus S\u00e4riswil (BE):<\/strong> Bevor er eine Lehre als Polybauer Fachrichtung Dachdecken begann, besuchte er ein Jahr lang das Gymnasium. Er musste feststellen, dass dies nicht unbedingt seine Welt war. Er kommt aus einem Familienunternehmen, das sich auch mit Bedachungen und Photovoltaik befasst und entschied sich nach mehreren Schnupperlehren f\u00fcr diesen Beruf. Um seine Zukunft macht auch er sich keine Sorgen: \u00abJedes Haus braucht ein Dach; dieser Job wird somit nie aussterben. Hinsichtlich der Zukunft sehe ich die Mitarbeit an der Energiewende als eine besondere Chance.\u00bb<\/li>\n<li><strong>Malerin Stella Francescato aus Thalwil, 1. Lehrjahr: <\/strong>\u00abDaf\u00fcr, dass ich erst im ersten Lehrjahr bin, habe ich bereits sehr viel lernen k\u00f6nnen. Auch in der Schule, habe ich mir Wissen zu den unterschiedlichsten Materialien aneignen k\u00f6nnen.\u00bb Der Malerberuf ist f\u00fcr sie der sch\u00f6nste aller Bauberufe. Sie interessieren vor allem der k\u00fcnstlerische Aspekt sowie die Feinarbeiten, wie zum Beispiel die Dekorationsmalerei. Dabei kann sie ihrer Kreativit\u00e4t freien Lauf lassen. Sie hat auch gelernt, sich als Frau auf der Baustelle zu beweisen.<\/li>\n<\/ul>\n<p>Alle diese sechs Lernenden streben nach dem Lehrabschluss Weiterbildungen an, um sp\u00e4ter entweder F\u00fchrungsfunktionen \u00fcbernehmen zu k\u00f6nnen oder sogar das elterliche Gesch\u00e4ft. Insgesamt machen\u00a0sie sich\u00a0auch keine Sorgen um die Zukunft ihrer Branche, denn gebaut werde\u00a0immer, und auch\u00a0trotz Digitalisierung wird es\u00a0gut ausgebildete Handwerker ben\u00f6tigen.<\/p>\n<p><strong>F\u00fcr mehr Wertsch\u00e4tzung der Baubranche<\/strong><\/p>\n<p>Die Interessengemeinschaft bausinn.ch setzt sich f\u00fcr mehr Wertsch\u00e4tzung f\u00fcr die Schweizer Baubranche und f\u00fcr den Berufsstolz der Baufachkr\u00e4fte ein. Tr\u00e4gerorganisationen von bausinn.ch sind aktuell\u00a0AM Suisse, Geb\u00e4udeh\u00fclle Schweiz, der Schweizerische Baumeisterverband SBV, der Schweizerische Ger\u00fcstbau-Unternehmer-Verband SGUV, der Schweizerische Maler- und Gipserunternehmer-Verband SMGV und der Verein f\u00fcr Schweisstechnik SVS. Am Mediengespr\u00e4ch standen von diesen Branchenverb\u00e4nden Rede und Antwort: Ueli B\u00fcchi, Leiter Berufsbildungspolitik des Schweizerischen Baumeisterverbands SBV, Siegfried Dauner, Leiter Berufsbildung Metaltec von AM Suisse, Mario Freda, Zentralpr\u00e4sident des Schweizerischen Maler- und Gipserunternehmer-Verbands SMGV, Karin Gamma, Leitung MarKom &amp; Events Geb\u00e4udeh\u00fclle Schweiz, Dr. Marc Harzenmoser, Direktor des Schweizerischen Vereins f\u00fcr Schweisstechnik SVS, Dr. Josef Wiederkehr, Pr\u00e4sident des Schweizerischen Ger\u00fcstbau-Unternehmer-Verbands SGUV. Auch die Lehrmeister der sechs Lernenden nahmen Stellung und betonten an ihrem eigenen beruflichen Werdegang die Vielseitigkeit der Ausbildungen auf dem Bau.<\/p>\n<p><em>Informationen: <a href=\"http:\/\/www.bausinn.ch\" target=\"_blank\" data-cke-saved-href=\"http:\/\/www.bausinn.ch\" rel=\"noopener\">www.bausinn.ch<\/a> <\/em><\/p>\n<div id='gallery-1' class='gallery galleryid-832 gallery-columns-3 gallery-size-thumbnail'><figure class='gallery-item'>\n\t\t\t<div class='gallery-icon landscape'>\n\t\t\t\t<a href='https:\/\/www.organisator.ch\/de\/human-resources\/hrm\/2016-06-30\/in-der-baubranche-fehlen-immer-noch-3000-lernende\/attachment\/in-der-baubranche-fehlen-immer-noch-3000-lernende1-organisator\/'><img loading=\"lazy\" decoding=\"async\" width=\"150\" height=\"150\" src=\"https:\/\/www.organisator.ch\/wp-content\/uploads\/2016\/12\/In-der-Baubranche-fehlen-immer-noch-3000-Lernende1-organisator-150x150.jpg\" class=\"attachment-thumbnail size-thumbnail\" alt=\"\" srcset=\"https:\/\/www.organisator.ch\/wp-content\/uploads\/2016\/12\/In-der-Baubranche-fehlen-immer-noch-3000-Lernende1-organisator-150x150.jpg 150w, https:\/\/www.organisator.ch\/wp-content\/uploads\/2016\/12\/In-der-Baubranche-fehlen-immer-noch-3000-Lernende1-organisator-250x250.jpg 250w, https:\/\/www.organisator.ch\/wp-content\/uploads\/2016\/12\/In-der-Baubranche-fehlen-immer-noch-3000-Lernende1-organisator-100x100.jpg 100w\" sizes=\"auto, (max-width: 150px) 100vw, 150px\" \/><\/a>\n\t\t\t<\/div><\/figure><figure class='gallery-item'>\n\t\t\t<div class='gallery-icon landscape'>\n\t\t\t\t<a href='https:\/\/www.organisator.ch\/de\/human-resources\/hrm\/2016-06-30\/in-der-baubranche-fehlen-immer-noch-3000-lernende\/attachment\/in-der-baubranche-fehlen-immer-noch-3000-lernende2-organisator\/'><img loading=\"lazy\" decoding=\"async\" width=\"150\" height=\"150\" src=\"https:\/\/www.organisator.ch\/wp-content\/uploads\/2016\/12\/In-der-Baubranche-fehlen-immer-noch-3000-Lernende2-organisator-150x150.jpg\" class=\"attachment-thumbnail size-thumbnail\" alt=\"\" srcset=\"https:\/\/www.organisator.ch\/wp-content\/uploads\/2016\/12\/In-der-Baubranche-fehlen-immer-noch-3000-Lernende2-organisator-150x150.jpg 150w, https:\/\/www.organisator.ch\/wp-content\/uploads\/2016\/12\/In-der-Baubranche-fehlen-immer-noch-3000-Lernende2-organisator-680x680.jpg 680w, https:\/\/www.organisator.ch\/wp-content\/uploads\/2016\/12\/In-der-Baubranche-fehlen-immer-noch-3000-Lernende2-organisator-1024x1024.jpg 1024w, https:\/\/www.organisator.ch\/wp-content\/uploads\/2016\/12\/In-der-Baubranche-fehlen-immer-noch-3000-Lernende2-organisator-768x768.jpg 768w, https:\/\/www.organisator.ch\/wp-content\/uploads\/2016\/12\/In-der-Baubranche-fehlen-immer-noch-3000-Lernende2-organisator-1536x1536.jpg 1536w, https:\/\/www.organisator.ch\/wp-content\/uploads\/2016\/12\/In-der-Baubranche-fehlen-immer-noch-3000-Lernende2-organisator-2048x2048.jpg 2048w, https:\/\/www.organisator.ch\/wp-content\/uploads\/2016\/12\/In-der-Baubranche-fehlen-immer-noch-3000-Lernende2-organisator-12x12.jpg 12w, https:\/\/www.organisator.ch\/wp-content\/uploads\/2016\/12\/In-der-Baubranche-fehlen-immer-noch-3000-Lernende2-organisator-175x175.jpg 175w, https:\/\/www.organisator.ch\/wp-content\/uploads\/2016\/12\/In-der-Baubranche-fehlen-immer-noch-3000-Lernende2-organisator-350x350.jpg 350w, https:\/\/www.organisator.ch\/wp-content\/uploads\/2016\/12\/In-der-Baubranche-fehlen-immer-noch-3000-Lernende2-organisator-800x800.jpg 800w, https:\/\/www.organisator.ch\/wp-content\/uploads\/2016\/12\/In-der-Baubranche-fehlen-immer-noch-3000-Lernende2-organisator-920x920.jpg 920w, https:\/\/www.organisator.ch\/wp-content\/uploads\/2016\/12\/In-der-Baubranche-fehlen-immer-noch-3000-Lernende2-organisator-1400x1400.jpg 1400w, https:\/\/www.organisator.ch\/wp-content\/uploads\/2016\/12\/In-der-Baubranche-fehlen-immer-noch-3000-Lernende2-organisator-250x250.jpg 250w, https:\/\/www.organisator.ch\/wp-content\/uploads\/2016\/12\/In-der-Baubranche-fehlen-immer-noch-3000-Lernende2-organisator-300x300.jpg 300w, https:\/\/www.organisator.ch\/wp-content\/uploads\/2016\/12\/In-der-Baubranche-fehlen-immer-noch-3000-Lernende2-organisator-100x100.jpg 100w\" sizes=\"auto, (max-width: 150px) 100vw, 150px\" \/><\/a>\n\t\t\t<\/div><\/figure><figure class='gallery-item'>\n\t\t\t<div class='gallery-icon landscape'>\n\t\t\t\t<a href='https:\/\/www.organisator.ch\/de\/human-resources\/hrm\/2016-06-30\/in-der-baubranche-fehlen-immer-noch-3000-lernende\/attachment\/in-der-baubranche-fehlen-immer-noch-3000-lernende3-organisator\/'><img loading=\"lazy\" decoding=\"async\" width=\"150\" height=\"150\" src=\"https:\/\/www.organisator.ch\/wp-content\/uploads\/2016\/12\/In-der-Baubranche-fehlen-immer-noch-3000-Lernende3-organisator-150x150.jpg\" class=\"attachment-thumbnail size-thumbnail\" alt=\"\" srcset=\"https:\/\/www.organisator.ch\/wp-content\/uploads\/2016\/12\/In-der-Baubranche-fehlen-immer-noch-3000-Lernende3-organisator-150x150.jpg 150w, https:\/\/www.organisator.ch\/wp-content\/uploads\/2016\/12\/In-der-Baubranche-fehlen-immer-noch-3000-Lernende3-organisator-250x250.jpg 250w, https:\/\/www.organisator.ch\/wp-content\/uploads\/2016\/12\/In-der-Baubranche-fehlen-immer-noch-3000-Lernende3-organisator-100x100.jpg 100w\" sizes=\"auto, (max-width: 150px) 100vw, 150px\" \/><\/a>\n\t\t\t<\/div><\/figure><figure class='gallery-item'>\n\t\t\t<div class='gallery-icon landscape'>\n\t\t\t\t<a href='https:\/\/www.organisator.ch\/de\/human-resources\/hrm\/2016-06-30\/in-der-baubranche-fehlen-immer-noch-3000-lernende\/attachment\/in-der-baubranche-fehlen-immer-noch-3000-lernende4-organisator\/'><img loading=\"lazy\" decoding=\"async\" width=\"150\" height=\"150\" src=\"https:\/\/www.organisator.ch\/wp-content\/uploads\/2016\/12\/In-der-Baubranche-fehlen-immer-noch-3000-Lernende4-organisator-150x150.jpg\" class=\"attachment-thumbnail size-thumbnail\" alt=\"\" srcset=\"https:\/\/www.organisator.ch\/wp-content\/uploads\/2016\/12\/In-der-Baubranche-fehlen-immer-noch-3000-Lernende4-organisator-150x150.jpg 150w, https:\/\/www.organisator.ch\/wp-content\/uploads\/2016\/12\/In-der-Baubranche-fehlen-immer-noch-3000-Lernende4-organisator-250x250.jpg 250w, https:\/\/www.organisator.ch\/wp-content\/uploads\/2016\/12\/In-der-Baubranche-fehlen-immer-noch-3000-Lernende4-organisator-100x100.jpg 100w\" sizes=\"auto, (max-width: 150px) 100vw, 150px\" \/><\/a>\n\t\t\t<\/div><\/figure><figure class='gallery-item'>\n\t\t\t<div class='gallery-icon landscape'>\n\t\t\t\t<a href='https:\/\/www.organisator.ch\/de\/human-resources\/hrm\/2016-06-30\/in-der-baubranche-fehlen-immer-noch-3000-lernende\/attachment\/in-der-baubranche-fehlen-immer-noch-3000-lernende5-organisator\/'><img loading=\"lazy\" decoding=\"async\" width=\"150\" height=\"150\" src=\"https:\/\/www.organisator.ch\/wp-content\/uploads\/2016\/12\/In-der-Baubranche-fehlen-immer-noch-3000-Lernende5-organisator-150x150.jpg\" class=\"attachment-thumbnail size-thumbnail\" alt=\"\" srcset=\"https:\/\/www.organisator.ch\/wp-content\/uploads\/2016\/12\/In-der-Baubranche-fehlen-immer-noch-3000-Lernende5-organisator-150x150.jpg 150w, https:\/\/www.organisator.ch\/wp-content\/uploads\/2016\/12\/In-der-Baubranche-fehlen-immer-noch-3000-Lernende5-organisator-250x250.jpg 250w, https:\/\/www.organisator.ch\/wp-content\/uploads\/2016\/12\/In-der-Baubranche-fehlen-immer-noch-3000-Lernende5-organisator-100x100.jpg 100w\" sizes=\"auto, (max-width: 150px) 100vw, 150px\" \/><\/a>\n\t\t\t<\/div><\/figure><figure class='gallery-item'>\n\t\t\t<div class='gallery-icon portrait'>\n\t\t\t\t<a href='https:\/\/www.organisator.ch\/de\/human-resources\/hrm\/2016-06-30\/in-der-baubranche-fehlen-immer-noch-3000-lernende\/attachment\/in-der-baubranche-fehlen-immer-noch-3000-lernende6-organisator\/'><img loading=\"lazy\" decoding=\"async\" width=\"150\" height=\"150\" src=\"https:\/\/www.organisator.ch\/wp-content\/uploads\/2016\/12\/In-der-Baubranche-fehlen-immer-noch-3000-Lernende6-organisator-150x150.jpg\" class=\"attachment-thumbnail size-thumbnail\" alt=\"\" srcset=\"https:\/\/www.organisator.ch\/wp-content\/uploads\/2016\/12\/In-der-Baubranche-fehlen-immer-noch-3000-Lernende6-organisator-150x150.jpg 150w, https:\/\/www.organisator.ch\/wp-content\/uploads\/2016\/12\/In-der-Baubranche-fehlen-immer-noch-3000-Lernende6-organisator-11x12.jpg 11w, https:\/\/www.organisator.ch\/wp-content\/uploads\/2016\/12\/In-der-Baubranche-fehlen-immer-noch-3000-Lernende6-organisator-250x250.jpg 250w, https:\/\/www.organisator.ch\/wp-content\/uploads\/2016\/12\/In-der-Baubranche-fehlen-immer-noch-3000-Lernende6-organisator-100x100.jpg 100w\" sizes=\"auto, (max-width: 150px) 100vw, 150px\" \/><\/a>\n\t\t\t<\/div><\/figure>\n\t\t<\/div>\n\n","protected":false},"excerpt":{"rendered":"<p>Noch vor ein paar Jahren war es umgekehrt: Zu viele Schulabg\u00e4nger bewarben sich um zu wenige Lehrstellen. Der Trend ist nun aber umgekehrt, und auch 2016 \u00e4ndert sich dieser Trend nicht, besonders in der Baubranche. Die zuletzt publizierten Zahlen des SBFI signalisieren sogar eine Zunahme der nicht besetzten Lehrstellen gegen\u00fcber 2015. Die Kantone mit den [&hellip;]<\/p>\n","protected":false},"author":1,"featured_media":835,"comment_status":"open","ping_status":"open","sticky":false,"template":"","format":"standard","meta":{"_acf_changed":false,"_yoast_wpseo_focuskw":"Baubranche","_yoast_wpseo_metadesc":"Es fehlen allein in der Baubranche noch rund 3'000 Lernende f\u00fcr 2016. Der Bau z\u00e4hlte zu den drei Branchen mit den meisten unbesetzten Stellen.","articlekey":"","footnotes":""},"categories":[26],"tags":[62,254],"class_list":["post-832","post","type-post","status-publish","format-standard","has-post-thumbnail","hentry","category-hrm","tag-aus-weiterbildung","tag-hrm"],"acf":[],"yoast_head":"<!-- This site is optimized with the Yoast SEO plugin v27.4 - https:\/\/yoast.com\/product\/yoast-seo-wordpress\/ -->\n<title>In der Baubranche fehlen immer noch 3000 Lernende - Organisator<\/title>\n<meta name=\"description\" content=\"Es fehlen allein in der Baubranche noch rund 3&#039;000 Lernende f\u00fcr 2016. Der Bau z\u00e4hlte zu den drei Branchen mit den meisten unbesetzten Stellen.\" \/>\n<meta name=\"robots\" content=\"index, follow, max-snippet:-1, max-image-preview:large, max-video-preview:-1\" \/>\n<link rel=\"canonical\" href=\"https:\/\/www.organisator.ch\/de\/human-resources\/hrm\/2016-06-30\/in-der-baubranche-fehlen-immer-noch-3000-lernende\/\" \/>\n<meta property=\"og:locale\" content=\"de_DE\" \/>\n<meta property=\"og:type\" content=\"article\" \/>\n<meta property=\"og:title\" content=\"In der Baubranche fehlen immer noch 3000 Lernende\" \/>\n<meta property=\"og:description\" content=\"F\u00fcr rund 9\u2019000 Jugendliche ist nun Endspurt bei der Lehrstellensuche 2016 angesagt. Die anderen fast 90&#039;000 stehen schon in den Startl\u00f6chern f\u00fcr Lehrbeginn 2017. Gem\u00e4ss Lena und berufsberatung.ch sind allein im Bau f\u00fcr 2016 noch rund 3&#039;000 Lehrstellen unbesetzt. 2015 konnten die Lernenden aus rund 94\u2019000 Stellen w\u00e4hlen. Der Bau z\u00e4hlte mit 13% zu den drei Branchen mit den meisten unbesetzten Stellen.\" \/>\n<meta property=\"og:url\" content=\"https:\/\/www.organisator.ch\/de\/human-resources\/hrm\/2016-06-30\/in-der-baubranche-fehlen-immer-noch-3000-lernende\/\" \/>\n<meta property=\"og:site_name\" content=\"Organisator\" \/>\n<meta property=\"article:publisher\" content=\"https:\/\/www.facebook.com\/OrganisatorFachmagazin\" \/>\n<meta property=\"article:published_time\" content=\"2016-06-30T15:09:23+00:00\" \/>\n<meta name=\"author\" content=\"admin\" \/>\n<meta name=\"twitter:card\" content=\"summary_large_image\" \/>\n<meta name=\"twitter:image\" content=\"https:\/\/www.organisator.ch\/wp-content\/uploads\/2016\/12\/In-der-Baubranche-fehlen-immer-noch-3000-Lernende-organisator.jpg\" \/>\n<script type=\"application\/ld+json\" class=\"yoast-schema-graph\">{\"@context\":\"https:\\\/\\\/schema.org\",\"@graph\":[{\"@type\":\"Article\",\"@id\":\"https:\\\/\\\/www.organisator.ch\\\/human-resources\\\/hrm\\\/2016-06-30\\\/in-der-baubranche-fehlen-immer-noch-3000-lernende\\\/#article\",\"isPartOf\":{\"@id\":\"https:\\\/\\\/www.organisator.ch\\\/human-resources\\\/hrm\\\/2016-06-30\\\/in-der-baubranche-fehlen-immer-noch-3000-lernende\\\/\"},\"author\":{\"name\":\"admin\",\"@id\":\"https:\\\/\\\/www.organisator.ch\\\/#\\\/schema\\\/person\\\/aa2bace6c5c5aad60102004a50c4eb1c\"},\"headline\":\"In der Baubranche fehlen immer noch 3000 Lernende\",\"datePublished\":\"2016-06-30T15:09:23+00:00\",\"mainEntityOfPage\":{\"@id\":\"https:\\\/\\\/www.organisator.ch\\\/human-resources\\\/hrm\\\/2016-06-30\\\/in-der-baubranche-fehlen-immer-noch-3000-lernende\\\/\"},\"wordCount\":1125,\"commentCount\":0,\"publisher\":{\"@id\":\"https:\\\/\\\/www.organisator.ch\\\/#organization\"},\"image\":{\"@id\":\"https:\\\/\\\/www.organisator.ch\\\/human-resources\\\/hrm\\\/2016-06-30\\\/in-der-baubranche-fehlen-immer-noch-3000-lernende\\\/#primaryimage\"},\"thumbnailUrl\":\"https:\\\/\\\/www.organisator.ch\\\/wp-content\\\/uploads\\\/2016\\\/12\\\/In-der-Baubranche-fehlen-immer-noch-3000-Lernende-organisator.jpg\",\"keywords\":[\"Aus-\\\/Weiterbildung\",\"HRM\"],\"articleSection\":[\"HRM\"],\"inLanguage\":\"de\"},{\"@type\":\"WebPage\",\"@id\":\"https:\\\/\\\/www.organisator.ch\\\/human-resources\\\/hrm\\\/2016-06-30\\\/in-der-baubranche-fehlen-immer-noch-3000-lernende\\\/\",\"url\":\"https:\\\/\\\/www.organisator.ch\\\/human-resources\\\/hrm\\\/2016-06-30\\\/in-der-baubranche-fehlen-immer-noch-3000-lernende\\\/\",\"name\":\"In der Baubranche fehlen immer noch 3000 Lernende - Organisator\",\"isPartOf\":{\"@id\":\"https:\\\/\\\/www.organisator.ch\\\/#website\"},\"primaryImageOfPage\":{\"@id\":\"https:\\\/\\\/www.organisator.ch\\\/human-resources\\\/hrm\\\/2016-06-30\\\/in-der-baubranche-fehlen-immer-noch-3000-lernende\\\/#primaryimage\"},\"image\":{\"@id\":\"https:\\\/\\\/www.organisator.ch\\\/human-resources\\\/hrm\\\/2016-06-30\\\/in-der-baubranche-fehlen-immer-noch-3000-lernende\\\/#primaryimage\"},\"thumbnailUrl\":\"https:\\\/\\\/www.organisator.ch\\\/wp-content\\\/uploads\\\/2016\\\/12\\\/In-der-Baubranche-fehlen-immer-noch-3000-Lernende-organisator.jpg\",\"datePublished\":\"2016-06-30T15:09:23+00:00\",\"description\":\"Es fehlen allein in der Baubranche noch rund 3'000 Lernende f\u00fcr 2016. Der Bau z\u00e4hlte zu den drei Branchen mit den meisten unbesetzten Stellen.\",\"breadcrumb\":{\"@id\":\"https:\\\/\\\/www.organisator.ch\\\/human-resources\\\/hrm\\\/2016-06-30\\\/in-der-baubranche-fehlen-immer-noch-3000-lernende\\\/#breadcrumb\"},\"inLanguage\":\"de\",\"potentialAction\":[{\"@type\":\"ReadAction\",\"target\":[\"https:\\\/\\\/www.organisator.ch\\\/human-resources\\\/hrm\\\/2016-06-30\\\/in-der-baubranche-fehlen-immer-noch-3000-lernende\\\/\"]}]},{\"@type\":\"ImageObject\",\"inLanguage\":\"de\",\"@id\":\"https:\\\/\\\/www.organisator.ch\\\/human-resources\\\/hrm\\\/2016-06-30\\\/in-der-baubranche-fehlen-immer-noch-3000-lernende\\\/#primaryimage\",\"url\":\"https:\\\/\\\/www.organisator.ch\\\/wp-content\\\/uploads\\\/2016\\\/12\\\/In-der-Baubranche-fehlen-immer-noch-3000-Lernende-organisator.jpg\",\"contentUrl\":\"https:\\\/\\\/www.organisator.ch\\\/wp-content\\\/uploads\\\/2016\\\/12\\\/In-der-Baubranche-fehlen-immer-noch-3000-Lernende-organisator.jpg\",\"width\":640,\"height\":425,\"caption\":\"Sechs Lernende von Bauberufen mit ihren Lehrmeistern anl\u00e4sslich einer Medienkonferenz. (Bild: thb)\"},{\"@type\":\"BreadcrumbList\",\"@id\":\"https:\\\/\\\/www.organisator.ch\\\/human-resources\\\/hrm\\\/2016-06-30\\\/in-der-baubranche-fehlen-immer-noch-3000-lernende\\\/#breadcrumb\",\"itemListElement\":[{\"@type\":\"ListItem\",\"position\":1,\"name\":\"Home\",\"item\":\"https:\\\/\\\/www.organisator.ch\\\/\"},{\"@type\":\"ListItem\",\"position\":2,\"name\":\"In der Baubranche fehlen immer noch 3000 Lernende\"}]},{\"@type\":\"WebSite\",\"@id\":\"https:\\\/\\\/www.organisator.ch\\\/#website\",\"url\":\"https:\\\/\\\/www.organisator.ch\\\/\",\"name\":\"Organisator\",\"description\":\"Kompetent. Praxisnah. Der ORGANISATOR bereitet in 10 Ausgaben pro Jahr die wesentlichen Themen f\u00fcr F\u00fchrungskr\u00e4fte von KMU auf.\",\"publisher\":{\"@id\":\"https:\\\/\\\/www.organisator.ch\\\/#organization\"},\"potentialAction\":[{\"@type\":\"SearchAction\",\"target\":{\"@type\":\"EntryPoint\",\"urlTemplate\":\"https:\\\/\\\/www.organisator.ch\\\/?s={search_term_string}\"},\"query-input\":{\"@type\":\"PropertyValueSpecification\",\"valueRequired\":true,\"valueName\":\"search_term_string\"}}],\"inLanguage\":\"de\"},{\"@type\":\"Organization\",\"@id\":\"https:\\\/\\\/www.organisator.ch\\\/#organization\",\"name\":\"Organisator\",\"url\":\"https:\\\/\\\/www.organisator.ch\\\/\",\"logo\":{\"@type\":\"ImageObject\",\"inLanguage\":\"de\",\"@id\":\"https:\\\/\\\/www.organisator.ch\\\/#\\\/schema\\\/logo\\\/image\\\/\",\"url\":\"https:\\\/\\\/www.organisator.ch\\\/wp-content\\\/uploads\\\/2022\\\/01\\\/Logo_Organisator_Website.png\",\"contentUrl\":\"https:\\\/\\\/www.organisator.ch\\\/wp-content\\\/uploads\\\/2022\\\/01\\\/Logo_Organisator_Website.png\",\"width\":800,\"height\":77,\"caption\":\"Organisator\"},\"image\":{\"@id\":\"https:\\\/\\\/www.organisator.ch\\\/#\\\/schema\\\/logo\\\/image\\\/\"},\"sameAs\":[\"https:\\\/\\\/www.facebook.com\\\/OrganisatorFachmagazin\",\"https:\\\/\\\/www.linkedin.com\\\/showcase\\\/organisator-das-magazin-fr-kmu\",\"https:\\\/\\\/www.xing.com\\\/news\\\/pages\\\/organisator-ch-695\",\"https:\\\/\\\/www.youtube.com\\\/channel\\\/UCGP2Sq0iWaZwT3BdIAQFYpw\"]},{\"@type\":\"Person\",\"@id\":\"https:\\\/\\\/www.organisator.ch\\\/#\\\/schema\\\/person\\\/aa2bace6c5c5aad60102004a50c4eb1c\",\"name\":\"admin\",\"image\":{\"@type\":\"ImageObject\",\"inLanguage\":\"de\",\"@id\":\"https:\\\/\\\/secure.gravatar.com\\\/avatar\\\/ae2f4d718e6c49043e314ce431e7e645d646302a24a5ef5a8bc8e3f5a032e319?s=96&d=mm&r=g\",\"url\":\"https:\\\/\\\/secure.gravatar.com\\\/avatar\\\/ae2f4d718e6c49043e314ce431e7e645d646302a24a5ef5a8bc8e3f5a032e319?s=96&d=mm&r=g\",\"contentUrl\":\"https:\\\/\\\/secure.gravatar.com\\\/avatar\\\/ae2f4d718e6c49043e314ce431e7e645d646302a24a5ef5a8bc8e3f5a032e319?s=96&d=mm&r=g\",\"caption\":\"admin\"},\"sameAs\":[\"https:\\\/\\\/www.organisator.ch\"],\"url\":\"https:\\\/\\\/www.organisator.ch\\\/de\\\/author\\\/admin\\\/\"}]}<\/script>\n<!-- \/ Yoast SEO plugin. -->","yoast_head_json":{"title":"In der Baubranche fehlen immer noch 3000 Lernende - Organisator","description":"Es fehlen allein in der Baubranche noch rund 3'000 Lernende f\u00fcr 2016. Der Bau z\u00e4hlte zu den drei Branchen mit den meisten unbesetzten Stellen.","robots":{"index":"index","follow":"follow","max-snippet":"max-snippet:-1","max-image-preview":"max-image-preview:large","max-video-preview":"max-video-preview:-1"},"canonical":"https:\/\/www.organisator.ch\/de\/human-resources\/hrm\/2016-06-30\/in-der-baubranche-fehlen-immer-noch-3000-lernende\/","og_locale":"de_DE","og_type":"article","og_title":"In der Baubranche fehlen immer noch 3000 Lernende","og_description":"F\u00fcr rund 9\u2019000 Jugendliche ist nun Endspurt bei der Lehrstellensuche 2016 angesagt. Die anderen fast 90'000 stehen schon in den Startl\u00f6chern f\u00fcr Lehrbeginn 2017. Gem\u00e4ss Lena und berufsberatung.ch sind allein im Bau f\u00fcr 2016 noch rund 3'000 Lehrstellen unbesetzt. 2015 konnten die Lernenden aus rund 94\u2019000 Stellen w\u00e4hlen. Der Bau z\u00e4hlte mit 13% zu den drei Branchen mit den meisten unbesetzten Stellen.","og_url":"https:\/\/www.organisator.ch\/de\/human-resources\/hrm\/2016-06-30\/in-der-baubranche-fehlen-immer-noch-3000-lernende\/","og_site_name":"Organisator","article_publisher":"https:\/\/www.facebook.com\/OrganisatorFachmagazin","article_published_time":"2016-06-30T15:09:23+00:00","author":"admin","twitter_card":"summary_large_image","twitter_image":"https:\/\/www.organisator.ch\/wp-content\/uploads\/2016\/12\/In-der-Baubranche-fehlen-immer-noch-3000-Lernende-organisator.jpg","schema":{"@context":"https:\/\/schema.org","@graph":[{"@type":"Article","@id":"https:\/\/www.organisator.ch\/human-resources\/hrm\/2016-06-30\/in-der-baubranche-fehlen-immer-noch-3000-lernende\/#article","isPartOf":{"@id":"https:\/\/www.organisator.ch\/human-resources\/hrm\/2016-06-30\/in-der-baubranche-fehlen-immer-noch-3000-lernende\/"},"author":{"name":"admin","@id":"https:\/\/www.organisator.ch\/#\/schema\/person\/aa2bace6c5c5aad60102004a50c4eb1c"},"headline":"In der Baubranche fehlen immer noch 3000 Lernende","datePublished":"2016-06-30T15:09:23+00:00","mainEntityOfPage":{"@id":"https:\/\/www.organisator.ch\/human-resources\/hrm\/2016-06-30\/in-der-baubranche-fehlen-immer-noch-3000-lernende\/"},"wordCount":1125,"commentCount":0,"publisher":{"@id":"https:\/\/www.organisator.ch\/#organization"},"image":{"@id":"https:\/\/www.organisator.ch\/human-resources\/hrm\/2016-06-30\/in-der-baubranche-fehlen-immer-noch-3000-lernende\/#primaryimage"},"thumbnailUrl":"https:\/\/www.organisator.ch\/wp-content\/uploads\/2016\/12\/In-der-Baubranche-fehlen-immer-noch-3000-Lernende-organisator.jpg","keywords":["Aus-\/Weiterbildung","HRM"],"articleSection":["HRM"],"inLanguage":"de"},{"@type":"WebPage","@id":"https:\/\/www.organisator.ch\/human-resources\/hrm\/2016-06-30\/in-der-baubranche-fehlen-immer-noch-3000-lernende\/","url":"https:\/\/www.organisator.ch\/human-resources\/hrm\/2016-06-30\/in-der-baubranche-fehlen-immer-noch-3000-lernende\/","name":"In der Baubranche fehlen immer noch 3000 Lernende - Organisator","isPartOf":{"@id":"https:\/\/www.organisator.ch\/#website"},"primaryImageOfPage":{"@id":"https:\/\/www.organisator.ch\/human-resources\/hrm\/2016-06-30\/in-der-baubranche-fehlen-immer-noch-3000-lernende\/#primaryimage"},"image":{"@id":"https:\/\/www.organisator.ch\/human-resources\/hrm\/2016-06-30\/in-der-baubranche-fehlen-immer-noch-3000-lernende\/#primaryimage"},"thumbnailUrl":"https:\/\/www.organisator.ch\/wp-content\/uploads\/2016\/12\/In-der-Baubranche-fehlen-immer-noch-3000-Lernende-organisator.jpg","datePublished":"2016-06-30T15:09:23+00:00","description":"Es fehlen allein in der Baubranche noch rund 3'000 Lernende f\u00fcr 2016. Der Bau z\u00e4hlte zu den drei Branchen mit den meisten unbesetzten Stellen.","breadcrumb":{"@id":"https:\/\/www.organisator.ch\/human-resources\/hrm\/2016-06-30\/in-der-baubranche-fehlen-immer-noch-3000-lernende\/#breadcrumb"},"inLanguage":"de","potentialAction":[{"@type":"ReadAction","target":["https:\/\/www.organisator.ch\/human-resources\/hrm\/2016-06-30\/in-der-baubranche-fehlen-immer-noch-3000-lernende\/"]}]},{"@type":"ImageObject","inLanguage":"de","@id":"https:\/\/www.organisator.ch\/human-resources\/hrm\/2016-06-30\/in-der-baubranche-fehlen-immer-noch-3000-lernende\/#primaryimage","url":"https:\/\/www.organisator.ch\/wp-content\/uploads\/2016\/12\/In-der-Baubranche-fehlen-immer-noch-3000-Lernende-organisator.jpg","contentUrl":"https:\/\/www.organisator.ch\/wp-content\/uploads\/2016\/12\/In-der-Baubranche-fehlen-immer-noch-3000-Lernende-organisator.jpg","width":640,"height":425,"caption":"Sechs Lernende von Bauberufen mit ihren Lehrmeistern anl\u00e4sslich einer Medienkonferenz. (Bild: thb)"},{"@type":"BreadcrumbList","@id":"https:\/\/www.organisator.ch\/human-resources\/hrm\/2016-06-30\/in-der-baubranche-fehlen-immer-noch-3000-lernende\/#breadcrumb","itemListElement":[{"@type":"ListItem","position":1,"name":"Home","item":"https:\/\/www.organisator.ch\/"},{"@type":"ListItem","position":2,"name":"In der Baubranche fehlen immer noch 3000 Lernende"}]},{"@type":"WebSite","@id":"https:\/\/www.organisator.ch\/#website","url":"https:\/\/www.organisator.ch\/","name":"Organisator","description":"Kompetent. Praxisnah. Der ORGANISATOR bereitet in 10 Ausgaben pro Jahr die wesentlichen Themen f\u00fcr F\u00fchrungskr\u00e4fte von KMU auf.","publisher":{"@id":"https:\/\/www.organisator.ch\/#organization"},"potentialAction":[{"@type":"SearchAction","target":{"@type":"EntryPoint","urlTemplate":"https:\/\/www.organisator.ch\/?s={search_term_string}"},"query-input":{"@type":"PropertyValueSpecification","valueRequired":true,"valueName":"search_term_string"}}],"inLanguage":"de"},{"@type":"Organization","@id":"https:\/\/www.organisator.ch\/#organization","name":"Organisator","url":"https:\/\/www.organisator.ch\/","logo":{"@type":"ImageObject","inLanguage":"de","@id":"https:\/\/www.organisator.ch\/#\/schema\/logo\/image\/","url":"https:\/\/www.organisator.ch\/wp-content\/uploads\/2022\/01\/Logo_Organisator_Website.png","contentUrl":"https:\/\/www.organisator.ch\/wp-content\/uploads\/2022\/01\/Logo_Organisator_Website.png","width":800,"height":77,"caption":"Organisator"},"image":{"@id":"https:\/\/www.organisator.ch\/#\/schema\/logo\/image\/"},"sameAs":["https:\/\/www.facebook.com\/OrganisatorFachmagazin","https:\/\/www.linkedin.com\/showcase\/organisator-das-magazin-fr-kmu","https:\/\/www.xing.com\/news\/pages\/organisator-ch-695","https:\/\/www.youtube.com\/channel\/UCGP2Sq0iWaZwT3BdIAQFYpw"]},{"@type":"Person","@id":"https:\/\/www.organisator.ch\/#\/schema\/person\/aa2bace6c5c5aad60102004a50c4eb1c","name":"admin","image":{"@type":"ImageObject","inLanguage":"de","@id":"https:\/\/secure.gravatar.com\/avatar\/ae2f4d718e6c49043e314ce431e7e645d646302a24a5ef5a8bc8e3f5a032e319?s=96&d=mm&r=g","url":"https:\/\/secure.gravatar.com\/avatar\/ae2f4d718e6c49043e314ce431e7e645d646302a24a5ef5a8bc8e3f5a032e319?s=96&d=mm&r=g","contentUrl":"https:\/\/secure.gravatar.com\/avatar\/ae2f4d718e6c49043e314ce431e7e645d646302a24a5ef5a8bc8e3f5a032e319?s=96&d=mm&r=g","caption":"admin"},"sameAs":["https:\/\/www.organisator.ch"],"url":"https:\/\/www.organisator.ch\/de\/author\/admin\/"}]}},"_links":{"self":[{"href":"https:\/\/www.organisator.ch\/de\/wp-json\/wp\/v2\/posts\/832","targetHints":{"allow":["GET"]}}],"collection":[{"href":"https:\/\/www.organisator.ch\/de\/wp-json\/wp\/v2\/posts"}],"about":[{"href":"https:\/\/www.organisator.ch\/de\/wp-json\/wp\/v2\/types\/post"}],"author":[{"embeddable":true,"href":"https:\/\/www.organisator.ch\/de\/wp-json\/wp\/v2\/users\/1"}],"replies":[{"embeddable":true,"href":"https:\/\/www.organisator.ch\/de\/wp-json\/wp\/v2\/comments?post=832"}],"version-history":[{"count":0,"href":"https:\/\/www.organisator.ch\/de\/wp-json\/wp\/v2\/posts\/832\/revisions"}],"wp:featuredmedia":[{"embeddable":true,"href":"https:\/\/www.organisator.ch\/de\/wp-json\/wp\/v2\/media\/835"}],"wp:attachment":[{"href":"https:\/\/www.organisator.ch\/de\/wp-json\/wp\/v2\/media?parent=832"}],"wp:term":[{"taxonomy":"category","embeddable":true,"href":"https:\/\/www.organisator.ch\/de\/wp-json\/wp\/v2\/categories?post=832"},{"taxonomy":"post_tag","embeddable":true,"href":"https:\/\/www.organisator.ch\/de\/wp-json\/wp\/v2\/tags?post=832"}],"curies":[{"name":"wp","href":"https:\/\/api.w.org\/{rel}","templated":true}]}}