{"id":8323,"date":"2021-07-29T08:26:31","date_gmt":"2021-07-29T06:26:31","guid":{"rendered":"https:\/\/www.organisator.ch\/?p=8323"},"modified":"2021-07-29T08:26:31","modified_gmt":"2021-07-29T06:26:31","slug":"handelsabkommen-ch-gb-die-krux-mit-dem-ursprung-und-der-kumulation","status":"publish","type":"post","link":"https:\/\/www.organisator.ch\/de\/management\/finanzen_recht\/2021-07-29\/handelsabkommen-ch-gb-die-krux-mit-dem-ursprung-und-der-kumulation\/","title":{"rendered":"Handelsabkommen CH \u2013 GB: Die Krux mit dem Ursprung und der Kumulation"},"content":{"rendered":"<figure id=\"attachment_8324\" aria-describedby=\"caption-attachment-8324\" style=\"width: 680px\" class=\"wp-caption alignnone\"><a href=\"https:\/\/www.organisator.ch\/wp-content\/uploads\/2021\/07\/Handelsabkommen-CH-\u2013-GB-Die-Krux-mit-dem-Ursprung-und-der-Kumulation-1_Organisator.jpg\"><img loading=\"lazy\" decoding=\"async\" class=\"size-medium wp-image-8324\" src=\"https:\/\/www.organisator.ch\/wp-content\/uploads\/2021\/07\/Handelsabkommen-CH-\u2013-GB-Die-Krux-mit-dem-Ursprung-und-der-Kumulation-1_Organisator.jpg\" alt=\"\" width=\"680\" height=\"453\" srcset=\"https:\/\/www.organisator.ch\/wp-content\/uploads\/2021\/07\/Handelsabkommen-CH-\u2013-GB-Die-Krux-mit-dem-Ursprung-und-der-Kumulation-1_Organisator.jpg 680w, https:\/\/www.organisator.ch\/wp-content\/uploads\/2021\/07\/Handelsabkommen-CH-\u2013-GB-Die-Krux-mit-dem-Ursprung-und-der-Kumulation-1_Organisator-18x12.jpg 18w, https:\/\/www.organisator.ch\/wp-content\/uploads\/2021\/07\/Handelsabkommen-CH-\u2013-GB-Die-Krux-mit-dem-Ursprung-und-der-Kumulation-1_Organisator-263x175.jpg 263w, https:\/\/www.organisator.ch\/wp-content\/uploads\/2021\/07\/Handelsabkommen-CH-\u2013-GB-Die-Krux-mit-dem-Ursprung-und-der-Kumulation-1_Organisator-525x350.jpg 525w, https:\/\/www.organisator.ch\/wp-content\/uploads\/2021\/07\/Handelsabkommen-CH-\u2013-GB-Die-Krux-mit-dem-Ursprung-und-der-Kumulation-1_Organisator-300x200.jpg 300w\" sizes=\"auto, (max-width: 680px) 100vw, 680px\" \/><\/a><figcaption id=\"caption-attachment-8324\" class=\"wp-caption-text\">Das per 1. September 2021 ge\u00e4nderte Handelsabkommen zwischen der Schweiz und Grossbritannien bringt einige Erleichterungen f\u00fcr Exporteure. (Bild: Unsplash.com)<\/figcaption><\/figure>\n<p>Pr\u00e4ferenzkalkulationen im Handel mit Grossbritannien (GB) bleiben eine Herausforderung f\u00fcr Schweizer Ausf\u00fchrer. Per 9. Juni 2021 und 1. September 2021 gibt es allerdings einige Erleichterungen. Was hat sich 2021 ge\u00e4ndert und was m\u00fcssen Schweizer Exporteure beachten, damit ihre Ware reibungslos durch den Zoll kommt?<\/p>\n<h2>In der Schweiz produzierte Waren mit Export nach Grossbritannien<\/h2>\n<p>Bis anhin ergaben sich Probleme bei Pr\u00e4ferenzkalkulationen unter anderem dadurch, dass das bilaterale Handels- und Kooperationsabkommen TCA (Trade and Cooperation Agreement) zwischen der EU und GB nicht in allen Aspekten deckungsgleich ist mit dem bilateralen Abkommen zwischen der Schweiz und Grossbritannien. Dies betrifft vor allem die Ursprungsregeln. So hatten Schweizer Ausf\u00fchrer mit zwei gewichtigen Nachteilen zu k\u00e4mpfen: Waren mit pr\u00e4ferenziellem Ursprung Schweiz konnten abh\u00e4ngig von der jeweiligen Zolltarifnummer zollbeg\u00fcnstigt bzw. zollfrei nach GB importiert werden. Aber im Vergleich zu EU-Firmen, die nach GB exportieren, hatten die schweizerischen Unternehmen strengere Ursprungskriterien zu erf\u00fcllen:<\/p>\n<ol>\n<li>Im vereinbarten Handelsabkommen zwischen der Schweiz und GB vom 11. Februar 2019 (in Kraft seit 1. Januar 2021) galten \u00abstrengere\u00bb Ursprungsregeln als f\u00fcr EU-L\u00e4nder. In der Regel f\u00fchrte erst eine erzielte Wertsch\u00f6pfung von 60 \u2013 70 Prozent zu einem Schweizerischen Ursprung der Ware.<\/li>\n<li>In der Produktion verwendete Vormaterialien aus der EU und der T\u00fcrkei wurden als drittl\u00e4ndisch eingestuft.<\/li>\n<\/ol>\n<p>Neu entf\u00e4llt seit dem 9. Juni 2021 der unter Punkt 2 aufgef\u00fchrte Nachteil. Die Vormaterialien aus der EU und der T\u00fcrkei k\u00f6nnen nun zum Schweizerischen Ursprung addiert (kumuliert) werden.<\/p>\n<p>Mit dem angestrebten Beitritt von GB zum revidierten PEM-\u00dcbereinkommen (Pan-Europa-Mittelmeer-Pr\u00e4ferenzursprungsregeln) auf den 1. September 2021 f\u00e4llt auch der zweite Nachteil \u2013 Punkt 1 \u2013 weg. Im revidierten PEM-\u00dcbereinkommen sind \u00abliberalere\u00bb Ursprungsregeln vorgesehen. Es gen\u00fcgt in der Regel eine Wertsch\u00f6pfung von 50 Prozent, um den Ursprung der Ware zu erlangen. Somit haben die Schweizer Ausf\u00fchrer ab dem 1. September 2021 wieder gleich lange Spiesse wie die Unternehmen in der EU.<\/p>\n<h2>Handelsabkommen 2021: Alte oder neue Bestimmungen anwenden?<\/h2>\n<p>Der Schweizerische Ausf\u00fchrer kann zudem w\u00e4hlen, ob er die neuen oder die alten Bestimmungen ab dem 1. September 2021 anwenden m\u00f6chte. Sofern er sich f\u00fcr die neuen, liberalen Regeln entscheidet, muss er dies in der ersten Sendung aktiv \u2013 mit dem vermerken des neuen Ursprungstextes &#8211; best\u00e4tigen. Der Ursprungstext wird mit den zus\u00e4tzlichen Worten \u00ab\u2026. gem\u00e4ss den \u00dcbergangsregeln f\u00fcr den Ursprung &#8230;. \u00bb erg\u00e4nzt. Hierzu das Beispiel des Textes der neuen Ursprungserkl\u00e4rung:<\/p>\n<p><em>Der Ausf\u00fchrer (Erm\u00e4chtigter Ausf\u00fchrer; Bewilligungs-Nr. \u2026\u2026\u2026) der Waren, auf die sich dieses Handelspapier bezieht, erkl\u00e4rt, dass diese Waren, soweit nicht anders angegeben, pr\u00e4ferenzbeg\u00fcnstigte \u2026\u2026\u2026\u2026\u2026.. Ursprungswaren gem\u00e4ss den \u00dcbergangsregeln f\u00fcr den Ursprung sind.<\/em><\/p>\n<h2>Reexport von EU und T\u00fcrkischen Waren durch Schweizer Firmen<\/h2>\n<p>Der so genannte Durchhandel, d.h. das Weiterversenden von unver\u00e4nderter, pr\u00e4ferenzieller Ursprungsware der EU und T\u00fcrkei ist weiterhin nicht m\u00f6glich. Sendet der Schweizerische Exporteur Waren mit EU und t\u00fcrkischem Ursprung nach Grossbritannien, kann er weiterhin keinen pr\u00e4ferenziellen Ursprungsnachweis ausstellen. Dies hat zur Folge, dass der Empf\u00e4nger in Grossbritannien eine Zollabgabe entrichten muss. Sofern die EU-Ursprungsware direkt von der EU nach Grossbritannien bef\u00f6rdert wird, ist die Einfuhr zollfrei.<\/p>\n<h2>Fazit: Unterst\u00fctzung bei Logistikdienstleistern holen<\/h2>\n<p>Angesichts der Gesetz\u00e4nderungen sollten Schweizer Exporteure vor dem Versand ihre Lieferanteninformationen aktualisieren und Pr\u00e4ferenzkalkulationen respektive Ursprungsnachweise detailliert pr\u00fcfen. International t\u00e4tige Speditionen in der Schweiz wie die Dachser Spedition AG bieten ihren Kunden hierzu umfassende Unterst\u00fctzung an. Ziel ist es, Sendungen reibungslos, rechtskonform, p\u00fcnktlich und gegebenenfalls mit einem formell g\u00fcltigen Ursprungsnachweis \u00fcber die Zollgrenzen nach Grossbritannien zu bringen.<\/p>\n<figure id=\"attachment_8325\" aria-describedby=\"caption-attachment-8325\" style=\"width: 340px\" class=\"wp-caption alignnone\"><a href=\"https:\/\/www.organisator.ch\/wp-content\/uploads\/2021\/07\/Handelsabkommen-CH-\u2013-GB-Die-Krux-mit-dem-Ursprung-und-der-Kumulation-2_Organisator.jpg\"><img loading=\"lazy\" decoding=\"async\" class=\"size-full wp-image-8325\" src=\"https:\/\/www.organisator.ch\/wp-content\/uploads\/2021\/07\/Handelsabkommen-CH-\u2013-GB-Die-Krux-mit-dem-Ursprung-und-der-Kumulation-2_Organisator.jpg\" alt=\"\" width=\"340\" height=\"426\" srcset=\"https:\/\/www.organisator.ch\/wp-content\/uploads\/2021\/07\/Handelsabkommen-CH-\u2013-GB-Die-Krux-mit-dem-Ursprung-und-der-Kumulation-2_Organisator.jpg 340w, https:\/\/www.organisator.ch\/wp-content\/uploads\/2021\/07\/Handelsabkommen-CH-\u2013-GB-Die-Krux-mit-dem-Ursprung-und-der-Kumulation-2_Organisator-10x12.jpg 10w, https:\/\/www.organisator.ch\/wp-content\/uploads\/2021\/07\/Handelsabkommen-CH-\u2013-GB-Die-Krux-mit-dem-Ursprung-und-der-Kumulation-2_Organisator-140x175.jpg 140w, https:\/\/www.organisator.ch\/wp-content\/uploads\/2021\/07\/Handelsabkommen-CH-\u2013-GB-Die-Krux-mit-dem-Ursprung-und-der-Kumulation-2_Organisator-279x350.jpg 279w, https:\/\/www.organisator.ch\/wp-content\/uploads\/2021\/07\/Handelsabkommen-CH-\u2013-GB-Die-Krux-mit-dem-Ursprung-und-der-Kumulation-2_Organisator-300x376.jpg 300w\" sizes=\"auto, (max-width: 340px) 100vw, 340px\" \/><\/a><figcaption id=\"caption-attachment-8325\" class=\"wp-caption-text\">(Foto: Thomas Hinder)<\/figcaption><\/figure>\n<p><strong><em>Autor<br \/>\n<\/em><\/strong><em>Mario Caccivio ist Zollbeauftragter European Logistics bei Dachser Spedition AG (Schweiz). <a href=\"http:\/\/www.dachser.ch\">www.dachser.ch<\/a><\/em><\/p>\n","protected":false},"excerpt":{"rendered":"<p>Pr\u00e4ferenzkalkulationen im Handel mit Grossbritannien (GB) bleiben eine Herausforderung f\u00fcr Schweizer Ausf\u00fchrer. Per 9. Juni 2021 und 1. September 2021 gibt es allerdings einige Erleichterungen. Was hat sich 2021 ge\u00e4ndert und was m\u00fcssen Schweizer Exporteure beachten, damit ihre Ware reibungslos durch den Zoll kommt? In der Schweiz produzierte Waren mit Export nach Grossbritannien Bis anhin [&hellip;]<\/p>\n","protected":false},"author":4,"featured_media":8324,"comment_status":"closed","ping_status":"closed","sticky":false,"template":"","format":"standard","meta":{"_acf_changed":false,"_yoast_wpseo_focuskw":"Handelsabkommen","_yoast_wpseo_metadesc":"Das Handelsabkommen zwischen der Schweiz und Grossbritannien wird per 1. September 2021 gem\u00e4ss dem revidierten PEM-Abkommen aktualisiert. Was \u00e4ndert sich?","articlekey":"","footnotes":""},"categories":[24],"tags":[63,189,202,2703,531],"class_list":["post-8323","post","type-post","status-publish","format-standard","has-post-thumbnail","hentry","category-finanzen_recht","tag-aussenwirtschaft","tag-export","tag-finanzenrecht","tag-verzollung","tag-wirtschaftspolitik"],"acf":[],"yoast_head":"<!-- This site is optimized with the Yoast SEO plugin v27.5 - https:\/\/yoast.com\/product\/yoast-seo-wordpress\/ -->\n<title>Handelsabkommen CH \u2013 GB: Die Krux mit dem Ursprung und der Kumulation - Organisator<\/title>\n<meta name=\"description\" content=\"Das Handelsabkommen zwischen der Schweiz und Grossbritannien wird per 1. September 2021 gem\u00e4ss dem revidierten PEM-Abkommen aktualisiert. Was \u00e4ndert sich?\" \/>\n<meta name=\"robots\" content=\"index, follow, max-snippet:-1, max-image-preview:large, max-video-preview:-1\" \/>\n<link rel=\"canonical\" href=\"https:\/\/www.organisator.ch\/de\/management\/finanzen_recht\/2021-07-29\/handelsabkommen-ch-gb-die-krux-mit-dem-ursprung-und-der-kumulation\/\" \/>\n<meta property=\"og:locale\" content=\"de_DE\" \/>\n<meta property=\"og:type\" content=\"article\" \/>\n<meta property=\"og:title\" content=\"Handelsabkommen CH \u2013 GB: Die Krux mit dem Ursprung und der Kumulation\" \/>\n<meta property=\"og:description\" content=\"Das Handelsabkommen zwischen der Schweiz und Grossbritannien wird per 1. September 2021 gem\u00e4ss dem revidierten PEM-Abkommen aktualisiert. Was \u00e4ndert sich?\" \/>\n<meta property=\"og:url\" content=\"https:\/\/www.organisator.ch\/de\/management\/finanzen_recht\/2021-07-29\/handelsabkommen-ch-gb-die-krux-mit-dem-ursprung-und-der-kumulation\/\" \/>\n<meta property=\"og:site_name\" content=\"Organisator\" \/>\n<meta property=\"article:publisher\" content=\"https:\/\/www.facebook.com\/OrganisatorFachmagazin\" \/>\n<meta property=\"article:published_time\" content=\"2021-07-29T06:26:31+00:00\" \/>\n<meta property=\"og:image\" content=\"https:\/\/www.organisator.ch\/wp-content\/uploads\/2021\/07\/Handelsabkommen-CH-\u2013-GB-Die-Krux-mit-dem-Ursprung-und-der-Kumulation-1_Organisator.jpg\" \/>\n\t<meta property=\"og:image:width\" content=\"680\" \/>\n\t<meta property=\"og:image:height\" content=\"453\" \/>\n\t<meta property=\"og:image:type\" content=\"image\/jpeg\" \/>\n<meta name=\"author\" content=\"thomas.berner\" \/>\n<meta name=\"twitter:card\" content=\"summary_large_image\" \/>\n<meta name=\"twitter:title\" content=\"#Handelsabkommen CH \u2013 GB: Die Krux mit dem #Ursprung und der #Kumulation\" \/>\n<meta name=\"twitter:description\" content=\"Das #Handelsabkommen zwischen der Schweiz und #Grossbritannien wird per 1. September 2021 gem\u00e4ss dem revidierten #PEM-Abkommen aktualisiert. Was \u00e4ndert sich?\" \/>\n<meta name=\"twitter:image\" content=\"https:\/\/www.organisator.ch\/wp-content\/uploads\/2021\/07\/Handelsabkommen-CH-\u2013-GB-Die-Krux-mit-dem-Ursprung-und-der-Kumulation-1_Organisator.jpg\" \/>\n<script type=\"application\/ld+json\" class=\"yoast-schema-graph\">{\"@context\":\"https:\\\/\\\/schema.org\",\"@graph\":[{\"@type\":\"Article\",\"@id\":\"https:\\\/\\\/www.organisator.ch\\\/management\\\/finanzen_recht\\\/2021-07-29\\\/handelsabkommen-ch-gb-die-krux-mit-dem-ursprung-und-der-kumulation\\\/#article\",\"isPartOf\":{\"@id\":\"https:\\\/\\\/www.organisator.ch\\\/management\\\/finanzen_recht\\\/2021-07-29\\\/handelsabkommen-ch-gb-die-krux-mit-dem-ursprung-und-der-kumulation\\\/\"},\"author\":{\"name\":\"thomas.berner\",\"@id\":\"https:\\\/\\\/www.organisator.ch\\\/#\\\/schema\\\/person\\\/6f650f90b2842cd4c0cc334b4e36f67e\"},\"headline\":\"Handelsabkommen CH \u2013 GB: Die Krux mit dem Ursprung und der Kumulation\",\"datePublished\":\"2021-07-29T06:26:31+00:00\",\"mainEntityOfPage\":{\"@id\":\"https:\\\/\\\/www.organisator.ch\\\/management\\\/finanzen_recht\\\/2021-07-29\\\/handelsabkommen-ch-gb-die-krux-mit-dem-ursprung-und-der-kumulation\\\/\"},\"wordCount\":645,\"publisher\":{\"@id\":\"https:\\\/\\\/www.organisator.ch\\\/#organization\"},\"image\":{\"@id\":\"https:\\\/\\\/www.organisator.ch\\\/management\\\/finanzen_recht\\\/2021-07-29\\\/handelsabkommen-ch-gb-die-krux-mit-dem-ursprung-und-der-kumulation\\\/#primaryimage\"},\"thumbnailUrl\":\"https:\\\/\\\/www.organisator.ch\\\/wp-content\\\/uploads\\\/2021\\\/07\\\/Handelsabkommen-CH-\u2013-GB-Die-Krux-mit-dem-Ursprung-und-der-Kumulation-1_Organisator.jpg\",\"keywords\":[\"Aussenwirtschaft\",\"Export\",\"Finanzen\\\/Recht\",\"Verzollung\",\"Wirtschaftspolitik\"],\"articleSection\":[\"FINANZEN\\\/RECHT\"],\"inLanguage\":\"de\"},{\"@type\":\"WebPage\",\"@id\":\"https:\\\/\\\/www.organisator.ch\\\/management\\\/finanzen_recht\\\/2021-07-29\\\/handelsabkommen-ch-gb-die-krux-mit-dem-ursprung-und-der-kumulation\\\/\",\"url\":\"https:\\\/\\\/www.organisator.ch\\\/management\\\/finanzen_recht\\\/2021-07-29\\\/handelsabkommen-ch-gb-die-krux-mit-dem-ursprung-und-der-kumulation\\\/\",\"name\":\"Handelsabkommen CH \u2013 GB: Die Krux mit dem Ursprung und der Kumulation - Organisator\",\"isPartOf\":{\"@id\":\"https:\\\/\\\/www.organisator.ch\\\/#website\"},\"primaryImageOfPage\":{\"@id\":\"https:\\\/\\\/www.organisator.ch\\\/management\\\/finanzen_recht\\\/2021-07-29\\\/handelsabkommen-ch-gb-die-krux-mit-dem-ursprung-und-der-kumulation\\\/#primaryimage\"},\"image\":{\"@id\":\"https:\\\/\\\/www.organisator.ch\\\/management\\\/finanzen_recht\\\/2021-07-29\\\/handelsabkommen-ch-gb-die-krux-mit-dem-ursprung-und-der-kumulation\\\/#primaryimage\"},\"thumbnailUrl\":\"https:\\\/\\\/www.organisator.ch\\\/wp-content\\\/uploads\\\/2021\\\/07\\\/Handelsabkommen-CH-\u2013-GB-Die-Krux-mit-dem-Ursprung-und-der-Kumulation-1_Organisator.jpg\",\"datePublished\":\"2021-07-29T06:26:31+00:00\",\"description\":\"Das Handelsabkommen zwischen der Schweiz und Grossbritannien wird per 1. September 2021 gem\u00e4ss dem revidierten PEM-Abkommen aktualisiert. Was \u00e4ndert sich?\",\"breadcrumb\":{\"@id\":\"https:\\\/\\\/www.organisator.ch\\\/management\\\/finanzen_recht\\\/2021-07-29\\\/handelsabkommen-ch-gb-die-krux-mit-dem-ursprung-und-der-kumulation\\\/#breadcrumb\"},\"inLanguage\":\"de\",\"potentialAction\":[{\"@type\":\"ReadAction\",\"target\":[\"https:\\\/\\\/www.organisator.ch\\\/management\\\/finanzen_recht\\\/2021-07-29\\\/handelsabkommen-ch-gb-die-krux-mit-dem-ursprung-und-der-kumulation\\\/\"]}]},{\"@type\":\"ImageObject\",\"inLanguage\":\"de\",\"@id\":\"https:\\\/\\\/www.organisator.ch\\\/management\\\/finanzen_recht\\\/2021-07-29\\\/handelsabkommen-ch-gb-die-krux-mit-dem-ursprung-und-der-kumulation\\\/#primaryimage\",\"url\":\"https:\\\/\\\/www.organisator.ch\\\/wp-content\\\/uploads\\\/2021\\\/07\\\/Handelsabkommen-CH-\u2013-GB-Die-Krux-mit-dem-Ursprung-und-der-Kumulation-1_Organisator.jpg\",\"contentUrl\":\"https:\\\/\\\/www.organisator.ch\\\/wp-content\\\/uploads\\\/2021\\\/07\\\/Handelsabkommen-CH-\u2013-GB-Die-Krux-mit-dem-Ursprung-und-der-Kumulation-1_Organisator.jpg\",\"width\":680,\"height\":453,\"caption\":\"Das per 1. September 2021 ge\u00e4nderte Handelsabkommen zwischen der Schweiz und Grossbritannien bringt einige Erleichterungen f\u00fcr Exporteure. (Bild: Unsplash.com)\"},{\"@type\":\"BreadcrumbList\",\"@id\":\"https:\\\/\\\/www.organisator.ch\\\/management\\\/finanzen_recht\\\/2021-07-29\\\/handelsabkommen-ch-gb-die-krux-mit-dem-ursprung-und-der-kumulation\\\/#breadcrumb\",\"itemListElement\":[{\"@type\":\"ListItem\",\"position\":1,\"name\":\"Home\",\"item\":\"https:\\\/\\\/www.organisator.ch\\\/\"},{\"@type\":\"ListItem\",\"position\":2,\"name\":\"Handelsabkommen CH \u2013 GB: Die Krux mit dem Ursprung und der Kumulation\"}]},{\"@type\":\"WebSite\",\"@id\":\"https:\\\/\\\/www.organisator.ch\\\/#website\",\"url\":\"https:\\\/\\\/www.organisator.ch\\\/\",\"name\":\"Organisator\",\"description\":\"Kompetent. Praxisnah. Der ORGANISATOR bereitet in 10 Ausgaben pro Jahr die wesentlichen Themen f\u00fcr F\u00fchrungskr\u00e4fte von KMU auf.\",\"publisher\":{\"@id\":\"https:\\\/\\\/www.organisator.ch\\\/#organization\"},\"potentialAction\":[{\"@type\":\"SearchAction\",\"target\":{\"@type\":\"EntryPoint\",\"urlTemplate\":\"https:\\\/\\\/www.organisator.ch\\\/?s={search_term_string}\"},\"query-input\":{\"@type\":\"PropertyValueSpecification\",\"valueRequired\":true,\"valueName\":\"search_term_string\"}}],\"inLanguage\":\"de\"},{\"@type\":\"Organization\",\"@id\":\"https:\\\/\\\/www.organisator.ch\\\/#organization\",\"name\":\"Organisator\",\"url\":\"https:\\\/\\\/www.organisator.ch\\\/\",\"logo\":{\"@type\":\"ImageObject\",\"inLanguage\":\"de\",\"@id\":\"https:\\\/\\\/www.organisator.ch\\\/#\\\/schema\\\/logo\\\/image\\\/\",\"url\":\"https:\\\/\\\/www.organisator.ch\\\/wp-content\\\/uploads\\\/2022\\\/01\\\/Logo_Organisator_Website.png\",\"contentUrl\":\"https:\\\/\\\/www.organisator.ch\\\/wp-content\\\/uploads\\\/2022\\\/01\\\/Logo_Organisator_Website.png\",\"width\":800,\"height\":77,\"caption\":\"Organisator\"},\"image\":{\"@id\":\"https:\\\/\\\/www.organisator.ch\\\/#\\\/schema\\\/logo\\\/image\\\/\"},\"sameAs\":[\"https:\\\/\\\/www.facebook.com\\\/OrganisatorFachmagazin\",\"https:\\\/\\\/www.linkedin.com\\\/showcase\\\/organisator-das-magazin-fr-kmu\",\"https:\\\/\\\/www.xing.com\\\/news\\\/pages\\\/organisator-ch-695\",\"https:\\\/\\\/www.youtube.com\\\/channel\\\/UCGP2Sq0iWaZwT3BdIAQFYpw\"]},{\"@type\":\"Person\",\"@id\":\"https:\\\/\\\/www.organisator.ch\\\/#\\\/schema\\\/person\\\/6f650f90b2842cd4c0cc334b4e36f67e\",\"name\":\"thomas.berner\",\"image\":{\"@type\":\"ImageObject\",\"inLanguage\":\"de\",\"@id\":\"https:\\\/\\\/secure.gravatar.com\\\/avatar\\\/ac5001d2a36cb6c6cd3e50789007ffca834b477b74a2144564522e944eabff61?s=96&d=mm&r=g\",\"url\":\"https:\\\/\\\/secure.gravatar.com\\\/avatar\\\/ac5001d2a36cb6c6cd3e50789007ffca834b477b74a2144564522e944eabff61?s=96&d=mm&r=g\",\"contentUrl\":\"https:\\\/\\\/secure.gravatar.com\\\/avatar\\\/ac5001d2a36cb6c6cd3e50789007ffca834b477b74a2144564522e944eabff61?s=96&d=mm&r=g\",\"caption\":\"thomas.berner\"},\"url\":\"https:\\\/\\\/www.organisator.ch\\\/de\\\/author\\\/thomas-berner\\\/\"}]}<\/script>\n<!-- \/ Yoast SEO plugin. -->","yoast_head_json":{"title":"Handelsabkommen CH \u2013 GB: Die Krux mit dem Ursprung und der Kumulation - Organisator","description":"Das Handelsabkommen zwischen der Schweiz und Grossbritannien wird per 1. September 2021 gem\u00e4ss dem revidierten PEM-Abkommen aktualisiert. Was \u00e4ndert sich?","robots":{"index":"index","follow":"follow","max-snippet":"max-snippet:-1","max-image-preview":"max-image-preview:large","max-video-preview":"max-video-preview:-1"},"canonical":"https:\/\/www.organisator.ch\/de\/management\/finanzen_recht\/2021-07-29\/handelsabkommen-ch-gb-die-krux-mit-dem-ursprung-und-der-kumulation\/","og_locale":"de_DE","og_type":"article","og_title":"Handelsabkommen CH \u2013 GB: Die Krux mit dem Ursprung und der Kumulation","og_description":"Das Handelsabkommen zwischen der Schweiz und Grossbritannien wird per 1. September 2021 gem\u00e4ss dem revidierten PEM-Abkommen aktualisiert. Was \u00e4ndert sich?","og_url":"https:\/\/www.organisator.ch\/de\/management\/finanzen_recht\/2021-07-29\/handelsabkommen-ch-gb-die-krux-mit-dem-ursprung-und-der-kumulation\/","og_site_name":"Organisator","article_publisher":"https:\/\/www.facebook.com\/OrganisatorFachmagazin","article_published_time":"2021-07-29T06:26:31+00:00","og_image":[{"width":680,"height":453,"url":"https:\/\/www.organisator.ch\/wp-content\/uploads\/2021\/07\/Handelsabkommen-CH-\u2013-GB-Die-Krux-mit-dem-Ursprung-und-der-Kumulation-1_Organisator.jpg","type":"image\/jpeg"}],"author":"thomas.berner","twitter_card":"summary_large_image","twitter_title":"#Handelsabkommen CH \u2013 GB: Die Krux mit dem #Ursprung und der #Kumulation","twitter_description":"Das #Handelsabkommen zwischen der Schweiz und #Grossbritannien wird per 1. September 2021 gem\u00e4ss dem revidierten #PEM-Abkommen aktualisiert. Was \u00e4ndert sich?","twitter_image":"https:\/\/www.organisator.ch\/wp-content\/uploads\/2021\/07\/Handelsabkommen-CH-\u2013-GB-Die-Krux-mit-dem-Ursprung-und-der-Kumulation-1_Organisator.jpg","schema":{"@context":"https:\/\/schema.org","@graph":[{"@type":"Article","@id":"https:\/\/www.organisator.ch\/management\/finanzen_recht\/2021-07-29\/handelsabkommen-ch-gb-die-krux-mit-dem-ursprung-und-der-kumulation\/#article","isPartOf":{"@id":"https:\/\/www.organisator.ch\/management\/finanzen_recht\/2021-07-29\/handelsabkommen-ch-gb-die-krux-mit-dem-ursprung-und-der-kumulation\/"},"author":{"name":"thomas.berner","@id":"https:\/\/www.organisator.ch\/#\/schema\/person\/6f650f90b2842cd4c0cc334b4e36f67e"},"headline":"Handelsabkommen CH \u2013 GB: Die Krux mit dem Ursprung und der Kumulation","datePublished":"2021-07-29T06:26:31+00:00","mainEntityOfPage":{"@id":"https:\/\/www.organisator.ch\/management\/finanzen_recht\/2021-07-29\/handelsabkommen-ch-gb-die-krux-mit-dem-ursprung-und-der-kumulation\/"},"wordCount":645,"publisher":{"@id":"https:\/\/www.organisator.ch\/#organization"},"image":{"@id":"https:\/\/www.organisator.ch\/management\/finanzen_recht\/2021-07-29\/handelsabkommen-ch-gb-die-krux-mit-dem-ursprung-und-der-kumulation\/#primaryimage"},"thumbnailUrl":"https:\/\/www.organisator.ch\/wp-content\/uploads\/2021\/07\/Handelsabkommen-CH-\u2013-GB-Die-Krux-mit-dem-Ursprung-und-der-Kumulation-1_Organisator.jpg","keywords":["Aussenwirtschaft","Export","Finanzen\/Recht","Verzollung","Wirtschaftspolitik"],"articleSection":["FINANZEN\/RECHT"],"inLanguage":"de"},{"@type":"WebPage","@id":"https:\/\/www.organisator.ch\/management\/finanzen_recht\/2021-07-29\/handelsabkommen-ch-gb-die-krux-mit-dem-ursprung-und-der-kumulation\/","url":"https:\/\/www.organisator.ch\/management\/finanzen_recht\/2021-07-29\/handelsabkommen-ch-gb-die-krux-mit-dem-ursprung-und-der-kumulation\/","name":"Handelsabkommen CH \u2013 GB: Die Krux mit dem Ursprung und der Kumulation - Organisator","isPartOf":{"@id":"https:\/\/www.organisator.ch\/#website"},"primaryImageOfPage":{"@id":"https:\/\/www.organisator.ch\/management\/finanzen_recht\/2021-07-29\/handelsabkommen-ch-gb-die-krux-mit-dem-ursprung-und-der-kumulation\/#primaryimage"},"image":{"@id":"https:\/\/www.organisator.ch\/management\/finanzen_recht\/2021-07-29\/handelsabkommen-ch-gb-die-krux-mit-dem-ursprung-und-der-kumulation\/#primaryimage"},"thumbnailUrl":"https:\/\/www.organisator.ch\/wp-content\/uploads\/2021\/07\/Handelsabkommen-CH-\u2013-GB-Die-Krux-mit-dem-Ursprung-und-der-Kumulation-1_Organisator.jpg","datePublished":"2021-07-29T06:26:31+00:00","description":"Das Handelsabkommen zwischen der Schweiz und Grossbritannien wird per 1. September 2021 gem\u00e4ss dem revidierten PEM-Abkommen aktualisiert. Was \u00e4ndert sich?","breadcrumb":{"@id":"https:\/\/www.organisator.ch\/management\/finanzen_recht\/2021-07-29\/handelsabkommen-ch-gb-die-krux-mit-dem-ursprung-und-der-kumulation\/#breadcrumb"},"inLanguage":"de","potentialAction":[{"@type":"ReadAction","target":["https:\/\/www.organisator.ch\/management\/finanzen_recht\/2021-07-29\/handelsabkommen-ch-gb-die-krux-mit-dem-ursprung-und-der-kumulation\/"]}]},{"@type":"ImageObject","inLanguage":"de","@id":"https:\/\/www.organisator.ch\/management\/finanzen_recht\/2021-07-29\/handelsabkommen-ch-gb-die-krux-mit-dem-ursprung-und-der-kumulation\/#primaryimage","url":"https:\/\/www.organisator.ch\/wp-content\/uploads\/2021\/07\/Handelsabkommen-CH-\u2013-GB-Die-Krux-mit-dem-Ursprung-und-der-Kumulation-1_Organisator.jpg","contentUrl":"https:\/\/www.organisator.ch\/wp-content\/uploads\/2021\/07\/Handelsabkommen-CH-\u2013-GB-Die-Krux-mit-dem-Ursprung-und-der-Kumulation-1_Organisator.jpg","width":680,"height":453,"caption":"Das per 1. September 2021 ge\u00e4nderte Handelsabkommen zwischen der Schweiz und Grossbritannien bringt einige Erleichterungen f\u00fcr Exporteure. (Bild: Unsplash.com)"},{"@type":"BreadcrumbList","@id":"https:\/\/www.organisator.ch\/management\/finanzen_recht\/2021-07-29\/handelsabkommen-ch-gb-die-krux-mit-dem-ursprung-und-der-kumulation\/#breadcrumb","itemListElement":[{"@type":"ListItem","position":1,"name":"Home","item":"https:\/\/www.organisator.ch\/"},{"@type":"ListItem","position":2,"name":"Handelsabkommen CH \u2013 GB: Die Krux mit dem Ursprung und der Kumulation"}]},{"@type":"WebSite","@id":"https:\/\/www.organisator.ch\/#website","url":"https:\/\/www.organisator.ch\/","name":"Organisator","description":"Kompetent. Praxisnah. Der ORGANISATOR bereitet in 10 Ausgaben pro Jahr die wesentlichen Themen f\u00fcr F\u00fchrungskr\u00e4fte von KMU auf.","publisher":{"@id":"https:\/\/www.organisator.ch\/#organization"},"potentialAction":[{"@type":"SearchAction","target":{"@type":"EntryPoint","urlTemplate":"https:\/\/www.organisator.ch\/?s={search_term_string}"},"query-input":{"@type":"PropertyValueSpecification","valueRequired":true,"valueName":"search_term_string"}}],"inLanguage":"de"},{"@type":"Organization","@id":"https:\/\/www.organisator.ch\/#organization","name":"Organisator","url":"https:\/\/www.organisator.ch\/","logo":{"@type":"ImageObject","inLanguage":"de","@id":"https:\/\/www.organisator.ch\/#\/schema\/logo\/image\/","url":"https:\/\/www.organisator.ch\/wp-content\/uploads\/2022\/01\/Logo_Organisator_Website.png","contentUrl":"https:\/\/www.organisator.ch\/wp-content\/uploads\/2022\/01\/Logo_Organisator_Website.png","width":800,"height":77,"caption":"Organisator"},"image":{"@id":"https:\/\/www.organisator.ch\/#\/schema\/logo\/image\/"},"sameAs":["https:\/\/www.facebook.com\/OrganisatorFachmagazin","https:\/\/www.linkedin.com\/showcase\/organisator-das-magazin-fr-kmu","https:\/\/www.xing.com\/news\/pages\/organisator-ch-695","https:\/\/www.youtube.com\/channel\/UCGP2Sq0iWaZwT3BdIAQFYpw"]},{"@type":"Person","@id":"https:\/\/www.organisator.ch\/#\/schema\/person\/6f650f90b2842cd4c0cc334b4e36f67e","name":"thomas.berner","image":{"@type":"ImageObject","inLanguage":"de","@id":"https:\/\/secure.gravatar.com\/avatar\/ac5001d2a36cb6c6cd3e50789007ffca834b477b74a2144564522e944eabff61?s=96&d=mm&r=g","url":"https:\/\/secure.gravatar.com\/avatar\/ac5001d2a36cb6c6cd3e50789007ffca834b477b74a2144564522e944eabff61?s=96&d=mm&r=g","contentUrl":"https:\/\/secure.gravatar.com\/avatar\/ac5001d2a36cb6c6cd3e50789007ffca834b477b74a2144564522e944eabff61?s=96&d=mm&r=g","caption":"thomas.berner"},"url":"https:\/\/www.organisator.ch\/de\/author\/thomas-berner\/"}]}},"_links":{"self":[{"href":"https:\/\/www.organisator.ch\/de\/wp-json\/wp\/v2\/posts\/8323","targetHints":{"allow":["GET"]}}],"collection":[{"href":"https:\/\/www.organisator.ch\/de\/wp-json\/wp\/v2\/posts"}],"about":[{"href":"https:\/\/www.organisator.ch\/de\/wp-json\/wp\/v2\/types\/post"}],"author":[{"embeddable":true,"href":"https:\/\/www.organisator.ch\/de\/wp-json\/wp\/v2\/users\/4"}],"replies":[{"embeddable":true,"href":"https:\/\/www.organisator.ch\/de\/wp-json\/wp\/v2\/comments?post=8323"}],"version-history":[{"count":0,"href":"https:\/\/www.organisator.ch\/de\/wp-json\/wp\/v2\/posts\/8323\/revisions"}],"wp:featuredmedia":[{"embeddable":true,"href":"https:\/\/www.organisator.ch\/de\/wp-json\/wp\/v2\/media\/8324"}],"wp:attachment":[{"href":"https:\/\/www.organisator.ch\/de\/wp-json\/wp\/v2\/media?parent=8323"}],"wp:term":[{"taxonomy":"category","embeddable":true,"href":"https:\/\/www.organisator.ch\/de\/wp-json\/wp\/v2\/categories?post=8323"},{"taxonomy":"post_tag","embeddable":true,"href":"https:\/\/www.organisator.ch\/de\/wp-json\/wp\/v2\/tags?post=8323"}],"curies":[{"name":"wp","href":"https:\/\/api.w.org\/{rel}","templated":true}]}}