{"id":8328,"date":"2021-07-29T13:16:33","date_gmt":"2021-07-29T11:16:33","guid":{"rendered":"https:\/\/www.organisator.ch\/?p=8328"},"modified":"2021-07-29T13:16:33","modified_gmt":"2021-07-29T11:16:33","slug":"topsoft-fachmesse-wird-auf-juni-2022-verschoben","status":"publish","type":"post","link":"https:\/\/www.organisator.ch\/de\/management\/it\/2021-07-29\/topsoft-fachmesse-wird-auf-juni-2022-verschoben\/","title":{"rendered":"topsoft Fachmesse wird auf Juni 2022 verschoben"},"content":{"rendered":"<figure id=\"attachment_8106\" aria-describedby=\"caption-attachment-8106\" style=\"width: 680px\" class=\"wp-caption alignnone\"><a href=\"https:\/\/www.organisator.ch\/wp-content\/uploads\/2021\/06\/IT-Fachmesse-topsoft-am-1-2-September-2021-voraussichtlich-wieder-live_Organisator.jpg\"><img loading=\"lazy\" decoding=\"async\" class=\"size-medium wp-image-8106\" src=\"https:\/\/www.organisator.ch\/wp-content\/uploads\/2021\/06\/IT-Fachmesse-topsoft-am-1-2-September-2021-voraussichtlich-wieder-live_Organisator.jpg\" alt=\"\" width=\"680\" height=\"256\" srcset=\"https:\/\/www.organisator.ch\/wp-content\/uploads\/2021\/06\/IT-Fachmesse-topsoft-am-1-2-September-2021-voraussichtlich-wieder-live_Organisator.jpg 680w, https:\/\/www.organisator.ch\/wp-content\/uploads\/2021\/06\/IT-Fachmesse-topsoft-am-1-2-September-2021-voraussichtlich-wieder-live_Organisator-16x6.jpg 16w, https:\/\/www.organisator.ch\/wp-content\/uploads\/2021\/06\/IT-Fachmesse-topsoft-am-1-2-September-2021-voraussichtlich-wieder-live_Organisator-375x141.jpg 375w, https:\/\/www.organisator.ch\/wp-content\/uploads\/2021\/06\/IT-Fachmesse-topsoft-am-1-2-September-2021-voraussichtlich-wieder-live_Organisator-300x113.jpg 300w\" sizes=\"auto, (max-width: 680px) 100vw, 680px\" \/><\/a><figcaption id=\"caption-attachment-8106\" class=\"wp-caption-text\">Die topsoft Fachmesse geht nun doch erst am 22.\/23. Juni 2022 wieder live statt wie zuvor angek\u00fcndigt Anfang September.<\/figcaption><\/figure>\n<p>Mit grossen Erwartungen hat man seitens topsoft die bundesr\u00e4tliche Ank\u00fcndigung der Lockerung von Corona-Massnahmen anfangs Juni zur Kenntnis genommen. Verschiedene Softwareanbieter waren sofort bereit, sich an der topsoft Fachmesse anfangs September zu beteiligen (<a href=\"https:\/\/www.organisator.ch\/it-fachmesse-topsoft-am-1-2-september-2021-voraussichtlich-wieder-live\/\">wir berichteten dar\u00fcber<\/a>). Leider ziehen die Inzidenzwerte nun wieder an. Niemand weiss, wie es nach den Sommerferien aussieht. \u00abOb unter diesen Umst\u00e4nden gen\u00fcgend Besucher bereit w\u00e4ren, an einem Life-Event teilzunehmen ist fraglich. So wurde die Verunsicherung bei den Ausstellern wieder gr\u00f6sser\u00bb, schreiben die Veranstalter der IT-Fachmesse in einer Medienmitteilung.<\/p>\n<p>\u00abObwohl sich in der kurzen Zeit zahlreiche Aussteller angemeldet haben, erachten wir das Risiko f\u00fcr eine Durchf\u00fchrung eines Live-Events in dieser Gr\u00f6sse derzeit als zu hoch\u00bb, erkl\u00e4rt der topsoft-Messeleiter Cyrill Schmid. \u00abAm Ende geht es um die Gesundheit der Aussteller und Messebesucher, aber es geht auch um die Qualit\u00e4t der Veranstaltung. Die zunehmende Planungsunsicherheit macht eine Durchf\u00fchrung, die den Anspr\u00fcchen gen\u00fcgt, sehr schwierig.\u00bb<\/p>\n<p>Dieses Bewusstsein habe schlussendlich zum Entscheid gef\u00fchrt, die diesj\u00e4hrige topsoft Fachmesse auf den 22.\/23. Juni 2022 zu verschieben. Veranstaltungsort wird nach wie vor die Umwelt Arena Schweiz in Spreitenbach sein.<\/p>\n<p><em>Weitere Informationen: <a href=\"http:\/\/www.topsoft.ch\">topsoft<\/a><\/em><\/p>\n","protected":false},"excerpt":{"rendered":"<p>Mit grossen Erwartungen hat man seitens topsoft die bundesr\u00e4tliche Ank\u00fcndigung der Lockerung von Corona-Massnahmen anfangs Juni zur Kenntnis genommen. Verschiedene Softwareanbieter waren sofort bereit, sich an der topsoft Fachmesse anfangs September zu beteiligen (wir berichteten dar\u00fcber). Leider ziehen die Inzidenzwerte nun wieder an. Niemand weiss, wie es nach den Sommerferien aussieht. \u00abOb unter diesen Umst\u00e4nden [&hellip;]<\/p>\n","protected":false},"author":4,"featured_media":8106,"comment_status":"closed","ping_status":"closed","sticky":false,"template":"","format":"standard","meta":{"_acf_changed":false,"_yoast_wpseo_focuskw":"topsoft Fachmesse","_yoast_wpseo_metadesc":"Anfangs Sommer standen die Zeichen noch gut f\u00fcr eine Durchf\u00fchrung der topsoft Fachmesse. Angesichts steigender Fallzahlen wird sie aber auf 2022 verschoben.","articlekey":"","footnotes":""},"categories":[27],"tags":[193,286,288],"class_list":["post-8328","post","type-post","status-publish","format-standard","has-post-thumbnail","hentry","category-it","tag-fachkongressfachmesse","tag-it","tag-it-business-software"],"acf":[],"yoast_head":"<!-- This site is optimized with the Yoast SEO plugin v27.5 - https:\/\/yoast.com\/product\/yoast-seo-wordpress\/ -->\n<title>topsoft Fachmesse wird auf Juni 2022 verschoben - Organisator<\/title>\n<meta name=\"description\" content=\"Anfangs Sommer standen die Zeichen noch gut f\u00fcr eine Durchf\u00fchrung der topsoft Fachmesse. Angesichts steigender Fallzahlen wird sie aber auf 2022 verschoben.\" \/>\n<meta name=\"robots\" content=\"index, follow, max-snippet:-1, max-image-preview:large, max-video-preview:-1\" \/>\n<link rel=\"canonical\" href=\"https:\/\/www.organisator.ch\/de\/management\/it\/2021-07-29\/topsoft-fachmesse-wird-auf-juni-2022-verschoben\/\" \/>\n<meta property=\"og:locale\" content=\"de_DE\" \/>\n<meta property=\"og:type\" content=\"article\" \/>\n<meta property=\"og:title\" content=\"topsoft Fachmesse wird auf Juni 2022 verschoben\" \/>\n<meta property=\"og:description\" content=\"Anfangs Sommer standen die Zeichen noch gut f\u00fcr eine Durchf\u00fchrung der topsoft Fachmesse. Angesichts steigender Fallzahlen wird sie aber auf 2022 verschoben.\" \/>\n<meta property=\"og:url\" content=\"https:\/\/www.organisator.ch\/de\/management\/it\/2021-07-29\/topsoft-fachmesse-wird-auf-juni-2022-verschoben\/\" \/>\n<meta property=\"og:site_name\" content=\"Organisator\" \/>\n<meta property=\"article:publisher\" content=\"https:\/\/www.facebook.com\/OrganisatorFachmagazin\" \/>\n<meta property=\"article:published_time\" content=\"2021-07-29T11:16:33+00:00\" \/>\n<meta property=\"og:image\" content=\"https:\/\/www.organisator.ch\/wp-content\/uploads\/2021\/06\/IT-Fachmesse-topsoft-am-1-2-September-2021-voraussichtlich-wieder-live_Organisator.jpg\" \/>\n\t<meta property=\"og:image:width\" content=\"680\" \/>\n\t<meta property=\"og:image:height\" content=\"256\" \/>\n\t<meta property=\"og:image:type\" content=\"image\/jpeg\" \/>\n<meta name=\"author\" content=\"thomas.berner\" \/>\n<meta name=\"twitter:card\" content=\"summary_large_image\" \/>\n<meta name=\"twitter:title\" content=\"#topsoft Fachmesse wird auf Juni 2022 verschoben\" \/>\n<meta name=\"twitter:description\" content=\"Anfangs Sommer standen die Zeichen noch gut f\u00fcr eine Durchf\u00fchrung der #topsoft Fachmesse. Angesichts steigender Fallzahlen wird sie aber auf 2022 verschoben.\" \/>\n<meta name=\"twitter:image\" content=\"https:\/\/www.organisator.ch\/wp-content\/uploads\/2021\/06\/IT-Fachmesse-topsoft-am-1-2-September-2021-voraussichtlich-wieder-live_Organisator.jpg\" \/>\n<script type=\"application\/ld+json\" class=\"yoast-schema-graph\">{\"@context\":\"https:\\\/\\\/schema.org\",\"@graph\":[{\"@type\":\"Article\",\"@id\":\"https:\\\/\\\/www.organisator.ch\\\/management\\\/it\\\/2021-07-29\\\/topsoft-fachmesse-wird-auf-juni-2022-verschoben\\\/#article\",\"isPartOf\":{\"@id\":\"https:\\\/\\\/www.organisator.ch\\\/management\\\/it\\\/2021-07-29\\\/topsoft-fachmesse-wird-auf-juni-2022-verschoben\\\/\"},\"author\":{\"name\":\"thomas.berner\",\"@id\":\"https:\\\/\\\/www.organisator.ch\\\/#\\\/schema\\\/person\\\/6f650f90b2842cd4c0cc334b4e36f67e\"},\"headline\":\"topsoft Fachmesse wird auf Juni 2022 verschoben\",\"datePublished\":\"2021-07-29T11:16:33+00:00\",\"mainEntityOfPage\":{\"@id\":\"https:\\\/\\\/www.organisator.ch\\\/management\\\/it\\\/2021-07-29\\\/topsoft-fachmesse-wird-auf-juni-2022-verschoben\\\/\"},\"wordCount\":224,\"publisher\":{\"@id\":\"https:\\\/\\\/www.organisator.ch\\\/#organization\"},\"image\":{\"@id\":\"https:\\\/\\\/www.organisator.ch\\\/management\\\/it\\\/2021-07-29\\\/topsoft-fachmesse-wird-auf-juni-2022-verschoben\\\/#primaryimage\"},\"thumbnailUrl\":\"https:\\\/\\\/www.organisator.ch\\\/wp-content\\\/uploads\\\/2021\\\/06\\\/IT-Fachmesse-topsoft-am-1-2-September-2021-voraussichtlich-wieder-live_Organisator.jpg\",\"keywords\":[\"Fachkongress\\\/Fachmesse\",\"IT\",\"IT &amp; Business Software\"],\"articleSection\":[\"IT\"],\"inLanguage\":\"de\"},{\"@type\":\"WebPage\",\"@id\":\"https:\\\/\\\/www.organisator.ch\\\/management\\\/it\\\/2021-07-29\\\/topsoft-fachmesse-wird-auf-juni-2022-verschoben\\\/\",\"url\":\"https:\\\/\\\/www.organisator.ch\\\/management\\\/it\\\/2021-07-29\\\/topsoft-fachmesse-wird-auf-juni-2022-verschoben\\\/\",\"name\":\"topsoft Fachmesse wird auf Juni 2022 verschoben - Organisator\",\"isPartOf\":{\"@id\":\"https:\\\/\\\/www.organisator.ch\\\/#website\"},\"primaryImageOfPage\":{\"@id\":\"https:\\\/\\\/www.organisator.ch\\\/management\\\/it\\\/2021-07-29\\\/topsoft-fachmesse-wird-auf-juni-2022-verschoben\\\/#primaryimage\"},\"image\":{\"@id\":\"https:\\\/\\\/www.organisator.ch\\\/management\\\/it\\\/2021-07-29\\\/topsoft-fachmesse-wird-auf-juni-2022-verschoben\\\/#primaryimage\"},\"thumbnailUrl\":\"https:\\\/\\\/www.organisator.ch\\\/wp-content\\\/uploads\\\/2021\\\/06\\\/IT-Fachmesse-topsoft-am-1-2-September-2021-voraussichtlich-wieder-live_Organisator.jpg\",\"datePublished\":\"2021-07-29T11:16:33+00:00\",\"description\":\"Anfangs Sommer standen die Zeichen noch gut f\u00fcr eine Durchf\u00fchrung der topsoft Fachmesse. Angesichts steigender Fallzahlen wird sie aber auf 2022 verschoben.\",\"breadcrumb\":{\"@id\":\"https:\\\/\\\/www.organisator.ch\\\/management\\\/it\\\/2021-07-29\\\/topsoft-fachmesse-wird-auf-juni-2022-verschoben\\\/#breadcrumb\"},\"inLanguage\":\"de\",\"potentialAction\":[{\"@type\":\"ReadAction\",\"target\":[\"https:\\\/\\\/www.organisator.ch\\\/management\\\/it\\\/2021-07-29\\\/topsoft-fachmesse-wird-auf-juni-2022-verschoben\\\/\"]}]},{\"@type\":\"ImageObject\",\"inLanguage\":\"de\",\"@id\":\"https:\\\/\\\/www.organisator.ch\\\/management\\\/it\\\/2021-07-29\\\/topsoft-fachmesse-wird-auf-juni-2022-verschoben\\\/#primaryimage\",\"url\":\"https:\\\/\\\/www.organisator.ch\\\/wp-content\\\/uploads\\\/2021\\\/06\\\/IT-Fachmesse-topsoft-am-1-2-September-2021-voraussichtlich-wieder-live_Organisator.jpg\",\"contentUrl\":\"https:\\\/\\\/www.organisator.ch\\\/wp-content\\\/uploads\\\/2021\\\/06\\\/IT-Fachmesse-topsoft-am-1-2-September-2021-voraussichtlich-wieder-live_Organisator.jpg\",\"width\":680,\"height\":256,\"caption\":\"Am 1.\\\/2. September 2021 wieder live in der Umweltarena Spreitenbach: Die Schweizer IT-Fachmesse topsoft.\"},{\"@type\":\"BreadcrumbList\",\"@id\":\"https:\\\/\\\/www.organisator.ch\\\/management\\\/it\\\/2021-07-29\\\/topsoft-fachmesse-wird-auf-juni-2022-verschoben\\\/#breadcrumb\",\"itemListElement\":[{\"@type\":\"ListItem\",\"position\":1,\"name\":\"Home\",\"item\":\"https:\\\/\\\/www.organisator.ch\\\/\"},{\"@type\":\"ListItem\",\"position\":2,\"name\":\"topsoft Fachmesse wird auf Juni 2022 verschoben\"}]},{\"@type\":\"WebSite\",\"@id\":\"https:\\\/\\\/www.organisator.ch\\\/#website\",\"url\":\"https:\\\/\\\/www.organisator.ch\\\/\",\"name\":\"Organisator\",\"description\":\"Kompetent. Praxisnah. Der ORGANISATOR bereitet in 10 Ausgaben pro Jahr die wesentlichen Themen f\u00fcr F\u00fchrungskr\u00e4fte von KMU auf.\",\"publisher\":{\"@id\":\"https:\\\/\\\/www.organisator.ch\\\/#organization\"},\"potentialAction\":[{\"@type\":\"SearchAction\",\"target\":{\"@type\":\"EntryPoint\",\"urlTemplate\":\"https:\\\/\\\/www.organisator.ch\\\/?s={search_term_string}\"},\"query-input\":{\"@type\":\"PropertyValueSpecification\",\"valueRequired\":true,\"valueName\":\"search_term_string\"}}],\"inLanguage\":\"de\"},{\"@type\":\"Organization\",\"@id\":\"https:\\\/\\\/www.organisator.ch\\\/#organization\",\"name\":\"Organisator\",\"url\":\"https:\\\/\\\/www.organisator.ch\\\/\",\"logo\":{\"@type\":\"ImageObject\",\"inLanguage\":\"de\",\"@id\":\"https:\\\/\\\/www.organisator.ch\\\/#\\\/schema\\\/logo\\\/image\\\/\",\"url\":\"https:\\\/\\\/www.organisator.ch\\\/wp-content\\\/uploads\\\/2022\\\/01\\\/Logo_Organisator_Website.png\",\"contentUrl\":\"https:\\\/\\\/www.organisator.ch\\\/wp-content\\\/uploads\\\/2022\\\/01\\\/Logo_Organisator_Website.png\",\"width\":800,\"height\":77,\"caption\":\"Organisator\"},\"image\":{\"@id\":\"https:\\\/\\\/www.organisator.ch\\\/#\\\/schema\\\/logo\\\/image\\\/\"},\"sameAs\":[\"https:\\\/\\\/www.facebook.com\\\/OrganisatorFachmagazin\",\"https:\\\/\\\/www.linkedin.com\\\/showcase\\\/organisator-das-magazin-fr-kmu\",\"https:\\\/\\\/www.xing.com\\\/news\\\/pages\\\/organisator-ch-695\",\"https:\\\/\\\/www.youtube.com\\\/channel\\\/UCGP2Sq0iWaZwT3BdIAQFYpw\"]},{\"@type\":\"Person\",\"@id\":\"https:\\\/\\\/www.organisator.ch\\\/#\\\/schema\\\/person\\\/6f650f90b2842cd4c0cc334b4e36f67e\",\"name\":\"thomas.berner\",\"image\":{\"@type\":\"ImageObject\",\"inLanguage\":\"de\",\"@id\":\"https:\\\/\\\/secure.gravatar.com\\\/avatar\\\/ac5001d2a36cb6c6cd3e50789007ffca834b477b74a2144564522e944eabff61?s=96&d=mm&r=g\",\"url\":\"https:\\\/\\\/secure.gravatar.com\\\/avatar\\\/ac5001d2a36cb6c6cd3e50789007ffca834b477b74a2144564522e944eabff61?s=96&d=mm&r=g\",\"contentUrl\":\"https:\\\/\\\/secure.gravatar.com\\\/avatar\\\/ac5001d2a36cb6c6cd3e50789007ffca834b477b74a2144564522e944eabff61?s=96&d=mm&r=g\",\"caption\":\"thomas.berner\"},\"url\":\"https:\\\/\\\/www.organisator.ch\\\/de\\\/author\\\/thomas-berner\\\/\"}]}<\/script>\n<!-- \/ Yoast SEO plugin. -->","yoast_head_json":{"title":"topsoft Fachmesse wird auf Juni 2022 verschoben - Organisator","description":"Anfangs Sommer standen die Zeichen noch gut f\u00fcr eine Durchf\u00fchrung der topsoft Fachmesse. Angesichts steigender Fallzahlen wird sie aber auf 2022 verschoben.","robots":{"index":"index","follow":"follow","max-snippet":"max-snippet:-1","max-image-preview":"max-image-preview:large","max-video-preview":"max-video-preview:-1"},"canonical":"https:\/\/www.organisator.ch\/de\/management\/it\/2021-07-29\/topsoft-fachmesse-wird-auf-juni-2022-verschoben\/","og_locale":"de_DE","og_type":"article","og_title":"topsoft Fachmesse wird auf Juni 2022 verschoben","og_description":"Anfangs Sommer standen die Zeichen noch gut f\u00fcr eine Durchf\u00fchrung der topsoft Fachmesse. Angesichts steigender Fallzahlen wird sie aber auf 2022 verschoben.","og_url":"https:\/\/www.organisator.ch\/de\/management\/it\/2021-07-29\/topsoft-fachmesse-wird-auf-juni-2022-verschoben\/","og_site_name":"Organisator","article_publisher":"https:\/\/www.facebook.com\/OrganisatorFachmagazin","article_published_time":"2021-07-29T11:16:33+00:00","og_image":[{"width":680,"height":256,"url":"https:\/\/www.organisator.ch\/wp-content\/uploads\/2021\/06\/IT-Fachmesse-topsoft-am-1-2-September-2021-voraussichtlich-wieder-live_Organisator.jpg","type":"image\/jpeg"}],"author":"thomas.berner","twitter_card":"summary_large_image","twitter_title":"#topsoft Fachmesse wird auf Juni 2022 verschoben","twitter_description":"Anfangs Sommer standen die Zeichen noch gut f\u00fcr eine Durchf\u00fchrung der #topsoft Fachmesse. Angesichts steigender Fallzahlen wird sie aber auf 2022 verschoben.","twitter_image":"https:\/\/www.organisator.ch\/wp-content\/uploads\/2021\/06\/IT-Fachmesse-topsoft-am-1-2-September-2021-voraussichtlich-wieder-live_Organisator.jpg","schema":{"@context":"https:\/\/schema.org","@graph":[{"@type":"Article","@id":"https:\/\/www.organisator.ch\/management\/it\/2021-07-29\/topsoft-fachmesse-wird-auf-juni-2022-verschoben\/#article","isPartOf":{"@id":"https:\/\/www.organisator.ch\/management\/it\/2021-07-29\/topsoft-fachmesse-wird-auf-juni-2022-verschoben\/"},"author":{"name":"thomas.berner","@id":"https:\/\/www.organisator.ch\/#\/schema\/person\/6f650f90b2842cd4c0cc334b4e36f67e"},"headline":"topsoft Fachmesse wird auf Juni 2022 verschoben","datePublished":"2021-07-29T11:16:33+00:00","mainEntityOfPage":{"@id":"https:\/\/www.organisator.ch\/management\/it\/2021-07-29\/topsoft-fachmesse-wird-auf-juni-2022-verschoben\/"},"wordCount":224,"publisher":{"@id":"https:\/\/www.organisator.ch\/#organization"},"image":{"@id":"https:\/\/www.organisator.ch\/management\/it\/2021-07-29\/topsoft-fachmesse-wird-auf-juni-2022-verschoben\/#primaryimage"},"thumbnailUrl":"https:\/\/www.organisator.ch\/wp-content\/uploads\/2021\/06\/IT-Fachmesse-topsoft-am-1-2-September-2021-voraussichtlich-wieder-live_Organisator.jpg","keywords":["Fachkongress\/Fachmesse","IT","IT &amp; Business Software"],"articleSection":["IT"],"inLanguage":"de"},{"@type":"WebPage","@id":"https:\/\/www.organisator.ch\/management\/it\/2021-07-29\/topsoft-fachmesse-wird-auf-juni-2022-verschoben\/","url":"https:\/\/www.organisator.ch\/management\/it\/2021-07-29\/topsoft-fachmesse-wird-auf-juni-2022-verschoben\/","name":"topsoft Fachmesse wird auf Juni 2022 verschoben - Organisator","isPartOf":{"@id":"https:\/\/www.organisator.ch\/#website"},"primaryImageOfPage":{"@id":"https:\/\/www.organisator.ch\/management\/it\/2021-07-29\/topsoft-fachmesse-wird-auf-juni-2022-verschoben\/#primaryimage"},"image":{"@id":"https:\/\/www.organisator.ch\/management\/it\/2021-07-29\/topsoft-fachmesse-wird-auf-juni-2022-verschoben\/#primaryimage"},"thumbnailUrl":"https:\/\/www.organisator.ch\/wp-content\/uploads\/2021\/06\/IT-Fachmesse-topsoft-am-1-2-September-2021-voraussichtlich-wieder-live_Organisator.jpg","datePublished":"2021-07-29T11:16:33+00:00","description":"Anfangs Sommer standen die Zeichen noch gut f\u00fcr eine Durchf\u00fchrung der topsoft Fachmesse. Angesichts steigender Fallzahlen wird sie aber auf 2022 verschoben.","breadcrumb":{"@id":"https:\/\/www.organisator.ch\/management\/it\/2021-07-29\/topsoft-fachmesse-wird-auf-juni-2022-verschoben\/#breadcrumb"},"inLanguage":"de","potentialAction":[{"@type":"ReadAction","target":["https:\/\/www.organisator.ch\/management\/it\/2021-07-29\/topsoft-fachmesse-wird-auf-juni-2022-verschoben\/"]}]},{"@type":"ImageObject","inLanguage":"de","@id":"https:\/\/www.organisator.ch\/management\/it\/2021-07-29\/topsoft-fachmesse-wird-auf-juni-2022-verschoben\/#primaryimage","url":"https:\/\/www.organisator.ch\/wp-content\/uploads\/2021\/06\/IT-Fachmesse-topsoft-am-1-2-September-2021-voraussichtlich-wieder-live_Organisator.jpg","contentUrl":"https:\/\/www.organisator.ch\/wp-content\/uploads\/2021\/06\/IT-Fachmesse-topsoft-am-1-2-September-2021-voraussichtlich-wieder-live_Organisator.jpg","width":680,"height":256,"caption":"Am 1.\/2. September 2021 wieder live in der Umweltarena Spreitenbach: Die Schweizer IT-Fachmesse topsoft."},{"@type":"BreadcrumbList","@id":"https:\/\/www.organisator.ch\/management\/it\/2021-07-29\/topsoft-fachmesse-wird-auf-juni-2022-verschoben\/#breadcrumb","itemListElement":[{"@type":"ListItem","position":1,"name":"Home","item":"https:\/\/www.organisator.ch\/"},{"@type":"ListItem","position":2,"name":"topsoft Fachmesse wird auf Juni 2022 verschoben"}]},{"@type":"WebSite","@id":"https:\/\/www.organisator.ch\/#website","url":"https:\/\/www.organisator.ch\/","name":"Organisator","description":"Kompetent. Praxisnah. Der ORGANISATOR bereitet in 10 Ausgaben pro Jahr die wesentlichen Themen f\u00fcr F\u00fchrungskr\u00e4fte von KMU auf.","publisher":{"@id":"https:\/\/www.organisator.ch\/#organization"},"potentialAction":[{"@type":"SearchAction","target":{"@type":"EntryPoint","urlTemplate":"https:\/\/www.organisator.ch\/?s={search_term_string}"},"query-input":{"@type":"PropertyValueSpecification","valueRequired":true,"valueName":"search_term_string"}}],"inLanguage":"de"},{"@type":"Organization","@id":"https:\/\/www.organisator.ch\/#organization","name":"Organisator","url":"https:\/\/www.organisator.ch\/","logo":{"@type":"ImageObject","inLanguage":"de","@id":"https:\/\/www.organisator.ch\/#\/schema\/logo\/image\/","url":"https:\/\/www.organisator.ch\/wp-content\/uploads\/2022\/01\/Logo_Organisator_Website.png","contentUrl":"https:\/\/www.organisator.ch\/wp-content\/uploads\/2022\/01\/Logo_Organisator_Website.png","width":800,"height":77,"caption":"Organisator"},"image":{"@id":"https:\/\/www.organisator.ch\/#\/schema\/logo\/image\/"},"sameAs":["https:\/\/www.facebook.com\/OrganisatorFachmagazin","https:\/\/www.linkedin.com\/showcase\/organisator-das-magazin-fr-kmu","https:\/\/www.xing.com\/news\/pages\/organisator-ch-695","https:\/\/www.youtube.com\/channel\/UCGP2Sq0iWaZwT3BdIAQFYpw"]},{"@type":"Person","@id":"https:\/\/www.organisator.ch\/#\/schema\/person\/6f650f90b2842cd4c0cc334b4e36f67e","name":"thomas.berner","image":{"@type":"ImageObject","inLanguage":"de","@id":"https:\/\/secure.gravatar.com\/avatar\/ac5001d2a36cb6c6cd3e50789007ffca834b477b74a2144564522e944eabff61?s=96&d=mm&r=g","url":"https:\/\/secure.gravatar.com\/avatar\/ac5001d2a36cb6c6cd3e50789007ffca834b477b74a2144564522e944eabff61?s=96&d=mm&r=g","contentUrl":"https:\/\/secure.gravatar.com\/avatar\/ac5001d2a36cb6c6cd3e50789007ffca834b477b74a2144564522e944eabff61?s=96&d=mm&r=g","caption":"thomas.berner"},"url":"https:\/\/www.organisator.ch\/de\/author\/thomas-berner\/"}]}},"_links":{"self":[{"href":"https:\/\/www.organisator.ch\/de\/wp-json\/wp\/v2\/posts\/8328","targetHints":{"allow":["GET"]}}],"collection":[{"href":"https:\/\/www.organisator.ch\/de\/wp-json\/wp\/v2\/posts"}],"about":[{"href":"https:\/\/www.organisator.ch\/de\/wp-json\/wp\/v2\/types\/post"}],"author":[{"embeddable":true,"href":"https:\/\/www.organisator.ch\/de\/wp-json\/wp\/v2\/users\/4"}],"replies":[{"embeddable":true,"href":"https:\/\/www.organisator.ch\/de\/wp-json\/wp\/v2\/comments?post=8328"}],"version-history":[{"count":0,"href":"https:\/\/www.organisator.ch\/de\/wp-json\/wp\/v2\/posts\/8328\/revisions"}],"wp:featuredmedia":[{"embeddable":true,"href":"https:\/\/www.organisator.ch\/de\/wp-json\/wp\/v2\/media\/8106"}],"wp:attachment":[{"href":"https:\/\/www.organisator.ch\/de\/wp-json\/wp\/v2\/media?parent=8328"}],"wp:term":[{"taxonomy":"category","embeddable":true,"href":"https:\/\/www.organisator.ch\/de\/wp-json\/wp\/v2\/categories?post=8328"},{"taxonomy":"post_tag","embeddable":true,"href":"https:\/\/www.organisator.ch\/de\/wp-json\/wp\/v2\/tags?post=8328"}],"curies":[{"name":"wp","href":"https:\/\/api.w.org\/{rel}","templated":true}]}}