{"id":834,"date":"2016-09-14T17:17:41","date_gmt":"2016-09-14T15:17:41","guid":{"rendered":"http:\/\/dev.organisator.ch\/?p=834"},"modified":"2016-09-14T17:17:41","modified_gmt":"2016-09-14T15:17:41","slug":"wirtschaftsforum-2016-die-digitale-transformation-erreicht-die-kmu","status":"publish","type":"post","link":"https:\/\/www.organisator.ch\/de\/management\/2016-09-14\/wirtschaftsforum-2016-die-digitale-transformation-erreicht-die-kmu\/","title":{"rendered":"Wirtschaftsforum 2016: Die digitale Transformation erreicht die KMU"},"content":{"rendered":"<figure id=\"attachment_858\" aria-describedby=\"caption-attachment-858\" style=\"width: 640px\" class=\"wp-caption alignnone\"><img loading=\"lazy\" decoding=\"async\" class=\"size-full wp-image-858\" src=\"https:\/\/www.organisator.ch\/wp-content\/uploads\/2016\/12\/Wirtschaftsforum-2016-Die-digitale-Transformation-erreicht-die-KMU-organisator.jpg\" alt=\"\" width=\"640\" height=\"427\" srcset=\"https:\/\/www.organisator.ch\/wp-content\/uploads\/2016\/12\/Wirtschaftsforum-2016-Die-digitale-Transformation-erreicht-die-KMU-organisator.jpg 640w, https:\/\/www.organisator.ch\/wp-content\/uploads\/2016\/12\/Wirtschaftsforum-2016-Die-digitale-Transformation-erreicht-die-KMU-organisator-16x12.jpg 16w, https:\/\/www.organisator.ch\/wp-content\/uploads\/2016\/12\/Wirtschaftsforum-2016-Die-digitale-Transformation-erreicht-die-KMU-organisator-262x175.jpg 262w, https:\/\/www.organisator.ch\/wp-content\/uploads\/2016\/12\/Wirtschaftsforum-2016-Die-digitale-Transformation-erreicht-die-KMU-organisator-525x350.jpg 525w, https:\/\/www.organisator.ch\/wp-content\/uploads\/2016\/12\/Wirtschaftsforum-2016-Die-digitale-Transformation-erreicht-die-KMU-organisator-300x200.jpg 300w\" sizes=\"auto, (max-width: 640px) 100vw, 640px\" \/><figcaption id=\"caption-attachment-858\" class=\"wp-caption-text\">Viel Interesse am Wirtschaftsforum 2016 im FHNW Campus Olten (Foto: Michele Canonico).<\/figcaption><\/figure>\n<blockquote><p>Kein Kunde sagt nein, wenn er Teil des Prozesses ist.<\/p><\/blockquote>\n<p>Er\u00f6ffnet wurde das Forum durch Prof. Dr. Ruedi N\u00fctzi, Direktor der Hochschule f\u00fcr Wirtschaft FHNW, der die rund 250 Teilnehmenden in der vollbesetzten Aula das FHNW Campus Olten begr\u00fcsste und auf die 150-j\u00e4hrige Erfolgsgeschichte der Schweizer Industrie hinwies, die jetzt vor ganz neuen Herausforderungen stehe.<\/p>\n<p><strong>Von Kodak bis Instagram<\/strong><br \/>\nDie Impulsreferate hielten Urs Rickenbacher, CEO Lantal Textiles und Roger W\u00fcthrich, Leiter Digital Business der Swisscom. Letzterer ging im Zeitraffer durch die Geschichte der Digitalisierung, beginnend in den 50-er Jahren des letzten Jahrhunderts. Er zeigte auf, wie globale Megatrends verbunden mit neuen Gesch\u00e4ftsmodellen die Digitalisierung vorantreiben und bald auch die KMU erreichen werden. Es gehe heute prim\u00e4r darum, nicht nur die Mitbewerber, sondern vor allem auch neue Trends und M\u00f6glichkeiten digitaler Gesch\u00e4ftsmodelle im Auge zu behalten.<\/p>\n<p>In den folgenden Workshops wurden einzelne Bereiche der digitalen Transformation thematisiert, wie beispielsweise die Finanzierungsm\u00f6glichkeiten f\u00fcr KMU, Innovation im Kontext von Industrie 4.0, der Einsatz von Business Software, Cloud-L\u00f6sungen u.a.<\/p>\n<p><strong>Trends in der digitalen Vermarktung<\/strong><br \/>\nBesondere Beachtung fanden dabei Aspekte der digitalen Vermarktung, angefangen bei User Experience \u00fcber das Content Marketing und die Rolle von Social Media bis hin zu automatisierten\u00a0 Marketingprozessen. All dies wurde immer auch auf die finanziellen M\u00f6glichkeiten von KMU\u2019s \u201cruntergebrochen\u201d, sprich kosteng\u00fcnstige L\u00f6sungen vorgeschlagen, die auch finanziell verkraftbar sind.<\/p>\n<p><strong>Kein Kunde sagt nein, wenn er Teil des Prozesses ist<\/strong><br \/>\nDas zweite Impulsreferat hielt Urs Rickenbacher, CEO von Lantal Textiles AG. Das Langenthaler Unternehmen verf\u00fcgt in der Flugzeuginnenausstattung (Sitze, Vorh\u00e4nge, u.\u00e4.) weltweit \u00fcber einen Marktanteil von 65%. Neben verschiedenen grossen Airlines z\u00e4hlen auch die amerikanischen Pr\u00e4sidenten (Innenausstattung der Air Force One) zu ihrem Kundenkreis.<\/p>\n<p>Die Kunden sind bei Lantal von Beginn weg im Sinne von Industrie 4.0\u00a0 in den Prozess miteinbezogen: Nach einem ersten Treffen werden ihnen in einer App Ausstattungsvarianten pr\u00e4sentiert, die sie dann direkt online ausw\u00e4hlen und bestellen k\u00f6nnen. Dadurch nehmen sie schon fr\u00fch Einfluss auf die Produktgestaltung.<\/p>\n<p>Mehr \u00fcber Veranstaltungen der Fachhochschule Nordwestschweiz FHNW finden Sie unter <a href=\"http:\/\/www.fhnw.ch\" target=\"_blank\" rel=\"noreferrer noopener\" data-cke-saved-href=\"http:\/\/www.fhnw.ch\">www.fhnw.ch<\/a><\/p>\n","protected":false},"excerpt":{"rendered":"<p>Kein Kunde sagt nein, wenn er Teil des Prozesses ist. Er\u00f6ffnet wurde das Forum durch Prof. Dr. Ruedi N\u00fctzi, Direktor der Hochschule f\u00fcr Wirtschaft FHNW, der die rund 250 Teilnehmenden in der vollbesetzten Aula das FHNW Campus Olten begr\u00fcsste und auf die 150-j\u00e4hrige Erfolgsgeschichte der Schweizer Industrie hinwies, die jetzt vor ganz neuen Herausforderungen stehe. [&hellip;]<\/p>\n","protected":false},"author":1,"featured_media":858,"comment_status":"open","ping_status":"open","sticky":false,"template":"","format":"standard","meta":{"_acf_changed":false,"_yoast_wpseo_focuskw":"Wirtschaftsforum","_yoast_wpseo_metadesc":"Die vierte Durchf\u00fchrung des Wirtschaftsforums FHNW stiess wiederum auf grosses Interesse und war diesmal ganz dem Thema Digitalisierung gewidmet.","articlekey":"","footnotes":""},"categories":[28],"tags":[156,334,358],"class_list":["post-834","post","type-post","status-publish","format-standard","has-post-thumbnail","hentry","category-management","tag-digitalisierung","tag-management","tag-nachhaltige-wirtschaft"],"acf":[],"yoast_head":"<!-- This site is optimized with the Yoast SEO plugin v27.5 - https:\/\/yoast.com\/product\/yoast-seo-wordpress\/ -->\n<title>Wirtschaftsforum 2016: Die digitale Transformation erreicht die KMU - Organisator<\/title>\n<meta name=\"description\" content=\"Die vierte Durchf\u00fchrung des Wirtschaftsforums FHNW stiess wiederum auf grosses Interesse und war diesmal ganz dem Thema Digitalisierung gewidmet.\" \/>\n<meta name=\"robots\" content=\"index, follow, max-snippet:-1, max-image-preview:large, max-video-preview:-1\" \/>\n<link rel=\"canonical\" href=\"https:\/\/www.organisator.ch\/de\/management\/2016-09-14\/wirtschaftsforum-2016-die-digitale-transformation-erreicht-die-kmu\/\" \/>\n<meta property=\"og:locale\" content=\"de_DE\" \/>\n<meta property=\"og:type\" content=\"article\" \/>\n<meta property=\"og:title\" content=\"Wirtschaftsforum 2016: Die digitale Transformation erreicht die KMU\" \/>\n<meta property=\"og:description\" content=\"Die vierte Durchf\u00fchrung des Wirtschaftsforums FHNW stiess wiederum auf grosses Interesse und war diesmal ganz dem Thema Digitalisierung gewidmet.\" \/>\n<meta property=\"og:url\" content=\"https:\/\/www.organisator.ch\/de\/management\/2016-09-14\/wirtschaftsforum-2016-die-digitale-transformation-erreicht-die-kmu\/\" \/>\n<meta property=\"og:site_name\" content=\"Organisator\" \/>\n<meta property=\"article:publisher\" content=\"https:\/\/www.facebook.com\/OrganisatorFachmagazin\" \/>\n<meta property=\"article:published_time\" content=\"2016-09-14T15:17:41+00:00\" \/>\n<meta name=\"author\" content=\"admin\" \/>\n<meta name=\"twitter:card\" content=\"summary_large_image\" \/>\n<meta name=\"twitter:image\" content=\"https:\/\/www.organisator.ch\/wp-content\/uploads\/2016\/12\/Wirtschaftsforum-2016-Die-digitale-Transformation-erreicht-die-KMU-organisator.jpg\" \/>\n<script type=\"application\/ld+json\" class=\"yoast-schema-graph\">{\"@context\":\"https:\\\/\\\/schema.org\",\"@graph\":[{\"@type\":\"Article\",\"@id\":\"https:\\\/\\\/www.organisator.ch\\\/management\\\/2016-09-14\\\/wirtschaftsforum-2016-die-digitale-transformation-erreicht-die-kmu\\\/#article\",\"isPartOf\":{\"@id\":\"https:\\\/\\\/www.organisator.ch\\\/management\\\/2016-09-14\\\/wirtschaftsforum-2016-die-digitale-transformation-erreicht-die-kmu\\\/\"},\"author\":{\"name\":\"admin\",\"@id\":\"https:\\\/\\\/www.organisator.ch\\\/#\\\/schema\\\/person\\\/aa2bace6c5c5aad60102004a50c4eb1c\"},\"headline\":\"Wirtschaftsforum 2016: Die digitale Transformation erreicht die KMU\",\"datePublished\":\"2016-09-14T15:17:41+00:00\",\"mainEntityOfPage\":{\"@id\":\"https:\\\/\\\/www.organisator.ch\\\/management\\\/2016-09-14\\\/wirtschaftsforum-2016-die-digitale-transformation-erreicht-die-kmu\\\/\"},\"wordCount\":378,\"commentCount\":0,\"publisher\":{\"@id\":\"https:\\\/\\\/www.organisator.ch\\\/#organization\"},\"image\":{\"@id\":\"https:\\\/\\\/www.organisator.ch\\\/management\\\/2016-09-14\\\/wirtschaftsforum-2016-die-digitale-transformation-erreicht-die-kmu\\\/#primaryimage\"},\"thumbnailUrl\":\"https:\\\/\\\/www.organisator.ch\\\/wp-content\\\/uploads\\\/2016\\\/12\\\/Wirtschaftsforum-2016-Die-digitale-Transformation-erreicht-die-KMU-organisator.jpg\",\"keywords\":[\"Digitalisierung\",\"Management\",\"Nachhaltige Wirtschaft\"],\"articleSection\":[\"MANAGEMENT\"],\"inLanguage\":\"de\"},{\"@type\":\"WebPage\",\"@id\":\"https:\\\/\\\/www.organisator.ch\\\/management\\\/2016-09-14\\\/wirtschaftsforum-2016-die-digitale-transformation-erreicht-die-kmu\\\/\",\"url\":\"https:\\\/\\\/www.organisator.ch\\\/management\\\/2016-09-14\\\/wirtschaftsforum-2016-die-digitale-transformation-erreicht-die-kmu\\\/\",\"name\":\"Wirtschaftsforum 2016: Die digitale Transformation erreicht die KMU - Organisator\",\"isPartOf\":{\"@id\":\"https:\\\/\\\/www.organisator.ch\\\/#website\"},\"primaryImageOfPage\":{\"@id\":\"https:\\\/\\\/www.organisator.ch\\\/management\\\/2016-09-14\\\/wirtschaftsforum-2016-die-digitale-transformation-erreicht-die-kmu\\\/#primaryimage\"},\"image\":{\"@id\":\"https:\\\/\\\/www.organisator.ch\\\/management\\\/2016-09-14\\\/wirtschaftsforum-2016-die-digitale-transformation-erreicht-die-kmu\\\/#primaryimage\"},\"thumbnailUrl\":\"https:\\\/\\\/www.organisator.ch\\\/wp-content\\\/uploads\\\/2016\\\/12\\\/Wirtschaftsforum-2016-Die-digitale-Transformation-erreicht-die-KMU-organisator.jpg\",\"datePublished\":\"2016-09-14T15:17:41+00:00\",\"description\":\"Die vierte Durchf\u00fchrung des Wirtschaftsforums FHNW stiess wiederum auf grosses Interesse und war diesmal ganz dem Thema Digitalisierung gewidmet.\",\"breadcrumb\":{\"@id\":\"https:\\\/\\\/www.organisator.ch\\\/management\\\/2016-09-14\\\/wirtschaftsforum-2016-die-digitale-transformation-erreicht-die-kmu\\\/#breadcrumb\"},\"inLanguage\":\"de\",\"potentialAction\":[{\"@type\":\"ReadAction\",\"target\":[\"https:\\\/\\\/www.organisator.ch\\\/management\\\/2016-09-14\\\/wirtschaftsforum-2016-die-digitale-transformation-erreicht-die-kmu\\\/\"]}]},{\"@type\":\"ImageObject\",\"inLanguage\":\"de\",\"@id\":\"https:\\\/\\\/www.organisator.ch\\\/management\\\/2016-09-14\\\/wirtschaftsforum-2016-die-digitale-transformation-erreicht-die-kmu\\\/#primaryimage\",\"url\":\"https:\\\/\\\/www.organisator.ch\\\/wp-content\\\/uploads\\\/2016\\\/12\\\/Wirtschaftsforum-2016-Die-digitale-Transformation-erreicht-die-KMU-organisator.jpg\",\"contentUrl\":\"https:\\\/\\\/www.organisator.ch\\\/wp-content\\\/uploads\\\/2016\\\/12\\\/Wirtschaftsforum-2016-Die-digitale-Transformation-erreicht-die-KMU-organisator.jpg\",\"width\":640,\"height\":427,\"caption\":\"Viel Interesse am Wirtschaftsforum 2016 im FHNW Campus Olten (Foto: Michele Canonico).\"},{\"@type\":\"BreadcrumbList\",\"@id\":\"https:\\\/\\\/www.organisator.ch\\\/management\\\/2016-09-14\\\/wirtschaftsforum-2016-die-digitale-transformation-erreicht-die-kmu\\\/#breadcrumb\",\"itemListElement\":[{\"@type\":\"ListItem\",\"position\":1,\"name\":\"Home\",\"item\":\"https:\\\/\\\/www.organisator.ch\\\/\"},{\"@type\":\"ListItem\",\"position\":2,\"name\":\"Wirtschaftsforum 2016: Die digitale Transformation erreicht die KMU\"}]},{\"@type\":\"WebSite\",\"@id\":\"https:\\\/\\\/www.organisator.ch\\\/#website\",\"url\":\"https:\\\/\\\/www.organisator.ch\\\/\",\"name\":\"Organisator\",\"description\":\"Kompetent. Praxisnah. Der ORGANISATOR bereitet in 10 Ausgaben pro Jahr die wesentlichen Themen f\u00fcr F\u00fchrungskr\u00e4fte von KMU auf.\",\"publisher\":{\"@id\":\"https:\\\/\\\/www.organisator.ch\\\/#organization\"},\"potentialAction\":[{\"@type\":\"SearchAction\",\"target\":{\"@type\":\"EntryPoint\",\"urlTemplate\":\"https:\\\/\\\/www.organisator.ch\\\/?s={search_term_string}\"},\"query-input\":{\"@type\":\"PropertyValueSpecification\",\"valueRequired\":true,\"valueName\":\"search_term_string\"}}],\"inLanguage\":\"de\"},{\"@type\":\"Organization\",\"@id\":\"https:\\\/\\\/www.organisator.ch\\\/#organization\",\"name\":\"Organisator\",\"url\":\"https:\\\/\\\/www.organisator.ch\\\/\",\"logo\":{\"@type\":\"ImageObject\",\"inLanguage\":\"de\",\"@id\":\"https:\\\/\\\/www.organisator.ch\\\/#\\\/schema\\\/logo\\\/image\\\/\",\"url\":\"https:\\\/\\\/www.organisator.ch\\\/wp-content\\\/uploads\\\/2022\\\/01\\\/Logo_Organisator_Website.png\",\"contentUrl\":\"https:\\\/\\\/www.organisator.ch\\\/wp-content\\\/uploads\\\/2022\\\/01\\\/Logo_Organisator_Website.png\",\"width\":800,\"height\":77,\"caption\":\"Organisator\"},\"image\":{\"@id\":\"https:\\\/\\\/www.organisator.ch\\\/#\\\/schema\\\/logo\\\/image\\\/\"},\"sameAs\":[\"https:\\\/\\\/www.facebook.com\\\/OrganisatorFachmagazin\",\"https:\\\/\\\/www.linkedin.com\\\/showcase\\\/organisator-das-magazin-fr-kmu\",\"https:\\\/\\\/www.xing.com\\\/news\\\/pages\\\/organisator-ch-695\",\"https:\\\/\\\/www.youtube.com\\\/channel\\\/UCGP2Sq0iWaZwT3BdIAQFYpw\"]},{\"@type\":\"Person\",\"@id\":\"https:\\\/\\\/www.organisator.ch\\\/#\\\/schema\\\/person\\\/aa2bace6c5c5aad60102004a50c4eb1c\",\"name\":\"admin\",\"image\":{\"@type\":\"ImageObject\",\"inLanguage\":\"de\",\"@id\":\"https:\\\/\\\/secure.gravatar.com\\\/avatar\\\/ae2f4d718e6c49043e314ce431e7e645d646302a24a5ef5a8bc8e3f5a032e319?s=96&d=mm&r=g\",\"url\":\"https:\\\/\\\/secure.gravatar.com\\\/avatar\\\/ae2f4d718e6c49043e314ce431e7e645d646302a24a5ef5a8bc8e3f5a032e319?s=96&d=mm&r=g\",\"contentUrl\":\"https:\\\/\\\/secure.gravatar.com\\\/avatar\\\/ae2f4d718e6c49043e314ce431e7e645d646302a24a5ef5a8bc8e3f5a032e319?s=96&d=mm&r=g\",\"caption\":\"admin\"},\"sameAs\":[\"https:\\\/\\\/www.organisator.ch\"],\"url\":\"https:\\\/\\\/www.organisator.ch\\\/de\\\/author\\\/admin\\\/\"}]}<\/script>\n<!-- \/ Yoast SEO plugin. -->","yoast_head_json":{"title":"Wirtschaftsforum 2016: Die digitale Transformation erreicht die KMU - Organisator","description":"Die vierte Durchf\u00fchrung des Wirtschaftsforums FHNW stiess wiederum auf grosses Interesse und war diesmal ganz dem Thema Digitalisierung gewidmet.","robots":{"index":"index","follow":"follow","max-snippet":"max-snippet:-1","max-image-preview":"max-image-preview:large","max-video-preview":"max-video-preview:-1"},"canonical":"https:\/\/www.organisator.ch\/de\/management\/2016-09-14\/wirtschaftsforum-2016-die-digitale-transformation-erreicht-die-kmu\/","og_locale":"de_DE","og_type":"article","og_title":"Wirtschaftsforum 2016: Die digitale Transformation erreicht die KMU","og_description":"Die vierte Durchf\u00fchrung des Wirtschaftsforums FHNW stiess wiederum auf grosses Interesse und war diesmal ganz dem Thema Digitalisierung gewidmet.","og_url":"https:\/\/www.organisator.ch\/de\/management\/2016-09-14\/wirtschaftsforum-2016-die-digitale-transformation-erreicht-die-kmu\/","og_site_name":"Organisator","article_publisher":"https:\/\/www.facebook.com\/OrganisatorFachmagazin","article_published_time":"2016-09-14T15:17:41+00:00","author":"admin","twitter_card":"summary_large_image","twitter_image":"https:\/\/www.organisator.ch\/wp-content\/uploads\/2016\/12\/Wirtschaftsforum-2016-Die-digitale-Transformation-erreicht-die-KMU-organisator.jpg","schema":{"@context":"https:\/\/schema.org","@graph":[{"@type":"Article","@id":"https:\/\/www.organisator.ch\/management\/2016-09-14\/wirtschaftsforum-2016-die-digitale-transformation-erreicht-die-kmu\/#article","isPartOf":{"@id":"https:\/\/www.organisator.ch\/management\/2016-09-14\/wirtschaftsforum-2016-die-digitale-transformation-erreicht-die-kmu\/"},"author":{"name":"admin","@id":"https:\/\/www.organisator.ch\/#\/schema\/person\/aa2bace6c5c5aad60102004a50c4eb1c"},"headline":"Wirtschaftsforum 2016: Die digitale Transformation erreicht die KMU","datePublished":"2016-09-14T15:17:41+00:00","mainEntityOfPage":{"@id":"https:\/\/www.organisator.ch\/management\/2016-09-14\/wirtschaftsforum-2016-die-digitale-transformation-erreicht-die-kmu\/"},"wordCount":378,"commentCount":0,"publisher":{"@id":"https:\/\/www.organisator.ch\/#organization"},"image":{"@id":"https:\/\/www.organisator.ch\/management\/2016-09-14\/wirtschaftsforum-2016-die-digitale-transformation-erreicht-die-kmu\/#primaryimage"},"thumbnailUrl":"https:\/\/www.organisator.ch\/wp-content\/uploads\/2016\/12\/Wirtschaftsforum-2016-Die-digitale-Transformation-erreicht-die-KMU-organisator.jpg","keywords":["Digitalisierung","Management","Nachhaltige Wirtschaft"],"articleSection":["MANAGEMENT"],"inLanguage":"de"},{"@type":"WebPage","@id":"https:\/\/www.organisator.ch\/management\/2016-09-14\/wirtschaftsforum-2016-die-digitale-transformation-erreicht-die-kmu\/","url":"https:\/\/www.organisator.ch\/management\/2016-09-14\/wirtschaftsforum-2016-die-digitale-transformation-erreicht-die-kmu\/","name":"Wirtschaftsforum 2016: Die digitale Transformation erreicht die KMU - Organisator","isPartOf":{"@id":"https:\/\/www.organisator.ch\/#website"},"primaryImageOfPage":{"@id":"https:\/\/www.organisator.ch\/management\/2016-09-14\/wirtschaftsforum-2016-die-digitale-transformation-erreicht-die-kmu\/#primaryimage"},"image":{"@id":"https:\/\/www.organisator.ch\/management\/2016-09-14\/wirtschaftsforum-2016-die-digitale-transformation-erreicht-die-kmu\/#primaryimage"},"thumbnailUrl":"https:\/\/www.organisator.ch\/wp-content\/uploads\/2016\/12\/Wirtschaftsforum-2016-Die-digitale-Transformation-erreicht-die-KMU-organisator.jpg","datePublished":"2016-09-14T15:17:41+00:00","description":"Die vierte Durchf\u00fchrung des Wirtschaftsforums FHNW stiess wiederum auf grosses Interesse und war diesmal ganz dem Thema Digitalisierung gewidmet.","breadcrumb":{"@id":"https:\/\/www.organisator.ch\/management\/2016-09-14\/wirtschaftsforum-2016-die-digitale-transformation-erreicht-die-kmu\/#breadcrumb"},"inLanguage":"de","potentialAction":[{"@type":"ReadAction","target":["https:\/\/www.organisator.ch\/management\/2016-09-14\/wirtschaftsforum-2016-die-digitale-transformation-erreicht-die-kmu\/"]}]},{"@type":"ImageObject","inLanguage":"de","@id":"https:\/\/www.organisator.ch\/management\/2016-09-14\/wirtschaftsforum-2016-die-digitale-transformation-erreicht-die-kmu\/#primaryimage","url":"https:\/\/www.organisator.ch\/wp-content\/uploads\/2016\/12\/Wirtschaftsforum-2016-Die-digitale-Transformation-erreicht-die-KMU-organisator.jpg","contentUrl":"https:\/\/www.organisator.ch\/wp-content\/uploads\/2016\/12\/Wirtschaftsforum-2016-Die-digitale-Transformation-erreicht-die-KMU-organisator.jpg","width":640,"height":427,"caption":"Viel Interesse am Wirtschaftsforum 2016 im FHNW Campus Olten (Foto: Michele Canonico)."},{"@type":"BreadcrumbList","@id":"https:\/\/www.organisator.ch\/management\/2016-09-14\/wirtschaftsforum-2016-die-digitale-transformation-erreicht-die-kmu\/#breadcrumb","itemListElement":[{"@type":"ListItem","position":1,"name":"Home","item":"https:\/\/www.organisator.ch\/"},{"@type":"ListItem","position":2,"name":"Wirtschaftsforum 2016: Die digitale Transformation erreicht die KMU"}]},{"@type":"WebSite","@id":"https:\/\/www.organisator.ch\/#website","url":"https:\/\/www.organisator.ch\/","name":"Organisator","description":"Kompetent. Praxisnah. Der ORGANISATOR bereitet in 10 Ausgaben pro Jahr die wesentlichen Themen f\u00fcr F\u00fchrungskr\u00e4fte von KMU auf.","publisher":{"@id":"https:\/\/www.organisator.ch\/#organization"},"potentialAction":[{"@type":"SearchAction","target":{"@type":"EntryPoint","urlTemplate":"https:\/\/www.organisator.ch\/?s={search_term_string}"},"query-input":{"@type":"PropertyValueSpecification","valueRequired":true,"valueName":"search_term_string"}}],"inLanguage":"de"},{"@type":"Organization","@id":"https:\/\/www.organisator.ch\/#organization","name":"Organisator","url":"https:\/\/www.organisator.ch\/","logo":{"@type":"ImageObject","inLanguage":"de","@id":"https:\/\/www.organisator.ch\/#\/schema\/logo\/image\/","url":"https:\/\/www.organisator.ch\/wp-content\/uploads\/2022\/01\/Logo_Organisator_Website.png","contentUrl":"https:\/\/www.organisator.ch\/wp-content\/uploads\/2022\/01\/Logo_Organisator_Website.png","width":800,"height":77,"caption":"Organisator"},"image":{"@id":"https:\/\/www.organisator.ch\/#\/schema\/logo\/image\/"},"sameAs":["https:\/\/www.facebook.com\/OrganisatorFachmagazin","https:\/\/www.linkedin.com\/showcase\/organisator-das-magazin-fr-kmu","https:\/\/www.xing.com\/news\/pages\/organisator-ch-695","https:\/\/www.youtube.com\/channel\/UCGP2Sq0iWaZwT3BdIAQFYpw"]},{"@type":"Person","@id":"https:\/\/www.organisator.ch\/#\/schema\/person\/aa2bace6c5c5aad60102004a50c4eb1c","name":"admin","image":{"@type":"ImageObject","inLanguage":"de","@id":"https:\/\/secure.gravatar.com\/avatar\/ae2f4d718e6c49043e314ce431e7e645d646302a24a5ef5a8bc8e3f5a032e319?s=96&d=mm&r=g","url":"https:\/\/secure.gravatar.com\/avatar\/ae2f4d718e6c49043e314ce431e7e645d646302a24a5ef5a8bc8e3f5a032e319?s=96&d=mm&r=g","contentUrl":"https:\/\/secure.gravatar.com\/avatar\/ae2f4d718e6c49043e314ce431e7e645d646302a24a5ef5a8bc8e3f5a032e319?s=96&d=mm&r=g","caption":"admin"},"sameAs":["https:\/\/www.organisator.ch"],"url":"https:\/\/www.organisator.ch\/de\/author\/admin\/"}]}},"_links":{"self":[{"href":"https:\/\/www.organisator.ch\/de\/wp-json\/wp\/v2\/posts\/834","targetHints":{"allow":["GET"]}}],"collection":[{"href":"https:\/\/www.organisator.ch\/de\/wp-json\/wp\/v2\/posts"}],"about":[{"href":"https:\/\/www.organisator.ch\/de\/wp-json\/wp\/v2\/types\/post"}],"author":[{"embeddable":true,"href":"https:\/\/www.organisator.ch\/de\/wp-json\/wp\/v2\/users\/1"}],"replies":[{"embeddable":true,"href":"https:\/\/www.organisator.ch\/de\/wp-json\/wp\/v2\/comments?post=834"}],"version-history":[{"count":0,"href":"https:\/\/www.organisator.ch\/de\/wp-json\/wp\/v2\/posts\/834\/revisions"}],"wp:featuredmedia":[{"embeddable":true,"href":"https:\/\/www.organisator.ch\/de\/wp-json\/wp\/v2\/media\/858"}],"wp:attachment":[{"href":"https:\/\/www.organisator.ch\/de\/wp-json\/wp\/v2\/media?parent=834"}],"wp:term":[{"taxonomy":"category","embeddable":true,"href":"https:\/\/www.organisator.ch\/de\/wp-json\/wp\/v2\/categories?post=834"},{"taxonomy":"post_tag","embeddable":true,"href":"https:\/\/www.organisator.ch\/de\/wp-json\/wp\/v2\/tags?post=834"}],"curies":[{"name":"wp","href":"https:\/\/api.w.org\/{rel}","templated":true}]}}