{"id":8344,"date":"2021-08-05T09:22:25","date_gmt":"2021-08-05T07:22:25","guid":{"rendered":"https:\/\/www.organisator.ch\/?p=8344"},"modified":"2021-08-05T09:22:25","modified_gmt":"2021-08-05T07:22:25","slug":"starkes-halbjahresergebnis-fuer-die-bank-wir","status":"publish","type":"post","link":"https:\/\/www.organisator.ch\/de\/management\/finanzen_recht\/2021-08-05\/starkes-halbjahresergebnis-fuer-die-bank-wir\/","title":{"rendered":"Starkes Halbjahresergebnis f\u00fcr die Bank WIR"},"content":{"rendered":"<figure id=\"attachment_8345\" aria-describedby=\"caption-attachment-8345\" style=\"width: 680px\" class=\"wp-caption alignnone\"><a href=\"https:\/\/www.organisator.ch\/wp-content\/uploads\/2021\/08\/Starkes-Halbjahresergebnis-fuer-die-Bank-WIR_Organisator.jpg\"><img loading=\"lazy\" decoding=\"async\" class=\"size-medium wp-image-8345\" src=\"https:\/\/www.organisator.ch\/wp-content\/uploads\/2021\/08\/Starkes-Halbjahresergebnis-fuer-die-Bank-WIR_Organisator.jpg\" alt=\"\" width=\"680\" height=\"511\" srcset=\"https:\/\/www.organisator.ch\/wp-content\/uploads\/2021\/08\/Starkes-Halbjahresergebnis-fuer-die-Bank-WIR_Organisator.jpg 680w, https:\/\/www.organisator.ch\/wp-content\/uploads\/2021\/08\/Starkes-Halbjahresergebnis-fuer-die-Bank-WIR_Organisator-16x12.jpg 16w, https:\/\/www.organisator.ch\/wp-content\/uploads\/2021\/08\/Starkes-Halbjahresergebnis-fuer-die-Bank-WIR_Organisator-233x175.jpg 233w, https:\/\/www.organisator.ch\/wp-content\/uploads\/2021\/08\/Starkes-Halbjahresergebnis-fuer-die-Bank-WIR_Organisator-466x350.jpg 466w, https:\/\/www.organisator.ch\/wp-content\/uploads\/2021\/08\/Starkes-Halbjahresergebnis-fuer-die-Bank-WIR_Organisator-300x225.jpg 300w\" sizes=\"auto, (max-width: 680px) 100vw, 680px\" \/><\/a><figcaption id=\"caption-attachment-8345\" class=\"wp-caption-text\">Kann ein starkes Halbjahresergebnis 2021 pr\u00e4sentierten: Bank WIR-CEO Bruno Stiegeler. (Bild: zVg \/ Bank WIR)<\/figcaption><\/figure>\n<p>Die Bank WIR pr\u00e4sentiert f\u00fcr das erste Halbjahr 2021 ein gutes Ergebnis. So konnte der Gewinn gesteigert werden: Er betr\u00e4gt rund 11 Millionen Franken gegen\u00fcber 10,5 Millionen Franken im Vorjahr. Auch bei den Hypothekarkrediten konnte ein Plus von 6,3 Prozent verzeichnet werden. Sie betragen \u00fcber 4,1 Milliarden Franken. Die Bilanzsumme betr\u00e4gt 5,87 Milliarden Franken, das sind 2,9 Prozent mehr als in der Vorjahresperiode. Gem\u00e4ss CEO Bruno Stiegeler sei das Wachstum auf der Kreditseite trotz einer sehr konservativen Finanzierungspolitik zustande gekommen. \u00abWir bauen weiterhin Risiken ab und verfolgen eine vorsichtige Ru\u0308ckstellungs- und Wertberichtigungspolitik\u00bb, so sein Kommentar. Auch bei den Kundeneinlagen legt die Bank WIR gem\u00e4ss Halbjahresergebnis 2021 um 3,0 Prozent auf 4,2 Milliarden CHF\/CHW zu.<\/p>\n<h2>Gewinn bei den Wertschriften<\/h2>\n<p>Die Kapitalbasis der Bank WIR \u00fcbertrifft zudem die regulatorischen Anforderungen bei weitem, teilt das Finanzinstitut weiter mit. Gemessen an den Eigenmittelvorschriften nach Basel III liegt die BIZ-Ratio per 30. Juni bei 16 Prozent (regulatorischer Zielwert: 11,2 Prozent), die Leverage Ratio bei 8,1 Prozent (regulatorischer Zielwert: 3 Prozent). Diese Sicherheit und Stabilit\u00e4t dru\u0308cke sich auch im Vertrauen der Kapitalgebenden aus, wie es weiter heisst. Der Stammanteil der Bank WIR habe seit Jahresbeginn um 26 Franken oder 6,5 Prozent zugelegt (plus Dividenausschu\u0308ttung von 10.25 Franken). Bereits im Vorjahr sei die Performance mit 8,4 Prozent eindru\u0308cklich gewesen.<\/p>\n<p>Da sich die M\u00e4rkte erfreulich entwickelt haben, ist auch das Handelsergebnis der Bank WIR positiv. Nach einem Verlust im Vorjahreszeitraum\u00a0verbuchte das Finanzinstitut per Mitte 2021 einen Gewinn von 9,8 Millionen Franken. \u00abWir investieren einen Teil unserer grundsoliden Basis an Eigenmitteln traditionell und bewusst in Wertschriften, die in allen Belangen breit diversifiziert sind \u2013 natu\u0308rlich mit klarem Fokus auf erstklassige Schweizer Papiere\u00bb, erkl\u00e4rt Mathias Thurneysen, CFO der Bank WIR.<\/p>\n<h2>Kaum Auswirkungen der Covid-Krise auf das Halbjahresergebnis<\/h2>\n<p>Das operative Ergebnis wird gepr\u00e4gt durch ein starkes Zinsengesch\u00e4ft. Das Bruttozinsergebnis konnte um 1,7 Millionen auf 33,5 Millionen Franken (+5,5 Prozent) gesteigert werden. \u00abIn einem nach wie vor schwierigen Zinsumfeld konnten die Marge gehalten und die Ertr\u00e4ge ausgebaut werden\u00bb, zeigt sich CEO Stiegeler erfreut. Der Ertrag aus dem Kommissionsgesch\u00e4ft mit der Komplement\u00e4rw\u00e4hrung WIR verringerte sich um 1 Millionen Franken. Dies hat einen triftigen Grund: \u00abWir haben vor dem Hintergrund der Covid-Krise und dem damit verbundenen Lockdown, der etliche Branchen mit voller Wucht getroffen hatte, bewusst einmalige Mindereinnahmen kalkuliert. Im Zuge der unternehmerfreundlichen, sehr erfolgreichen #zusammenstark-Kampagne fu\u0308r WIR-Mehrums\u00e4tze haben wir w\u00e4hrend sechs Monaten auf die H\u00e4lfte des Netzwerkbeitrags verzichtet\u00bb, erkl\u00e4rt Stiegeler. \u00abDieser substanzielle Betrag ist den KMU direkt zugute gekommen.\u00bb<\/p>\n<h2>Mit Digitalisierung auf der Erfolgsspur<\/h2>\n<p>In Sachen Digitalisierung geht die Bank WIR weiter in die Offensive. Bereits 2017 wurde die\u00a0erste volldigitale Wertschriften-Vorsorgel\u00f6sung lanciert (VIAC). Diese befindet sich auf einer Erfolgsspur: VIAC z\u00e4hlt aktuell rund 51&#8217;000 Kunden (Vorjahr: 28&#8217;000) mit einem verwalteten Verm\u00f6gen von rund 1,4 Milliarden Franken (Vorjahr: 500 Millionen Franken). Alleine in den ersten sechs Monaten dieses Jahres sind gem\u00e4ss Bank WIR weitere u\u0308ber 10&#8217;000 Kundinnen und Kunden mit u\u0308ber 500 Millionen Franken Assets under Management hinzugekommen. \u00abDieses rasante Wachstum schl\u00e4gt sich nachhaltig auf der Ertragsseite der Bank WIR nieder\u00bb, sagt Stiegeler, der eine weitere Innovation rund um VIAC noch in diesem Jahr in Aussicht stellt.<\/p>\n<p><em>Quelle und weitere Informationen: <a href=\"http:\/\/www.wir.ch\">Bank WIR<\/a><\/em><\/p>\n","protected":false},"excerpt":{"rendered":"<p>Die Bank WIR pr\u00e4sentiert f\u00fcr das erste Halbjahr 2021 ein gutes Ergebnis. So konnte der Gewinn gesteigert werden: Er betr\u00e4gt rund 11 Millionen Franken gegen\u00fcber 10,5 Millionen Franken im Vorjahr. Auch bei den Hypothekarkrediten konnte ein Plus von 6,3 Prozent verzeichnet werden. Sie betragen \u00fcber 4,1 Milliarden Franken. Die Bilanzsumme betr\u00e4gt 5,87 Milliarden Franken, das [&hellip;]<\/p>\n","protected":false},"author":4,"featured_media":8345,"comment_status":"closed","ping_status":"closed","sticky":false,"template":"","format":"standard","meta":{"_acf_changed":false,"_yoast_wpseo_focuskw":"Halbjahresergebnis","_yoast_wpseo_metadesc":"Starkes erstes Halbjahresergebnis 2021 f\u00fcr die Bank WIR: Das Finanzinstitut hat im ersten Halbjahr 2021 einen Gewinn von rund 11 Millionen Franken erzielt.","articlekey":"","footnotes":""},"categories":[24],"tags":[202,2682,492],"class_list":["post-8344","post","type-post","status-publish","format-standard","has-post-thumbnail","hentry","category-finanzen_recht","tag-finanzenrecht","tag-halbjahresergebnis","tag-unternehmen"],"acf":[],"yoast_head":"<!-- This site is optimized with the Yoast SEO plugin v27.5 - https:\/\/yoast.com\/product\/yoast-seo-wordpress\/ -->\n<title>Starkes Halbjahresergebnis f\u00fcr die Bank WIR - Organisator<\/title>\n<meta name=\"description\" content=\"Starkes erstes Halbjahresergebnis 2021 f\u00fcr die Bank WIR: Das Finanzinstitut hat im ersten Halbjahr 2021 einen Gewinn von rund 11 Millionen Franken erzielt.\" \/>\n<meta name=\"robots\" content=\"index, follow, max-snippet:-1, max-image-preview:large, max-video-preview:-1\" \/>\n<link rel=\"canonical\" href=\"https:\/\/www.organisator.ch\/de\/management\/finanzen_recht\/2021-08-05\/starkes-halbjahresergebnis-fuer-die-bank-wir\/\" \/>\n<meta property=\"og:locale\" content=\"de_DE\" \/>\n<meta property=\"og:type\" content=\"article\" \/>\n<meta property=\"og:title\" content=\"Starkes Halbjahresergebnis f\u00fcr die Bank WIR\" \/>\n<meta property=\"og:description\" content=\"Starkes erstes Halbjahresergebnis 2021 f\u00fcr die Bank WIR: Das Finanzinstitut hat im ersten Halbjahr 2021 einen Gewinn von rund 11 Millionen Franken erzielt.\" \/>\n<meta property=\"og:url\" content=\"https:\/\/www.organisator.ch\/de\/management\/finanzen_recht\/2021-08-05\/starkes-halbjahresergebnis-fuer-die-bank-wir\/\" \/>\n<meta property=\"og:site_name\" content=\"Organisator\" \/>\n<meta property=\"article:publisher\" content=\"https:\/\/www.facebook.com\/OrganisatorFachmagazin\" \/>\n<meta property=\"article:published_time\" content=\"2021-08-05T07:22:25+00:00\" \/>\n<meta property=\"og:image\" content=\"https:\/\/www.organisator.ch\/wp-content\/uploads\/2021\/08\/Starkes-Halbjahresergebnis-fuer-die-Bank-WIR_Organisator.jpg\" \/>\n\t<meta property=\"og:image:width\" content=\"680\" \/>\n\t<meta property=\"og:image:height\" content=\"511\" \/>\n\t<meta property=\"og:image:type\" content=\"image\/jpeg\" \/>\n<meta name=\"author\" content=\"thomas.berner\" \/>\n<meta name=\"twitter:card\" content=\"summary_large_image\" \/>\n<meta name=\"twitter:title\" content=\"Starkes #Halbjahresergebnis f\u00fcr die Bank #WIR\" \/>\n<meta name=\"twitter:description\" content=\"Starkes erstes #Halbjahresergebnis 2021 f\u00fcr die Bank #WIR: Das Finanzinstitut hat im ersten Halbjahr 2021 einen Gewinn von rund 11 Millionen Franken erzielt.\" \/>\n<meta name=\"twitter:image\" content=\"https:\/\/www.organisator.ch\/wp-content\/uploads\/2021\/08\/Starkes-Halbjahresergebnis-fuer-die-Bank-WIR_Organisator.jpg\" \/>\n<script type=\"application\/ld+json\" class=\"yoast-schema-graph\">{\"@context\":\"https:\\\/\\\/schema.org\",\"@graph\":[{\"@type\":\"Article\",\"@id\":\"https:\\\/\\\/www.organisator.ch\\\/management\\\/finanzen_recht\\\/2021-08-05\\\/starkes-halbjahresergebnis-fuer-die-bank-wir\\\/#article\",\"isPartOf\":{\"@id\":\"https:\\\/\\\/www.organisator.ch\\\/management\\\/finanzen_recht\\\/2021-08-05\\\/starkes-halbjahresergebnis-fuer-die-bank-wir\\\/\"},\"author\":{\"name\":\"thomas.berner\",\"@id\":\"https:\\\/\\\/www.organisator.ch\\\/#\\\/schema\\\/person\\\/6f650f90b2842cd4c0cc334b4e36f67e\"},\"headline\":\"Starkes Halbjahresergebnis f\u00fcr die Bank WIR\",\"datePublished\":\"2021-08-05T07:22:25+00:00\",\"mainEntityOfPage\":{\"@id\":\"https:\\\/\\\/www.organisator.ch\\\/management\\\/finanzen_recht\\\/2021-08-05\\\/starkes-halbjahresergebnis-fuer-die-bank-wir\\\/\"},\"wordCount\":550,\"publisher\":{\"@id\":\"https:\\\/\\\/www.organisator.ch\\\/#organization\"},\"image\":{\"@id\":\"https:\\\/\\\/www.organisator.ch\\\/management\\\/finanzen_recht\\\/2021-08-05\\\/starkes-halbjahresergebnis-fuer-die-bank-wir\\\/#primaryimage\"},\"thumbnailUrl\":\"https:\\\/\\\/www.organisator.ch\\\/wp-content\\\/uploads\\\/2021\\\/08\\\/Starkes-Halbjahresergebnis-fuer-die-Bank-WIR_Organisator.jpg\",\"keywords\":[\"Finanzen\\\/Recht\",\"Halbjahresergebnis\",\"Unternehmen\"],\"articleSection\":[\"FINANZEN\\\/RECHT\"],\"inLanguage\":\"de\"},{\"@type\":\"WebPage\",\"@id\":\"https:\\\/\\\/www.organisator.ch\\\/management\\\/finanzen_recht\\\/2021-08-05\\\/starkes-halbjahresergebnis-fuer-die-bank-wir\\\/\",\"url\":\"https:\\\/\\\/www.organisator.ch\\\/management\\\/finanzen_recht\\\/2021-08-05\\\/starkes-halbjahresergebnis-fuer-die-bank-wir\\\/\",\"name\":\"Starkes Halbjahresergebnis f\u00fcr die Bank WIR - Organisator\",\"isPartOf\":{\"@id\":\"https:\\\/\\\/www.organisator.ch\\\/#website\"},\"primaryImageOfPage\":{\"@id\":\"https:\\\/\\\/www.organisator.ch\\\/management\\\/finanzen_recht\\\/2021-08-05\\\/starkes-halbjahresergebnis-fuer-die-bank-wir\\\/#primaryimage\"},\"image\":{\"@id\":\"https:\\\/\\\/www.organisator.ch\\\/management\\\/finanzen_recht\\\/2021-08-05\\\/starkes-halbjahresergebnis-fuer-die-bank-wir\\\/#primaryimage\"},\"thumbnailUrl\":\"https:\\\/\\\/www.organisator.ch\\\/wp-content\\\/uploads\\\/2021\\\/08\\\/Starkes-Halbjahresergebnis-fuer-die-Bank-WIR_Organisator.jpg\",\"datePublished\":\"2021-08-05T07:22:25+00:00\",\"description\":\"Starkes erstes Halbjahresergebnis 2021 f\u00fcr die Bank WIR: Das Finanzinstitut hat im ersten Halbjahr 2021 einen Gewinn von rund 11 Millionen Franken erzielt.\",\"breadcrumb\":{\"@id\":\"https:\\\/\\\/www.organisator.ch\\\/management\\\/finanzen_recht\\\/2021-08-05\\\/starkes-halbjahresergebnis-fuer-die-bank-wir\\\/#breadcrumb\"},\"inLanguage\":\"de\",\"potentialAction\":[{\"@type\":\"ReadAction\",\"target\":[\"https:\\\/\\\/www.organisator.ch\\\/management\\\/finanzen_recht\\\/2021-08-05\\\/starkes-halbjahresergebnis-fuer-die-bank-wir\\\/\"]}]},{\"@type\":\"ImageObject\",\"inLanguage\":\"de\",\"@id\":\"https:\\\/\\\/www.organisator.ch\\\/management\\\/finanzen_recht\\\/2021-08-05\\\/starkes-halbjahresergebnis-fuer-die-bank-wir\\\/#primaryimage\",\"url\":\"https:\\\/\\\/www.organisator.ch\\\/wp-content\\\/uploads\\\/2021\\\/08\\\/Starkes-Halbjahresergebnis-fuer-die-Bank-WIR_Organisator.jpg\",\"contentUrl\":\"https:\\\/\\\/www.organisator.ch\\\/wp-content\\\/uploads\\\/2021\\\/08\\\/Starkes-Halbjahresergebnis-fuer-die-Bank-WIR_Organisator.jpg\",\"width\":680,\"height\":511,\"caption\":\"Kann ein starkes Halbjahresergebnis 2021 pr\u00e4sentierten: Bank WIR-CEO Bruno Stiegeler. (Bild: zVg \\\/ Bank WIR)\"},{\"@type\":\"BreadcrumbList\",\"@id\":\"https:\\\/\\\/www.organisator.ch\\\/management\\\/finanzen_recht\\\/2021-08-05\\\/starkes-halbjahresergebnis-fuer-die-bank-wir\\\/#breadcrumb\",\"itemListElement\":[{\"@type\":\"ListItem\",\"position\":1,\"name\":\"Home\",\"item\":\"https:\\\/\\\/www.organisator.ch\\\/\"},{\"@type\":\"ListItem\",\"position\":2,\"name\":\"Starkes Halbjahresergebnis f\u00fcr die Bank WIR\"}]},{\"@type\":\"WebSite\",\"@id\":\"https:\\\/\\\/www.organisator.ch\\\/#website\",\"url\":\"https:\\\/\\\/www.organisator.ch\\\/\",\"name\":\"Organisator\",\"description\":\"Kompetent. Praxisnah. Der ORGANISATOR bereitet in 10 Ausgaben pro Jahr die wesentlichen Themen f\u00fcr F\u00fchrungskr\u00e4fte von KMU auf.\",\"publisher\":{\"@id\":\"https:\\\/\\\/www.organisator.ch\\\/#organization\"},\"potentialAction\":[{\"@type\":\"SearchAction\",\"target\":{\"@type\":\"EntryPoint\",\"urlTemplate\":\"https:\\\/\\\/www.organisator.ch\\\/?s={search_term_string}\"},\"query-input\":{\"@type\":\"PropertyValueSpecification\",\"valueRequired\":true,\"valueName\":\"search_term_string\"}}],\"inLanguage\":\"de\"},{\"@type\":\"Organization\",\"@id\":\"https:\\\/\\\/www.organisator.ch\\\/#organization\",\"name\":\"Organisator\",\"url\":\"https:\\\/\\\/www.organisator.ch\\\/\",\"logo\":{\"@type\":\"ImageObject\",\"inLanguage\":\"de\",\"@id\":\"https:\\\/\\\/www.organisator.ch\\\/#\\\/schema\\\/logo\\\/image\\\/\",\"url\":\"https:\\\/\\\/www.organisator.ch\\\/wp-content\\\/uploads\\\/2022\\\/01\\\/Logo_Organisator_Website.png\",\"contentUrl\":\"https:\\\/\\\/www.organisator.ch\\\/wp-content\\\/uploads\\\/2022\\\/01\\\/Logo_Organisator_Website.png\",\"width\":800,\"height\":77,\"caption\":\"Organisator\"},\"image\":{\"@id\":\"https:\\\/\\\/www.organisator.ch\\\/#\\\/schema\\\/logo\\\/image\\\/\"},\"sameAs\":[\"https:\\\/\\\/www.facebook.com\\\/OrganisatorFachmagazin\",\"https:\\\/\\\/www.linkedin.com\\\/showcase\\\/organisator-das-magazin-fr-kmu\",\"https:\\\/\\\/www.xing.com\\\/news\\\/pages\\\/organisator-ch-695\",\"https:\\\/\\\/www.youtube.com\\\/channel\\\/UCGP2Sq0iWaZwT3BdIAQFYpw\"]},{\"@type\":\"Person\",\"@id\":\"https:\\\/\\\/www.organisator.ch\\\/#\\\/schema\\\/person\\\/6f650f90b2842cd4c0cc334b4e36f67e\",\"name\":\"thomas.berner\",\"image\":{\"@type\":\"ImageObject\",\"inLanguage\":\"de\",\"@id\":\"https:\\\/\\\/secure.gravatar.com\\\/avatar\\\/ac5001d2a36cb6c6cd3e50789007ffca834b477b74a2144564522e944eabff61?s=96&d=mm&r=g\",\"url\":\"https:\\\/\\\/secure.gravatar.com\\\/avatar\\\/ac5001d2a36cb6c6cd3e50789007ffca834b477b74a2144564522e944eabff61?s=96&d=mm&r=g\",\"contentUrl\":\"https:\\\/\\\/secure.gravatar.com\\\/avatar\\\/ac5001d2a36cb6c6cd3e50789007ffca834b477b74a2144564522e944eabff61?s=96&d=mm&r=g\",\"caption\":\"thomas.berner\"},\"url\":\"https:\\\/\\\/www.organisator.ch\\\/de\\\/author\\\/thomas-berner\\\/\"}]}<\/script>\n<!-- \/ Yoast SEO plugin. -->","yoast_head_json":{"title":"Starkes Halbjahresergebnis f\u00fcr die Bank WIR - Organisator","description":"Starkes erstes Halbjahresergebnis 2021 f\u00fcr die Bank WIR: Das Finanzinstitut hat im ersten Halbjahr 2021 einen Gewinn von rund 11 Millionen Franken erzielt.","robots":{"index":"index","follow":"follow","max-snippet":"max-snippet:-1","max-image-preview":"max-image-preview:large","max-video-preview":"max-video-preview:-1"},"canonical":"https:\/\/www.organisator.ch\/de\/management\/finanzen_recht\/2021-08-05\/starkes-halbjahresergebnis-fuer-die-bank-wir\/","og_locale":"de_DE","og_type":"article","og_title":"Starkes Halbjahresergebnis f\u00fcr die Bank WIR","og_description":"Starkes erstes Halbjahresergebnis 2021 f\u00fcr die Bank WIR: Das Finanzinstitut hat im ersten Halbjahr 2021 einen Gewinn von rund 11 Millionen Franken erzielt.","og_url":"https:\/\/www.organisator.ch\/de\/management\/finanzen_recht\/2021-08-05\/starkes-halbjahresergebnis-fuer-die-bank-wir\/","og_site_name":"Organisator","article_publisher":"https:\/\/www.facebook.com\/OrganisatorFachmagazin","article_published_time":"2021-08-05T07:22:25+00:00","og_image":[{"width":680,"height":511,"url":"https:\/\/www.organisator.ch\/wp-content\/uploads\/2021\/08\/Starkes-Halbjahresergebnis-fuer-die-Bank-WIR_Organisator.jpg","type":"image\/jpeg"}],"author":"thomas.berner","twitter_card":"summary_large_image","twitter_title":"Starkes #Halbjahresergebnis f\u00fcr die Bank #WIR","twitter_description":"Starkes erstes #Halbjahresergebnis 2021 f\u00fcr die Bank #WIR: Das Finanzinstitut hat im ersten Halbjahr 2021 einen Gewinn von rund 11 Millionen Franken erzielt.","twitter_image":"https:\/\/www.organisator.ch\/wp-content\/uploads\/2021\/08\/Starkes-Halbjahresergebnis-fuer-die-Bank-WIR_Organisator.jpg","schema":{"@context":"https:\/\/schema.org","@graph":[{"@type":"Article","@id":"https:\/\/www.organisator.ch\/management\/finanzen_recht\/2021-08-05\/starkes-halbjahresergebnis-fuer-die-bank-wir\/#article","isPartOf":{"@id":"https:\/\/www.organisator.ch\/management\/finanzen_recht\/2021-08-05\/starkes-halbjahresergebnis-fuer-die-bank-wir\/"},"author":{"name":"thomas.berner","@id":"https:\/\/www.organisator.ch\/#\/schema\/person\/6f650f90b2842cd4c0cc334b4e36f67e"},"headline":"Starkes Halbjahresergebnis f\u00fcr die Bank WIR","datePublished":"2021-08-05T07:22:25+00:00","mainEntityOfPage":{"@id":"https:\/\/www.organisator.ch\/management\/finanzen_recht\/2021-08-05\/starkes-halbjahresergebnis-fuer-die-bank-wir\/"},"wordCount":550,"publisher":{"@id":"https:\/\/www.organisator.ch\/#organization"},"image":{"@id":"https:\/\/www.organisator.ch\/management\/finanzen_recht\/2021-08-05\/starkes-halbjahresergebnis-fuer-die-bank-wir\/#primaryimage"},"thumbnailUrl":"https:\/\/www.organisator.ch\/wp-content\/uploads\/2021\/08\/Starkes-Halbjahresergebnis-fuer-die-Bank-WIR_Organisator.jpg","keywords":["Finanzen\/Recht","Halbjahresergebnis","Unternehmen"],"articleSection":["FINANZEN\/RECHT"],"inLanguage":"de"},{"@type":"WebPage","@id":"https:\/\/www.organisator.ch\/management\/finanzen_recht\/2021-08-05\/starkes-halbjahresergebnis-fuer-die-bank-wir\/","url":"https:\/\/www.organisator.ch\/management\/finanzen_recht\/2021-08-05\/starkes-halbjahresergebnis-fuer-die-bank-wir\/","name":"Starkes Halbjahresergebnis f\u00fcr die Bank WIR - Organisator","isPartOf":{"@id":"https:\/\/www.organisator.ch\/#website"},"primaryImageOfPage":{"@id":"https:\/\/www.organisator.ch\/management\/finanzen_recht\/2021-08-05\/starkes-halbjahresergebnis-fuer-die-bank-wir\/#primaryimage"},"image":{"@id":"https:\/\/www.organisator.ch\/management\/finanzen_recht\/2021-08-05\/starkes-halbjahresergebnis-fuer-die-bank-wir\/#primaryimage"},"thumbnailUrl":"https:\/\/www.organisator.ch\/wp-content\/uploads\/2021\/08\/Starkes-Halbjahresergebnis-fuer-die-Bank-WIR_Organisator.jpg","datePublished":"2021-08-05T07:22:25+00:00","description":"Starkes erstes Halbjahresergebnis 2021 f\u00fcr die Bank WIR: Das Finanzinstitut hat im ersten Halbjahr 2021 einen Gewinn von rund 11 Millionen Franken erzielt.","breadcrumb":{"@id":"https:\/\/www.organisator.ch\/management\/finanzen_recht\/2021-08-05\/starkes-halbjahresergebnis-fuer-die-bank-wir\/#breadcrumb"},"inLanguage":"de","potentialAction":[{"@type":"ReadAction","target":["https:\/\/www.organisator.ch\/management\/finanzen_recht\/2021-08-05\/starkes-halbjahresergebnis-fuer-die-bank-wir\/"]}]},{"@type":"ImageObject","inLanguage":"de","@id":"https:\/\/www.organisator.ch\/management\/finanzen_recht\/2021-08-05\/starkes-halbjahresergebnis-fuer-die-bank-wir\/#primaryimage","url":"https:\/\/www.organisator.ch\/wp-content\/uploads\/2021\/08\/Starkes-Halbjahresergebnis-fuer-die-Bank-WIR_Organisator.jpg","contentUrl":"https:\/\/www.organisator.ch\/wp-content\/uploads\/2021\/08\/Starkes-Halbjahresergebnis-fuer-die-Bank-WIR_Organisator.jpg","width":680,"height":511,"caption":"Kann ein starkes Halbjahresergebnis 2021 pr\u00e4sentierten: Bank WIR-CEO Bruno Stiegeler. (Bild: zVg \/ Bank WIR)"},{"@type":"BreadcrumbList","@id":"https:\/\/www.organisator.ch\/management\/finanzen_recht\/2021-08-05\/starkes-halbjahresergebnis-fuer-die-bank-wir\/#breadcrumb","itemListElement":[{"@type":"ListItem","position":1,"name":"Home","item":"https:\/\/www.organisator.ch\/"},{"@type":"ListItem","position":2,"name":"Starkes Halbjahresergebnis f\u00fcr die Bank WIR"}]},{"@type":"WebSite","@id":"https:\/\/www.organisator.ch\/#website","url":"https:\/\/www.organisator.ch\/","name":"Organisator","description":"Kompetent. Praxisnah. Der ORGANISATOR bereitet in 10 Ausgaben pro Jahr die wesentlichen Themen f\u00fcr F\u00fchrungskr\u00e4fte von KMU auf.","publisher":{"@id":"https:\/\/www.organisator.ch\/#organization"},"potentialAction":[{"@type":"SearchAction","target":{"@type":"EntryPoint","urlTemplate":"https:\/\/www.organisator.ch\/?s={search_term_string}"},"query-input":{"@type":"PropertyValueSpecification","valueRequired":true,"valueName":"search_term_string"}}],"inLanguage":"de"},{"@type":"Organization","@id":"https:\/\/www.organisator.ch\/#organization","name":"Organisator","url":"https:\/\/www.organisator.ch\/","logo":{"@type":"ImageObject","inLanguage":"de","@id":"https:\/\/www.organisator.ch\/#\/schema\/logo\/image\/","url":"https:\/\/www.organisator.ch\/wp-content\/uploads\/2022\/01\/Logo_Organisator_Website.png","contentUrl":"https:\/\/www.organisator.ch\/wp-content\/uploads\/2022\/01\/Logo_Organisator_Website.png","width":800,"height":77,"caption":"Organisator"},"image":{"@id":"https:\/\/www.organisator.ch\/#\/schema\/logo\/image\/"},"sameAs":["https:\/\/www.facebook.com\/OrganisatorFachmagazin","https:\/\/www.linkedin.com\/showcase\/organisator-das-magazin-fr-kmu","https:\/\/www.xing.com\/news\/pages\/organisator-ch-695","https:\/\/www.youtube.com\/channel\/UCGP2Sq0iWaZwT3BdIAQFYpw"]},{"@type":"Person","@id":"https:\/\/www.organisator.ch\/#\/schema\/person\/6f650f90b2842cd4c0cc334b4e36f67e","name":"thomas.berner","image":{"@type":"ImageObject","inLanguage":"de","@id":"https:\/\/secure.gravatar.com\/avatar\/ac5001d2a36cb6c6cd3e50789007ffca834b477b74a2144564522e944eabff61?s=96&d=mm&r=g","url":"https:\/\/secure.gravatar.com\/avatar\/ac5001d2a36cb6c6cd3e50789007ffca834b477b74a2144564522e944eabff61?s=96&d=mm&r=g","contentUrl":"https:\/\/secure.gravatar.com\/avatar\/ac5001d2a36cb6c6cd3e50789007ffca834b477b74a2144564522e944eabff61?s=96&d=mm&r=g","caption":"thomas.berner"},"url":"https:\/\/www.organisator.ch\/de\/author\/thomas-berner\/"}]}},"_links":{"self":[{"href":"https:\/\/www.organisator.ch\/de\/wp-json\/wp\/v2\/posts\/8344","targetHints":{"allow":["GET"]}}],"collection":[{"href":"https:\/\/www.organisator.ch\/de\/wp-json\/wp\/v2\/posts"}],"about":[{"href":"https:\/\/www.organisator.ch\/de\/wp-json\/wp\/v2\/types\/post"}],"author":[{"embeddable":true,"href":"https:\/\/www.organisator.ch\/de\/wp-json\/wp\/v2\/users\/4"}],"replies":[{"embeddable":true,"href":"https:\/\/www.organisator.ch\/de\/wp-json\/wp\/v2\/comments?post=8344"}],"version-history":[{"count":0,"href":"https:\/\/www.organisator.ch\/de\/wp-json\/wp\/v2\/posts\/8344\/revisions"}],"wp:featuredmedia":[{"embeddable":true,"href":"https:\/\/www.organisator.ch\/de\/wp-json\/wp\/v2\/media\/8345"}],"wp:attachment":[{"href":"https:\/\/www.organisator.ch\/de\/wp-json\/wp\/v2\/media?parent=8344"}],"wp:term":[{"taxonomy":"category","embeddable":true,"href":"https:\/\/www.organisator.ch\/de\/wp-json\/wp\/v2\/categories?post=8344"},{"taxonomy":"post_tag","embeddable":true,"href":"https:\/\/www.organisator.ch\/de\/wp-json\/wp\/v2\/tags?post=8344"}],"curies":[{"name":"wp","href":"https:\/\/api.w.org\/{rel}","templated":true}]}}