{"id":8361,"date":"2021-08-09T10:21:15","date_gmt":"2021-08-09T08:21:15","guid":{"rendered":"https:\/\/www.organisator.ch\/?p=8361"},"modified":"2021-08-09T10:21:15","modified_gmt":"2021-08-09T08:21:15","slug":"international-coworking-day-trend-beschleunigt-sich","status":"publish","type":"post","link":"https:\/\/www.organisator.ch\/de\/allgemein\/2021-08-09\/international-coworking-day-trend-beschleunigt-sich\/","title":{"rendered":"International Coworking Day: Trend beschleunigt sich"},"content":{"rendered":"<figure id=\"attachment_8362\" aria-describedby=\"caption-attachment-8362\" style=\"width: 680px\" class=\"wp-caption alignnone\"><a href=\"https:\/\/www.organisator.ch\/wp-content\/uploads\/2021\/08\/International-Coworking-Day-Trend-beschleunigt-sich_Organisator.jpg\"><img loading=\"lazy\" decoding=\"async\" class=\"size-medium wp-image-8362\" src=\"https:\/\/www.organisator.ch\/wp-content\/uploads\/2021\/08\/International-Coworking-Day-Trend-beschleunigt-sich_Organisator.jpg\" alt=\"\" width=\"680\" height=\"454\" srcset=\"https:\/\/www.organisator.ch\/wp-content\/uploads\/2021\/08\/International-Coworking-Day-Trend-beschleunigt-sich_Organisator.jpg 680w, https:\/\/www.organisator.ch\/wp-content\/uploads\/2021\/08\/International-Coworking-Day-Trend-beschleunigt-sich_Organisator-18x12.jpg 18w, https:\/\/www.organisator.ch\/wp-content\/uploads\/2021\/08\/International-Coworking-Day-Trend-beschleunigt-sich_Organisator-262x175.jpg 262w, https:\/\/www.organisator.ch\/wp-content\/uploads\/2021\/08\/International-Coworking-Day-Trend-beschleunigt-sich_Organisator-524x350.jpg 524w, https:\/\/www.organisator.ch\/wp-content\/uploads\/2021\/08\/International-Coworking-Day-Trend-beschleunigt-sich_Organisator-300x200.jpg 300w\" sizes=\"auto, (max-width: 680px) 100vw, 680px\" \/><\/a><figcaption id=\"caption-attachment-8362\" class=\"wp-caption-text\">Am International Coworking Day vom 9. August 2021 lassen sich neue Arbeitsformen kostenlos ausprobieren, etwa im CreativeSpace Z\u00fcrich. (Bild: zVg \/ Coworking Switzerland)<\/figcaption><\/figure>\n<p>Gerade nach der coronabedingten Homeoffice-Pflicht entdecken nicht nur Freelancer und Startups, sondern auch immer mehr angestellte Wissensarbeitende Coworking als eine ideale Alternative zum Homeoffice.<\/p>\n<h2>Arbeitsmodell der Zukunft<\/h2>\n<p>In der Schweiz f\u00fcr die Coworking-Bewegung stark macht sich der Verband Coworking Switzerland. Dessen Mitglieder sind \u00fcberzeugt, dass die Gesellschaft vor beispiellosen wirtschaftlichen, \u00f6kologischen, sozialen und kulturellen Herausforderungen steht &#8211; die j\u00fcngsten Entwicklungen und Erfahrungen aus der Covid-19-Pandemie haben dies sichtbar best\u00e4tigt. Coworking definiere die Art und Weise, wie wir arbeiten, neu, heisst es, indem es Menschen in einem professionellen Arbeitsumfeld verbinde, das Interaktionen und Kooperationen erm\u00f6glicht. Weiter erm\u00f6glicht Coworking den Unternehmen, Distanzen zu \u00fcberwinden und somit den Arbeitsmarkt besser zu erschliessen und wettbewerbsf\u00e4higer zu sein. Mitarbeitende k\u00f6nnen Arbeitswege reduzieren, ihr berufliches und privates Leben besser miteinander vereinbaren und ihre eigene Produktivit\u00e4t steigern.<\/p>\n<h2>Ausprobieren am International Coworking Day<\/h2>\n<p>Zum Internationalen Coworking Day vom 9. August l\u00e4dt der CreativeSpace, ein Betreiber von Coworking Spaces in St.Gallen und Z\u00fcrich, alle Homeoffice- oder Pendelstress-M\u00fcden ein, an diesem Datum kostenlos Coworking auszuprobieren \u2013 an beiden Standorten. Auch sonst besteht dort die M\u00f6glichkeit, jeweils am ersten Freitag des Monats Coworking einmal auszuprobieren und zu sehen, wie die \u00abneue Normalit\u00e4t\u00bb in einem Coworking Space auch aussehen k\u00f6nnte, findet Claudius Krucker, Gr\u00fcnder von CreativeSpace und Co-Pr\u00e4sident des Schweizer Coworking-Verbands. Enstprechend freut er sich auf neue Schnupper-Coworkerinnen und Coworker.<\/p>\n<h2>Coworking wird &#8222;normal&#8220;<\/h2>\n<p>Es ist abzusehen, dass Coworking nach der Pandemie zu einem wichtigen Teil der neuen Normalit\u00e4t werden wird. Dar\u00fcber hinaus haben bereits im letzten Jahr sieben eidgen\u00f6ssische Parlamentarierinnen und Parlamentarier ein Postulat unterzeichnet, dass bis 2030 in der Schweiz 100000 Coworking-Arbeitspl\u00e4tze eingerichtet werden sollen.<\/p>\n<p><em>Weitere Informationen: <a href=\"https:\/\/coworking.ch\/\">Coworking Switzerland<\/a><\/em><\/p>\n","protected":false},"excerpt":{"rendered":"<p>Gerade nach der coronabedingten Homeoffice-Pflicht entdecken nicht nur Freelancer und Startups, sondern auch immer mehr angestellte Wissensarbeitende Coworking als eine ideale Alternative zum Homeoffice. Arbeitsmodell der Zukunft In der Schweiz f\u00fcr die Coworking-Bewegung stark macht sich der Verband Coworking Switzerland. Dessen Mitglieder sind \u00fcberzeugt, dass die Gesellschaft vor beispiellosen wirtschaftlichen, \u00f6kologischen, sozialen und kulturellen Herausforderungen [&hellip;]<\/p>\n","protected":false},"author":4,"featured_media":8362,"comment_status":"closed","ping_status":"closed","sticky":false,"template":"","format":"standard","meta":{"_acf_changed":false,"_yoast_wpseo_focuskw":"Coworking Day","_yoast_wpseo_metadesc":"Am 9. August wird rund um den Globus der Internationale Coworking Day gefeiert. In der Schweiz laden verschiedene Coworking Spaces zum Ausprobieren ein.","articlekey":"","footnotes":""},"categories":[1],"tags":[51,135,335,363],"class_list":["post-8361","post","type-post","status-publish","format-standard","has-post-thumbnail","hentry","category-allgemein","tag-arbeitsplatzgestaltung","tag-coworking","tag-management-und-unternehmensfuehrung","tag-new-work"],"acf":[],"yoast_head":"<!-- This site is optimized with the Yoast SEO plugin v27.5 - https:\/\/yoast.com\/product\/yoast-seo-wordpress\/ -->\n<title>International Coworking Day: Trend beschleunigt sich - Organisator<\/title>\n<meta name=\"description\" content=\"Am 9. August wird rund um den Globus der Internationale Coworking Day gefeiert. In der Schweiz laden verschiedene Coworking Spaces zum Ausprobieren ein.\" \/>\n<meta name=\"robots\" content=\"index, follow, max-snippet:-1, max-image-preview:large, max-video-preview:-1\" \/>\n<link rel=\"canonical\" href=\"https:\/\/www.organisator.ch\/de\/allgemein\/2021-08-09\/international-coworking-day-trend-beschleunigt-sich\/\" \/>\n<meta property=\"og:locale\" content=\"de_DE\" \/>\n<meta property=\"og:type\" content=\"article\" \/>\n<meta property=\"og:title\" content=\"International Coworking Day: Trend beschleunigt sich\" \/>\n<meta property=\"og:description\" content=\"Am 9. August wird rund um den Globus der Internationale Coworking Day gefeiert. In der Schweiz laden verschiedene Coworking Spaces zum Ausprobieren ein.\" \/>\n<meta property=\"og:url\" content=\"https:\/\/www.organisator.ch\/de\/allgemein\/2021-08-09\/international-coworking-day-trend-beschleunigt-sich\/\" \/>\n<meta property=\"og:site_name\" content=\"Organisator\" \/>\n<meta property=\"article:publisher\" content=\"https:\/\/www.facebook.com\/OrganisatorFachmagazin\" \/>\n<meta property=\"article:published_time\" content=\"2021-08-09T08:21:15+00:00\" \/>\n<meta property=\"og:image\" content=\"https:\/\/www.organisator.ch\/wp-content\/uploads\/2021\/08\/International-Coworking-Day-Trend-beschleunigt-sich_Organisator.jpg\" \/>\n\t<meta property=\"og:image:width\" content=\"680\" \/>\n\t<meta property=\"og:image:height\" content=\"454\" \/>\n\t<meta property=\"og:image:type\" content=\"image\/jpeg\" \/>\n<meta name=\"author\" content=\"thomas.berner\" \/>\n<meta name=\"twitter:card\" content=\"summary_large_image\" \/>\n<meta name=\"twitter:title\" content=\"International #Coworking Day: Trend beschleunigt sich\" \/>\n<meta name=\"twitter:description\" content=\"Am 9. August wird rund um den Globus der Internationale #Coworking Day gefeiert. In der Schweiz laden verschiedene #CoworkingSpaces zum Ausprobieren ein.\" \/>\n<meta name=\"twitter:image\" content=\"https:\/\/www.organisator.ch\/wp-content\/uploads\/2021\/08\/International-Coworking-Day-Trend-beschleunigt-sich_Organisator.jpg\" \/>\n<script type=\"application\/ld+json\" class=\"yoast-schema-graph\">{\"@context\":\"https:\\\/\\\/schema.org\",\"@graph\":[{\"@type\":\"Article\",\"@id\":\"https:\\\/\\\/www.organisator.ch\\\/en\\\/general\\\/2021-08-09\\\/international-coworking-day-trend-beschleunigt-sich\\\/#article\",\"isPartOf\":{\"@id\":\"https:\\\/\\\/www.organisator.ch\\\/en\\\/general\\\/2021-08-09\\\/international-coworking-day-trend-beschleunigt-sich\\\/\"},\"author\":{\"name\":\"thomas.berner\",\"@id\":\"https:\\\/\\\/www.organisator.ch\\\/#\\\/schema\\\/person\\\/6f650f90b2842cd4c0cc334b4e36f67e\"},\"headline\":\"International Coworking Day: Trend beschleunigt sich\",\"datePublished\":\"2021-08-09T08:21:15+00:00\",\"mainEntityOfPage\":{\"@id\":\"https:\\\/\\\/www.organisator.ch\\\/en\\\/general\\\/2021-08-09\\\/international-coworking-day-trend-beschleunigt-sich\\\/\"},\"wordCount\":320,\"publisher\":{\"@id\":\"https:\\\/\\\/www.organisator.ch\\\/#organization\"},\"image\":{\"@id\":\"https:\\\/\\\/www.organisator.ch\\\/en\\\/general\\\/2021-08-09\\\/international-coworking-day-trend-beschleunigt-sich\\\/#primaryimage\"},\"thumbnailUrl\":\"https:\\\/\\\/www.organisator.ch\\\/wp-content\\\/uploads\\\/2021\\\/08\\\/International-Coworking-Day-Trend-beschleunigt-sich_Organisator.jpg\",\"keywords\":[\"Arbeitsplatzgestaltung\",\"Coworking\",\"Management und Unternehmensf\u00fchrung\",\"New Work\"],\"inLanguage\":\"de\"},{\"@type\":\"WebPage\",\"@id\":\"https:\\\/\\\/www.organisator.ch\\\/en\\\/general\\\/2021-08-09\\\/international-coworking-day-trend-beschleunigt-sich\\\/\",\"url\":\"https:\\\/\\\/www.organisator.ch\\\/en\\\/general\\\/2021-08-09\\\/international-coworking-day-trend-beschleunigt-sich\\\/\",\"name\":\"International Coworking Day: Trend beschleunigt sich - Organisator\",\"isPartOf\":{\"@id\":\"https:\\\/\\\/www.organisator.ch\\\/#website\"},\"primaryImageOfPage\":{\"@id\":\"https:\\\/\\\/www.organisator.ch\\\/en\\\/general\\\/2021-08-09\\\/international-coworking-day-trend-beschleunigt-sich\\\/#primaryimage\"},\"image\":{\"@id\":\"https:\\\/\\\/www.organisator.ch\\\/en\\\/general\\\/2021-08-09\\\/international-coworking-day-trend-beschleunigt-sich\\\/#primaryimage\"},\"thumbnailUrl\":\"https:\\\/\\\/www.organisator.ch\\\/wp-content\\\/uploads\\\/2021\\\/08\\\/International-Coworking-Day-Trend-beschleunigt-sich_Organisator.jpg\",\"datePublished\":\"2021-08-09T08:21:15+00:00\",\"description\":\"Am 9. August wird rund um den Globus der Internationale Coworking Day gefeiert. In der Schweiz laden verschiedene Coworking Spaces zum Ausprobieren ein.\",\"breadcrumb\":{\"@id\":\"https:\\\/\\\/www.organisator.ch\\\/en\\\/general\\\/2021-08-09\\\/international-coworking-day-trend-beschleunigt-sich\\\/#breadcrumb\"},\"inLanguage\":\"de\",\"potentialAction\":[{\"@type\":\"ReadAction\",\"target\":[\"https:\\\/\\\/www.organisator.ch\\\/en\\\/general\\\/2021-08-09\\\/international-coworking-day-trend-beschleunigt-sich\\\/\"]}]},{\"@type\":\"ImageObject\",\"inLanguage\":\"de\",\"@id\":\"https:\\\/\\\/www.organisator.ch\\\/en\\\/general\\\/2021-08-09\\\/international-coworking-day-trend-beschleunigt-sich\\\/#primaryimage\",\"url\":\"https:\\\/\\\/www.organisator.ch\\\/wp-content\\\/uploads\\\/2021\\\/08\\\/International-Coworking-Day-Trend-beschleunigt-sich_Organisator.jpg\",\"contentUrl\":\"https:\\\/\\\/www.organisator.ch\\\/wp-content\\\/uploads\\\/2021\\\/08\\\/International-Coworking-Day-Trend-beschleunigt-sich_Organisator.jpg\",\"width\":680,\"height\":454,\"caption\":\"Am International Coworking Day vom 9. August 2021 lassen sich neue Arbeitsformen kostenlos ausprobieren, etwa im CreativeSpace Z\u00fcrich. (Bild: zVg \\\/ Coworking Switzerland)\"},{\"@type\":\"BreadcrumbList\",\"@id\":\"https:\\\/\\\/www.organisator.ch\\\/en\\\/general\\\/2021-08-09\\\/international-coworking-day-trend-beschleunigt-sich\\\/#breadcrumb\",\"itemListElement\":[{\"@type\":\"ListItem\",\"position\":1,\"name\":\"Home\",\"item\":\"https:\\\/\\\/www.organisator.ch\\\/\"},{\"@type\":\"ListItem\",\"position\":2,\"name\":\"International Coworking Day: Trend beschleunigt sich\"}]},{\"@type\":\"WebSite\",\"@id\":\"https:\\\/\\\/www.organisator.ch\\\/#website\",\"url\":\"https:\\\/\\\/www.organisator.ch\\\/\",\"name\":\"Organisator\",\"description\":\"Kompetent. Praxisnah. Der ORGANISATOR bereitet in 10 Ausgaben pro Jahr die wesentlichen Themen f\u00fcr F\u00fchrungskr\u00e4fte von KMU auf.\",\"publisher\":{\"@id\":\"https:\\\/\\\/www.organisator.ch\\\/#organization\"},\"potentialAction\":[{\"@type\":\"SearchAction\",\"target\":{\"@type\":\"EntryPoint\",\"urlTemplate\":\"https:\\\/\\\/www.organisator.ch\\\/?s={search_term_string}\"},\"query-input\":{\"@type\":\"PropertyValueSpecification\",\"valueRequired\":true,\"valueName\":\"search_term_string\"}}],\"inLanguage\":\"de\"},{\"@type\":\"Organization\",\"@id\":\"https:\\\/\\\/www.organisator.ch\\\/#organization\",\"name\":\"Organisator\",\"url\":\"https:\\\/\\\/www.organisator.ch\\\/\",\"logo\":{\"@type\":\"ImageObject\",\"inLanguage\":\"de\",\"@id\":\"https:\\\/\\\/www.organisator.ch\\\/#\\\/schema\\\/logo\\\/image\\\/\",\"url\":\"https:\\\/\\\/www.organisator.ch\\\/wp-content\\\/uploads\\\/2022\\\/01\\\/Logo_Organisator_Website.png\",\"contentUrl\":\"https:\\\/\\\/www.organisator.ch\\\/wp-content\\\/uploads\\\/2022\\\/01\\\/Logo_Organisator_Website.png\",\"width\":800,\"height\":77,\"caption\":\"Organisator\"},\"image\":{\"@id\":\"https:\\\/\\\/www.organisator.ch\\\/#\\\/schema\\\/logo\\\/image\\\/\"},\"sameAs\":[\"https:\\\/\\\/www.facebook.com\\\/OrganisatorFachmagazin\",\"https:\\\/\\\/www.linkedin.com\\\/showcase\\\/organisator-das-magazin-fr-kmu\",\"https:\\\/\\\/www.xing.com\\\/news\\\/pages\\\/organisator-ch-695\",\"https:\\\/\\\/www.youtube.com\\\/channel\\\/UCGP2Sq0iWaZwT3BdIAQFYpw\"]},{\"@type\":\"Person\",\"@id\":\"https:\\\/\\\/www.organisator.ch\\\/#\\\/schema\\\/person\\\/6f650f90b2842cd4c0cc334b4e36f67e\",\"name\":\"thomas.berner\",\"image\":{\"@type\":\"ImageObject\",\"inLanguage\":\"de\",\"@id\":\"https:\\\/\\\/secure.gravatar.com\\\/avatar\\\/ac5001d2a36cb6c6cd3e50789007ffca834b477b74a2144564522e944eabff61?s=96&d=mm&r=g\",\"url\":\"https:\\\/\\\/secure.gravatar.com\\\/avatar\\\/ac5001d2a36cb6c6cd3e50789007ffca834b477b74a2144564522e944eabff61?s=96&d=mm&r=g\",\"contentUrl\":\"https:\\\/\\\/secure.gravatar.com\\\/avatar\\\/ac5001d2a36cb6c6cd3e50789007ffca834b477b74a2144564522e944eabff61?s=96&d=mm&r=g\",\"caption\":\"thomas.berner\"},\"url\":\"https:\\\/\\\/www.organisator.ch\\\/de\\\/author\\\/thomas-berner\\\/\"}]}<\/script>\n<!-- \/ Yoast SEO plugin. -->","yoast_head_json":{"title":"International Coworking Day: Trend beschleunigt sich - Organisator","description":"Am 9. August wird rund um den Globus der Internationale Coworking Day gefeiert. In der Schweiz laden verschiedene Coworking Spaces zum Ausprobieren ein.","robots":{"index":"index","follow":"follow","max-snippet":"max-snippet:-1","max-image-preview":"max-image-preview:large","max-video-preview":"max-video-preview:-1"},"canonical":"https:\/\/www.organisator.ch\/de\/allgemein\/2021-08-09\/international-coworking-day-trend-beschleunigt-sich\/","og_locale":"de_DE","og_type":"article","og_title":"International Coworking Day: Trend beschleunigt sich","og_description":"Am 9. August wird rund um den Globus der Internationale Coworking Day gefeiert. In der Schweiz laden verschiedene Coworking Spaces zum Ausprobieren ein.","og_url":"https:\/\/www.organisator.ch\/de\/allgemein\/2021-08-09\/international-coworking-day-trend-beschleunigt-sich\/","og_site_name":"Organisator","article_publisher":"https:\/\/www.facebook.com\/OrganisatorFachmagazin","article_published_time":"2021-08-09T08:21:15+00:00","og_image":[{"width":680,"height":454,"url":"https:\/\/www.organisator.ch\/wp-content\/uploads\/2021\/08\/International-Coworking-Day-Trend-beschleunigt-sich_Organisator.jpg","type":"image\/jpeg"}],"author":"thomas.berner","twitter_card":"summary_large_image","twitter_title":"International #Coworking Day: Trend beschleunigt sich","twitter_description":"Am 9. August wird rund um den Globus der Internationale #Coworking Day gefeiert. In der Schweiz laden verschiedene #CoworkingSpaces zum Ausprobieren ein.","twitter_image":"https:\/\/www.organisator.ch\/wp-content\/uploads\/2021\/08\/International-Coworking-Day-Trend-beschleunigt-sich_Organisator.jpg","schema":{"@context":"https:\/\/schema.org","@graph":[{"@type":"Article","@id":"https:\/\/www.organisator.ch\/en\/general\/2021-08-09\/international-coworking-day-trend-beschleunigt-sich\/#article","isPartOf":{"@id":"https:\/\/www.organisator.ch\/en\/general\/2021-08-09\/international-coworking-day-trend-beschleunigt-sich\/"},"author":{"name":"thomas.berner","@id":"https:\/\/www.organisator.ch\/#\/schema\/person\/6f650f90b2842cd4c0cc334b4e36f67e"},"headline":"International Coworking Day: Trend beschleunigt sich","datePublished":"2021-08-09T08:21:15+00:00","mainEntityOfPage":{"@id":"https:\/\/www.organisator.ch\/en\/general\/2021-08-09\/international-coworking-day-trend-beschleunigt-sich\/"},"wordCount":320,"publisher":{"@id":"https:\/\/www.organisator.ch\/#organization"},"image":{"@id":"https:\/\/www.organisator.ch\/en\/general\/2021-08-09\/international-coworking-day-trend-beschleunigt-sich\/#primaryimage"},"thumbnailUrl":"https:\/\/www.organisator.ch\/wp-content\/uploads\/2021\/08\/International-Coworking-Day-Trend-beschleunigt-sich_Organisator.jpg","keywords":["Arbeitsplatzgestaltung","Coworking","Management und Unternehmensf\u00fchrung","New Work"],"inLanguage":"de"},{"@type":"WebPage","@id":"https:\/\/www.organisator.ch\/en\/general\/2021-08-09\/international-coworking-day-trend-beschleunigt-sich\/","url":"https:\/\/www.organisator.ch\/en\/general\/2021-08-09\/international-coworking-day-trend-beschleunigt-sich\/","name":"International Coworking Day: Trend beschleunigt sich - Organisator","isPartOf":{"@id":"https:\/\/www.organisator.ch\/#website"},"primaryImageOfPage":{"@id":"https:\/\/www.organisator.ch\/en\/general\/2021-08-09\/international-coworking-day-trend-beschleunigt-sich\/#primaryimage"},"image":{"@id":"https:\/\/www.organisator.ch\/en\/general\/2021-08-09\/international-coworking-day-trend-beschleunigt-sich\/#primaryimage"},"thumbnailUrl":"https:\/\/www.organisator.ch\/wp-content\/uploads\/2021\/08\/International-Coworking-Day-Trend-beschleunigt-sich_Organisator.jpg","datePublished":"2021-08-09T08:21:15+00:00","description":"Am 9. August wird rund um den Globus der Internationale Coworking Day gefeiert. In der Schweiz laden verschiedene Coworking Spaces zum Ausprobieren ein.","breadcrumb":{"@id":"https:\/\/www.organisator.ch\/en\/general\/2021-08-09\/international-coworking-day-trend-beschleunigt-sich\/#breadcrumb"},"inLanguage":"de","potentialAction":[{"@type":"ReadAction","target":["https:\/\/www.organisator.ch\/en\/general\/2021-08-09\/international-coworking-day-trend-beschleunigt-sich\/"]}]},{"@type":"ImageObject","inLanguage":"de","@id":"https:\/\/www.organisator.ch\/en\/general\/2021-08-09\/international-coworking-day-trend-beschleunigt-sich\/#primaryimage","url":"https:\/\/www.organisator.ch\/wp-content\/uploads\/2021\/08\/International-Coworking-Day-Trend-beschleunigt-sich_Organisator.jpg","contentUrl":"https:\/\/www.organisator.ch\/wp-content\/uploads\/2021\/08\/International-Coworking-Day-Trend-beschleunigt-sich_Organisator.jpg","width":680,"height":454,"caption":"Am International Coworking Day vom 9. August 2021 lassen sich neue Arbeitsformen kostenlos ausprobieren, etwa im CreativeSpace Z\u00fcrich. (Bild: zVg \/ Coworking Switzerland)"},{"@type":"BreadcrumbList","@id":"https:\/\/www.organisator.ch\/en\/general\/2021-08-09\/international-coworking-day-trend-beschleunigt-sich\/#breadcrumb","itemListElement":[{"@type":"ListItem","position":1,"name":"Home","item":"https:\/\/www.organisator.ch\/"},{"@type":"ListItem","position":2,"name":"International Coworking Day: Trend beschleunigt sich"}]},{"@type":"WebSite","@id":"https:\/\/www.organisator.ch\/#website","url":"https:\/\/www.organisator.ch\/","name":"Organisator","description":"Kompetent. Praxisnah. Der ORGANISATOR bereitet in 10 Ausgaben pro Jahr die wesentlichen Themen f\u00fcr F\u00fchrungskr\u00e4fte von KMU auf.","publisher":{"@id":"https:\/\/www.organisator.ch\/#organization"},"potentialAction":[{"@type":"SearchAction","target":{"@type":"EntryPoint","urlTemplate":"https:\/\/www.organisator.ch\/?s={search_term_string}"},"query-input":{"@type":"PropertyValueSpecification","valueRequired":true,"valueName":"search_term_string"}}],"inLanguage":"de"},{"@type":"Organization","@id":"https:\/\/www.organisator.ch\/#organization","name":"Organisator","url":"https:\/\/www.organisator.ch\/","logo":{"@type":"ImageObject","inLanguage":"de","@id":"https:\/\/www.organisator.ch\/#\/schema\/logo\/image\/","url":"https:\/\/www.organisator.ch\/wp-content\/uploads\/2022\/01\/Logo_Organisator_Website.png","contentUrl":"https:\/\/www.organisator.ch\/wp-content\/uploads\/2022\/01\/Logo_Organisator_Website.png","width":800,"height":77,"caption":"Organisator"},"image":{"@id":"https:\/\/www.organisator.ch\/#\/schema\/logo\/image\/"},"sameAs":["https:\/\/www.facebook.com\/OrganisatorFachmagazin","https:\/\/www.linkedin.com\/showcase\/organisator-das-magazin-fr-kmu","https:\/\/www.xing.com\/news\/pages\/organisator-ch-695","https:\/\/www.youtube.com\/channel\/UCGP2Sq0iWaZwT3BdIAQFYpw"]},{"@type":"Person","@id":"https:\/\/www.organisator.ch\/#\/schema\/person\/6f650f90b2842cd4c0cc334b4e36f67e","name":"thomas.berner","image":{"@type":"ImageObject","inLanguage":"de","@id":"https:\/\/secure.gravatar.com\/avatar\/ac5001d2a36cb6c6cd3e50789007ffca834b477b74a2144564522e944eabff61?s=96&d=mm&r=g","url":"https:\/\/secure.gravatar.com\/avatar\/ac5001d2a36cb6c6cd3e50789007ffca834b477b74a2144564522e944eabff61?s=96&d=mm&r=g","contentUrl":"https:\/\/secure.gravatar.com\/avatar\/ac5001d2a36cb6c6cd3e50789007ffca834b477b74a2144564522e944eabff61?s=96&d=mm&r=g","caption":"thomas.berner"},"url":"https:\/\/www.organisator.ch\/de\/author\/thomas-berner\/"}]}},"_links":{"self":[{"href":"https:\/\/www.organisator.ch\/de\/wp-json\/wp\/v2\/posts\/8361","targetHints":{"allow":["GET"]}}],"collection":[{"href":"https:\/\/www.organisator.ch\/de\/wp-json\/wp\/v2\/posts"}],"about":[{"href":"https:\/\/www.organisator.ch\/de\/wp-json\/wp\/v2\/types\/post"}],"author":[{"embeddable":true,"href":"https:\/\/www.organisator.ch\/de\/wp-json\/wp\/v2\/users\/4"}],"replies":[{"embeddable":true,"href":"https:\/\/www.organisator.ch\/de\/wp-json\/wp\/v2\/comments?post=8361"}],"version-history":[{"count":0,"href":"https:\/\/www.organisator.ch\/de\/wp-json\/wp\/v2\/posts\/8361\/revisions"}],"wp:featuredmedia":[{"embeddable":true,"href":"https:\/\/www.organisator.ch\/de\/wp-json\/wp\/v2\/media\/8362"}],"wp:attachment":[{"href":"https:\/\/www.organisator.ch\/de\/wp-json\/wp\/v2\/media?parent=8361"}],"wp:term":[{"taxonomy":"category","embeddable":true,"href":"https:\/\/www.organisator.ch\/de\/wp-json\/wp\/v2\/categories?post=8361"},{"taxonomy":"post_tag","embeddable":true,"href":"https:\/\/www.organisator.ch\/de\/wp-json\/wp\/v2\/tags?post=8361"}],"curies":[{"name":"wp","href":"https:\/\/api.w.org\/{rel}","templated":true}]}}