{"id":8412,"date":"2021-08-23T08:24:17","date_gmt":"2021-08-23T06:24:17","guid":{"rendered":"https:\/\/www.organisator.ch\/?p=8412"},"modified":"2021-08-23T08:24:17","modified_gmt":"2021-08-23T06:24:17","slug":"strategische-transformation-kmu-lassen-viele-potenziale-ungenutzt","status":"publish","type":"post","link":"https:\/\/www.organisator.ch\/de\/management\/2021-08-23\/strategische-transformation-kmu-lassen-viele-potenziale-ungenutzt\/","title":{"rendered":"Strategische Transformation: KMU lassen viele Potenziale ungenutzt"},"content":{"rendered":"<figure id=\"attachment_8413\" aria-describedby=\"caption-attachment-8413\" style=\"width: 680px\" class=\"wp-caption alignnone\"><a href=\"https:\/\/www.organisator.ch\/wp-content\/uploads\/2021\/08\/Strategische-Transformation-KMU-lassen-viele-Potenziale-ungenutzt_Organisator.jpg\"><img loading=\"lazy\" decoding=\"async\" class=\"size-medium wp-image-8413\" src=\"https:\/\/www.organisator.ch\/wp-content\/uploads\/2021\/08\/Strategische-Transformation-KMU-lassen-viele-Potenziale-ungenutzt_Organisator.jpg\" alt=\"\" width=\"680\" height=\"302\" srcset=\"https:\/\/www.organisator.ch\/wp-content\/uploads\/2021\/08\/Strategische-Transformation-KMU-lassen-viele-Potenziale-ungenutzt_Organisator.jpg 680w, https:\/\/www.organisator.ch\/wp-content\/uploads\/2021\/08\/Strategische-Transformation-KMU-lassen-viele-Potenziale-ungenutzt_Organisator-18x8.jpg 18w, https:\/\/www.organisator.ch\/wp-content\/uploads\/2021\/08\/Strategische-Transformation-KMU-lassen-viele-Potenziale-ungenutzt_Organisator-375x167.jpg 375w, https:\/\/www.organisator.ch\/wp-content\/uploads\/2021\/08\/Strategische-Transformation-KMU-lassen-viele-Potenziale-ungenutzt_Organisator-300x133.jpg 300w\" sizes=\"auto, (max-width: 680px) 100vw, 680px\" \/><\/a><figcaption id=\"caption-attachment-8413\" class=\"wp-caption-text\">KMU-Strategien im digitalen Zeitalter: Studie zeigt viele ungenutzte Potenziale f\u00fcr die strategische Transformation auf. (Bild: Pixabay.com)<\/figcaption><\/figure>\n<p>Die Studie \u00abStrategieentwicklung im digitalen Zeitalter\u00bb \u2013 als bereits dritte von der FHNW publizierte Schweizer Studie zur digitalen Transformation \u2013 zeigt mit \u00fcber 1&#8217;800 Teilnehmenden, dass nur die H\u00e4lfte der KMU (daf\u00fcr mehr Grossunternehmen) \u00fcber eine digitale Strategie verf\u00fcgen. So fehlen in vielen KMU eine formulierte Strategie, welche die digitale Stossrichtung f\u00fcr die n\u00e4chsten Jahre festh\u00e4lt. Dieser Wert ist gem\u00e4ss Studienleiter Prof. Dr. Marc K. Peter \u2013 speziell in einem wettbewerbsintensiven, von neuen Technologien getriebenen und globalen Umfeld \u2013 zu niedrig.<\/p>\n<h2>Die Notwendigkeit f\u00fcr strategische Transformation<\/h2>\n<p>Die Studie zeigt weiter, dass nur die H\u00e4lfte der Schweizer KMU mindestens einmal j\u00e4hrlich eine Marktanalyse durchf\u00fchrt, ein Viertel sogar nie. \u00dcber die H\u00e4lfte der KMU geht davon aus, dass die Unternehmensstrategie in den n\u00e4chsten zwei bis drei Jahren aufgrund der andauernden digitalen Transformation angepasst werden muss. Ein Drittel der KMU geht davon aus, dass digitale Strategien der Konkurrenz das eigene Gesch\u00e4ft bedrohen. Auch dies ist ein hoher Anteil von Unternehmen, welche sich bedroht f\u00fchlen; und ein zu kleiner Anteil von Unternehmen, welche \u00fcber eine digitale Strategie verf\u00fcgen.<\/p>\n<p>Diese Studienresultate demonstrieren gem\u00e4ss den Autoren die Notwendigkeit von strategischen Diskussionen, Ideen und Pl\u00e4nen in Schweizer Unternehmen. Darauf deute\u00a0 auch die Tatsache hin, dass in den letzten zwei Jahren knapp die H\u00e4lfte der Schweizer KMU ihre Markt- bzw. Marketingpositionierung zumindest teilweise bereits modifiziert habe.<\/p>\n<h2>Wichtige Erkenntnisse zur Strategiearbeit in Schweizer KMU<\/h2>\n<ul>\n<li>24% der KMU f\u00fchren nie, 24% alle 2-3 Jahre oder seltener und 52% mindestens einmal pro Jahr eine Marktanalyse durch.<\/li>\n<li>50% der KMU verf\u00fcgen \u00fcber eine digitale Strategie (7% separat, 43% als Bestandteil der Unternehmens- oder IT-Strategien).<\/li>\n<li>56% der KMU m\u00fcssen ihre Unternehmensstrategien aufgrund der digitalen Transformation weiter anpassen.<\/li>\n<li>Bei 45% der KMU hat die Corona-Krise einen Einfluss auf die Unternehmensstrategie.<\/li>\n<li>34% der KMU f\u00fchlen sich durch die digitalen Strategien der Konkurrenz bedroht.<\/li>\n<li>44% mussten ihre Markt-\/Marketingpositionierung teilweise oder vollst\u00e4ndig anpassen.<\/li>\n<li>44% der KMU sind mit ihrem Digitalisierungsfortschritt nicht zufrieden.<\/li>\n<\/ul>\n<h2>Praxisleitfaden f\u00fcr strategische Transformation<\/h2>\n<p>Das Projektteam hat auf Grundlage der Ergebnisse einen <a href=\"http:\/\/www.strategische-transformation.ch\">kostenlos erh\u00e4ltlichen<\/a> Praxisleitfaden mit einem Strategieprozess und einem Strategiecheck (durchf\u00fchrbar auf <a href=\"http:\/\/www.digital-strategy-check.ch\">www.digital-strategy-check.ch<\/a>) f\u00fcr das digitale Zeitalter entwickelt. Die Grundlage hierf\u00fcr bildet die ACT-Methode (Analyse, Create, Transform), welche das Strategylab mit vielen Fallstudien, Checklisten, einem Workshop-Canvas und Vorlagen f\u00fcr die Strategiearbeit in Unternehmen erg\u00e4nzte.<\/p>\n<p>Das Forschungsprojekt wurde von verschiedenen Partnern (Bank WIR, die Mobiliar, AECS Swisscard, Lenovo, Rahn+Bodmer, Swiss Export, KMU Next, digitalswitzerland und die Gewerbezeitung) sowie Autorinnen und Autoren unterst\u00fctzt.<\/p>\n<p><em><a href=\"http:\/\/www.strategische-transformation.ch\">Weitere Informationen<\/a><\/em><\/p>\n","protected":false},"excerpt":{"rendered":"<p>Die Studie \u00abStrategieentwicklung im digitalen Zeitalter\u00bb \u2013 als bereits dritte von der FHNW publizierte Schweizer Studie zur digitalen Transformation \u2013 zeigt mit \u00fcber 1&#8217;800 Teilnehmenden, dass nur die H\u00e4lfte der KMU (daf\u00fcr mehr Grossunternehmen) \u00fcber eine digitale Strategie verf\u00fcgen. So fehlen in vielen KMU eine formulierte Strategie, welche die digitale Stossrichtung f\u00fcr die n\u00e4chsten Jahre [&hellip;]<\/p>\n","protected":false},"author":4,"featured_media":8413,"comment_status":"closed","ping_status":"closed","sticky":false,"template":"","format":"standard","meta":{"_acf_changed":false,"_yoast_wpseo_focuskw":"strategische Transformation","_yoast_wpseo_metadesc":"Die neue Studie \u00abStrategieentwicklung im digitalen Zeitalter\u00bb zeigt, dass viele KMU Potenziale f\u00fcr die strategische Transformation zu wenig nutzen.","articlekey":"","footnotes":""},"categories":[28],"tags":[156,335,458,459],"class_list":["post-8412","post","type-post","status-publish","format-standard","has-post-thumbnail","hentry","category-management","tag-digitalisierung","tag-management-und-unternehmensfuehrung","tag-strategie","tag-studie"],"acf":[],"yoast_head":"<!-- This site is optimized with the Yoast SEO plugin v27.4 - https:\/\/yoast.com\/product\/yoast-seo-wordpress\/ -->\n<title>Strategische Transformation: KMU lassen viele Potenziale ungenutzt - Organisator<\/title>\n<meta name=\"description\" content=\"Die neue Studie \u00abStrategieentwicklung im digitalen Zeitalter\u00bb zeigt, dass viele KMU Potenziale f\u00fcr die strategische Transformation zu wenig nutzen.\" \/>\n<meta name=\"robots\" content=\"index, follow, max-snippet:-1, max-image-preview:large, max-video-preview:-1\" \/>\n<link rel=\"canonical\" href=\"https:\/\/www.organisator.ch\/de\/management\/2021-08-23\/strategische-transformation-kmu-lassen-viele-potenziale-ungenutzt\/\" \/>\n<meta property=\"og:locale\" content=\"de_DE\" \/>\n<meta property=\"og:type\" content=\"article\" \/>\n<meta property=\"og:title\" content=\"Strategische Transformation: KMU lassen viele Potenziale ungenutzt\" \/>\n<meta property=\"og:description\" content=\"Die neue Studie \u00abStrategieentwicklung im digitalen Zeitalter\u00bb zeigt, dass viele KMU Potenziale f\u00fcr die strategische Transformation zu wenig nutzen.\" \/>\n<meta property=\"og:url\" content=\"https:\/\/www.organisator.ch\/de\/management\/2021-08-23\/strategische-transformation-kmu-lassen-viele-potenziale-ungenutzt\/\" \/>\n<meta property=\"og:site_name\" content=\"Organisator\" \/>\n<meta property=\"article:publisher\" content=\"https:\/\/www.facebook.com\/OrganisatorFachmagazin\" \/>\n<meta property=\"article:published_time\" content=\"2021-08-23T06:24:17+00:00\" \/>\n<meta property=\"og:image\" content=\"https:\/\/www.organisator.ch\/wp-content\/uploads\/2021\/08\/Strategische-Transformation-KMU-lassen-viele-Potenziale-ungenutzt_Organisator.jpg\" \/>\n\t<meta property=\"og:image:width\" content=\"680\" \/>\n\t<meta property=\"og:image:height\" content=\"302\" \/>\n\t<meta property=\"og:image:type\" content=\"image\/jpeg\" \/>\n<meta name=\"author\" content=\"thomas.berner\" \/>\n<meta name=\"twitter:card\" content=\"summary_large_image\" \/>\n<meta name=\"twitter:title\" content=\"Strategische #Transformation: KMU lassen viele #Potenziale ungenutzt\" \/>\n<meta name=\"twitter:description\" content=\"Die neue Studie \u00ab#Strategieentwicklung im digitalen Zeitalter\u00bb zeigt, dass viele KMU #Potenziale f\u00fcr die strategische #Transformation zu wenig nutzen.\" \/>\n<meta name=\"twitter:image\" content=\"https:\/\/www.organisator.ch\/wp-content\/uploads\/2021\/08\/Strategische-Transformation-KMU-lassen-viele-Potenziale-ungenutzt_Organisator.jpg\" \/>\n<script type=\"application\/ld+json\" class=\"yoast-schema-graph\">{\"@context\":\"https:\\\/\\\/schema.org\",\"@graph\":[{\"@type\":\"Article\",\"@id\":\"https:\\\/\\\/www.organisator.ch\\\/management\\\/2021-08-23\\\/strategische-transformation-kmu-lassen-viele-potenziale-ungenutzt\\\/#article\",\"isPartOf\":{\"@id\":\"https:\\\/\\\/www.organisator.ch\\\/management\\\/2021-08-23\\\/strategische-transformation-kmu-lassen-viele-potenziale-ungenutzt\\\/\"},\"author\":{\"name\":\"thomas.berner\",\"@id\":\"https:\\\/\\\/www.organisator.ch\\\/#\\\/schema\\\/person\\\/6f650f90b2842cd4c0cc334b4e36f67e\"},\"headline\":\"Strategische Transformation: KMU lassen viele Potenziale ungenutzt\",\"datePublished\":\"2021-08-23T06:24:17+00:00\",\"mainEntityOfPage\":{\"@id\":\"https:\\\/\\\/www.organisator.ch\\\/management\\\/2021-08-23\\\/strategische-transformation-kmu-lassen-viele-potenziale-ungenutzt\\\/\"},\"wordCount\":451,\"publisher\":{\"@id\":\"https:\\\/\\\/www.organisator.ch\\\/#organization\"},\"image\":{\"@id\":\"https:\\\/\\\/www.organisator.ch\\\/management\\\/2021-08-23\\\/strategische-transformation-kmu-lassen-viele-potenziale-ungenutzt\\\/#primaryimage\"},\"thumbnailUrl\":\"https:\\\/\\\/www.organisator.ch\\\/wp-content\\\/uploads\\\/2021\\\/08\\\/Strategische-Transformation-KMU-lassen-viele-Potenziale-ungenutzt_Organisator.jpg\",\"keywords\":[\"Digitalisierung\",\"Management und Unternehmensf\u00fchrung\",\"Strategie\",\"Studie\"],\"articleSection\":[\"MANAGEMENT\"],\"inLanguage\":\"de\"},{\"@type\":\"WebPage\",\"@id\":\"https:\\\/\\\/www.organisator.ch\\\/management\\\/2021-08-23\\\/strategische-transformation-kmu-lassen-viele-potenziale-ungenutzt\\\/\",\"url\":\"https:\\\/\\\/www.organisator.ch\\\/management\\\/2021-08-23\\\/strategische-transformation-kmu-lassen-viele-potenziale-ungenutzt\\\/\",\"name\":\"Strategische Transformation: KMU lassen viele Potenziale ungenutzt - Organisator\",\"isPartOf\":{\"@id\":\"https:\\\/\\\/www.organisator.ch\\\/#website\"},\"primaryImageOfPage\":{\"@id\":\"https:\\\/\\\/www.organisator.ch\\\/management\\\/2021-08-23\\\/strategische-transformation-kmu-lassen-viele-potenziale-ungenutzt\\\/#primaryimage\"},\"image\":{\"@id\":\"https:\\\/\\\/www.organisator.ch\\\/management\\\/2021-08-23\\\/strategische-transformation-kmu-lassen-viele-potenziale-ungenutzt\\\/#primaryimage\"},\"thumbnailUrl\":\"https:\\\/\\\/www.organisator.ch\\\/wp-content\\\/uploads\\\/2021\\\/08\\\/Strategische-Transformation-KMU-lassen-viele-Potenziale-ungenutzt_Organisator.jpg\",\"datePublished\":\"2021-08-23T06:24:17+00:00\",\"description\":\"Die neue Studie \u00abStrategieentwicklung im digitalen Zeitalter\u00bb zeigt, dass viele KMU Potenziale f\u00fcr die strategische Transformation zu wenig nutzen.\",\"breadcrumb\":{\"@id\":\"https:\\\/\\\/www.organisator.ch\\\/management\\\/2021-08-23\\\/strategische-transformation-kmu-lassen-viele-potenziale-ungenutzt\\\/#breadcrumb\"},\"inLanguage\":\"de\",\"potentialAction\":[{\"@type\":\"ReadAction\",\"target\":[\"https:\\\/\\\/www.organisator.ch\\\/management\\\/2021-08-23\\\/strategische-transformation-kmu-lassen-viele-potenziale-ungenutzt\\\/\"]}]},{\"@type\":\"ImageObject\",\"inLanguage\":\"de\",\"@id\":\"https:\\\/\\\/www.organisator.ch\\\/management\\\/2021-08-23\\\/strategische-transformation-kmu-lassen-viele-potenziale-ungenutzt\\\/#primaryimage\",\"url\":\"https:\\\/\\\/www.organisator.ch\\\/wp-content\\\/uploads\\\/2021\\\/08\\\/Strategische-Transformation-KMU-lassen-viele-Potenziale-ungenutzt_Organisator.jpg\",\"contentUrl\":\"https:\\\/\\\/www.organisator.ch\\\/wp-content\\\/uploads\\\/2021\\\/08\\\/Strategische-Transformation-KMU-lassen-viele-Potenziale-ungenutzt_Organisator.jpg\",\"width\":680,\"height\":302,\"caption\":\"KMU-Strategien im digitalen Zeitalter: Studie zeigt viele ungenutzte Potenziale f\u00fcr die strategische Transformation auf. (Bild: Pixabay.com)\"},{\"@type\":\"BreadcrumbList\",\"@id\":\"https:\\\/\\\/www.organisator.ch\\\/management\\\/2021-08-23\\\/strategische-transformation-kmu-lassen-viele-potenziale-ungenutzt\\\/#breadcrumb\",\"itemListElement\":[{\"@type\":\"ListItem\",\"position\":1,\"name\":\"Home\",\"item\":\"https:\\\/\\\/www.organisator.ch\\\/\"},{\"@type\":\"ListItem\",\"position\":2,\"name\":\"Strategische Transformation: KMU lassen viele Potenziale ungenutzt\"}]},{\"@type\":\"WebSite\",\"@id\":\"https:\\\/\\\/www.organisator.ch\\\/#website\",\"url\":\"https:\\\/\\\/www.organisator.ch\\\/\",\"name\":\"Organisator\",\"description\":\"Kompetent. Praxisnah. Der ORGANISATOR bereitet in 10 Ausgaben pro Jahr die wesentlichen Themen f\u00fcr F\u00fchrungskr\u00e4fte von KMU auf.\",\"publisher\":{\"@id\":\"https:\\\/\\\/www.organisator.ch\\\/#organization\"},\"potentialAction\":[{\"@type\":\"SearchAction\",\"target\":{\"@type\":\"EntryPoint\",\"urlTemplate\":\"https:\\\/\\\/www.organisator.ch\\\/?s={search_term_string}\"},\"query-input\":{\"@type\":\"PropertyValueSpecification\",\"valueRequired\":true,\"valueName\":\"search_term_string\"}}],\"inLanguage\":\"de\"},{\"@type\":\"Organization\",\"@id\":\"https:\\\/\\\/www.organisator.ch\\\/#organization\",\"name\":\"Organisator\",\"url\":\"https:\\\/\\\/www.organisator.ch\\\/\",\"logo\":{\"@type\":\"ImageObject\",\"inLanguage\":\"de\",\"@id\":\"https:\\\/\\\/www.organisator.ch\\\/#\\\/schema\\\/logo\\\/image\\\/\",\"url\":\"https:\\\/\\\/www.organisator.ch\\\/wp-content\\\/uploads\\\/2022\\\/01\\\/Logo_Organisator_Website.png\",\"contentUrl\":\"https:\\\/\\\/www.organisator.ch\\\/wp-content\\\/uploads\\\/2022\\\/01\\\/Logo_Organisator_Website.png\",\"width\":800,\"height\":77,\"caption\":\"Organisator\"},\"image\":{\"@id\":\"https:\\\/\\\/www.organisator.ch\\\/#\\\/schema\\\/logo\\\/image\\\/\"},\"sameAs\":[\"https:\\\/\\\/www.facebook.com\\\/OrganisatorFachmagazin\",\"https:\\\/\\\/www.linkedin.com\\\/showcase\\\/organisator-das-magazin-fr-kmu\",\"https:\\\/\\\/www.xing.com\\\/news\\\/pages\\\/organisator-ch-695\",\"https:\\\/\\\/www.youtube.com\\\/channel\\\/UCGP2Sq0iWaZwT3BdIAQFYpw\"]},{\"@type\":\"Person\",\"@id\":\"https:\\\/\\\/www.organisator.ch\\\/#\\\/schema\\\/person\\\/6f650f90b2842cd4c0cc334b4e36f67e\",\"name\":\"thomas.berner\",\"image\":{\"@type\":\"ImageObject\",\"inLanguage\":\"de\",\"@id\":\"https:\\\/\\\/secure.gravatar.com\\\/avatar\\\/ac5001d2a36cb6c6cd3e50789007ffca834b477b74a2144564522e944eabff61?s=96&d=mm&r=g\",\"url\":\"https:\\\/\\\/secure.gravatar.com\\\/avatar\\\/ac5001d2a36cb6c6cd3e50789007ffca834b477b74a2144564522e944eabff61?s=96&d=mm&r=g\",\"contentUrl\":\"https:\\\/\\\/secure.gravatar.com\\\/avatar\\\/ac5001d2a36cb6c6cd3e50789007ffca834b477b74a2144564522e944eabff61?s=96&d=mm&r=g\",\"caption\":\"thomas.berner\"},\"url\":\"https:\\\/\\\/www.organisator.ch\\\/de\\\/author\\\/thomas-berner\\\/\"}]}<\/script>\n<!-- \/ Yoast SEO plugin. -->","yoast_head_json":{"title":"Strategische Transformation: KMU lassen viele Potenziale ungenutzt - Organisator","description":"Die neue Studie \u00abStrategieentwicklung im digitalen Zeitalter\u00bb zeigt, dass viele KMU Potenziale f\u00fcr die strategische Transformation zu wenig nutzen.","robots":{"index":"index","follow":"follow","max-snippet":"max-snippet:-1","max-image-preview":"max-image-preview:large","max-video-preview":"max-video-preview:-1"},"canonical":"https:\/\/www.organisator.ch\/de\/management\/2021-08-23\/strategische-transformation-kmu-lassen-viele-potenziale-ungenutzt\/","og_locale":"de_DE","og_type":"article","og_title":"Strategische Transformation: KMU lassen viele Potenziale ungenutzt","og_description":"Die neue Studie \u00abStrategieentwicklung im digitalen Zeitalter\u00bb zeigt, dass viele KMU Potenziale f\u00fcr die strategische Transformation zu wenig nutzen.","og_url":"https:\/\/www.organisator.ch\/de\/management\/2021-08-23\/strategische-transformation-kmu-lassen-viele-potenziale-ungenutzt\/","og_site_name":"Organisator","article_publisher":"https:\/\/www.facebook.com\/OrganisatorFachmagazin","article_published_time":"2021-08-23T06:24:17+00:00","og_image":[{"width":680,"height":302,"url":"https:\/\/www.organisator.ch\/wp-content\/uploads\/2021\/08\/Strategische-Transformation-KMU-lassen-viele-Potenziale-ungenutzt_Organisator.jpg","type":"image\/jpeg"}],"author":"thomas.berner","twitter_card":"summary_large_image","twitter_title":"Strategische #Transformation: KMU lassen viele #Potenziale ungenutzt","twitter_description":"Die neue Studie \u00ab#Strategieentwicklung im digitalen Zeitalter\u00bb zeigt, dass viele KMU #Potenziale f\u00fcr die strategische #Transformation zu wenig nutzen.","twitter_image":"https:\/\/www.organisator.ch\/wp-content\/uploads\/2021\/08\/Strategische-Transformation-KMU-lassen-viele-Potenziale-ungenutzt_Organisator.jpg","schema":{"@context":"https:\/\/schema.org","@graph":[{"@type":"Article","@id":"https:\/\/www.organisator.ch\/management\/2021-08-23\/strategische-transformation-kmu-lassen-viele-potenziale-ungenutzt\/#article","isPartOf":{"@id":"https:\/\/www.organisator.ch\/management\/2021-08-23\/strategische-transformation-kmu-lassen-viele-potenziale-ungenutzt\/"},"author":{"name":"thomas.berner","@id":"https:\/\/www.organisator.ch\/#\/schema\/person\/6f650f90b2842cd4c0cc334b4e36f67e"},"headline":"Strategische Transformation: KMU lassen viele Potenziale ungenutzt","datePublished":"2021-08-23T06:24:17+00:00","mainEntityOfPage":{"@id":"https:\/\/www.organisator.ch\/management\/2021-08-23\/strategische-transformation-kmu-lassen-viele-potenziale-ungenutzt\/"},"wordCount":451,"publisher":{"@id":"https:\/\/www.organisator.ch\/#organization"},"image":{"@id":"https:\/\/www.organisator.ch\/management\/2021-08-23\/strategische-transformation-kmu-lassen-viele-potenziale-ungenutzt\/#primaryimage"},"thumbnailUrl":"https:\/\/www.organisator.ch\/wp-content\/uploads\/2021\/08\/Strategische-Transformation-KMU-lassen-viele-Potenziale-ungenutzt_Organisator.jpg","keywords":["Digitalisierung","Management und Unternehmensf\u00fchrung","Strategie","Studie"],"articleSection":["MANAGEMENT"],"inLanguage":"de"},{"@type":"WebPage","@id":"https:\/\/www.organisator.ch\/management\/2021-08-23\/strategische-transformation-kmu-lassen-viele-potenziale-ungenutzt\/","url":"https:\/\/www.organisator.ch\/management\/2021-08-23\/strategische-transformation-kmu-lassen-viele-potenziale-ungenutzt\/","name":"Strategische Transformation: KMU lassen viele Potenziale ungenutzt - Organisator","isPartOf":{"@id":"https:\/\/www.organisator.ch\/#website"},"primaryImageOfPage":{"@id":"https:\/\/www.organisator.ch\/management\/2021-08-23\/strategische-transformation-kmu-lassen-viele-potenziale-ungenutzt\/#primaryimage"},"image":{"@id":"https:\/\/www.organisator.ch\/management\/2021-08-23\/strategische-transformation-kmu-lassen-viele-potenziale-ungenutzt\/#primaryimage"},"thumbnailUrl":"https:\/\/www.organisator.ch\/wp-content\/uploads\/2021\/08\/Strategische-Transformation-KMU-lassen-viele-Potenziale-ungenutzt_Organisator.jpg","datePublished":"2021-08-23T06:24:17+00:00","description":"Die neue Studie \u00abStrategieentwicklung im digitalen Zeitalter\u00bb zeigt, dass viele KMU Potenziale f\u00fcr die strategische Transformation zu wenig nutzen.","breadcrumb":{"@id":"https:\/\/www.organisator.ch\/management\/2021-08-23\/strategische-transformation-kmu-lassen-viele-potenziale-ungenutzt\/#breadcrumb"},"inLanguage":"de","potentialAction":[{"@type":"ReadAction","target":["https:\/\/www.organisator.ch\/management\/2021-08-23\/strategische-transformation-kmu-lassen-viele-potenziale-ungenutzt\/"]}]},{"@type":"ImageObject","inLanguage":"de","@id":"https:\/\/www.organisator.ch\/management\/2021-08-23\/strategische-transformation-kmu-lassen-viele-potenziale-ungenutzt\/#primaryimage","url":"https:\/\/www.organisator.ch\/wp-content\/uploads\/2021\/08\/Strategische-Transformation-KMU-lassen-viele-Potenziale-ungenutzt_Organisator.jpg","contentUrl":"https:\/\/www.organisator.ch\/wp-content\/uploads\/2021\/08\/Strategische-Transformation-KMU-lassen-viele-Potenziale-ungenutzt_Organisator.jpg","width":680,"height":302,"caption":"KMU-Strategien im digitalen Zeitalter: Studie zeigt viele ungenutzte Potenziale f\u00fcr die strategische Transformation auf. (Bild: Pixabay.com)"},{"@type":"BreadcrumbList","@id":"https:\/\/www.organisator.ch\/management\/2021-08-23\/strategische-transformation-kmu-lassen-viele-potenziale-ungenutzt\/#breadcrumb","itemListElement":[{"@type":"ListItem","position":1,"name":"Home","item":"https:\/\/www.organisator.ch\/"},{"@type":"ListItem","position":2,"name":"Strategische Transformation: KMU lassen viele Potenziale ungenutzt"}]},{"@type":"WebSite","@id":"https:\/\/www.organisator.ch\/#website","url":"https:\/\/www.organisator.ch\/","name":"Organisator","description":"Kompetent. Praxisnah. Der ORGANISATOR bereitet in 10 Ausgaben pro Jahr die wesentlichen Themen f\u00fcr F\u00fchrungskr\u00e4fte von KMU auf.","publisher":{"@id":"https:\/\/www.organisator.ch\/#organization"},"potentialAction":[{"@type":"SearchAction","target":{"@type":"EntryPoint","urlTemplate":"https:\/\/www.organisator.ch\/?s={search_term_string}"},"query-input":{"@type":"PropertyValueSpecification","valueRequired":true,"valueName":"search_term_string"}}],"inLanguage":"de"},{"@type":"Organization","@id":"https:\/\/www.organisator.ch\/#organization","name":"Organisator","url":"https:\/\/www.organisator.ch\/","logo":{"@type":"ImageObject","inLanguage":"de","@id":"https:\/\/www.organisator.ch\/#\/schema\/logo\/image\/","url":"https:\/\/www.organisator.ch\/wp-content\/uploads\/2022\/01\/Logo_Organisator_Website.png","contentUrl":"https:\/\/www.organisator.ch\/wp-content\/uploads\/2022\/01\/Logo_Organisator_Website.png","width":800,"height":77,"caption":"Organisator"},"image":{"@id":"https:\/\/www.organisator.ch\/#\/schema\/logo\/image\/"},"sameAs":["https:\/\/www.facebook.com\/OrganisatorFachmagazin","https:\/\/www.linkedin.com\/showcase\/organisator-das-magazin-fr-kmu","https:\/\/www.xing.com\/news\/pages\/organisator-ch-695","https:\/\/www.youtube.com\/channel\/UCGP2Sq0iWaZwT3BdIAQFYpw"]},{"@type":"Person","@id":"https:\/\/www.organisator.ch\/#\/schema\/person\/6f650f90b2842cd4c0cc334b4e36f67e","name":"thomas.berner","image":{"@type":"ImageObject","inLanguage":"de","@id":"https:\/\/secure.gravatar.com\/avatar\/ac5001d2a36cb6c6cd3e50789007ffca834b477b74a2144564522e944eabff61?s=96&d=mm&r=g","url":"https:\/\/secure.gravatar.com\/avatar\/ac5001d2a36cb6c6cd3e50789007ffca834b477b74a2144564522e944eabff61?s=96&d=mm&r=g","contentUrl":"https:\/\/secure.gravatar.com\/avatar\/ac5001d2a36cb6c6cd3e50789007ffca834b477b74a2144564522e944eabff61?s=96&d=mm&r=g","caption":"thomas.berner"},"url":"https:\/\/www.organisator.ch\/de\/author\/thomas-berner\/"}]}},"_links":{"self":[{"href":"https:\/\/www.organisator.ch\/de\/wp-json\/wp\/v2\/posts\/8412","targetHints":{"allow":["GET"]}}],"collection":[{"href":"https:\/\/www.organisator.ch\/de\/wp-json\/wp\/v2\/posts"}],"about":[{"href":"https:\/\/www.organisator.ch\/de\/wp-json\/wp\/v2\/types\/post"}],"author":[{"embeddable":true,"href":"https:\/\/www.organisator.ch\/de\/wp-json\/wp\/v2\/users\/4"}],"replies":[{"embeddable":true,"href":"https:\/\/www.organisator.ch\/de\/wp-json\/wp\/v2\/comments?post=8412"}],"version-history":[{"count":0,"href":"https:\/\/www.organisator.ch\/de\/wp-json\/wp\/v2\/posts\/8412\/revisions"}],"wp:featuredmedia":[{"embeddable":true,"href":"https:\/\/www.organisator.ch\/de\/wp-json\/wp\/v2\/media\/8413"}],"wp:attachment":[{"href":"https:\/\/www.organisator.ch\/de\/wp-json\/wp\/v2\/media?parent=8412"}],"wp:term":[{"taxonomy":"category","embeddable":true,"href":"https:\/\/www.organisator.ch\/de\/wp-json\/wp\/v2\/categories?post=8412"},{"taxonomy":"post_tag","embeddable":true,"href":"https:\/\/www.organisator.ch\/de\/wp-json\/wp\/v2\/tags?post=8412"}],"curies":[{"name":"wp","href":"https:\/\/api.w.org\/{rel}","templated":true}]}}