{"id":8427,"date":"2021-08-25T17:19:02","date_gmt":"2021-08-25T15:19:02","guid":{"rendered":"https:\/\/www.organisator.ch\/?p=8427"},"modified":"2021-08-25T17:19:02","modified_gmt":"2021-08-25T15:19:02","slug":"salaerstudie-2021-von-swissict-lohnniveau-bleibt-weiterhin-hoch","status":"publish","type":"post","link":"https:\/\/www.organisator.ch\/de\/management\/it\/2021-08-25\/salaerstudie-2021-von-swissict-lohnniveau-bleibt-weiterhin-hoch\/","title":{"rendered":"Sal\u00e4rstudie 2021 von swissICT: Lohnniveau bleibt weiterhin hoch"},"content":{"rendered":"<figure id=\"attachment_8428\" aria-describedby=\"caption-attachment-8428\" style=\"width: 680px\" class=\"wp-caption alignnone\"><a href=\"https:\/\/www.organisator.ch\/wp-content\/uploads\/2021\/08\/thisisengineering-raeng-64YrPKiguAE-unsplash.jpg\"><img loading=\"lazy\" decoding=\"async\" class=\"size-medium wp-image-8428\" src=\"https:\/\/www.organisator.ch\/wp-content\/uploads\/2021\/08\/thisisengineering-raeng-64YrPKiguAE-unsplash.jpg\" alt=\"\" width=\"680\" height=\"454\" srcset=\"https:\/\/www.organisator.ch\/wp-content\/uploads\/2021\/08\/thisisengineering-raeng-64YrPKiguAE-unsplash.jpg 1920w, https:\/\/www.organisator.ch\/wp-content\/uploads\/2021\/08\/thisisengineering-raeng-64YrPKiguAE-unsplash-680x454.jpg 680w, https:\/\/www.organisator.ch\/wp-content\/uploads\/2021\/08\/thisisengineering-raeng-64YrPKiguAE-unsplash-1024x683.jpg 1024w, https:\/\/www.organisator.ch\/wp-content\/uploads\/2021\/08\/thisisengineering-raeng-64YrPKiguAE-unsplash-768x512.jpg 768w, https:\/\/www.organisator.ch\/wp-content\/uploads\/2021\/08\/thisisengineering-raeng-64YrPKiguAE-unsplash-1536x1025.jpg 1536w, https:\/\/www.organisator.ch\/wp-content\/uploads\/2021\/08\/thisisengineering-raeng-64YrPKiguAE-unsplash-18x12.jpg 18w, https:\/\/www.organisator.ch\/wp-content\/uploads\/2021\/08\/thisisengineering-raeng-64YrPKiguAE-unsplash-262x175.jpg 262w, https:\/\/www.organisator.ch\/wp-content\/uploads\/2021\/08\/thisisengineering-raeng-64YrPKiguAE-unsplash-525x350.jpg 525w, https:\/\/www.organisator.ch\/wp-content\/uploads\/2021\/08\/thisisengineering-raeng-64YrPKiguAE-unsplash-1199x800.jpg 1199w, https:\/\/www.organisator.ch\/wp-content\/uploads\/2021\/08\/thisisengineering-raeng-64YrPKiguAE-unsplash-920x614.jpg 920w, https:\/\/www.organisator.ch\/wp-content\/uploads\/2021\/08\/thisisengineering-raeng-64YrPKiguAE-unsplash-1400x934.jpg 1400w, https:\/\/www.organisator.ch\/wp-content\/uploads\/2021\/08\/thisisengineering-raeng-64YrPKiguAE-unsplash-300x200.jpg 300w\" sizes=\"auto, (max-width: 680px) 100vw, 680px\" \/><\/a><figcaption id=\"caption-attachment-8428\" class=\"wp-caption-text\">IT-Spezialistinnen und -Spezialisten verdienen nach wie vor sehr gut. Dies zeigt die swissICT Sal\u00e4rstudie 2021. (Bild: Unsplash.com)<\/figcaption><\/figure>\n<p>Wer viel verdienen m\u00f6chte, ist in der ICT-Branche gut aufgehoben. Denn dort liegen die L\u00f6hne im Vergleich mit anderen Branchen seit Jahren konstant h\u00f6her. Wenn man die Teuerung ber\u00fccksichtigt und die Zahlen mit dem <a href=\"https:\/\/www.organisator.ch\/swissict-salaerstudie-2020-agile-berufsprofile-nehmen-zu\/\">Vorjahr<\/a> vergleicht, haben sich die Sal\u00e4re sogar noch leicht erh\u00f6ht. Gem\u00e4ss der swissICT-Sal\u00e4rstudie 2021 betragen die Mediane 2021 bei den Kompetenzstufen &#8222;Junior&#8220; 79 000 CHF, &#8222;Professional&#8220; 104 000 CHF und &#8222;Senior&#8220; 127 000 CHF. trotz Corona-Problematik traten nur wenige Ver\u00e4nderungen im IT-Stellen-Markt auf. Insgesamt sind die Sal\u00e4re stabil mit leichten Abweichungen nach unten und oben. Der Gesamt-Median liegt dieses Jahr dennoch 1.1 Prozent \u00fcber jenem des Jahres 2020. Dies kann als Hinweis auf den weiter zunehmenden Fachkr\u00e4ftemangel interpretiert werden.<\/p>\n<p>Auch die Berufsprofile differenzieren sich weiter. So nimmt die Zahl agiler Berufsprofile zu. Etwa das SAFe-Framework findet in diesem Thema zunehmend Anwendung, stellt die Studie fest. So hat der Produkt Owner weitere 23 Prozent mehr Nennungen als im Vorjahr erhalten. Auf tieferem Niveau, jedoch mit 98 Prozent Zuwachs ist der Scrum Master auf dem Vormarsch und gewinnt an Relevanz.<\/p>\n<figure id=\"attachment_8429\" aria-describedby=\"caption-attachment-8429\" style=\"width: 680px\" class=\"wp-caption alignnone\"><a href=\"https:\/\/www.organisator.ch\/wp-content\/uploads\/2021\/08\/Salaerstudie-2021-von-swissICT-Lohnniveau-bleibt-weiterhin-hoch-2_Organisator.jpg\"><img loading=\"lazy\" decoding=\"async\" class=\"size-medium wp-image-8429\" src=\"https:\/\/www.organisator.ch\/wp-content\/uploads\/2021\/08\/Salaerstudie-2021-von-swissICT-Lohnniveau-bleibt-weiterhin-hoch-2_Organisator.jpg\" alt=\"\" width=\"680\" height=\"347\" srcset=\"https:\/\/www.organisator.ch\/wp-content\/uploads\/2021\/08\/Salaerstudie-2021-von-swissICT-Lohnniveau-bleibt-weiterhin-hoch-2_Organisator.jpg 680w, https:\/\/www.organisator.ch\/wp-content\/uploads\/2021\/08\/Salaerstudie-2021-von-swissICT-Lohnniveau-bleibt-weiterhin-hoch-2_Organisator-18x9.jpg 18w, https:\/\/www.organisator.ch\/wp-content\/uploads\/2021\/08\/Salaerstudie-2021-von-swissICT-Lohnniveau-bleibt-weiterhin-hoch-2_Organisator-343x175.jpg 343w, https:\/\/www.organisator.ch\/wp-content\/uploads\/2021\/08\/Salaerstudie-2021-von-swissICT-Lohnniveau-bleibt-weiterhin-hoch-2_Organisator-300x153.jpg 300w\" sizes=\"auto, (max-width: 680px) 100vw, 680px\" \/><\/a><figcaption id=\"caption-attachment-8429\" class=\"wp-caption-text\">Lohnentwicklung in der ICT-Branche bis 2021. (Grafik: swissICT)<\/figcaption><\/figure>\n<h2><strong>Mehr ICT-Dienstleister<\/strong><\/h2>\n<p>An der Sal\u00e4rstudie teilgenommen haben 272 Unternehmen. Sie haben 36 950 Sal\u00e4re angegeben. \u00abDas ist ein \u00e4usserst erfreulicher Zuwachs\u00bb, sagt Christian Hunziker, Gesch\u00e4ftsf\u00fchrer von swissICT. \u00abDamit zeigt sich, wie auch 2020, dass die j\u00e4hrliche ICT-Sal\u00e4rstudie weiter an Relevanz gewinnt. Das ist ein sch\u00f6nes Zeichen und erm\u00f6glicht es den Auswertern, einen breiteren Benchmark zu erhalten.\u00bb<\/p>\n<p>Betrachtet man die Branchenverteilung der teilnehmenden Unternehmen, so lassen sich Ver\u00e4nderungen ablesen. Einen Zuwachs gab es beispielsweise bei der Anzahl an teilnehmenden Dienstleistungs-Unternehmen sowie bei Industrie und Gewerbe. Die ICT-Anbieter repr\u00e4sentieren dabei, trotz gr\u00f6sster Anzahl teilnehmender Firmen, mit 23 Prozent der Sal\u00e4r-Nennungen knapp einen Viertel aller Eingaben.<\/p>\n<p>Stichtag der Datenerhebung war der 1. Mai 2021. Die Sal\u00e4re wurden auf der Basis von \u00abBerufe der ICT\u00bb ausgewertet, womit Sal\u00e4re von insgesamt 50 Berufen abgedeckt sind. Dieses Jahr sind keine neuen Berufsprofile dazu gekommen, was zu mehr Stabilit\u00e4t f\u00fchrt.<\/p>\n<h2><strong>Unterschiede bei Top-Spezialisten<\/strong><\/h2>\n<p>Ein Blick in die Standardauswertung der swissICT-Sal\u00e4rstudie 2021 zeigt die Streuung der Sal\u00e4re von vergleichbaren Funktionen. In der Schweiz verdient eine \u00abSenior\u00bb-Applikations-Entwicklerin etwa zwischen 120 000 (unteres Quartil, 25-Prozent-Schwelle) und 135 000 Franken (oberes Quartil, 75-Prozent-Schwelle). Dies bedeutet, dass bei je einem Viertel der Nennungen das Gehalt niedriger als 120 000 CHF, respektive h\u00f6her als 135 000 CHF ist. Dieses Berufsprofil geh\u00f6rt mit 2137 Nennungen zu den am h\u00e4ufigsten genannten.<\/p>\n<p>Die Streuungen bei den Junior (S1) bis Expert (S4) sind vergleichbar und weisen eine gewisse Stabilit\u00e4t auf. Bei dem \u00abSenior-Expert S5\u00bb nimmt diese sprunghaft zu und betr\u00e4gt zuweilen bereits \u00fcber 50 000 Franken (25-Prozent- zu 75-Prozent-Quartile). Indes: \u00abWer f\u00fcrs Geld kommt, der geht auch wieder f\u00fcrs Geld\u00bb, sagt Nicole Kaeser Mirata, die sich seit vielen Jahren in der Arbeitsgruppe \u00abSal\u00e4re der ICT\u00bb engagiert. Ihre Arbeitgeberin, die Mobiliar, nimmt bereits seit Anbeginn an der Sal\u00e4rstudie teil.<\/p>\n<p><em>Quelle: <a href=\"https:\/\/www.swissict.ch\/\">swissICT<\/a><\/em><\/p>\n","protected":false},"excerpt":{"rendered":"<p>Wer viel verdienen m\u00f6chte, ist in der ICT-Branche gut aufgehoben. Denn dort liegen die L\u00f6hne im Vergleich mit anderen Branchen seit Jahren konstant h\u00f6her. Wenn man die Teuerung ber\u00fccksichtigt und die Zahlen mit dem Vorjahr vergleicht, haben sich die Sal\u00e4re sogar noch leicht erh\u00f6ht. Gem\u00e4ss der swissICT-Sal\u00e4rstudie 2021 betragen die Mediane 2021 bei den Kompetenzstufen [&hellip;]<\/p>\n","protected":false},"author":4,"featured_media":8428,"comment_status":"closed","ping_status":"closed","sticky":false,"template":"","format":"standard","meta":{"_acf_changed":false,"_yoast_wpseo_focuskw":"Sal\u00e4rstudie 2021","_yoast_wpseo_metadesc":"Die swissICT Sal\u00e4rstudie 2021 konstatiert ein leicht steigendes Lohnniveau. Die Angaben basieren auf 36500 Sal\u00e4rnennungen in 272 Betrieben.","articlekey":"","footnotes":""},"categories":[27],"tags":[286,329,459],"class_list":["post-8427","post","type-post","status-publish","format-standard","has-post-thumbnail","hentry","category-it","tag-it","tag-loehne","tag-studie"],"acf":[],"yoast_head":"<!-- This site is optimized with the Yoast SEO plugin v27.5 - https:\/\/yoast.com\/product\/yoast-seo-wordpress\/ -->\n<title>Sal\u00e4rstudie 2021 von swissICT: Lohnniveau bleibt weiterhin hoch - Organisator<\/title>\n<meta name=\"description\" content=\"Die swissICT Sal\u00e4rstudie 2021 konstatiert ein leicht steigendes Lohnniveau. Die Angaben basieren auf 36500 Sal\u00e4rnennungen in 272 Betrieben.\" \/>\n<meta name=\"robots\" content=\"index, follow, max-snippet:-1, max-image-preview:large, max-video-preview:-1\" \/>\n<link rel=\"canonical\" href=\"https:\/\/www.organisator.ch\/de\/management\/it\/2021-08-25\/salaerstudie-2021-von-swissict-lohnniveau-bleibt-weiterhin-hoch\/\" \/>\n<meta property=\"og:locale\" content=\"de_DE\" \/>\n<meta property=\"og:type\" content=\"article\" \/>\n<meta property=\"og:title\" content=\"Sal\u00e4rstudie 2021 von swissICT: Lohnniveau bleibt weiterhin hoch\" \/>\n<meta property=\"og:description\" content=\"Die swissICT Sal\u00e4rstudie 2021 konstatiert ein leicht steigendes Lohnniveau. Die Angaben basieren auf 36500 Sal\u00e4rnennungen in 272 Betrieben.\" \/>\n<meta property=\"og:url\" content=\"https:\/\/www.organisator.ch\/de\/management\/it\/2021-08-25\/salaerstudie-2021-von-swissict-lohnniveau-bleibt-weiterhin-hoch\/\" \/>\n<meta property=\"og:site_name\" content=\"Organisator\" \/>\n<meta property=\"article:publisher\" content=\"https:\/\/www.facebook.com\/OrganisatorFachmagazin\" \/>\n<meta property=\"article:published_time\" content=\"2021-08-25T15:19:02+00:00\" \/>\n<meta property=\"og:image\" content=\"https:\/\/www.organisator.ch\/wp-content\/uploads\/2021\/08\/thisisengineering-raeng-64YrPKiguAE-unsplash.jpg\" \/>\n\t<meta property=\"og:image:width\" content=\"1920\" \/>\n\t<meta property=\"og:image:height\" content=\"1281\" \/>\n\t<meta property=\"og:image:type\" content=\"image\/jpeg\" \/>\n<meta name=\"author\" content=\"thomas.berner\" \/>\n<meta name=\"twitter:card\" content=\"summary_large_image\" \/>\n<meta name=\"twitter:title\" content=\"#Sal\u00e4rstudie 2021 von #swissICT: #Lohnniveau bleibt weiterhin hoch\" \/>\n<meta name=\"twitter:description\" content=\"Die #swissICT Sal\u00e4rstudie 2021 konstatiert ein leicht steigendes #Lohnniveau. Die Angaben basieren auf 36500 Sal\u00e4rnennungen in 272 Betrieben.\" \/>\n<meta name=\"twitter:image\" content=\"https:\/\/www.organisator.ch\/wp-content\/uploads\/2021\/08\/thisisengineering-raeng-64YrPKiguAE-unsplash.jpg\" \/>\n<script type=\"application\/ld+json\" class=\"yoast-schema-graph\">{\"@context\":\"https:\\\/\\\/schema.org\",\"@graph\":[{\"@type\":\"Article\",\"@id\":\"https:\\\/\\\/www.organisator.ch\\\/management\\\/it\\\/2021-08-25\\\/salaerstudie-2021-von-swissict-lohnniveau-bleibt-weiterhin-hoch\\\/#article\",\"isPartOf\":{\"@id\":\"https:\\\/\\\/www.organisator.ch\\\/management\\\/it\\\/2021-08-25\\\/salaerstudie-2021-von-swissict-lohnniveau-bleibt-weiterhin-hoch\\\/\"},\"author\":{\"name\":\"thomas.berner\",\"@id\":\"https:\\\/\\\/www.organisator.ch\\\/#\\\/schema\\\/person\\\/6f650f90b2842cd4c0cc334b4e36f67e\"},\"headline\":\"Sal\u00e4rstudie 2021 von swissICT: Lohnniveau bleibt weiterhin hoch\",\"datePublished\":\"2021-08-25T15:19:02+00:00\",\"mainEntityOfPage\":{\"@id\":\"https:\\\/\\\/www.organisator.ch\\\/management\\\/it\\\/2021-08-25\\\/salaerstudie-2021-von-swissict-lohnniveau-bleibt-weiterhin-hoch\\\/\"},\"wordCount\":519,\"publisher\":{\"@id\":\"https:\\\/\\\/www.organisator.ch\\\/#organization\"},\"image\":{\"@id\":\"https:\\\/\\\/www.organisator.ch\\\/management\\\/it\\\/2021-08-25\\\/salaerstudie-2021-von-swissict-lohnniveau-bleibt-weiterhin-hoch\\\/#primaryimage\"},\"thumbnailUrl\":\"https:\\\/\\\/www.organisator.ch\\\/wp-content\\\/uploads\\\/2021\\\/08\\\/thisisengineering-raeng-64YrPKiguAE-unsplash.jpg\",\"keywords\":[\"IT\",\"L\u00f6hne\",\"Studie\"],\"articleSection\":[\"IT\"],\"inLanguage\":\"de\"},{\"@type\":\"WebPage\",\"@id\":\"https:\\\/\\\/www.organisator.ch\\\/management\\\/it\\\/2021-08-25\\\/salaerstudie-2021-von-swissict-lohnniveau-bleibt-weiterhin-hoch\\\/\",\"url\":\"https:\\\/\\\/www.organisator.ch\\\/management\\\/it\\\/2021-08-25\\\/salaerstudie-2021-von-swissict-lohnniveau-bleibt-weiterhin-hoch\\\/\",\"name\":\"Sal\u00e4rstudie 2021 von swissICT: Lohnniveau bleibt weiterhin hoch - Organisator\",\"isPartOf\":{\"@id\":\"https:\\\/\\\/www.organisator.ch\\\/#website\"},\"primaryImageOfPage\":{\"@id\":\"https:\\\/\\\/www.organisator.ch\\\/management\\\/it\\\/2021-08-25\\\/salaerstudie-2021-von-swissict-lohnniveau-bleibt-weiterhin-hoch\\\/#primaryimage\"},\"image\":{\"@id\":\"https:\\\/\\\/www.organisator.ch\\\/management\\\/it\\\/2021-08-25\\\/salaerstudie-2021-von-swissict-lohnniveau-bleibt-weiterhin-hoch\\\/#primaryimage\"},\"thumbnailUrl\":\"https:\\\/\\\/www.organisator.ch\\\/wp-content\\\/uploads\\\/2021\\\/08\\\/thisisengineering-raeng-64YrPKiguAE-unsplash.jpg\",\"datePublished\":\"2021-08-25T15:19:02+00:00\",\"description\":\"Die swissICT Sal\u00e4rstudie 2021 konstatiert ein leicht steigendes Lohnniveau. Die Angaben basieren auf 36500 Sal\u00e4rnennungen in 272 Betrieben.\",\"breadcrumb\":{\"@id\":\"https:\\\/\\\/www.organisator.ch\\\/management\\\/it\\\/2021-08-25\\\/salaerstudie-2021-von-swissict-lohnniveau-bleibt-weiterhin-hoch\\\/#breadcrumb\"},\"inLanguage\":\"de\",\"potentialAction\":[{\"@type\":\"ReadAction\",\"target\":[\"https:\\\/\\\/www.organisator.ch\\\/management\\\/it\\\/2021-08-25\\\/salaerstudie-2021-von-swissict-lohnniveau-bleibt-weiterhin-hoch\\\/\"]}]},{\"@type\":\"ImageObject\",\"inLanguage\":\"de\",\"@id\":\"https:\\\/\\\/www.organisator.ch\\\/management\\\/it\\\/2021-08-25\\\/salaerstudie-2021-von-swissict-lohnniveau-bleibt-weiterhin-hoch\\\/#primaryimage\",\"url\":\"https:\\\/\\\/www.organisator.ch\\\/wp-content\\\/uploads\\\/2021\\\/08\\\/thisisengineering-raeng-64YrPKiguAE-unsplash.jpg\",\"contentUrl\":\"https:\\\/\\\/www.organisator.ch\\\/wp-content\\\/uploads\\\/2021\\\/08\\\/thisisengineering-raeng-64YrPKiguAE-unsplash.jpg\",\"width\":1920,\"height\":1281,\"caption\":\"IT-Spezialistinnen und -Spezialisten verdienen nach wie vor sehr gut. Dies zeigt die swissICT Sal\u00e4rstudie 2021. (Bild: Unsplash.com)\"},{\"@type\":\"BreadcrumbList\",\"@id\":\"https:\\\/\\\/www.organisator.ch\\\/management\\\/it\\\/2021-08-25\\\/salaerstudie-2021-von-swissict-lohnniveau-bleibt-weiterhin-hoch\\\/#breadcrumb\",\"itemListElement\":[{\"@type\":\"ListItem\",\"position\":1,\"name\":\"Home\",\"item\":\"https:\\\/\\\/www.organisator.ch\\\/\"},{\"@type\":\"ListItem\",\"position\":2,\"name\":\"Sal\u00e4rstudie 2021 von swissICT: Lohnniveau bleibt weiterhin hoch\"}]},{\"@type\":\"WebSite\",\"@id\":\"https:\\\/\\\/www.organisator.ch\\\/#website\",\"url\":\"https:\\\/\\\/www.organisator.ch\\\/\",\"name\":\"Organisator\",\"description\":\"Kompetent. Praxisnah. Der ORGANISATOR bereitet in 10 Ausgaben pro Jahr die wesentlichen Themen f\u00fcr F\u00fchrungskr\u00e4fte von KMU auf.\",\"publisher\":{\"@id\":\"https:\\\/\\\/www.organisator.ch\\\/#organization\"},\"potentialAction\":[{\"@type\":\"SearchAction\",\"target\":{\"@type\":\"EntryPoint\",\"urlTemplate\":\"https:\\\/\\\/www.organisator.ch\\\/?s={search_term_string}\"},\"query-input\":{\"@type\":\"PropertyValueSpecification\",\"valueRequired\":true,\"valueName\":\"search_term_string\"}}],\"inLanguage\":\"de\"},{\"@type\":\"Organization\",\"@id\":\"https:\\\/\\\/www.organisator.ch\\\/#organization\",\"name\":\"Organisator\",\"url\":\"https:\\\/\\\/www.organisator.ch\\\/\",\"logo\":{\"@type\":\"ImageObject\",\"inLanguage\":\"de\",\"@id\":\"https:\\\/\\\/www.organisator.ch\\\/#\\\/schema\\\/logo\\\/image\\\/\",\"url\":\"https:\\\/\\\/www.organisator.ch\\\/wp-content\\\/uploads\\\/2022\\\/01\\\/Logo_Organisator_Website.png\",\"contentUrl\":\"https:\\\/\\\/www.organisator.ch\\\/wp-content\\\/uploads\\\/2022\\\/01\\\/Logo_Organisator_Website.png\",\"width\":800,\"height\":77,\"caption\":\"Organisator\"},\"image\":{\"@id\":\"https:\\\/\\\/www.organisator.ch\\\/#\\\/schema\\\/logo\\\/image\\\/\"},\"sameAs\":[\"https:\\\/\\\/www.facebook.com\\\/OrganisatorFachmagazin\",\"https:\\\/\\\/www.linkedin.com\\\/showcase\\\/organisator-das-magazin-fr-kmu\",\"https:\\\/\\\/www.xing.com\\\/news\\\/pages\\\/organisator-ch-695\",\"https:\\\/\\\/www.youtube.com\\\/channel\\\/UCGP2Sq0iWaZwT3BdIAQFYpw\"]},{\"@type\":\"Person\",\"@id\":\"https:\\\/\\\/www.organisator.ch\\\/#\\\/schema\\\/person\\\/6f650f90b2842cd4c0cc334b4e36f67e\",\"name\":\"thomas.berner\",\"image\":{\"@type\":\"ImageObject\",\"inLanguage\":\"de\",\"@id\":\"https:\\\/\\\/secure.gravatar.com\\\/avatar\\\/ac5001d2a36cb6c6cd3e50789007ffca834b477b74a2144564522e944eabff61?s=96&d=mm&r=g\",\"url\":\"https:\\\/\\\/secure.gravatar.com\\\/avatar\\\/ac5001d2a36cb6c6cd3e50789007ffca834b477b74a2144564522e944eabff61?s=96&d=mm&r=g\",\"contentUrl\":\"https:\\\/\\\/secure.gravatar.com\\\/avatar\\\/ac5001d2a36cb6c6cd3e50789007ffca834b477b74a2144564522e944eabff61?s=96&d=mm&r=g\",\"caption\":\"thomas.berner\"},\"url\":\"https:\\\/\\\/www.organisator.ch\\\/de\\\/author\\\/thomas-berner\\\/\"}]}<\/script>\n<!-- \/ Yoast SEO plugin. -->","yoast_head_json":{"title":"Sal\u00e4rstudie 2021 von swissICT: Lohnniveau bleibt weiterhin hoch - Organisator","description":"Die swissICT Sal\u00e4rstudie 2021 konstatiert ein leicht steigendes Lohnniveau. Die Angaben basieren auf 36500 Sal\u00e4rnennungen in 272 Betrieben.","robots":{"index":"index","follow":"follow","max-snippet":"max-snippet:-1","max-image-preview":"max-image-preview:large","max-video-preview":"max-video-preview:-1"},"canonical":"https:\/\/www.organisator.ch\/de\/management\/it\/2021-08-25\/salaerstudie-2021-von-swissict-lohnniveau-bleibt-weiterhin-hoch\/","og_locale":"de_DE","og_type":"article","og_title":"Sal\u00e4rstudie 2021 von swissICT: Lohnniveau bleibt weiterhin hoch","og_description":"Die swissICT Sal\u00e4rstudie 2021 konstatiert ein leicht steigendes Lohnniveau. Die Angaben basieren auf 36500 Sal\u00e4rnennungen in 272 Betrieben.","og_url":"https:\/\/www.organisator.ch\/de\/management\/it\/2021-08-25\/salaerstudie-2021-von-swissict-lohnniveau-bleibt-weiterhin-hoch\/","og_site_name":"Organisator","article_publisher":"https:\/\/www.facebook.com\/OrganisatorFachmagazin","article_published_time":"2021-08-25T15:19:02+00:00","og_image":[{"width":1920,"height":1281,"url":"https:\/\/www.organisator.ch\/wp-content\/uploads\/2021\/08\/thisisengineering-raeng-64YrPKiguAE-unsplash.jpg","type":"image\/jpeg"}],"author":"thomas.berner","twitter_card":"summary_large_image","twitter_title":"#Sal\u00e4rstudie 2021 von #swissICT: #Lohnniveau bleibt weiterhin hoch","twitter_description":"Die #swissICT Sal\u00e4rstudie 2021 konstatiert ein leicht steigendes #Lohnniveau. Die Angaben basieren auf 36500 Sal\u00e4rnennungen in 272 Betrieben.","twitter_image":"https:\/\/www.organisator.ch\/wp-content\/uploads\/2021\/08\/thisisengineering-raeng-64YrPKiguAE-unsplash.jpg","schema":{"@context":"https:\/\/schema.org","@graph":[{"@type":"Article","@id":"https:\/\/www.organisator.ch\/management\/it\/2021-08-25\/salaerstudie-2021-von-swissict-lohnniveau-bleibt-weiterhin-hoch\/#article","isPartOf":{"@id":"https:\/\/www.organisator.ch\/management\/it\/2021-08-25\/salaerstudie-2021-von-swissict-lohnniveau-bleibt-weiterhin-hoch\/"},"author":{"name":"thomas.berner","@id":"https:\/\/www.organisator.ch\/#\/schema\/person\/6f650f90b2842cd4c0cc334b4e36f67e"},"headline":"Sal\u00e4rstudie 2021 von swissICT: Lohnniveau bleibt weiterhin hoch","datePublished":"2021-08-25T15:19:02+00:00","mainEntityOfPage":{"@id":"https:\/\/www.organisator.ch\/management\/it\/2021-08-25\/salaerstudie-2021-von-swissict-lohnniveau-bleibt-weiterhin-hoch\/"},"wordCount":519,"publisher":{"@id":"https:\/\/www.organisator.ch\/#organization"},"image":{"@id":"https:\/\/www.organisator.ch\/management\/it\/2021-08-25\/salaerstudie-2021-von-swissict-lohnniveau-bleibt-weiterhin-hoch\/#primaryimage"},"thumbnailUrl":"https:\/\/www.organisator.ch\/wp-content\/uploads\/2021\/08\/thisisengineering-raeng-64YrPKiguAE-unsplash.jpg","keywords":["IT","L\u00f6hne","Studie"],"articleSection":["IT"],"inLanguage":"de"},{"@type":"WebPage","@id":"https:\/\/www.organisator.ch\/management\/it\/2021-08-25\/salaerstudie-2021-von-swissict-lohnniveau-bleibt-weiterhin-hoch\/","url":"https:\/\/www.organisator.ch\/management\/it\/2021-08-25\/salaerstudie-2021-von-swissict-lohnniveau-bleibt-weiterhin-hoch\/","name":"Sal\u00e4rstudie 2021 von swissICT: Lohnniveau bleibt weiterhin hoch - Organisator","isPartOf":{"@id":"https:\/\/www.organisator.ch\/#website"},"primaryImageOfPage":{"@id":"https:\/\/www.organisator.ch\/management\/it\/2021-08-25\/salaerstudie-2021-von-swissict-lohnniveau-bleibt-weiterhin-hoch\/#primaryimage"},"image":{"@id":"https:\/\/www.organisator.ch\/management\/it\/2021-08-25\/salaerstudie-2021-von-swissict-lohnniveau-bleibt-weiterhin-hoch\/#primaryimage"},"thumbnailUrl":"https:\/\/www.organisator.ch\/wp-content\/uploads\/2021\/08\/thisisengineering-raeng-64YrPKiguAE-unsplash.jpg","datePublished":"2021-08-25T15:19:02+00:00","description":"Die swissICT Sal\u00e4rstudie 2021 konstatiert ein leicht steigendes Lohnniveau. Die Angaben basieren auf 36500 Sal\u00e4rnennungen in 272 Betrieben.","breadcrumb":{"@id":"https:\/\/www.organisator.ch\/management\/it\/2021-08-25\/salaerstudie-2021-von-swissict-lohnniveau-bleibt-weiterhin-hoch\/#breadcrumb"},"inLanguage":"de","potentialAction":[{"@type":"ReadAction","target":["https:\/\/www.organisator.ch\/management\/it\/2021-08-25\/salaerstudie-2021-von-swissict-lohnniveau-bleibt-weiterhin-hoch\/"]}]},{"@type":"ImageObject","inLanguage":"de","@id":"https:\/\/www.organisator.ch\/management\/it\/2021-08-25\/salaerstudie-2021-von-swissict-lohnniveau-bleibt-weiterhin-hoch\/#primaryimage","url":"https:\/\/www.organisator.ch\/wp-content\/uploads\/2021\/08\/thisisengineering-raeng-64YrPKiguAE-unsplash.jpg","contentUrl":"https:\/\/www.organisator.ch\/wp-content\/uploads\/2021\/08\/thisisengineering-raeng-64YrPKiguAE-unsplash.jpg","width":1920,"height":1281,"caption":"IT-Spezialistinnen und -Spezialisten verdienen nach wie vor sehr gut. Dies zeigt die swissICT Sal\u00e4rstudie 2021. (Bild: Unsplash.com)"},{"@type":"BreadcrumbList","@id":"https:\/\/www.organisator.ch\/management\/it\/2021-08-25\/salaerstudie-2021-von-swissict-lohnniveau-bleibt-weiterhin-hoch\/#breadcrumb","itemListElement":[{"@type":"ListItem","position":1,"name":"Home","item":"https:\/\/www.organisator.ch\/"},{"@type":"ListItem","position":2,"name":"Sal\u00e4rstudie 2021 von swissICT: Lohnniveau bleibt weiterhin hoch"}]},{"@type":"WebSite","@id":"https:\/\/www.organisator.ch\/#website","url":"https:\/\/www.organisator.ch\/","name":"Organisator","description":"Kompetent. Praxisnah. Der ORGANISATOR bereitet in 10 Ausgaben pro Jahr die wesentlichen Themen f\u00fcr F\u00fchrungskr\u00e4fte von KMU auf.","publisher":{"@id":"https:\/\/www.organisator.ch\/#organization"},"potentialAction":[{"@type":"SearchAction","target":{"@type":"EntryPoint","urlTemplate":"https:\/\/www.organisator.ch\/?s={search_term_string}"},"query-input":{"@type":"PropertyValueSpecification","valueRequired":true,"valueName":"search_term_string"}}],"inLanguage":"de"},{"@type":"Organization","@id":"https:\/\/www.organisator.ch\/#organization","name":"Organisator","url":"https:\/\/www.organisator.ch\/","logo":{"@type":"ImageObject","inLanguage":"de","@id":"https:\/\/www.organisator.ch\/#\/schema\/logo\/image\/","url":"https:\/\/www.organisator.ch\/wp-content\/uploads\/2022\/01\/Logo_Organisator_Website.png","contentUrl":"https:\/\/www.organisator.ch\/wp-content\/uploads\/2022\/01\/Logo_Organisator_Website.png","width":800,"height":77,"caption":"Organisator"},"image":{"@id":"https:\/\/www.organisator.ch\/#\/schema\/logo\/image\/"},"sameAs":["https:\/\/www.facebook.com\/OrganisatorFachmagazin","https:\/\/www.linkedin.com\/showcase\/organisator-das-magazin-fr-kmu","https:\/\/www.xing.com\/news\/pages\/organisator-ch-695","https:\/\/www.youtube.com\/channel\/UCGP2Sq0iWaZwT3BdIAQFYpw"]},{"@type":"Person","@id":"https:\/\/www.organisator.ch\/#\/schema\/person\/6f650f90b2842cd4c0cc334b4e36f67e","name":"thomas.berner","image":{"@type":"ImageObject","inLanguage":"de","@id":"https:\/\/secure.gravatar.com\/avatar\/ac5001d2a36cb6c6cd3e50789007ffca834b477b74a2144564522e944eabff61?s=96&d=mm&r=g","url":"https:\/\/secure.gravatar.com\/avatar\/ac5001d2a36cb6c6cd3e50789007ffca834b477b74a2144564522e944eabff61?s=96&d=mm&r=g","contentUrl":"https:\/\/secure.gravatar.com\/avatar\/ac5001d2a36cb6c6cd3e50789007ffca834b477b74a2144564522e944eabff61?s=96&d=mm&r=g","caption":"thomas.berner"},"url":"https:\/\/www.organisator.ch\/de\/author\/thomas-berner\/"}]}},"_links":{"self":[{"href":"https:\/\/www.organisator.ch\/de\/wp-json\/wp\/v2\/posts\/8427","targetHints":{"allow":["GET"]}}],"collection":[{"href":"https:\/\/www.organisator.ch\/de\/wp-json\/wp\/v2\/posts"}],"about":[{"href":"https:\/\/www.organisator.ch\/de\/wp-json\/wp\/v2\/types\/post"}],"author":[{"embeddable":true,"href":"https:\/\/www.organisator.ch\/de\/wp-json\/wp\/v2\/users\/4"}],"replies":[{"embeddable":true,"href":"https:\/\/www.organisator.ch\/de\/wp-json\/wp\/v2\/comments?post=8427"}],"version-history":[{"count":0,"href":"https:\/\/www.organisator.ch\/de\/wp-json\/wp\/v2\/posts\/8427\/revisions"}],"wp:featuredmedia":[{"embeddable":true,"href":"https:\/\/www.organisator.ch\/de\/wp-json\/wp\/v2\/media\/8428"}],"wp:attachment":[{"href":"https:\/\/www.organisator.ch\/de\/wp-json\/wp\/v2\/media?parent=8427"}],"wp:term":[{"taxonomy":"category","embeddable":true,"href":"https:\/\/www.organisator.ch\/de\/wp-json\/wp\/v2\/categories?post=8427"},{"taxonomy":"post_tag","embeddable":true,"href":"https:\/\/www.organisator.ch\/de\/wp-json\/wp\/v2\/tags?post=8427"}],"curies":[{"name":"wp","href":"https:\/\/api.w.org\/{rel}","templated":true}]}}