{"id":8571,"date":"2019-10-28T10:13:17","date_gmt":"2019-10-28T09:13:17","guid":{"rendered":"https:\/\/www.organisator.ch\/?p=5955"},"modified":"2019-10-28T10:13:17","modified_gmt":"2019-10-28T09:13:17","slug":"neue-duftnoten-am-kmu-tag","status":"publish","type":"post","link":"https:\/\/www.organisator.ch\/de\/management\/2019-10-28\/neue-duftnoten-am-kmu-tag\/","title":{"rendered":"Neue Duftnoten am KMU-Tag"},"content":{"rendered":"<figure id=\"attachment_5956\" aria-describedby=\"caption-attachment-5956\" style=\"width: 680px\" class=\"wp-caption alignnone\"><img loading=\"lazy\" decoding=\"async\" class=\"size-medium wp-image-5956\" src=\"https:\/\/www.organisator.ch\/wp-content\/uploads\/2019\/10\/Neue-Duftnoten-am-KMU-Tag-3_Organisator.jpg\" alt=\"\" width=\"680\" height=\"340\" \/><figcaption id=\"caption-attachment-5956\" class=\"wp-caption-text\">Moderator Fabian Unteregger unterh\u00e4lt sich mit den zwei Startup-Unternehmern Susanne Dr\u00f6scher und Martin Fengler. Nicht nur die &#8222;Inspiration-Session&#8220; brachte neue Duftnoten an den KMU-Tag vom 25. Oktober 2019. (Bild: Thomas Berner)<\/figcaption><\/figure>\n<p>Die Konkurrenz von morgen f\u00fcr KMU seien digitale Unternehmen wie Google, Amazon, Facebook &amp; Co, sagte Gastgeber Tobi Wolf in seiner Er\u00f6ffnungs-Keynote. Die St\u00e4rken dieser Unternehmen sei \u2013 trotz ihrer Gr\u00f6sse \u2013 ihre Risikofreudigkeit, die Testmentalit\u00e4t und die Tatsache, dass Wachstum wichtiger sei als Profitabilit\u00e4t. Ebenso im Vordergrund stehe die Kundenorientierung und weniger die Produktzentrierung. KMU hingegen h\u00e4tten stabile Strukturen, Vertrauen, Tradition und Know-How als St\u00e4rken vorzuweisen. Wenn man diese mit jenen der digitalen Unternehmen mit ihrer \u00abStartup-Mentalit\u00e4t\u00bb kombiniere, w\u00fcrden KMU im Wettbewerb unschlagbar. Dazu braucht es einfach mehr Mut, F\u00fchrung, die richtigen Personen am richtigen Ort und \u2013 besonders wichtig \u2013 einfach mal einen ersten kleinen Schritt. \u00abDenn ein solcher kann enorme Wirkung erzielen\u00bb, zeigte Tobi Wolf anhand eines Dominos, wo ein kleiner Klotz \u00fcber eine Kettenreaktion auch den gr\u00f6ssten Block zu kippen vermochte.<\/p>\n<figure id=\"attachment_5960\" aria-describedby=\"caption-attachment-5960\" style=\"width: 680px\" class=\"wp-caption alignnone\"><img loading=\"lazy\" decoding=\"async\" class=\"size-medium wp-image-5960\" src=\"https:\/\/www.organisator.ch\/wp-content\/uploads\/2019\/10\/Neue-Duftnoten-am-KMU-Tag-1_Organisator.jpg\" alt=\"\" width=\"680\" height=\"415\" \/><figcaption id=\"caption-attachment-5960\" class=\"wp-caption-text\">Tobi Wolf bei seiner Er\u00f6ffnungs-Keynote. (Bild: Thomas Berner)<\/figcaption><\/figure>\n<h2>Hanf-Duftnoten am KMU-Tag<\/h2>\n<p>Einen beim ersten Hinh\u00f6ren unkonventionellen Einstieg in sein Referat w\u00e4hlte Roger Koch, Gr\u00fcnder der einzigen unabh\u00e4ngigen Schweizer Zigaretten-Manufaktur. Er machte aus seinem Frust \u00fcber Regulierungen und \u00fcber den zunehmenden Sicherheits- und Gesundheitswahn keinen Hehl. Dies wirke sich auch auf das Unternehmertum auf: \u00abWenn Manager aufh\u00f6ren, riskant zu leben, wie sollen sie denn noch unternehmerische Risiken eingehen k\u00f6nnen?\u00bb fragte Roger Koch rhetorisch. Er selbst ging als Unternehmer mit gutem Beispiel voran: Er trat mit seiner Zigaretten-Manufaktur in einen hochriskanten Markt ein, der von Oligopolen, starken Regulierungen und sinkendem Konsum gepr\u00e4gt ist. Doch mit der Innovation einer neuartigen Hanf-Zigaretten fand sich eine Nische, die m\u00f6glicherweise Potenzial f\u00fcr medizinische Anwendungen bietet. Manch einer probierte dieses Produkt dann in den Pausen auch selbst aus \u2013 der Duft von gerauchtem Hanf war f\u00fcr einmal auch am KMU-Tag unverkennbar\u2026<\/p>\n<figure id=\"attachment_5961\" aria-describedby=\"caption-attachment-5961\" style=\"width: 680px\" class=\"wp-caption alignnone\"><img loading=\"lazy\" decoding=\"async\" class=\"size-medium wp-image-5961\" src=\"https:\/\/www.organisator.ch\/wp-content\/uploads\/2019\/10\/Neue-Duftnoten-am-KMU-Tag-2_Organisator.jpg\" alt=\"\" width=\"680\" height=\"452\" \/><figcaption id=\"caption-attachment-5961\" class=\"wp-caption-text\">Roger Koch sprach nicht nur \u00fcber die Duftnoten der in seiner Zigaretten-Manufaktur entwickelten Hanf-Zigaretten, sondern auch \u00fcber viel Unsinniges, was unsere heutige &#8222;Risiko-Vermeidungs-Kultur&#8220; hervorbringt. (Bild: Thomas Berner)<\/figcaption><\/figure>\n<h2>Kundenorientierung \u00fcber alles<\/h2>\n<p>\u00dcber den Erfolgsfaktor der Kundenorientierung sprach anschliessend Marcus Sch\u00f6gel, Direktor des Instituts f\u00fcr Marketing an der Universit\u00e4t St.Gallen. \u00abDas Zeitalter der Kunden ist angebrochen\u00bb, hielt er fest. Es m\u00fcsse heute darum gehen, neue L\u00f6sungen vom Kunden her zu denken. \u00abInvestitionen in die Kundenzentriertheit zahlen sich aus\u00bb, so Sch\u00f6gel weiter. Dabei gehe es auch darum, Kundenwissen bei den Mitarbeitenden aufzubauen. Dies m\u00fcsse \u00fcber die Motivation der Mitarbeitenden gehen, \u00abimmer das Beste f\u00fcr den Kunden tun zu wollen\u00bb.<\/p>\n<h2>Startups im Wettbewerb vor dem Publikum<\/h2>\n<p>In einer \u00abInspiration-Session\u00bb &#8211; das hatte weniger mit dem oben angesprochenen THC-Gehalt der Atemluft zu tun, sondern mehr mit einem neu eingef\u00fchrten Programmpunkt &#8211; durften anschliessend vier Startups in Form von 8-min\u00fctigen Pitches ihr Gesch\u00e4ftsmodell pr\u00e4sentieren. Kilian Wagner von VIU zeigte, wie sein Unternehmen die Vertriebswege f\u00fcr Brillen quasi neu erfindet, was sich in einer f\u00fcr Kunden attraktiven Preisgestaltung ausdr\u00fcckt. Das Unternehmen Felfel, pr\u00e4sentiert durch Gesch\u00e4ftsf\u00fchrerin Anna Grassler, versorgt immer mehr Betriebe mit gesundem Essen aus einem \u00abintelligenten K\u00fchlschrank\u00bb, der automatisch nachbestellt, wenn etwas fehlt. Martin Fengler von Meteomatics erl\u00e4uterte, wie mit Drohnen Wettervorhersagen noch pr\u00e4ziser werden k\u00f6nnen, was vor allem f\u00fcr wetter-abh\u00e4ngige Unternehmen eine zunehmend wichtige Dienstleistung werden wird. Und Susanne Dr\u00f6scher gr\u00fcndete vor zwei Jahren mit einem Partner die Firma CARU AG. Diese hat ein Ger\u00e4t entwickelt, das \u00fcber Sensoren die Lebensumgebung von mobilit\u00e4ts-eingeschr\u00e4nkten Personen \u00fcberwacht und bei Bedarf Notrufe aussenden kann. In der Gunst Publikums am besten schnitt schliesslich Felfel ab.<\/p>\n<figure id=\"attachment_5959\" aria-describedby=\"caption-attachment-5959\" style=\"width: 680px\" class=\"wp-caption alignnone\"><img loading=\"lazy\" decoding=\"async\" class=\"size-medium wp-image-5959\" src=\"https:\/\/www.organisator.ch\/wp-content\/uploads\/2019\/10\/Neue-Duftnoten-am-KMU-Tag-4_Organisator.jpg\" alt=\"\" width=\"680\" height=\"393\" \/><figcaption id=\"caption-attachment-5959\" class=\"wp-caption-text\">Bergsteiger Stephan Siegrist: Ohne Durchhaltewillen geht im Hochgebirge nichts. (Bild: Thomas Berner)<\/figcaption><\/figure>\n<h2>Von Vertrauen und Durchhaltewillen<\/h2>\n<p>Den letzten Teil des KMU-Tags bestritten als Referenten zum einen Monika Walser und zum anderen Bergsteiger Stephan Siegrist. Monika Walser gab einen eindr\u00fccklichen Einblick in die erste Phase ihrer T\u00e4tigkeit als neue CEO von de Sede AG. Die ersten Tage waren gepr\u00e4gt von Misstrauen und Unsicherheit, und eine Herkulesaufgabe war es, die Belegschaft wieder hinter sich zu scharen. Als Erfolgsrezept erwies sich ihre ehrliche und transparente Kommunikation und den \u2013 dazumal finanziell riskanten \u2013 Entschluss, das Kernst\u00fcck der Produktion, n\u00e4mlich die Leder-Zuschneiderei, wieder ins Haus zur\u00fcckzuholen. Stephan Siegrist wiederum zeigte anhand der Erstdurchsteigung einer \u00fcber 1000 Meter hohen Granitwand im Kashmir, was es bedeutet, trotz widriger Umst\u00e4nde nicht aufzugeben und bis zum Schluss an die Machbarkeit eines Projekts zu glauben \u2013 eine offensichtlich klare Botschaft auch an die Unternehmer.<\/p>\n<p><em><a href=\"http:\/\/www.kmu-tag.ch\">www.kmu-tag.ch<\/a><\/em><\/p>\n","protected":false},"excerpt":{"rendered":"<p>Die Konkurrenz von morgen f\u00fcr KMU seien digitale Unternehmen wie Google, Amazon, Facebook &amp; Co, sagte Gastgeber Tobi Wolf in seiner Er\u00f6ffnungs-Keynote. Die St\u00e4rken dieser Unternehmen sei \u2013 trotz ihrer Gr\u00f6sse \u2013 ihre Risikofreudigkeit, die Testmentalit\u00e4t und die Tatsache, dass Wachstum wichtiger sei als Profitabilit\u00e4t. Ebenso im Vordergrund stehe die Kundenorientierung und weniger die Produktzentrierung. [&hellip;]<\/p>\n","protected":false},"author":4,"featured_media":8471,"comment_status":"closed","ping_status":"closed","sticky":false,"template":"","format":"standard","meta":{"_acf_changed":false,"_yoast_wpseo_focuskw":"Duftnoten","_yoast_wpseo_metadesc":"Der Schweizer KMU-Tag vom 25. Oktober 2019 stand unter dem Motto \u00abKMU im Wettbewerb \u2013 Liefern statt Lafern\u00bb und wartete mit neuen Duftnoten auf.","articlekey":"","footnotes":""},"categories":[28],"tags":[193,335,492],"class_list":["post-8571","post","type-post","status-publish","format-standard","has-post-thumbnail","hentry","category-management","tag-fachkongressfachmesse","tag-management-und-unternehmensfuehrung","tag-unternehmen"],"acf":[],"yoast_head":"<!-- This site is optimized with the Yoast SEO plugin v27.5 - https:\/\/yoast.com\/product\/yoast-seo-wordpress\/ -->\n<title>Neue Duftnoten am KMU-Tag - Organisator<\/title>\n<meta name=\"description\" content=\"Der Schweizer KMU-Tag vom 25. Oktober 2019 stand unter dem Motto \u00abKMU im Wettbewerb \u2013 Liefern statt Lafern\u00bb und wartete mit neuen Duftnoten auf.\" \/>\n<meta name=\"robots\" content=\"index, follow, max-snippet:-1, max-image-preview:large, max-video-preview:-1\" \/>\n<link rel=\"canonical\" href=\"https:\/\/www.organisator.ch\/de\/management\/2019-10-28\/neue-duftnoten-am-kmu-tag\/\" \/>\n<meta property=\"og:locale\" content=\"de_DE\" \/>\n<meta property=\"og:type\" content=\"article\" \/>\n<meta property=\"og:title\" content=\"Neue Duftnoten am KMU-Tag\" \/>\n<meta property=\"og:description\" content=\"Der Schweizer KMU-Tag vom 25. Oktober 2019 stand unter dem Motto \u00abKMU im Wettbewerb \u2013 Liefern statt Lafern\u00bb und wartete mit neuen Duftnoten auf.\" \/>\n<meta property=\"og:url\" content=\"https:\/\/www.organisator.ch\/de\/management\/2019-10-28\/neue-duftnoten-am-kmu-tag\/\" \/>\n<meta property=\"og:site_name\" content=\"Organisator\" \/>\n<meta property=\"article:publisher\" content=\"https:\/\/www.facebook.com\/OrganisatorFachmagazin\" \/>\n<meta property=\"article:published_time\" content=\"2019-10-28T09:13:17+00:00\" \/>\n<meta name=\"author\" content=\"thomas.berner\" \/>\n<meta name=\"twitter:card\" content=\"summary_large_image\" \/>\n<meta name=\"twitter:title\" content=\"Neue Duftnoten am #KMU-Tag\" \/>\n<meta name=\"twitter:description\" content=\"Der Schweizer #KMU-Tag vom 25. Oktober 2019 stand unter dem Motto \u00abKMU im Wettbewerb \u2013 Liefern statt Lafern\u00bb und wartete mit neuen #Duftnoten auf.\" \/>\n<script type=\"application\/ld+json\" class=\"yoast-schema-graph\">{\"@context\":\"https:\\\/\\\/schema.org\",\"@graph\":[{\"@type\":\"Article\",\"@id\":\"https:\\\/\\\/www.organisator.ch\\\/management\\\/2019-10-28\\\/neue-duftnoten-am-kmu-tag\\\/#article\",\"isPartOf\":{\"@id\":\"https:\\\/\\\/www.organisator.ch\\\/management\\\/2019-10-28\\\/neue-duftnoten-am-kmu-tag\\\/\"},\"author\":{\"name\":\"thomas.berner\",\"@id\":\"https:\\\/\\\/www.organisator.ch\\\/#\\\/schema\\\/person\\\/6f650f90b2842cd4c0cc334b4e36f67e\"},\"headline\":\"Neue Duftnoten am KMU-Tag\",\"datePublished\":\"2019-10-28T09:13:17+00:00\",\"mainEntityOfPage\":{\"@id\":\"https:\\\/\\\/www.organisator.ch\\\/management\\\/2019-10-28\\\/neue-duftnoten-am-kmu-tag\\\/\"},\"wordCount\":807,\"publisher\":{\"@id\":\"https:\\\/\\\/www.organisator.ch\\\/#organization\"},\"image\":{\"@id\":\"https:\\\/\\\/www.organisator.ch\\\/management\\\/2019-10-28\\\/neue-duftnoten-am-kmu-tag\\\/#primaryimage\"},\"thumbnailUrl\":\"https:\\\/\\\/www.organisator.ch\\\/wp-content\\\/uploads\\\/2019\\\/10\\\/Neue-Duftnoten-am-KMU-Tag-3_Organisator.jpg\",\"keywords\":[\"Fachkongress\\\/Fachmesse\",\"Management und Unternehmensf\u00fchrung\",\"Unternehmen\"],\"articleSection\":[\"MANAGEMENT\"],\"inLanguage\":\"de\"},{\"@type\":\"WebPage\",\"@id\":\"https:\\\/\\\/www.organisator.ch\\\/management\\\/2019-10-28\\\/neue-duftnoten-am-kmu-tag\\\/\",\"url\":\"https:\\\/\\\/www.organisator.ch\\\/management\\\/2019-10-28\\\/neue-duftnoten-am-kmu-tag\\\/\",\"name\":\"Neue Duftnoten am KMU-Tag - Organisator\",\"isPartOf\":{\"@id\":\"https:\\\/\\\/www.organisator.ch\\\/#website\"},\"primaryImageOfPage\":{\"@id\":\"https:\\\/\\\/www.organisator.ch\\\/management\\\/2019-10-28\\\/neue-duftnoten-am-kmu-tag\\\/#primaryimage\"},\"image\":{\"@id\":\"https:\\\/\\\/www.organisator.ch\\\/management\\\/2019-10-28\\\/neue-duftnoten-am-kmu-tag\\\/#primaryimage\"},\"thumbnailUrl\":\"https:\\\/\\\/www.organisator.ch\\\/wp-content\\\/uploads\\\/2019\\\/10\\\/Neue-Duftnoten-am-KMU-Tag-3_Organisator.jpg\",\"datePublished\":\"2019-10-28T09:13:17+00:00\",\"description\":\"Der Schweizer KMU-Tag vom 25. Oktober 2019 stand unter dem Motto \u00abKMU im Wettbewerb \u2013 Liefern statt Lafern\u00bb und wartete mit neuen Duftnoten auf.\",\"breadcrumb\":{\"@id\":\"https:\\\/\\\/www.organisator.ch\\\/management\\\/2019-10-28\\\/neue-duftnoten-am-kmu-tag\\\/#breadcrumb\"},\"inLanguage\":\"de\",\"potentialAction\":[{\"@type\":\"ReadAction\",\"target\":[\"https:\\\/\\\/www.organisator.ch\\\/management\\\/2019-10-28\\\/neue-duftnoten-am-kmu-tag\\\/\"]}]},{\"@type\":\"ImageObject\",\"inLanguage\":\"de\",\"@id\":\"https:\\\/\\\/www.organisator.ch\\\/management\\\/2019-10-28\\\/neue-duftnoten-am-kmu-tag\\\/#primaryimage\",\"url\":\"https:\\\/\\\/www.organisator.ch\\\/wp-content\\\/uploads\\\/2019\\\/10\\\/Neue-Duftnoten-am-KMU-Tag-3_Organisator.jpg\",\"contentUrl\":\"https:\\\/\\\/www.organisator.ch\\\/wp-content\\\/uploads\\\/2019\\\/10\\\/Neue-Duftnoten-am-KMU-Tag-3_Organisator.jpg\",\"width\":680,\"height\":340,\"caption\":\"Moderator Fabian Unteregger unterh\u00e4lt sich mit den zwei Startup-Unternehmern Susanne Dr\u00f6scher und Martin Fengler. Nicht nur die \\\"Inspiration-Session\\\" brachte neue Duftnoten an den KMU-Tag vom 25. Oktober 2019. (Bild: Thomas Berner)\"},{\"@type\":\"BreadcrumbList\",\"@id\":\"https:\\\/\\\/www.organisator.ch\\\/management\\\/2019-10-28\\\/neue-duftnoten-am-kmu-tag\\\/#breadcrumb\",\"itemListElement\":[{\"@type\":\"ListItem\",\"position\":1,\"name\":\"Home\",\"item\":\"https:\\\/\\\/www.organisator.ch\\\/\"},{\"@type\":\"ListItem\",\"position\":2,\"name\":\"Neue Duftnoten am KMU-Tag\"}]},{\"@type\":\"WebSite\",\"@id\":\"https:\\\/\\\/www.organisator.ch\\\/#website\",\"url\":\"https:\\\/\\\/www.organisator.ch\\\/\",\"name\":\"Organisator\",\"description\":\"Kompetent. Praxisnah. Der ORGANISATOR bereitet in 10 Ausgaben pro Jahr die wesentlichen Themen f\u00fcr F\u00fchrungskr\u00e4fte von KMU auf.\",\"publisher\":{\"@id\":\"https:\\\/\\\/www.organisator.ch\\\/#organization\"},\"potentialAction\":[{\"@type\":\"SearchAction\",\"target\":{\"@type\":\"EntryPoint\",\"urlTemplate\":\"https:\\\/\\\/www.organisator.ch\\\/?s={search_term_string}\"},\"query-input\":{\"@type\":\"PropertyValueSpecification\",\"valueRequired\":true,\"valueName\":\"search_term_string\"}}],\"inLanguage\":\"de\"},{\"@type\":\"Organization\",\"@id\":\"https:\\\/\\\/www.organisator.ch\\\/#organization\",\"name\":\"Organisator\",\"url\":\"https:\\\/\\\/www.organisator.ch\\\/\",\"logo\":{\"@type\":\"ImageObject\",\"inLanguage\":\"de\",\"@id\":\"https:\\\/\\\/www.organisator.ch\\\/#\\\/schema\\\/logo\\\/image\\\/\",\"url\":\"https:\\\/\\\/www.organisator.ch\\\/wp-content\\\/uploads\\\/2022\\\/01\\\/Logo_Organisator_Website.png\",\"contentUrl\":\"https:\\\/\\\/www.organisator.ch\\\/wp-content\\\/uploads\\\/2022\\\/01\\\/Logo_Organisator_Website.png\",\"width\":800,\"height\":77,\"caption\":\"Organisator\"},\"image\":{\"@id\":\"https:\\\/\\\/www.organisator.ch\\\/#\\\/schema\\\/logo\\\/image\\\/\"},\"sameAs\":[\"https:\\\/\\\/www.facebook.com\\\/OrganisatorFachmagazin\",\"https:\\\/\\\/www.linkedin.com\\\/showcase\\\/organisator-das-magazin-fr-kmu\",\"https:\\\/\\\/www.xing.com\\\/news\\\/pages\\\/organisator-ch-695\",\"https:\\\/\\\/www.youtube.com\\\/channel\\\/UCGP2Sq0iWaZwT3BdIAQFYpw\"]},{\"@type\":\"Person\",\"@id\":\"https:\\\/\\\/www.organisator.ch\\\/#\\\/schema\\\/person\\\/6f650f90b2842cd4c0cc334b4e36f67e\",\"name\":\"thomas.berner\",\"image\":{\"@type\":\"ImageObject\",\"inLanguage\":\"de\",\"@id\":\"https:\\\/\\\/secure.gravatar.com\\\/avatar\\\/ac5001d2a36cb6c6cd3e50789007ffca834b477b74a2144564522e944eabff61?s=96&d=mm&r=g\",\"url\":\"https:\\\/\\\/secure.gravatar.com\\\/avatar\\\/ac5001d2a36cb6c6cd3e50789007ffca834b477b74a2144564522e944eabff61?s=96&d=mm&r=g\",\"contentUrl\":\"https:\\\/\\\/secure.gravatar.com\\\/avatar\\\/ac5001d2a36cb6c6cd3e50789007ffca834b477b74a2144564522e944eabff61?s=96&d=mm&r=g\",\"caption\":\"thomas.berner\"},\"url\":\"https:\\\/\\\/www.organisator.ch\\\/de\\\/author\\\/thomas-berner\\\/\"}]}<\/script>\n<!-- \/ Yoast SEO plugin. -->","yoast_head_json":{"title":"Neue Duftnoten am KMU-Tag - Organisator","description":"Der Schweizer KMU-Tag vom 25. Oktober 2019 stand unter dem Motto \u00abKMU im Wettbewerb \u2013 Liefern statt Lafern\u00bb und wartete mit neuen Duftnoten auf.","robots":{"index":"index","follow":"follow","max-snippet":"max-snippet:-1","max-image-preview":"max-image-preview:large","max-video-preview":"max-video-preview:-1"},"canonical":"https:\/\/www.organisator.ch\/de\/management\/2019-10-28\/neue-duftnoten-am-kmu-tag\/","og_locale":"de_DE","og_type":"article","og_title":"Neue Duftnoten am KMU-Tag","og_description":"Der Schweizer KMU-Tag vom 25. Oktober 2019 stand unter dem Motto \u00abKMU im Wettbewerb \u2013 Liefern statt Lafern\u00bb und wartete mit neuen Duftnoten auf.","og_url":"https:\/\/www.organisator.ch\/de\/management\/2019-10-28\/neue-duftnoten-am-kmu-tag\/","og_site_name":"Organisator","article_publisher":"https:\/\/www.facebook.com\/OrganisatorFachmagazin","article_published_time":"2019-10-28T09:13:17+00:00","author":"thomas.berner","twitter_card":"summary_large_image","twitter_title":"Neue Duftnoten am #KMU-Tag","twitter_description":"Der Schweizer #KMU-Tag vom 25. Oktober 2019 stand unter dem Motto \u00abKMU im Wettbewerb \u2013 Liefern statt Lafern\u00bb und wartete mit neuen #Duftnoten auf.","schema":{"@context":"https:\/\/schema.org","@graph":[{"@type":"Article","@id":"https:\/\/www.organisator.ch\/management\/2019-10-28\/neue-duftnoten-am-kmu-tag\/#article","isPartOf":{"@id":"https:\/\/www.organisator.ch\/management\/2019-10-28\/neue-duftnoten-am-kmu-tag\/"},"author":{"name":"thomas.berner","@id":"https:\/\/www.organisator.ch\/#\/schema\/person\/6f650f90b2842cd4c0cc334b4e36f67e"},"headline":"Neue Duftnoten am KMU-Tag","datePublished":"2019-10-28T09:13:17+00:00","mainEntityOfPage":{"@id":"https:\/\/www.organisator.ch\/management\/2019-10-28\/neue-duftnoten-am-kmu-tag\/"},"wordCount":807,"publisher":{"@id":"https:\/\/www.organisator.ch\/#organization"},"image":{"@id":"https:\/\/www.organisator.ch\/management\/2019-10-28\/neue-duftnoten-am-kmu-tag\/#primaryimage"},"thumbnailUrl":"https:\/\/www.organisator.ch\/wp-content\/uploads\/2019\/10\/Neue-Duftnoten-am-KMU-Tag-3_Organisator.jpg","keywords":["Fachkongress\/Fachmesse","Management und Unternehmensf\u00fchrung","Unternehmen"],"articleSection":["MANAGEMENT"],"inLanguage":"de"},{"@type":"WebPage","@id":"https:\/\/www.organisator.ch\/management\/2019-10-28\/neue-duftnoten-am-kmu-tag\/","url":"https:\/\/www.organisator.ch\/management\/2019-10-28\/neue-duftnoten-am-kmu-tag\/","name":"Neue Duftnoten am KMU-Tag - Organisator","isPartOf":{"@id":"https:\/\/www.organisator.ch\/#website"},"primaryImageOfPage":{"@id":"https:\/\/www.organisator.ch\/management\/2019-10-28\/neue-duftnoten-am-kmu-tag\/#primaryimage"},"image":{"@id":"https:\/\/www.organisator.ch\/management\/2019-10-28\/neue-duftnoten-am-kmu-tag\/#primaryimage"},"thumbnailUrl":"https:\/\/www.organisator.ch\/wp-content\/uploads\/2019\/10\/Neue-Duftnoten-am-KMU-Tag-3_Organisator.jpg","datePublished":"2019-10-28T09:13:17+00:00","description":"Der Schweizer KMU-Tag vom 25. Oktober 2019 stand unter dem Motto \u00abKMU im Wettbewerb \u2013 Liefern statt Lafern\u00bb und wartete mit neuen Duftnoten auf.","breadcrumb":{"@id":"https:\/\/www.organisator.ch\/management\/2019-10-28\/neue-duftnoten-am-kmu-tag\/#breadcrumb"},"inLanguage":"de","potentialAction":[{"@type":"ReadAction","target":["https:\/\/www.organisator.ch\/management\/2019-10-28\/neue-duftnoten-am-kmu-tag\/"]}]},{"@type":"ImageObject","inLanguage":"de","@id":"https:\/\/www.organisator.ch\/management\/2019-10-28\/neue-duftnoten-am-kmu-tag\/#primaryimage","url":"https:\/\/www.organisator.ch\/wp-content\/uploads\/2019\/10\/Neue-Duftnoten-am-KMU-Tag-3_Organisator.jpg","contentUrl":"https:\/\/www.organisator.ch\/wp-content\/uploads\/2019\/10\/Neue-Duftnoten-am-KMU-Tag-3_Organisator.jpg","width":680,"height":340,"caption":"Moderator Fabian Unteregger unterh\u00e4lt sich mit den zwei Startup-Unternehmern Susanne Dr\u00f6scher und Martin Fengler. Nicht nur die \"Inspiration-Session\" brachte neue Duftnoten an den KMU-Tag vom 25. Oktober 2019. (Bild: Thomas Berner)"},{"@type":"BreadcrumbList","@id":"https:\/\/www.organisator.ch\/management\/2019-10-28\/neue-duftnoten-am-kmu-tag\/#breadcrumb","itemListElement":[{"@type":"ListItem","position":1,"name":"Home","item":"https:\/\/www.organisator.ch\/"},{"@type":"ListItem","position":2,"name":"Neue Duftnoten am KMU-Tag"}]},{"@type":"WebSite","@id":"https:\/\/www.organisator.ch\/#website","url":"https:\/\/www.organisator.ch\/","name":"Organisator","description":"Kompetent. Praxisnah. Der ORGANISATOR bereitet in 10 Ausgaben pro Jahr die wesentlichen Themen f\u00fcr F\u00fchrungskr\u00e4fte von KMU auf.","publisher":{"@id":"https:\/\/www.organisator.ch\/#organization"},"potentialAction":[{"@type":"SearchAction","target":{"@type":"EntryPoint","urlTemplate":"https:\/\/www.organisator.ch\/?s={search_term_string}"},"query-input":{"@type":"PropertyValueSpecification","valueRequired":true,"valueName":"search_term_string"}}],"inLanguage":"de"},{"@type":"Organization","@id":"https:\/\/www.organisator.ch\/#organization","name":"Organisator","url":"https:\/\/www.organisator.ch\/","logo":{"@type":"ImageObject","inLanguage":"de","@id":"https:\/\/www.organisator.ch\/#\/schema\/logo\/image\/","url":"https:\/\/www.organisator.ch\/wp-content\/uploads\/2022\/01\/Logo_Organisator_Website.png","contentUrl":"https:\/\/www.organisator.ch\/wp-content\/uploads\/2022\/01\/Logo_Organisator_Website.png","width":800,"height":77,"caption":"Organisator"},"image":{"@id":"https:\/\/www.organisator.ch\/#\/schema\/logo\/image\/"},"sameAs":["https:\/\/www.facebook.com\/OrganisatorFachmagazin","https:\/\/www.linkedin.com\/showcase\/organisator-das-magazin-fr-kmu","https:\/\/www.xing.com\/news\/pages\/organisator-ch-695","https:\/\/www.youtube.com\/channel\/UCGP2Sq0iWaZwT3BdIAQFYpw"]},{"@type":"Person","@id":"https:\/\/www.organisator.ch\/#\/schema\/person\/6f650f90b2842cd4c0cc334b4e36f67e","name":"thomas.berner","image":{"@type":"ImageObject","inLanguage":"de","@id":"https:\/\/secure.gravatar.com\/avatar\/ac5001d2a36cb6c6cd3e50789007ffca834b477b74a2144564522e944eabff61?s=96&d=mm&r=g","url":"https:\/\/secure.gravatar.com\/avatar\/ac5001d2a36cb6c6cd3e50789007ffca834b477b74a2144564522e944eabff61?s=96&d=mm&r=g","contentUrl":"https:\/\/secure.gravatar.com\/avatar\/ac5001d2a36cb6c6cd3e50789007ffca834b477b74a2144564522e944eabff61?s=96&d=mm&r=g","caption":"thomas.berner"},"url":"https:\/\/www.organisator.ch\/de\/author\/thomas-berner\/"}]}},"_links":{"self":[{"href":"https:\/\/www.organisator.ch\/de\/wp-json\/wp\/v2\/posts\/8571","targetHints":{"allow":["GET"]}}],"collection":[{"href":"https:\/\/www.organisator.ch\/de\/wp-json\/wp\/v2\/posts"}],"about":[{"href":"https:\/\/www.organisator.ch\/de\/wp-json\/wp\/v2\/types\/post"}],"author":[{"embeddable":true,"href":"https:\/\/www.organisator.ch\/de\/wp-json\/wp\/v2\/users\/4"}],"replies":[{"embeddable":true,"href":"https:\/\/www.organisator.ch\/de\/wp-json\/wp\/v2\/comments?post=8571"}],"version-history":[{"count":0,"href":"https:\/\/www.organisator.ch\/de\/wp-json\/wp\/v2\/posts\/8571\/revisions"}],"wp:featuredmedia":[{"embeddable":true,"href":"https:\/\/www.organisator.ch\/de\/wp-json\/wp\/v2\/media\/8471"}],"wp:attachment":[{"href":"https:\/\/www.organisator.ch\/de\/wp-json\/wp\/v2\/media?parent=8571"}],"wp:term":[{"taxonomy":"category","embeddable":true,"href":"https:\/\/www.organisator.ch\/de\/wp-json\/wp\/v2\/categories?post=8571"},{"taxonomy":"post_tag","embeddable":true,"href":"https:\/\/www.organisator.ch\/de\/wp-json\/wp\/v2\/tags?post=8571"}],"curies":[{"name":"wp","href":"https:\/\/api.w.org\/{rel}","templated":true}]}}