{"id":8573,"date":"2019-10-30T09:33:07","date_gmt":"2019-10-30T08:33:07","guid":{"rendered":"https:\/\/www.organisator.ch\/?p=5966"},"modified":"2019-10-30T09:33:07","modified_gmt":"2019-10-30T08:33:07","slug":"vorhersagen-zur-it-sicherheit-im-jahr-2020","status":"publish","type":"post","link":"https:\/\/www.organisator.ch\/de\/management\/it\/2019-10-30\/vorhersagen-zur-it-sicherheit-im-jahr-2020\/","title":{"rendered":"Vorhersagen zur IT-Sicherheit im Jahr 2020"},"content":{"rendered":"<figure id=\"attachment_5967\" aria-describedby=\"caption-attachment-5967\" style=\"width: 680px\" class=\"wp-caption alignnone\"><img loading=\"lazy\" decoding=\"async\" class=\"size-medium wp-image-5967\" src=\"https:\/\/www.organisator.ch\/wp-content\/uploads\/2019\/10\/Vorhersagen-zur-IT-Sicherheit-im-Jahr-2020_Organisator.jpg\" alt=\"\" width=\"680\" height=\"383\" \/><figcaption id=\"caption-attachment-5967\" class=\"wp-caption-text\">IT-Sicherheit im Jahr 2020: Welche Trends stehen im Vordergrund? (Bild: Pixabay.com)<\/figcaption><\/figure>\n<p>Aus den Sicherheitsentwicklungen der letzten Jahre lassen sich R\u00fcckschl\u00fcsse dar\u00fcber ziehen, was in den n\u00e4chsten zw\u00f6lf Monaten in der Cybersicherheit wahrscheinlich passieren wird. Hier sind die wichtigsten Trends zur IT-Sicherheit im Jahr 2020, die <a href=\"http:\/\/www.checkpoint.com\">Check Point<\/a> erwartet.<\/p>\n<h2>Technologische Vorhersagen f\u00fcr 2020<\/h2>\n<ol>\n<li><strong>Gezielte Ransomware<\/strong> \u2013 2019 wurden Ransomware-Angriffe gezielt gegen Unternehmen, lokale Beh\u00f6rden und Gesundheitseinrichtungen eingesetzt. Angreifer verbringen viel Zeit damit, Informationen \u00fcber ihre Opfer zu sammeln, um sicherzustellen, dass sie f\u00fcr maximale Sch\u00e4den sorgen k\u00f6nnen. Die H\u00f6he der verlangten L\u00f6segelder wird entsprechend nach oben getrieben. Die Angriffe sind so wirksam geworden, dass sogar das FBI seine Haltung zur Zahlung von L\u00f6segeldern gemildert hat: Die Beh\u00f6rde erkennt nun an, dass in einigen F\u00e4llen die betroffenen Unternehmen die Bezahlung in Betracht ziehen m\u00fcssen, um Aktion\u00e4re, Mitarbeiter und Kunden zu sch\u00fctzen.<\/li>\n<li><strong>Phishing-Angriffe gehen \u00fcber E-Mail-Verkehr hinaus<\/strong> \u2013 W\u00e4hrend E-Mail der Angriffsvektor Nummer eins bleibt, verwenden Cyberkriminelle auch eine Vielzahl anderer Methoden, um pers\u00f6nliche Daten, Anmeldeinformationen oder sogar Geld von ihren Opfern zu stehlen. Phishing umfasst zunehmend SMS-Angriffe auf Mobiltelefone oder die Nutzung von Messenger-L\u00f6sungen auf Social Media und Spieleplattformen.<\/li>\n<li><strong>Mobile Malware-Angriffe werden intensiviert<\/strong> \u2013 Im ersten Halbjahr 2019 stiegen die Angriffe von Mobile Banking Malware im Vergleich zu 2018 um 50 Prozent. Solche Malware kann Zahlungsdaten, Zugriffsinformationen und Gelder von den Bankkonten der Opfer stehlen. Neue Versionen sind im Dark Net sogar f\u00fcr die Verbreitung durch jedermann verf\u00fcgbar, der bereit ist, die Entwickler der Malware zu bezahlen \u2013 \u00e4hnlich einem Franchising-Verfahren. Phishing-Angriffe werden auch ausgefeilter, effektiver und locken mobile Nutzer dazu, auf b\u00f6sartige Weblinks zu klicken.<\/li>\n<li><strong>Der Aufstieg der Cyber-Versicherung<\/strong> \u2013 Mehr Cyber-Versicherungen werden von Unternehmen und \u00f6ffentlichen Einrichtungen abgeschlossen. Die Versicherungsgesellschaften werden ihre Versicherungsnehmer weiterhin zur Zahlung von L\u00f6segeldern anleiten, da dies billiger sein kann als die Kosten f\u00fcr die Wiederherstellung der Systeme nach einem Angriff. Dies wird wiederum zu mehr Angriffen einerseits und schnellem Wachstum der Cyber-Versicherungs-Branche andererseits f\u00fchren.<\/li>\n<li><strong>Mehr IoT-Ger\u00e4te bringen mehr Risiken<\/strong> \u2013 Mit dem Ausbau von 5G-Netzwerken wird sich der Einsatz von IoT-Ger\u00e4ten drastisch beschleunigen, doch gleichzeitig die Anf\u00e4lligkeit von Netzwerken f\u00fcr grossfl\u00e4chige, multi-vektor-Cyber-Angriffe der Gen V massiv erh\u00f6hen. IoT-Ger\u00e4te und ihre Verbindungen zu Rechenzentren und Clouds sind nach wie vor ein Schwachpunkt in der Sicherheit: Es ist schwierig, einen \u00dcberblick aller verbundenen Ger\u00e4te zu bekommen. Ausserdem ist ihre Absicherung sehr komplex gestaltet. Alle Firmen m\u00fcssen einen ganzheitlicheren Ansatz f\u00fcr die IoT-Sicherheit entwickeln, der traditionelle und moderne Kontrollen kombiniert. Nur dann k\u00f6nnen diese st\u00e4ndig wachsenden Netzwerke in allen Branchen und Gesch\u00e4ftsbereichen gesch\u00fctzt werden.<\/li>\n<li><strong>Mehr personenbezogene Daten wegen 5G<\/strong> \u2013 Die Bandbreiten, die 5G erm\u00f6glicht, werden eine Explosion an verbundenen Ger\u00e4ten und Sensoren ausl\u00f6sen. Sogenannte eHealth-Anwendungen sammeln Daten \u00fcber das Wohlbefinden der Benutzer, vernetzte Autodienste \u00fcberwachen die Bewegungen der Anwender. Smart City-Programme sammeln ausserdem Informationen dar\u00fcber, wie B\u00fcrger leben. Dieses st\u00e4ndig wachsende Volumen an personenbezogenen Daten muss vor Verletzungen und Diebstahl gesch\u00fctzt werden.<\/li>\n<li><strong>KI wird die Sicherheitsreaktionen beschleunigen<\/strong> \u2013 Die meisten Sicherheitsl\u00f6sungen basieren auf Erkennungsmodellen, gestaltet nach menschlicher Logik. Um sie f\u00fcr die neuesten Bedrohungen bereit zu machen und auf dem neuesten Stand der Technologien und Ger\u00e4te zu halten, braucht es k\u00fcnstliche Intelligenz (KI). Die KI beschleunigt die Identifizierung neuer Bedrohungen und deren Reaktion darauf drastisch. Ausserdem hilft sie, Angriffe zu blockieren, bevor diese sich ausbreiten k\u00f6nnen. Cyberkriminelle beginnen jedoch auch, die gleichen Techniken zu nutzen, um Netzwerke effektiv auf Schwachstellen zu durchsuchen und passende Malware zu entwickeln.<\/li>\n<li><strong>Sicherheitsl\u00f6sungen mit der Geschwindigkeit von DevOps-Teams<\/strong> \u2013 Unternehmen f\u00fchren bereits einen Grossteil ihrer Workloads in der Cloud aus, aber der Kenntnisstand \u00fcber die Absicherung der Cloud bleibt gering. Das Prinzip der geteilten Verantwortung ist noch nicht voll ins Bewusstsein der Verantwortlichen gelangt. Sicherheitsl\u00f6sungen m\u00fcssen sich zu neuen, flexiblen, Cloud-basierten Architekturen weiterentwickeln, die skalierbaren Schutz mit der Geschwindigkeit von DevOps-Teams bieten.<\/li>\n<li><strong>Unternehmen \u00fcberdenken ihren Cloud-Ansatz<\/strong> \u2013 Wegen der zunehmenden Abh\u00e4ngigkeit von Public Cloud-Infrastrukturen sind Unternehmen dem Risiko von Ausf\u00e4llen ausgesetzt. Als Beispiel dient die Betriebsst\u00f6rung der Google Cloud im M\u00e4rz 2019. Unternehmen werden sich ihre bestehenden Rechenzentrums- und Cloud-Konzepte ansehen und hybride Umgebungen aus privaten und \u00f6ffentlichen Clouds sowie Rechenzentren in Betracht ziehen.<\/li>\n<\/ol>\n<h2>Fazit f\u00fcr die IT-Sicherheit im Jahr 2020<\/h2>\n<p>Niemand kann wirklich in die Zukunft sehen und tats\u00e4chlich vorhersagen, welche Sicherheitsbedrohungen im Jahr 2020 wichtig oder welche Themen bedeutsam werden. Doch Wahrscheinlichkeiten lassen sich einsch\u00e4tzen und sicher ist, dass die heutige, weit vernetzte Welt mehr M\u00f6glichkeiten f\u00fcr Cyberkriminelle schafft und jede IT-Umgebung zum potenziellen Ziel wird: lokale Netzwerke, Cloud-, Mobil- und IoT-Ger\u00e4te. Nichts ist unantastbar. Daher m\u00fcssen Unternehmen und Nutzer sich wappnen. Ein Hilfsmittel ist die Ber\u00fccksichtigung bereits bekannter, fortschrittlicher Bedrohungsinformationen, um einheitliche Sicherheitsarchitekturen bauen zu k\u00f6nnen. Das erm\u00f6glicht es Unternehmen jeder Gr\u00f6sse, sich gegen die neuen Angriffe zu sch\u00fctzen, die Abwehr weitestgehend zu automatisieren, zu spezialisieren und mit mehr Ruhe auf die Gefahren zu blicken, die das neue Jahr f\u00fcr sie bereith\u00e4lt.<\/p>\n<p><em>Autorin:<br \/>\nSonja Meindl ist Check Point Country Manager Schweiz und \u00d6sterreich.<br \/>\n<\/em><\/p>\n","protected":false},"excerpt":{"rendered":"<p>Aus den Sicherheitsentwicklungen der letzten Jahre lassen sich R\u00fcckschl\u00fcsse dar\u00fcber ziehen, was in den n\u00e4chsten zw\u00f6lf Monaten in der Cybersicherheit wahrscheinlich passieren wird. Hier sind die wichtigsten Trends zur IT-Sicherheit im Jahr 2020, die Check Point erwartet. Technologische Vorhersagen f\u00fcr 2020 Gezielte Ransomware \u2013 2019 wurden Ransomware-Angriffe gezielt gegen Unternehmen, lokale Beh\u00f6rden und Gesundheitseinrichtungen eingesetzt. [&hellip;]<\/p>\n","protected":false},"author":4,"featured_media":8476,"comment_status":"closed","ping_status":"closed","sticky":false,"template":"","format":"standard","meta":{"_acf_changed":false,"_yoast_wpseo_focuskw":"IT-Sicherheit im Jahr 2020","_yoast_wpseo_metadesc":"Fachpersonen sind sich einig: der IT-Sicherheit im Jahr 2020 wird erneut viel Aufmerksamkeit zukommen m\u00fcssen. Eine Expertin gibt erste Prognosen ab.","articlekey":"","footnotes":""},"categories":[27],"tags":[142,260,286],"class_list":["post-8573","post","type-post","status-publish","format-standard","has-post-thumbnail","hentry","category-it","tag-cyber-crime","tag-ict-sicherheit","tag-it"],"acf":[],"yoast_head":"<!-- This site is optimized with the Yoast SEO plugin v27.5 - https:\/\/yoast.com\/product\/yoast-seo-wordpress\/ -->\n<title>Vorhersagen zur IT-Sicherheit im Jahr 2020 - Organisator<\/title>\n<meta name=\"description\" content=\"Fachpersonen sind sich einig: der IT-Sicherheit im Jahr 2020 wird erneut viel Aufmerksamkeit zukommen m\u00fcssen. Eine Expertin gibt erste Prognosen ab.\" \/>\n<meta name=\"robots\" content=\"index, follow, max-snippet:-1, max-image-preview:large, max-video-preview:-1\" \/>\n<link rel=\"canonical\" href=\"https:\/\/www.organisator.ch\/de\/management\/it\/2019-10-30\/vorhersagen-zur-it-sicherheit-im-jahr-2020\/\" \/>\n<meta property=\"og:locale\" content=\"de_DE\" \/>\n<meta property=\"og:type\" content=\"article\" \/>\n<meta property=\"og:title\" content=\"Vorhersagen zur IT-Sicherheit im Jahr 2020\" \/>\n<meta property=\"og:description\" content=\"Fachpersonen sind sich einig: der IT-Sicherheit im Jahr 2020 wird erneut viel Aufmerksamkeit zukommen m\u00fcssen. Eine Expertin gibt erste Prognosen ab.\" \/>\n<meta property=\"og:url\" content=\"https:\/\/www.organisator.ch\/de\/management\/it\/2019-10-30\/vorhersagen-zur-it-sicherheit-im-jahr-2020\/\" \/>\n<meta property=\"og:site_name\" content=\"Organisator\" \/>\n<meta property=\"article:publisher\" content=\"https:\/\/www.facebook.com\/OrganisatorFachmagazin\" \/>\n<meta property=\"article:published_time\" content=\"2019-10-30T08:33:07+00:00\" \/>\n<meta name=\"author\" content=\"thomas.berner\" \/>\n<meta name=\"twitter:card\" content=\"summary_large_image\" \/>\n<meta name=\"twitter:title\" content=\"Vorhersagen zur #IT-Sicherheit im Jahr 2020\" \/>\n<meta name=\"twitter:description\" content=\"Fachpersonen sind sich einig: der #IT-Sicherheit im Jahr 2020 wird erneut viel Aufmerksamkeit zukommen m\u00fcssen. Eine Expertin gibt erste #Prognosen ab.\" \/>\n<script type=\"application\/ld+json\" class=\"yoast-schema-graph\">{\"@context\":\"https:\\\/\\\/schema.org\",\"@graph\":[{\"@type\":\"Article\",\"@id\":\"https:\\\/\\\/www.organisator.ch\\\/management\\\/it\\\/2019-10-30\\\/vorhersagen-zur-it-sicherheit-im-jahr-2020\\\/#article\",\"isPartOf\":{\"@id\":\"https:\\\/\\\/www.organisator.ch\\\/management\\\/it\\\/2019-10-30\\\/vorhersagen-zur-it-sicherheit-im-jahr-2020\\\/\"},\"author\":{\"name\":\"thomas.berner\",\"@id\":\"https:\\\/\\\/www.organisator.ch\\\/#\\\/schema\\\/person\\\/6f650f90b2842cd4c0cc334b4e36f67e\"},\"headline\":\"Vorhersagen zur IT-Sicherheit im Jahr 2020\",\"datePublished\":\"2019-10-30T08:33:07+00:00\",\"mainEntityOfPage\":{\"@id\":\"https:\\\/\\\/www.organisator.ch\\\/management\\\/it\\\/2019-10-30\\\/vorhersagen-zur-it-sicherheit-im-jahr-2020\\\/\"},\"wordCount\":872,\"publisher\":{\"@id\":\"https:\\\/\\\/www.organisator.ch\\\/#organization\"},\"image\":{\"@id\":\"https:\\\/\\\/www.organisator.ch\\\/management\\\/it\\\/2019-10-30\\\/vorhersagen-zur-it-sicherheit-im-jahr-2020\\\/#primaryimage\"},\"thumbnailUrl\":\"https:\\\/\\\/www.organisator.ch\\\/wp-content\\\/uploads\\\/2019\\\/10\\\/Vorhersagen-zur-IT-Sicherheit-im-Jahr-2020_Organisator.jpg\",\"keywords\":[\"Cyber-Crime\",\"ICT-Sicherheit\",\"IT\"],\"articleSection\":[\"IT\"],\"inLanguage\":\"de\"},{\"@type\":\"WebPage\",\"@id\":\"https:\\\/\\\/www.organisator.ch\\\/management\\\/it\\\/2019-10-30\\\/vorhersagen-zur-it-sicherheit-im-jahr-2020\\\/\",\"url\":\"https:\\\/\\\/www.organisator.ch\\\/management\\\/it\\\/2019-10-30\\\/vorhersagen-zur-it-sicherheit-im-jahr-2020\\\/\",\"name\":\"Vorhersagen zur IT-Sicherheit im Jahr 2020 - Organisator\",\"isPartOf\":{\"@id\":\"https:\\\/\\\/www.organisator.ch\\\/#website\"},\"primaryImageOfPage\":{\"@id\":\"https:\\\/\\\/www.organisator.ch\\\/management\\\/it\\\/2019-10-30\\\/vorhersagen-zur-it-sicherheit-im-jahr-2020\\\/#primaryimage\"},\"image\":{\"@id\":\"https:\\\/\\\/www.organisator.ch\\\/management\\\/it\\\/2019-10-30\\\/vorhersagen-zur-it-sicherheit-im-jahr-2020\\\/#primaryimage\"},\"thumbnailUrl\":\"https:\\\/\\\/www.organisator.ch\\\/wp-content\\\/uploads\\\/2019\\\/10\\\/Vorhersagen-zur-IT-Sicherheit-im-Jahr-2020_Organisator.jpg\",\"datePublished\":\"2019-10-30T08:33:07+00:00\",\"description\":\"Fachpersonen sind sich einig: der IT-Sicherheit im Jahr 2020 wird erneut viel Aufmerksamkeit zukommen m\u00fcssen. Eine Expertin gibt erste Prognosen ab.\",\"breadcrumb\":{\"@id\":\"https:\\\/\\\/www.organisator.ch\\\/management\\\/it\\\/2019-10-30\\\/vorhersagen-zur-it-sicherheit-im-jahr-2020\\\/#breadcrumb\"},\"inLanguage\":\"de\",\"potentialAction\":[{\"@type\":\"ReadAction\",\"target\":[\"https:\\\/\\\/www.organisator.ch\\\/management\\\/it\\\/2019-10-30\\\/vorhersagen-zur-it-sicherheit-im-jahr-2020\\\/\"]}]},{\"@type\":\"ImageObject\",\"inLanguage\":\"de\",\"@id\":\"https:\\\/\\\/www.organisator.ch\\\/management\\\/it\\\/2019-10-30\\\/vorhersagen-zur-it-sicherheit-im-jahr-2020\\\/#primaryimage\",\"url\":\"https:\\\/\\\/www.organisator.ch\\\/wp-content\\\/uploads\\\/2019\\\/10\\\/Vorhersagen-zur-IT-Sicherheit-im-Jahr-2020_Organisator.jpg\",\"contentUrl\":\"https:\\\/\\\/www.organisator.ch\\\/wp-content\\\/uploads\\\/2019\\\/10\\\/Vorhersagen-zur-IT-Sicherheit-im-Jahr-2020_Organisator.jpg\",\"width\":680,\"height\":383,\"caption\":\"IT-Sicherheit im Jahr 2020: Welche Trends stehen im Vordergrund? (Bild: Pixabay.com)\"},{\"@type\":\"BreadcrumbList\",\"@id\":\"https:\\\/\\\/www.organisator.ch\\\/management\\\/it\\\/2019-10-30\\\/vorhersagen-zur-it-sicherheit-im-jahr-2020\\\/#breadcrumb\",\"itemListElement\":[{\"@type\":\"ListItem\",\"position\":1,\"name\":\"Home\",\"item\":\"https:\\\/\\\/www.organisator.ch\\\/\"},{\"@type\":\"ListItem\",\"position\":2,\"name\":\"Vorhersagen zur IT-Sicherheit im Jahr 2020\"}]},{\"@type\":\"WebSite\",\"@id\":\"https:\\\/\\\/www.organisator.ch\\\/#website\",\"url\":\"https:\\\/\\\/www.organisator.ch\\\/\",\"name\":\"Organisator\",\"description\":\"Kompetent. Praxisnah. Der ORGANISATOR bereitet in 10 Ausgaben pro Jahr die wesentlichen Themen f\u00fcr F\u00fchrungskr\u00e4fte von KMU auf.\",\"publisher\":{\"@id\":\"https:\\\/\\\/www.organisator.ch\\\/#organization\"},\"potentialAction\":[{\"@type\":\"SearchAction\",\"target\":{\"@type\":\"EntryPoint\",\"urlTemplate\":\"https:\\\/\\\/www.organisator.ch\\\/?s={search_term_string}\"},\"query-input\":{\"@type\":\"PropertyValueSpecification\",\"valueRequired\":true,\"valueName\":\"search_term_string\"}}],\"inLanguage\":\"de\"},{\"@type\":\"Organization\",\"@id\":\"https:\\\/\\\/www.organisator.ch\\\/#organization\",\"name\":\"Organisator\",\"url\":\"https:\\\/\\\/www.organisator.ch\\\/\",\"logo\":{\"@type\":\"ImageObject\",\"inLanguage\":\"de\",\"@id\":\"https:\\\/\\\/www.organisator.ch\\\/#\\\/schema\\\/logo\\\/image\\\/\",\"url\":\"https:\\\/\\\/www.organisator.ch\\\/wp-content\\\/uploads\\\/2022\\\/01\\\/Logo_Organisator_Website.png\",\"contentUrl\":\"https:\\\/\\\/www.organisator.ch\\\/wp-content\\\/uploads\\\/2022\\\/01\\\/Logo_Organisator_Website.png\",\"width\":800,\"height\":77,\"caption\":\"Organisator\"},\"image\":{\"@id\":\"https:\\\/\\\/www.organisator.ch\\\/#\\\/schema\\\/logo\\\/image\\\/\"},\"sameAs\":[\"https:\\\/\\\/www.facebook.com\\\/OrganisatorFachmagazin\",\"https:\\\/\\\/www.linkedin.com\\\/showcase\\\/organisator-das-magazin-fr-kmu\",\"https:\\\/\\\/www.xing.com\\\/news\\\/pages\\\/organisator-ch-695\",\"https:\\\/\\\/www.youtube.com\\\/channel\\\/UCGP2Sq0iWaZwT3BdIAQFYpw\"]},{\"@type\":\"Person\",\"@id\":\"https:\\\/\\\/www.organisator.ch\\\/#\\\/schema\\\/person\\\/6f650f90b2842cd4c0cc334b4e36f67e\",\"name\":\"thomas.berner\",\"image\":{\"@type\":\"ImageObject\",\"inLanguage\":\"de\",\"@id\":\"https:\\\/\\\/secure.gravatar.com\\\/avatar\\\/ac5001d2a36cb6c6cd3e50789007ffca834b477b74a2144564522e944eabff61?s=96&d=mm&r=g\",\"url\":\"https:\\\/\\\/secure.gravatar.com\\\/avatar\\\/ac5001d2a36cb6c6cd3e50789007ffca834b477b74a2144564522e944eabff61?s=96&d=mm&r=g\",\"contentUrl\":\"https:\\\/\\\/secure.gravatar.com\\\/avatar\\\/ac5001d2a36cb6c6cd3e50789007ffca834b477b74a2144564522e944eabff61?s=96&d=mm&r=g\",\"caption\":\"thomas.berner\"},\"url\":\"https:\\\/\\\/www.organisator.ch\\\/de\\\/author\\\/thomas-berner\\\/\"}]}<\/script>\n<!-- \/ Yoast SEO plugin. -->","yoast_head_json":{"title":"Vorhersagen zur IT-Sicherheit im Jahr 2020 - Organisator","description":"Fachpersonen sind sich einig: der IT-Sicherheit im Jahr 2020 wird erneut viel Aufmerksamkeit zukommen m\u00fcssen. Eine Expertin gibt erste Prognosen ab.","robots":{"index":"index","follow":"follow","max-snippet":"max-snippet:-1","max-image-preview":"max-image-preview:large","max-video-preview":"max-video-preview:-1"},"canonical":"https:\/\/www.organisator.ch\/de\/management\/it\/2019-10-30\/vorhersagen-zur-it-sicherheit-im-jahr-2020\/","og_locale":"de_DE","og_type":"article","og_title":"Vorhersagen zur IT-Sicherheit im Jahr 2020","og_description":"Fachpersonen sind sich einig: der IT-Sicherheit im Jahr 2020 wird erneut viel Aufmerksamkeit zukommen m\u00fcssen. Eine Expertin gibt erste Prognosen ab.","og_url":"https:\/\/www.organisator.ch\/de\/management\/it\/2019-10-30\/vorhersagen-zur-it-sicherheit-im-jahr-2020\/","og_site_name":"Organisator","article_publisher":"https:\/\/www.facebook.com\/OrganisatorFachmagazin","article_published_time":"2019-10-30T08:33:07+00:00","author":"thomas.berner","twitter_card":"summary_large_image","twitter_title":"Vorhersagen zur #IT-Sicherheit im Jahr 2020","twitter_description":"Fachpersonen sind sich einig: der #IT-Sicherheit im Jahr 2020 wird erneut viel Aufmerksamkeit zukommen m\u00fcssen. Eine Expertin gibt erste #Prognosen ab.","schema":{"@context":"https:\/\/schema.org","@graph":[{"@type":"Article","@id":"https:\/\/www.organisator.ch\/management\/it\/2019-10-30\/vorhersagen-zur-it-sicherheit-im-jahr-2020\/#article","isPartOf":{"@id":"https:\/\/www.organisator.ch\/management\/it\/2019-10-30\/vorhersagen-zur-it-sicherheit-im-jahr-2020\/"},"author":{"name":"thomas.berner","@id":"https:\/\/www.organisator.ch\/#\/schema\/person\/6f650f90b2842cd4c0cc334b4e36f67e"},"headline":"Vorhersagen zur IT-Sicherheit im Jahr 2020","datePublished":"2019-10-30T08:33:07+00:00","mainEntityOfPage":{"@id":"https:\/\/www.organisator.ch\/management\/it\/2019-10-30\/vorhersagen-zur-it-sicherheit-im-jahr-2020\/"},"wordCount":872,"publisher":{"@id":"https:\/\/www.organisator.ch\/#organization"},"image":{"@id":"https:\/\/www.organisator.ch\/management\/it\/2019-10-30\/vorhersagen-zur-it-sicherheit-im-jahr-2020\/#primaryimage"},"thumbnailUrl":"https:\/\/www.organisator.ch\/wp-content\/uploads\/2019\/10\/Vorhersagen-zur-IT-Sicherheit-im-Jahr-2020_Organisator.jpg","keywords":["Cyber-Crime","ICT-Sicherheit","IT"],"articleSection":["IT"],"inLanguage":"de"},{"@type":"WebPage","@id":"https:\/\/www.organisator.ch\/management\/it\/2019-10-30\/vorhersagen-zur-it-sicherheit-im-jahr-2020\/","url":"https:\/\/www.organisator.ch\/management\/it\/2019-10-30\/vorhersagen-zur-it-sicherheit-im-jahr-2020\/","name":"Vorhersagen zur IT-Sicherheit im Jahr 2020 - Organisator","isPartOf":{"@id":"https:\/\/www.organisator.ch\/#website"},"primaryImageOfPage":{"@id":"https:\/\/www.organisator.ch\/management\/it\/2019-10-30\/vorhersagen-zur-it-sicherheit-im-jahr-2020\/#primaryimage"},"image":{"@id":"https:\/\/www.organisator.ch\/management\/it\/2019-10-30\/vorhersagen-zur-it-sicherheit-im-jahr-2020\/#primaryimage"},"thumbnailUrl":"https:\/\/www.organisator.ch\/wp-content\/uploads\/2019\/10\/Vorhersagen-zur-IT-Sicherheit-im-Jahr-2020_Organisator.jpg","datePublished":"2019-10-30T08:33:07+00:00","description":"Fachpersonen sind sich einig: der IT-Sicherheit im Jahr 2020 wird erneut viel Aufmerksamkeit zukommen m\u00fcssen. Eine Expertin gibt erste Prognosen ab.","breadcrumb":{"@id":"https:\/\/www.organisator.ch\/management\/it\/2019-10-30\/vorhersagen-zur-it-sicherheit-im-jahr-2020\/#breadcrumb"},"inLanguage":"de","potentialAction":[{"@type":"ReadAction","target":["https:\/\/www.organisator.ch\/management\/it\/2019-10-30\/vorhersagen-zur-it-sicherheit-im-jahr-2020\/"]}]},{"@type":"ImageObject","inLanguage":"de","@id":"https:\/\/www.organisator.ch\/management\/it\/2019-10-30\/vorhersagen-zur-it-sicherheit-im-jahr-2020\/#primaryimage","url":"https:\/\/www.organisator.ch\/wp-content\/uploads\/2019\/10\/Vorhersagen-zur-IT-Sicherheit-im-Jahr-2020_Organisator.jpg","contentUrl":"https:\/\/www.organisator.ch\/wp-content\/uploads\/2019\/10\/Vorhersagen-zur-IT-Sicherheit-im-Jahr-2020_Organisator.jpg","width":680,"height":383,"caption":"IT-Sicherheit im Jahr 2020: Welche Trends stehen im Vordergrund? (Bild: Pixabay.com)"},{"@type":"BreadcrumbList","@id":"https:\/\/www.organisator.ch\/management\/it\/2019-10-30\/vorhersagen-zur-it-sicherheit-im-jahr-2020\/#breadcrumb","itemListElement":[{"@type":"ListItem","position":1,"name":"Home","item":"https:\/\/www.organisator.ch\/"},{"@type":"ListItem","position":2,"name":"Vorhersagen zur IT-Sicherheit im Jahr 2020"}]},{"@type":"WebSite","@id":"https:\/\/www.organisator.ch\/#website","url":"https:\/\/www.organisator.ch\/","name":"Organisator","description":"Kompetent. Praxisnah. Der ORGANISATOR bereitet in 10 Ausgaben pro Jahr die wesentlichen Themen f\u00fcr F\u00fchrungskr\u00e4fte von KMU auf.","publisher":{"@id":"https:\/\/www.organisator.ch\/#organization"},"potentialAction":[{"@type":"SearchAction","target":{"@type":"EntryPoint","urlTemplate":"https:\/\/www.organisator.ch\/?s={search_term_string}"},"query-input":{"@type":"PropertyValueSpecification","valueRequired":true,"valueName":"search_term_string"}}],"inLanguage":"de"},{"@type":"Organization","@id":"https:\/\/www.organisator.ch\/#organization","name":"Organisator","url":"https:\/\/www.organisator.ch\/","logo":{"@type":"ImageObject","inLanguage":"de","@id":"https:\/\/www.organisator.ch\/#\/schema\/logo\/image\/","url":"https:\/\/www.organisator.ch\/wp-content\/uploads\/2022\/01\/Logo_Organisator_Website.png","contentUrl":"https:\/\/www.organisator.ch\/wp-content\/uploads\/2022\/01\/Logo_Organisator_Website.png","width":800,"height":77,"caption":"Organisator"},"image":{"@id":"https:\/\/www.organisator.ch\/#\/schema\/logo\/image\/"},"sameAs":["https:\/\/www.facebook.com\/OrganisatorFachmagazin","https:\/\/www.linkedin.com\/showcase\/organisator-das-magazin-fr-kmu","https:\/\/www.xing.com\/news\/pages\/organisator-ch-695","https:\/\/www.youtube.com\/channel\/UCGP2Sq0iWaZwT3BdIAQFYpw"]},{"@type":"Person","@id":"https:\/\/www.organisator.ch\/#\/schema\/person\/6f650f90b2842cd4c0cc334b4e36f67e","name":"thomas.berner","image":{"@type":"ImageObject","inLanguage":"de","@id":"https:\/\/secure.gravatar.com\/avatar\/ac5001d2a36cb6c6cd3e50789007ffca834b477b74a2144564522e944eabff61?s=96&d=mm&r=g","url":"https:\/\/secure.gravatar.com\/avatar\/ac5001d2a36cb6c6cd3e50789007ffca834b477b74a2144564522e944eabff61?s=96&d=mm&r=g","contentUrl":"https:\/\/secure.gravatar.com\/avatar\/ac5001d2a36cb6c6cd3e50789007ffca834b477b74a2144564522e944eabff61?s=96&d=mm&r=g","caption":"thomas.berner"},"url":"https:\/\/www.organisator.ch\/de\/author\/thomas-berner\/"}]}},"_links":{"self":[{"href":"https:\/\/www.organisator.ch\/de\/wp-json\/wp\/v2\/posts\/8573","targetHints":{"allow":["GET"]}}],"collection":[{"href":"https:\/\/www.organisator.ch\/de\/wp-json\/wp\/v2\/posts"}],"about":[{"href":"https:\/\/www.organisator.ch\/de\/wp-json\/wp\/v2\/types\/post"}],"author":[{"embeddable":true,"href":"https:\/\/www.organisator.ch\/de\/wp-json\/wp\/v2\/users\/4"}],"replies":[{"embeddable":true,"href":"https:\/\/www.organisator.ch\/de\/wp-json\/wp\/v2\/comments?post=8573"}],"version-history":[{"count":0,"href":"https:\/\/www.organisator.ch\/de\/wp-json\/wp\/v2\/posts\/8573\/revisions"}],"wp:featuredmedia":[{"embeddable":true,"href":"https:\/\/www.organisator.ch\/de\/wp-json\/wp\/v2\/media\/8476"}],"wp:attachment":[{"href":"https:\/\/www.organisator.ch\/de\/wp-json\/wp\/v2\/media?parent=8573"}],"wp:term":[{"taxonomy":"category","embeddable":true,"href":"https:\/\/www.organisator.ch\/de\/wp-json\/wp\/v2\/categories?post=8573"},{"taxonomy":"post_tag","embeddable":true,"href":"https:\/\/www.organisator.ch\/de\/wp-json\/wp\/v2\/tags?post=8573"}],"curies":[{"name":"wp","href":"https:\/\/api.w.org\/{rel}","templated":true}]}}