{"id":8589,"date":"2019-11-14T09:31:44","date_gmt":"2019-11-14T08:31:44","guid":{"rendered":"https:\/\/www.organisator.ch\/?p=6033"},"modified":"2019-11-14T09:31:44","modified_gmt":"2019-11-14T08:31:44","slug":"mit-office365-zu-einem-modern-workplace-and-security","status":"publish","type":"post","link":"https:\/\/www.organisator.ch\/de\/management\/it\/2019-11-14\/mit-office365-zu-einem-modern-workplace-and-security\/","title":{"rendered":"Mit Office365 zu einem \u201eModern Workplace and Security\u201d"},"content":{"rendered":"<figure id=\"attachment_6034\" aria-describedby=\"caption-attachment-6034\" style=\"width: 680px\" class=\"wp-caption alignnone\"><img loading=\"lazy\" decoding=\"async\" class=\"size-medium wp-image-6034\" src=\"https:\/\/www.organisator.ch\/wp-content\/uploads\/2019\/11\/Mit-Office365-zu-einem-Modern-Workplace-and-Security_Organisator.jpg\" alt=\"\" width=\"680\" height=\"385\" \/><figcaption id=\"caption-attachment-6034\" class=\"wp-caption-text\">Office365-Apps auf Handys und Smartphones lassen sich mit Microsofts App-Management-L\u00f6sung Intune besser integrieren, wie u.a. Microsoft-Vertreterin Alexandra Stritt erkl\u00e4rt. (Bild: zVg)<\/figcaption><\/figure>\n<p>Immer h\u00e4ufiger neigen Vertreter der Fachabteilungen sowie IT- und Sicherheitsverantwortliche dazu, Apps und Management-L\u00f6sungen von Drittherstellern zu konsolidieren. Insbesondere beim Ziel einer \u201eMobile First \/ Cloud First\u201c-Strategie macht es bei vielen Anwendungen Sinn, Software-Lizenzen durch bereits in Enterprise-Paketen von Office365 enthaltene Apps zu ersetzen und dabei von Kostensenkungen zu profitieren. Dar\u00fcber hinaus bringt die Konzentration auf einen Hersteller auch technische Vorteile mit sich, lassen sich doch Office-365-Apps auf Handys und Smartphones mit Microsofts App-Management-L\u00f6sung Intune besser integrieren. Microsoft-Vertreterin Alexandra Stritt, welche die Veranstaltung er\u00f6ffnete, machte indes klar, dass zur Realisierung des modernen, mobilen, cloud-basierten Arbeitsplatzes neben den Produkten eines Integrationspartners mit dem entsprechenden Know-how bedarf: \u201eNomasis als einer unserer wichtigen Schweizer Partner bei der Bereitstellung von sicheren mobilen Anwendungen und Services f\u00fcr Unternehmen liefert mit seinen Beratungs- und Supportdienstleistungen einen wichtigen Beitrag zur Erf\u00fcllung der individuellen Kundenanforderungen.\u201c<\/p>\n<p>Am Event\u00a0zeigten dar\u00fcber hinaus Vertreter von Nomasis, welche konkreten Tools aus den Bereichen Web Conferencing, File Sharing, Instant Messaging etc. durch Apps aus Office365 ersetzt und wie die EM+S-Suite (Enterprise Mobility + Security) von Microsoft mit ihren Azure-Datenbank- und Security-Services sowie Intune herk\u00f6mmliche L\u00f6sungen f\u00fcr Mobile Device und Mobile App Management abl\u00f6sen k\u00f6nnen. Ganz abgesehen davon, dass es f\u00fcr gewisse Apps wie die Chat-Anwendung\u00a0Teams oder den digitalen Notizblock One Note kaum brauchbare Alternativen auf Smartphones gibt. Um die Implementierung von mobilen Ger\u00e4ten\u00a0\u00a0so einfach wie m\u00f6glich zu gestalten, empfiehlt sich aus Sicht von Nomasis ein Service aus Best Practices, Tools, Ressourcen und auf das Thema spezialisierten Experten. Vor der Einf\u00fchrung von EM+S bedarf es n\u00e4mlich einer eingehenden Analyse der Situation. Beispielsweise muss abgekl\u00e4rt werden, wozu die aktuell im Einsatz befindliche Enterprise-Mobility-Management-L\u00f6sung genau eingesetzt wird und wie sich das neue System von Microsoft in die bestehende 0n-Premise- und Cloud-Services des Herstellers integrieren lassen. Dar\u00fcber hinaus bedarf es auch eines Machbarkeitsnachweises, bevor die Migration in die Tat umgesetzt und von den genannten Vorteilen profitiert werden kann.<\/p>\n<p><em>Quelle: <a href=\"http:\/\/www.nomasis.ch\">Nomasis AG<\/a><\/em><\/p>\n","protected":false},"excerpt":{"rendered":"<p>Immer h\u00e4ufiger neigen Vertreter der Fachabteilungen sowie IT- und Sicherheitsverantwortliche dazu, Apps und Management-L\u00f6sungen von Drittherstellern zu konsolidieren. Insbesondere beim Ziel einer \u201eMobile First \/ Cloud First\u201c-Strategie macht es bei vielen Anwendungen Sinn, Software-Lizenzen durch bereits in Enterprise-Paketen von Office365 enthaltene Apps zu ersetzen und dabei von Kostensenkungen zu profitieren. Dar\u00fcber hinaus bringt die Konzentration [&hellip;]<\/p>\n","protected":false},"author":4,"featured_media":8499,"comment_status":"closed","ping_status":"closed","sticky":false,"template":"","format":"standard","meta":{"_acf_changed":false,"_yoast_wpseo_focuskw":"Office365","_yoast_wpseo_metadesc":"Wie mit Office365 und Intune Anwendungen Dritter ersetzt und Kosten eingespart werden k\u00f6nnen, wurde an einem Event bei Microsoft in Wallisellen gezeigt.","articlekey":"","footnotes":""},"categories":[27],"tags":[260,286,502],"class_list":["post-8589","post","type-post","status-publish","format-standard","has-post-thumbnail","hentry","category-it","tag-ict-sicherheit","tag-it","tag-veranstaltungen"],"acf":[],"yoast_head":"<!-- This site is optimized with the Yoast SEO plugin v27.5 - https:\/\/yoast.com\/product\/yoast-seo-wordpress\/ -->\n<title>Mit Office365 zu einem \u201eModern Workplace and Security\u201d - Organisator<\/title>\n<meta name=\"description\" content=\"Wie mit Office365 und Intune Anwendungen Dritter ersetzt und Kosten eingespart werden k\u00f6nnen, wurde an einem Event bei Microsoft in Wallisellen gezeigt.\" \/>\n<meta name=\"robots\" content=\"index, follow, max-snippet:-1, max-image-preview:large, max-video-preview:-1\" \/>\n<link rel=\"canonical\" href=\"https:\/\/www.organisator.ch\/de\/management\/it\/2019-11-14\/mit-office365-zu-einem-modern-workplace-and-security\/\" \/>\n<meta property=\"og:locale\" content=\"de_DE\" \/>\n<meta property=\"og:type\" content=\"article\" \/>\n<meta property=\"og:title\" content=\"Mit Office365 zu einem \u201eModern Workplace and Security\u201d\" \/>\n<meta property=\"og:description\" content=\"Wie mit Office365 und Intune Anwendungen Dritter ersetzt und Kosten eingespart werden k\u00f6nnen, wurde an einem Event bei Microsoft in Wallisellen gezeigt.\" \/>\n<meta property=\"og:url\" content=\"https:\/\/www.organisator.ch\/de\/management\/it\/2019-11-14\/mit-office365-zu-einem-modern-workplace-and-security\/\" \/>\n<meta property=\"og:site_name\" content=\"Organisator\" \/>\n<meta property=\"article:publisher\" content=\"https:\/\/www.facebook.com\/OrganisatorFachmagazin\" \/>\n<meta property=\"article:published_time\" content=\"2019-11-14T08:31:44+00:00\" \/>\n<meta name=\"author\" content=\"thomas.berner\" \/>\n<meta name=\"twitter:card\" content=\"summary_large_image\" \/>\n<meta name=\"twitter:title\" content=\"Mit #Office365 zu einem \u201eModern Workplace and Security\u201d\" \/>\n<meta name=\"twitter:description\" content=\"Wie mit #Office365 und #Intune Anwendungen Dritter ersetzt und Kosten eingespart werden k\u00f6nnen, wurde an einem Event bei #Microsoft in Wallisellen gezeigt.\" \/>\n<script type=\"application\/ld+json\" class=\"yoast-schema-graph\">{\"@context\":\"https:\\\/\\\/schema.org\",\"@graph\":[{\"@type\":\"Article\",\"@id\":\"https:\\\/\\\/www.organisator.ch\\\/management\\\/it\\\/2019-11-14\\\/mit-office365-zu-einem-modern-workplace-and-security\\\/#article\",\"isPartOf\":{\"@id\":\"https:\\\/\\\/www.organisator.ch\\\/management\\\/it\\\/2019-11-14\\\/mit-office365-zu-einem-modern-workplace-and-security\\\/\"},\"author\":{\"name\":\"thomas.berner\",\"@id\":\"https:\\\/\\\/www.organisator.ch\\\/#\\\/schema\\\/person\\\/6f650f90b2842cd4c0cc334b4e36f67e\"},\"headline\":\"Mit Office365 zu einem \u201eModern Workplace and Security\u201d\",\"datePublished\":\"2019-11-14T08:31:44+00:00\",\"mainEntityOfPage\":{\"@id\":\"https:\\\/\\\/www.organisator.ch\\\/management\\\/it\\\/2019-11-14\\\/mit-office365-zu-einem-modern-workplace-and-security\\\/\"},\"wordCount\":379,\"publisher\":{\"@id\":\"https:\\\/\\\/www.organisator.ch\\\/#organization\"},\"image\":{\"@id\":\"https:\\\/\\\/www.organisator.ch\\\/management\\\/it\\\/2019-11-14\\\/mit-office365-zu-einem-modern-workplace-and-security\\\/#primaryimage\"},\"thumbnailUrl\":\"https:\\\/\\\/www.organisator.ch\\\/wp-content\\\/uploads\\\/2019\\\/11\\\/Mit-Office365-zu-einem-Modern-Workplace-and-Security_Organisator.jpg\",\"keywords\":[\"ICT-Sicherheit\",\"IT\",\"Veranstaltungen\"],\"articleSection\":[\"IT\"],\"inLanguage\":\"de\"},{\"@type\":\"WebPage\",\"@id\":\"https:\\\/\\\/www.organisator.ch\\\/management\\\/it\\\/2019-11-14\\\/mit-office365-zu-einem-modern-workplace-and-security\\\/\",\"url\":\"https:\\\/\\\/www.organisator.ch\\\/management\\\/it\\\/2019-11-14\\\/mit-office365-zu-einem-modern-workplace-and-security\\\/\",\"name\":\"Mit Office365 zu einem \u201eModern Workplace and Security\u201d - Organisator\",\"isPartOf\":{\"@id\":\"https:\\\/\\\/www.organisator.ch\\\/#website\"},\"primaryImageOfPage\":{\"@id\":\"https:\\\/\\\/www.organisator.ch\\\/management\\\/it\\\/2019-11-14\\\/mit-office365-zu-einem-modern-workplace-and-security\\\/#primaryimage\"},\"image\":{\"@id\":\"https:\\\/\\\/www.organisator.ch\\\/management\\\/it\\\/2019-11-14\\\/mit-office365-zu-einem-modern-workplace-and-security\\\/#primaryimage\"},\"thumbnailUrl\":\"https:\\\/\\\/www.organisator.ch\\\/wp-content\\\/uploads\\\/2019\\\/11\\\/Mit-Office365-zu-einem-Modern-Workplace-and-Security_Organisator.jpg\",\"datePublished\":\"2019-11-14T08:31:44+00:00\",\"description\":\"Wie mit Office365 und Intune Anwendungen Dritter ersetzt und Kosten eingespart werden k\u00f6nnen, wurde an einem Event bei Microsoft in Wallisellen gezeigt.\",\"breadcrumb\":{\"@id\":\"https:\\\/\\\/www.organisator.ch\\\/management\\\/it\\\/2019-11-14\\\/mit-office365-zu-einem-modern-workplace-and-security\\\/#breadcrumb\"},\"inLanguage\":\"de\",\"potentialAction\":[{\"@type\":\"ReadAction\",\"target\":[\"https:\\\/\\\/www.organisator.ch\\\/management\\\/it\\\/2019-11-14\\\/mit-office365-zu-einem-modern-workplace-and-security\\\/\"]}]},{\"@type\":\"ImageObject\",\"inLanguage\":\"de\",\"@id\":\"https:\\\/\\\/www.organisator.ch\\\/management\\\/it\\\/2019-11-14\\\/mit-office365-zu-einem-modern-workplace-and-security\\\/#primaryimage\",\"url\":\"https:\\\/\\\/www.organisator.ch\\\/wp-content\\\/uploads\\\/2019\\\/11\\\/Mit-Office365-zu-einem-Modern-Workplace-and-Security_Organisator.jpg\",\"contentUrl\":\"https:\\\/\\\/www.organisator.ch\\\/wp-content\\\/uploads\\\/2019\\\/11\\\/Mit-Office365-zu-einem-Modern-Workplace-and-Security_Organisator.jpg\",\"width\":680,\"height\":385,\"caption\":\"Office365-Apps auf Handys und Smartphones lassen sich mit Microsofts App-Management-L\u00f6sung Intune besser integrieren, wie u.a. Microsoft-Vertreterin Alexandra Stritt erkl\u00e4rt. (Bild: zVg)\"},{\"@type\":\"BreadcrumbList\",\"@id\":\"https:\\\/\\\/www.organisator.ch\\\/management\\\/it\\\/2019-11-14\\\/mit-office365-zu-einem-modern-workplace-and-security\\\/#breadcrumb\",\"itemListElement\":[{\"@type\":\"ListItem\",\"position\":1,\"name\":\"Home\",\"item\":\"https:\\\/\\\/www.organisator.ch\\\/\"},{\"@type\":\"ListItem\",\"position\":2,\"name\":\"Mit Office365 zu einem \u201eModern Workplace and Security\u201d\"}]},{\"@type\":\"WebSite\",\"@id\":\"https:\\\/\\\/www.organisator.ch\\\/#website\",\"url\":\"https:\\\/\\\/www.organisator.ch\\\/\",\"name\":\"Organisator\",\"description\":\"Kompetent. Praxisnah. Der ORGANISATOR bereitet in 10 Ausgaben pro Jahr die wesentlichen Themen f\u00fcr F\u00fchrungskr\u00e4fte von KMU auf.\",\"publisher\":{\"@id\":\"https:\\\/\\\/www.organisator.ch\\\/#organization\"},\"potentialAction\":[{\"@type\":\"SearchAction\",\"target\":{\"@type\":\"EntryPoint\",\"urlTemplate\":\"https:\\\/\\\/www.organisator.ch\\\/?s={search_term_string}\"},\"query-input\":{\"@type\":\"PropertyValueSpecification\",\"valueRequired\":true,\"valueName\":\"search_term_string\"}}],\"inLanguage\":\"de\"},{\"@type\":\"Organization\",\"@id\":\"https:\\\/\\\/www.organisator.ch\\\/#organization\",\"name\":\"Organisator\",\"url\":\"https:\\\/\\\/www.organisator.ch\\\/\",\"logo\":{\"@type\":\"ImageObject\",\"inLanguage\":\"de\",\"@id\":\"https:\\\/\\\/www.organisator.ch\\\/#\\\/schema\\\/logo\\\/image\\\/\",\"url\":\"https:\\\/\\\/www.organisator.ch\\\/wp-content\\\/uploads\\\/2022\\\/01\\\/Logo_Organisator_Website.png\",\"contentUrl\":\"https:\\\/\\\/www.organisator.ch\\\/wp-content\\\/uploads\\\/2022\\\/01\\\/Logo_Organisator_Website.png\",\"width\":800,\"height\":77,\"caption\":\"Organisator\"},\"image\":{\"@id\":\"https:\\\/\\\/www.organisator.ch\\\/#\\\/schema\\\/logo\\\/image\\\/\"},\"sameAs\":[\"https:\\\/\\\/www.facebook.com\\\/OrganisatorFachmagazin\",\"https:\\\/\\\/www.linkedin.com\\\/showcase\\\/organisator-das-magazin-fr-kmu\",\"https:\\\/\\\/www.xing.com\\\/news\\\/pages\\\/organisator-ch-695\",\"https:\\\/\\\/www.youtube.com\\\/channel\\\/UCGP2Sq0iWaZwT3BdIAQFYpw\"]},{\"@type\":\"Person\",\"@id\":\"https:\\\/\\\/www.organisator.ch\\\/#\\\/schema\\\/person\\\/6f650f90b2842cd4c0cc334b4e36f67e\",\"name\":\"thomas.berner\",\"image\":{\"@type\":\"ImageObject\",\"inLanguage\":\"de\",\"@id\":\"https:\\\/\\\/secure.gravatar.com\\\/avatar\\\/ac5001d2a36cb6c6cd3e50789007ffca834b477b74a2144564522e944eabff61?s=96&d=mm&r=g\",\"url\":\"https:\\\/\\\/secure.gravatar.com\\\/avatar\\\/ac5001d2a36cb6c6cd3e50789007ffca834b477b74a2144564522e944eabff61?s=96&d=mm&r=g\",\"contentUrl\":\"https:\\\/\\\/secure.gravatar.com\\\/avatar\\\/ac5001d2a36cb6c6cd3e50789007ffca834b477b74a2144564522e944eabff61?s=96&d=mm&r=g\",\"caption\":\"thomas.berner\"},\"url\":\"https:\\\/\\\/www.organisator.ch\\\/de\\\/author\\\/thomas-berner\\\/\"}]}<\/script>\n<!-- \/ Yoast SEO plugin. -->","yoast_head_json":{"title":"Mit Office365 zu einem \u201eModern Workplace and Security\u201d - Organisator","description":"Wie mit Office365 und Intune Anwendungen Dritter ersetzt und Kosten eingespart werden k\u00f6nnen, wurde an einem Event bei Microsoft in Wallisellen gezeigt.","robots":{"index":"index","follow":"follow","max-snippet":"max-snippet:-1","max-image-preview":"max-image-preview:large","max-video-preview":"max-video-preview:-1"},"canonical":"https:\/\/www.organisator.ch\/de\/management\/it\/2019-11-14\/mit-office365-zu-einem-modern-workplace-and-security\/","og_locale":"de_DE","og_type":"article","og_title":"Mit Office365 zu einem \u201eModern Workplace and Security\u201d","og_description":"Wie mit Office365 und Intune Anwendungen Dritter ersetzt und Kosten eingespart werden k\u00f6nnen, wurde an einem Event bei Microsoft in Wallisellen gezeigt.","og_url":"https:\/\/www.organisator.ch\/de\/management\/it\/2019-11-14\/mit-office365-zu-einem-modern-workplace-and-security\/","og_site_name":"Organisator","article_publisher":"https:\/\/www.facebook.com\/OrganisatorFachmagazin","article_published_time":"2019-11-14T08:31:44+00:00","author":"thomas.berner","twitter_card":"summary_large_image","twitter_title":"Mit #Office365 zu einem \u201eModern Workplace and Security\u201d","twitter_description":"Wie mit #Office365 und #Intune Anwendungen Dritter ersetzt und Kosten eingespart werden k\u00f6nnen, wurde an einem Event bei #Microsoft in Wallisellen gezeigt.","schema":{"@context":"https:\/\/schema.org","@graph":[{"@type":"Article","@id":"https:\/\/www.organisator.ch\/management\/it\/2019-11-14\/mit-office365-zu-einem-modern-workplace-and-security\/#article","isPartOf":{"@id":"https:\/\/www.organisator.ch\/management\/it\/2019-11-14\/mit-office365-zu-einem-modern-workplace-and-security\/"},"author":{"name":"thomas.berner","@id":"https:\/\/www.organisator.ch\/#\/schema\/person\/6f650f90b2842cd4c0cc334b4e36f67e"},"headline":"Mit Office365 zu einem \u201eModern Workplace and Security\u201d","datePublished":"2019-11-14T08:31:44+00:00","mainEntityOfPage":{"@id":"https:\/\/www.organisator.ch\/management\/it\/2019-11-14\/mit-office365-zu-einem-modern-workplace-and-security\/"},"wordCount":379,"publisher":{"@id":"https:\/\/www.organisator.ch\/#organization"},"image":{"@id":"https:\/\/www.organisator.ch\/management\/it\/2019-11-14\/mit-office365-zu-einem-modern-workplace-and-security\/#primaryimage"},"thumbnailUrl":"https:\/\/www.organisator.ch\/wp-content\/uploads\/2019\/11\/Mit-Office365-zu-einem-Modern-Workplace-and-Security_Organisator.jpg","keywords":["ICT-Sicherheit","IT","Veranstaltungen"],"articleSection":["IT"],"inLanguage":"de"},{"@type":"WebPage","@id":"https:\/\/www.organisator.ch\/management\/it\/2019-11-14\/mit-office365-zu-einem-modern-workplace-and-security\/","url":"https:\/\/www.organisator.ch\/management\/it\/2019-11-14\/mit-office365-zu-einem-modern-workplace-and-security\/","name":"Mit Office365 zu einem \u201eModern Workplace and Security\u201d - Organisator","isPartOf":{"@id":"https:\/\/www.organisator.ch\/#website"},"primaryImageOfPage":{"@id":"https:\/\/www.organisator.ch\/management\/it\/2019-11-14\/mit-office365-zu-einem-modern-workplace-and-security\/#primaryimage"},"image":{"@id":"https:\/\/www.organisator.ch\/management\/it\/2019-11-14\/mit-office365-zu-einem-modern-workplace-and-security\/#primaryimage"},"thumbnailUrl":"https:\/\/www.organisator.ch\/wp-content\/uploads\/2019\/11\/Mit-Office365-zu-einem-Modern-Workplace-and-Security_Organisator.jpg","datePublished":"2019-11-14T08:31:44+00:00","description":"Wie mit Office365 und Intune Anwendungen Dritter ersetzt und Kosten eingespart werden k\u00f6nnen, wurde an einem Event bei Microsoft in Wallisellen gezeigt.","breadcrumb":{"@id":"https:\/\/www.organisator.ch\/management\/it\/2019-11-14\/mit-office365-zu-einem-modern-workplace-and-security\/#breadcrumb"},"inLanguage":"de","potentialAction":[{"@type":"ReadAction","target":["https:\/\/www.organisator.ch\/management\/it\/2019-11-14\/mit-office365-zu-einem-modern-workplace-and-security\/"]}]},{"@type":"ImageObject","inLanguage":"de","@id":"https:\/\/www.organisator.ch\/management\/it\/2019-11-14\/mit-office365-zu-einem-modern-workplace-and-security\/#primaryimage","url":"https:\/\/www.organisator.ch\/wp-content\/uploads\/2019\/11\/Mit-Office365-zu-einem-Modern-Workplace-and-Security_Organisator.jpg","contentUrl":"https:\/\/www.organisator.ch\/wp-content\/uploads\/2019\/11\/Mit-Office365-zu-einem-Modern-Workplace-and-Security_Organisator.jpg","width":680,"height":385,"caption":"Office365-Apps auf Handys und Smartphones lassen sich mit Microsofts App-Management-L\u00f6sung Intune besser integrieren, wie u.a. Microsoft-Vertreterin Alexandra Stritt erkl\u00e4rt. (Bild: zVg)"},{"@type":"BreadcrumbList","@id":"https:\/\/www.organisator.ch\/management\/it\/2019-11-14\/mit-office365-zu-einem-modern-workplace-and-security\/#breadcrumb","itemListElement":[{"@type":"ListItem","position":1,"name":"Home","item":"https:\/\/www.organisator.ch\/"},{"@type":"ListItem","position":2,"name":"Mit Office365 zu einem \u201eModern Workplace and Security\u201d"}]},{"@type":"WebSite","@id":"https:\/\/www.organisator.ch\/#website","url":"https:\/\/www.organisator.ch\/","name":"Organisator","description":"Kompetent. Praxisnah. Der ORGANISATOR bereitet in 10 Ausgaben pro Jahr die wesentlichen Themen f\u00fcr F\u00fchrungskr\u00e4fte von KMU auf.","publisher":{"@id":"https:\/\/www.organisator.ch\/#organization"},"potentialAction":[{"@type":"SearchAction","target":{"@type":"EntryPoint","urlTemplate":"https:\/\/www.organisator.ch\/?s={search_term_string}"},"query-input":{"@type":"PropertyValueSpecification","valueRequired":true,"valueName":"search_term_string"}}],"inLanguage":"de"},{"@type":"Organization","@id":"https:\/\/www.organisator.ch\/#organization","name":"Organisator","url":"https:\/\/www.organisator.ch\/","logo":{"@type":"ImageObject","inLanguage":"de","@id":"https:\/\/www.organisator.ch\/#\/schema\/logo\/image\/","url":"https:\/\/www.organisator.ch\/wp-content\/uploads\/2022\/01\/Logo_Organisator_Website.png","contentUrl":"https:\/\/www.organisator.ch\/wp-content\/uploads\/2022\/01\/Logo_Organisator_Website.png","width":800,"height":77,"caption":"Organisator"},"image":{"@id":"https:\/\/www.organisator.ch\/#\/schema\/logo\/image\/"},"sameAs":["https:\/\/www.facebook.com\/OrganisatorFachmagazin","https:\/\/www.linkedin.com\/showcase\/organisator-das-magazin-fr-kmu","https:\/\/www.xing.com\/news\/pages\/organisator-ch-695","https:\/\/www.youtube.com\/channel\/UCGP2Sq0iWaZwT3BdIAQFYpw"]},{"@type":"Person","@id":"https:\/\/www.organisator.ch\/#\/schema\/person\/6f650f90b2842cd4c0cc334b4e36f67e","name":"thomas.berner","image":{"@type":"ImageObject","inLanguage":"de","@id":"https:\/\/secure.gravatar.com\/avatar\/ac5001d2a36cb6c6cd3e50789007ffca834b477b74a2144564522e944eabff61?s=96&d=mm&r=g","url":"https:\/\/secure.gravatar.com\/avatar\/ac5001d2a36cb6c6cd3e50789007ffca834b477b74a2144564522e944eabff61?s=96&d=mm&r=g","contentUrl":"https:\/\/secure.gravatar.com\/avatar\/ac5001d2a36cb6c6cd3e50789007ffca834b477b74a2144564522e944eabff61?s=96&d=mm&r=g","caption":"thomas.berner"},"url":"https:\/\/www.organisator.ch\/de\/author\/thomas-berner\/"}]}},"_links":{"self":[{"href":"https:\/\/www.organisator.ch\/de\/wp-json\/wp\/v2\/posts\/8589","targetHints":{"allow":["GET"]}}],"collection":[{"href":"https:\/\/www.organisator.ch\/de\/wp-json\/wp\/v2\/posts"}],"about":[{"href":"https:\/\/www.organisator.ch\/de\/wp-json\/wp\/v2\/types\/post"}],"author":[{"embeddable":true,"href":"https:\/\/www.organisator.ch\/de\/wp-json\/wp\/v2\/users\/4"}],"replies":[{"embeddable":true,"href":"https:\/\/www.organisator.ch\/de\/wp-json\/wp\/v2\/comments?post=8589"}],"version-history":[{"count":0,"href":"https:\/\/www.organisator.ch\/de\/wp-json\/wp\/v2\/posts\/8589\/revisions"}],"wp:featuredmedia":[{"embeddable":true,"href":"https:\/\/www.organisator.ch\/de\/wp-json\/wp\/v2\/media\/8499"}],"wp:attachment":[{"href":"https:\/\/www.organisator.ch\/de\/wp-json\/wp\/v2\/media?parent=8589"}],"wp:term":[{"taxonomy":"category","embeddable":true,"href":"https:\/\/www.organisator.ch\/de\/wp-json\/wp\/v2\/categories?post=8589"},{"taxonomy":"post_tag","embeddable":true,"href":"https:\/\/www.organisator.ch\/de\/wp-json\/wp\/v2\/tags?post=8589"}],"curies":[{"name":"wp","href":"https:\/\/api.w.org\/{rel}","templated":true}]}}