{"id":859,"date":"2017-03-07T09:43:25","date_gmt":"2017-03-07T08:43:25","guid":{"rendered":"https:\/\/www.umweltperspektiven.ch\/?p=859"},"modified":"2022-02-09T11:05:38","modified_gmt":"2022-02-09T10:05:38","slug":"gesucht-metallsammler-des-jahres","status":"publish","type":"post","link":"https:\/\/www.organisator.ch\/de\/sustainability\/2017-03-07\/gesucht-metallsammler-des-jahres\/","title":{"rendered":"Gesucht: Metallsammler des Jahres"},"content":{"rendered":"<figure id=\"attachment_860\" aria-describedby=\"caption-attachment-860\" style=\"width: 680px\" class=\"wp-caption alignnone\"><img loading=\"lazy\" decoding=\"async\" class=\"size-medium wp-image-860\" src=\"\/\/www.umweltperspektiven.ch\/wp-content\/uploads\/2017\/03\/tueftelwerk_luzern.jpg\" alt=\"\" width=\"680\" height=\"453\" \/><figcaption id=\"caption-attachment-860\" class=\"wp-caption-text\">Die Universalwerkstadt &#8222;T\u00fcftelwerk&#8220; in Luzern gewann den Prix Metal Recycling 2016. In der Werkstatt lernen Kinder, aus alten Metallverpackungen kreative Handwerkskunst zu schaffen. (Bild: PHOTOPRESS\/Urs Flueeler)<\/figcaption><\/figure>\n<p>Die Schweizer sind bekannt als Sammelvolk von gebrauchten Verpackungen. Bei den Metallverpackungen trifft dies genauso zu wie bei allen anderen Verpackungen. Pro Einwohner und Jahr werden j\u00e4hrlich \u00fcber drei\u00a0Kilo Aludosen, Tiernahrungsschalen, Senftuben, Kaffeekapseln und Konservendosen gesammelt oder insgesamt 25&#8217;600 Tonnen. Damit dieser Trend weiter andauert, pr\u00e4mieren Igora und Ferro Recycling mit dem Prix-Metallrecycling j\u00e4hrlich drei vorbildliche Schweizer Metallsammler.<\/p>\n<p>Der neue Wettlauf um die eifrigsten Metallsammler startet ab sofort und dauert bis zum 31. Mai 2017. Die beiden Recyclingorganisationen Igora und Ferro Recycling zeichnen f\u00fcr den Wettlauf verantwortlich. Als Anerkennung und Wertsch\u00e4tzung belohnen sie die drei besten Metallsammler 2017 mit je 1&#8217;000 Franken und k\u00fcren sie gleichzeitig zu Schweizer Meistern im Metallsammeln.<\/p>\n<p><strong>Jeder kann mitmachen<br \/>\n<\/strong>Metallsammler k\u00f6nnen schnell und unkompliziert am Wettlauf dabei sein. Einfach auf den Websites <a title=\"Prix Metal Recycling\" href=\"\/\/www.igora.ch\/de\/aktivitaeten\/prix-metallrecycling\/prix-metallrecycling\/\" target=\"_blank\" rel=\"noopener\">igora.ch<\/a> oder <a href=\"\/\/ferrorecycling.ch\/de\/aktivitaeten\/prix-metal-recycling\/\" target=\"_blank\" rel=\"noopener\">ferrorecycling.ch<\/a> unter Prix-Metallrecycling in wenigen Worten schreiben, wie die leeren Metallverpackungen gesammelt werden und ins Recycling kommen. Auch das Senden einer E-Mail an <a href=\"mailto:info@igora.ch\">info@igora.ch<\/a> oder einer Postkarte an Igora oder Ferro Recycling in Thalwil ist m\u00f6glich. Die folgenden Informationen sind dabei wichtig: wie viele, wie und wo und welche Metallverpackungen gesammelt werden. Zudem soll die vollst\u00e4ndige Adresse mit Telefon und, wo vorhanden, E-Mail-Adresse aufgef\u00fchrt sein. Einsendeschluss ist der 31. Mai 2017.<\/p>\n<p><strong>Ermittlung der Gewinner nach drei Kriterien<br \/>\n<\/strong>Ein Kreis von Fachpersonen ermittelt aus den Einsendungen die erfolgreichsten Metallsammler. Dabei punkten vor allem die Eigeninitiative, die Begeisterung und die Kreativit\u00e4t, die die m\u00f6glichen Gewinner beim Sammeln von Metallverpackungen an den Tag legen.<\/p>\n<p>Im letzten Jahr wurde unter anderem das <a href=\"\/\/www.tueftelwerk.ch\/\">T\u00fcftelwerk <\/a>in Luzern ausgezeichnet. Die offene Werkstatt f\u00fcr Kinder legt besonderen Wert auf das Experimentieren und T\u00fcfteln mit Alu- und Metallverpackungen &#8211; mit kreativen und oft verbl\u00fcffenden Resultaten.<\/p>\n<p>Ein ausgebildeter Recyclist, der jeden Tag mit Velo und Anh\u00e4nger Metallverpackungen bei privaten Haushalten, Restaurants, Bars und Firmen einsammelt und so j\u00e4hrlich vier bis f\u00fcnf Tonnen Metall dem Stoffkreislauf wieder zuf\u00fchrt, sowie eine engagierte Familie, die auch bei Spazierg\u00e4ngen aufmerksam Aludosen einsammelt, waren die beiden weiteren Gewinner.<\/p>\n<p>&nbsp;<\/p>\n<p>&nbsp;<\/p>\n<p>&nbsp;<\/p>\n","protected":false},"excerpt":{"rendered":"<p>Die Schweizer sind bekannt als Sammelvolk von gebrauchten Verpackungen. Bei den Metallverpackungen trifft dies genauso zu wie bei allen anderen Verpackungen. Pro Einwohner und Jahr werden j\u00e4hrlich \u00fcber drei\u00a0Kilo Aludosen, Tiernahrungsschalen, Senftuben, Kaffeekapseln und Konservendosen gesammelt oder insgesamt 25&#8217;600 Tonnen. Damit dieser Trend weiter andauert, pr\u00e4mieren Igora und Ferro Recycling mit dem Prix-Metallrecycling j\u00e4hrlich drei [&hellip;]<\/p>\n","protected":false},"author":1,"featured_media":860,"comment_status":"open","ping_status":"open","sticky":false,"template":"","format":"standard","meta":{"_acf_changed":false,"_yoast_wpseo_focuskw":"Metallsammler","_yoast_wpseo_metadesc":"Der Prix-Metallrecycling k\u00fcrt die drei besten Metallsammler der Schweiz und will damit umweltgerechtes Verhalten im Umgang mit Metallverpackungen f\u00f6rdern.","articlekey":"","footnotes":""},"categories":[580],"tags":[1166,1394,1697,1987],"class_list":["post-859","post","type-post","status-publish","format-standard","has-post-thumbnail","hentry","category-sustainability","tag-ferro-recycling","tag-igora","tag-metallrecyling","tag-recycling"],"acf":[],"yoast_head":"<!-- This site is optimized with the Yoast SEO plugin v27.5 - https:\/\/yoast.com\/product\/yoast-seo-wordpress\/ -->\n<title>Gesucht: Metallsammler des Jahres - Organisator<\/title>\n<meta name=\"description\" content=\"Der Prix-Metallrecycling k\u00fcrt die drei besten Metallsammler der Schweiz und will damit umweltgerechtes Verhalten im Umgang mit Metallverpackungen f\u00f6rdern.\" \/>\n<meta name=\"robots\" content=\"index, follow, max-snippet:-1, max-image-preview:large, max-video-preview:-1\" \/>\n<link rel=\"canonical\" href=\"https:\/\/www.organisator.ch\/de\/sustainability\/2017-03-07\/gesucht-metallsammler-des-jahres\/\" \/>\n<meta property=\"og:locale\" content=\"de_DE\" \/>\n<meta property=\"og:type\" content=\"article\" \/>\n<meta property=\"og:title\" content=\"Gesucht: Metallsammler des Jahres - Organisator\" \/>\n<meta property=\"og:description\" content=\"Der Prix-Metallrecycling k\u00fcrt die drei besten Metallsammler der Schweiz und will damit umweltgerechtes Verhalten im Umgang mit Metallverpackungen f\u00f6rdern.\" \/>\n<meta property=\"og:url\" content=\"https:\/\/www.organisator.ch\/de\/sustainability\/2017-03-07\/gesucht-metallsammler-des-jahres\/\" \/>\n<meta property=\"og:site_name\" content=\"Organisator\" \/>\n<meta property=\"article:publisher\" content=\"https:\/\/www.facebook.com\/OrganisatorFachmagazin\" \/>\n<meta property=\"article:published_time\" content=\"2017-03-07T08:43:25+00:00\" \/>\n<meta property=\"article:modified_time\" content=\"2022-02-09T10:05:38+00:00\" \/>\n<meta property=\"og:image\" content=\"https:\/\/www.organisator.ch\/wp-content\/uploads\/2017\/03\/tueftelwerk_luzern-scaled.jpg\" \/>\n\t<meta property=\"og:image:width\" content=\"2560\" \/>\n\t<meta property=\"og:image:height\" content=\"1707\" \/>\n\t<meta property=\"og:image:type\" content=\"image\/jpeg\" \/>\n<meta name=\"author\" content=\"admin\" \/>\n<meta name=\"twitter:card\" content=\"summary_large_image\" \/>\n<script type=\"application\/ld+json\" class=\"yoast-schema-graph\">{\"@context\":\"https:\\\/\\\/schema.org\",\"@graph\":[{\"@type\":\"Article\",\"@id\":\"https:\\\/\\\/www.organisator.ch\\\/sustainability\\\/2017-03-07\\\/gesucht-metallsammler-des-jahres\\\/#article\",\"isPartOf\":{\"@id\":\"https:\\\/\\\/www.organisator.ch\\\/sustainability\\\/2017-03-07\\\/gesucht-metallsammler-des-jahres\\\/\"},\"author\":{\"name\":\"admin\",\"@id\":\"https:\\\/\\\/www.organisator.ch\\\/#\\\/schema\\\/person\\\/aa2bace6c5c5aad60102004a50c4eb1c\"},\"headline\":\"Gesucht: Metallsammler des Jahres\",\"datePublished\":\"2017-03-07T08:43:25+00:00\",\"dateModified\":\"2022-02-09T10:05:38+00:00\",\"mainEntityOfPage\":{\"@id\":\"https:\\\/\\\/www.organisator.ch\\\/sustainability\\\/2017-03-07\\\/gesucht-metallsammler-des-jahres\\\/\"},\"wordCount\":382,\"commentCount\":0,\"publisher\":{\"@id\":\"https:\\\/\\\/www.organisator.ch\\\/#organization\"},\"image\":{\"@id\":\"https:\\\/\\\/www.organisator.ch\\\/sustainability\\\/2017-03-07\\\/gesucht-metallsammler-des-jahres\\\/#primaryimage\"},\"thumbnailUrl\":\"https:\\\/\\\/www.organisator.ch\\\/wp-content\\\/uploads\\\/2017\\\/03\\\/tueftelwerk_luzern-scaled.jpg\",\"keywords\":[\"Ferro Recycling\",\"Igora\",\"Metallrecyling\",\"Recycling\"],\"articleSection\":[\"SUSTAINABILITY\"],\"inLanguage\":\"de\"},{\"@type\":\"WebPage\",\"@id\":\"https:\\\/\\\/www.organisator.ch\\\/sustainability\\\/2017-03-07\\\/gesucht-metallsammler-des-jahres\\\/\",\"url\":\"https:\\\/\\\/www.organisator.ch\\\/sustainability\\\/2017-03-07\\\/gesucht-metallsammler-des-jahres\\\/\",\"name\":\"Gesucht: Metallsammler des Jahres - Organisator\",\"isPartOf\":{\"@id\":\"https:\\\/\\\/www.organisator.ch\\\/#website\"},\"primaryImageOfPage\":{\"@id\":\"https:\\\/\\\/www.organisator.ch\\\/sustainability\\\/2017-03-07\\\/gesucht-metallsammler-des-jahres\\\/#primaryimage\"},\"image\":{\"@id\":\"https:\\\/\\\/www.organisator.ch\\\/sustainability\\\/2017-03-07\\\/gesucht-metallsammler-des-jahres\\\/#primaryimage\"},\"thumbnailUrl\":\"https:\\\/\\\/www.organisator.ch\\\/wp-content\\\/uploads\\\/2017\\\/03\\\/tueftelwerk_luzern-scaled.jpg\",\"datePublished\":\"2017-03-07T08:43:25+00:00\",\"dateModified\":\"2022-02-09T10:05:38+00:00\",\"description\":\"Der Prix-Metallrecycling k\u00fcrt die drei besten Metallsammler der Schweiz und will damit umweltgerechtes Verhalten im Umgang mit Metallverpackungen f\u00f6rdern.\",\"breadcrumb\":{\"@id\":\"https:\\\/\\\/www.organisator.ch\\\/sustainability\\\/2017-03-07\\\/gesucht-metallsammler-des-jahres\\\/#breadcrumb\"},\"inLanguage\":\"de\",\"potentialAction\":[{\"@type\":\"ReadAction\",\"target\":[\"https:\\\/\\\/www.organisator.ch\\\/sustainability\\\/2017-03-07\\\/gesucht-metallsammler-des-jahres\\\/\"]}]},{\"@type\":\"ImageObject\",\"inLanguage\":\"de\",\"@id\":\"https:\\\/\\\/www.organisator.ch\\\/sustainability\\\/2017-03-07\\\/gesucht-metallsammler-des-jahres\\\/#primaryimage\",\"url\":\"https:\\\/\\\/www.organisator.ch\\\/wp-content\\\/uploads\\\/2017\\\/03\\\/tueftelwerk_luzern-scaled.jpg\",\"contentUrl\":\"https:\\\/\\\/www.organisator.ch\\\/wp-content\\\/uploads\\\/2017\\\/03\\\/tueftelwerk_luzern-scaled.jpg\",\"width\":2560,\"height\":1707,\"caption\":\"Die Universalwerkstadt \\\"Tueftelwerk\\\" in Luzern gewann den Prix Metal Recycling 2016. In der Werkstatt lernen Kinder, aus alten Metallverpackungen kreative Handwerkskunst zu schaffen. (Bild: PHOTOPRESS\\\/Urs Flueeler)\"},{\"@type\":\"BreadcrumbList\",\"@id\":\"https:\\\/\\\/www.organisator.ch\\\/sustainability\\\/2017-03-07\\\/gesucht-metallsammler-des-jahres\\\/#breadcrumb\",\"itemListElement\":[{\"@type\":\"ListItem\",\"position\":1,\"name\":\"Home\",\"item\":\"https:\\\/\\\/www.organisator.ch\\\/\"},{\"@type\":\"ListItem\",\"position\":2,\"name\":\"Gesucht: Metallsammler des Jahres\"}]},{\"@type\":\"WebSite\",\"@id\":\"https:\\\/\\\/www.organisator.ch\\\/#website\",\"url\":\"https:\\\/\\\/www.organisator.ch\\\/\",\"name\":\"Organisator\",\"description\":\"Kompetent. Praxisnah. Der ORGANISATOR bereitet in 10 Ausgaben pro Jahr die wesentlichen Themen f\u00fcr F\u00fchrungskr\u00e4fte von KMU auf.\",\"publisher\":{\"@id\":\"https:\\\/\\\/www.organisator.ch\\\/#organization\"},\"potentialAction\":[{\"@type\":\"SearchAction\",\"target\":{\"@type\":\"EntryPoint\",\"urlTemplate\":\"https:\\\/\\\/www.organisator.ch\\\/?s={search_term_string}\"},\"query-input\":{\"@type\":\"PropertyValueSpecification\",\"valueRequired\":true,\"valueName\":\"search_term_string\"}}],\"inLanguage\":\"de\"},{\"@type\":\"Organization\",\"@id\":\"https:\\\/\\\/www.organisator.ch\\\/#organization\",\"name\":\"Organisator\",\"url\":\"https:\\\/\\\/www.organisator.ch\\\/\",\"logo\":{\"@type\":\"ImageObject\",\"inLanguage\":\"de\",\"@id\":\"https:\\\/\\\/www.organisator.ch\\\/#\\\/schema\\\/logo\\\/image\\\/\",\"url\":\"https:\\\/\\\/www.organisator.ch\\\/wp-content\\\/uploads\\\/2022\\\/01\\\/Logo_Organisator_Website.png\",\"contentUrl\":\"https:\\\/\\\/www.organisator.ch\\\/wp-content\\\/uploads\\\/2022\\\/01\\\/Logo_Organisator_Website.png\",\"width\":800,\"height\":77,\"caption\":\"Organisator\"},\"image\":{\"@id\":\"https:\\\/\\\/www.organisator.ch\\\/#\\\/schema\\\/logo\\\/image\\\/\"},\"sameAs\":[\"https:\\\/\\\/www.facebook.com\\\/OrganisatorFachmagazin\",\"https:\\\/\\\/www.linkedin.com\\\/showcase\\\/organisator-das-magazin-fr-kmu\",\"https:\\\/\\\/www.xing.com\\\/news\\\/pages\\\/organisator-ch-695\",\"https:\\\/\\\/www.youtube.com\\\/channel\\\/UCGP2Sq0iWaZwT3BdIAQFYpw\"]},{\"@type\":\"Person\",\"@id\":\"https:\\\/\\\/www.organisator.ch\\\/#\\\/schema\\\/person\\\/aa2bace6c5c5aad60102004a50c4eb1c\",\"name\":\"admin\",\"image\":{\"@type\":\"ImageObject\",\"inLanguage\":\"de\",\"@id\":\"https:\\\/\\\/secure.gravatar.com\\\/avatar\\\/ae2f4d718e6c49043e314ce431e7e645d646302a24a5ef5a8bc8e3f5a032e319?s=96&d=mm&r=g\",\"url\":\"https:\\\/\\\/secure.gravatar.com\\\/avatar\\\/ae2f4d718e6c49043e314ce431e7e645d646302a24a5ef5a8bc8e3f5a032e319?s=96&d=mm&r=g\",\"contentUrl\":\"https:\\\/\\\/secure.gravatar.com\\\/avatar\\\/ae2f4d718e6c49043e314ce431e7e645d646302a24a5ef5a8bc8e3f5a032e319?s=96&d=mm&r=g\",\"caption\":\"admin\"},\"sameAs\":[\"https:\\\/\\\/www.organisator.ch\"],\"url\":\"https:\\\/\\\/www.organisator.ch\\\/de\\\/author\\\/admin\\\/\"}]}<\/script>\n<!-- \/ Yoast SEO plugin. -->","yoast_head_json":{"title":"Gesucht: Metallsammler des Jahres - Organisator","description":"Der Prix-Metallrecycling k\u00fcrt die drei besten Metallsammler der Schweiz und will damit umweltgerechtes Verhalten im Umgang mit Metallverpackungen f\u00f6rdern.","robots":{"index":"index","follow":"follow","max-snippet":"max-snippet:-1","max-image-preview":"max-image-preview:large","max-video-preview":"max-video-preview:-1"},"canonical":"https:\/\/www.organisator.ch\/de\/sustainability\/2017-03-07\/gesucht-metallsammler-des-jahres\/","og_locale":"de_DE","og_type":"article","og_title":"Gesucht: Metallsammler des Jahres - Organisator","og_description":"Der Prix-Metallrecycling k\u00fcrt die drei besten Metallsammler der Schweiz und will damit umweltgerechtes Verhalten im Umgang mit Metallverpackungen f\u00f6rdern.","og_url":"https:\/\/www.organisator.ch\/de\/sustainability\/2017-03-07\/gesucht-metallsammler-des-jahres\/","og_site_name":"Organisator","article_publisher":"https:\/\/www.facebook.com\/OrganisatorFachmagazin","article_published_time":"2017-03-07T08:43:25+00:00","article_modified_time":"2022-02-09T10:05:38+00:00","og_image":[{"width":2560,"height":1707,"url":"https:\/\/www.organisator.ch\/wp-content\/uploads\/2017\/03\/tueftelwerk_luzern-scaled.jpg","type":"image\/jpeg"}],"author":"admin","twitter_card":"summary_large_image","schema":{"@context":"https:\/\/schema.org","@graph":[{"@type":"Article","@id":"https:\/\/www.organisator.ch\/sustainability\/2017-03-07\/gesucht-metallsammler-des-jahres\/#article","isPartOf":{"@id":"https:\/\/www.organisator.ch\/sustainability\/2017-03-07\/gesucht-metallsammler-des-jahres\/"},"author":{"name":"admin","@id":"https:\/\/www.organisator.ch\/#\/schema\/person\/aa2bace6c5c5aad60102004a50c4eb1c"},"headline":"Gesucht: Metallsammler des Jahres","datePublished":"2017-03-07T08:43:25+00:00","dateModified":"2022-02-09T10:05:38+00:00","mainEntityOfPage":{"@id":"https:\/\/www.organisator.ch\/sustainability\/2017-03-07\/gesucht-metallsammler-des-jahres\/"},"wordCount":382,"commentCount":0,"publisher":{"@id":"https:\/\/www.organisator.ch\/#organization"},"image":{"@id":"https:\/\/www.organisator.ch\/sustainability\/2017-03-07\/gesucht-metallsammler-des-jahres\/#primaryimage"},"thumbnailUrl":"https:\/\/www.organisator.ch\/wp-content\/uploads\/2017\/03\/tueftelwerk_luzern-scaled.jpg","keywords":["Ferro Recycling","Igora","Metallrecyling","Recycling"],"articleSection":["SUSTAINABILITY"],"inLanguage":"de"},{"@type":"WebPage","@id":"https:\/\/www.organisator.ch\/sustainability\/2017-03-07\/gesucht-metallsammler-des-jahres\/","url":"https:\/\/www.organisator.ch\/sustainability\/2017-03-07\/gesucht-metallsammler-des-jahres\/","name":"Gesucht: Metallsammler des Jahres - Organisator","isPartOf":{"@id":"https:\/\/www.organisator.ch\/#website"},"primaryImageOfPage":{"@id":"https:\/\/www.organisator.ch\/sustainability\/2017-03-07\/gesucht-metallsammler-des-jahres\/#primaryimage"},"image":{"@id":"https:\/\/www.organisator.ch\/sustainability\/2017-03-07\/gesucht-metallsammler-des-jahres\/#primaryimage"},"thumbnailUrl":"https:\/\/www.organisator.ch\/wp-content\/uploads\/2017\/03\/tueftelwerk_luzern-scaled.jpg","datePublished":"2017-03-07T08:43:25+00:00","dateModified":"2022-02-09T10:05:38+00:00","description":"Der Prix-Metallrecycling k\u00fcrt die drei besten Metallsammler der Schweiz und will damit umweltgerechtes Verhalten im Umgang mit Metallverpackungen f\u00f6rdern.","breadcrumb":{"@id":"https:\/\/www.organisator.ch\/sustainability\/2017-03-07\/gesucht-metallsammler-des-jahres\/#breadcrumb"},"inLanguage":"de","potentialAction":[{"@type":"ReadAction","target":["https:\/\/www.organisator.ch\/sustainability\/2017-03-07\/gesucht-metallsammler-des-jahres\/"]}]},{"@type":"ImageObject","inLanguage":"de","@id":"https:\/\/www.organisator.ch\/sustainability\/2017-03-07\/gesucht-metallsammler-des-jahres\/#primaryimage","url":"https:\/\/www.organisator.ch\/wp-content\/uploads\/2017\/03\/tueftelwerk_luzern-scaled.jpg","contentUrl":"https:\/\/www.organisator.ch\/wp-content\/uploads\/2017\/03\/tueftelwerk_luzern-scaled.jpg","width":2560,"height":1707,"caption":"Die Universalwerkstadt \"Tueftelwerk\" in Luzern gewann den Prix Metal Recycling 2016. In der Werkstatt lernen Kinder, aus alten Metallverpackungen kreative Handwerkskunst zu schaffen. (Bild: PHOTOPRESS\/Urs Flueeler)"},{"@type":"BreadcrumbList","@id":"https:\/\/www.organisator.ch\/sustainability\/2017-03-07\/gesucht-metallsammler-des-jahres\/#breadcrumb","itemListElement":[{"@type":"ListItem","position":1,"name":"Home","item":"https:\/\/www.organisator.ch\/"},{"@type":"ListItem","position":2,"name":"Gesucht: Metallsammler des Jahres"}]},{"@type":"WebSite","@id":"https:\/\/www.organisator.ch\/#website","url":"https:\/\/www.organisator.ch\/","name":"Organisator","description":"Kompetent. Praxisnah. Der ORGANISATOR bereitet in 10 Ausgaben pro Jahr die wesentlichen Themen f\u00fcr F\u00fchrungskr\u00e4fte von KMU auf.","publisher":{"@id":"https:\/\/www.organisator.ch\/#organization"},"potentialAction":[{"@type":"SearchAction","target":{"@type":"EntryPoint","urlTemplate":"https:\/\/www.organisator.ch\/?s={search_term_string}"},"query-input":{"@type":"PropertyValueSpecification","valueRequired":true,"valueName":"search_term_string"}}],"inLanguage":"de"},{"@type":"Organization","@id":"https:\/\/www.organisator.ch\/#organization","name":"Organisator","url":"https:\/\/www.organisator.ch\/","logo":{"@type":"ImageObject","inLanguage":"de","@id":"https:\/\/www.organisator.ch\/#\/schema\/logo\/image\/","url":"https:\/\/www.organisator.ch\/wp-content\/uploads\/2022\/01\/Logo_Organisator_Website.png","contentUrl":"https:\/\/www.organisator.ch\/wp-content\/uploads\/2022\/01\/Logo_Organisator_Website.png","width":800,"height":77,"caption":"Organisator"},"image":{"@id":"https:\/\/www.organisator.ch\/#\/schema\/logo\/image\/"},"sameAs":["https:\/\/www.facebook.com\/OrganisatorFachmagazin","https:\/\/www.linkedin.com\/showcase\/organisator-das-magazin-fr-kmu","https:\/\/www.xing.com\/news\/pages\/organisator-ch-695","https:\/\/www.youtube.com\/channel\/UCGP2Sq0iWaZwT3BdIAQFYpw"]},{"@type":"Person","@id":"https:\/\/www.organisator.ch\/#\/schema\/person\/aa2bace6c5c5aad60102004a50c4eb1c","name":"admin","image":{"@type":"ImageObject","inLanguage":"de","@id":"https:\/\/secure.gravatar.com\/avatar\/ae2f4d718e6c49043e314ce431e7e645d646302a24a5ef5a8bc8e3f5a032e319?s=96&d=mm&r=g","url":"https:\/\/secure.gravatar.com\/avatar\/ae2f4d718e6c49043e314ce431e7e645d646302a24a5ef5a8bc8e3f5a032e319?s=96&d=mm&r=g","contentUrl":"https:\/\/secure.gravatar.com\/avatar\/ae2f4d718e6c49043e314ce431e7e645d646302a24a5ef5a8bc8e3f5a032e319?s=96&d=mm&r=g","caption":"admin"},"sameAs":["https:\/\/www.organisator.ch"],"url":"https:\/\/www.organisator.ch\/de\/author\/admin\/"}]}},"_links":{"self":[{"href":"https:\/\/www.organisator.ch\/de\/wp-json\/wp\/v2\/posts\/859","targetHints":{"allow":["GET"]}}],"collection":[{"href":"https:\/\/www.organisator.ch\/de\/wp-json\/wp\/v2\/posts"}],"about":[{"href":"https:\/\/www.organisator.ch\/de\/wp-json\/wp\/v2\/types\/post"}],"author":[{"embeddable":true,"href":"https:\/\/www.organisator.ch\/de\/wp-json\/wp\/v2\/users\/1"}],"replies":[{"embeddable":true,"href":"https:\/\/www.organisator.ch\/de\/wp-json\/wp\/v2\/comments?post=859"}],"version-history":[{"count":1,"href":"https:\/\/www.organisator.ch\/de\/wp-json\/wp\/v2\/posts\/859\/revisions"}],"predecessor-version":[{"id":10431,"href":"https:\/\/www.organisator.ch\/de\/wp-json\/wp\/v2\/posts\/859\/revisions\/10431"}],"wp:featuredmedia":[{"embeddable":true,"href":"https:\/\/www.organisator.ch\/de\/wp-json\/wp\/v2\/media\/860"}],"wp:attachment":[{"href":"https:\/\/www.organisator.ch\/de\/wp-json\/wp\/v2\/media?parent=859"}],"wp:term":[{"taxonomy":"category","embeddable":true,"href":"https:\/\/www.organisator.ch\/de\/wp-json\/wp\/v2\/categories?post=859"},{"taxonomy":"post_tag","embeddable":true,"href":"https:\/\/www.organisator.ch\/de\/wp-json\/wp\/v2\/tags?post=859"}],"curies":[{"name":"wp","href":"https:\/\/api.w.org\/{rel}","templated":true}]}}