{"id":8595,"date":"2019-11-20T12:01:27","date_gmt":"2019-11-20T11:01:27","guid":{"rendered":"https:\/\/www.organisator.ch\/?p=6055"},"modified":"2019-11-20T12:01:27","modified_gmt":"2019-11-20T11:01:27","slug":"verrechnungssteuergesetz-bundesgericht-schuetzt-steuerzahler","status":"publish","type":"post","link":"https:\/\/www.organisator.ch\/de\/management\/finanzen_recht\/2019-11-20\/verrechnungssteuergesetz-bundesgericht-schuetzt-steuerzahler\/","title":{"rendered":"Verrechnungssteuergesetz: Bundesgericht sch\u00fctzt Steuerzahler"},"content":{"rendered":"<figure id=\"attachment_6056\" aria-describedby=\"caption-attachment-6056\" style=\"width: 680px\" class=\"wp-caption alignnone\"><img loading=\"lazy\" decoding=\"async\" class=\"size-medium wp-image-6056\" src=\"https:\/\/www.organisator.ch\/wp-content\/uploads\/2019\/11\/Neues-Verrechnungssteuergesetz-Bundesgericht-schuetzt-Steuerzahler_Organisator.jpg\" alt=\"\" width=\"680\" height=\"401\" \/><figcaption id=\"caption-attachment-6056\" class=\"wp-caption-text\">Das neue Verrechnungssteuergesetz erm\u00f6glicht es Steuerzahlern, die Verrechnungsteuer auf unabsichtlich nicht deklarierte Verm\u00f6gen auch nachtr\u00e4glich noch einzufordern. K\u00fcrzlich entschied das Bundesgericht bereits mehrfach zu Gunsten von Steuerzahlern. (Bild: Pixabay.com)<\/figcaption><\/figure>\n<p>In den letzten Jahren war die Verrechnungssteuer zu einer eigentlichen Strafsteuer geworden. Steuerzahler wurden bereits f\u00fcr fahrl\u00e4ssige Vers\u00e4umnisse \u00fcbertrieben hart bestraft. Um den Missstand zu beheben, hat Nationalr\u00e4tin Daniela Schneeberger, gleichzeitig Pr\u00e4sidentin des Branchenverbands Treuhand Suisse, im Jahr 2016 die Motion \u00abKeine Verwirkung bei der Verrechnungssteuer\u00bb eingereicht. Ihre Forderungen wurden f\u00fcr die Gesetzesrevision aufgenommen.<\/p>\n<h2>Verrechnungssteuer l\u00e4sst sich l\u00e4nger zur\u00fcckfordern<\/h2>\n<p>Seit 1. Januar 2019 ist das neue Verrechnungssteuergesetz in Kraft. Seither d\u00fcrfen Steuerzahler die Verrechnungssteuer auch nachtr\u00e4glich zur\u00fcckfordern, sofern die Eink\u00fcnfte oder Verm\u00f6gen nicht vors\u00e4tzlich verschwiegen worden sind. Die Neuregelung gilt r\u00fcckwirkend f\u00fcr Anspr\u00fcche, die seit dem 1. Januar 2014 entstanden sind, sofern dar\u00fcber noch nicht rechtskr\u00e4ftig entschieden worden ist. Wer also aufgrund eines Fehlers die Frist zur R\u00fcckerstattung der Verrechnungssteuer verpasst hat, kann aufatmen.<\/p>\n<h2>Erste Bundesgerichtsentscheide zu Gunsten von Steuerzahlern<\/h2>\n<p>Im Laufe dieses Jahres sind nun bereits erste Bundesgerichtsentscheide zu Gunsten von Steuerzahlern gef\u00e4llt worden. Das Bundesgericht h\u00e4lt fest, dass die Verrechnungssteuer auch dann zur\u00fcckgefordert werden kann, wenn Steuerpflichtige eine Verfahrenspflicht verletzt haben, dem Steuerpflichtigen jedoch weder Vorsatz noch Fahrl\u00e4ssigkeit vorgeworfen werden kann. \u00abEs kann jedem von uns passieren zu vergessen, die Verrechnungssteuer zur\u00fcckzufordern\u00bb, weiss Daniela Schneeberger. \u00abGerade bei KMU kann es vorkommen, dass sich in der Deklaration ein \u2018Fehler\u2019 einschleicht, weil die Steuerbeh\u00f6rde die Bewertung der Unternehmenswerte erst im Nachhinein korrigiert hat.\u00bb Wegen eines solchen Vers\u00e4umnisses einen Drittel der Verm\u00f6gensertr\u00e4ge zu verlieren, sei eine v\u00f6llig unangemessene Strafe. \u00abDie neue Bestimmung in der Gesetzesvorlage ist gerecht und entspricht dem gesunden Menschenverstand\u00bb, bekr\u00e4ftigt Daniela Schneeberger.<\/p>\n<p><em>Quelle: <a href=\"http:\/\/www.treuhandsuisse.ch\">Treuhand Suisse<\/a><\/em><\/p>\n","protected":false},"excerpt":{"rendered":"<p>In den letzten Jahren war die Verrechnungssteuer zu einer eigentlichen Strafsteuer geworden. Steuerzahler wurden bereits f\u00fcr fahrl\u00e4ssige Vers\u00e4umnisse \u00fcbertrieben hart bestraft. Um den Missstand zu beheben, hat Nationalr\u00e4tin Daniela Schneeberger, gleichzeitig Pr\u00e4sidentin des Branchenverbands Treuhand Suisse, im Jahr 2016 die Motion \u00abKeine Verwirkung bei der Verrechnungssteuer\u00bb eingereicht. Ihre Forderungen wurden f\u00fcr die Gesetzesrevision aufgenommen. Verrechnungssteuer [&hellip;]<\/p>\n","protected":false},"author":4,"featured_media":8507,"comment_status":"closed","ping_status":"closed","sticky":false,"template":"","format":"standard","meta":{"_acf_changed":false,"_yoast_wpseo_focuskw":"Verrechnungssteuergesetz","_yoast_wpseo_metadesc":"Anfang des Jahres 2019 ist das Verrechnungssteuergesetz in Kraft getreten, das deutliche Verbesserungen f\u00fcr Steuerzahlerinnen und -zahler enth\u00e4lt.","articlekey":"","footnotes":""},"categories":[24],"tags":[99,202,241,454],"class_list":["post-8595","post","type-post","status-publish","format-standard","has-post-thumbnail","hentry","category-finanzen_recht","tag-bundesgericht","tag-finanzenrecht","tag-gesetzgebung","tag-steuern"],"acf":[],"yoast_head":"<!-- This site is optimized with the Yoast SEO plugin v27.5 - https:\/\/yoast.com\/product\/yoast-seo-wordpress\/ -->\n<title>Verrechnungssteuergesetz: Bundesgericht sch\u00fctzt Steuerzahler - Organisator<\/title>\n<meta name=\"description\" content=\"Anfang des Jahres 2019 ist das Verrechnungssteuergesetz in Kraft getreten, das deutliche Verbesserungen f\u00fcr Steuerzahlerinnen und -zahler enth\u00e4lt.\" \/>\n<meta name=\"robots\" content=\"index, follow, max-snippet:-1, max-image-preview:large, max-video-preview:-1\" \/>\n<link rel=\"canonical\" href=\"https:\/\/www.organisator.ch\/de\/management\/finanzen_recht\/2019-11-20\/verrechnungssteuergesetz-bundesgericht-schuetzt-steuerzahler\/\" \/>\n<meta property=\"og:locale\" content=\"de_DE\" \/>\n<meta property=\"og:type\" content=\"article\" \/>\n<meta property=\"og:title\" content=\"Verrechnungssteuergesetz: Bundesgericht sch\u00fctzt Steuerzahler\" \/>\n<meta property=\"og:description\" content=\"Anfang des Jahres 2019 ist das Verrechnungssteuergesetz in Kraft getreten, das deutliche Verbesserungen f\u00fcr Steuerzahlerinnen und -zahler enth\u00e4lt.\" \/>\n<meta property=\"og:url\" content=\"https:\/\/www.organisator.ch\/de\/management\/finanzen_recht\/2019-11-20\/verrechnungssteuergesetz-bundesgericht-schuetzt-steuerzahler\/\" \/>\n<meta property=\"og:site_name\" content=\"Organisator\" \/>\n<meta property=\"article:publisher\" content=\"https:\/\/www.facebook.com\/OrganisatorFachmagazin\" \/>\n<meta property=\"article:published_time\" content=\"2019-11-20T11:01:27+00:00\" \/>\n<meta property=\"og:image\" content=\"https:\/\/www.organisator.ch\/wp-content\/uploads\/2021\/07\/organisator_2014_11.png\" \/>\n\t<meta property=\"og:image:width\" content=\"654\" \/>\n\t<meta property=\"og:image:height\" content=\"370\" \/>\n\t<meta property=\"og:image:type\" content=\"image\/png\" \/>\n<meta name=\"author\" content=\"thomas.berner\" \/>\n<meta name=\"twitter:card\" content=\"summary_large_image\" \/>\n<meta name=\"twitter:title\" content=\"Verrechnungssteuergesetz: Bundesgericht sch\u00fctzt Steuerzahler\" \/>\n<meta name=\"twitter:description\" content=\"Anfang des Jahres 2019 ist das Verrechnungssteuergesetz in Kraft getreten, das deutliche Verbesserungen f\u00fcr Steuerzahlerinnen und -zahler enth\u00e4lt.\" \/>\n<meta name=\"twitter:image\" content=\"https:\/\/www.organisator.ch\/wp-content\/uploads\/2021\/07\/organisator_2014_11.png\" \/>\n<script type=\"application\/ld+json\" class=\"yoast-schema-graph\">{\"@context\":\"https:\\\/\\\/schema.org\",\"@graph\":[{\"@type\":\"Article\",\"@id\":\"https:\\\/\\\/www.organisator.ch\\\/management\\\/finanzen_recht\\\/2019-11-20\\\/verrechnungssteuergesetz-bundesgericht-schuetzt-steuerzahler\\\/#article\",\"isPartOf\":{\"@id\":\"https:\\\/\\\/www.organisator.ch\\\/management\\\/finanzen_recht\\\/2019-11-20\\\/verrechnungssteuergesetz-bundesgericht-schuetzt-steuerzahler\\\/\"},\"author\":{\"name\":\"thomas.berner\",\"@id\":\"https:\\\/\\\/www.organisator.ch\\\/#\\\/schema\\\/person\\\/6f650f90b2842cd4c0cc334b4e36f67e\"},\"headline\":\"Verrechnungssteuergesetz: Bundesgericht sch\u00fctzt Steuerzahler\",\"datePublished\":\"2019-11-20T11:01:27+00:00\",\"mainEntityOfPage\":{\"@id\":\"https:\\\/\\\/www.organisator.ch\\\/management\\\/finanzen_recht\\\/2019-11-20\\\/verrechnungssteuergesetz-bundesgericht-schuetzt-steuerzahler\\\/\"},\"wordCount\":320,\"publisher\":{\"@id\":\"https:\\\/\\\/www.organisator.ch\\\/#organization\"},\"image\":{\"@id\":\"https:\\\/\\\/www.organisator.ch\\\/management\\\/finanzen_recht\\\/2019-11-20\\\/verrechnungssteuergesetz-bundesgericht-schuetzt-steuerzahler\\\/#primaryimage\"},\"thumbnailUrl\":\"https:\\\/\\\/www.organisator.ch\\\/wp-content\\\/uploads\\\/2019\\\/11\\\/Neues-Verrechnungssteuergesetz-Bundesgericht-schuetzt-Steuerzahler_Organisator.jpg\",\"keywords\":[\"Bundesgericht\",\"Finanzen\\\/Recht\",\"Gesetzgebung\",\"Steuern\"],\"articleSection\":[\"FINANZEN\\\/RECHT\"],\"inLanguage\":\"de\"},{\"@type\":\"WebPage\",\"@id\":\"https:\\\/\\\/www.organisator.ch\\\/management\\\/finanzen_recht\\\/2019-11-20\\\/verrechnungssteuergesetz-bundesgericht-schuetzt-steuerzahler\\\/\",\"url\":\"https:\\\/\\\/www.organisator.ch\\\/management\\\/finanzen_recht\\\/2019-11-20\\\/verrechnungssteuergesetz-bundesgericht-schuetzt-steuerzahler\\\/\",\"name\":\"Verrechnungssteuergesetz: Bundesgericht sch\u00fctzt Steuerzahler - Organisator\",\"isPartOf\":{\"@id\":\"https:\\\/\\\/www.organisator.ch\\\/#website\"},\"primaryImageOfPage\":{\"@id\":\"https:\\\/\\\/www.organisator.ch\\\/management\\\/finanzen_recht\\\/2019-11-20\\\/verrechnungssteuergesetz-bundesgericht-schuetzt-steuerzahler\\\/#primaryimage\"},\"image\":{\"@id\":\"https:\\\/\\\/www.organisator.ch\\\/management\\\/finanzen_recht\\\/2019-11-20\\\/verrechnungssteuergesetz-bundesgericht-schuetzt-steuerzahler\\\/#primaryimage\"},\"thumbnailUrl\":\"https:\\\/\\\/www.organisator.ch\\\/wp-content\\\/uploads\\\/2019\\\/11\\\/Neues-Verrechnungssteuergesetz-Bundesgericht-schuetzt-Steuerzahler_Organisator.jpg\",\"datePublished\":\"2019-11-20T11:01:27+00:00\",\"description\":\"Anfang des Jahres 2019 ist das Verrechnungssteuergesetz in Kraft getreten, das deutliche Verbesserungen f\u00fcr Steuerzahlerinnen und -zahler enth\u00e4lt.\",\"breadcrumb\":{\"@id\":\"https:\\\/\\\/www.organisator.ch\\\/management\\\/finanzen_recht\\\/2019-11-20\\\/verrechnungssteuergesetz-bundesgericht-schuetzt-steuerzahler\\\/#breadcrumb\"},\"inLanguage\":\"de\",\"potentialAction\":[{\"@type\":\"ReadAction\",\"target\":[\"https:\\\/\\\/www.organisator.ch\\\/management\\\/finanzen_recht\\\/2019-11-20\\\/verrechnungssteuergesetz-bundesgericht-schuetzt-steuerzahler\\\/\"]}]},{\"@type\":\"ImageObject\",\"inLanguage\":\"de\",\"@id\":\"https:\\\/\\\/www.organisator.ch\\\/management\\\/finanzen_recht\\\/2019-11-20\\\/verrechnungssteuergesetz-bundesgericht-schuetzt-steuerzahler\\\/#primaryimage\",\"url\":\"https:\\\/\\\/www.organisator.ch\\\/wp-content\\\/uploads\\\/2019\\\/11\\\/Neues-Verrechnungssteuergesetz-Bundesgericht-schuetzt-Steuerzahler_Organisator.jpg\",\"contentUrl\":\"https:\\\/\\\/www.organisator.ch\\\/wp-content\\\/uploads\\\/2019\\\/11\\\/Neues-Verrechnungssteuergesetz-Bundesgericht-schuetzt-Steuerzahler_Organisator.jpg\",\"width\":680,\"height\":401,\"caption\":\"Das neue Verrechnungssteuergesetz erm\u00f6glicht es Steuerzahlern, die Verrechnungsteuer auf unabsichtlich nicht deklarierte Verm\u00f6gen auch nachtr\u00e4glich noch einzufordern. (Bild: Pixabay.com)\"},{\"@type\":\"BreadcrumbList\",\"@id\":\"https:\\\/\\\/www.organisator.ch\\\/management\\\/finanzen_recht\\\/2019-11-20\\\/verrechnungssteuergesetz-bundesgericht-schuetzt-steuerzahler\\\/#breadcrumb\",\"itemListElement\":[{\"@type\":\"ListItem\",\"position\":1,\"name\":\"Home\",\"item\":\"https:\\\/\\\/www.organisator.ch\\\/\"},{\"@type\":\"ListItem\",\"position\":2,\"name\":\"Verrechnungssteuergesetz: Bundesgericht sch\u00fctzt Steuerzahler\"}]},{\"@type\":\"WebSite\",\"@id\":\"https:\\\/\\\/www.organisator.ch\\\/#website\",\"url\":\"https:\\\/\\\/www.organisator.ch\\\/\",\"name\":\"Organisator\",\"description\":\"Kompetent. Praxisnah. Der ORGANISATOR bereitet in 10 Ausgaben pro Jahr die wesentlichen Themen f\u00fcr F\u00fchrungskr\u00e4fte von KMU auf.\",\"publisher\":{\"@id\":\"https:\\\/\\\/www.organisator.ch\\\/#organization\"},\"potentialAction\":[{\"@type\":\"SearchAction\",\"target\":{\"@type\":\"EntryPoint\",\"urlTemplate\":\"https:\\\/\\\/www.organisator.ch\\\/?s={search_term_string}\"},\"query-input\":{\"@type\":\"PropertyValueSpecification\",\"valueRequired\":true,\"valueName\":\"search_term_string\"}}],\"inLanguage\":\"de\"},{\"@type\":\"Organization\",\"@id\":\"https:\\\/\\\/www.organisator.ch\\\/#organization\",\"name\":\"Organisator\",\"url\":\"https:\\\/\\\/www.organisator.ch\\\/\",\"logo\":{\"@type\":\"ImageObject\",\"inLanguage\":\"de\",\"@id\":\"https:\\\/\\\/www.organisator.ch\\\/#\\\/schema\\\/logo\\\/image\\\/\",\"url\":\"https:\\\/\\\/www.organisator.ch\\\/wp-content\\\/uploads\\\/2022\\\/01\\\/Logo_Organisator_Website.png\",\"contentUrl\":\"https:\\\/\\\/www.organisator.ch\\\/wp-content\\\/uploads\\\/2022\\\/01\\\/Logo_Organisator_Website.png\",\"width\":800,\"height\":77,\"caption\":\"Organisator\"},\"image\":{\"@id\":\"https:\\\/\\\/www.organisator.ch\\\/#\\\/schema\\\/logo\\\/image\\\/\"},\"sameAs\":[\"https:\\\/\\\/www.facebook.com\\\/OrganisatorFachmagazin\",\"https:\\\/\\\/www.linkedin.com\\\/showcase\\\/organisator-das-magazin-fr-kmu\",\"https:\\\/\\\/www.xing.com\\\/news\\\/pages\\\/organisator-ch-695\",\"https:\\\/\\\/www.youtube.com\\\/channel\\\/UCGP2Sq0iWaZwT3BdIAQFYpw\"]},{\"@type\":\"Person\",\"@id\":\"https:\\\/\\\/www.organisator.ch\\\/#\\\/schema\\\/person\\\/6f650f90b2842cd4c0cc334b4e36f67e\",\"name\":\"thomas.berner\",\"image\":{\"@type\":\"ImageObject\",\"inLanguage\":\"de\",\"@id\":\"https:\\\/\\\/secure.gravatar.com\\\/avatar\\\/ac5001d2a36cb6c6cd3e50789007ffca834b477b74a2144564522e944eabff61?s=96&d=mm&r=g\",\"url\":\"https:\\\/\\\/secure.gravatar.com\\\/avatar\\\/ac5001d2a36cb6c6cd3e50789007ffca834b477b74a2144564522e944eabff61?s=96&d=mm&r=g\",\"contentUrl\":\"https:\\\/\\\/secure.gravatar.com\\\/avatar\\\/ac5001d2a36cb6c6cd3e50789007ffca834b477b74a2144564522e944eabff61?s=96&d=mm&r=g\",\"caption\":\"thomas.berner\"},\"url\":\"https:\\\/\\\/www.organisator.ch\\\/de\\\/author\\\/thomas-berner\\\/\"}]}<\/script>\n<!-- \/ Yoast SEO plugin. -->","yoast_head_json":{"title":"Verrechnungssteuergesetz: Bundesgericht sch\u00fctzt Steuerzahler - Organisator","description":"Anfang des Jahres 2019 ist das Verrechnungssteuergesetz in Kraft getreten, das deutliche Verbesserungen f\u00fcr Steuerzahlerinnen und -zahler enth\u00e4lt.","robots":{"index":"index","follow":"follow","max-snippet":"max-snippet:-1","max-image-preview":"max-image-preview:large","max-video-preview":"max-video-preview:-1"},"canonical":"https:\/\/www.organisator.ch\/de\/management\/finanzen_recht\/2019-11-20\/verrechnungssteuergesetz-bundesgericht-schuetzt-steuerzahler\/","og_locale":"de_DE","og_type":"article","og_title":"Verrechnungssteuergesetz: Bundesgericht sch\u00fctzt Steuerzahler","og_description":"Anfang des Jahres 2019 ist das Verrechnungssteuergesetz in Kraft getreten, das deutliche Verbesserungen f\u00fcr Steuerzahlerinnen und -zahler enth\u00e4lt.","og_url":"https:\/\/www.organisator.ch\/de\/management\/finanzen_recht\/2019-11-20\/verrechnungssteuergesetz-bundesgericht-schuetzt-steuerzahler\/","og_site_name":"Organisator","article_publisher":"https:\/\/www.facebook.com\/OrganisatorFachmagazin","article_published_time":"2019-11-20T11:01:27+00:00","og_image":[{"width":654,"height":370,"url":"https:\/\/www.organisator.ch\/wp-content\/uploads\/2021\/07\/organisator_2014_11.png","type":"image\/png"}],"author":"thomas.berner","twitter_card":"summary_large_image","twitter_title":"Verrechnungssteuergesetz: Bundesgericht sch\u00fctzt Steuerzahler","twitter_description":"Anfang des Jahres 2019 ist das Verrechnungssteuergesetz in Kraft getreten, das deutliche Verbesserungen f\u00fcr Steuerzahlerinnen und -zahler enth\u00e4lt.","twitter_image":"https:\/\/www.organisator.ch\/wp-content\/uploads\/2021\/07\/organisator_2014_11.png","schema":{"@context":"https:\/\/schema.org","@graph":[{"@type":"Article","@id":"https:\/\/www.organisator.ch\/management\/finanzen_recht\/2019-11-20\/verrechnungssteuergesetz-bundesgericht-schuetzt-steuerzahler\/#article","isPartOf":{"@id":"https:\/\/www.organisator.ch\/management\/finanzen_recht\/2019-11-20\/verrechnungssteuergesetz-bundesgericht-schuetzt-steuerzahler\/"},"author":{"name":"thomas.berner","@id":"https:\/\/www.organisator.ch\/#\/schema\/person\/6f650f90b2842cd4c0cc334b4e36f67e"},"headline":"Verrechnungssteuergesetz: Bundesgericht sch\u00fctzt Steuerzahler","datePublished":"2019-11-20T11:01:27+00:00","mainEntityOfPage":{"@id":"https:\/\/www.organisator.ch\/management\/finanzen_recht\/2019-11-20\/verrechnungssteuergesetz-bundesgericht-schuetzt-steuerzahler\/"},"wordCount":320,"publisher":{"@id":"https:\/\/www.organisator.ch\/#organization"},"image":{"@id":"https:\/\/www.organisator.ch\/management\/finanzen_recht\/2019-11-20\/verrechnungssteuergesetz-bundesgericht-schuetzt-steuerzahler\/#primaryimage"},"thumbnailUrl":"https:\/\/www.organisator.ch\/wp-content\/uploads\/2019\/11\/Neues-Verrechnungssteuergesetz-Bundesgericht-schuetzt-Steuerzahler_Organisator.jpg","keywords":["Bundesgericht","Finanzen\/Recht","Gesetzgebung","Steuern"],"articleSection":["FINANZEN\/RECHT"],"inLanguage":"de"},{"@type":"WebPage","@id":"https:\/\/www.organisator.ch\/management\/finanzen_recht\/2019-11-20\/verrechnungssteuergesetz-bundesgericht-schuetzt-steuerzahler\/","url":"https:\/\/www.organisator.ch\/management\/finanzen_recht\/2019-11-20\/verrechnungssteuergesetz-bundesgericht-schuetzt-steuerzahler\/","name":"Verrechnungssteuergesetz: Bundesgericht sch\u00fctzt Steuerzahler - Organisator","isPartOf":{"@id":"https:\/\/www.organisator.ch\/#website"},"primaryImageOfPage":{"@id":"https:\/\/www.organisator.ch\/management\/finanzen_recht\/2019-11-20\/verrechnungssteuergesetz-bundesgericht-schuetzt-steuerzahler\/#primaryimage"},"image":{"@id":"https:\/\/www.organisator.ch\/management\/finanzen_recht\/2019-11-20\/verrechnungssteuergesetz-bundesgericht-schuetzt-steuerzahler\/#primaryimage"},"thumbnailUrl":"https:\/\/www.organisator.ch\/wp-content\/uploads\/2019\/11\/Neues-Verrechnungssteuergesetz-Bundesgericht-schuetzt-Steuerzahler_Organisator.jpg","datePublished":"2019-11-20T11:01:27+00:00","description":"Anfang des Jahres 2019 ist das Verrechnungssteuergesetz in Kraft getreten, das deutliche Verbesserungen f\u00fcr Steuerzahlerinnen und -zahler enth\u00e4lt.","breadcrumb":{"@id":"https:\/\/www.organisator.ch\/management\/finanzen_recht\/2019-11-20\/verrechnungssteuergesetz-bundesgericht-schuetzt-steuerzahler\/#breadcrumb"},"inLanguage":"de","potentialAction":[{"@type":"ReadAction","target":["https:\/\/www.organisator.ch\/management\/finanzen_recht\/2019-11-20\/verrechnungssteuergesetz-bundesgericht-schuetzt-steuerzahler\/"]}]},{"@type":"ImageObject","inLanguage":"de","@id":"https:\/\/www.organisator.ch\/management\/finanzen_recht\/2019-11-20\/verrechnungssteuergesetz-bundesgericht-schuetzt-steuerzahler\/#primaryimage","url":"https:\/\/www.organisator.ch\/wp-content\/uploads\/2019\/11\/Neues-Verrechnungssteuergesetz-Bundesgericht-schuetzt-Steuerzahler_Organisator.jpg","contentUrl":"https:\/\/www.organisator.ch\/wp-content\/uploads\/2019\/11\/Neues-Verrechnungssteuergesetz-Bundesgericht-schuetzt-Steuerzahler_Organisator.jpg","width":680,"height":401,"caption":"Das neue Verrechnungssteuergesetz erm\u00f6glicht es Steuerzahlern, die Verrechnungsteuer auf unabsichtlich nicht deklarierte Verm\u00f6gen auch nachtr\u00e4glich noch einzufordern. (Bild: Pixabay.com)"},{"@type":"BreadcrumbList","@id":"https:\/\/www.organisator.ch\/management\/finanzen_recht\/2019-11-20\/verrechnungssteuergesetz-bundesgericht-schuetzt-steuerzahler\/#breadcrumb","itemListElement":[{"@type":"ListItem","position":1,"name":"Home","item":"https:\/\/www.organisator.ch\/"},{"@type":"ListItem","position":2,"name":"Verrechnungssteuergesetz: Bundesgericht sch\u00fctzt Steuerzahler"}]},{"@type":"WebSite","@id":"https:\/\/www.organisator.ch\/#website","url":"https:\/\/www.organisator.ch\/","name":"Organisator","description":"Kompetent. Praxisnah. Der ORGANISATOR bereitet in 10 Ausgaben pro Jahr die wesentlichen Themen f\u00fcr F\u00fchrungskr\u00e4fte von KMU auf.","publisher":{"@id":"https:\/\/www.organisator.ch\/#organization"},"potentialAction":[{"@type":"SearchAction","target":{"@type":"EntryPoint","urlTemplate":"https:\/\/www.organisator.ch\/?s={search_term_string}"},"query-input":{"@type":"PropertyValueSpecification","valueRequired":true,"valueName":"search_term_string"}}],"inLanguage":"de"},{"@type":"Organization","@id":"https:\/\/www.organisator.ch\/#organization","name":"Organisator","url":"https:\/\/www.organisator.ch\/","logo":{"@type":"ImageObject","inLanguage":"de","@id":"https:\/\/www.organisator.ch\/#\/schema\/logo\/image\/","url":"https:\/\/www.organisator.ch\/wp-content\/uploads\/2022\/01\/Logo_Organisator_Website.png","contentUrl":"https:\/\/www.organisator.ch\/wp-content\/uploads\/2022\/01\/Logo_Organisator_Website.png","width":800,"height":77,"caption":"Organisator"},"image":{"@id":"https:\/\/www.organisator.ch\/#\/schema\/logo\/image\/"},"sameAs":["https:\/\/www.facebook.com\/OrganisatorFachmagazin","https:\/\/www.linkedin.com\/showcase\/organisator-das-magazin-fr-kmu","https:\/\/www.xing.com\/news\/pages\/organisator-ch-695","https:\/\/www.youtube.com\/channel\/UCGP2Sq0iWaZwT3BdIAQFYpw"]},{"@type":"Person","@id":"https:\/\/www.organisator.ch\/#\/schema\/person\/6f650f90b2842cd4c0cc334b4e36f67e","name":"thomas.berner","image":{"@type":"ImageObject","inLanguage":"de","@id":"https:\/\/secure.gravatar.com\/avatar\/ac5001d2a36cb6c6cd3e50789007ffca834b477b74a2144564522e944eabff61?s=96&d=mm&r=g","url":"https:\/\/secure.gravatar.com\/avatar\/ac5001d2a36cb6c6cd3e50789007ffca834b477b74a2144564522e944eabff61?s=96&d=mm&r=g","contentUrl":"https:\/\/secure.gravatar.com\/avatar\/ac5001d2a36cb6c6cd3e50789007ffca834b477b74a2144564522e944eabff61?s=96&d=mm&r=g","caption":"thomas.berner"},"url":"https:\/\/www.organisator.ch\/de\/author\/thomas-berner\/"}]}},"_links":{"self":[{"href":"https:\/\/www.organisator.ch\/de\/wp-json\/wp\/v2\/posts\/8595","targetHints":{"allow":["GET"]}}],"collection":[{"href":"https:\/\/www.organisator.ch\/de\/wp-json\/wp\/v2\/posts"}],"about":[{"href":"https:\/\/www.organisator.ch\/de\/wp-json\/wp\/v2\/types\/post"}],"author":[{"embeddable":true,"href":"https:\/\/www.organisator.ch\/de\/wp-json\/wp\/v2\/users\/4"}],"replies":[{"embeddable":true,"href":"https:\/\/www.organisator.ch\/de\/wp-json\/wp\/v2\/comments?post=8595"}],"version-history":[{"count":0,"href":"https:\/\/www.organisator.ch\/de\/wp-json\/wp\/v2\/posts\/8595\/revisions"}],"wp:featuredmedia":[{"embeddable":true,"href":"https:\/\/www.organisator.ch\/de\/wp-json\/wp\/v2\/media\/8507"}],"wp:attachment":[{"href":"https:\/\/www.organisator.ch\/de\/wp-json\/wp\/v2\/media?parent=8595"}],"wp:term":[{"taxonomy":"category","embeddable":true,"href":"https:\/\/www.organisator.ch\/de\/wp-json\/wp\/v2\/categories?post=8595"},{"taxonomy":"post_tag","embeddable":true,"href":"https:\/\/www.organisator.ch\/de\/wp-json\/wp\/v2\/tags?post=8595"}],"curies":[{"name":"wp","href":"https:\/\/api.w.org\/{rel}","templated":true}]}}