{"id":861,"date":"2016-09-13T17:18:58","date_gmt":"2016-09-13T15:18:58","guid":{"rendered":"http:\/\/dev.organisator.ch\/?p=861"},"modified":"2016-09-13T17:18:58","modified_gmt":"2016-09-13T15:18:58","slug":"foerdermittel-fuer-die-fachkraefteinitiative","status":"publish","type":"post","link":"https:\/\/www.organisator.ch\/de\/allgemein\/2016-09-13\/foerdermittel-fuer-die-fachkraefteinitiative\/","title":{"rendered":"F\u00f6rdermittel f\u00fcr die Fachkr\u00e4fteinitiative"},"content":{"rendered":"<figure id=\"attachment_862\" aria-describedby=\"caption-attachment-862\" style=\"width: 640px\" class=\"wp-caption alignnone\"><img loading=\"lazy\" decoding=\"async\" class=\"size-full wp-image-862\" src=\"https:\/\/www.organisator.ch\/wp-content\/uploads\/2016\/12\/Foerdermittel-fuer-die-Fachkraefteinitiative.jpg\" alt=\"\" width=\"640\" height=\"425\" srcset=\"https:\/\/www.organisator.ch\/wp-content\/uploads\/2016\/12\/Foerdermittel-fuer-die-Fachkraefteinitiative.jpg 640w, https:\/\/www.organisator.ch\/wp-content\/uploads\/2016\/12\/Foerdermittel-fuer-die-Fachkraefteinitiative-16x12.jpg 16w, https:\/\/www.organisator.ch\/wp-content\/uploads\/2016\/12\/Foerdermittel-fuer-die-Fachkraefteinitiative-264x175.jpg 264w, https:\/\/www.organisator.ch\/wp-content\/uploads\/2016\/12\/Foerdermittel-fuer-die-Fachkraefteinitiative-527x350.jpg 527w, https:\/\/www.organisator.ch\/wp-content\/uploads\/2016\/12\/Foerdermittel-fuer-die-Fachkraefteinitiative-300x199.jpg 300w\" sizes=\"auto, (max-width: 640px) 100vw, 640px\" \/><figcaption id=\"caption-attachment-862\" class=\"wp-caption-text\">Die Fachkr\u00e4fteinitative ber\u00fccksichtigt nicht nur Fachkr\u00e4fte, sondern auch unterschiedliche Generationen.<\/figcaption><\/figure>\n<p>Die Fachkr\u00e4fteinitiative (FKI) b\u00fcndelt Massnahmen auf Bundes- und Kantonsebene. Ihr Ziel ist es, das inl\u00e4ndische Fachkr\u00e4ftepotenzial besser auszusch\u00f6pfen. Die Umsetzung der Massnahmen l\u00e4uft auf Hochtouren. Neu ist es nun auch m\u00f6glich, f\u00fcr Projekte finanzielle Unterst\u00fctzung zu beantragen. Die F\u00f6rdermittel belaufen sich j\u00e4hrlich auf 400.000 Franken. Sie stammen aus dem FKI-Budget und stehen bis Ende 2018 zur Verf\u00fcgung.<\/p>\n<p>Die Auswahl wird vom Staatssekretariat f\u00fcr Wirtschaft SECO nach klaren Kriterien getroffen. Die Anzahl der Projekte, die j\u00e4hrlich unterst\u00fctzt werden, ist auf maximal acht beschr\u00e4nkt. Sie m\u00fcssen sich auf folgende Themen beziehen:<\/p>\n<ul>\n<li><em>Nach- und H\u00f6herqualifizierung entsprechend den Bed\u00fcrfnissen des Arbeitsmarktes;<\/em><\/li>\n<li><em>Verbesserung der Vereinbarkeit von Beruf und Familie;<\/em><\/li>\n<li><em>Schaffung guter Bedingungen zur Erwerbst\u00e4tigkeit bis zum Rentenalter und dar\u00fcber hinaus;<\/em><\/li>\n<li><em>F\u00f6rderung von Innovationen zur Entsch\u00e4rfung der Fachkr\u00e4fteknappheit aufgrund h\u00f6herer Produktivit\u00e4t.<\/em><\/li>\n<\/ul>\n<p>Die Projektf\u00f6rderung ist f\u00fcr alle Handlungsfelder offen. Aufgrund der verf\u00fcgbaren F\u00f6rdermittel wird die Anzahl von Projekten mittels Auswahlverfahren eingeschr\u00e4nkt. Interessierte k\u00f6nnen bis zum 01. August 2016 mittels Einreichung des bereitgestellten Gesuchformulars am Auswahlverfahren teilnehmen. Die Unterlagen zur Teilnahme sowie weitere Informationen zu den Rahmenbedingungen k\u00f6nnen <a href=\"http:\/\/www.fachkraefte-schweiz.ch\" target=\"_blank\" rel=\"noreferrer noopener\" data-cke-saved-href=\"http:\/\/www.fachkraefte-schweiz.ch\">hier<\/a> unter der Rubrik \u201eProjektunterst\u00fctzung\u201c bezogen werden.<\/p>\n<p><a href=\"http:\/\/www.admin.ch\" target=\"_blank\" rel=\"noreferrer noopener\" data-cke-saved-href=\"http:\/\/www.admin.ch\">www.admin.ch<\/a><\/p>\n","protected":false},"excerpt":{"rendered":"<p>Die Fachkr\u00e4fteinitiative (FKI) b\u00fcndelt Massnahmen auf Bundes- und Kantonsebene. Ihr Ziel ist es, das inl\u00e4ndische Fachkr\u00e4ftepotenzial besser auszusch\u00f6pfen. Die Umsetzung der Massnahmen l\u00e4uft auf Hochtouren. Neu ist es nun auch m\u00f6glich, f\u00fcr Projekte finanzielle Unterst\u00fctzung zu beantragen. Die F\u00f6rdermittel belaufen sich j\u00e4hrlich auf 400.000 Franken. Sie stammen aus dem FKI-Budget und stehen bis Ende 2018 [&hellip;]<\/p>\n","protected":false},"author":1,"featured_media":862,"comment_status":"open","ping_status":"open","sticky":false,"template":"","format":"standard","meta":{"_acf_changed":false,"_yoast_wpseo_focuskw":"Fachkr\u00e4fteinitiative","_yoast_wpseo_metadesc":"Der Bund f\u00f6rdert neu finanziell Projekte, die einen Beitrag zur Erh\u00f6hung des inl\u00e4ndischen Fachkr\u00e4ftepotenzials leisten.","articlekey":"","footnotes":""},"categories":[1],"tags":[97],"class_list":["post-861","post","type-post","status-publish","format-standard","has-post-thumbnail","hentry","category-allgemein","tag-bundesamt"],"acf":[],"yoast_head":"<!-- This site is optimized with the Yoast SEO plugin v27.5 - https:\/\/yoast.com\/product\/yoast-seo-wordpress\/ -->\n<title>F\u00f6rdermittel f\u00fcr die Fachkr\u00e4fteinitiative - Organisator<\/title>\n<meta name=\"description\" content=\"Der Bund f\u00f6rdert neu finanziell Projekte, die einen Beitrag zur Erh\u00f6hung des inl\u00e4ndischen Fachkr\u00e4ftepotenzials leisten.\" \/>\n<meta name=\"robots\" content=\"index, follow, max-snippet:-1, max-image-preview:large, max-video-preview:-1\" \/>\n<link rel=\"canonical\" href=\"https:\/\/www.organisator.ch\/de\/allgemein\/2016-09-13\/foerdermittel-fuer-die-fachkraefteinitiative\/\" \/>\n<meta property=\"og:locale\" content=\"de_DE\" \/>\n<meta property=\"og:type\" content=\"article\" \/>\n<meta property=\"og:title\" content=\"F\u00f6rdermittel f\u00fcr die Fachkr\u00e4fteinitiative\" \/>\n<meta property=\"og:description\" content=\"Der Bund f\u00f6rdert neu finanziell Projekte, die einen Beitrag zur Erh\u00f6hung des inl\u00e4ndischen Fachkr\u00e4ftepotenzials leisten. Die F\u00f6rdermittel belaufen sich auf j\u00e4hrlich 400.000 Franken und sind bis Ende 2018 befristet. Das Geld stammt aus dem Budget der Fachkr\u00e4fteinitiative (FKI).\" \/>\n<meta property=\"og:url\" content=\"https:\/\/www.organisator.ch\/de\/allgemein\/2016-09-13\/foerdermittel-fuer-die-fachkraefteinitiative\/\" \/>\n<meta property=\"og:site_name\" content=\"Organisator\" \/>\n<meta property=\"article:publisher\" content=\"https:\/\/www.facebook.com\/OrganisatorFachmagazin\" \/>\n<meta property=\"article:published_time\" content=\"2016-09-13T15:18:58+00:00\" \/>\n<meta name=\"author\" content=\"admin\" \/>\n<meta name=\"twitter:card\" content=\"summary_large_image\" \/>\n<meta name=\"twitter:image\" content=\"https:\/\/www.organisator.ch\/wp-content\/uploads\/2016\/12\/Foerdermittel-fuer-die-Fachkraefteinitiative.jpg\" \/>\n<script type=\"application\/ld+json\" class=\"yoast-schema-graph\">{\"@context\":\"https:\\\/\\\/schema.org\",\"@graph\":[{\"@type\":\"Article\",\"@id\":\"https:\\\/\\\/www.organisator.ch\\\/en\\\/general\\\/2016-09-13\\\/foerdermittel-fuer-die-fachkraefteinitiative\\\/#article\",\"isPartOf\":{\"@id\":\"https:\\\/\\\/www.organisator.ch\\\/en\\\/general\\\/2016-09-13\\\/foerdermittel-fuer-die-fachkraefteinitiative\\\/\"},\"author\":{\"name\":\"admin\",\"@id\":\"https:\\\/\\\/www.organisator.ch\\\/#\\\/schema\\\/person\\\/aa2bace6c5c5aad60102004a50c4eb1c\"},\"headline\":\"F\u00f6rdermittel f\u00fcr die Fachkr\u00e4fteinitiative\",\"datePublished\":\"2016-09-13T15:18:58+00:00\",\"mainEntityOfPage\":{\"@id\":\"https:\\\/\\\/www.organisator.ch\\\/en\\\/general\\\/2016-09-13\\\/foerdermittel-fuer-die-fachkraefteinitiative\\\/\"},\"wordCount\":237,\"commentCount\":0,\"publisher\":{\"@id\":\"https:\\\/\\\/www.organisator.ch\\\/#organization\"},\"image\":{\"@id\":\"https:\\\/\\\/www.organisator.ch\\\/en\\\/general\\\/2016-09-13\\\/foerdermittel-fuer-die-fachkraefteinitiative\\\/#primaryimage\"},\"thumbnailUrl\":\"https:\\\/\\\/www.organisator.ch\\\/wp-content\\\/uploads\\\/2016\\\/12\\\/Foerdermittel-fuer-die-Fachkraefteinitiative.jpg\",\"keywords\":[\"Bundesamt\"],\"inLanguage\":\"de\"},{\"@type\":\"WebPage\",\"@id\":\"https:\\\/\\\/www.organisator.ch\\\/en\\\/general\\\/2016-09-13\\\/foerdermittel-fuer-die-fachkraefteinitiative\\\/\",\"url\":\"https:\\\/\\\/www.organisator.ch\\\/en\\\/general\\\/2016-09-13\\\/foerdermittel-fuer-die-fachkraefteinitiative\\\/\",\"name\":\"F\u00f6rdermittel f\u00fcr die Fachkr\u00e4fteinitiative - Organisator\",\"isPartOf\":{\"@id\":\"https:\\\/\\\/www.organisator.ch\\\/#website\"},\"primaryImageOfPage\":{\"@id\":\"https:\\\/\\\/www.organisator.ch\\\/en\\\/general\\\/2016-09-13\\\/foerdermittel-fuer-die-fachkraefteinitiative\\\/#primaryimage\"},\"image\":{\"@id\":\"https:\\\/\\\/www.organisator.ch\\\/en\\\/general\\\/2016-09-13\\\/foerdermittel-fuer-die-fachkraefteinitiative\\\/#primaryimage\"},\"thumbnailUrl\":\"https:\\\/\\\/www.organisator.ch\\\/wp-content\\\/uploads\\\/2016\\\/12\\\/Foerdermittel-fuer-die-Fachkraefteinitiative.jpg\",\"datePublished\":\"2016-09-13T15:18:58+00:00\",\"description\":\"Der Bund f\u00f6rdert neu finanziell Projekte, die einen Beitrag zur Erh\u00f6hung des inl\u00e4ndischen Fachkr\u00e4ftepotenzials leisten.\",\"breadcrumb\":{\"@id\":\"https:\\\/\\\/www.organisator.ch\\\/en\\\/general\\\/2016-09-13\\\/foerdermittel-fuer-die-fachkraefteinitiative\\\/#breadcrumb\"},\"inLanguage\":\"de\",\"potentialAction\":[{\"@type\":\"ReadAction\",\"target\":[\"https:\\\/\\\/www.organisator.ch\\\/en\\\/general\\\/2016-09-13\\\/foerdermittel-fuer-die-fachkraefteinitiative\\\/\"]}]},{\"@type\":\"ImageObject\",\"inLanguage\":\"de\",\"@id\":\"https:\\\/\\\/www.organisator.ch\\\/en\\\/general\\\/2016-09-13\\\/foerdermittel-fuer-die-fachkraefteinitiative\\\/#primaryimage\",\"url\":\"https:\\\/\\\/www.organisator.ch\\\/wp-content\\\/uploads\\\/2016\\\/12\\\/Foerdermittel-fuer-die-Fachkraefteinitiative.jpg\",\"contentUrl\":\"https:\\\/\\\/www.organisator.ch\\\/wp-content\\\/uploads\\\/2016\\\/12\\\/Foerdermittel-fuer-die-Fachkraefteinitiative.jpg\",\"width\":640,\"height\":425,\"caption\":\"Die Fachkr\u00e4fteinitative ber\u00fccksichtigt nicht nur Fachkr\u00e4fte, sondern auch unterschiedliche Generationen.\"},{\"@type\":\"BreadcrumbList\",\"@id\":\"https:\\\/\\\/www.organisator.ch\\\/en\\\/general\\\/2016-09-13\\\/foerdermittel-fuer-die-fachkraefteinitiative\\\/#breadcrumb\",\"itemListElement\":[{\"@type\":\"ListItem\",\"position\":1,\"name\":\"Home\",\"item\":\"https:\\\/\\\/www.organisator.ch\\\/\"},{\"@type\":\"ListItem\",\"position\":2,\"name\":\"F\u00f6rdermittel f\u00fcr die Fachkr\u00e4fteinitiative\"}]},{\"@type\":\"WebSite\",\"@id\":\"https:\\\/\\\/www.organisator.ch\\\/#website\",\"url\":\"https:\\\/\\\/www.organisator.ch\\\/\",\"name\":\"Organisator\",\"description\":\"Kompetent. Praxisnah. Der ORGANISATOR bereitet in 10 Ausgaben pro Jahr die wesentlichen Themen f\u00fcr F\u00fchrungskr\u00e4fte von KMU auf.\",\"publisher\":{\"@id\":\"https:\\\/\\\/www.organisator.ch\\\/#organization\"},\"potentialAction\":[{\"@type\":\"SearchAction\",\"target\":{\"@type\":\"EntryPoint\",\"urlTemplate\":\"https:\\\/\\\/www.organisator.ch\\\/?s={search_term_string}\"},\"query-input\":{\"@type\":\"PropertyValueSpecification\",\"valueRequired\":true,\"valueName\":\"search_term_string\"}}],\"inLanguage\":\"de\"},{\"@type\":\"Organization\",\"@id\":\"https:\\\/\\\/www.organisator.ch\\\/#organization\",\"name\":\"Organisator\",\"url\":\"https:\\\/\\\/www.organisator.ch\\\/\",\"logo\":{\"@type\":\"ImageObject\",\"inLanguage\":\"de\",\"@id\":\"https:\\\/\\\/www.organisator.ch\\\/#\\\/schema\\\/logo\\\/image\\\/\",\"url\":\"https:\\\/\\\/www.organisator.ch\\\/wp-content\\\/uploads\\\/2022\\\/01\\\/Logo_Organisator_Website.png\",\"contentUrl\":\"https:\\\/\\\/www.organisator.ch\\\/wp-content\\\/uploads\\\/2022\\\/01\\\/Logo_Organisator_Website.png\",\"width\":800,\"height\":77,\"caption\":\"Organisator\"},\"image\":{\"@id\":\"https:\\\/\\\/www.organisator.ch\\\/#\\\/schema\\\/logo\\\/image\\\/\"},\"sameAs\":[\"https:\\\/\\\/www.facebook.com\\\/OrganisatorFachmagazin\",\"https:\\\/\\\/www.linkedin.com\\\/showcase\\\/organisator-das-magazin-fr-kmu\",\"https:\\\/\\\/www.xing.com\\\/news\\\/pages\\\/organisator-ch-695\",\"https:\\\/\\\/www.youtube.com\\\/channel\\\/UCGP2Sq0iWaZwT3BdIAQFYpw\"]},{\"@type\":\"Person\",\"@id\":\"https:\\\/\\\/www.organisator.ch\\\/#\\\/schema\\\/person\\\/aa2bace6c5c5aad60102004a50c4eb1c\",\"name\":\"admin\",\"image\":{\"@type\":\"ImageObject\",\"inLanguage\":\"de\",\"@id\":\"https:\\\/\\\/secure.gravatar.com\\\/avatar\\\/ae2f4d718e6c49043e314ce431e7e645d646302a24a5ef5a8bc8e3f5a032e319?s=96&d=mm&r=g\",\"url\":\"https:\\\/\\\/secure.gravatar.com\\\/avatar\\\/ae2f4d718e6c49043e314ce431e7e645d646302a24a5ef5a8bc8e3f5a032e319?s=96&d=mm&r=g\",\"contentUrl\":\"https:\\\/\\\/secure.gravatar.com\\\/avatar\\\/ae2f4d718e6c49043e314ce431e7e645d646302a24a5ef5a8bc8e3f5a032e319?s=96&d=mm&r=g\",\"caption\":\"admin\"},\"sameAs\":[\"https:\\\/\\\/www.organisator.ch\"],\"url\":\"https:\\\/\\\/www.organisator.ch\\\/de\\\/author\\\/admin\\\/\"}]}<\/script>\n<!-- \/ Yoast SEO plugin. -->","yoast_head_json":{"title":"F\u00f6rdermittel f\u00fcr die Fachkr\u00e4fteinitiative - Organisator","description":"Der Bund f\u00f6rdert neu finanziell Projekte, die einen Beitrag zur Erh\u00f6hung des inl\u00e4ndischen Fachkr\u00e4ftepotenzials leisten.","robots":{"index":"index","follow":"follow","max-snippet":"max-snippet:-1","max-image-preview":"max-image-preview:large","max-video-preview":"max-video-preview:-1"},"canonical":"https:\/\/www.organisator.ch\/de\/allgemein\/2016-09-13\/foerdermittel-fuer-die-fachkraefteinitiative\/","og_locale":"de_DE","og_type":"article","og_title":"F\u00f6rdermittel f\u00fcr die Fachkr\u00e4fteinitiative","og_description":"Der Bund f\u00f6rdert neu finanziell Projekte, die einen Beitrag zur Erh\u00f6hung des inl\u00e4ndischen Fachkr\u00e4ftepotenzials leisten. Die F\u00f6rdermittel belaufen sich auf j\u00e4hrlich 400.000 Franken und sind bis Ende 2018 befristet. Das Geld stammt aus dem Budget der Fachkr\u00e4fteinitiative (FKI).","og_url":"https:\/\/www.organisator.ch\/de\/allgemein\/2016-09-13\/foerdermittel-fuer-die-fachkraefteinitiative\/","og_site_name":"Organisator","article_publisher":"https:\/\/www.facebook.com\/OrganisatorFachmagazin","article_published_time":"2016-09-13T15:18:58+00:00","author":"admin","twitter_card":"summary_large_image","twitter_image":"https:\/\/www.organisator.ch\/wp-content\/uploads\/2016\/12\/Foerdermittel-fuer-die-Fachkraefteinitiative.jpg","schema":{"@context":"https:\/\/schema.org","@graph":[{"@type":"Article","@id":"https:\/\/www.organisator.ch\/en\/general\/2016-09-13\/foerdermittel-fuer-die-fachkraefteinitiative\/#article","isPartOf":{"@id":"https:\/\/www.organisator.ch\/en\/general\/2016-09-13\/foerdermittel-fuer-die-fachkraefteinitiative\/"},"author":{"name":"admin","@id":"https:\/\/www.organisator.ch\/#\/schema\/person\/aa2bace6c5c5aad60102004a50c4eb1c"},"headline":"F\u00f6rdermittel f\u00fcr die Fachkr\u00e4fteinitiative","datePublished":"2016-09-13T15:18:58+00:00","mainEntityOfPage":{"@id":"https:\/\/www.organisator.ch\/en\/general\/2016-09-13\/foerdermittel-fuer-die-fachkraefteinitiative\/"},"wordCount":237,"commentCount":0,"publisher":{"@id":"https:\/\/www.organisator.ch\/#organization"},"image":{"@id":"https:\/\/www.organisator.ch\/en\/general\/2016-09-13\/foerdermittel-fuer-die-fachkraefteinitiative\/#primaryimage"},"thumbnailUrl":"https:\/\/www.organisator.ch\/wp-content\/uploads\/2016\/12\/Foerdermittel-fuer-die-Fachkraefteinitiative.jpg","keywords":["Bundesamt"],"inLanguage":"de"},{"@type":"WebPage","@id":"https:\/\/www.organisator.ch\/en\/general\/2016-09-13\/foerdermittel-fuer-die-fachkraefteinitiative\/","url":"https:\/\/www.organisator.ch\/en\/general\/2016-09-13\/foerdermittel-fuer-die-fachkraefteinitiative\/","name":"F\u00f6rdermittel f\u00fcr die Fachkr\u00e4fteinitiative - Organisator","isPartOf":{"@id":"https:\/\/www.organisator.ch\/#website"},"primaryImageOfPage":{"@id":"https:\/\/www.organisator.ch\/en\/general\/2016-09-13\/foerdermittel-fuer-die-fachkraefteinitiative\/#primaryimage"},"image":{"@id":"https:\/\/www.organisator.ch\/en\/general\/2016-09-13\/foerdermittel-fuer-die-fachkraefteinitiative\/#primaryimage"},"thumbnailUrl":"https:\/\/www.organisator.ch\/wp-content\/uploads\/2016\/12\/Foerdermittel-fuer-die-Fachkraefteinitiative.jpg","datePublished":"2016-09-13T15:18:58+00:00","description":"Der Bund f\u00f6rdert neu finanziell Projekte, die einen Beitrag zur Erh\u00f6hung des inl\u00e4ndischen Fachkr\u00e4ftepotenzials leisten.","breadcrumb":{"@id":"https:\/\/www.organisator.ch\/en\/general\/2016-09-13\/foerdermittel-fuer-die-fachkraefteinitiative\/#breadcrumb"},"inLanguage":"de","potentialAction":[{"@type":"ReadAction","target":["https:\/\/www.organisator.ch\/en\/general\/2016-09-13\/foerdermittel-fuer-die-fachkraefteinitiative\/"]}]},{"@type":"ImageObject","inLanguage":"de","@id":"https:\/\/www.organisator.ch\/en\/general\/2016-09-13\/foerdermittel-fuer-die-fachkraefteinitiative\/#primaryimage","url":"https:\/\/www.organisator.ch\/wp-content\/uploads\/2016\/12\/Foerdermittel-fuer-die-Fachkraefteinitiative.jpg","contentUrl":"https:\/\/www.organisator.ch\/wp-content\/uploads\/2016\/12\/Foerdermittel-fuer-die-Fachkraefteinitiative.jpg","width":640,"height":425,"caption":"Die Fachkr\u00e4fteinitative ber\u00fccksichtigt nicht nur Fachkr\u00e4fte, sondern auch unterschiedliche Generationen."},{"@type":"BreadcrumbList","@id":"https:\/\/www.organisator.ch\/en\/general\/2016-09-13\/foerdermittel-fuer-die-fachkraefteinitiative\/#breadcrumb","itemListElement":[{"@type":"ListItem","position":1,"name":"Home","item":"https:\/\/www.organisator.ch\/"},{"@type":"ListItem","position":2,"name":"F\u00f6rdermittel f\u00fcr die Fachkr\u00e4fteinitiative"}]},{"@type":"WebSite","@id":"https:\/\/www.organisator.ch\/#website","url":"https:\/\/www.organisator.ch\/","name":"Organisator","description":"Kompetent. Praxisnah. Der ORGANISATOR bereitet in 10 Ausgaben pro Jahr die wesentlichen Themen f\u00fcr F\u00fchrungskr\u00e4fte von KMU auf.","publisher":{"@id":"https:\/\/www.organisator.ch\/#organization"},"potentialAction":[{"@type":"SearchAction","target":{"@type":"EntryPoint","urlTemplate":"https:\/\/www.organisator.ch\/?s={search_term_string}"},"query-input":{"@type":"PropertyValueSpecification","valueRequired":true,"valueName":"search_term_string"}}],"inLanguage":"de"},{"@type":"Organization","@id":"https:\/\/www.organisator.ch\/#organization","name":"Organisator","url":"https:\/\/www.organisator.ch\/","logo":{"@type":"ImageObject","inLanguage":"de","@id":"https:\/\/www.organisator.ch\/#\/schema\/logo\/image\/","url":"https:\/\/www.organisator.ch\/wp-content\/uploads\/2022\/01\/Logo_Organisator_Website.png","contentUrl":"https:\/\/www.organisator.ch\/wp-content\/uploads\/2022\/01\/Logo_Organisator_Website.png","width":800,"height":77,"caption":"Organisator"},"image":{"@id":"https:\/\/www.organisator.ch\/#\/schema\/logo\/image\/"},"sameAs":["https:\/\/www.facebook.com\/OrganisatorFachmagazin","https:\/\/www.linkedin.com\/showcase\/organisator-das-magazin-fr-kmu","https:\/\/www.xing.com\/news\/pages\/organisator-ch-695","https:\/\/www.youtube.com\/channel\/UCGP2Sq0iWaZwT3BdIAQFYpw"]},{"@type":"Person","@id":"https:\/\/www.organisator.ch\/#\/schema\/person\/aa2bace6c5c5aad60102004a50c4eb1c","name":"admin","image":{"@type":"ImageObject","inLanguage":"de","@id":"https:\/\/secure.gravatar.com\/avatar\/ae2f4d718e6c49043e314ce431e7e645d646302a24a5ef5a8bc8e3f5a032e319?s=96&d=mm&r=g","url":"https:\/\/secure.gravatar.com\/avatar\/ae2f4d718e6c49043e314ce431e7e645d646302a24a5ef5a8bc8e3f5a032e319?s=96&d=mm&r=g","contentUrl":"https:\/\/secure.gravatar.com\/avatar\/ae2f4d718e6c49043e314ce431e7e645d646302a24a5ef5a8bc8e3f5a032e319?s=96&d=mm&r=g","caption":"admin"},"sameAs":["https:\/\/www.organisator.ch"],"url":"https:\/\/www.organisator.ch\/de\/author\/admin\/"}]}},"_links":{"self":[{"href":"https:\/\/www.organisator.ch\/de\/wp-json\/wp\/v2\/posts\/861","targetHints":{"allow":["GET"]}}],"collection":[{"href":"https:\/\/www.organisator.ch\/de\/wp-json\/wp\/v2\/posts"}],"about":[{"href":"https:\/\/www.organisator.ch\/de\/wp-json\/wp\/v2\/types\/post"}],"author":[{"embeddable":true,"href":"https:\/\/www.organisator.ch\/de\/wp-json\/wp\/v2\/users\/1"}],"replies":[{"embeddable":true,"href":"https:\/\/www.organisator.ch\/de\/wp-json\/wp\/v2\/comments?post=861"}],"version-history":[{"count":0,"href":"https:\/\/www.organisator.ch\/de\/wp-json\/wp\/v2\/posts\/861\/revisions"}],"wp:featuredmedia":[{"embeddable":true,"href":"https:\/\/www.organisator.ch\/de\/wp-json\/wp\/v2\/media\/862"}],"wp:attachment":[{"href":"https:\/\/www.organisator.ch\/de\/wp-json\/wp\/v2\/media?parent=861"}],"wp:term":[{"taxonomy":"category","embeddable":true,"href":"https:\/\/www.organisator.ch\/de\/wp-json\/wp\/v2\/categories?post=861"},{"taxonomy":"post_tag","embeddable":true,"href":"https:\/\/www.organisator.ch\/de\/wp-json\/wp\/v2\/tags?post=861"}],"curies":[{"name":"wp","href":"https:\/\/api.w.org\/{rel}","templated":true}]}}