{"id":8610,"date":"2019-12-09T16:00:06","date_gmt":"2019-12-09T15:00:06","guid":{"rendered":"https:\/\/www.organisator.ch\/?p=6117"},"modified":"2019-12-09T16:00:06","modified_gmt":"2019-12-09T15:00:06","slug":"ehre-wem-ehre-gebuehrt-auch-klein-und-kleinstunternehmen-sind-preiswuerdig","status":"publish","type":"post","link":"https:\/\/www.organisator.ch\/de\/management\/2019-12-09\/ehre-wem-ehre-gebuehrt-auch-klein-und-kleinstunternehmen-sind-preiswuerdig\/","title":{"rendered":"Ehre wem Ehre geb\u00fchrt: Auch Klein- und Kleinstunternehmen sind preisw\u00fcrdig"},"content":{"rendered":"<figure id=\"attachment_6120\" aria-describedby=\"caption-attachment-6120\" style=\"width: 680px\" class=\"wp-caption alignnone\"><img loading=\"lazy\" decoding=\"async\" class=\"size-medium wp-image-6120\" src=\"https:\/\/www.organisator.ch\/wp-content\/uploads\/2019\/12\/Ehre-wem-Ehre-gebuehrt-Auch-Klein-und-Kleinstunternehmen-sind-preiswuerdig-1_Organisator.jpg\" alt=\"\" width=\"680\" height=\"520\" \/><figcaption id=\"caption-attachment-6120\" class=\"wp-caption-text\">Klein- und Kleinstunternehmen standen an der ersten Business Expo im Mittelpunkt: V.l.n.r. Riccarda Mecklenburg (Jury-Mitglied), Mich\u00e8le Buschor-Frei (Gewinnerin Entrepreneur Award) und Sandra Liliana Schmid, Gr\u00fcnderin und Veranstalterin der Business Expo. (Bild: Thomas Berner)<\/figcaption><\/figure>\n<p>Die einen verkaufen Mode-Accessoires in individuellem Design, andere beraten Kundinnen und Kunden in Sachen Selbstmanagement, Stil oder Gesundheit, und wiederum andere verdienen Geld mit einen Online-Shop f\u00fcr ausgesuchte Weine. Dies sind nur einige Beispiele, wie unterschiedlich die Gesch\u00e4ftsfelder von Kleinunternehmen sind. So gesehen zeigten die rund 40 Aussteller an der Business Expo, die am 7. Dezember in Z\u00fcrich stattfand, ein fast schon repr\u00e4sentatives Abbild der Kleinunternehmer-\u00abSzene\u00bb. Wobei: Von \u00abSzene\u00bb zu sprechen ist fast schon etwas weit hergeholt. Denn Fakt ist, dass die Kleinst- und Kleinunternehmerinnen mit 98 Prozent den gr\u00f6ssten Anteil der KMU ausmachen, dabei aber kaum eine Lobby haben.<\/p>\n<h2><strong>Kaum Anerkennung f\u00fcr Klein- und Kleinstunternehmen<\/strong><\/h2>\n<p>Das weiss auch Sandra Liliana Schmid aus eigener Erfahrung. Die Unternehmerin hat bereits mehrere Firmen gegr\u00fcndet (mit 17 Jahren z.B. das Bauunternehmen ihres Vaters) und ber\u00e4t nun seit 2013 als Organisationsentwicklerin und Unternehmensberaterin haupts\u00e4chlich die Ks der KMU. Sie kennt also die Herausforderungen, mit denen Kleinstunternehmen im wirtschaftlichen Alltag konfrontiert sind \u2013 und auch den Frust, der aus fehlender Anerkennung zuweilen erwachsen kann. Um Unternehmerinnen und Unternehmer besser miteinander vernetzen zu k\u00f6nnen und sie st\u00e4rker im Markt zu positionieren, hat Sandra Liliana Schmid deshalb die Business Expo gegr\u00fcndet. Innerhalb eines halben Jahres organisierte sie den Event, suchte und fand Sponsoren und kreierte auch einen Entrepreneur Award.<\/p>\n<h2><strong>Produktepr\u00e4sentation und Wissensvermittlung am gleichen Ort<\/strong><\/h2>\n<p>\u00abDer Event und der Award soll Unternehmerinnen, Unternehmer und ein breites Publikum zusammenf\u00fchren\u00bb, erkl\u00e4rt Sandra Liliana Schmid ihre Zielsetzung. Entsprechend umgesetzt zeigte sich auch das Veranstaltungs-Konzept: Die Besucherinnen und Besucher der Business Expo konnten sich einerseits vom Angebot verschiedenster Kleinunternehmen \u00fcberzeugen lassen. In Workshops liessen sich anderseits konkrete und praxisbezogene Informationen, pr\u00e4sentiert durch Experten, abholen: Wie mache ich Marketing via Whatsapp? Wie erstelle ich einen Unternehmensfilm mit dem Smartphone? Wie organisiere ich die Finanzen im Niedrigzins-Umfeld? Und in zwei Speed-Networking-Sessions bestand die Gelegenheit, mit Gleichgesinnten in Kontakt zu treten.<\/p>\n<figure id=\"attachment_6121\" aria-describedby=\"caption-attachment-6121\" style=\"width: 680px\" class=\"wp-caption alignnone\"><img loading=\"lazy\" decoding=\"async\" class=\"size-medium wp-image-6121\" src=\"https:\/\/www.organisator.ch\/wp-content\/uploads\/2019\/12\/Ehre-wem-Ehre-gebuehrt-Auch-Klein-und-Kleinstunternehmen-sind-preiswuerdig-2_Organisator.jpg\" alt=\"\" width=\"680\" height=\"497\" \/><figcaption id=\"caption-attachment-6121\" class=\"wp-caption-text\">Sandra Liliana Schmid will Klein- und Kleinstunternehmen mehr Aufmerksamkeit vermitteln. (Bild: Thomas Berner)<\/figcaption><\/figure>\n<h2><strong>Ein Award von und f\u00fcr Klein- und Kleinstunternehmen<\/strong><\/h2>\n<p>Kleinunternehmer*in-Sein ist ein Fulltime-Job. Die Leistungen, die solche Unternehmen erbringen, werden aber kaum je gew\u00fcrdigt. Deshalb lancierte Sandra Liliana Schmid den Entrepreneur Award. \u00abMit dem Award sollen diese Unternehmer und Unternehmerinnen Ruhm, Ehre und Anerkennung f\u00fcr ihre grossartigen Leistungen und ihr unerm\u00fcdliches Wirken erhalten\u00bb, so Schmid. Und es soll ein Preis von Unternehmen f\u00fcr Unternehmen sein: Nominiert werden konnte alle Unternehmer*innen, die ein Unternehmen bis zu max. 49 Besch\u00e4ftigten f\u00fchren. Bis zum 15. November konnten alle Nominierten Stimmen aus der Community sammeln. Insgesamt machten bei diesem Online-Voting 7&#8217;473 Personen mit, wodurch sich die erste Top-10-Liste ergab. Auch die unabh\u00e4ngige, vierk\u00f6pfige Jury analysierte die nominierten Firmen und erstellte ihrerseits eine Top-10-Liste. Diese Listen wurden zusammengef\u00fchrt, wodurch sich dann die finale Top-10-Liste ergab. Am 7. Dezember konnten die Besucherinnen und Besucher zusammen mit der Jury aus den 10 Finalisten den Unternehmer bzw. die Unternehmerin des Jahres w\u00e4hlen.<\/p>\n<h2><strong>Entrepreneur Award f\u00fcr Mode-Label mit sozialem Anspruch<\/strong><\/h2>\n<p>Erste Gewinnerin war Mich\u00e8le Buschor-Frei mit ihrem Unternehmen Caramba Beneficial GmbH. Ihre Gesch\u00e4ftsidee: Sie verkauft unter dem Label CARAMBA hochwertige Strickwaren, die von Frauen in Alto Trujillo, einem Ort in einer der \u00e4rmsten Gegenden von Peru, hergestellt werden. Der Ertrag aus den Verk\u00e4ufen in der Schweiz erlaubt diesen \u00abMamitas\u00bb einen Weg aus der Armut und ein gesichertes Einkommen. Das Unternehmen von Mich\u00e8le Buschor-Frei, die damit seit zehn Jahren am Markt ist, kann damit als gelungenes Beispiel f\u00fcr Social Entrepreneurship angef\u00fchrt werden. Entsprechend freut sich Mich\u00e8le Buschor \u00fcber den Gewinn: \u00abF\u00fcr mich ist es grossartig, den Preis gewonnen zu haben. Es ist keineswegs selbstverst\u00e4ndlich, dass unser Brand heute so professionell dasteht. Der Preis geh\u00f6rt denn auch allen Menschen, die mich unterst\u00fctzt haben und weiterhin unterst\u00fctzen.\u00bb<\/p>\n<h2><strong>Auch 2020 gibt es wieder eine Business Expo<\/strong><\/h2>\n<p>Sandra Liliana Schmid zieht insgesamt eine positive Bilanz. \u00abIch erhielt bereits erste Zusagen von Ausstellern, die n\u00e4chstes Jahr wieder dabei sein wollen\u00bb, sagt sie. Sie sucht nun nach zus\u00e4tzlichen Partnern, die ihre Idee der Business Expo unterst\u00fctzen wollen. Der Anlass wird voraussichtlich wieder in der ersten Dezemberwoche 2020 stattfinden.<\/p>\n<p><a href=\"http:\/\/www.business-expo.ch\"><em>www.business-expo.ch<\/em><\/a><\/p>\n<h2><strong>\u00abNie aufh\u00f6ren, an eine Vision zu glauben\u00bb<\/strong><\/h2>\n<figure id=\"attachment_6122\" aria-describedby=\"caption-attachment-6122\" style=\"width: 680px\" class=\"wp-caption alignnone\"><img loading=\"lazy\" decoding=\"async\" class=\"size-medium wp-image-6122\" src=\"https:\/\/www.organisator.ch\/wp-content\/uploads\/2019\/12\/Ehre-wem-Ehre-gebuehrt-Auch-Klein-und-Kleinstunternehmen-sind-preiswuerdig-3_Organisator.jpg\" alt=\"\" width=\"680\" height=\"447\" \/><figcaption id=\"caption-attachment-6122\" class=\"wp-caption-text\">Freut sich \u00fcber den Gewinn des Entrepreneur Awards: Mich\u00e8le Buschor-Frei (links) und ihr Modelabel CARAMBA. (Bild: Thomas Berner)<\/figcaption><\/figure>\n<p>Interview mit Mich\u00e8le Buschor-Frei, Gr\u00fcnderin und Betreiber des Labels CARAMBA.<\/p>\n<p><em>Frau Buschor, Gratulation zum Gewinn des Entrepreneur Awards. Was bedeutet Ihnen dieser Preis?<br \/>\n<\/em>Mich\u00e8le Buschor: Der Entrepreneur Award ist f\u00fcr uns eine grosse Chance, um weiter auf unser Label aufmerksam zu machen. Ich erhoffe mir davon, weitere Menschen zu finden, die unseren Brand unterst\u00fctzen und ihn noch bekannter machen. Mein Traum ist es auch, unsere Aktivit\u00e4ten in Peru noch weiter auszubauen.<\/p>\n<p><em>Gibt es dazu schon konkrete Pl\u00e4ne?<br \/>\n<\/em>Ja. Im ersten Quartal 2020 werden wir weitere 20 Frauen in Peru ausbilden, damit sie f\u00fcr uns produzieren k\u00f6nnen.<\/p>\n<p><em>Das Label CARAMBA ist seit zehn Jahren am Markt. Was k\u00f6nnen Sie aus Ihren Erfahrungen an andere Unternehmerinnen und Unternehmer weitergeben?<br \/>\n<\/em>Das wichtigste ist: Nie aufh\u00f6ren, an eine Vision zu glauben. Auch ich habe schon Vieles auf die Beine gestellt, ohne im Voraus jemals zu wissen, ob es \u00fcberhaupt gelingt. Ich bin eine Macherin und fange einfach mal an. Mit Unterst\u00fctzung durch die richtigen Leute erreicht man jedes Ziel.<\/p>\n<p><em><a href=\"http:\/\/www.caramba-benefiz.ch\/de\/#caramba\">www.caramba-benefiz.ch<\/a><\/em><\/p>\n","protected":false},"excerpt":{"rendered":"<p>Die einen verkaufen Mode-Accessoires in individuellem Design, andere beraten Kundinnen und Kunden in Sachen Selbstmanagement, Stil oder Gesundheit, und wiederum andere verdienen Geld mit einen Online-Shop f\u00fcr ausgesuchte Weine. Dies sind nur einige Beispiele, wie unterschiedlich die Gesch\u00e4ftsfelder von Kleinunternehmen sind. So gesehen zeigten die rund 40 Aussteller an der Business Expo, die am 7. [&hellip;]<\/p>\n","protected":false},"author":4,"featured_media":8529,"comment_status":"closed","ping_status":"closed","sticky":false,"template":"","format":"standard","meta":{"_acf_changed":false,"_yoast_wpseo_focuskw":"Klein- und Kleinstunternehmen","_yoast_wpseo_metadesc":"F\u00fcr Klein- und Kleinstunternehmen wurde in Z\u00fcrich am 7. Dezember im Rahmen der Business Expo erstmals ein Entrepreneur Award verliehen.","articlekey":"","footnotes":""},"categories":[28],"tags":[66,193,299,492],"class_list":["post-8610","post","type-post","status-publish","format-standard","has-post-thumbnail","hentry","category-management","tag-awards","tag-fachkongressfachmesse","tag-kleinunternehmen","tag-unternehmen"],"acf":[],"yoast_head":"<!-- This site is optimized with the Yoast SEO plugin v27.4 - https:\/\/yoast.com\/product\/yoast-seo-wordpress\/ -->\n<title>Ehre wem Ehre geb\u00fchrt: Auch Klein- und Kleinstunternehmen sind preisw\u00fcrdig - Organisator<\/title>\n<meta name=\"description\" content=\"F\u00fcr Klein- und Kleinstunternehmen wurde in Z\u00fcrich am 7. Dezember im Rahmen der Business Expo erstmals ein Entrepreneur Award verliehen.\" \/>\n<meta name=\"robots\" content=\"index, follow, max-snippet:-1, max-image-preview:large, max-video-preview:-1\" \/>\n<link rel=\"canonical\" href=\"https:\/\/www.organisator.ch\/de\/management\/2019-12-09\/ehre-wem-ehre-gebuehrt-auch-klein-und-kleinstunternehmen-sind-preiswuerdig\/\" \/>\n<meta property=\"og:locale\" content=\"de_DE\" \/>\n<meta property=\"og:type\" content=\"article\" \/>\n<meta property=\"og:title\" content=\"Ehre wem Ehre geb\u00fchrt: Auch Klein- und Kleinstunternehmen sind preisw\u00fcrdig\" \/>\n<meta property=\"og:description\" content=\"F\u00fcr Klein- und Kleinstunternehmen wurde in Z\u00fcrich am 7. Dezember im Rahmen der Business Expo erstmals ein Entrepreneur Award verliehen.\" \/>\n<meta property=\"og:url\" content=\"https:\/\/www.organisator.ch\/de\/management\/2019-12-09\/ehre-wem-ehre-gebuehrt-auch-klein-und-kleinstunternehmen-sind-preiswuerdig\/\" \/>\n<meta property=\"og:site_name\" content=\"Organisator\" \/>\n<meta property=\"article:publisher\" content=\"https:\/\/www.facebook.com\/OrganisatorFachmagazin\" \/>\n<meta property=\"article:published_time\" content=\"2019-12-09T15:00:06+00:00\" \/>\n<meta property=\"og:image\" content=\"https:\/\/www.organisator.ch\/wp-content\/uploads\/2021\/07\/organisator_2010_KMU-Monitor_.png\" \/>\n\t<meta property=\"og:image:width\" content=\"654\" \/>\n\t<meta property=\"og:image:height\" content=\"370\" \/>\n\t<meta property=\"og:image:type\" content=\"image\/png\" \/>\n<meta name=\"author\" content=\"thomas.berner\" \/>\n<meta name=\"twitter:card\" content=\"summary_large_image\" \/>\n<meta name=\"twitter:title\" content=\"Ehre wem Ehre geb\u00fchrt: Auch Klein- und #Kleinstunternehmen sind preisw\u00fcrdig\" \/>\n<meta name=\"twitter:description\" content=\"F\u00fcr Klein- und #Kleinstunternehmen wurde in Z\u00fcrich am 7. Dezember im Rahmen der #BusinessExpo erstmals ein #Entrepreneur Award verliehen.\" \/>\n<meta name=\"twitter:image\" content=\"https:\/\/www.organisator.ch\/wp-content\/uploads\/2021\/07\/organisator_2010_KMU-Monitor_.png\" \/>\n<script type=\"application\/ld+json\" class=\"yoast-schema-graph\">{\"@context\":\"https:\\\/\\\/schema.org\",\"@graph\":[{\"@type\":\"Article\",\"@id\":\"https:\\\/\\\/www.organisator.ch\\\/management\\\/2019-12-09\\\/ehre-wem-ehre-gebuehrt-auch-klein-und-kleinstunternehmen-sind-preiswuerdig\\\/#article\",\"isPartOf\":{\"@id\":\"https:\\\/\\\/www.organisator.ch\\\/management\\\/2019-12-09\\\/ehre-wem-ehre-gebuehrt-auch-klein-und-kleinstunternehmen-sind-preiswuerdig\\\/\"},\"author\":{\"name\":\"thomas.berner\",\"@id\":\"https:\\\/\\\/www.organisator.ch\\\/#\\\/schema\\\/person\\\/6f650f90b2842cd4c0cc334b4e36f67e\"},\"headline\":\"Ehre wem Ehre geb\u00fchrt: Auch Klein- und Kleinstunternehmen sind preisw\u00fcrdig\",\"datePublished\":\"2019-12-09T15:00:06+00:00\",\"mainEntityOfPage\":{\"@id\":\"https:\\\/\\\/www.organisator.ch\\\/management\\\/2019-12-09\\\/ehre-wem-ehre-gebuehrt-auch-klein-und-kleinstunternehmen-sind-preiswuerdig\\\/\"},\"wordCount\":977,\"publisher\":{\"@id\":\"https:\\\/\\\/www.organisator.ch\\\/#organization\"},\"image\":{\"@id\":\"https:\\\/\\\/www.organisator.ch\\\/management\\\/2019-12-09\\\/ehre-wem-ehre-gebuehrt-auch-klein-und-kleinstunternehmen-sind-preiswuerdig\\\/#primaryimage\"},\"thumbnailUrl\":\"https:\\\/\\\/www.organisator.ch\\\/wp-content\\\/uploads\\\/2019\\\/12\\\/Ehre-wem-Ehre-gebuehrt-Auch-Klein-und-Kleinstunternehmen-sind-preiswuerdig-1_Organisator.jpg\",\"keywords\":[\"Awards\",\"Fachkongress\\\/Fachmesse\",\"Kleinunternehmen\",\"Unternehmen\"],\"articleSection\":[\"MANAGEMENT\"],\"inLanguage\":\"de\"},{\"@type\":\"WebPage\",\"@id\":\"https:\\\/\\\/www.organisator.ch\\\/management\\\/2019-12-09\\\/ehre-wem-ehre-gebuehrt-auch-klein-und-kleinstunternehmen-sind-preiswuerdig\\\/\",\"url\":\"https:\\\/\\\/www.organisator.ch\\\/management\\\/2019-12-09\\\/ehre-wem-ehre-gebuehrt-auch-klein-und-kleinstunternehmen-sind-preiswuerdig\\\/\",\"name\":\"Ehre wem Ehre geb\u00fchrt: Auch Klein- und Kleinstunternehmen sind preisw\u00fcrdig - Organisator\",\"isPartOf\":{\"@id\":\"https:\\\/\\\/www.organisator.ch\\\/#website\"},\"primaryImageOfPage\":{\"@id\":\"https:\\\/\\\/www.organisator.ch\\\/management\\\/2019-12-09\\\/ehre-wem-ehre-gebuehrt-auch-klein-und-kleinstunternehmen-sind-preiswuerdig\\\/#primaryimage\"},\"image\":{\"@id\":\"https:\\\/\\\/www.organisator.ch\\\/management\\\/2019-12-09\\\/ehre-wem-ehre-gebuehrt-auch-klein-und-kleinstunternehmen-sind-preiswuerdig\\\/#primaryimage\"},\"thumbnailUrl\":\"https:\\\/\\\/www.organisator.ch\\\/wp-content\\\/uploads\\\/2019\\\/12\\\/Ehre-wem-Ehre-gebuehrt-Auch-Klein-und-Kleinstunternehmen-sind-preiswuerdig-1_Organisator.jpg\",\"datePublished\":\"2019-12-09T15:00:06+00:00\",\"description\":\"F\u00fcr Klein- und Kleinstunternehmen wurde in Z\u00fcrich am 7. Dezember im Rahmen der Business Expo erstmals ein Entrepreneur Award verliehen.\",\"breadcrumb\":{\"@id\":\"https:\\\/\\\/www.organisator.ch\\\/management\\\/2019-12-09\\\/ehre-wem-ehre-gebuehrt-auch-klein-und-kleinstunternehmen-sind-preiswuerdig\\\/#breadcrumb\"},\"inLanguage\":\"de\",\"potentialAction\":[{\"@type\":\"ReadAction\",\"target\":[\"https:\\\/\\\/www.organisator.ch\\\/management\\\/2019-12-09\\\/ehre-wem-ehre-gebuehrt-auch-klein-und-kleinstunternehmen-sind-preiswuerdig\\\/\"]}]},{\"@type\":\"ImageObject\",\"inLanguage\":\"de\",\"@id\":\"https:\\\/\\\/www.organisator.ch\\\/management\\\/2019-12-09\\\/ehre-wem-ehre-gebuehrt-auch-klein-und-kleinstunternehmen-sind-preiswuerdig\\\/#primaryimage\",\"url\":\"https:\\\/\\\/www.organisator.ch\\\/wp-content\\\/uploads\\\/2019\\\/12\\\/Ehre-wem-Ehre-gebuehrt-Auch-Klein-und-Kleinstunternehmen-sind-preiswuerdig-1_Organisator.jpg\",\"contentUrl\":\"https:\\\/\\\/www.organisator.ch\\\/wp-content\\\/uploads\\\/2019\\\/12\\\/Ehre-wem-Ehre-gebuehrt-Auch-Klein-und-Kleinstunternehmen-sind-preiswuerdig-1_Organisator.jpg\",\"width\":680,\"height\":520,\"caption\":\"Klein- und Kleinstunternehmen standen an der ersten Business Expo im Mittelpunkt: Riccarda Mecklenburg (Jury-Mitglied), Mich\u00e8le Buschor-Frei (Gewinnerin Entrepreneur Award) und Sandra Liliana Schmid, Gr\u00fcnderin und Veranstalterin der Business Expo. (Bild: Thomas Berner)\"},{\"@type\":\"BreadcrumbList\",\"@id\":\"https:\\\/\\\/www.organisator.ch\\\/management\\\/2019-12-09\\\/ehre-wem-ehre-gebuehrt-auch-klein-und-kleinstunternehmen-sind-preiswuerdig\\\/#breadcrumb\",\"itemListElement\":[{\"@type\":\"ListItem\",\"position\":1,\"name\":\"Home\",\"item\":\"https:\\\/\\\/www.organisator.ch\\\/\"},{\"@type\":\"ListItem\",\"position\":2,\"name\":\"Ehre wem Ehre geb\u00fchrt: Auch Klein- und Kleinstunternehmen sind preisw\u00fcrdig\"}]},{\"@type\":\"WebSite\",\"@id\":\"https:\\\/\\\/www.organisator.ch\\\/#website\",\"url\":\"https:\\\/\\\/www.organisator.ch\\\/\",\"name\":\"Organisator\",\"description\":\"Kompetent. Praxisnah. Der ORGANISATOR bereitet in 10 Ausgaben pro Jahr die wesentlichen Themen f\u00fcr F\u00fchrungskr\u00e4fte von KMU auf.\",\"publisher\":{\"@id\":\"https:\\\/\\\/www.organisator.ch\\\/#organization\"},\"potentialAction\":[{\"@type\":\"SearchAction\",\"target\":{\"@type\":\"EntryPoint\",\"urlTemplate\":\"https:\\\/\\\/www.organisator.ch\\\/?s={search_term_string}\"},\"query-input\":{\"@type\":\"PropertyValueSpecification\",\"valueRequired\":true,\"valueName\":\"search_term_string\"}}],\"inLanguage\":\"de\"},{\"@type\":\"Organization\",\"@id\":\"https:\\\/\\\/www.organisator.ch\\\/#organization\",\"name\":\"Organisator\",\"url\":\"https:\\\/\\\/www.organisator.ch\\\/\",\"logo\":{\"@type\":\"ImageObject\",\"inLanguage\":\"de\",\"@id\":\"https:\\\/\\\/www.organisator.ch\\\/#\\\/schema\\\/logo\\\/image\\\/\",\"url\":\"https:\\\/\\\/www.organisator.ch\\\/wp-content\\\/uploads\\\/2022\\\/01\\\/Logo_Organisator_Website.png\",\"contentUrl\":\"https:\\\/\\\/www.organisator.ch\\\/wp-content\\\/uploads\\\/2022\\\/01\\\/Logo_Organisator_Website.png\",\"width\":800,\"height\":77,\"caption\":\"Organisator\"},\"image\":{\"@id\":\"https:\\\/\\\/www.organisator.ch\\\/#\\\/schema\\\/logo\\\/image\\\/\"},\"sameAs\":[\"https:\\\/\\\/www.facebook.com\\\/OrganisatorFachmagazin\",\"https:\\\/\\\/www.linkedin.com\\\/showcase\\\/organisator-das-magazin-fr-kmu\",\"https:\\\/\\\/www.xing.com\\\/news\\\/pages\\\/organisator-ch-695\",\"https:\\\/\\\/www.youtube.com\\\/channel\\\/UCGP2Sq0iWaZwT3BdIAQFYpw\"]},{\"@type\":\"Person\",\"@id\":\"https:\\\/\\\/www.organisator.ch\\\/#\\\/schema\\\/person\\\/6f650f90b2842cd4c0cc334b4e36f67e\",\"name\":\"thomas.berner\",\"image\":{\"@type\":\"ImageObject\",\"inLanguage\":\"de\",\"@id\":\"https:\\\/\\\/secure.gravatar.com\\\/avatar\\\/ac5001d2a36cb6c6cd3e50789007ffca834b477b74a2144564522e944eabff61?s=96&d=mm&r=g\",\"url\":\"https:\\\/\\\/secure.gravatar.com\\\/avatar\\\/ac5001d2a36cb6c6cd3e50789007ffca834b477b74a2144564522e944eabff61?s=96&d=mm&r=g\",\"contentUrl\":\"https:\\\/\\\/secure.gravatar.com\\\/avatar\\\/ac5001d2a36cb6c6cd3e50789007ffca834b477b74a2144564522e944eabff61?s=96&d=mm&r=g\",\"caption\":\"thomas.berner\"},\"url\":\"https:\\\/\\\/www.organisator.ch\\\/de\\\/author\\\/thomas-berner\\\/\"}]}<\/script>\n<!-- \/ Yoast SEO plugin. -->","yoast_head_json":{"title":"Ehre wem Ehre geb\u00fchrt: Auch Klein- und Kleinstunternehmen sind preisw\u00fcrdig - Organisator","description":"F\u00fcr Klein- und Kleinstunternehmen wurde in Z\u00fcrich am 7. Dezember im Rahmen der Business Expo erstmals ein Entrepreneur Award verliehen.","robots":{"index":"index","follow":"follow","max-snippet":"max-snippet:-1","max-image-preview":"max-image-preview:large","max-video-preview":"max-video-preview:-1"},"canonical":"https:\/\/www.organisator.ch\/de\/management\/2019-12-09\/ehre-wem-ehre-gebuehrt-auch-klein-und-kleinstunternehmen-sind-preiswuerdig\/","og_locale":"de_DE","og_type":"article","og_title":"Ehre wem Ehre geb\u00fchrt: Auch Klein- und Kleinstunternehmen sind preisw\u00fcrdig","og_description":"F\u00fcr Klein- und Kleinstunternehmen wurde in Z\u00fcrich am 7. Dezember im Rahmen der Business Expo erstmals ein Entrepreneur Award verliehen.","og_url":"https:\/\/www.organisator.ch\/de\/management\/2019-12-09\/ehre-wem-ehre-gebuehrt-auch-klein-und-kleinstunternehmen-sind-preiswuerdig\/","og_site_name":"Organisator","article_publisher":"https:\/\/www.facebook.com\/OrganisatorFachmagazin","article_published_time":"2019-12-09T15:00:06+00:00","og_image":[{"width":654,"height":370,"url":"https:\/\/www.organisator.ch\/wp-content\/uploads\/2021\/07\/organisator_2010_KMU-Monitor_.png","type":"image\/png"}],"author":"thomas.berner","twitter_card":"summary_large_image","twitter_title":"Ehre wem Ehre geb\u00fchrt: Auch Klein- und #Kleinstunternehmen sind preisw\u00fcrdig","twitter_description":"F\u00fcr Klein- und #Kleinstunternehmen wurde in Z\u00fcrich am 7. Dezember im Rahmen der #BusinessExpo erstmals ein #Entrepreneur Award verliehen.","twitter_image":"https:\/\/www.organisator.ch\/wp-content\/uploads\/2021\/07\/organisator_2010_KMU-Monitor_.png","schema":{"@context":"https:\/\/schema.org","@graph":[{"@type":"Article","@id":"https:\/\/www.organisator.ch\/management\/2019-12-09\/ehre-wem-ehre-gebuehrt-auch-klein-und-kleinstunternehmen-sind-preiswuerdig\/#article","isPartOf":{"@id":"https:\/\/www.organisator.ch\/management\/2019-12-09\/ehre-wem-ehre-gebuehrt-auch-klein-und-kleinstunternehmen-sind-preiswuerdig\/"},"author":{"name":"thomas.berner","@id":"https:\/\/www.organisator.ch\/#\/schema\/person\/6f650f90b2842cd4c0cc334b4e36f67e"},"headline":"Ehre wem Ehre geb\u00fchrt: Auch Klein- und Kleinstunternehmen sind preisw\u00fcrdig","datePublished":"2019-12-09T15:00:06+00:00","mainEntityOfPage":{"@id":"https:\/\/www.organisator.ch\/management\/2019-12-09\/ehre-wem-ehre-gebuehrt-auch-klein-und-kleinstunternehmen-sind-preiswuerdig\/"},"wordCount":977,"publisher":{"@id":"https:\/\/www.organisator.ch\/#organization"},"image":{"@id":"https:\/\/www.organisator.ch\/management\/2019-12-09\/ehre-wem-ehre-gebuehrt-auch-klein-und-kleinstunternehmen-sind-preiswuerdig\/#primaryimage"},"thumbnailUrl":"https:\/\/www.organisator.ch\/wp-content\/uploads\/2019\/12\/Ehre-wem-Ehre-gebuehrt-Auch-Klein-und-Kleinstunternehmen-sind-preiswuerdig-1_Organisator.jpg","keywords":["Awards","Fachkongress\/Fachmesse","Kleinunternehmen","Unternehmen"],"articleSection":["MANAGEMENT"],"inLanguage":"de"},{"@type":"WebPage","@id":"https:\/\/www.organisator.ch\/management\/2019-12-09\/ehre-wem-ehre-gebuehrt-auch-klein-und-kleinstunternehmen-sind-preiswuerdig\/","url":"https:\/\/www.organisator.ch\/management\/2019-12-09\/ehre-wem-ehre-gebuehrt-auch-klein-und-kleinstunternehmen-sind-preiswuerdig\/","name":"Ehre wem Ehre geb\u00fchrt: Auch Klein- und Kleinstunternehmen sind preisw\u00fcrdig - Organisator","isPartOf":{"@id":"https:\/\/www.organisator.ch\/#website"},"primaryImageOfPage":{"@id":"https:\/\/www.organisator.ch\/management\/2019-12-09\/ehre-wem-ehre-gebuehrt-auch-klein-und-kleinstunternehmen-sind-preiswuerdig\/#primaryimage"},"image":{"@id":"https:\/\/www.organisator.ch\/management\/2019-12-09\/ehre-wem-ehre-gebuehrt-auch-klein-und-kleinstunternehmen-sind-preiswuerdig\/#primaryimage"},"thumbnailUrl":"https:\/\/www.organisator.ch\/wp-content\/uploads\/2019\/12\/Ehre-wem-Ehre-gebuehrt-Auch-Klein-und-Kleinstunternehmen-sind-preiswuerdig-1_Organisator.jpg","datePublished":"2019-12-09T15:00:06+00:00","description":"F\u00fcr Klein- und Kleinstunternehmen wurde in Z\u00fcrich am 7. Dezember im Rahmen der Business Expo erstmals ein Entrepreneur Award verliehen.","breadcrumb":{"@id":"https:\/\/www.organisator.ch\/management\/2019-12-09\/ehre-wem-ehre-gebuehrt-auch-klein-und-kleinstunternehmen-sind-preiswuerdig\/#breadcrumb"},"inLanguage":"de","potentialAction":[{"@type":"ReadAction","target":["https:\/\/www.organisator.ch\/management\/2019-12-09\/ehre-wem-ehre-gebuehrt-auch-klein-und-kleinstunternehmen-sind-preiswuerdig\/"]}]},{"@type":"ImageObject","inLanguage":"de","@id":"https:\/\/www.organisator.ch\/management\/2019-12-09\/ehre-wem-ehre-gebuehrt-auch-klein-und-kleinstunternehmen-sind-preiswuerdig\/#primaryimage","url":"https:\/\/www.organisator.ch\/wp-content\/uploads\/2019\/12\/Ehre-wem-Ehre-gebuehrt-Auch-Klein-und-Kleinstunternehmen-sind-preiswuerdig-1_Organisator.jpg","contentUrl":"https:\/\/www.organisator.ch\/wp-content\/uploads\/2019\/12\/Ehre-wem-Ehre-gebuehrt-Auch-Klein-und-Kleinstunternehmen-sind-preiswuerdig-1_Organisator.jpg","width":680,"height":520,"caption":"Klein- und Kleinstunternehmen standen an der ersten Business Expo im Mittelpunkt: Riccarda Mecklenburg (Jury-Mitglied), Mich\u00e8le Buschor-Frei (Gewinnerin Entrepreneur Award) und Sandra Liliana Schmid, Gr\u00fcnderin und Veranstalterin der Business Expo. (Bild: Thomas Berner)"},{"@type":"BreadcrumbList","@id":"https:\/\/www.organisator.ch\/management\/2019-12-09\/ehre-wem-ehre-gebuehrt-auch-klein-und-kleinstunternehmen-sind-preiswuerdig\/#breadcrumb","itemListElement":[{"@type":"ListItem","position":1,"name":"Home","item":"https:\/\/www.organisator.ch\/"},{"@type":"ListItem","position":2,"name":"Ehre wem Ehre geb\u00fchrt: Auch Klein- und Kleinstunternehmen sind preisw\u00fcrdig"}]},{"@type":"WebSite","@id":"https:\/\/www.organisator.ch\/#website","url":"https:\/\/www.organisator.ch\/","name":"Organisator","description":"Kompetent. Praxisnah. Der ORGANISATOR bereitet in 10 Ausgaben pro Jahr die wesentlichen Themen f\u00fcr F\u00fchrungskr\u00e4fte von KMU auf.","publisher":{"@id":"https:\/\/www.organisator.ch\/#organization"},"potentialAction":[{"@type":"SearchAction","target":{"@type":"EntryPoint","urlTemplate":"https:\/\/www.organisator.ch\/?s={search_term_string}"},"query-input":{"@type":"PropertyValueSpecification","valueRequired":true,"valueName":"search_term_string"}}],"inLanguage":"de"},{"@type":"Organization","@id":"https:\/\/www.organisator.ch\/#organization","name":"Organisator","url":"https:\/\/www.organisator.ch\/","logo":{"@type":"ImageObject","inLanguage":"de","@id":"https:\/\/www.organisator.ch\/#\/schema\/logo\/image\/","url":"https:\/\/www.organisator.ch\/wp-content\/uploads\/2022\/01\/Logo_Organisator_Website.png","contentUrl":"https:\/\/www.organisator.ch\/wp-content\/uploads\/2022\/01\/Logo_Organisator_Website.png","width":800,"height":77,"caption":"Organisator"},"image":{"@id":"https:\/\/www.organisator.ch\/#\/schema\/logo\/image\/"},"sameAs":["https:\/\/www.facebook.com\/OrganisatorFachmagazin","https:\/\/www.linkedin.com\/showcase\/organisator-das-magazin-fr-kmu","https:\/\/www.xing.com\/news\/pages\/organisator-ch-695","https:\/\/www.youtube.com\/channel\/UCGP2Sq0iWaZwT3BdIAQFYpw"]},{"@type":"Person","@id":"https:\/\/www.organisator.ch\/#\/schema\/person\/6f650f90b2842cd4c0cc334b4e36f67e","name":"thomas.berner","image":{"@type":"ImageObject","inLanguage":"de","@id":"https:\/\/secure.gravatar.com\/avatar\/ac5001d2a36cb6c6cd3e50789007ffca834b477b74a2144564522e944eabff61?s=96&d=mm&r=g","url":"https:\/\/secure.gravatar.com\/avatar\/ac5001d2a36cb6c6cd3e50789007ffca834b477b74a2144564522e944eabff61?s=96&d=mm&r=g","contentUrl":"https:\/\/secure.gravatar.com\/avatar\/ac5001d2a36cb6c6cd3e50789007ffca834b477b74a2144564522e944eabff61?s=96&d=mm&r=g","caption":"thomas.berner"},"url":"https:\/\/www.organisator.ch\/de\/author\/thomas-berner\/"}]}},"_links":{"self":[{"href":"https:\/\/www.organisator.ch\/de\/wp-json\/wp\/v2\/posts\/8610","targetHints":{"allow":["GET"]}}],"collection":[{"href":"https:\/\/www.organisator.ch\/de\/wp-json\/wp\/v2\/posts"}],"about":[{"href":"https:\/\/www.organisator.ch\/de\/wp-json\/wp\/v2\/types\/post"}],"author":[{"embeddable":true,"href":"https:\/\/www.organisator.ch\/de\/wp-json\/wp\/v2\/users\/4"}],"replies":[{"embeddable":true,"href":"https:\/\/www.organisator.ch\/de\/wp-json\/wp\/v2\/comments?post=8610"}],"version-history":[{"count":0,"href":"https:\/\/www.organisator.ch\/de\/wp-json\/wp\/v2\/posts\/8610\/revisions"}],"wp:featuredmedia":[{"embeddable":true,"href":"https:\/\/www.organisator.ch\/de\/wp-json\/wp\/v2\/media\/8529"}],"wp:attachment":[{"href":"https:\/\/www.organisator.ch\/de\/wp-json\/wp\/v2\/media?parent=8610"}],"wp:term":[{"taxonomy":"category","embeddable":true,"href":"https:\/\/www.organisator.ch\/de\/wp-json\/wp\/v2\/categories?post=8610"},{"taxonomy":"post_tag","embeddable":true,"href":"https:\/\/www.organisator.ch\/de\/wp-json\/wp\/v2\/tags?post=8610"}],"curies":[{"name":"wp","href":"https:\/\/api.w.org\/{rel}","templated":true}]}}