{"id":8616,"date":"2019-12-12T10:58:11","date_gmt":"2019-12-12T09:58:11","guid":{"rendered":"https:\/\/www.organisator.ch\/?p=6155"},"modified":"2019-12-12T10:58:11","modified_gmt":"2019-12-12T09:58:11","slug":"neu-formierte-schweizer-industriegruppe-mit-fokus-medtech","status":"publish","type":"post","link":"https:\/\/www.organisator.ch\/de\/management\/2019-12-12\/neu-formierte-schweizer-industriegruppe-mit-fokus-medtech\/","title":{"rendered":"Neu formierte Schweizer Industriegruppe mit Fokus MedTech"},"content":{"rendered":"<p><img loading=\"lazy\" decoding=\"async\" class=\"alignnone size-medium wp-image-6156\" src=\"https:\/\/www.organisator.ch\/wp-content\/uploads\/2019\/12\/Neu-formierte-Schweizer-Industriegruppe-mit-Fokus-MedTech_Organisator.jpg\" alt=\"\" width=\"680\" height=\"76\" \/><\/p>\n<p>Die Jossi AG begibt sich neu mit Br\u00fctsch Elektronik AG unter das Dach der Inovu Gruppe mit Fokus MedTech: Diese Firmengruppe mit den Tochtergesellschaften Br\u00fctsch Elektronik und Jossi vereint nun 250 Mitarbeitende und einen Umsatz von CHF 75 Mio. Inovu ist unter F\u00fchrung der Beteiligungsgesellschaft Kontivia im Mehrheitsbesitz verschiedener Schweizer Unternehmerfamilien. Oliver Br\u00fctsch als gr\u00f6sster Einzelaktion\u00e4r sowie die Management-Teams von Br\u00fctsch Elektronik und Jossi sind ebenfalls beteiligt.<\/p>\n<h2>Fokus MedTech<\/h2>\n<p>Jossi entwickelt und fertigt im Kundenauftrag Pr\u00e4zisionsger\u00e4te f\u00fcr Anwendungen in der Medizinal- und Labortechnik sowie f\u00fcr andere anspruchsvolle Bereiche. Das Unternehmen ist an den Standorten Islikon und W\u00e4ngi (TG) sowie mit einer Tochterfirma in Jihlawa (Tschechien) t\u00e4tig. Jossi wird vom langj\u00e4hrigen Gesch\u00e4ftsf\u00fchrer Philip Howis zusammen mit Cuno Weisser, Leiter Supply Chain, geleitet.<\/p>\n<p>Br\u00fctsch Elektronik unterst\u00fctzt f\u00fchrende Medizinaltechnik-Hersteller bei der Entwicklung und Herstellung ihrer Produkte. Als strategischer Outsourcing-Partner begleitet die Firma ihre Kunden w\u00e4hrend des gesamten Produktlebenszyklus. Zudem ist das Unternehmen als Engineering Partner im Automationsgesch\u00e4ft t\u00e4tig. Mit 130 Mitarbeitenden wird ein Umsatz von CHF 45 Mio. erzielt. Der langj\u00e4hrige CEO Markus Simmen wird die operative F\u00fchrung des Unternehmens mit Beginn des n\u00e4chsten Jahres an Oliver Br\u00fctsch \u00fcbergeben.<\/p>\n<h2>Erg\u00e4nzung entlang der Wertsch\u00f6pfungskette<\/h2>\n<p>Die neue Schweizer Industriegruppe betreibt im Wesentlichen das Erstausr\u00fcster (OEM)-Partner-Gesch\u00e4ft mit Schwergewicht Medizinaltechnik. Dabei erg\u00e4nzen sich die Expertisen der beiden Firmen ideal entlang der gesamten Wertsch\u00f6pfungskette, welche die Entwicklung, Industrialisierung, Produktion und den Service bzw. die Betreuung der Produktanwendungen \u00fcber den ganzen Lebenszyklus umfasst. Die komplement\u00e4ren Kernkompetenzen von Br\u00fctsch Elektronik (Software-Entwicklung, Elektronik und Mechatronik) mit Fokus auf Innovation\/Engineering und Jossi (Mechanik, Antriebs- und K\u00fchltechnik) mit Fokus auf Industrialisierung erm\u00f6glichen es der Inovu Gruppe, ihren Kunden ein breites Leistungsangebot aus einer Hand anzubieten. Der Vollzug der Transaktion erfolgt in den n\u00e4chsten Wochen.<\/p>\n<h2>Solide langfristige Nachfolgeregelung mit einer industriellen Schweizer L\u00f6sung<\/h2>\n<p>Armin Jossi: \u00abIn den vergangenen Jahren hat sich die Jossi AG als kompetenter Systembauer in der Medtech-Industrie profiliert. F\u00fcr den Ausbau dieser Position, und dem damit verbundenen weiteren Wachstum, sind substanzielle Investitionen n\u00f6tig. Unter dem soliden Dach der Inovu Gruppe sehe ich daf\u00fcr ausgezeichnete Voraussetzungen und Entwicklungsperspektiven. Mit der k\u00fcnftigen Schwestergesellschaft Br\u00fctsch Elektronik ergeben sich interessante Synergien und zus\u00e4tzlicher Nutzen f\u00fcr unsere Kunden. Ich bin froh, dass sich mit dieser L\u00f6sung, die auf unserer aktuellen Strategie aufbaut, f\u00fcr unser Familienunternehmen die Nachfolgethematik \u00fcberzeugend l\u00f6sen l\u00e4sst. Insbesondere werden dadurch auch unsere Arbeitspl\u00e4tze in der Region Frauenfeld langfristig gesichert.\u00bb<\/p>\n<p>Alexander Krebs, VR-Pr\u00e4sident der K\u00e4uferin: \u00abDas Fundament der neuen Firmengruppe bilden zwei erfolgreiche Schweizer Familienunternehmen mit einem \u00e4hnlichen Gesch\u00e4ftsmodell und erg\u00e4nzenden Kernkompetenzen, die sich unter B\u00fcndelung der Kr\u00e4fte f\u00fcr die erfolgreiche Weiterentwicklung breiter aufstellen k\u00f6nnen. Wir freuen uns sehr auf die neue Partnerschaft mit der Jossi AG, die als eigenst\u00e4ndiges Unternehmen weitergef\u00fchrt wird.\u00bb<\/p>\n<p><em>Quelle und weitere Informationen: <a href=\"http:\/\/www.jossi.ch\">www.jossi.ch<\/a>, <a href=\"http:\/\/www.brel.ch\">www.brel.ch<\/a>, <a href=\"http:\/\/www.kontivia.com\">www.kontivia.com<\/a><\/em><\/p>\n","protected":false},"excerpt":{"rendered":"<p>Die Jossi AG begibt sich neu mit Br\u00fctsch Elektronik AG unter das Dach der Inovu Gruppe mit Fokus MedTech: Diese Firmengruppe mit den Tochtergesellschaften Br\u00fctsch Elektronik und Jossi vereint nun 250 Mitarbeitende und einen Umsatz von CHF 75 Mio. Inovu ist unter F\u00fchrung der Beteiligungsgesellschaft Kontivia im Mehrheitsbesitz verschiedener Schweizer Unternehmerfamilien. Oliver Br\u00fctsch als gr\u00f6sster [&hellip;]<\/p>\n","protected":false},"author":4,"featured_media":8539,"comment_status":"closed","ping_status":"closed","sticky":false,"template":"","format":"standard","meta":{"_acf_changed":false,"_yoast_wpseo_focuskw":"Fokus MedTech","_yoast_wpseo_metadesc":"Die Jossi AG mit Sitz in Islikon (TG) regelt die Nachfolge: Die Eigent\u00fcmer verkaufen ihr Unternehmen an die Inovu Gruppe mit dem Fokus MedTech.","articlekey":"","footnotes":""},"categories":[28],"tags":[207,335,492],"class_list":["post-8616","post","type-post","status-publish","format-standard","has-post-thumbnail","hentry","category-management","tag-firmennachfolge","tag-management-und-unternehmensfuehrung","tag-unternehmen"],"acf":[],"yoast_head":"<!-- This site is optimized with the Yoast SEO plugin v27.5 - https:\/\/yoast.com\/product\/yoast-seo-wordpress\/ -->\n<title>Neu formierte Schweizer Industriegruppe mit Fokus MedTech - Organisator<\/title>\n<meta name=\"description\" content=\"Die Jossi AG mit Sitz in Islikon (TG) regelt die Nachfolge: Die Eigent\u00fcmer verkaufen ihr Unternehmen an die Inovu Gruppe mit dem Fokus MedTech.\" \/>\n<meta name=\"robots\" content=\"index, follow, max-snippet:-1, max-image-preview:large, max-video-preview:-1\" \/>\n<link rel=\"canonical\" href=\"https:\/\/www.organisator.ch\/de\/management\/2019-12-12\/neu-formierte-schweizer-industriegruppe-mit-fokus-medtech\/\" \/>\n<meta property=\"og:locale\" content=\"de_DE\" \/>\n<meta property=\"og:type\" content=\"article\" \/>\n<meta property=\"og:title\" content=\"Neu formierte Schweizer Industriegruppe mit Fokus MedTech\" \/>\n<meta property=\"og:description\" content=\"Die Jossi AG mit Sitz in Islikon (TG) regelt die Nachfolge: Die Eigent\u00fcmer verkaufen ihr Unternehmen an die Inovu Gruppe mit dem Fokus MedTech.\" \/>\n<meta property=\"og:url\" content=\"https:\/\/www.organisator.ch\/de\/management\/2019-12-12\/neu-formierte-schweizer-industriegruppe-mit-fokus-medtech\/\" \/>\n<meta property=\"og:site_name\" content=\"Organisator\" \/>\n<meta property=\"article:publisher\" content=\"https:\/\/www.facebook.com\/OrganisatorFachmagazin\" \/>\n<meta property=\"article:published_time\" content=\"2019-12-12T09:58:11+00:00\" \/>\n<meta name=\"author\" content=\"thomas.berner\" \/>\n<meta name=\"twitter:card\" content=\"summary_large_image\" \/>\n<meta name=\"twitter:title\" content=\"Neu formierte Schweizer #Industriegruppe mit Fokus #MedTech\" \/>\n<meta name=\"twitter:description\" content=\"Die Jossi AG mit Sitz in Islikon (TG) regelt die Nachfolge: Die Eigent\u00fcmer verkaufen ihr Unternehmen an die Inovu Gruppe mit dem Fokus #MedTech.\" \/>\n<script type=\"application\/ld+json\" class=\"yoast-schema-graph\">{\"@context\":\"https:\\\/\\\/schema.org\",\"@graph\":[{\"@type\":\"Article\",\"@id\":\"https:\\\/\\\/www.organisator.ch\\\/management\\\/2019-12-12\\\/neu-formierte-schweizer-industriegruppe-mit-fokus-medtech\\\/#article\",\"isPartOf\":{\"@id\":\"https:\\\/\\\/www.organisator.ch\\\/management\\\/2019-12-12\\\/neu-formierte-schweizer-industriegruppe-mit-fokus-medtech\\\/\"},\"author\":{\"name\":\"thomas.berner\",\"@id\":\"https:\\\/\\\/www.organisator.ch\\\/#\\\/schema\\\/person\\\/6f650f90b2842cd4c0cc334b4e36f67e\"},\"headline\":\"Neu formierte Schweizer Industriegruppe mit Fokus MedTech\",\"datePublished\":\"2019-12-12T09:58:11+00:00\",\"mainEntityOfPage\":{\"@id\":\"https:\\\/\\\/www.organisator.ch\\\/management\\\/2019-12-12\\\/neu-formierte-schweizer-industriegruppe-mit-fokus-medtech\\\/\"},\"wordCount\":517,\"publisher\":{\"@id\":\"https:\\\/\\\/www.organisator.ch\\\/#organization\"},\"image\":{\"@id\":\"https:\\\/\\\/www.organisator.ch\\\/management\\\/2019-12-12\\\/neu-formierte-schweizer-industriegruppe-mit-fokus-medtech\\\/#primaryimage\"},\"thumbnailUrl\":\"https:\\\/\\\/www.organisator.ch\\\/wp-content\\\/uploads\\\/2019\\\/12\\\/Neu-formierte-Schweizer-Industriegruppe-mit-Fokus-MedTech_Organisator.jpg\",\"keywords\":[\"Firmennachfolge\",\"Management und Unternehmensf\u00fchrung\",\"Unternehmen\"],\"articleSection\":[\"MANAGEMENT\"],\"inLanguage\":\"de\"},{\"@type\":\"WebPage\",\"@id\":\"https:\\\/\\\/www.organisator.ch\\\/management\\\/2019-12-12\\\/neu-formierte-schweizer-industriegruppe-mit-fokus-medtech\\\/\",\"url\":\"https:\\\/\\\/www.organisator.ch\\\/management\\\/2019-12-12\\\/neu-formierte-schweizer-industriegruppe-mit-fokus-medtech\\\/\",\"name\":\"Neu formierte Schweizer Industriegruppe mit Fokus MedTech - Organisator\",\"isPartOf\":{\"@id\":\"https:\\\/\\\/www.organisator.ch\\\/#website\"},\"primaryImageOfPage\":{\"@id\":\"https:\\\/\\\/www.organisator.ch\\\/management\\\/2019-12-12\\\/neu-formierte-schweizer-industriegruppe-mit-fokus-medtech\\\/#primaryimage\"},\"image\":{\"@id\":\"https:\\\/\\\/www.organisator.ch\\\/management\\\/2019-12-12\\\/neu-formierte-schweizer-industriegruppe-mit-fokus-medtech\\\/#primaryimage\"},\"thumbnailUrl\":\"https:\\\/\\\/www.organisator.ch\\\/wp-content\\\/uploads\\\/2019\\\/12\\\/Neu-formierte-Schweizer-Industriegruppe-mit-Fokus-MedTech_Organisator.jpg\",\"datePublished\":\"2019-12-12T09:58:11+00:00\",\"description\":\"Die Jossi AG mit Sitz in Islikon (TG) regelt die Nachfolge: Die Eigent\u00fcmer verkaufen ihr Unternehmen an die Inovu Gruppe mit dem Fokus MedTech.\",\"breadcrumb\":{\"@id\":\"https:\\\/\\\/www.organisator.ch\\\/management\\\/2019-12-12\\\/neu-formierte-schweizer-industriegruppe-mit-fokus-medtech\\\/#breadcrumb\"},\"inLanguage\":\"de\",\"potentialAction\":[{\"@type\":\"ReadAction\",\"target\":[\"https:\\\/\\\/www.organisator.ch\\\/management\\\/2019-12-12\\\/neu-formierte-schweizer-industriegruppe-mit-fokus-medtech\\\/\"]}]},{\"@type\":\"ImageObject\",\"inLanguage\":\"de\",\"@id\":\"https:\\\/\\\/www.organisator.ch\\\/management\\\/2019-12-12\\\/neu-formierte-schweizer-industriegruppe-mit-fokus-medtech\\\/#primaryimage\",\"url\":\"https:\\\/\\\/www.organisator.ch\\\/wp-content\\\/uploads\\\/2019\\\/12\\\/Neu-formierte-Schweizer-Industriegruppe-mit-Fokus-MedTech_Organisator.jpg\",\"contentUrl\":\"https:\\\/\\\/www.organisator.ch\\\/wp-content\\\/uploads\\\/2019\\\/12\\\/Neu-formierte-Schweizer-Industriegruppe-mit-Fokus-MedTech_Organisator.jpg\",\"width\":680,\"height\":76},{\"@type\":\"BreadcrumbList\",\"@id\":\"https:\\\/\\\/www.organisator.ch\\\/management\\\/2019-12-12\\\/neu-formierte-schweizer-industriegruppe-mit-fokus-medtech\\\/#breadcrumb\",\"itemListElement\":[{\"@type\":\"ListItem\",\"position\":1,\"name\":\"Home\",\"item\":\"https:\\\/\\\/www.organisator.ch\\\/\"},{\"@type\":\"ListItem\",\"position\":2,\"name\":\"Neu formierte Schweizer Industriegruppe mit Fokus MedTech\"}]},{\"@type\":\"WebSite\",\"@id\":\"https:\\\/\\\/www.organisator.ch\\\/#website\",\"url\":\"https:\\\/\\\/www.organisator.ch\\\/\",\"name\":\"Organisator\",\"description\":\"Kompetent. Praxisnah. Der ORGANISATOR bereitet in 10 Ausgaben pro Jahr die wesentlichen Themen f\u00fcr F\u00fchrungskr\u00e4fte von KMU auf.\",\"publisher\":{\"@id\":\"https:\\\/\\\/www.organisator.ch\\\/#organization\"},\"potentialAction\":[{\"@type\":\"SearchAction\",\"target\":{\"@type\":\"EntryPoint\",\"urlTemplate\":\"https:\\\/\\\/www.organisator.ch\\\/?s={search_term_string}\"},\"query-input\":{\"@type\":\"PropertyValueSpecification\",\"valueRequired\":true,\"valueName\":\"search_term_string\"}}],\"inLanguage\":\"de\"},{\"@type\":\"Organization\",\"@id\":\"https:\\\/\\\/www.organisator.ch\\\/#organization\",\"name\":\"Organisator\",\"url\":\"https:\\\/\\\/www.organisator.ch\\\/\",\"logo\":{\"@type\":\"ImageObject\",\"inLanguage\":\"de\",\"@id\":\"https:\\\/\\\/www.organisator.ch\\\/#\\\/schema\\\/logo\\\/image\\\/\",\"url\":\"https:\\\/\\\/www.organisator.ch\\\/wp-content\\\/uploads\\\/2022\\\/01\\\/Logo_Organisator_Website.png\",\"contentUrl\":\"https:\\\/\\\/www.organisator.ch\\\/wp-content\\\/uploads\\\/2022\\\/01\\\/Logo_Organisator_Website.png\",\"width\":800,\"height\":77,\"caption\":\"Organisator\"},\"image\":{\"@id\":\"https:\\\/\\\/www.organisator.ch\\\/#\\\/schema\\\/logo\\\/image\\\/\"},\"sameAs\":[\"https:\\\/\\\/www.facebook.com\\\/OrganisatorFachmagazin\",\"https:\\\/\\\/www.linkedin.com\\\/showcase\\\/organisator-das-magazin-fr-kmu\",\"https:\\\/\\\/www.xing.com\\\/news\\\/pages\\\/organisator-ch-695\",\"https:\\\/\\\/www.youtube.com\\\/channel\\\/UCGP2Sq0iWaZwT3BdIAQFYpw\"]},{\"@type\":\"Person\",\"@id\":\"https:\\\/\\\/www.organisator.ch\\\/#\\\/schema\\\/person\\\/6f650f90b2842cd4c0cc334b4e36f67e\",\"name\":\"thomas.berner\",\"image\":{\"@type\":\"ImageObject\",\"inLanguage\":\"de\",\"@id\":\"https:\\\/\\\/secure.gravatar.com\\\/avatar\\\/ac5001d2a36cb6c6cd3e50789007ffca834b477b74a2144564522e944eabff61?s=96&d=mm&r=g\",\"url\":\"https:\\\/\\\/secure.gravatar.com\\\/avatar\\\/ac5001d2a36cb6c6cd3e50789007ffca834b477b74a2144564522e944eabff61?s=96&d=mm&r=g\",\"contentUrl\":\"https:\\\/\\\/secure.gravatar.com\\\/avatar\\\/ac5001d2a36cb6c6cd3e50789007ffca834b477b74a2144564522e944eabff61?s=96&d=mm&r=g\",\"caption\":\"thomas.berner\"},\"url\":\"https:\\\/\\\/www.organisator.ch\\\/de\\\/author\\\/thomas-berner\\\/\"}]}<\/script>\n<!-- \/ Yoast SEO plugin. -->","yoast_head_json":{"title":"Neu formierte Schweizer Industriegruppe mit Fokus MedTech - Organisator","description":"Die Jossi AG mit Sitz in Islikon (TG) regelt die Nachfolge: Die Eigent\u00fcmer verkaufen ihr Unternehmen an die Inovu Gruppe mit dem Fokus MedTech.","robots":{"index":"index","follow":"follow","max-snippet":"max-snippet:-1","max-image-preview":"max-image-preview:large","max-video-preview":"max-video-preview:-1"},"canonical":"https:\/\/www.organisator.ch\/de\/management\/2019-12-12\/neu-formierte-schweizer-industriegruppe-mit-fokus-medtech\/","og_locale":"de_DE","og_type":"article","og_title":"Neu formierte Schweizer Industriegruppe mit Fokus MedTech","og_description":"Die Jossi AG mit Sitz in Islikon (TG) regelt die Nachfolge: Die Eigent\u00fcmer verkaufen ihr Unternehmen an die Inovu Gruppe mit dem Fokus MedTech.","og_url":"https:\/\/www.organisator.ch\/de\/management\/2019-12-12\/neu-formierte-schweizer-industriegruppe-mit-fokus-medtech\/","og_site_name":"Organisator","article_publisher":"https:\/\/www.facebook.com\/OrganisatorFachmagazin","article_published_time":"2019-12-12T09:58:11+00:00","author":"thomas.berner","twitter_card":"summary_large_image","twitter_title":"Neu formierte Schweizer #Industriegruppe mit Fokus #MedTech","twitter_description":"Die Jossi AG mit Sitz in Islikon (TG) regelt die Nachfolge: Die Eigent\u00fcmer verkaufen ihr Unternehmen an die Inovu Gruppe mit dem Fokus #MedTech.","schema":{"@context":"https:\/\/schema.org","@graph":[{"@type":"Article","@id":"https:\/\/www.organisator.ch\/management\/2019-12-12\/neu-formierte-schweizer-industriegruppe-mit-fokus-medtech\/#article","isPartOf":{"@id":"https:\/\/www.organisator.ch\/management\/2019-12-12\/neu-formierte-schweizer-industriegruppe-mit-fokus-medtech\/"},"author":{"name":"thomas.berner","@id":"https:\/\/www.organisator.ch\/#\/schema\/person\/6f650f90b2842cd4c0cc334b4e36f67e"},"headline":"Neu formierte Schweizer Industriegruppe mit Fokus MedTech","datePublished":"2019-12-12T09:58:11+00:00","mainEntityOfPage":{"@id":"https:\/\/www.organisator.ch\/management\/2019-12-12\/neu-formierte-schweizer-industriegruppe-mit-fokus-medtech\/"},"wordCount":517,"publisher":{"@id":"https:\/\/www.organisator.ch\/#organization"},"image":{"@id":"https:\/\/www.organisator.ch\/management\/2019-12-12\/neu-formierte-schweizer-industriegruppe-mit-fokus-medtech\/#primaryimage"},"thumbnailUrl":"https:\/\/www.organisator.ch\/wp-content\/uploads\/2019\/12\/Neu-formierte-Schweizer-Industriegruppe-mit-Fokus-MedTech_Organisator.jpg","keywords":["Firmennachfolge","Management und Unternehmensf\u00fchrung","Unternehmen"],"articleSection":["MANAGEMENT"],"inLanguage":"de"},{"@type":"WebPage","@id":"https:\/\/www.organisator.ch\/management\/2019-12-12\/neu-formierte-schweizer-industriegruppe-mit-fokus-medtech\/","url":"https:\/\/www.organisator.ch\/management\/2019-12-12\/neu-formierte-schweizer-industriegruppe-mit-fokus-medtech\/","name":"Neu formierte Schweizer Industriegruppe mit Fokus MedTech - Organisator","isPartOf":{"@id":"https:\/\/www.organisator.ch\/#website"},"primaryImageOfPage":{"@id":"https:\/\/www.organisator.ch\/management\/2019-12-12\/neu-formierte-schweizer-industriegruppe-mit-fokus-medtech\/#primaryimage"},"image":{"@id":"https:\/\/www.organisator.ch\/management\/2019-12-12\/neu-formierte-schweizer-industriegruppe-mit-fokus-medtech\/#primaryimage"},"thumbnailUrl":"https:\/\/www.organisator.ch\/wp-content\/uploads\/2019\/12\/Neu-formierte-Schweizer-Industriegruppe-mit-Fokus-MedTech_Organisator.jpg","datePublished":"2019-12-12T09:58:11+00:00","description":"Die Jossi AG mit Sitz in Islikon (TG) regelt die Nachfolge: Die Eigent\u00fcmer verkaufen ihr Unternehmen an die Inovu Gruppe mit dem Fokus MedTech.","breadcrumb":{"@id":"https:\/\/www.organisator.ch\/management\/2019-12-12\/neu-formierte-schweizer-industriegruppe-mit-fokus-medtech\/#breadcrumb"},"inLanguage":"de","potentialAction":[{"@type":"ReadAction","target":["https:\/\/www.organisator.ch\/management\/2019-12-12\/neu-formierte-schweizer-industriegruppe-mit-fokus-medtech\/"]}]},{"@type":"ImageObject","inLanguage":"de","@id":"https:\/\/www.organisator.ch\/management\/2019-12-12\/neu-formierte-schweizer-industriegruppe-mit-fokus-medtech\/#primaryimage","url":"https:\/\/www.organisator.ch\/wp-content\/uploads\/2019\/12\/Neu-formierte-Schweizer-Industriegruppe-mit-Fokus-MedTech_Organisator.jpg","contentUrl":"https:\/\/www.organisator.ch\/wp-content\/uploads\/2019\/12\/Neu-formierte-Schweizer-Industriegruppe-mit-Fokus-MedTech_Organisator.jpg","width":680,"height":76},{"@type":"BreadcrumbList","@id":"https:\/\/www.organisator.ch\/management\/2019-12-12\/neu-formierte-schweizer-industriegruppe-mit-fokus-medtech\/#breadcrumb","itemListElement":[{"@type":"ListItem","position":1,"name":"Home","item":"https:\/\/www.organisator.ch\/"},{"@type":"ListItem","position":2,"name":"Neu formierte Schweizer Industriegruppe mit Fokus MedTech"}]},{"@type":"WebSite","@id":"https:\/\/www.organisator.ch\/#website","url":"https:\/\/www.organisator.ch\/","name":"Organisator","description":"Kompetent. Praxisnah. Der ORGANISATOR bereitet in 10 Ausgaben pro Jahr die wesentlichen Themen f\u00fcr F\u00fchrungskr\u00e4fte von KMU auf.","publisher":{"@id":"https:\/\/www.organisator.ch\/#organization"},"potentialAction":[{"@type":"SearchAction","target":{"@type":"EntryPoint","urlTemplate":"https:\/\/www.organisator.ch\/?s={search_term_string}"},"query-input":{"@type":"PropertyValueSpecification","valueRequired":true,"valueName":"search_term_string"}}],"inLanguage":"de"},{"@type":"Organization","@id":"https:\/\/www.organisator.ch\/#organization","name":"Organisator","url":"https:\/\/www.organisator.ch\/","logo":{"@type":"ImageObject","inLanguage":"de","@id":"https:\/\/www.organisator.ch\/#\/schema\/logo\/image\/","url":"https:\/\/www.organisator.ch\/wp-content\/uploads\/2022\/01\/Logo_Organisator_Website.png","contentUrl":"https:\/\/www.organisator.ch\/wp-content\/uploads\/2022\/01\/Logo_Organisator_Website.png","width":800,"height":77,"caption":"Organisator"},"image":{"@id":"https:\/\/www.organisator.ch\/#\/schema\/logo\/image\/"},"sameAs":["https:\/\/www.facebook.com\/OrganisatorFachmagazin","https:\/\/www.linkedin.com\/showcase\/organisator-das-magazin-fr-kmu","https:\/\/www.xing.com\/news\/pages\/organisator-ch-695","https:\/\/www.youtube.com\/channel\/UCGP2Sq0iWaZwT3BdIAQFYpw"]},{"@type":"Person","@id":"https:\/\/www.organisator.ch\/#\/schema\/person\/6f650f90b2842cd4c0cc334b4e36f67e","name":"thomas.berner","image":{"@type":"ImageObject","inLanguage":"de","@id":"https:\/\/secure.gravatar.com\/avatar\/ac5001d2a36cb6c6cd3e50789007ffca834b477b74a2144564522e944eabff61?s=96&d=mm&r=g","url":"https:\/\/secure.gravatar.com\/avatar\/ac5001d2a36cb6c6cd3e50789007ffca834b477b74a2144564522e944eabff61?s=96&d=mm&r=g","contentUrl":"https:\/\/secure.gravatar.com\/avatar\/ac5001d2a36cb6c6cd3e50789007ffca834b477b74a2144564522e944eabff61?s=96&d=mm&r=g","caption":"thomas.berner"},"url":"https:\/\/www.organisator.ch\/de\/author\/thomas-berner\/"}]}},"_links":{"self":[{"href":"https:\/\/www.organisator.ch\/de\/wp-json\/wp\/v2\/posts\/8616","targetHints":{"allow":["GET"]}}],"collection":[{"href":"https:\/\/www.organisator.ch\/de\/wp-json\/wp\/v2\/posts"}],"about":[{"href":"https:\/\/www.organisator.ch\/de\/wp-json\/wp\/v2\/types\/post"}],"author":[{"embeddable":true,"href":"https:\/\/www.organisator.ch\/de\/wp-json\/wp\/v2\/users\/4"}],"replies":[{"embeddable":true,"href":"https:\/\/www.organisator.ch\/de\/wp-json\/wp\/v2\/comments?post=8616"}],"version-history":[{"count":0,"href":"https:\/\/www.organisator.ch\/de\/wp-json\/wp\/v2\/posts\/8616\/revisions"}],"wp:featuredmedia":[{"embeddable":true,"href":"https:\/\/www.organisator.ch\/de\/wp-json\/wp\/v2\/media\/8539"}],"wp:attachment":[{"href":"https:\/\/www.organisator.ch\/de\/wp-json\/wp\/v2\/media?parent=8616"}],"wp:term":[{"taxonomy":"category","embeddable":true,"href":"https:\/\/www.organisator.ch\/de\/wp-json\/wp\/v2\/categories?post=8616"},{"taxonomy":"post_tag","embeddable":true,"href":"https:\/\/www.organisator.ch\/de\/wp-json\/wp\/v2\/tags?post=8616"}],"curies":[{"name":"wp","href":"https:\/\/api.w.org\/{rel}","templated":true}]}}