{"id":8632,"date":"2020-01-13T11:29:23","date_gmt":"2020-01-13T10:29:23","guid":{"rendered":"https:\/\/www.organisator.ch\/?p=6225"},"modified":"2020-01-13T11:29:23","modified_gmt":"2020-01-13T10:29:23","slug":"fehler-bei-der-nachbesetzung-von-stellen-vermeiden","status":"publish","type":"post","link":"https:\/\/www.organisator.ch\/de\/management\/2020-01-13\/fehler-bei-der-nachbesetzung-von-stellen-vermeiden\/","title":{"rendered":"Fehler bei der Nachbesetzung von Stellen vermeiden"},"content":{"rendered":"<figure id=\"attachment_6226\" aria-describedby=\"caption-attachment-6226\" style=\"width: 680px\" class=\"wp-caption alignnone\"><img loading=\"lazy\" decoding=\"async\" class=\"size-medium wp-image-6226\" src=\"https:\/\/www.organisator.ch\/wp-content\/uploads\/2020\/01\/Fehler-bei-der-Nachbesetzung-von-Stellen-vermeiden_Organisator.jpg\" alt=\"\" width=\"680\" height=\"453\" \/><figcaption id=\"caption-attachment-6226\" class=\"wp-caption-text\">Uwe B\u00f6ning r\u00e4t, die Nachbesetzung einer Stelle als Chance zur Neugestaltung zu nutzen. (Bild: B\u00d6NING-CONSULT\u00ae)<\/figcaption><\/figure>\n<p>Verl\u00e4sst ein Mitarbeiter das Unternehmen, lauern bei der Suche nach einem Nachfolger so einige Gefahren. Doch es ergibt sich gleichzeitig auch die Chance, neue Wege zu gehen. Allerdings stehen bei der Nachbesetzung von Schl\u00fcsselfunktionen oftmals die falschen Kriterien im Fokus, durch welche potenzielle Kandidaten durchs Raster fallen. Zu oft suchen Unternehmen nach Kompetenzen, die angesichts aktueller Entwicklungen nicht mehr zeitgem\u00e4\u00df sind. Nur wenige F\u00fchrungskr\u00e4fte ber\u00fccksichtigen bei der Nachfolgeplanung den m\u00f6glichen Verlust an Innovationskraft. Ein Indiz daf\u00fcr stellt die Tatsache dar, dass die erste F\u00fchrungsebene \u00fcberwiegend intern vergeben wird. Ausscheidende Manager werden oft von denjenigen ersetzt, die sich genau eine Ebene darunter befinden. Regelm\u00e4\u00dfig kommen zudem Stellvertreter zum Einsatz, um offene Stellen zu f\u00fcllen. Bei diesem Vorgehen steht allerdings rein fachliches Know-how im Fokus und nicht das Thema Leadership.<\/p>\n<h2>Potenzial f\u00fcr Umstrukturierungen<\/h2>\n<p>Aktuell sind in F\u00fchrungspositionen inspirierende, mutige Vision\u00e4re, Treiber und empathische Motivatoren gefragt \u2013 keine hierarchischen Kommandeure. Doch vor allem beim Thema Leadership l\u00e4sst sich erkennen, dass Unternehmen oft vor dem Problem stehen, neue Kriterien f\u00fcr die Vergebung von Stellen zu definieren. Waren in der Vergangenheit noch klassische Management-F\u00e4higkeiten wie das Entscheiden und das Formulieren starrer Vorgaben gefragt, setzen die heute agilen Arbeitsweisen andere Skills voraus \u2013 etwa die F\u00e4higkeit, zuzuh\u00f6ren, Mitarbeiter zu motivieren und klare Leitplanken zu vermitteln. Doch nur selten ber\u00fccksichtigen Unternehmen bei der Neubesetzung von F\u00fchrungspositionen Anforderungen an solche Kompetenzen, die etwa der digitale Wandel und das Einf\u00fchren agiler Managementstrukturen erforderlich machen. Dabei besteht bei einer frei werdenden Stelle die M\u00f6glichkeit, sie grundlegend zu \u00fcberdenken. Denn es geht in erster Linie nicht darum, eine Position in k\u00fcrzester Zeit neu zu vergeben: Vielmehr stellt die Umstrukturierung eine Chance dar, um die Stelle optimal zu gestalten und auf ein neues Niveau zu heben \u2013 eine zentrale Voraussetzung, um vor allem Fehler bei der Nachbesetzung zu umgehen.<\/p>\n<h2>Mitarbeiter bei Nachbesetzung mit einbeziehen<\/h2>\n<p>Egal wie qualifiziert ein Bewerber ist: Passt er nicht ins Team, f\u00fchrt dies auf Dauer zu Problemen. Daher sollte die Managementebene beim Recruitingprozess die Gruppe rund um die neu zu vergebende Stelle mit einbeziehen. Der Einsch\u00e4tzung durch das Team kommt in diesem Fall eine hohe Bedeutung zu und sollte daher nicht hinten r\u00fcber fallen \u2013 nur wenn Zusammenarbeit und Kommunikation auf lange Sicht funktionieren, findet eine zukunftsorientierte Neubesetzung statt. Denn egal welche Qualifikationen der Bewerber mitbringt, wenn er nicht ins Team passt, funktioniert keine erfolgreiche Zusammenarbeit. Direkte Kollegen erhalten im besten Fall im Laufe des Bewerbungsprozesses die Chance, den potenziellen neuen Coworker kennenzulernen und eine Einsch\u00e4tzung abzugeben. F\u00fchrungskr\u00e4fte und Recruiter sollten keinen Alleingang wagen, sondern auf die Entscheidungen des Teams vertrauen oder auf sogenanntes Peer Recruiting setzen.<\/p>\n<h2>Motivation versus Kompetenz<\/h2>\n<p>Fachliche Grundkenntnisse stellen zwar eine Voraussetzung dar, gelten jedoch als leichter erlernbar und vermittelbar als beispielsweise Soft Skills und eine ausreichende Motivation. Nicht immer ist deshalb der Werdegang, die Ausbildung oder das Studium das entscheidende Kriterium. Besonders wenn die Stelle neu definiert und gezielt weiterentwickelt werden soll, sollten Personaler offen sein und der individuellen Pers\u00f6nlichkeit des Bewerbers eine Chance geben. F\u00fchrungskr\u00e4fte m\u00fcssen die Anforderungen daher neu definieren und kategorisieren. Welche F\u00e4higkeiten ben\u00f6tigt der Bewerber und welche Soft Skills haben k\u00fcnftig eine wichtige Rolle in der Position? Manchmal l\u00e4sst sich eine Nachbesetzung nicht vermeiden, jedoch kann das Management freien Stellen aufgrund von K\u00fcndigungen aktiv vorbeugen \u2013 mit hoher Mitarbeiterzufriedenheit und Employer Branding. Denn zufriedene Mitarbeiter denken seltener \u00fcber einen potenziellen Jobwechsel nach als unzufriedene Brainworker, die sich in ihrem Unternehmen unwohl f\u00fchlen.<\/p>\n<p><em>Weitere Informationen unter <a href=\"http:\/\/www.boening-consult.de\">www.boening-consult.de<\/a><\/em><\/p>\n<p><em><strong>Zum Autor:<br \/>\n<\/strong>Dr. Uwe B\u00f6ning ist Business-Coach, Managementberater, Gesch\u00e4ftsf\u00fchrer und Gr\u00fcnder der B\u00f6ning-Consult GmbH mit Sitz in Frankfurt am Main. Neben der Pers\u00f6nlichkeits-Entwicklung f\u00fcr Unternehmer und Manager und der Beratung bei Transformations-Prozessen gilt das \u201eStress-Coaching\u201c seit \u00fcber 30 Jahren als eine seiner Spezialit\u00e4ten f\u00fcr diese Zielgruppen.<\/em><\/p>\n","protected":false},"excerpt":{"rendered":"<p>Verl\u00e4sst ein Mitarbeiter das Unternehmen, lauern bei der Suche nach einem Nachfolger so einige Gefahren. Doch es ergibt sich gleichzeitig auch die Chance, neue Wege zu gehen. Allerdings stehen bei der Nachbesetzung von Schl\u00fcsselfunktionen oftmals die falschen Kriterien im Fokus, durch welche potenzielle Kandidaten durchs Raster fallen. Zu oft suchen Unternehmen nach Kompetenzen, die angesichts [&hellip;]<\/p>\n","protected":false},"author":4,"featured_media":8556,"comment_status":"closed","ping_status":"closed","sticky":false,"template":"","format":"standard","meta":{"_acf_changed":false,"_yoast_wpseo_focuskw":"Nachbesetzung","_yoast_wpseo_metadesc":"Dr. Uwe B\u00f6ning, gesch\u00e4ftsf\u00fchrender Gesellschafter von B\u00f6ning-Consult GmbH, macht Vorschl\u00e4ge, um Fehler bei der Nachbesetzung zu vermeiden.","articlekey":"","footnotes":""},"categories":[28],"tags":[254,320,335,407],"class_list":["post-8632","post","type-post","status-publish","format-standard","has-post-thumbnail","hentry","category-management","tag-hrm","tag-leadership","tag-management-und-unternehmensfuehrung","tag-recruiting"],"acf":[],"yoast_head":"<!-- This site is optimized with the Yoast SEO plugin v27.4 - https:\/\/yoast.com\/product\/yoast-seo-wordpress\/ -->\n<title>Fehler bei der Nachbesetzung von Stellen vermeiden - Organisator<\/title>\n<meta name=\"description\" content=\"Dr. Uwe B\u00f6ning, gesch\u00e4ftsf\u00fchrender Gesellschafter von B\u00f6ning-Consult GmbH, macht Vorschl\u00e4ge, um Fehler bei der Nachbesetzung zu vermeiden.\" \/>\n<meta name=\"robots\" content=\"index, follow, max-snippet:-1, max-image-preview:large, max-video-preview:-1\" \/>\n<link rel=\"canonical\" href=\"https:\/\/www.organisator.ch\/de\/management\/2020-01-13\/fehler-bei-der-nachbesetzung-von-stellen-vermeiden\/\" \/>\n<meta property=\"og:locale\" content=\"de_DE\" \/>\n<meta property=\"og:type\" content=\"article\" \/>\n<meta property=\"og:title\" content=\"Fehler bei der Nachbesetzung von Stellen vermeiden\" \/>\n<meta property=\"og:description\" content=\"Dr. Uwe B\u00f6ning, gesch\u00e4ftsf\u00fchrender Gesellschafter von B\u00f6ning-Consult GmbH, macht Vorschl\u00e4ge, um Fehler bei der Nachbesetzung zu vermeiden.\" \/>\n<meta property=\"og:url\" content=\"https:\/\/www.organisator.ch\/de\/management\/2020-01-13\/fehler-bei-der-nachbesetzung-von-stellen-vermeiden\/\" \/>\n<meta property=\"og:site_name\" content=\"Organisator\" \/>\n<meta property=\"article:publisher\" content=\"https:\/\/www.facebook.com\/OrganisatorFachmagazin\" \/>\n<meta property=\"article:published_time\" content=\"2020-01-13T10:29:23+00:00\" \/>\n<meta property=\"og:image\" content=\"https:\/\/www.organisator.ch\/wp-content\/uploads\/2021\/07\/organisator_2011_1-2.png\" \/>\n\t<meta property=\"og:image:width\" content=\"654\" \/>\n\t<meta property=\"og:image:height\" content=\"370\" \/>\n\t<meta property=\"og:image:type\" content=\"image\/png\" \/>\n<meta name=\"author\" content=\"thomas.berner\" \/>\n<meta name=\"twitter:card\" content=\"summary_large_image\" \/>\n<meta name=\"twitter:title\" content=\"Fehler bei der #Nachbesetzung von Stellen vermeiden\" \/>\n<meta name=\"twitter:description\" content=\"Dr. Uwe #B\u00f6ning, gesch\u00e4ftsf\u00fchrender Gesellschafter von #B\u00f6ning-Consult GmbH, macht Vorschl\u00e4ge, um Fehler bei der #Nachbesetzung zu vermeiden.\" \/>\n<meta name=\"twitter:image\" content=\"https:\/\/www.organisator.ch\/wp-content\/uploads\/2021\/07\/organisator_2011_1-2.png\" \/>\n<script type=\"application\/ld+json\" class=\"yoast-schema-graph\">{\"@context\":\"https:\\\/\\\/schema.org\",\"@graph\":[{\"@type\":\"Article\",\"@id\":\"https:\\\/\\\/www.organisator.ch\\\/management\\\/2020-01-13\\\/fehler-bei-der-nachbesetzung-von-stellen-vermeiden\\\/#article\",\"isPartOf\":{\"@id\":\"https:\\\/\\\/www.organisator.ch\\\/management\\\/2020-01-13\\\/fehler-bei-der-nachbesetzung-von-stellen-vermeiden\\\/\"},\"author\":{\"name\":\"thomas.berner\",\"@id\":\"https:\\\/\\\/www.organisator.ch\\\/#\\\/schema\\\/person\\\/6f650f90b2842cd4c0cc334b4e36f67e\"},\"headline\":\"Fehler bei der Nachbesetzung von Stellen vermeiden\",\"datePublished\":\"2020-01-13T10:29:23+00:00\",\"mainEntityOfPage\":{\"@id\":\"https:\\\/\\\/www.organisator.ch\\\/management\\\/2020-01-13\\\/fehler-bei-der-nachbesetzung-von-stellen-vermeiden\\\/\"},\"wordCount\":689,\"publisher\":{\"@id\":\"https:\\\/\\\/www.organisator.ch\\\/#organization\"},\"image\":{\"@id\":\"https:\\\/\\\/www.organisator.ch\\\/management\\\/2020-01-13\\\/fehler-bei-der-nachbesetzung-von-stellen-vermeiden\\\/#primaryimage\"},\"thumbnailUrl\":\"https:\\\/\\\/www.organisator.ch\\\/wp-content\\\/uploads\\\/2020\\\/01\\\/Fehler-bei-der-Nachbesetzung-von-Stellen-vermeiden_Organisator.jpg\",\"keywords\":[\"HRM\",\"Leadership\",\"Management und Unternehmensf\u00fchrung\",\"Recruiting\"],\"articleSection\":[\"MANAGEMENT\"],\"inLanguage\":\"de\"},{\"@type\":\"WebPage\",\"@id\":\"https:\\\/\\\/www.organisator.ch\\\/management\\\/2020-01-13\\\/fehler-bei-der-nachbesetzung-von-stellen-vermeiden\\\/\",\"url\":\"https:\\\/\\\/www.organisator.ch\\\/management\\\/2020-01-13\\\/fehler-bei-der-nachbesetzung-von-stellen-vermeiden\\\/\",\"name\":\"Fehler bei der Nachbesetzung von Stellen vermeiden - Organisator\",\"isPartOf\":{\"@id\":\"https:\\\/\\\/www.organisator.ch\\\/#website\"},\"primaryImageOfPage\":{\"@id\":\"https:\\\/\\\/www.organisator.ch\\\/management\\\/2020-01-13\\\/fehler-bei-der-nachbesetzung-von-stellen-vermeiden\\\/#primaryimage\"},\"image\":{\"@id\":\"https:\\\/\\\/www.organisator.ch\\\/management\\\/2020-01-13\\\/fehler-bei-der-nachbesetzung-von-stellen-vermeiden\\\/#primaryimage\"},\"thumbnailUrl\":\"https:\\\/\\\/www.organisator.ch\\\/wp-content\\\/uploads\\\/2020\\\/01\\\/Fehler-bei-der-Nachbesetzung-von-Stellen-vermeiden_Organisator.jpg\",\"datePublished\":\"2020-01-13T10:29:23+00:00\",\"description\":\"Dr. Uwe B\u00f6ning, gesch\u00e4ftsf\u00fchrender Gesellschafter von B\u00f6ning-Consult GmbH, macht Vorschl\u00e4ge, um Fehler bei der Nachbesetzung zu vermeiden.\",\"breadcrumb\":{\"@id\":\"https:\\\/\\\/www.organisator.ch\\\/management\\\/2020-01-13\\\/fehler-bei-der-nachbesetzung-von-stellen-vermeiden\\\/#breadcrumb\"},\"inLanguage\":\"de\",\"potentialAction\":[{\"@type\":\"ReadAction\",\"target\":[\"https:\\\/\\\/www.organisator.ch\\\/management\\\/2020-01-13\\\/fehler-bei-der-nachbesetzung-von-stellen-vermeiden\\\/\"]}]},{\"@type\":\"ImageObject\",\"inLanguage\":\"de\",\"@id\":\"https:\\\/\\\/www.organisator.ch\\\/management\\\/2020-01-13\\\/fehler-bei-der-nachbesetzung-von-stellen-vermeiden\\\/#primaryimage\",\"url\":\"https:\\\/\\\/www.organisator.ch\\\/wp-content\\\/uploads\\\/2020\\\/01\\\/Fehler-bei-der-Nachbesetzung-von-Stellen-vermeiden_Organisator.jpg\",\"contentUrl\":\"https:\\\/\\\/www.organisator.ch\\\/wp-content\\\/uploads\\\/2020\\\/01\\\/Fehler-bei-der-Nachbesetzung-von-Stellen-vermeiden_Organisator.jpg\",\"width\":680,\"height\":453,\"caption\":\"Uwe B\u00f6ning r\u00e4t, die Nachbesetzung einer Stelle als Chance zur Neugestaltung zu nutzen. (Bild: B\u00d6NING-CONSULT\u00ae)\"},{\"@type\":\"BreadcrumbList\",\"@id\":\"https:\\\/\\\/www.organisator.ch\\\/management\\\/2020-01-13\\\/fehler-bei-der-nachbesetzung-von-stellen-vermeiden\\\/#breadcrumb\",\"itemListElement\":[{\"@type\":\"ListItem\",\"position\":1,\"name\":\"Home\",\"item\":\"https:\\\/\\\/www.organisator.ch\\\/\"},{\"@type\":\"ListItem\",\"position\":2,\"name\":\"Fehler bei der Nachbesetzung von Stellen vermeiden\"}]},{\"@type\":\"WebSite\",\"@id\":\"https:\\\/\\\/www.organisator.ch\\\/#website\",\"url\":\"https:\\\/\\\/www.organisator.ch\\\/\",\"name\":\"Organisator\",\"description\":\"Kompetent. Praxisnah. Der ORGANISATOR bereitet in 10 Ausgaben pro Jahr die wesentlichen Themen f\u00fcr F\u00fchrungskr\u00e4fte von KMU auf.\",\"publisher\":{\"@id\":\"https:\\\/\\\/www.organisator.ch\\\/#organization\"},\"potentialAction\":[{\"@type\":\"SearchAction\",\"target\":{\"@type\":\"EntryPoint\",\"urlTemplate\":\"https:\\\/\\\/www.organisator.ch\\\/?s={search_term_string}\"},\"query-input\":{\"@type\":\"PropertyValueSpecification\",\"valueRequired\":true,\"valueName\":\"search_term_string\"}}],\"inLanguage\":\"de\"},{\"@type\":\"Organization\",\"@id\":\"https:\\\/\\\/www.organisator.ch\\\/#organization\",\"name\":\"Organisator\",\"url\":\"https:\\\/\\\/www.organisator.ch\\\/\",\"logo\":{\"@type\":\"ImageObject\",\"inLanguage\":\"de\",\"@id\":\"https:\\\/\\\/www.organisator.ch\\\/#\\\/schema\\\/logo\\\/image\\\/\",\"url\":\"https:\\\/\\\/www.organisator.ch\\\/wp-content\\\/uploads\\\/2022\\\/01\\\/Logo_Organisator_Website.png\",\"contentUrl\":\"https:\\\/\\\/www.organisator.ch\\\/wp-content\\\/uploads\\\/2022\\\/01\\\/Logo_Organisator_Website.png\",\"width\":800,\"height\":77,\"caption\":\"Organisator\"},\"image\":{\"@id\":\"https:\\\/\\\/www.organisator.ch\\\/#\\\/schema\\\/logo\\\/image\\\/\"},\"sameAs\":[\"https:\\\/\\\/www.facebook.com\\\/OrganisatorFachmagazin\",\"https:\\\/\\\/www.linkedin.com\\\/showcase\\\/organisator-das-magazin-fr-kmu\",\"https:\\\/\\\/www.xing.com\\\/news\\\/pages\\\/organisator-ch-695\",\"https:\\\/\\\/www.youtube.com\\\/channel\\\/UCGP2Sq0iWaZwT3BdIAQFYpw\"]},{\"@type\":\"Person\",\"@id\":\"https:\\\/\\\/www.organisator.ch\\\/#\\\/schema\\\/person\\\/6f650f90b2842cd4c0cc334b4e36f67e\",\"name\":\"thomas.berner\",\"image\":{\"@type\":\"ImageObject\",\"inLanguage\":\"de\",\"@id\":\"https:\\\/\\\/secure.gravatar.com\\\/avatar\\\/ac5001d2a36cb6c6cd3e50789007ffca834b477b74a2144564522e944eabff61?s=96&d=mm&r=g\",\"url\":\"https:\\\/\\\/secure.gravatar.com\\\/avatar\\\/ac5001d2a36cb6c6cd3e50789007ffca834b477b74a2144564522e944eabff61?s=96&d=mm&r=g\",\"contentUrl\":\"https:\\\/\\\/secure.gravatar.com\\\/avatar\\\/ac5001d2a36cb6c6cd3e50789007ffca834b477b74a2144564522e944eabff61?s=96&d=mm&r=g\",\"caption\":\"thomas.berner\"},\"url\":\"https:\\\/\\\/www.organisator.ch\\\/de\\\/author\\\/thomas-berner\\\/\"}]}<\/script>\n<!-- \/ Yoast SEO plugin. -->","yoast_head_json":{"title":"Fehler bei der Nachbesetzung von Stellen vermeiden - Organisator","description":"Dr. Uwe B\u00f6ning, gesch\u00e4ftsf\u00fchrender Gesellschafter von B\u00f6ning-Consult GmbH, macht Vorschl\u00e4ge, um Fehler bei der Nachbesetzung zu vermeiden.","robots":{"index":"index","follow":"follow","max-snippet":"max-snippet:-1","max-image-preview":"max-image-preview:large","max-video-preview":"max-video-preview:-1"},"canonical":"https:\/\/www.organisator.ch\/de\/management\/2020-01-13\/fehler-bei-der-nachbesetzung-von-stellen-vermeiden\/","og_locale":"de_DE","og_type":"article","og_title":"Fehler bei der Nachbesetzung von Stellen vermeiden","og_description":"Dr. Uwe B\u00f6ning, gesch\u00e4ftsf\u00fchrender Gesellschafter von B\u00f6ning-Consult GmbH, macht Vorschl\u00e4ge, um Fehler bei der Nachbesetzung zu vermeiden.","og_url":"https:\/\/www.organisator.ch\/de\/management\/2020-01-13\/fehler-bei-der-nachbesetzung-von-stellen-vermeiden\/","og_site_name":"Organisator","article_publisher":"https:\/\/www.facebook.com\/OrganisatorFachmagazin","article_published_time":"2020-01-13T10:29:23+00:00","og_image":[{"width":654,"height":370,"url":"https:\/\/www.organisator.ch\/wp-content\/uploads\/2021\/07\/organisator_2011_1-2.png","type":"image\/png"}],"author":"thomas.berner","twitter_card":"summary_large_image","twitter_title":"Fehler bei der #Nachbesetzung von Stellen vermeiden","twitter_description":"Dr. Uwe #B\u00f6ning, gesch\u00e4ftsf\u00fchrender Gesellschafter von #B\u00f6ning-Consult GmbH, macht Vorschl\u00e4ge, um Fehler bei der #Nachbesetzung zu vermeiden.","twitter_image":"https:\/\/www.organisator.ch\/wp-content\/uploads\/2021\/07\/organisator_2011_1-2.png","schema":{"@context":"https:\/\/schema.org","@graph":[{"@type":"Article","@id":"https:\/\/www.organisator.ch\/management\/2020-01-13\/fehler-bei-der-nachbesetzung-von-stellen-vermeiden\/#article","isPartOf":{"@id":"https:\/\/www.organisator.ch\/management\/2020-01-13\/fehler-bei-der-nachbesetzung-von-stellen-vermeiden\/"},"author":{"name":"thomas.berner","@id":"https:\/\/www.organisator.ch\/#\/schema\/person\/6f650f90b2842cd4c0cc334b4e36f67e"},"headline":"Fehler bei der Nachbesetzung von Stellen vermeiden","datePublished":"2020-01-13T10:29:23+00:00","mainEntityOfPage":{"@id":"https:\/\/www.organisator.ch\/management\/2020-01-13\/fehler-bei-der-nachbesetzung-von-stellen-vermeiden\/"},"wordCount":689,"publisher":{"@id":"https:\/\/www.organisator.ch\/#organization"},"image":{"@id":"https:\/\/www.organisator.ch\/management\/2020-01-13\/fehler-bei-der-nachbesetzung-von-stellen-vermeiden\/#primaryimage"},"thumbnailUrl":"https:\/\/www.organisator.ch\/wp-content\/uploads\/2020\/01\/Fehler-bei-der-Nachbesetzung-von-Stellen-vermeiden_Organisator.jpg","keywords":["HRM","Leadership","Management und Unternehmensf\u00fchrung","Recruiting"],"articleSection":["MANAGEMENT"],"inLanguage":"de"},{"@type":"WebPage","@id":"https:\/\/www.organisator.ch\/management\/2020-01-13\/fehler-bei-der-nachbesetzung-von-stellen-vermeiden\/","url":"https:\/\/www.organisator.ch\/management\/2020-01-13\/fehler-bei-der-nachbesetzung-von-stellen-vermeiden\/","name":"Fehler bei der Nachbesetzung von Stellen vermeiden - Organisator","isPartOf":{"@id":"https:\/\/www.organisator.ch\/#website"},"primaryImageOfPage":{"@id":"https:\/\/www.organisator.ch\/management\/2020-01-13\/fehler-bei-der-nachbesetzung-von-stellen-vermeiden\/#primaryimage"},"image":{"@id":"https:\/\/www.organisator.ch\/management\/2020-01-13\/fehler-bei-der-nachbesetzung-von-stellen-vermeiden\/#primaryimage"},"thumbnailUrl":"https:\/\/www.organisator.ch\/wp-content\/uploads\/2020\/01\/Fehler-bei-der-Nachbesetzung-von-Stellen-vermeiden_Organisator.jpg","datePublished":"2020-01-13T10:29:23+00:00","description":"Dr. Uwe B\u00f6ning, gesch\u00e4ftsf\u00fchrender Gesellschafter von B\u00f6ning-Consult GmbH, macht Vorschl\u00e4ge, um Fehler bei der Nachbesetzung zu vermeiden.","breadcrumb":{"@id":"https:\/\/www.organisator.ch\/management\/2020-01-13\/fehler-bei-der-nachbesetzung-von-stellen-vermeiden\/#breadcrumb"},"inLanguage":"de","potentialAction":[{"@type":"ReadAction","target":["https:\/\/www.organisator.ch\/management\/2020-01-13\/fehler-bei-der-nachbesetzung-von-stellen-vermeiden\/"]}]},{"@type":"ImageObject","inLanguage":"de","@id":"https:\/\/www.organisator.ch\/management\/2020-01-13\/fehler-bei-der-nachbesetzung-von-stellen-vermeiden\/#primaryimage","url":"https:\/\/www.organisator.ch\/wp-content\/uploads\/2020\/01\/Fehler-bei-der-Nachbesetzung-von-Stellen-vermeiden_Organisator.jpg","contentUrl":"https:\/\/www.organisator.ch\/wp-content\/uploads\/2020\/01\/Fehler-bei-der-Nachbesetzung-von-Stellen-vermeiden_Organisator.jpg","width":680,"height":453,"caption":"Uwe B\u00f6ning r\u00e4t, die Nachbesetzung einer Stelle als Chance zur Neugestaltung zu nutzen. (Bild: B\u00d6NING-CONSULT\u00ae)"},{"@type":"BreadcrumbList","@id":"https:\/\/www.organisator.ch\/management\/2020-01-13\/fehler-bei-der-nachbesetzung-von-stellen-vermeiden\/#breadcrumb","itemListElement":[{"@type":"ListItem","position":1,"name":"Home","item":"https:\/\/www.organisator.ch\/"},{"@type":"ListItem","position":2,"name":"Fehler bei der Nachbesetzung von Stellen vermeiden"}]},{"@type":"WebSite","@id":"https:\/\/www.organisator.ch\/#website","url":"https:\/\/www.organisator.ch\/","name":"Organisator","description":"Kompetent. Praxisnah. Der ORGANISATOR bereitet in 10 Ausgaben pro Jahr die wesentlichen Themen f\u00fcr F\u00fchrungskr\u00e4fte von KMU auf.","publisher":{"@id":"https:\/\/www.organisator.ch\/#organization"},"potentialAction":[{"@type":"SearchAction","target":{"@type":"EntryPoint","urlTemplate":"https:\/\/www.organisator.ch\/?s={search_term_string}"},"query-input":{"@type":"PropertyValueSpecification","valueRequired":true,"valueName":"search_term_string"}}],"inLanguage":"de"},{"@type":"Organization","@id":"https:\/\/www.organisator.ch\/#organization","name":"Organisator","url":"https:\/\/www.organisator.ch\/","logo":{"@type":"ImageObject","inLanguage":"de","@id":"https:\/\/www.organisator.ch\/#\/schema\/logo\/image\/","url":"https:\/\/www.organisator.ch\/wp-content\/uploads\/2022\/01\/Logo_Organisator_Website.png","contentUrl":"https:\/\/www.organisator.ch\/wp-content\/uploads\/2022\/01\/Logo_Organisator_Website.png","width":800,"height":77,"caption":"Organisator"},"image":{"@id":"https:\/\/www.organisator.ch\/#\/schema\/logo\/image\/"},"sameAs":["https:\/\/www.facebook.com\/OrganisatorFachmagazin","https:\/\/www.linkedin.com\/showcase\/organisator-das-magazin-fr-kmu","https:\/\/www.xing.com\/news\/pages\/organisator-ch-695","https:\/\/www.youtube.com\/channel\/UCGP2Sq0iWaZwT3BdIAQFYpw"]},{"@type":"Person","@id":"https:\/\/www.organisator.ch\/#\/schema\/person\/6f650f90b2842cd4c0cc334b4e36f67e","name":"thomas.berner","image":{"@type":"ImageObject","inLanguage":"de","@id":"https:\/\/secure.gravatar.com\/avatar\/ac5001d2a36cb6c6cd3e50789007ffca834b477b74a2144564522e944eabff61?s=96&d=mm&r=g","url":"https:\/\/secure.gravatar.com\/avatar\/ac5001d2a36cb6c6cd3e50789007ffca834b477b74a2144564522e944eabff61?s=96&d=mm&r=g","contentUrl":"https:\/\/secure.gravatar.com\/avatar\/ac5001d2a36cb6c6cd3e50789007ffca834b477b74a2144564522e944eabff61?s=96&d=mm&r=g","caption":"thomas.berner"},"url":"https:\/\/www.organisator.ch\/de\/author\/thomas-berner\/"}]}},"_links":{"self":[{"href":"https:\/\/www.organisator.ch\/de\/wp-json\/wp\/v2\/posts\/8632","targetHints":{"allow":["GET"]}}],"collection":[{"href":"https:\/\/www.organisator.ch\/de\/wp-json\/wp\/v2\/posts"}],"about":[{"href":"https:\/\/www.organisator.ch\/de\/wp-json\/wp\/v2\/types\/post"}],"author":[{"embeddable":true,"href":"https:\/\/www.organisator.ch\/de\/wp-json\/wp\/v2\/users\/4"}],"replies":[{"embeddable":true,"href":"https:\/\/www.organisator.ch\/de\/wp-json\/wp\/v2\/comments?post=8632"}],"version-history":[{"count":0,"href":"https:\/\/www.organisator.ch\/de\/wp-json\/wp\/v2\/posts\/8632\/revisions"}],"wp:featuredmedia":[{"embeddable":true,"href":"https:\/\/www.organisator.ch\/de\/wp-json\/wp\/v2\/media\/8556"}],"wp:attachment":[{"href":"https:\/\/www.organisator.ch\/de\/wp-json\/wp\/v2\/media?parent=8632"}],"wp:term":[{"taxonomy":"category","embeddable":true,"href":"https:\/\/www.organisator.ch\/de\/wp-json\/wp\/v2\/categories?post=8632"},{"taxonomy":"post_tag","embeddable":true,"href":"https:\/\/www.organisator.ch\/de\/wp-json\/wp\/v2\/tags?post=8632"}],"curies":[{"name":"wp","href":"https:\/\/api.w.org\/{rel}","templated":true}]}}